{"id":925,"date":"2021-12-22T16:00:00","date_gmt":"2021-12-22T19:00:00","guid":{"rendered":"https:\/\/www.fazendaboqueiraorn.com.br\/?p=925"},"modified":"2022-08-01T14:33:55","modified_gmt":"2022-08-01T17:33:55","slug":"ernst-gotsch-vai-reflorestar-um-deserto-na-arabia-saudita","status":"publish","type":"post","link":"https:\/\/www.fazendaboqueiraorn.com.br\/en\/ernst-gotsch-vai-reflorestar-um-deserto-na-arabia-saudita\/","title":{"rendered":"Ernst G\u00f6tsch vai reflorestar um deserto na Ar\u00e1bia Saudita"},"content":{"rendered":"<p>Ao desenvolver t\u00e9cnicas que reconciliam a produ\u00e7\u00e3o agr\u00edcola com a regenera\u00e7\u00e3o da paisagem no Sul da Bahia, Ernst G\u00f6tsch, cientista su\u00ed\u00e7o se consagra como \u201ccriador das \u00e1guas\u201d. Chamado de mago da floresta ou criador das \u00e1guas, ele vem disseminando a agricultura sintr\u00f3pica \u2013uma esp\u00e9cie de agricultura agroflorestal \u2013 como uma forma de resgatar \u00e1reas degradadas.<\/p>\n\n\n\n<p>J\u00e1 fez isso com maestria na sua fazenda em Pira\u00ed do Norte, zona cacaueira do sul da Bahia, em 350 hectares de terra. Agora ele est\u00e1 pronto para encarar o grande sonho: reflorestar o deserto.<\/p>\n\n\n\n<figure class=\"wp-block-image size-full\"><img data-recalc-dims=\"1\" decoding=\"async\" loading=\"lazy\" src=\"https:\/\/i0.wp.com\/www.fazendaboqueiraorn.com.br\/wp-content\/uploads\/2021\/12\/ernest-gotsch.jpg\" alt=\"\" class=\"wp-image-927\"\/><figcaption>Ernst G\u00f6tsch<\/figcaption><\/figure>\n\n\n\n<p>H\u00e1 quem diga que um dos grandes segredos para n\u00e3o envelhecer (ao menos de esp\u00edrito e mente) \u00e9 ter um prop\u00f3sito. Isso pode ser uma boa receita de realiza\u00e7\u00e3o e felicidade. Cientista avesso \u00e0 academia e com uma personalidade obstinada, Ernst G\u00f6tsch tornou-se figura conhecida entre agr\u00f4nomos, profissionais da terra e principalmente para quem acredita em uma cultura sustent\u00e1vel.  <\/p>\n\n\n\n<p>Sim, \u00e9 isso mesmo que est\u00e1 escrito, por mais estranho que pare\u00e7a. G\u00f6tsch ganhou uma concorr\u00eancia e deve ir para a Ar\u00e1bia Saudita. Ele est\u00e1 entre os 15 cientistas escolhidos para a miss\u00e3o. Os detalhes da negocia\u00e7\u00e3o ainda est\u00e3o sob sigilo, porque o contrato ainda n\u00e3o foi assinado. Mas j\u00e1 se sabe que os participantes devem pegar o avi\u00e3o em janeiro pr\u00f3ximo. \u201cImagine o tamanho do desafio. \u00c9 um dos lugares com menor precipita\u00e7\u00e3o de \u00e1gua do mundo\u201d, conta o cientista su\u00ed\u00e7o com a anima\u00e7\u00e3o de um garoto de 12 anos que est\u00e1 prestes a partir para a Disneyl\u00e2ndia.<\/p>\n\n\n\n<p>Quando G\u00f6esch resolveu mudar para o Brasil, em 1984, o primeiro passo foi usar o dinheiro que trazia para comprar uma fazenda \u2013 que se chamava Fugidos da Terra Seca \u2013 e reflorest\u00e1-la, seguindo teorias muito pr\u00f3prias. Vale explicar aqui que ele nunca frequentou uma faculdade. \u201cFui expulso tr\u00eas vezes porque n\u00e3o concordavam com a minha filosofia\u201d, revela. Mas n\u00e3o o confunda com um agricultor simples, apesar de at\u00e9 ser na apar\u00eancia, pois se trata de homem que estudou muito e testou tudo que viu no campo da agronomia.<\/p>\n\n\n\n<p>\u201cEle tem uma robustez te\u00f3rica muito grande. \u00c9 um cientista no stricto senso da palavra. Desenvolve milh\u00f5es de hip\u00f3teses e testa cada uma delas. N\u00e3o consigo imaginar nada mais cient\u00edfico do que isso\u201d, diz Felipe Passini, jornalista que acompanha o trabalho de G\u00f6esch desde 2006. Propriet\u00e1rio de uma fazenda em Casimiro de Abreu, no Rio de Janeiro, o jornalista sempre manteve um p\u00e9 na comunica\u00e7\u00e3o e outro na terra. Na \u00e9poca, Passini ouviu falar do trabalho de G\u00f6esch e quis conhec\u00ea-lo de perto. \u201cNunca tinha visto nada parecido\u201d, diz ele. O jornalista ficou cinco dias na propriedade e s\u00f3 comeu coisas da fazenda. \u201cSaladas, ra\u00edzes e biomassa que pareciam a melhor coisa que j\u00e1 havia comido. Passei a ter certeza de que realmente a terra d\u00e1 tudo e quem estava me ensinando isso era um su\u00ed\u00e7o\u201d, diz.<\/p>\n\n\n\n<p>Quando Eernst comprou as terras Fugidos da Terra Seca tinha 480 hectares no total, sendo 130 ainda de mata pouco explorada. \u201cO \u00faltimo propriet\u00e1rio era madeireiro, devastou a maior parte da propriedade (350 hectares)\u201d, explica G\u00f6esch. Ele limpou os 17 c\u00f3rregos, que nascem na fazenda, sendo que 14 estavam assoreados. Tirou o lixo do solo e afofou a terra a cada 30 cm. Depois contratou 70 pessoas para fazer os ber\u00e7os para o plantio com o enxad\u00e3o. \u201cEu seguia atr\u00e1s dos trabalhadores jogando as sementes de diversos tipos de plantas.\u201d O su\u00ed\u00e7o explica que quando voc\u00ea planta da maneira certa, n\u00e3o \u00e9 preciso fazer mais nada. \u201cEu joguei as sementes. Os p\u00e1ssaros e demais organismos fizeram o resto.\u201d Depois de dois anos, as terras dele estavam reflorestadas e todos os rios cheios de \u00e1gua e, at\u00e9 por isso, a umidade da regi\u00e3o aumentou.<\/p>\n\n\n\n<p>Enquanto o mundo discute t\u00e9cnicas mais sustent\u00e1veis de agricultura, G\u00f6esch ensina a milhares de pessoas que todos os ser vivos, mesmo os micro-organismos, s\u00e3o importantes na terra. \u00c9 a sincronia entre eles que permite o cultivo sem pragas e sem pesticidas e fungicidas. G\u00f6esch j\u00e1 deu aula no Embrapa, consultoria na Natura, em Singapura, Costa Rica e em v\u00e1rias fazendas de cacau\u2013 uma delas inclusive do Movimento Sem Terra, que conseguiu recuperar a \u00e1rea invadida degradada com as t\u00e9cnicas de G\u00f6esch. <\/p>\n\n\n\n<p>Durante dois anos, ele participou do Centro de Forma\u00e7\u00e3o de Agricultura Sintr\u00f3pica do Rio de Janeiro, com sede na fazenda de Passini, que virou um disc\u00edpulo dele. Atualmente Passini est\u00e1 Puglia, na It\u00e1lia. Foi chamado para l\u00e1 porque as oliveiras do local est\u00e3o secando e o propriet\u00e1rio quer resolver o problema com a agricultura sintr\u00f3pica. \u201cNingu\u00e9m acredita, mas G\u00f6esch planta tudo junto e a t\u00e9cnica d\u00e1 certo\u201d. Segundo G\u00f6esch \u00e9 mais uma quest\u00e3o de filosofia de vida. \u201cQuando existe abund\u00e2ncia, a paz reina na natureza e todos colaboram\u201d, afirma.<\/p>","protected":false},"excerpt":{"rendered":"<p>Ao desenvolver t\u00e9cnicas que reconciliam a produ\u00e7\u00e3o agr\u00edcola com a regenera\u00e7\u00e3o da paisagem no Sul da Bahia, Ernst G\u00f6tsch, cientista su\u00ed\u00e7o se consagra como \u201ccriador das \u00e1guas\u201d. Chamado de mago da floresta ou criador das \u00e1guas, ele vem disseminando a agricultura sintr\u00f3pica \u2013uma esp\u00e9cie de agricultura agroflorestal \u2013 como uma forma de resgatar \u00e1reas degradadas.<\/p>","protected":false},"author":2,"featured_media":927,"comment_status":"open","ping_status":"open","sticky":false,"template":"","format":"standard","meta":{"nf_dc_page":"","_uag_custom_page_level_css":"","site-sidebar-layout":"default","site-content-layout":"","ast-site-content-layout":"default","site-content-style":"default","site-sidebar-style":"default","ast-global-header-display":"","ast-banner-title-visibility":"","ast-main-header-display":"","ast-hfb-above-header-display":"","ast-hfb-below-header-display":"","ast-hfb-mobile-header-display":"","site-post-title":"","ast-breadcrumbs-content":"","ast-featured-img":"","footer-sml-layout":"","ast-disable-related-posts":"","theme-transparent-header-meta":"","adv-header-id-meta":"","stick-header-meta":"","header-above-stick-meta":"","header-main-stick-meta":"","header-below-stick-meta":"","astra-migrate-meta-layouts":"default","ast-page-background-enabled":"default","ast-page-background-meta":{"desktop":{"background-color":"var(--ast-global-color-4)","background-image":"","background-repeat":"repeat","background-position":"center center","background-size":"auto","background-attachment":"scroll","background-type":"","background-media":"","overlay-type":"","overlay-color":"","overlay-opacity":"","overlay-gradient":""},"tablet":{"background-color":"","background-image":"","background-repeat":"repeat","background-position":"center center","background-size":"auto","background-attachment":"scroll","background-type":"","background-media":"","overlay-type":"","overlay-color":"","overlay-opacity":"","overlay-gradient":""},"mobile":{"background-color":"","background-image":"","background-repeat":"repeat","background-position":"center center","background-size":"auto","background-attachment":"scroll","background-type":"","background-media":"","overlay-type":"","overlay-color":"","overlay-opacity":"","overlay-gradient":""}},"ast-content-background-meta":{"desktop":{"background-color":"var(--ast-global-color-5)","background-image":"","background-repeat":"repeat","background-position":"center center","background-size":"auto","background-attachment":"scroll","background-type":"","background-media":"","overlay-type":"","overlay-color":"","overlay-opacity":"","overlay-gradient":""},"tablet":{"background-color":"var(--ast-global-color-5)","background-image":"","background-repeat":"repeat","background-position":"center center","background-size":"auto","background-attachment":"scroll","background-type":"","background-media":"","overlay-type":"","overlay-color":"","overlay-opacity":"","overlay-gradient":""},"mobile":{"background-color":"var(--ast-global-color-5)","background-image":"","background-repeat":"repeat","background-position":"center center","background-size":"auto","background-attachment":"scroll","background-type":"","background-media":"","overlay-type":"","overlay-color":"","overlay-opacity":"","overlay-gradient":""}},"jetpack_post_was_ever_published":false,"_jetpack_newsletter_access":"","_jetpack_dont_email_post_to_subs":false,"_jetpack_newsletter_tier_id":0,"_jetpack_memberships_contains_paywalled_content":false,"_jetpack_memberships_contains_paid_content":false,"footnotes":"","jetpack_publicize_message":"","jetpack_publicize_feature_enabled":true,"jetpack_social_post_already_shared":true,"jetpack_social_options":{"image_generator_settings":{"template":"highway","default_image_id":0,"font":"","enabled":false},"version":2}},"categories":[1],"tags":[6,232,230,234,377,202,482,58,231,211,233,212],"class_list":["post-925","post","type-post","status-publish","format-standard","has-post-thumbnail","hentry","category-noticia","tag-agricultura","tag-agricultura-sintropica","tag-arabia-saudita","tag-bahia","tag-combate-a-seca","tag-culto","tag-desertificacao","tag-embrapa","tag-ernst-gotsch","tag-mel","tag-pirai-do-norte","tag-racao"],"yoast_head":"<!-- This site is optimized with the Yoast SEO plugin v27.5 - https:\/\/yoast.com\/product\/yoast-seo-wordpress\/ -->\n<title>Ernst G\u00f6tsch vai reflorestar um deserto na Ar\u00e1bia Saudita - Fazenda Boqueir\u00e3o<\/title>\n<meta name=\"description\" content=\"Ao desenvolver t\u00e9cnicas que reconciliam a produ\u00e7\u00e3o agr\u00edcola com a regenera\u00e7\u00e3o da paisagem no Sul da Bahia, Ernst G\u00f6tsch, cientista su\u00ed\u00e7o se consagra como \u201ccriador das \u00e1guas\u201d. Chamado de mago da floresta ou criador das \u00e1guas, ele vem disseminando a agricultura sintr\u00f3pica \u2013uma esp\u00e9cie de agricultura agroflorestal \u2013 como uma forma de resgatar \u00e1reas degradadas.\" \/>\n<meta name=\"robots\" content=\"index, follow, max-snippet:-1, max-image-preview:large, max-video-preview:-1\" \/>\n<link rel=\"canonical\" href=\"https:\/\/www.fazendaboqueiraorn.com.br\/en\/ernst-gotsch-vai-reflorestar-um-deserto-na-arabia-saudita\/\" \/>\n<meta property=\"og:locale\" content=\"en_US\" \/>\n<meta property=\"og:type\" content=\"article\" \/>\n<meta property=\"og:title\" content=\"Ernst G\u00f6tsch vai reflorestar um deserto na Ar\u00e1bia Saudita - Fazenda Boqueir\u00e3o\" \/>\n<meta property=\"og:description\" content=\"Ao desenvolver t\u00e9cnicas que reconciliam a produ\u00e7\u00e3o agr\u00edcola com a regenera\u00e7\u00e3o da paisagem no Sul da Bahia, Ernst G\u00f6tsch, cientista su\u00ed\u00e7o se consagra como \u201ccriador das \u00e1guas\u201d. Chamado de mago da floresta ou criador das \u00e1guas, ele vem disseminando a agricultura sintr\u00f3pica \u2013uma esp\u00e9cie de agricultura agroflorestal \u2013 como uma forma de resgatar \u00e1reas degradadas.\" \/>\n<meta property=\"og:url\" content=\"https:\/\/www.fazendaboqueiraorn.com.br\/en\/ernst-gotsch-vai-reflorestar-um-deserto-na-arabia-saudita\/\" \/>\n<meta property=\"og:site_name\" content=\"Fazenda Boqueir\u00e3o\" \/>\n<meta property=\"article:publisher\" content=\"https:\/\/www.facebook.com\/fazboqueirao\" \/>\n<meta property=\"article:published_time\" content=\"2021-12-22T19:00:00+00:00\" \/>\n<meta property=\"article:modified_time\" content=\"2022-08-01T17:33:55+00:00\" \/>\n<meta property=\"og:image\" content=\"https:\/\/www.fazendaboqueiraorn.com.br\/wp-content\/uploads\/2021\/12\/ernest-gotsch.jpg\" \/>\n\t<meta property=\"og:image:width\" content=\"1024\" \/>\n\t<meta property=\"og:image:height\" content=\"576\" \/>\n\t<meta property=\"og:image:type\" content=\"image\/jpeg\" \/>\n<meta name=\"author\" content=\"Fazenda Boqueir\u00e3o\" \/>\n<meta name=\"twitter:card\" content=\"summary_large_image\" \/>\n<meta name=\"twitter:creator\" content=\"@FazBoqueirao\" \/>\n<meta name=\"twitter:site\" content=\"@FazBoqueirao\" \/>\n<meta name=\"twitter:label1\" content=\"Written by\" \/>\n\t<meta name=\"twitter:data1\" content=\"Fazenda Boqueir\u00e3o\" \/>\n\t<meta name=\"twitter:label2\" content=\"Est. reading time\" \/>\n\t<meta name=\"twitter:data2\" content=\"5 minutes\" \/>\n<script type=\"application\/ld+json\" class=\"yoast-schema-graph\">{\"@context\":\"https:\\\/\\\/schema.org\",\"@graph\":[{\"@type\":\"Article\",\"@id\":\"https:\\\/\\\/www.fazendaboqueiraorn.com.br\\\/ernst-gotsch-vai-reflorestar-um-deserto-na-arabia-saudita\\\/#article\",\"isPartOf\":{\"@id\":\"https:\\\/\\\/www.fazendaboqueiraorn.com.br\\\/ernst-gotsch-vai-reflorestar-um-deserto-na-arabia-saudita\\\/\"},\"author\":{\"name\":\"Fazenda Boqueir\u00e3o\",\"@id\":\"https:\\\/\\\/www.fazendaboqueiraorn.com.br\\\/#\\\/schema\\\/person\\\/70484dc96f76e66c6365a9f4a2ebfb02\"},\"headline\":\"Ernst G\u00f6tsch vai reflorestar um deserto na Ar\u00e1bia Saudita\",\"datePublished\":\"2021-12-22T19:00:00+00:00\",\"dateModified\":\"2022-08-01T17:33:55+00:00\",\"mainEntityOfPage\":{\"@id\":\"https:\\\/\\\/www.fazendaboqueiraorn.com.br\\\/ernst-gotsch-vai-reflorestar-um-deserto-na-arabia-saudita\\\/\"},\"wordCount\":857,\"commentCount\":0,\"publisher\":{\"@id\":\"https:\\\/\\\/www.fazendaboqueiraorn.com.br\\\/#organization\"},\"image\":{\"@id\":\"https:\\\/\\\/www.fazendaboqueiraorn.com.br\\\/ernst-gotsch-vai-reflorestar-um-deserto-na-arabia-saudita\\\/#primaryimage\"},\"thumbnailUrl\":\"https:\\\/\\\/i0.wp.com\\\/www.fazendaboqueiraorn.com.br\\\/wp-content\\\/uploads\\\/2021\\\/12\\\/ernest-gotsch-scaled.jpg?fit=1000%2C563&ssl=1\",\"keywords\":[\"Agricultura\",\"agricultura sintr\u00f3pica\",\"Ar\u00e1bia Saudita\",\"Bahia\",\"combate \u00e0 seca\",\"culto\",\"desertifica\u00e7\u00e3o\",\"Embrapa\",\"Ernst G\u00f6tsch\",\"mel\",\"Pira\u00ed do Norte\",\"ra\u00e7\u00e3o\"],\"articleSection\":[\"Not\u00edcias\"],\"inLanguage\":\"en-US\",\"potentialAction\":[{\"@type\":\"CommentAction\",\"name\":\"Comment\",\"target\":[\"https:\\\/\\\/www.fazendaboqueiraorn.com.br\\\/ernst-gotsch-vai-reflorestar-um-deserto-na-arabia-saudita\\\/#respond\"]}]},{\"@type\":\"WebPage\",\"@id\":\"https:\\\/\\\/www.fazendaboqueiraorn.com.br\\\/ernst-gotsch-vai-reflorestar-um-deserto-na-arabia-saudita\\\/\",\"url\":\"https:\\\/\\\/www.fazendaboqueiraorn.com.br\\\/ernst-gotsch-vai-reflorestar-um-deserto-na-arabia-saudita\\\/\",\"name\":\"Ernst G\u00f6tsch vai reflorestar um deserto na Ar\u00e1bia Saudita - Fazenda Boqueir\u00e3o\",\"isPartOf\":{\"@id\":\"https:\\\/\\\/www.fazendaboqueiraorn.com.br\\\/#website\"},\"primaryImageOfPage\":{\"@id\":\"https:\\\/\\\/www.fazendaboqueiraorn.com.br\\\/ernst-gotsch-vai-reflorestar-um-deserto-na-arabia-saudita\\\/#primaryimage\"},\"image\":{\"@id\":\"https:\\\/\\\/www.fazendaboqueiraorn.com.br\\\/ernst-gotsch-vai-reflorestar-um-deserto-na-arabia-saudita\\\/#primaryimage\"},\"thumbnailUrl\":\"https:\\\/\\\/i0.wp.com\\\/www.fazendaboqueiraorn.com.br\\\/wp-content\\\/uploads\\\/2021\\\/12\\\/ernest-gotsch-scaled.jpg?fit=1000%2C563&ssl=1\",\"datePublished\":\"2021-12-22T19:00:00+00:00\",\"dateModified\":\"2022-08-01T17:33:55+00:00\",\"description\":\"Ao desenvolver t\u00e9cnicas que reconciliam a produ\u00e7\u00e3o agr\u00edcola com a regenera\u00e7\u00e3o da paisagem no Sul da Bahia, Ernst G\u00f6tsch, cientista su\u00ed\u00e7o se consagra como \u201ccriador das \u00e1guas\u201d. Chamado de mago da floresta ou criador das \u00e1guas, ele vem disseminando a agricultura sintr\u00f3pica \u2013uma esp\u00e9cie de agricultura agroflorestal \u2013 como uma forma de resgatar \u00e1reas degradadas.\",\"breadcrumb\":{\"@id\":\"https:\\\/\\\/www.fazendaboqueiraorn.com.br\\\/ernst-gotsch-vai-reflorestar-um-deserto-na-arabia-saudita\\\/#breadcrumb\"},\"inLanguage\":\"en-US\",\"potentialAction\":[{\"@type\":\"ReadAction\",\"target\":[\"https:\\\/\\\/www.fazendaboqueiraorn.com.br\\\/ernst-gotsch-vai-reflorestar-um-deserto-na-arabia-saudita\\\/\"]}]},{\"@type\":\"ImageObject\",\"inLanguage\":\"en-US\",\"@id\":\"https:\\\/\\\/www.fazendaboqueiraorn.com.br\\\/ernst-gotsch-vai-reflorestar-um-deserto-na-arabia-saudita\\\/#primaryimage\",\"url\":\"https:\\\/\\\/i0.wp.com\\\/www.fazendaboqueiraorn.com.br\\\/wp-content\\\/uploads\\\/2021\\\/12\\\/ernest-gotsch-scaled.jpg?fit=1000%2C563&ssl=1\",\"contentUrl\":\"https:\\\/\\\/i0.wp.com\\\/www.fazendaboqueiraorn.com.br\\\/wp-content\\\/uploads\\\/2021\\\/12\\\/ernest-gotsch-scaled.jpg?fit=1000%2C563&ssl=1\",\"width\":1000,\"height\":563,\"caption\":\"Ernst G\u00f6tsch em sua fazenda\"},{\"@type\":\"BreadcrumbList\",\"@id\":\"https:\\\/\\\/www.fazendaboqueiraorn.com.br\\\/ernst-gotsch-vai-reflorestar-um-deserto-na-arabia-saudita\\\/#breadcrumb\",\"itemListElement\":[{\"@type\":\"ListItem\",\"position\":1,\"name\":\"Home\",\"item\":\"https:\\\/\\\/www.fazendaboqueiraorn.com.br\\\/\"},{\"@type\":\"ListItem\",\"position\":2,\"name\":\"Ernst G\u00f6tsch vai reflorestar um deserto na Ar\u00e1bia Saudita\"}]},{\"@type\":\"WebSite\",\"@id\":\"https:\\\/\\\/www.fazendaboqueiraorn.com.br\\\/#website\",\"url\":\"https:\\\/\\\/www.fazendaboqueiraorn.com.br\\\/\",\"name\":\"Fazenda Boqueir\u00e3o\",\"description\":\"\",\"publisher\":{\"@id\":\"https:\\\/\\\/www.fazendaboqueiraorn.com.br\\\/#organization\"},\"potentialAction\":[{\"@type\":\"SearchAction\",\"target\":{\"@type\":\"EntryPoint\",\"urlTemplate\":\"https:\\\/\\\/www.fazendaboqueiraorn.com.br\\\/?s={search_term_string}\"},\"query-input\":{\"@type\":\"PropertyValueSpecification\",\"valueRequired\":true,\"valueName\":\"search_term_string\"}}],\"inLanguage\":\"en-US\"},{\"@type\":\"Organization\",\"@id\":\"https:\\\/\\\/www.fazendaboqueiraorn.com.br\\\/#organization\",\"name\":\"Fazenda Boqueir\u00e3o\",\"url\":\"https:\\\/\\\/www.fazendaboqueiraorn.com.br\\\/\",\"logo\":{\"@type\":\"ImageObject\",\"inLanguage\":\"en-US\",\"@id\":\"https:\\\/\\\/www.fazendaboqueiraorn.com.br\\\/#\\\/schema\\\/logo\\\/image\\\/\",\"url\":\"https:\\\/\\\/i0.wp.com\\\/www.fazendaboqueiraorn.com.br\\\/wp-content\\\/uploads\\\/2021\\\/08\\\/logo-fazenda-120x120-1.png?fit=120%2C120&ssl=1\",\"contentUrl\":\"https:\\\/\\\/i0.wp.com\\\/www.fazendaboqueiraorn.com.br\\\/wp-content\\\/uploads\\\/2021\\\/08\\\/logo-fazenda-120x120-1.png?fit=120%2C120&ssl=1\",\"width\":120,\"height\":120,\"caption\":\"Fazenda Boqueir\u00e3o\"},\"image\":{\"@id\":\"https:\\\/\\\/www.fazendaboqueiraorn.com.br\\\/#\\\/schema\\\/logo\\\/image\\\/\"},\"sameAs\":[\"https:\\\/\\\/www.facebook.com\\\/fazboqueirao\",\"https:\\\/\\\/x.com\\\/FazBoqueirao\",\"http:\\\/\\\/instagram.com\\\/fazboqueirao\\\/\",\"https:\\\/\\\/www.linkedin.com\\\/company\\\/fazboqueirao\\\/\",\"https:\\\/\\\/www.youtube.com\\\/channel\\\/UCUA4_8v8HkmMeNUh8c6Ky1Q\"]},{\"@type\":\"Person\",\"@id\":\"https:\\\/\\\/www.fazendaboqueiraorn.com.br\\\/#\\\/schema\\\/person\\\/70484dc96f76e66c6365a9f4a2ebfb02\",\"name\":\"Fazenda Boqueir\u00e3o\",\"image\":{\"@type\":\"ImageObject\",\"inLanguage\":\"en-US\",\"@id\":\"https:\\\/\\\/secure.gravatar.com\\\/avatar\\\/19f19467ae305ded5d913deae2fb6c6f29fe88a0a7f3a4dca5679407289a9efd?s=96&d=mm&r=g\",\"url\":\"https:\\\/\\\/secure.gravatar.com\\\/avatar\\\/19f19467ae305ded5d913deae2fb6c6f29fe88a0a7f3a4dca5679407289a9efd?s=96&d=mm&r=g\",\"contentUrl\":\"https:\\\/\\\/secure.gravatar.com\\\/avatar\\\/19f19467ae305ded5d913deae2fb6c6f29fe88a0a7f3a4dca5679407289a9efd?s=96&d=mm&r=g\",\"caption\":\"Fazenda Boqueir\u00e3o\"},\"url\":\"https:\\\/\\\/www.fazendaboqueiraorn.com.br\\\/en\\\/author\\\/fazenda\\\/\"}]}<\/script>\n<!-- \/ Yoast SEO plugin. -->","yoast_head_json":{"title":"Ernst G\u00f6tsch vai reflorestar um deserto na Ar\u00e1bia Saudita - Fazenda Boqueir\u00e3o","description":"Ao desenvolver t\u00e9cnicas que reconciliam a produ\u00e7\u00e3o agr\u00edcola com a regenera\u00e7\u00e3o da paisagem no Sul da Bahia, Ernst G\u00f6tsch, cientista su\u00ed\u00e7o se consagra como \u201ccriador das \u00e1guas\u201d. Chamado de mago da floresta ou criador das \u00e1guas, ele vem disseminando a agricultura sintr\u00f3pica \u2013uma esp\u00e9cie de agricultura agroflorestal \u2013 como uma forma de resgatar \u00e1reas degradadas.","robots":{"index":"index","follow":"follow","max-snippet":"max-snippet:-1","max-image-preview":"max-image-preview:large","max-video-preview":"max-video-preview:-1"},"canonical":"https:\/\/www.fazendaboqueiraorn.com.br\/en\/ernst-gotsch-vai-reflorestar-um-deserto-na-arabia-saudita\/","og_locale":"en_US","og_type":"article","og_title":"Ernst G\u00f6tsch vai reflorestar um deserto na Ar\u00e1bia Saudita - Fazenda Boqueir\u00e3o","og_description":"Ao desenvolver t\u00e9cnicas que reconciliam a produ\u00e7\u00e3o agr\u00edcola com a regenera\u00e7\u00e3o da paisagem no Sul da Bahia, Ernst G\u00f6tsch, cientista su\u00ed\u00e7o se consagra como \u201ccriador das \u00e1guas\u201d. Chamado de mago da floresta ou criador das \u00e1guas, ele vem disseminando a agricultura sintr\u00f3pica \u2013uma esp\u00e9cie de agricultura agroflorestal \u2013 como uma forma de resgatar \u00e1reas degradadas.","og_url":"https:\/\/www.fazendaboqueiraorn.com.br\/en\/ernst-gotsch-vai-reflorestar-um-deserto-na-arabia-saudita\/","og_site_name":"Fazenda Boqueir\u00e3o","article_publisher":"https:\/\/www.facebook.com\/fazboqueirao","article_published_time":"2021-12-22T19:00:00+00:00","article_modified_time":"2022-08-01T17:33:55+00:00","og_image":[{"width":1024,"height":576,"url":"https:\/\/www.fazendaboqueiraorn.com.br\/wp-content\/uploads\/2021\/12\/ernest-gotsch.jpg","type":"image\/jpeg"}],"author":"Fazenda Boqueir\u00e3o","twitter_card":"summary_large_image","twitter_creator":"@FazBoqueirao","twitter_site":"@FazBoqueirao","twitter_misc":{"Written by":"Fazenda Boqueir\u00e3o","Est. reading time":"5 minutes"},"schema":{"@context":"https:\/\/schema.org","@graph":[{"@type":"Article","@id":"https:\/\/www.fazendaboqueiraorn.com.br\/ernst-gotsch-vai-reflorestar-um-deserto-na-arabia-saudita\/#article","isPartOf":{"@id":"https:\/\/www.fazendaboqueiraorn.com.br\/ernst-gotsch-vai-reflorestar-um-deserto-na-arabia-saudita\/"},"author":{"name":"Fazenda Boqueir\u00e3o","@id":"https:\/\/www.fazendaboqueiraorn.com.br\/#\/schema\/person\/70484dc96f76e66c6365a9f4a2ebfb02"},"headline":"Ernst G\u00f6tsch vai reflorestar um deserto na Ar\u00e1bia Saudita","datePublished":"2021-12-22T19:00:00+00:00","dateModified":"2022-08-01T17:33:55+00:00","mainEntityOfPage":{"@id":"https:\/\/www.fazendaboqueiraorn.com.br\/ernst-gotsch-vai-reflorestar-um-deserto-na-arabia-saudita\/"},"wordCount":857,"commentCount":0,"publisher":{"@id":"https:\/\/www.fazendaboqueiraorn.com.br\/#organization"},"image":{"@id":"https:\/\/www.fazendaboqueiraorn.com.br\/ernst-gotsch-vai-reflorestar-um-deserto-na-arabia-saudita\/#primaryimage"},"thumbnailUrl":"https:\/\/i0.wp.com\/www.fazendaboqueiraorn.com.br\/wp-content\/uploads\/2021\/12\/ernest-gotsch-scaled.jpg?fit=1000%2C563&ssl=1","keywords":["Agricultura","agricultura sintr\u00f3pica","Ar\u00e1bia Saudita","Bahia","combate \u00e0 seca","culto","desertifica\u00e7\u00e3o","Embrapa","Ernst G\u00f6tsch","mel","Pira\u00ed do Norte","ra\u00e7\u00e3o"],"articleSection":["Not\u00edcias"],"inLanguage":"en-US","potentialAction":[{"@type":"CommentAction","name":"Comment","target":["https:\/\/www.fazendaboqueiraorn.com.br\/ernst-gotsch-vai-reflorestar-um-deserto-na-arabia-saudita\/#respond"]}]},{"@type":"WebPage","@id":"https:\/\/www.fazendaboqueiraorn.com.br\/ernst-gotsch-vai-reflorestar-um-deserto-na-arabia-saudita\/","url":"https:\/\/www.fazendaboqueiraorn.com.br\/ernst-gotsch-vai-reflorestar-um-deserto-na-arabia-saudita\/","name":"Ernst G\u00f6tsch vai reflorestar um deserto na Ar\u00e1bia Saudita - Fazenda Boqueir\u00e3o","isPartOf":{"@id":"https:\/\/www.fazendaboqueiraorn.com.br\/#website"},"primaryImageOfPage":{"@id":"https:\/\/www.fazendaboqueiraorn.com.br\/ernst-gotsch-vai-reflorestar-um-deserto-na-arabia-saudita\/#primaryimage"},"image":{"@id":"https:\/\/www.fazendaboqueiraorn.com.br\/ernst-gotsch-vai-reflorestar-um-deserto-na-arabia-saudita\/#primaryimage"},"thumbnailUrl":"https:\/\/i0.wp.com\/www.fazendaboqueiraorn.com.br\/wp-content\/uploads\/2021\/12\/ernest-gotsch-scaled.jpg?fit=1000%2C563&ssl=1","datePublished":"2021-12-22T19:00:00+00:00","dateModified":"2022-08-01T17:33:55+00:00","description":"Ao desenvolver t\u00e9cnicas que reconciliam a produ\u00e7\u00e3o agr\u00edcola com a regenera\u00e7\u00e3o da paisagem no Sul da Bahia, Ernst G\u00f6tsch, cientista su\u00ed\u00e7o se consagra como \u201ccriador das \u00e1guas\u201d. Chamado de mago da floresta ou criador das \u00e1guas, ele vem disseminando a agricultura sintr\u00f3pica \u2013uma esp\u00e9cie de agricultura agroflorestal \u2013 como uma forma de resgatar \u00e1reas degradadas.","breadcrumb":{"@id":"https:\/\/www.fazendaboqueiraorn.com.br\/ernst-gotsch-vai-reflorestar-um-deserto-na-arabia-saudita\/#breadcrumb"},"inLanguage":"en-US","potentialAction":[{"@type":"ReadAction","target":["https:\/\/www.fazendaboqueiraorn.com.br\/ernst-gotsch-vai-reflorestar-um-deserto-na-arabia-saudita\/"]}]},{"@type":"ImageObject","inLanguage":"en-US","@id":"https:\/\/www.fazendaboqueiraorn.com.br\/ernst-gotsch-vai-reflorestar-um-deserto-na-arabia-saudita\/#primaryimage","url":"https:\/\/i0.wp.com\/www.fazendaboqueiraorn.com.br\/wp-content\/uploads\/2021\/12\/ernest-gotsch-scaled.jpg?fit=1000%2C563&ssl=1","contentUrl":"https:\/\/i0.wp.com\/www.fazendaboqueiraorn.com.br\/wp-content\/uploads\/2021\/12\/ernest-gotsch-scaled.jpg?fit=1000%2C563&ssl=1","width":1000,"height":563,"caption":"Ernst G\u00f6tsch em sua fazenda"},{"@type":"BreadcrumbList","@id":"https:\/\/www.fazendaboqueiraorn.com.br\/ernst-gotsch-vai-reflorestar-um-deserto-na-arabia-saudita\/#breadcrumb","itemListElement":[{"@type":"ListItem","position":1,"name":"Home","item":"https:\/\/www.fazendaboqueiraorn.com.br\/"},{"@type":"ListItem","position":2,"name":"Ernst G\u00f6tsch vai reflorestar um deserto na Ar\u00e1bia Saudita"}]},{"@type":"WebSite","@id":"https:\/\/www.fazendaboqueiraorn.com.br\/#website","url":"https:\/\/www.fazendaboqueiraorn.com.br\/","name":"Fazenda Boqueir\u00e3o","description":"","publisher":{"@id":"https:\/\/www.fazendaboqueiraorn.com.br\/#organization"},"potentialAction":[{"@type":"SearchAction","target":{"@type":"EntryPoint","urlTemplate":"https:\/\/www.fazendaboqueiraorn.com.br\/?s={search_term_string}"},"query-input":{"@type":"PropertyValueSpecification","valueRequired":true,"valueName":"search_term_string"}}],"inLanguage":"en-US"},{"@type":"Organization","@id":"https:\/\/www.fazendaboqueiraorn.com.br\/#organization","name":"Fazenda Boqueir\u00e3o","url":"https:\/\/www.fazendaboqueiraorn.com.br\/","logo":{"@type":"ImageObject","inLanguage":"en-US","@id":"https:\/\/www.fazendaboqueiraorn.com.br\/#\/schema\/logo\/image\/","url":"https:\/\/i0.wp.com\/www.fazendaboqueiraorn.com.br\/wp-content\/uploads\/2021\/08\/logo-fazenda-120x120-1.png?fit=120%2C120&ssl=1","contentUrl":"https:\/\/i0.wp.com\/www.fazendaboqueiraorn.com.br\/wp-content\/uploads\/2021\/08\/logo-fazenda-120x120-1.png?fit=120%2C120&ssl=1","width":120,"height":120,"caption":"Fazenda Boqueir\u00e3o"},"image":{"@id":"https:\/\/www.fazendaboqueiraorn.com.br\/#\/schema\/logo\/image\/"},"sameAs":["https:\/\/www.facebook.com\/fazboqueirao","https:\/\/x.com\/FazBoqueirao","http:\/\/instagram.com\/fazboqueirao\/","https:\/\/www.linkedin.com\/company\/fazboqueirao\/","https:\/\/www.youtube.com\/channel\/UCUA4_8v8HkmMeNUh8c6Ky1Q"]},{"@type":"Person","@id":"https:\/\/www.fazendaboqueiraorn.com.br\/#\/schema\/person\/70484dc96f76e66c6365a9f4a2ebfb02","name":"Fazenda Boqueir\u00e3o","image":{"@type":"ImageObject","inLanguage":"en-US","@id":"https:\/\/secure.gravatar.com\/avatar\/19f19467ae305ded5d913deae2fb6c6f29fe88a0a7f3a4dca5679407289a9efd?s=96&d=mm&r=g","url":"https:\/\/secure.gravatar.com\/avatar\/19f19467ae305ded5d913deae2fb6c6f29fe88a0a7f3a4dca5679407289a9efd?s=96&d=mm&r=g","contentUrl":"https:\/\/secure.gravatar.com\/avatar\/19f19467ae305ded5d913deae2fb6c6f29fe88a0a7f3a4dca5679407289a9efd?s=96&d=mm&r=g","caption":"Fazenda Boqueir\u00e3o"},"url":"https:\/\/www.fazendaboqueiraorn.com.br\/en\/author\/fazenda\/"}]}},"jetpack_publicize_connections":[],"uagb_featured_image_src":{"full":["https:\/\/i0.wp.com\/www.fazendaboqueiraorn.com.br\/wp-content\/uploads\/2021\/12\/ernest-gotsch-scaled.jpg?fit=1000%2C563&ssl=1",1000,563,false],"thumbnail":["https:\/\/i0.wp.com\/www.fazendaboqueiraorn.com.br\/wp-content\/uploads\/2021\/12\/ernest-gotsch-scaled.jpg?resize=150%2C150&ssl=1",150,150,true],"medium":["https:\/\/i0.wp.com\/www.fazendaboqueiraorn.com.br\/wp-content\/uploads\/2021\/12\/ernest-gotsch-scaled.jpg?fit=300%2C169&ssl=1",300,169,true],"medium_large":["https:\/\/i0.wp.com\/www.fazendaboqueiraorn.com.br\/wp-content\/uploads\/2021\/12\/ernest-gotsch-scaled.jpg?fit=768%2C432&ssl=1",768,432,true],"large":["https:\/\/i0.wp.com\/www.fazendaboqueiraorn.com.br\/wp-content\/uploads\/2021\/12\/ernest-gotsch-scaled.jpg?fit=1000%2C563&ssl=1",1000,563,true],"1536x1536":["https:\/\/i0.wp.com\/www.fazendaboqueiraorn.com.br\/wp-content\/uploads\/2021\/12\/ernest-gotsch-scaled.jpg?fit=1000%2C563&ssl=1",1000,563,true],"2048x2048":["https:\/\/i0.wp.com\/www.fazendaboqueiraorn.com.br\/wp-content\/uploads\/2021\/12\/ernest-gotsch-scaled.jpg?fit=1000%2C563&ssl=1",1000,563,true],"trp-custom-language-flag":["https:\/\/i0.wp.com\/www.fazendaboqueiraorn.com.br\/wp-content\/uploads\/2021\/12\/ernest-gotsch-scaled.jpg?fit=18%2C10&ssl=1",18,10,true],"ultp_layout_landscape_large":["https:\/\/i0.wp.com\/www.fazendaboqueiraorn.com.br\/wp-content\/uploads\/2021\/12\/ernest-gotsch-scaled.jpg?resize=1000%2C563&ssl=1",1000,563,true],"ultp_layout_landscape":["https:\/\/i0.wp.com\/www.fazendaboqueiraorn.com.br\/wp-content\/uploads\/2021\/12\/ernest-gotsch-scaled.jpg?resize=870%2C563&ssl=1",870,563,true],"ultp_layout_portrait":["https:\/\/i0.wp.com\/www.fazendaboqueiraorn.com.br\/wp-content\/uploads\/2021\/12\/ernest-gotsch-scaled.jpg?resize=600%2C563&ssl=1",600,563,true],"ultp_layout_square":["https:\/\/i0.wp.com\/www.fazendaboqueiraorn.com.br\/wp-content\/uploads\/2021\/12\/ernest-gotsch-scaled.jpg?resize=600%2C563&ssl=1",600,563,true],"woocommerce_thumbnail":["https:\/\/www.fazendaboqueiraorn.com.br\/wp-content\/uploads\/2021\/12\/ernest-gotsch-300x300.jpg",300,300,true],"woocommerce_single":["https:\/\/www.fazendaboqueiraorn.com.br\/wp-content\/uploads\/2021\/12\/ernest-gotsch-scaled.jpg",600,338,false],"woocommerce_gallery_thumbnail":["https:\/\/www.fazendaboqueiraorn.com.br\/wp-content\/uploads\/2021\/12\/ernest-gotsch-100x100.jpg",100,100,true],"web-stories-poster-portrait":["https:\/\/www.fazendaboqueiraorn.com.br\/wp-content\/uploads\/2021\/12\/ernest-gotsch-scaled.jpg",640,360,false],"web-stories-publisher-logo":["https:\/\/www.fazendaboqueiraorn.com.br\/wp-content\/uploads\/2021\/12\/ernest-gotsch-scaled.jpg",96,54,false],"web-stories-thumbnail":["https:\/\/www.fazendaboqueiraorn.com.br\/wp-content\/uploads\/2021\/12\/ernest-gotsch-scaled.jpg",150,84,false]},"uagb_author_info":{"display_name":"Fazenda Boqueir\u00e3o","author_link":"https:\/\/www.fazendaboqueiraorn.com.br\/en\/author\/fazenda\/"},"uagb_comment_info":0,"uagb_excerpt":"Ao desenvolver t\u00e9cnicas que reconciliam a produ\u00e7\u00e3o agr\u00edcola com a regenera\u00e7\u00e3o da paisagem no Sul da Bahia, Ernst G\u00f6tsch, cientista su\u00ed\u00e7o se consagra como \u201ccriador das \u00e1guas\u201d. Chamado de mago da floresta ou criador das \u00e1guas, ele vem disseminando a agricultura sintr\u00f3pica \u2013uma esp\u00e9cie de agricultura agroflorestal \u2013 como uma forma de resgatar \u00e1reas degradadas.","jetpack_featured_media_url":"https:\/\/i0.wp.com\/www.fazendaboqueiraorn.com.br\/wp-content\/uploads\/2021\/12\/ernest-gotsch-scaled.jpg?fit=1000%2C563&ssl=1","jetpack_sharing_enabled":true,"jetpack_likes_enabled":true,"_links":{"self":[{"href":"https:\/\/www.fazendaboqueiraorn.com.br\/en\/wp-json\/wp\/v2\/posts\/925","targetHints":{"allow":["GET"]}}],"collection":[{"href":"https:\/\/www.fazendaboqueiraorn.com.br\/en\/wp-json\/wp\/v2\/posts"}],"about":[{"href":"https:\/\/www.fazendaboqueiraorn.com.br\/en\/wp-json\/wp\/v2\/types\/post"}],"author":[{"embeddable":true,"href":"https:\/\/www.fazendaboqueiraorn.com.br\/en\/wp-json\/wp\/v2\/users\/2"}],"replies":[{"embeddable":true,"href":"https:\/\/www.fazendaboqueiraorn.com.br\/en\/wp-json\/wp\/v2\/comments?post=925"}],"version-history":[{"count":1,"href":"https:\/\/www.fazendaboqueiraorn.com.br\/en\/wp-json\/wp\/v2\/posts\/925\/revisions"}],"predecessor-version":[{"id":928,"href":"https:\/\/www.fazendaboqueiraorn.com.br\/en\/wp-json\/wp\/v2\/posts\/925\/revisions\/928"}],"wp:featuredmedia":[{"embeddable":true,"href":"https:\/\/www.fazendaboqueiraorn.com.br\/en\/wp-json\/wp\/v2\/media\/927"}],"wp:attachment":[{"href":"https:\/\/www.fazendaboqueiraorn.com.br\/en\/wp-json\/wp\/v2\/media?parent=925"}],"wp:term":[{"taxonomy":"category","embeddable":true,"href":"https:\/\/www.fazendaboqueiraorn.com.br\/en\/wp-json\/wp\/v2\/categories?post=925"},{"taxonomy":"post_tag","embeddable":true,"href":"https:\/\/www.fazendaboqueiraorn.com.br\/en\/wp-json\/wp\/v2\/tags?post=925"}],"curies":[{"name":"wp","href":"https:\/\/api.w.org\/{rel}","templated":true}]}}