{"id":9192,"date":"2025-11-30T06:32:00","date_gmt":"2025-11-30T09:32:00","guid":{"rendered":"https:\/\/www.fazendaboqueiraorn.com.br\/?p=9192"},"modified":"2025-11-30T06:39:01","modified_gmt":"2025-11-30T09:39:01","slug":"1o-pega-de-boi-no-mato-da-fazenda-mafra","status":"publish","type":"post","link":"https:\/\/www.fazendaboqueiraorn.com.br\/en\/1o-pega-de-boi-no-mato-da-fazenda-mafra\/","title":{"rendered":"1\u00ba Pega de Boi no Mato da Fazenda Mafra"},"content":{"rendered":"<figure class=\"wp-block-image aligncenter size-large\"><img data-recalc-dims=\"1\" decoding=\"async\" width=\"759\" height=\"1024\" loading=\"lazy\" src=\"https:\/\/i0.wp.com\/www.fazendaboqueiraorn.com.br\/wp-content\/uploads\/2025\/11\/fazenda-mafra-20251221.webp?resize=759%2C1024&#038;ssl=1\" alt=\"1\u00ba Pega de Boi no Mato da Fazenda Mafra\" class=\"wp-image-9194\" srcset=\"https:\/\/i0.wp.com\/www.fazendaboqueiraorn.com.br\/wp-content\/uploads\/2025\/11\/fazenda-mafra-20251221.webp?resize=759%2C1024&amp;ssl=1 759w, https:\/\/i0.wp.com\/www.fazendaboqueiraorn.com.br\/wp-content\/uploads\/2025\/11\/fazenda-mafra-20251221.webp?resize=222%2C300&amp;ssl=1 222w, https:\/\/i0.wp.com\/www.fazendaboqueiraorn.com.br\/wp-content\/uploads\/2025\/11\/fazenda-mafra-20251221.webp?resize=768%2C1036&amp;ssl=1 768w, https:\/\/i0.wp.com\/www.fazendaboqueiraorn.com.br\/wp-content\/uploads\/2025\/11\/fazenda-mafra-20251221.webp?resize=9%2C12&amp;ssl=1 9w, https:\/\/i0.wp.com\/www.fazendaboqueiraorn.com.br\/wp-content\/uploads\/2025\/11\/fazenda-mafra-20251221.webp?resize=600%2C810&amp;ssl=1 600w, https:\/\/i0.wp.com\/www.fazendaboqueiraorn.com.br\/wp-content\/uploads\/2025\/11\/fazenda-mafra-20251221.webp?resize=150%2C202&amp;ssl=1 150w, https:\/\/i0.wp.com\/www.fazendaboqueiraorn.com.br\/wp-content\/uploads\/2025\/11\/fazenda-mafra-20251221.webp?w=987&amp;ssl=1 987w\" sizes=\"auto, (max-width: 759px) 100vw, 759px\" \/><\/figure>\n\n\n\n<p class=\"\">A tradi\u00e7\u00e3o nordestina da pega de boi no mato vai ganhar um novo cap\u00edtulo emocionante! No pr\u00f3ximo <strong>dia 21 de dezembro de 2025<\/strong>, a <strong><a href=\"https:\/\/www.godela.com.br\/local\/6881\/fazenda-mafra\/\" target=\"_blank\" rel=\"noreferrer noopener\">Fazenda Mafra<\/a><\/strong>, localizada em <strong><a href=\"\/en\/sitio-novo\/\">S\u00edtio Novo\/RN<\/a><\/strong>, realizar\u00e1 o <strong>1\u00ba Pega de Boi no Mato<\/strong>, um evento que promete reunir adrenalina, habilidade e paix\u00e3o pela vida no campo.<\/p>\n\n\n\n<h3 class=\"wp-block-heading\">\ud83c\udf05 In\u00edcio \u00e0s 08h \u2013 Um dia inteiro de emo\u00e7\u00e3o na caatinga<\/h3>\n\n\n\n<p class=\"\">A largada est\u00e1 marcada para <strong>08h<\/strong>, e os competidores ter\u00e3o um cen\u00e1rio t\u00edpico da regi\u00e3o para mostrar sua for\u00e7a, experi\u00eancia e estrat\u00e9gia na captura do boi. Um evento feito para vaqueiros que valorizam a tradi\u00e7\u00e3o raiz do sert\u00e3o.<\/p>\n\n\n\n<h3 class=\"wp-block-heading\">\ud83d\udc0e Vagas limitadas: apenas 40 inscri\u00e7\u00f5es<\/h3>\n\n\n\n<p class=\"\">Para garantir a organiza\u00e7\u00e3o e a seguran\u00e7a, o evento contar\u00e1 <strong>somente com 40 inscri\u00e7\u00f5es<\/strong>. Portanto, quem deseja participar precisa se antecipar!<\/p>\n\n\n\n<ul class=\"wp-block-list\">\n<li class=\"\"><strong>Inscri\u00e7\u00e3o:<\/strong> R$ 100,00<\/li>\n\n\n\n<li class=\"\"><strong>Premia\u00e7\u00e3o total:<\/strong> R$ 1.300,00<\/li>\n\n\n\n<li class=\"\"><strong>Contato para inscri\u00e7\u00e3o:<\/strong> <strong>Ana Paula \u2013 Telefone\/WhatsApp: (84) 99139-0913<\/strong><\/li>\n<\/ul>\n\n\n\n<p class=\"\">As vagas ser\u00e3o preenchidas por ordem de inscri\u00e7\u00e3o, ent\u00e3o \u00e9 importante garantir seu lugar o quanto antes.<\/p>\n\n\n\n<h3 class=\"wp-block-heading\">\ud83c\udfc6 R$ 1.300,00 em premia\u00e7\u00f5es<\/h3>\n\n\n\n<p class=\"\">Os vaqueiros inscritos disputar\u00e3o <strong>R$ 1.300,00<\/strong>, divididos conforme o regulamento local. Uma \u00f3tima oportunidade para testar as habilidades, competir com grandes parceiros do esporte e ainda levar uma boa premia\u00e7\u00e3o.<\/p>\n\n\n\n<h3 class=\"wp-block-heading\">\ud83e\udd20 Um evento para toda a comunidade<\/h3>\n\n\n\n<p class=\"\">A Pega de Boi no Mato da Fazenda Mafra promete movimentar a regi\u00e3o e reunir amantes da cultura sertaneja. \u00c9 mais um momento especial para celebrar a tradi\u00e7\u00e3o, o esporte e o estilo de vida nordestino \u2014 valores que tamb\u00e9m fazem parte da hist\u00f3ria da <strong>Fazenda Boqueir\u00e3o<\/strong>, em Barcelona.<\/p>","protected":false},"excerpt":{"rendered":"<p>A tradi\u00e7\u00e3o nordestina da pega de boi no mato vai ganhar um novo cap\u00edtulo emocionante! No pr\u00f3ximo dia 21 de dezembro de 2025, a Fazenda Mafra, localizada em S\u00edtio Novo\/RN, realizar\u00e1 o 1\u00ba Pega de Boi no Mato, um evento que promete reunir adrenalina, habilidade e paix\u00e3o pela vida no campo. \ud83c\udf05 In\u00edcio \u00e0s 08h [&hellip;]<\/p>\n","protected":false},"author":2,"featured_media":9194,"comment_status":"open","ping_status":"open","sticky":false,"template":"","format":"standard","meta":{"nf_dc_page":"","_uag_custom_page_level_css":"","site-sidebar-layout":"default","site-content-layout":"","ast-site-content-layout":"default","site-content-style":"default","site-sidebar-style":"default","ast-global-header-display":"","ast-banner-title-visibility":"","ast-main-header-display":"","ast-hfb-above-header-display":"","ast-hfb-below-header-display":"","ast-hfb-mobile-header-display":"","site-post-title":"","ast-breadcrumbs-content":"","ast-featured-img":"","footer-sml-layout":"","ast-disable-related-posts":"","theme-transparent-header-meta":"","adv-header-id-meta":"","stick-header-meta":"","header-above-stick-meta":"","header-main-stick-meta":"","header-below-stick-meta":"","astra-migrate-meta-layouts":"default","ast-page-background-enabled":"default","ast-page-background-meta":{"desktop":{"background-color":"var(--ast-global-color-4)","background-image":"","background-repeat":"repeat","background-position":"center center","background-size":"auto","background-attachment":"scroll","background-type":"","background-media":"","overlay-type":"","overlay-color":"","overlay-opacity":"","overlay-gradient":""},"tablet":{"background-color":"","background-image":"","background-repeat":"repeat","background-position":"center center","background-size":"auto","background-attachment":"scroll","background-type":"","background-media":"","overlay-type":"","overlay-color":"","overlay-opacity":"","overlay-gradient":""},"mobile":{"background-color":"","background-image":"","background-repeat":"repeat","background-position":"center center","background-size":"auto","background-attachment":"scroll","background-type":"","background-media":"","overlay-type":"","overlay-color":"","overlay-opacity":"","overlay-gradient":""}},"ast-content-background-meta":{"desktop":{"background-color":"var(--ast-global-color-5)","background-image":"","background-repeat":"repeat","background-position":"center center","background-size":"auto","background-attachment":"scroll","background-type":"","background-media":"","overlay-type":"","overlay-color":"","overlay-opacity":"","overlay-gradient":""},"tablet":{"background-color":"var(--ast-global-color-5)","background-image":"","background-repeat":"repeat","background-position":"center center","background-size":"auto","background-attachment":"scroll","background-type":"","background-media":"","overlay-type":"","overlay-color":"","overlay-opacity":"","overlay-gradient":""},"mobile":{"background-color":"var(--ast-global-color-5)","background-image":"","background-repeat":"repeat","background-position":"center center","background-size":"auto","background-attachment":"scroll","background-type":"","background-media":"","overlay-type":"","overlay-color":"","overlay-opacity":"","overlay-gradient":""}},"jetpack_post_was_ever_published":false,"_jetpack_newsletter_access":"","_jetpack_dont_email_post_to_subs":false,"_jetpack_newsletter_tier_id":0,"_jetpack_memberships_contains_paywalled_content":false,"_jetpack_memberships_contains_paid_content":false,"footnotes":"","jetpack_publicize_message":"","jetpack_publicize_feature_enabled":true,"jetpack_social_post_already_shared":false,"jetpack_social_options":{"image_generator_settings":{"template":"highway","default_image_id":0,"font":"","enabled":false},"version":2}},"categories":[429],"tags":[3675,5214,10,1513],"class_list":["post-9192","post","type-post","status-publish","format-standard","has-post-thumbnail","hentry","category-eventos","tag-3675","tag-fazenda-mafra","tag-pega-de-boi","tag-sitio-novo"],"yoast_head":"<!-- This site is optimized with the Yoast SEO plugin v27.4 - https:\/\/yoast.com\/product\/yoast-seo-wordpress\/ -->\n<title>1\u00ba Pega de Boi no Mato da Fazenda Mafra - Fazenda Boqueir\u00e3o<\/title>\n<meta name=\"description\" content=\"Participe do 1\u00ba Pega de Boi no Mato da Fazenda Mafra em S\u00edtio Novo\/RN, dia 21\/12\/2025. Evento com vagas limitadas, inscri\u00e7\u00f5es a R$100.\" \/>\n<meta name=\"robots\" content=\"index, follow, max-snippet:-1, max-image-preview:large, max-video-preview:-1\" \/>\n<link rel=\"canonical\" href=\"https:\/\/www.fazendaboqueiraorn.com.br\/en\/1o-pega-de-boi-no-mato-da-fazenda-mafra\/\" \/>\n<meta property=\"og:locale\" content=\"en_US\" \/>\n<meta property=\"og:type\" content=\"article\" \/>\n<meta property=\"og:title\" content=\"1\u00ba Pega de Boi no Mato da Fazenda Mafra - Fazenda Boqueir\u00e3o\" \/>\n<meta property=\"og:description\" content=\"Participe do 1\u00ba Pega de Boi no Mato da Fazenda Mafra em S\u00edtio Novo\/RN, dia 21\/12\/2025. Evento com vagas limitadas, inscri\u00e7\u00f5es a R$100.\" \/>\n<meta property=\"og:url\" content=\"https:\/\/www.fazendaboqueiraorn.com.br\/en\/1o-pega-de-boi-no-mato-da-fazenda-mafra\/\" \/>\n<meta property=\"og:site_name\" content=\"Fazenda Boqueir\u00e3o\" \/>\n<meta property=\"article:publisher\" content=\"https:\/\/www.facebook.com\/fazboqueirao\" \/>\n<meta property=\"article:published_time\" content=\"2025-11-30T09:32:00+00:00\" \/>\n<meta property=\"article:modified_time\" content=\"2025-11-30T09:39:01+00:00\" \/>\n<meta property=\"og:image\" content=\"https:\/\/www.fazendaboqueiraorn.com.br\/wp-content\/uploads\/2025\/11\/fazenda-mafra-20251221.webp\" \/>\n\t<meta property=\"og:image:width\" content=\"987\" \/>\n\t<meta property=\"og:image:height\" content=\"1332\" \/>\n\t<meta property=\"og:image:type\" content=\"image\/webp\" \/>\n<meta name=\"author\" content=\"Fazenda Boqueir\u00e3o\" \/>\n<meta name=\"twitter:card\" content=\"summary_large_image\" \/>\n<meta name=\"twitter:creator\" content=\"@FazBoqueirao\" \/>\n<meta name=\"twitter:site\" content=\"@FazBoqueirao\" \/>\n<meta name=\"twitter:label1\" content=\"Written by\" \/>\n\t<meta name=\"twitter:data1\" content=\"Fazenda Boqueir\u00e3o\" \/>\n\t<meta name=\"twitter:label2\" content=\"Est. reading time\" \/>\n\t<meta name=\"twitter:data2\" content=\"2 minutes\" \/>\n<script type=\"application\/ld+json\" class=\"yoast-schema-graph\">{\"@context\":\"https:\\\/\\\/schema.org\",\"@graph\":[{\"@type\":\"Article\",\"@id\":\"https:\\\/\\\/www.fazendaboqueiraorn.com.br\\\/1o-pega-de-boi-no-mato-da-fazenda-mafra\\\/#article\",\"isPartOf\":{\"@id\":\"https:\\\/\\\/www.fazendaboqueiraorn.com.br\\\/1o-pega-de-boi-no-mato-da-fazenda-mafra\\\/\"},\"author\":{\"name\":\"Fazenda Boqueir\u00e3o\",\"@id\":\"https:\\\/\\\/www.fazendaboqueiraorn.com.br\\\/#\\\/schema\\\/person\\\/70484dc96f76e66c6365a9f4a2ebfb02\"},\"headline\":\"1\u00ba Pega de Boi no Mato da Fazenda Mafra\",\"datePublished\":\"2025-11-30T09:32:00+00:00\",\"dateModified\":\"2025-11-30T09:39:01+00:00\",\"mainEntityOfPage\":{\"@id\":\"https:\\\/\\\/www.fazendaboqueiraorn.com.br\\\/1o-pega-de-boi-no-mato-da-fazenda-mafra\\\/\"},\"wordCount\":277,\"commentCount\":0,\"publisher\":{\"@id\":\"https:\\\/\\\/www.fazendaboqueiraorn.com.br\\\/#organization\"},\"image\":{\"@id\":\"https:\\\/\\\/www.fazendaboqueiraorn.com.br\\\/1o-pega-de-boi-no-mato-da-fazenda-mafra\\\/#primaryimage\"},\"thumbnailUrl\":\"https:\\\/\\\/i0.wp.com\\\/www.fazendaboqueiraorn.com.br\\\/wp-content\\\/uploads\\\/2025\\\/11\\\/fazenda-mafra-20251221.webp?fit=987%2C1332&ssl=1\",\"keywords\":[\"2025\",\"Fazenda Mafra\",\"Pega de Boi\",\"S\u00edtio Novo\"],\"articleSection\":[\"Eventos\"],\"inLanguage\":\"en-US\",\"potentialAction\":[{\"@type\":\"CommentAction\",\"name\":\"Comment\",\"target\":[\"https:\\\/\\\/www.fazendaboqueiraorn.com.br\\\/1o-pega-de-boi-no-mato-da-fazenda-mafra\\\/#respond\"]}]},{\"@type\":\"WebPage\",\"@id\":\"https:\\\/\\\/www.fazendaboqueiraorn.com.br\\\/1o-pega-de-boi-no-mato-da-fazenda-mafra\\\/\",\"url\":\"https:\\\/\\\/www.fazendaboqueiraorn.com.br\\\/1o-pega-de-boi-no-mato-da-fazenda-mafra\\\/\",\"name\":\"1\u00ba Pega de Boi no Mato da Fazenda Mafra - Fazenda Boqueir\u00e3o\",\"isPartOf\":{\"@id\":\"https:\\\/\\\/www.fazendaboqueiraorn.com.br\\\/#website\"},\"primaryImageOfPage\":{\"@id\":\"https:\\\/\\\/www.fazendaboqueiraorn.com.br\\\/1o-pega-de-boi-no-mato-da-fazenda-mafra\\\/#primaryimage\"},\"image\":{\"@id\":\"https:\\\/\\\/www.fazendaboqueiraorn.com.br\\\/1o-pega-de-boi-no-mato-da-fazenda-mafra\\\/#primaryimage\"},\"thumbnailUrl\":\"https:\\\/\\\/i0.wp.com\\\/www.fazendaboqueiraorn.com.br\\\/wp-content\\\/uploads\\\/2025\\\/11\\\/fazenda-mafra-20251221.webp?fit=987%2C1332&ssl=1\",\"datePublished\":\"2025-11-30T09:32:00+00:00\",\"dateModified\":\"2025-11-30T09:39:01+00:00\",\"description\":\"Participe do 1\u00ba Pega de Boi no Mato da Fazenda Mafra em S\u00edtio Novo\\\/RN, dia 21\\\/12\\\/2025. Evento com vagas limitadas, inscri\u00e7\u00f5es a R$100.\",\"breadcrumb\":{\"@id\":\"https:\\\/\\\/www.fazendaboqueiraorn.com.br\\\/1o-pega-de-boi-no-mato-da-fazenda-mafra\\\/#breadcrumb\"},\"inLanguage\":\"en-US\",\"potentialAction\":[{\"@type\":\"ReadAction\",\"target\":[\"https:\\\/\\\/www.fazendaboqueiraorn.com.br\\\/1o-pega-de-boi-no-mato-da-fazenda-mafra\\\/\"]}]},{\"@type\":\"ImageObject\",\"inLanguage\":\"en-US\",\"@id\":\"https:\\\/\\\/www.fazendaboqueiraorn.com.br\\\/1o-pega-de-boi-no-mato-da-fazenda-mafra\\\/#primaryimage\",\"url\":\"https:\\\/\\\/i0.wp.com\\\/www.fazendaboqueiraorn.com.br\\\/wp-content\\\/uploads\\\/2025\\\/11\\\/fazenda-mafra-20251221.webp?fit=987%2C1332&ssl=1\",\"contentUrl\":\"https:\\\/\\\/i0.wp.com\\\/www.fazendaboqueiraorn.com.br\\\/wp-content\\\/uploads\\\/2025\\\/11\\\/fazenda-mafra-20251221.webp?fit=987%2C1332&ssl=1\",\"width\":987,\"height\":1332,\"caption\":\"1\u00ba Pega de Boi no Mato da Fazenda Mafra\"},{\"@type\":\"BreadcrumbList\",\"@id\":\"https:\\\/\\\/www.fazendaboqueiraorn.com.br\\\/1o-pega-de-boi-no-mato-da-fazenda-mafra\\\/#breadcrumb\",\"itemListElement\":[{\"@type\":\"ListItem\",\"position\":1,\"name\":\"Home\",\"item\":\"https:\\\/\\\/www.fazendaboqueiraorn.com.br\\\/\"},{\"@type\":\"ListItem\",\"position\":2,\"name\":\"1\u00ba Pega de Boi no Mato da Fazenda Mafra\"}]},{\"@type\":\"WebSite\",\"@id\":\"https:\\\/\\\/www.fazendaboqueiraorn.com.br\\\/#website\",\"url\":\"https:\\\/\\\/www.fazendaboqueiraorn.com.br\\\/\",\"name\":\"Fazenda Boqueir\u00e3o\",\"description\":\"\",\"publisher\":{\"@id\":\"https:\\\/\\\/www.fazendaboqueiraorn.com.br\\\/#organization\"},\"potentialAction\":[{\"@type\":\"SearchAction\",\"target\":{\"@type\":\"EntryPoint\",\"urlTemplate\":\"https:\\\/\\\/www.fazendaboqueiraorn.com.br\\\/?s={search_term_string}\"},\"query-input\":{\"@type\":\"PropertyValueSpecification\",\"valueRequired\":true,\"valueName\":\"search_term_string\"}}],\"inLanguage\":\"en-US\"},{\"@type\":\"Organization\",\"@id\":\"https:\\\/\\\/www.fazendaboqueiraorn.com.br\\\/#organization\",\"name\":\"Fazenda Boqueir\u00e3o\",\"url\":\"https:\\\/\\\/www.fazendaboqueiraorn.com.br\\\/\",\"logo\":{\"@type\":\"ImageObject\",\"inLanguage\":\"en-US\",\"@id\":\"https:\\\/\\\/www.fazendaboqueiraorn.com.br\\\/#\\\/schema\\\/logo\\\/image\\\/\",\"url\":\"https:\\\/\\\/i0.wp.com\\\/www.fazendaboqueiraorn.com.br\\\/wp-content\\\/uploads\\\/2021\\\/08\\\/logo-fazenda-120x120-1.png?fit=120%2C120&ssl=1\",\"contentUrl\":\"https:\\\/\\\/i0.wp.com\\\/www.fazendaboqueiraorn.com.br\\\/wp-content\\\/uploads\\\/2021\\\/08\\\/logo-fazenda-120x120-1.png?fit=120%2C120&ssl=1\",\"width\":120,\"height\":120,\"caption\":\"Fazenda Boqueir\u00e3o\"},\"image\":{\"@id\":\"https:\\\/\\\/www.fazendaboqueiraorn.com.br\\\/#\\\/schema\\\/logo\\\/image\\\/\"},\"sameAs\":[\"https:\\\/\\\/www.facebook.com\\\/fazboqueirao\",\"https:\\\/\\\/x.com\\\/FazBoqueirao\",\"http:\\\/\\\/instagram.com\\\/fazboqueirao\\\/\",\"https:\\\/\\\/www.linkedin.com\\\/company\\\/fazboqueirao\\\/\",\"https:\\\/\\\/www.youtube.com\\\/channel\\\/UCUA4_8v8HkmMeNUh8c6Ky1Q\"]},{\"@type\":\"Person\",\"@id\":\"https:\\\/\\\/www.fazendaboqueiraorn.com.br\\\/#\\\/schema\\\/person\\\/70484dc96f76e66c6365a9f4a2ebfb02\",\"name\":\"Fazenda Boqueir\u00e3o\",\"image\":{\"@type\":\"ImageObject\",\"inLanguage\":\"en-US\",\"@id\":\"https:\\\/\\\/secure.gravatar.com\\\/avatar\\\/19f19467ae305ded5d913deae2fb6c6f29fe88a0a7f3a4dca5679407289a9efd?s=96&d=mm&r=g\",\"url\":\"https:\\\/\\\/secure.gravatar.com\\\/avatar\\\/19f19467ae305ded5d913deae2fb6c6f29fe88a0a7f3a4dca5679407289a9efd?s=96&d=mm&r=g\",\"contentUrl\":\"https:\\\/\\\/secure.gravatar.com\\\/avatar\\\/19f19467ae305ded5d913deae2fb6c6f29fe88a0a7f3a4dca5679407289a9efd?s=96&d=mm&r=g\",\"caption\":\"Fazenda Boqueir\u00e3o\"},\"url\":\"https:\\\/\\\/www.fazendaboqueiraorn.com.br\\\/en\\\/author\\\/fazenda\\\/\"}]}<\/script>\n<!-- \/ Yoast SEO plugin. -->","yoast_head_json":{"title":"1\u00ba Pega de Boi no Mato da Fazenda Mafra - Fazenda Boqueir\u00e3o","description":"Participe do 1\u00ba Pega de Boi no Mato da Fazenda Mafra em S\u00edtio Novo\/RN, dia 21\/12\/2025. Evento com vagas limitadas, inscri\u00e7\u00f5es a R$100.","robots":{"index":"index","follow":"follow","max-snippet":"max-snippet:-1","max-image-preview":"max-image-preview:large","max-video-preview":"max-video-preview:-1"},"canonical":"https:\/\/www.fazendaboqueiraorn.com.br\/en\/1o-pega-de-boi-no-mato-da-fazenda-mafra\/","og_locale":"en_US","og_type":"article","og_title":"1\u00ba Pega de Boi no Mato da Fazenda Mafra - Fazenda Boqueir\u00e3o","og_description":"Participe do 1\u00ba Pega de Boi no Mato da Fazenda Mafra em S\u00edtio Novo\/RN, dia 21\/12\/2025. Evento com vagas limitadas, inscri\u00e7\u00f5es a R$100.","og_url":"https:\/\/www.fazendaboqueiraorn.com.br\/en\/1o-pega-de-boi-no-mato-da-fazenda-mafra\/","og_site_name":"Fazenda Boqueir\u00e3o","article_publisher":"https:\/\/www.facebook.com\/fazboqueirao","article_published_time":"2025-11-30T09:32:00+00:00","article_modified_time":"2025-11-30T09:39:01+00:00","og_image":[{"width":987,"height":1332,"url":"https:\/\/www.fazendaboqueiraorn.com.br\/wp-content\/uploads\/2025\/11\/fazenda-mafra-20251221.webp","type":"image\/webp"}],"author":"Fazenda Boqueir\u00e3o","twitter_card":"summary_large_image","twitter_creator":"@FazBoqueirao","twitter_site":"@FazBoqueirao","twitter_misc":{"Written by":"Fazenda Boqueir\u00e3o","Est. reading time":"2 minutes"},"schema":{"@context":"https:\/\/schema.org","@graph":[{"@type":"Article","@id":"https:\/\/www.fazendaboqueiraorn.com.br\/1o-pega-de-boi-no-mato-da-fazenda-mafra\/#article","isPartOf":{"@id":"https:\/\/www.fazendaboqueiraorn.com.br\/1o-pega-de-boi-no-mato-da-fazenda-mafra\/"},"author":{"name":"Fazenda Boqueir\u00e3o","@id":"https:\/\/www.fazendaboqueiraorn.com.br\/#\/schema\/person\/70484dc96f76e66c6365a9f4a2ebfb02"},"headline":"1\u00ba Pega de Boi no Mato da Fazenda Mafra","datePublished":"2025-11-30T09:32:00+00:00","dateModified":"2025-11-30T09:39:01+00:00","mainEntityOfPage":{"@id":"https:\/\/www.fazendaboqueiraorn.com.br\/1o-pega-de-boi-no-mato-da-fazenda-mafra\/"},"wordCount":277,"commentCount":0,"publisher":{"@id":"https:\/\/www.fazendaboqueiraorn.com.br\/#organization"},"image":{"@id":"https:\/\/www.fazendaboqueiraorn.com.br\/1o-pega-de-boi-no-mato-da-fazenda-mafra\/#primaryimage"},"thumbnailUrl":"https:\/\/i0.wp.com\/www.fazendaboqueiraorn.com.br\/wp-content\/uploads\/2025\/11\/fazenda-mafra-20251221.webp?fit=987%2C1332&ssl=1","keywords":["2025","Fazenda Mafra","Pega de Boi","S\u00edtio Novo"],"articleSection":["Eventos"],"inLanguage":"en-US","potentialAction":[{"@type":"CommentAction","name":"Comment","target":["https:\/\/www.fazendaboqueiraorn.com.br\/1o-pega-de-boi-no-mato-da-fazenda-mafra\/#respond"]}]},{"@type":"WebPage","@id":"https:\/\/www.fazendaboqueiraorn.com.br\/1o-pega-de-boi-no-mato-da-fazenda-mafra\/","url":"https:\/\/www.fazendaboqueiraorn.com.br\/1o-pega-de-boi-no-mato-da-fazenda-mafra\/","name":"1\u00ba Pega de Boi no Mato da Fazenda Mafra - Fazenda Boqueir\u00e3o","isPartOf":{"@id":"https:\/\/www.fazendaboqueiraorn.com.br\/#website"},"primaryImageOfPage":{"@id":"https:\/\/www.fazendaboqueiraorn.com.br\/1o-pega-de-boi-no-mato-da-fazenda-mafra\/#primaryimage"},"image":{"@id":"https:\/\/www.fazendaboqueiraorn.com.br\/1o-pega-de-boi-no-mato-da-fazenda-mafra\/#primaryimage"},"thumbnailUrl":"https:\/\/i0.wp.com\/www.fazendaboqueiraorn.com.br\/wp-content\/uploads\/2025\/11\/fazenda-mafra-20251221.webp?fit=987%2C1332&ssl=1","datePublished":"2025-11-30T09:32:00+00:00","dateModified":"2025-11-30T09:39:01+00:00","description":"Participe do 1\u00ba Pega de Boi no Mato da Fazenda Mafra em S\u00edtio Novo\/RN, dia 21\/12\/2025. Evento com vagas limitadas, inscri\u00e7\u00f5es a R$100.","breadcrumb":{"@id":"https:\/\/www.fazendaboqueiraorn.com.br\/1o-pega-de-boi-no-mato-da-fazenda-mafra\/#breadcrumb"},"inLanguage":"en-US","potentialAction":[{"@type":"ReadAction","target":["https:\/\/www.fazendaboqueiraorn.com.br\/1o-pega-de-boi-no-mato-da-fazenda-mafra\/"]}]},{"@type":"ImageObject","inLanguage":"en-US","@id":"https:\/\/www.fazendaboqueiraorn.com.br\/1o-pega-de-boi-no-mato-da-fazenda-mafra\/#primaryimage","url":"https:\/\/i0.wp.com\/www.fazendaboqueiraorn.com.br\/wp-content\/uploads\/2025\/11\/fazenda-mafra-20251221.webp?fit=987%2C1332&ssl=1","contentUrl":"https:\/\/i0.wp.com\/www.fazendaboqueiraorn.com.br\/wp-content\/uploads\/2025\/11\/fazenda-mafra-20251221.webp?fit=987%2C1332&ssl=1","width":987,"height":1332,"caption":"1\u00ba Pega de Boi no Mato da Fazenda Mafra"},{"@type":"BreadcrumbList","@id":"https:\/\/www.fazendaboqueiraorn.com.br\/1o-pega-de-boi-no-mato-da-fazenda-mafra\/#breadcrumb","itemListElement":[{"@type":"ListItem","position":1,"name":"Home","item":"https:\/\/www.fazendaboqueiraorn.com.br\/"},{"@type":"ListItem","position":2,"name":"1\u00ba Pega de Boi no Mato da Fazenda Mafra"}]},{"@type":"WebSite","@id":"https:\/\/www.fazendaboqueiraorn.com.br\/#website","url":"https:\/\/www.fazendaboqueiraorn.com.br\/","name":"Fazenda Boqueir\u00e3o","description":"","publisher":{"@id":"https:\/\/www.fazendaboqueiraorn.com.br\/#organization"},"potentialAction":[{"@type":"SearchAction","target":{"@type":"EntryPoint","urlTemplate":"https:\/\/www.fazendaboqueiraorn.com.br\/?s={search_term_string}"},"query-input":{"@type":"PropertyValueSpecification","valueRequired":true,"valueName":"search_term_string"}}],"inLanguage":"en-US"},{"@type":"Organization","@id":"https:\/\/www.fazendaboqueiraorn.com.br\/#organization","name":"Fazenda Boqueir\u00e3o","url":"https:\/\/www.fazendaboqueiraorn.com.br\/","logo":{"@type":"ImageObject","inLanguage":"en-US","@id":"https:\/\/www.fazendaboqueiraorn.com.br\/#\/schema\/logo\/image\/","url":"https:\/\/i0.wp.com\/www.fazendaboqueiraorn.com.br\/wp-content\/uploads\/2021\/08\/logo-fazenda-120x120-1.png?fit=120%2C120&ssl=1","contentUrl":"https:\/\/i0.wp.com\/www.fazendaboqueiraorn.com.br\/wp-content\/uploads\/2021\/08\/logo-fazenda-120x120-1.png?fit=120%2C120&ssl=1","width":120,"height":120,"caption":"Fazenda Boqueir\u00e3o"},"image":{"@id":"https:\/\/www.fazendaboqueiraorn.com.br\/#\/schema\/logo\/image\/"},"sameAs":["https:\/\/www.facebook.com\/fazboqueirao","https:\/\/x.com\/FazBoqueirao","http:\/\/instagram.com\/fazboqueirao\/","https:\/\/www.linkedin.com\/company\/fazboqueirao\/","https:\/\/www.youtube.com\/channel\/UCUA4_8v8HkmMeNUh8c6Ky1Q"]},{"@type":"Person","@id":"https:\/\/www.fazendaboqueiraorn.com.br\/#\/schema\/person\/70484dc96f76e66c6365a9f4a2ebfb02","name":"Fazenda Boqueir\u00e3o","image":{"@type":"ImageObject","inLanguage":"en-US","@id":"https:\/\/secure.gravatar.com\/avatar\/19f19467ae305ded5d913deae2fb6c6f29fe88a0a7f3a4dca5679407289a9efd?s=96&d=mm&r=g","url":"https:\/\/secure.gravatar.com\/avatar\/19f19467ae305ded5d913deae2fb6c6f29fe88a0a7f3a4dca5679407289a9efd?s=96&d=mm&r=g","contentUrl":"https:\/\/secure.gravatar.com\/avatar\/19f19467ae305ded5d913deae2fb6c6f29fe88a0a7f3a4dca5679407289a9efd?s=96&d=mm&r=g","caption":"Fazenda Boqueir\u00e3o"},"url":"https:\/\/www.fazendaboqueiraorn.com.br\/en\/author\/fazenda\/"}]}},"jetpack_publicize_connections":[],"uagb_featured_image_src":{"full":["https:\/\/i0.wp.com\/www.fazendaboqueiraorn.com.br\/wp-content\/uploads\/2025\/11\/fazenda-mafra-20251221.webp?fit=987%2C1332&ssl=1",987,1332,false],"thumbnail":["https:\/\/i0.wp.com\/www.fazendaboqueiraorn.com.br\/wp-content\/uploads\/2025\/11\/fazenda-mafra-20251221.webp?resize=150%2C150&ssl=1",150,150,true],"medium":["https:\/\/i0.wp.com\/www.fazendaboqueiraorn.com.br\/wp-content\/uploads\/2025\/11\/fazenda-mafra-20251221.webp?fit=222%2C300&ssl=1",222,300,true],"medium_large":["https:\/\/i0.wp.com\/www.fazendaboqueiraorn.com.br\/wp-content\/uploads\/2025\/11\/fazenda-mafra-20251221.webp?fit=768%2C1036&ssl=1",768,1036,true],"large":["https:\/\/i0.wp.com\/www.fazendaboqueiraorn.com.br\/wp-content\/uploads\/2025\/11\/fazenda-mafra-20251221.webp?fit=759%2C1024&ssl=1",759,1024,true],"1536x1536":["https:\/\/i0.wp.com\/www.fazendaboqueiraorn.com.br\/wp-content\/uploads\/2025\/11\/fazenda-mafra-20251221.webp?fit=987%2C1332&ssl=1",987,1332,true],"2048x2048":["https:\/\/i0.wp.com\/www.fazendaboqueiraorn.com.br\/wp-content\/uploads\/2025\/11\/fazenda-mafra-20251221.webp?fit=987%2C1332&ssl=1",987,1332,true],"trp-custom-language-flag":["https:\/\/i0.wp.com\/www.fazendaboqueiraorn.com.br\/wp-content\/uploads\/2025\/11\/fazenda-mafra-20251221.webp?fit=9%2C12&ssl=1",9,12,true],"ultp_layout_landscape_large":["https:\/\/i0.wp.com\/www.fazendaboqueiraorn.com.br\/wp-content\/uploads\/2025\/11\/fazenda-mafra-20251221.webp?resize=987%2C800&ssl=1",987,800,true],"ultp_layout_landscape":["https:\/\/i0.wp.com\/www.fazendaboqueiraorn.com.br\/wp-content\/uploads\/2025\/11\/fazenda-mafra-20251221.webp?resize=870%2C570&ssl=1",870,570,true],"ultp_layout_portrait":["https:\/\/i0.wp.com\/www.fazendaboqueiraorn.com.br\/wp-content\/uploads\/2025\/11\/fazenda-mafra-20251221.webp?resize=600%2C900&ssl=1",600,900,true],"ultp_layout_square":["https:\/\/i0.wp.com\/www.fazendaboqueiraorn.com.br\/wp-content\/uploads\/2025\/11\/fazenda-mafra-20251221.webp?resize=600%2C600&ssl=1",600,600,true],"woocommerce_thumbnail":["https:\/\/www.fazendaboqueiraorn.com.br\/wp-content\/uploads\/2025\/11\/fazenda-mafra-20251221-300x300.webp",300,300,true],"woocommerce_single":["https:\/\/www.fazendaboqueiraorn.com.br\/wp-content\/uploads\/2025\/11\/fazenda-mafra-20251221.webp",600,810,false],"woocommerce_gallery_thumbnail":["https:\/\/www.fazendaboqueiraorn.com.br\/wp-content\/uploads\/2025\/11\/fazenda-mafra-20251221-100x100.webp",100,100,true],"web-stories-poster-portrait":["https:\/\/www.fazendaboqueiraorn.com.br\/wp-content\/uploads\/2025\/11\/fazenda-mafra-20251221-640x853.webp",640,853,true],"web-stories-publisher-logo":["https:\/\/www.fazendaboqueiraorn.com.br\/wp-content\/uploads\/2025\/11\/fazenda-mafra-20251221-96x96.webp",96,96,true],"web-stories-thumbnail":["https:\/\/www.fazendaboqueiraorn.com.br\/wp-content\/uploads\/2025\/11\/fazenda-mafra-20251221-150x202.webp",150,202,true]},"uagb_author_info":{"display_name":"Fazenda Boqueir\u00e3o","author_link":"https:\/\/www.fazendaboqueiraorn.com.br\/en\/author\/fazenda\/"},"uagb_comment_info":1,"uagb_excerpt":"A tradi\u00e7\u00e3o nordestina da pega de boi no mato vai ganhar um novo cap\u00edtulo emocionante! No pr\u00f3ximo dia 21 de dezembro de 2025, a Fazenda Mafra, localizada em S\u00edtio Novo\/RN, realizar\u00e1 o 1\u00ba Pega de Boi no Mato, um evento que promete reunir adrenalina, habilidade e paix\u00e3o pela vida no campo. \ud83c\udf05 In\u00edcio \u00e0s 08h&hellip;","jetpack_featured_media_url":"https:\/\/i0.wp.com\/www.fazendaboqueiraorn.com.br\/wp-content\/uploads\/2025\/11\/fazenda-mafra-20251221.webp?fit=987%2C1332&ssl=1","jetpack_sharing_enabled":true,"jetpack_likes_enabled":true,"_links":{"self":[{"href":"https:\/\/www.fazendaboqueiraorn.com.br\/en\/wp-json\/wp\/v2\/posts\/9192","targetHints":{"allow":["GET"]}}],"collection":[{"href":"https:\/\/www.fazendaboqueiraorn.com.br\/en\/wp-json\/wp\/v2\/posts"}],"about":[{"href":"https:\/\/www.fazendaboqueiraorn.com.br\/en\/wp-json\/wp\/v2\/types\/post"}],"author":[{"embeddable":true,"href":"https:\/\/www.fazendaboqueiraorn.com.br\/en\/wp-json\/wp\/v2\/users\/2"}],"replies":[{"embeddable":true,"href":"https:\/\/www.fazendaboqueiraorn.com.br\/en\/wp-json\/wp\/v2\/comments?post=9192"}],"version-history":[{"count":2,"href":"https:\/\/www.fazendaboqueiraorn.com.br\/en\/wp-json\/wp\/v2\/posts\/9192\/revisions"}],"predecessor-version":[{"id":9208,"href":"https:\/\/www.fazendaboqueiraorn.com.br\/en\/wp-json\/wp\/v2\/posts\/9192\/revisions\/9208"}],"wp:featuredmedia":[{"embeddable":true,"href":"https:\/\/www.fazendaboqueiraorn.com.br\/en\/wp-json\/wp\/v2\/media\/9194"}],"wp:attachment":[{"href":"https:\/\/www.fazendaboqueiraorn.com.br\/en\/wp-json\/wp\/v2\/media?parent=9192"}],"wp:term":[{"taxonomy":"category","embeddable":true,"href":"https:\/\/www.fazendaboqueiraorn.com.br\/en\/wp-json\/wp\/v2\/categories?post=9192"},{"taxonomy":"post_tag","embeddable":true,"href":"https:\/\/www.fazendaboqueiraorn.com.br\/en\/wp-json\/wp\/v2\/tags?post=9192"}],"curies":[{"name":"wp","href":"https:\/\/api.w.org\/{rel}","templated":true}]}}