{"id":904,"date":"2021-12-17T18:00:00","date_gmt":"2021-12-17T21:00:00","guid":{"rendered":"https:\/\/www.fazendaboqueiraorn.com.br\/?p=904"},"modified":"2021-12-16T09:25:56","modified_gmt":"2021-12-16T12:25:56","slug":"governo-do-rn-lanca-novo-sistema-de-monitoramento-de-chuvas","status":"publish","type":"post","link":"https:\/\/www.fazendaboqueiraorn.com.br\/en\/governo-do-rn-lanca-novo-sistema-de-monitoramento-de-chuvas\/","title":{"rendered":"Governo do RN lan\u00e7a novo sistema de monitoramento de chuvas"},"content":{"rendered":"<div class=\"wp-block-image\"><figure class=\"aligncenter size-large\"><a href=\"\/\/meteorologia.emparn.rn.gov.br\/inicio\" target=\"_blank\" rel=\"no-follow noopener\"><img data-recalc-dims=\"1\" decoding=\"async\" width=\"1024\" height=\"681\" loading=\"lazy\" src=\"https:\/\/i0.wp.com\/www.fazendaboqueiraorn.com.br\/wp-content\/uploads\/2021\/12\/monitoramento-emparn-1024x681.jpg?resize=1024%2C681&#038;ssl=1\" alt=\"\" class=\"wp-image-906\" srcset=\"https:\/\/i0.wp.com\/www.fazendaboqueiraorn.com.br\/wp-content\/uploads\/2021\/12\/monitoramento-emparn-scaled.jpg?resize=1024%2C681&amp;ssl=1 1024w, https:\/\/i0.wp.com\/www.fazendaboqueiraorn.com.br\/wp-content\/uploads\/2021\/12\/monitoramento-emparn-scaled.jpg?resize=600%2C399&amp;ssl=1 600w, https:\/\/i0.wp.com\/www.fazendaboqueiraorn.com.br\/wp-content\/uploads\/2021\/12\/monitoramento-emparn-scaled.jpg?resize=300%2C200&amp;ssl=1 300w, https:\/\/i0.wp.com\/www.fazendaboqueiraorn.com.br\/wp-content\/uploads\/2021\/12\/monitoramento-emparn-scaled.jpg?resize=768%2C511&amp;ssl=1 768w, https:\/\/i0.wp.com\/www.fazendaboqueiraorn.com.br\/wp-content\/uploads\/2021\/12\/monitoramento-emparn-scaled.jpg?resize=18%2C12&amp;ssl=1 18w, https:\/\/i0.wp.com\/www.fazendaboqueiraorn.com.br\/wp-content\/uploads\/2021\/12\/monitoramento-emparn-scaled.jpg?w=1000&amp;ssl=1 1000w\" sizes=\"auto, (max-width: 1000px) 100vw, 1000px\" \/><\/a><\/figure><\/div>\n\n\n\n<p>Com investimentos de R$ 5,9 milh\u00f5es, a EMPARN (Empresa de Pesquisa Agropecu\u00e1ria do Rio Grande do Norte) lan\u00e7ou o novo sistema que usa tecnologia de ponta para fazer o acompanhamento das informa\u00e7\u00f5es sobre chuvas, temperatura, umidade do ar e outras vari\u00e1veis clim\u00e1ticas em tempo real. Ser\u00e1 com ele que a EMPARN  far\u00e1 o acompanhamento do inverno de 2022 de forma \u00e1gil e com maior grau de confiabilidade.<\/p>\n\n\n\n<p>Com 291 esta\u00e7\u00f5es espalhadas por todo o RN, o novo sistema de monitoramento meteorol\u00f3gico emitir\u00e1 dois tipos de boletins di\u00e1rios. De hora em hora, gerado automaticamente pelo programa, e os h\u00edbridos, cinco por dia, com informa\u00e7\u00f5es da rede autom\u00e1tica e da convencional.<\/p>\n\n\n\n<p>Na hora do lan\u00e7amento, \u00e0s 15h, o sistema registrava a ocorr\u00eancia de chuvas em 37 esta\u00e7\u00f5es, sendo a maior delas (25,4 mm) em Umarizal, na mesorregi\u00e3o Oeste. E o mapa da temperatura tinha o vermelho e o laranja escuro com predomin\u00e2ncia, o que significa temperaturas acima de 30\u00baC. Cara\u00fabas (37\u00baC), Ita\u00fa (36,7\u00b0) e Severiano Melo (36,7\u00baC) eram as cidades mais quentes naquela hora.<\/p>\n\n\n\n<figure class=\"wp-block-embed is-type-video is-provider-youtube wp-block-embed-youtube wp-embed-aspect-16-9 wp-has-aspect-ratio\"><div class=\"wp-block-embed__wrapper\">\n<iframe loading=\"lazy\" title=\"Novo sistema de monitoramento hidrometeorol\u00f3gico, clim\u00e1tico e agrometeorol\u00f3gico do RN\" width=\"500\" height=\"281\" src=\"https:\/\/www.youtube.com\/embed\/UaFiAdcW3ng?feature=oembed\" frameborder=\"0\" allow=\"accelerometer; autoplay; clipboard-write; encrypted-media; gyroscope; picture-in-picture; web-share\" referrerpolicy=\"strict-origin-when-cross-origin\" allowfullscreen><\/iframe>\n<\/div><\/figure>\n\n\n\n<p>A governadora F\u00e1tima Bezerra, que nasceu no sert\u00e3o e sabe a import\u00e2ncia que as chuvas t\u00eam para a economia e a sobreviv\u00eancia dos que vivem no Semi\u00e1rido nordestino, elogiou o trabalho da equipe da Emparn e dos parceiros que tornaram o projeto uma realidade. \u201cO monitoramento \u00e9 por demais importante porque possibilita adotar a\u00e7\u00f5es n\u00e3o apenas para a agricultura, mas para diversas outras \u00e1reas, como a defesa civil. Essa \u00e9 uma demonstra\u00e7\u00e3o clara de como usar a tecnologia para alicer\u00e7ar as pol\u00edticas p\u00fablicas no sentido de otimizar recursos.\u201d<\/p>\n\n\n\n<p>Na solenidade, F\u00e1tima anunciou a libera\u00e7\u00e3o da contrapartida do Governo do Estado do Seguro Safra, disse que no dia anterior, cumprindo agenda administrativa em Mossor\u00f3, havia feito a entrega de sementes crioulas para que os agricultores possam aproveitar o per\u00edodo prop\u00edcio ao plantio e perguntou se j\u00e1 havia progn\u00f3stico para o inverno do pr\u00f3ximo ano. \u201cEstamos nos antecipando e torcendo para que haja um bom inverno em 2022\u201d, enfatizou.<\/p>\n\n\n\n<p>O secret\u00e1rio de Gest\u00e3o de Projetos e Metas de Governo e Rela\u00e7\u00f5es Institucionais, Fernando Mineiro, lembrou que o projeto de moderniza\u00e7\u00e3o da coleta de dados meteorol\u00f3gicos foi mais um n\u00f3 desatado pelo governo da professora F\u00e1tima Bezerra. \u201cEstamos demandando um sistema de planejamento que extrapola, e muito, a \u00e1rea rural. Ele tem impacto tamb\u00e9m na vida das pessoas na \u00e1rea urbana, no abastecimento das cidades.\u201d&nbsp;<\/p>\n\n\n\n<p>Para o secret\u00e1rio da Agricultura, da Pecu\u00e1ria e da Pesca, Guilherme Saldanha, as informa\u00e7\u00f5es que j\u00e1 est\u00e3o dispon\u00edveis para consulta p\u00fablica no site da Emparn s\u00e3o importantes tamb\u00e9m para o p\u00f3s-plantio: \u201cO Governo do Estado est\u00e1 entregando um equipamento fant\u00e1stico. Com ele, o agricultor poder\u00e1 planejar as a\u00e7\u00f5es de pulveriza\u00e7\u00e3o da lavoura e diminuir os gastos da energia el\u00e9trica com a irriga\u00e7\u00e3o.\u201d<\/p>\n\n\n\n<p><strong>Planejamento<\/strong><\/p>\n\n\n\n<p>A partir das informa\u00e7\u00f5es coletadas ser\u00e1 poss\u00edvel melhorar o zoneamento agr\u00edcola, dando mais seguran\u00e7a aos agricultores, principalmente para escolher o tempo certo para o plantio e a cultura adequada ao munic\u00edpio. O acompanhamento mais eficaz possibilita auxiliar na gest\u00e3o dos recursos h\u00eddricos do Estado.&nbsp;<\/p>\n\n\n\n<p>Os 177 pluvi\u00f4metros convencionais que fazem parte da rede da Emparn e foram usados at\u00e9 o final da esta\u00e7\u00e3o chuvosa de 2021, n\u00e3o ser\u00e3o desativados. Mas agora, os observadores\/leituristas v\u00e3o alimentar o sistema por meio de aplicativo pr\u00f3prio e n\u00e3o mais por liga\u00e7\u00f5es telef\u00f4nicas, que provocavam um lapso de tempo de pelo menos cinco horas entre a coleta dos dados em campo e a divulga\u00e7\u00e3o do boletim pluviom\u00e9trico pela Emparn.<\/p>\n\n\n\n<p>Para o coordenador-geral do projeto, o meteorologista da Emparn, Gilmar Bristot, com o novo sistema, a Meteorologia do Rio Grande do Norte entra em uma nova era. \u201cSa\u00edmos do S\u00e9culo 19 para o S\u00e9culo 21\u201d, definiu ele, citando o zoneamento de risco clim\u00e1tico como \u201cimportante ferramenta de orienta\u00e7\u00e3o ao agricultor, especialmente os do semi\u00e1rido. Ele indica os locais e o per\u00edodo prop\u00edcio ao plantio, reduzindo a possibilidade de perdas e melhorando a produtividade.\u201d<\/p>\n\n\n\n<p>Com a nova ferramenta, refor\u00e7ou o diretor-presidente da Emparn, Rodrigo Oliveira Maranh\u00e3o, \u201cos agricultores correr\u00e3o menos riscos e os bancos, certamente, ter\u00e3o menos dificuldades na hora de liberar o cr\u00e9dito agr\u00edcola.\u201d Maranh\u00e3o destacou o empenho da governadora para implanta\u00e7\u00e3o do sistema. \u201cDesde o primeiro momento, a governadora vinha dizendo: quando isso vai virar realidade?\u201d<\/p>\n\n\n\n<p>As funcionalidades da ferramenta foram apresentadas pelo pesquisador da Emparn, Josemir Neves, um dos coordenadores do projeto.<\/p>\n\n\n\n<p>Participaram da solenidade, entre outros, o secret\u00e1rio da Seguran\u00e7a P\u00fablico, Coronel Francisco Ara\u00fajo, o coordenador da Defesa Civil, Coronel Carvalho; diretor presidente do IGARN, Francisco Auric\u00e9lio; coordenador do INPE no Nordeste, Marcos Aur\u00e9lio; presidente da Fapern, Gilton Carvalho; presidente da FAERN\/SENAR, Jos\u00e9 Vieira; presidente da Fetarn, Manoel C\u00e2ndido; Superintendente do Mapa, Roberto Papa e Thomaz Neto, representando a Prefeitura do Natal.<\/p>\n\n\n\n<p><strong>Sistema Meteorol\u00f3gico do RN<\/strong><\/p>\n\n\n\n<p>N\u00famero de esta\u00e7\u00f5es: 291<\/p>\n\n\n\n<p>Plataformas de Coleta de Dados: 15<\/p>\n\n\n\n<p>Pluvi\u00f4metros autom\u00e1ticos: 99<\/p>\n\n\n\n<p>Pluvi\u00f4metros manuais: 177<\/p>\n\n\n\n<p>P\u00e1gina:\u00a0<a href=\"http:\/\/meteorologia.emparn.rn.gov.br\/inicio\" target=\"_blank\" rel=\"noreferrer noopener\">http:\/\/meteorologia.emparn.rn.gov.br\/inicio<\/a><\/p>","protected":false},"excerpt":{"rendered":"<p>Uso de tecnologia de ponta vai agilizar o trabalho de divulga\u00e7\u00e3o de informa\u00e7\u00f5es clim\u00e1ticas, melhorar gest\u00e3o de recursos h\u00eddricos e auxiliar no planejamento de pol\u00edticas p\u00fablicas.<\/p>","protected":false},"author":2,"featured_media":906,"comment_status":"open","ping_status":"open","sticky":false,"template":"","format":"standard","meta":{"nf_dc_page":"","_uag_custom_page_level_css":"","site-sidebar-layout":"default","site-content-layout":"","ast-site-content-layout":"default","site-content-style":"default","site-sidebar-style":"default","ast-global-header-display":"","ast-banner-title-visibility":"","ast-main-header-display":"","ast-hfb-above-header-display":"","ast-hfb-below-header-display":"","ast-hfb-mobile-header-display":"","site-post-title":"","ast-breadcrumbs-content":"","ast-featured-img":"","footer-sml-layout":"","ast-disable-related-posts":"","theme-transparent-header-meta":"","adv-header-id-meta":"","stick-header-meta":"","header-above-stick-meta":"","header-main-stick-meta":"","header-below-stick-meta":"","astra-migrate-meta-layouts":"default","ast-page-background-enabled":"default","ast-page-background-meta":{"desktop":{"background-color":"var(--ast-global-color-4)","background-image":"","background-repeat":"repeat","background-position":"center center","background-size":"auto","background-attachment":"scroll","background-type":"","background-media":"","overlay-type":"","overlay-color":"","overlay-opacity":"","overlay-gradient":""},"tablet":{"background-color":"","background-image":"","background-repeat":"repeat","background-position":"center center","background-size":"auto","background-attachment":"scroll","background-type":"","background-media":"","overlay-type":"","overlay-color":"","overlay-opacity":"","overlay-gradient":""},"mobile":{"background-color":"","background-image":"","background-repeat":"repeat","background-position":"center center","background-size":"auto","background-attachment":"scroll","background-type":"","background-media":"","overlay-type":"","overlay-color":"","overlay-opacity":"","overlay-gradient":""}},"ast-content-background-meta":{"desktop":{"background-color":"var(--ast-global-color-5)","background-image":"","background-repeat":"repeat","background-position":"center center","background-size":"auto","background-attachment":"scroll","background-type":"","background-media":"","overlay-type":"","overlay-color":"","overlay-opacity":"","overlay-gradient":""},"tablet":{"background-color":"var(--ast-global-color-5)","background-image":"","background-repeat":"repeat","background-position":"center center","background-size":"auto","background-attachment":"scroll","background-type":"","background-media":"","overlay-type":"","overlay-color":"","overlay-opacity":"","overlay-gradient":""},"mobile":{"background-color":"var(--ast-global-color-5)","background-image":"","background-repeat":"repeat","background-position":"center center","background-size":"auto","background-attachment":"scroll","background-type":"","background-media":"","overlay-type":"","overlay-color":"","overlay-opacity":"","overlay-gradient":""}},"jetpack_post_was_ever_published":false,"_jetpack_newsletter_access":"","_jetpack_dont_email_post_to_subs":false,"_jetpack_newsletter_tier_id":0,"_jetpack_memberships_contains_paywalled_content":false,"_jetpack_memberships_contains_paid_content":false,"footnotes":"","jetpack_publicize_message":"","jetpack_publicize_feature_enabled":true,"jetpack_social_post_already_shared":true,"jetpack_social_options":{"image_generator_settings":{"template":"highway","default_image_id":0,"font":"","enabled":false},"version":2}},"categories":[1],"tags":[21,6,228,59,32,229,26,51],"class_list":["post-904","post","type-post","status-publish","format-standard","has-post-thumbnail","hentry","category-noticia","tag-21","tag-agricultura","tag-chuva","tag-emparn","tag-energia-eletrica","tag-monitoramento","tag-nordeste","tag-rio-grande-do-norte"],"yoast_head":"<!-- This site is optimized with the Yoast SEO plugin v27.5 - https:\/\/yoast.com\/product\/yoast-seo-wordpress\/ -->\n<title>Governo do RN lan\u00e7a novo sistema de monitoramento de chuvas - Fazenda Boqueir\u00e3o<\/title>\n<meta name=\"description\" content=\"Uso de tecnologia de ponta vai agilizar o trabalho de divulga\u00e7\u00e3o de informa\u00e7\u00f5es clim\u00e1ticas, melhorar gest\u00e3o de recursos h\u00eddricos e auxiliar no planejamento de pol\u00edticas p\u00fablicas.\" \/>\n<meta name=\"robots\" content=\"index, follow, max-snippet:-1, max-image-preview:large, max-video-preview:-1\" \/>\n<link rel=\"canonical\" href=\"https:\/\/www.fazendaboqueiraorn.com.br\/en\/governo-do-rn-lanca-novo-sistema-de-monitoramento-de-chuvas\/\" \/>\n<meta property=\"og:locale\" content=\"en_US\" \/>\n<meta property=\"og:type\" content=\"article\" \/>\n<meta property=\"og:title\" content=\"Governo do RN lan\u00e7a novo sistema de monitoramento de chuvas - Fazenda Boqueir\u00e3o\" \/>\n<meta property=\"og:description\" content=\"Uso de tecnologia de ponta vai agilizar o trabalho de divulga\u00e7\u00e3o de informa\u00e7\u00f5es clim\u00e1ticas, melhorar gest\u00e3o de recursos h\u00eddricos e auxiliar no planejamento de pol\u00edticas p\u00fablicas.\" \/>\n<meta property=\"og:url\" content=\"https:\/\/www.fazendaboqueiraorn.com.br\/en\/governo-do-rn-lanca-novo-sistema-de-monitoramento-de-chuvas\/\" \/>\n<meta property=\"og:site_name\" content=\"Fazenda Boqueir\u00e3o\" \/>\n<meta property=\"article:publisher\" content=\"https:\/\/www.facebook.com\/fazboqueirao\" \/>\n<meta property=\"article:published_time\" content=\"2021-12-17T21:00:00+00:00\" \/>\n<meta property=\"og:image\" content=\"https:\/\/i0.wp.com\/www.fazendaboqueiraorn.com.br\/wp-content\/uploads\/2021\/12\/monitoramento-emparn.jpg?fit=1141%2C759&ssl=1\" \/>\n\t<meta property=\"og:image:width\" content=\"1141\" \/>\n\t<meta property=\"og:image:height\" content=\"759\" \/>\n\t<meta property=\"og:image:type\" content=\"image\/jpeg\" \/>\n<meta name=\"author\" content=\"Fazenda Boqueir\u00e3o\" \/>\n<meta name=\"twitter:card\" content=\"summary_large_image\" \/>\n<meta name=\"twitter:creator\" content=\"@FazBoqueirao\" \/>\n<meta name=\"twitter:site\" content=\"@FazBoqueirao\" \/>\n<meta name=\"twitter:label1\" content=\"Written by\" \/>\n\t<meta name=\"twitter:data1\" content=\"Fazenda Boqueir\u00e3o\" \/>\n\t<meta name=\"twitter:label2\" content=\"Est. reading time\" \/>\n\t<meta name=\"twitter:data2\" content=\"5 minutes\" \/>\n<script type=\"application\/ld+json\" class=\"yoast-schema-graph\">{\"@context\":\"https:\\\/\\\/schema.org\",\"@graph\":[{\"@type\":\"Article\",\"@id\":\"https:\\\/\\\/www.fazendaboqueiraorn.com.br\\\/governo-do-rn-lanca-novo-sistema-de-monitoramento-de-chuvas\\\/#article\",\"isPartOf\":{\"@id\":\"https:\\\/\\\/www.fazendaboqueiraorn.com.br\\\/governo-do-rn-lanca-novo-sistema-de-monitoramento-de-chuvas\\\/\"},\"author\":{\"name\":\"Fazenda Boqueir\u00e3o\",\"@id\":\"https:\\\/\\\/www.fazendaboqueiraorn.com.br\\\/#\\\/schema\\\/person\\\/70484dc96f76e66c6365a9f4a2ebfb02\"},\"headline\":\"Governo do RN lan\u00e7a novo sistema de monitoramento de chuvas\",\"datePublished\":\"2021-12-17T21:00:00+00:00\",\"mainEntityOfPage\":{\"@id\":\"https:\\\/\\\/www.fazendaboqueiraorn.com.br\\\/governo-do-rn-lanca-novo-sistema-de-monitoramento-de-chuvas\\\/\"},\"wordCount\":912,\"commentCount\":0,\"publisher\":{\"@id\":\"https:\\\/\\\/www.fazendaboqueiraorn.com.br\\\/#organization\"},\"image\":{\"@id\":\"https:\\\/\\\/www.fazendaboqueiraorn.com.br\\\/governo-do-rn-lanca-novo-sistema-de-monitoramento-de-chuvas\\\/#primaryimage\"},\"thumbnailUrl\":\"https:\\\/\\\/i0.wp.com\\\/www.fazendaboqueiraorn.com.br\\\/wp-content\\\/uploads\\\/2021\\\/12\\\/monitoramento-emparn-scaled.jpg?fit=1000%2C665&ssl=1\",\"keywords\":[\"2022\",\"Agricultura\",\"chuva\",\"Emparn\",\"energia el\u00e9trica\",\"monitoramento\",\"Nordeste\",\"Rio Grande do Norte\"],\"articleSection\":[\"Not\u00edcias\"],\"inLanguage\":\"en-US\",\"potentialAction\":[{\"@type\":\"CommentAction\",\"name\":\"Comment\",\"target\":[\"https:\\\/\\\/www.fazendaboqueiraorn.com.br\\\/governo-do-rn-lanca-novo-sistema-de-monitoramento-de-chuvas\\\/#respond\"]}]},{\"@type\":\"WebPage\",\"@id\":\"https:\\\/\\\/www.fazendaboqueiraorn.com.br\\\/governo-do-rn-lanca-novo-sistema-de-monitoramento-de-chuvas\\\/\",\"url\":\"https:\\\/\\\/www.fazendaboqueiraorn.com.br\\\/governo-do-rn-lanca-novo-sistema-de-monitoramento-de-chuvas\\\/\",\"name\":\"Governo do RN lan\u00e7a novo sistema de monitoramento de chuvas - Fazenda Boqueir\u00e3o\",\"isPartOf\":{\"@id\":\"https:\\\/\\\/www.fazendaboqueiraorn.com.br\\\/#website\"},\"primaryImageOfPage\":{\"@id\":\"https:\\\/\\\/www.fazendaboqueiraorn.com.br\\\/governo-do-rn-lanca-novo-sistema-de-monitoramento-de-chuvas\\\/#primaryimage\"},\"image\":{\"@id\":\"https:\\\/\\\/www.fazendaboqueiraorn.com.br\\\/governo-do-rn-lanca-novo-sistema-de-monitoramento-de-chuvas\\\/#primaryimage\"},\"thumbnailUrl\":\"https:\\\/\\\/i0.wp.com\\\/www.fazendaboqueiraorn.com.br\\\/wp-content\\\/uploads\\\/2021\\\/12\\\/monitoramento-emparn-scaled.jpg?fit=1000%2C665&ssl=1\",\"datePublished\":\"2021-12-17T21:00:00+00:00\",\"description\":\"Uso de tecnologia de ponta vai agilizar o trabalho de divulga\u00e7\u00e3o de informa\u00e7\u00f5es clim\u00e1ticas, melhorar gest\u00e3o de recursos h\u00eddricos e auxiliar no planejamento de pol\u00edticas p\u00fablicas.\",\"breadcrumb\":{\"@id\":\"https:\\\/\\\/www.fazendaboqueiraorn.com.br\\\/governo-do-rn-lanca-novo-sistema-de-monitoramento-de-chuvas\\\/#breadcrumb\"},\"inLanguage\":\"en-US\",\"potentialAction\":[{\"@type\":\"ReadAction\",\"target\":[\"https:\\\/\\\/www.fazendaboqueiraorn.com.br\\\/governo-do-rn-lanca-novo-sistema-de-monitoramento-de-chuvas\\\/\"]}]},{\"@type\":\"ImageObject\",\"inLanguage\":\"en-US\",\"@id\":\"https:\\\/\\\/www.fazendaboqueiraorn.com.br\\\/governo-do-rn-lanca-novo-sistema-de-monitoramento-de-chuvas\\\/#primaryimage\",\"url\":\"https:\\\/\\\/i0.wp.com\\\/www.fazendaboqueiraorn.com.br\\\/wp-content\\\/uploads\\\/2021\\\/12\\\/monitoramento-emparn-scaled.jpg?fit=1000%2C665&ssl=1\",\"contentUrl\":\"https:\\\/\\\/i0.wp.com\\\/www.fazendaboqueiraorn.com.br\\\/wp-content\\\/uploads\\\/2021\\\/12\\\/monitoramento-emparn-scaled.jpg?fit=1000%2C665&ssl=1\",\"width\":1000,\"height\":665},{\"@type\":\"BreadcrumbList\",\"@id\":\"https:\\\/\\\/www.fazendaboqueiraorn.com.br\\\/governo-do-rn-lanca-novo-sistema-de-monitoramento-de-chuvas\\\/#breadcrumb\",\"itemListElement\":[{\"@type\":\"ListItem\",\"position\":1,\"name\":\"Home\",\"item\":\"https:\\\/\\\/www.fazendaboqueiraorn.com.br\\\/\"},{\"@type\":\"ListItem\",\"position\":2,\"name\":\"Governo do RN lan\u00e7a novo sistema de monitoramento de chuvas\"}]},{\"@type\":\"WebSite\",\"@id\":\"https:\\\/\\\/www.fazendaboqueiraorn.com.br\\\/#website\",\"url\":\"https:\\\/\\\/www.fazendaboqueiraorn.com.br\\\/\",\"name\":\"Fazenda Boqueir\u00e3o\",\"description\":\"\",\"publisher\":{\"@id\":\"https:\\\/\\\/www.fazendaboqueiraorn.com.br\\\/#organization\"},\"potentialAction\":[{\"@type\":\"SearchAction\",\"target\":{\"@type\":\"EntryPoint\",\"urlTemplate\":\"https:\\\/\\\/www.fazendaboqueiraorn.com.br\\\/?s={search_term_string}\"},\"query-input\":{\"@type\":\"PropertyValueSpecification\",\"valueRequired\":true,\"valueName\":\"search_term_string\"}}],\"inLanguage\":\"en-US\"},{\"@type\":\"Organization\",\"@id\":\"https:\\\/\\\/www.fazendaboqueiraorn.com.br\\\/#organization\",\"name\":\"Fazenda Boqueir\u00e3o\",\"url\":\"https:\\\/\\\/www.fazendaboqueiraorn.com.br\\\/\",\"logo\":{\"@type\":\"ImageObject\",\"inLanguage\":\"en-US\",\"@id\":\"https:\\\/\\\/www.fazendaboqueiraorn.com.br\\\/#\\\/schema\\\/logo\\\/image\\\/\",\"url\":\"https:\\\/\\\/i0.wp.com\\\/www.fazendaboqueiraorn.com.br\\\/wp-content\\\/uploads\\\/2021\\\/08\\\/logo-fazenda-120x120-1.png?fit=120%2C120&ssl=1\",\"contentUrl\":\"https:\\\/\\\/i0.wp.com\\\/www.fazendaboqueiraorn.com.br\\\/wp-content\\\/uploads\\\/2021\\\/08\\\/logo-fazenda-120x120-1.png?fit=120%2C120&ssl=1\",\"width\":120,\"height\":120,\"caption\":\"Fazenda Boqueir\u00e3o\"},\"image\":{\"@id\":\"https:\\\/\\\/www.fazendaboqueiraorn.com.br\\\/#\\\/schema\\\/logo\\\/image\\\/\"},\"sameAs\":[\"https:\\\/\\\/www.facebook.com\\\/fazboqueirao\",\"https:\\\/\\\/x.com\\\/FazBoqueirao\",\"http:\\\/\\\/instagram.com\\\/fazboqueirao\\\/\",\"https:\\\/\\\/www.linkedin.com\\\/company\\\/fazboqueirao\\\/\",\"https:\\\/\\\/www.youtube.com\\\/channel\\\/UCUA4_8v8HkmMeNUh8c6Ky1Q\"]},{\"@type\":\"Person\",\"@id\":\"https:\\\/\\\/www.fazendaboqueiraorn.com.br\\\/#\\\/schema\\\/person\\\/70484dc96f76e66c6365a9f4a2ebfb02\",\"name\":\"Fazenda Boqueir\u00e3o\",\"image\":{\"@type\":\"ImageObject\",\"inLanguage\":\"en-US\",\"@id\":\"https:\\\/\\\/secure.gravatar.com\\\/avatar\\\/19f19467ae305ded5d913deae2fb6c6f29fe88a0a7f3a4dca5679407289a9efd?s=96&d=mm&r=g\",\"url\":\"https:\\\/\\\/secure.gravatar.com\\\/avatar\\\/19f19467ae305ded5d913deae2fb6c6f29fe88a0a7f3a4dca5679407289a9efd?s=96&d=mm&r=g\",\"contentUrl\":\"https:\\\/\\\/secure.gravatar.com\\\/avatar\\\/19f19467ae305ded5d913deae2fb6c6f29fe88a0a7f3a4dca5679407289a9efd?s=96&d=mm&r=g\",\"caption\":\"Fazenda Boqueir\u00e3o\"},\"url\":\"https:\\\/\\\/www.fazendaboqueiraorn.com.br\\\/en\\\/author\\\/fazenda\\\/\"}]}<\/script>\n<!-- \/ Yoast SEO plugin. -->","yoast_head_json":{"title":"Governo do RN lan\u00e7a novo sistema de monitoramento de chuvas - Fazenda Boqueir\u00e3o","description":"Uso de tecnologia de ponta vai agilizar o trabalho de divulga\u00e7\u00e3o de informa\u00e7\u00f5es clim\u00e1ticas, melhorar gest\u00e3o de recursos h\u00eddricos e auxiliar no planejamento de pol\u00edticas p\u00fablicas.","robots":{"index":"index","follow":"follow","max-snippet":"max-snippet:-1","max-image-preview":"max-image-preview:large","max-video-preview":"max-video-preview:-1"},"canonical":"https:\/\/www.fazendaboqueiraorn.com.br\/en\/governo-do-rn-lanca-novo-sistema-de-monitoramento-de-chuvas\/","og_locale":"en_US","og_type":"article","og_title":"Governo do RN lan\u00e7a novo sistema de monitoramento de chuvas - Fazenda Boqueir\u00e3o","og_description":"Uso de tecnologia de ponta vai agilizar o trabalho de divulga\u00e7\u00e3o de informa\u00e7\u00f5es clim\u00e1ticas, melhorar gest\u00e3o de recursos h\u00eddricos e auxiliar no planejamento de pol\u00edticas p\u00fablicas.","og_url":"https:\/\/www.fazendaboqueiraorn.com.br\/en\/governo-do-rn-lanca-novo-sistema-de-monitoramento-de-chuvas\/","og_site_name":"Fazenda Boqueir\u00e3o","article_publisher":"https:\/\/www.facebook.com\/fazboqueirao","article_published_time":"2021-12-17T21:00:00+00:00","og_image":[{"width":1141,"height":759,"url":"https:\/\/i0.wp.com\/www.fazendaboqueiraorn.com.br\/wp-content\/uploads\/2021\/12\/monitoramento-emparn.jpg?fit=1141%2C759&ssl=1","type":"image\/jpeg"}],"author":"Fazenda Boqueir\u00e3o","twitter_card":"summary_large_image","twitter_creator":"@FazBoqueirao","twitter_site":"@FazBoqueirao","twitter_misc":{"Written by":"Fazenda Boqueir\u00e3o","Est. reading time":"5 minutes"},"schema":{"@context":"https:\/\/schema.org","@graph":[{"@type":"Article","@id":"https:\/\/www.fazendaboqueiraorn.com.br\/governo-do-rn-lanca-novo-sistema-de-monitoramento-de-chuvas\/#article","isPartOf":{"@id":"https:\/\/www.fazendaboqueiraorn.com.br\/governo-do-rn-lanca-novo-sistema-de-monitoramento-de-chuvas\/"},"author":{"name":"Fazenda Boqueir\u00e3o","@id":"https:\/\/www.fazendaboqueiraorn.com.br\/#\/schema\/person\/70484dc96f76e66c6365a9f4a2ebfb02"},"headline":"Governo do RN lan\u00e7a novo sistema de monitoramento de chuvas","datePublished":"2021-12-17T21:00:00+00:00","mainEntityOfPage":{"@id":"https:\/\/www.fazendaboqueiraorn.com.br\/governo-do-rn-lanca-novo-sistema-de-monitoramento-de-chuvas\/"},"wordCount":912,"commentCount":0,"publisher":{"@id":"https:\/\/www.fazendaboqueiraorn.com.br\/#organization"},"image":{"@id":"https:\/\/www.fazendaboqueiraorn.com.br\/governo-do-rn-lanca-novo-sistema-de-monitoramento-de-chuvas\/#primaryimage"},"thumbnailUrl":"https:\/\/i0.wp.com\/www.fazendaboqueiraorn.com.br\/wp-content\/uploads\/2021\/12\/monitoramento-emparn-scaled.jpg?fit=1000%2C665&ssl=1","keywords":["2022","Agricultura","chuva","Emparn","energia el\u00e9trica","monitoramento","Nordeste","Rio Grande do Norte"],"articleSection":["Not\u00edcias"],"inLanguage":"en-US","potentialAction":[{"@type":"CommentAction","name":"Comment","target":["https:\/\/www.fazendaboqueiraorn.com.br\/governo-do-rn-lanca-novo-sistema-de-monitoramento-de-chuvas\/#respond"]}]},{"@type":"WebPage","@id":"https:\/\/www.fazendaboqueiraorn.com.br\/governo-do-rn-lanca-novo-sistema-de-monitoramento-de-chuvas\/","url":"https:\/\/www.fazendaboqueiraorn.com.br\/governo-do-rn-lanca-novo-sistema-de-monitoramento-de-chuvas\/","name":"Governo do RN lan\u00e7a novo sistema de monitoramento de chuvas - Fazenda Boqueir\u00e3o","isPartOf":{"@id":"https:\/\/www.fazendaboqueiraorn.com.br\/#website"},"primaryImageOfPage":{"@id":"https:\/\/www.fazendaboqueiraorn.com.br\/governo-do-rn-lanca-novo-sistema-de-monitoramento-de-chuvas\/#primaryimage"},"image":{"@id":"https:\/\/www.fazendaboqueiraorn.com.br\/governo-do-rn-lanca-novo-sistema-de-monitoramento-de-chuvas\/#primaryimage"},"thumbnailUrl":"https:\/\/i0.wp.com\/www.fazendaboqueiraorn.com.br\/wp-content\/uploads\/2021\/12\/monitoramento-emparn-scaled.jpg?fit=1000%2C665&ssl=1","datePublished":"2021-12-17T21:00:00+00:00","description":"Uso de tecnologia de ponta vai agilizar o trabalho de divulga\u00e7\u00e3o de informa\u00e7\u00f5es clim\u00e1ticas, melhorar gest\u00e3o de recursos h\u00eddricos e auxiliar no planejamento de pol\u00edticas p\u00fablicas.","breadcrumb":{"@id":"https:\/\/www.fazendaboqueiraorn.com.br\/governo-do-rn-lanca-novo-sistema-de-monitoramento-de-chuvas\/#breadcrumb"},"inLanguage":"en-US","potentialAction":[{"@type":"ReadAction","target":["https:\/\/www.fazendaboqueiraorn.com.br\/governo-do-rn-lanca-novo-sistema-de-monitoramento-de-chuvas\/"]}]},{"@type":"ImageObject","inLanguage":"en-US","@id":"https:\/\/www.fazendaboqueiraorn.com.br\/governo-do-rn-lanca-novo-sistema-de-monitoramento-de-chuvas\/#primaryimage","url":"https:\/\/i0.wp.com\/www.fazendaboqueiraorn.com.br\/wp-content\/uploads\/2021\/12\/monitoramento-emparn-scaled.jpg?fit=1000%2C665&ssl=1","contentUrl":"https:\/\/i0.wp.com\/www.fazendaboqueiraorn.com.br\/wp-content\/uploads\/2021\/12\/monitoramento-emparn-scaled.jpg?fit=1000%2C665&ssl=1","width":1000,"height":665},{"@type":"BreadcrumbList","@id":"https:\/\/www.fazendaboqueiraorn.com.br\/governo-do-rn-lanca-novo-sistema-de-monitoramento-de-chuvas\/#breadcrumb","itemListElement":[{"@type":"ListItem","position":1,"name":"Home","item":"https:\/\/www.fazendaboqueiraorn.com.br\/"},{"@type":"ListItem","position":2,"name":"Governo do RN lan\u00e7a novo sistema de monitoramento de chuvas"}]},{"@type":"WebSite","@id":"https:\/\/www.fazendaboqueiraorn.com.br\/#website","url":"https:\/\/www.fazendaboqueiraorn.com.br\/","name":"Fazenda Boqueir\u00e3o","description":"","publisher":{"@id":"https:\/\/www.fazendaboqueiraorn.com.br\/#organization"},"potentialAction":[{"@type":"SearchAction","target":{"@type":"EntryPoint","urlTemplate":"https:\/\/www.fazendaboqueiraorn.com.br\/?s={search_term_string}"},"query-input":{"@type":"PropertyValueSpecification","valueRequired":true,"valueName":"search_term_string"}}],"inLanguage":"en-US"},{"@type":"Organization","@id":"https:\/\/www.fazendaboqueiraorn.com.br\/#organization","name":"Fazenda Boqueir\u00e3o","url":"https:\/\/www.fazendaboqueiraorn.com.br\/","logo":{"@type":"ImageObject","inLanguage":"en-US","@id":"https:\/\/www.fazendaboqueiraorn.com.br\/#\/schema\/logo\/image\/","url":"https:\/\/i0.wp.com\/www.fazendaboqueiraorn.com.br\/wp-content\/uploads\/2021\/08\/logo-fazenda-120x120-1.png?fit=120%2C120&ssl=1","contentUrl":"https:\/\/i0.wp.com\/www.fazendaboqueiraorn.com.br\/wp-content\/uploads\/2021\/08\/logo-fazenda-120x120-1.png?fit=120%2C120&ssl=1","width":120,"height":120,"caption":"Fazenda Boqueir\u00e3o"},"image":{"@id":"https:\/\/www.fazendaboqueiraorn.com.br\/#\/schema\/logo\/image\/"},"sameAs":["https:\/\/www.facebook.com\/fazboqueirao","https:\/\/x.com\/FazBoqueirao","http:\/\/instagram.com\/fazboqueirao\/","https:\/\/www.linkedin.com\/company\/fazboqueirao\/","https:\/\/www.youtube.com\/channel\/UCUA4_8v8HkmMeNUh8c6Ky1Q"]},{"@type":"Person","@id":"https:\/\/www.fazendaboqueiraorn.com.br\/#\/schema\/person\/70484dc96f76e66c6365a9f4a2ebfb02","name":"Fazenda Boqueir\u00e3o","image":{"@type":"ImageObject","inLanguage":"en-US","@id":"https:\/\/secure.gravatar.com\/avatar\/19f19467ae305ded5d913deae2fb6c6f29fe88a0a7f3a4dca5679407289a9efd?s=96&d=mm&r=g","url":"https:\/\/secure.gravatar.com\/avatar\/19f19467ae305ded5d913deae2fb6c6f29fe88a0a7f3a4dca5679407289a9efd?s=96&d=mm&r=g","contentUrl":"https:\/\/secure.gravatar.com\/avatar\/19f19467ae305ded5d913deae2fb6c6f29fe88a0a7f3a4dca5679407289a9efd?s=96&d=mm&r=g","caption":"Fazenda Boqueir\u00e3o"},"url":"https:\/\/www.fazendaboqueiraorn.com.br\/en\/author\/fazenda\/"}]}},"jetpack_publicize_connections":[],"uagb_featured_image_src":{"full":["https:\/\/i0.wp.com\/www.fazendaboqueiraorn.com.br\/wp-content\/uploads\/2021\/12\/monitoramento-emparn-scaled.jpg?fit=1000%2C665&ssl=1",1000,665,false],"thumbnail":["https:\/\/i0.wp.com\/www.fazendaboqueiraorn.com.br\/wp-content\/uploads\/2021\/12\/monitoramento-emparn-scaled.jpg?resize=150%2C150&ssl=1",150,150,true],"medium":["https:\/\/i0.wp.com\/www.fazendaboqueiraorn.com.br\/wp-content\/uploads\/2021\/12\/monitoramento-emparn-scaled.jpg?fit=300%2C200&ssl=1",300,200,true],"medium_large":["https:\/\/i0.wp.com\/www.fazendaboqueiraorn.com.br\/wp-content\/uploads\/2021\/12\/monitoramento-emparn-scaled.jpg?fit=768%2C511&ssl=1",768,511,true],"large":["https:\/\/i0.wp.com\/www.fazendaboqueiraorn.com.br\/wp-content\/uploads\/2021\/12\/monitoramento-emparn-scaled.jpg?fit=1024%2C681&ssl=1",1024,681,true],"1536x1536":["https:\/\/i0.wp.com\/www.fazendaboqueiraorn.com.br\/wp-content\/uploads\/2021\/12\/monitoramento-emparn-scaled.jpg?fit=1000%2C665&ssl=1",1000,665,true],"2048x2048":["https:\/\/i0.wp.com\/www.fazendaboqueiraorn.com.br\/wp-content\/uploads\/2021\/12\/monitoramento-emparn-scaled.jpg?fit=1000%2C665&ssl=1",1000,665,true],"trp-custom-language-flag":["https:\/\/i0.wp.com\/www.fazendaboqueiraorn.com.br\/wp-content\/uploads\/2021\/12\/monitoramento-emparn-scaled.jpg?fit=18%2C12&ssl=1",18,12,true],"ultp_layout_landscape_large":["https:\/\/i0.wp.com\/www.fazendaboqueiraorn.com.br\/wp-content\/uploads\/2021\/12\/monitoramento-emparn-scaled.jpg?resize=1000%2C665&ssl=1",1000,665,true],"ultp_layout_landscape":["https:\/\/i0.wp.com\/www.fazendaboqueiraorn.com.br\/wp-content\/uploads\/2021\/12\/monitoramento-emparn-scaled.jpg?resize=870%2C570&ssl=1",870,570,true],"ultp_layout_portrait":["https:\/\/i0.wp.com\/www.fazendaboqueiraorn.com.br\/wp-content\/uploads\/2021\/12\/monitoramento-emparn-scaled.jpg?resize=600%2C665&ssl=1",600,665,true],"ultp_layout_square":["https:\/\/i0.wp.com\/www.fazendaboqueiraorn.com.br\/wp-content\/uploads\/2021\/12\/monitoramento-emparn-scaled.jpg?resize=600%2C600&ssl=1",600,600,true],"woocommerce_thumbnail":["https:\/\/www.fazendaboqueiraorn.com.br\/wp-content\/uploads\/2021\/12\/monitoramento-emparn-300x300.jpg",300,300,true],"woocommerce_single":["https:\/\/www.fazendaboqueiraorn.com.br\/wp-content\/uploads\/2021\/12\/monitoramento-emparn-scaled.jpg",600,399,false],"woocommerce_gallery_thumbnail":["https:\/\/www.fazendaboqueiraorn.com.br\/wp-content\/uploads\/2021\/12\/monitoramento-emparn-100x100.jpg",100,100,true],"web-stories-poster-portrait":["https:\/\/www.fazendaboqueiraorn.com.br\/wp-content\/uploads\/2021\/12\/monitoramento-emparn-scaled.jpg",640,426,false],"web-stories-publisher-logo":["https:\/\/www.fazendaboqueiraorn.com.br\/wp-content\/uploads\/2021\/12\/monitoramento-emparn-scaled.jpg",96,64,false],"web-stories-thumbnail":["https:\/\/www.fazendaboqueiraorn.com.br\/wp-content\/uploads\/2021\/12\/monitoramento-emparn-scaled.jpg",150,100,false]},"uagb_author_info":{"display_name":"Fazenda Boqueir\u00e3o","author_link":"https:\/\/www.fazendaboqueiraorn.com.br\/en\/author\/fazenda\/"},"uagb_comment_info":0,"uagb_excerpt":"Uso de tecnologia de ponta vai agilizar o trabalho de divulga\u00e7\u00e3o de informa\u00e7\u00f5es clim\u00e1ticas, melhorar gest\u00e3o de recursos h\u00eddricos e auxiliar no planejamento de pol\u00edticas p\u00fablicas.","jetpack_featured_media_url":"https:\/\/i0.wp.com\/www.fazendaboqueiraorn.com.br\/wp-content\/uploads\/2021\/12\/monitoramento-emparn-scaled.jpg?fit=1000%2C665&ssl=1","jetpack_sharing_enabled":true,"jetpack_likes_enabled":true,"_links":{"self":[{"href":"https:\/\/www.fazendaboqueiraorn.com.br\/en\/wp-json\/wp\/v2\/posts\/904","targetHints":{"allow":["GET"]}}],"collection":[{"href":"https:\/\/www.fazendaboqueiraorn.com.br\/en\/wp-json\/wp\/v2\/posts"}],"about":[{"href":"https:\/\/www.fazendaboqueiraorn.com.br\/en\/wp-json\/wp\/v2\/types\/post"}],"author":[{"embeddable":true,"href":"https:\/\/www.fazendaboqueiraorn.com.br\/en\/wp-json\/wp\/v2\/users\/2"}],"replies":[{"embeddable":true,"href":"https:\/\/www.fazendaboqueiraorn.com.br\/en\/wp-json\/wp\/v2\/comments?post=904"}],"version-history":[{"count":3,"href":"https:\/\/www.fazendaboqueiraorn.com.br\/en\/wp-json\/wp\/v2\/posts\/904\/revisions"}],"predecessor-version":[{"id":911,"href":"https:\/\/www.fazendaboqueiraorn.com.br\/en\/wp-json\/wp\/v2\/posts\/904\/revisions\/911"}],"wp:featuredmedia":[{"embeddable":true,"href":"https:\/\/www.fazendaboqueiraorn.com.br\/en\/wp-json\/wp\/v2\/media\/906"}],"wp:attachment":[{"href":"https:\/\/www.fazendaboqueiraorn.com.br\/en\/wp-json\/wp\/v2\/media?parent=904"}],"wp:term":[{"taxonomy":"category","embeddable":true,"href":"https:\/\/www.fazendaboqueiraorn.com.br\/en\/wp-json\/wp\/v2\/categories?post=904"},{"taxonomy":"post_tag","embeddable":true,"href":"https:\/\/www.fazendaboqueiraorn.com.br\/en\/wp-json\/wp\/v2\/tags?post=904"}],"curies":[{"name":"wp","href":"https:\/\/api.w.org\/{rel}","templated":true}]}}