{"id":8976,"date":"2025-09-21T08:35:34","date_gmt":"2025-09-21T11:35:34","guid":{"rendered":"https:\/\/www.fazendaboqueiraorn.com.br\/?p=8976"},"modified":"2025-09-21T08:35:47","modified_gmt":"2025-09-21T11:35:47","slug":"25a-expo-taperoa-2025","status":"publish","type":"post","link":"https:\/\/www.fazendaboqueiraorn.com.br\/en\/25a-expo-taperoa-2025\/","title":{"rendered":"25\u00aa Expo Tapero\u00e1 2025"},"content":{"rendered":"<figure class=\"wp-block-image aligncenter size-large is-resized\"><img data-recalc-dims=\"1\" decoding=\"async\" width=\"821\" height=\"1024\" loading=\"lazy\" src=\"https:\/\/i0.wp.com\/www.fazendaboqueiraorn.com.br\/wp-content\/uploads\/2025\/09\/expo-taperoa-20251003.webp?resize=821%2C1024&#038;ssl=1\" alt=\"25\u00aa Expo Tapero\u00e1 2025\" class=\"wp-image-8977\" style=\"width:auto;height:600px\" srcset=\"https:\/\/i0.wp.com\/www.fazendaboqueiraorn.com.br\/wp-content\/uploads\/2025\/09\/expo-taperoa-20251003.webp?resize=821%2C1024&amp;ssl=1 821w, https:\/\/i0.wp.com\/www.fazendaboqueiraorn.com.br\/wp-content\/uploads\/2025\/09\/expo-taperoa-20251003.webp?resize=241%2C300&amp;ssl=1 241w, https:\/\/i0.wp.com\/www.fazendaboqueiraorn.com.br\/wp-content\/uploads\/2025\/09\/expo-taperoa-20251003.webp?resize=768%2C958&amp;ssl=1 768w, https:\/\/i0.wp.com\/www.fazendaboqueiraorn.com.br\/wp-content\/uploads\/2025\/09\/expo-taperoa-20251003.webp?resize=10%2C12&amp;ssl=1 10w, https:\/\/i0.wp.com\/www.fazendaboqueiraorn.com.br\/wp-content\/uploads\/2025\/09\/expo-taperoa-20251003.webp?resize=600%2C748&amp;ssl=1 600w, https:\/\/i0.wp.com\/www.fazendaboqueiraorn.com.br\/wp-content\/uploads\/2025\/09\/expo-taperoa-20251003.webp?resize=150%2C187&amp;ssl=1 150w, https:\/\/i0.wp.com\/www.fazendaboqueiraorn.com.br\/wp-content\/uploads\/2025\/09\/expo-taperoa-20251003.webp?w=1080&amp;ssl=1 1080w\" sizes=\"auto, (max-width: 821px) 100vw, 821px\" \/><\/figure>\n\n\n\n<p class=\"\">25\u00aa Expo Tapero\u00e1 2025 ocorrer\u00e1 nos dias 03 a 06 de outubro no Parque de Exposi\u00e7\u00f5es Manuelito Dantas Vilar em <a href=\"\/en\/topicos\/taperoa\/\">Tapero\u00e1\/PB<\/a>.<\/p>\n\n\n\n<h2 class=\"wp-block-heading\">Programa\u00e7\u00e3o da 25\u00aa Expo Tapero\u00e1 2025<\/h2>\n\n\n\n<h3 class=\"wp-block-heading\">02\/10 &#8211; Quinta Feira<\/h3>\n\n\n\n<ul class=\"wp-block-list\">\n<li class=\"\">12h &#8211; Entrada dos animais<\/li>\n\n\n\n<li class=\"\">12 \u00e0s 17h &#8211; Admiss\u00e3o das ra\u00e7as<\/li>\n\n\n\n<li class=\"\">18h &#8211; Secagem das cabras do torneio leiteiro<\/li>\n<\/ul>\n\n\n\n<h3 class=\"wp-block-heading\">03\/10 &#8211; Sexta Feira<\/h3>\n\n\n\n<ul class=\"wp-block-list\">\n<li class=\"\">6h &#8211; 1\u00aa Ordenha do torneio leiteiro<\/li>\n\n\n\n<li class=\"\">9h &#8211; Cerim\u00f4nia oficial de abertura<\/li>\n\n\n\n<li class=\"\">10h30 &#8211; Palestra e degusta\u00e7\u00e3o: Queijo de manteiga com Gustavo Ti\u00faba<\/li>\n\n\n\n<li class=\"\">10h30 &#8211; Viv\u00eancia com alunos e degusta\u00e7\u00e3o de Iogurte, leite e queijo de cabra<\/li>\n\n\n\n<li class=\"\">11h30 &#8211; Apresenta\u00e7\u00e3o cultural<\/li>\n\n\n\n<li class=\"\">13 \u00e0s 17h30 &#8211; julgamento das ra\u00e7as<\/li>\n\n\n\n<li class=\"\">14h30 &#8211; Paletras: Armazenamento de forragem com Prof. Dr. Thiago Aires<\/li>\n\n\n\n<li class=\"\">16h &#8211; Apresenta\u00e7\u00e3o Cultural<\/li>\n\n\n\n<li class=\"\">18h &#8211; 2\u00aa Ordenha do torneio leiteiro<\/li>\n<\/ul>\n\n\n\n<h3 class=\"wp-block-heading\">04\/10 &#8211; S\u00e1bado<\/h3>\n\n\n\n<ul class=\"wp-block-list\">\n<li class=\"\">6h &#8211; 3\u00aa Ordenha do torneio leiteiro<\/li>\n\n\n\n<li class=\"\">8 \u00e0s 12h &#8211; Julgamento das ra\u00e7as<\/li>\n\n\n\n<li class=\"\">8h &#8211; Reuni\u00e3o do Conselho Rural<\/li>\n\n\n\n<li class=\"\">10h &#8211; Palestra: Variedades de palma forrageira com Prof. Dr. Ailton Melo<\/li>\n\n\n\n<li class=\"\">11h30 &#8211; Apresenta\u00e7\u00e3o cultural<\/li>\n\n\n\n<li class=\"\">13h \u00e0s 17h30 &#8211; Julgamento das ra\u00e7as<\/li>\n\n\n\n<li class=\"\">16h &#8211; Apresenta\u00e7\u00e3o cultural<\/li>\n\n\n\n<li class=\"\">18h &#8211; 4\u00aa Ordenha do Torneio Leiteiro<\/li>\n\n\n\n<li class=\"\">20h &#8211; Premia\u00e7\u00e3o e encerramento<\/li>\n<\/ul>\n\n\n\n<h3 class=\"wp-block-heading\">05\/10 &#8211; Domingo<\/h3>\n\n\n\n<p class=\"\">Libera\u00e7\u00e3o dos animais<\/p>","protected":false},"excerpt":{"rendered":"<p>25\u00aa Expo Tapero\u00e1 2025 ocorrer\u00e1 nos dias 03 a 06 de outubro no Parque de Exposi\u00e7\u00f5es Manuelito Dantas Vilar em Tapero\u00e1\/PB.<\/p>","protected":false},"author":2,"featured_media":8977,"comment_status":"open","ping_status":"open","sticky":false,"template":"","format":"standard","meta":{"nf_dc_page":"","_uag_custom_page_level_css":"","site-sidebar-layout":"default","site-content-layout":"","ast-site-content-layout":"default","site-content-style":"default","site-sidebar-style":"default","ast-global-header-display":"","ast-banner-title-visibility":"","ast-main-header-display":"","ast-hfb-above-header-display":"","ast-hfb-below-header-display":"","ast-hfb-mobile-header-display":"","site-post-title":"","ast-breadcrumbs-content":"","ast-featured-img":"","footer-sml-layout":"","ast-disable-related-posts":"","theme-transparent-header-meta":"","adv-header-id-meta":"","stick-header-meta":"","header-above-stick-meta":"","header-main-stick-meta":"","header-below-stick-meta":"","astra-migrate-meta-layouts":"default","ast-page-background-enabled":"default","ast-page-background-meta":{"desktop":{"background-color":"var(--ast-global-color-4)","background-image":"","background-repeat":"repeat","background-position":"center center","background-size":"auto","background-attachment":"scroll","background-type":"","background-media":"","overlay-type":"","overlay-color":"","overlay-opacity":"","overlay-gradient":""},"tablet":{"background-color":"","background-image":"","background-repeat":"repeat","background-position":"center center","background-size":"auto","background-attachment":"scroll","background-type":"","background-media":"","overlay-type":"","overlay-color":"","overlay-opacity":"","overlay-gradient":""},"mobile":{"background-color":"","background-image":"","background-repeat":"repeat","background-position":"center center","background-size":"auto","background-attachment":"scroll","background-type":"","background-media":"","overlay-type":"","overlay-color":"","overlay-opacity":"","overlay-gradient":""}},"ast-content-background-meta":{"desktop":{"background-color":"var(--ast-global-color-5)","background-image":"","background-repeat":"repeat","background-position":"center center","background-size":"auto","background-attachment":"scroll","background-type":"","background-media":"","overlay-type":"","overlay-color":"","overlay-opacity":"","overlay-gradient":""},"tablet":{"background-color":"var(--ast-global-color-5)","background-image":"","background-repeat":"repeat","background-position":"center center","background-size":"auto","background-attachment":"scroll","background-type":"","background-media":"","overlay-type":"","overlay-color":"","overlay-opacity":"","overlay-gradient":""},"mobile":{"background-color":"var(--ast-global-color-5)","background-image":"","background-repeat":"repeat","background-position":"center center","background-size":"auto","background-attachment":"scroll","background-type":"","background-media":"","overlay-type":"","overlay-color":"","overlay-opacity":"","overlay-gradient":""}},"jetpack_post_was_ever_published":false,"_jetpack_newsletter_access":"","_jetpack_dont_email_post_to_subs":false,"_jetpack_newsletter_tier_id":0,"_jetpack_memberships_contains_paywalled_content":false,"_jetpack_memberships_contains_paid_content":false,"footnotes":"","jetpack_publicize_message":"","jetpack_publicize_feature_enabled":true,"jetpack_social_post_already_shared":true,"jetpack_social_options":{"image_generator_settings":{"template":"highway","default_image_id":0,"font":"","enabled":false},"version":2}},"categories":[429],"tags":[3675,199,728,5072,62,715,211,20,54,5073,147,376,459],"class_list":["post-8976","post","type-post","status-publish","format-standard","has-post-thumbnail","hentry","category-eventos","tag-3675","tag-6-de-outubro","tag-carnauba","tag-expo-taperoa","tag-fazenda-carnauba","tag-leite","tag-mel","tag-palma","tag-palma-forrageira","tag-parque-de-exposicoes-manuelito-dantas-vilar","tag-queijo","tag-seca","tag-taperoa"],"yoast_head":"<!-- This site is optimized with the Yoast SEO plugin v27.4 - https:\/\/yoast.com\/product\/yoast-seo-wordpress\/ -->\n<title>25\u00aa Expo Tapero\u00e1 2025 - Fazenda Boqueir\u00e3o<\/title>\n<meta name=\"description\" content=\"25\u00aa Expo Tapero\u00e1 2025 ocorrer\u00e1 nos dias 03 a 06 de outubro no Parque de Exposi\u00e7\u00f5es Manuelito Dantas Vilar em Tapero\u00e1\/PB.\" \/>\n<meta name=\"robots\" content=\"index, follow, max-snippet:-1, max-image-preview:large, max-video-preview:-1\" \/>\n<link rel=\"canonical\" href=\"https:\/\/www.fazendaboqueiraorn.com.br\/en\/25a-expo-taperoa-2025\/\" \/>\n<meta property=\"og:locale\" content=\"en_US\" \/>\n<meta property=\"og:type\" content=\"article\" \/>\n<meta property=\"og:title\" content=\"25\u00aa Expo Tapero\u00e1 2025 - Fazenda Boqueir\u00e3o\" \/>\n<meta property=\"og:description\" content=\"25\u00aa Expo Tapero\u00e1 2025 ocorrer\u00e1 nos dias 03 a 06 de outubro no Parque de Exposi\u00e7\u00f5es Manuelito Dantas Vilar em Tapero\u00e1\/PB.\" \/>\n<meta property=\"og:url\" content=\"https:\/\/www.fazendaboqueiraorn.com.br\/en\/25a-expo-taperoa-2025\/\" \/>\n<meta property=\"og:site_name\" content=\"Fazenda Boqueir\u00e3o\" \/>\n<meta property=\"article:publisher\" content=\"https:\/\/www.facebook.com\/fazboqueirao\" \/>\n<meta property=\"article:published_time\" content=\"2025-09-21T11:35:34+00:00\" \/>\n<meta property=\"article:modified_time\" content=\"2025-09-21T11:35:47+00:00\" \/>\n<meta property=\"og:image\" content=\"https:\/\/www.fazendaboqueiraorn.com.br\/wp-content\/uploads\/2025\/09\/expo-taperoa-20251003.webp\" \/>\n\t<meta property=\"og:image:width\" content=\"1080\" \/>\n\t<meta property=\"og:image:height\" content=\"1347\" \/>\n\t<meta property=\"og:image:type\" content=\"image\/webp\" \/>\n<meta name=\"author\" content=\"Fazenda Boqueir\u00e3o\" \/>\n<meta name=\"twitter:card\" content=\"summary_large_image\" \/>\n<meta name=\"twitter:creator\" content=\"@FazBoqueirao\" \/>\n<meta name=\"twitter:site\" content=\"@FazBoqueirao\" \/>\n<meta name=\"twitter:label1\" content=\"Written by\" \/>\n\t<meta name=\"twitter:data1\" content=\"Fazenda Boqueir\u00e3o\" \/>\n\t<meta name=\"twitter:label2\" content=\"Est. reading time\" \/>\n\t<meta name=\"twitter:data2\" content=\"2 minutes\" \/>\n<script type=\"application\/ld+json\" class=\"yoast-schema-graph\">{\"@context\":\"https:\\\/\\\/schema.org\",\"@graph\":[{\"@type\":\"Article\",\"@id\":\"https:\\\/\\\/www.fazendaboqueiraorn.com.br\\\/25a-expo-taperoa-2025\\\/#article\",\"isPartOf\":{\"@id\":\"https:\\\/\\\/www.fazendaboqueiraorn.com.br\\\/25a-expo-taperoa-2025\\\/\"},\"author\":{\"name\":\"Fazenda Boqueir\u00e3o\",\"@id\":\"https:\\\/\\\/www.fazendaboqueiraorn.com.br\\\/#\\\/schema\\\/person\\\/70484dc96f76e66c6365a9f4a2ebfb02\"},\"headline\":\"25\u00aa Expo Tapero\u00e1 2025\",\"datePublished\":\"2025-09-21T11:35:34+00:00\",\"dateModified\":\"2025-09-21T11:35:47+00:00\",\"mainEntityOfPage\":{\"@id\":\"https:\\\/\\\/www.fazendaboqueiraorn.com.br\\\/25a-expo-taperoa-2025\\\/\"},\"wordCount\":200,\"commentCount\":0,\"publisher\":{\"@id\":\"https:\\\/\\\/www.fazendaboqueiraorn.com.br\\\/#organization\"},\"image\":{\"@id\":\"https:\\\/\\\/www.fazendaboqueiraorn.com.br\\\/25a-expo-taperoa-2025\\\/#primaryimage\"},\"thumbnailUrl\":\"https:\\\/\\\/i0.wp.com\\\/www.fazendaboqueiraorn.com.br\\\/wp-content\\\/uploads\\\/2025\\\/09\\\/expo-taperoa-20251003.webp?fit=1080%2C1347&ssl=1\",\"keywords\":[\"2025\",\"6 de outubro\",\"carna\u00faba\",\"Expo Tapero\u00e1\",\"Fazenda Carna\u00faba\",\"leite\",\"mel\",\"palma\",\"palma forrageira\",\"Parque de Exposi\u00e7\u00f5es Manuelito Dantas Vilar\",\"queijo\",\"seca\",\"Tapero\u00e1\"],\"articleSection\":[\"Eventos\"],\"inLanguage\":\"en-US\",\"potentialAction\":[{\"@type\":\"CommentAction\",\"name\":\"Comment\",\"target\":[\"https:\\\/\\\/www.fazendaboqueiraorn.com.br\\\/25a-expo-taperoa-2025\\\/#respond\"]}]},{\"@type\":\"WebPage\",\"@id\":\"https:\\\/\\\/www.fazendaboqueiraorn.com.br\\\/25a-expo-taperoa-2025\\\/\",\"url\":\"https:\\\/\\\/www.fazendaboqueiraorn.com.br\\\/25a-expo-taperoa-2025\\\/\",\"name\":\"25\u00aa Expo Tapero\u00e1 2025 - Fazenda Boqueir\u00e3o\",\"isPartOf\":{\"@id\":\"https:\\\/\\\/www.fazendaboqueiraorn.com.br\\\/#website\"},\"primaryImageOfPage\":{\"@id\":\"https:\\\/\\\/www.fazendaboqueiraorn.com.br\\\/25a-expo-taperoa-2025\\\/#primaryimage\"},\"image\":{\"@id\":\"https:\\\/\\\/www.fazendaboqueiraorn.com.br\\\/25a-expo-taperoa-2025\\\/#primaryimage\"},\"thumbnailUrl\":\"https:\\\/\\\/i0.wp.com\\\/www.fazendaboqueiraorn.com.br\\\/wp-content\\\/uploads\\\/2025\\\/09\\\/expo-taperoa-20251003.webp?fit=1080%2C1347&ssl=1\",\"datePublished\":\"2025-09-21T11:35:34+00:00\",\"dateModified\":\"2025-09-21T11:35:47+00:00\",\"description\":\"25\u00aa Expo Tapero\u00e1 2025 ocorrer\u00e1 nos dias 03 a 06 de outubro no Parque de Exposi\u00e7\u00f5es Manuelito Dantas Vilar em Tapero\u00e1\\\/PB.\",\"breadcrumb\":{\"@id\":\"https:\\\/\\\/www.fazendaboqueiraorn.com.br\\\/25a-expo-taperoa-2025\\\/#breadcrumb\"},\"inLanguage\":\"en-US\",\"potentialAction\":[{\"@type\":\"ReadAction\",\"target\":[\"https:\\\/\\\/www.fazendaboqueiraorn.com.br\\\/25a-expo-taperoa-2025\\\/\"]}]},{\"@type\":\"ImageObject\",\"inLanguage\":\"en-US\",\"@id\":\"https:\\\/\\\/www.fazendaboqueiraorn.com.br\\\/25a-expo-taperoa-2025\\\/#primaryimage\",\"url\":\"https:\\\/\\\/i0.wp.com\\\/www.fazendaboqueiraorn.com.br\\\/wp-content\\\/uploads\\\/2025\\\/09\\\/expo-taperoa-20251003.webp?fit=1080%2C1347&ssl=1\",\"contentUrl\":\"https:\\\/\\\/i0.wp.com\\\/www.fazendaboqueiraorn.com.br\\\/wp-content\\\/uploads\\\/2025\\\/09\\\/expo-taperoa-20251003.webp?fit=1080%2C1347&ssl=1\",\"width\":1080,\"height\":1347,\"caption\":\"25\u00aa Expo Tapero\u00e1 2025\"},{\"@type\":\"BreadcrumbList\",\"@id\":\"https:\\\/\\\/www.fazendaboqueiraorn.com.br\\\/25a-expo-taperoa-2025\\\/#breadcrumb\",\"itemListElement\":[{\"@type\":\"ListItem\",\"position\":1,\"name\":\"Home\",\"item\":\"https:\\\/\\\/www.fazendaboqueiraorn.com.br\\\/\"},{\"@type\":\"ListItem\",\"position\":2,\"name\":\"25\u00aa Expo Tapero\u00e1 2025\"}]},{\"@type\":\"WebSite\",\"@id\":\"https:\\\/\\\/www.fazendaboqueiraorn.com.br\\\/#website\",\"url\":\"https:\\\/\\\/www.fazendaboqueiraorn.com.br\\\/\",\"name\":\"Fazenda Boqueir\u00e3o\",\"description\":\"\",\"publisher\":{\"@id\":\"https:\\\/\\\/www.fazendaboqueiraorn.com.br\\\/#organization\"},\"potentialAction\":[{\"@type\":\"SearchAction\",\"target\":{\"@type\":\"EntryPoint\",\"urlTemplate\":\"https:\\\/\\\/www.fazendaboqueiraorn.com.br\\\/?s={search_term_string}\"},\"query-input\":{\"@type\":\"PropertyValueSpecification\",\"valueRequired\":true,\"valueName\":\"search_term_string\"}}],\"inLanguage\":\"en-US\"},{\"@type\":\"Organization\",\"@id\":\"https:\\\/\\\/www.fazendaboqueiraorn.com.br\\\/#organization\",\"name\":\"Fazenda Boqueir\u00e3o\",\"url\":\"https:\\\/\\\/www.fazendaboqueiraorn.com.br\\\/\",\"logo\":{\"@type\":\"ImageObject\",\"inLanguage\":\"en-US\",\"@id\":\"https:\\\/\\\/www.fazendaboqueiraorn.com.br\\\/#\\\/schema\\\/logo\\\/image\\\/\",\"url\":\"https:\\\/\\\/i0.wp.com\\\/www.fazendaboqueiraorn.com.br\\\/wp-content\\\/uploads\\\/2021\\\/08\\\/logo-fazenda-120x120-1.png?fit=120%2C120&ssl=1\",\"contentUrl\":\"https:\\\/\\\/i0.wp.com\\\/www.fazendaboqueiraorn.com.br\\\/wp-content\\\/uploads\\\/2021\\\/08\\\/logo-fazenda-120x120-1.png?fit=120%2C120&ssl=1\",\"width\":120,\"height\":120,\"caption\":\"Fazenda Boqueir\u00e3o\"},\"image\":{\"@id\":\"https:\\\/\\\/www.fazendaboqueiraorn.com.br\\\/#\\\/schema\\\/logo\\\/image\\\/\"},\"sameAs\":[\"https:\\\/\\\/www.facebook.com\\\/fazboqueirao\",\"https:\\\/\\\/x.com\\\/FazBoqueirao\",\"http:\\\/\\\/instagram.com\\\/fazboqueirao\\\/\",\"https:\\\/\\\/www.linkedin.com\\\/company\\\/fazboqueirao\\\/\",\"https:\\\/\\\/www.youtube.com\\\/channel\\\/UCUA4_8v8HkmMeNUh8c6Ky1Q\"]},{\"@type\":\"Person\",\"@id\":\"https:\\\/\\\/www.fazendaboqueiraorn.com.br\\\/#\\\/schema\\\/person\\\/70484dc96f76e66c6365a9f4a2ebfb02\",\"name\":\"Fazenda Boqueir\u00e3o\",\"image\":{\"@type\":\"ImageObject\",\"inLanguage\":\"en-US\",\"@id\":\"https:\\\/\\\/secure.gravatar.com\\\/avatar\\\/19f19467ae305ded5d913deae2fb6c6f29fe88a0a7f3a4dca5679407289a9efd?s=96&d=mm&r=g\",\"url\":\"https:\\\/\\\/secure.gravatar.com\\\/avatar\\\/19f19467ae305ded5d913deae2fb6c6f29fe88a0a7f3a4dca5679407289a9efd?s=96&d=mm&r=g\",\"contentUrl\":\"https:\\\/\\\/secure.gravatar.com\\\/avatar\\\/19f19467ae305ded5d913deae2fb6c6f29fe88a0a7f3a4dca5679407289a9efd?s=96&d=mm&r=g\",\"caption\":\"Fazenda Boqueir\u00e3o\"},\"url\":\"https:\\\/\\\/www.fazendaboqueiraorn.com.br\\\/en\\\/author\\\/fazenda\\\/\"}]}<\/script>\n<!-- \/ Yoast SEO plugin. -->","yoast_head_json":{"title":"25\u00aa Expo Tapero\u00e1 2025 - Fazenda Boqueir\u00e3o","description":"25\u00aa Expo Tapero\u00e1 2025 ocorrer\u00e1 nos dias 03 a 06 de outubro no Parque de Exposi\u00e7\u00f5es Manuelito Dantas Vilar em Tapero\u00e1\/PB.","robots":{"index":"index","follow":"follow","max-snippet":"max-snippet:-1","max-image-preview":"max-image-preview:large","max-video-preview":"max-video-preview:-1"},"canonical":"https:\/\/www.fazendaboqueiraorn.com.br\/en\/25a-expo-taperoa-2025\/","og_locale":"en_US","og_type":"article","og_title":"25\u00aa Expo Tapero\u00e1 2025 - Fazenda Boqueir\u00e3o","og_description":"25\u00aa Expo Tapero\u00e1 2025 ocorrer\u00e1 nos dias 03 a 06 de outubro no Parque de Exposi\u00e7\u00f5es Manuelito Dantas Vilar em Tapero\u00e1\/PB.","og_url":"https:\/\/www.fazendaboqueiraorn.com.br\/en\/25a-expo-taperoa-2025\/","og_site_name":"Fazenda Boqueir\u00e3o","article_publisher":"https:\/\/www.facebook.com\/fazboqueirao","article_published_time":"2025-09-21T11:35:34+00:00","article_modified_time":"2025-09-21T11:35:47+00:00","og_image":[{"width":1080,"height":1347,"url":"https:\/\/www.fazendaboqueiraorn.com.br\/wp-content\/uploads\/2025\/09\/expo-taperoa-20251003.webp","type":"image\/webp"}],"author":"Fazenda Boqueir\u00e3o","twitter_card":"summary_large_image","twitter_creator":"@FazBoqueirao","twitter_site":"@FazBoqueirao","twitter_misc":{"Written by":"Fazenda Boqueir\u00e3o","Est. reading time":"2 minutes"},"schema":{"@context":"https:\/\/schema.org","@graph":[{"@type":"Article","@id":"https:\/\/www.fazendaboqueiraorn.com.br\/25a-expo-taperoa-2025\/#article","isPartOf":{"@id":"https:\/\/www.fazendaboqueiraorn.com.br\/25a-expo-taperoa-2025\/"},"author":{"name":"Fazenda Boqueir\u00e3o","@id":"https:\/\/www.fazendaboqueiraorn.com.br\/#\/schema\/person\/70484dc96f76e66c6365a9f4a2ebfb02"},"headline":"25\u00aa Expo Tapero\u00e1 2025","datePublished":"2025-09-21T11:35:34+00:00","dateModified":"2025-09-21T11:35:47+00:00","mainEntityOfPage":{"@id":"https:\/\/www.fazendaboqueiraorn.com.br\/25a-expo-taperoa-2025\/"},"wordCount":200,"commentCount":0,"publisher":{"@id":"https:\/\/www.fazendaboqueiraorn.com.br\/#organization"},"image":{"@id":"https:\/\/www.fazendaboqueiraorn.com.br\/25a-expo-taperoa-2025\/#primaryimage"},"thumbnailUrl":"https:\/\/i0.wp.com\/www.fazendaboqueiraorn.com.br\/wp-content\/uploads\/2025\/09\/expo-taperoa-20251003.webp?fit=1080%2C1347&ssl=1","keywords":["2025","6 de outubro","carna\u00faba","Expo Tapero\u00e1","Fazenda Carna\u00faba","leite","mel","palma","palma forrageira","Parque de Exposi\u00e7\u00f5es Manuelito Dantas Vilar","queijo","seca","Tapero\u00e1"],"articleSection":["Eventos"],"inLanguage":"en-US","potentialAction":[{"@type":"CommentAction","name":"Comment","target":["https:\/\/www.fazendaboqueiraorn.com.br\/25a-expo-taperoa-2025\/#respond"]}]},{"@type":"WebPage","@id":"https:\/\/www.fazendaboqueiraorn.com.br\/25a-expo-taperoa-2025\/","url":"https:\/\/www.fazendaboqueiraorn.com.br\/25a-expo-taperoa-2025\/","name":"25\u00aa Expo Tapero\u00e1 2025 - Fazenda Boqueir\u00e3o","isPartOf":{"@id":"https:\/\/www.fazendaboqueiraorn.com.br\/#website"},"primaryImageOfPage":{"@id":"https:\/\/www.fazendaboqueiraorn.com.br\/25a-expo-taperoa-2025\/#primaryimage"},"image":{"@id":"https:\/\/www.fazendaboqueiraorn.com.br\/25a-expo-taperoa-2025\/#primaryimage"},"thumbnailUrl":"https:\/\/i0.wp.com\/www.fazendaboqueiraorn.com.br\/wp-content\/uploads\/2025\/09\/expo-taperoa-20251003.webp?fit=1080%2C1347&ssl=1","datePublished":"2025-09-21T11:35:34+00:00","dateModified":"2025-09-21T11:35:47+00:00","description":"25\u00aa Expo Tapero\u00e1 2025 ocorrer\u00e1 nos dias 03 a 06 de outubro no Parque de Exposi\u00e7\u00f5es Manuelito Dantas Vilar em Tapero\u00e1\/PB.","breadcrumb":{"@id":"https:\/\/www.fazendaboqueiraorn.com.br\/25a-expo-taperoa-2025\/#breadcrumb"},"inLanguage":"en-US","potentialAction":[{"@type":"ReadAction","target":["https:\/\/www.fazendaboqueiraorn.com.br\/25a-expo-taperoa-2025\/"]}]},{"@type":"ImageObject","inLanguage":"en-US","@id":"https:\/\/www.fazendaboqueiraorn.com.br\/25a-expo-taperoa-2025\/#primaryimage","url":"https:\/\/i0.wp.com\/www.fazendaboqueiraorn.com.br\/wp-content\/uploads\/2025\/09\/expo-taperoa-20251003.webp?fit=1080%2C1347&ssl=1","contentUrl":"https:\/\/i0.wp.com\/www.fazendaboqueiraorn.com.br\/wp-content\/uploads\/2025\/09\/expo-taperoa-20251003.webp?fit=1080%2C1347&ssl=1","width":1080,"height":1347,"caption":"25\u00aa Expo Tapero\u00e1 2025"},{"@type":"BreadcrumbList","@id":"https:\/\/www.fazendaboqueiraorn.com.br\/25a-expo-taperoa-2025\/#breadcrumb","itemListElement":[{"@type":"ListItem","position":1,"name":"Home","item":"https:\/\/www.fazendaboqueiraorn.com.br\/"},{"@type":"ListItem","position":2,"name":"25\u00aa Expo Tapero\u00e1 2025"}]},{"@type":"WebSite","@id":"https:\/\/www.fazendaboqueiraorn.com.br\/#website","url":"https:\/\/www.fazendaboqueiraorn.com.br\/","name":"Fazenda Boqueir\u00e3o","description":"","publisher":{"@id":"https:\/\/www.fazendaboqueiraorn.com.br\/#organization"},"potentialAction":[{"@type":"SearchAction","target":{"@type":"EntryPoint","urlTemplate":"https:\/\/www.fazendaboqueiraorn.com.br\/?s={search_term_string}"},"query-input":{"@type":"PropertyValueSpecification","valueRequired":true,"valueName":"search_term_string"}}],"inLanguage":"en-US"},{"@type":"Organization","@id":"https:\/\/www.fazendaboqueiraorn.com.br\/#organization","name":"Fazenda Boqueir\u00e3o","url":"https:\/\/www.fazendaboqueiraorn.com.br\/","logo":{"@type":"ImageObject","inLanguage":"en-US","@id":"https:\/\/www.fazendaboqueiraorn.com.br\/#\/schema\/logo\/image\/","url":"https:\/\/i0.wp.com\/www.fazendaboqueiraorn.com.br\/wp-content\/uploads\/2021\/08\/logo-fazenda-120x120-1.png?fit=120%2C120&ssl=1","contentUrl":"https:\/\/i0.wp.com\/www.fazendaboqueiraorn.com.br\/wp-content\/uploads\/2021\/08\/logo-fazenda-120x120-1.png?fit=120%2C120&ssl=1","width":120,"height":120,"caption":"Fazenda Boqueir\u00e3o"},"image":{"@id":"https:\/\/www.fazendaboqueiraorn.com.br\/#\/schema\/logo\/image\/"},"sameAs":["https:\/\/www.facebook.com\/fazboqueirao","https:\/\/x.com\/FazBoqueirao","http:\/\/instagram.com\/fazboqueirao\/","https:\/\/www.linkedin.com\/company\/fazboqueirao\/","https:\/\/www.youtube.com\/channel\/UCUA4_8v8HkmMeNUh8c6Ky1Q"]},{"@type":"Person","@id":"https:\/\/www.fazendaboqueiraorn.com.br\/#\/schema\/person\/70484dc96f76e66c6365a9f4a2ebfb02","name":"Fazenda Boqueir\u00e3o","image":{"@type":"ImageObject","inLanguage":"en-US","@id":"https:\/\/secure.gravatar.com\/avatar\/19f19467ae305ded5d913deae2fb6c6f29fe88a0a7f3a4dca5679407289a9efd?s=96&d=mm&r=g","url":"https:\/\/secure.gravatar.com\/avatar\/19f19467ae305ded5d913deae2fb6c6f29fe88a0a7f3a4dca5679407289a9efd?s=96&d=mm&r=g","contentUrl":"https:\/\/secure.gravatar.com\/avatar\/19f19467ae305ded5d913deae2fb6c6f29fe88a0a7f3a4dca5679407289a9efd?s=96&d=mm&r=g","caption":"Fazenda Boqueir\u00e3o"},"url":"https:\/\/www.fazendaboqueiraorn.com.br\/en\/author\/fazenda\/"}]}},"jetpack_publicize_connections":[],"uagb_featured_image_src":{"full":["https:\/\/i0.wp.com\/www.fazendaboqueiraorn.com.br\/wp-content\/uploads\/2025\/09\/expo-taperoa-20251003.webp?fit=1080%2C1347&ssl=1",1080,1347,false],"thumbnail":["https:\/\/i0.wp.com\/www.fazendaboqueiraorn.com.br\/wp-content\/uploads\/2025\/09\/expo-taperoa-20251003.webp?resize=150%2C150&ssl=1",150,150,true],"medium":["https:\/\/i0.wp.com\/www.fazendaboqueiraorn.com.br\/wp-content\/uploads\/2025\/09\/expo-taperoa-20251003.webp?fit=241%2C300&ssl=1",241,300,true],"medium_large":["https:\/\/i0.wp.com\/www.fazendaboqueiraorn.com.br\/wp-content\/uploads\/2025\/09\/expo-taperoa-20251003.webp?fit=768%2C958&ssl=1",768,958,true],"large":["https:\/\/i0.wp.com\/www.fazendaboqueiraorn.com.br\/wp-content\/uploads\/2025\/09\/expo-taperoa-20251003.webp?fit=821%2C1024&ssl=1",821,1024,true],"1536x1536":["https:\/\/i0.wp.com\/www.fazendaboqueiraorn.com.br\/wp-content\/uploads\/2025\/09\/expo-taperoa-20251003.webp?fit=1080%2C1347&ssl=1",1080,1347,true],"2048x2048":["https:\/\/i0.wp.com\/www.fazendaboqueiraorn.com.br\/wp-content\/uploads\/2025\/09\/expo-taperoa-20251003.webp?fit=1080%2C1347&ssl=1",1080,1347,true],"trp-custom-language-flag":["https:\/\/i0.wp.com\/www.fazendaboqueiraorn.com.br\/wp-content\/uploads\/2025\/09\/expo-taperoa-20251003.webp?fit=10%2C12&ssl=1",10,12,true],"ultp_layout_landscape_large":["https:\/\/i0.wp.com\/www.fazendaboqueiraorn.com.br\/wp-content\/uploads\/2025\/09\/expo-taperoa-20251003.webp?resize=1080%2C800&ssl=1",1080,800,true],"ultp_layout_landscape":["https:\/\/i0.wp.com\/www.fazendaboqueiraorn.com.br\/wp-content\/uploads\/2025\/09\/expo-taperoa-20251003.webp?resize=870%2C570&ssl=1",870,570,true],"ultp_layout_portrait":["https:\/\/i0.wp.com\/www.fazendaboqueiraorn.com.br\/wp-content\/uploads\/2025\/09\/expo-taperoa-20251003.webp?resize=600%2C900&ssl=1",600,900,true],"ultp_layout_square":["https:\/\/i0.wp.com\/www.fazendaboqueiraorn.com.br\/wp-content\/uploads\/2025\/09\/expo-taperoa-20251003.webp?resize=600%2C600&ssl=1",600,600,true],"woocommerce_thumbnail":["https:\/\/www.fazendaboqueiraorn.com.br\/wp-content\/uploads\/2025\/09\/expo-taperoa-20251003-300x300.webp",300,300,true],"woocommerce_single":["https:\/\/www.fazendaboqueiraorn.com.br\/wp-content\/uploads\/2025\/09\/expo-taperoa-20251003.webp",600,748,false],"woocommerce_gallery_thumbnail":["https:\/\/www.fazendaboqueiraorn.com.br\/wp-content\/uploads\/2025\/09\/expo-taperoa-20251003-100x100.webp",100,100,true],"web-stories-poster-portrait":["https:\/\/www.fazendaboqueiraorn.com.br\/wp-content\/uploads\/2025\/09\/expo-taperoa-20251003-640x853.webp",640,853,true],"web-stories-publisher-logo":["https:\/\/www.fazendaboqueiraorn.com.br\/wp-content\/uploads\/2025\/09\/expo-taperoa-20251003-96x96.webp",96,96,true],"web-stories-thumbnail":["https:\/\/www.fazendaboqueiraorn.com.br\/wp-content\/uploads\/2025\/09\/expo-taperoa-20251003-150x187.webp",150,187,true]},"uagb_author_info":{"display_name":"Fazenda Boqueir\u00e3o","author_link":"https:\/\/www.fazendaboqueiraorn.com.br\/en\/author\/fazenda\/"},"uagb_comment_info":0,"uagb_excerpt":"25\u00aa Expo Tapero\u00e1 2025 ocorrer\u00e1 nos dias 03 a 06 de outubro no Parque de Exposi\u00e7\u00f5es Manuelito Dantas Vilar em Tapero\u00e1\/PB.","jetpack_featured_media_url":"https:\/\/i0.wp.com\/www.fazendaboqueiraorn.com.br\/wp-content\/uploads\/2025\/09\/expo-taperoa-20251003.webp?fit=1080%2C1347&ssl=1","jetpack_sharing_enabled":true,"jetpack_likes_enabled":true,"_links":{"self":[{"href":"https:\/\/www.fazendaboqueiraorn.com.br\/en\/wp-json\/wp\/v2\/posts\/8976","targetHints":{"allow":["GET"]}}],"collection":[{"href":"https:\/\/www.fazendaboqueiraorn.com.br\/en\/wp-json\/wp\/v2\/posts"}],"about":[{"href":"https:\/\/www.fazendaboqueiraorn.com.br\/en\/wp-json\/wp\/v2\/types\/post"}],"author":[{"embeddable":true,"href":"https:\/\/www.fazendaboqueiraorn.com.br\/en\/wp-json\/wp\/v2\/users\/2"}],"replies":[{"embeddable":true,"href":"https:\/\/www.fazendaboqueiraorn.com.br\/en\/wp-json\/wp\/v2\/comments?post=8976"}],"version-history":[{"count":3,"href":"https:\/\/www.fazendaboqueiraorn.com.br\/en\/wp-json\/wp\/v2\/posts\/8976\/revisions"}],"predecessor-version":[{"id":9000,"href":"https:\/\/www.fazendaboqueiraorn.com.br\/en\/wp-json\/wp\/v2\/posts\/8976\/revisions\/9000"}],"wp:featuredmedia":[{"embeddable":true,"href":"https:\/\/www.fazendaboqueiraorn.com.br\/en\/wp-json\/wp\/v2\/media\/8977"}],"wp:attachment":[{"href":"https:\/\/www.fazendaboqueiraorn.com.br\/en\/wp-json\/wp\/v2\/media?parent=8976"}],"wp:term":[{"taxonomy":"category","embeddable":true,"href":"https:\/\/www.fazendaboqueiraorn.com.br\/en\/wp-json\/wp\/v2\/categories?post=8976"},{"taxonomy":"post_tag","embeddable":true,"href":"https:\/\/www.fazendaboqueiraorn.com.br\/en\/wp-json\/wp\/v2\/tags?post=8976"}],"curies":[{"name":"wp","href":"https:\/\/api.w.org\/{rel}","templated":true}]}}