{"id":8475,"date":"2025-07-26T10:00:24","date_gmt":"2025-07-26T13:00:24","guid":{"rendered":"https:\/\/www.fazendaboqueiraorn.com.br\/?p=8475"},"modified":"2025-07-26T10:00:43","modified_gmt":"2025-07-26T13:00:43","slug":"governo-lanca-aplicativo-meu-imovel-rural","status":"publish","type":"post","link":"https:\/\/www.fazendaboqueiraorn.com.br\/en\/governo-lanca-aplicativo-meu-imovel-rural\/","title":{"rendered":"Governo lan\u00e7a aplicativo Meu Im\u00f3vel Rural"},"content":{"rendered":"<figure class=\"wp-block-image aligncenter size-full\"><img data-recalc-dims=\"1\" decoding=\"async\" width=\"974\" height=\"604\" loading=\"lazy\" src=\"https:\/\/i0.wp.com\/www.fazendaboqueiraorn.com.br\/wp-content\/uploads\/2025\/07\/meu-imovel-rural.webp?resize=974%2C604&#038;ssl=1\" alt=\"Meu Im\u00f3vel Rural\" class=\"wp-image-8478\" srcset=\"https:\/\/i0.wp.com\/www.fazendaboqueiraorn.com.br\/wp-content\/uploads\/2025\/07\/meu-imovel-rural.webp?w=974&amp;ssl=1 974w, https:\/\/i0.wp.com\/www.fazendaboqueiraorn.com.br\/wp-content\/uploads\/2025\/07\/meu-imovel-rural.webp?resize=300%2C186&amp;ssl=1 300w, https:\/\/i0.wp.com\/www.fazendaboqueiraorn.com.br\/wp-content\/uploads\/2025\/07\/meu-imovel-rural.webp?resize=768%2C476&amp;ssl=1 768w, https:\/\/i0.wp.com\/www.fazendaboqueiraorn.com.br\/wp-content\/uploads\/2025\/07\/meu-imovel-rural.webp?resize=18%2C12&amp;ssl=1 18w, https:\/\/i0.wp.com\/www.fazendaboqueiraorn.com.br\/wp-content\/uploads\/2025\/07\/meu-imovel-rural.webp?resize=600%2C372&amp;ssl=1 600w, https:\/\/i0.wp.com\/www.fazendaboqueiraorn.com.br\/wp-content\/uploads\/2025\/07\/meu-imovel-rural.webp?resize=150%2C93&amp;ssl=1 150w\" sizes=\"auto, (max-width: 974px) 100vw, 974px\" \/><\/figure>\n\n\n\n<p class=\"\">Governo lan\u00e7a plataforma Meu Im\u00f3vel Rural para unificar cadastros e documentos de im\u00f3veis rurais que promete transformar a rela\u00e7\u00e3o dos pequenos e m\u00e9dios agricultores com a administra\u00e7\u00e3o p\u00fablica.\u00a0<\/p>\n\n\n\n<p class=\"\">Desenvolvido pelo Minist\u00e9rio da Gest\u00e3o e da Inova\u00e7\u00e3o em Servi\u00e7os P\u00fablicos, o sistema re\u00fane em um \u00fanico ambiente os principais documentos e informa\u00e7\u00f5es sobre im\u00f3veis rurais, integrando dados que antes estavam dispersos em diferentes cadastros e \u00f3rg\u00e3os federais.<\/p>\n\n\n\n<p class=\"\">Com acesso via conta GOV.BR, o aplicativo permite ao agricultor familiar visualizar mapas, documentos e status de sua propriedade, obtidos diretamente de sistemas como o Cadastro Ambiental Rural (SICAR), o Sistema Nacional de Cadastro Rural (SNCR) e o Sistema de Gest\u00e3o Fundi\u00e1ria (SIGEF). <\/p>\n\n\n\n<p class=\"\">A proposta \u00e9 clara: reduzir a burocracia, aumentar a transpar\u00eancia e garantir que produtores tenham em m\u00e3os os dados necess\u00e1rios para acessar cr\u00e9dito rural e programas governamentais.<\/p>\n\n\n\n<p class=\"\">Na pr\u00e1tica, o Meu Im\u00f3vel Rural facilita o download de documentos como o recibo e o extrato do CAR, al\u00e9m de permitir a consulta \u00e0 situa\u00e7\u00e3o fundi\u00e1ria e \u00e0 localiza\u00e7\u00e3o georreferenciada do im\u00f3vel. O agricultor pode, assim, verificar se as informa\u00e7\u00f5es prestadas aos \u00f3rg\u00e3os p\u00fablicos est\u00e3o corretas e atualizadas, evitando entraves no acesso a financiamentos ou a pol\u00edticas de regulariza\u00e7\u00e3o ambiental e fiscal.<\/p>\n\n\n\n<p class=\"\">A iniciativa tamb\u00e9m tem potencial para fomentar a regularidade territorial no campo, ao tornar mais vis\u00edveis os v\u00ednculos entre ocupa\u00e7\u00e3o, posse e registro formal da terra. Ao consolidar informa\u00e7\u00f5es que muitas vezes n\u00e3o \u201cconversavam\u201d entre si, a plataforma contribui para o ordenamento do territ\u00f3rio rural e combate a sobreposi\u00e7\u00f5es e fraudes fundi\u00e1rias, problemas ainda frequentes em v\u00e1rias regi\u00f5es do pa\u00eds.<\/p>\n\n\n\n<p class=\"\">Para os especialistas, o aplicativo representa um passo relevante na digitaliza\u00e7\u00e3o dos servi\u00e7os p\u00fablicos voltados ao meio rural. A centraliza\u00e7\u00e3o dos dados em um ambiente amig\u00e1vel e acess\u00edvel pelo celular amplia o controle do pr\u00f3prio agricultor sobre sua terra e fortalece a cidadania no campo.<\/p>\n\n\n\n<p class=\"\">Para acessar,&nbsp;<a href=\"https:\/\/meuimovelrural.sistema.gov.br\/#\/\" target=\"_blank\" rel=\"noreferrer noopener\">clique aqui.<\/a><\/p>","protected":false},"excerpt":{"rendered":"<p>Governo lan\u00e7a plataforma Meu Im\u00f3vel Rural para unificar cadastros e documentos de im\u00f3veis rurais que promete transformar a rela\u00e7\u00e3o dos pequenos e m\u00e9dios agricultores com a administra\u00e7\u00e3o p\u00fablica. <\/p>","protected":false},"author":2,"featured_media":8478,"comment_status":"open","ping_status":"open","sticky":false,"template":"","format":"standard","meta":{"nf_dc_page":"","_uag_custom_page_level_css":"","site-sidebar-layout":"default","site-content-layout":"","ast-site-content-layout":"default","site-content-style":"default","site-sidebar-style":"default","ast-global-header-display":"","ast-banner-title-visibility":"","ast-main-header-display":"","ast-hfb-above-header-display":"","ast-hfb-below-header-display":"","ast-hfb-mobile-header-display":"","site-post-title":"","ast-breadcrumbs-content":"","ast-featured-img":"","footer-sml-layout":"","ast-disable-related-posts":"","theme-transparent-header-meta":"","adv-header-id-meta":"","stick-header-meta":"","header-above-stick-meta":"","header-main-stick-meta":"","header-below-stick-meta":"","astra-migrate-meta-layouts":"default","ast-page-background-enabled":"default","ast-page-background-meta":{"desktop":{"background-color":"var(--ast-global-color-4)","background-image":"","background-repeat":"repeat","background-position":"center center","background-size":"auto","background-attachment":"scroll","background-type":"","background-media":"","overlay-type":"","overlay-color":"","overlay-opacity":"","overlay-gradient":""},"tablet":{"background-color":"","background-image":"","background-repeat":"repeat","background-position":"center center","background-size":"auto","background-attachment":"scroll","background-type":"","background-media":"","overlay-type":"","overlay-color":"","overlay-opacity":"","overlay-gradient":""},"mobile":{"background-color":"","background-image":"","background-repeat":"repeat","background-position":"center center","background-size":"auto","background-attachment":"scroll","background-type":"","background-media":"","overlay-type":"","overlay-color":"","overlay-opacity":"","overlay-gradient":""}},"ast-content-background-meta":{"desktop":{"background-color":"var(--ast-global-color-5)","background-image":"","background-repeat":"repeat","background-position":"center center","background-size":"auto","background-attachment":"scroll","background-type":"","background-media":"","overlay-type":"","overlay-color":"","overlay-opacity":"","overlay-gradient":""},"tablet":{"background-color":"var(--ast-global-color-5)","background-image":"","background-repeat":"repeat","background-position":"center center","background-size":"auto","background-attachment":"scroll","background-type":"","background-media":"","overlay-type":"","overlay-color":"","overlay-opacity":"","overlay-gradient":""},"mobile":{"background-color":"var(--ast-global-color-5)","background-image":"","background-repeat":"repeat","background-position":"center center","background-size":"auto","background-attachment":"scroll","background-type":"","background-media":"","overlay-type":"","overlay-color":"","overlay-opacity":"","overlay-gradient":""}},"jetpack_post_was_ever_published":false,"_jetpack_newsletter_access":"","_jetpack_dont_email_post_to_subs":false,"_jetpack_newsletter_tier_id":0,"_jetpack_memberships_contains_paywalled_content":false,"_jetpack_memberships_contains_paid_content":false,"footnotes":"","jetpack_publicize_message":"","jetpack_publicize_feature_enabled":false,"jetpack_social_post_already_shared":false,"jetpack_social_options":{"image_generator_settings":{"template":"highway","default_image_id":0,"enabled":false},"version":2}},"categories":[1],"tags":[4521,202,100,91,311,4818,212,4522,4819,4820],"class_list":["post-8475","post","type-post","status-publish","format-standard","has-post-thumbnail","hentry","category-noticia","tag-car","tag-culto","tag-gestao","tag-governo","tag-iati","tag-meu-imovel-rural","tag-racao","tag-sicar","tag-sigef","tag-sncr"],"yoast_head":"<!-- This site is optimized with the Yoast SEO plugin v27.4 - https:\/\/yoast.com\/product\/yoast-seo-wordpress\/ -->\n<title>Governo lan\u00e7a aplicativo Meu Im\u00f3vel Rural - Fazenda Boqueir\u00e3o<\/title>\n<meta name=\"description\" content=\"Governo lan\u00e7a plataforma Meu Im\u00f3vel Rural para reunir em um \u00fanico ambiente os principais documentos e informa\u00e7\u00f5es sobre im\u00f3veis rurais.\" \/>\n<meta name=\"robots\" content=\"index, follow, max-snippet:-1, max-image-preview:large, max-video-preview:-1\" \/>\n<link rel=\"canonical\" href=\"https:\/\/www.fazendaboqueiraorn.com.br\/en\/governo-lanca-aplicativo-meu-imovel-rural\/\" \/>\n<meta property=\"og:locale\" content=\"en_US\" \/>\n<meta property=\"og:type\" content=\"article\" \/>\n<meta property=\"og:title\" content=\"Governo lan\u00e7a aplicativo Meu Im\u00f3vel Rural - Fazenda Boqueir\u00e3o\" \/>\n<meta property=\"og:description\" content=\"Governo lan\u00e7a plataforma Meu Im\u00f3vel Rural para reunir em um \u00fanico ambiente os principais documentos e informa\u00e7\u00f5es sobre im\u00f3veis rurais.\" \/>\n<meta property=\"og:url\" content=\"https:\/\/www.fazendaboqueiraorn.com.br\/en\/governo-lanca-aplicativo-meu-imovel-rural\/\" \/>\n<meta property=\"og:site_name\" content=\"Fazenda Boqueir\u00e3o\" \/>\n<meta property=\"article:publisher\" content=\"https:\/\/www.facebook.com\/fazboqueirao\" \/>\n<meta property=\"article:published_time\" content=\"2025-07-26T13:00:24+00:00\" \/>\n<meta property=\"article:modified_time\" content=\"2025-07-26T13:00:43+00:00\" \/>\n<meta property=\"og:image\" content=\"https:\/\/www.fazendaboqueiraorn.com.br\/wp-content\/uploads\/2025\/07\/meu-imovel-rural.webp\" \/>\n\t<meta property=\"og:image:width\" content=\"974\" \/>\n\t<meta property=\"og:image:height\" content=\"604\" \/>\n\t<meta property=\"og:image:type\" content=\"image\/webp\" \/>\n<meta name=\"author\" content=\"Fazenda Boqueir\u00e3o\" \/>\n<meta name=\"twitter:card\" content=\"summary_large_image\" \/>\n<meta name=\"twitter:creator\" content=\"@FazBoqueirao\" \/>\n<meta name=\"twitter:site\" content=\"@FazBoqueirao\" \/>\n<meta name=\"twitter:label1\" content=\"Written by\" \/>\n\t<meta name=\"twitter:data1\" content=\"Fazenda Boqueir\u00e3o\" \/>\n\t<meta name=\"twitter:label2\" content=\"Est. reading time\" \/>\n\t<meta name=\"twitter:data2\" content=\"3 minutes\" \/>\n<script type=\"application\/ld+json\" class=\"yoast-schema-graph\">{\"@context\":\"https:\\\/\\\/schema.org\",\"@graph\":[{\"@type\":\"Article\",\"@id\":\"https:\\\/\\\/www.fazendaboqueiraorn.com.br\\\/governo-lanca-aplicativo-meu-imovel-rural\\\/#article\",\"isPartOf\":{\"@id\":\"https:\\\/\\\/www.fazendaboqueiraorn.com.br\\\/governo-lanca-aplicativo-meu-imovel-rural\\\/\"},\"author\":{\"name\":\"Fazenda Boqueir\u00e3o\",\"@id\":\"https:\\\/\\\/www.fazendaboqueiraorn.com.br\\\/#\\\/schema\\\/person\\\/70484dc96f76e66c6365a9f4a2ebfb02\"},\"headline\":\"Governo lan\u00e7a aplicativo Meu Im\u00f3vel Rural\",\"datePublished\":\"2025-07-26T13:00:24+00:00\",\"dateModified\":\"2025-07-26T13:00:43+00:00\",\"mainEntityOfPage\":{\"@id\":\"https:\\\/\\\/www.fazendaboqueiraorn.com.br\\\/governo-lanca-aplicativo-meu-imovel-rural\\\/\"},\"wordCount\":369,\"commentCount\":0,\"publisher\":{\"@id\":\"https:\\\/\\\/www.fazendaboqueiraorn.com.br\\\/#organization\"},\"image\":{\"@id\":\"https:\\\/\\\/www.fazendaboqueiraorn.com.br\\\/governo-lanca-aplicativo-meu-imovel-rural\\\/#primaryimage\"},\"thumbnailUrl\":\"https:\\\/\\\/i0.wp.com\\\/www.fazendaboqueiraorn.com.br\\\/wp-content\\\/uploads\\\/2025\\\/07\\\/meu-imovel-rural.webp?fit=974%2C604&ssl=1\",\"keywords\":[\"CAR\",\"culto\",\"gest\u00e3o\",\"governo\",\"Iati\",\"Meu Im\u00f3vel Rural\",\"ra\u00e7\u00e3o\",\"SICAR\",\"SIGEF\",\"SNCR\"],\"articleSection\":[\"Not\u00edcias\"],\"inLanguage\":\"en-US\",\"potentialAction\":[{\"@type\":\"CommentAction\",\"name\":\"Comment\",\"target\":[\"https:\\\/\\\/www.fazendaboqueiraorn.com.br\\\/governo-lanca-aplicativo-meu-imovel-rural\\\/#respond\"]}]},{\"@type\":\"WebPage\",\"@id\":\"https:\\\/\\\/www.fazendaboqueiraorn.com.br\\\/governo-lanca-aplicativo-meu-imovel-rural\\\/\",\"url\":\"https:\\\/\\\/www.fazendaboqueiraorn.com.br\\\/governo-lanca-aplicativo-meu-imovel-rural\\\/\",\"name\":\"Governo lan\u00e7a aplicativo Meu Im\u00f3vel Rural - Fazenda Boqueir\u00e3o\",\"isPartOf\":{\"@id\":\"https:\\\/\\\/www.fazendaboqueiraorn.com.br\\\/#website\"},\"primaryImageOfPage\":{\"@id\":\"https:\\\/\\\/www.fazendaboqueiraorn.com.br\\\/governo-lanca-aplicativo-meu-imovel-rural\\\/#primaryimage\"},\"image\":{\"@id\":\"https:\\\/\\\/www.fazendaboqueiraorn.com.br\\\/governo-lanca-aplicativo-meu-imovel-rural\\\/#primaryimage\"},\"thumbnailUrl\":\"https:\\\/\\\/i0.wp.com\\\/www.fazendaboqueiraorn.com.br\\\/wp-content\\\/uploads\\\/2025\\\/07\\\/meu-imovel-rural.webp?fit=974%2C604&ssl=1\",\"datePublished\":\"2025-07-26T13:00:24+00:00\",\"dateModified\":\"2025-07-26T13:00:43+00:00\",\"description\":\"Governo lan\u00e7a plataforma Meu Im\u00f3vel Rural para reunir em um \u00fanico ambiente os principais documentos e informa\u00e7\u00f5es sobre im\u00f3veis rurais.\",\"breadcrumb\":{\"@id\":\"https:\\\/\\\/www.fazendaboqueiraorn.com.br\\\/governo-lanca-aplicativo-meu-imovel-rural\\\/#breadcrumb\"},\"inLanguage\":\"en-US\",\"potentialAction\":[{\"@type\":\"ReadAction\",\"target\":[\"https:\\\/\\\/www.fazendaboqueiraorn.com.br\\\/governo-lanca-aplicativo-meu-imovel-rural\\\/\"]}]},{\"@type\":\"ImageObject\",\"inLanguage\":\"en-US\",\"@id\":\"https:\\\/\\\/www.fazendaboqueiraorn.com.br\\\/governo-lanca-aplicativo-meu-imovel-rural\\\/#primaryimage\",\"url\":\"https:\\\/\\\/i0.wp.com\\\/www.fazendaboqueiraorn.com.br\\\/wp-content\\\/uploads\\\/2025\\\/07\\\/meu-imovel-rural.webp?fit=974%2C604&ssl=1\",\"contentUrl\":\"https:\\\/\\\/i0.wp.com\\\/www.fazendaboqueiraorn.com.br\\\/wp-content\\\/uploads\\\/2025\\\/07\\\/meu-imovel-rural.webp?fit=974%2C604&ssl=1\",\"width\":974,\"height\":604,\"caption\":\"Meu Im\u00f3vel Rural\"},{\"@type\":\"BreadcrumbList\",\"@id\":\"https:\\\/\\\/www.fazendaboqueiraorn.com.br\\\/governo-lanca-aplicativo-meu-imovel-rural\\\/#breadcrumb\",\"itemListElement\":[{\"@type\":\"ListItem\",\"position\":1,\"name\":\"Home\",\"item\":\"https:\\\/\\\/www.fazendaboqueiraorn.com.br\\\/\"},{\"@type\":\"ListItem\",\"position\":2,\"name\":\"Governo lan\u00e7a aplicativo Meu Im\u00f3vel Rural\"}]},{\"@type\":\"WebSite\",\"@id\":\"https:\\\/\\\/www.fazendaboqueiraorn.com.br\\\/#website\",\"url\":\"https:\\\/\\\/www.fazendaboqueiraorn.com.br\\\/\",\"name\":\"Fazenda Boqueir\u00e3o\",\"description\":\"\",\"publisher\":{\"@id\":\"https:\\\/\\\/www.fazendaboqueiraorn.com.br\\\/#organization\"},\"potentialAction\":[{\"@type\":\"SearchAction\",\"target\":{\"@type\":\"EntryPoint\",\"urlTemplate\":\"https:\\\/\\\/www.fazendaboqueiraorn.com.br\\\/?s={search_term_string}\"},\"query-input\":{\"@type\":\"PropertyValueSpecification\",\"valueRequired\":true,\"valueName\":\"search_term_string\"}}],\"inLanguage\":\"en-US\"},{\"@type\":\"Organization\",\"@id\":\"https:\\\/\\\/www.fazendaboqueiraorn.com.br\\\/#organization\",\"name\":\"Fazenda Boqueir\u00e3o\",\"url\":\"https:\\\/\\\/www.fazendaboqueiraorn.com.br\\\/\",\"logo\":{\"@type\":\"ImageObject\",\"inLanguage\":\"en-US\",\"@id\":\"https:\\\/\\\/www.fazendaboqueiraorn.com.br\\\/#\\\/schema\\\/logo\\\/image\\\/\",\"url\":\"https:\\\/\\\/i0.wp.com\\\/www.fazendaboqueiraorn.com.br\\\/wp-content\\\/uploads\\\/2021\\\/08\\\/logo-fazenda-120x120-1.png?fit=120%2C120&ssl=1\",\"contentUrl\":\"https:\\\/\\\/i0.wp.com\\\/www.fazendaboqueiraorn.com.br\\\/wp-content\\\/uploads\\\/2021\\\/08\\\/logo-fazenda-120x120-1.png?fit=120%2C120&ssl=1\",\"width\":120,\"height\":120,\"caption\":\"Fazenda Boqueir\u00e3o\"},\"image\":{\"@id\":\"https:\\\/\\\/www.fazendaboqueiraorn.com.br\\\/#\\\/schema\\\/logo\\\/image\\\/\"},\"sameAs\":[\"https:\\\/\\\/www.facebook.com\\\/fazboqueirao\",\"https:\\\/\\\/x.com\\\/FazBoqueirao\",\"http:\\\/\\\/instagram.com\\\/fazboqueirao\\\/\",\"https:\\\/\\\/www.linkedin.com\\\/company\\\/fazboqueirao\\\/\",\"https:\\\/\\\/www.youtube.com\\\/channel\\\/UCUA4_8v8HkmMeNUh8c6Ky1Q\"]},{\"@type\":\"Person\",\"@id\":\"https:\\\/\\\/www.fazendaboqueiraorn.com.br\\\/#\\\/schema\\\/person\\\/70484dc96f76e66c6365a9f4a2ebfb02\",\"name\":\"Fazenda Boqueir\u00e3o\",\"image\":{\"@type\":\"ImageObject\",\"inLanguage\":\"en-US\",\"@id\":\"https:\\\/\\\/secure.gravatar.com\\\/avatar\\\/19f19467ae305ded5d913deae2fb6c6f29fe88a0a7f3a4dca5679407289a9efd?s=96&d=mm&r=g\",\"url\":\"https:\\\/\\\/secure.gravatar.com\\\/avatar\\\/19f19467ae305ded5d913deae2fb6c6f29fe88a0a7f3a4dca5679407289a9efd?s=96&d=mm&r=g\",\"contentUrl\":\"https:\\\/\\\/secure.gravatar.com\\\/avatar\\\/19f19467ae305ded5d913deae2fb6c6f29fe88a0a7f3a4dca5679407289a9efd?s=96&d=mm&r=g\",\"caption\":\"Fazenda Boqueir\u00e3o\"},\"url\":\"https:\\\/\\\/www.fazendaboqueiraorn.com.br\\\/en\\\/author\\\/fazenda\\\/\"}]}<\/script>\n<!-- \/ Yoast SEO plugin. -->","yoast_head_json":{"title":"Governo lan\u00e7a aplicativo Meu Im\u00f3vel Rural - Fazenda Boqueir\u00e3o","description":"Governo lan\u00e7a plataforma Meu Im\u00f3vel Rural para reunir em um \u00fanico ambiente os principais documentos e informa\u00e7\u00f5es sobre im\u00f3veis rurais.","robots":{"index":"index","follow":"follow","max-snippet":"max-snippet:-1","max-image-preview":"max-image-preview:large","max-video-preview":"max-video-preview:-1"},"canonical":"https:\/\/www.fazendaboqueiraorn.com.br\/en\/governo-lanca-aplicativo-meu-imovel-rural\/","og_locale":"en_US","og_type":"article","og_title":"Governo lan\u00e7a aplicativo Meu Im\u00f3vel Rural - Fazenda Boqueir\u00e3o","og_description":"Governo lan\u00e7a plataforma Meu Im\u00f3vel Rural para reunir em um \u00fanico ambiente os principais documentos e informa\u00e7\u00f5es sobre im\u00f3veis rurais.","og_url":"https:\/\/www.fazendaboqueiraorn.com.br\/en\/governo-lanca-aplicativo-meu-imovel-rural\/","og_site_name":"Fazenda Boqueir\u00e3o","article_publisher":"https:\/\/www.facebook.com\/fazboqueirao","article_published_time":"2025-07-26T13:00:24+00:00","article_modified_time":"2025-07-26T13:00:43+00:00","og_image":[{"width":974,"height":604,"url":"https:\/\/www.fazendaboqueiraorn.com.br\/wp-content\/uploads\/2025\/07\/meu-imovel-rural.webp","type":"image\/webp"}],"author":"Fazenda Boqueir\u00e3o","twitter_card":"summary_large_image","twitter_creator":"@FazBoqueirao","twitter_site":"@FazBoqueirao","twitter_misc":{"Written by":"Fazenda Boqueir\u00e3o","Est. reading time":"3 minutes"},"schema":{"@context":"https:\/\/schema.org","@graph":[{"@type":"Article","@id":"https:\/\/www.fazendaboqueiraorn.com.br\/governo-lanca-aplicativo-meu-imovel-rural\/#article","isPartOf":{"@id":"https:\/\/www.fazendaboqueiraorn.com.br\/governo-lanca-aplicativo-meu-imovel-rural\/"},"author":{"name":"Fazenda Boqueir\u00e3o","@id":"https:\/\/www.fazendaboqueiraorn.com.br\/#\/schema\/person\/70484dc96f76e66c6365a9f4a2ebfb02"},"headline":"Governo lan\u00e7a aplicativo Meu Im\u00f3vel Rural","datePublished":"2025-07-26T13:00:24+00:00","dateModified":"2025-07-26T13:00:43+00:00","mainEntityOfPage":{"@id":"https:\/\/www.fazendaboqueiraorn.com.br\/governo-lanca-aplicativo-meu-imovel-rural\/"},"wordCount":369,"commentCount":0,"publisher":{"@id":"https:\/\/www.fazendaboqueiraorn.com.br\/#organization"},"image":{"@id":"https:\/\/www.fazendaboqueiraorn.com.br\/governo-lanca-aplicativo-meu-imovel-rural\/#primaryimage"},"thumbnailUrl":"https:\/\/i0.wp.com\/www.fazendaboqueiraorn.com.br\/wp-content\/uploads\/2025\/07\/meu-imovel-rural.webp?fit=974%2C604&ssl=1","keywords":["CAR","culto","gest\u00e3o","governo","Iati","Meu Im\u00f3vel Rural","ra\u00e7\u00e3o","SICAR","SIGEF","SNCR"],"articleSection":["Not\u00edcias"],"inLanguage":"en-US","potentialAction":[{"@type":"CommentAction","name":"Comment","target":["https:\/\/www.fazendaboqueiraorn.com.br\/governo-lanca-aplicativo-meu-imovel-rural\/#respond"]}]},{"@type":"WebPage","@id":"https:\/\/www.fazendaboqueiraorn.com.br\/governo-lanca-aplicativo-meu-imovel-rural\/","url":"https:\/\/www.fazendaboqueiraorn.com.br\/governo-lanca-aplicativo-meu-imovel-rural\/","name":"Governo lan\u00e7a aplicativo Meu Im\u00f3vel Rural - Fazenda Boqueir\u00e3o","isPartOf":{"@id":"https:\/\/www.fazendaboqueiraorn.com.br\/#website"},"primaryImageOfPage":{"@id":"https:\/\/www.fazendaboqueiraorn.com.br\/governo-lanca-aplicativo-meu-imovel-rural\/#primaryimage"},"image":{"@id":"https:\/\/www.fazendaboqueiraorn.com.br\/governo-lanca-aplicativo-meu-imovel-rural\/#primaryimage"},"thumbnailUrl":"https:\/\/i0.wp.com\/www.fazendaboqueiraorn.com.br\/wp-content\/uploads\/2025\/07\/meu-imovel-rural.webp?fit=974%2C604&ssl=1","datePublished":"2025-07-26T13:00:24+00:00","dateModified":"2025-07-26T13:00:43+00:00","description":"Governo lan\u00e7a plataforma Meu Im\u00f3vel Rural para reunir em um \u00fanico ambiente os principais documentos e informa\u00e7\u00f5es sobre im\u00f3veis rurais.","breadcrumb":{"@id":"https:\/\/www.fazendaboqueiraorn.com.br\/governo-lanca-aplicativo-meu-imovel-rural\/#breadcrumb"},"inLanguage":"en-US","potentialAction":[{"@type":"ReadAction","target":["https:\/\/www.fazendaboqueiraorn.com.br\/governo-lanca-aplicativo-meu-imovel-rural\/"]}]},{"@type":"ImageObject","inLanguage":"en-US","@id":"https:\/\/www.fazendaboqueiraorn.com.br\/governo-lanca-aplicativo-meu-imovel-rural\/#primaryimage","url":"https:\/\/i0.wp.com\/www.fazendaboqueiraorn.com.br\/wp-content\/uploads\/2025\/07\/meu-imovel-rural.webp?fit=974%2C604&ssl=1","contentUrl":"https:\/\/i0.wp.com\/www.fazendaboqueiraorn.com.br\/wp-content\/uploads\/2025\/07\/meu-imovel-rural.webp?fit=974%2C604&ssl=1","width":974,"height":604,"caption":"Meu Im\u00f3vel Rural"},{"@type":"BreadcrumbList","@id":"https:\/\/www.fazendaboqueiraorn.com.br\/governo-lanca-aplicativo-meu-imovel-rural\/#breadcrumb","itemListElement":[{"@type":"ListItem","position":1,"name":"Home","item":"https:\/\/www.fazendaboqueiraorn.com.br\/"},{"@type":"ListItem","position":2,"name":"Governo lan\u00e7a aplicativo Meu Im\u00f3vel Rural"}]},{"@type":"WebSite","@id":"https:\/\/www.fazendaboqueiraorn.com.br\/#website","url":"https:\/\/www.fazendaboqueiraorn.com.br\/","name":"Fazenda Boqueir\u00e3o","description":"","publisher":{"@id":"https:\/\/www.fazendaboqueiraorn.com.br\/#organization"},"potentialAction":[{"@type":"SearchAction","target":{"@type":"EntryPoint","urlTemplate":"https:\/\/www.fazendaboqueiraorn.com.br\/?s={search_term_string}"},"query-input":{"@type":"PropertyValueSpecification","valueRequired":true,"valueName":"search_term_string"}}],"inLanguage":"en-US"},{"@type":"Organization","@id":"https:\/\/www.fazendaboqueiraorn.com.br\/#organization","name":"Fazenda Boqueir\u00e3o","url":"https:\/\/www.fazendaboqueiraorn.com.br\/","logo":{"@type":"ImageObject","inLanguage":"en-US","@id":"https:\/\/www.fazendaboqueiraorn.com.br\/#\/schema\/logo\/image\/","url":"https:\/\/i0.wp.com\/www.fazendaboqueiraorn.com.br\/wp-content\/uploads\/2021\/08\/logo-fazenda-120x120-1.png?fit=120%2C120&ssl=1","contentUrl":"https:\/\/i0.wp.com\/www.fazendaboqueiraorn.com.br\/wp-content\/uploads\/2021\/08\/logo-fazenda-120x120-1.png?fit=120%2C120&ssl=1","width":120,"height":120,"caption":"Fazenda Boqueir\u00e3o"},"image":{"@id":"https:\/\/www.fazendaboqueiraorn.com.br\/#\/schema\/logo\/image\/"},"sameAs":["https:\/\/www.facebook.com\/fazboqueirao","https:\/\/x.com\/FazBoqueirao","http:\/\/instagram.com\/fazboqueirao\/","https:\/\/www.linkedin.com\/company\/fazboqueirao\/","https:\/\/www.youtube.com\/channel\/UCUA4_8v8HkmMeNUh8c6Ky1Q"]},{"@type":"Person","@id":"https:\/\/www.fazendaboqueiraorn.com.br\/#\/schema\/person\/70484dc96f76e66c6365a9f4a2ebfb02","name":"Fazenda Boqueir\u00e3o","image":{"@type":"ImageObject","inLanguage":"en-US","@id":"https:\/\/secure.gravatar.com\/avatar\/19f19467ae305ded5d913deae2fb6c6f29fe88a0a7f3a4dca5679407289a9efd?s=96&d=mm&r=g","url":"https:\/\/secure.gravatar.com\/avatar\/19f19467ae305ded5d913deae2fb6c6f29fe88a0a7f3a4dca5679407289a9efd?s=96&d=mm&r=g","contentUrl":"https:\/\/secure.gravatar.com\/avatar\/19f19467ae305ded5d913deae2fb6c6f29fe88a0a7f3a4dca5679407289a9efd?s=96&d=mm&r=g","caption":"Fazenda Boqueir\u00e3o"},"url":"https:\/\/www.fazendaboqueiraorn.com.br\/en\/author\/fazenda\/"}]}},"jetpack_publicize_connections":[],"uagb_featured_image_src":{"full":["https:\/\/i0.wp.com\/www.fazendaboqueiraorn.com.br\/wp-content\/uploads\/2025\/07\/meu-imovel-rural.webp?fit=974%2C604&ssl=1",974,604,false],"thumbnail":["https:\/\/i0.wp.com\/www.fazendaboqueiraorn.com.br\/wp-content\/uploads\/2025\/07\/meu-imovel-rural.webp?resize=150%2C150&ssl=1",150,150,true],"medium":["https:\/\/i0.wp.com\/www.fazendaboqueiraorn.com.br\/wp-content\/uploads\/2025\/07\/meu-imovel-rural.webp?fit=300%2C186&ssl=1",300,186,true],"medium_large":["https:\/\/i0.wp.com\/www.fazendaboqueiraorn.com.br\/wp-content\/uploads\/2025\/07\/meu-imovel-rural.webp?fit=768%2C476&ssl=1",768,476,true],"large":["https:\/\/i0.wp.com\/www.fazendaboqueiraorn.com.br\/wp-content\/uploads\/2025\/07\/meu-imovel-rural.webp?fit=974%2C604&ssl=1",974,604,true],"1536x1536":["https:\/\/i0.wp.com\/www.fazendaboqueiraorn.com.br\/wp-content\/uploads\/2025\/07\/meu-imovel-rural.webp?fit=974%2C604&ssl=1",974,604,true],"2048x2048":["https:\/\/i0.wp.com\/www.fazendaboqueiraorn.com.br\/wp-content\/uploads\/2025\/07\/meu-imovel-rural.webp?fit=974%2C604&ssl=1",974,604,true],"trp-custom-language-flag":["https:\/\/i0.wp.com\/www.fazendaboqueiraorn.com.br\/wp-content\/uploads\/2025\/07\/meu-imovel-rural.webp?fit=18%2C12&ssl=1",18,12,true],"ultp_layout_landscape_large":["https:\/\/i0.wp.com\/www.fazendaboqueiraorn.com.br\/wp-content\/uploads\/2025\/07\/meu-imovel-rural.webp?resize=974%2C604&ssl=1",974,604,true],"ultp_layout_landscape":["https:\/\/i0.wp.com\/www.fazendaboqueiraorn.com.br\/wp-content\/uploads\/2025\/07\/meu-imovel-rural.webp?resize=870%2C570&ssl=1",870,570,true],"ultp_layout_portrait":["https:\/\/i0.wp.com\/www.fazendaboqueiraorn.com.br\/wp-content\/uploads\/2025\/07\/meu-imovel-rural.webp?resize=600%2C604&ssl=1",600,604,true],"ultp_layout_square":["https:\/\/i0.wp.com\/www.fazendaboqueiraorn.com.br\/wp-content\/uploads\/2025\/07\/meu-imovel-rural.webp?resize=600%2C600&ssl=1",600,600,true],"woocommerce_thumbnail":["https:\/\/www.fazendaboqueiraorn.com.br\/wp-content\/uploads\/2025\/07\/meu-imovel-rural-300x300.webp",300,300,true],"woocommerce_single":["https:\/\/www.fazendaboqueiraorn.com.br\/wp-content\/uploads\/2025\/07\/meu-imovel-rural.webp",600,372,false],"woocommerce_gallery_thumbnail":["https:\/\/www.fazendaboqueiraorn.com.br\/wp-content\/uploads\/2025\/07\/meu-imovel-rural-100x100.webp",100,100,true],"web-stories-poster-portrait":["https:\/\/www.fazendaboqueiraorn.com.br\/wp-content\/uploads\/2025\/07\/meu-imovel-rural-640x604.webp",640,604,true],"web-stories-publisher-logo":["https:\/\/www.fazendaboqueiraorn.com.br\/wp-content\/uploads\/2025\/07\/meu-imovel-rural-96x96.webp",96,96,true],"web-stories-thumbnail":["https:\/\/www.fazendaboqueiraorn.com.br\/wp-content\/uploads\/2025\/07\/meu-imovel-rural-150x93.webp",150,93,true]},"uagb_author_info":{"display_name":"Fazenda Boqueir\u00e3o","author_link":"https:\/\/www.fazendaboqueiraorn.com.br\/en\/author\/fazenda\/"},"uagb_comment_info":0,"uagb_excerpt":"Governo lan\u00e7a plataforma Meu Im\u00f3vel Rural para unificar cadastros e documentos de im\u00f3veis rurais que promete transformar a rela\u00e7\u00e3o dos pequenos e m\u00e9dios agricultores com a administra\u00e7\u00e3o p\u00fablica.","jetpack_featured_media_url":"https:\/\/i0.wp.com\/www.fazendaboqueiraorn.com.br\/wp-content\/uploads\/2025\/07\/meu-imovel-rural.webp?fit=974%2C604&ssl=1","jetpack_sharing_enabled":true,"jetpack_likes_enabled":true,"_links":{"self":[{"href":"https:\/\/www.fazendaboqueiraorn.com.br\/en\/wp-json\/wp\/v2\/posts\/8475","targetHints":{"allow":["GET"]}}],"collection":[{"href":"https:\/\/www.fazendaboqueiraorn.com.br\/en\/wp-json\/wp\/v2\/posts"}],"about":[{"href":"https:\/\/www.fazendaboqueiraorn.com.br\/en\/wp-json\/wp\/v2\/types\/post"}],"author":[{"embeddable":true,"href":"https:\/\/www.fazendaboqueiraorn.com.br\/en\/wp-json\/wp\/v2\/users\/2"}],"replies":[{"embeddable":true,"href":"https:\/\/www.fazendaboqueiraorn.com.br\/en\/wp-json\/wp\/v2\/comments?post=8475"}],"version-history":[{"count":1,"href":"https:\/\/www.fazendaboqueiraorn.com.br\/en\/wp-json\/wp\/v2\/posts\/8475\/revisions"}],"predecessor-version":[{"id":8484,"href":"https:\/\/www.fazendaboqueiraorn.com.br\/en\/wp-json\/wp\/v2\/posts\/8475\/revisions\/8484"}],"wp:featuredmedia":[{"embeddable":true,"href":"https:\/\/www.fazendaboqueiraorn.com.br\/en\/wp-json\/wp\/v2\/media\/8478"}],"wp:attachment":[{"href":"https:\/\/www.fazendaboqueiraorn.com.br\/en\/wp-json\/wp\/v2\/media?parent=8475"}],"wp:term":[{"taxonomy":"category","embeddable":true,"href":"https:\/\/www.fazendaboqueiraorn.com.br\/en\/wp-json\/wp\/v2\/categories?post=8475"},{"taxonomy":"post_tag","embeddable":true,"href":"https:\/\/www.fazendaboqueiraorn.com.br\/en\/wp-json\/wp\/v2\/tags?post=8475"}],"curies":[{"name":"wp","href":"https:\/\/api.w.org\/{rel}","templated":true}]}}