{"id":8441,"date":"2025-07-21T23:16:01","date_gmt":"2025-07-22T02:16:01","guid":{"rendered":"https:\/\/www.fazendaboqueiraorn.com.br\/?p=8441"},"modified":"2025-07-21T23:16:08","modified_gmt":"2025-07-22T02:16:08","slug":"84-dos-municipios-potiguares-apresentaram-algum-nivel-de-seca-no-mes-de-junho","status":"publish","type":"post","link":"https:\/\/www.fazendaboqueiraorn.com.br\/en\/84-dos-municipios-potiguares-apresentaram-algum-nivel-de-seca-no-mes-de-junho\/","title":{"rendered":"\u00a084% dos munic\u00edpios potiguares apresentaram algum n\u00edvel de seca no m\u00eas de junho"},"content":{"rendered":"<figure class=\"wp-block-image aligncenter size-full\"><img data-recalc-dims=\"1\" decoding=\"async\" width=\"626\" height=\"327\" loading=\"lazy\" src=\"https:\/\/i0.wp.com\/www.fazendaboqueiraorn.com.br\/wp-content\/uploads\/2025\/07\/84-municipios-rn-seca.webp?resize=626%2C327&#038;ssl=1\" alt=\"84% dos munic\u00edpios potiguares apresentaram algum n\u00edvel de seca no m\u00eas de junho\" class=\"wp-image-8443\" srcset=\"https:\/\/i0.wp.com\/www.fazendaboqueiraorn.com.br\/wp-content\/uploads\/2025\/07\/84-municipios-rn-seca.webp?w=626&amp;ssl=1 626w, https:\/\/i0.wp.com\/www.fazendaboqueiraorn.com.br\/wp-content\/uploads\/2025\/07\/84-municipios-rn-seca.webp?resize=300%2C157&amp;ssl=1 300w, https:\/\/i0.wp.com\/www.fazendaboqueiraorn.com.br\/wp-content\/uploads\/2025\/07\/84-municipios-rn-seca.webp?resize=18%2C9&amp;ssl=1 18w, https:\/\/i0.wp.com\/www.fazendaboqueiraorn.com.br\/wp-content\/uploads\/2025\/07\/84-municipios-rn-seca.webp?resize=600%2C313&amp;ssl=1 600w, https:\/\/i0.wp.com\/www.fazendaboqueiraorn.com.br\/wp-content\/uploads\/2025\/07\/84-municipios-rn-seca.webp?resize=150%2C78&amp;ssl=1 150w\" sizes=\"auto, (max-width: 626px) 100vw, 626px\" \/><\/figure>\n\n\n\n<p class=\"\">Mais de 84% dos munic\u00edpios potiguares apresentaram algum n\u00edvel de seca no m\u00eas de junho, de acordo com os dados do <a href=\"https:\/\/monitordesecas.ana.gov.br\/\" target=\"_blank\" rel=\"noreferrer noopener\">Monitor da Seca<\/a>, da Ag\u00eancia Nacional de \u00c1guas. <\/p>\n\n\n\n<p class=\"\">A seca moderada atingiu 34,1% dos munic\u00edpios potiguares. J\u00e1 a seca grave alcan\u00e7ou 30,5% das cidades do estado, principalmente nas regi\u00f5es do Serid\u00f3 e Alto Oeste.<\/p>\n\n\n\n<p class=\"\">A seca fraca foi observada em 19,8% dos munic\u00edpios, com foco maior no Agreste. Segundo o monitor, apenas 15,6% dos munic\u00edpios ficaram classificados como sem seca relativa, no Litoral Leste. No per\u00edodo, a seca grave avan\u00e7ou no extremo oeste e a seca moderada avan\u00e7ou no centro-norte e oeste potiguar. N\u00e3o houve registros de Seca Extrema ou Excepcional no estado.<\/p>\n\n\n\n<p class=\"\">Segundo o monitor, os dados indicariam um \u201ccen\u00e1rio de aten\u00e7\u00e3o\u201d. A situa\u00e7\u00e3o \u00e9 mais desafiadora que as registradas no mesmo per\u00edodo dos anteriores. Em junho de 2024, n\u00e3o houve seca registrada em nenhuma regi\u00e3o o estado.<\/p>\n\n\n\n<p class=\"\">No mesmo m\u00eas dos anos de 2022 e 2023, apenas secas fracas e moderadas foram registradas e em \u00e1reas menores. Os dados locais s\u00e3o levantados e divulgados pela <a href=\"https:\/\/meteorologia.emparn.rn.gov.br\/inicio\">Empresa de Pesquisa Agropecu\u00e1ria do Rio Grande do Norte<\/a> (Emparn)<\/p>\n\n\n\n<div data-block-name=\"woocommerce\/single-product\" data-product-id=\"8171\" data-wp-context=\"{&quot;productId&quot;:8171,&quot;variationId&quot;:null}\" data-wp-interactive=\"woocommerce\/single-product\" class=\"wp-block-woocommerce-single-product woocommerce\">\n<div class=\"wp-block-columns is-layout-flex wp-container-core-columns-is-layout-28f84493 wp-block-columns-is-layout-flex\">\n<div class=\"wp-block-column is-layout-flow wp-block-column-is-layout-flow\"><div data-block-name=\"woocommerce\/product-image\" data-is-descendent-of-single-product-block=\"true\" data-show-sale-badge=\"false\" class=\"wc-block-components-product-image wc-block-grid__product-image wc-block-components-product-image--aspect-ratio-auto wp-block-woocommerce-product-image\"><a href=\"https:\/\/www.fazendaboqueiraorn.com.br\/en\/product\/estacao-meteorologica-wi-fi\/\" style=\"\" data-wp-on--click=\"woocommerce\/product-collection::actions.viewProduct\"><img data-recalc-dims=\"1\" decoding=\"async\" width=\"600\" height=\"600\" src=\"https:\/\/i0.wp.com\/www.fazendaboqueiraorn.com.br\/wp-content\/uploads\/2025\/06\/estacao-meteorologica.webp?resize=600%2C600&#038;ssl=1\" class=\"attachment-woocommerce_single size-woocommerce_single\" alt=\"Esta\u00e7\u00e3o Meteorol\u00f3gica Wi-Fi\" data-testid=\"product-image\" data-image-id=\"8174\" style=\"object-fit:cover;\" loading=\"lazy\" srcset=\"https:\/\/i0.wp.com\/www.fazendaboqueiraorn.com.br\/wp-content\/uploads\/2025\/06\/estacao-meteorologica.webp?w=1080&amp;ssl=1 1080w, https:\/\/i0.wp.com\/www.fazendaboqueiraorn.com.br\/wp-content\/uploads\/2025\/06\/estacao-meteorologica.webp?resize=300%2C300&amp;ssl=1 300w, https:\/\/i0.wp.com\/www.fazendaboqueiraorn.com.br\/wp-content\/uploads\/2025\/06\/estacao-meteorologica.webp?resize=1024%2C1024&amp;ssl=1 1024w, https:\/\/i0.wp.com\/www.fazendaboqueiraorn.com.br\/wp-content\/uploads\/2025\/06\/estacao-meteorologica.webp?resize=150%2C150&amp;ssl=1 150w, https:\/\/i0.wp.com\/www.fazendaboqueiraorn.com.br\/wp-content\/uploads\/2025\/06\/estacao-meteorologica.webp?resize=768%2C768&amp;ssl=1 768w, https:\/\/i0.wp.com\/www.fazendaboqueiraorn.com.br\/wp-content\/uploads\/2025\/06\/estacao-meteorologica.webp?resize=12%2C12&amp;ssl=1 12w, https:\/\/i0.wp.com\/www.fazendaboqueiraorn.com.br\/wp-content\/uploads\/2025\/06\/estacao-meteorologica.webp?resize=600%2C600&amp;ssl=1 600w, https:\/\/i0.wp.com\/www.fazendaboqueiraorn.com.br\/wp-content\/uploads\/2025\/06\/estacao-meteorologica.webp?resize=100%2C100&amp;ssl=1 100w, https:\/\/i0.wp.com\/www.fazendaboqueiraorn.com.br\/wp-content\/uploads\/2025\/06\/estacao-meteorologica.webp?resize=96%2C96&amp;ssl=1 96w\" sizes=\"auto, (max-width: 600px) 100vw, 600px\" \/><div class=\"wc-block-components-product-image__inner-container\">\n\n<\/div><\/a><\/div><\/div>\n\n\n\n<div class=\"wp-block-column is-layout-flow wp-block-column-is-layout-flow\"><h2 class=\"wp-block-post-title\"><a href=\"https:\/\/www.fazendaboqueiraorn.com.br\/en\/product\/estacao-meteorologica-wi-fi\/\" target=\"_self\" >Esta\u00e7\u00e3o Meteorol\u00f3gica Wi-Fi<\/a><\/h2>\n\n\n\n<div data-block-name=\"woocommerce\/product-price\" data-is-descendent-of-single-product-block=\"true\" class=\"wp-block-woocommerce-product-price\" ><div class=\"wc-block-components-product-price wc-block-grid__product-price\" >\n\t\t\t\t\t\n\t\t\t\t<\/div><\/div>\n\n<div data-block-name=\"woocommerce\/product-summary\" data-is-descendent-of-single-product-block=\"true\" class=\"wp-block-woocommerce-product-summary\"><div class=\"wc-block-components-product-summary\" style=\"\">\n\t\t\t\t<p>Esta\u00e7\u00e3o Meteorol\u00f3gica Wi-Fi Profissional com Sensor Externo, Sistema de Monitoramento Remoto de Esta\u00e7\u00e3o Meteorol\u00f3gica Sem Fio de Internet, Display Colorido de 10,2 polegadas.<\/p>\n\n\t\t\t<\/div><\/div>\n\n<div data-block-name=\"woocommerce\/add-to-cart-form\" class=\"wp-block-add-to-cart-form wc-block-add-to-cart-form wc-block-add-to-cart-form--input wp-block-woocommerce-add-to-cart-form\" >\n<form class=\"cart\" action=\"https:\/\/amzn.to\/4l38fIp\" method=\"get\">\n\t\n\t<button type=\"submit\" class=\"single_add_to_cart_button button alt\">Comprar<\/button>\n\n\t\n\t<\/form>\n\n<\/div>\n\n\n<div data-block-name=\"woocommerce\/product-meta\" class=\"wp-block-woocommerce-product-meta\">\n<div class=\"wp-block-group is-nowrap is-layout-flex wp-container-core-group-is-layout-6c531013 wp-block-group-is-layout-flex\">\n\n<div class=\"taxonomy-product_cat wp-block-post-terms\"><span class=\"wp-block-post-terms__prefix\">Categoria: <\/span><a href=\"https:\/\/www.fazendaboqueiraorn.com.br\/en\/product-category\/estacao-meteorologica\/\" rel=\"tag\">Esta\u00e7\u00e3o Meteorol\u00f3gica<\/a><\/div>\n\n<\/div>\n<\/div>\n<\/div>\n<\/div>\n<\/div>","protected":false},"excerpt":{"rendered":"<p>Mais de 84% dos munic\u00edpios potiguares apresentaram algum n\u00edvel de seca no m\u00eas de junho, de acordo com os dados do Monitor da Seca, da Ag\u00eancia Nacional de \u00c1guas. <\/p>","protected":false},"author":2,"featured_media":8443,"comment_status":"open","ping_status":"open","sticky":false,"template":"","format":"standard","meta":{"nf_dc_page":"","_uag_custom_page_level_css":"","site-sidebar-layout":"default","site-content-layout":"","ast-site-content-layout":"default","site-content-style":"default","site-sidebar-style":"default","ast-global-header-display":"","ast-banner-title-visibility":"","ast-main-header-display":"","ast-hfb-above-header-display":"","ast-hfb-below-header-display":"","ast-hfb-mobile-header-display":"","site-post-title":"","ast-breadcrumbs-content":"","ast-featured-img":"","footer-sml-layout":"","ast-disable-related-posts":"","theme-transparent-header-meta":"","adv-header-id-meta":"","stick-header-meta":"","header-above-stick-meta":"","header-main-stick-meta":"","header-below-stick-meta":"","astra-migrate-meta-layouts":"default","ast-page-background-enabled":"default","ast-page-background-meta":{"desktop":{"background-color":"var(--ast-global-color-4)","background-image":"","background-repeat":"repeat","background-position":"center center","background-size":"auto","background-attachment":"scroll","background-type":"","background-media":"","overlay-type":"","overlay-color":"","overlay-opacity":"","overlay-gradient":""},"tablet":{"background-color":"","background-image":"","background-repeat":"repeat","background-position":"center center","background-size":"auto","background-attachment":"scroll","background-type":"","background-media":"","overlay-type":"","overlay-color":"","overlay-opacity":"","overlay-gradient":""},"mobile":{"background-color":"","background-image":"","background-repeat":"repeat","background-position":"center center","background-size":"auto","background-attachment":"scroll","background-type":"","background-media":"","overlay-type":"","overlay-color":"","overlay-opacity":"","overlay-gradient":""}},"ast-content-background-meta":{"desktop":{"background-color":"var(--ast-global-color-5)","background-image":"","background-repeat":"repeat","background-position":"center center","background-size":"auto","background-attachment":"scroll","background-type":"","background-media":"","overlay-type":"","overlay-color":"","overlay-opacity":"","overlay-gradient":""},"tablet":{"background-color":"var(--ast-global-color-5)","background-image":"","background-repeat":"repeat","background-position":"center center","background-size":"auto","background-attachment":"scroll","background-type":"","background-media":"","overlay-type":"","overlay-color":"","overlay-opacity":"","overlay-gradient":""},"mobile":{"background-color":"var(--ast-global-color-5)","background-image":"","background-repeat":"repeat","background-position":"center center","background-size":"auto","background-attachment":"scroll","background-type":"","background-media":"","overlay-type":"","overlay-color":"","overlay-opacity":"","overlay-gradient":""}},"jetpack_post_was_ever_published":false,"_jetpack_newsletter_access":"","_jetpack_dont_email_post_to_subs":false,"_jetpack_newsletter_tier_id":0,"_jetpack_memberships_contains_paywalled_content":false,"_jetpack_memberships_contains_paid_content":false,"footnotes":"","jetpack_publicize_message":"","jetpack_publicize_feature_enabled":true,"jetpack_social_post_already_shared":false,"jetpack_social_options":{"image_generator_settings":{"template":"highway","default_image_id":0,"enabled":false},"version":2}},"categories":[1],"tags":[21,734,3675,4803,4802,59,120,4801,376],"class_list":["post-8441","post","type-post","status-publish","format-standard","has-post-thumbnail","hentry","category-noticia","tag-21","tag-734","tag-3675","tag-agencia-nacional-de-aguas","tag-ana","tag-emparn","tag-gado","tag-monitor-da-seca","tag-seca","desktop-align-left","tablet-align-left","mobile-align-left"],"yoast_head":"<!-- This site is optimized with the Yoast SEO plugin v27.4 - https:\/\/yoast.com\/product\/yoast-seo-wordpress\/ -->\n<title>\u00a084% dos munic\u00edpios potiguares apresentaram algum n\u00edvel de seca no m\u00eas de junho<\/title>\n<meta name=\"description\" content=\"Mais de 84% dos munic\u00edpios potiguares apresentaram algum n\u00edvel de seca no m\u00eas de junho, de acordo com os dados do Monitor da Seca.\" \/>\n<meta name=\"robots\" content=\"index, follow, max-snippet:-1, max-image-preview:large, max-video-preview:-1\" \/>\n<link rel=\"canonical\" href=\"https:\/\/www.fazendaboqueiraorn.com.br\/en\/84-dos-municipios-potiguares-apresentaram-algum-nivel-de-seca-no-mes-de-junho\/\" \/>\n<meta property=\"og:locale\" content=\"en_US\" \/>\n<meta property=\"og:type\" content=\"article\" \/>\n<meta property=\"og:title\" content=\"\u00a084% dos munic\u00edpios potiguares apresentaram algum n\u00edvel de seca no m\u00eas de junho\" \/>\n<meta property=\"og:description\" content=\"Mais de 84% dos munic\u00edpios potiguares apresentaram algum n\u00edvel de seca no m\u00eas de junho, de acordo com os dados do Monitor da Seca.\" \/>\n<meta property=\"og:url\" content=\"https:\/\/www.fazendaboqueiraorn.com.br\/en\/84-dos-municipios-potiguares-apresentaram-algum-nivel-de-seca-no-mes-de-junho\/\" \/>\n<meta property=\"og:site_name\" content=\"Fazenda Boqueir\u00e3o\" \/>\n<meta property=\"article:publisher\" content=\"https:\/\/www.facebook.com\/fazboqueirao\" \/>\n<meta property=\"article:published_time\" content=\"2025-07-22T02:16:01+00:00\" \/>\n<meta property=\"article:modified_time\" content=\"2025-07-22T02:16:08+00:00\" \/>\n<meta property=\"og:image\" content=\"https:\/\/www.fazendaboqueiraorn.com.br\/wp-content\/uploads\/2025\/07\/84-municipios-rn-seca.webp\" \/>\n\t<meta property=\"og:image:width\" content=\"626\" \/>\n\t<meta property=\"og:image:height\" content=\"327\" \/>\n\t<meta property=\"og:image:type\" content=\"image\/webp\" \/>\n<meta name=\"author\" content=\"Fazenda Boqueir\u00e3o\" \/>\n<meta name=\"twitter:card\" content=\"summary_large_image\" \/>\n<meta name=\"twitter:creator\" content=\"@FazBoqueirao\" \/>\n<meta name=\"twitter:site\" content=\"@FazBoqueirao\" \/>\n<meta name=\"twitter:label1\" content=\"Written by\" \/>\n\t<meta name=\"twitter:data1\" content=\"Fazenda Boqueir\u00e3o\" \/>\n\t<meta name=\"twitter:label2\" content=\"Est. reading time\" \/>\n\t<meta name=\"twitter:data2\" content=\"2 minutes\" \/>\n<script type=\"application\/ld+json\" class=\"yoast-schema-graph\">{\"@context\":\"https:\\\/\\\/schema.org\",\"@graph\":[{\"@type\":\"Article\",\"@id\":\"https:\\\/\\\/www.fazendaboqueiraorn.com.br\\\/84-dos-municipios-potiguares-apresentaram-algum-nivel-de-seca-no-mes-de-junho\\\/#article\",\"isPartOf\":{\"@id\":\"https:\\\/\\\/www.fazendaboqueiraorn.com.br\\\/84-dos-municipios-potiguares-apresentaram-algum-nivel-de-seca-no-mes-de-junho\\\/\"},\"author\":{\"name\":\"Fazenda Boqueir\u00e3o\",\"@id\":\"https:\\\/\\\/www.fazendaboqueiraorn.com.br\\\/#\\\/schema\\\/person\\\/70484dc96f76e66c6365a9f4a2ebfb02\"},\"headline\":\"\u00a084% dos munic\u00edpios potiguares apresentaram algum n\u00edvel de seca no m\u00eas de junho\",\"datePublished\":\"2025-07-22T02:16:01+00:00\",\"dateModified\":\"2025-07-22T02:16:08+00:00\",\"mainEntityOfPage\":{\"@id\":\"https:\\\/\\\/www.fazendaboqueiraorn.com.br\\\/84-dos-municipios-potiguares-apresentaram-algum-nivel-de-seca-no-mes-de-junho\\\/\"},\"wordCount\":216,\"commentCount\":0,\"publisher\":{\"@id\":\"https:\\\/\\\/www.fazendaboqueiraorn.com.br\\\/#organization\"},\"image\":{\"@id\":\"https:\\\/\\\/www.fazendaboqueiraorn.com.br\\\/84-dos-municipios-potiguares-apresentaram-algum-nivel-de-seca-no-mes-de-junho\\\/#primaryimage\"},\"thumbnailUrl\":\"https:\\\/\\\/i0.wp.com\\\/www.fazendaboqueiraorn.com.br\\\/wp-content\\\/uploads\\\/2025\\\/07\\\/84-municipios-rn-seca.webp?fit=626%2C327&ssl=1\",\"keywords\":[\"2022\",\"2023\",\"2025\",\"Ag\u00ebncia Nacional de \u00c1guas\",\"ANA\",\"Emparn\",\"gado\",\"Monitor da Seca\",\"seca\"],\"articleSection\":[\"Not\u00edcias\"],\"inLanguage\":\"en-US\",\"potentialAction\":[{\"@type\":\"CommentAction\",\"name\":\"Comment\",\"target\":[\"https:\\\/\\\/www.fazendaboqueiraorn.com.br\\\/84-dos-municipios-potiguares-apresentaram-algum-nivel-de-seca-no-mes-de-junho\\\/#respond\"]}]},{\"@type\":\"WebPage\",\"@id\":\"https:\\\/\\\/www.fazendaboqueiraorn.com.br\\\/84-dos-municipios-potiguares-apresentaram-algum-nivel-de-seca-no-mes-de-junho\\\/\",\"url\":\"https:\\\/\\\/www.fazendaboqueiraorn.com.br\\\/84-dos-municipios-potiguares-apresentaram-algum-nivel-de-seca-no-mes-de-junho\\\/\",\"name\":\"\u00a084% dos munic\u00edpios potiguares apresentaram algum n\u00edvel de seca no m\u00eas de junho\",\"isPartOf\":{\"@id\":\"https:\\\/\\\/www.fazendaboqueiraorn.com.br\\\/#website\"},\"primaryImageOfPage\":{\"@id\":\"https:\\\/\\\/www.fazendaboqueiraorn.com.br\\\/84-dos-municipios-potiguares-apresentaram-algum-nivel-de-seca-no-mes-de-junho\\\/#primaryimage\"},\"image\":{\"@id\":\"https:\\\/\\\/www.fazendaboqueiraorn.com.br\\\/84-dos-municipios-potiguares-apresentaram-algum-nivel-de-seca-no-mes-de-junho\\\/#primaryimage\"},\"thumbnailUrl\":\"https:\\\/\\\/i0.wp.com\\\/www.fazendaboqueiraorn.com.br\\\/wp-content\\\/uploads\\\/2025\\\/07\\\/84-municipios-rn-seca.webp?fit=626%2C327&ssl=1\",\"datePublished\":\"2025-07-22T02:16:01+00:00\",\"dateModified\":\"2025-07-22T02:16:08+00:00\",\"description\":\"Mais de 84% dos munic\u00edpios potiguares apresentaram algum n\u00edvel de seca no m\u00eas de junho, de acordo com os dados do Monitor da Seca.\",\"breadcrumb\":{\"@id\":\"https:\\\/\\\/www.fazendaboqueiraorn.com.br\\\/84-dos-municipios-potiguares-apresentaram-algum-nivel-de-seca-no-mes-de-junho\\\/#breadcrumb\"},\"inLanguage\":\"en-US\",\"potentialAction\":[{\"@type\":\"ReadAction\",\"target\":[\"https:\\\/\\\/www.fazendaboqueiraorn.com.br\\\/84-dos-municipios-potiguares-apresentaram-algum-nivel-de-seca-no-mes-de-junho\\\/\"]}]},{\"@type\":\"ImageObject\",\"inLanguage\":\"en-US\",\"@id\":\"https:\\\/\\\/www.fazendaboqueiraorn.com.br\\\/84-dos-municipios-potiguares-apresentaram-algum-nivel-de-seca-no-mes-de-junho\\\/#primaryimage\",\"url\":\"https:\\\/\\\/i0.wp.com\\\/www.fazendaboqueiraorn.com.br\\\/wp-content\\\/uploads\\\/2025\\\/07\\\/84-municipios-rn-seca.webp?fit=626%2C327&ssl=1\",\"contentUrl\":\"https:\\\/\\\/i0.wp.com\\\/www.fazendaboqueiraorn.com.br\\\/wp-content\\\/uploads\\\/2025\\\/07\\\/84-municipios-rn-seca.webp?fit=626%2C327&ssl=1\",\"width\":626,\"height\":327,\"caption\":\"84% dos munic\u00edpios potiguares apresentaram algum n\u00edvel de seca no m\u00eas de junho\"},{\"@type\":\"BreadcrumbList\",\"@id\":\"https:\\\/\\\/www.fazendaboqueiraorn.com.br\\\/84-dos-municipios-potiguares-apresentaram-algum-nivel-de-seca-no-mes-de-junho\\\/#breadcrumb\",\"itemListElement\":[{\"@type\":\"ListItem\",\"position\":1,\"name\":\"Home\",\"item\":\"https:\\\/\\\/www.fazendaboqueiraorn.com.br\\\/\"},{\"@type\":\"ListItem\",\"position\":2,\"name\":\"\u00a084% dos munic\u00edpios potiguares apresentaram algum n\u00edvel de seca no m\u00eas de junho\"}]},{\"@type\":\"WebSite\",\"@id\":\"https:\\\/\\\/www.fazendaboqueiraorn.com.br\\\/#website\",\"url\":\"https:\\\/\\\/www.fazendaboqueiraorn.com.br\\\/\",\"name\":\"Fazenda Boqueir\u00e3o\",\"description\":\"\",\"publisher\":{\"@id\":\"https:\\\/\\\/www.fazendaboqueiraorn.com.br\\\/#organization\"},\"potentialAction\":[{\"@type\":\"SearchAction\",\"target\":{\"@type\":\"EntryPoint\",\"urlTemplate\":\"https:\\\/\\\/www.fazendaboqueiraorn.com.br\\\/?s={search_term_string}\"},\"query-input\":{\"@type\":\"PropertyValueSpecification\",\"valueRequired\":true,\"valueName\":\"search_term_string\"}}],\"inLanguage\":\"en-US\"},{\"@type\":\"Organization\",\"@id\":\"https:\\\/\\\/www.fazendaboqueiraorn.com.br\\\/#organization\",\"name\":\"Fazenda Boqueir\u00e3o\",\"url\":\"https:\\\/\\\/www.fazendaboqueiraorn.com.br\\\/\",\"logo\":{\"@type\":\"ImageObject\",\"inLanguage\":\"en-US\",\"@id\":\"https:\\\/\\\/www.fazendaboqueiraorn.com.br\\\/#\\\/schema\\\/logo\\\/image\\\/\",\"url\":\"https:\\\/\\\/i0.wp.com\\\/www.fazendaboqueiraorn.com.br\\\/wp-content\\\/uploads\\\/2021\\\/08\\\/logo-fazenda-120x120-1.png?fit=120%2C120&ssl=1\",\"contentUrl\":\"https:\\\/\\\/i0.wp.com\\\/www.fazendaboqueiraorn.com.br\\\/wp-content\\\/uploads\\\/2021\\\/08\\\/logo-fazenda-120x120-1.png?fit=120%2C120&ssl=1\",\"width\":120,\"height\":120,\"caption\":\"Fazenda Boqueir\u00e3o\"},\"image\":{\"@id\":\"https:\\\/\\\/www.fazendaboqueiraorn.com.br\\\/#\\\/schema\\\/logo\\\/image\\\/\"},\"sameAs\":[\"https:\\\/\\\/www.facebook.com\\\/fazboqueirao\",\"https:\\\/\\\/x.com\\\/FazBoqueirao\",\"http:\\\/\\\/instagram.com\\\/fazboqueirao\\\/\",\"https:\\\/\\\/www.linkedin.com\\\/company\\\/fazboqueirao\\\/\",\"https:\\\/\\\/www.youtube.com\\\/channel\\\/UCUA4_8v8HkmMeNUh8c6Ky1Q\"]},{\"@type\":\"Person\",\"@id\":\"https:\\\/\\\/www.fazendaboqueiraorn.com.br\\\/#\\\/schema\\\/person\\\/70484dc96f76e66c6365a9f4a2ebfb02\",\"name\":\"Fazenda Boqueir\u00e3o\",\"image\":{\"@type\":\"ImageObject\",\"inLanguage\":\"en-US\",\"@id\":\"https:\\\/\\\/secure.gravatar.com\\\/avatar\\\/19f19467ae305ded5d913deae2fb6c6f29fe88a0a7f3a4dca5679407289a9efd?s=96&d=mm&r=g\",\"url\":\"https:\\\/\\\/secure.gravatar.com\\\/avatar\\\/19f19467ae305ded5d913deae2fb6c6f29fe88a0a7f3a4dca5679407289a9efd?s=96&d=mm&r=g\",\"contentUrl\":\"https:\\\/\\\/secure.gravatar.com\\\/avatar\\\/19f19467ae305ded5d913deae2fb6c6f29fe88a0a7f3a4dca5679407289a9efd?s=96&d=mm&r=g\",\"caption\":\"Fazenda Boqueir\u00e3o\"},\"url\":\"https:\\\/\\\/www.fazendaboqueiraorn.com.br\\\/en\\\/author\\\/fazenda\\\/\"}]}<\/script>\n<!-- \/ Yoast SEO plugin. -->","yoast_head_json":{"title":"\u00a084% dos munic\u00edpios potiguares apresentaram algum n\u00edvel de seca no m\u00eas de junho","description":"Mais de 84% dos munic\u00edpios potiguares apresentaram algum n\u00edvel de seca no m\u00eas de junho, de acordo com os dados do Monitor da Seca.","robots":{"index":"index","follow":"follow","max-snippet":"max-snippet:-1","max-image-preview":"max-image-preview:large","max-video-preview":"max-video-preview:-1"},"canonical":"https:\/\/www.fazendaboqueiraorn.com.br\/en\/84-dos-municipios-potiguares-apresentaram-algum-nivel-de-seca-no-mes-de-junho\/","og_locale":"en_US","og_type":"article","og_title":"\u00a084% dos munic\u00edpios potiguares apresentaram algum n\u00edvel de seca no m\u00eas de junho","og_description":"Mais de 84% dos munic\u00edpios potiguares apresentaram algum n\u00edvel de seca no m\u00eas de junho, de acordo com os dados do Monitor da Seca.","og_url":"https:\/\/www.fazendaboqueiraorn.com.br\/en\/84-dos-municipios-potiguares-apresentaram-algum-nivel-de-seca-no-mes-de-junho\/","og_site_name":"Fazenda Boqueir\u00e3o","article_publisher":"https:\/\/www.facebook.com\/fazboqueirao","article_published_time":"2025-07-22T02:16:01+00:00","article_modified_time":"2025-07-22T02:16:08+00:00","og_image":[{"width":626,"height":327,"url":"https:\/\/www.fazendaboqueiraorn.com.br\/wp-content\/uploads\/2025\/07\/84-municipios-rn-seca.webp","type":"image\/webp"}],"author":"Fazenda Boqueir\u00e3o","twitter_card":"summary_large_image","twitter_creator":"@FazBoqueirao","twitter_site":"@FazBoqueirao","twitter_misc":{"Written by":"Fazenda Boqueir\u00e3o","Est. reading time":"2 minutes"},"schema":{"@context":"https:\/\/schema.org","@graph":[{"@type":"Article","@id":"https:\/\/www.fazendaboqueiraorn.com.br\/84-dos-municipios-potiguares-apresentaram-algum-nivel-de-seca-no-mes-de-junho\/#article","isPartOf":{"@id":"https:\/\/www.fazendaboqueiraorn.com.br\/84-dos-municipios-potiguares-apresentaram-algum-nivel-de-seca-no-mes-de-junho\/"},"author":{"name":"Fazenda Boqueir\u00e3o","@id":"https:\/\/www.fazendaboqueiraorn.com.br\/#\/schema\/person\/70484dc96f76e66c6365a9f4a2ebfb02"},"headline":"\u00a084% dos munic\u00edpios potiguares apresentaram algum n\u00edvel de seca no m\u00eas de junho","datePublished":"2025-07-22T02:16:01+00:00","dateModified":"2025-07-22T02:16:08+00:00","mainEntityOfPage":{"@id":"https:\/\/www.fazendaboqueiraorn.com.br\/84-dos-municipios-potiguares-apresentaram-algum-nivel-de-seca-no-mes-de-junho\/"},"wordCount":216,"commentCount":0,"publisher":{"@id":"https:\/\/www.fazendaboqueiraorn.com.br\/#organization"},"image":{"@id":"https:\/\/www.fazendaboqueiraorn.com.br\/84-dos-municipios-potiguares-apresentaram-algum-nivel-de-seca-no-mes-de-junho\/#primaryimage"},"thumbnailUrl":"https:\/\/i0.wp.com\/www.fazendaboqueiraorn.com.br\/wp-content\/uploads\/2025\/07\/84-municipios-rn-seca.webp?fit=626%2C327&ssl=1","keywords":["2022","2023","2025","Ag\u00ebncia Nacional de \u00c1guas","ANA","Emparn","gado","Monitor da Seca","seca"],"articleSection":["Not\u00edcias"],"inLanguage":"en-US","potentialAction":[{"@type":"CommentAction","name":"Comment","target":["https:\/\/www.fazendaboqueiraorn.com.br\/84-dos-municipios-potiguares-apresentaram-algum-nivel-de-seca-no-mes-de-junho\/#respond"]}]},{"@type":"WebPage","@id":"https:\/\/www.fazendaboqueiraorn.com.br\/84-dos-municipios-potiguares-apresentaram-algum-nivel-de-seca-no-mes-de-junho\/","url":"https:\/\/www.fazendaboqueiraorn.com.br\/84-dos-municipios-potiguares-apresentaram-algum-nivel-de-seca-no-mes-de-junho\/","name":"\u00a084% dos munic\u00edpios potiguares apresentaram algum n\u00edvel de seca no m\u00eas de junho","isPartOf":{"@id":"https:\/\/www.fazendaboqueiraorn.com.br\/#website"},"primaryImageOfPage":{"@id":"https:\/\/www.fazendaboqueiraorn.com.br\/84-dos-municipios-potiguares-apresentaram-algum-nivel-de-seca-no-mes-de-junho\/#primaryimage"},"image":{"@id":"https:\/\/www.fazendaboqueiraorn.com.br\/84-dos-municipios-potiguares-apresentaram-algum-nivel-de-seca-no-mes-de-junho\/#primaryimage"},"thumbnailUrl":"https:\/\/i0.wp.com\/www.fazendaboqueiraorn.com.br\/wp-content\/uploads\/2025\/07\/84-municipios-rn-seca.webp?fit=626%2C327&ssl=1","datePublished":"2025-07-22T02:16:01+00:00","dateModified":"2025-07-22T02:16:08+00:00","description":"Mais de 84% dos munic\u00edpios potiguares apresentaram algum n\u00edvel de seca no m\u00eas de junho, de acordo com os dados do Monitor da Seca.","breadcrumb":{"@id":"https:\/\/www.fazendaboqueiraorn.com.br\/84-dos-municipios-potiguares-apresentaram-algum-nivel-de-seca-no-mes-de-junho\/#breadcrumb"},"inLanguage":"en-US","potentialAction":[{"@type":"ReadAction","target":["https:\/\/www.fazendaboqueiraorn.com.br\/84-dos-municipios-potiguares-apresentaram-algum-nivel-de-seca-no-mes-de-junho\/"]}]},{"@type":"ImageObject","inLanguage":"en-US","@id":"https:\/\/www.fazendaboqueiraorn.com.br\/84-dos-municipios-potiguares-apresentaram-algum-nivel-de-seca-no-mes-de-junho\/#primaryimage","url":"https:\/\/i0.wp.com\/www.fazendaboqueiraorn.com.br\/wp-content\/uploads\/2025\/07\/84-municipios-rn-seca.webp?fit=626%2C327&ssl=1","contentUrl":"https:\/\/i0.wp.com\/www.fazendaboqueiraorn.com.br\/wp-content\/uploads\/2025\/07\/84-municipios-rn-seca.webp?fit=626%2C327&ssl=1","width":626,"height":327,"caption":"84% dos munic\u00edpios potiguares apresentaram algum n\u00edvel de seca no m\u00eas de junho"},{"@type":"BreadcrumbList","@id":"https:\/\/www.fazendaboqueiraorn.com.br\/84-dos-municipios-potiguares-apresentaram-algum-nivel-de-seca-no-mes-de-junho\/#breadcrumb","itemListElement":[{"@type":"ListItem","position":1,"name":"Home","item":"https:\/\/www.fazendaboqueiraorn.com.br\/"},{"@type":"ListItem","position":2,"name":"\u00a084% dos munic\u00edpios potiguares apresentaram algum n\u00edvel de seca no m\u00eas de junho"}]},{"@type":"WebSite","@id":"https:\/\/www.fazendaboqueiraorn.com.br\/#website","url":"https:\/\/www.fazendaboqueiraorn.com.br\/","name":"Fazenda Boqueir\u00e3o","description":"","publisher":{"@id":"https:\/\/www.fazendaboqueiraorn.com.br\/#organization"},"potentialAction":[{"@type":"SearchAction","target":{"@type":"EntryPoint","urlTemplate":"https:\/\/www.fazendaboqueiraorn.com.br\/?s={search_term_string}"},"query-input":{"@type":"PropertyValueSpecification","valueRequired":true,"valueName":"search_term_string"}}],"inLanguage":"en-US"},{"@type":"Organization","@id":"https:\/\/www.fazendaboqueiraorn.com.br\/#organization","name":"Fazenda Boqueir\u00e3o","url":"https:\/\/www.fazendaboqueiraorn.com.br\/","logo":{"@type":"ImageObject","inLanguage":"en-US","@id":"https:\/\/www.fazendaboqueiraorn.com.br\/#\/schema\/logo\/image\/","url":"https:\/\/i0.wp.com\/www.fazendaboqueiraorn.com.br\/wp-content\/uploads\/2021\/08\/logo-fazenda-120x120-1.png?fit=120%2C120&ssl=1","contentUrl":"https:\/\/i0.wp.com\/www.fazendaboqueiraorn.com.br\/wp-content\/uploads\/2021\/08\/logo-fazenda-120x120-1.png?fit=120%2C120&ssl=1","width":120,"height":120,"caption":"Fazenda Boqueir\u00e3o"},"image":{"@id":"https:\/\/www.fazendaboqueiraorn.com.br\/#\/schema\/logo\/image\/"},"sameAs":["https:\/\/www.facebook.com\/fazboqueirao","https:\/\/x.com\/FazBoqueirao","http:\/\/instagram.com\/fazboqueirao\/","https:\/\/www.linkedin.com\/company\/fazboqueirao\/","https:\/\/www.youtube.com\/channel\/UCUA4_8v8HkmMeNUh8c6Ky1Q"]},{"@type":"Person","@id":"https:\/\/www.fazendaboqueiraorn.com.br\/#\/schema\/person\/70484dc96f76e66c6365a9f4a2ebfb02","name":"Fazenda Boqueir\u00e3o","image":{"@type":"ImageObject","inLanguage":"en-US","@id":"https:\/\/secure.gravatar.com\/avatar\/19f19467ae305ded5d913deae2fb6c6f29fe88a0a7f3a4dca5679407289a9efd?s=96&d=mm&r=g","url":"https:\/\/secure.gravatar.com\/avatar\/19f19467ae305ded5d913deae2fb6c6f29fe88a0a7f3a4dca5679407289a9efd?s=96&d=mm&r=g","contentUrl":"https:\/\/secure.gravatar.com\/avatar\/19f19467ae305ded5d913deae2fb6c6f29fe88a0a7f3a4dca5679407289a9efd?s=96&d=mm&r=g","caption":"Fazenda Boqueir\u00e3o"},"url":"https:\/\/www.fazendaboqueiraorn.com.br\/en\/author\/fazenda\/"}]}},"jetpack_publicize_connections":[],"uagb_featured_image_src":{"full":["https:\/\/i0.wp.com\/www.fazendaboqueiraorn.com.br\/wp-content\/uploads\/2025\/07\/84-municipios-rn-seca.webp?fit=626%2C327&ssl=1",626,327,false],"thumbnail":["https:\/\/i0.wp.com\/www.fazendaboqueiraorn.com.br\/wp-content\/uploads\/2025\/07\/84-municipios-rn-seca.webp?resize=150%2C150&ssl=1",150,150,true],"medium":["https:\/\/i0.wp.com\/www.fazendaboqueiraorn.com.br\/wp-content\/uploads\/2025\/07\/84-municipios-rn-seca.webp?fit=300%2C157&ssl=1",300,157,true],"medium_large":["https:\/\/i0.wp.com\/www.fazendaboqueiraorn.com.br\/wp-content\/uploads\/2025\/07\/84-municipios-rn-seca.webp?fit=626%2C327&ssl=1",626,327,true],"large":["https:\/\/i0.wp.com\/www.fazendaboqueiraorn.com.br\/wp-content\/uploads\/2025\/07\/84-municipios-rn-seca.webp?fit=626%2C327&ssl=1",626,327,true],"1536x1536":["https:\/\/i0.wp.com\/www.fazendaboqueiraorn.com.br\/wp-content\/uploads\/2025\/07\/84-municipios-rn-seca.webp?fit=626%2C327&ssl=1",626,327,true],"2048x2048":["https:\/\/i0.wp.com\/www.fazendaboqueiraorn.com.br\/wp-content\/uploads\/2025\/07\/84-municipios-rn-seca.webp?fit=626%2C327&ssl=1",626,327,true],"trp-custom-language-flag":["https:\/\/i0.wp.com\/www.fazendaboqueiraorn.com.br\/wp-content\/uploads\/2025\/07\/84-municipios-rn-seca.webp?fit=18%2C9&ssl=1",18,9,true],"ultp_layout_landscape_large":["https:\/\/i0.wp.com\/www.fazendaboqueiraorn.com.br\/wp-content\/uploads\/2025\/07\/84-municipios-rn-seca.webp?resize=626%2C327&ssl=1",626,327,true],"ultp_layout_landscape":["https:\/\/i0.wp.com\/www.fazendaboqueiraorn.com.br\/wp-content\/uploads\/2025\/07\/84-municipios-rn-seca.webp?resize=626%2C327&ssl=1",626,327,true],"ultp_layout_portrait":["https:\/\/i0.wp.com\/www.fazendaboqueiraorn.com.br\/wp-content\/uploads\/2025\/07\/84-municipios-rn-seca.webp?resize=600%2C327&ssl=1",600,327,true],"ultp_layout_square":["https:\/\/i0.wp.com\/www.fazendaboqueiraorn.com.br\/wp-content\/uploads\/2025\/07\/84-municipios-rn-seca.webp?resize=600%2C327&ssl=1",600,327,true],"woocommerce_thumbnail":["https:\/\/www.fazendaboqueiraorn.com.br\/wp-content\/uploads\/2025\/07\/84-municipios-rn-seca-300x300.webp",300,300,true],"woocommerce_single":["https:\/\/www.fazendaboqueiraorn.com.br\/wp-content\/uploads\/2025\/07\/84-municipios-rn-seca.webp",600,313,false],"woocommerce_gallery_thumbnail":["https:\/\/www.fazendaboqueiraorn.com.br\/wp-content\/uploads\/2025\/07\/84-municipios-rn-seca-100x100.webp",100,100,true],"web-stories-poster-portrait":["https:\/\/www.fazendaboqueiraorn.com.br\/wp-content\/uploads\/2025\/07\/84-municipios-rn-seca.webp",626,327,false],"web-stories-publisher-logo":["https:\/\/www.fazendaboqueiraorn.com.br\/wp-content\/uploads\/2025\/07\/84-municipios-rn-seca-96x96.webp",96,96,true],"web-stories-thumbnail":["https:\/\/www.fazendaboqueiraorn.com.br\/wp-content\/uploads\/2025\/07\/84-municipios-rn-seca-150x78.webp",150,78,true]},"uagb_author_info":{"display_name":"Fazenda Boqueir\u00e3o","author_link":"https:\/\/www.fazendaboqueiraorn.com.br\/en\/author\/fazenda\/"},"uagb_comment_info":0,"uagb_excerpt":"Mais de 84% dos munic\u00edpios potiguares apresentaram algum n\u00edvel de seca no m\u00eas de junho, de acordo com os dados do Monitor da Seca, da Ag\u00eancia Nacional de \u00c1guas.","jetpack_featured_media_url":"https:\/\/i0.wp.com\/www.fazendaboqueiraorn.com.br\/wp-content\/uploads\/2025\/07\/84-municipios-rn-seca.webp?fit=626%2C327&ssl=1","jetpack_sharing_enabled":true,"jetpack_likes_enabled":true,"_links":{"self":[{"href":"https:\/\/www.fazendaboqueiraorn.com.br\/en\/wp-json\/wp\/v2\/posts\/8441","targetHints":{"allow":["GET"]}}],"collection":[{"href":"https:\/\/www.fazendaboqueiraorn.com.br\/en\/wp-json\/wp\/v2\/posts"}],"about":[{"href":"https:\/\/www.fazendaboqueiraorn.com.br\/en\/wp-json\/wp\/v2\/types\/post"}],"author":[{"embeddable":true,"href":"https:\/\/www.fazendaboqueiraorn.com.br\/en\/wp-json\/wp\/v2\/users\/2"}],"replies":[{"embeddable":true,"href":"https:\/\/www.fazendaboqueiraorn.com.br\/en\/wp-json\/wp\/v2\/comments?post=8441"}],"version-history":[{"count":1,"href":"https:\/\/www.fazendaboqueiraorn.com.br\/en\/wp-json\/wp\/v2\/posts\/8441\/revisions"}],"predecessor-version":[{"id":8464,"href":"https:\/\/www.fazendaboqueiraorn.com.br\/en\/wp-json\/wp\/v2\/posts\/8441\/revisions\/8464"}],"wp:featuredmedia":[{"embeddable":true,"href":"https:\/\/www.fazendaboqueiraorn.com.br\/en\/wp-json\/wp\/v2\/media\/8443"}],"wp:attachment":[{"href":"https:\/\/www.fazendaboqueiraorn.com.br\/en\/wp-json\/wp\/v2\/media?parent=8441"}],"wp:term":[{"taxonomy":"category","embeddable":true,"href":"https:\/\/www.fazendaboqueiraorn.com.br\/en\/wp-json\/wp\/v2\/categories?post=8441"},{"taxonomy":"post_tag","embeddable":true,"href":"https:\/\/www.fazendaboqueiraorn.com.br\/en\/wp-json\/wp\/v2\/tags?post=8441"}],"curies":[{"name":"wp","href":"https:\/\/api.w.org\/{rel}","templated":true}]}}