{"id":839,"date":"2021-12-02T09:00:00","date_gmt":"2021-12-02T12:00:00","guid":{"rendered":"https:\/\/www.fazendaboqueiraorn.com.br\/?p=839"},"modified":"2022-06-30T22:51:21","modified_gmt":"2022-07-01T01:51:21","slug":"programacao-da-63a-emancipacao-de-barcelona-rn","status":"publish","type":"post","link":"https:\/\/www.fazendaboqueiraorn.com.br\/en\/programacao-da-63a-emancipacao-de-barcelona-rn\/","title":{"rendered":"Programa\u00e7\u00e3o da 63\u00aa Emancipa\u00e7\u00e3o de Barcelona\/RN"},"content":{"rendered":"<figure class=\"wp-block-image size-large\"><img data-recalc-dims=\"1\" decoding=\"async\" width=\"905\" height=\"1024\" loading=\"lazy\" src=\"https:\/\/i0.wp.com\/www.fazendaboqueiraorn.com.br\/wp-content\/uploads\/2021\/12\/festa-emancipacao-905x1024.jpg?resize=905%2C1024&#038;ssl=1\" alt=\"\" class=\"wp-image-846\" srcset=\"https:\/\/i0.wp.com\/www.fazendaboqueiraorn.com.br\/wp-content\/uploads\/2021\/12\/festa-emancipacao-scaled.jpg?resize=905%2C1024&amp;ssl=1 905w, https:\/\/i0.wp.com\/www.fazendaboqueiraorn.com.br\/wp-content\/uploads\/2021\/12\/festa-emancipacao-scaled.jpg?resize=600%2C679&amp;ssl=1 600w, https:\/\/i0.wp.com\/www.fazendaboqueiraorn.com.br\/wp-content\/uploads\/2021\/12\/festa-emancipacao-scaled.jpg?resize=265%2C300&amp;ssl=1 265w, https:\/\/i0.wp.com\/www.fazendaboqueiraorn.com.br\/wp-content\/uploads\/2021\/12\/festa-emancipacao-scaled.jpg?resize=768%2C869&amp;ssl=1 768w, https:\/\/i0.wp.com\/www.fazendaboqueiraorn.com.br\/wp-content\/uploads\/2021\/12\/festa-emancipacao-scaled.jpg?resize=11%2C12&amp;ssl=1 11w, https:\/\/i0.wp.com\/www.fazendaboqueiraorn.com.br\/wp-content\/uploads\/2021\/12\/festa-emancipacao-scaled.jpg?resize=796%2C900&amp;ssl=1 796w, https:\/\/i0.wp.com\/www.fazendaboqueiraorn.com.br\/wp-content\/uploads\/2021\/12\/festa-emancipacao-scaled.jpg?w=884&amp;ssl=1 884w\" sizes=\"auto, (max-width: 905px) 100vw, 905px\" \/><\/figure>\n\n\n\n<figure class=\"wp-block-image size-large\"><img data-recalc-dims=\"1\" decoding=\"async\" width=\"1024\" height=\"1024\" loading=\"lazy\" src=\"https:\/\/i0.wp.com\/www.fazendaboqueiraorn.com.br\/wp-content\/uploads\/2021\/12\/63-emancipacao-1024x1024.jpg?resize=1024%2C1024&#038;ssl=1\" alt=\"\" class=\"wp-image-841\" srcset=\"https:\/\/i0.wp.com\/www.fazendaboqueiraorn.com.br\/wp-content\/uploads\/2021\/12\/63-emancipacao-scaled.jpg?resize=1024%2C1024&amp;ssl=1 1024w, https:\/\/i0.wp.com\/www.fazendaboqueiraorn.com.br\/wp-content\/uploads\/2021\/12\/63-emancipacao-scaled.jpg?resize=300%2C300&amp;ssl=1 300w, https:\/\/i0.wp.com\/www.fazendaboqueiraorn.com.br\/wp-content\/uploads\/2021\/12\/63-emancipacao-scaled.jpg?resize=100%2C100&amp;ssl=1 100w, https:\/\/i0.wp.com\/www.fazendaboqueiraorn.com.br\/wp-content\/uploads\/2021\/12\/63-emancipacao-scaled.jpg?resize=600%2C600&amp;ssl=1 600w, https:\/\/i0.wp.com\/www.fazendaboqueiraorn.com.br\/wp-content\/uploads\/2021\/12\/63-emancipacao-scaled.jpg?resize=150%2C150&amp;ssl=1 150w, https:\/\/i0.wp.com\/www.fazendaboqueiraorn.com.br\/wp-content\/uploads\/2021\/12\/63-emancipacao-scaled.jpg?resize=768%2C768&amp;ssl=1 768w, https:\/\/i0.wp.com\/www.fazendaboqueiraorn.com.br\/wp-content\/uploads\/2021\/12\/63-emancipacao-scaled.jpg?resize=12%2C12&amp;ssl=1 12w, https:\/\/i0.wp.com\/www.fazendaboqueiraorn.com.br\/wp-content\/uploads\/2021\/12\/63-emancipacao-scaled.jpg?resize=900%2C900&amp;ssl=1 900w, https:\/\/i0.wp.com\/www.fazendaboqueiraorn.com.br\/wp-content\/uploads\/2021\/12\/63-emancipacao-scaled.jpg?w=1000&amp;ssl=1 1000w\" sizes=\"auto, (max-width: 1000px) 100vw, 1000px\" \/><\/figure>\n\n\n\n<p>A Prefeitura de Barcelona vai promover as comemora\u00e7\u00f5es dos 63 anos de emancipa\u00e7\u00e3o pol\u00edtica do munic\u00edpio. A programa\u00e7\u00e3o ter\u00e1 in\u00edcio no dia 16 de dezembro e estender\u00e1 at\u00e9 dia 21. <\/p>\n\n\n\n<p>No dia em que comemoramos a emancipa\u00e7\u00e3o, 17 de dezembro, a programa\u00e7\u00e3o conta alvorada; hasteamento das bandeiras e caf\u00e9 da manh\u00e3; entrega das cestas b\u00e1sicas; missa e solenidade na C\u00e2mara.<\/p>\n\n\n\n<h2 class=\"wp-block-heading\">16\/12\/2021<\/h2>\n\n\n\n<p>19:00 &#8211; Culto de A\u00e7\u00e3o de Gra\u00e7as na C\u00e2mara Municipal<\/p>\n\n\n\n<h2 class=\"wp-block-heading\">17\/12\/2021<\/h2>\n\n\n\n<p>06:00 &#8211; Alvorada<\/p>\n\n\n\n<p>07:00 &#8211; Hasteamento das bandeiras com Caf\u00e9 da Manh\u00e3<\/p>\n\n\n\n<p>08:00 &#8211; Entrega de cestas b\u00e1sicas ao projeto Bom de bola, bom de escola<\/p>\n\n\n\n<p>18:00 &#8211; Missa Solene na Igreja Matriz<\/p>\n\n\n\n<p>19:30 &#8211; Sess\u00e3o solene na C\u00e2mara Municipal<\/p>\n\n\n\n<h2 class=\"wp-block-heading\">18\/12\/2021<\/h2>\n\n\n\n<p>16:00 &#8211; Corrida Pedra da F\u00e9<\/p>\n\n\n\n<p>22:00 &#8211; Forr\u00f3 dos 3, Forr\u00f3 Meir\u00e3o e Litto Lins &#8211; Festa social no Pavilh\u00e3o do Forr\u00f3<\/p>\n\n\n\n<h2 class=\"wp-block-heading\">21\/12\/2021<\/h2>\n\n\n\n<p>Jantar do servidor na Escola Municipal Pedro de Azevedo Maia<\/p>","protected":false},"excerpt":{"rendered":"<p>A Prefeitura de Barcelona vai promover as comemora\u00e7\u00f5es dos 63 anos de emancipa\u00e7\u00e3o pol\u00edtica do munic\u00edpio. A programa\u00e7\u00e3o ter\u00e1 in\u00edcio no dia 16 de dezembro e estender\u00e1 at\u00e9 dia 21. <\/p>","protected":false},"author":2,"featured_media":846,"comment_status":"open","ping_status":"open","sticky":false,"template":"","format":"standard","meta":{"nf_dc_page":"","_uag_custom_page_level_css":"","site-sidebar-layout":"default","site-content-layout":"","ast-site-content-layout":"default","site-content-style":"default","site-sidebar-style":"default","ast-global-header-display":"","ast-banner-title-visibility":"","ast-main-header-display":"","ast-hfb-above-header-display":"","ast-hfb-below-header-display":"","ast-hfb-mobile-header-display":"","site-post-title":"","ast-breadcrumbs-content":"","ast-featured-img":"","footer-sml-layout":"","ast-disable-related-posts":"","theme-transparent-header-meta":"","adv-header-id-meta":"","stick-header-meta":"","header-above-stick-meta":"","header-main-stick-meta":"","header-below-stick-meta":"","astra-migrate-meta-layouts":"default","ast-page-background-enabled":"default","ast-page-background-meta":{"desktop":{"background-color":"var(--ast-global-color-4)","background-image":"","background-repeat":"repeat","background-position":"center center","background-size":"auto","background-attachment":"scroll","background-type":"","background-media":"","overlay-type":"","overlay-color":"","overlay-opacity":"","overlay-gradient":""},"tablet":{"background-color":"","background-image":"","background-repeat":"repeat","background-position":"center center","background-size":"auto","background-attachment":"scroll","background-type":"","background-media":"","overlay-type":"","overlay-color":"","overlay-opacity":"","overlay-gradient":""},"mobile":{"background-color":"","background-image":"","background-repeat":"repeat","background-position":"center center","background-size":"auto","background-attachment":"scroll","background-type":"","background-media":"","overlay-type":"","overlay-color":"","overlay-opacity":"","overlay-gradient":""}},"ast-content-background-meta":{"desktop":{"background-color":"var(--ast-global-color-5)","background-image":"","background-repeat":"repeat","background-position":"center center","background-size":"auto","background-attachment":"scroll","background-type":"","background-media":"","overlay-type":"","overlay-color":"","overlay-opacity":"","overlay-gradient":""},"tablet":{"background-color":"var(--ast-global-color-5)","background-image":"","background-repeat":"repeat","background-position":"center center","background-size":"auto","background-attachment":"scroll","background-type":"","background-media":"","overlay-type":"","overlay-color":"","overlay-opacity":"","overlay-gradient":""},"mobile":{"background-color":"var(--ast-global-color-5)","background-image":"","background-repeat":"repeat","background-position":"center center","background-size":"auto","background-attachment":"scroll","background-type":"","background-media":"","overlay-type":"","overlay-color":"","overlay-opacity":"","overlay-gradient":""}},"jetpack_post_was_ever_published":false,"_jetpack_newsletter_access":"","_jetpack_dont_email_post_to_subs":false,"_jetpack_newsletter_tier_id":0,"_jetpack_memberships_contains_paywalled_content":false,"_jetpack_memberships_contains_paid_content":false,"footnotes":"","jetpack_publicize_message":"","jetpack_publicize_feature_enabled":true,"jetpack_social_post_already_shared":true,"jetpack_social_options":{"image_generator_settings":{"template":"highway","default_image_id":0,"font":"","enabled":false},"version":2}},"categories":[429],"tags":[201,166,203,13,206,174,175,202,200,209,204,207,176,85,205],"class_list":["post-839","post","type-post","status-publish","format-standard","has-post-thumbnail","hentry","category-eventos","tag-17-de-dezembro","tag-166","tag-alvorada","tag-barcelona","tag-camara-municipal","tag-corrida","tag-corrida-pedra-da-fe","tag-culto","tag-emancipacao","tag-jantar","tag-missa","tag-pavilhao-do-forro","tag-pedra-da-fe","tag-prefeitura","tag-sessao-solene"],"yoast_head":"<!-- This site is optimized with the Yoast SEO plugin v27.4 - https:\/\/yoast.com\/product\/yoast-seo-wordpress\/ -->\n<title>Programa\u00e7\u00e3o da 63\u00aa Emancipa\u00e7\u00e3o de Barcelona\/RN - Fazenda Boqueir\u00e3o<\/title>\n<meta name=\"description\" content=\"A Prefeitura de Barcelona vai promover as comemora\u00e7\u00f5es dos 63 anos de emancipa\u00e7\u00e3o pol\u00edtica do munic\u00edpio. A programa\u00e7\u00e3o ter\u00e1 in\u00edcio no dia 16 de dezembro e estender\u00e1 at\u00e9 dia 21.\" \/>\n<meta name=\"robots\" content=\"index, follow, max-snippet:-1, max-image-preview:large, max-video-preview:-1\" \/>\n<link rel=\"canonical\" href=\"https:\/\/www.fazendaboqueiraorn.com.br\/en\/programacao-da-63a-emancipacao-de-barcelona-rn\/\" \/>\n<meta property=\"og:locale\" content=\"en_US\" \/>\n<meta property=\"og:type\" content=\"article\" \/>\n<meta property=\"og:title\" content=\"Programa\u00e7\u00e3o da 63\u00aa Emancipa\u00e7\u00e3o de Barcelona\/RN - Fazenda Boqueir\u00e3o\" \/>\n<meta property=\"og:description\" content=\"A Prefeitura de Barcelona vai promover as comemora\u00e7\u00f5es dos 63 anos de emancipa\u00e7\u00e3o pol\u00edtica do munic\u00edpio. A programa\u00e7\u00e3o ter\u00e1 in\u00edcio no dia 16 de dezembro e estender\u00e1 at\u00e9 dia 21.\" \/>\n<meta property=\"og:url\" content=\"https:\/\/www.fazendaboqueiraorn.com.br\/en\/programacao-da-63a-emancipacao-de-barcelona-rn\/\" \/>\n<meta property=\"og:site_name\" content=\"Fazenda Boqueir\u00e3o\" \/>\n<meta property=\"article:publisher\" content=\"https:\/\/www.facebook.com\/fazboqueirao\" \/>\n<meta property=\"article:published_time\" content=\"2021-12-02T12:00:00+00:00\" \/>\n<meta property=\"article:modified_time\" content=\"2022-07-01T01:51:21+00:00\" \/>\n<meta property=\"og:image\" content=\"https:\/\/www.fazendaboqueiraorn.com.br\/wp-content\/uploads\/2021\/12\/festa-emancipacao.jpg\" \/>\n\t<meta property=\"og:image:width\" content=\"1280\" \/>\n\t<meta property=\"og:image:height\" content=\"1448\" \/>\n\t<meta property=\"og:image:type\" content=\"image\/jpeg\" \/>\n<meta name=\"author\" content=\"Fazenda Boqueir\u00e3o\" \/>\n<meta name=\"twitter:card\" content=\"summary_large_image\" \/>\n<meta name=\"twitter:creator\" content=\"@FazBoqueirao\" \/>\n<meta name=\"twitter:site\" content=\"@FazBoqueirao\" \/>\n<meta name=\"twitter:label1\" content=\"Written by\" \/>\n\t<meta name=\"twitter:data1\" content=\"Fazenda Boqueir\u00e3o\" \/>\n\t<meta name=\"twitter:label2\" content=\"Est. reading time\" \/>\n\t<meta name=\"twitter:data2\" content=\"2 minutes\" \/>\n<script type=\"application\/ld+json\" class=\"yoast-schema-graph\">{\"@context\":\"https:\\\/\\\/schema.org\",\"@graph\":[{\"@type\":\"Article\",\"@id\":\"https:\\\/\\\/www.fazendaboqueiraorn.com.br\\\/programacao-da-63a-emancipacao-de-barcelona-rn\\\/#article\",\"isPartOf\":{\"@id\":\"https:\\\/\\\/www.fazendaboqueiraorn.com.br\\\/programacao-da-63a-emancipacao-de-barcelona-rn\\\/\"},\"author\":{\"name\":\"Fazenda Boqueir\u00e3o\",\"@id\":\"https:\\\/\\\/www.fazendaboqueiraorn.com.br\\\/#\\\/schema\\\/person\\\/70484dc96f76e66c6365a9f4a2ebfb02\"},\"headline\":\"Programa\u00e7\u00e3o da 63\u00aa Emancipa\u00e7\u00e3o de Barcelona\\\/RN\",\"datePublished\":\"2021-12-02T12:00:00+00:00\",\"dateModified\":\"2022-07-01T01:51:21+00:00\",\"mainEntityOfPage\":{\"@id\":\"https:\\\/\\\/www.fazendaboqueiraorn.com.br\\\/programacao-da-63a-emancipacao-de-barcelona-rn\\\/\"},\"wordCount\":156,\"commentCount\":0,\"publisher\":{\"@id\":\"https:\\\/\\\/www.fazendaboqueiraorn.com.br\\\/#organization\"},\"image\":{\"@id\":\"https:\\\/\\\/www.fazendaboqueiraorn.com.br\\\/programacao-da-63a-emancipacao-de-barcelona-rn\\\/#primaryimage\"},\"thumbnailUrl\":\"https:\\\/\\\/i0.wp.com\\\/www.fazendaboqueiraorn.com.br\\\/wp-content\\\/uploads\\\/2021\\\/12\\\/festa-emancipacao-scaled.jpg?fit=884%2C1000&ssl=1\",\"keywords\":[\"17 de dezembro\",\"2021\",\"alvorada\",\"Barcelona\",\"c\u00e2mara municipal\",\"corrida\",\"Corrida Pedra da F\u00e9\",\"culto\",\"emancipa\u00e7\u00e3o\",\"jantar\",\"missa\",\"Pavilh\u00e3o do Forr\u00f3\",\"Pedra da F\u00e9\",\"prefeitura\",\"sess\u00e3o solene\"],\"articleSection\":[\"Eventos\"],\"inLanguage\":\"en-US\",\"potentialAction\":[{\"@type\":\"CommentAction\",\"name\":\"Comment\",\"target\":[\"https:\\\/\\\/www.fazendaboqueiraorn.com.br\\\/programacao-da-63a-emancipacao-de-barcelona-rn\\\/#respond\"]}]},{\"@type\":\"WebPage\",\"@id\":\"https:\\\/\\\/www.fazendaboqueiraorn.com.br\\\/programacao-da-63a-emancipacao-de-barcelona-rn\\\/\",\"url\":\"https:\\\/\\\/www.fazendaboqueiraorn.com.br\\\/programacao-da-63a-emancipacao-de-barcelona-rn\\\/\",\"name\":\"Programa\u00e7\u00e3o da 63\u00aa Emancipa\u00e7\u00e3o de Barcelona\\\/RN - Fazenda Boqueir\u00e3o\",\"isPartOf\":{\"@id\":\"https:\\\/\\\/www.fazendaboqueiraorn.com.br\\\/#website\"},\"primaryImageOfPage\":{\"@id\":\"https:\\\/\\\/www.fazendaboqueiraorn.com.br\\\/programacao-da-63a-emancipacao-de-barcelona-rn\\\/#primaryimage\"},\"image\":{\"@id\":\"https:\\\/\\\/www.fazendaboqueiraorn.com.br\\\/programacao-da-63a-emancipacao-de-barcelona-rn\\\/#primaryimage\"},\"thumbnailUrl\":\"https:\\\/\\\/i0.wp.com\\\/www.fazendaboqueiraorn.com.br\\\/wp-content\\\/uploads\\\/2021\\\/12\\\/festa-emancipacao-scaled.jpg?fit=884%2C1000&ssl=1\",\"datePublished\":\"2021-12-02T12:00:00+00:00\",\"dateModified\":\"2022-07-01T01:51:21+00:00\",\"description\":\"A Prefeitura de Barcelona vai promover as comemora\u00e7\u00f5es dos 63 anos de emancipa\u00e7\u00e3o pol\u00edtica do munic\u00edpio. A programa\u00e7\u00e3o ter\u00e1 in\u00edcio no dia 16 de dezembro e estender\u00e1 at\u00e9 dia 21.\",\"breadcrumb\":{\"@id\":\"https:\\\/\\\/www.fazendaboqueiraorn.com.br\\\/programacao-da-63a-emancipacao-de-barcelona-rn\\\/#breadcrumb\"},\"inLanguage\":\"en-US\",\"potentialAction\":[{\"@type\":\"ReadAction\",\"target\":[\"https:\\\/\\\/www.fazendaboqueiraorn.com.br\\\/programacao-da-63a-emancipacao-de-barcelona-rn\\\/\"]}]},{\"@type\":\"ImageObject\",\"inLanguage\":\"en-US\",\"@id\":\"https:\\\/\\\/www.fazendaboqueiraorn.com.br\\\/programacao-da-63a-emancipacao-de-barcelona-rn\\\/#primaryimage\",\"url\":\"https:\\\/\\\/i0.wp.com\\\/www.fazendaboqueiraorn.com.br\\\/wp-content\\\/uploads\\\/2021\\\/12\\\/festa-emancipacao-scaled.jpg?fit=884%2C1000&ssl=1\",\"contentUrl\":\"https:\\\/\\\/i0.wp.com\\\/www.fazendaboqueiraorn.com.br\\\/wp-content\\\/uploads\\\/2021\\\/12\\\/festa-emancipacao-scaled.jpg?fit=884%2C1000&ssl=1\",\"width\":884,\"height\":1000},{\"@type\":\"BreadcrumbList\",\"@id\":\"https:\\\/\\\/www.fazendaboqueiraorn.com.br\\\/programacao-da-63a-emancipacao-de-barcelona-rn\\\/#breadcrumb\",\"itemListElement\":[{\"@type\":\"ListItem\",\"position\":1,\"name\":\"Home\",\"item\":\"https:\\\/\\\/www.fazendaboqueiraorn.com.br\\\/\"},{\"@type\":\"ListItem\",\"position\":2,\"name\":\"Programa\u00e7\u00e3o da 63\u00aa Emancipa\u00e7\u00e3o de Barcelona\\\/RN\"}]},{\"@type\":\"WebSite\",\"@id\":\"https:\\\/\\\/www.fazendaboqueiraorn.com.br\\\/#website\",\"url\":\"https:\\\/\\\/www.fazendaboqueiraorn.com.br\\\/\",\"name\":\"Fazenda Boqueir\u00e3o\",\"description\":\"\",\"publisher\":{\"@id\":\"https:\\\/\\\/www.fazendaboqueiraorn.com.br\\\/#organization\"},\"potentialAction\":[{\"@type\":\"SearchAction\",\"target\":{\"@type\":\"EntryPoint\",\"urlTemplate\":\"https:\\\/\\\/www.fazendaboqueiraorn.com.br\\\/?s={search_term_string}\"},\"query-input\":{\"@type\":\"PropertyValueSpecification\",\"valueRequired\":true,\"valueName\":\"search_term_string\"}}],\"inLanguage\":\"en-US\"},{\"@type\":\"Organization\",\"@id\":\"https:\\\/\\\/www.fazendaboqueiraorn.com.br\\\/#organization\",\"name\":\"Fazenda Boqueir\u00e3o\",\"url\":\"https:\\\/\\\/www.fazendaboqueiraorn.com.br\\\/\",\"logo\":{\"@type\":\"ImageObject\",\"inLanguage\":\"en-US\",\"@id\":\"https:\\\/\\\/www.fazendaboqueiraorn.com.br\\\/#\\\/schema\\\/logo\\\/image\\\/\",\"url\":\"https:\\\/\\\/i0.wp.com\\\/www.fazendaboqueiraorn.com.br\\\/wp-content\\\/uploads\\\/2021\\\/08\\\/logo-fazenda-120x120-1.png?fit=120%2C120&ssl=1\",\"contentUrl\":\"https:\\\/\\\/i0.wp.com\\\/www.fazendaboqueiraorn.com.br\\\/wp-content\\\/uploads\\\/2021\\\/08\\\/logo-fazenda-120x120-1.png?fit=120%2C120&ssl=1\",\"width\":120,\"height\":120,\"caption\":\"Fazenda Boqueir\u00e3o\"},\"image\":{\"@id\":\"https:\\\/\\\/www.fazendaboqueiraorn.com.br\\\/#\\\/schema\\\/logo\\\/image\\\/\"},\"sameAs\":[\"https:\\\/\\\/www.facebook.com\\\/fazboqueirao\",\"https:\\\/\\\/x.com\\\/FazBoqueirao\",\"http:\\\/\\\/instagram.com\\\/fazboqueirao\\\/\",\"https:\\\/\\\/www.linkedin.com\\\/company\\\/fazboqueirao\\\/\",\"https:\\\/\\\/www.youtube.com\\\/channel\\\/UCUA4_8v8HkmMeNUh8c6Ky1Q\"]},{\"@type\":\"Person\",\"@id\":\"https:\\\/\\\/www.fazendaboqueiraorn.com.br\\\/#\\\/schema\\\/person\\\/70484dc96f76e66c6365a9f4a2ebfb02\",\"name\":\"Fazenda Boqueir\u00e3o\",\"image\":{\"@type\":\"ImageObject\",\"inLanguage\":\"en-US\",\"@id\":\"https:\\\/\\\/secure.gravatar.com\\\/avatar\\\/19f19467ae305ded5d913deae2fb6c6f29fe88a0a7f3a4dca5679407289a9efd?s=96&d=mm&r=g\",\"url\":\"https:\\\/\\\/secure.gravatar.com\\\/avatar\\\/19f19467ae305ded5d913deae2fb6c6f29fe88a0a7f3a4dca5679407289a9efd?s=96&d=mm&r=g\",\"contentUrl\":\"https:\\\/\\\/secure.gravatar.com\\\/avatar\\\/19f19467ae305ded5d913deae2fb6c6f29fe88a0a7f3a4dca5679407289a9efd?s=96&d=mm&r=g\",\"caption\":\"Fazenda Boqueir\u00e3o\"},\"url\":\"https:\\\/\\\/www.fazendaboqueiraorn.com.br\\\/en\\\/author\\\/fazenda\\\/\"}]}<\/script>\n<!-- \/ Yoast SEO plugin. -->","yoast_head_json":{"title":"Programa\u00e7\u00e3o da 63\u00aa Emancipa\u00e7\u00e3o de Barcelona\/RN - Fazenda Boqueir\u00e3o","description":"A Prefeitura de Barcelona vai promover as comemora\u00e7\u00f5es dos 63 anos de emancipa\u00e7\u00e3o pol\u00edtica do munic\u00edpio. A programa\u00e7\u00e3o ter\u00e1 in\u00edcio no dia 16 de dezembro e estender\u00e1 at\u00e9 dia 21.","robots":{"index":"index","follow":"follow","max-snippet":"max-snippet:-1","max-image-preview":"max-image-preview:large","max-video-preview":"max-video-preview:-1"},"canonical":"https:\/\/www.fazendaboqueiraorn.com.br\/en\/programacao-da-63a-emancipacao-de-barcelona-rn\/","og_locale":"en_US","og_type":"article","og_title":"Programa\u00e7\u00e3o da 63\u00aa Emancipa\u00e7\u00e3o de Barcelona\/RN - Fazenda Boqueir\u00e3o","og_description":"A Prefeitura de Barcelona vai promover as comemora\u00e7\u00f5es dos 63 anos de emancipa\u00e7\u00e3o pol\u00edtica do munic\u00edpio. A programa\u00e7\u00e3o ter\u00e1 in\u00edcio no dia 16 de dezembro e estender\u00e1 at\u00e9 dia 21.","og_url":"https:\/\/www.fazendaboqueiraorn.com.br\/en\/programacao-da-63a-emancipacao-de-barcelona-rn\/","og_site_name":"Fazenda Boqueir\u00e3o","article_publisher":"https:\/\/www.facebook.com\/fazboqueirao","article_published_time":"2021-12-02T12:00:00+00:00","article_modified_time":"2022-07-01T01:51:21+00:00","og_image":[{"width":1280,"height":1448,"url":"https:\/\/www.fazendaboqueiraorn.com.br\/wp-content\/uploads\/2021\/12\/festa-emancipacao.jpg","type":"image\/jpeg"}],"author":"Fazenda Boqueir\u00e3o","twitter_card":"summary_large_image","twitter_creator":"@FazBoqueirao","twitter_site":"@FazBoqueirao","twitter_misc":{"Written by":"Fazenda Boqueir\u00e3o","Est. reading time":"2 minutes"},"schema":{"@context":"https:\/\/schema.org","@graph":[{"@type":"Article","@id":"https:\/\/www.fazendaboqueiraorn.com.br\/programacao-da-63a-emancipacao-de-barcelona-rn\/#article","isPartOf":{"@id":"https:\/\/www.fazendaboqueiraorn.com.br\/programacao-da-63a-emancipacao-de-barcelona-rn\/"},"author":{"name":"Fazenda Boqueir\u00e3o","@id":"https:\/\/www.fazendaboqueiraorn.com.br\/#\/schema\/person\/70484dc96f76e66c6365a9f4a2ebfb02"},"headline":"Programa\u00e7\u00e3o da 63\u00aa Emancipa\u00e7\u00e3o de Barcelona\/RN","datePublished":"2021-12-02T12:00:00+00:00","dateModified":"2022-07-01T01:51:21+00:00","mainEntityOfPage":{"@id":"https:\/\/www.fazendaboqueiraorn.com.br\/programacao-da-63a-emancipacao-de-barcelona-rn\/"},"wordCount":156,"commentCount":0,"publisher":{"@id":"https:\/\/www.fazendaboqueiraorn.com.br\/#organization"},"image":{"@id":"https:\/\/www.fazendaboqueiraorn.com.br\/programacao-da-63a-emancipacao-de-barcelona-rn\/#primaryimage"},"thumbnailUrl":"https:\/\/i0.wp.com\/www.fazendaboqueiraorn.com.br\/wp-content\/uploads\/2021\/12\/festa-emancipacao-scaled.jpg?fit=884%2C1000&ssl=1","keywords":["17 de dezembro","2021","alvorada","Barcelona","c\u00e2mara municipal","corrida","Corrida Pedra da F\u00e9","culto","emancipa\u00e7\u00e3o","jantar","missa","Pavilh\u00e3o do Forr\u00f3","Pedra da F\u00e9","prefeitura","sess\u00e3o solene"],"articleSection":["Eventos"],"inLanguage":"en-US","potentialAction":[{"@type":"CommentAction","name":"Comment","target":["https:\/\/www.fazendaboqueiraorn.com.br\/programacao-da-63a-emancipacao-de-barcelona-rn\/#respond"]}]},{"@type":"WebPage","@id":"https:\/\/www.fazendaboqueiraorn.com.br\/programacao-da-63a-emancipacao-de-barcelona-rn\/","url":"https:\/\/www.fazendaboqueiraorn.com.br\/programacao-da-63a-emancipacao-de-barcelona-rn\/","name":"Programa\u00e7\u00e3o da 63\u00aa Emancipa\u00e7\u00e3o de Barcelona\/RN - Fazenda Boqueir\u00e3o","isPartOf":{"@id":"https:\/\/www.fazendaboqueiraorn.com.br\/#website"},"primaryImageOfPage":{"@id":"https:\/\/www.fazendaboqueiraorn.com.br\/programacao-da-63a-emancipacao-de-barcelona-rn\/#primaryimage"},"image":{"@id":"https:\/\/www.fazendaboqueiraorn.com.br\/programacao-da-63a-emancipacao-de-barcelona-rn\/#primaryimage"},"thumbnailUrl":"https:\/\/i0.wp.com\/www.fazendaboqueiraorn.com.br\/wp-content\/uploads\/2021\/12\/festa-emancipacao-scaled.jpg?fit=884%2C1000&ssl=1","datePublished":"2021-12-02T12:00:00+00:00","dateModified":"2022-07-01T01:51:21+00:00","description":"A Prefeitura de Barcelona vai promover as comemora\u00e7\u00f5es dos 63 anos de emancipa\u00e7\u00e3o pol\u00edtica do munic\u00edpio. A programa\u00e7\u00e3o ter\u00e1 in\u00edcio no dia 16 de dezembro e estender\u00e1 at\u00e9 dia 21.","breadcrumb":{"@id":"https:\/\/www.fazendaboqueiraorn.com.br\/programacao-da-63a-emancipacao-de-barcelona-rn\/#breadcrumb"},"inLanguage":"en-US","potentialAction":[{"@type":"ReadAction","target":["https:\/\/www.fazendaboqueiraorn.com.br\/programacao-da-63a-emancipacao-de-barcelona-rn\/"]}]},{"@type":"ImageObject","inLanguage":"en-US","@id":"https:\/\/www.fazendaboqueiraorn.com.br\/programacao-da-63a-emancipacao-de-barcelona-rn\/#primaryimage","url":"https:\/\/i0.wp.com\/www.fazendaboqueiraorn.com.br\/wp-content\/uploads\/2021\/12\/festa-emancipacao-scaled.jpg?fit=884%2C1000&ssl=1","contentUrl":"https:\/\/i0.wp.com\/www.fazendaboqueiraorn.com.br\/wp-content\/uploads\/2021\/12\/festa-emancipacao-scaled.jpg?fit=884%2C1000&ssl=1","width":884,"height":1000},{"@type":"BreadcrumbList","@id":"https:\/\/www.fazendaboqueiraorn.com.br\/programacao-da-63a-emancipacao-de-barcelona-rn\/#breadcrumb","itemListElement":[{"@type":"ListItem","position":1,"name":"Home","item":"https:\/\/www.fazendaboqueiraorn.com.br\/"},{"@type":"ListItem","position":2,"name":"Programa\u00e7\u00e3o da 63\u00aa Emancipa\u00e7\u00e3o de Barcelona\/RN"}]},{"@type":"WebSite","@id":"https:\/\/www.fazendaboqueiraorn.com.br\/#website","url":"https:\/\/www.fazendaboqueiraorn.com.br\/","name":"Fazenda Boqueir\u00e3o","description":"","publisher":{"@id":"https:\/\/www.fazendaboqueiraorn.com.br\/#organization"},"potentialAction":[{"@type":"SearchAction","target":{"@type":"EntryPoint","urlTemplate":"https:\/\/www.fazendaboqueiraorn.com.br\/?s={search_term_string}"},"query-input":{"@type":"PropertyValueSpecification","valueRequired":true,"valueName":"search_term_string"}}],"inLanguage":"en-US"},{"@type":"Organization","@id":"https:\/\/www.fazendaboqueiraorn.com.br\/#organization","name":"Fazenda Boqueir\u00e3o","url":"https:\/\/www.fazendaboqueiraorn.com.br\/","logo":{"@type":"ImageObject","inLanguage":"en-US","@id":"https:\/\/www.fazendaboqueiraorn.com.br\/#\/schema\/logo\/image\/","url":"https:\/\/i0.wp.com\/www.fazendaboqueiraorn.com.br\/wp-content\/uploads\/2021\/08\/logo-fazenda-120x120-1.png?fit=120%2C120&ssl=1","contentUrl":"https:\/\/i0.wp.com\/www.fazendaboqueiraorn.com.br\/wp-content\/uploads\/2021\/08\/logo-fazenda-120x120-1.png?fit=120%2C120&ssl=1","width":120,"height":120,"caption":"Fazenda Boqueir\u00e3o"},"image":{"@id":"https:\/\/www.fazendaboqueiraorn.com.br\/#\/schema\/logo\/image\/"},"sameAs":["https:\/\/www.facebook.com\/fazboqueirao","https:\/\/x.com\/FazBoqueirao","http:\/\/instagram.com\/fazboqueirao\/","https:\/\/www.linkedin.com\/company\/fazboqueirao\/","https:\/\/www.youtube.com\/channel\/UCUA4_8v8HkmMeNUh8c6Ky1Q"]},{"@type":"Person","@id":"https:\/\/www.fazendaboqueiraorn.com.br\/#\/schema\/person\/70484dc96f76e66c6365a9f4a2ebfb02","name":"Fazenda Boqueir\u00e3o","image":{"@type":"ImageObject","inLanguage":"en-US","@id":"https:\/\/secure.gravatar.com\/avatar\/19f19467ae305ded5d913deae2fb6c6f29fe88a0a7f3a4dca5679407289a9efd?s=96&d=mm&r=g","url":"https:\/\/secure.gravatar.com\/avatar\/19f19467ae305ded5d913deae2fb6c6f29fe88a0a7f3a4dca5679407289a9efd?s=96&d=mm&r=g","contentUrl":"https:\/\/secure.gravatar.com\/avatar\/19f19467ae305ded5d913deae2fb6c6f29fe88a0a7f3a4dca5679407289a9efd?s=96&d=mm&r=g","caption":"Fazenda Boqueir\u00e3o"},"url":"https:\/\/www.fazendaboqueiraorn.com.br\/en\/author\/fazenda\/"}]}},"jetpack_publicize_connections":[],"uagb_featured_image_src":{"full":["https:\/\/i0.wp.com\/www.fazendaboqueiraorn.com.br\/wp-content\/uploads\/2021\/12\/festa-emancipacao-scaled.jpg?fit=884%2C1000&ssl=1",884,1000,false],"thumbnail":["https:\/\/i0.wp.com\/www.fazendaboqueiraorn.com.br\/wp-content\/uploads\/2021\/12\/festa-emancipacao-scaled.jpg?resize=150%2C150&ssl=1",150,150,true],"medium":["https:\/\/i0.wp.com\/www.fazendaboqueiraorn.com.br\/wp-content\/uploads\/2021\/12\/festa-emancipacao-scaled.jpg?fit=265%2C300&ssl=1",265,300,true],"medium_large":["https:\/\/i0.wp.com\/www.fazendaboqueiraorn.com.br\/wp-content\/uploads\/2021\/12\/festa-emancipacao-scaled.jpg?fit=768%2C869&ssl=1",768,869,true],"large":["https:\/\/i0.wp.com\/www.fazendaboqueiraorn.com.br\/wp-content\/uploads\/2021\/12\/festa-emancipacao-scaled.jpg?fit=905%2C1024&ssl=1",905,1024,true],"1536x1536":["https:\/\/i0.wp.com\/www.fazendaboqueiraorn.com.br\/wp-content\/uploads\/2021\/12\/festa-emancipacao-scaled.jpg?fit=884%2C1000&ssl=1",884,1000,true],"2048x2048":["https:\/\/i0.wp.com\/www.fazendaboqueiraorn.com.br\/wp-content\/uploads\/2021\/12\/festa-emancipacao-scaled.jpg?fit=884%2C1000&ssl=1",884,1000,true],"trp-custom-language-flag":["https:\/\/i0.wp.com\/www.fazendaboqueiraorn.com.br\/wp-content\/uploads\/2021\/12\/festa-emancipacao-scaled.jpg?fit=11%2C12&ssl=1",11,12,true],"ultp_layout_landscape_large":["https:\/\/i0.wp.com\/www.fazendaboqueiraorn.com.br\/wp-content\/uploads\/2021\/12\/festa-emancipacao-scaled.jpg?resize=884%2C800&ssl=1",884,800,true],"ultp_layout_landscape":["https:\/\/i0.wp.com\/www.fazendaboqueiraorn.com.br\/wp-content\/uploads\/2021\/12\/festa-emancipacao-scaled.jpg?resize=870%2C570&ssl=1",870,570,true],"ultp_layout_portrait":["https:\/\/i0.wp.com\/www.fazendaboqueiraorn.com.br\/wp-content\/uploads\/2021\/12\/festa-emancipacao-scaled.jpg?resize=600%2C900&ssl=1",600,900,true],"ultp_layout_square":["https:\/\/i0.wp.com\/www.fazendaboqueiraorn.com.br\/wp-content\/uploads\/2021\/12\/festa-emancipacao-scaled.jpg?resize=600%2C600&ssl=1",600,600,true],"woocommerce_thumbnail":["https:\/\/www.fazendaboqueiraorn.com.br\/wp-content\/uploads\/2021\/12\/festa-emancipacao-300x300.jpg",300,300,true],"woocommerce_single":["https:\/\/www.fazendaboqueiraorn.com.br\/wp-content\/uploads\/2021\/12\/festa-emancipacao-scaled.jpg",600,679,false],"woocommerce_gallery_thumbnail":["https:\/\/www.fazendaboqueiraorn.com.br\/wp-content\/uploads\/2021\/12\/festa-emancipacao-100x100.jpg",100,100,true],"web-stories-poster-portrait":["https:\/\/www.fazendaboqueiraorn.com.br\/wp-content\/uploads\/2021\/12\/festa-emancipacao-scaled.jpg",640,724,false],"web-stories-publisher-logo":["https:\/\/www.fazendaboqueiraorn.com.br\/wp-content\/uploads\/2021\/12\/festa-emancipacao-scaled.jpg",85,96,false],"web-stories-thumbnail":["https:\/\/www.fazendaboqueiraorn.com.br\/wp-content\/uploads\/2021\/12\/festa-emancipacao-scaled.jpg",150,170,false]},"uagb_author_info":{"display_name":"Fazenda Boqueir\u00e3o","author_link":"https:\/\/www.fazendaboqueiraorn.com.br\/en\/author\/fazenda\/"},"uagb_comment_info":0,"uagb_excerpt":"A Prefeitura de Barcelona vai promover as comemora\u00e7\u00f5es dos 63 anos de emancipa\u00e7\u00e3o pol\u00edtica do munic\u00edpio. A programa\u00e7\u00e3o ter\u00e1 in\u00edcio no dia 16 de dezembro e estender\u00e1 at\u00e9 dia 21.","jetpack_featured_media_url":"https:\/\/i0.wp.com\/www.fazendaboqueiraorn.com.br\/wp-content\/uploads\/2021\/12\/festa-emancipacao-scaled.jpg?fit=884%2C1000&ssl=1","jetpack_sharing_enabled":true,"jetpack_likes_enabled":true,"_links":{"self":[{"href":"https:\/\/www.fazendaboqueiraorn.com.br\/en\/wp-json\/wp\/v2\/posts\/839","targetHints":{"allow":["GET"]}}],"collection":[{"href":"https:\/\/www.fazendaboqueiraorn.com.br\/en\/wp-json\/wp\/v2\/posts"}],"about":[{"href":"https:\/\/www.fazendaboqueiraorn.com.br\/en\/wp-json\/wp\/v2\/types\/post"}],"author":[{"embeddable":true,"href":"https:\/\/www.fazendaboqueiraorn.com.br\/en\/wp-json\/wp\/v2\/users\/2"}],"replies":[{"embeddable":true,"href":"https:\/\/www.fazendaboqueiraorn.com.br\/en\/wp-json\/wp\/v2\/comments?post=839"}],"version-history":[{"count":2,"href":"https:\/\/www.fazendaboqueiraorn.com.br\/en\/wp-json\/wp\/v2\/posts\/839\/revisions"}],"predecessor-version":[{"id":848,"href":"https:\/\/www.fazendaboqueiraorn.com.br\/en\/wp-json\/wp\/v2\/posts\/839\/revisions\/848"}],"wp:featuredmedia":[{"embeddable":true,"href":"https:\/\/www.fazendaboqueiraorn.com.br\/en\/wp-json\/wp\/v2\/media\/846"}],"wp:attachment":[{"href":"https:\/\/www.fazendaboqueiraorn.com.br\/en\/wp-json\/wp\/v2\/media?parent=839"}],"wp:term":[{"taxonomy":"category","embeddable":true,"href":"https:\/\/www.fazendaboqueiraorn.com.br\/en\/wp-json\/wp\/v2\/categories?post=839"},{"taxonomy":"post_tag","embeddable":true,"href":"https:\/\/www.fazendaboqueiraorn.com.br\/en\/wp-json\/wp\/v2\/tags?post=839"}],"curies":[{"name":"wp","href":"https:\/\/api.w.org\/{rel}","templated":true}]}}