{"id":8305,"date":"2025-06-22T17:29:17","date_gmt":"2025-06-22T20:29:17","guid":{"rendered":"https:\/\/www.fazendaboqueiraorn.com.br\/?p=8305"},"modified":"2025-06-22T17:29:26","modified_gmt":"2025-06-22T20:29:26","slug":"1o-encontro-de-gestores-da-igr-caminhos-do-pirangi","status":"publish","type":"post","link":"https:\/\/www.fazendaboqueiraorn.com.br\/en\/1o-encontro-de-gestores-da-igr-caminhos-do-pirangi\/","title":{"rendered":"1\u00ba Encontro de Gestores da IGR Caminhos do Pirangi"},"content":{"rendered":"<figure class=\"wp-block-image aligncenter size-large is-resized\"><img data-recalc-dims=\"1\" decoding=\"async\" width=\"822\" height=\"1024\" loading=\"lazy\" src=\"https:\/\/i0.wp.com\/www.fazendaboqueiraorn.com.br\/wp-content\/uploads\/2025\/06\/1-encontro-de-gestores-da-igr-caminhos-do-potengi.webp?resize=822%2C1024&#038;ssl=1\" alt=\"1\u00ba Encontro de Gestores da IGR Caminhos do Pirangi\" class=\"wp-image-8308\" style=\"width:auto;height:500px\" srcset=\"https:\/\/i0.wp.com\/www.fazendaboqueiraorn.com.br\/wp-content\/uploads\/2025\/06\/1-encontro-de-gestores-da-igr-caminhos-do-potengi.webp?resize=822%2C1024&amp;ssl=1 822w, https:\/\/i0.wp.com\/www.fazendaboqueiraorn.com.br\/wp-content\/uploads\/2025\/06\/1-encontro-de-gestores-da-igr-caminhos-do-potengi.webp?resize=241%2C300&amp;ssl=1 241w, https:\/\/i0.wp.com\/www.fazendaboqueiraorn.com.br\/wp-content\/uploads\/2025\/06\/1-encontro-de-gestores-da-igr-caminhos-do-potengi.webp?resize=768%2C957&amp;ssl=1 768w, https:\/\/i0.wp.com\/www.fazendaboqueiraorn.com.br\/wp-content\/uploads\/2025\/06\/1-encontro-de-gestores-da-igr-caminhos-do-potengi.webp?resize=10%2C12&amp;ssl=1 10w, https:\/\/i0.wp.com\/www.fazendaboqueiraorn.com.br\/wp-content\/uploads\/2025\/06\/1-encontro-de-gestores-da-igr-caminhos-do-potengi.webp?resize=600%2C748&amp;ssl=1 600w, https:\/\/i0.wp.com\/www.fazendaboqueiraorn.com.br\/wp-content\/uploads\/2025\/06\/1-encontro-de-gestores-da-igr-caminhos-do-potengi.webp?resize=150%2C187&amp;ssl=1 150w, https:\/\/i0.wp.com\/www.fazendaboqueiraorn.com.br\/wp-content\/uploads\/2025\/06\/1-encontro-de-gestores-da-igr-caminhos-do-potengi.webp?w=1080&amp;ssl=1 1080w\" sizes=\"auto, (max-width: 822px) 100vw, 822px\" \/><\/figure>\n\n\n\n<p class=\"\">\u00c9 com grande alegria que convidamos todos os gestores e parceiros da nossa regi\u00e3o para um momento hist\u00f3rico: o lan\u00e7amento oficial da Identidade Visual e 1\u00ba Encontro de Gestores da IGR Caminhos do Potengi e o fortalecimento do turismo regional!<\/p>\n\n\n\n<p class=\"\">\ud83d\udcc5 Ter\u00e7a-feira, 08 de julho<br>\ud83d\udd51 A partir das 14h<br>\ud83d\udccd Sede da IGR Caminhos do Potengi \u2013 Rua Ot\u00e1vio Lamartine, 153, Centro, <a href=\"https:\/\/www.godela.com.br\/cidade\/6\/sao-paulo-do-potengi\/\">S\u00e3o Paulo do Potengi<\/a>\/RN<\/p>\n\n\n\n<p class=\"\">\ud83d\udc40 Confira a programa\u00e7\u00e3o especial:<br>\u2615 14h \u2013 Recep\u00e7\u00e3o com coffee break<br>\ud83c\udfa4 15h \u2013 Abertura oficial<br>\u2728 15h15 \u2013 Lan\u00e7amento da nova identidade visual<br>\ud83d\uddfa\ufe0f 15h30 \u2013 Propostas de sinaliza\u00e7\u00e3o tur\u00edstica<br>\ud83e\udd1d 16h \u2013 Fortalecimento da IGR e desenvolvimento dos munic\u00edpios<br>\ud83c\udfaa 16h30 \u2013 Participa\u00e7\u00e3o no Sal\u00e3o de Turismo 2025<br>\ud83d\udd1a 17h30 \u2013 Encerramento<\/p>\n\n\n\n<p class=\"\">Juntos vamos construir caminhos de desenvolvimento e valoriza\u00e7\u00e3o do nosso territ\u00f3rio! \ud83d\ude80\ud83c\udf0d<\/p>","protected":false},"excerpt":{"rendered":"<p>Lan\u00e7amento oficial da Identidade Visual e 1\u00ba Encontro de Gestores da IGR Caminhos do Potengi e o fortalecimento do turismo regional!<\/p>","protected":false},"author":2,"featured_media":8308,"comment_status":"open","ping_status":"open","sticky":false,"template":"","format":"standard","meta":{"nf_dc_page":"","_uag_custom_page_level_css":"","site-sidebar-layout":"default","site-content-layout":"","ast-site-content-layout":"default","site-content-style":"default","site-sidebar-style":"default","ast-global-header-display":"","ast-banner-title-visibility":"","ast-main-header-display":"","ast-hfb-above-header-display":"","ast-hfb-below-header-display":"","ast-hfb-mobile-header-display":"","site-post-title":"","ast-breadcrumbs-content":"","ast-featured-img":"","footer-sml-layout":"","ast-disable-related-posts":"","theme-transparent-header-meta":"","adv-header-id-meta":"","stick-header-meta":"","header-above-stick-meta":"","header-main-stick-meta":"","header-below-stick-meta":"","astra-migrate-meta-layouts":"default","ast-page-background-enabled":"default","ast-page-background-meta":{"desktop":{"background-color":"var(--ast-global-color-4)","background-image":"","background-repeat":"repeat","background-position":"center center","background-size":"auto","background-attachment":"scroll","background-type":"","background-media":"","overlay-type":"","overlay-color":"","overlay-opacity":"","overlay-gradient":""},"tablet":{"background-color":"","background-image":"","background-repeat":"repeat","background-position":"center center","background-size":"auto","background-attachment":"scroll","background-type":"","background-media":"","overlay-type":"","overlay-color":"","overlay-opacity":"","overlay-gradient":""},"mobile":{"background-color":"","background-image":"","background-repeat":"repeat","background-position":"center center","background-size":"auto","background-attachment":"scroll","background-type":"","background-media":"","overlay-type":"","overlay-color":"","overlay-opacity":"","overlay-gradient":""}},"ast-content-background-meta":{"desktop":{"background-color":"var(--ast-global-color-5)","background-image":"","background-repeat":"repeat","background-position":"center center","background-size":"auto","background-attachment":"scroll","background-type":"","background-media":"","overlay-type":"","overlay-color":"","overlay-opacity":"","overlay-gradient":""},"tablet":{"background-color":"var(--ast-global-color-5)","background-image":"","background-repeat":"repeat","background-position":"center center","background-size":"auto","background-attachment":"scroll","background-type":"","background-media":"","overlay-type":"","overlay-color":"","overlay-opacity":"","overlay-gradient":""},"mobile":{"background-color":"var(--ast-global-color-5)","background-image":"","background-repeat":"repeat","background-position":"center center","background-size":"auto","background-attachment":"scroll","background-type":"","background-media":"","overlay-type":"","overlay-color":"","overlay-opacity":"","overlay-gradient":""}},"jetpack_post_was_ever_published":false,"_jetpack_newsletter_access":"","_jetpack_dont_email_post_to_subs":false,"_jetpack_newsletter_tier_id":0,"_jetpack_memberships_contains_paywalled_content":false,"_jetpack_memberships_contains_paid_content":false,"footnotes":"","jetpack_publicize_message":"","jetpack_publicize_feature_enabled":true,"jetpack_social_post_already_shared":false,"jetpack_social_options":{"image_generator_settings":{"template":"highway","default_image_id":0,"enabled":false},"version":2}},"categories":[1],"tags":[3675,4685,4684,280,84],"class_list":["post-8305","post","type-post","status-publish","format-standard","has-post-thumbnail","hentry","category-noticia","tag-3675","tag-caminhos-do-potengi","tag-igr","tag-sao-paulo-do-potengi","tag-turismo"],"yoast_head":"<!-- This site is optimized with the Yoast SEO plugin v27.5 - https:\/\/yoast.com\/product\/yoast-seo-wordpress\/ -->\n<title>1\u00ba Encontro de Gestores da IGR Caminhos do Pirangi - Fazenda Boqueir\u00e3o<\/title>\n<meta name=\"description\" content=\"Lan\u00e7amento oficial da Identidade Visual e 1\u00ba Encontro de Gestores da IGR Caminhos do Potengi e o fortalecimento do turismo regional 2025.\" \/>\n<meta name=\"robots\" content=\"index, follow, max-snippet:-1, max-image-preview:large, max-video-preview:-1\" \/>\n<link rel=\"canonical\" href=\"https:\/\/www.fazendaboqueiraorn.com.br\/en\/1o-encontro-de-gestores-da-igr-caminhos-do-pirangi\/\" \/>\n<meta property=\"og:locale\" content=\"en_US\" \/>\n<meta property=\"og:type\" content=\"article\" \/>\n<meta property=\"og:title\" content=\"1\u00ba Encontro de Gestores da IGR Caminhos do Pirangi - Fazenda Boqueir\u00e3o\" \/>\n<meta property=\"og:description\" content=\"Lan\u00e7amento oficial da Identidade Visual e 1\u00ba Encontro de Gestores da IGR Caminhos do Potengi e o fortalecimento do turismo regional 2025.\" \/>\n<meta property=\"og:url\" content=\"https:\/\/www.fazendaboqueiraorn.com.br\/en\/1o-encontro-de-gestores-da-igr-caminhos-do-pirangi\/\" \/>\n<meta property=\"og:site_name\" content=\"Fazenda Boqueir\u00e3o\" \/>\n<meta property=\"article:publisher\" content=\"https:\/\/www.facebook.com\/fazboqueirao\" \/>\n<meta property=\"article:published_time\" content=\"2025-06-22T20:29:17+00:00\" \/>\n<meta property=\"article:modified_time\" content=\"2025-06-22T20:29:26+00:00\" \/>\n<meta property=\"og:image\" content=\"https:\/\/www.fazendaboqueiraorn.com.br\/wp-content\/uploads\/2025\/06\/1-encontro-de-gestores-da-igr-caminhos-do-potengi.webp\" \/>\n\t<meta property=\"og:image:width\" content=\"1080\" \/>\n\t<meta property=\"og:image:height\" content=\"1346\" \/>\n\t<meta property=\"og:image:type\" content=\"image\/webp\" \/>\n<meta name=\"author\" content=\"Fazenda Boqueir\u00e3o\" \/>\n<meta name=\"twitter:card\" content=\"summary_large_image\" \/>\n<meta name=\"twitter:creator\" content=\"@FazBoqueirao\" \/>\n<meta name=\"twitter:site\" content=\"@FazBoqueirao\" \/>\n<meta name=\"twitter:label1\" content=\"Written by\" \/>\n\t<meta name=\"twitter:data1\" content=\"Fazenda Boqueir\u00e3o\" \/>\n\t<meta name=\"twitter:label2\" content=\"Est. reading time\" \/>\n\t<meta name=\"twitter:data2\" content=\"2 minutes\" \/>\n<script type=\"application\/ld+json\" class=\"yoast-schema-graph\">{\"@context\":\"https:\\\/\\\/schema.org\",\"@graph\":[{\"@type\":\"Article\",\"@id\":\"https:\\\/\\\/www.fazendaboqueiraorn.com.br\\\/1o-encontro-de-gestores-da-igr-caminhos-do-pirangi\\\/#article\",\"isPartOf\":{\"@id\":\"https:\\\/\\\/www.fazendaboqueiraorn.com.br\\\/1o-encontro-de-gestores-da-igr-caminhos-do-pirangi\\\/\"},\"author\":{\"name\":\"Fazenda Boqueir\u00e3o\",\"@id\":\"https:\\\/\\\/www.fazendaboqueiraorn.com.br\\\/#\\\/schema\\\/person\\\/70484dc96f76e66c6365a9f4a2ebfb02\"},\"headline\":\"1\u00ba Encontro de Gestores da IGR Caminhos do Pirangi\",\"datePublished\":\"2025-06-22T20:29:17+00:00\",\"dateModified\":\"2025-06-22T20:29:26+00:00\",\"mainEntityOfPage\":{\"@id\":\"https:\\\/\\\/www.fazendaboqueiraorn.com.br\\\/1o-encontro-de-gestores-da-igr-caminhos-do-pirangi\\\/\"},\"wordCount\":134,\"commentCount\":0,\"publisher\":{\"@id\":\"https:\\\/\\\/www.fazendaboqueiraorn.com.br\\\/#organization\"},\"image\":{\"@id\":\"https:\\\/\\\/www.fazendaboqueiraorn.com.br\\\/1o-encontro-de-gestores-da-igr-caminhos-do-pirangi\\\/#primaryimage\"},\"thumbnailUrl\":\"https:\\\/\\\/i0.wp.com\\\/www.fazendaboqueiraorn.com.br\\\/wp-content\\\/uploads\\\/2025\\\/06\\\/1-encontro-de-gestores-da-igr-caminhos-do-potengi.webp?fit=1080%2C1346&ssl=1\",\"keywords\":[\"2025\",\"Caminhos do Potengi\",\"IGR\",\"S\u00e3o Paulo do Potengi\",\"turismo\"],\"articleSection\":[\"Not\u00edcias\"],\"inLanguage\":\"en-US\",\"potentialAction\":[{\"@type\":\"CommentAction\",\"name\":\"Comment\",\"target\":[\"https:\\\/\\\/www.fazendaboqueiraorn.com.br\\\/1o-encontro-de-gestores-da-igr-caminhos-do-pirangi\\\/#respond\"]}]},{\"@type\":\"WebPage\",\"@id\":\"https:\\\/\\\/www.fazendaboqueiraorn.com.br\\\/1o-encontro-de-gestores-da-igr-caminhos-do-pirangi\\\/\",\"url\":\"https:\\\/\\\/www.fazendaboqueiraorn.com.br\\\/1o-encontro-de-gestores-da-igr-caminhos-do-pirangi\\\/\",\"name\":\"1\u00ba Encontro de Gestores da IGR Caminhos do Pirangi - Fazenda Boqueir\u00e3o\",\"isPartOf\":{\"@id\":\"https:\\\/\\\/www.fazendaboqueiraorn.com.br\\\/#website\"},\"primaryImageOfPage\":{\"@id\":\"https:\\\/\\\/www.fazendaboqueiraorn.com.br\\\/1o-encontro-de-gestores-da-igr-caminhos-do-pirangi\\\/#primaryimage\"},\"image\":{\"@id\":\"https:\\\/\\\/www.fazendaboqueiraorn.com.br\\\/1o-encontro-de-gestores-da-igr-caminhos-do-pirangi\\\/#primaryimage\"},\"thumbnailUrl\":\"https:\\\/\\\/i0.wp.com\\\/www.fazendaboqueiraorn.com.br\\\/wp-content\\\/uploads\\\/2025\\\/06\\\/1-encontro-de-gestores-da-igr-caminhos-do-potengi.webp?fit=1080%2C1346&ssl=1\",\"datePublished\":\"2025-06-22T20:29:17+00:00\",\"dateModified\":\"2025-06-22T20:29:26+00:00\",\"description\":\"Lan\u00e7amento oficial da Identidade Visual e 1\u00ba Encontro de Gestores da IGR Caminhos do Potengi e o fortalecimento do turismo regional 2025.\",\"breadcrumb\":{\"@id\":\"https:\\\/\\\/www.fazendaboqueiraorn.com.br\\\/1o-encontro-de-gestores-da-igr-caminhos-do-pirangi\\\/#breadcrumb\"},\"inLanguage\":\"en-US\",\"potentialAction\":[{\"@type\":\"ReadAction\",\"target\":[\"https:\\\/\\\/www.fazendaboqueiraorn.com.br\\\/1o-encontro-de-gestores-da-igr-caminhos-do-pirangi\\\/\"]}]},{\"@type\":\"ImageObject\",\"inLanguage\":\"en-US\",\"@id\":\"https:\\\/\\\/www.fazendaboqueiraorn.com.br\\\/1o-encontro-de-gestores-da-igr-caminhos-do-pirangi\\\/#primaryimage\",\"url\":\"https:\\\/\\\/i0.wp.com\\\/www.fazendaboqueiraorn.com.br\\\/wp-content\\\/uploads\\\/2025\\\/06\\\/1-encontro-de-gestores-da-igr-caminhos-do-potengi.webp?fit=1080%2C1346&ssl=1\",\"contentUrl\":\"https:\\\/\\\/i0.wp.com\\\/www.fazendaboqueiraorn.com.br\\\/wp-content\\\/uploads\\\/2025\\\/06\\\/1-encontro-de-gestores-da-igr-caminhos-do-potengi.webp?fit=1080%2C1346&ssl=1\",\"width\":1080,\"height\":1346,\"caption\":\"1\u00ba Encontro de Gestores da IGR Caminhos do Pirangi\"},{\"@type\":\"BreadcrumbList\",\"@id\":\"https:\\\/\\\/www.fazendaboqueiraorn.com.br\\\/1o-encontro-de-gestores-da-igr-caminhos-do-pirangi\\\/#breadcrumb\",\"itemListElement\":[{\"@type\":\"ListItem\",\"position\":1,\"name\":\"Home\",\"item\":\"https:\\\/\\\/www.fazendaboqueiraorn.com.br\\\/\"},{\"@type\":\"ListItem\",\"position\":2,\"name\":\"1\u00ba Encontro de Gestores da IGR Caminhos do Pirangi\"}]},{\"@type\":\"WebSite\",\"@id\":\"https:\\\/\\\/www.fazendaboqueiraorn.com.br\\\/#website\",\"url\":\"https:\\\/\\\/www.fazendaboqueiraorn.com.br\\\/\",\"name\":\"Fazenda Boqueir\u00e3o\",\"description\":\"\",\"publisher\":{\"@id\":\"https:\\\/\\\/www.fazendaboqueiraorn.com.br\\\/#organization\"},\"potentialAction\":[{\"@type\":\"SearchAction\",\"target\":{\"@type\":\"EntryPoint\",\"urlTemplate\":\"https:\\\/\\\/www.fazendaboqueiraorn.com.br\\\/?s={search_term_string}\"},\"query-input\":{\"@type\":\"PropertyValueSpecification\",\"valueRequired\":true,\"valueName\":\"search_term_string\"}}],\"inLanguage\":\"en-US\"},{\"@type\":\"Organization\",\"@id\":\"https:\\\/\\\/www.fazendaboqueiraorn.com.br\\\/#organization\",\"name\":\"Fazenda Boqueir\u00e3o\",\"url\":\"https:\\\/\\\/www.fazendaboqueiraorn.com.br\\\/\",\"logo\":{\"@type\":\"ImageObject\",\"inLanguage\":\"en-US\",\"@id\":\"https:\\\/\\\/www.fazendaboqueiraorn.com.br\\\/#\\\/schema\\\/logo\\\/image\\\/\",\"url\":\"https:\\\/\\\/i0.wp.com\\\/www.fazendaboqueiraorn.com.br\\\/wp-content\\\/uploads\\\/2021\\\/08\\\/logo-fazenda-120x120-1.png?fit=120%2C120&ssl=1\",\"contentUrl\":\"https:\\\/\\\/i0.wp.com\\\/www.fazendaboqueiraorn.com.br\\\/wp-content\\\/uploads\\\/2021\\\/08\\\/logo-fazenda-120x120-1.png?fit=120%2C120&ssl=1\",\"width\":120,\"height\":120,\"caption\":\"Fazenda Boqueir\u00e3o\"},\"image\":{\"@id\":\"https:\\\/\\\/www.fazendaboqueiraorn.com.br\\\/#\\\/schema\\\/logo\\\/image\\\/\"},\"sameAs\":[\"https:\\\/\\\/www.facebook.com\\\/fazboqueirao\",\"https:\\\/\\\/x.com\\\/FazBoqueirao\",\"http:\\\/\\\/instagram.com\\\/fazboqueirao\\\/\",\"https:\\\/\\\/www.linkedin.com\\\/company\\\/fazboqueirao\\\/\",\"https:\\\/\\\/www.youtube.com\\\/channel\\\/UCUA4_8v8HkmMeNUh8c6Ky1Q\"]},{\"@type\":\"Person\",\"@id\":\"https:\\\/\\\/www.fazendaboqueiraorn.com.br\\\/#\\\/schema\\\/person\\\/70484dc96f76e66c6365a9f4a2ebfb02\",\"name\":\"Fazenda Boqueir\u00e3o\",\"image\":{\"@type\":\"ImageObject\",\"inLanguage\":\"en-US\",\"@id\":\"https:\\\/\\\/secure.gravatar.com\\\/avatar\\\/19f19467ae305ded5d913deae2fb6c6f29fe88a0a7f3a4dca5679407289a9efd?s=96&d=mm&r=g\",\"url\":\"https:\\\/\\\/secure.gravatar.com\\\/avatar\\\/19f19467ae305ded5d913deae2fb6c6f29fe88a0a7f3a4dca5679407289a9efd?s=96&d=mm&r=g\",\"contentUrl\":\"https:\\\/\\\/secure.gravatar.com\\\/avatar\\\/19f19467ae305ded5d913deae2fb6c6f29fe88a0a7f3a4dca5679407289a9efd?s=96&d=mm&r=g\",\"caption\":\"Fazenda Boqueir\u00e3o\"},\"url\":\"https:\\\/\\\/www.fazendaboqueiraorn.com.br\\\/en\\\/author\\\/fazenda\\\/\"}]}<\/script>\n<!-- \/ Yoast SEO plugin. -->","yoast_head_json":{"title":"1\u00ba Encontro de Gestores da IGR Caminhos do Pirangi - Fazenda Boqueir\u00e3o","description":"Lan\u00e7amento oficial da Identidade Visual e 1\u00ba Encontro de Gestores da IGR Caminhos do Potengi e o fortalecimento do turismo regional 2025.","robots":{"index":"index","follow":"follow","max-snippet":"max-snippet:-1","max-image-preview":"max-image-preview:large","max-video-preview":"max-video-preview:-1"},"canonical":"https:\/\/www.fazendaboqueiraorn.com.br\/en\/1o-encontro-de-gestores-da-igr-caminhos-do-pirangi\/","og_locale":"en_US","og_type":"article","og_title":"1\u00ba Encontro de Gestores da IGR Caminhos do Pirangi - Fazenda Boqueir\u00e3o","og_description":"Lan\u00e7amento oficial da Identidade Visual e 1\u00ba Encontro de Gestores da IGR Caminhos do Potengi e o fortalecimento do turismo regional 2025.","og_url":"https:\/\/www.fazendaboqueiraorn.com.br\/en\/1o-encontro-de-gestores-da-igr-caminhos-do-pirangi\/","og_site_name":"Fazenda Boqueir\u00e3o","article_publisher":"https:\/\/www.facebook.com\/fazboqueirao","article_published_time":"2025-06-22T20:29:17+00:00","article_modified_time":"2025-06-22T20:29:26+00:00","og_image":[{"width":1080,"height":1346,"url":"https:\/\/www.fazendaboqueiraorn.com.br\/wp-content\/uploads\/2025\/06\/1-encontro-de-gestores-da-igr-caminhos-do-potengi.webp","type":"image\/webp"}],"author":"Fazenda Boqueir\u00e3o","twitter_card":"summary_large_image","twitter_creator":"@FazBoqueirao","twitter_site":"@FazBoqueirao","twitter_misc":{"Written by":"Fazenda Boqueir\u00e3o","Est. reading time":"2 minutes"},"schema":{"@context":"https:\/\/schema.org","@graph":[{"@type":"Article","@id":"https:\/\/www.fazendaboqueiraorn.com.br\/1o-encontro-de-gestores-da-igr-caminhos-do-pirangi\/#article","isPartOf":{"@id":"https:\/\/www.fazendaboqueiraorn.com.br\/1o-encontro-de-gestores-da-igr-caminhos-do-pirangi\/"},"author":{"name":"Fazenda Boqueir\u00e3o","@id":"https:\/\/www.fazendaboqueiraorn.com.br\/#\/schema\/person\/70484dc96f76e66c6365a9f4a2ebfb02"},"headline":"1\u00ba Encontro de Gestores da IGR Caminhos do Pirangi","datePublished":"2025-06-22T20:29:17+00:00","dateModified":"2025-06-22T20:29:26+00:00","mainEntityOfPage":{"@id":"https:\/\/www.fazendaboqueiraorn.com.br\/1o-encontro-de-gestores-da-igr-caminhos-do-pirangi\/"},"wordCount":134,"commentCount":0,"publisher":{"@id":"https:\/\/www.fazendaboqueiraorn.com.br\/#organization"},"image":{"@id":"https:\/\/www.fazendaboqueiraorn.com.br\/1o-encontro-de-gestores-da-igr-caminhos-do-pirangi\/#primaryimage"},"thumbnailUrl":"https:\/\/i0.wp.com\/www.fazendaboqueiraorn.com.br\/wp-content\/uploads\/2025\/06\/1-encontro-de-gestores-da-igr-caminhos-do-potengi.webp?fit=1080%2C1346&ssl=1","keywords":["2025","Caminhos do Potengi","IGR","S\u00e3o Paulo do Potengi","turismo"],"articleSection":["Not\u00edcias"],"inLanguage":"en-US","potentialAction":[{"@type":"CommentAction","name":"Comment","target":["https:\/\/www.fazendaboqueiraorn.com.br\/1o-encontro-de-gestores-da-igr-caminhos-do-pirangi\/#respond"]}]},{"@type":"WebPage","@id":"https:\/\/www.fazendaboqueiraorn.com.br\/1o-encontro-de-gestores-da-igr-caminhos-do-pirangi\/","url":"https:\/\/www.fazendaboqueiraorn.com.br\/1o-encontro-de-gestores-da-igr-caminhos-do-pirangi\/","name":"1\u00ba Encontro de Gestores da IGR Caminhos do Pirangi - Fazenda Boqueir\u00e3o","isPartOf":{"@id":"https:\/\/www.fazendaboqueiraorn.com.br\/#website"},"primaryImageOfPage":{"@id":"https:\/\/www.fazendaboqueiraorn.com.br\/1o-encontro-de-gestores-da-igr-caminhos-do-pirangi\/#primaryimage"},"image":{"@id":"https:\/\/www.fazendaboqueiraorn.com.br\/1o-encontro-de-gestores-da-igr-caminhos-do-pirangi\/#primaryimage"},"thumbnailUrl":"https:\/\/i0.wp.com\/www.fazendaboqueiraorn.com.br\/wp-content\/uploads\/2025\/06\/1-encontro-de-gestores-da-igr-caminhos-do-potengi.webp?fit=1080%2C1346&ssl=1","datePublished":"2025-06-22T20:29:17+00:00","dateModified":"2025-06-22T20:29:26+00:00","description":"Lan\u00e7amento oficial da Identidade Visual e 1\u00ba Encontro de Gestores da IGR Caminhos do Potengi e o fortalecimento do turismo regional 2025.","breadcrumb":{"@id":"https:\/\/www.fazendaboqueiraorn.com.br\/1o-encontro-de-gestores-da-igr-caminhos-do-pirangi\/#breadcrumb"},"inLanguage":"en-US","potentialAction":[{"@type":"ReadAction","target":["https:\/\/www.fazendaboqueiraorn.com.br\/1o-encontro-de-gestores-da-igr-caminhos-do-pirangi\/"]}]},{"@type":"ImageObject","inLanguage":"en-US","@id":"https:\/\/www.fazendaboqueiraorn.com.br\/1o-encontro-de-gestores-da-igr-caminhos-do-pirangi\/#primaryimage","url":"https:\/\/i0.wp.com\/www.fazendaboqueiraorn.com.br\/wp-content\/uploads\/2025\/06\/1-encontro-de-gestores-da-igr-caminhos-do-potengi.webp?fit=1080%2C1346&ssl=1","contentUrl":"https:\/\/i0.wp.com\/www.fazendaboqueiraorn.com.br\/wp-content\/uploads\/2025\/06\/1-encontro-de-gestores-da-igr-caminhos-do-potengi.webp?fit=1080%2C1346&ssl=1","width":1080,"height":1346,"caption":"1\u00ba Encontro de Gestores da IGR Caminhos do Pirangi"},{"@type":"BreadcrumbList","@id":"https:\/\/www.fazendaboqueiraorn.com.br\/1o-encontro-de-gestores-da-igr-caminhos-do-pirangi\/#breadcrumb","itemListElement":[{"@type":"ListItem","position":1,"name":"Home","item":"https:\/\/www.fazendaboqueiraorn.com.br\/"},{"@type":"ListItem","position":2,"name":"1\u00ba Encontro de Gestores da IGR Caminhos do Pirangi"}]},{"@type":"WebSite","@id":"https:\/\/www.fazendaboqueiraorn.com.br\/#website","url":"https:\/\/www.fazendaboqueiraorn.com.br\/","name":"Fazenda Boqueir\u00e3o","description":"","publisher":{"@id":"https:\/\/www.fazendaboqueiraorn.com.br\/#organization"},"potentialAction":[{"@type":"SearchAction","target":{"@type":"EntryPoint","urlTemplate":"https:\/\/www.fazendaboqueiraorn.com.br\/?s={search_term_string}"},"query-input":{"@type":"PropertyValueSpecification","valueRequired":true,"valueName":"search_term_string"}}],"inLanguage":"en-US"},{"@type":"Organization","@id":"https:\/\/www.fazendaboqueiraorn.com.br\/#organization","name":"Fazenda Boqueir\u00e3o","url":"https:\/\/www.fazendaboqueiraorn.com.br\/","logo":{"@type":"ImageObject","inLanguage":"en-US","@id":"https:\/\/www.fazendaboqueiraorn.com.br\/#\/schema\/logo\/image\/","url":"https:\/\/i0.wp.com\/www.fazendaboqueiraorn.com.br\/wp-content\/uploads\/2021\/08\/logo-fazenda-120x120-1.png?fit=120%2C120&ssl=1","contentUrl":"https:\/\/i0.wp.com\/www.fazendaboqueiraorn.com.br\/wp-content\/uploads\/2021\/08\/logo-fazenda-120x120-1.png?fit=120%2C120&ssl=1","width":120,"height":120,"caption":"Fazenda Boqueir\u00e3o"},"image":{"@id":"https:\/\/www.fazendaboqueiraorn.com.br\/#\/schema\/logo\/image\/"},"sameAs":["https:\/\/www.facebook.com\/fazboqueirao","https:\/\/x.com\/FazBoqueirao","http:\/\/instagram.com\/fazboqueirao\/","https:\/\/www.linkedin.com\/company\/fazboqueirao\/","https:\/\/www.youtube.com\/channel\/UCUA4_8v8HkmMeNUh8c6Ky1Q"]},{"@type":"Person","@id":"https:\/\/www.fazendaboqueiraorn.com.br\/#\/schema\/person\/70484dc96f76e66c6365a9f4a2ebfb02","name":"Fazenda Boqueir\u00e3o","image":{"@type":"ImageObject","inLanguage":"en-US","@id":"https:\/\/secure.gravatar.com\/avatar\/19f19467ae305ded5d913deae2fb6c6f29fe88a0a7f3a4dca5679407289a9efd?s=96&d=mm&r=g","url":"https:\/\/secure.gravatar.com\/avatar\/19f19467ae305ded5d913deae2fb6c6f29fe88a0a7f3a4dca5679407289a9efd?s=96&d=mm&r=g","contentUrl":"https:\/\/secure.gravatar.com\/avatar\/19f19467ae305ded5d913deae2fb6c6f29fe88a0a7f3a4dca5679407289a9efd?s=96&d=mm&r=g","caption":"Fazenda Boqueir\u00e3o"},"url":"https:\/\/www.fazendaboqueiraorn.com.br\/en\/author\/fazenda\/"}]}},"jetpack_publicize_connections":[],"uagb_featured_image_src":{"full":["https:\/\/i0.wp.com\/www.fazendaboqueiraorn.com.br\/wp-content\/uploads\/2025\/06\/1-encontro-de-gestores-da-igr-caminhos-do-potengi.webp?fit=1080%2C1346&ssl=1",1080,1346,false],"thumbnail":["https:\/\/i0.wp.com\/www.fazendaboqueiraorn.com.br\/wp-content\/uploads\/2025\/06\/1-encontro-de-gestores-da-igr-caminhos-do-potengi.webp?resize=150%2C150&ssl=1",150,150,true],"medium":["https:\/\/i0.wp.com\/www.fazendaboqueiraorn.com.br\/wp-content\/uploads\/2025\/06\/1-encontro-de-gestores-da-igr-caminhos-do-potengi.webp?fit=241%2C300&ssl=1",241,300,true],"medium_large":["https:\/\/i0.wp.com\/www.fazendaboqueiraorn.com.br\/wp-content\/uploads\/2025\/06\/1-encontro-de-gestores-da-igr-caminhos-do-potengi.webp?fit=768%2C957&ssl=1",768,957,true],"large":["https:\/\/i0.wp.com\/www.fazendaboqueiraorn.com.br\/wp-content\/uploads\/2025\/06\/1-encontro-de-gestores-da-igr-caminhos-do-potengi.webp?fit=822%2C1024&ssl=1",822,1024,true],"1536x1536":["https:\/\/i0.wp.com\/www.fazendaboqueiraorn.com.br\/wp-content\/uploads\/2025\/06\/1-encontro-de-gestores-da-igr-caminhos-do-potengi.webp?fit=1080%2C1346&ssl=1",1080,1346,true],"2048x2048":["https:\/\/i0.wp.com\/www.fazendaboqueiraorn.com.br\/wp-content\/uploads\/2025\/06\/1-encontro-de-gestores-da-igr-caminhos-do-potengi.webp?fit=1080%2C1346&ssl=1",1080,1346,true],"trp-custom-language-flag":["https:\/\/i0.wp.com\/www.fazendaboqueiraorn.com.br\/wp-content\/uploads\/2025\/06\/1-encontro-de-gestores-da-igr-caminhos-do-potengi.webp?fit=10%2C12&ssl=1",10,12,true],"ultp_layout_landscape_large":["https:\/\/i0.wp.com\/www.fazendaboqueiraorn.com.br\/wp-content\/uploads\/2025\/06\/1-encontro-de-gestores-da-igr-caminhos-do-potengi.webp?resize=1080%2C800&ssl=1",1080,800,true],"ultp_layout_landscape":["https:\/\/i0.wp.com\/www.fazendaboqueiraorn.com.br\/wp-content\/uploads\/2025\/06\/1-encontro-de-gestores-da-igr-caminhos-do-potengi.webp?resize=870%2C570&ssl=1",870,570,true],"ultp_layout_portrait":["https:\/\/i0.wp.com\/www.fazendaboqueiraorn.com.br\/wp-content\/uploads\/2025\/06\/1-encontro-de-gestores-da-igr-caminhos-do-potengi.webp?resize=600%2C900&ssl=1",600,900,true],"ultp_layout_square":["https:\/\/i0.wp.com\/www.fazendaboqueiraorn.com.br\/wp-content\/uploads\/2025\/06\/1-encontro-de-gestores-da-igr-caminhos-do-potengi.webp?resize=600%2C600&ssl=1",600,600,true],"woocommerce_thumbnail":["https:\/\/www.fazendaboqueiraorn.com.br\/wp-content\/uploads\/2025\/06\/1-encontro-de-gestores-da-igr-caminhos-do-potengi-300x300.webp",300,300,true],"woocommerce_single":["https:\/\/www.fazendaboqueiraorn.com.br\/wp-content\/uploads\/2025\/06\/1-encontro-de-gestores-da-igr-caminhos-do-potengi.webp",600,748,false],"woocommerce_gallery_thumbnail":["https:\/\/www.fazendaboqueiraorn.com.br\/wp-content\/uploads\/2025\/06\/1-encontro-de-gestores-da-igr-caminhos-do-potengi-100x100.webp",100,100,true],"web-stories-poster-portrait":["https:\/\/www.fazendaboqueiraorn.com.br\/wp-content\/uploads\/2025\/06\/1-encontro-de-gestores-da-igr-caminhos-do-potengi-640x853.webp",640,853,true],"web-stories-publisher-logo":["https:\/\/www.fazendaboqueiraorn.com.br\/wp-content\/uploads\/2025\/06\/1-encontro-de-gestores-da-igr-caminhos-do-potengi-96x96.webp",96,96,true],"web-stories-thumbnail":["https:\/\/www.fazendaboqueiraorn.com.br\/wp-content\/uploads\/2025\/06\/1-encontro-de-gestores-da-igr-caminhos-do-potengi-150x187.webp",150,187,true]},"uagb_author_info":{"display_name":"Fazenda Boqueir\u00e3o","author_link":"https:\/\/www.fazendaboqueiraorn.com.br\/en\/author\/fazenda\/"},"uagb_comment_info":0,"uagb_excerpt":"Lan\u00e7amento oficial da Identidade Visual e 1\u00ba Encontro de Gestores da IGR Caminhos do Potengi e o fortalecimento do turismo regional!","jetpack_featured_media_url":"https:\/\/i0.wp.com\/www.fazendaboqueiraorn.com.br\/wp-content\/uploads\/2025\/06\/1-encontro-de-gestores-da-igr-caminhos-do-potengi.webp?fit=1080%2C1346&ssl=1","jetpack_sharing_enabled":true,"jetpack_likes_enabled":true,"_links":{"self":[{"href":"https:\/\/www.fazendaboqueiraorn.com.br\/en\/wp-json\/wp\/v2\/posts\/8305","targetHints":{"allow":["GET"]}}],"collection":[{"href":"https:\/\/www.fazendaboqueiraorn.com.br\/en\/wp-json\/wp\/v2\/posts"}],"about":[{"href":"https:\/\/www.fazendaboqueiraorn.com.br\/en\/wp-json\/wp\/v2\/types\/post"}],"author":[{"embeddable":true,"href":"https:\/\/www.fazendaboqueiraorn.com.br\/en\/wp-json\/wp\/v2\/users\/2"}],"replies":[{"embeddable":true,"href":"https:\/\/www.fazendaboqueiraorn.com.br\/en\/wp-json\/wp\/v2\/comments?post=8305"}],"version-history":[{"count":2,"href":"https:\/\/www.fazendaboqueiraorn.com.br\/en\/wp-json\/wp\/v2\/posts\/8305\/revisions"}],"predecessor-version":[{"id":8320,"href":"https:\/\/www.fazendaboqueiraorn.com.br\/en\/wp-json\/wp\/v2\/posts\/8305\/revisions\/8320"}],"wp:featuredmedia":[{"embeddable":true,"href":"https:\/\/www.fazendaboqueiraorn.com.br\/en\/wp-json\/wp\/v2\/media\/8308"}],"wp:attachment":[{"href":"https:\/\/www.fazendaboqueiraorn.com.br\/en\/wp-json\/wp\/v2\/media?parent=8305"}],"wp:term":[{"taxonomy":"category","embeddable":true,"href":"https:\/\/www.fazendaboqueiraorn.com.br\/en\/wp-json\/wp\/v2\/categories?post=8305"},{"taxonomy":"post_tag","embeddable":true,"href":"https:\/\/www.fazendaboqueiraorn.com.br\/en\/wp-json\/wp\/v2\/tags?post=8305"}],"curies":[{"name":"wp","href":"https:\/\/api.w.org\/{rel}","templated":true}]}}