{"id":8105,"date":"2025-06-13T09:10:28","date_gmt":"2025-06-13T12:10:28","guid":{"rendered":"https:\/\/www.fazendaboqueiraorn.com.br\/?p=8105"},"modified":"2025-06-16T09:29:51","modified_gmt":"2025-06-16T12:29:51","slug":"seminario-nacional-em-alusao-ao-dia-mundial-de-combate-a-desertificacao","status":"publish","type":"post","link":"https:\/\/www.fazendaboqueiraorn.com.br\/en\/seminario-nacional-em-alusao-ao-dia-mundial-de-combate-a-desertificacao\/","title":{"rendered":"Semin\u00e1rio nacional em alus\u00e3o ao Dia Mundial de Combate \u00e0 Desertifica\u00e7\u00e3o"},"content":{"rendered":"\n<figure class=\"wp-block-image aligncenter size-full\"><img data-recalc-dims=\"1\" decoding=\"async\" width=\"576\" height=\"768\" loading=\"lazy\" src=\"https:\/\/i0.wp.com\/www.fazendaboqueiraorn.com.br\/wp-content\/uploads\/2025\/06\/Dia-Mundial-de-Combate-a-Desertificacao.webp?resize=576%2C768&#038;ssl=1\" alt=\"Semin\u00e1rio nacional em alus\u00e3o ao Dia Mundial de Combate \u00e0 Desertifica\u00e7\u00e3o\" class=\"wp-image-8109\" srcset=\"https:\/\/i0.wp.com\/www.fazendaboqueiraorn.com.br\/wp-content\/uploads\/2025\/06\/Dia-Mundial-de-Combate-a-Desertificacao.webp?w=576&amp;ssl=1 576w, https:\/\/i0.wp.com\/www.fazendaboqueiraorn.com.br\/wp-content\/uploads\/2025\/06\/Dia-Mundial-de-Combate-a-Desertificacao.webp?resize=225%2C300&amp;ssl=1 225w, https:\/\/i0.wp.com\/www.fazendaboqueiraorn.com.br\/wp-content\/uploads\/2025\/06\/Dia-Mundial-de-Combate-a-Desertificacao.webp?resize=9%2C12&amp;ssl=1 9w, https:\/\/i0.wp.com\/www.fazendaboqueiraorn.com.br\/wp-content\/uploads\/2025\/06\/Dia-Mundial-de-Combate-a-Desertificacao.webp?resize=150%2C200&amp;ssl=1 150w\" sizes=\"auto, (max-width: 576px) 100vw, 576px\" \/><\/figure>\n\n\n\n<p class=\"\">Nos dias 16 e 17 de junho, Campina Grande (PB) sediar\u00e1 o semin\u00e1rio nacional \u201cRestaurar a terra. Criar oportunidades\u201d, em alus\u00e3o ao Dia Mundial de Combate \u00e0 Desertifica\u00e7\u00e3o e Mitiga\u00e7\u00e3o dos Efeitos da Seca 2025.<\/p>\n\n\n\n<p class=\"\">O evento reunir\u00e1 pesquisadores, pol\u00edticos, gestores p\u00fablicos, empres\u00e1rios de m\u00e9dio e pequeno porte e representantes da sociedade civil organizada para discutir estrat\u00e9gias de restaura\u00e7\u00e3o de terras, desenvolvimento sustent\u00e1vel e adapta\u00e7\u00e3o \u00e0s mudan\u00e7as clim\u00e1ticas no Semi\u00e1rido brasileiro.<\/p>\n\n\n\n<p class=\"\">O diretor do INSA\/MCTI, Jos\u00e9 Etham de Lucena Barbosa, ressalta a import\u00e2ncia do semin\u00e1rio como parte de um esfor\u00e7o estrat\u00e9gico para promover pol\u00edticas p\u00fablicas integradas: \u201cDurante muito tempo se desenvolveram pol\u00edticas de combate aos per\u00edodos de baixa precipita\u00e7\u00e3o pluviom\u00e9trica focadas no uso e ocupa\u00e7\u00e3o do espa\u00e7o como elemento de explora\u00e7\u00e3o econ\u00f4mica, sem considerar as potencialidades da regi\u00e3o. <\/p>\n\n\n\n<p class=\"\">Precisamos avan\u00e7ar na constru\u00e7\u00e3o de pol\u00edticas que valorizem a conviv\u00eancia com o Semi\u00e1rido e promovam desenvolvimento social sustent\u00e1vel\u201d, afirmou. Etham convida a comunidade cient\u00edfica, pol\u00edticos, gestores p\u00fablicos, empres\u00e1rios rurais e urbanos e representantes da sociedade civil organizada que se interessam pelo tema proposto a estarem presentes no evento.<\/p>\n\n\n\n<p class=\"\">A programa\u00e7\u00e3o tem in\u00edcio na tarde do dia 16, com visita t\u00e9cnica a experi\u00eancias de regenera\u00e7\u00e3o produtiva da Caatinga. No dia 17, o semin\u00e1rio acontece na sede do Instituto Nacional do Semi\u00e1rido (INSA\/MCTI), Unidade de Pesquisa do Minist\u00e9rio da Ci\u00eancia, Tecnologia e Inova\u00e7\u00e3o (MCTI), com acolhimento, falas de autoridades e pain\u00e9is tem\u00e1ticos sobre economia da restaura\u00e7\u00e3o, coopera\u00e7\u00e3o internacional, uso de sementes florestais, tecnologias sociais e gest\u00e3o de dados ambientais. <\/p>\n\n\n\n<p class=\"\">O objetivo \u00e9 ampliar o debate e a coopera\u00e7\u00e3o interinstitucional no enfrentamento \u00e0 desertifica\u00e7\u00e3o e \u00e0 seca, al\u00e9m de valorizar o potencial da restaura\u00e7\u00e3o ecol\u00f3gica como alternativa vi\u00e1vel para o desenvolvimento sustent\u00e1vel da regi\u00e3o.<\/p>\n\n\n\n<h2 class=\"wp-block-heading\">Programa\u00e7\u00e3o do Semin\u00e1rio nacional em alus\u00e3o ao Dia Mundial de Combate \u00e0 Desertifica\u00e7\u00e3o<\/h2>\n\n\n\n<h3 class=\"wp-block-heading\">16\/06 &#8211; Segunda-Feira<\/h3>\n\n\n\n<ul class=\"wp-block-list\">\n<li class=\"\">12h \u00e0s 18h &#8211; Visita T\u00e9cnica\n<ul class=\"wp-block-list\">\n<li class=\"\">Modelo de Regenera\u00e7\u00e3o com Caatinga Produtiva &#8211; UFPB<\/li>\n\n\n\n<li class=\"\">Unidade familiar com experimento aplicado<\/li>\n\n\n\n<li class=\"\">Visita a <a href=\"https:\/\/www.instagram.com\/lajedodasalambaia\/\" target=\"_blank\" rel=\"noreferrer noopener\">Fazenda Salambaia<\/a> com Caatinga Arb\u00f3rea<\/li>\n<\/ul>\n<\/li>\n<\/ul>\n\n\n\n<h3 class=\"wp-block-heading\">17\/06 &#8211; Ter\u00e7a-Feira<\/h3>\n\n\n\n<p class=\"\"><strong>Manh\u00e3<\/strong><\/p>\n\n\n\n<ul class=\"wp-block-list\">\n<li class=\"\">8h30 \u00e0s 9h &#8211; Acolhimento ao p\u00fablico &#8211; Apresenta\u00e7\u00e3o musical: Dani &amp; Ci\u00e7o<\/li>\n\n\n\n<li class=\"\">9h00 \u00e0s 9h15 &#8211; Fala de Boas Vindas &#8211; Diretor do INSA<\/li>\n\n\n\n<li class=\"\">9h15 \u00e0s 9h45 &#8211; Apresenta\u00e7\u00e3o de abertura\n<ul class=\"wp-block-list\">\n<li class=\"\">Avan\u00e7os, desafios e oportunidades no combate \u00e0 desertifica\u00e7\u00e3o<\/li>\n<\/ul>\n<\/li>\n\n\n\n<li class=\"\">9h45 \u00e0s 12h &#8211; Fala das Autoridades do \u00e2mbito legislativo, secret\u00e1rios dos estados, gestores e lideran\u00e7as de movimentos sociais<\/li>\n\n\n\n<li class=\"\">12h \u00e0s 12h30 &#8211; Sess\u00e3o de iniciativas para combate \u00e0 desertifica\u00e7\u00e3o<\/li>\n\n\n\n<li class=\"\">12h30 &#8211; Intervalo para almo\u00e7o<\/li>\n<\/ul>\n\n\n\n<p class=\"\"><strong>Manh\u00e3<\/strong><\/p>\n\n\n\n<ul class=\"wp-block-list\">\n<li class=\"\">14h \u00e0s 15:30 &#8211; Painel Restaurara terra. Criar Oportunidades\n<ul class=\"wp-block-list\">\n<li class=\"\">Desafios pr\u00e1ticos, gargalos e o papel das comunidades &#8211; Rede de Restaura\u00e7\u00e3o da Caatinga<\/li>\n\n\n\n<li class=\"\">Sementes florestais da Caatinga como base da restaura\u00e7\u00e3o ecol\u00f3gica no Semi\u00e1rido &#8211; Rede Sementes Semi\u00e1rido<\/li>\n\n\n\n<li class=\"\">Regenera\u00e7\u00e3o Produtiva na Caatinga: Recuperando \u00e1reas degradadas no Semi\u00e1rido &#8211; UFPB<\/li>\n<\/ul>\n<\/li>\n\n\n\n<li class=\"\">15h \u00e0s 16h &#8211; Pausa \u00e1ra caf\u00e9<\/li>\n\n\n\n<li class=\"\">16h \u00e0s 17h30 &#8211; Painel T\u00e9cnico: Gest\u00e3 ode informa\u00e7\u00f5es e conhecimento para fortalecimento das a\u00e7\u00f5es nos territ\u00f3rios afetados pela desertifica\u00e7\u00e3o\n<ul class=\"wp-block-list\">\n<li class=\"\">Panorama atual da desertifica\u00e7\u00e3o &#8211; Observat\u00f3rio da Caatinga e Desertifica\u00e7\u00e3o<\/li>\n\n\n\n<li class=\"\">10 anos do MapBiomas e dados sobre a Caatinga &#8211; MapBiomas<\/li>\n\n\n\n<li class=\"\">Rodada de  discuss\u00f5es com p\u00fablico e painelistas<\/li>\n<\/ul>\n<\/li>\n\n\n\n<li class=\"\">17h30 &#8211; Encerramento<\/li>\n<\/ul>\n\n\n\n<div data-wp-context=\"{&quot;notices&quot;:[],&quot;hideNextPreviousButtons&quot;:false,&quot;isDisabledPrevious&quot;:true,&quot;isDisabledNext&quot;:false,&quot;ariaLabelPrevious&quot;:&quot;Previous products&quot;,&quot;ariaLabelNext&quot;:&quot;Next products&quot;,&quot;collection&quot;:&quot;woocommerce\\\/product-collection\\\/hand-picked&quot;}\" data-wp-init=\"callbacks.onRender\" data-wp-interactive=\"woocommerce\/product-collection\" data-wp-router-region=\"wc-product-collection-1\" data-__private-preview-state=\"{&quot;isPreview&quot;:false,&quot;previewMessage&quot;:&quot;Os produtos reais variam dependendo da p\\u00e1gina visualizada.&quot;}\" data-block-name=\"woocommerce\/product-collection\" data-collection=\"woocommerce\/product-collection\/hand-picked\" data-dimensions=\"{&quot;widthType&quot;:&quot;fill&quot;}\" data-display-layout=\"{&quot;type&quot;:&quot;flex&quot;,&quot;columns&quot;:5,&quot;shrinkColumns&quot;:true}\" data-hide-controls=\"[&quot;inherit&quot;,&quot;hand-picked&quot;,&quot;filterable&quot;,&quot;order&quot;]\" data-query-context-includes=\"[&quot;collection&quot;]\" data-query-id=\"1\" data-query=\"{&quot;perPage&quot;:9,&quot;pages&quot;:0,&quot;offset&quot;:0,&quot;postType&quot;:&quot;product&quot;,&quot;order&quot;:&quot;asc&quot;,&quot;orderBy&quot;:&quot;post__in&quot;,&quot;search&quot;:&quot;&quot;,&quot;exclude&quot;:[],&quot;inherit&quot;:false,&quot;taxQuery&quot;:[],&quot;isProductCollectionBlock&quot;:true,&quot;featured&quot;:false,&quot;woocommerceOnSale&quot;:false,&quot;woocommerceStockStatus&quot;:[],&quot;woocommerceAttributes&quot;:[],&quot;woocommerceHandPickedProducts&quot;:[&quot;8171&quot;,&quot;8220&quot;],&quot;filterable&quot;:false,&quot;relatedBy&quot;:{&quot;categories&quot;:true,&quot;tags&quot;:true}}\" data-tag-name=\"div\" class=\"wp-block-woocommerce-product-collection is-layout-flow wp-block-woocommerce-product-collection-is-layout-flow\">\t\t<div data-wp-interactive=\"woocommerce\/store-notices\" class=\"wc-block-components-notices alignwide\">\n\t\t\t<template data-wp-each--notice=\"state.notices\" data-wp-each-key=\"context.notice.id\">\n\t\t\t\t<div\n\t\t\t\t\tclass=\"wc-block-components-notice-banner\"\n\t\t\t\t\tdata-wp-init=\"callbacks.scrollIntoView\"\n\t\t\t\t\tdata-wp-class--is-error=\"state.isError\"\n\t\t\t\t\tdata-wp-class--is-success=\"state.isSuccess\"\n\t\t\t\t\tdata-wp-class--is-info=\"state.isInfo\"\n\t\t\t\t\tdata-wp-class--is-dismissible=\"context.notice.dismissible\"\n\t\t\t\t\tdata-wp-bind--role=\"state.role\"\n\t\t\t\t\tdata-wp-watch=\"callbacks.injectIcon\"\n\t\t\t\t>\n\t\t\t\t\t<div class=\"wc-block-components-notice-banner__content\">\n\t\t\t\t\t\t<span data-wp-init=\"callbacks.renderNoticeContent\" aria-live=\"assertive\" aria-atomic=\"true\"><\/span>\n\t\t\t\t\t<\/div>\n\t\t\t\t\t<button\n\t\t\t\t\t\tdata-wp-bind--hidden=\"!context.notice.dismissible\"\n\t\t\t\t\t\tclass=\"wc-block-components-button wp-element-button wc-block-components-notice-banner__dismiss contained\"\n\t\t\t\t\t\taria-label=\"Dismiss this notice\"\n\t\t\t\t\t\tdata-wp-on--click=\"actions.removeNotice\"\n\t\t\t\t\t>\n\t\t\t\t\t\t<svg xmlns=\"http:\/\/www.w3.org\/2000\/svg\" viewBox=\"0 0 24 24\">\n\t\t\t\t\t\t\t<path d=\"M13 11.8l6.1-6.3-1-1-6.1 6.2-6.1-6.2-1 1 6.1 6.3-6.5 6.7 1 1 6.5-6.6 6.5 6.6 1-1z\" \/>\n\t\t\t\t\t\t<\/svg>\n\t\t\t\t\t<\/button>\n\t\t\t\t<\/div>\n\t\t\t<\/template>\n\t\t<\/div>\n\t\t\n<h2 class=\"wp-block-heading has-text-align-center\" style=\"margin-bottom:1rem\">Produtos recomendados<\/h2>\n\n\n<ul data-block-name=\"woocommerce\/product-template\" class=\"wc-block-product-template__responsive columns-5 wc-block-product-template wp-block-woocommerce-product-template is-layout-flow wp-block-woocommerce-product-template-is-layout-flow\" data-wp-on--scroll=\"actions.watchScroll\" data-wp-init=\"callbacks.initResizeObserver\"><li class=\"wc-block-product post-8171 product type-product status-publish has-post-thumbnail product_brand-sainlogic product_cat-estacao-meteorologica desktop-align-left tablet-align-left mobile-align-left first instock shipping-taxable product-type-external\"\n\t\t\t\t\t\n\t\t\t\tdata-wp-interactive=\"woocommerce\/product-collection\"\n\t\t\t\tdata-wp-context='{\"productId\":8171}'\n\t\t\t\tdata-wp-key=\"product-item-8171\"\n\t\t\t\n\t\t\t\t>\n\t\t\t\t\t\n<div data-block-name=\"woocommerce\/product-image\" data-image-sizing=\"thumbnail\" data-is-descendent-of-query-loop=\"true\" class=\"wc-block-components-product-image wc-block-grid__product-image wc-block-components-product-image--aspect-ratio-auto wp-block-woocommerce-product-image\"><a href=\"https:\/\/www.fazendaboqueiraorn.com.br\/en\/product\/estacao-meteorologica-wi-fi\/\" style=\"\" data-wp-on--click=\"woocommerce\/product-collection::actions.viewProduct\"><img data-recalc-dims=\"1\" decoding=\"async\" width=\"300\" height=\"300\" src=\"https:\/\/i0.wp.com\/www.fazendaboqueiraorn.com.br\/wp-content\/uploads\/2025\/06\/estacao-meteorologica.webp?resize=300%2C300&#038;ssl=1\" class=\"attachment-woocommerce_thumbnail size-woocommerce_thumbnail\" alt=\"Esta\u00e7\u00e3o Meteorol\u00f3gica Wi-Fi\" data-testid=\"product-image\" data-image-id=\"8174\" style=\"object-fit:cover;\" loading=\"lazy\" srcset=\"https:\/\/i0.wp.com\/www.fazendaboqueiraorn.com.br\/wp-content\/uploads\/2025\/06\/estacao-meteorologica.webp?resize=300%2C300&amp;ssl=1 300w, https:\/\/i0.wp.com\/www.fazendaboqueiraorn.com.br\/wp-content\/uploads\/2025\/06\/estacao-meteorologica.webp?resize=1024%2C1024&amp;ssl=1 1024w, https:\/\/i0.wp.com\/www.fazendaboqueiraorn.com.br\/wp-content\/uploads\/2025\/06\/estacao-meteorologica.webp?resize=150%2C150&amp;ssl=1 150w, https:\/\/i0.wp.com\/www.fazendaboqueiraorn.com.br\/wp-content\/uploads\/2025\/06\/estacao-meteorologica.webp?resize=768%2C768&amp;ssl=1 768w, https:\/\/i0.wp.com\/www.fazendaboqueiraorn.com.br\/wp-content\/uploads\/2025\/06\/estacao-meteorologica.webp?resize=12%2C12&amp;ssl=1 12w, https:\/\/i0.wp.com\/www.fazendaboqueiraorn.com.br\/wp-content\/uploads\/2025\/06\/estacao-meteorologica.webp?resize=600%2C600&amp;ssl=1 600w, https:\/\/i0.wp.com\/www.fazendaboqueiraorn.com.br\/wp-content\/uploads\/2025\/06\/estacao-meteorologica.webp?resize=100%2C100&amp;ssl=1 100w, https:\/\/i0.wp.com\/www.fazendaboqueiraorn.com.br\/wp-content\/uploads\/2025\/06\/estacao-meteorologica.webp?resize=96%2C96&amp;ssl=1 96w, https:\/\/i0.wp.com\/www.fazendaboqueiraorn.com.br\/wp-content\/uploads\/2025\/06\/estacao-meteorologica.webp?w=1080&amp;ssl=1 1080w\" sizes=\"auto, (max-width: 300px) 100vw, 300px\" \/><div class=\"wc-block-components-product-image__inner-container\"><\/div><\/a><\/div>\n\n<h2 style=\"line-height:1.4; margin-bottom:0.75rem;margin-top:0;\" class=\"has-text-align-center wp-block-post-title has-medium-font-size\"><a data-wp-on--click=\"woocommerce\/product-collection::actions.viewProduct\" href=\"https:\/\/www.fazendaboqueiraorn.com.br\/en\/product\/estacao-meteorologica-wi-fi\/\" target=\"_self\" >Esta\u00e7\u00e3o Meteorol\u00f3gica Wi-Fi<\/a><\/h2>\n\n<div data-block-name=\"woocommerce\/product-button\" data-font-size=\"small\" data-is-descendent-of-query-loop=\"true\" data-text-align=\"center\" class=\"wp-block-button wc-block-components-product-button   align-center wp-block-woocommerce-product-button has-small-font-size\"\n\t\t\t\t\t\n\t\t\t\t\tdata-wp-context='{\"quantityToAdd\":1,\"productId\":8171,\"productType\":\"external\",\"addToCartText\":\"Comprar\",\"tempQuantity\":0,\"animationStatus\":\"IDLE\",\"inTheCartText\":\"### in cart\",\"noticeId\":\"\",\"hasPressedButton\":false}'\n\t\t\t\t>\n\t\t\t\t\t<a\n\t\t\t\t\t\tclass=\"wp-block-button__link wp-element-button wc-block-components-product-button__button product_type_external has-font-size has-small-font-size has-text-align-center wc-interactive\"\n\t\t\t\t\t\tstyle=\"\"\n\t\t\t\t\t\thref=\"https:\/\/amzn.to\/4l38fIp\" rel=\"nofollow\" data-product_id=\"8171\" data-product_sku=\"\" aria-label=\"Comprar\"\n\t\t\t\t\t\tdata-wp-on--click=\"woocommerce\/product-collection::actions.viewProduct\"\n\t\t\t\t\t>\n\t\t\t\t\t<span >Comprar<\/span>\n\t\t\t\t\t<\/a>\n\t\t\t\t\t\n\t\t\t\t<\/div>\n\n\t\t\t\t<\/li><li class=\"wc-block-product post-8220 product type-product status-publish has-post-thumbnail product_brand-tuya product_cat-estacao-meteorologica desktop-align-left tablet-align-left mobile-align-left  instock shipping-taxable product-type-external\"\n\t\t\t\t\t\n\t\t\t\tdata-wp-interactive=\"woocommerce\/product-collection\"\n\t\t\t\tdata-wp-context='{\"productId\":8220}'\n\t\t\t\tdata-wp-key=\"product-item-8220\"\n\t\t\t\n\t\t\t\t>\n\t\t\t\t\t\n<div data-block-name=\"woocommerce\/product-image\" data-image-sizing=\"thumbnail\" data-is-descendent-of-query-loop=\"true\" class=\"wc-block-components-product-image wc-block-grid__product-image wc-block-components-product-image--aspect-ratio-auto wp-block-woocommerce-product-image\"><a href=\"https:\/\/www.fazendaboqueiraorn.com.br\/en\/product\/estacao-meteorologica-tuya\/\" style=\"\" data-wp-on--click=\"woocommerce\/product-collection::actions.viewProduct\"><img data-recalc-dims=\"1\" decoding=\"async\" width=\"300\" height=\"300\" src=\"https:\/\/i0.wp.com\/www.fazendaboqueiraorn.com.br\/wp-content\/uploads\/2025\/06\/estacao-meteorologica-tuya.webp?resize=300%2C300&#038;ssl=1\" class=\"attachment-woocommerce_thumbnail size-woocommerce_thumbnail\" alt=\"Esta\u00e7\u00e3o Meteorol\u00f3gica Tuya\" data-testid=\"product-image\" data-image-id=\"8227\" style=\"object-fit:cover;\" loading=\"lazy\" srcset=\"https:\/\/i0.wp.com\/www.fazendaboqueiraorn.com.br\/wp-content\/uploads\/2025\/06\/estacao-meteorologica-tuya.webp?resize=300%2C300&amp;ssl=1 300w, https:\/\/i0.wp.com\/www.fazendaboqueiraorn.com.br\/wp-content\/uploads\/2025\/06\/estacao-meteorologica-tuya.webp?resize=1024%2C1024&amp;ssl=1 1024w, https:\/\/i0.wp.com\/www.fazendaboqueiraorn.com.br\/wp-content\/uploads\/2025\/06\/estacao-meteorologica-tuya.webp?resize=150%2C150&amp;ssl=1 150w, https:\/\/i0.wp.com\/www.fazendaboqueiraorn.com.br\/wp-content\/uploads\/2025\/06\/estacao-meteorologica-tuya.webp?resize=768%2C768&amp;ssl=1 768w, https:\/\/i0.wp.com\/www.fazendaboqueiraorn.com.br\/wp-content\/uploads\/2025\/06\/estacao-meteorologica-tuya.webp?resize=12%2C12&amp;ssl=1 12w, https:\/\/i0.wp.com\/www.fazendaboqueiraorn.com.br\/wp-content\/uploads\/2025\/06\/estacao-meteorologica-tuya.webp?resize=600%2C600&amp;ssl=1 600w, https:\/\/i0.wp.com\/www.fazendaboqueiraorn.com.br\/wp-content\/uploads\/2025\/06\/estacao-meteorologica-tuya.webp?resize=100%2C100&amp;ssl=1 100w, https:\/\/i0.wp.com\/www.fazendaboqueiraorn.com.br\/wp-content\/uploads\/2025\/06\/estacao-meteorologica-tuya.webp?resize=96%2C96&amp;ssl=1 96w, https:\/\/i0.wp.com\/www.fazendaboqueiraorn.com.br\/wp-content\/uploads\/2025\/06\/estacao-meteorologica-tuya.webp?w=1080&amp;ssl=1 1080w\" sizes=\"auto, (max-width: 300px) 100vw, 300px\" \/><div class=\"wc-block-components-product-image__inner-container\"><\/div><\/a><\/div>\n\n<h2 style=\"line-height:1.4; margin-bottom:0.75rem;margin-top:0;\" class=\"has-text-align-center wp-block-post-title has-medium-font-size\"><a data-wp-on--click=\"woocommerce\/product-collection::actions.viewProduct\" href=\"https:\/\/www.fazendaboqueiraorn.com.br\/en\/product\/estacao-meteorologica-tuya\/\" target=\"_self\" >Esta\u00e7\u00e3o Meteorol\u00f3gica Tuya<\/a><\/h2>\n\n<div data-block-name=\"woocommerce\/product-button\" data-font-size=\"small\" data-is-descendent-of-query-loop=\"true\" data-text-align=\"center\" class=\"wp-block-button wc-block-components-product-button   align-center wp-block-woocommerce-product-button has-small-font-size\"\n\t\t\t\t\t\n\t\t\t\t\tdata-wp-context='{\"quantityToAdd\":1,\"productId\":8220,\"productType\":\"external\",\"addToCartText\":\"Comprar\",\"tempQuantity\":0,\"animationStatus\":\"IDLE\",\"inTheCartText\":\"### in cart\",\"noticeId\":\"\",\"hasPressedButton\":false}'\n\t\t\t\t>\n\t\t\t\t\t<a\n\t\t\t\t\t\tclass=\"wp-block-button__link wp-element-button wc-block-components-product-button__button product_type_external has-font-size has-small-font-size has-text-align-center wc-interactive\"\n\t\t\t\t\t\tstyle=\"\"\n\t\t\t\t\t\thref=\"https:\/\/s.click.aliexpress.com\/e\/_okxd8QO\" rel=\"nofollow\" data-product_id=\"8220\" data-product_sku=\"\" aria-label=\"Comprar\"\n\t\t\t\t\t\tdata-wp-on--click=\"woocommerce\/product-collection::actions.viewProduct\"\n\t\t\t\t\t>\n\t\t\t\t\t<span >Comprar<\/span>\n\t\t\t\t\t<\/a>\n\t\t\t\t\t\n\t\t\t\t<\/div>\n\n\t\t\t\t<\/li><\/ul>\n\n<\/div>\n","protected":false},"excerpt":{"rendered":"<p>Nos dias 16 e 17 de junho, Campina Grande (PB) sediar\u00e1 o semin\u00e1rio nacional \u201cRestaurar a terra. Criar oportunidades\u201d, em alus\u00e3o ao Dia Mundial de Combate \u00e0 Desertifica\u00e7\u00e3o e Mitiga\u00e7\u00e3o dos Efeitos da Seca 2025.<\/p>","protected":false},"author":2,"featured_media":8109,"comment_status":"open","ping_status":"open","sticky":false,"template":"","format":"standard","meta":{"nf_dc_page":"","_uag_custom_page_level_css":"","site-sidebar-layout":"default","site-content-layout":"","ast-site-content-layout":"","site-content-style":"default","site-sidebar-style":"default","ast-global-header-display":"","ast-banner-title-visibility":"","ast-main-header-display":"","ast-hfb-above-header-display":"","ast-hfb-below-header-display":"","ast-hfb-mobile-header-display":"","site-post-title":"","ast-breadcrumbs-content":"","ast-featured-img":"","footer-sml-layout":"","ast-disable-related-posts":"","theme-transparent-header-meta":"","adv-header-id-meta":"","stick-header-meta":"","header-above-stick-meta":"","header-main-stick-meta":"","header-below-stick-meta":"","astra-migrate-meta-layouts":"default","ast-page-background-enabled":"default","ast-page-background-meta":{"desktop":{"background-color":"var(--ast-global-color-4)","background-image":"","background-repeat":"repeat","background-position":"center center","background-size":"auto","background-attachment":"scroll","background-type":"","background-media":"","overlay-type":"","overlay-color":"","overlay-opacity":"","overlay-gradient":""},"tablet":{"background-color":"","background-image":"","background-repeat":"repeat","background-position":"center center","background-size":"auto","background-attachment":"scroll","background-type":"","background-media":"","overlay-type":"","overlay-color":"","overlay-opacity":"","overlay-gradient":""},"mobile":{"background-color":"","background-image":"","background-repeat":"repeat","background-position":"center center","background-size":"auto","background-attachment":"scroll","background-type":"","background-media":"","overlay-type":"","overlay-color":"","overlay-opacity":"","overlay-gradient":""}},"ast-content-background-meta":{"desktop":{"background-color":"var(--ast-global-color-5)","background-image":"","background-repeat":"repeat","background-position":"center center","background-size":"auto","background-attachment":"scroll","background-type":"","background-media":"","overlay-type":"","overlay-color":"","overlay-opacity":"","overlay-gradient":""},"tablet":{"background-color":"var(--ast-global-color-5)","background-image":"","background-repeat":"repeat","background-position":"center center","background-size":"auto","background-attachment":"scroll","background-type":"","background-media":"","overlay-type":"","overlay-color":"","overlay-opacity":"","overlay-gradient":""},"mobile":{"background-color":"var(--ast-global-color-5)","background-image":"","background-repeat":"repeat","background-position":"center center","background-size":"auto","background-attachment":"scroll","background-type":"","background-media":"","overlay-type":"","overlay-color":"","overlay-opacity":"","overlay-gradient":""}},"jetpack_post_was_ever_published":false,"_jetpack_newsletter_access":"","_jetpack_dont_email_post_to_subs":false,"_jetpack_newsletter_tier_id":0,"_jetpack_memberships_contains_paywalled_content":false,"_jetpack_memberships_contains_paid_content":false,"footnotes":"","jetpack_publicize_message":"","jetpack_publicize_feature_enabled":true,"jetpack_social_post_already_shared":false,"jetpack_social_options":{"image_generator_settings":{"template":"highway","default_image_id":0,"enabled":false},"version":2}},"categories":[1],"tags":[2313,482,4650,18,4651,100,311,4653,4652,57,212,4649],"class_list":["post-8105","post","type-post","status-publish","format-standard","has-post-thumbnail","hentry","category-noticia","tag-caatinga","tag-desertificacao","tag-dia-mundial-de-combate-a-desertificacao","tag-evento","tag-fazenda-salambaia","tag-gestao","tag-iati","tag-mapbiomas","tag-observatorio-da-caatinga-e-desertificacao","tag-pesquisador","tag-racao","tag-seminario"],"yoast_head":"<!-- This site is optimized with the Yoast SEO plugin v27.4 - https:\/\/yoast.com\/product\/yoast-seo-wordpress\/ -->\n<title>Semin\u00e1rio nacional em alus\u00e3o ao Dia Mundial de Combate \u00e0 Desertifica\u00e7\u00e3o - Fazenda Boqueir\u00e3o<\/title>\n<meta name=\"description\" content=\"Nos dias 16 e 17 de junho ocorrer\u00e1 o semin\u00e1rio nacional em alus\u00e3o ao Dia Mundial de Combate \u00e0 Desertifica\u00e7\u00e3o 2025.\" \/>\n<meta name=\"robots\" content=\"index, follow, max-snippet:-1, max-image-preview:large, max-video-preview:-1\" \/>\n<link rel=\"canonical\" href=\"https:\/\/www.fazendaboqueiraorn.com.br\/en\/seminario-nacional-em-alusao-ao-dia-mundial-de-combate-a-desertificacao\/\" \/>\n<meta property=\"og:locale\" content=\"en_US\" \/>\n<meta property=\"og:type\" content=\"article\" \/>\n<meta property=\"og:title\" content=\"Semin\u00e1rio nacional em alus\u00e3o ao Dia Mundial de Combate \u00e0 Desertifica\u00e7\u00e3o - Fazenda Boqueir\u00e3o\" \/>\n<meta property=\"og:description\" content=\"Nos dias 16 e 17 de junho ocorrer\u00e1 o semin\u00e1rio nacional em alus\u00e3o ao Dia Mundial de Combate \u00e0 Desertifica\u00e7\u00e3o 2025.\" \/>\n<meta property=\"og:url\" content=\"https:\/\/www.fazendaboqueiraorn.com.br\/en\/seminario-nacional-em-alusao-ao-dia-mundial-de-combate-a-desertificacao\/\" \/>\n<meta property=\"og:site_name\" content=\"Fazenda Boqueir\u00e3o\" \/>\n<meta property=\"article:publisher\" content=\"https:\/\/www.facebook.com\/fazboqueirao\" \/>\n<meta property=\"article:published_time\" content=\"2025-06-13T12:10:28+00:00\" \/>\n<meta property=\"article:modified_time\" content=\"2025-06-16T12:29:51+00:00\" \/>\n<meta property=\"og:image\" content=\"https:\/\/www.fazendaboqueiraorn.com.br\/wp-content\/uploads\/2025\/06\/Dia-Mundial-de-Combate-a-Desertificacao.webp\" \/>\n\t<meta property=\"og:image:width\" content=\"576\" \/>\n\t<meta property=\"og:image:height\" content=\"768\" \/>\n\t<meta property=\"og:image:type\" content=\"image\/webp\" \/>\n<meta name=\"author\" content=\"Fazenda Boqueir\u00e3o\" \/>\n<meta name=\"twitter:card\" content=\"summary_large_image\" \/>\n<meta name=\"twitter:creator\" content=\"@FazBoqueirao\" \/>\n<meta name=\"twitter:site\" content=\"@FazBoqueirao\" \/>\n<meta name=\"twitter:label1\" content=\"Written by\" \/>\n\t<meta name=\"twitter:data1\" content=\"Fazenda Boqueir\u00e3o\" \/>\n\t<meta name=\"twitter:label2\" content=\"Est. reading time\" \/>\n\t<meta name=\"twitter:data2\" content=\"4 minutes\" \/>\n<script type=\"application\/ld+json\" class=\"yoast-schema-graph\">{\"@context\":\"https:\\\/\\\/schema.org\",\"@graph\":[{\"@type\":\"Article\",\"@id\":\"https:\\\/\\\/www.fazendaboqueiraorn.com.br\\\/seminario-nacional-em-alusao-ao-dia-mundial-de-combate-a-desertificacao\\\/#article\",\"isPartOf\":{\"@id\":\"https:\\\/\\\/www.fazendaboqueiraorn.com.br\\\/seminario-nacional-em-alusao-ao-dia-mundial-de-combate-a-desertificacao\\\/\"},\"author\":{\"name\":\"Fazenda Boqueir\u00e3o\",\"@id\":\"https:\\\/\\\/www.fazendaboqueiraorn.com.br\\\/#\\\/schema\\\/person\\\/70484dc96f76e66c6365a9f4a2ebfb02\"},\"headline\":\"Semin\u00e1rio nacional em alus\u00e3o ao Dia Mundial de Combate \u00e0 Desertifica\u00e7\u00e3o\",\"datePublished\":\"2025-06-13T12:10:28+00:00\",\"dateModified\":\"2025-06-16T12:29:51+00:00\",\"mainEntityOfPage\":{\"@id\":\"https:\\\/\\\/www.fazendaboqueiraorn.com.br\\\/seminario-nacional-em-alusao-ao-dia-mundial-de-combate-a-desertificacao\\\/\"},\"wordCount\":609,\"commentCount\":0,\"publisher\":{\"@id\":\"https:\\\/\\\/www.fazendaboqueiraorn.com.br\\\/#organization\"},\"image\":{\"@id\":\"https:\\\/\\\/www.fazendaboqueiraorn.com.br\\\/seminario-nacional-em-alusao-ao-dia-mundial-de-combate-a-desertificacao\\\/#primaryimage\"},\"thumbnailUrl\":\"https:\\\/\\\/i0.wp.com\\\/www.fazendaboqueiraorn.com.br\\\/wp-content\\\/uploads\\\/2025\\\/06\\\/Dia-Mundial-de-Combate-a-Desertificacao.webp?fit=576%2C768&ssl=1\",\"keywords\":[\"caatinga\",\"desertifica\u00e7\u00e3o\",\"Dia Mundial de Combate \u00e0 Desertifica\u00e7\u00e3o\",\"evento\",\"Fazenda Salambaia\",\"gest\u00e3o\",\"Iati\",\"MapBiomas\",\"Observat\u00f3rio da Caatinga e Desertifica\u00e7\u00e3o\",\"pesquisador\",\"ra\u00e7\u00e3o\",\"semin\u00e1rio\"],\"articleSection\":[\"Not\u00edcias\"],\"inLanguage\":\"en-US\",\"potentialAction\":[{\"@type\":\"CommentAction\",\"name\":\"Comment\",\"target\":[\"https:\\\/\\\/www.fazendaboqueiraorn.com.br\\\/seminario-nacional-em-alusao-ao-dia-mundial-de-combate-a-desertificacao\\\/#respond\"]}]},{\"@type\":\"WebPage\",\"@id\":\"https:\\\/\\\/www.fazendaboqueiraorn.com.br\\\/seminario-nacional-em-alusao-ao-dia-mundial-de-combate-a-desertificacao\\\/\",\"url\":\"https:\\\/\\\/www.fazendaboqueiraorn.com.br\\\/seminario-nacional-em-alusao-ao-dia-mundial-de-combate-a-desertificacao\\\/\",\"name\":\"Semin\u00e1rio nacional em alus\u00e3o ao Dia Mundial de Combate \u00e0 Desertifica\u00e7\u00e3o - Fazenda Boqueir\u00e3o\",\"isPartOf\":{\"@id\":\"https:\\\/\\\/www.fazendaboqueiraorn.com.br\\\/#website\"},\"primaryImageOfPage\":{\"@id\":\"https:\\\/\\\/www.fazendaboqueiraorn.com.br\\\/seminario-nacional-em-alusao-ao-dia-mundial-de-combate-a-desertificacao\\\/#primaryimage\"},\"image\":{\"@id\":\"https:\\\/\\\/www.fazendaboqueiraorn.com.br\\\/seminario-nacional-em-alusao-ao-dia-mundial-de-combate-a-desertificacao\\\/#primaryimage\"},\"thumbnailUrl\":\"https:\\\/\\\/i0.wp.com\\\/www.fazendaboqueiraorn.com.br\\\/wp-content\\\/uploads\\\/2025\\\/06\\\/Dia-Mundial-de-Combate-a-Desertificacao.webp?fit=576%2C768&ssl=1\",\"datePublished\":\"2025-06-13T12:10:28+00:00\",\"dateModified\":\"2025-06-16T12:29:51+00:00\",\"description\":\"Nos dias 16 e 17 de junho ocorrer\u00e1 o semin\u00e1rio nacional em alus\u00e3o ao Dia Mundial de Combate \u00e0 Desertifica\u00e7\u00e3o 2025.\",\"breadcrumb\":{\"@id\":\"https:\\\/\\\/www.fazendaboqueiraorn.com.br\\\/seminario-nacional-em-alusao-ao-dia-mundial-de-combate-a-desertificacao\\\/#breadcrumb\"},\"inLanguage\":\"en-US\",\"potentialAction\":[{\"@type\":\"ReadAction\",\"target\":[\"https:\\\/\\\/www.fazendaboqueiraorn.com.br\\\/seminario-nacional-em-alusao-ao-dia-mundial-de-combate-a-desertificacao\\\/\"]}]},{\"@type\":\"ImageObject\",\"inLanguage\":\"en-US\",\"@id\":\"https:\\\/\\\/www.fazendaboqueiraorn.com.br\\\/seminario-nacional-em-alusao-ao-dia-mundial-de-combate-a-desertificacao\\\/#primaryimage\",\"url\":\"https:\\\/\\\/i0.wp.com\\\/www.fazendaboqueiraorn.com.br\\\/wp-content\\\/uploads\\\/2025\\\/06\\\/Dia-Mundial-de-Combate-a-Desertificacao.webp?fit=576%2C768&ssl=1\",\"contentUrl\":\"https:\\\/\\\/i0.wp.com\\\/www.fazendaboqueiraorn.com.br\\\/wp-content\\\/uploads\\\/2025\\\/06\\\/Dia-Mundial-de-Combate-a-Desertificacao.webp?fit=576%2C768&ssl=1\",\"width\":576,\"height\":768,\"caption\":\"Semin\u00e1rio nacional em alus\u00e3o ao Dia Mundial de Combate \u00e0 Desertifica\u00e7\u00e3o\"},{\"@type\":\"BreadcrumbList\",\"@id\":\"https:\\\/\\\/www.fazendaboqueiraorn.com.br\\\/seminario-nacional-em-alusao-ao-dia-mundial-de-combate-a-desertificacao\\\/#breadcrumb\",\"itemListElement\":[{\"@type\":\"ListItem\",\"position\":1,\"name\":\"Home\",\"item\":\"https:\\\/\\\/www.fazendaboqueiraorn.com.br\\\/\"},{\"@type\":\"ListItem\",\"position\":2,\"name\":\"Semin\u00e1rio nacional em alus\u00e3o ao Dia Mundial de Combate \u00e0 Desertifica\u00e7\u00e3o\"}]},{\"@type\":\"WebSite\",\"@id\":\"https:\\\/\\\/www.fazendaboqueiraorn.com.br\\\/#website\",\"url\":\"https:\\\/\\\/www.fazendaboqueiraorn.com.br\\\/\",\"name\":\"Fazenda Boqueir\u00e3o\",\"description\":\"\",\"publisher\":{\"@id\":\"https:\\\/\\\/www.fazendaboqueiraorn.com.br\\\/#organization\"},\"potentialAction\":[{\"@type\":\"SearchAction\",\"target\":{\"@type\":\"EntryPoint\",\"urlTemplate\":\"https:\\\/\\\/www.fazendaboqueiraorn.com.br\\\/?s={search_term_string}\"},\"query-input\":{\"@type\":\"PropertyValueSpecification\",\"valueRequired\":true,\"valueName\":\"search_term_string\"}}],\"inLanguage\":\"en-US\"},{\"@type\":\"Organization\",\"@id\":\"https:\\\/\\\/www.fazendaboqueiraorn.com.br\\\/#organization\",\"name\":\"Fazenda Boqueir\u00e3o\",\"url\":\"https:\\\/\\\/www.fazendaboqueiraorn.com.br\\\/\",\"logo\":{\"@type\":\"ImageObject\",\"inLanguage\":\"en-US\",\"@id\":\"https:\\\/\\\/www.fazendaboqueiraorn.com.br\\\/#\\\/schema\\\/logo\\\/image\\\/\",\"url\":\"https:\\\/\\\/i0.wp.com\\\/www.fazendaboqueiraorn.com.br\\\/wp-content\\\/uploads\\\/2021\\\/08\\\/logo-fazenda-120x120-1.png?fit=120%2C120&ssl=1\",\"contentUrl\":\"https:\\\/\\\/i0.wp.com\\\/www.fazendaboqueiraorn.com.br\\\/wp-content\\\/uploads\\\/2021\\\/08\\\/logo-fazenda-120x120-1.png?fit=120%2C120&ssl=1\",\"width\":120,\"height\":120,\"caption\":\"Fazenda Boqueir\u00e3o\"},\"image\":{\"@id\":\"https:\\\/\\\/www.fazendaboqueiraorn.com.br\\\/#\\\/schema\\\/logo\\\/image\\\/\"},\"sameAs\":[\"https:\\\/\\\/www.facebook.com\\\/fazboqueirao\",\"https:\\\/\\\/x.com\\\/FazBoqueirao\",\"http:\\\/\\\/instagram.com\\\/fazboqueirao\\\/\",\"https:\\\/\\\/www.linkedin.com\\\/company\\\/fazboqueirao\\\/\",\"https:\\\/\\\/www.youtube.com\\\/channel\\\/UCUA4_8v8HkmMeNUh8c6Ky1Q\"]},{\"@type\":\"Person\",\"@id\":\"https:\\\/\\\/www.fazendaboqueiraorn.com.br\\\/#\\\/schema\\\/person\\\/70484dc96f76e66c6365a9f4a2ebfb02\",\"name\":\"Fazenda Boqueir\u00e3o\",\"image\":{\"@type\":\"ImageObject\",\"inLanguage\":\"en-US\",\"@id\":\"https:\\\/\\\/secure.gravatar.com\\\/avatar\\\/19f19467ae305ded5d913deae2fb6c6f29fe88a0a7f3a4dca5679407289a9efd?s=96&d=mm&r=g\",\"url\":\"https:\\\/\\\/secure.gravatar.com\\\/avatar\\\/19f19467ae305ded5d913deae2fb6c6f29fe88a0a7f3a4dca5679407289a9efd?s=96&d=mm&r=g\",\"contentUrl\":\"https:\\\/\\\/secure.gravatar.com\\\/avatar\\\/19f19467ae305ded5d913deae2fb6c6f29fe88a0a7f3a4dca5679407289a9efd?s=96&d=mm&r=g\",\"caption\":\"Fazenda Boqueir\u00e3o\"},\"url\":\"https:\\\/\\\/www.fazendaboqueiraorn.com.br\\\/en\\\/author\\\/fazenda\\\/\"}]}<\/script>\n<!-- \/ Yoast SEO plugin. -->","yoast_head_json":{"title":"Semin\u00e1rio nacional em alus\u00e3o ao Dia Mundial de Combate \u00e0 Desertifica\u00e7\u00e3o - Fazenda Boqueir\u00e3o","description":"Nos dias 16 e 17 de junho ocorrer\u00e1 o semin\u00e1rio nacional em alus\u00e3o ao Dia Mundial de Combate \u00e0 Desertifica\u00e7\u00e3o 2025.","robots":{"index":"index","follow":"follow","max-snippet":"max-snippet:-1","max-image-preview":"max-image-preview:large","max-video-preview":"max-video-preview:-1"},"canonical":"https:\/\/www.fazendaboqueiraorn.com.br\/en\/seminario-nacional-em-alusao-ao-dia-mundial-de-combate-a-desertificacao\/","og_locale":"en_US","og_type":"article","og_title":"Semin\u00e1rio nacional em alus\u00e3o ao Dia Mundial de Combate \u00e0 Desertifica\u00e7\u00e3o - Fazenda Boqueir\u00e3o","og_description":"Nos dias 16 e 17 de junho ocorrer\u00e1 o semin\u00e1rio nacional em alus\u00e3o ao Dia Mundial de Combate \u00e0 Desertifica\u00e7\u00e3o 2025.","og_url":"https:\/\/www.fazendaboqueiraorn.com.br\/en\/seminario-nacional-em-alusao-ao-dia-mundial-de-combate-a-desertificacao\/","og_site_name":"Fazenda Boqueir\u00e3o","article_publisher":"https:\/\/www.facebook.com\/fazboqueirao","article_published_time":"2025-06-13T12:10:28+00:00","article_modified_time":"2025-06-16T12:29:51+00:00","og_image":[{"width":576,"height":768,"url":"https:\/\/www.fazendaboqueiraorn.com.br\/wp-content\/uploads\/2025\/06\/Dia-Mundial-de-Combate-a-Desertificacao.webp","type":"image\/webp"}],"author":"Fazenda Boqueir\u00e3o","twitter_card":"summary_large_image","twitter_creator":"@FazBoqueirao","twitter_site":"@FazBoqueirao","twitter_misc":{"Written by":"Fazenda Boqueir\u00e3o","Est. reading time":"4 minutes"},"schema":{"@context":"https:\/\/schema.org","@graph":[{"@type":"Article","@id":"https:\/\/www.fazendaboqueiraorn.com.br\/seminario-nacional-em-alusao-ao-dia-mundial-de-combate-a-desertificacao\/#article","isPartOf":{"@id":"https:\/\/www.fazendaboqueiraorn.com.br\/seminario-nacional-em-alusao-ao-dia-mundial-de-combate-a-desertificacao\/"},"author":{"name":"Fazenda Boqueir\u00e3o","@id":"https:\/\/www.fazendaboqueiraorn.com.br\/#\/schema\/person\/70484dc96f76e66c6365a9f4a2ebfb02"},"headline":"Semin\u00e1rio nacional em alus\u00e3o ao Dia Mundial de Combate \u00e0 Desertifica\u00e7\u00e3o","datePublished":"2025-06-13T12:10:28+00:00","dateModified":"2025-06-16T12:29:51+00:00","mainEntityOfPage":{"@id":"https:\/\/www.fazendaboqueiraorn.com.br\/seminario-nacional-em-alusao-ao-dia-mundial-de-combate-a-desertificacao\/"},"wordCount":609,"commentCount":0,"publisher":{"@id":"https:\/\/www.fazendaboqueiraorn.com.br\/#organization"},"image":{"@id":"https:\/\/www.fazendaboqueiraorn.com.br\/seminario-nacional-em-alusao-ao-dia-mundial-de-combate-a-desertificacao\/#primaryimage"},"thumbnailUrl":"https:\/\/i0.wp.com\/www.fazendaboqueiraorn.com.br\/wp-content\/uploads\/2025\/06\/Dia-Mundial-de-Combate-a-Desertificacao.webp?fit=576%2C768&ssl=1","keywords":["caatinga","desertifica\u00e7\u00e3o","Dia Mundial de Combate \u00e0 Desertifica\u00e7\u00e3o","evento","Fazenda Salambaia","gest\u00e3o","Iati","MapBiomas","Observat\u00f3rio da Caatinga e Desertifica\u00e7\u00e3o","pesquisador","ra\u00e7\u00e3o","semin\u00e1rio"],"articleSection":["Not\u00edcias"],"inLanguage":"en-US","potentialAction":[{"@type":"CommentAction","name":"Comment","target":["https:\/\/www.fazendaboqueiraorn.com.br\/seminario-nacional-em-alusao-ao-dia-mundial-de-combate-a-desertificacao\/#respond"]}]},{"@type":"WebPage","@id":"https:\/\/www.fazendaboqueiraorn.com.br\/seminario-nacional-em-alusao-ao-dia-mundial-de-combate-a-desertificacao\/","url":"https:\/\/www.fazendaboqueiraorn.com.br\/seminario-nacional-em-alusao-ao-dia-mundial-de-combate-a-desertificacao\/","name":"Semin\u00e1rio nacional em alus\u00e3o ao Dia Mundial de Combate \u00e0 Desertifica\u00e7\u00e3o - Fazenda Boqueir\u00e3o","isPartOf":{"@id":"https:\/\/www.fazendaboqueiraorn.com.br\/#website"},"primaryImageOfPage":{"@id":"https:\/\/www.fazendaboqueiraorn.com.br\/seminario-nacional-em-alusao-ao-dia-mundial-de-combate-a-desertificacao\/#primaryimage"},"image":{"@id":"https:\/\/www.fazendaboqueiraorn.com.br\/seminario-nacional-em-alusao-ao-dia-mundial-de-combate-a-desertificacao\/#primaryimage"},"thumbnailUrl":"https:\/\/i0.wp.com\/www.fazendaboqueiraorn.com.br\/wp-content\/uploads\/2025\/06\/Dia-Mundial-de-Combate-a-Desertificacao.webp?fit=576%2C768&ssl=1","datePublished":"2025-06-13T12:10:28+00:00","dateModified":"2025-06-16T12:29:51+00:00","description":"Nos dias 16 e 17 de junho ocorrer\u00e1 o semin\u00e1rio nacional em alus\u00e3o ao Dia Mundial de Combate \u00e0 Desertifica\u00e7\u00e3o 2025.","breadcrumb":{"@id":"https:\/\/www.fazendaboqueiraorn.com.br\/seminario-nacional-em-alusao-ao-dia-mundial-de-combate-a-desertificacao\/#breadcrumb"},"inLanguage":"en-US","potentialAction":[{"@type":"ReadAction","target":["https:\/\/www.fazendaboqueiraorn.com.br\/seminario-nacional-em-alusao-ao-dia-mundial-de-combate-a-desertificacao\/"]}]},{"@type":"ImageObject","inLanguage":"en-US","@id":"https:\/\/www.fazendaboqueiraorn.com.br\/seminario-nacional-em-alusao-ao-dia-mundial-de-combate-a-desertificacao\/#primaryimage","url":"https:\/\/i0.wp.com\/www.fazendaboqueiraorn.com.br\/wp-content\/uploads\/2025\/06\/Dia-Mundial-de-Combate-a-Desertificacao.webp?fit=576%2C768&ssl=1","contentUrl":"https:\/\/i0.wp.com\/www.fazendaboqueiraorn.com.br\/wp-content\/uploads\/2025\/06\/Dia-Mundial-de-Combate-a-Desertificacao.webp?fit=576%2C768&ssl=1","width":576,"height":768,"caption":"Semin\u00e1rio nacional em alus\u00e3o ao Dia Mundial de Combate \u00e0 Desertifica\u00e7\u00e3o"},{"@type":"BreadcrumbList","@id":"https:\/\/www.fazendaboqueiraorn.com.br\/seminario-nacional-em-alusao-ao-dia-mundial-de-combate-a-desertificacao\/#breadcrumb","itemListElement":[{"@type":"ListItem","position":1,"name":"Home","item":"https:\/\/www.fazendaboqueiraorn.com.br\/"},{"@type":"ListItem","position":2,"name":"Semin\u00e1rio nacional em alus\u00e3o ao Dia Mundial de Combate \u00e0 Desertifica\u00e7\u00e3o"}]},{"@type":"WebSite","@id":"https:\/\/www.fazendaboqueiraorn.com.br\/#website","url":"https:\/\/www.fazendaboqueiraorn.com.br\/","name":"Fazenda Boqueir\u00e3o","description":"","publisher":{"@id":"https:\/\/www.fazendaboqueiraorn.com.br\/#organization"},"potentialAction":[{"@type":"SearchAction","target":{"@type":"EntryPoint","urlTemplate":"https:\/\/www.fazendaboqueiraorn.com.br\/?s={search_term_string}"},"query-input":{"@type":"PropertyValueSpecification","valueRequired":true,"valueName":"search_term_string"}}],"inLanguage":"en-US"},{"@type":"Organization","@id":"https:\/\/www.fazendaboqueiraorn.com.br\/#organization","name":"Fazenda Boqueir\u00e3o","url":"https:\/\/www.fazendaboqueiraorn.com.br\/","logo":{"@type":"ImageObject","inLanguage":"en-US","@id":"https:\/\/www.fazendaboqueiraorn.com.br\/#\/schema\/logo\/image\/","url":"https:\/\/i0.wp.com\/www.fazendaboqueiraorn.com.br\/wp-content\/uploads\/2021\/08\/logo-fazenda-120x120-1.png?fit=120%2C120&ssl=1","contentUrl":"https:\/\/i0.wp.com\/www.fazendaboqueiraorn.com.br\/wp-content\/uploads\/2021\/08\/logo-fazenda-120x120-1.png?fit=120%2C120&ssl=1","width":120,"height":120,"caption":"Fazenda Boqueir\u00e3o"},"image":{"@id":"https:\/\/www.fazendaboqueiraorn.com.br\/#\/schema\/logo\/image\/"},"sameAs":["https:\/\/www.facebook.com\/fazboqueirao","https:\/\/x.com\/FazBoqueirao","http:\/\/instagram.com\/fazboqueirao\/","https:\/\/www.linkedin.com\/company\/fazboqueirao\/","https:\/\/www.youtube.com\/channel\/UCUA4_8v8HkmMeNUh8c6Ky1Q"]},{"@type":"Person","@id":"https:\/\/www.fazendaboqueiraorn.com.br\/#\/schema\/person\/70484dc96f76e66c6365a9f4a2ebfb02","name":"Fazenda Boqueir\u00e3o","image":{"@type":"ImageObject","inLanguage":"en-US","@id":"https:\/\/secure.gravatar.com\/avatar\/19f19467ae305ded5d913deae2fb6c6f29fe88a0a7f3a4dca5679407289a9efd?s=96&d=mm&r=g","url":"https:\/\/secure.gravatar.com\/avatar\/19f19467ae305ded5d913deae2fb6c6f29fe88a0a7f3a4dca5679407289a9efd?s=96&d=mm&r=g","contentUrl":"https:\/\/secure.gravatar.com\/avatar\/19f19467ae305ded5d913deae2fb6c6f29fe88a0a7f3a4dca5679407289a9efd?s=96&d=mm&r=g","caption":"Fazenda Boqueir\u00e3o"},"url":"https:\/\/www.fazendaboqueiraorn.com.br\/en\/author\/fazenda\/"}]}},"jetpack_publicize_connections":[],"uagb_featured_image_src":{"full":["https:\/\/i0.wp.com\/www.fazendaboqueiraorn.com.br\/wp-content\/uploads\/2025\/06\/Dia-Mundial-de-Combate-a-Desertificacao.webp?fit=576%2C768&ssl=1",576,768,false],"thumbnail":["https:\/\/i0.wp.com\/www.fazendaboqueiraorn.com.br\/wp-content\/uploads\/2025\/06\/Dia-Mundial-de-Combate-a-Desertificacao.webp?resize=150%2C150&ssl=1",150,150,true],"medium":["https:\/\/i0.wp.com\/www.fazendaboqueiraorn.com.br\/wp-content\/uploads\/2025\/06\/Dia-Mundial-de-Combate-a-Desertificacao.webp?fit=225%2C300&ssl=1",225,300,true],"medium_large":["https:\/\/i0.wp.com\/www.fazendaboqueiraorn.com.br\/wp-content\/uploads\/2025\/06\/Dia-Mundial-de-Combate-a-Desertificacao.webp?fit=576%2C768&ssl=1",576,768,true],"large":["https:\/\/i0.wp.com\/www.fazendaboqueiraorn.com.br\/wp-content\/uploads\/2025\/06\/Dia-Mundial-de-Combate-a-Desertificacao.webp?fit=576%2C768&ssl=1",576,768,true],"1536x1536":["https:\/\/i0.wp.com\/www.fazendaboqueiraorn.com.br\/wp-content\/uploads\/2025\/06\/Dia-Mundial-de-Combate-a-Desertificacao.webp?fit=576%2C768&ssl=1",576,768,true],"2048x2048":["https:\/\/i0.wp.com\/www.fazendaboqueiraorn.com.br\/wp-content\/uploads\/2025\/06\/Dia-Mundial-de-Combate-a-Desertificacao.webp?fit=576%2C768&ssl=1",576,768,true],"trp-custom-language-flag":["https:\/\/i0.wp.com\/www.fazendaboqueiraorn.com.br\/wp-content\/uploads\/2025\/06\/Dia-Mundial-de-Combate-a-Desertificacao.webp?fit=9%2C12&ssl=1",9,12,true],"ultp_layout_landscape_large":["https:\/\/i0.wp.com\/www.fazendaboqueiraorn.com.br\/wp-content\/uploads\/2025\/06\/Dia-Mundial-de-Combate-a-Desertificacao.webp?resize=576%2C768&ssl=1",576,768,true],"ultp_layout_landscape":["https:\/\/i0.wp.com\/www.fazendaboqueiraorn.com.br\/wp-content\/uploads\/2025\/06\/Dia-Mundial-de-Combate-a-Desertificacao.webp?resize=576%2C570&ssl=1",576,570,true],"ultp_layout_portrait":["https:\/\/i0.wp.com\/www.fazendaboqueiraorn.com.br\/wp-content\/uploads\/2025\/06\/Dia-Mundial-de-Combate-a-Desertificacao.webp?resize=576%2C768&ssl=1",576,768,true],"ultp_layout_square":["https:\/\/i0.wp.com\/www.fazendaboqueiraorn.com.br\/wp-content\/uploads\/2025\/06\/Dia-Mundial-de-Combate-a-Desertificacao.webp?resize=576%2C600&ssl=1",576,600,true],"woocommerce_thumbnail":["https:\/\/www.fazendaboqueiraorn.com.br\/wp-content\/uploads\/2025\/06\/Dia-Mundial-de-Combate-a-Desertificacao-300x300.webp",300,300,true],"woocommerce_single":["https:\/\/www.fazendaboqueiraorn.com.br\/wp-content\/uploads\/2025\/06\/Dia-Mundial-de-Combate-a-Desertificacao.webp",576,768,false],"woocommerce_gallery_thumbnail":["https:\/\/www.fazendaboqueiraorn.com.br\/wp-content\/uploads\/2025\/06\/Dia-Mundial-de-Combate-a-Desertificacao-100x100.webp",100,100,true],"web-stories-poster-portrait":["https:\/\/www.fazendaboqueiraorn.com.br\/wp-content\/uploads\/2025\/06\/Dia-Mundial-de-Combate-a-Desertificacao.webp",576,768,false],"web-stories-publisher-logo":["https:\/\/www.fazendaboqueiraorn.com.br\/wp-content\/uploads\/2025\/06\/Dia-Mundial-de-Combate-a-Desertificacao-96x96.webp",96,96,true],"web-stories-thumbnail":["https:\/\/www.fazendaboqueiraorn.com.br\/wp-content\/uploads\/2025\/06\/Dia-Mundial-de-Combate-a-Desertificacao-150x200.webp",150,200,true]},"uagb_author_info":{"display_name":"Fazenda Boqueir\u00e3o","author_link":"https:\/\/www.fazendaboqueiraorn.com.br\/en\/author\/fazenda\/"},"uagb_comment_info":0,"uagb_excerpt":"Nos dias 16 e 17 de junho, Campina Grande (PB) sediar\u00e1 o semin\u00e1rio nacional \u201cRestaurar a terra. Criar oportunidades\u201d, em alus\u00e3o ao Dia Mundial de Combate \u00e0 Desertifica\u00e7\u00e3o e Mitiga\u00e7\u00e3o dos Efeitos da Seca 2025.","jetpack_featured_media_url":"https:\/\/i0.wp.com\/www.fazendaboqueiraorn.com.br\/wp-content\/uploads\/2025\/06\/Dia-Mundial-de-Combate-a-Desertificacao.webp?fit=576%2C768&ssl=1","jetpack_sharing_enabled":true,"jetpack_likes_enabled":true,"_links":{"self":[{"href":"https:\/\/www.fazendaboqueiraorn.com.br\/en\/wp-json\/wp\/v2\/posts\/8105","targetHints":{"allow":["GET"]}}],"collection":[{"href":"https:\/\/www.fazendaboqueiraorn.com.br\/en\/wp-json\/wp\/v2\/posts"}],"about":[{"href":"https:\/\/www.fazendaboqueiraorn.com.br\/en\/wp-json\/wp\/v2\/types\/post"}],"author":[{"embeddable":true,"href":"https:\/\/www.fazendaboqueiraorn.com.br\/en\/wp-json\/wp\/v2\/users\/2"}],"replies":[{"embeddable":true,"href":"https:\/\/www.fazendaboqueiraorn.com.br\/en\/wp-json\/wp\/v2\/comments?post=8105"}],"version-history":[{"count":4,"href":"https:\/\/www.fazendaboqueiraorn.com.br\/en\/wp-json\/wp\/v2\/posts\/8105\/revisions"}],"predecessor-version":[{"id":8238,"href":"https:\/\/www.fazendaboqueiraorn.com.br\/en\/wp-json\/wp\/v2\/posts\/8105\/revisions\/8238"}],"wp:featuredmedia":[{"embeddable":true,"href":"https:\/\/www.fazendaboqueiraorn.com.br\/en\/wp-json\/wp\/v2\/media\/8109"}],"wp:attachment":[{"href":"https:\/\/www.fazendaboqueiraorn.com.br\/en\/wp-json\/wp\/v2\/media?parent=8105"}],"wp:term":[{"taxonomy":"category","embeddable":true,"href":"https:\/\/www.fazendaboqueiraorn.com.br\/en\/wp-json\/wp\/v2\/categories?post=8105"},{"taxonomy":"post_tag","embeddable":true,"href":"https:\/\/www.fazendaboqueiraorn.com.br\/en\/wp-json\/wp\/v2\/tags?post=8105"}],"curies":[{"name":"wp","href":"https:\/\/api.w.org\/{rel}","templated":true}]}}