{"id":7994,"date":"2025-05-28T15:57:54","date_gmt":"2025-05-28T18:57:54","guid":{"rendered":"https:\/\/www.fazendaboqueiraorn.com.br\/?p=7994"},"modified":"2025-05-28T15:58:13","modified_gmt":"2025-05-28T18:58:13","slug":"1o-encontro-potiguar-de-engenharia-ambiental-e-sanitaria","status":"publish","type":"post","link":"https:\/\/www.fazendaboqueiraorn.com.br\/en\/1o-encontro-potiguar-de-engenharia-ambiental-e-sanitaria\/","title":{"rendered":"1\u00ba Encontro Potiguar de Engenharia Ambiental e Sanit\u00e1ria"},"content":{"rendered":"<figure class=\"wp-block-image aligncenter size-large is-resized\"><img data-recalc-dims=\"1\" decoding=\"async\" width=\"819\" height=\"1024\" loading=\"lazy\" src=\"https:\/\/i0.wp.com\/www.fazendaboqueiraorn.com.br\/wp-content\/uploads\/2025\/05\/1-encontro-potiguar-de-engenharia-ambiental-e-sanitaria.webp?resize=819%2C1024&#038;ssl=1\" alt=\"1\u00ba Encontro Potiguar de Engenharia Ambiental e Sanit\u00e1ria\" class=\"wp-image-7995\" style=\"width:auto;height:500px\" srcset=\"https:\/\/i0.wp.com\/www.fazendaboqueiraorn.com.br\/wp-content\/uploads\/2025\/05\/1-encontro-potiguar-de-engenharia-ambiental-e-sanitaria.webp?resize=819%2C1024&amp;ssl=1 819w, https:\/\/i0.wp.com\/www.fazendaboqueiraorn.com.br\/wp-content\/uploads\/2025\/05\/1-encontro-potiguar-de-engenharia-ambiental-e-sanitaria.webp?resize=240%2C300&amp;ssl=1 240w, https:\/\/i0.wp.com\/www.fazendaboqueiraorn.com.br\/wp-content\/uploads\/2025\/05\/1-encontro-potiguar-de-engenharia-ambiental-e-sanitaria.webp?resize=768%2C960&amp;ssl=1 768w, https:\/\/i0.wp.com\/www.fazendaboqueiraorn.com.br\/wp-content\/uploads\/2025\/05\/1-encontro-potiguar-de-engenharia-ambiental-e-sanitaria.webp?resize=10%2C12&amp;ssl=1 10w, https:\/\/i0.wp.com\/www.fazendaboqueiraorn.com.br\/wp-content\/uploads\/2025\/05\/1-encontro-potiguar-de-engenharia-ambiental-e-sanitaria.webp?resize=600%2C750&amp;ssl=1 600w, https:\/\/i0.wp.com\/www.fazendaboqueiraorn.com.br\/wp-content\/uploads\/2025\/05\/1-encontro-potiguar-de-engenharia-ambiental-e-sanitaria.webp?resize=150%2C188&amp;ssl=1 150w, https:\/\/i0.wp.com\/www.fazendaboqueiraorn.com.br\/wp-content\/uploads\/2025\/05\/1-encontro-potiguar-de-engenharia-ambiental-e-sanitaria.webp?w=1080&amp;ssl=1 1080w\" sizes=\"auto, (max-width: 819px) 100vw, 819px\" \/><\/figure>\n\n\n\n<p class=\"\">O 1\u00ba Encontro Potiguar de Engenharia Ambiental e Sanit\u00e1ria ocorre dia 31 de maio no Audit\u00f3rio da CDL em Natal\/RN a partir das 10:30 como parte do Nordeste Minera e o 1\u00ba F\u00f3rum Regional de Licenciamento Ambiental e Inova\u00e7\u00e3o na Minera\u00e7\u00e3o. O encontro contar\u00e1 com uma mesa-redonda de alto n\u00edvel t\u00e9cnico, com a participa\u00e7\u00e3o de dois profissionais de refer\u00eancia na \u00e1rea de licenciamento ambiental:<\/p>\n\n\n\n<p class=\"\"><strong>Luiz Carlos Maia Dantas<\/strong>, Ge\u00f3logo e Especialista em Gest\u00e3o e Per\u00edcia Ambiental, atua como bolsista no N\u00facleo de Licenciamento de Parques E\u00f3licos (NUPE), com 17 anos de experi\u00eancia na gest\u00e3o ambiental de grandes empreendimentos, como as obras de duplica\u00e7\u00e3o da BR-101\/NE;<\/p>\n\n\n\n<p class=\"\"><strong>Silas Samuel dos Santos Costa<\/strong>, Ge\u00f3logo pelo Departamento de Geologia da UFRN e Mestre pelo programa ERASMUS Mundus em Paleontologia, Geoheritage and Applications, com passagens por universidades de Portugal, Fran\u00e7a e Gr\u00e9cia. \u00c9 T\u00e9cnico Cient\u00edfico da Funda\u00e7\u00e3o para o Desenvolvimento da Ci\u00eancia, Tecnologia e Inova\u00e7\u00e3o do RN, atuando no licenciamento de atividades minerais junto ao Instituto de Desenvolvimento Sustent\u00e1vel e Meio Ambiente (IDEMA), al\u00e9m de ser o geocientista respons\u00e1vel pela revalida\u00e7\u00e3o do Serid\u00f3 Geoparque Mundial da UNESCO.<\/p>\n\n\n\n<p class=\"\">A mesa ser\u00e1 uma oportunidade de di\u00e1logo t\u00e9cnico qualificado sobre os desafios, perspectivas e avan\u00e7os no licenciamento ambiental das atividades extrativistas e de gera\u00e7\u00e3o de energia no estado do Rio Grande do Norte.<\/p>","protected":false},"excerpt":{"rendered":"<p>O 1\u00ba Encontro Potiguar de Engenharia Ambiental e Sanit\u00e1ria ocorre dia 31 de maio no Audit\u00f3rio da CDL em Natal\/RN a partir das 10:30 como parte do Nordeste Minera<\/p>","protected":false},"author":2,"featured_media":7995,"comment_status":"open","ping_status":"open","sticky":false,"template":"","format":"standard","meta":{"nf_dc_page":"","_uag_custom_page_level_css":"","site-sidebar-layout":"default","site-content-layout":"","ast-site-content-layout":"","site-content-style":"default","site-sidebar-style":"default","ast-global-header-display":"","ast-banner-title-visibility":"","ast-main-header-display":"","ast-hfb-above-header-display":"","ast-hfb-below-header-display":"","ast-hfb-mobile-header-display":"","site-post-title":"","ast-breadcrumbs-content":"","ast-featured-img":"","footer-sml-layout":"","ast-disable-related-posts":"","theme-transparent-header-meta":"","adv-header-id-meta":"","stick-header-meta":"","header-above-stick-meta":"","header-main-stick-meta":"","header-below-stick-meta":"","astra-migrate-meta-layouts":"default","ast-page-background-enabled":"default","ast-page-background-meta":{"desktop":{"background-color":"var(--ast-global-color-4)","background-image":"","background-repeat":"repeat","background-position":"center center","background-size":"auto","background-attachment":"scroll","background-type":"","background-media":"","overlay-type":"","overlay-color":"","overlay-opacity":"","overlay-gradient":""},"tablet":{"background-color":"","background-image":"","background-repeat":"repeat","background-position":"center center","background-size":"auto","background-attachment":"scroll","background-type":"","background-media":"","overlay-type":"","overlay-color":"","overlay-opacity":"","overlay-gradient":""},"mobile":{"background-color":"","background-image":"","background-repeat":"repeat","background-position":"center center","background-size":"auto","background-attachment":"scroll","background-type":"","background-media":"","overlay-type":"","overlay-color":"","overlay-opacity":"","overlay-gradient":""}},"ast-content-background-meta":{"desktop":{"background-color":"var(--ast-global-color-5)","background-image":"","background-repeat":"repeat","background-position":"center center","background-size":"auto","background-attachment":"scroll","background-type":"","background-media":"","overlay-type":"","overlay-color":"","overlay-opacity":"","overlay-gradient":""},"tablet":{"background-color":"var(--ast-global-color-5)","background-image":"","background-repeat":"repeat","background-position":"center center","background-size":"auto","background-attachment":"scroll","background-type":"","background-media":"","overlay-type":"","overlay-color":"","overlay-opacity":"","overlay-gradient":""},"mobile":{"background-color":"var(--ast-global-color-5)","background-image":"","background-repeat":"repeat","background-position":"center center","background-size":"auto","background-attachment":"scroll","background-type":"","background-media":"","overlay-type":"","overlay-color":"","overlay-opacity":"","overlay-gradient":""}},"jetpack_post_was_ever_published":false,"_jetpack_newsletter_access":"","_jetpack_dont_email_post_to_subs":false,"_jetpack_newsletter_tier_id":0,"_jetpack_memberships_contains_paywalled_content":false,"_jetpack_memberships_contains_paid_content":false,"footnotes":"","jetpack_publicize_message":"","jetpack_publicize_feature_enabled":true,"jetpack_social_post_already_shared":false,"jetpack_social_options":{"image_generator_settings":{"template":"highway","enabled":false},"version":2}},"categories":[1],"tags":[194,100,26,212,51,197],"class_list":["post-7994","post","type-post","status-publish","format-standard","has-post-thumbnail","hentry","category-noticia","tag-geologia","tag-gestao","tag-nordeste","tag-racao","tag-rio-grande-do-norte","tag-unesco"],"yoast_head":"<!-- This site is optimized with the Yoast SEO plugin v27.4 - https:\/\/yoast.com\/product\/yoast-seo-wordpress\/ -->\n<title>1\u00ba Encontro Potiguar de Engenharia Ambiental e Sanit\u00e1ria - Fazenda Boqueir\u00e3o<\/title>\n<meta name=\"description\" content=\"O 1\u00ba Encontro Potiguar de Engenharia Ambiental e Sanit\u00e1ria ocorre dia 31 de maio no Audit\u00f3rio da CDL em Natal\/RN.\" \/>\n<meta name=\"robots\" content=\"index, follow, max-snippet:-1, max-image-preview:large, max-video-preview:-1\" \/>\n<link rel=\"canonical\" href=\"https:\/\/www.fazendaboqueiraorn.com.br\/en\/1o-encontro-potiguar-de-engenharia-ambiental-e-sanitaria\/\" \/>\n<meta property=\"og:locale\" content=\"en_US\" \/>\n<meta property=\"og:type\" content=\"article\" \/>\n<meta property=\"og:title\" content=\"1\u00ba Encontro Potiguar de Engenharia Ambiental e Sanit\u00e1ria - Fazenda Boqueir\u00e3o\" \/>\n<meta property=\"og:description\" content=\"O 1\u00ba Encontro Potiguar de Engenharia Ambiental e Sanit\u00e1ria ocorre dia 31 de maio no Audit\u00f3rio da CDL em Natal\/RN.\" \/>\n<meta property=\"og:url\" content=\"https:\/\/www.fazendaboqueiraorn.com.br\/en\/1o-encontro-potiguar-de-engenharia-ambiental-e-sanitaria\/\" \/>\n<meta property=\"og:site_name\" content=\"Fazenda Boqueir\u00e3o\" \/>\n<meta property=\"article:publisher\" content=\"https:\/\/www.facebook.com\/fazboqueirao\" \/>\n<meta property=\"article:published_time\" content=\"2025-05-28T18:57:54+00:00\" \/>\n<meta property=\"article:modified_time\" content=\"2025-05-28T18:58:13+00:00\" \/>\n<meta property=\"og:image\" content=\"https:\/\/www.fazendaboqueiraorn.com.br\/wp-content\/uploads\/2025\/05\/1-encontro-potiguar-de-engenharia-ambiental-e-sanitaria.webp\" \/>\n\t<meta property=\"og:image:width\" content=\"1080\" \/>\n\t<meta property=\"og:image:height\" content=\"1350\" \/>\n\t<meta property=\"og:image:type\" content=\"image\/webp\" \/>\n<meta name=\"author\" content=\"Fazenda Boqueir\u00e3o\" \/>\n<meta name=\"twitter:card\" content=\"summary_large_image\" \/>\n<meta name=\"twitter:creator\" content=\"@FazBoqueirao\" \/>\n<meta name=\"twitter:site\" content=\"@FazBoqueirao\" \/>\n<meta name=\"twitter:label1\" content=\"Written by\" \/>\n\t<meta name=\"twitter:data1\" content=\"Fazenda Boqueir\u00e3o\" \/>\n\t<meta name=\"twitter:label2\" content=\"Est. reading time\" \/>\n\t<meta name=\"twitter:data2\" content=\"2 minutes\" \/>\n<script type=\"application\/ld+json\" class=\"yoast-schema-graph\">{\"@context\":\"https:\\\/\\\/schema.org\",\"@graph\":[{\"@type\":\"Article\",\"@id\":\"https:\\\/\\\/www.fazendaboqueiraorn.com.br\\\/1o-encontro-potiguar-de-engenharia-ambiental-e-sanitaria\\\/#article\",\"isPartOf\":{\"@id\":\"https:\\\/\\\/www.fazendaboqueiraorn.com.br\\\/1o-encontro-potiguar-de-engenharia-ambiental-e-sanitaria\\\/\"},\"author\":{\"name\":\"Fazenda Boqueir\u00e3o\",\"@id\":\"https:\\\/\\\/www.fazendaboqueiraorn.com.br\\\/#\\\/schema\\\/person\\\/70484dc96f76e66c6365a9f4a2ebfb02\"},\"headline\":\"1\u00ba Encontro Potiguar de Engenharia Ambiental e Sanit\u00e1ria\",\"datePublished\":\"2025-05-28T18:57:54+00:00\",\"dateModified\":\"2025-05-28T18:58:13+00:00\",\"mainEntityOfPage\":{\"@id\":\"https:\\\/\\\/www.fazendaboqueiraorn.com.br\\\/1o-encontro-potiguar-de-engenharia-ambiental-e-sanitaria\\\/\"},\"wordCount\":252,\"commentCount\":0,\"publisher\":{\"@id\":\"https:\\\/\\\/www.fazendaboqueiraorn.com.br\\\/#organization\"},\"image\":{\"@id\":\"https:\\\/\\\/www.fazendaboqueiraorn.com.br\\\/1o-encontro-potiguar-de-engenharia-ambiental-e-sanitaria\\\/#primaryimage\"},\"thumbnailUrl\":\"https:\\\/\\\/i0.wp.com\\\/www.fazendaboqueiraorn.com.br\\\/wp-content\\\/uploads\\\/2025\\\/05\\\/1-encontro-potiguar-de-engenharia-ambiental-e-sanitaria.webp?fit=1080%2C1350&ssl=1\",\"keywords\":[\"Geologia\",\"gest\u00e3o\",\"Nordeste\",\"ra\u00e7\u00e3o\",\"Rio Grande do Norte\",\"Unesco\"],\"articleSection\":[\"Not\u00edcias\"],\"inLanguage\":\"en-US\",\"potentialAction\":[{\"@type\":\"CommentAction\",\"name\":\"Comment\",\"target\":[\"https:\\\/\\\/www.fazendaboqueiraorn.com.br\\\/1o-encontro-potiguar-de-engenharia-ambiental-e-sanitaria\\\/#respond\"]}]},{\"@type\":\"WebPage\",\"@id\":\"https:\\\/\\\/www.fazendaboqueiraorn.com.br\\\/1o-encontro-potiguar-de-engenharia-ambiental-e-sanitaria\\\/\",\"url\":\"https:\\\/\\\/www.fazendaboqueiraorn.com.br\\\/1o-encontro-potiguar-de-engenharia-ambiental-e-sanitaria\\\/\",\"name\":\"1\u00ba Encontro Potiguar de Engenharia Ambiental e Sanit\u00e1ria - Fazenda Boqueir\u00e3o\",\"isPartOf\":{\"@id\":\"https:\\\/\\\/www.fazendaboqueiraorn.com.br\\\/#website\"},\"primaryImageOfPage\":{\"@id\":\"https:\\\/\\\/www.fazendaboqueiraorn.com.br\\\/1o-encontro-potiguar-de-engenharia-ambiental-e-sanitaria\\\/#primaryimage\"},\"image\":{\"@id\":\"https:\\\/\\\/www.fazendaboqueiraorn.com.br\\\/1o-encontro-potiguar-de-engenharia-ambiental-e-sanitaria\\\/#primaryimage\"},\"thumbnailUrl\":\"https:\\\/\\\/i0.wp.com\\\/www.fazendaboqueiraorn.com.br\\\/wp-content\\\/uploads\\\/2025\\\/05\\\/1-encontro-potiguar-de-engenharia-ambiental-e-sanitaria.webp?fit=1080%2C1350&ssl=1\",\"datePublished\":\"2025-05-28T18:57:54+00:00\",\"dateModified\":\"2025-05-28T18:58:13+00:00\",\"description\":\"O 1\u00ba Encontro Potiguar de Engenharia Ambiental e Sanit\u00e1ria ocorre dia 31 de maio no Audit\u00f3rio da CDL em Natal\\\/RN.\",\"breadcrumb\":{\"@id\":\"https:\\\/\\\/www.fazendaboqueiraorn.com.br\\\/1o-encontro-potiguar-de-engenharia-ambiental-e-sanitaria\\\/#breadcrumb\"},\"inLanguage\":\"en-US\",\"potentialAction\":[{\"@type\":\"ReadAction\",\"target\":[\"https:\\\/\\\/www.fazendaboqueiraorn.com.br\\\/1o-encontro-potiguar-de-engenharia-ambiental-e-sanitaria\\\/\"]}]},{\"@type\":\"ImageObject\",\"inLanguage\":\"en-US\",\"@id\":\"https:\\\/\\\/www.fazendaboqueiraorn.com.br\\\/1o-encontro-potiguar-de-engenharia-ambiental-e-sanitaria\\\/#primaryimage\",\"url\":\"https:\\\/\\\/i0.wp.com\\\/www.fazendaboqueiraorn.com.br\\\/wp-content\\\/uploads\\\/2025\\\/05\\\/1-encontro-potiguar-de-engenharia-ambiental-e-sanitaria.webp?fit=1080%2C1350&ssl=1\",\"contentUrl\":\"https:\\\/\\\/i0.wp.com\\\/www.fazendaboqueiraorn.com.br\\\/wp-content\\\/uploads\\\/2025\\\/05\\\/1-encontro-potiguar-de-engenharia-ambiental-e-sanitaria.webp?fit=1080%2C1350&ssl=1\",\"width\":1080,\"height\":1350,\"caption\":\"1\u00ba Encontro Potiguar de Engenharia Ambiental e Sanit\u00e1ria\"},{\"@type\":\"BreadcrumbList\",\"@id\":\"https:\\\/\\\/www.fazendaboqueiraorn.com.br\\\/1o-encontro-potiguar-de-engenharia-ambiental-e-sanitaria\\\/#breadcrumb\",\"itemListElement\":[{\"@type\":\"ListItem\",\"position\":1,\"name\":\"Home\",\"item\":\"https:\\\/\\\/www.fazendaboqueiraorn.com.br\\\/\"},{\"@type\":\"ListItem\",\"position\":2,\"name\":\"1\u00ba Encontro Potiguar de Engenharia Ambiental e Sanit\u00e1ria\"}]},{\"@type\":\"WebSite\",\"@id\":\"https:\\\/\\\/www.fazendaboqueiraorn.com.br\\\/#website\",\"url\":\"https:\\\/\\\/www.fazendaboqueiraorn.com.br\\\/\",\"name\":\"Fazenda Boqueir\u00e3o\",\"description\":\"\",\"publisher\":{\"@id\":\"https:\\\/\\\/www.fazendaboqueiraorn.com.br\\\/#organization\"},\"potentialAction\":[{\"@type\":\"SearchAction\",\"target\":{\"@type\":\"EntryPoint\",\"urlTemplate\":\"https:\\\/\\\/www.fazendaboqueiraorn.com.br\\\/?s={search_term_string}\"},\"query-input\":{\"@type\":\"PropertyValueSpecification\",\"valueRequired\":true,\"valueName\":\"search_term_string\"}}],\"inLanguage\":\"en-US\"},{\"@type\":\"Organization\",\"@id\":\"https:\\\/\\\/www.fazendaboqueiraorn.com.br\\\/#organization\",\"name\":\"Fazenda Boqueir\u00e3o\",\"url\":\"https:\\\/\\\/www.fazendaboqueiraorn.com.br\\\/\",\"logo\":{\"@type\":\"ImageObject\",\"inLanguage\":\"en-US\",\"@id\":\"https:\\\/\\\/www.fazendaboqueiraorn.com.br\\\/#\\\/schema\\\/logo\\\/image\\\/\",\"url\":\"https:\\\/\\\/i0.wp.com\\\/www.fazendaboqueiraorn.com.br\\\/wp-content\\\/uploads\\\/2021\\\/08\\\/logo-fazenda-120x120-1.png?fit=120%2C120&ssl=1\",\"contentUrl\":\"https:\\\/\\\/i0.wp.com\\\/www.fazendaboqueiraorn.com.br\\\/wp-content\\\/uploads\\\/2021\\\/08\\\/logo-fazenda-120x120-1.png?fit=120%2C120&ssl=1\",\"width\":120,\"height\":120,\"caption\":\"Fazenda Boqueir\u00e3o\"},\"image\":{\"@id\":\"https:\\\/\\\/www.fazendaboqueiraorn.com.br\\\/#\\\/schema\\\/logo\\\/image\\\/\"},\"sameAs\":[\"https:\\\/\\\/www.facebook.com\\\/fazboqueirao\",\"https:\\\/\\\/x.com\\\/FazBoqueirao\",\"http:\\\/\\\/instagram.com\\\/fazboqueirao\\\/\",\"https:\\\/\\\/www.linkedin.com\\\/company\\\/fazboqueirao\\\/\",\"https:\\\/\\\/www.youtube.com\\\/channel\\\/UCUA4_8v8HkmMeNUh8c6Ky1Q\"]},{\"@type\":\"Person\",\"@id\":\"https:\\\/\\\/www.fazendaboqueiraorn.com.br\\\/#\\\/schema\\\/person\\\/70484dc96f76e66c6365a9f4a2ebfb02\",\"name\":\"Fazenda Boqueir\u00e3o\",\"image\":{\"@type\":\"ImageObject\",\"inLanguage\":\"en-US\",\"@id\":\"https:\\\/\\\/secure.gravatar.com\\\/avatar\\\/19f19467ae305ded5d913deae2fb6c6f29fe88a0a7f3a4dca5679407289a9efd?s=96&d=mm&r=g\",\"url\":\"https:\\\/\\\/secure.gravatar.com\\\/avatar\\\/19f19467ae305ded5d913deae2fb6c6f29fe88a0a7f3a4dca5679407289a9efd?s=96&d=mm&r=g\",\"contentUrl\":\"https:\\\/\\\/secure.gravatar.com\\\/avatar\\\/19f19467ae305ded5d913deae2fb6c6f29fe88a0a7f3a4dca5679407289a9efd?s=96&d=mm&r=g\",\"caption\":\"Fazenda Boqueir\u00e3o\"},\"url\":\"https:\\\/\\\/www.fazendaboqueiraorn.com.br\\\/en\\\/author\\\/fazenda\\\/\"}]}<\/script>\n<!-- \/ Yoast SEO plugin. -->","yoast_head_json":{"title":"1\u00ba Encontro Potiguar de Engenharia Ambiental e Sanit\u00e1ria - Fazenda Boqueir\u00e3o","description":"O 1\u00ba Encontro Potiguar de Engenharia Ambiental e Sanit\u00e1ria ocorre dia 31 de maio no Audit\u00f3rio da CDL em Natal\/RN.","robots":{"index":"index","follow":"follow","max-snippet":"max-snippet:-1","max-image-preview":"max-image-preview:large","max-video-preview":"max-video-preview:-1"},"canonical":"https:\/\/www.fazendaboqueiraorn.com.br\/en\/1o-encontro-potiguar-de-engenharia-ambiental-e-sanitaria\/","og_locale":"en_US","og_type":"article","og_title":"1\u00ba Encontro Potiguar de Engenharia Ambiental e Sanit\u00e1ria - Fazenda Boqueir\u00e3o","og_description":"O 1\u00ba Encontro Potiguar de Engenharia Ambiental e Sanit\u00e1ria ocorre dia 31 de maio no Audit\u00f3rio da CDL em Natal\/RN.","og_url":"https:\/\/www.fazendaboqueiraorn.com.br\/en\/1o-encontro-potiguar-de-engenharia-ambiental-e-sanitaria\/","og_site_name":"Fazenda Boqueir\u00e3o","article_publisher":"https:\/\/www.facebook.com\/fazboqueirao","article_published_time":"2025-05-28T18:57:54+00:00","article_modified_time":"2025-05-28T18:58:13+00:00","og_image":[{"width":1080,"height":1350,"url":"https:\/\/www.fazendaboqueiraorn.com.br\/wp-content\/uploads\/2025\/05\/1-encontro-potiguar-de-engenharia-ambiental-e-sanitaria.webp","type":"image\/webp"}],"author":"Fazenda Boqueir\u00e3o","twitter_card":"summary_large_image","twitter_creator":"@FazBoqueirao","twitter_site":"@FazBoqueirao","twitter_misc":{"Written by":"Fazenda Boqueir\u00e3o","Est. reading time":"2 minutes"},"schema":{"@context":"https:\/\/schema.org","@graph":[{"@type":"Article","@id":"https:\/\/www.fazendaboqueiraorn.com.br\/1o-encontro-potiguar-de-engenharia-ambiental-e-sanitaria\/#article","isPartOf":{"@id":"https:\/\/www.fazendaboqueiraorn.com.br\/1o-encontro-potiguar-de-engenharia-ambiental-e-sanitaria\/"},"author":{"name":"Fazenda Boqueir\u00e3o","@id":"https:\/\/www.fazendaboqueiraorn.com.br\/#\/schema\/person\/70484dc96f76e66c6365a9f4a2ebfb02"},"headline":"1\u00ba Encontro Potiguar de Engenharia Ambiental e Sanit\u00e1ria","datePublished":"2025-05-28T18:57:54+00:00","dateModified":"2025-05-28T18:58:13+00:00","mainEntityOfPage":{"@id":"https:\/\/www.fazendaboqueiraorn.com.br\/1o-encontro-potiguar-de-engenharia-ambiental-e-sanitaria\/"},"wordCount":252,"commentCount":0,"publisher":{"@id":"https:\/\/www.fazendaboqueiraorn.com.br\/#organization"},"image":{"@id":"https:\/\/www.fazendaboqueiraorn.com.br\/1o-encontro-potiguar-de-engenharia-ambiental-e-sanitaria\/#primaryimage"},"thumbnailUrl":"https:\/\/i0.wp.com\/www.fazendaboqueiraorn.com.br\/wp-content\/uploads\/2025\/05\/1-encontro-potiguar-de-engenharia-ambiental-e-sanitaria.webp?fit=1080%2C1350&ssl=1","keywords":["Geologia","gest\u00e3o","Nordeste","ra\u00e7\u00e3o","Rio Grande do Norte","Unesco"],"articleSection":["Not\u00edcias"],"inLanguage":"en-US","potentialAction":[{"@type":"CommentAction","name":"Comment","target":["https:\/\/www.fazendaboqueiraorn.com.br\/1o-encontro-potiguar-de-engenharia-ambiental-e-sanitaria\/#respond"]}]},{"@type":"WebPage","@id":"https:\/\/www.fazendaboqueiraorn.com.br\/1o-encontro-potiguar-de-engenharia-ambiental-e-sanitaria\/","url":"https:\/\/www.fazendaboqueiraorn.com.br\/1o-encontro-potiguar-de-engenharia-ambiental-e-sanitaria\/","name":"1\u00ba Encontro Potiguar de Engenharia Ambiental e Sanit\u00e1ria - Fazenda Boqueir\u00e3o","isPartOf":{"@id":"https:\/\/www.fazendaboqueiraorn.com.br\/#website"},"primaryImageOfPage":{"@id":"https:\/\/www.fazendaboqueiraorn.com.br\/1o-encontro-potiguar-de-engenharia-ambiental-e-sanitaria\/#primaryimage"},"image":{"@id":"https:\/\/www.fazendaboqueiraorn.com.br\/1o-encontro-potiguar-de-engenharia-ambiental-e-sanitaria\/#primaryimage"},"thumbnailUrl":"https:\/\/i0.wp.com\/www.fazendaboqueiraorn.com.br\/wp-content\/uploads\/2025\/05\/1-encontro-potiguar-de-engenharia-ambiental-e-sanitaria.webp?fit=1080%2C1350&ssl=1","datePublished":"2025-05-28T18:57:54+00:00","dateModified":"2025-05-28T18:58:13+00:00","description":"O 1\u00ba Encontro Potiguar de Engenharia Ambiental e Sanit\u00e1ria ocorre dia 31 de maio no Audit\u00f3rio da CDL em Natal\/RN.","breadcrumb":{"@id":"https:\/\/www.fazendaboqueiraorn.com.br\/1o-encontro-potiguar-de-engenharia-ambiental-e-sanitaria\/#breadcrumb"},"inLanguage":"en-US","potentialAction":[{"@type":"ReadAction","target":["https:\/\/www.fazendaboqueiraorn.com.br\/1o-encontro-potiguar-de-engenharia-ambiental-e-sanitaria\/"]}]},{"@type":"ImageObject","inLanguage":"en-US","@id":"https:\/\/www.fazendaboqueiraorn.com.br\/1o-encontro-potiguar-de-engenharia-ambiental-e-sanitaria\/#primaryimage","url":"https:\/\/i0.wp.com\/www.fazendaboqueiraorn.com.br\/wp-content\/uploads\/2025\/05\/1-encontro-potiguar-de-engenharia-ambiental-e-sanitaria.webp?fit=1080%2C1350&ssl=1","contentUrl":"https:\/\/i0.wp.com\/www.fazendaboqueiraorn.com.br\/wp-content\/uploads\/2025\/05\/1-encontro-potiguar-de-engenharia-ambiental-e-sanitaria.webp?fit=1080%2C1350&ssl=1","width":1080,"height":1350,"caption":"1\u00ba Encontro Potiguar de Engenharia Ambiental e Sanit\u00e1ria"},{"@type":"BreadcrumbList","@id":"https:\/\/www.fazendaboqueiraorn.com.br\/1o-encontro-potiguar-de-engenharia-ambiental-e-sanitaria\/#breadcrumb","itemListElement":[{"@type":"ListItem","position":1,"name":"Home","item":"https:\/\/www.fazendaboqueiraorn.com.br\/"},{"@type":"ListItem","position":2,"name":"1\u00ba Encontro Potiguar de Engenharia Ambiental e Sanit\u00e1ria"}]},{"@type":"WebSite","@id":"https:\/\/www.fazendaboqueiraorn.com.br\/#website","url":"https:\/\/www.fazendaboqueiraorn.com.br\/","name":"Fazenda Boqueir\u00e3o","description":"","publisher":{"@id":"https:\/\/www.fazendaboqueiraorn.com.br\/#organization"},"potentialAction":[{"@type":"SearchAction","target":{"@type":"EntryPoint","urlTemplate":"https:\/\/www.fazendaboqueiraorn.com.br\/?s={search_term_string}"},"query-input":{"@type":"PropertyValueSpecification","valueRequired":true,"valueName":"search_term_string"}}],"inLanguage":"en-US"},{"@type":"Organization","@id":"https:\/\/www.fazendaboqueiraorn.com.br\/#organization","name":"Fazenda Boqueir\u00e3o","url":"https:\/\/www.fazendaboqueiraorn.com.br\/","logo":{"@type":"ImageObject","inLanguage":"en-US","@id":"https:\/\/www.fazendaboqueiraorn.com.br\/#\/schema\/logo\/image\/","url":"https:\/\/i0.wp.com\/www.fazendaboqueiraorn.com.br\/wp-content\/uploads\/2021\/08\/logo-fazenda-120x120-1.png?fit=120%2C120&ssl=1","contentUrl":"https:\/\/i0.wp.com\/www.fazendaboqueiraorn.com.br\/wp-content\/uploads\/2021\/08\/logo-fazenda-120x120-1.png?fit=120%2C120&ssl=1","width":120,"height":120,"caption":"Fazenda Boqueir\u00e3o"},"image":{"@id":"https:\/\/www.fazendaboqueiraorn.com.br\/#\/schema\/logo\/image\/"},"sameAs":["https:\/\/www.facebook.com\/fazboqueirao","https:\/\/x.com\/FazBoqueirao","http:\/\/instagram.com\/fazboqueirao\/","https:\/\/www.linkedin.com\/company\/fazboqueirao\/","https:\/\/www.youtube.com\/channel\/UCUA4_8v8HkmMeNUh8c6Ky1Q"]},{"@type":"Person","@id":"https:\/\/www.fazendaboqueiraorn.com.br\/#\/schema\/person\/70484dc96f76e66c6365a9f4a2ebfb02","name":"Fazenda Boqueir\u00e3o","image":{"@type":"ImageObject","inLanguage":"en-US","@id":"https:\/\/secure.gravatar.com\/avatar\/19f19467ae305ded5d913deae2fb6c6f29fe88a0a7f3a4dca5679407289a9efd?s=96&d=mm&r=g","url":"https:\/\/secure.gravatar.com\/avatar\/19f19467ae305ded5d913deae2fb6c6f29fe88a0a7f3a4dca5679407289a9efd?s=96&d=mm&r=g","contentUrl":"https:\/\/secure.gravatar.com\/avatar\/19f19467ae305ded5d913deae2fb6c6f29fe88a0a7f3a4dca5679407289a9efd?s=96&d=mm&r=g","caption":"Fazenda Boqueir\u00e3o"},"url":"https:\/\/www.fazendaboqueiraorn.com.br\/en\/author\/fazenda\/"}]}},"jetpack_publicize_connections":[],"uagb_featured_image_src":{"full":["https:\/\/i0.wp.com\/www.fazendaboqueiraorn.com.br\/wp-content\/uploads\/2025\/05\/1-encontro-potiguar-de-engenharia-ambiental-e-sanitaria.webp?fit=1080%2C1350&ssl=1",1080,1350,false],"thumbnail":["https:\/\/i0.wp.com\/www.fazendaboqueiraorn.com.br\/wp-content\/uploads\/2025\/05\/1-encontro-potiguar-de-engenharia-ambiental-e-sanitaria.webp?resize=150%2C150&ssl=1",150,150,true],"medium":["https:\/\/i0.wp.com\/www.fazendaboqueiraorn.com.br\/wp-content\/uploads\/2025\/05\/1-encontro-potiguar-de-engenharia-ambiental-e-sanitaria.webp?fit=240%2C300&ssl=1",240,300,true],"medium_large":["https:\/\/i0.wp.com\/www.fazendaboqueiraorn.com.br\/wp-content\/uploads\/2025\/05\/1-encontro-potiguar-de-engenharia-ambiental-e-sanitaria.webp?fit=768%2C960&ssl=1",768,960,true],"large":["https:\/\/i0.wp.com\/www.fazendaboqueiraorn.com.br\/wp-content\/uploads\/2025\/05\/1-encontro-potiguar-de-engenharia-ambiental-e-sanitaria.webp?fit=819%2C1024&ssl=1",819,1024,true],"1536x1536":["https:\/\/i0.wp.com\/www.fazendaboqueiraorn.com.br\/wp-content\/uploads\/2025\/05\/1-encontro-potiguar-de-engenharia-ambiental-e-sanitaria.webp?fit=1080%2C1350&ssl=1",1080,1350,true],"2048x2048":["https:\/\/i0.wp.com\/www.fazendaboqueiraorn.com.br\/wp-content\/uploads\/2025\/05\/1-encontro-potiguar-de-engenharia-ambiental-e-sanitaria.webp?fit=1080%2C1350&ssl=1",1080,1350,true],"trp-custom-language-flag":["https:\/\/i0.wp.com\/www.fazendaboqueiraorn.com.br\/wp-content\/uploads\/2025\/05\/1-encontro-potiguar-de-engenharia-ambiental-e-sanitaria.webp?fit=10%2C12&ssl=1",10,12,true],"ultp_layout_landscape_large":["https:\/\/i0.wp.com\/www.fazendaboqueiraorn.com.br\/wp-content\/uploads\/2025\/05\/1-encontro-potiguar-de-engenharia-ambiental-e-sanitaria.webp?resize=1080%2C800&ssl=1",1080,800,true],"ultp_layout_landscape":["https:\/\/i0.wp.com\/www.fazendaboqueiraorn.com.br\/wp-content\/uploads\/2025\/05\/1-encontro-potiguar-de-engenharia-ambiental-e-sanitaria.webp?resize=870%2C570&ssl=1",870,570,true],"ultp_layout_portrait":["https:\/\/i0.wp.com\/www.fazendaboqueiraorn.com.br\/wp-content\/uploads\/2025\/05\/1-encontro-potiguar-de-engenharia-ambiental-e-sanitaria.webp?resize=600%2C900&ssl=1",600,900,true],"ultp_layout_square":["https:\/\/i0.wp.com\/www.fazendaboqueiraorn.com.br\/wp-content\/uploads\/2025\/05\/1-encontro-potiguar-de-engenharia-ambiental-e-sanitaria.webp?resize=600%2C600&ssl=1",600,600,true],"woocommerce_thumbnail":["https:\/\/www.fazendaboqueiraorn.com.br\/wp-content\/uploads\/2025\/05\/1-encontro-potiguar-de-engenharia-ambiental-e-sanitaria-300x300.webp",300,300,true],"woocommerce_single":["https:\/\/www.fazendaboqueiraorn.com.br\/wp-content\/uploads\/2025\/05\/1-encontro-potiguar-de-engenharia-ambiental-e-sanitaria.webp",600,750,false],"woocommerce_gallery_thumbnail":["https:\/\/www.fazendaboqueiraorn.com.br\/wp-content\/uploads\/2025\/05\/1-encontro-potiguar-de-engenharia-ambiental-e-sanitaria-100x100.webp",100,100,true],"web-stories-poster-portrait":["https:\/\/www.fazendaboqueiraorn.com.br\/wp-content\/uploads\/2025\/05\/1-encontro-potiguar-de-engenharia-ambiental-e-sanitaria-640x853.webp",640,853,true],"web-stories-publisher-logo":["https:\/\/www.fazendaboqueiraorn.com.br\/wp-content\/uploads\/2025\/05\/1-encontro-potiguar-de-engenharia-ambiental-e-sanitaria-96x96.webp",96,96,true],"web-stories-thumbnail":["https:\/\/www.fazendaboqueiraorn.com.br\/wp-content\/uploads\/2025\/05\/1-encontro-potiguar-de-engenharia-ambiental-e-sanitaria-150x188.webp",150,188,true]},"uagb_author_info":{"display_name":"Fazenda Boqueir\u00e3o","author_link":"https:\/\/www.fazendaboqueiraorn.com.br\/en\/author\/fazenda\/"},"uagb_comment_info":0,"uagb_excerpt":"O 1\u00ba Encontro Potiguar de Engenharia Ambiental e Sanit\u00e1ria ocorre dia 31 de maio no Audit\u00f3rio da CDL em Natal\/RN a partir das 10:30 como parte do Nordeste Minera","jetpack_featured_media_url":"https:\/\/i0.wp.com\/www.fazendaboqueiraorn.com.br\/wp-content\/uploads\/2025\/05\/1-encontro-potiguar-de-engenharia-ambiental-e-sanitaria.webp?fit=1080%2C1350&ssl=1","jetpack_sharing_enabled":true,"jetpack_likes_enabled":true,"_links":{"self":[{"href":"https:\/\/www.fazendaboqueiraorn.com.br\/en\/wp-json\/wp\/v2\/posts\/7994","targetHints":{"allow":["GET"]}}],"collection":[{"href":"https:\/\/www.fazendaboqueiraorn.com.br\/en\/wp-json\/wp\/v2\/posts"}],"about":[{"href":"https:\/\/www.fazendaboqueiraorn.com.br\/en\/wp-json\/wp\/v2\/types\/post"}],"author":[{"embeddable":true,"href":"https:\/\/www.fazendaboqueiraorn.com.br\/en\/wp-json\/wp\/v2\/users\/2"}],"replies":[{"embeddable":true,"href":"https:\/\/www.fazendaboqueiraorn.com.br\/en\/wp-json\/wp\/v2\/comments?post=7994"}],"version-history":[{"count":1,"href":"https:\/\/www.fazendaboqueiraorn.com.br\/en\/wp-json\/wp\/v2\/posts\/7994\/revisions"}],"predecessor-version":[{"id":8002,"href":"https:\/\/www.fazendaboqueiraorn.com.br\/en\/wp-json\/wp\/v2\/posts\/7994\/revisions\/8002"}],"wp:featuredmedia":[{"embeddable":true,"href":"https:\/\/www.fazendaboqueiraorn.com.br\/en\/wp-json\/wp\/v2\/media\/7995"}],"wp:attachment":[{"href":"https:\/\/www.fazendaboqueiraorn.com.br\/en\/wp-json\/wp\/v2\/media?parent=7994"}],"wp:term":[{"taxonomy":"category","embeddable":true,"href":"https:\/\/www.fazendaboqueiraorn.com.br\/en\/wp-json\/wp\/v2\/categories?post=7994"},{"taxonomy":"post_tag","embeddable":true,"href":"https:\/\/www.fazendaboqueiraorn.com.br\/en\/wp-json\/wp\/v2\/tags?post=7994"}],"curies":[{"name":"wp","href":"https:\/\/api.w.org\/{rel}","templated":true}]}}