{"id":7691,"date":"2025-05-06T10:01:43","date_gmt":"2025-05-06T13:01:43","guid":{"rendered":"https:\/\/www.fazendaboqueiraorn.com.br\/?p=7691"},"modified":"2025-05-06T10:01:53","modified_gmt":"2025-05-06T13:01:53","slug":"circuito-rustico-do-potengi-2025","status":"publish","type":"post","link":"https:\/\/www.fazendaboqueiraorn.com.br\/en\/circuito-rustico-do-potengi-2025\/","title":{"rendered":"Circuito R\u00fastico do Potengi 2025"},"content":{"rendered":"<figure class=\"wp-block-image aligncenter size-large\"><img data-recalc-dims=\"1\" decoding=\"async\" width=\"820\" height=\"1024\" loading=\"lazy\" src=\"https:\/\/i0.wp.com\/www.fazendaboqueiraorn.com.br\/wp-content\/uploads\/2025\/05\/barcelona-20250830.webp?resize=820%2C1024&#038;ssl=1\" alt=\"Circuito R\u00fastico do Potengi 2025\" class=\"wp-image-7692\" srcset=\"https:\/\/i0.wp.com\/www.fazendaboqueiraorn.com.br\/wp-content\/uploads\/2025\/05\/barcelona-20250830.webp?resize=820%2C1024&amp;ssl=1 820w, https:\/\/i0.wp.com\/www.fazendaboqueiraorn.com.br\/wp-content\/uploads\/2025\/05\/barcelona-20250830.webp?resize=240%2C300&amp;ssl=1 240w, https:\/\/i0.wp.com\/www.fazendaboqueiraorn.com.br\/wp-content\/uploads\/2025\/05\/barcelona-20250830.webp?resize=768%2C959&amp;ssl=1 768w, https:\/\/i0.wp.com\/www.fazendaboqueiraorn.com.br\/wp-content\/uploads\/2025\/05\/barcelona-20250830.webp?resize=10%2C12&amp;ssl=1 10w, https:\/\/i0.wp.com\/www.fazendaboqueiraorn.com.br\/wp-content\/uploads\/2025\/05\/barcelona-20250830.webp?resize=600%2C749&amp;ssl=1 600w, https:\/\/i0.wp.com\/www.fazendaboqueiraorn.com.br\/wp-content\/uploads\/2025\/05\/barcelona-20250830.webp?resize=150%2C187&amp;ssl=1 150w, https:\/\/i0.wp.com\/www.fazendaboqueiraorn.com.br\/wp-content\/uploads\/2025\/05\/barcelona-20250830.webp?w=1080&amp;ssl=1 1080w\" sizes=\"auto, (max-width: 820px) 100vw, 820px\" \/><\/figure>\n\n\n\n<p class=\"\">Prepare-se para o Circuito R\u00fastico do Potengi 2025 no dia 30 de agosto de 2025, \u00e0s 16h00, em Barcelona\/RN e desafie seus limites em meio \u00e0 natureza!<\/p>\n\n\n\n<p class=\"\">Teremos:<\/p>\n\n\n\n<p class=\"\">\ud83c\udfc3\u200d\u2640\ufe0f 5KM de Corrida<br>\ud83d\udeb6 3KM de Caminhada<\/p>\n\n\n\n<p class=\"\">E para a crian\u00e7ada:<\/p>\n\n\n\n<p class=\"\">\ud83d\udc67\ud83d\udc66 CORRIDA KIDS (50 REAIS)<\/p>\n\n\n\n<p class=\"\">Premia\u00e7\u00e3o Total: \ud83d\udcb0 2.000 MIL REAIS \ud83d\udcb0<\/p>\n\n\n\n<h2 class=\"wp-block-heading\">Inscri\u00e7\u00f5es do Circuito R\u00fastico do Potengi 2025<\/h2>\n\n\n\n<ul class=\"wp-block-list\">\n<li class=\"\">PRIMEIRO LOTE: At\u00e9 30\/06 por apenas 70 REAIS!<\/li>\n\n\n\n<li class=\"\">SEGUNDO LOTE: A partir de 01\/07 por 80 REAIS.<\/li>\n<\/ul>\n\n\n\n<p class=\"\">Voc\u00ea ter\u00e1:<\/p>\n\n\n\n<p class=\"\">\ud83c\udf4e Kit frutas e hidrata\u00e7\u00e3o<br>\ud83c\udf81 Sorteio de brindes<br>\ud83d\ude91 Ambul\u00e2ncia<br>\ud83c\udfc5 E muito mais!<\/p>\n\n\n\n<h2 class=\"wp-block-heading\">Premia\u00e7\u00e3o<\/h2>\n\n\n\n<h3 class=\"wp-block-heading\">Premia\u00e7\u00e3o Geral (Feminino e Masculino)<\/h3>\n\n\n\n<p class=\"\">\ud83e\udd47 1\u00ba Lugar: 300 Reais<br>\ud83e\udd48 2\u00ba Lugar: 200 Reais<br>\ud83e\udd49 3\u00ba Lugar: 150 Reais<br>\ud83c\udfc5 4\u00ba ao 5\u00ba Lugar: 100 Reais<\/p>\n\n\n\n<h3 class=\"wp-block-heading\">Premia\u00e7\u00f5es Especiais<\/h3>\n\n\n\n<p class=\"\">\ud83c\udfc6 Geral 1\u00ba ao 5\u00ba M. e F. (Dinheiro e Trof\u00e9u)<br>\ud83c\udfc6 Local 1\u00ba ao 3\u00ba M. e F. (Trof\u00e9u)<br>\ud83c\udfc6 Faixa et\u00e1ria 1\u00ba ao 3\u00ba F. e M. (Trof\u00e9u)<br>\ud83c\udfc6 Equipe 1\u00ba ao 3\u00ba (Trof\u00e9u)<\/p>\n\n\n\n<p class=\"\">N\u00e3o perca essa oportunidade de se conectar com a natureza, superar seus desafios e ainda concorrer a pr\u00eamios incr\u00edveis! \ud83d\udce2 Marque na sua agenda e garanta sua inscri\u00e7\u00e3o!<\/p>\n\n\n\n<p class=\"\"><\/p>","protected":false},"excerpt":{"rendered":"<p>Prepare-se para o Circuito R\u00fastico do Potengi 2025 no dia 30 de agosto de 2025, \u00e0s 16h00, em Barcelona\/RN e desafie seus limites em meio \u00e0 natureza!<\/p>","protected":false},"author":2,"featured_media":7693,"comment_status":"open","ping_status":"open","sticky":false,"template":"","format":"standard","meta":{"nf_dc_page":"","_uag_custom_page_level_css":"","site-sidebar-layout":"default","site-content-layout":"","ast-site-content-layout":"","site-content-style":"default","site-sidebar-style":"default","ast-global-header-display":"","ast-banner-title-visibility":"","ast-main-header-display":"","ast-hfb-above-header-display":"","ast-hfb-below-header-display":"","ast-hfb-mobile-header-display":"","site-post-title":"","ast-breadcrumbs-content":"","ast-featured-img":"","footer-sml-layout":"","ast-disable-related-posts":"","theme-transparent-header-meta":"","adv-header-id-meta":"","stick-header-meta":"","header-above-stick-meta":"","header-main-stick-meta":"","header-below-stick-meta":"","astra-migrate-meta-layouts":"default","ast-page-background-enabled":"default","ast-page-background-meta":{"desktop":{"background-color":"var(--ast-global-color-4)","background-image":"","background-repeat":"repeat","background-position":"center center","background-size":"auto","background-attachment":"scroll","background-type":"","background-media":"","overlay-type":"","overlay-color":"","overlay-opacity":"","overlay-gradient":""},"tablet":{"background-color":"","background-image":"","background-repeat":"repeat","background-position":"center center","background-size":"auto","background-attachment":"scroll","background-type":"","background-media":"","overlay-type":"","overlay-color":"","overlay-opacity":"","overlay-gradient":""},"mobile":{"background-color":"","background-image":"","background-repeat":"repeat","background-position":"center center","background-size":"auto","background-attachment":"scroll","background-type":"","background-media":"","overlay-type":"","overlay-color":"","overlay-opacity":"","overlay-gradient":""}},"ast-content-background-meta":{"desktop":{"background-color":"var(--ast-global-color-5)","background-image":"","background-repeat":"repeat","background-position":"center center","background-size":"auto","background-attachment":"scroll","background-type":"","background-media":"","overlay-type":"","overlay-color":"","overlay-opacity":"","overlay-gradient":""},"tablet":{"background-color":"var(--ast-global-color-5)","background-image":"","background-repeat":"repeat","background-position":"center center","background-size":"auto","background-attachment":"scroll","background-type":"","background-media":"","overlay-type":"","overlay-color":"","overlay-opacity":"","overlay-gradient":""},"mobile":{"background-color":"var(--ast-global-color-5)","background-image":"","background-repeat":"repeat","background-position":"center center","background-size":"auto","background-attachment":"scroll","background-type":"","background-media":"","overlay-type":"","overlay-color":"","overlay-opacity":"","overlay-gradient":""}},"jetpack_post_was_ever_published":false,"_jetpack_newsletter_access":"","_jetpack_dont_email_post_to_subs":false,"_jetpack_newsletter_tier_id":0,"_jetpack_memberships_contains_paywalled_content":false,"_jetpack_memberships_contains_paid_content":false,"footnotes":"","jetpack_publicize_message":"","jetpack_publicize_feature_enabled":false,"jetpack_social_post_already_shared":false,"jetpack_social_options":{"image_generator_settings":{"template":"highway","enabled":false},"version":2}},"categories":[429],"tags":[3675,13,4496,4495,174,586,2985,4499],"class_list":["post-7691","post","type-post","status-publish","format-standard","has-post-thumbnail","hentry","category-eventos","tag-3675","tag-barcelona","tag-caminhada","tag-circuito-rustico-do-potengi","tag-corrida","tag-crianca","tag-mei","tag-saude"],"yoast_head":"<!-- This site is optimized with the Yoast SEO plugin v27.5 - https:\/\/yoast.com\/product\/yoast-seo-wordpress\/ -->\n<title>Circuito R\u00fastico do Potengi 2025 - Fazenda Boqueir\u00e3o<\/title>\n<meta name=\"description\" content=\"Prepare-se para o Circuito R\u00fastico do Potengi 2025 no dia 30 de agosto de 2025, \u00e0s 16h00, em Barcelona\/RN.\" \/>\n<meta name=\"robots\" content=\"index, follow, max-snippet:-1, max-image-preview:large, max-video-preview:-1\" \/>\n<link rel=\"canonical\" href=\"https:\/\/www.fazendaboqueiraorn.com.br\/en\/circuito-rustico-do-potengi-2025\/\" \/>\n<meta property=\"og:locale\" content=\"en_US\" \/>\n<meta property=\"og:type\" content=\"article\" \/>\n<meta property=\"og:title\" content=\"Circuito R\u00fastico do Potengi 2025 - Fazenda Boqueir\u00e3o\" \/>\n<meta property=\"og:description\" content=\"Prepare-se para o Circuito R\u00fastico do Potengi 2025 no dia 30 de agosto de 2025, \u00e0s 16h00, em Barcelona\/RN.\" \/>\n<meta property=\"og:url\" content=\"https:\/\/www.fazendaboqueiraorn.com.br\/en\/circuito-rustico-do-potengi-2025\/\" \/>\n<meta property=\"og:site_name\" content=\"Fazenda Boqueir\u00e3o\" \/>\n<meta property=\"article:publisher\" content=\"https:\/\/www.facebook.com\/fazboqueirao\" \/>\n<meta property=\"article:published_time\" content=\"2025-05-06T13:01:43+00:00\" \/>\n<meta property=\"article:modified_time\" content=\"2025-05-06T13:01:53+00:00\" \/>\n<meta property=\"og:image\" content=\"https:\/\/www.fazendaboqueiraorn.com.br\/wp-content\/uploads\/2025\/05\/barcelona-20250830.jpg\" \/>\n\t<meta property=\"og:image:width\" content=\"1080\" \/>\n\t<meta property=\"og:image:height\" content=\"1349\" \/>\n\t<meta property=\"og:image:type\" content=\"image\/jpeg\" \/>\n<meta name=\"author\" content=\"Fazenda Boqueir\u00e3o\" \/>\n<meta name=\"twitter:card\" content=\"summary_large_image\" \/>\n<meta name=\"twitter:creator\" content=\"@FazBoqueirao\" \/>\n<meta name=\"twitter:site\" content=\"@FazBoqueirao\" \/>\n<meta name=\"twitter:label1\" content=\"Written by\" \/>\n\t<meta name=\"twitter:data1\" content=\"Fazenda Boqueir\u00e3o\" \/>\n\t<meta name=\"twitter:label2\" content=\"Est. reading time\" \/>\n\t<meta name=\"twitter:data2\" content=\"2 minutes\" \/>\n<script type=\"application\/ld+json\" class=\"yoast-schema-graph\">{\"@context\":\"https:\\\/\\\/schema.org\",\"@graph\":[{\"@type\":\"Article\",\"@id\":\"https:\\\/\\\/www.fazendaboqueiraorn.com.br\\\/circuito-rustico-do-potengi-2025\\\/#article\",\"isPartOf\":{\"@id\":\"https:\\\/\\\/www.fazendaboqueiraorn.com.br\\\/circuito-rustico-do-potengi-2025\\\/\"},\"author\":{\"name\":\"Fazenda Boqueir\u00e3o\",\"@id\":\"https:\\\/\\\/www.fazendaboqueiraorn.com.br\\\/#\\\/schema\\\/person\\\/70484dc96f76e66c6365a9f4a2ebfb02\"},\"headline\":\"Circuito R\u00fastico do Potengi 2025\",\"datePublished\":\"2025-05-06T13:01:43+00:00\",\"dateModified\":\"2025-05-06T13:01:53+00:00\",\"mainEntityOfPage\":{\"@id\":\"https:\\\/\\\/www.fazendaboqueiraorn.com.br\\\/circuito-rustico-do-potengi-2025\\\/\"},\"wordCount\":166,\"commentCount\":0,\"publisher\":{\"@id\":\"https:\\\/\\\/www.fazendaboqueiraorn.com.br\\\/#organization\"},\"image\":{\"@id\":\"https:\\\/\\\/www.fazendaboqueiraorn.com.br\\\/circuito-rustico-do-potengi-2025\\\/#primaryimage\"},\"thumbnailUrl\":\"https:\\\/\\\/i0.wp.com\\\/www.fazendaboqueiraorn.com.br\\\/wp-content\\\/uploads\\\/2025\\\/05\\\/barcelona-20250830.jpg?fit=1080%2C1349&ssl=1\",\"keywords\":[\"2025\",\"Barcelona\",\"caminhada\",\"Circuito R\u00fastico do Potengi\",\"corrida\",\"crian\u00e7a\",\"MEI\",\"sa\u00fade\"],\"articleSection\":[\"Eventos\"],\"inLanguage\":\"en-US\",\"potentialAction\":[{\"@type\":\"CommentAction\",\"name\":\"Comment\",\"target\":[\"https:\\\/\\\/www.fazendaboqueiraorn.com.br\\\/circuito-rustico-do-potengi-2025\\\/#respond\"]}]},{\"@type\":\"WebPage\",\"@id\":\"https:\\\/\\\/www.fazendaboqueiraorn.com.br\\\/circuito-rustico-do-potengi-2025\\\/\",\"url\":\"https:\\\/\\\/www.fazendaboqueiraorn.com.br\\\/circuito-rustico-do-potengi-2025\\\/\",\"name\":\"Circuito R\u00fastico do Potengi 2025 - Fazenda Boqueir\u00e3o\",\"isPartOf\":{\"@id\":\"https:\\\/\\\/www.fazendaboqueiraorn.com.br\\\/#website\"},\"primaryImageOfPage\":{\"@id\":\"https:\\\/\\\/www.fazendaboqueiraorn.com.br\\\/circuito-rustico-do-potengi-2025\\\/#primaryimage\"},\"image\":{\"@id\":\"https:\\\/\\\/www.fazendaboqueiraorn.com.br\\\/circuito-rustico-do-potengi-2025\\\/#primaryimage\"},\"thumbnailUrl\":\"https:\\\/\\\/i0.wp.com\\\/www.fazendaboqueiraorn.com.br\\\/wp-content\\\/uploads\\\/2025\\\/05\\\/barcelona-20250830.jpg?fit=1080%2C1349&ssl=1\",\"datePublished\":\"2025-05-06T13:01:43+00:00\",\"dateModified\":\"2025-05-06T13:01:53+00:00\",\"description\":\"Prepare-se para o Circuito R\u00fastico do Potengi 2025 no dia 30 de agosto de 2025, \u00e0s 16h00, em Barcelona\\\/RN.\",\"breadcrumb\":{\"@id\":\"https:\\\/\\\/www.fazendaboqueiraorn.com.br\\\/circuito-rustico-do-potengi-2025\\\/#breadcrumb\"},\"inLanguage\":\"en-US\",\"potentialAction\":[{\"@type\":\"ReadAction\",\"target\":[\"https:\\\/\\\/www.fazendaboqueiraorn.com.br\\\/circuito-rustico-do-potengi-2025\\\/\"]}]},{\"@type\":\"ImageObject\",\"inLanguage\":\"en-US\",\"@id\":\"https:\\\/\\\/www.fazendaboqueiraorn.com.br\\\/circuito-rustico-do-potengi-2025\\\/#primaryimage\",\"url\":\"https:\\\/\\\/i0.wp.com\\\/www.fazendaboqueiraorn.com.br\\\/wp-content\\\/uploads\\\/2025\\\/05\\\/barcelona-20250830.jpg?fit=1080%2C1349&ssl=1\",\"contentUrl\":\"https:\\\/\\\/i0.wp.com\\\/www.fazendaboqueiraorn.com.br\\\/wp-content\\\/uploads\\\/2025\\\/05\\\/barcelona-20250830.jpg?fit=1080%2C1349&ssl=1\",\"width\":1080,\"height\":1349,\"caption\":\"Circuito R\u00fastico do Potengi 2025\"},{\"@type\":\"BreadcrumbList\",\"@id\":\"https:\\\/\\\/www.fazendaboqueiraorn.com.br\\\/circuito-rustico-do-potengi-2025\\\/#breadcrumb\",\"itemListElement\":[{\"@type\":\"ListItem\",\"position\":1,\"name\":\"Home\",\"item\":\"https:\\\/\\\/www.fazendaboqueiraorn.com.br\\\/\"},{\"@type\":\"ListItem\",\"position\":2,\"name\":\"Circuito R\u00fastico do Potengi 2025\"}]},{\"@type\":\"WebSite\",\"@id\":\"https:\\\/\\\/www.fazendaboqueiraorn.com.br\\\/#website\",\"url\":\"https:\\\/\\\/www.fazendaboqueiraorn.com.br\\\/\",\"name\":\"Fazenda Boqueir\u00e3o\",\"description\":\"\",\"publisher\":{\"@id\":\"https:\\\/\\\/www.fazendaboqueiraorn.com.br\\\/#organization\"},\"potentialAction\":[{\"@type\":\"SearchAction\",\"target\":{\"@type\":\"EntryPoint\",\"urlTemplate\":\"https:\\\/\\\/www.fazendaboqueiraorn.com.br\\\/?s={search_term_string}\"},\"query-input\":{\"@type\":\"PropertyValueSpecification\",\"valueRequired\":true,\"valueName\":\"search_term_string\"}}],\"inLanguage\":\"en-US\"},{\"@type\":\"Organization\",\"@id\":\"https:\\\/\\\/www.fazendaboqueiraorn.com.br\\\/#organization\",\"name\":\"Fazenda Boqueir\u00e3o\",\"url\":\"https:\\\/\\\/www.fazendaboqueiraorn.com.br\\\/\",\"logo\":{\"@type\":\"ImageObject\",\"inLanguage\":\"en-US\",\"@id\":\"https:\\\/\\\/www.fazendaboqueiraorn.com.br\\\/#\\\/schema\\\/logo\\\/image\\\/\",\"url\":\"https:\\\/\\\/i0.wp.com\\\/www.fazendaboqueiraorn.com.br\\\/wp-content\\\/uploads\\\/2021\\\/08\\\/logo-fazenda-120x120-1.png?fit=120%2C120&ssl=1\",\"contentUrl\":\"https:\\\/\\\/i0.wp.com\\\/www.fazendaboqueiraorn.com.br\\\/wp-content\\\/uploads\\\/2021\\\/08\\\/logo-fazenda-120x120-1.png?fit=120%2C120&ssl=1\",\"width\":120,\"height\":120,\"caption\":\"Fazenda Boqueir\u00e3o\"},\"image\":{\"@id\":\"https:\\\/\\\/www.fazendaboqueiraorn.com.br\\\/#\\\/schema\\\/logo\\\/image\\\/\"},\"sameAs\":[\"https:\\\/\\\/www.facebook.com\\\/fazboqueirao\",\"https:\\\/\\\/x.com\\\/FazBoqueirao\",\"http:\\\/\\\/instagram.com\\\/fazboqueirao\\\/\",\"https:\\\/\\\/www.linkedin.com\\\/company\\\/fazboqueirao\\\/\",\"https:\\\/\\\/www.youtube.com\\\/channel\\\/UCUA4_8v8HkmMeNUh8c6Ky1Q\"]},{\"@type\":\"Person\",\"@id\":\"https:\\\/\\\/www.fazendaboqueiraorn.com.br\\\/#\\\/schema\\\/person\\\/70484dc96f76e66c6365a9f4a2ebfb02\",\"name\":\"Fazenda Boqueir\u00e3o\",\"image\":{\"@type\":\"ImageObject\",\"inLanguage\":\"en-US\",\"@id\":\"https:\\\/\\\/secure.gravatar.com\\\/avatar\\\/19f19467ae305ded5d913deae2fb6c6f29fe88a0a7f3a4dca5679407289a9efd?s=96&d=mm&r=g\",\"url\":\"https:\\\/\\\/secure.gravatar.com\\\/avatar\\\/19f19467ae305ded5d913deae2fb6c6f29fe88a0a7f3a4dca5679407289a9efd?s=96&d=mm&r=g\",\"contentUrl\":\"https:\\\/\\\/secure.gravatar.com\\\/avatar\\\/19f19467ae305ded5d913deae2fb6c6f29fe88a0a7f3a4dca5679407289a9efd?s=96&d=mm&r=g\",\"caption\":\"Fazenda Boqueir\u00e3o\"},\"url\":\"https:\\\/\\\/www.fazendaboqueiraorn.com.br\\\/en\\\/author\\\/fazenda\\\/\"}]}<\/script>\n<!-- \/ Yoast SEO plugin. -->","yoast_head_json":{"title":"Circuito R\u00fastico do Potengi 2025 - Fazenda Boqueir\u00e3o","description":"Prepare-se para o Circuito R\u00fastico do Potengi 2025 no dia 30 de agosto de 2025, \u00e0s 16h00, em Barcelona\/RN.","robots":{"index":"index","follow":"follow","max-snippet":"max-snippet:-1","max-image-preview":"max-image-preview:large","max-video-preview":"max-video-preview:-1"},"canonical":"https:\/\/www.fazendaboqueiraorn.com.br\/en\/circuito-rustico-do-potengi-2025\/","og_locale":"en_US","og_type":"article","og_title":"Circuito R\u00fastico do Potengi 2025 - Fazenda Boqueir\u00e3o","og_description":"Prepare-se para o Circuito R\u00fastico do Potengi 2025 no dia 30 de agosto de 2025, \u00e0s 16h00, em Barcelona\/RN.","og_url":"https:\/\/www.fazendaboqueiraorn.com.br\/en\/circuito-rustico-do-potengi-2025\/","og_site_name":"Fazenda Boqueir\u00e3o","article_publisher":"https:\/\/www.facebook.com\/fazboqueirao","article_published_time":"2025-05-06T13:01:43+00:00","article_modified_time":"2025-05-06T13:01:53+00:00","og_image":[{"width":1080,"height":1349,"url":"https:\/\/www.fazendaboqueiraorn.com.br\/wp-content\/uploads\/2025\/05\/barcelona-20250830.jpg","type":"image\/jpeg"}],"author":"Fazenda Boqueir\u00e3o","twitter_card":"summary_large_image","twitter_creator":"@FazBoqueirao","twitter_site":"@FazBoqueirao","twitter_misc":{"Written by":"Fazenda Boqueir\u00e3o","Est. reading time":"2 minutes"},"schema":{"@context":"https:\/\/schema.org","@graph":[{"@type":"Article","@id":"https:\/\/www.fazendaboqueiraorn.com.br\/circuito-rustico-do-potengi-2025\/#article","isPartOf":{"@id":"https:\/\/www.fazendaboqueiraorn.com.br\/circuito-rustico-do-potengi-2025\/"},"author":{"name":"Fazenda Boqueir\u00e3o","@id":"https:\/\/www.fazendaboqueiraorn.com.br\/#\/schema\/person\/70484dc96f76e66c6365a9f4a2ebfb02"},"headline":"Circuito R\u00fastico do Potengi 2025","datePublished":"2025-05-06T13:01:43+00:00","dateModified":"2025-05-06T13:01:53+00:00","mainEntityOfPage":{"@id":"https:\/\/www.fazendaboqueiraorn.com.br\/circuito-rustico-do-potengi-2025\/"},"wordCount":166,"commentCount":0,"publisher":{"@id":"https:\/\/www.fazendaboqueiraorn.com.br\/#organization"},"image":{"@id":"https:\/\/www.fazendaboqueiraorn.com.br\/circuito-rustico-do-potengi-2025\/#primaryimage"},"thumbnailUrl":"https:\/\/i0.wp.com\/www.fazendaboqueiraorn.com.br\/wp-content\/uploads\/2025\/05\/barcelona-20250830.jpg?fit=1080%2C1349&ssl=1","keywords":["2025","Barcelona","caminhada","Circuito R\u00fastico do Potengi","corrida","crian\u00e7a","MEI","sa\u00fade"],"articleSection":["Eventos"],"inLanguage":"en-US","potentialAction":[{"@type":"CommentAction","name":"Comment","target":["https:\/\/www.fazendaboqueiraorn.com.br\/circuito-rustico-do-potengi-2025\/#respond"]}]},{"@type":"WebPage","@id":"https:\/\/www.fazendaboqueiraorn.com.br\/circuito-rustico-do-potengi-2025\/","url":"https:\/\/www.fazendaboqueiraorn.com.br\/circuito-rustico-do-potengi-2025\/","name":"Circuito R\u00fastico do Potengi 2025 - Fazenda Boqueir\u00e3o","isPartOf":{"@id":"https:\/\/www.fazendaboqueiraorn.com.br\/#website"},"primaryImageOfPage":{"@id":"https:\/\/www.fazendaboqueiraorn.com.br\/circuito-rustico-do-potengi-2025\/#primaryimage"},"image":{"@id":"https:\/\/www.fazendaboqueiraorn.com.br\/circuito-rustico-do-potengi-2025\/#primaryimage"},"thumbnailUrl":"https:\/\/i0.wp.com\/www.fazendaboqueiraorn.com.br\/wp-content\/uploads\/2025\/05\/barcelona-20250830.jpg?fit=1080%2C1349&ssl=1","datePublished":"2025-05-06T13:01:43+00:00","dateModified":"2025-05-06T13:01:53+00:00","description":"Prepare-se para o Circuito R\u00fastico do Potengi 2025 no dia 30 de agosto de 2025, \u00e0s 16h00, em Barcelona\/RN.","breadcrumb":{"@id":"https:\/\/www.fazendaboqueiraorn.com.br\/circuito-rustico-do-potengi-2025\/#breadcrumb"},"inLanguage":"en-US","potentialAction":[{"@type":"ReadAction","target":["https:\/\/www.fazendaboqueiraorn.com.br\/circuito-rustico-do-potengi-2025\/"]}]},{"@type":"ImageObject","inLanguage":"en-US","@id":"https:\/\/www.fazendaboqueiraorn.com.br\/circuito-rustico-do-potengi-2025\/#primaryimage","url":"https:\/\/i0.wp.com\/www.fazendaboqueiraorn.com.br\/wp-content\/uploads\/2025\/05\/barcelona-20250830.jpg?fit=1080%2C1349&ssl=1","contentUrl":"https:\/\/i0.wp.com\/www.fazendaboqueiraorn.com.br\/wp-content\/uploads\/2025\/05\/barcelona-20250830.jpg?fit=1080%2C1349&ssl=1","width":1080,"height":1349,"caption":"Circuito R\u00fastico do Potengi 2025"},{"@type":"BreadcrumbList","@id":"https:\/\/www.fazendaboqueiraorn.com.br\/circuito-rustico-do-potengi-2025\/#breadcrumb","itemListElement":[{"@type":"ListItem","position":1,"name":"Home","item":"https:\/\/www.fazendaboqueiraorn.com.br\/"},{"@type":"ListItem","position":2,"name":"Circuito R\u00fastico do Potengi 2025"}]},{"@type":"WebSite","@id":"https:\/\/www.fazendaboqueiraorn.com.br\/#website","url":"https:\/\/www.fazendaboqueiraorn.com.br\/","name":"Fazenda Boqueir\u00e3o","description":"","publisher":{"@id":"https:\/\/www.fazendaboqueiraorn.com.br\/#organization"},"potentialAction":[{"@type":"SearchAction","target":{"@type":"EntryPoint","urlTemplate":"https:\/\/www.fazendaboqueiraorn.com.br\/?s={search_term_string}"},"query-input":{"@type":"PropertyValueSpecification","valueRequired":true,"valueName":"search_term_string"}}],"inLanguage":"en-US"},{"@type":"Organization","@id":"https:\/\/www.fazendaboqueiraorn.com.br\/#organization","name":"Fazenda Boqueir\u00e3o","url":"https:\/\/www.fazendaboqueiraorn.com.br\/","logo":{"@type":"ImageObject","inLanguage":"en-US","@id":"https:\/\/www.fazendaboqueiraorn.com.br\/#\/schema\/logo\/image\/","url":"https:\/\/i0.wp.com\/www.fazendaboqueiraorn.com.br\/wp-content\/uploads\/2021\/08\/logo-fazenda-120x120-1.png?fit=120%2C120&ssl=1","contentUrl":"https:\/\/i0.wp.com\/www.fazendaboqueiraorn.com.br\/wp-content\/uploads\/2021\/08\/logo-fazenda-120x120-1.png?fit=120%2C120&ssl=1","width":120,"height":120,"caption":"Fazenda Boqueir\u00e3o"},"image":{"@id":"https:\/\/www.fazendaboqueiraorn.com.br\/#\/schema\/logo\/image\/"},"sameAs":["https:\/\/www.facebook.com\/fazboqueirao","https:\/\/x.com\/FazBoqueirao","http:\/\/instagram.com\/fazboqueirao\/","https:\/\/www.linkedin.com\/company\/fazboqueirao\/","https:\/\/www.youtube.com\/channel\/UCUA4_8v8HkmMeNUh8c6Ky1Q"]},{"@type":"Person","@id":"https:\/\/www.fazendaboqueiraorn.com.br\/#\/schema\/person\/70484dc96f76e66c6365a9f4a2ebfb02","name":"Fazenda Boqueir\u00e3o","image":{"@type":"ImageObject","inLanguage":"en-US","@id":"https:\/\/secure.gravatar.com\/avatar\/19f19467ae305ded5d913deae2fb6c6f29fe88a0a7f3a4dca5679407289a9efd?s=96&d=mm&r=g","url":"https:\/\/secure.gravatar.com\/avatar\/19f19467ae305ded5d913deae2fb6c6f29fe88a0a7f3a4dca5679407289a9efd?s=96&d=mm&r=g","contentUrl":"https:\/\/secure.gravatar.com\/avatar\/19f19467ae305ded5d913deae2fb6c6f29fe88a0a7f3a4dca5679407289a9efd?s=96&d=mm&r=g","caption":"Fazenda Boqueir\u00e3o"},"url":"https:\/\/www.fazendaboqueiraorn.com.br\/en\/author\/fazenda\/"}]}},"jetpack_publicize_connections":[],"uagb_featured_image_src":{"full":["https:\/\/i0.wp.com\/www.fazendaboqueiraorn.com.br\/wp-content\/uploads\/2025\/05\/barcelona-20250830.jpg?fit=1080%2C1349&ssl=1",1080,1349,false],"thumbnail":["https:\/\/i0.wp.com\/www.fazendaboqueiraorn.com.br\/wp-content\/uploads\/2025\/05\/barcelona-20250830.jpg?resize=150%2C150&ssl=1",150,150,true],"medium":["https:\/\/i0.wp.com\/www.fazendaboqueiraorn.com.br\/wp-content\/uploads\/2025\/05\/barcelona-20250830.jpg?fit=240%2C300&ssl=1",240,300,true],"medium_large":["https:\/\/i0.wp.com\/www.fazendaboqueiraorn.com.br\/wp-content\/uploads\/2025\/05\/barcelona-20250830.jpg?fit=768%2C959&ssl=1",768,959,true],"large":["https:\/\/i0.wp.com\/www.fazendaboqueiraorn.com.br\/wp-content\/uploads\/2025\/05\/barcelona-20250830.jpg?fit=820%2C1024&ssl=1",820,1024,true],"1536x1536":["https:\/\/i0.wp.com\/www.fazendaboqueiraorn.com.br\/wp-content\/uploads\/2025\/05\/barcelona-20250830.jpg?fit=1080%2C1349&ssl=1",1080,1349,true],"2048x2048":["https:\/\/i0.wp.com\/www.fazendaboqueiraorn.com.br\/wp-content\/uploads\/2025\/05\/barcelona-20250830.jpg?fit=1080%2C1349&ssl=1",1080,1349,true],"trp-custom-language-flag":["https:\/\/i0.wp.com\/www.fazendaboqueiraorn.com.br\/wp-content\/uploads\/2025\/05\/barcelona-20250830.jpg?fit=10%2C12&ssl=1",10,12,true],"ultp_layout_landscape_large":["https:\/\/i0.wp.com\/www.fazendaboqueiraorn.com.br\/wp-content\/uploads\/2025\/05\/barcelona-20250830.jpg?resize=1080%2C800&ssl=1",1080,800,true],"ultp_layout_landscape":["https:\/\/i0.wp.com\/www.fazendaboqueiraorn.com.br\/wp-content\/uploads\/2025\/05\/barcelona-20250830.jpg?resize=870%2C570&ssl=1",870,570,true],"ultp_layout_portrait":["https:\/\/i0.wp.com\/www.fazendaboqueiraorn.com.br\/wp-content\/uploads\/2025\/05\/barcelona-20250830.jpg?resize=600%2C900&ssl=1",600,900,true],"ultp_layout_square":["https:\/\/i0.wp.com\/www.fazendaboqueiraorn.com.br\/wp-content\/uploads\/2025\/05\/barcelona-20250830.jpg?resize=600%2C600&ssl=1",600,600,true],"woocommerce_thumbnail":["https:\/\/www.fazendaboqueiraorn.com.br\/wp-content\/uploads\/2025\/05\/barcelona-20250830-300x300.jpg",300,300,true],"woocommerce_single":["https:\/\/www.fazendaboqueiraorn.com.br\/wp-content\/uploads\/2025\/05\/barcelona-20250830.jpg",600,749,false],"woocommerce_gallery_thumbnail":["https:\/\/www.fazendaboqueiraorn.com.br\/wp-content\/uploads\/2025\/05\/barcelona-20250830-100x100.jpg",100,100,true],"web-stories-poster-portrait":["https:\/\/www.fazendaboqueiraorn.com.br\/wp-content\/uploads\/2025\/05\/barcelona-20250830-640x853.jpg",640,853,true],"web-stories-publisher-logo":["https:\/\/www.fazendaboqueiraorn.com.br\/wp-content\/uploads\/2025\/05\/barcelona-20250830-96x96.jpg",96,96,true],"web-stories-thumbnail":["https:\/\/www.fazendaboqueiraorn.com.br\/wp-content\/uploads\/2025\/05\/barcelona-20250830-150x187.jpg",150,187,true]},"uagb_author_info":{"display_name":"Fazenda Boqueir\u00e3o","author_link":"https:\/\/www.fazendaboqueiraorn.com.br\/en\/author\/fazenda\/"},"uagb_comment_info":0,"uagb_excerpt":"Prepare-se para o Circuito R\u00fastico do Potengi 2025 no dia 30 de agosto de 2025, \u00e0s 16h00, em Barcelona\/RN e desafie seus limites em meio \u00e0 natureza!","jetpack_featured_media_url":"https:\/\/i0.wp.com\/www.fazendaboqueiraorn.com.br\/wp-content\/uploads\/2025\/05\/barcelona-20250830.jpg?fit=1080%2C1349&ssl=1","jetpack_sharing_enabled":true,"jetpack_likes_enabled":true,"_links":{"self":[{"href":"https:\/\/www.fazendaboqueiraorn.com.br\/en\/wp-json\/wp\/v2\/posts\/7691","targetHints":{"allow":["GET"]}}],"collection":[{"href":"https:\/\/www.fazendaboqueiraorn.com.br\/en\/wp-json\/wp\/v2\/posts"}],"about":[{"href":"https:\/\/www.fazendaboqueiraorn.com.br\/en\/wp-json\/wp\/v2\/types\/post"}],"author":[{"embeddable":true,"href":"https:\/\/www.fazendaboqueiraorn.com.br\/en\/wp-json\/wp\/v2\/users\/2"}],"replies":[{"embeddable":true,"href":"https:\/\/www.fazendaboqueiraorn.com.br\/en\/wp-json\/wp\/v2\/comments?post=7691"}],"version-history":[{"count":2,"href":"https:\/\/www.fazendaboqueiraorn.com.br\/en\/wp-json\/wp\/v2\/posts\/7691\/revisions"}],"predecessor-version":[{"id":7706,"href":"https:\/\/www.fazendaboqueiraorn.com.br\/en\/wp-json\/wp\/v2\/posts\/7691\/revisions\/7706"}],"wp:featuredmedia":[{"embeddable":true,"href":"https:\/\/www.fazendaboqueiraorn.com.br\/en\/wp-json\/wp\/v2\/media\/7693"}],"wp:attachment":[{"href":"https:\/\/www.fazendaboqueiraorn.com.br\/en\/wp-json\/wp\/v2\/media?parent=7691"}],"wp:term":[{"taxonomy":"category","embeddable":true,"href":"https:\/\/www.fazendaboqueiraorn.com.br\/en\/wp-json\/wp\/v2\/categories?post=7691"},{"taxonomy":"post_tag","embeddable":true,"href":"https:\/\/www.fazendaboqueiraorn.com.br\/en\/wp-json\/wp\/v2\/tags?post=7691"}],"curies":[{"name":"wp","href":"https:\/\/api.w.org\/{rel}","templated":true}]}}