{"id":7665,"date":"2025-05-05T14:17:41","date_gmt":"2025-05-05T17:17:41","guid":{"rendered":"https:\/\/www.fazendaboqueiraorn.com.br\/?p=7665"},"modified":"2025-05-05T14:39:07","modified_gmt":"2025-05-05T17:39:07","slug":"11o-seminario-de-meliponicultura-2025","status":"publish","type":"post","link":"https:\/\/www.fazendaboqueiraorn.com.br\/en\/11o-seminario-de-meliponicultura-2025\/","title":{"rendered":"11\u00ba Semin\u00e1rio de Meliponicultura 2025"},"content":{"rendered":"<figure class=\"wp-block-image aligncenter size-large\"><img data-recalc-dims=\"1\" decoding=\"async\" width=\"816\" height=\"1024\" loading=\"lazy\" src=\"https:\/\/i0.wp.com\/www.fazendaboqueiraorn.com.br\/wp-content\/uploads\/2025\/05\/seminario-meliponicultura-2025.webp?resize=816%2C1024&#038;ssl=1\" alt=\"11\u00ba Semin\u00e1rio de Meliponicultura 2025\" class=\"wp-image-7666\" srcset=\"https:\/\/i0.wp.com\/www.fazendaboqueiraorn.com.br\/wp-content\/uploads\/2025\/05\/seminario-meliponicultura-2025.webp?resize=816%2C1024&amp;ssl=1 816w, https:\/\/i0.wp.com\/www.fazendaboqueiraorn.com.br\/wp-content\/uploads\/2025\/05\/seminario-meliponicultura-2025.webp?resize=239%2C300&amp;ssl=1 239w, https:\/\/i0.wp.com\/www.fazendaboqueiraorn.com.br\/wp-content\/uploads\/2025\/05\/seminario-meliponicultura-2025.webp?resize=768%2C964&amp;ssl=1 768w, https:\/\/i0.wp.com\/www.fazendaboqueiraorn.com.br\/wp-content\/uploads\/2025\/05\/seminario-meliponicultura-2025.webp?resize=1224%2C1536&amp;ssl=1 1224w, https:\/\/i0.wp.com\/www.fazendaboqueiraorn.com.br\/wp-content\/uploads\/2025\/05\/seminario-meliponicultura-2025.webp?resize=10%2C12&amp;ssl=1 10w, https:\/\/i0.wp.com\/www.fazendaboqueiraorn.com.br\/wp-content\/uploads\/2025\/05\/seminario-meliponicultura-2025.webp?resize=600%2C753&amp;ssl=1 600w, https:\/\/i0.wp.com\/www.fazendaboqueiraorn.com.br\/wp-content\/uploads\/2025\/05\/seminario-meliponicultura-2025.webp?resize=150%2C188&amp;ssl=1 150w, https:\/\/i0.wp.com\/www.fazendaboqueiraorn.com.br\/wp-content\/uploads\/2025\/05\/seminario-meliponicultura-2025.webp?w=1632&amp;ssl=1 1632w\" sizes=\"auto, (max-width: 816px) 100vw, 816px\" \/><\/figure>\n\n\n\n<p class=\"\">O 11\u00ba Semin\u00e1rio de Meliponicultura 2025 e 3\u00ba Encontro de meliponicultures do Serid\u00f3 ocorrer\u00e1 dia 24 de maio em Gargalheiras com o tema Profissionaliza\u00e7\u00e3o da meliponicultura no Serid\u00f3.<\/p>\n\n\n\n<p class=\"\">O evento refor\u00e7a o compromisso com o fortalecimento da cria\u00e7\u00e3o de abelhas sem ferr\u00e3o no Rio Grande do Norte, uma atividade tradicional e cientificamente relevante para o estado.<\/p>\n\n\n\n<p class=\"\">O Rio Grande do Norte \u00e9 reconhecido nacionalmente como um estado de destaque na cria\u00e7\u00e3o de abelhas sem ferr\u00e3o e refer\u00eancia na produ\u00e7\u00e3o cient\u00edfica na \u00e1rea. Nesse contexto, a Associa\u00e7\u00e3o de Meliponicultores e Meliponicultoras Potiguar (AMEP) cumpre seu papel de fomentar a meliponicultura no estado, e mais uma vez lidera a organiza\u00e7\u00e3o do semin\u00e1rio, reafirmando o compromisso com o avan\u00e7o da atividade sob as perspectivas zoot\u00e9cnica e ambiental.<\/p>\n\n\n\n<p class=\"\">A cada ano, a AMEP articula a realiza\u00e7\u00e3o do evento ao lado de um conjunto de importantes parceiros institucionais, como a Universidade Federal Rural do Semi\u00e1rido (UFERSA), o Instituto Federal do Rio Grande do Norte (IFRN), a Universidade do Estado do RN (UERN), a EMATER, o SEBRAE, o IDIARN, e a Prefeitura de Acari, entre outros.<\/p>\n\n\n\n<p class=\"\">Com o tema \u201cA profissionaliza\u00e7\u00e3o da Meliponicultura Potiguar\u201d, esta edi\u00e7\u00e3o do semin\u00e1rio prop\u00f5e uma reflex\u00e3o sobre os desafios e oportunidades da cadeia produtiva, destacando a import\u00e2ncia da conserva\u00e7\u00e3o das abelhas nativas e da cria\u00e7\u00e3o sustent\u00e1vel como alternativa econ\u00f4mica para os produtores locais.<\/p>\n\n\n\n<p class=\"\">A equipe respons\u00e1vel pela pesquisa em andamento na Serra de Santana, coordenada pelo professor Saint Clair (IFRN &#8211; Campus Currais Novos) informa e esclarece \u00e0 comunidade interessada sobre os servi\u00e7os atualmente dispon\u00edveis no \u00e2mbito do estudo voltado \u00e0 meliponicultura na regi\u00e3o. O projeto tem como finalidade principal a realiza\u00e7\u00e3o de uma caracteriza\u00e7\u00e3o abrangente da meliponicultura na Serra de Santana, com enfoque em dois eixos centrais:<\/p>\n\n\n\n<ul class=\"wp-block-list\">\n<li class=\"\">An\u00e1lises f\u00edsico-qu\u00edmicas dos produtos oriundos da atividade;<\/li>\n\n\n\n<li class=\"\">Aspectos socioecon\u00f4micos relacionados aos meliponicultores locais.<\/li>\n<\/ul>\n\n\n\n<p class=\"\">Essa abordagem visa compreender melhor tanto a qualidade do mel de abelhas sem ferr\u00e3o quanto o contexto social e econ\u00f4mico dos produtores.<\/p>\n\n\n\n<p class=\"\"><\/p>","protected":false},"excerpt":{"rendered":"<p>O 11\u00ba Semin\u00e1rio de Meliponicultura 2025 e 3\u00ba Encontro de meliponicultures do Serid\u00f3 ocorrer\u00e1 dia 24 de maio em Gargalheiras com o tema Profissionaliza\u00e7\u00e3o da meliponicultura no Serid\u00f3.<\/p>","protected":false},"author":2,"featured_media":7667,"comment_status":"open","ping_status":"open","sticky":false,"template":"","format":"standard","meta":{"nf_dc_page":"","_uag_custom_page_level_css":"","site-sidebar-layout":"default","site-content-layout":"","ast-site-content-layout":"","site-content-style":"default","site-sidebar-style":"default","ast-global-header-display":"","ast-banner-title-visibility":"","ast-main-header-display":"","ast-hfb-above-header-display":"","ast-hfb-below-header-display":"","ast-hfb-mobile-header-display":"","site-post-title":"","ast-breadcrumbs-content":"","ast-featured-img":"","footer-sml-layout":"","ast-disable-related-posts":"","theme-transparent-header-meta":"","adv-header-id-meta":"","stick-header-meta":"","header-above-stick-meta":"","header-main-stick-meta":"","header-below-stick-meta":"","astra-migrate-meta-layouts":"default","ast-page-background-enabled":"default","ast-page-background-meta":{"desktop":{"background-color":"var(--ast-global-color-4)","background-image":"","background-repeat":"repeat","background-position":"center center","background-size":"auto","background-attachment":"scroll","background-type":"","background-media":"","overlay-type":"","overlay-color":"","overlay-opacity":"","overlay-gradient":""},"tablet":{"background-color":"","background-image":"","background-repeat":"repeat","background-position":"center center","background-size":"auto","background-attachment":"scroll","background-type":"","background-media":"","overlay-type":"","overlay-color":"","overlay-opacity":"","overlay-gradient":""},"mobile":{"background-color":"","background-image":"","background-repeat":"repeat","background-position":"center center","background-size":"auto","background-attachment":"scroll","background-type":"","background-media":"","overlay-type":"","overlay-color":"","overlay-opacity":"","overlay-gradient":""}},"ast-content-background-meta":{"desktop":{"background-color":"var(--ast-global-color-5)","background-image":"","background-repeat":"repeat","background-position":"center center","background-size":"auto","background-attachment":"scroll","background-type":"","background-media":"","overlay-type":"","overlay-color":"","overlay-opacity":"","overlay-gradient":""},"tablet":{"background-color":"var(--ast-global-color-5)","background-image":"","background-repeat":"repeat","background-position":"center center","background-size":"auto","background-attachment":"scroll","background-type":"","background-media":"","overlay-type":"","overlay-color":"","overlay-opacity":"","overlay-gradient":""},"mobile":{"background-color":"var(--ast-global-color-5)","background-image":"","background-repeat":"repeat","background-position":"center center","background-size":"auto","background-attachment":"scroll","background-type":"","background-media":"","overlay-type":"","overlay-color":"","overlay-opacity":"","overlay-gradient":""}},"jetpack_post_was_ever_published":false,"_jetpack_newsletter_access":"","_jetpack_dont_email_post_to_subs":false,"_jetpack_newsletter_tier_id":0,"_jetpack_memberships_contains_paywalled_content":false,"_jetpack_memberships_contains_paid_content":false,"footnotes":"","jetpack_publicize_message":"","jetpack_publicize_feature_enabled":false,"jetpack_social_post_already_shared":false,"jetpack_social_options":{"image_generator_settings":{"template":"highway","enabled":false},"version":2}},"categories":[429],"tags":[183,4487,107,18,179,688,85,51,162,4486,4490,4488],"class_list":["post-7665","post","type-post","status-publish","format-standard","has-post-thumbnail","hentry","category-eventos","tag-acari","tag-amep","tag-emater","tag-evento","tag-idiarn","tag-meliponicultura","tag-prefeitura","tag-rio-grande-do-norte","tag-sebrae","tag-serido","tag-uern","tag-ufersa"],"yoast_head":"<!-- This site is optimized with the Yoast SEO plugin v27.5 - https:\/\/yoast.com\/product\/yoast-seo-wordpress\/ -->\n<title>11\u00ba Semin\u00e1rio de Meliponicultura 2025 - Fazenda Boqueir\u00e3o<\/title>\n<meta name=\"description\" content=\"O 11\u00ba Semin\u00e1rio de Meliponicultura 2025 e 3\u00ba Encontro de meliponicultures do Serid\u00f3 ocorrer\u00e1 dia 24 de maio em Gargalheiras.\" \/>\n<meta name=\"robots\" content=\"index, follow, max-snippet:-1, max-image-preview:large, max-video-preview:-1\" \/>\n<link rel=\"canonical\" href=\"https:\/\/www.fazendaboqueiraorn.com.br\/en\/11o-seminario-de-meliponicultura-2025\/\" \/>\n<meta property=\"og:locale\" content=\"en_US\" \/>\n<meta property=\"og:type\" content=\"article\" \/>\n<meta property=\"og:title\" content=\"11\u00ba Semin\u00e1rio de Meliponicultura 2025 - Fazenda Boqueir\u00e3o\" \/>\n<meta property=\"og:description\" content=\"O 11\u00ba Semin\u00e1rio de Meliponicultura 2025 e 3\u00ba Encontro de meliponicultures do Serid\u00f3 ocorrer\u00e1 dia 24 de maio em Gargalheiras.\" \/>\n<meta property=\"og:url\" content=\"https:\/\/www.fazendaboqueiraorn.com.br\/en\/11o-seminario-de-meliponicultura-2025\/\" \/>\n<meta property=\"og:site_name\" content=\"Fazenda Boqueir\u00e3o\" \/>\n<meta property=\"article:publisher\" content=\"https:\/\/www.facebook.com\/fazboqueirao\" \/>\n<meta property=\"article:published_time\" content=\"2025-05-05T17:17:41+00:00\" \/>\n<meta property=\"article:modified_time\" content=\"2025-05-05T17:39:07+00:00\" \/>\n<meta property=\"og:image\" content=\"https:\/\/www.fazendaboqueiraorn.com.br\/wp-content\/uploads\/2025\/05\/seminario-meliponicultura-2025.jpg\" \/>\n\t<meta property=\"og:image:width\" content=\"1632\" \/>\n\t<meta property=\"og:image:height\" content=\"2048\" \/>\n\t<meta property=\"og:image:type\" content=\"image\/jpeg\" \/>\n<meta name=\"author\" content=\"Fazenda Boqueir\u00e3o\" \/>\n<meta name=\"twitter:card\" content=\"summary_large_image\" \/>\n<meta name=\"twitter:creator\" content=\"@FazBoqueirao\" \/>\n<meta name=\"twitter:site\" content=\"@FazBoqueirao\" \/>\n<meta name=\"twitter:label1\" content=\"Written by\" \/>\n\t<meta name=\"twitter:data1\" content=\"Fazenda Boqueir\u00e3o\" \/>\n\t<meta name=\"twitter:label2\" content=\"Est. reading time\" \/>\n\t<meta name=\"twitter:data2\" content=\"2 minutes\" \/>\n<script type=\"application\/ld+json\" class=\"yoast-schema-graph\">{\"@context\":\"https:\\\/\\\/schema.org\",\"@graph\":[{\"@type\":\"Article\",\"@id\":\"https:\\\/\\\/www.fazendaboqueiraorn.com.br\\\/11o-seminario-de-meliponicultura-2025\\\/#article\",\"isPartOf\":{\"@id\":\"https:\\\/\\\/www.fazendaboqueiraorn.com.br\\\/11o-seminario-de-meliponicultura-2025\\\/\"},\"author\":{\"name\":\"Fazenda Boqueir\u00e3o\",\"@id\":\"https:\\\/\\\/www.fazendaboqueiraorn.com.br\\\/#\\\/schema\\\/person\\\/70484dc96f76e66c6365a9f4a2ebfb02\"},\"headline\":\"11\u00ba Semin\u00e1rio de Meliponicultura 2025\",\"datePublished\":\"2025-05-05T17:17:41+00:00\",\"dateModified\":\"2025-05-05T17:39:07+00:00\",\"mainEntityOfPage\":{\"@id\":\"https:\\\/\\\/www.fazendaboqueiraorn.com.br\\\/11o-seminario-de-meliponicultura-2025\\\/\"},\"wordCount\":358,\"commentCount\":0,\"publisher\":{\"@id\":\"https:\\\/\\\/www.fazendaboqueiraorn.com.br\\\/#organization\"},\"image\":{\"@id\":\"https:\\\/\\\/www.fazendaboqueiraorn.com.br\\\/11o-seminario-de-meliponicultura-2025\\\/#primaryimage\"},\"thumbnailUrl\":\"https:\\\/\\\/i0.wp.com\\\/www.fazendaboqueiraorn.com.br\\\/wp-content\\\/uploads\\\/2025\\\/05\\\/seminario-meliponicultura-2025.jpg?fit=1632%2C2048&ssl=1\",\"keywords\":[\"Acari\",\"AMEP\",\"emater\",\"evento\",\"IDIARN\",\"Meliponicultura\",\"prefeitura\",\"Rio Grande do Norte\",\"SEBRAE\",\"Serid\u00f3\",\"UERN\",\"UFERSA\"],\"articleSection\":[\"Eventos\"],\"inLanguage\":\"en-US\",\"potentialAction\":[{\"@type\":\"CommentAction\",\"name\":\"Comment\",\"target\":[\"https:\\\/\\\/www.fazendaboqueiraorn.com.br\\\/11o-seminario-de-meliponicultura-2025\\\/#respond\"]}]},{\"@type\":\"WebPage\",\"@id\":\"https:\\\/\\\/www.fazendaboqueiraorn.com.br\\\/11o-seminario-de-meliponicultura-2025\\\/\",\"url\":\"https:\\\/\\\/www.fazendaboqueiraorn.com.br\\\/11o-seminario-de-meliponicultura-2025\\\/\",\"name\":\"11\u00ba Semin\u00e1rio de Meliponicultura 2025 - Fazenda Boqueir\u00e3o\",\"isPartOf\":{\"@id\":\"https:\\\/\\\/www.fazendaboqueiraorn.com.br\\\/#website\"},\"primaryImageOfPage\":{\"@id\":\"https:\\\/\\\/www.fazendaboqueiraorn.com.br\\\/11o-seminario-de-meliponicultura-2025\\\/#primaryimage\"},\"image\":{\"@id\":\"https:\\\/\\\/www.fazendaboqueiraorn.com.br\\\/11o-seminario-de-meliponicultura-2025\\\/#primaryimage\"},\"thumbnailUrl\":\"https:\\\/\\\/i0.wp.com\\\/www.fazendaboqueiraorn.com.br\\\/wp-content\\\/uploads\\\/2025\\\/05\\\/seminario-meliponicultura-2025.jpg?fit=1632%2C2048&ssl=1\",\"datePublished\":\"2025-05-05T17:17:41+00:00\",\"dateModified\":\"2025-05-05T17:39:07+00:00\",\"description\":\"O 11\u00ba Semin\u00e1rio de Meliponicultura 2025 e 3\u00ba Encontro de meliponicultures do Serid\u00f3 ocorrer\u00e1 dia 24 de maio em Gargalheiras.\",\"breadcrumb\":{\"@id\":\"https:\\\/\\\/www.fazendaboqueiraorn.com.br\\\/11o-seminario-de-meliponicultura-2025\\\/#breadcrumb\"},\"inLanguage\":\"en-US\",\"potentialAction\":[{\"@type\":\"ReadAction\",\"target\":[\"https:\\\/\\\/www.fazendaboqueiraorn.com.br\\\/11o-seminario-de-meliponicultura-2025\\\/\"]}]},{\"@type\":\"ImageObject\",\"inLanguage\":\"en-US\",\"@id\":\"https:\\\/\\\/www.fazendaboqueiraorn.com.br\\\/11o-seminario-de-meliponicultura-2025\\\/#primaryimage\",\"url\":\"https:\\\/\\\/i0.wp.com\\\/www.fazendaboqueiraorn.com.br\\\/wp-content\\\/uploads\\\/2025\\\/05\\\/seminario-meliponicultura-2025.jpg?fit=1632%2C2048&ssl=1\",\"contentUrl\":\"https:\\\/\\\/i0.wp.com\\\/www.fazendaboqueiraorn.com.br\\\/wp-content\\\/uploads\\\/2025\\\/05\\\/seminario-meliponicultura-2025.jpg?fit=1632%2C2048&ssl=1\",\"width\":1632,\"height\":2048,\"caption\":\"11\u00ba Semin\u00e1rio de Meliponicultura 2025\"},{\"@type\":\"BreadcrumbList\",\"@id\":\"https:\\\/\\\/www.fazendaboqueiraorn.com.br\\\/11o-seminario-de-meliponicultura-2025\\\/#breadcrumb\",\"itemListElement\":[{\"@type\":\"ListItem\",\"position\":1,\"name\":\"Home\",\"item\":\"https:\\\/\\\/www.fazendaboqueiraorn.com.br\\\/\"},{\"@type\":\"ListItem\",\"position\":2,\"name\":\"11\u00ba Semin\u00e1rio de Meliponicultura 2025\"}]},{\"@type\":\"WebSite\",\"@id\":\"https:\\\/\\\/www.fazendaboqueiraorn.com.br\\\/#website\",\"url\":\"https:\\\/\\\/www.fazendaboqueiraorn.com.br\\\/\",\"name\":\"Fazenda Boqueir\u00e3o\",\"description\":\"\",\"publisher\":{\"@id\":\"https:\\\/\\\/www.fazendaboqueiraorn.com.br\\\/#organization\"},\"potentialAction\":[{\"@type\":\"SearchAction\",\"target\":{\"@type\":\"EntryPoint\",\"urlTemplate\":\"https:\\\/\\\/www.fazendaboqueiraorn.com.br\\\/?s={search_term_string}\"},\"query-input\":{\"@type\":\"PropertyValueSpecification\",\"valueRequired\":true,\"valueName\":\"search_term_string\"}}],\"inLanguage\":\"en-US\"},{\"@type\":\"Organization\",\"@id\":\"https:\\\/\\\/www.fazendaboqueiraorn.com.br\\\/#organization\",\"name\":\"Fazenda Boqueir\u00e3o\",\"url\":\"https:\\\/\\\/www.fazendaboqueiraorn.com.br\\\/\",\"logo\":{\"@type\":\"ImageObject\",\"inLanguage\":\"en-US\",\"@id\":\"https:\\\/\\\/www.fazendaboqueiraorn.com.br\\\/#\\\/schema\\\/logo\\\/image\\\/\",\"url\":\"https:\\\/\\\/i0.wp.com\\\/www.fazendaboqueiraorn.com.br\\\/wp-content\\\/uploads\\\/2021\\\/08\\\/logo-fazenda-120x120-1.png?fit=120%2C120&ssl=1\",\"contentUrl\":\"https:\\\/\\\/i0.wp.com\\\/www.fazendaboqueiraorn.com.br\\\/wp-content\\\/uploads\\\/2021\\\/08\\\/logo-fazenda-120x120-1.png?fit=120%2C120&ssl=1\",\"width\":120,\"height\":120,\"caption\":\"Fazenda Boqueir\u00e3o\"},\"image\":{\"@id\":\"https:\\\/\\\/www.fazendaboqueiraorn.com.br\\\/#\\\/schema\\\/logo\\\/image\\\/\"},\"sameAs\":[\"https:\\\/\\\/www.facebook.com\\\/fazboqueirao\",\"https:\\\/\\\/x.com\\\/FazBoqueirao\",\"http:\\\/\\\/instagram.com\\\/fazboqueirao\\\/\",\"https:\\\/\\\/www.linkedin.com\\\/company\\\/fazboqueirao\\\/\",\"https:\\\/\\\/www.youtube.com\\\/channel\\\/UCUA4_8v8HkmMeNUh8c6Ky1Q\"]},{\"@type\":\"Person\",\"@id\":\"https:\\\/\\\/www.fazendaboqueiraorn.com.br\\\/#\\\/schema\\\/person\\\/70484dc96f76e66c6365a9f4a2ebfb02\",\"name\":\"Fazenda Boqueir\u00e3o\",\"image\":{\"@type\":\"ImageObject\",\"inLanguage\":\"en-US\",\"@id\":\"https:\\\/\\\/secure.gravatar.com\\\/avatar\\\/19f19467ae305ded5d913deae2fb6c6f29fe88a0a7f3a4dca5679407289a9efd?s=96&d=mm&r=g\",\"url\":\"https:\\\/\\\/secure.gravatar.com\\\/avatar\\\/19f19467ae305ded5d913deae2fb6c6f29fe88a0a7f3a4dca5679407289a9efd?s=96&d=mm&r=g\",\"contentUrl\":\"https:\\\/\\\/secure.gravatar.com\\\/avatar\\\/19f19467ae305ded5d913deae2fb6c6f29fe88a0a7f3a4dca5679407289a9efd?s=96&d=mm&r=g\",\"caption\":\"Fazenda Boqueir\u00e3o\"},\"url\":\"https:\\\/\\\/www.fazendaboqueiraorn.com.br\\\/en\\\/author\\\/fazenda\\\/\"}]}<\/script>\n<!-- \/ Yoast SEO plugin. -->","yoast_head_json":{"title":"11\u00ba Semin\u00e1rio de Meliponicultura 2025 - Fazenda Boqueir\u00e3o","description":"O 11\u00ba Semin\u00e1rio de Meliponicultura 2025 e 3\u00ba Encontro de meliponicultures do Serid\u00f3 ocorrer\u00e1 dia 24 de maio em Gargalheiras.","robots":{"index":"index","follow":"follow","max-snippet":"max-snippet:-1","max-image-preview":"max-image-preview:large","max-video-preview":"max-video-preview:-1"},"canonical":"https:\/\/www.fazendaboqueiraorn.com.br\/en\/11o-seminario-de-meliponicultura-2025\/","og_locale":"en_US","og_type":"article","og_title":"11\u00ba Semin\u00e1rio de Meliponicultura 2025 - Fazenda Boqueir\u00e3o","og_description":"O 11\u00ba Semin\u00e1rio de Meliponicultura 2025 e 3\u00ba Encontro de meliponicultures do Serid\u00f3 ocorrer\u00e1 dia 24 de maio em Gargalheiras.","og_url":"https:\/\/www.fazendaboqueiraorn.com.br\/en\/11o-seminario-de-meliponicultura-2025\/","og_site_name":"Fazenda Boqueir\u00e3o","article_publisher":"https:\/\/www.facebook.com\/fazboqueirao","article_published_time":"2025-05-05T17:17:41+00:00","article_modified_time":"2025-05-05T17:39:07+00:00","og_image":[{"width":1632,"height":2048,"url":"https:\/\/www.fazendaboqueiraorn.com.br\/wp-content\/uploads\/2025\/05\/seminario-meliponicultura-2025.jpg","type":"image\/jpeg"}],"author":"Fazenda Boqueir\u00e3o","twitter_card":"summary_large_image","twitter_creator":"@FazBoqueirao","twitter_site":"@FazBoqueirao","twitter_misc":{"Written by":"Fazenda Boqueir\u00e3o","Est. reading time":"2 minutes"},"schema":{"@context":"https:\/\/schema.org","@graph":[{"@type":"Article","@id":"https:\/\/www.fazendaboqueiraorn.com.br\/11o-seminario-de-meliponicultura-2025\/#article","isPartOf":{"@id":"https:\/\/www.fazendaboqueiraorn.com.br\/11o-seminario-de-meliponicultura-2025\/"},"author":{"name":"Fazenda Boqueir\u00e3o","@id":"https:\/\/www.fazendaboqueiraorn.com.br\/#\/schema\/person\/70484dc96f76e66c6365a9f4a2ebfb02"},"headline":"11\u00ba Semin\u00e1rio de Meliponicultura 2025","datePublished":"2025-05-05T17:17:41+00:00","dateModified":"2025-05-05T17:39:07+00:00","mainEntityOfPage":{"@id":"https:\/\/www.fazendaboqueiraorn.com.br\/11o-seminario-de-meliponicultura-2025\/"},"wordCount":358,"commentCount":0,"publisher":{"@id":"https:\/\/www.fazendaboqueiraorn.com.br\/#organization"},"image":{"@id":"https:\/\/www.fazendaboqueiraorn.com.br\/11o-seminario-de-meliponicultura-2025\/#primaryimage"},"thumbnailUrl":"https:\/\/i0.wp.com\/www.fazendaboqueiraorn.com.br\/wp-content\/uploads\/2025\/05\/seminario-meliponicultura-2025.jpg?fit=1632%2C2048&ssl=1","keywords":["Acari","AMEP","emater","evento","IDIARN","Meliponicultura","prefeitura","Rio Grande do Norte","SEBRAE","Serid\u00f3","UERN","UFERSA"],"articleSection":["Eventos"],"inLanguage":"en-US","potentialAction":[{"@type":"CommentAction","name":"Comment","target":["https:\/\/www.fazendaboqueiraorn.com.br\/11o-seminario-de-meliponicultura-2025\/#respond"]}]},{"@type":"WebPage","@id":"https:\/\/www.fazendaboqueiraorn.com.br\/11o-seminario-de-meliponicultura-2025\/","url":"https:\/\/www.fazendaboqueiraorn.com.br\/11o-seminario-de-meliponicultura-2025\/","name":"11\u00ba Semin\u00e1rio de Meliponicultura 2025 - Fazenda Boqueir\u00e3o","isPartOf":{"@id":"https:\/\/www.fazendaboqueiraorn.com.br\/#website"},"primaryImageOfPage":{"@id":"https:\/\/www.fazendaboqueiraorn.com.br\/11o-seminario-de-meliponicultura-2025\/#primaryimage"},"image":{"@id":"https:\/\/www.fazendaboqueiraorn.com.br\/11o-seminario-de-meliponicultura-2025\/#primaryimage"},"thumbnailUrl":"https:\/\/i0.wp.com\/www.fazendaboqueiraorn.com.br\/wp-content\/uploads\/2025\/05\/seminario-meliponicultura-2025.jpg?fit=1632%2C2048&ssl=1","datePublished":"2025-05-05T17:17:41+00:00","dateModified":"2025-05-05T17:39:07+00:00","description":"O 11\u00ba Semin\u00e1rio de Meliponicultura 2025 e 3\u00ba Encontro de meliponicultures do Serid\u00f3 ocorrer\u00e1 dia 24 de maio em Gargalheiras.","breadcrumb":{"@id":"https:\/\/www.fazendaboqueiraorn.com.br\/11o-seminario-de-meliponicultura-2025\/#breadcrumb"},"inLanguage":"en-US","potentialAction":[{"@type":"ReadAction","target":["https:\/\/www.fazendaboqueiraorn.com.br\/11o-seminario-de-meliponicultura-2025\/"]}]},{"@type":"ImageObject","inLanguage":"en-US","@id":"https:\/\/www.fazendaboqueiraorn.com.br\/11o-seminario-de-meliponicultura-2025\/#primaryimage","url":"https:\/\/i0.wp.com\/www.fazendaboqueiraorn.com.br\/wp-content\/uploads\/2025\/05\/seminario-meliponicultura-2025.jpg?fit=1632%2C2048&ssl=1","contentUrl":"https:\/\/i0.wp.com\/www.fazendaboqueiraorn.com.br\/wp-content\/uploads\/2025\/05\/seminario-meliponicultura-2025.jpg?fit=1632%2C2048&ssl=1","width":1632,"height":2048,"caption":"11\u00ba Semin\u00e1rio de Meliponicultura 2025"},{"@type":"BreadcrumbList","@id":"https:\/\/www.fazendaboqueiraorn.com.br\/11o-seminario-de-meliponicultura-2025\/#breadcrumb","itemListElement":[{"@type":"ListItem","position":1,"name":"Home","item":"https:\/\/www.fazendaboqueiraorn.com.br\/"},{"@type":"ListItem","position":2,"name":"11\u00ba Semin\u00e1rio de Meliponicultura 2025"}]},{"@type":"WebSite","@id":"https:\/\/www.fazendaboqueiraorn.com.br\/#website","url":"https:\/\/www.fazendaboqueiraorn.com.br\/","name":"Fazenda Boqueir\u00e3o","description":"","publisher":{"@id":"https:\/\/www.fazendaboqueiraorn.com.br\/#organization"},"potentialAction":[{"@type":"SearchAction","target":{"@type":"EntryPoint","urlTemplate":"https:\/\/www.fazendaboqueiraorn.com.br\/?s={search_term_string}"},"query-input":{"@type":"PropertyValueSpecification","valueRequired":true,"valueName":"search_term_string"}}],"inLanguage":"en-US"},{"@type":"Organization","@id":"https:\/\/www.fazendaboqueiraorn.com.br\/#organization","name":"Fazenda Boqueir\u00e3o","url":"https:\/\/www.fazendaboqueiraorn.com.br\/","logo":{"@type":"ImageObject","inLanguage":"en-US","@id":"https:\/\/www.fazendaboqueiraorn.com.br\/#\/schema\/logo\/image\/","url":"https:\/\/i0.wp.com\/www.fazendaboqueiraorn.com.br\/wp-content\/uploads\/2021\/08\/logo-fazenda-120x120-1.png?fit=120%2C120&ssl=1","contentUrl":"https:\/\/i0.wp.com\/www.fazendaboqueiraorn.com.br\/wp-content\/uploads\/2021\/08\/logo-fazenda-120x120-1.png?fit=120%2C120&ssl=1","width":120,"height":120,"caption":"Fazenda Boqueir\u00e3o"},"image":{"@id":"https:\/\/www.fazendaboqueiraorn.com.br\/#\/schema\/logo\/image\/"},"sameAs":["https:\/\/www.facebook.com\/fazboqueirao","https:\/\/x.com\/FazBoqueirao","http:\/\/instagram.com\/fazboqueirao\/","https:\/\/www.linkedin.com\/company\/fazboqueirao\/","https:\/\/www.youtube.com\/channel\/UCUA4_8v8HkmMeNUh8c6Ky1Q"]},{"@type":"Person","@id":"https:\/\/www.fazendaboqueiraorn.com.br\/#\/schema\/person\/70484dc96f76e66c6365a9f4a2ebfb02","name":"Fazenda Boqueir\u00e3o","image":{"@type":"ImageObject","inLanguage":"en-US","@id":"https:\/\/secure.gravatar.com\/avatar\/19f19467ae305ded5d913deae2fb6c6f29fe88a0a7f3a4dca5679407289a9efd?s=96&d=mm&r=g","url":"https:\/\/secure.gravatar.com\/avatar\/19f19467ae305ded5d913deae2fb6c6f29fe88a0a7f3a4dca5679407289a9efd?s=96&d=mm&r=g","contentUrl":"https:\/\/secure.gravatar.com\/avatar\/19f19467ae305ded5d913deae2fb6c6f29fe88a0a7f3a4dca5679407289a9efd?s=96&d=mm&r=g","caption":"Fazenda Boqueir\u00e3o"},"url":"https:\/\/www.fazendaboqueiraorn.com.br\/en\/author\/fazenda\/"}]}},"jetpack_publicize_connections":[],"uagb_featured_image_src":{"full":["https:\/\/i0.wp.com\/www.fazendaboqueiraorn.com.br\/wp-content\/uploads\/2025\/05\/seminario-meliponicultura-2025.jpg?fit=1632%2C2048&ssl=1",1632,2048,false],"thumbnail":["https:\/\/i0.wp.com\/www.fazendaboqueiraorn.com.br\/wp-content\/uploads\/2025\/05\/seminario-meliponicultura-2025.jpg?resize=150%2C150&ssl=1",150,150,true],"medium":["https:\/\/i0.wp.com\/www.fazendaboqueiraorn.com.br\/wp-content\/uploads\/2025\/05\/seminario-meliponicultura-2025.jpg?fit=239%2C300&ssl=1",239,300,true],"medium_large":["https:\/\/i0.wp.com\/www.fazendaboqueiraorn.com.br\/wp-content\/uploads\/2025\/05\/seminario-meliponicultura-2025.jpg?fit=768%2C964&ssl=1",768,964,true],"large":["https:\/\/i0.wp.com\/www.fazendaboqueiraorn.com.br\/wp-content\/uploads\/2025\/05\/seminario-meliponicultura-2025.jpg?fit=816%2C1024&ssl=1",816,1024,true],"1536x1536":["https:\/\/i0.wp.com\/www.fazendaboqueiraorn.com.br\/wp-content\/uploads\/2025\/05\/seminario-meliponicultura-2025.jpg?fit=1224%2C1536&ssl=1",1224,1536,true],"2048x2048":["https:\/\/i0.wp.com\/www.fazendaboqueiraorn.com.br\/wp-content\/uploads\/2025\/05\/seminario-meliponicultura-2025.jpg?fit=1632%2C2048&ssl=1",1632,2048,true],"trp-custom-language-flag":["https:\/\/i0.wp.com\/www.fazendaboqueiraorn.com.br\/wp-content\/uploads\/2025\/05\/seminario-meliponicultura-2025.jpg?fit=10%2C12&ssl=1",10,12,true],"ultp_layout_landscape_large":["https:\/\/i0.wp.com\/www.fazendaboqueiraorn.com.br\/wp-content\/uploads\/2025\/05\/seminario-meliponicultura-2025.jpg?resize=1200%2C800&ssl=1",1200,800,true],"ultp_layout_landscape":["https:\/\/i0.wp.com\/www.fazendaboqueiraorn.com.br\/wp-content\/uploads\/2025\/05\/seminario-meliponicultura-2025.jpg?resize=870%2C570&ssl=1",870,570,true],"ultp_layout_portrait":["https:\/\/i0.wp.com\/www.fazendaboqueiraorn.com.br\/wp-content\/uploads\/2025\/05\/seminario-meliponicultura-2025.jpg?resize=600%2C900&ssl=1",600,900,true],"ultp_layout_square":["https:\/\/i0.wp.com\/www.fazendaboqueiraorn.com.br\/wp-content\/uploads\/2025\/05\/seminario-meliponicultura-2025.jpg?resize=600%2C600&ssl=1",600,600,true],"woocommerce_thumbnail":["https:\/\/www.fazendaboqueiraorn.com.br\/wp-content\/uploads\/2025\/05\/seminario-meliponicultura-2025-300x300.jpg",300,300,true],"woocommerce_single":["https:\/\/www.fazendaboqueiraorn.com.br\/wp-content\/uploads\/2025\/05\/seminario-meliponicultura-2025.jpg",600,753,false],"woocommerce_gallery_thumbnail":["https:\/\/www.fazendaboqueiraorn.com.br\/wp-content\/uploads\/2025\/05\/seminario-meliponicultura-2025-100x100.jpg",100,100,true],"web-stories-poster-portrait":["https:\/\/www.fazendaboqueiraorn.com.br\/wp-content\/uploads\/2025\/05\/seminario-meliponicultura-2025-640x853.jpg",640,853,true],"web-stories-publisher-logo":["https:\/\/www.fazendaboqueiraorn.com.br\/wp-content\/uploads\/2025\/05\/seminario-meliponicultura-2025-96x96.jpg",96,96,true],"web-stories-thumbnail":["https:\/\/www.fazendaboqueiraorn.com.br\/wp-content\/uploads\/2025\/05\/seminario-meliponicultura-2025-150x188.jpg",150,188,true]},"uagb_author_info":{"display_name":"Fazenda Boqueir\u00e3o","author_link":"https:\/\/www.fazendaboqueiraorn.com.br\/en\/author\/fazenda\/"},"uagb_comment_info":0,"uagb_excerpt":"O 11\u00ba Semin\u00e1rio de Meliponicultura 2025 e 3\u00ba Encontro de meliponicultures do Serid\u00f3 ocorrer\u00e1 dia 24 de maio em Gargalheiras com o tema Profissionaliza\u00e7\u00e3o da meliponicultura no Serid\u00f3.","jetpack_featured_media_url":"https:\/\/i0.wp.com\/www.fazendaboqueiraorn.com.br\/wp-content\/uploads\/2025\/05\/seminario-meliponicultura-2025.jpg?fit=1632%2C2048&ssl=1","jetpack_sharing_enabled":true,"jetpack_likes_enabled":true,"_links":{"self":[{"href":"https:\/\/www.fazendaboqueiraorn.com.br\/en\/wp-json\/wp\/v2\/posts\/7665","targetHints":{"allow":["GET"]}}],"collection":[{"href":"https:\/\/www.fazendaboqueiraorn.com.br\/en\/wp-json\/wp\/v2\/posts"}],"about":[{"href":"https:\/\/www.fazendaboqueiraorn.com.br\/en\/wp-json\/wp\/v2\/types\/post"}],"author":[{"embeddable":true,"href":"https:\/\/www.fazendaboqueiraorn.com.br\/en\/wp-json\/wp\/v2\/users\/2"}],"replies":[{"embeddable":true,"href":"https:\/\/www.fazendaboqueiraorn.com.br\/en\/wp-json\/wp\/v2\/comments?post=7665"}],"version-history":[{"count":2,"href":"https:\/\/www.fazendaboqueiraorn.com.br\/en\/wp-json\/wp\/v2\/posts\/7665\/revisions"}],"predecessor-version":[{"id":7682,"href":"https:\/\/www.fazendaboqueiraorn.com.br\/en\/wp-json\/wp\/v2\/posts\/7665\/revisions\/7682"}],"wp:featuredmedia":[{"embeddable":true,"href":"https:\/\/www.fazendaboqueiraorn.com.br\/en\/wp-json\/wp\/v2\/media\/7667"}],"wp:attachment":[{"href":"https:\/\/www.fazendaboqueiraorn.com.br\/en\/wp-json\/wp\/v2\/media?parent=7665"}],"wp:term":[{"taxonomy":"category","embeddable":true,"href":"https:\/\/www.fazendaboqueiraorn.com.br\/en\/wp-json\/wp\/v2\/categories?post=7665"},{"taxonomy":"post_tag","embeddable":true,"href":"https:\/\/www.fazendaboqueiraorn.com.br\/en\/wp-json\/wp\/v2\/tags?post=7665"}],"curies":[{"name":"wp","href":"https:\/\/api.w.org\/{rel}","templated":true}]}}