{"id":75,"date":"2021-07-31T13:55:46","date_gmt":"2021-07-31T16:55:46","guid":{"rendered":"http:\/\/www.fazendaboqueiraorn.com.br\/?p=75"},"modified":"2021-08-02T09:27:15","modified_gmt":"2021-08-02T12:27:15","slug":"nossa-senhora-do-perpetuo-socorro","status":"publish","type":"post","link":"https:\/\/www.fazendaboqueiraorn.com.br\/en\/nossa-senhora-do-perpetuo-socorro\/","title":{"rendered":"Nossa Senhora do Perp\u00e9tuo Socorro"},"content":{"rendered":"<p>A padroeira da cidade de Barcelona\/RN \u00e9 Nossa Senhora do Perp\u00e9tuo Socorro, cujo dia \u00e9 comemorado em 2 de agosto, data em que chegou ao pequeno povoado a imagem da santa trazida pelo filho do fundador do lugar, Jos\u00e9 Maria do Nascimento. A escolha foi feita em 1918 por indica\u00e7\u00e3o do Padre C\u00edcero em Juazeiro. Foi dele tamb\u00e9m a sugest\u00e3o sobre qual deveria ser o dia da feira semanal, isto \u00e9, segunda-feira.<\/p>\n\n\n<figure class=\"aligncenter wp-block-post-featured-image\"><img data-recalc-dims=\"1\" decoding=\"async\" loading=\"lazy\" width=\"149\" height=\"225\" src=\"https:\/\/i0.wp.com\/www.fazendaboqueiraorn.com.br\/wp-content\/uploads\/2021\/07\/nossasenhoradoperpetuosocorro.jpg?resize=149%2C225&#038;ssl=1\" class=\"attachment-post-thumbnail size-post-thumbnail wp-post-image\" alt=\"\" style=\"object-fit:cover;\" \/><\/figure>\n\n\n<p>Nossa Senhora do Perp\u00e9tuo Socorro \u00e9 um t\u00edtulo conferido a Maria, m\u00e3e de Jesus, representada principalmente em um famoso \u00edcone de estilo bizantino acima desde 1865 em Roma, na Igreja de Santo Afonso de Lig\u00f3rio no Esquilino, dos redentoristas, na Via Merulana. No cristianismo oriental \u00e9 conhecida tamb\u00e9m como M\u00e3e de Deus da Paix\u00e3o, ou ainda, a Virgem da Paix\u00e3o. <\/p>\n\n\n\n<p>O \u00edcone \u00e9 uma variante do tipo Hodeg\u00e9tria cuja representa\u00e7\u00e3o cl\u00e1ssica \u00e9 Maria em posi\u00e7\u00e3o frontal, num bra\u00e7o ela porta Jesus que aben\u00e7oa e, com o outro, o aponta para quem, olha para o quadro, aludindo no gesto \u00e0 frase \u201c\u00e9 ele o caminho\u201d. Na representa\u00e7\u00e3o da Virgem da Paix\u00e3o, os arcanjos Gabriel (manto lil\u00e1s) e Miguel (manto verde), na parte superior, de um lado e do outro de Maria, apresentam os instrumentos da paix\u00e3o. Um dos arcanjos segura a cruz e os cravos que perfuraram os p\u00e9s e as m\u00e3os de Jesus e o outro a lan\u00e7a e a cana com uma esponja na ponta ensopada de vinagre e bile (Jo\u00e3o 19:29). Ao ver estes instrumentos, o menino se assusta e agarra-se \u00e0 m\u00e3e, enquanto uma sand\u00e1lia lhe cai do p\u00e9.<\/p>\n\n\n\n<p>Sobre as figuras no retrato, est\u00e3o algumas letras gregas. As letras \u201cIC XC\u201d s\u00e3o a abreviatura do nome \u201cJesus Cristo\u201d e \u201cMP \u00d8Y\u201d s\u00e3o a abreviatura de \u201cM\u00e3e de Deus\u201d. As letras que est\u00e3o abaixo dos arcanjos correspondem \u00e0 abreviatura de seus nomes.<\/p>","protected":false},"excerpt":{"rendered":"<p>A padroeira da cidade de Barcelona\/RN \u00e9 Nossa Senhora do Perp\u00e9tuo Socorro, cujo dia \u00e9 comemorado em 2 de agosto, data em que chegou ao pequeno povoado a imagem da santa trazida pelo filho do fundador do lugar, Jos\u00e9 Maria do Nascimento. <\/p>","protected":false},"author":2,"featured_media":81,"comment_status":"open","ping_status":"open","sticky":false,"template":"","format":"standard","meta":{"nf_dc_page":"","_uag_custom_page_level_css":"","site-sidebar-layout":"default","site-content-layout":"","ast-site-content-layout":"default","site-content-style":"default","site-sidebar-style":"default","ast-global-header-display":"","ast-banner-title-visibility":"","ast-main-header-display":"","ast-hfb-above-header-display":"","ast-hfb-below-header-display":"","ast-hfb-mobile-header-display":"","site-post-title":"","ast-breadcrumbs-content":"","ast-featured-img":"","footer-sml-layout":"","ast-disable-related-posts":"","theme-transparent-header-meta":"","adv-header-id-meta":"","stick-header-meta":"","header-above-stick-meta":"","header-main-stick-meta":"","header-below-stick-meta":"","astra-migrate-meta-layouts":"default","ast-page-background-enabled":"default","ast-page-background-meta":{"desktop":{"background-color":"var(--ast-global-color-4)","background-image":"","background-repeat":"repeat","background-position":"center center","background-size":"auto","background-attachment":"scroll","background-type":"","background-media":"","overlay-type":"","overlay-color":"","overlay-opacity":"","overlay-gradient":""},"tablet":{"background-color":"","background-image":"","background-repeat":"repeat","background-position":"center center","background-size":"auto","background-attachment":"scroll","background-type":"","background-media":"","overlay-type":"","overlay-color":"","overlay-opacity":"","overlay-gradient":""},"mobile":{"background-color":"","background-image":"","background-repeat":"repeat","background-position":"center center","background-size":"auto","background-attachment":"scroll","background-type":"","background-media":"","overlay-type":"","overlay-color":"","overlay-opacity":"","overlay-gradient":""}},"ast-content-background-meta":{"desktop":{"background-color":"var(--ast-global-color-5)","background-image":"","background-repeat":"repeat","background-position":"center center","background-size":"auto","background-attachment":"scroll","background-type":"","background-media":"","overlay-type":"","overlay-color":"","overlay-opacity":"","overlay-gradient":""},"tablet":{"background-color":"var(--ast-global-color-5)","background-image":"","background-repeat":"repeat","background-position":"center center","background-size":"auto","background-attachment":"scroll","background-type":"","background-media":"","overlay-type":"","overlay-color":"","overlay-opacity":"","overlay-gradient":""},"mobile":{"background-color":"var(--ast-global-color-5)","background-image":"","background-repeat":"repeat","background-position":"center center","background-size":"auto","background-attachment":"scroll","background-type":"","background-media":"","overlay-type":"","overlay-color":"","overlay-opacity":"","overlay-gradient":""}},"jetpack_post_was_ever_published":false,"_jetpack_newsletter_access":"","_jetpack_dont_email_post_to_subs":false,"_jetpack_newsletter_tier_id":0,"_jetpack_memberships_contains_paywalled_content":false,"_jetpack_memberships_contains_paid_content":false,"footnotes":"","jetpack_publicize_message":"","jetpack_publicize_feature_enabled":true,"jetpack_social_post_already_shared":false,"jetpack_social_options":{"image_generator_settings":{"template":"highway","default_image_id":0,"font":"","enabled":false},"version":2}},"categories":[1],"tags":[14,15,13,61,16,12],"class_list":["post-75","post","type-post","status-publish","format-standard","has-post-thumbnail","hentry","category-noticia","tag-02-de-agosto","tag-15","tag-barcelona","tag-dia-d","tag-nossa-senhora-do-perpetuo-socorro","tag-padroeira"],"yoast_head":"<!-- This site is optimized with the Yoast SEO plugin v27.5 - https:\/\/yoast.com\/product\/yoast-seo-wordpress\/ -->\n<title>Nossa Senhora do Perp\u00e9tuo Socorro - Fazenda Boqueir\u00e3o<\/title>\n<meta name=\"description\" content=\"A padroeira da cidade de Barcelona\/RN \u00e9 Nossa Senhora do Perp\u00e9tuo Socorro, cujo dia \u00e9 comemorado em 2 de agosto, data em que chegou ao pequeno povoado a imagem da santa trazida pelo filho do fundador do lugar, Jos\u00e9 Maria do Nascimento.\" \/>\n<meta name=\"robots\" content=\"index, follow, max-snippet:-1, max-image-preview:large, max-video-preview:-1\" \/>\n<link rel=\"canonical\" href=\"https:\/\/www.fazendaboqueiraorn.com.br\/en\/nossa-senhora-do-perpetuo-socorro\/\" \/>\n<meta property=\"og:locale\" content=\"en_US\" \/>\n<meta property=\"og:type\" content=\"article\" \/>\n<meta property=\"og:title\" content=\"Nossa Senhora do Perp\u00e9tuo Socorro - Fazenda Boqueir\u00e3o\" \/>\n<meta property=\"og:description\" content=\"A padroeira da cidade de Barcelona\/RN \u00e9 Nossa Senhora do Perp\u00e9tuo Socorro, cujo dia \u00e9 comemorado em 2 de agosto, data em que chegou ao pequeno povoado a imagem da santa trazida pelo filho do fundador do lugar, Jos\u00e9 Maria do Nascimento.\" \/>\n<meta property=\"og:url\" content=\"https:\/\/www.fazendaboqueiraorn.com.br\/en\/nossa-senhora-do-perpetuo-socorro\/\" \/>\n<meta property=\"og:site_name\" content=\"Fazenda Boqueir\u00e3o\" \/>\n<meta property=\"article:publisher\" content=\"https:\/\/www.facebook.com\/fazboqueirao\" \/>\n<meta property=\"article:published_time\" content=\"2021-07-31T16:55:46+00:00\" \/>\n<meta property=\"article:modified_time\" content=\"2021-08-02T12:27:15+00:00\" \/>\n<meta property=\"og:image\" content=\"https:\/\/i0.wp.com\/www.fazendaboqueiraorn.com.br\/wp-content\/uploads\/2021\/07\/nossasenhoradoperpetuosocorro.jpg?fit=149%2C225&ssl=1\" \/>\n\t<meta property=\"og:image:width\" content=\"149\" \/>\n\t<meta property=\"og:image:height\" content=\"225\" \/>\n\t<meta property=\"og:image:type\" content=\"image\/jpeg\" \/>\n<meta name=\"author\" content=\"Fazenda Boqueir\u00e3o\" \/>\n<meta name=\"twitter:card\" content=\"summary_large_image\" \/>\n<meta name=\"twitter:creator\" content=\"@FazBoqueirao\" \/>\n<meta name=\"twitter:site\" content=\"@FazBoqueirao\" \/>\n<meta name=\"twitter:label1\" content=\"Written by\" \/>\n\t<meta name=\"twitter:data1\" content=\"Fazenda Boqueir\u00e3o\" \/>\n\t<meta name=\"twitter:label2\" content=\"Est. reading time\" \/>\n\t<meta name=\"twitter:data2\" content=\"2 minutes\" \/>\n<script type=\"application\/ld+json\" class=\"yoast-schema-graph\">{\"@context\":\"https:\\\/\\\/schema.org\",\"@graph\":[{\"@type\":\"Article\",\"@id\":\"https:\\\/\\\/www.fazendaboqueiraorn.com.br\\\/nossa-senhora-do-perpetuo-socorro\\\/#article\",\"isPartOf\":{\"@id\":\"https:\\\/\\\/www.fazendaboqueiraorn.com.br\\\/nossa-senhora-do-perpetuo-socorro\\\/\"},\"author\":{\"name\":\"Fazenda Boqueir\u00e3o\",\"@id\":\"https:\\\/\\\/www.fazendaboqueiraorn.com.br\\\/#\\\/schema\\\/person\\\/70484dc96f76e66c6365a9f4a2ebfb02\"},\"headline\":\"Nossa Senhora do Perp\u00e9tuo Socorro\",\"datePublished\":\"2021-07-31T16:55:46+00:00\",\"dateModified\":\"2021-08-02T12:27:15+00:00\",\"mainEntityOfPage\":{\"@id\":\"https:\\\/\\\/www.fazendaboqueiraorn.com.br\\\/nossa-senhora-do-perpetuo-socorro\\\/\"},\"wordCount\":333,\"commentCount\":1,\"publisher\":{\"@id\":\"https:\\\/\\\/www.fazendaboqueiraorn.com.br\\\/#organization\"},\"image\":{\"@id\":\"https:\\\/\\\/www.fazendaboqueiraorn.com.br\\\/nossa-senhora-do-perpetuo-socorro\\\/#primaryimage\"},\"thumbnailUrl\":\"https:\\\/\\\/i0.wp.com\\\/www.fazendaboqueiraorn.com.br\\\/wp-content\\\/uploads\\\/2021\\\/07\\\/nossasenhoradoperpetuosocorro.jpg?fit=149%2C225&ssl=1\",\"keywords\":[\"02 de agosto\",\"1918\",\"Barcelona\",\"Dia D\",\"Nossa Senhora do Perp\u00e9tuo Socorro\",\"padroeira\"],\"articleSection\":[\"Not\u00edcias\"],\"inLanguage\":\"en-US\",\"potentialAction\":[{\"@type\":\"CommentAction\",\"name\":\"Comment\",\"target\":[\"https:\\\/\\\/www.fazendaboqueiraorn.com.br\\\/nossa-senhora-do-perpetuo-socorro\\\/#respond\"]}]},{\"@type\":\"WebPage\",\"@id\":\"https:\\\/\\\/www.fazendaboqueiraorn.com.br\\\/nossa-senhora-do-perpetuo-socorro\\\/\",\"url\":\"https:\\\/\\\/www.fazendaboqueiraorn.com.br\\\/nossa-senhora-do-perpetuo-socorro\\\/\",\"name\":\"Nossa Senhora do Perp\u00e9tuo Socorro - Fazenda Boqueir\u00e3o\",\"isPartOf\":{\"@id\":\"https:\\\/\\\/www.fazendaboqueiraorn.com.br\\\/#website\"},\"primaryImageOfPage\":{\"@id\":\"https:\\\/\\\/www.fazendaboqueiraorn.com.br\\\/nossa-senhora-do-perpetuo-socorro\\\/#primaryimage\"},\"image\":{\"@id\":\"https:\\\/\\\/www.fazendaboqueiraorn.com.br\\\/nossa-senhora-do-perpetuo-socorro\\\/#primaryimage\"},\"thumbnailUrl\":\"https:\\\/\\\/i0.wp.com\\\/www.fazendaboqueiraorn.com.br\\\/wp-content\\\/uploads\\\/2021\\\/07\\\/nossasenhoradoperpetuosocorro.jpg?fit=149%2C225&ssl=1\",\"datePublished\":\"2021-07-31T16:55:46+00:00\",\"dateModified\":\"2021-08-02T12:27:15+00:00\",\"description\":\"A padroeira da cidade de Barcelona\\\/RN \u00e9 Nossa Senhora do Perp\u00e9tuo Socorro, cujo dia \u00e9 comemorado em 2 de agosto, data em que chegou ao pequeno povoado a imagem da santa trazida pelo filho do fundador do lugar, Jos\u00e9 Maria do Nascimento.\",\"breadcrumb\":{\"@id\":\"https:\\\/\\\/www.fazendaboqueiraorn.com.br\\\/nossa-senhora-do-perpetuo-socorro\\\/#breadcrumb\"},\"inLanguage\":\"en-US\",\"potentialAction\":[{\"@type\":\"ReadAction\",\"target\":[\"https:\\\/\\\/www.fazendaboqueiraorn.com.br\\\/nossa-senhora-do-perpetuo-socorro\\\/\"]}]},{\"@type\":\"ImageObject\",\"inLanguage\":\"en-US\",\"@id\":\"https:\\\/\\\/www.fazendaboqueiraorn.com.br\\\/nossa-senhora-do-perpetuo-socorro\\\/#primaryimage\",\"url\":\"https:\\\/\\\/i0.wp.com\\\/www.fazendaboqueiraorn.com.br\\\/wp-content\\\/uploads\\\/2021\\\/07\\\/nossasenhoradoperpetuosocorro.jpg?fit=149%2C225&ssl=1\",\"contentUrl\":\"https:\\\/\\\/i0.wp.com\\\/www.fazendaboqueiraorn.com.br\\\/wp-content\\\/uploads\\\/2021\\\/07\\\/nossasenhoradoperpetuosocorro.jpg?fit=149%2C225&ssl=1\",\"width\":149,\"height\":225},{\"@type\":\"BreadcrumbList\",\"@id\":\"https:\\\/\\\/www.fazendaboqueiraorn.com.br\\\/nossa-senhora-do-perpetuo-socorro\\\/#breadcrumb\",\"itemListElement\":[{\"@type\":\"ListItem\",\"position\":1,\"name\":\"Home\",\"item\":\"https:\\\/\\\/www.fazendaboqueiraorn.com.br\\\/\"},{\"@type\":\"ListItem\",\"position\":2,\"name\":\"Nossa Senhora do Perp\u00e9tuo Socorro\"}]},{\"@type\":\"WebSite\",\"@id\":\"https:\\\/\\\/www.fazendaboqueiraorn.com.br\\\/#website\",\"url\":\"https:\\\/\\\/www.fazendaboqueiraorn.com.br\\\/\",\"name\":\"Fazenda Boqueir\u00e3o\",\"description\":\"\",\"publisher\":{\"@id\":\"https:\\\/\\\/www.fazendaboqueiraorn.com.br\\\/#organization\"},\"potentialAction\":[{\"@type\":\"SearchAction\",\"target\":{\"@type\":\"EntryPoint\",\"urlTemplate\":\"https:\\\/\\\/www.fazendaboqueiraorn.com.br\\\/?s={search_term_string}\"},\"query-input\":{\"@type\":\"PropertyValueSpecification\",\"valueRequired\":true,\"valueName\":\"search_term_string\"}}],\"inLanguage\":\"en-US\"},{\"@type\":\"Organization\",\"@id\":\"https:\\\/\\\/www.fazendaboqueiraorn.com.br\\\/#organization\",\"name\":\"Fazenda Boqueir\u00e3o\",\"url\":\"https:\\\/\\\/www.fazendaboqueiraorn.com.br\\\/\",\"logo\":{\"@type\":\"ImageObject\",\"inLanguage\":\"en-US\",\"@id\":\"https:\\\/\\\/www.fazendaboqueiraorn.com.br\\\/#\\\/schema\\\/logo\\\/image\\\/\",\"url\":\"https:\\\/\\\/i0.wp.com\\\/www.fazendaboqueiraorn.com.br\\\/wp-content\\\/uploads\\\/2021\\\/08\\\/logo-fazenda-120x120-1.png?fit=120%2C120&ssl=1\",\"contentUrl\":\"https:\\\/\\\/i0.wp.com\\\/www.fazendaboqueiraorn.com.br\\\/wp-content\\\/uploads\\\/2021\\\/08\\\/logo-fazenda-120x120-1.png?fit=120%2C120&ssl=1\",\"width\":120,\"height\":120,\"caption\":\"Fazenda Boqueir\u00e3o\"},\"image\":{\"@id\":\"https:\\\/\\\/www.fazendaboqueiraorn.com.br\\\/#\\\/schema\\\/logo\\\/image\\\/\"},\"sameAs\":[\"https:\\\/\\\/www.facebook.com\\\/fazboqueirao\",\"https:\\\/\\\/x.com\\\/FazBoqueirao\",\"http:\\\/\\\/instagram.com\\\/fazboqueirao\\\/\",\"https:\\\/\\\/www.linkedin.com\\\/company\\\/fazboqueirao\\\/\",\"https:\\\/\\\/www.youtube.com\\\/channel\\\/UCUA4_8v8HkmMeNUh8c6Ky1Q\"]},{\"@type\":\"Person\",\"@id\":\"https:\\\/\\\/www.fazendaboqueiraorn.com.br\\\/#\\\/schema\\\/person\\\/70484dc96f76e66c6365a9f4a2ebfb02\",\"name\":\"Fazenda Boqueir\u00e3o\",\"image\":{\"@type\":\"ImageObject\",\"inLanguage\":\"en-US\",\"@id\":\"https:\\\/\\\/secure.gravatar.com\\\/avatar\\\/19f19467ae305ded5d913deae2fb6c6f29fe88a0a7f3a4dca5679407289a9efd?s=96&d=mm&r=g\",\"url\":\"https:\\\/\\\/secure.gravatar.com\\\/avatar\\\/19f19467ae305ded5d913deae2fb6c6f29fe88a0a7f3a4dca5679407289a9efd?s=96&d=mm&r=g\",\"contentUrl\":\"https:\\\/\\\/secure.gravatar.com\\\/avatar\\\/19f19467ae305ded5d913deae2fb6c6f29fe88a0a7f3a4dca5679407289a9efd?s=96&d=mm&r=g\",\"caption\":\"Fazenda Boqueir\u00e3o\"},\"url\":\"https:\\\/\\\/www.fazendaboqueiraorn.com.br\\\/en\\\/author\\\/fazenda\\\/\"}]}<\/script>\n<!-- \/ Yoast SEO plugin. -->","yoast_head_json":{"title":"Nossa Senhora do Perp\u00e9tuo Socorro - Fazenda Boqueir\u00e3o","description":"A padroeira da cidade de Barcelona\/RN \u00e9 Nossa Senhora do Perp\u00e9tuo Socorro, cujo dia \u00e9 comemorado em 2 de agosto, data em que chegou ao pequeno povoado a imagem da santa trazida pelo filho do fundador do lugar, Jos\u00e9 Maria do Nascimento.","robots":{"index":"index","follow":"follow","max-snippet":"max-snippet:-1","max-image-preview":"max-image-preview:large","max-video-preview":"max-video-preview:-1"},"canonical":"https:\/\/www.fazendaboqueiraorn.com.br\/en\/nossa-senhora-do-perpetuo-socorro\/","og_locale":"en_US","og_type":"article","og_title":"Nossa Senhora do Perp\u00e9tuo Socorro - Fazenda Boqueir\u00e3o","og_description":"A padroeira da cidade de Barcelona\/RN \u00e9 Nossa Senhora do Perp\u00e9tuo Socorro, cujo dia \u00e9 comemorado em 2 de agosto, data em que chegou ao pequeno povoado a imagem da santa trazida pelo filho do fundador do lugar, Jos\u00e9 Maria do Nascimento.","og_url":"https:\/\/www.fazendaboqueiraorn.com.br\/en\/nossa-senhora-do-perpetuo-socorro\/","og_site_name":"Fazenda Boqueir\u00e3o","article_publisher":"https:\/\/www.facebook.com\/fazboqueirao","article_published_time":"2021-07-31T16:55:46+00:00","article_modified_time":"2021-08-02T12:27:15+00:00","og_image":[{"width":149,"height":225,"url":"https:\/\/i0.wp.com\/www.fazendaboqueiraorn.com.br\/wp-content\/uploads\/2021\/07\/nossasenhoradoperpetuosocorro.jpg?fit=149%2C225&ssl=1","type":"image\/jpeg"}],"author":"Fazenda Boqueir\u00e3o","twitter_card":"summary_large_image","twitter_creator":"@FazBoqueirao","twitter_site":"@FazBoqueirao","twitter_misc":{"Written by":"Fazenda Boqueir\u00e3o","Est. reading time":"2 minutes"},"schema":{"@context":"https:\/\/schema.org","@graph":[{"@type":"Article","@id":"https:\/\/www.fazendaboqueiraorn.com.br\/nossa-senhora-do-perpetuo-socorro\/#article","isPartOf":{"@id":"https:\/\/www.fazendaboqueiraorn.com.br\/nossa-senhora-do-perpetuo-socorro\/"},"author":{"name":"Fazenda Boqueir\u00e3o","@id":"https:\/\/www.fazendaboqueiraorn.com.br\/#\/schema\/person\/70484dc96f76e66c6365a9f4a2ebfb02"},"headline":"Nossa Senhora do Perp\u00e9tuo Socorro","datePublished":"2021-07-31T16:55:46+00:00","dateModified":"2021-08-02T12:27:15+00:00","mainEntityOfPage":{"@id":"https:\/\/www.fazendaboqueiraorn.com.br\/nossa-senhora-do-perpetuo-socorro\/"},"wordCount":333,"commentCount":1,"publisher":{"@id":"https:\/\/www.fazendaboqueiraorn.com.br\/#organization"},"image":{"@id":"https:\/\/www.fazendaboqueiraorn.com.br\/nossa-senhora-do-perpetuo-socorro\/#primaryimage"},"thumbnailUrl":"https:\/\/i0.wp.com\/www.fazendaboqueiraorn.com.br\/wp-content\/uploads\/2021\/07\/nossasenhoradoperpetuosocorro.jpg?fit=149%2C225&ssl=1","keywords":["02 de agosto","1918","Barcelona","Dia D","Nossa Senhora do Perp\u00e9tuo Socorro","padroeira"],"articleSection":["Not\u00edcias"],"inLanguage":"en-US","potentialAction":[{"@type":"CommentAction","name":"Comment","target":["https:\/\/www.fazendaboqueiraorn.com.br\/nossa-senhora-do-perpetuo-socorro\/#respond"]}]},{"@type":"WebPage","@id":"https:\/\/www.fazendaboqueiraorn.com.br\/nossa-senhora-do-perpetuo-socorro\/","url":"https:\/\/www.fazendaboqueiraorn.com.br\/nossa-senhora-do-perpetuo-socorro\/","name":"Nossa Senhora do Perp\u00e9tuo Socorro - Fazenda Boqueir\u00e3o","isPartOf":{"@id":"https:\/\/www.fazendaboqueiraorn.com.br\/#website"},"primaryImageOfPage":{"@id":"https:\/\/www.fazendaboqueiraorn.com.br\/nossa-senhora-do-perpetuo-socorro\/#primaryimage"},"image":{"@id":"https:\/\/www.fazendaboqueiraorn.com.br\/nossa-senhora-do-perpetuo-socorro\/#primaryimage"},"thumbnailUrl":"https:\/\/i0.wp.com\/www.fazendaboqueiraorn.com.br\/wp-content\/uploads\/2021\/07\/nossasenhoradoperpetuosocorro.jpg?fit=149%2C225&ssl=1","datePublished":"2021-07-31T16:55:46+00:00","dateModified":"2021-08-02T12:27:15+00:00","description":"A padroeira da cidade de Barcelona\/RN \u00e9 Nossa Senhora do Perp\u00e9tuo Socorro, cujo dia \u00e9 comemorado em 2 de agosto, data em que chegou ao pequeno povoado a imagem da santa trazida pelo filho do fundador do lugar, Jos\u00e9 Maria do Nascimento.","breadcrumb":{"@id":"https:\/\/www.fazendaboqueiraorn.com.br\/nossa-senhora-do-perpetuo-socorro\/#breadcrumb"},"inLanguage":"en-US","potentialAction":[{"@type":"ReadAction","target":["https:\/\/www.fazendaboqueiraorn.com.br\/nossa-senhora-do-perpetuo-socorro\/"]}]},{"@type":"ImageObject","inLanguage":"en-US","@id":"https:\/\/www.fazendaboqueiraorn.com.br\/nossa-senhora-do-perpetuo-socorro\/#primaryimage","url":"https:\/\/i0.wp.com\/www.fazendaboqueiraorn.com.br\/wp-content\/uploads\/2021\/07\/nossasenhoradoperpetuosocorro.jpg?fit=149%2C225&ssl=1","contentUrl":"https:\/\/i0.wp.com\/www.fazendaboqueiraorn.com.br\/wp-content\/uploads\/2021\/07\/nossasenhoradoperpetuosocorro.jpg?fit=149%2C225&ssl=1","width":149,"height":225},{"@type":"BreadcrumbList","@id":"https:\/\/www.fazendaboqueiraorn.com.br\/nossa-senhora-do-perpetuo-socorro\/#breadcrumb","itemListElement":[{"@type":"ListItem","position":1,"name":"Home","item":"https:\/\/www.fazendaboqueiraorn.com.br\/"},{"@type":"ListItem","position":2,"name":"Nossa Senhora do Perp\u00e9tuo Socorro"}]},{"@type":"WebSite","@id":"https:\/\/www.fazendaboqueiraorn.com.br\/#website","url":"https:\/\/www.fazendaboqueiraorn.com.br\/","name":"Fazenda Boqueir\u00e3o","description":"","publisher":{"@id":"https:\/\/www.fazendaboqueiraorn.com.br\/#organization"},"potentialAction":[{"@type":"SearchAction","target":{"@type":"EntryPoint","urlTemplate":"https:\/\/www.fazendaboqueiraorn.com.br\/?s={search_term_string}"},"query-input":{"@type":"PropertyValueSpecification","valueRequired":true,"valueName":"search_term_string"}}],"inLanguage":"en-US"},{"@type":"Organization","@id":"https:\/\/www.fazendaboqueiraorn.com.br\/#organization","name":"Fazenda Boqueir\u00e3o","url":"https:\/\/www.fazendaboqueiraorn.com.br\/","logo":{"@type":"ImageObject","inLanguage":"en-US","@id":"https:\/\/www.fazendaboqueiraorn.com.br\/#\/schema\/logo\/image\/","url":"https:\/\/i0.wp.com\/www.fazendaboqueiraorn.com.br\/wp-content\/uploads\/2021\/08\/logo-fazenda-120x120-1.png?fit=120%2C120&ssl=1","contentUrl":"https:\/\/i0.wp.com\/www.fazendaboqueiraorn.com.br\/wp-content\/uploads\/2021\/08\/logo-fazenda-120x120-1.png?fit=120%2C120&ssl=1","width":120,"height":120,"caption":"Fazenda Boqueir\u00e3o"},"image":{"@id":"https:\/\/www.fazendaboqueiraorn.com.br\/#\/schema\/logo\/image\/"},"sameAs":["https:\/\/www.facebook.com\/fazboqueirao","https:\/\/x.com\/FazBoqueirao","http:\/\/instagram.com\/fazboqueirao\/","https:\/\/www.linkedin.com\/company\/fazboqueirao\/","https:\/\/www.youtube.com\/channel\/UCUA4_8v8HkmMeNUh8c6Ky1Q"]},{"@type":"Person","@id":"https:\/\/www.fazendaboqueiraorn.com.br\/#\/schema\/person\/70484dc96f76e66c6365a9f4a2ebfb02","name":"Fazenda Boqueir\u00e3o","image":{"@type":"ImageObject","inLanguage":"en-US","@id":"https:\/\/secure.gravatar.com\/avatar\/19f19467ae305ded5d913deae2fb6c6f29fe88a0a7f3a4dca5679407289a9efd?s=96&d=mm&r=g","url":"https:\/\/secure.gravatar.com\/avatar\/19f19467ae305ded5d913deae2fb6c6f29fe88a0a7f3a4dca5679407289a9efd?s=96&d=mm&r=g","contentUrl":"https:\/\/secure.gravatar.com\/avatar\/19f19467ae305ded5d913deae2fb6c6f29fe88a0a7f3a4dca5679407289a9efd?s=96&d=mm&r=g","caption":"Fazenda Boqueir\u00e3o"},"url":"https:\/\/www.fazendaboqueiraorn.com.br\/en\/author\/fazenda\/"}]}},"jetpack_publicize_connections":[],"uagb_featured_image_src":{"full":["https:\/\/i0.wp.com\/www.fazendaboqueiraorn.com.br\/wp-content\/uploads\/2021\/07\/nossasenhoradoperpetuosocorro.jpg?fit=149%2C225&ssl=1",149,225,false],"thumbnail":["https:\/\/i0.wp.com\/www.fazendaboqueiraorn.com.br\/wp-content\/uploads\/2021\/07\/nossasenhoradoperpetuosocorro.jpg?resize=149%2C150&ssl=1",149,150,true],"medium":["https:\/\/i0.wp.com\/www.fazendaboqueiraorn.com.br\/wp-content\/uploads\/2021\/07\/nossasenhoradoperpetuosocorro.jpg?fit=149%2C225&ssl=1",149,225,true],"medium_large":["https:\/\/i0.wp.com\/www.fazendaboqueiraorn.com.br\/wp-content\/uploads\/2021\/07\/nossasenhoradoperpetuosocorro.jpg?fit=149%2C225&ssl=1",149,225,true],"large":["https:\/\/i0.wp.com\/www.fazendaboqueiraorn.com.br\/wp-content\/uploads\/2021\/07\/nossasenhoradoperpetuosocorro.jpg?fit=149%2C225&ssl=1",149,225,true],"1536x1536":["https:\/\/i0.wp.com\/www.fazendaboqueiraorn.com.br\/wp-content\/uploads\/2021\/07\/nossasenhoradoperpetuosocorro.jpg?fit=149%2C225&ssl=1",149,225,true],"2048x2048":["https:\/\/i0.wp.com\/www.fazendaboqueiraorn.com.br\/wp-content\/uploads\/2021\/07\/nossasenhoradoperpetuosocorro.jpg?fit=149%2C225&ssl=1",149,225,true],"trp-custom-language-flag":["https:\/\/i0.wp.com\/www.fazendaboqueiraorn.com.br\/wp-content\/uploads\/2021\/07\/nossasenhoradoperpetuosocorro.jpg?fit=8%2C12&ssl=1",8,12,true],"ultp_layout_landscape_large":["https:\/\/i0.wp.com\/www.fazendaboqueiraorn.com.br\/wp-content\/uploads\/2021\/07\/nossasenhoradoperpetuosocorro.jpg?resize=149%2C225&ssl=1",149,225,true],"ultp_layout_landscape":["https:\/\/i0.wp.com\/www.fazendaboqueiraorn.com.br\/wp-content\/uploads\/2021\/07\/nossasenhoradoperpetuosocorro.jpg?resize=149%2C225&ssl=1",149,225,true],"ultp_layout_portrait":["https:\/\/i0.wp.com\/www.fazendaboqueiraorn.com.br\/wp-content\/uploads\/2021\/07\/nossasenhoradoperpetuosocorro.jpg?resize=149%2C225&ssl=1",149,225,true],"ultp_layout_square":["https:\/\/i0.wp.com\/www.fazendaboqueiraorn.com.br\/wp-content\/uploads\/2021\/07\/nossasenhoradoperpetuosocorro.jpg?resize=149%2C225&ssl=1",149,225,true],"woocommerce_thumbnail":["https:\/\/www.fazendaboqueiraorn.com.br\/wp-content\/uploads\/2021\/07\/nossasenhoradoperpetuosocorro.jpg",149,225,false],"woocommerce_single":["https:\/\/www.fazendaboqueiraorn.com.br\/wp-content\/uploads\/2021\/07\/nossasenhoradoperpetuosocorro.jpg",149,225,false],"woocommerce_gallery_thumbnail":["https:\/\/www.fazendaboqueiraorn.com.br\/wp-content\/uploads\/2021\/07\/nossasenhoradoperpetuosocorro-100x100.jpg",100,100,true],"web-stories-poster-portrait":["https:\/\/www.fazendaboqueiraorn.com.br\/wp-content\/uploads\/2021\/07\/nossasenhoradoperpetuosocorro.jpg",149,225,false],"web-stories-publisher-logo":["https:\/\/www.fazendaboqueiraorn.com.br\/wp-content\/uploads\/2021\/07\/nossasenhoradoperpetuosocorro.jpg",64,96,false],"web-stories-thumbnail":["https:\/\/www.fazendaboqueiraorn.com.br\/wp-content\/uploads\/2021\/07\/nossasenhoradoperpetuosocorro.jpg",149,225,false]},"uagb_author_info":{"display_name":"Fazenda Boqueir\u00e3o","author_link":"https:\/\/www.fazendaboqueiraorn.com.br\/en\/author\/fazenda\/"},"uagb_comment_info":2,"uagb_excerpt":"A padroeira da cidade de Barcelona\/RN \u00e9 Nossa Senhora do Perp\u00e9tuo Socorro, cujo dia \u00e9 comemorado em 2 de agosto, data em que chegou ao pequeno povoado a imagem da santa trazida pelo filho do fundador do lugar, Jos\u00e9 Maria do Nascimento.","jetpack_featured_media_url":"https:\/\/i0.wp.com\/www.fazendaboqueiraorn.com.br\/wp-content\/uploads\/2021\/07\/nossasenhoradoperpetuosocorro.jpg?fit=149%2C225&ssl=1","jetpack_sharing_enabled":true,"jetpack_likes_enabled":true,"_links":{"self":[{"href":"https:\/\/www.fazendaboqueiraorn.com.br\/en\/wp-json\/wp\/v2\/posts\/75","targetHints":{"allow":["GET"]}}],"collection":[{"href":"https:\/\/www.fazendaboqueiraorn.com.br\/en\/wp-json\/wp\/v2\/posts"}],"about":[{"href":"https:\/\/www.fazendaboqueiraorn.com.br\/en\/wp-json\/wp\/v2\/types\/post"}],"author":[{"embeddable":true,"href":"https:\/\/www.fazendaboqueiraorn.com.br\/en\/wp-json\/wp\/v2\/users\/2"}],"replies":[{"embeddable":true,"href":"https:\/\/www.fazendaboqueiraorn.com.br\/en\/wp-json\/wp\/v2\/comments?post=75"}],"version-history":[{"count":5,"href":"https:\/\/www.fazendaboqueiraorn.com.br\/en\/wp-json\/wp\/v2\/posts\/75\/revisions"}],"predecessor-version":[{"id":84,"href":"https:\/\/www.fazendaboqueiraorn.com.br\/en\/wp-json\/wp\/v2\/posts\/75\/revisions\/84"}],"wp:featuredmedia":[{"embeddable":true,"href":"https:\/\/www.fazendaboqueiraorn.com.br\/en\/wp-json\/wp\/v2\/media\/81"}],"wp:attachment":[{"href":"https:\/\/www.fazendaboqueiraorn.com.br\/en\/wp-json\/wp\/v2\/media?parent=75"}],"wp:term":[{"taxonomy":"category","embeddable":true,"href":"https:\/\/www.fazendaboqueiraorn.com.br\/en\/wp-json\/wp\/v2\/categories?post=75"},{"taxonomy":"post_tag","embeddable":true,"href":"https:\/\/www.fazendaboqueiraorn.com.br\/en\/wp-json\/wp\/v2\/tags?post=75"}],"curies":[{"name":"wp","href":"https:\/\/api.w.org\/{rel}","templated":true}]}}