{"id":746,"date":"2021-10-25T07:00:00","date_gmt":"2021-10-25T10:00:00","guid":{"rendered":"https:\/\/www.fazendaboqueiraorn.com.br\/?p=746"},"modified":"2022-03-24T11:25:50","modified_gmt":"2022-03-24T14:25:50","slug":"facebook-abre-inscricoes-para-startups-do-agronegocio","status":"publish","type":"post","link":"https:\/\/www.fazendaboqueiraorn.com.br\/en\/facebook-abre-inscricoes-para-startups-do-agronegocio\/","title":{"rendered":"Facebook abre inscri\u00e7\u00f5es para startups do agroneg\u00f3cio"},"content":{"rendered":"<p>O Facebook e a Baita, aceleradora sediada no Parque Tecnol\u00f3gico da Universidade Estadual de Campinas (Unicamp), abrem as inscri\u00e7\u00f5es para a edi\u00e7\u00e3o 2021 do Campo Digital, programa online e gratuito criado com o objetivo de acelerar startups com foco no agroneg\u00f3cio brasileiro.<\/p>\n\n\n\n<div class=\"wp-block-image\"><figure class=\"aligncenter size-full\"><img data-recalc-dims=\"1\" decoding=\"async\" width=\"850\" height=\"492\" loading=\"lazy\" src=\"https:\/\/i0.wp.com\/www.fazendaboqueiraorn.com.br\/wp-content\/uploads\/2021\/10\/campodigital.jpg?resize=850%2C492&#038;ssl=1\" alt=\"\" class=\"wp-image-748\" srcset=\"https:\/\/i0.wp.com\/www.fazendaboqueiraorn.com.br\/wp-content\/uploads\/2021\/10\/campodigital.jpg?w=850&amp;ssl=1 850w, https:\/\/i0.wp.com\/www.fazendaboqueiraorn.com.br\/wp-content\/uploads\/2021\/10\/campodigital.jpg?resize=600%2C347&amp;ssl=1 600w, https:\/\/i0.wp.com\/www.fazendaboqueiraorn.com.br\/wp-content\/uploads\/2021\/10\/campodigital.jpg?resize=300%2C174&amp;ssl=1 300w, https:\/\/i0.wp.com\/www.fazendaboqueiraorn.com.br\/wp-content\/uploads\/2021\/10\/campodigital.jpg?resize=768%2C445&amp;ssl=1 768w, https:\/\/i0.wp.com\/www.fazendaboqueiraorn.com.br\/wp-content\/uploads\/2021\/10\/campodigital.jpg?resize=18%2C10&amp;ssl=1 18w\" sizes=\"auto, (max-width: 850px) 100vw, 850px\" \/><\/figure><\/div>\n\n\n\n<p>O principal p\u00fablico-alvo da iniciativa s\u00e3o neg\u00f3cios que tenham como foco o desenvolvimento de solu\u00e7\u00f5es digitais voltadas aos pequenos e m\u00e9dios produtores, que tragam efici\u00eancia, produtividade e\/ou sustentabilidade ao campo.<\/p>\n\n\n\n<p>As startups interessadas poder\u00e3o se inscrever pelo site&nbsp;<a href=\"https:\/\/www.baita.ac\/campodigital\" target=\"_blank\" rel=\"noreferrer noopener nofollow\">baita.ac\/campodigital<\/a>&nbsp;at\u00e9 a pr\u00f3xima sexta-feira, 29 de outubro, com o an\u00fancio das finalistas previsto para novembro.<\/p>\n\n\n\n<p>Ao todo, ser\u00e3o oferecidas 10 vagas para startups que j\u00e1 estejam, no m\u00ednimo, em est\u00e1gio operacional \u2013 ou seja, validando sua solu\u00e7\u00e3o e efetuando suas primeiras vendas.&nbsp;<\/p>\n\n\n\n<p>O Campo Digital 2021 oferecer\u00e1 \u00e0s startups acesso ao programa de acelera\u00e7\u00e3o da Baita, com participa\u00e7\u00e3o da equipe da aceleradora, profissionais do Facebook&nbsp;e mentores especializados em agroneg\u00f3cios pelo per\u00edodo de quatro meses. O final do programa est\u00e1 previsto para abril de 2022.<\/p>\n\n\n\n<p>Durante o programa, as selecionadas ter\u00e3o ajuda na defini\u00e7\u00e3o de metas e avalia\u00e7\u00e3o do modelo de neg\u00f3cio, palestras, workshops e networking com hubs, cooperativas e empresas do setor do agroneg\u00f3cio.<\/p>\n\n\n\n<p>Ao final, as startups apresentar\u00e3o seus projetos e, junto com a Baita, definir\u00e3o os pr\u00f3ximos passos para oferecerem suas solu\u00e7\u00f5es de forma independente.<\/p>\n\n\n\n<p>Alguns dos parceiros do programa que acompanhar\u00e3o e dar\u00e3o suporte \u00e0s startups inclui a Esalqtec, incubadora tecnol\u00f3gica que atua junto \u00e0 Escola Superior de Agricultura Luiz de Queir\u00f3z\/Universidade de S\u00e3o Paulo (ESALQ\/USP), reconhecida nacionalmente como celeiro de startups agro.<\/p>\n\n\n\n<p>Al\u00e9m disso, a iniciativa tamb\u00e9m conta com a parceria da Ag\u00eancia Inova da Unicamp; da Embrapa Inform\u00e1tica Agropecu\u00e1ria; e do Instituto de Pesquisas Eldorado, que aportam conhecimento em tecnologias digitais para o agroneg\u00f3cio.<\/p>\n\n\n\n<p>Os empreendedores contar\u00e3o, ainda, com mentorias de investimento com nomes como SP Ventures, Yield Lab e Agroven, e com a possibilidade de troca de experi\u00eancias com empresas que j\u00e1 lidam com desafios do dia a dia do pequeno e m\u00e9dio agricultor, como Agrofy, Agrosmart, Busca Terra, Orbia, entre outras.<\/p>","protected":false},"excerpt":{"rendered":"<p>O Facebook e a Baita, aceleradora sediada no Parque Tecnol\u00f3gico da Universidade Estadual de Campinas (Unicamp), abrem as inscri\u00e7\u00f5es para a edi\u00e7\u00e3o 2021 do Campo Digital, programa online e gratuito criado com o objetivo de acelerar startups com foco no agroneg\u00f3cio brasileiro.<\/p>","protected":false},"author":2,"featured_media":748,"comment_status":"open","ping_status":"open","sticky":false,"template":"","format":"standard","meta":{"nf_dc_page":"","_uag_custom_page_level_css":"","site-sidebar-layout":"default","site-content-layout":"","ast-site-content-layout":"default","site-content-style":"default","site-sidebar-style":"default","ast-global-header-display":"","ast-banner-title-visibility":"","ast-main-header-display":"","ast-hfb-above-header-display":"","ast-hfb-below-header-display":"","ast-hfb-mobile-header-display":"","site-post-title":"","ast-breadcrumbs-content":"","ast-featured-img":"","footer-sml-layout":"","ast-disable-related-posts":"","theme-transparent-header-meta":"","adv-header-id-meta":"","stick-header-meta":"","header-above-stick-meta":"","header-main-stick-meta":"","header-below-stick-meta":"","astra-migrate-meta-layouts":"default","ast-page-background-enabled":"default","ast-page-background-meta":{"desktop":{"background-color":"var(--ast-global-color-4)","background-image":"","background-repeat":"repeat","background-position":"center center","background-size":"auto","background-attachment":"scroll","background-type":"","background-media":"","overlay-type":"","overlay-color":"","overlay-opacity":"","overlay-gradient":""},"tablet":{"background-color":"","background-image":"","background-repeat":"repeat","background-position":"center center","background-size":"auto","background-attachment":"scroll","background-type":"","background-media":"","overlay-type":"","overlay-color":"","overlay-opacity":"","overlay-gradient":""},"mobile":{"background-color":"","background-image":"","background-repeat":"repeat","background-position":"center center","background-size":"auto","background-attachment":"scroll","background-type":"","background-media":"","overlay-type":"","overlay-color":"","overlay-opacity":"","overlay-gradient":""}},"ast-content-background-meta":{"desktop":{"background-color":"var(--ast-global-color-5)","background-image":"","background-repeat":"repeat","background-position":"center center","background-size":"auto","background-attachment":"scroll","background-type":"","background-media":"","overlay-type":"","overlay-color":"","overlay-opacity":"","overlay-gradient":""},"tablet":{"background-color":"var(--ast-global-color-5)","background-image":"","background-repeat":"repeat","background-position":"center center","background-size":"auto","background-attachment":"scroll","background-type":"","background-media":"","overlay-type":"","overlay-color":"","overlay-opacity":"","overlay-gradient":""},"mobile":{"background-color":"var(--ast-global-color-5)","background-image":"","background-repeat":"repeat","background-position":"center center","background-size":"auto","background-attachment":"scroll","background-type":"","background-media":"","overlay-type":"","overlay-color":"","overlay-opacity":"","overlay-gradient":""}},"jetpack_post_was_ever_published":false,"_jetpack_newsletter_access":"","_jetpack_dont_email_post_to_subs":false,"_jetpack_newsletter_tier_id":0,"_jetpack_memberships_contains_paywalled_content":false,"_jetpack_memberships_contains_paid_content":false,"footnotes":"","jetpack_publicize_message":"","jetpack_publicize_feature_enabled":true,"jetpack_social_post_already_shared":true,"jetpack_social_options":{"image_generator_settings":{"template":"highway","default_image_id":0,"font":"","enabled":false},"version":2}},"categories":[1],"tags":[166,21,6,269,170,172,61,58,171],"class_list":["post-746","post","type-post","status-publish","format-standard","has-post-thumbnail","hentry","category-noticia","tag-166","tag-21","tag-agricultura","tag-agronegocio","tag-baita","tag-campo-digital","tag-dia-d","tag-embrapa","tag-unicamp"],"yoast_head":"<!-- This site is optimized with the Yoast SEO plugin v27.5 - https:\/\/yoast.com\/product\/yoast-seo-wordpress\/ -->\n<title>Facebook abre inscri\u00e7\u00f5es para startups do agroneg\u00f3cio - Fazenda Boqueir\u00e3o<\/title>\n<meta name=\"description\" content=\"O Facebook e a Baita, aceleradora sediada no Parque Tecnol\u00f3gico da Universidade Estadual de Campinas (Unicamp), abrem as inscri\u00e7\u00f5es para a edi\u00e7\u00e3o 2021 do Campo Digital, programa online e gratuito criado com o objetivo de acelerar startups com foco no agroneg\u00f3cio brasileiro.\" \/>\n<meta name=\"robots\" content=\"index, follow, max-snippet:-1, max-image-preview:large, max-video-preview:-1\" \/>\n<link rel=\"canonical\" href=\"https:\/\/www.fazendaboqueiraorn.com.br\/en\/facebook-abre-inscricoes-para-startups-do-agronegocio\/\" \/>\n<meta property=\"og:locale\" content=\"en_US\" \/>\n<meta property=\"og:type\" content=\"article\" \/>\n<meta property=\"og:title\" content=\"Facebook abre inscri\u00e7\u00f5es para startups do agroneg\u00f3cio - Fazenda Boqueir\u00e3o\" \/>\n<meta property=\"og:description\" content=\"O Facebook e a Baita, aceleradora sediada no Parque Tecnol\u00f3gico da Universidade Estadual de Campinas (Unicamp), abrem as inscri\u00e7\u00f5es para a edi\u00e7\u00e3o 2021 do Campo Digital, programa online e gratuito criado com o objetivo de acelerar startups com foco no agroneg\u00f3cio brasileiro.\" \/>\n<meta property=\"og:url\" content=\"https:\/\/www.fazendaboqueiraorn.com.br\/en\/facebook-abre-inscricoes-para-startups-do-agronegocio\/\" \/>\n<meta property=\"og:site_name\" content=\"Fazenda Boqueir\u00e3o\" \/>\n<meta property=\"article:publisher\" content=\"https:\/\/www.facebook.com\/fazboqueirao\" \/>\n<meta property=\"article:published_time\" content=\"2021-10-25T10:00:00+00:00\" \/>\n<meta property=\"article:modified_time\" content=\"2022-03-24T14:25:50+00:00\" \/>\n<meta property=\"og:image\" content=\"https:\/\/i0.wp.com\/www.fazendaboqueiraorn.com.br\/wp-content\/uploads\/2021\/10\/campodigital.jpg?fit=850%2C492&ssl=1\" \/>\n\t<meta property=\"og:image:width\" content=\"850\" \/>\n\t<meta property=\"og:image:height\" content=\"492\" \/>\n\t<meta property=\"og:image:type\" content=\"image\/jpeg\" \/>\n<meta name=\"author\" content=\"Fazenda Boqueir\u00e3o\" \/>\n<meta name=\"twitter:card\" content=\"summary_large_image\" \/>\n<meta name=\"twitter:creator\" content=\"@FazBoqueirao\" \/>\n<meta name=\"twitter:site\" content=\"@FazBoqueirao\" \/>\n<meta name=\"twitter:label1\" content=\"Written by\" \/>\n\t<meta name=\"twitter:data1\" content=\"Fazenda Boqueir\u00e3o\" \/>\n\t<meta name=\"twitter:label2\" content=\"Est. reading time\" \/>\n\t<meta name=\"twitter:data2\" content=\"3 minutes\" \/>\n<script type=\"application\/ld+json\" class=\"yoast-schema-graph\">{\"@context\":\"https:\\\/\\\/schema.org\",\"@graph\":[{\"@type\":\"Article\",\"@id\":\"https:\\\/\\\/www.fazendaboqueiraorn.com.br\\\/facebook-abre-inscricoes-para-startups-do-agronegocio\\\/#article\",\"isPartOf\":{\"@id\":\"https:\\\/\\\/www.fazendaboqueiraorn.com.br\\\/facebook-abre-inscricoes-para-startups-do-agronegocio\\\/\"},\"author\":{\"name\":\"Fazenda Boqueir\u00e3o\",\"@id\":\"https:\\\/\\\/www.fazendaboqueiraorn.com.br\\\/#\\\/schema\\\/person\\\/70484dc96f76e66c6365a9f4a2ebfb02\"},\"headline\":\"Facebook abre inscri\u00e7\u00f5es para startups do agroneg\u00f3cio\",\"datePublished\":\"2021-10-25T10:00:00+00:00\",\"dateModified\":\"2022-03-24T14:25:50+00:00\",\"mainEntityOfPage\":{\"@id\":\"https:\\\/\\\/www.fazendaboqueiraorn.com.br\\\/facebook-abre-inscricoes-para-startups-do-agronegocio\\\/\"},\"wordCount\":395,\"commentCount\":0,\"publisher\":{\"@id\":\"https:\\\/\\\/www.fazendaboqueiraorn.com.br\\\/#organization\"},\"image\":{\"@id\":\"https:\\\/\\\/www.fazendaboqueiraorn.com.br\\\/facebook-abre-inscricoes-para-startups-do-agronegocio\\\/#primaryimage\"},\"thumbnailUrl\":\"https:\\\/\\\/i0.wp.com\\\/www.fazendaboqueiraorn.com.br\\\/wp-content\\\/uploads\\\/2021\\\/10\\\/campodigital.jpg?fit=850%2C492&ssl=1\",\"keywords\":[\"2021\",\"2022\",\"Agricultura\",\"agroneg\u00f3cio\",\"Baita\",\"Campo Digital\",\"Dia D\",\"Embrapa\",\"Unicamp\"],\"articleSection\":[\"Not\u00edcias\"],\"inLanguage\":\"en-US\",\"potentialAction\":[{\"@type\":\"CommentAction\",\"name\":\"Comment\",\"target\":[\"https:\\\/\\\/www.fazendaboqueiraorn.com.br\\\/facebook-abre-inscricoes-para-startups-do-agronegocio\\\/#respond\"]}]},{\"@type\":\"WebPage\",\"@id\":\"https:\\\/\\\/www.fazendaboqueiraorn.com.br\\\/facebook-abre-inscricoes-para-startups-do-agronegocio\\\/\",\"url\":\"https:\\\/\\\/www.fazendaboqueiraorn.com.br\\\/facebook-abre-inscricoes-para-startups-do-agronegocio\\\/\",\"name\":\"Facebook abre inscri\u00e7\u00f5es para startups do agroneg\u00f3cio - Fazenda Boqueir\u00e3o\",\"isPartOf\":{\"@id\":\"https:\\\/\\\/www.fazendaboqueiraorn.com.br\\\/#website\"},\"primaryImageOfPage\":{\"@id\":\"https:\\\/\\\/www.fazendaboqueiraorn.com.br\\\/facebook-abre-inscricoes-para-startups-do-agronegocio\\\/#primaryimage\"},\"image\":{\"@id\":\"https:\\\/\\\/www.fazendaboqueiraorn.com.br\\\/facebook-abre-inscricoes-para-startups-do-agronegocio\\\/#primaryimage\"},\"thumbnailUrl\":\"https:\\\/\\\/i0.wp.com\\\/www.fazendaboqueiraorn.com.br\\\/wp-content\\\/uploads\\\/2021\\\/10\\\/campodigital.jpg?fit=850%2C492&ssl=1\",\"datePublished\":\"2021-10-25T10:00:00+00:00\",\"dateModified\":\"2022-03-24T14:25:50+00:00\",\"description\":\"O Facebook e a Baita, aceleradora sediada no Parque Tecnol\u00f3gico da Universidade Estadual de Campinas (Unicamp), abrem as inscri\u00e7\u00f5es para a edi\u00e7\u00e3o 2021 do Campo Digital, programa online e gratuito criado com o objetivo de acelerar startups com foco no agroneg\u00f3cio brasileiro.\",\"breadcrumb\":{\"@id\":\"https:\\\/\\\/www.fazendaboqueiraorn.com.br\\\/facebook-abre-inscricoes-para-startups-do-agronegocio\\\/#breadcrumb\"},\"inLanguage\":\"en-US\",\"potentialAction\":[{\"@type\":\"ReadAction\",\"target\":[\"https:\\\/\\\/www.fazendaboqueiraorn.com.br\\\/facebook-abre-inscricoes-para-startups-do-agronegocio\\\/\"]}]},{\"@type\":\"ImageObject\",\"inLanguage\":\"en-US\",\"@id\":\"https:\\\/\\\/www.fazendaboqueiraorn.com.br\\\/facebook-abre-inscricoes-para-startups-do-agronegocio\\\/#primaryimage\",\"url\":\"https:\\\/\\\/i0.wp.com\\\/www.fazendaboqueiraorn.com.br\\\/wp-content\\\/uploads\\\/2021\\\/10\\\/campodigital.jpg?fit=850%2C492&ssl=1\",\"contentUrl\":\"https:\\\/\\\/i0.wp.com\\\/www.fazendaboqueiraorn.com.br\\\/wp-content\\\/uploads\\\/2021\\\/10\\\/campodigital.jpg?fit=850%2C492&ssl=1\",\"width\":850,\"height\":492},{\"@type\":\"BreadcrumbList\",\"@id\":\"https:\\\/\\\/www.fazendaboqueiraorn.com.br\\\/facebook-abre-inscricoes-para-startups-do-agronegocio\\\/#breadcrumb\",\"itemListElement\":[{\"@type\":\"ListItem\",\"position\":1,\"name\":\"Home\",\"item\":\"https:\\\/\\\/www.fazendaboqueiraorn.com.br\\\/\"},{\"@type\":\"ListItem\",\"position\":2,\"name\":\"Facebook abre inscri\u00e7\u00f5es para startups do agroneg\u00f3cio\"}]},{\"@type\":\"WebSite\",\"@id\":\"https:\\\/\\\/www.fazendaboqueiraorn.com.br\\\/#website\",\"url\":\"https:\\\/\\\/www.fazendaboqueiraorn.com.br\\\/\",\"name\":\"Fazenda Boqueir\u00e3o\",\"description\":\"\",\"publisher\":{\"@id\":\"https:\\\/\\\/www.fazendaboqueiraorn.com.br\\\/#organization\"},\"potentialAction\":[{\"@type\":\"SearchAction\",\"target\":{\"@type\":\"EntryPoint\",\"urlTemplate\":\"https:\\\/\\\/www.fazendaboqueiraorn.com.br\\\/?s={search_term_string}\"},\"query-input\":{\"@type\":\"PropertyValueSpecification\",\"valueRequired\":true,\"valueName\":\"search_term_string\"}}],\"inLanguage\":\"en-US\"},{\"@type\":\"Organization\",\"@id\":\"https:\\\/\\\/www.fazendaboqueiraorn.com.br\\\/#organization\",\"name\":\"Fazenda Boqueir\u00e3o\",\"url\":\"https:\\\/\\\/www.fazendaboqueiraorn.com.br\\\/\",\"logo\":{\"@type\":\"ImageObject\",\"inLanguage\":\"en-US\",\"@id\":\"https:\\\/\\\/www.fazendaboqueiraorn.com.br\\\/#\\\/schema\\\/logo\\\/image\\\/\",\"url\":\"https:\\\/\\\/i0.wp.com\\\/www.fazendaboqueiraorn.com.br\\\/wp-content\\\/uploads\\\/2021\\\/08\\\/logo-fazenda-120x120-1.png?fit=120%2C120&ssl=1\",\"contentUrl\":\"https:\\\/\\\/i0.wp.com\\\/www.fazendaboqueiraorn.com.br\\\/wp-content\\\/uploads\\\/2021\\\/08\\\/logo-fazenda-120x120-1.png?fit=120%2C120&ssl=1\",\"width\":120,\"height\":120,\"caption\":\"Fazenda Boqueir\u00e3o\"},\"image\":{\"@id\":\"https:\\\/\\\/www.fazendaboqueiraorn.com.br\\\/#\\\/schema\\\/logo\\\/image\\\/\"},\"sameAs\":[\"https:\\\/\\\/www.facebook.com\\\/fazboqueirao\",\"https:\\\/\\\/x.com\\\/FazBoqueirao\",\"http:\\\/\\\/instagram.com\\\/fazboqueirao\\\/\",\"https:\\\/\\\/www.linkedin.com\\\/company\\\/fazboqueirao\\\/\",\"https:\\\/\\\/www.youtube.com\\\/channel\\\/UCUA4_8v8HkmMeNUh8c6Ky1Q\"]},{\"@type\":\"Person\",\"@id\":\"https:\\\/\\\/www.fazendaboqueiraorn.com.br\\\/#\\\/schema\\\/person\\\/70484dc96f76e66c6365a9f4a2ebfb02\",\"name\":\"Fazenda Boqueir\u00e3o\",\"image\":{\"@type\":\"ImageObject\",\"inLanguage\":\"en-US\",\"@id\":\"https:\\\/\\\/secure.gravatar.com\\\/avatar\\\/19f19467ae305ded5d913deae2fb6c6f29fe88a0a7f3a4dca5679407289a9efd?s=96&d=mm&r=g\",\"url\":\"https:\\\/\\\/secure.gravatar.com\\\/avatar\\\/19f19467ae305ded5d913deae2fb6c6f29fe88a0a7f3a4dca5679407289a9efd?s=96&d=mm&r=g\",\"contentUrl\":\"https:\\\/\\\/secure.gravatar.com\\\/avatar\\\/19f19467ae305ded5d913deae2fb6c6f29fe88a0a7f3a4dca5679407289a9efd?s=96&d=mm&r=g\",\"caption\":\"Fazenda Boqueir\u00e3o\"},\"url\":\"https:\\\/\\\/www.fazendaboqueiraorn.com.br\\\/en\\\/author\\\/fazenda\\\/\"}]}<\/script>\n<!-- \/ Yoast SEO plugin. -->","yoast_head_json":{"title":"Facebook abre inscri\u00e7\u00f5es para startups do agroneg\u00f3cio - Fazenda Boqueir\u00e3o","description":"O Facebook e a Baita, aceleradora sediada no Parque Tecnol\u00f3gico da Universidade Estadual de Campinas (Unicamp), abrem as inscri\u00e7\u00f5es para a edi\u00e7\u00e3o 2021 do Campo Digital, programa online e gratuito criado com o objetivo de acelerar startups com foco no agroneg\u00f3cio brasileiro.","robots":{"index":"index","follow":"follow","max-snippet":"max-snippet:-1","max-image-preview":"max-image-preview:large","max-video-preview":"max-video-preview:-1"},"canonical":"https:\/\/www.fazendaboqueiraorn.com.br\/en\/facebook-abre-inscricoes-para-startups-do-agronegocio\/","og_locale":"en_US","og_type":"article","og_title":"Facebook abre inscri\u00e7\u00f5es para startups do agroneg\u00f3cio - Fazenda Boqueir\u00e3o","og_description":"O Facebook e a Baita, aceleradora sediada no Parque Tecnol\u00f3gico da Universidade Estadual de Campinas (Unicamp), abrem as inscri\u00e7\u00f5es para a edi\u00e7\u00e3o 2021 do Campo Digital, programa online e gratuito criado com o objetivo de acelerar startups com foco no agroneg\u00f3cio brasileiro.","og_url":"https:\/\/www.fazendaboqueiraorn.com.br\/en\/facebook-abre-inscricoes-para-startups-do-agronegocio\/","og_site_name":"Fazenda Boqueir\u00e3o","article_publisher":"https:\/\/www.facebook.com\/fazboqueirao","article_published_time":"2021-10-25T10:00:00+00:00","article_modified_time":"2022-03-24T14:25:50+00:00","og_image":[{"width":850,"height":492,"url":"https:\/\/i0.wp.com\/www.fazendaboqueiraorn.com.br\/wp-content\/uploads\/2021\/10\/campodigital.jpg?fit=850%2C492&ssl=1","type":"image\/jpeg"}],"author":"Fazenda Boqueir\u00e3o","twitter_card":"summary_large_image","twitter_creator":"@FazBoqueirao","twitter_site":"@FazBoqueirao","twitter_misc":{"Written by":"Fazenda Boqueir\u00e3o","Est. reading time":"3 minutes"},"schema":{"@context":"https:\/\/schema.org","@graph":[{"@type":"Article","@id":"https:\/\/www.fazendaboqueiraorn.com.br\/facebook-abre-inscricoes-para-startups-do-agronegocio\/#article","isPartOf":{"@id":"https:\/\/www.fazendaboqueiraorn.com.br\/facebook-abre-inscricoes-para-startups-do-agronegocio\/"},"author":{"name":"Fazenda Boqueir\u00e3o","@id":"https:\/\/www.fazendaboqueiraorn.com.br\/#\/schema\/person\/70484dc96f76e66c6365a9f4a2ebfb02"},"headline":"Facebook abre inscri\u00e7\u00f5es para startups do agroneg\u00f3cio","datePublished":"2021-10-25T10:00:00+00:00","dateModified":"2022-03-24T14:25:50+00:00","mainEntityOfPage":{"@id":"https:\/\/www.fazendaboqueiraorn.com.br\/facebook-abre-inscricoes-para-startups-do-agronegocio\/"},"wordCount":395,"commentCount":0,"publisher":{"@id":"https:\/\/www.fazendaboqueiraorn.com.br\/#organization"},"image":{"@id":"https:\/\/www.fazendaboqueiraorn.com.br\/facebook-abre-inscricoes-para-startups-do-agronegocio\/#primaryimage"},"thumbnailUrl":"https:\/\/i0.wp.com\/www.fazendaboqueiraorn.com.br\/wp-content\/uploads\/2021\/10\/campodigital.jpg?fit=850%2C492&ssl=1","keywords":["2021","2022","Agricultura","agroneg\u00f3cio","Baita","Campo Digital","Dia D","Embrapa","Unicamp"],"articleSection":["Not\u00edcias"],"inLanguage":"en-US","potentialAction":[{"@type":"CommentAction","name":"Comment","target":["https:\/\/www.fazendaboqueiraorn.com.br\/facebook-abre-inscricoes-para-startups-do-agronegocio\/#respond"]}]},{"@type":"WebPage","@id":"https:\/\/www.fazendaboqueiraorn.com.br\/facebook-abre-inscricoes-para-startups-do-agronegocio\/","url":"https:\/\/www.fazendaboqueiraorn.com.br\/facebook-abre-inscricoes-para-startups-do-agronegocio\/","name":"Facebook abre inscri\u00e7\u00f5es para startups do agroneg\u00f3cio - Fazenda Boqueir\u00e3o","isPartOf":{"@id":"https:\/\/www.fazendaboqueiraorn.com.br\/#website"},"primaryImageOfPage":{"@id":"https:\/\/www.fazendaboqueiraorn.com.br\/facebook-abre-inscricoes-para-startups-do-agronegocio\/#primaryimage"},"image":{"@id":"https:\/\/www.fazendaboqueiraorn.com.br\/facebook-abre-inscricoes-para-startups-do-agronegocio\/#primaryimage"},"thumbnailUrl":"https:\/\/i0.wp.com\/www.fazendaboqueiraorn.com.br\/wp-content\/uploads\/2021\/10\/campodigital.jpg?fit=850%2C492&ssl=1","datePublished":"2021-10-25T10:00:00+00:00","dateModified":"2022-03-24T14:25:50+00:00","description":"O Facebook e a Baita, aceleradora sediada no Parque Tecnol\u00f3gico da Universidade Estadual de Campinas (Unicamp), abrem as inscri\u00e7\u00f5es para a edi\u00e7\u00e3o 2021 do Campo Digital, programa online e gratuito criado com o objetivo de acelerar startups com foco no agroneg\u00f3cio brasileiro.","breadcrumb":{"@id":"https:\/\/www.fazendaboqueiraorn.com.br\/facebook-abre-inscricoes-para-startups-do-agronegocio\/#breadcrumb"},"inLanguage":"en-US","potentialAction":[{"@type":"ReadAction","target":["https:\/\/www.fazendaboqueiraorn.com.br\/facebook-abre-inscricoes-para-startups-do-agronegocio\/"]}]},{"@type":"ImageObject","inLanguage":"en-US","@id":"https:\/\/www.fazendaboqueiraorn.com.br\/facebook-abre-inscricoes-para-startups-do-agronegocio\/#primaryimage","url":"https:\/\/i0.wp.com\/www.fazendaboqueiraorn.com.br\/wp-content\/uploads\/2021\/10\/campodigital.jpg?fit=850%2C492&ssl=1","contentUrl":"https:\/\/i0.wp.com\/www.fazendaboqueiraorn.com.br\/wp-content\/uploads\/2021\/10\/campodigital.jpg?fit=850%2C492&ssl=1","width":850,"height":492},{"@type":"BreadcrumbList","@id":"https:\/\/www.fazendaboqueiraorn.com.br\/facebook-abre-inscricoes-para-startups-do-agronegocio\/#breadcrumb","itemListElement":[{"@type":"ListItem","position":1,"name":"Home","item":"https:\/\/www.fazendaboqueiraorn.com.br\/"},{"@type":"ListItem","position":2,"name":"Facebook abre inscri\u00e7\u00f5es para startups do agroneg\u00f3cio"}]},{"@type":"WebSite","@id":"https:\/\/www.fazendaboqueiraorn.com.br\/#website","url":"https:\/\/www.fazendaboqueiraorn.com.br\/","name":"Fazenda Boqueir\u00e3o","description":"","publisher":{"@id":"https:\/\/www.fazendaboqueiraorn.com.br\/#organization"},"potentialAction":[{"@type":"SearchAction","target":{"@type":"EntryPoint","urlTemplate":"https:\/\/www.fazendaboqueiraorn.com.br\/?s={search_term_string}"},"query-input":{"@type":"PropertyValueSpecification","valueRequired":true,"valueName":"search_term_string"}}],"inLanguage":"en-US"},{"@type":"Organization","@id":"https:\/\/www.fazendaboqueiraorn.com.br\/#organization","name":"Fazenda Boqueir\u00e3o","url":"https:\/\/www.fazendaboqueiraorn.com.br\/","logo":{"@type":"ImageObject","inLanguage":"en-US","@id":"https:\/\/www.fazendaboqueiraorn.com.br\/#\/schema\/logo\/image\/","url":"https:\/\/i0.wp.com\/www.fazendaboqueiraorn.com.br\/wp-content\/uploads\/2021\/08\/logo-fazenda-120x120-1.png?fit=120%2C120&ssl=1","contentUrl":"https:\/\/i0.wp.com\/www.fazendaboqueiraorn.com.br\/wp-content\/uploads\/2021\/08\/logo-fazenda-120x120-1.png?fit=120%2C120&ssl=1","width":120,"height":120,"caption":"Fazenda Boqueir\u00e3o"},"image":{"@id":"https:\/\/www.fazendaboqueiraorn.com.br\/#\/schema\/logo\/image\/"},"sameAs":["https:\/\/www.facebook.com\/fazboqueirao","https:\/\/x.com\/FazBoqueirao","http:\/\/instagram.com\/fazboqueirao\/","https:\/\/www.linkedin.com\/company\/fazboqueirao\/","https:\/\/www.youtube.com\/channel\/UCUA4_8v8HkmMeNUh8c6Ky1Q"]},{"@type":"Person","@id":"https:\/\/www.fazendaboqueiraorn.com.br\/#\/schema\/person\/70484dc96f76e66c6365a9f4a2ebfb02","name":"Fazenda Boqueir\u00e3o","image":{"@type":"ImageObject","inLanguage":"en-US","@id":"https:\/\/secure.gravatar.com\/avatar\/19f19467ae305ded5d913deae2fb6c6f29fe88a0a7f3a4dca5679407289a9efd?s=96&d=mm&r=g","url":"https:\/\/secure.gravatar.com\/avatar\/19f19467ae305ded5d913deae2fb6c6f29fe88a0a7f3a4dca5679407289a9efd?s=96&d=mm&r=g","contentUrl":"https:\/\/secure.gravatar.com\/avatar\/19f19467ae305ded5d913deae2fb6c6f29fe88a0a7f3a4dca5679407289a9efd?s=96&d=mm&r=g","caption":"Fazenda Boqueir\u00e3o"},"url":"https:\/\/www.fazendaboqueiraorn.com.br\/en\/author\/fazenda\/"}]}},"jetpack_publicize_connections":[],"uagb_featured_image_src":{"full":["https:\/\/i0.wp.com\/www.fazendaboqueiraorn.com.br\/wp-content\/uploads\/2021\/10\/campodigital.jpg?fit=850%2C492&ssl=1",850,492,false],"thumbnail":["https:\/\/i0.wp.com\/www.fazendaboqueiraorn.com.br\/wp-content\/uploads\/2021\/10\/campodigital.jpg?resize=150%2C150&ssl=1",150,150,true],"medium":["https:\/\/i0.wp.com\/www.fazendaboqueiraorn.com.br\/wp-content\/uploads\/2021\/10\/campodigital.jpg?fit=300%2C174&ssl=1",300,174,true],"medium_large":["https:\/\/i0.wp.com\/www.fazendaboqueiraorn.com.br\/wp-content\/uploads\/2021\/10\/campodigital.jpg?fit=768%2C445&ssl=1",768,445,true],"large":["https:\/\/i0.wp.com\/www.fazendaboqueiraorn.com.br\/wp-content\/uploads\/2021\/10\/campodigital.jpg?fit=850%2C492&ssl=1",850,492,true],"1536x1536":["https:\/\/i0.wp.com\/www.fazendaboqueiraorn.com.br\/wp-content\/uploads\/2021\/10\/campodigital.jpg?fit=850%2C492&ssl=1",850,492,true],"2048x2048":["https:\/\/i0.wp.com\/www.fazendaboqueiraorn.com.br\/wp-content\/uploads\/2021\/10\/campodigital.jpg?fit=850%2C492&ssl=1",850,492,true],"trp-custom-language-flag":["https:\/\/i0.wp.com\/www.fazendaboqueiraorn.com.br\/wp-content\/uploads\/2021\/10\/campodigital.jpg?fit=18%2C10&ssl=1",18,10,true],"ultp_layout_landscape_large":["https:\/\/i0.wp.com\/www.fazendaboqueiraorn.com.br\/wp-content\/uploads\/2021\/10\/campodigital.jpg?resize=850%2C492&ssl=1",850,492,true],"ultp_layout_landscape":["https:\/\/i0.wp.com\/www.fazendaboqueiraorn.com.br\/wp-content\/uploads\/2021\/10\/campodigital.jpg?resize=850%2C492&ssl=1",850,492,true],"ultp_layout_portrait":["https:\/\/i0.wp.com\/www.fazendaboqueiraorn.com.br\/wp-content\/uploads\/2021\/10\/campodigital.jpg?resize=600%2C492&ssl=1",600,492,true],"ultp_layout_square":["https:\/\/i0.wp.com\/www.fazendaboqueiraorn.com.br\/wp-content\/uploads\/2021\/10\/campodigital.jpg?resize=600%2C492&ssl=1",600,492,true],"woocommerce_thumbnail":["https:\/\/www.fazendaboqueiraorn.com.br\/wp-content\/uploads\/2021\/10\/campodigital-300x300.jpg",300,300,true],"woocommerce_single":["https:\/\/www.fazendaboqueiraorn.com.br\/wp-content\/uploads\/2021\/10\/campodigital.jpg",600,347,false],"woocommerce_gallery_thumbnail":["https:\/\/www.fazendaboqueiraorn.com.br\/wp-content\/uploads\/2021\/10\/campodigital-100x100.jpg",100,100,true],"web-stories-poster-portrait":["https:\/\/www.fazendaboqueiraorn.com.br\/wp-content\/uploads\/2021\/10\/campodigital.jpg",640,370,false],"web-stories-publisher-logo":["https:\/\/www.fazendaboqueiraorn.com.br\/wp-content\/uploads\/2021\/10\/campodigital.jpg",96,56,false],"web-stories-thumbnail":["https:\/\/www.fazendaboqueiraorn.com.br\/wp-content\/uploads\/2021\/10\/campodigital.jpg",150,87,false]},"uagb_author_info":{"display_name":"Fazenda Boqueir\u00e3o","author_link":"https:\/\/www.fazendaboqueiraorn.com.br\/en\/author\/fazenda\/"},"uagb_comment_info":0,"uagb_excerpt":"O Facebook e a Baita, aceleradora sediada no Parque Tecnol\u00f3gico da Universidade Estadual de Campinas (Unicamp), abrem as inscri\u00e7\u00f5es para a edi\u00e7\u00e3o 2021 do Campo Digital, programa online e gratuito criado com o objetivo de acelerar startups com foco no agroneg\u00f3cio brasileiro.","jetpack_featured_media_url":"https:\/\/i0.wp.com\/www.fazendaboqueiraorn.com.br\/wp-content\/uploads\/2021\/10\/campodigital.jpg?fit=850%2C492&ssl=1","jetpack_sharing_enabled":true,"jetpack_likes_enabled":true,"_links":{"self":[{"href":"https:\/\/www.fazendaboqueiraorn.com.br\/en\/wp-json\/wp\/v2\/posts\/746","targetHints":{"allow":["GET"]}}],"collection":[{"href":"https:\/\/www.fazendaboqueiraorn.com.br\/en\/wp-json\/wp\/v2\/posts"}],"about":[{"href":"https:\/\/www.fazendaboqueiraorn.com.br\/en\/wp-json\/wp\/v2\/types\/post"}],"author":[{"embeddable":true,"href":"https:\/\/www.fazendaboqueiraorn.com.br\/en\/wp-json\/wp\/v2\/users\/2"}],"replies":[{"embeddable":true,"href":"https:\/\/www.fazendaboqueiraorn.com.br\/en\/wp-json\/wp\/v2\/comments?post=746"}],"version-history":[{"count":3,"href":"https:\/\/www.fazendaboqueiraorn.com.br\/en\/wp-json\/wp\/v2\/posts\/746\/revisions"}],"predecessor-version":[{"id":1189,"href":"https:\/\/www.fazendaboqueiraorn.com.br\/en\/wp-json\/wp\/v2\/posts\/746\/revisions\/1189"}],"wp:featuredmedia":[{"embeddable":true,"href":"https:\/\/www.fazendaboqueiraorn.com.br\/en\/wp-json\/wp\/v2\/media\/748"}],"wp:attachment":[{"href":"https:\/\/www.fazendaboqueiraorn.com.br\/en\/wp-json\/wp\/v2\/media?parent=746"}],"wp:term":[{"taxonomy":"category","embeddable":true,"href":"https:\/\/www.fazendaboqueiraorn.com.br\/en\/wp-json\/wp\/v2\/categories?post=746"},{"taxonomy":"post_tag","embeddable":true,"href":"https:\/\/www.fazendaboqueiraorn.com.br\/en\/wp-json\/wp\/v2\/tags?post=746"}],"curies":[{"name":"wp","href":"https:\/\/api.w.org\/{rel}","templated":true}]}}