{"id":731,"date":"2021-10-23T10:00:00","date_gmt":"2021-10-23T13:00:00","guid":{"rendered":"https:\/\/www.fazendaboqueiraorn.com.br\/?p=731"},"modified":"2022-08-02T07:26:52","modified_gmt":"2022-08-02T10:26:52","slug":"festa-do-boi-2021","status":"publish","type":"post","link":"https:\/\/www.fazendaboqueiraorn.com.br\/en\/festa-do-boi-2021\/","title":{"rendered":"Festa do Boi 2021 come\u00e7a dia 13 de novembro"},"content":{"rendered":"<p>Depois de um recesso for\u00e7ado devido \u00e0 pandemia do novo coronav\u00edrus que imp\u00f4s forte isolamento social e restri\u00e7\u00f5es \u00e0s atividades econ\u00f4micas, a Festa do Boi volta a ser presencial, com estimativa de movimentar R$ 50 milh\u00f5es e atrair cerca de 330 mil pessoas em oito dias. <\/p>\n\n\n\n<div class=\"wp-block-image\"><figure class=\"aligncenter size-full\"><img data-recalc-dims=\"1\" decoding=\"async\" loading=\"lazy\" src=\"https:\/\/i0.wp.com\/www.fazendaboqueiraorn.com.br\/wp-content\/uploads\/2021\/10\/festadoboi.jpg?ssl=1\" alt=\"\" class=\"wp-image-733\"\/><\/figure><\/div>\n\n\n\n<p>Este ano, a 59\u00aa Exposi\u00e7\u00e3o de Animais, M\u00e1quinas e Equipamentos Agr\u00edcolas do Rio Grande do Norte ser\u00e1 realizada de 13 e 20 de novembro no Parque Arist\u00f3fanes Fernandes, em Parnamirim, com 300 expositores, seguindo todos os protocolos de biosseguran\u00e7a, inclusive exigindo comprovante de vacina\u00e7\u00e3o para expositores, comerciantes, prestadores de servi\u00e7os e p\u00fablico. Um diferencial ser\u00e1 o acesso gratuito aos shows.<\/p>\n\n\n\n<p>Os detalhes do evento, consolidado como a maior exposi\u00e7\u00e3o agropecu\u00e1ria do Norte-Nordeste, foram apresentados nesta quinta-feira (21) pelo presidente da Associa\u00e7\u00e3o Norte-rio-grandense de Criadores (Anorc), Marcelo Passos, em um caf\u00e9 da manh\u00e3 com a presen\u00e7a da governadora do Estado, F\u00e1tima Bezerra, do vice-governador Antenor Roberto, e do prefeito de Parnamirim, Rosano Taveira, al\u00e9m de agropecuaristas, representantes de \u00f3rg\u00e3os p\u00fablicos voltados a agropecu\u00e1ria e parlamentares.<\/p>\n\n\n\n<p>Para o presidente da Anorc, Marcelo Passos, o retorno presencial da Festa do Boi \u201cbrinda a retomada das atividades agropecu\u00e1rias com muita responsabilidade e muita f\u00e9\u201d. Segundo ele, o mercado est\u00e1 sendo muito promissor na parte da comercializa\u00e7\u00e3o e no assento dos animais no Parque. \u201cA gente acredita que esse jejum que foi imposto pela pandemia vai fazer com que a sociedade rural, n\u00e3o s\u00f3 venha negociar, mas venha se atualizar, debater. Acredito que vamos ter um ambiente de pensar de fato porque as pol\u00edticas p\u00fablicas n\u00e3o chegam com mais velocidade no semi\u00e1rido nordestino\u201d, afirma o presidente da Anorc.<\/p>\n\n\n\n<p>O presidente da Anorc falou ainda em \u201cpoder de reconstru\u00e7\u00e3o\u201d. &#8220;O semi\u00e1rido precisa de planejamento, cr\u00e9dito e pol\u00edticas p\u00fablicas. Esse \u00e9 o papel da Anorc. A gente tem que sair daqui de m\u00e3os dadas, porque sem a atua\u00e7\u00e3o de todo esse colegiado, a gente n\u00e3o tem competitividade\u201d, disse, ao lembrar que estados vizinhos n\u00e3o possuem uma estrutura semelhante para exposi\u00e7\u00f5es e rodadas de neg\u00f3cios.<\/p>\n\n\n\n<p>Segundo a Anorc e Governo do Estado \u2013 que \u00e9 co-realizador da Festa do Boi, com investimento da ordem de R$ 300 mil \u2013 o evento que tem o agroneg\u00f3cio como carro-chefe, acontecer\u00e1 em sua plenitude, com todas as barracas, o retorno do parque de divers\u00f5es, food trucks, leil\u00f5es, julgamentos e shows musicais. Al\u00e9m do torneio leiteiro, da exposi\u00e7\u00e3o de animais, e de seis leil\u00f5es, o Parque receber\u00e1 a Fazendinha Emparn e Emater, a Ag\u00eancia Sebrae Festa do Boi, os desfiles de pista e julgamento, o 2\u00ba F\u00f3rum Nordeste do Agroneg\u00f3cio e a II reuni\u00e3o da Frente Parlamentar da Agropecu\u00e1ria, no dia 15 de novembro, \u00e0s 15h. A festa tamb\u00e9m ser\u00e1 uma vitrine para a piscicultura, carcinicultura, aquacultura, artesanato potiguar e para a queijeira artesanal.<\/p>\n\n\n\n<h2 class=\"wp-block-heading\">Shows gratuitos<\/h2>\n\n\n\n<p>Uma parceria atrav\u00e9s da Lei C\u00e2mara Cascudo possibilitou o acesso gratuito \u00e0 pista, com limita\u00e7\u00e3o apenas do n\u00famero de pessoas que a \u00e1rea comporta, de acordo com os protocolos sanit\u00e1rios vigentes. Segundo a Anorc, haver\u00e1 um credenciamento pr\u00e9vio, que ser\u00e1 detalhado nos pr\u00f3ximos dias. Camarotes pagos oferecer\u00e3o estrutura diferenciada para quem quiser garantir um pouco mais de conforto e privacidade.<\/p>\n\n\n\n<div class=\"wp-block-image\"><figure class=\"aligncenter size-full\"><img data-recalc-dims=\"1\" decoding=\"async\" width=\"678\" height=\"960\" loading=\"lazy\" src=\"https:\/\/i0.wp.com\/www.fazendaboqueiraorn.com.br\/wp-content\/uploads\/2021\/10\/parquearistofolefernandes_20211113.jpg?resize=678%2C960&#038;ssl=1\" alt=\"\" class=\"wp-image-740\" srcset=\"https:\/\/i0.wp.com\/www.fazendaboqueiraorn.com.br\/wp-content\/uploads\/2021\/10\/parquearistofolefernandes_20211113.jpg?w=678&amp;ssl=1 678w, https:\/\/i0.wp.com\/www.fazendaboqueiraorn.com.br\/wp-content\/uploads\/2021\/10\/parquearistofolefernandes_20211113.jpg?resize=600%2C850&amp;ssl=1 600w, https:\/\/i0.wp.com\/www.fazendaboqueiraorn.com.br\/wp-content\/uploads\/2021\/10\/parquearistofolefernandes_20211113.jpg?resize=212%2C300&amp;ssl=1 212w, https:\/\/i0.wp.com\/www.fazendaboqueiraorn.com.br\/wp-content\/uploads\/2021\/10\/parquearistofolefernandes_20211113.jpg?resize=8%2C12&amp;ssl=1 8w, https:\/\/i0.wp.com\/www.fazendaboqueiraorn.com.br\/wp-content\/uploads\/2021\/10\/parquearistofolefernandes_20211113.jpg?resize=636%2C900&amp;ssl=1 636w\" sizes=\"auto, (max-width: 678px) 100vw, 678px\" \/><\/figure><\/div>\n\n\n\n<p>A organiza\u00e7\u00e3o confirmou o j\u00e1 tradicional show de humor, que este ano ir\u00e1 reunir o consagrado Z\u00e9 Lezin e a revela\u00e7\u00e3o do humor potiguar Tiago Dion\u00edsio. Outras atra\u00e7\u00f5es foram confirmadas pela organiza\u00e7\u00e3o: no s\u00e1bado (13\/11) Simone e Sim\u00e1ria; Japinha Conde e Lucas Pavani; no dia 14\/11, Alceu Valen\u00e7a, Brisa Star e JM Puxado; no dia 19\/11, Z\u00e9 Cantor e Mano Walter; e 20\/11, Solange Almeida, Mara Pavanelly e a banda Cavalleiros.<\/p>\n\n\n\n<p>A 59\u00aa Festa do Boi tem os apoios da Assembleia Legislativa do RN, Banco do Brasil, Banco do Nordeste, Minist\u00e9rio da Agricultura, Pecu\u00e1ria e Abastecimento, Federa\u00e7\u00e3o da Agricultura do RN, AGN (Ag\u00eancia de Fomento do RN), Idiarn, Emparn e Emater.<\/p>\n\n\n\n<h2 class=\"wp-block-heading\">PROGRAMA\u00c7\u00c3O OFICIAL<\/h2>\n\n\n\n<h3 class=\"wp-block-heading\"><br>ENTRADA DOS ANIMAIS NO PARQUE<\/h3>\n\n\n\n<p>08\/11\/21 a 11\/11\/21<br>(Ra\u00e7as zebu\u00ednas)<\/p>\n\n\n\n<p>12\/11\/21 ( Demais ra\u00e7as )<\/p>\n\n\n\n<h3 class=\"wp-block-heading\">13 de novembro (S\u00e1bado)<\/h3>\n\n\n\n<p>12h \u2013 Abertura dos port\u00f5es<br>17h \u2013 Solenidade de abertura da 59\u00aa Festa do Boi<br>21h \u2013 Shows: <a href=\"https:\/\/www.godela.com.br\/evento\/24477\/simone-simaria-e-japinha-conde-festa-do-boi-2021\/\" target=\"_blank\" rel=\"noreferrer noopener\">Simone e Simaria e Japinha Conde<\/a><\/p>\n\n\n\n<h3 class=\"wp-block-heading\">14 de novembro (domingo)<\/h3>\n\n\n\n<p>12h \u2013 Abertura dos port\u00f5es<br>17h \u2013 Leil\u00e3o Emparn e Convidados<br>17h \u2013 Missa campal<br>21h \u2013 Shows: <a href=\"https:\/\/www.godela.com.br\/evento\/24478\/alceu-valenca-brisa-star-e-jm-puxado-festa-do-boi-2021\/\" target=\"_blank\" rel=\"noreferrer noopener\">Alceu Valen\u00e7a, JM Puxado e Brisa Star<\/a><\/p>\n\n\n\n<h3 class=\"wp-block-heading\">15 de novembro (segunda-feira)<\/h3>\n\n\n\n<p>12h \u2013 Abertura dos port\u00f5es<br>10h &#8211; Reuni\u00e3o da Frente Parlamentar da Agropecu\u00e1ria do Congresso Nacional.<br>19h \u2013 Shows de humor: Tiago Dion\u00edsio e Z\u00e9 Lezin<\/p>\n\n\n\n<h3 class=\"wp-block-heading\">16 de novembro (ter\u00e7a-feira)<\/h3>\n\n\n\n<p>12h \u2013 Abertura dos port\u00f5es<br>19h \u2013 Leil\u00e3o NGG e Convidados<\/p>\n\n\n\n<h3 class=\"wp-block-heading\">17 de novembro (quarta-feira)<\/h3>\n\n\n\n<p>12h \u2013 Abertura dos port\u00f5es<br>19h \u2013 Leil\u00e3o Nuleite<\/p>\n\n\n\n<h3 class=\"wp-block-heading\">18 de novembro (quinta-feira)<\/h3>\n\n\n\n<p>12h \u2013 Abertura dos port\u00f5es<br>19h \u2013 Leil\u00e3o Estrelas do Sindi<\/p>\n\n\n\n<h3 class=\"wp-block-heading\">19 de novembro (sexta-feira)<\/h3>\n\n\n\n<p>10h \u2013 2\u00aa Reuni\u00e3o da Frente Parlamentar da Agropecu\u00e1ria da Assembleia Legislativa do RN<br>12h \u2013 Abertura dos port\u00f5es<br>19h \u2013 Leil\u00e3o P\u00e9rolas do Nordeste<br>21h \u2013 Shows: <a href=\"https:\/\/www.godela.com.br\/evento\/24479\/ze-cantor-e-mano-walter-festa-do-boi-2021\/\" target=\"_blank\" rel=\"noreferrer noopener\">Z\u00e9 Cantor e Mano Walter<\/a><\/p>\n\n\n\n<h3 class=\"wp-block-heading\">20 de novembro (s\u00e1bado)<\/h3>\n\n\n\n<p>12h \u2013 Leil\u00e3o Montana e Convidados<br>12h \u2013 Abertura dos Port\u00f5es<br>21h \u2013 Shows: <a href=\"https:\/\/www.godela.com.br\/evento\/24480\/solange-almeida-mara-pavanelly-e-cavaleiros-festa-do-boi-2021\/\" target=\"_blank\" rel=\"noreferrer noopener\">Solange Almeida, Mara Pavanelly, Cavaleiros e Torneio Leiteiro<\/a><\/p>","protected":false},"excerpt":{"rendered":"<p>Depois de um recesso for\u00e7ado devido \u00e0 pandemia do novo coronav\u00edrus que imp\u00f4s forte isolamento social e restri\u00e7\u00f5es \u00e0s atividades econ\u00f4micas, a Festa do Boi volta a ser presencial, com estimativa de movimentar R$ 50 milh\u00f5es e atrair cerca de 330 mil pessoas em oito dias.<\/p>","protected":false},"author":2,"featured_media":733,"comment_status":"open","ping_status":"open","sticky":false,"template":"","format":"standard","meta":{"nf_dc_page":"","_uag_custom_page_level_css":"","site-sidebar-layout":"default","site-content-layout":"","ast-site-content-layout":"default","site-content-style":"default","site-sidebar-style":"default","ast-global-header-display":"","ast-banner-title-visibility":"","ast-main-header-display":"","ast-hfb-above-header-display":"","ast-hfb-below-header-display":"","ast-hfb-mobile-header-display":"","site-post-title":"","ast-breadcrumbs-content":"","ast-featured-img":"","footer-sml-layout":"","ast-disable-related-posts":"","theme-transparent-header-meta":"","adv-header-id-meta":"","stick-header-meta":"","header-above-stick-meta":"","header-main-stick-meta":"","header-below-stick-meta":"","astra-migrate-meta-layouts":"default","ast-page-background-enabled":"default","ast-page-background-meta":{"desktop":{"background-color":"var(--ast-global-color-4)","background-image":"","background-repeat":"repeat","background-position":"center center","background-size":"auto","background-attachment":"scroll","background-type":"","background-media":"","overlay-type":"","overlay-color":"","overlay-opacity":"","overlay-gradient":""},"tablet":{"background-color":"","background-image":"","background-repeat":"repeat","background-position":"center center","background-size":"auto","background-attachment":"scroll","background-type":"","background-media":"","overlay-type":"","overlay-color":"","overlay-opacity":"","overlay-gradient":""},"mobile":{"background-color":"","background-image":"","background-repeat":"repeat","background-position":"center center","background-size":"auto","background-attachment":"scroll","background-type":"","background-media":"","overlay-type":"","overlay-color":"","overlay-opacity":"","overlay-gradient":""}},"ast-content-background-meta":{"desktop":{"background-color":"var(--ast-global-color-5)","background-image":"","background-repeat":"repeat","background-position":"center center","background-size":"auto","background-attachment":"scroll","background-type":"","background-media":"","overlay-type":"","overlay-color":"","overlay-opacity":"","overlay-gradient":""},"tablet":{"background-color":"var(--ast-global-color-5)","background-image":"","background-repeat":"repeat","background-position":"center center","background-size":"auto","background-attachment":"scroll","background-type":"","background-media":"","overlay-type":"","overlay-color":"","overlay-opacity":"","overlay-gradient":""},"mobile":{"background-color":"var(--ast-global-color-5)","background-image":"","background-repeat":"repeat","background-position":"center center","background-size":"auto","background-attachment":"scroll","background-type":"","background-media":"","overlay-type":"","overlay-color":"","overlay-opacity":"","overlay-gradient":""}},"jetpack_post_was_ever_published":false,"_jetpack_newsletter_access":"","_jetpack_dont_email_post_to_subs":false,"_jetpack_newsletter_tier_id":0,"_jetpack_memberships_contains_paywalled_content":false,"_jetpack_memberships_contains_paid_content":false,"footnotes":"","jetpack_publicize_message":"","jetpack_publicize_feature_enabled":true,"jetpack_social_post_already_shared":false,"jetpack_social_options":{"image_generator_settings":{"template":"highway","default_image_id":0,"font":"","enabled":false},"version":2}},"categories":[429],"tags":[166,6,168,17,18,485,165,26,167,51],"class_list":["post-731","post","type-post","status-publish","format-standard","has-post-thumbnail","hentry","category-eventos","tag-166","tag-agricultura","tag-anorc","tag-congresso","tag-evento","tag-exposicao","tag-festa-do-boi","tag-nordeste","tag-parque-aristofanes-fernandes","tag-rio-grande-do-norte"],"yoast_head":"<!-- This site is optimized with the Yoast SEO plugin v27.5 - https:\/\/yoast.com\/product\/yoast-seo-wordpress\/ -->\n<title>Festa do Boi 2021 come\u00e7a dia 13 de novembro - Fazenda Boqueir\u00e3o<\/title>\n<meta name=\"description\" content=\"Depois de um recesso for\u00e7ado devido \u00e0 pandemia do novo coronav\u00edrus que imp\u00f4s forte isolamento social e restri\u00e7\u00f5es \u00e0s atividades econ\u00f4micas, a Festa do Boi volta a ser presencial, com estimativa de movimentar R$ 50 milh\u00f5es e atrair cerca de 330 mil pessoas em oito dias.\" \/>\n<meta name=\"robots\" content=\"index, follow, max-snippet:-1, max-image-preview:large, max-video-preview:-1\" \/>\n<link rel=\"canonical\" href=\"https:\/\/www.fazendaboqueiraorn.com.br\/en\/festa-do-boi-2021\/\" \/>\n<meta property=\"og:locale\" content=\"en_US\" \/>\n<meta property=\"og:type\" content=\"article\" \/>\n<meta property=\"og:title\" content=\"Festa do Boi 2021 come\u00e7a dia 13 de novembro - Fazenda Boqueir\u00e3o\" \/>\n<meta property=\"og:description\" content=\"Depois de um recesso for\u00e7ado devido \u00e0 pandemia do novo coronav\u00edrus que imp\u00f4s forte isolamento social e restri\u00e7\u00f5es \u00e0s atividades econ\u00f4micas, a Festa do Boi volta a ser presencial, com estimativa de movimentar R$ 50 milh\u00f5es e atrair cerca de 330 mil pessoas em oito dias.\" \/>\n<meta property=\"og:url\" content=\"https:\/\/www.fazendaboqueiraorn.com.br\/en\/festa-do-boi-2021\/\" \/>\n<meta property=\"og:site_name\" content=\"Fazenda Boqueir\u00e3o\" \/>\n<meta property=\"article:publisher\" content=\"https:\/\/www.facebook.com\/fazboqueirao\" \/>\n<meta property=\"article:published_time\" content=\"2021-10-23T13:00:00+00:00\" \/>\n<meta property=\"article:modified_time\" content=\"2022-08-02T10:26:52+00:00\" \/>\n<meta property=\"og:image\" content=\"https:\/\/www.fazendaboqueiraorn.com.br\/wp-content\/uploads\/2021\/10\/festadoboi.jpg\" \/>\n\t<meta property=\"og:image:width\" content=\"1024\" \/>\n\t<meta property=\"og:image:height\" content=\"661\" \/>\n\t<meta property=\"og:image:type\" content=\"image\/jpeg\" \/>\n<meta name=\"author\" content=\"Fazenda Boqueir\u00e3o\" \/>\n<meta name=\"twitter:card\" content=\"summary_large_image\" \/>\n<meta name=\"twitter:creator\" content=\"@FazBoqueirao\" \/>\n<meta name=\"twitter:site\" content=\"@FazBoqueirao\" \/>\n<meta name=\"twitter:label1\" content=\"Written by\" \/>\n\t<meta name=\"twitter:data1\" content=\"Fazenda Boqueir\u00e3o\" \/>\n\t<meta name=\"twitter:label2\" content=\"Est. reading time\" \/>\n\t<meta name=\"twitter:data2\" content=\"4 minutes\" \/>\n<script type=\"application\/ld+json\" class=\"yoast-schema-graph\">{\"@context\":\"https:\\\/\\\/schema.org\",\"@graph\":[{\"@type\":\"Article\",\"@id\":\"https:\\\/\\\/www.fazendaboqueiraorn.com.br\\\/festa-do-boi-2021\\\/#article\",\"isPartOf\":{\"@id\":\"https:\\\/\\\/www.fazendaboqueiraorn.com.br\\\/festa-do-boi-2021\\\/\"},\"author\":{\"name\":\"Fazenda Boqueir\u00e3o\",\"@id\":\"https:\\\/\\\/www.fazendaboqueiraorn.com.br\\\/#\\\/schema\\\/person\\\/70484dc96f76e66c6365a9f4a2ebfb02\"},\"headline\":\"Festa do Boi 2021 come\u00e7a dia 13 de novembro\",\"datePublished\":\"2021-10-23T13:00:00+00:00\",\"dateModified\":\"2022-08-02T10:26:52+00:00\",\"mainEntityOfPage\":{\"@id\":\"https:\\\/\\\/www.fazendaboqueiraorn.com.br\\\/festa-do-boi-2021\\\/\"},\"wordCount\":892,\"commentCount\":0,\"publisher\":{\"@id\":\"https:\\\/\\\/www.fazendaboqueiraorn.com.br\\\/#organization\"},\"image\":{\"@id\":\"https:\\\/\\\/www.fazendaboqueiraorn.com.br\\\/festa-do-boi-2021\\\/#primaryimage\"},\"thumbnailUrl\":\"https:\\\/\\\/i0.wp.com\\\/www.fazendaboqueiraorn.com.br\\\/wp-content\\\/uploads\\\/2021\\\/10\\\/festadoboi-scaled.jpg?fit=1000%2C646&ssl=1\",\"keywords\":[\"2021\",\"Agricultura\",\"ANORC\",\"congresso\",\"evento\",\"exposi\u00e7\u00e3o\",\"Festa do Boi\",\"Nordeste\",\"Parque Arist\u00f3fanes Fernandes\",\"Rio Grande do Norte\"],\"articleSection\":[\"Eventos\"],\"inLanguage\":\"en-US\",\"potentialAction\":[{\"@type\":\"CommentAction\",\"name\":\"Comment\",\"target\":[\"https:\\\/\\\/www.fazendaboqueiraorn.com.br\\\/festa-do-boi-2021\\\/#respond\"]}]},{\"@type\":\"WebPage\",\"@id\":\"https:\\\/\\\/www.fazendaboqueiraorn.com.br\\\/festa-do-boi-2021\\\/\",\"url\":\"https:\\\/\\\/www.fazendaboqueiraorn.com.br\\\/festa-do-boi-2021\\\/\",\"name\":\"Festa do Boi 2021 come\u00e7a dia 13 de novembro - Fazenda Boqueir\u00e3o\",\"isPartOf\":{\"@id\":\"https:\\\/\\\/www.fazendaboqueiraorn.com.br\\\/#website\"},\"primaryImageOfPage\":{\"@id\":\"https:\\\/\\\/www.fazendaboqueiraorn.com.br\\\/festa-do-boi-2021\\\/#primaryimage\"},\"image\":{\"@id\":\"https:\\\/\\\/www.fazendaboqueiraorn.com.br\\\/festa-do-boi-2021\\\/#primaryimage\"},\"thumbnailUrl\":\"https:\\\/\\\/i0.wp.com\\\/www.fazendaboqueiraorn.com.br\\\/wp-content\\\/uploads\\\/2021\\\/10\\\/festadoboi-scaled.jpg?fit=1000%2C646&ssl=1\",\"datePublished\":\"2021-10-23T13:00:00+00:00\",\"dateModified\":\"2022-08-02T10:26:52+00:00\",\"description\":\"Depois de um recesso for\u00e7ado devido \u00e0 pandemia do novo coronav\u00edrus que imp\u00f4s forte isolamento social e restri\u00e7\u00f5es \u00e0s atividades econ\u00f4micas, a Festa do Boi volta a ser presencial, com estimativa de movimentar R$ 50 milh\u00f5es e atrair cerca de 330 mil pessoas em oito dias.\",\"breadcrumb\":{\"@id\":\"https:\\\/\\\/www.fazendaboqueiraorn.com.br\\\/festa-do-boi-2021\\\/#breadcrumb\"},\"inLanguage\":\"en-US\",\"potentialAction\":[{\"@type\":\"ReadAction\",\"target\":[\"https:\\\/\\\/www.fazendaboqueiraorn.com.br\\\/festa-do-boi-2021\\\/\"]}]},{\"@type\":\"ImageObject\",\"inLanguage\":\"en-US\",\"@id\":\"https:\\\/\\\/www.fazendaboqueiraorn.com.br\\\/festa-do-boi-2021\\\/#primaryimage\",\"url\":\"https:\\\/\\\/i0.wp.com\\\/www.fazendaboqueiraorn.com.br\\\/wp-content\\\/uploads\\\/2021\\\/10\\\/festadoboi-scaled.jpg?fit=1000%2C646&ssl=1\",\"contentUrl\":\"https:\\\/\\\/i0.wp.com\\\/www.fazendaboqueiraorn.com.br\\\/wp-content\\\/uploads\\\/2021\\\/10\\\/festadoboi-scaled.jpg?fit=1000%2C646&ssl=1\",\"width\":1000,\"height\":646},{\"@type\":\"BreadcrumbList\",\"@id\":\"https:\\\/\\\/www.fazendaboqueiraorn.com.br\\\/festa-do-boi-2021\\\/#breadcrumb\",\"itemListElement\":[{\"@type\":\"ListItem\",\"position\":1,\"name\":\"Home\",\"item\":\"https:\\\/\\\/www.fazendaboqueiraorn.com.br\\\/\"},{\"@type\":\"ListItem\",\"position\":2,\"name\":\"Festa do Boi 2021 come\u00e7a dia 13 de novembro\"}]},{\"@type\":\"WebSite\",\"@id\":\"https:\\\/\\\/www.fazendaboqueiraorn.com.br\\\/#website\",\"url\":\"https:\\\/\\\/www.fazendaboqueiraorn.com.br\\\/\",\"name\":\"Fazenda Boqueir\u00e3o\",\"description\":\"\",\"publisher\":{\"@id\":\"https:\\\/\\\/www.fazendaboqueiraorn.com.br\\\/#organization\"},\"potentialAction\":[{\"@type\":\"SearchAction\",\"target\":{\"@type\":\"EntryPoint\",\"urlTemplate\":\"https:\\\/\\\/www.fazendaboqueiraorn.com.br\\\/?s={search_term_string}\"},\"query-input\":{\"@type\":\"PropertyValueSpecification\",\"valueRequired\":true,\"valueName\":\"search_term_string\"}}],\"inLanguage\":\"en-US\"},{\"@type\":\"Organization\",\"@id\":\"https:\\\/\\\/www.fazendaboqueiraorn.com.br\\\/#organization\",\"name\":\"Fazenda Boqueir\u00e3o\",\"url\":\"https:\\\/\\\/www.fazendaboqueiraorn.com.br\\\/\",\"logo\":{\"@type\":\"ImageObject\",\"inLanguage\":\"en-US\",\"@id\":\"https:\\\/\\\/www.fazendaboqueiraorn.com.br\\\/#\\\/schema\\\/logo\\\/image\\\/\",\"url\":\"https:\\\/\\\/i0.wp.com\\\/www.fazendaboqueiraorn.com.br\\\/wp-content\\\/uploads\\\/2021\\\/08\\\/logo-fazenda-120x120-1.png?fit=120%2C120&ssl=1\",\"contentUrl\":\"https:\\\/\\\/i0.wp.com\\\/www.fazendaboqueiraorn.com.br\\\/wp-content\\\/uploads\\\/2021\\\/08\\\/logo-fazenda-120x120-1.png?fit=120%2C120&ssl=1\",\"width\":120,\"height\":120,\"caption\":\"Fazenda Boqueir\u00e3o\"},\"image\":{\"@id\":\"https:\\\/\\\/www.fazendaboqueiraorn.com.br\\\/#\\\/schema\\\/logo\\\/image\\\/\"},\"sameAs\":[\"https:\\\/\\\/www.facebook.com\\\/fazboqueirao\",\"https:\\\/\\\/x.com\\\/FazBoqueirao\",\"http:\\\/\\\/instagram.com\\\/fazboqueirao\\\/\",\"https:\\\/\\\/www.linkedin.com\\\/company\\\/fazboqueirao\\\/\",\"https:\\\/\\\/www.youtube.com\\\/channel\\\/UCUA4_8v8HkmMeNUh8c6Ky1Q\"]},{\"@type\":\"Person\",\"@id\":\"https:\\\/\\\/www.fazendaboqueiraorn.com.br\\\/#\\\/schema\\\/person\\\/70484dc96f76e66c6365a9f4a2ebfb02\",\"name\":\"Fazenda Boqueir\u00e3o\",\"image\":{\"@type\":\"ImageObject\",\"inLanguage\":\"en-US\",\"@id\":\"https:\\\/\\\/secure.gravatar.com\\\/avatar\\\/19f19467ae305ded5d913deae2fb6c6f29fe88a0a7f3a4dca5679407289a9efd?s=96&d=mm&r=g\",\"url\":\"https:\\\/\\\/secure.gravatar.com\\\/avatar\\\/19f19467ae305ded5d913deae2fb6c6f29fe88a0a7f3a4dca5679407289a9efd?s=96&d=mm&r=g\",\"contentUrl\":\"https:\\\/\\\/secure.gravatar.com\\\/avatar\\\/19f19467ae305ded5d913deae2fb6c6f29fe88a0a7f3a4dca5679407289a9efd?s=96&d=mm&r=g\",\"caption\":\"Fazenda Boqueir\u00e3o\"},\"url\":\"https:\\\/\\\/www.fazendaboqueiraorn.com.br\\\/en\\\/author\\\/fazenda\\\/\"}]}<\/script>\n<!-- \/ Yoast SEO plugin. -->","yoast_head_json":{"title":"Festa do Boi 2021 come\u00e7a dia 13 de novembro - Fazenda Boqueir\u00e3o","description":"Depois de um recesso for\u00e7ado devido \u00e0 pandemia do novo coronav\u00edrus que imp\u00f4s forte isolamento social e restri\u00e7\u00f5es \u00e0s atividades econ\u00f4micas, a Festa do Boi volta a ser presencial, com estimativa de movimentar R$ 50 milh\u00f5es e atrair cerca de 330 mil pessoas em oito dias.","robots":{"index":"index","follow":"follow","max-snippet":"max-snippet:-1","max-image-preview":"max-image-preview:large","max-video-preview":"max-video-preview:-1"},"canonical":"https:\/\/www.fazendaboqueiraorn.com.br\/en\/festa-do-boi-2021\/","og_locale":"en_US","og_type":"article","og_title":"Festa do Boi 2021 come\u00e7a dia 13 de novembro - Fazenda Boqueir\u00e3o","og_description":"Depois de um recesso for\u00e7ado devido \u00e0 pandemia do novo coronav\u00edrus que imp\u00f4s forte isolamento social e restri\u00e7\u00f5es \u00e0s atividades econ\u00f4micas, a Festa do Boi volta a ser presencial, com estimativa de movimentar R$ 50 milh\u00f5es e atrair cerca de 330 mil pessoas em oito dias.","og_url":"https:\/\/www.fazendaboqueiraorn.com.br\/en\/festa-do-boi-2021\/","og_site_name":"Fazenda Boqueir\u00e3o","article_publisher":"https:\/\/www.facebook.com\/fazboqueirao","article_published_time":"2021-10-23T13:00:00+00:00","article_modified_time":"2022-08-02T10:26:52+00:00","og_image":[{"width":1024,"height":661,"url":"https:\/\/www.fazendaboqueiraorn.com.br\/wp-content\/uploads\/2021\/10\/festadoboi.jpg","type":"image\/jpeg"}],"author":"Fazenda Boqueir\u00e3o","twitter_card":"summary_large_image","twitter_creator":"@FazBoqueirao","twitter_site":"@FazBoqueirao","twitter_misc":{"Written by":"Fazenda Boqueir\u00e3o","Est. reading time":"4 minutes"},"schema":{"@context":"https:\/\/schema.org","@graph":[{"@type":"Article","@id":"https:\/\/www.fazendaboqueiraorn.com.br\/festa-do-boi-2021\/#article","isPartOf":{"@id":"https:\/\/www.fazendaboqueiraorn.com.br\/festa-do-boi-2021\/"},"author":{"name":"Fazenda Boqueir\u00e3o","@id":"https:\/\/www.fazendaboqueiraorn.com.br\/#\/schema\/person\/70484dc96f76e66c6365a9f4a2ebfb02"},"headline":"Festa do Boi 2021 come\u00e7a dia 13 de novembro","datePublished":"2021-10-23T13:00:00+00:00","dateModified":"2022-08-02T10:26:52+00:00","mainEntityOfPage":{"@id":"https:\/\/www.fazendaboqueiraorn.com.br\/festa-do-boi-2021\/"},"wordCount":892,"commentCount":0,"publisher":{"@id":"https:\/\/www.fazendaboqueiraorn.com.br\/#organization"},"image":{"@id":"https:\/\/www.fazendaboqueiraorn.com.br\/festa-do-boi-2021\/#primaryimage"},"thumbnailUrl":"https:\/\/i0.wp.com\/www.fazendaboqueiraorn.com.br\/wp-content\/uploads\/2021\/10\/festadoboi-scaled.jpg?fit=1000%2C646&ssl=1","keywords":["2021","Agricultura","ANORC","congresso","evento","exposi\u00e7\u00e3o","Festa do Boi","Nordeste","Parque Arist\u00f3fanes Fernandes","Rio Grande do Norte"],"articleSection":["Eventos"],"inLanguage":"en-US","potentialAction":[{"@type":"CommentAction","name":"Comment","target":["https:\/\/www.fazendaboqueiraorn.com.br\/festa-do-boi-2021\/#respond"]}]},{"@type":"WebPage","@id":"https:\/\/www.fazendaboqueiraorn.com.br\/festa-do-boi-2021\/","url":"https:\/\/www.fazendaboqueiraorn.com.br\/festa-do-boi-2021\/","name":"Festa do Boi 2021 come\u00e7a dia 13 de novembro - Fazenda Boqueir\u00e3o","isPartOf":{"@id":"https:\/\/www.fazendaboqueiraorn.com.br\/#website"},"primaryImageOfPage":{"@id":"https:\/\/www.fazendaboqueiraorn.com.br\/festa-do-boi-2021\/#primaryimage"},"image":{"@id":"https:\/\/www.fazendaboqueiraorn.com.br\/festa-do-boi-2021\/#primaryimage"},"thumbnailUrl":"https:\/\/i0.wp.com\/www.fazendaboqueiraorn.com.br\/wp-content\/uploads\/2021\/10\/festadoboi-scaled.jpg?fit=1000%2C646&ssl=1","datePublished":"2021-10-23T13:00:00+00:00","dateModified":"2022-08-02T10:26:52+00:00","description":"Depois de um recesso for\u00e7ado devido \u00e0 pandemia do novo coronav\u00edrus que imp\u00f4s forte isolamento social e restri\u00e7\u00f5es \u00e0s atividades econ\u00f4micas, a Festa do Boi volta a ser presencial, com estimativa de movimentar R$ 50 milh\u00f5es e atrair cerca de 330 mil pessoas em oito dias.","breadcrumb":{"@id":"https:\/\/www.fazendaboqueiraorn.com.br\/festa-do-boi-2021\/#breadcrumb"},"inLanguage":"en-US","potentialAction":[{"@type":"ReadAction","target":["https:\/\/www.fazendaboqueiraorn.com.br\/festa-do-boi-2021\/"]}]},{"@type":"ImageObject","inLanguage":"en-US","@id":"https:\/\/www.fazendaboqueiraorn.com.br\/festa-do-boi-2021\/#primaryimage","url":"https:\/\/i0.wp.com\/www.fazendaboqueiraorn.com.br\/wp-content\/uploads\/2021\/10\/festadoboi-scaled.jpg?fit=1000%2C646&ssl=1","contentUrl":"https:\/\/i0.wp.com\/www.fazendaboqueiraorn.com.br\/wp-content\/uploads\/2021\/10\/festadoboi-scaled.jpg?fit=1000%2C646&ssl=1","width":1000,"height":646},{"@type":"BreadcrumbList","@id":"https:\/\/www.fazendaboqueiraorn.com.br\/festa-do-boi-2021\/#breadcrumb","itemListElement":[{"@type":"ListItem","position":1,"name":"Home","item":"https:\/\/www.fazendaboqueiraorn.com.br\/"},{"@type":"ListItem","position":2,"name":"Festa do Boi 2021 come\u00e7a dia 13 de novembro"}]},{"@type":"WebSite","@id":"https:\/\/www.fazendaboqueiraorn.com.br\/#website","url":"https:\/\/www.fazendaboqueiraorn.com.br\/","name":"Fazenda Boqueir\u00e3o","description":"","publisher":{"@id":"https:\/\/www.fazendaboqueiraorn.com.br\/#organization"},"potentialAction":[{"@type":"SearchAction","target":{"@type":"EntryPoint","urlTemplate":"https:\/\/www.fazendaboqueiraorn.com.br\/?s={search_term_string}"},"query-input":{"@type":"PropertyValueSpecification","valueRequired":true,"valueName":"search_term_string"}}],"inLanguage":"en-US"},{"@type":"Organization","@id":"https:\/\/www.fazendaboqueiraorn.com.br\/#organization","name":"Fazenda Boqueir\u00e3o","url":"https:\/\/www.fazendaboqueiraorn.com.br\/","logo":{"@type":"ImageObject","inLanguage":"en-US","@id":"https:\/\/www.fazendaboqueiraorn.com.br\/#\/schema\/logo\/image\/","url":"https:\/\/i0.wp.com\/www.fazendaboqueiraorn.com.br\/wp-content\/uploads\/2021\/08\/logo-fazenda-120x120-1.png?fit=120%2C120&ssl=1","contentUrl":"https:\/\/i0.wp.com\/www.fazendaboqueiraorn.com.br\/wp-content\/uploads\/2021\/08\/logo-fazenda-120x120-1.png?fit=120%2C120&ssl=1","width":120,"height":120,"caption":"Fazenda Boqueir\u00e3o"},"image":{"@id":"https:\/\/www.fazendaboqueiraorn.com.br\/#\/schema\/logo\/image\/"},"sameAs":["https:\/\/www.facebook.com\/fazboqueirao","https:\/\/x.com\/FazBoqueirao","http:\/\/instagram.com\/fazboqueirao\/","https:\/\/www.linkedin.com\/company\/fazboqueirao\/","https:\/\/www.youtube.com\/channel\/UCUA4_8v8HkmMeNUh8c6Ky1Q"]},{"@type":"Person","@id":"https:\/\/www.fazendaboqueiraorn.com.br\/#\/schema\/person\/70484dc96f76e66c6365a9f4a2ebfb02","name":"Fazenda Boqueir\u00e3o","image":{"@type":"ImageObject","inLanguage":"en-US","@id":"https:\/\/secure.gravatar.com\/avatar\/19f19467ae305ded5d913deae2fb6c6f29fe88a0a7f3a4dca5679407289a9efd?s=96&d=mm&r=g","url":"https:\/\/secure.gravatar.com\/avatar\/19f19467ae305ded5d913deae2fb6c6f29fe88a0a7f3a4dca5679407289a9efd?s=96&d=mm&r=g","contentUrl":"https:\/\/secure.gravatar.com\/avatar\/19f19467ae305ded5d913deae2fb6c6f29fe88a0a7f3a4dca5679407289a9efd?s=96&d=mm&r=g","caption":"Fazenda Boqueir\u00e3o"},"url":"https:\/\/www.fazendaboqueiraorn.com.br\/en\/author\/fazenda\/"}]}},"jetpack_publicize_connections":[],"uagb_featured_image_src":{"full":["https:\/\/i0.wp.com\/www.fazendaboqueiraorn.com.br\/wp-content\/uploads\/2021\/10\/festadoboi-scaled.jpg?fit=1000%2C646&ssl=1",1000,646,false],"thumbnail":["https:\/\/i0.wp.com\/www.fazendaboqueiraorn.com.br\/wp-content\/uploads\/2021\/10\/festadoboi-scaled.jpg?resize=150%2C150&ssl=1",150,150,true],"medium":["https:\/\/i0.wp.com\/www.fazendaboqueiraorn.com.br\/wp-content\/uploads\/2021\/10\/festadoboi-scaled.jpg?fit=300%2C194&ssl=1",300,194,true],"medium_large":["https:\/\/i0.wp.com\/www.fazendaboqueiraorn.com.br\/wp-content\/uploads\/2021\/10\/festadoboi-scaled.jpg?fit=768%2C496&ssl=1",768,496,true],"large":["https:\/\/i0.wp.com\/www.fazendaboqueiraorn.com.br\/wp-content\/uploads\/2021\/10\/festadoboi-scaled.jpg?fit=1000%2C646&ssl=1",1000,646,true],"1536x1536":["https:\/\/i0.wp.com\/www.fazendaboqueiraorn.com.br\/wp-content\/uploads\/2021\/10\/festadoboi-scaled.jpg?fit=1000%2C646&ssl=1",1000,646,true],"2048x2048":["https:\/\/i0.wp.com\/www.fazendaboqueiraorn.com.br\/wp-content\/uploads\/2021\/10\/festadoboi-scaled.jpg?fit=1000%2C646&ssl=1",1000,646,true],"trp-custom-language-flag":["https:\/\/i0.wp.com\/www.fazendaboqueiraorn.com.br\/wp-content\/uploads\/2021\/10\/festadoboi-scaled.jpg?fit=18%2C12&ssl=1",18,12,true],"ultp_layout_landscape_large":["https:\/\/i0.wp.com\/www.fazendaboqueiraorn.com.br\/wp-content\/uploads\/2021\/10\/festadoboi-scaled.jpg?resize=1000%2C646&ssl=1",1000,646,true],"ultp_layout_landscape":["https:\/\/i0.wp.com\/www.fazendaboqueiraorn.com.br\/wp-content\/uploads\/2021\/10\/festadoboi-scaled.jpg?resize=870%2C570&ssl=1",870,570,true],"ultp_layout_portrait":["https:\/\/i0.wp.com\/www.fazendaboqueiraorn.com.br\/wp-content\/uploads\/2021\/10\/festadoboi-scaled.jpg?resize=600%2C646&ssl=1",600,646,true],"ultp_layout_square":["https:\/\/i0.wp.com\/www.fazendaboqueiraorn.com.br\/wp-content\/uploads\/2021\/10\/festadoboi-scaled.jpg?resize=600%2C600&ssl=1",600,600,true],"woocommerce_thumbnail":["https:\/\/www.fazendaboqueiraorn.com.br\/wp-content\/uploads\/2021\/10\/festadoboi-300x300.jpg",300,300,true],"woocommerce_single":["https:\/\/www.fazendaboqueiraorn.com.br\/wp-content\/uploads\/2021\/10\/festadoboi-scaled.jpg",600,388,false],"woocommerce_gallery_thumbnail":["https:\/\/www.fazendaboqueiraorn.com.br\/wp-content\/uploads\/2021\/10\/festadoboi-100x100.jpg",100,100,true],"web-stories-poster-portrait":["https:\/\/www.fazendaboqueiraorn.com.br\/wp-content\/uploads\/2021\/10\/festadoboi-scaled.jpg",640,413,false],"web-stories-publisher-logo":["https:\/\/www.fazendaboqueiraorn.com.br\/wp-content\/uploads\/2021\/10\/festadoboi-scaled.jpg",96,62,false],"web-stories-thumbnail":["https:\/\/www.fazendaboqueiraorn.com.br\/wp-content\/uploads\/2021\/10\/festadoboi-scaled.jpg",150,97,false]},"uagb_author_info":{"display_name":"Fazenda Boqueir\u00e3o","author_link":"https:\/\/www.fazendaboqueiraorn.com.br\/en\/author\/fazenda\/"},"uagb_comment_info":0,"uagb_excerpt":"Depois de um recesso for\u00e7ado devido \u00e0 pandemia do novo coronav\u00edrus que imp\u00f4s forte isolamento social e restri\u00e7\u00f5es \u00e0s atividades econ\u00f4micas, a Festa do Boi volta a ser presencial, com estimativa de movimentar R$ 50 milh\u00f5es e atrair cerca de 330 mil pessoas em oito dias.","jetpack_featured_media_url":"https:\/\/i0.wp.com\/www.fazendaboqueiraorn.com.br\/wp-content\/uploads\/2021\/10\/festadoboi-scaled.jpg?fit=1000%2C646&ssl=1","jetpack_sharing_enabled":true,"jetpack_likes_enabled":true,"_links":{"self":[{"href":"https:\/\/www.fazendaboqueiraorn.com.br\/en\/wp-json\/wp\/v2\/posts\/731","targetHints":{"allow":["GET"]}}],"collection":[{"href":"https:\/\/www.fazendaboqueiraorn.com.br\/en\/wp-json\/wp\/v2\/posts"}],"about":[{"href":"https:\/\/www.fazendaboqueiraorn.com.br\/en\/wp-json\/wp\/v2\/types\/post"}],"author":[{"embeddable":true,"href":"https:\/\/www.fazendaboqueiraorn.com.br\/en\/wp-json\/wp\/v2\/users\/2"}],"replies":[{"embeddable":true,"href":"https:\/\/www.fazendaboqueiraorn.com.br\/en\/wp-json\/wp\/v2\/comments?post=731"}],"version-history":[{"count":5,"href":"https:\/\/www.fazendaboqueiraorn.com.br\/en\/wp-json\/wp\/v2\/posts\/731\/revisions"}],"predecessor-version":[{"id":745,"href":"https:\/\/www.fazendaboqueiraorn.com.br\/en\/wp-json\/wp\/v2\/posts\/731\/revisions\/745"}],"wp:featuredmedia":[{"embeddable":true,"href":"https:\/\/www.fazendaboqueiraorn.com.br\/en\/wp-json\/wp\/v2\/media\/733"}],"wp:attachment":[{"href":"https:\/\/www.fazendaboqueiraorn.com.br\/en\/wp-json\/wp\/v2\/media?parent=731"}],"wp:term":[{"taxonomy":"category","embeddable":true,"href":"https:\/\/www.fazendaboqueiraorn.com.br\/en\/wp-json\/wp\/v2\/categories?post=731"},{"taxonomy":"post_tag","embeddable":true,"href":"https:\/\/www.fazendaboqueiraorn.com.br\/en\/wp-json\/wp\/v2\/tags?post=731"}],"curies":[{"name":"wp","href":"https:\/\/api.w.org\/{rel}","templated":true}]}}