{"id":7110,"date":"2025-03-08T07:56:20","date_gmt":"2025-03-08T10:56:20","guid":{"rendered":"https:\/\/www.fazendaboqueiraorn.com.br\/?p=7110"},"modified":"2025-03-08T07:56:33","modified_gmt":"2025-03-08T10:56:33","slug":"desvende-os-segredos-do-plantio-de-palma-com-a-fazenda-carnauba","status":"publish","type":"post","link":"https:\/\/www.fazendaboqueiraorn.com.br\/en\/desvende-os-segredos-do-plantio-de-palma-com-a-fazenda-carnauba\/","title":{"rendered":"Desvende os Segredos do Plantio de Palma com a Fazenda Carna\u00faba"},"content":{"rendered":"<p><\/p>\n\n\n\n<figure class=\"wp-block-image aligncenter size-full\"><img data-recalc-dims=\"1\" decoding=\"async\" width=\"720\" height=\"657\" loading=\"lazy\" src=\"https:\/\/i0.wp.com\/www.fazendaboqueiraorn.com.br\/wp-content\/uploads\/2025\/03\/curso-plantio-palma.jpg?resize=720%2C657&#038;ssl=1\" alt=\"Curso Presencial e H\u00edbrido de plantio de Palma\" class=\"wp-image-7119\" srcset=\"https:\/\/i0.wp.com\/www.fazendaboqueiraorn.com.br\/wp-content\/uploads\/2025\/03\/curso-plantio-palma.jpg?w=720&amp;ssl=1 720w, https:\/\/i0.wp.com\/www.fazendaboqueiraorn.com.br\/wp-content\/uploads\/2025\/03\/curso-plantio-palma.jpg?resize=300%2C274&amp;ssl=1 300w, https:\/\/i0.wp.com\/www.fazendaboqueiraorn.com.br\/wp-content\/uploads\/2025\/03\/curso-plantio-palma.jpg?resize=13%2C12&amp;ssl=1 13w, https:\/\/i0.wp.com\/www.fazendaboqueiraorn.com.br\/wp-content\/uploads\/2025\/03\/curso-plantio-palma.jpg?resize=600%2C548&amp;ssl=1 600w, https:\/\/i0.wp.com\/www.fazendaboqueiraorn.com.br\/wp-content\/uploads\/2025\/03\/curso-plantio-palma.jpg?resize=150%2C137&amp;ssl=1 150w\" sizes=\"auto, (max-width: 720px) 100vw, 720px\" \/><\/figure>\n\n\n\n<p>Imagine transformar terras \u00e1ridas em um o\u00e1sis verdejante, cultivando um alimento vital para o gado e, ao mesmo tempo, contribuindo para a sustentabilidade do planeta. O\u00a0<strong>plantio de palma<\/strong>, uma pr\u00e1tica milenar, ganha novos contornos com o curso presencial e h\u00edbrido da Fazenda Carna\u00faba em julho. Prepare-se para uma jornada de aprendizado intensiva, onde teoria e pr\u00e1tica se unem para formar especialistas na arte de cultivar a palma forrageira.<\/p>\n\n\n\n<p>A Fazenda Carna\u00faba, localizada no cora\u00e7\u00e3o do sert\u00e3o nordestino, \u00e9 um verdadeiro laborat\u00f3rio a c\u00e9u aberto, onde t\u00e9cnicas ancestrais se encontram com a inova\u00e7\u00e3o. O curso, ministrado por especialistas renomados, oferece uma imers\u00e3o completa no universo da palma, desde a escolha da variedade ideal at\u00e9 o manejo p\u00f3s-colheita. Se voc\u00ea busca conhecimento pr\u00e1tico e aplic\u00e1vel, este curso \u00e9 o seu ponto de partida para o sucesso no cultivo da palma.<\/p>\n\n\n\n<figure class=\"wp-block-embed is-type-video is-provider-youtube wp-block-embed-youtube wp-embed-aspect-16-9 wp-has-aspect-ratio\"><div class=\"wp-block-embed__wrapper\">\n<iframe loading=\"lazy\" title=\"Curso Presencial e H\u00edbrido de plantio de Palma\" width=\"500\" height=\"281\" src=\"https:\/\/www.youtube.com\/embed\/0uL_1s3E4hg?feature=oembed\" frameborder=\"0\" allow=\"accelerometer; autoplay; clipboard-write; encrypted-media; gyroscope; picture-in-picture; web-share\" referrerpolicy=\"strict-origin-when-cross-origin\" allowfullscreen><\/iframe>\n<\/div><\/figure>\n\n\n\n<h2 class=\"wp-block-heading\">Variedades de Palma: Escolhendo a Melhor Op\u00e7\u00e3o para sua Regi\u00e3o<\/h2>\n\n\n\n<p>A diversidade de variedades de palma \u00e9 vasta, cada uma com suas particularidades e adapta\u00e7\u00f5es a diferentes climas e solos. No curso da Fazenda Carna\u00faba, voc\u00ea aprender\u00e1 a identificar as caracter\u00edsticas de cada variedade, como resist\u00eancia \u00e0 seca, valor nutricional e produtividade. A escolha da variedade certa \u00e9 crucial para o sucesso do seu plantio, e os especialistas da fazenda o guiar\u00e3o nesse processo decisivo. Entre as variedades mais comuns, destacam-se a Orelha de Elefante Mexicana, a Mi\u00fada e a Gigante, cada uma com suas vantagens e desvantagens.<\/p>\n\n\n\n<p>Al\u00e9m das variedades tradicionais, o curso tamb\u00e9m aborda as cultivares mais recentes, desenvolvidas por meio de pesquisas e melhoramento gen\u00e9tico. Essas novas variedades, como a palma forrageira sem espinhos, oferecem maior praticidade no manejo e maior seguran\u00e7a para os animais. A Fazenda Carna\u00faba, sempre atenta \u00e0s novidades do setor, busca trazer o que h\u00e1 de mais moderno e eficiente para seus alunos. O conhecimento das variedades \u00e9 a base para um&nbsp;<strong>plantio de palma<\/strong>&nbsp;eficiente, e o curso da Fazenda Carna\u00faba garante que voc\u00ea esteja preparado para tomar as melhores decis\u00f5es.<\/p>\n\n\n\n<h2 class=\"wp-block-heading\">Preparo do Solo e Plantio: O Segredo para um Cultivo Saud\u00e1vel<\/h2>\n\n\n\n<p>O preparo do solo \u00e9 uma etapa fundamental para o sucesso do&nbsp;<strong>plantio de palma<\/strong>. Um solo bem preparado, com aera\u00e7\u00e3o e drenagem adequadas, garante o desenvolvimento saud\u00e1vel das plantas. No curso, voc\u00ea aprender\u00e1 t\u00e9cnicas de preparo do solo, como ara\u00e7\u00e3o, gradea\u00e7\u00e3o e sulcamento, al\u00e9m de dicas para corrigir a acidez e a fertilidade do solo. A aduba\u00e7\u00e3o, tanto org\u00e2nica quanto mineral, tamb\u00e9m \u00e9 abordada em detalhes, com recomenda\u00e7\u00f5es espec\u00edficas para cada tipo de solo e variedade de palma.<\/p>\n\n\n\n<p>O plantio propriamente dito \u00e9 outra etapa crucial, e o curso da Fazenda Carna\u00faba oferece um guia completo sobre as melhores pr\u00e1ticas. A profundidade e o espa\u00e7amento corretos das mudas, a \u00e9poca ideal para o plantio e os cuidados p\u00f3s-plantio s\u00e3o alguns dos temas abordados. Al\u00e9m disso, voc\u00ea aprender\u00e1 a identificar e manejar as principais pragas e doen\u00e7as que afetam a palma, garantindo a sa\u00fade e a produtividade do seu cultivo. O curso da Fazenda Carna\u00faba n\u00e3o se limita a teoria, mas oferece a oportunidade de vivenciar cada etapa do processo, desde o preparo do solo at\u00e9 a colheita.<\/p>\n\n\n\n<h2 class=\"wp-block-heading\">Manejo e Tratos Culturais: Garantindo a Produtividade da Palma<\/h2>\n\n\n\n<p>O manejo adequado da palma \u00e9 essencial para garantir sua produtividade e longevidade. No curso, voc\u00ea aprender\u00e1 t\u00e9cnicas de manejo, como o controle de plantas daninhas, a poda e a aduba\u00e7\u00e3o de cobertura. O controle de plantas daninhas, tanto manual quanto qu\u00edmico, \u00e9 crucial para evitar a competi\u00e7\u00e3o por \u00e1gua e nutrientes. A poda, por sua vez, estimula o crescimento de novos clad\u00f3dios (as &#8220;folhas&#8221; da palma) e facilita a colheita. A aduba\u00e7\u00e3o de cobertura, realizada ap\u00f3s o plantio, garante o fornecimento cont\u00ednuo de nutrientes para as plantas.<\/p>\n\n\n\n<p>Al\u00e9m do manejo tradicional, o curso tamb\u00e9m aborda t\u00e9cnicas de manejo sustent\u00e1vel, como o uso de cobertura morta e o cultivo consorciado. A cobertura morta, feita com palha ou outros materiais org\u00e2nicos, ajuda a manter a umidade do solo e a controlar a eros\u00e3o. O cultivo consorciado, que consiste em plantar outras culturas junto com a palma, aumenta a biodiversidade e a produtividade da \u00e1rea. O curso da Fazenda Carna\u00faba busca formar profissionais completos, capazes de aplicar as melhores pr\u00e1ticas de manejo para garantir a produ\u00e7\u00e3o de palma de forma sustent\u00e1vel e eficiente.<\/p>\n\n\n\n<h2 class=\"wp-block-heading\">Colheita e P\u00f3s-Colheita: Maximizando o Aproveitamento da Palma<\/h2>\n\n\n\n<p>A colheita da palma \u00e9 um momento crucial, e o curso da Fazenda Carna\u00faba ensina as melhores t\u00e9cnicas para garantir a qualidade e a seguran\u00e7a do produto. A \u00e9poca ideal para a colheita, o corte correto dos clad\u00f3dios e os cuidados com a higiene s\u00e3o alguns dos temas abordados. Al\u00e9m disso, voc\u00ea aprender\u00e1 a identificar os sinais de matura\u00e7\u00e3o da palma e a evitar danos durante a colheita. A Fazenda Carna\u00faba, com sua vasta experi\u00eancia na produ\u00e7\u00e3o de palma, compartilha seus conhecimentos e segredos para garantir a m\u00e1xima qualidade do produto.<\/p>\n\n\n\n<p>Ap\u00f3s a colheita, a palma passa por um processo de p\u00f3s-colheita, que inclui a sele\u00e7\u00e3o, a lavagem e o armazenamento. O curso da Fazenda Carna\u00faba oferece um guia completo sobre as melhores pr\u00e1ticas de p\u00f3s-colheita, garantindo a conserva\u00e7\u00e3o da palma e a preven\u00e7\u00e3o de perdas. Al\u00e9m disso, voc\u00ea aprender\u00e1 a utilizar a palma em diferentes formas, como ra\u00e7\u00e3o para animais, silagem e at\u00e9 mesmo como ingrediente em receitas culin\u00e1rias. O curso da Fazenda Carna\u00faba busca formar profissionais completos, capazes de aproveitar ao m\u00e1ximo o potencial da palma, desde o plantio at\u00e9 o consumo.<\/p>\n\n\n\n<h2 class=\"wp-block-heading\">A Import\u00e2ncia do Plantio de Palma para a Sustentabilidade<\/h2>\n\n\n\n<p>O&nbsp;<strong>plantio de palma<\/strong>&nbsp;desempenha um papel fundamental na sustentabilidade do planeta, especialmente em regi\u00f5es \u00e1ridas e semi\u00e1ridas. A palma \u00e9 uma planta resistente \u00e0 seca, capaz de produzir alimento em condi\u00e7\u00f5es adversas. Al\u00e9m disso, ela ajuda a controlar a eros\u00e3o do solo, a sequestrar carbono e a aumentar a biodiversidade. O curso da Fazenda Carna\u00faba aborda a import\u00e2ncia da palma para a sustentabilidade, incentivando o cultivo respons\u00e1vel e consciente. A fazenda, com seu compromisso com a preserva\u00e7\u00e3o do meio ambiente, busca formar profissionais engajados na constru\u00e7\u00e3o de um futuro mais verde e sustent\u00e1vel.<\/p>\n\n\n\n<p>Al\u00e9m dos benef\u00edcios ambientais, o&nbsp;<strong>plantio de palma<\/strong>&nbsp;tamb\u00e9m contribui para a seguran\u00e7a alimentar e o desenvolvimento econ\u00f4mico de comunidades rurais. A palma \u00e9 um alimento nutritivo e acess\u00edvel, que pode ser utilizado para alimentar animais e pessoas. O curso da Fazenda Carna\u00faba busca capacitar produtores e t\u00e9cnicos para que possam aproveitar ao m\u00e1ximo o potencial da palma, gerando renda e melhorando a qualidade de vida das comunidades rurais. A fazenda, com seu trabalho social e ambiental, busca transformar a realidade do sert\u00e3o nordestino, tornando-o mais verde, pr\u00f3spero e justo.<\/p>\n\n\n\n<p>O curso presencial e h\u00edbrido de&nbsp;<strong>plantio de palma<\/strong>&nbsp;da Fazenda Carna\u00faba \u00e9 uma oportunidade \u00fanica para quem busca conhecimento pr\u00e1tico e aplic\u00e1vel na cultura da palma. Com uma equipe de especialistas renomados, uma estrutura completa e uma abordagem inovadora, o curso oferece uma imers\u00e3o completa no universo da palma, desde a escolha da variedade ideal at\u00e9 o manejo p\u00f3s-colheita. Se voc\u00ea busca se tornar um especialista em&nbsp;<strong>plantio de palma<\/strong>, este curso \u00e9 o seu ponto de partida para o sucesso.<\/p>\n\n\n\n<p>E voc\u00ea, j\u00e1 pensou em cultivar palma? Quais s\u00e3o suas d\u00favidas e expectativas sobre o curso da Fazenda Carna\u00faba? Compartilhe suas ideias e experi\u00eancias nos coment\u00e1rios!<\/p>","protected":false},"excerpt":{"rendered":"<p>Aprenda tudo sobre o plantio de palma com o curso presencial e h\u00edbrido da Fazenda Carna\u00faba. Domine as t\u00e9cnicas de cultivo, manejo e colheita da palma forrageira e transforme sua propriedade em um o\u00e1sis produtivo.<\/p>","protected":false},"author":2,"featured_media":7119,"comment_status":"open","ping_status":"open","sticky":false,"template":"","format":"standard","meta":{"nf_dc_page":"","_uag_custom_page_level_css":"","site-sidebar-layout":"default","site-content-layout":"","ast-site-content-layout":"","site-content-style":"default","site-sidebar-style":"default","ast-global-header-display":"","ast-banner-title-visibility":"","ast-main-header-display":"","ast-hfb-above-header-display":"","ast-hfb-below-header-display":"","ast-hfb-mobile-header-display":"","site-post-title":"","ast-breadcrumbs-content":"","ast-featured-img":"","footer-sml-layout":"","ast-disable-related-posts":"","theme-transparent-header-meta":"","adv-header-id-meta":"","stick-header-meta":"","header-above-stick-meta":"","header-main-stick-meta":"","header-below-stick-meta":"","astra-migrate-meta-layouts":"default","ast-page-background-enabled":"default","ast-page-background-meta":{"desktop":{"background-color":"var(--ast-global-color-4)","background-image":"","background-repeat":"repeat","background-position":"center center","background-size":"auto","background-attachment":"scroll","background-type":"","background-media":"","overlay-type":"","overlay-color":"","overlay-opacity":"","overlay-gradient":""},"tablet":{"background-color":"","background-image":"","background-repeat":"repeat","background-position":"center center","background-size":"auto","background-attachment":"scroll","background-type":"","background-media":"","overlay-type":"","overlay-color":"","overlay-opacity":"","overlay-gradient":""},"mobile":{"background-color":"","background-image":"","background-repeat":"repeat","background-position":"center center","background-size":"auto","background-attachment":"scroll","background-type":"","background-media":"","overlay-type":"","overlay-color":"","overlay-opacity":"","overlay-gradient":""}},"ast-content-background-meta":{"desktop":{"background-color":"var(--ast-global-color-5)","background-image":"","background-repeat":"repeat","background-position":"center center","background-size":"auto","background-attachment":"scroll","background-type":"","background-media":"","overlay-type":"","overlay-color":"","overlay-opacity":"","overlay-gradient":""},"tablet":{"background-color":"var(--ast-global-color-5)","background-image":"","background-repeat":"repeat","background-position":"center center","background-size":"auto","background-attachment":"scroll","background-type":"","background-media":"","overlay-type":"","overlay-color":"","overlay-opacity":"","overlay-gradient":""},"mobile":{"background-color":"var(--ast-global-color-5)","background-image":"","background-repeat":"repeat","background-position":"center center","background-size":"auto","background-attachment":"scroll","background-type":"","background-media":"","overlay-type":"","overlay-color":"","overlay-opacity":"","overlay-gradient":""}},"jetpack_post_was_ever_published":false,"_jetpack_newsletter_access":"","_jetpack_dont_email_post_to_subs":false,"_jetpack_newsletter_tier_id":0,"_jetpack_memberships_contains_paywalled_content":false,"_jetpack_memberships_contains_paid_content":false,"footnotes":"","jetpack_publicize_message":"","jetpack_publicize_feature_enabled":false,"jetpack_social_post_already_shared":false,"jetpack_social_options":{"image_generator_settings":{"template":"highway","enabled":false},"version":2}},"categories":[1],"tags":[4189,103,4190,62,120,20,54],"class_list":["post-7110","post","type-post","status-publish","format-standard","has-post-thumbnail","hentry","category-noticia","tag-cultivo-de-palma","tag-curso","tag-curso-de-plantio","tag-fazenda-carnauba","tag-gado","tag-palma","tag-palma-forrageira"],"yoast_head":"<!-- This site is optimized with the Yoast SEO plugin v27.4 - https:\/\/yoast.com\/product\/yoast-seo-wordpress\/ -->\n<title>Desvende os Segredos do Plantio de Palma com a Fazenda Carna\u00faba - Fazenda Boqueir\u00e3o<\/title>\n<meta name=\"description\" content=\"Aprenda tudo sobre o plantio de palma com o curso presencial e h\u00edbrido da Fazenda Carna\u00faba.\" \/>\n<meta name=\"robots\" content=\"index, follow, max-snippet:-1, max-image-preview:large, max-video-preview:-1\" \/>\n<link rel=\"canonical\" href=\"https:\/\/www.fazendaboqueiraorn.com.br\/en\/desvende-os-segredos-do-plantio-de-palma-com-a-fazenda-carnauba\/\" \/>\n<meta property=\"og:locale\" content=\"en_US\" \/>\n<meta property=\"og:type\" content=\"article\" \/>\n<meta property=\"og:title\" content=\"Desvende os Segredos do Plantio de Palma com a Fazenda Carna\u00faba - Fazenda Boqueir\u00e3o\" \/>\n<meta property=\"og:description\" content=\"Aprenda tudo sobre o plantio de palma com o curso presencial e h\u00edbrido da Fazenda Carna\u00faba.\" \/>\n<meta property=\"og:url\" content=\"https:\/\/www.fazendaboqueiraorn.com.br\/en\/desvende-os-segredos-do-plantio-de-palma-com-a-fazenda-carnauba\/\" \/>\n<meta property=\"og:site_name\" content=\"Fazenda Boqueir\u00e3o\" \/>\n<meta property=\"article:publisher\" content=\"https:\/\/www.facebook.com\/fazboqueirao\" \/>\n<meta property=\"article:published_time\" content=\"2025-03-08T10:56:20+00:00\" \/>\n<meta property=\"article:modified_time\" content=\"2025-03-08T10:56:33+00:00\" \/>\n<meta property=\"og:image\" content=\"https:\/\/www.fazendaboqueiraorn.com.br\/wp-content\/uploads\/2025\/03\/curso-plantio-palma.jpg\" \/>\n\t<meta property=\"og:image:width\" content=\"720\" \/>\n\t<meta property=\"og:image:height\" content=\"657\" \/>\n\t<meta property=\"og:image:type\" content=\"image\/jpeg\" \/>\n<meta name=\"author\" content=\"Fazenda Boqueir\u00e3o\" \/>\n<meta name=\"twitter:card\" content=\"summary_large_image\" \/>\n<meta name=\"twitter:creator\" content=\"@FazBoqueirao\" \/>\n<meta name=\"twitter:site\" content=\"@FazBoqueirao\" \/>\n<meta name=\"twitter:label1\" content=\"Written by\" \/>\n\t<meta name=\"twitter:data1\" content=\"Fazenda Boqueir\u00e3o\" \/>\n\t<meta name=\"twitter:label2\" content=\"Est. reading time\" \/>\n\t<meta name=\"twitter:data2\" content=\"8 minutes\" \/>\n<script type=\"application\/ld+json\" class=\"yoast-schema-graph\">{\"@context\":\"https:\\\/\\\/schema.org\",\"@graph\":[{\"@type\":\"Article\",\"@id\":\"https:\\\/\\\/www.fazendaboqueiraorn.com.br\\\/desvende-os-segredos-do-plantio-de-palma-com-a-fazenda-carnauba\\\/#article\",\"isPartOf\":{\"@id\":\"https:\\\/\\\/www.fazendaboqueiraorn.com.br\\\/desvende-os-segredos-do-plantio-de-palma-com-a-fazenda-carnauba\\\/\"},\"author\":{\"name\":\"Fazenda Boqueir\u00e3o\",\"@id\":\"https:\\\/\\\/www.fazendaboqueiraorn.com.br\\\/#\\\/schema\\\/person\\\/70484dc96f76e66c6365a9f4a2ebfb02\"},\"headline\":\"Desvende os Segredos do Plantio de Palma com a Fazenda Carna\u00faba\",\"datePublished\":\"2025-03-08T10:56:20+00:00\",\"dateModified\":\"2025-03-08T10:56:33+00:00\",\"mainEntityOfPage\":{\"@id\":\"https:\\\/\\\/www.fazendaboqueiraorn.com.br\\\/desvende-os-segredos-do-plantio-de-palma-com-a-fazenda-carnauba\\\/\"},\"wordCount\":1343,\"commentCount\":0,\"publisher\":{\"@id\":\"https:\\\/\\\/www.fazendaboqueiraorn.com.br\\\/#organization\"},\"image\":{\"@id\":\"https:\\\/\\\/www.fazendaboqueiraorn.com.br\\\/desvende-os-segredos-do-plantio-de-palma-com-a-fazenda-carnauba\\\/#primaryimage\"},\"thumbnailUrl\":\"https:\\\/\\\/i0.wp.com\\\/www.fazendaboqueiraorn.com.br\\\/wp-content\\\/uploads\\\/2025\\\/03\\\/curso-plantio-palma.jpg?fit=720%2C657&ssl=1\",\"keywords\":[\"cultivo de palma\",\"curso\",\"curso de plantio\",\"Fazenda Carna\u00faba\",\"gado\",\"palma\",\"palma forrageira\"],\"articleSection\":[\"Not\u00edcias\"],\"inLanguage\":\"en-US\",\"potentialAction\":[{\"@type\":\"CommentAction\",\"name\":\"Comment\",\"target\":[\"https:\\\/\\\/www.fazendaboqueiraorn.com.br\\\/desvende-os-segredos-do-plantio-de-palma-com-a-fazenda-carnauba\\\/#respond\"]}]},{\"@type\":\"WebPage\",\"@id\":\"https:\\\/\\\/www.fazendaboqueiraorn.com.br\\\/desvende-os-segredos-do-plantio-de-palma-com-a-fazenda-carnauba\\\/\",\"url\":\"https:\\\/\\\/www.fazendaboqueiraorn.com.br\\\/desvende-os-segredos-do-plantio-de-palma-com-a-fazenda-carnauba\\\/\",\"name\":\"Desvende os Segredos do Plantio de Palma com a Fazenda Carna\u00faba - Fazenda Boqueir\u00e3o\",\"isPartOf\":{\"@id\":\"https:\\\/\\\/www.fazendaboqueiraorn.com.br\\\/#website\"},\"primaryImageOfPage\":{\"@id\":\"https:\\\/\\\/www.fazendaboqueiraorn.com.br\\\/desvende-os-segredos-do-plantio-de-palma-com-a-fazenda-carnauba\\\/#primaryimage\"},\"image\":{\"@id\":\"https:\\\/\\\/www.fazendaboqueiraorn.com.br\\\/desvende-os-segredos-do-plantio-de-palma-com-a-fazenda-carnauba\\\/#primaryimage\"},\"thumbnailUrl\":\"https:\\\/\\\/i0.wp.com\\\/www.fazendaboqueiraorn.com.br\\\/wp-content\\\/uploads\\\/2025\\\/03\\\/curso-plantio-palma.jpg?fit=720%2C657&ssl=1\",\"datePublished\":\"2025-03-08T10:56:20+00:00\",\"dateModified\":\"2025-03-08T10:56:33+00:00\",\"description\":\"Aprenda tudo sobre o plantio de palma com o curso presencial e h\u00edbrido da Fazenda Carna\u00faba.\",\"breadcrumb\":{\"@id\":\"https:\\\/\\\/www.fazendaboqueiraorn.com.br\\\/desvende-os-segredos-do-plantio-de-palma-com-a-fazenda-carnauba\\\/#breadcrumb\"},\"inLanguage\":\"en-US\",\"potentialAction\":[{\"@type\":\"ReadAction\",\"target\":[\"https:\\\/\\\/www.fazendaboqueiraorn.com.br\\\/desvende-os-segredos-do-plantio-de-palma-com-a-fazenda-carnauba\\\/\"]}]},{\"@type\":\"ImageObject\",\"inLanguage\":\"en-US\",\"@id\":\"https:\\\/\\\/www.fazendaboqueiraorn.com.br\\\/desvende-os-segredos-do-plantio-de-palma-com-a-fazenda-carnauba\\\/#primaryimage\",\"url\":\"https:\\\/\\\/i0.wp.com\\\/www.fazendaboqueiraorn.com.br\\\/wp-content\\\/uploads\\\/2025\\\/03\\\/curso-plantio-palma.jpg?fit=720%2C657&ssl=1\",\"contentUrl\":\"https:\\\/\\\/i0.wp.com\\\/www.fazendaboqueiraorn.com.br\\\/wp-content\\\/uploads\\\/2025\\\/03\\\/curso-plantio-palma.jpg?fit=720%2C657&ssl=1\",\"width\":720,\"height\":657,\"caption\":\"Curso Presencial e H\u00edbrido de plantio de Palma\"},{\"@type\":\"BreadcrumbList\",\"@id\":\"https:\\\/\\\/www.fazendaboqueiraorn.com.br\\\/desvende-os-segredos-do-plantio-de-palma-com-a-fazenda-carnauba\\\/#breadcrumb\",\"itemListElement\":[{\"@type\":\"ListItem\",\"position\":1,\"name\":\"Home\",\"item\":\"https:\\\/\\\/www.fazendaboqueiraorn.com.br\\\/\"},{\"@type\":\"ListItem\",\"position\":2,\"name\":\"Desvende os Segredos do Plantio de Palma com a Fazenda Carna\u00faba\"}]},{\"@type\":\"WebSite\",\"@id\":\"https:\\\/\\\/www.fazendaboqueiraorn.com.br\\\/#website\",\"url\":\"https:\\\/\\\/www.fazendaboqueiraorn.com.br\\\/\",\"name\":\"Fazenda Boqueir\u00e3o\",\"description\":\"\",\"publisher\":{\"@id\":\"https:\\\/\\\/www.fazendaboqueiraorn.com.br\\\/#organization\"},\"potentialAction\":[{\"@type\":\"SearchAction\",\"target\":{\"@type\":\"EntryPoint\",\"urlTemplate\":\"https:\\\/\\\/www.fazendaboqueiraorn.com.br\\\/?s={search_term_string}\"},\"query-input\":{\"@type\":\"PropertyValueSpecification\",\"valueRequired\":true,\"valueName\":\"search_term_string\"}}],\"inLanguage\":\"en-US\"},{\"@type\":\"Organization\",\"@id\":\"https:\\\/\\\/www.fazendaboqueiraorn.com.br\\\/#organization\",\"name\":\"Fazenda Boqueir\u00e3o\",\"url\":\"https:\\\/\\\/www.fazendaboqueiraorn.com.br\\\/\",\"logo\":{\"@type\":\"ImageObject\",\"inLanguage\":\"en-US\",\"@id\":\"https:\\\/\\\/www.fazendaboqueiraorn.com.br\\\/#\\\/schema\\\/logo\\\/image\\\/\",\"url\":\"https:\\\/\\\/i0.wp.com\\\/www.fazendaboqueiraorn.com.br\\\/wp-content\\\/uploads\\\/2021\\\/08\\\/logo-fazenda-120x120-1.png?fit=120%2C120&ssl=1\",\"contentUrl\":\"https:\\\/\\\/i0.wp.com\\\/www.fazendaboqueiraorn.com.br\\\/wp-content\\\/uploads\\\/2021\\\/08\\\/logo-fazenda-120x120-1.png?fit=120%2C120&ssl=1\",\"width\":120,\"height\":120,\"caption\":\"Fazenda Boqueir\u00e3o\"},\"image\":{\"@id\":\"https:\\\/\\\/www.fazendaboqueiraorn.com.br\\\/#\\\/schema\\\/logo\\\/image\\\/\"},\"sameAs\":[\"https:\\\/\\\/www.facebook.com\\\/fazboqueirao\",\"https:\\\/\\\/x.com\\\/FazBoqueirao\",\"http:\\\/\\\/instagram.com\\\/fazboqueirao\\\/\",\"https:\\\/\\\/www.linkedin.com\\\/company\\\/fazboqueirao\\\/\",\"https:\\\/\\\/www.youtube.com\\\/channel\\\/UCUA4_8v8HkmMeNUh8c6Ky1Q\"]},{\"@type\":\"Person\",\"@id\":\"https:\\\/\\\/www.fazendaboqueiraorn.com.br\\\/#\\\/schema\\\/person\\\/70484dc96f76e66c6365a9f4a2ebfb02\",\"name\":\"Fazenda Boqueir\u00e3o\",\"image\":{\"@type\":\"ImageObject\",\"inLanguage\":\"en-US\",\"@id\":\"https:\\\/\\\/secure.gravatar.com\\\/avatar\\\/19f19467ae305ded5d913deae2fb6c6f29fe88a0a7f3a4dca5679407289a9efd?s=96&d=mm&r=g\",\"url\":\"https:\\\/\\\/secure.gravatar.com\\\/avatar\\\/19f19467ae305ded5d913deae2fb6c6f29fe88a0a7f3a4dca5679407289a9efd?s=96&d=mm&r=g\",\"contentUrl\":\"https:\\\/\\\/secure.gravatar.com\\\/avatar\\\/19f19467ae305ded5d913deae2fb6c6f29fe88a0a7f3a4dca5679407289a9efd?s=96&d=mm&r=g\",\"caption\":\"Fazenda Boqueir\u00e3o\"},\"url\":\"https:\\\/\\\/www.fazendaboqueiraorn.com.br\\\/en\\\/author\\\/fazenda\\\/\"}]}<\/script>\n<!-- \/ Yoast SEO plugin. -->","yoast_head_json":{"title":"Desvende os Segredos do Plantio de Palma com a Fazenda Carna\u00faba - Fazenda Boqueir\u00e3o","description":"Aprenda tudo sobre o plantio de palma com o curso presencial e h\u00edbrido da Fazenda Carna\u00faba.","robots":{"index":"index","follow":"follow","max-snippet":"max-snippet:-1","max-image-preview":"max-image-preview:large","max-video-preview":"max-video-preview:-1"},"canonical":"https:\/\/www.fazendaboqueiraorn.com.br\/en\/desvende-os-segredos-do-plantio-de-palma-com-a-fazenda-carnauba\/","og_locale":"en_US","og_type":"article","og_title":"Desvende os Segredos do Plantio de Palma com a Fazenda Carna\u00faba - Fazenda Boqueir\u00e3o","og_description":"Aprenda tudo sobre o plantio de palma com o curso presencial e h\u00edbrido da Fazenda Carna\u00faba.","og_url":"https:\/\/www.fazendaboqueiraorn.com.br\/en\/desvende-os-segredos-do-plantio-de-palma-com-a-fazenda-carnauba\/","og_site_name":"Fazenda Boqueir\u00e3o","article_publisher":"https:\/\/www.facebook.com\/fazboqueirao","article_published_time":"2025-03-08T10:56:20+00:00","article_modified_time":"2025-03-08T10:56:33+00:00","og_image":[{"width":720,"height":657,"url":"https:\/\/www.fazendaboqueiraorn.com.br\/wp-content\/uploads\/2025\/03\/curso-plantio-palma.jpg","type":"image\/jpeg"}],"author":"Fazenda Boqueir\u00e3o","twitter_card":"summary_large_image","twitter_creator":"@FazBoqueirao","twitter_site":"@FazBoqueirao","twitter_misc":{"Written by":"Fazenda Boqueir\u00e3o","Est. reading time":"8 minutes"},"schema":{"@context":"https:\/\/schema.org","@graph":[{"@type":"Article","@id":"https:\/\/www.fazendaboqueiraorn.com.br\/desvende-os-segredos-do-plantio-de-palma-com-a-fazenda-carnauba\/#article","isPartOf":{"@id":"https:\/\/www.fazendaboqueiraorn.com.br\/desvende-os-segredos-do-plantio-de-palma-com-a-fazenda-carnauba\/"},"author":{"name":"Fazenda Boqueir\u00e3o","@id":"https:\/\/www.fazendaboqueiraorn.com.br\/#\/schema\/person\/70484dc96f76e66c6365a9f4a2ebfb02"},"headline":"Desvende os Segredos do Plantio de Palma com a Fazenda Carna\u00faba","datePublished":"2025-03-08T10:56:20+00:00","dateModified":"2025-03-08T10:56:33+00:00","mainEntityOfPage":{"@id":"https:\/\/www.fazendaboqueiraorn.com.br\/desvende-os-segredos-do-plantio-de-palma-com-a-fazenda-carnauba\/"},"wordCount":1343,"commentCount":0,"publisher":{"@id":"https:\/\/www.fazendaboqueiraorn.com.br\/#organization"},"image":{"@id":"https:\/\/www.fazendaboqueiraorn.com.br\/desvende-os-segredos-do-plantio-de-palma-com-a-fazenda-carnauba\/#primaryimage"},"thumbnailUrl":"https:\/\/i0.wp.com\/www.fazendaboqueiraorn.com.br\/wp-content\/uploads\/2025\/03\/curso-plantio-palma.jpg?fit=720%2C657&ssl=1","keywords":["cultivo de palma","curso","curso de plantio","Fazenda Carna\u00faba","gado","palma","palma forrageira"],"articleSection":["Not\u00edcias"],"inLanguage":"en-US","potentialAction":[{"@type":"CommentAction","name":"Comment","target":["https:\/\/www.fazendaboqueiraorn.com.br\/desvende-os-segredos-do-plantio-de-palma-com-a-fazenda-carnauba\/#respond"]}]},{"@type":"WebPage","@id":"https:\/\/www.fazendaboqueiraorn.com.br\/desvende-os-segredos-do-plantio-de-palma-com-a-fazenda-carnauba\/","url":"https:\/\/www.fazendaboqueiraorn.com.br\/desvende-os-segredos-do-plantio-de-palma-com-a-fazenda-carnauba\/","name":"Desvende os Segredos do Plantio de Palma com a Fazenda Carna\u00faba - Fazenda Boqueir\u00e3o","isPartOf":{"@id":"https:\/\/www.fazendaboqueiraorn.com.br\/#website"},"primaryImageOfPage":{"@id":"https:\/\/www.fazendaboqueiraorn.com.br\/desvende-os-segredos-do-plantio-de-palma-com-a-fazenda-carnauba\/#primaryimage"},"image":{"@id":"https:\/\/www.fazendaboqueiraorn.com.br\/desvende-os-segredos-do-plantio-de-palma-com-a-fazenda-carnauba\/#primaryimage"},"thumbnailUrl":"https:\/\/i0.wp.com\/www.fazendaboqueiraorn.com.br\/wp-content\/uploads\/2025\/03\/curso-plantio-palma.jpg?fit=720%2C657&ssl=1","datePublished":"2025-03-08T10:56:20+00:00","dateModified":"2025-03-08T10:56:33+00:00","description":"Aprenda tudo sobre o plantio de palma com o curso presencial e h\u00edbrido da Fazenda Carna\u00faba.","breadcrumb":{"@id":"https:\/\/www.fazendaboqueiraorn.com.br\/desvende-os-segredos-do-plantio-de-palma-com-a-fazenda-carnauba\/#breadcrumb"},"inLanguage":"en-US","potentialAction":[{"@type":"ReadAction","target":["https:\/\/www.fazendaboqueiraorn.com.br\/desvende-os-segredos-do-plantio-de-palma-com-a-fazenda-carnauba\/"]}]},{"@type":"ImageObject","inLanguage":"en-US","@id":"https:\/\/www.fazendaboqueiraorn.com.br\/desvende-os-segredos-do-plantio-de-palma-com-a-fazenda-carnauba\/#primaryimage","url":"https:\/\/i0.wp.com\/www.fazendaboqueiraorn.com.br\/wp-content\/uploads\/2025\/03\/curso-plantio-palma.jpg?fit=720%2C657&ssl=1","contentUrl":"https:\/\/i0.wp.com\/www.fazendaboqueiraorn.com.br\/wp-content\/uploads\/2025\/03\/curso-plantio-palma.jpg?fit=720%2C657&ssl=1","width":720,"height":657,"caption":"Curso Presencial e H\u00edbrido de plantio de Palma"},{"@type":"BreadcrumbList","@id":"https:\/\/www.fazendaboqueiraorn.com.br\/desvende-os-segredos-do-plantio-de-palma-com-a-fazenda-carnauba\/#breadcrumb","itemListElement":[{"@type":"ListItem","position":1,"name":"Home","item":"https:\/\/www.fazendaboqueiraorn.com.br\/"},{"@type":"ListItem","position":2,"name":"Desvende os Segredos do Plantio de Palma com a Fazenda Carna\u00faba"}]},{"@type":"WebSite","@id":"https:\/\/www.fazendaboqueiraorn.com.br\/#website","url":"https:\/\/www.fazendaboqueiraorn.com.br\/","name":"Fazenda Boqueir\u00e3o","description":"","publisher":{"@id":"https:\/\/www.fazendaboqueiraorn.com.br\/#organization"},"potentialAction":[{"@type":"SearchAction","target":{"@type":"EntryPoint","urlTemplate":"https:\/\/www.fazendaboqueiraorn.com.br\/?s={search_term_string}"},"query-input":{"@type":"PropertyValueSpecification","valueRequired":true,"valueName":"search_term_string"}}],"inLanguage":"en-US"},{"@type":"Organization","@id":"https:\/\/www.fazendaboqueiraorn.com.br\/#organization","name":"Fazenda Boqueir\u00e3o","url":"https:\/\/www.fazendaboqueiraorn.com.br\/","logo":{"@type":"ImageObject","inLanguage":"en-US","@id":"https:\/\/www.fazendaboqueiraorn.com.br\/#\/schema\/logo\/image\/","url":"https:\/\/i0.wp.com\/www.fazendaboqueiraorn.com.br\/wp-content\/uploads\/2021\/08\/logo-fazenda-120x120-1.png?fit=120%2C120&ssl=1","contentUrl":"https:\/\/i0.wp.com\/www.fazendaboqueiraorn.com.br\/wp-content\/uploads\/2021\/08\/logo-fazenda-120x120-1.png?fit=120%2C120&ssl=1","width":120,"height":120,"caption":"Fazenda Boqueir\u00e3o"},"image":{"@id":"https:\/\/www.fazendaboqueiraorn.com.br\/#\/schema\/logo\/image\/"},"sameAs":["https:\/\/www.facebook.com\/fazboqueirao","https:\/\/x.com\/FazBoqueirao","http:\/\/instagram.com\/fazboqueirao\/","https:\/\/www.linkedin.com\/company\/fazboqueirao\/","https:\/\/www.youtube.com\/channel\/UCUA4_8v8HkmMeNUh8c6Ky1Q"]},{"@type":"Person","@id":"https:\/\/www.fazendaboqueiraorn.com.br\/#\/schema\/person\/70484dc96f76e66c6365a9f4a2ebfb02","name":"Fazenda Boqueir\u00e3o","image":{"@type":"ImageObject","inLanguage":"en-US","@id":"https:\/\/secure.gravatar.com\/avatar\/19f19467ae305ded5d913deae2fb6c6f29fe88a0a7f3a4dca5679407289a9efd?s=96&d=mm&r=g","url":"https:\/\/secure.gravatar.com\/avatar\/19f19467ae305ded5d913deae2fb6c6f29fe88a0a7f3a4dca5679407289a9efd?s=96&d=mm&r=g","contentUrl":"https:\/\/secure.gravatar.com\/avatar\/19f19467ae305ded5d913deae2fb6c6f29fe88a0a7f3a4dca5679407289a9efd?s=96&d=mm&r=g","caption":"Fazenda Boqueir\u00e3o"},"url":"https:\/\/www.fazendaboqueiraorn.com.br\/en\/author\/fazenda\/"}]}},"jetpack_publicize_connections":[],"uagb_featured_image_src":{"full":["https:\/\/i0.wp.com\/www.fazendaboqueiraorn.com.br\/wp-content\/uploads\/2025\/03\/curso-plantio-palma.jpg?fit=720%2C657&ssl=1",720,657,false],"thumbnail":["https:\/\/i0.wp.com\/www.fazendaboqueiraorn.com.br\/wp-content\/uploads\/2025\/03\/curso-plantio-palma.jpg?resize=150%2C150&ssl=1",150,150,true],"medium":["https:\/\/i0.wp.com\/www.fazendaboqueiraorn.com.br\/wp-content\/uploads\/2025\/03\/curso-plantio-palma.jpg?fit=300%2C274&ssl=1",300,274,true],"medium_large":["https:\/\/i0.wp.com\/www.fazendaboqueiraorn.com.br\/wp-content\/uploads\/2025\/03\/curso-plantio-palma.jpg?fit=720%2C657&ssl=1",720,657,true],"large":["https:\/\/i0.wp.com\/www.fazendaboqueiraorn.com.br\/wp-content\/uploads\/2025\/03\/curso-plantio-palma.jpg?fit=720%2C657&ssl=1",720,657,true],"1536x1536":["https:\/\/i0.wp.com\/www.fazendaboqueiraorn.com.br\/wp-content\/uploads\/2025\/03\/curso-plantio-palma.jpg?fit=720%2C657&ssl=1",720,657,true],"2048x2048":["https:\/\/i0.wp.com\/www.fazendaboqueiraorn.com.br\/wp-content\/uploads\/2025\/03\/curso-plantio-palma.jpg?fit=720%2C657&ssl=1",720,657,true],"trp-custom-language-flag":["https:\/\/i0.wp.com\/www.fazendaboqueiraorn.com.br\/wp-content\/uploads\/2025\/03\/curso-plantio-palma.jpg?fit=13%2C12&ssl=1",13,12,true],"ultp_layout_landscape_large":["https:\/\/i0.wp.com\/www.fazendaboqueiraorn.com.br\/wp-content\/uploads\/2025\/03\/curso-plantio-palma.jpg?resize=720%2C657&ssl=1",720,657,true],"ultp_layout_landscape":["https:\/\/i0.wp.com\/www.fazendaboqueiraorn.com.br\/wp-content\/uploads\/2025\/03\/curso-plantio-palma.jpg?resize=720%2C570&ssl=1",720,570,true],"ultp_layout_portrait":["https:\/\/i0.wp.com\/www.fazendaboqueiraorn.com.br\/wp-content\/uploads\/2025\/03\/curso-plantio-palma.jpg?resize=600%2C657&ssl=1",600,657,true],"ultp_layout_square":["https:\/\/i0.wp.com\/www.fazendaboqueiraorn.com.br\/wp-content\/uploads\/2025\/03\/curso-plantio-palma.jpg?resize=600%2C600&ssl=1",600,600,true],"woocommerce_thumbnail":["https:\/\/www.fazendaboqueiraorn.com.br\/wp-content\/uploads\/2025\/03\/curso-plantio-palma-300x300.jpg",300,300,true],"woocommerce_single":["https:\/\/www.fazendaboqueiraorn.com.br\/wp-content\/uploads\/2025\/03\/curso-plantio-palma.jpg",600,548,false],"woocommerce_gallery_thumbnail":["https:\/\/www.fazendaboqueiraorn.com.br\/wp-content\/uploads\/2025\/03\/curso-plantio-palma-100x100.jpg",100,100,true],"web-stories-poster-portrait":["https:\/\/www.fazendaboqueiraorn.com.br\/wp-content\/uploads\/2025\/03\/curso-plantio-palma-640x657.jpg",640,657,true],"web-stories-publisher-logo":["https:\/\/www.fazendaboqueiraorn.com.br\/wp-content\/uploads\/2025\/03\/curso-plantio-palma-96x96.jpg",96,96,true],"web-stories-thumbnail":["https:\/\/www.fazendaboqueiraorn.com.br\/wp-content\/uploads\/2025\/03\/curso-plantio-palma-150x137.jpg",150,137,true]},"uagb_author_info":{"display_name":"Fazenda Boqueir\u00e3o","author_link":"https:\/\/www.fazendaboqueiraorn.com.br\/en\/author\/fazenda\/"},"uagb_comment_info":0,"uagb_excerpt":"Aprenda tudo sobre o plantio de palma com o curso presencial e h\u00edbrido da Fazenda Carna\u00faba. Domine as t\u00e9cnicas de cultivo, manejo e colheita da palma forrageira e transforme sua propriedade em um o\u00e1sis produtivo.","jetpack_featured_media_url":"https:\/\/i0.wp.com\/www.fazendaboqueiraorn.com.br\/wp-content\/uploads\/2025\/03\/curso-plantio-palma.jpg?fit=720%2C657&ssl=1","jetpack_sharing_enabled":true,"jetpack_likes_enabled":true,"_links":{"self":[{"href":"https:\/\/www.fazendaboqueiraorn.com.br\/en\/wp-json\/wp\/v2\/posts\/7110","targetHints":{"allow":["GET"]}}],"collection":[{"href":"https:\/\/www.fazendaboqueiraorn.com.br\/en\/wp-json\/wp\/v2\/posts"}],"about":[{"href":"https:\/\/www.fazendaboqueiraorn.com.br\/en\/wp-json\/wp\/v2\/types\/post"}],"author":[{"embeddable":true,"href":"https:\/\/www.fazendaboqueiraorn.com.br\/en\/wp-json\/wp\/v2\/users\/2"}],"replies":[{"embeddable":true,"href":"https:\/\/www.fazendaboqueiraorn.com.br\/en\/wp-json\/wp\/v2\/comments?post=7110"}],"version-history":[{"count":2,"href":"https:\/\/www.fazendaboqueiraorn.com.br\/en\/wp-json\/wp\/v2\/posts\/7110\/revisions"}],"predecessor-version":[{"id":7133,"href":"https:\/\/www.fazendaboqueiraorn.com.br\/en\/wp-json\/wp\/v2\/posts\/7110\/revisions\/7133"}],"wp:featuredmedia":[{"embeddable":true,"href":"https:\/\/www.fazendaboqueiraorn.com.br\/en\/wp-json\/wp\/v2\/media\/7119"}],"wp:attachment":[{"href":"https:\/\/www.fazendaboqueiraorn.com.br\/en\/wp-json\/wp\/v2\/media?parent=7110"}],"wp:term":[{"taxonomy":"category","embeddable":true,"href":"https:\/\/www.fazendaboqueiraorn.com.br\/en\/wp-json\/wp\/v2\/categories?post=7110"},{"taxonomy":"post_tag","embeddable":true,"href":"https:\/\/www.fazendaboqueiraorn.com.br\/en\/wp-json\/wp\/v2\/tags?post=7110"}],"curies":[{"name":"wp","href":"https:\/\/api.w.org\/{rel}","templated":true}]}}