{"id":652,"date":"2021-10-07T21:00:00","date_gmt":"2021-10-08T00:00:00","guid":{"rendered":"https:\/\/www.fazendaboqueiraorn.com.br\/?p=652"},"modified":"2021-10-07T19:46:58","modified_gmt":"2021-10-07T22:46:58","slug":"patativa-do-assare","status":"publish","type":"post","link":"https:\/\/www.fazendaboqueiraorn.com.br\/en\/patativa-do-assare\/","title":{"rendered":"Patativa do Assar\u00e9"},"content":{"rendered":"<div class=\"wp-block-image\"><figure class=\"alignright size-full\"><img data-recalc-dims=\"1\" decoding=\"async\" width=\"350\" height=\"530\" loading=\"lazy\" src=\"https:\/\/i0.wp.com\/www.fazendaboqueiraorn.com.br\/wp-content\/uploads\/2021\/10\/patativa-de-assare-perfil.jpg?resize=350%2C530&#038;ssl=1\" alt=\"\" class=\"wp-image-659\" srcset=\"https:\/\/i0.wp.com\/www.fazendaboqueiraorn.com.br\/wp-content\/uploads\/2021\/10\/patativa-de-assare-perfil.jpg?w=350&amp;ssl=1 350w, https:\/\/i0.wp.com\/www.fazendaboqueiraorn.com.br\/wp-content\/uploads\/2021\/10\/patativa-de-assare-perfil.jpg?resize=198%2C300&amp;ssl=1 198w, https:\/\/i0.wp.com\/www.fazendaboqueiraorn.com.br\/wp-content\/uploads\/2021\/10\/patativa-de-assare-perfil.jpg?resize=8%2C12&amp;ssl=1 8w\" sizes=\"auto, (max-width: 350px) 100vw, 350px\" \/><\/figure><\/div>\n\n\n\n<p>Patativa do Assar\u00e9 (1909-2002), poeta popular, compositor, cantor e improvisador brasileiro. Seria o mais importante no s\u00e9culo XX de uma na\u00e7\u00e3o e um quase pa\u00eds chamado Nordeste. Dono de uma mem\u00f3ria prodigiosa, era capaz de recitar sem pestanejar longos e incont\u00e1veis poemas de sua autoria.<\/p>\n\n\n\n<p>O poeta nasceu em 5 de mar\u00e7o de 1909 na Serra de Santana, pequena propriedade rural do munic\u00edpio de Assar\u00e9, no Cear\u00e1. Ainda menino, uma doen\u00e7a lhe tirou a vis\u00e3o de um dos olhos. Aos 8, viu-se obrigado a pegar na enxada para ajudar no sustento da m\u00e3e e dos irm\u00e3os, ap\u00f3s a morte prematura do seu pai. Somente aos 12, durante alguns meses, frequentou a escola local. Foi o suficiente, por\u00e9m, para alfabetiz\u00e1-lo. Foi nessa \u00e9poca que passou a fazer repentes e a se apresentar em festas e eventos importantes.\u00a0<\/p>\n\n\n\n<p>Ant\u00f4nio tinha um dom raro, daqueles que n\u00e3o se explicam \u00e0 luz da raz\u00e3o: come\u00e7ou a fazer repentes e a se apresentar em festas e ocasi\u00f5es importantes. Por fim, aos 20 anos, ganhou o pseud\u00f4nimo de Patativa porque sua poesia era compar\u00e1vel \u00e0 beleza do canto dessa ave.<\/p>\n\n\n\n<p>Em 1956 publica seu primeiro livro&nbsp;<em>Inspira\u00e7\u00e3o Nordestina<\/em>, no qual est\u00e3o presentes muitos textos escritos anos antes. Oito anos depois, em 1964, tem seu poema&nbsp;<em>Triste Partida<\/em>&nbsp;gravado pelo cantor Luiz Gonzaga, o que lhe confere maior proje\u00e7\u00e3o.<\/p>\n\n\n\n<p>Seu talento para recitar e escrever chamou a aten\u00e7\u00e3o de muita gente e foi assim que publicou o primeiro livro. Este livro teria uma segunda edi\u00e7\u00e3o onze anos depois e se chamaria Cantos do Patativa. Em 1964, tem seu poema Triste Partida gravado pelo cantor Luiz Gonzaga, o que lhe conferiu grande proje\u00e7\u00e3o nacional.<\/p>\n\n\n\n<figure class=\"wp-block-embed is-type-video is-provider-youtube wp-block-embed-youtube wp-embed-aspect-16-9 wp-has-aspect-ratio\"><div class=\"wp-block-embed__wrapper\">\n<iframe loading=\"lazy\" title=\"Patativa do Assar\u00e9 - Epis\u00f3dio Completo\" width=\"500\" height=\"281\" src=\"https:\/\/www.youtube.com\/embed\/CR_SJkeUN9o?feature=oembed\" frameborder=\"0\" allow=\"accelerometer; autoplay; clipboard-write; encrypted-media; gyroscope; picture-in-picture; web-share\" referrerpolicy=\"strict-origin-when-cross-origin\" allowfullscreen><\/iframe>\n<\/div><\/figure>\n\n\n\n<p>Patativa sempre deixou evidente seus posicionamentos pol\u00edticos em sua obra, tecendo cr\u00edticas inclusive ao per\u00edodo da ditadura militar (1964-1985) e sendo perseguido na \u00e9poca.<\/p>\n\n\n\n<p>Alguns livros de destaque do escritor s\u00e3o:&nbsp;<em>Cantos da Patativa<\/em>&nbsp;(1966),&nbsp;<em>Canta l\u00e1 Que Eu Canto C\u00e1&nbsp;<\/em>(1978),&nbsp;<em>Aqui Tem Coisa<\/em>&nbsp;(1994). Gravou ainda dois discos:&nbsp;<em>Poemas e Can\u00e7\u00f5es<\/em>&nbsp;(1979) e&nbsp;<em>A Terra \u00e9 Natur\u00e1<\/em>&nbsp;(1981), que contou com a produ\u00e7\u00e3o do cantor Fagner.<\/p>\n\n\n\n<div class=\"wp-block-image\"><figure class=\"aligncenter size-full\"><img data-recalc-dims=\"1\" decoding=\"async\" width=\"685\" height=\"558\" loading=\"lazy\" src=\"https:\/\/i0.wp.com\/www.fazendaboqueiraorn.com.br\/wp-content\/uploads\/2021\/10\/patati-de-assare-cordel.jpg?resize=685%2C558&#038;ssl=1\" alt=\"\" class=\"wp-image-662\" srcset=\"https:\/\/i0.wp.com\/www.fazendaboqueiraorn.com.br\/wp-content\/uploads\/2021\/10\/patati-de-assare-cordel.jpg?w=685&amp;ssl=1 685w, https:\/\/i0.wp.com\/www.fazendaboqueiraorn.com.br\/wp-content\/uploads\/2021\/10\/patati-de-assare-cordel.jpg?resize=600%2C489&amp;ssl=1 600w, https:\/\/i0.wp.com\/www.fazendaboqueiraorn.com.br\/wp-content\/uploads\/2021\/10\/patati-de-assare-cordel.jpg?resize=300%2C244&amp;ssl=1 300w, https:\/\/i0.wp.com\/www.fazendaboqueiraorn.com.br\/wp-content\/uploads\/2021\/10\/patati-de-assare-cordel.jpg?resize=15%2C12&amp;ssl=1 15w\" sizes=\"auto, (max-width: 685px) 100vw, 685px\" \/><\/figure><\/div>\n\n\n\n<p>Sua obra foi bastante reconhecida, tornando-se tema de estudo na universidade francesa Sorbone.<\/p>\n\n\n\n<p>Patativa do Assar\u00e9 perdeu a vis\u00e3o e a audi\u00e7\u00e3o nos \u00faltimos anos de vida e faleceu em 8 de julho de 2002, por fal\u00eancia m\u00faltipla de \u00f3rg\u00e3os.<\/p>\n\n\n\n<h2 class=\"wp-block-heading\">Poesia<\/h2>\n\n\n\n<blockquote class=\"wp-block-quote is-layout-flow wp-block-quote-is-layout-flow\"><p>H\u00e1 dor que mata a pessoa<br>Sem d\u00f3 nem piedade.<br>Por\u00e9m n\u00e3o h\u00e1 dor que doa<br>Como a dor de uma saudade.<\/p><\/blockquote>\n\n\n\n<blockquote class=\"wp-block-quote is-layout-flow wp-block-quote-is-layout-flow\"><p>Meus versos \u00e9 como semente<br>Que nasce arriba do ch\u00e3o;<br>N\u00e3o tenho estudo nem arte,<br>A minha rima faz parte<br>Das obras da cria\u00e7\u00e3o<\/p><\/blockquote>\n\n\n\n<blockquote class=\"wp-block-quote is-layout-flow wp-block-quote-is-layout-flow\"><p>Eu sou de uma terra que o povo padece<br>Mas n\u00e3o esmorece e procura vencer.<br>Da terra querida, que a linda cabocla<br>De riso na boca zomba no sofrer<br>N\u00e3o nego meu sangue, n\u00e3o nego meu nome<br>Olho para a fome, pergunto o que h\u00e1?<br>Eu sou brasileiro, filho do Nordeste,<br>Sou cabra da Peste, sou do Cear\u00e1.<\/p><\/blockquote>\n\n\n\n<blockquote class=\"wp-block-quote is-layout-flow wp-block-quote-is-layout-flow\"><p>Sert\u00e3o, arg\u00faem te cant\u00f4,<br>Eu sempre tenho cantado<br>E ainda cantando t\u00f4,<br>Pruqu\u00ea, meu torr\u00e3o amado,<br>Munto te prezo, te quero<br>E vejo qui os teus mist\u00e9ro<br>Ningu\u00e9m sabe decifr\u00e1.<br>A tua beleza \u00e9 tanta,<br>Qui o poeta canta, canta,<br>E inda fica o qui cant\u00e1.<\/p><cite>De EU E O SERT\u00c3O &#8211; Cante l\u00e1 que eu canto C\u00e1 &#8211; Filosofia de um trovador nordestino &#8211; Ed.Vozes, Petr\u00f3polis, 1982<\/cite><\/blockquote>\n\n\n\n<h2 class=\"wp-block-heading\">Poemas<\/h2>\n\n\n\n<figure class=\"wp-block-embed is-type-video is-provider-youtube wp-block-embed-youtube wp-embed-aspect-16-9 wp-has-aspect-ratio\"><div class=\"wp-block-embed__wrapper\">\n<iframe loading=\"lazy\" title=\"Rolando Boldrin - Sr Brasil 13\/10\/2011\" width=\"500\" height=\"281\" src=\"https:\/\/www.youtube.com\/embed\/10SU6PMyrOE?feature=oembed\" frameborder=\"0\" allow=\"accelerometer; autoplay; clipboard-write; encrypted-media; gyroscope; picture-in-picture; web-share\" referrerpolicy=\"strict-origin-when-cross-origin\" allowfullscreen><\/iframe>\n<\/div><\/figure>\n\n\n\n<h3 class=\"wp-block-heading\"><em>A terra \u00e9 nossa<\/em><\/h3>\n\n\n\n<blockquote class=\"wp-block-quote is-layout-flow wp-block-quote-is-layout-flow\"><p>A terra \u00e9 um bem comum<br>Que pertence a cada um.<br>Com o seu poder al\u00e9m,<br>Deus fez a grande Natura<br>Mas n\u00e3o passou escritura<br>Da terra para ningu\u00e9m.<\/p><p>Se a terra foi Deus quem fez,<br>Se \u00e9 obra da cria\u00e7\u00e3o,<br>Deve cada campon\u00eas<br>Ter uma faixa de ch\u00e3o.<\/p><p>Quando um agregado solta<br>O seu grito de revolta,<br>Tem raz\u00e3o de reclamar.<br>N\u00e3o h\u00e1 maior padecer<br>Do que um campon\u00eas viver<br>Sem terra pra trabalhar.<\/p><p>O grande latifundi\u00e1rio,<br>Ego\u00edsta e usur\u00e1rio,<br>Da terra toda se apossa<br>Causando crises fatais<br>Por\u00e9m nas leis naturais<br>Sabemos que a terra \u00e9 nossa.<\/p><\/blockquote>\n\n\n\n<h3 class=\"wp-block-heading\"><em>O que mais d\u00f3i<\/em><\/h3>\n\n\n\n<blockquote class=\"wp-block-quote is-layout-flow wp-block-quote-is-layout-flow\"><p>O que mais d\u00f3i n\u00e3o \u00e9 sofrer saudade<br>Do amor querido que se encontra ausente<br>Nem a lembran\u00e7a que o cora\u00e7\u00e3o sente<br>Dos belos sonhos da primeira idade.<br>N\u00e3o \u00e9 tamb\u00e9m a dura crueldade<br>Do falso amigo, quando engana a gente,<br>Nem os mart\u00edrios de uma dor latente,<br>Quando a mol\u00e9stia o nosso corpo invade.<br>O que mais d\u00f3i e o peito nos oprime,<br>E nos revolta mais que o pr\u00f3prio crime,<br>N\u00e3o \u00e9 perder da posi\u00e7\u00e3o um grau.<br>\u00c9 ver os votos de um pa\u00eds inteiro,<br>Desde o praciano ao campon\u00eas roceiro,<br>Pra eleger um presidente mau.<\/p><\/blockquote>\n\n\n\n<h3 class=\"wp-block-heading\"><em>O agregado e o oper\u00e1rio<\/em><\/h3>\n\n\n\n<blockquote class=\"wp-block-quote is-layout-flow wp-block-quote-is-layout-flow\"><p>Sou matuto do Nordeste<br>criado dentro da mata<br>caboclo cabra da peste<br>poeta cabe\u00e7a chata<br>por ser poeta roceiro<br>eu sempre fui companheiro<br>da dor, da m\u00e1goa e do pranto<br>por isto, por minha vez<br>vou falar para voc\u00eas<br>o que \u00e9 que eu sou e o que canto.<\/p><p>Sou poeta agricultor<br>do interior do Cear\u00e1<br>a desdita, o pranto e a dor<br>canto aqui e canto acol\u00e1<br>sou amigo do oper\u00e1rio<br>que ganha um pobre sal\u00e1rio<br>e do mendigo indigente<br>e canto com emo\u00e7\u00e3o<br>o meu querido sert\u00e3o<br>e a vida de sua gente.<\/p><p>Procurando resolver<br>um espinhoso problema<br>eu procure defender<br>no meu modesto poema<br>que a santa verdade encerra<br>os camponeses sem terra<br>que o c\u00e9u deste Brasil cobre<br>e as fam\u00edlias da cidade<br>que sofrem necessidade<br>morando no bairro pobre.<\/p><p>V\u00e3o no mesmo itiner\u00e1rio<br>sofrendo a mesma opress\u00e3o<br>nas cidades, o oper\u00e1rio<br>e o campon\u00eas no sert\u00e3o<br>embora um do outro ausente<br>o que um sente o outro sente<br>se queimam na mesma brasa<br>e vivem na mesma Guerra<br>os agregados sem terra<br>e os oper\u00e1rios sem casa.<\/p><p>Oper\u00e1rio da cidade<br>se voc\u00ea sofre bastante<br>a mesma necessidade<br>sofre o seu irm\u00e3o distante<br>levando vida grosseira<br>sem direito de carteira<br>seu fracasso continua<br>\u00e9 grande mart\u00edrio aquele<br>a sua sorte \u00e9 a dele<br>e a sorte dele \u00e9 a sua.<\/p><p>Disto eu j\u00e1 vivo ciente<br>se na cidade o oper\u00e1rio<br>trabalha constantemente<br>por um pequeno sal\u00e1rio<br>l\u00e1 nos campos o agregado<br>se encontra subordinado<br>sob o jugo do patr\u00e3o<br>padecendo vida amarga<br>tal qual burro de carga<br>debaixo da sujei\u00e7\u00e3o.<\/p><p>Camponeses meus irm\u00e3os<br>e oper\u00e1rios da cidade<br>\u00e9 preciso dar as m\u00e3os<br>cheios de fraternidade<br>em favor de cada um<br>formar um corpo comum<br>praciano e campon\u00eas<br>pois s\u00f3 com esta alian\u00e7a<br>a estrela da bonan\u00e7a<br>brilhar\u00e1 para voc\u00eas.<\/p><p>Uns com os outros se entendendo<br>esclarecendo as raz\u00f5es<br>e todos juntos fazendo<br>suas reivindica\u00e7\u00f5es<br>por uma democracia<br>de direito e garantia<br>lutando de mais a mais<br>s\u00e3o estes os belos planos<br>pois nos direitos humanos<br>n\u00f3s todos somos iguais.<\/p><\/blockquote>\n\n\n\n<h3 class=\"wp-block-heading\"><em>Vaca Estrela e Boi Fub\u00e1<\/em><\/h3>\n\n\n\n<blockquote class=\"wp-block-quote is-layout-flow wp-block-quote-is-layout-flow\"><p>Seu doutor, me d\u00ea licen\u00e7a<br>pra minha hist\u00f3ria contar<br>Hoje eu t\u00f4 na terra estranha,<br>\u00e9 bem triste o meu penar<br>Eu j\u00e1 fui muito feliz<br>vivendo no meu lugar<br>Eu tinha cavalo bom<br>e gostava de campear<br>Todo dia eu aboiava<br>na porteira do curral<br>Eeeeiaaaa, \u00eaeee Vaca Estrela, \u00f4oooo Boi Fub\u00e1<br>Eu sou filho do Nordeste,<br>n\u00e3o nego meu natur\u00e1<br>Mas uma seca medonha<br>me tangeu de l\u00e1 pr\u00e1 c\u00e1<br>L\u00e1 eu tinha o meu gadinho, n\u00e3o \u00e9 bom nem imaginar<br>Minha linda Vaca Estrela<br>e o meu belo Boi Fub\u00e1<br>Aquela seca medonha<br>fez tudo se atrapalhar<br>Eeeeiaaaa, \u00eaeee Vaca Estrela, \u00f4oooo Boi Fub\u00e1<br>N\u00e3o nasceu capim no campo para o gado sustentar<br>O sert\u00e3o se estorricou,<br>fez o a\u00e7ude secar<br>Morreu minha Vaca Estrela,<br>se acabou meu Boi Fub\u00e1<br>Perdi tudo quanto eu tinha, nunca mais pude aboiar<br>Eeeeiaaaa, \u00eaeee Vaca Estrela, \u00f4oooo Boi Fub\u00e1<\/p><\/blockquote>\n\n\n\n<figure class=\"wp-block-embed is-type-video is-provider-youtube wp-block-embed-youtube wp-embed-aspect-16-9 wp-has-aspect-ratio\"><div class=\"wp-block-embed__wrapper\">\n<iframe loading=\"lazy\" title=\"Patativa do Assar\u00e9 - Vaca Estrela e Boi Fub\u00e1 (Pseudo Video)\" width=\"500\" height=\"281\" src=\"https:\/\/www.youtube.com\/embed\/r9KH-4LdzGs?feature=oembed\" frameborder=\"0\" allow=\"accelerometer; autoplay; clipboard-write; encrypted-media; gyroscope; picture-in-picture; web-share\" referrerpolicy=\"strict-origin-when-cross-origin\" allowfullscreen><\/iframe>\n<\/div><\/figure>\n\n\n\n<h3 class=\"wp-block-heading\">O Peixe<\/h3>\n\n\n\n<blockquote class=\"wp-block-quote is-layout-flow wp-block-quote-is-layout-flow\"><p>Tendo por ber\u00e7o o lago cristalino,<br>Folga o peixe, a nadar todo inocente,<br>Medo ou receio do porvir n\u00e3o sente,<br>Pois vive incauto do fatal destino.<\/p><p>Se na ponta de um fio longo e fino<br>A isca avista, ferra-a inconsciente,<br>Ficando o pobre peixe de repente,<br>Preso ao anzol do pescador ladino.<\/p><p>O campon\u00eas, tamb\u00e9m, do nosso Estado,<br>Ante a campanha eleitoral, coitado!<br>Daquele peixe tem a mesma sorte.<\/p><p>Antes do pleito, festa, riso e gosto,<br>Depois do pleito, imposto e mais imposto.<br>Pobre matuto do sert\u00e3o do Norte!<\/p><\/blockquote>","protected":false},"excerpt":{"rendered":"<p>Patativa do Assar\u00e9 (1909-2002), poeta popular, compositor, cantor e improvisador brasileiro. Seria o mais importante no s\u00e9culo XX de uma na\u00e7\u00e3o e um quase pa\u00eds chamado Nordeste. Dono de uma mem\u00f3ria prodigiosa, era capaz de recitar sem pestanejar longos e incont\u00e1veis poemas de sua autoria<\/p>","protected":false},"author":2,"featured_media":655,"comment_status":"open","ping_status":"open","sticky":false,"template":"","format":"standard","meta":{"nf_dc_page":"","_uag_custom_page_level_css":"","site-sidebar-layout":"default","site-content-layout":"","ast-site-content-layout":"default","site-content-style":"default","site-sidebar-style":"default","ast-global-header-display":"","ast-banner-title-visibility":"","ast-main-header-display":"","ast-hfb-above-header-display":"","ast-hfb-below-header-display":"","ast-hfb-mobile-header-display":"","site-post-title":"","ast-breadcrumbs-content":"","ast-featured-img":"","footer-sml-layout":"","ast-disable-related-posts":"","theme-transparent-header-meta":"","adv-header-id-meta":"","stick-header-meta":"","header-above-stick-meta":"","header-main-stick-meta":"","header-below-stick-meta":"","astra-migrate-meta-layouts":"default","ast-page-background-enabled":"default","ast-page-background-meta":{"desktop":{"background-color":"var(--ast-global-color-4)","background-image":"","background-repeat":"repeat","background-position":"center center","background-size":"auto","background-attachment":"scroll","background-type":"","background-media":"","overlay-type":"","overlay-color":"","overlay-opacity":"","overlay-gradient":""},"tablet":{"background-color":"","background-image":"","background-repeat":"repeat","background-position":"center center","background-size":"auto","background-attachment":"scroll","background-type":"","background-media":"","overlay-type":"","overlay-color":"","overlay-opacity":"","overlay-gradient":""},"mobile":{"background-color":"","background-image":"","background-repeat":"repeat","background-position":"center center","background-size":"auto","background-attachment":"scroll","background-type":"","background-media":"","overlay-type":"","overlay-color":"","overlay-opacity":"","overlay-gradient":""}},"ast-content-background-meta":{"desktop":{"background-color":"var(--ast-global-color-5)","background-image":"","background-repeat":"repeat","background-position":"center center","background-size":"auto","background-attachment":"scroll","background-type":"","background-media":"","overlay-type":"","overlay-color":"","overlay-opacity":"","overlay-gradient":""},"tablet":{"background-color":"var(--ast-global-color-5)","background-image":"","background-repeat":"repeat","background-position":"center center","background-size":"auto","background-attachment":"scroll","background-type":"","background-media":"","overlay-type":"","overlay-color":"","overlay-opacity":"","overlay-gradient":""},"mobile":{"background-color":"var(--ast-global-color-5)","background-image":"","background-repeat":"repeat","background-position":"center center","background-size":"auto","background-attachment":"scroll","background-type":"","background-media":"","overlay-type":"","overlay-color":"","overlay-opacity":"","overlay-gradient":""}},"jetpack_post_was_ever_published":false,"_jetpack_newsletter_access":"","_jetpack_dont_email_post_to_subs":false,"_jetpack_newsletter_tier_id":0,"_jetpack_memberships_contains_paywalled_content":false,"_jetpack_memberships_contains_paid_content":false,"footnotes":"","jetpack_publicize_message":"","jetpack_publicize_feature_enabled":true,"jetpack_social_post_already_shared":true,"jetpack_social_options":{"image_generator_settings":{"template":"highway","default_image_id":0,"font":"","enabled":false},"version":2}},"categories":[1],"tags":[80,144,142,18,75,27,26,139,141,140],"class_list":["post-652","post","type-post","status-publish","format-standard","has-post-thumbnail","hentry","category-noticia","tag-capim","tag-ceara","tag-cordel","tag-evento","tag-livro","tag-luiz-gonzaga","tag-nordeste","tag-patativa-do-assare","tag-poesia","tag-poeta"],"yoast_head":"<!-- This site is optimized with the Yoast SEO plugin v27.5 - https:\/\/yoast.com\/product\/yoast-seo-wordpress\/ -->\n<title>Patativa do Assar\u00e9 - Fazenda Boqueir\u00e3o<\/title>\n<meta name=\"description\" content=\"Patativa do Assar\u00e9 (1909-2002), poeta popular, compositor, cantor e improvisador brasileiro. Seria o mais importante no s\u00e9culo XX de uma na\u00e7\u00e3o e um quase pa\u00eds chamado Nordeste. Dono de uma mem\u00f3ria prodigiosa, era capaz de recitar sem pestanejar longos e incont\u00e1veis poemas de sua autoria\" \/>\n<meta name=\"robots\" content=\"index, follow, max-snippet:-1, max-image-preview:large, max-video-preview:-1\" \/>\n<link rel=\"canonical\" href=\"https:\/\/www.fazendaboqueiraorn.com.br\/en\/patativa-do-assare\/\" \/>\n<meta property=\"og:locale\" content=\"en_US\" \/>\n<meta property=\"og:type\" content=\"article\" \/>\n<meta property=\"og:title\" content=\"Patativa do Assar\u00e9 - Fazenda Boqueir\u00e3o\" \/>\n<meta property=\"og:description\" content=\"Patativa do Assar\u00e9 (1909-2002), poeta popular, compositor, cantor e improvisador brasileiro. Seria o mais importante no s\u00e9culo XX de uma na\u00e7\u00e3o e um quase pa\u00eds chamado Nordeste. Dono de uma mem\u00f3ria prodigiosa, era capaz de recitar sem pestanejar longos e incont\u00e1veis poemas de sua autoria\" \/>\n<meta property=\"og:url\" content=\"https:\/\/www.fazendaboqueiraorn.com.br\/en\/patativa-do-assare\/\" \/>\n<meta property=\"og:site_name\" content=\"Fazenda Boqueir\u00e3o\" \/>\n<meta property=\"article:publisher\" content=\"https:\/\/www.facebook.com\/fazboqueirao\" \/>\n<meta property=\"article:published_time\" content=\"2021-10-08T00:00:00+00:00\" \/>\n<meta property=\"og:image\" content=\"https:\/\/i0.wp.com\/www.fazendaboqueiraorn.com.br\/wp-content\/uploads\/2021\/10\/patativa-de-assare.jpg?fit=300%2C258&ssl=1\" \/>\n\t<meta property=\"og:image:width\" content=\"300\" \/>\n\t<meta property=\"og:image:height\" content=\"258\" \/>\n\t<meta property=\"og:image:type\" content=\"image\/jpeg\" \/>\n<meta name=\"author\" content=\"Fazenda Boqueir\u00e3o\" \/>\n<meta name=\"twitter:card\" content=\"summary_large_image\" \/>\n<meta name=\"twitter:creator\" content=\"@FazBoqueirao\" \/>\n<meta name=\"twitter:site\" content=\"@FazBoqueirao\" \/>\n<meta name=\"twitter:label1\" content=\"Written by\" \/>\n\t<meta name=\"twitter:data1\" content=\"Fazenda Boqueir\u00e3o\" \/>\n\t<meta name=\"twitter:label2\" content=\"Est. reading time\" \/>\n\t<meta name=\"twitter:data2\" content=\"7 minutes\" \/>\n<script type=\"application\/ld+json\" class=\"yoast-schema-graph\">{\"@context\":\"https:\\\/\\\/schema.org\",\"@graph\":[{\"@type\":\"Article\",\"@id\":\"https:\\\/\\\/www.fazendaboqueiraorn.com.br\\\/patativa-do-assare\\\/#article\",\"isPartOf\":{\"@id\":\"https:\\\/\\\/www.fazendaboqueiraorn.com.br\\\/patativa-do-assare\\\/\"},\"author\":{\"name\":\"Fazenda Boqueir\u00e3o\",\"@id\":\"https:\\\/\\\/www.fazendaboqueiraorn.com.br\\\/#\\\/schema\\\/person\\\/70484dc96f76e66c6365a9f4a2ebfb02\"},\"headline\":\"Patativa do Assar\u00e9\",\"datePublished\":\"2021-10-08T00:00:00+00:00\",\"mainEntityOfPage\":{\"@id\":\"https:\\\/\\\/www.fazendaboqueiraorn.com.br\\\/patativa-do-assare\\\/\"},\"wordCount\":1380,\"commentCount\":0,\"publisher\":{\"@id\":\"https:\\\/\\\/www.fazendaboqueiraorn.com.br\\\/#organization\"},\"image\":{\"@id\":\"https:\\\/\\\/www.fazendaboqueiraorn.com.br\\\/patativa-do-assare\\\/#primaryimage\"},\"thumbnailUrl\":\"https:\\\/\\\/i0.wp.com\\\/www.fazendaboqueiraorn.com.br\\\/wp-content\\\/uploads\\\/2021\\\/10\\\/patativa-de-assare.jpg?fit=300%2C258&ssl=1\",\"keywords\":[\"Capim\",\"Cear\u00e1\",\"cordel\",\"evento\",\"livro\",\"Luiz Gonzaga\",\"Nordeste\",\"Patativa do Assar\u00e9\",\"poesia\",\"poeta\"],\"articleSection\":[\"Not\u00edcias\"],\"inLanguage\":\"en-US\",\"potentialAction\":[{\"@type\":\"CommentAction\",\"name\":\"Comment\",\"target\":[\"https:\\\/\\\/www.fazendaboqueiraorn.com.br\\\/patativa-do-assare\\\/#respond\"]}]},{\"@type\":\"WebPage\",\"@id\":\"https:\\\/\\\/www.fazendaboqueiraorn.com.br\\\/patativa-do-assare\\\/\",\"url\":\"https:\\\/\\\/www.fazendaboqueiraorn.com.br\\\/patativa-do-assare\\\/\",\"name\":\"Patativa do Assar\u00e9 - Fazenda Boqueir\u00e3o\",\"isPartOf\":{\"@id\":\"https:\\\/\\\/www.fazendaboqueiraorn.com.br\\\/#website\"},\"primaryImageOfPage\":{\"@id\":\"https:\\\/\\\/www.fazendaboqueiraorn.com.br\\\/patativa-do-assare\\\/#primaryimage\"},\"image\":{\"@id\":\"https:\\\/\\\/www.fazendaboqueiraorn.com.br\\\/patativa-do-assare\\\/#primaryimage\"},\"thumbnailUrl\":\"https:\\\/\\\/i0.wp.com\\\/www.fazendaboqueiraorn.com.br\\\/wp-content\\\/uploads\\\/2021\\\/10\\\/patativa-de-assare.jpg?fit=300%2C258&ssl=1\",\"datePublished\":\"2021-10-08T00:00:00+00:00\",\"description\":\"Patativa do Assar\u00e9 (1909-2002), poeta popular, compositor, cantor e improvisador brasileiro. Seria o mais importante no s\u00e9culo XX de uma na\u00e7\u00e3o e um quase pa\u00eds chamado Nordeste. Dono de uma mem\u00f3ria prodigiosa, era capaz de recitar sem pestanejar longos e incont\u00e1veis poemas de sua autoria\",\"breadcrumb\":{\"@id\":\"https:\\\/\\\/www.fazendaboqueiraorn.com.br\\\/patativa-do-assare\\\/#breadcrumb\"},\"inLanguage\":\"en-US\",\"potentialAction\":[{\"@type\":\"ReadAction\",\"target\":[\"https:\\\/\\\/www.fazendaboqueiraorn.com.br\\\/patativa-do-assare\\\/\"]}]},{\"@type\":\"ImageObject\",\"inLanguage\":\"en-US\",\"@id\":\"https:\\\/\\\/www.fazendaboqueiraorn.com.br\\\/patativa-do-assare\\\/#primaryimage\",\"url\":\"https:\\\/\\\/i0.wp.com\\\/www.fazendaboqueiraorn.com.br\\\/wp-content\\\/uploads\\\/2021\\\/10\\\/patativa-de-assare.jpg?fit=300%2C258&ssl=1\",\"contentUrl\":\"https:\\\/\\\/i0.wp.com\\\/www.fazendaboqueiraorn.com.br\\\/wp-content\\\/uploads\\\/2021\\\/10\\\/patativa-de-assare.jpg?fit=300%2C258&ssl=1\",\"width\":300,\"height\":258},{\"@type\":\"BreadcrumbList\",\"@id\":\"https:\\\/\\\/www.fazendaboqueiraorn.com.br\\\/patativa-do-assare\\\/#breadcrumb\",\"itemListElement\":[{\"@type\":\"ListItem\",\"position\":1,\"name\":\"Home\",\"item\":\"https:\\\/\\\/www.fazendaboqueiraorn.com.br\\\/\"},{\"@type\":\"ListItem\",\"position\":2,\"name\":\"Patativa do Assar\u00e9\"}]},{\"@type\":\"WebSite\",\"@id\":\"https:\\\/\\\/www.fazendaboqueiraorn.com.br\\\/#website\",\"url\":\"https:\\\/\\\/www.fazendaboqueiraorn.com.br\\\/\",\"name\":\"Fazenda Boqueir\u00e3o\",\"description\":\"\",\"publisher\":{\"@id\":\"https:\\\/\\\/www.fazendaboqueiraorn.com.br\\\/#organization\"},\"potentialAction\":[{\"@type\":\"SearchAction\",\"target\":{\"@type\":\"EntryPoint\",\"urlTemplate\":\"https:\\\/\\\/www.fazendaboqueiraorn.com.br\\\/?s={search_term_string}\"},\"query-input\":{\"@type\":\"PropertyValueSpecification\",\"valueRequired\":true,\"valueName\":\"search_term_string\"}}],\"inLanguage\":\"en-US\"},{\"@type\":\"Organization\",\"@id\":\"https:\\\/\\\/www.fazendaboqueiraorn.com.br\\\/#organization\",\"name\":\"Fazenda Boqueir\u00e3o\",\"url\":\"https:\\\/\\\/www.fazendaboqueiraorn.com.br\\\/\",\"logo\":{\"@type\":\"ImageObject\",\"inLanguage\":\"en-US\",\"@id\":\"https:\\\/\\\/www.fazendaboqueiraorn.com.br\\\/#\\\/schema\\\/logo\\\/image\\\/\",\"url\":\"https:\\\/\\\/i0.wp.com\\\/www.fazendaboqueiraorn.com.br\\\/wp-content\\\/uploads\\\/2021\\\/08\\\/logo-fazenda-120x120-1.png?fit=120%2C120&ssl=1\",\"contentUrl\":\"https:\\\/\\\/i0.wp.com\\\/www.fazendaboqueiraorn.com.br\\\/wp-content\\\/uploads\\\/2021\\\/08\\\/logo-fazenda-120x120-1.png?fit=120%2C120&ssl=1\",\"width\":120,\"height\":120,\"caption\":\"Fazenda Boqueir\u00e3o\"},\"image\":{\"@id\":\"https:\\\/\\\/www.fazendaboqueiraorn.com.br\\\/#\\\/schema\\\/logo\\\/image\\\/\"},\"sameAs\":[\"https:\\\/\\\/www.facebook.com\\\/fazboqueirao\",\"https:\\\/\\\/x.com\\\/FazBoqueirao\",\"http:\\\/\\\/instagram.com\\\/fazboqueirao\\\/\",\"https:\\\/\\\/www.linkedin.com\\\/company\\\/fazboqueirao\\\/\",\"https:\\\/\\\/www.youtube.com\\\/channel\\\/UCUA4_8v8HkmMeNUh8c6Ky1Q\"]},{\"@type\":\"Person\",\"@id\":\"https:\\\/\\\/www.fazendaboqueiraorn.com.br\\\/#\\\/schema\\\/person\\\/70484dc96f76e66c6365a9f4a2ebfb02\",\"name\":\"Fazenda Boqueir\u00e3o\",\"image\":{\"@type\":\"ImageObject\",\"inLanguage\":\"en-US\",\"@id\":\"https:\\\/\\\/secure.gravatar.com\\\/avatar\\\/19f19467ae305ded5d913deae2fb6c6f29fe88a0a7f3a4dca5679407289a9efd?s=96&d=mm&r=g\",\"url\":\"https:\\\/\\\/secure.gravatar.com\\\/avatar\\\/19f19467ae305ded5d913deae2fb6c6f29fe88a0a7f3a4dca5679407289a9efd?s=96&d=mm&r=g\",\"contentUrl\":\"https:\\\/\\\/secure.gravatar.com\\\/avatar\\\/19f19467ae305ded5d913deae2fb6c6f29fe88a0a7f3a4dca5679407289a9efd?s=96&d=mm&r=g\",\"caption\":\"Fazenda Boqueir\u00e3o\"},\"url\":\"https:\\\/\\\/www.fazendaboqueiraorn.com.br\\\/en\\\/author\\\/fazenda\\\/\"}]}<\/script>\n<!-- \/ Yoast SEO plugin. -->","yoast_head_json":{"title":"Patativa do Assar\u00e9 - Fazenda Boqueir\u00e3o","description":"Patativa do Assar\u00e9 (1909-2002), poeta popular, compositor, cantor e improvisador brasileiro. Seria o mais importante no s\u00e9culo XX de uma na\u00e7\u00e3o e um quase pa\u00eds chamado Nordeste. Dono de uma mem\u00f3ria prodigiosa, era capaz de recitar sem pestanejar longos e incont\u00e1veis poemas de sua autoria","robots":{"index":"index","follow":"follow","max-snippet":"max-snippet:-1","max-image-preview":"max-image-preview:large","max-video-preview":"max-video-preview:-1"},"canonical":"https:\/\/www.fazendaboqueiraorn.com.br\/en\/patativa-do-assare\/","og_locale":"en_US","og_type":"article","og_title":"Patativa do Assar\u00e9 - Fazenda Boqueir\u00e3o","og_description":"Patativa do Assar\u00e9 (1909-2002), poeta popular, compositor, cantor e improvisador brasileiro. Seria o mais importante no s\u00e9culo XX de uma na\u00e7\u00e3o e um quase pa\u00eds chamado Nordeste. Dono de uma mem\u00f3ria prodigiosa, era capaz de recitar sem pestanejar longos e incont\u00e1veis poemas de sua autoria","og_url":"https:\/\/www.fazendaboqueiraorn.com.br\/en\/patativa-do-assare\/","og_site_name":"Fazenda Boqueir\u00e3o","article_publisher":"https:\/\/www.facebook.com\/fazboqueirao","article_published_time":"2021-10-08T00:00:00+00:00","og_image":[{"width":300,"height":258,"url":"https:\/\/i0.wp.com\/www.fazendaboqueiraorn.com.br\/wp-content\/uploads\/2021\/10\/patativa-de-assare.jpg?fit=300%2C258&ssl=1","type":"image\/jpeg"}],"author":"Fazenda Boqueir\u00e3o","twitter_card":"summary_large_image","twitter_creator":"@FazBoqueirao","twitter_site":"@FazBoqueirao","twitter_misc":{"Written by":"Fazenda Boqueir\u00e3o","Est. reading time":"7 minutes"},"schema":{"@context":"https:\/\/schema.org","@graph":[{"@type":"Article","@id":"https:\/\/www.fazendaboqueiraorn.com.br\/patativa-do-assare\/#article","isPartOf":{"@id":"https:\/\/www.fazendaboqueiraorn.com.br\/patativa-do-assare\/"},"author":{"name":"Fazenda Boqueir\u00e3o","@id":"https:\/\/www.fazendaboqueiraorn.com.br\/#\/schema\/person\/70484dc96f76e66c6365a9f4a2ebfb02"},"headline":"Patativa do Assar\u00e9","datePublished":"2021-10-08T00:00:00+00:00","mainEntityOfPage":{"@id":"https:\/\/www.fazendaboqueiraorn.com.br\/patativa-do-assare\/"},"wordCount":1380,"commentCount":0,"publisher":{"@id":"https:\/\/www.fazendaboqueiraorn.com.br\/#organization"},"image":{"@id":"https:\/\/www.fazendaboqueiraorn.com.br\/patativa-do-assare\/#primaryimage"},"thumbnailUrl":"https:\/\/i0.wp.com\/www.fazendaboqueiraorn.com.br\/wp-content\/uploads\/2021\/10\/patativa-de-assare.jpg?fit=300%2C258&ssl=1","keywords":["Capim","Cear\u00e1","cordel","evento","livro","Luiz Gonzaga","Nordeste","Patativa do Assar\u00e9","poesia","poeta"],"articleSection":["Not\u00edcias"],"inLanguage":"en-US","potentialAction":[{"@type":"CommentAction","name":"Comment","target":["https:\/\/www.fazendaboqueiraorn.com.br\/patativa-do-assare\/#respond"]}]},{"@type":"WebPage","@id":"https:\/\/www.fazendaboqueiraorn.com.br\/patativa-do-assare\/","url":"https:\/\/www.fazendaboqueiraorn.com.br\/patativa-do-assare\/","name":"Patativa do Assar\u00e9 - Fazenda Boqueir\u00e3o","isPartOf":{"@id":"https:\/\/www.fazendaboqueiraorn.com.br\/#website"},"primaryImageOfPage":{"@id":"https:\/\/www.fazendaboqueiraorn.com.br\/patativa-do-assare\/#primaryimage"},"image":{"@id":"https:\/\/www.fazendaboqueiraorn.com.br\/patativa-do-assare\/#primaryimage"},"thumbnailUrl":"https:\/\/i0.wp.com\/www.fazendaboqueiraorn.com.br\/wp-content\/uploads\/2021\/10\/patativa-de-assare.jpg?fit=300%2C258&ssl=1","datePublished":"2021-10-08T00:00:00+00:00","description":"Patativa do Assar\u00e9 (1909-2002), poeta popular, compositor, cantor e improvisador brasileiro. Seria o mais importante no s\u00e9culo XX de uma na\u00e7\u00e3o e um quase pa\u00eds chamado Nordeste. Dono de uma mem\u00f3ria prodigiosa, era capaz de recitar sem pestanejar longos e incont\u00e1veis poemas de sua autoria","breadcrumb":{"@id":"https:\/\/www.fazendaboqueiraorn.com.br\/patativa-do-assare\/#breadcrumb"},"inLanguage":"en-US","potentialAction":[{"@type":"ReadAction","target":["https:\/\/www.fazendaboqueiraorn.com.br\/patativa-do-assare\/"]}]},{"@type":"ImageObject","inLanguage":"en-US","@id":"https:\/\/www.fazendaboqueiraorn.com.br\/patativa-do-assare\/#primaryimage","url":"https:\/\/i0.wp.com\/www.fazendaboqueiraorn.com.br\/wp-content\/uploads\/2021\/10\/patativa-de-assare.jpg?fit=300%2C258&ssl=1","contentUrl":"https:\/\/i0.wp.com\/www.fazendaboqueiraorn.com.br\/wp-content\/uploads\/2021\/10\/patativa-de-assare.jpg?fit=300%2C258&ssl=1","width":300,"height":258},{"@type":"BreadcrumbList","@id":"https:\/\/www.fazendaboqueiraorn.com.br\/patativa-do-assare\/#breadcrumb","itemListElement":[{"@type":"ListItem","position":1,"name":"Home","item":"https:\/\/www.fazendaboqueiraorn.com.br\/"},{"@type":"ListItem","position":2,"name":"Patativa do Assar\u00e9"}]},{"@type":"WebSite","@id":"https:\/\/www.fazendaboqueiraorn.com.br\/#website","url":"https:\/\/www.fazendaboqueiraorn.com.br\/","name":"Fazenda Boqueir\u00e3o","description":"","publisher":{"@id":"https:\/\/www.fazendaboqueiraorn.com.br\/#organization"},"potentialAction":[{"@type":"SearchAction","target":{"@type":"EntryPoint","urlTemplate":"https:\/\/www.fazendaboqueiraorn.com.br\/?s={search_term_string}"},"query-input":{"@type":"PropertyValueSpecification","valueRequired":true,"valueName":"search_term_string"}}],"inLanguage":"en-US"},{"@type":"Organization","@id":"https:\/\/www.fazendaboqueiraorn.com.br\/#organization","name":"Fazenda Boqueir\u00e3o","url":"https:\/\/www.fazendaboqueiraorn.com.br\/","logo":{"@type":"ImageObject","inLanguage":"en-US","@id":"https:\/\/www.fazendaboqueiraorn.com.br\/#\/schema\/logo\/image\/","url":"https:\/\/i0.wp.com\/www.fazendaboqueiraorn.com.br\/wp-content\/uploads\/2021\/08\/logo-fazenda-120x120-1.png?fit=120%2C120&ssl=1","contentUrl":"https:\/\/i0.wp.com\/www.fazendaboqueiraorn.com.br\/wp-content\/uploads\/2021\/08\/logo-fazenda-120x120-1.png?fit=120%2C120&ssl=1","width":120,"height":120,"caption":"Fazenda Boqueir\u00e3o"},"image":{"@id":"https:\/\/www.fazendaboqueiraorn.com.br\/#\/schema\/logo\/image\/"},"sameAs":["https:\/\/www.facebook.com\/fazboqueirao","https:\/\/x.com\/FazBoqueirao","http:\/\/instagram.com\/fazboqueirao\/","https:\/\/www.linkedin.com\/company\/fazboqueirao\/","https:\/\/www.youtube.com\/channel\/UCUA4_8v8HkmMeNUh8c6Ky1Q"]},{"@type":"Person","@id":"https:\/\/www.fazendaboqueiraorn.com.br\/#\/schema\/person\/70484dc96f76e66c6365a9f4a2ebfb02","name":"Fazenda Boqueir\u00e3o","image":{"@type":"ImageObject","inLanguage":"en-US","@id":"https:\/\/secure.gravatar.com\/avatar\/19f19467ae305ded5d913deae2fb6c6f29fe88a0a7f3a4dca5679407289a9efd?s=96&d=mm&r=g","url":"https:\/\/secure.gravatar.com\/avatar\/19f19467ae305ded5d913deae2fb6c6f29fe88a0a7f3a4dca5679407289a9efd?s=96&d=mm&r=g","contentUrl":"https:\/\/secure.gravatar.com\/avatar\/19f19467ae305ded5d913deae2fb6c6f29fe88a0a7f3a4dca5679407289a9efd?s=96&d=mm&r=g","caption":"Fazenda Boqueir\u00e3o"},"url":"https:\/\/www.fazendaboqueiraorn.com.br\/en\/author\/fazenda\/"}]}},"jetpack_publicize_connections":[],"uagb_featured_image_src":{"full":["https:\/\/i0.wp.com\/www.fazendaboqueiraorn.com.br\/wp-content\/uploads\/2021\/10\/patativa-de-assare.jpg?fit=300%2C258&ssl=1",300,258,false],"thumbnail":["https:\/\/i0.wp.com\/www.fazendaboqueiraorn.com.br\/wp-content\/uploads\/2021\/10\/patativa-de-assare.jpg?resize=150%2C150&ssl=1",150,150,true],"medium":["https:\/\/i0.wp.com\/www.fazendaboqueiraorn.com.br\/wp-content\/uploads\/2021\/10\/patativa-de-assare.jpg?fit=300%2C258&ssl=1",300,258,true],"medium_large":["https:\/\/i0.wp.com\/www.fazendaboqueiraorn.com.br\/wp-content\/uploads\/2021\/10\/patativa-de-assare.jpg?fit=300%2C258&ssl=1",300,258,true],"large":["https:\/\/i0.wp.com\/www.fazendaboqueiraorn.com.br\/wp-content\/uploads\/2021\/10\/patativa-de-assare.jpg?fit=300%2C258&ssl=1",300,258,true],"1536x1536":["https:\/\/i0.wp.com\/www.fazendaboqueiraorn.com.br\/wp-content\/uploads\/2021\/10\/patativa-de-assare.jpg?fit=300%2C258&ssl=1",300,258,true],"2048x2048":["https:\/\/i0.wp.com\/www.fazendaboqueiraorn.com.br\/wp-content\/uploads\/2021\/10\/patativa-de-assare.jpg?fit=300%2C258&ssl=1",300,258,true],"trp-custom-language-flag":["https:\/\/i0.wp.com\/www.fazendaboqueiraorn.com.br\/wp-content\/uploads\/2021\/10\/patativa-de-assare.jpg?fit=14%2C12&ssl=1",14,12,true],"ultp_layout_landscape_large":["https:\/\/i0.wp.com\/www.fazendaboqueiraorn.com.br\/wp-content\/uploads\/2021\/10\/patativa-de-assare.jpg?resize=300%2C258&ssl=1",300,258,true],"ultp_layout_landscape":["https:\/\/i0.wp.com\/www.fazendaboqueiraorn.com.br\/wp-content\/uploads\/2021\/10\/patativa-de-assare.jpg?resize=300%2C258&ssl=1",300,258,true],"ultp_layout_portrait":["https:\/\/i0.wp.com\/www.fazendaboqueiraorn.com.br\/wp-content\/uploads\/2021\/10\/patativa-de-assare.jpg?resize=300%2C258&ssl=1",300,258,true],"ultp_layout_square":["https:\/\/i0.wp.com\/www.fazendaboqueiraorn.com.br\/wp-content\/uploads\/2021\/10\/patativa-de-assare.jpg?resize=300%2C258&ssl=1",300,258,true],"woocommerce_thumbnail":["https:\/\/www.fazendaboqueiraorn.com.br\/wp-content\/uploads\/2021\/10\/patativa-de-assare.jpg",300,258,false],"woocommerce_single":["https:\/\/www.fazendaboqueiraorn.com.br\/wp-content\/uploads\/2021\/10\/patativa-de-assare.jpg",300,258,false],"woocommerce_gallery_thumbnail":["https:\/\/www.fazendaboqueiraorn.com.br\/wp-content\/uploads\/2021\/10\/patativa-de-assare-100x100.jpg",100,100,true],"web-stories-poster-portrait":["https:\/\/www.fazendaboqueiraorn.com.br\/wp-content\/uploads\/2021\/10\/patativa-de-assare.jpg",300,258,false],"web-stories-publisher-logo":["https:\/\/www.fazendaboqueiraorn.com.br\/wp-content\/uploads\/2021\/10\/patativa-de-assare.jpg",96,83,false],"web-stories-thumbnail":["https:\/\/www.fazendaboqueiraorn.com.br\/wp-content\/uploads\/2021\/10\/patativa-de-assare.jpg",150,129,false]},"uagb_author_info":{"display_name":"Fazenda Boqueir\u00e3o","author_link":"https:\/\/www.fazendaboqueiraorn.com.br\/en\/author\/fazenda\/"},"uagb_comment_info":0,"uagb_excerpt":"Patativa do Assar\u00e9 (1909-2002), poeta popular, compositor, cantor e improvisador brasileiro. Seria o mais importante no s\u00e9culo XX de uma na\u00e7\u00e3o e um quase pa\u00eds chamado Nordeste. Dono de uma mem\u00f3ria prodigiosa, era capaz de recitar sem pestanejar longos e incont\u00e1veis poemas de sua autoria","jetpack_featured_media_url":"https:\/\/i0.wp.com\/www.fazendaboqueiraorn.com.br\/wp-content\/uploads\/2021\/10\/patativa-de-assare.jpg?fit=300%2C258&ssl=1","jetpack_sharing_enabled":true,"jetpack_likes_enabled":true,"_links":{"self":[{"href":"https:\/\/www.fazendaboqueiraorn.com.br\/en\/wp-json\/wp\/v2\/posts\/652","targetHints":{"allow":["GET"]}}],"collection":[{"href":"https:\/\/www.fazendaboqueiraorn.com.br\/en\/wp-json\/wp\/v2\/posts"}],"about":[{"href":"https:\/\/www.fazendaboqueiraorn.com.br\/en\/wp-json\/wp\/v2\/types\/post"}],"author":[{"embeddable":true,"href":"https:\/\/www.fazendaboqueiraorn.com.br\/en\/wp-json\/wp\/v2\/users\/2"}],"replies":[{"embeddable":true,"href":"https:\/\/www.fazendaboqueiraorn.com.br\/en\/wp-json\/wp\/v2\/comments?post=652"}],"version-history":[{"count":7,"href":"https:\/\/www.fazendaboqueiraorn.com.br\/en\/wp-json\/wp\/v2\/posts\/652\/revisions"}],"predecessor-version":[{"id":664,"href":"https:\/\/www.fazendaboqueiraorn.com.br\/en\/wp-json\/wp\/v2\/posts\/652\/revisions\/664"}],"wp:featuredmedia":[{"embeddable":true,"href":"https:\/\/www.fazendaboqueiraorn.com.br\/en\/wp-json\/wp\/v2\/media\/655"}],"wp:attachment":[{"href":"https:\/\/www.fazendaboqueiraorn.com.br\/en\/wp-json\/wp\/v2\/media?parent=652"}],"wp:term":[{"taxonomy":"category","embeddable":true,"href":"https:\/\/www.fazendaboqueiraorn.com.br\/en\/wp-json\/wp\/v2\/categories?post=652"},{"taxonomy":"post_tag","embeddable":true,"href":"https:\/\/www.fazendaboqueiraorn.com.br\/en\/wp-json\/wp\/v2\/tags?post=652"}],"curies":[{"name":"wp","href":"https:\/\/api.w.org\/{rel}","templated":true}]}}