{"id":6413,"date":"2025-02-25T16:45:56","date_gmt":"2025-02-25T19:45:56","guid":{"rendered":"https:\/\/www.fazendaboqueiraorn.com.br\/?p=6413"},"modified":"2025-06-18T11:21:47","modified_gmt":"2025-06-18T14:21:47","slug":"circuito-de-exposicoes-agropecuarias-do-rn-2025","status":"publish","type":"post","link":"https:\/\/www.fazendaboqueiraorn.com.br\/en\/circuito-de-exposicoes-agropecuarias-do-rn-2025\/","title":{"rendered":"Circuito de Exposi\u00e7\u00f5es Agropecu\u00e1rias do RN 2025"},"content":{"rendered":"<figure class=\"wp-block-image size-large\"><img data-recalc-dims=\"1\" decoding=\"async\" width=\"980\" height=\"1024\" loading=\"lazy\" src=\"https:\/\/i0.wp.com\/www.fazendaboqueiraorn.com.br\/wp-content\/uploads\/2025\/02\/circuito-de-exposicoes-agropecuarias-do-rn-2025.jpg?resize=980%2C1024&#038;ssl=1\" alt=\"Circuito de Exposi\u00e7\u00f5es Agropecu\u00e1rias do RN 2025\" class=\"wp-image-6414\" srcset=\"https:\/\/i0.wp.com\/www.fazendaboqueiraorn.com.br\/wp-content\/uploads\/2025\/02\/circuito-de-exposicoes-agropecuarias-do-rn-2025-scaled.jpg?resize=980%2C1024&amp;ssl=1 980w, https:\/\/i0.wp.com\/www.fazendaboqueiraorn.com.br\/wp-content\/uploads\/2025\/02\/circuito-de-exposicoes-agropecuarias-do-rn-2025-scaled.jpg?resize=287%2C300&amp;ssl=1 287w, https:\/\/i0.wp.com\/www.fazendaboqueiraorn.com.br\/wp-content\/uploads\/2025\/02\/circuito-de-exposicoes-agropecuarias-do-rn-2025-scaled.jpg?resize=768%2C803&amp;ssl=1 768w, https:\/\/i0.wp.com\/www.fazendaboqueiraorn.com.br\/wp-content\/uploads\/2025\/02\/circuito-de-exposicoes-agropecuarias-do-rn-2025-scaled.jpg?resize=11%2C12&amp;ssl=1 11w, https:\/\/i0.wp.com\/www.fazendaboqueiraorn.com.br\/wp-content\/uploads\/2025\/02\/circuito-de-exposicoes-agropecuarias-do-rn-2025-scaled.jpg?resize=600%2C627&amp;ssl=1 600w, https:\/\/i0.wp.com\/www.fazendaboqueiraorn.com.br\/wp-content\/uploads\/2025\/02\/circuito-de-exposicoes-agropecuarias-do-rn-2025-scaled.jpg?resize=150%2C157&amp;ssl=1 150w, https:\/\/i0.wp.com\/www.fazendaboqueiraorn.com.br\/wp-content\/uploads\/2025\/02\/circuito-de-exposicoes-agropecuarias-do-rn-2025-scaled.jpg?w=957&amp;ssl=1 957w\" sizes=\"auto, (max-width: 980px) 100vw, 980px\" \/><\/figure>\n\n\n\n<p class=\"\">A programa\u00e7\u00e3o Circuito de Exposi\u00e7\u00f5es Agropecu\u00e1rias do RN 2025 inclui feiras, torneios leiteiros e exposi\u00e7\u00f5es que fortalecem a agropecu\u00e1ria potiguar.<\/p>\n\n\n\n<p class=\"\">\ud83d\udcc5 A primeira exposi\u00e7\u00e3o ser\u00e1 a Festa do Cavalo, de 21 a 23 de mar\u00e7o, em Parnamirim. O encerramento acontece com a Festa do Queijo, em Riachuelo, no dia 19 de dezembro.<\/p>\n\n\n\n<h2 class=\"wp-block-heading\">Programa\u00e7\u00e3o do Circuito de Exposi\u00e7\u00f5es Agropecu\u00e1rias do RN 2025&nbsp;<\/h2>\n\n\n\n<h3 class=\"wp-block-heading\">Exposi\u00e7\u00f5es<\/h3>\n\n\n\n<figure class=\"wp-block-table\"><table class=\"has-fixed-layout\"><tbody><tr><td>Festa do Cavalo<\/td><td><a href=\"\/en\/topicos\/parnamirim\/\">Parnamirim<\/a><\/td><td>21 a 23 de Mar\u00e7o<\/td><\/tr><tr><td>ExpoNovos<\/td><td><a href=\"\/en\/topicos\/currais-novos\/\">Currais Novos<\/a><\/td><td>25 a 27 de Abril<\/td><\/tr><tr><td>ExpoPotengi<\/td><td><a href=\"\/en\/topicos\/sao-paulo-do-potengi\/\">S\u00e3o Paulo do Potengi<\/a><\/td><td>02 a 04 de Maio<\/td><\/tr><tr><td>Festa do Agricultor<\/td><td><a href=\"\/en\/topicos\/lagoa-nova\/\">Lagoa Nova<\/a><\/td><td>16 a 18 de Maio<\/td><\/tr><tr><td>ExpoEste<\/td><td><a href=\"\/en\/topicos\/caraubas\/\">Cara\u00fabas<\/a><\/td><td>22 a 25 de Maio<\/td><\/tr><tr><td>ExpoSerid\u00f3<\/td><td><a href=\"\/en\/topicos\/caico\/\">Caic\u00f3<\/a><\/td><td>29 de Maio a 01 de Junho<\/td><\/tr><tr><td>Caprifeira de Coronel Ezequiel<\/td><td>Coronel Ezequiel<\/td><td>06 a 08 de Junho<\/td><\/tr><tr><td>ExpoJa\u00e7an\u00e3<\/td><td>Ja\u00e7an\u00e3<\/td><td>19 a 22 de Junho<\/td><\/tr><tr><td>Caprifeira de Afonso Bezerra<\/td><td><a href=\"\/en\/topicos\/afonso-bezerra\/\">Afonso Bezerra<\/a><\/td><td>11 a 13 de Julho<\/td><\/tr><tr><td>Festa da Colheita<\/td><td>Cruzeta<\/td><td>18 a 20 de Julho<\/td><\/tr><tr><td>ExpoAp<\/td><td><a href=\"\/en\/topicos\/apodi\/\">Apodi<\/a><\/td><td>25 a 27 de Julho<\/td><\/tr><tr><td>AgroFest<\/td><td><a href=\"\/en\/topicos\/sao-goncalo-do-amarante\/\">S\u00e3o Gon\u00e7alo do Amarante<\/a><\/td><td>31 de Julho a 02 de Agosto<\/td><\/tr><tr><td>ExpoAssu<\/td><td><a href=\"\/en\/topicos\/assu\/\">Ass\u00fa<\/a><\/td><td>01 a 03 de Agosto<\/td><\/tr><tr><td>Festa do Bode<\/td><td><a href=\"\/en\/topicos\/mossoro\/\">Mossor\u00f3<\/a><\/td><td>07 a 10 de Agosto<\/td><\/tr><tr><td>Exposi\u00e7\u00e3o Agropecu\u00e1ria de Parelhas<\/td><td><a href=\"\/en\/topicos\/parelhas\/\">Parelhas<\/a><\/td><td>15 a 16 de Agosto<\/td><\/tr><tr><td>AgroPec<\/td><td>Janda\u00edra<\/td><td>15 a 16 de Agosto<\/td><\/tr><tr><td>ExpoFruit<\/td><td><a href=\"\/en\/topicos\/mossoro\/\">Mossor\u00f3<\/a><\/td><td>20 a 22 de Agosto<\/td><\/tr><tr><td>ExpoLajes<\/td><td>Lajes<\/td><td>29 a 31 de Agosto<\/td><\/tr><tr><td>Exponema<\/td><td><a href=\"\/en\/topicos\/upanema\/\">Upanema<\/a><\/td><td>12 a 14 de Setembro<\/td><\/tr><tr><td>ExpoCarnaubais<\/td><td><a href=\"\/en\/topicos\/carnaubais\/\">Carnaubais<\/a><\/td><td>12 a 14 de Setembro<\/td><\/tr><tr><td>Festa do Boi<\/td><td><a href=\"\/en\/topicos\/parnamirim\/\">Parnamirim<\/a><\/td><td>11 a 18 de Outubro<\/td><\/tr><tr><td>Exposi\u00e7\u00e3o Agropecu\u00e1ria de Tenente Laurentino<\/td><td>Tenente Laurentino Cruz<\/td><td>30 de Outubro a 01 de Novembro<\/td><\/tr><tr><td>FENACAM<\/td><td><a href=\"\/en\/topicos\/natal\/\">Natal<\/a><\/td><td>11 a 14 de Novembro<\/td><\/tr><\/tbody><\/table><\/figure>\n\n\n\n<h3 class=\"wp-block-heading\">Feiras<\/h3>\n\n\n\n<figure class=\"wp-block-table\"><table class=\"has-fixed-layout\"><tbody><tr><td>Festa da Vaca<\/td><td>Para\u00fa<\/td><td>30 e 31 de Maio<\/td><\/tr><tr><td>Feira Agropecu\u00e1ria de Jucurutu<\/td><td><a href=\"\/en\/topicos\/jucurutu\/\">Jucurutu<\/a><\/td><td>13 a 15 de Junho<\/td><\/tr><tr><td><a href=\"\/en\/expo-flores-2025\/\">Feira Agropecu\u00e1ria de Flor\u00e2nia<\/a><\/td><td><a href=\"\/en\/topicos\/florania\/\">Flor\u00e2nia<\/a><\/td><td>19 a 22 de Junho<\/td><\/tr><tr><td>Festa do Agricultor de Bom Jesus<\/td><td>Bom Jesus<\/td><td>28 a 29 de Julho<\/td><\/tr><tr><td>Caprifeira de Governador Dix-Sept Rosado<\/td><td>Governador Dix-Sept Rosado<\/td><td>29 e 30 de Agosto<\/td><\/tr><tr><td>ExpoAu<\/td><td>Umarizal<\/td><td>04 a 06 de Setembro<\/td><\/tr><tr><td>Feira do Abacaxi<\/td><td>Ielmo Marinho<\/td><td>18 a 20 de Setembro<\/td><\/tr><tr><td>Feira Agropecu\u00e1ria de S\u00e3o Rafael<\/td><td>S\u00e3o Rafael<\/td><td>26 a 28 de Setembro<\/td><\/tr><tr><td>Feira Agropecu\u00e1ria de Ipangua\u00e7u<\/td><td>Ipangua\u00e7u<\/td><td>31 de Outubro a 01 de Novembro<\/td><\/tr><tr><td>Feira Agropecu\u00e1ria de Pend\u00eancias<\/td><td><a href=\"\/en\/topicos\/pendencias\/\">Pend\u00eancias<\/a><\/td><td>06 a 08 de Novembro<\/td><\/tr><tr><td>Feira Agropecu\u00e1ria de Nova Cruz<\/td><td>Nova Cruz<\/td><td>13 a 15 de Novembro<\/td><\/tr><tr><td>ExpoAgroJP<\/td><td>Jos\u00e9 da Penha<\/td><td>28 a 29 de Novembro<\/td><\/tr><tr><td>Festa do Queijo<\/td><td><a href=\"\/en\/topicos\/riachuelo\/\">Riachuelo<\/a><\/td><td>19 de Dezembro<\/td><\/tr><\/tbody><\/table><\/figure>\n\n\n\n<h3 class=\"wp-block-heading\">Torneios<\/h3>\n\n\n\n<figure class=\"wp-block-table\"><table class=\"has-fixed-layout\"><tbody><tr><td>Torneio Leiteiro de S\u00e3o Vicente<\/td><td><a href=\"\/en\/topicos\/sao-vicente\/\">S\u00e3o Vicente<\/a><\/td><td>20 a 22 de Mar\u00e7o<\/td><\/tr><tr><td>Feira Agropecu\u00e1ria de Santana do Matos<\/td><td><a href=\"\/en\/topicos\/santana-do-matos\/\">Santana do Matos<\/a><\/td><td>29 a 31 de Maio<\/td><\/tr><tr><td>Torneio Leiteiro de Jardim do Serid\u00f3<\/td><td>Jardim do Serid\u00f3<\/td><td>06 a 08 de Junho<\/td><\/tr><tr><td>Torneio Leiteiro de S\u00e3o Jos\u00e9 do Serid\u00f3<\/td><td>S\u00e3o Jos\u00e9 do Serid\u00f3<\/td><td>13 a 15 de Junho<\/td><\/tr><tr><td>Torneio Leiteiro de Fernando Pedroza<\/td><td>Fernando Pedroza<\/td><td>23 a 25 de Junho<\/td><\/tr><tr><td>Torneio Leiteiro de Angicos<\/td><td><a href=\"\/en\/topicos\/angicos\/\">Angicos<\/a><\/td><td>31 de Julho a 02 de Agosto<\/td><\/tr><tr><td>Torneio Leiteiro de Rafael Fernandes<\/td><td>Rafael Fernandes<\/td><td>22 a 24 de Agosto<\/td><\/tr><tr><td>Torneio Leiteiro de Brejinho<\/td><td>Brejinho<\/td><td>04 a 06 de Dezembro<\/td><\/tr><\/tbody><\/table><\/figure>","protected":false},"excerpt":{"rendered":"<p>A programa\u00e7\u00e3o Circuito de Exposi\u00e7\u00f5es Agropecu\u00e1rias do RN 2025 inclui feiras, torneios leiteiros e exposi\u00e7\u00f5es que fortalecem a agropecu\u00e1ria potiguar.<\/p>","protected":false},"author":2,"featured_media":6414,"comment_status":"open","ping_status":"open","sticky":false,"template":"","format":"standard","meta":{"nf_dc_page":"","_uag_custom_page_level_css":"","site-sidebar-layout":"default","site-content-layout":"","ast-site-content-layout":"","site-content-style":"default","site-sidebar-style":"default","ast-global-header-display":"","ast-banner-title-visibility":"","ast-main-header-display":"","ast-hfb-above-header-display":"","ast-hfb-below-header-display":"","ast-hfb-mobile-header-display":"","site-post-title":"","ast-breadcrumbs-content":"","ast-featured-img":"","footer-sml-layout":"","ast-disable-related-posts":"","theme-transparent-header-meta":"","adv-header-id-meta":"","stick-header-meta":"","header-above-stick-meta":"","header-main-stick-meta":"","header-below-stick-meta":"","astra-migrate-meta-layouts":"default","ast-page-background-enabled":"default","ast-page-background-meta":{"desktop":{"background-color":"var(--ast-global-color-4)","background-image":"","background-repeat":"repeat","background-position":"center center","background-size":"auto","background-attachment":"scroll","background-type":"","background-media":"","overlay-type":"","overlay-color":"","overlay-opacity":"","overlay-gradient":""},"tablet":{"background-color":"","background-image":"","background-repeat":"repeat","background-position":"center center","background-size":"auto","background-attachment":"scroll","background-type":"","background-media":"","overlay-type":"","overlay-color":"","overlay-opacity":"","overlay-gradient":""},"mobile":{"background-color":"","background-image":"","background-repeat":"repeat","background-position":"center center","background-size":"auto","background-attachment":"scroll","background-type":"","background-media":"","overlay-type":"","overlay-color":"","overlay-opacity":"","overlay-gradient":""}},"ast-content-background-meta":{"desktop":{"background-color":"var(--ast-global-color-5)","background-image":"","background-repeat":"repeat","background-position":"center center","background-size":"auto","background-attachment":"scroll","background-type":"","background-media":"","overlay-type":"","overlay-color":"","overlay-opacity":"","overlay-gradient":""},"tablet":{"background-color":"var(--ast-global-color-5)","background-image":"","background-repeat":"repeat","background-position":"center center","background-size":"auto","background-attachment":"scroll","background-type":"","background-media":"","overlay-type":"","overlay-color":"","overlay-opacity":"","overlay-gradient":""},"mobile":{"background-color":"var(--ast-global-color-5)","background-image":"","background-repeat":"repeat","background-position":"center center","background-size":"auto","background-attachment":"scroll","background-type":"","background-media":"","overlay-type":"","overlay-color":"","overlay-opacity":"","overlay-gradient":""}},"jetpack_post_was_ever_published":false,"_jetpack_newsletter_access":"","_jetpack_dont_email_post_to_subs":false,"_jetpack_newsletter_tier_id":0,"_jetpack_memberships_contains_paywalled_content":false,"_jetpack_memberships_contains_paid_content":false,"footnotes":"","jetpack_publicize_message":"","jetpack_publicize_feature_enabled":false,"jetpack_social_post_already_shared":false,"jetpack_social_options":{"image_generator_settings":{"template":"highway","enabled":false},"version":2}},"categories":[429],"tags":[14,3675,202,4129,165,185,147],"class_list":["post-6413","post","type-post","status-publish","format-standard","has-post-thumbnail","hentry","category-eventos","tag-02-de-agosto","tag-3675","tag-culto","tag-exposicao-agropecuaria","tag-festa-do-boi","tag-parnamirim","tag-queijo"],"yoast_head":"<!-- This site is optimized with the Yoast SEO plugin v27.4 - https:\/\/yoast.com\/product\/yoast-seo-wordpress\/ -->\n<title>Circuito de Exposi\u00e7\u00f5es Agropecu\u00e1rias do RN 2025 - Fazenda Boqueir\u00e3o<\/title>\n<meta name=\"description\" content=\"A programa\u00e7\u00e3o Circuito de Exposi\u00e7\u00f5es Agropecu\u00e1rias do RN 2025 inclui feiras, torneios leiteiros e exposi\u00e7\u00f5es.\" \/>\n<meta name=\"robots\" content=\"index, follow, max-snippet:-1, max-image-preview:large, max-video-preview:-1\" \/>\n<link rel=\"canonical\" href=\"https:\/\/www.fazendaboqueiraorn.com.br\/en\/circuito-de-exposicoes-agropecuarias-do-rn-2025\/\" \/>\n<meta property=\"og:locale\" content=\"en_US\" \/>\n<meta property=\"og:type\" content=\"article\" \/>\n<meta property=\"og:title\" content=\"Circuito de Exposi\u00e7\u00f5es Agropecu\u00e1rias do RN 2025 - Fazenda Boqueir\u00e3o\" \/>\n<meta property=\"og:description\" content=\"A programa\u00e7\u00e3o Circuito de Exposi\u00e7\u00f5es Agropecu\u00e1rias do RN 2025 inclui feiras, torneios leiteiros e exposi\u00e7\u00f5es.\" \/>\n<meta property=\"og:url\" content=\"https:\/\/www.fazendaboqueiraorn.com.br\/en\/circuito-de-exposicoes-agropecuarias-do-rn-2025\/\" \/>\n<meta property=\"og:site_name\" content=\"Fazenda Boqueir\u00e3o\" \/>\n<meta property=\"article:publisher\" content=\"https:\/\/www.facebook.com\/fazboqueirao\" \/>\n<meta property=\"article:published_time\" content=\"2025-02-25T19:45:56+00:00\" \/>\n<meta property=\"article:modified_time\" content=\"2025-06-18T14:21:47+00:00\" \/>\n<meta property=\"og:image\" content=\"https:\/\/www.fazendaboqueiraorn.com.br\/wp-content\/uploads\/2025\/02\/circuito-de-exposicoes-agropecuarias-do-rn-2025-scaled.jpg\" \/>\n\t<meta property=\"og:image:width\" content=\"957\" \/>\n\t<meta property=\"og:image:height\" content=\"1000\" \/>\n\t<meta property=\"og:image:type\" content=\"image\/jpeg\" \/>\n<meta name=\"author\" content=\"Fazenda Boqueir\u00e3o\" \/>\n<meta name=\"twitter:card\" content=\"summary_large_image\" \/>\n<meta name=\"twitter:creator\" content=\"@FazBoqueirao\" \/>\n<meta name=\"twitter:site\" content=\"@FazBoqueirao\" \/>\n<meta name=\"twitter:label1\" content=\"Written by\" \/>\n\t<meta name=\"twitter:data1\" content=\"Fazenda Boqueir\u00e3o\" \/>\n\t<meta name=\"twitter:label2\" content=\"Est. reading time\" \/>\n\t<meta name=\"twitter:data2\" content=\"4 minutes\" \/>\n<script type=\"application\/ld+json\" class=\"yoast-schema-graph\">{\"@context\":\"https:\\\/\\\/schema.org\",\"@graph\":[{\"@type\":\"Article\",\"@id\":\"https:\\\/\\\/www.fazendaboqueiraorn.com.br\\\/circuito-de-exposicoes-agropecuarias-do-rn-2025\\\/#article\",\"isPartOf\":{\"@id\":\"https:\\\/\\\/www.fazendaboqueiraorn.com.br\\\/circuito-de-exposicoes-agropecuarias-do-rn-2025\\\/\"},\"author\":{\"name\":\"Fazenda Boqueir\u00e3o\",\"@id\":\"https:\\\/\\\/www.fazendaboqueiraorn.com.br\\\/#\\\/schema\\\/person\\\/70484dc96f76e66c6365a9f4a2ebfb02\"},\"headline\":\"Circuito de Exposi\u00e7\u00f5es Agropecu\u00e1rias do RN 2025\",\"datePublished\":\"2025-02-25T19:45:56+00:00\",\"dateModified\":\"2025-06-18T14:21:47+00:00\",\"mainEntityOfPage\":{\"@id\":\"https:\\\/\\\/www.fazendaboqueiraorn.com.br\\\/circuito-de-exposicoes-agropecuarias-do-rn-2025\\\/\"},\"wordCount\":461,\"commentCount\":0,\"publisher\":{\"@id\":\"https:\\\/\\\/www.fazendaboqueiraorn.com.br\\\/#organization\"},\"image\":{\"@id\":\"https:\\\/\\\/www.fazendaboqueiraorn.com.br\\\/circuito-de-exposicoes-agropecuarias-do-rn-2025\\\/#primaryimage\"},\"thumbnailUrl\":\"https:\\\/\\\/i0.wp.com\\\/www.fazendaboqueiraorn.com.br\\\/wp-content\\\/uploads\\\/2025\\\/02\\\/circuito-de-exposicoes-agropecuarias-do-rn-2025-scaled.jpg?fit=957%2C1000&ssl=1\",\"keywords\":[\"02 de agosto\",\"2025\",\"culto\",\"Exposi\u00e7\u00e3o Agropecu\u00e1ria\",\"Festa do Boi\",\"Parnamirim\",\"queijo\"],\"articleSection\":[\"Eventos\"],\"inLanguage\":\"en-US\",\"potentialAction\":[{\"@type\":\"CommentAction\",\"name\":\"Comment\",\"target\":[\"https:\\\/\\\/www.fazendaboqueiraorn.com.br\\\/circuito-de-exposicoes-agropecuarias-do-rn-2025\\\/#respond\"]}]},{\"@type\":\"WebPage\",\"@id\":\"https:\\\/\\\/www.fazendaboqueiraorn.com.br\\\/circuito-de-exposicoes-agropecuarias-do-rn-2025\\\/\",\"url\":\"https:\\\/\\\/www.fazendaboqueiraorn.com.br\\\/circuito-de-exposicoes-agropecuarias-do-rn-2025\\\/\",\"name\":\"Circuito de Exposi\u00e7\u00f5es Agropecu\u00e1rias do RN 2025 - Fazenda Boqueir\u00e3o\",\"isPartOf\":{\"@id\":\"https:\\\/\\\/www.fazendaboqueiraorn.com.br\\\/#website\"},\"primaryImageOfPage\":{\"@id\":\"https:\\\/\\\/www.fazendaboqueiraorn.com.br\\\/circuito-de-exposicoes-agropecuarias-do-rn-2025\\\/#primaryimage\"},\"image\":{\"@id\":\"https:\\\/\\\/www.fazendaboqueiraorn.com.br\\\/circuito-de-exposicoes-agropecuarias-do-rn-2025\\\/#primaryimage\"},\"thumbnailUrl\":\"https:\\\/\\\/i0.wp.com\\\/www.fazendaboqueiraorn.com.br\\\/wp-content\\\/uploads\\\/2025\\\/02\\\/circuito-de-exposicoes-agropecuarias-do-rn-2025-scaled.jpg?fit=957%2C1000&ssl=1\",\"datePublished\":\"2025-02-25T19:45:56+00:00\",\"dateModified\":\"2025-06-18T14:21:47+00:00\",\"description\":\"A programa\u00e7\u00e3o Circuito de Exposi\u00e7\u00f5es Agropecu\u00e1rias do RN 2025 inclui feiras, torneios leiteiros e exposi\u00e7\u00f5es.\",\"breadcrumb\":{\"@id\":\"https:\\\/\\\/www.fazendaboqueiraorn.com.br\\\/circuito-de-exposicoes-agropecuarias-do-rn-2025\\\/#breadcrumb\"},\"inLanguage\":\"en-US\",\"potentialAction\":[{\"@type\":\"ReadAction\",\"target\":[\"https:\\\/\\\/www.fazendaboqueiraorn.com.br\\\/circuito-de-exposicoes-agropecuarias-do-rn-2025\\\/\"]}]},{\"@type\":\"ImageObject\",\"inLanguage\":\"en-US\",\"@id\":\"https:\\\/\\\/www.fazendaboqueiraorn.com.br\\\/circuito-de-exposicoes-agropecuarias-do-rn-2025\\\/#primaryimage\",\"url\":\"https:\\\/\\\/i0.wp.com\\\/www.fazendaboqueiraorn.com.br\\\/wp-content\\\/uploads\\\/2025\\\/02\\\/circuito-de-exposicoes-agropecuarias-do-rn-2025-scaled.jpg?fit=957%2C1000&ssl=1\",\"contentUrl\":\"https:\\\/\\\/i0.wp.com\\\/www.fazendaboqueiraorn.com.br\\\/wp-content\\\/uploads\\\/2025\\\/02\\\/circuito-de-exposicoes-agropecuarias-do-rn-2025-scaled.jpg?fit=957%2C1000&ssl=1\",\"width\":957,\"height\":1000,\"caption\":\"Circuito de Exposi\u00e7\u00f5es Agropecu\u00e1rias do RN 2025\"},{\"@type\":\"BreadcrumbList\",\"@id\":\"https:\\\/\\\/www.fazendaboqueiraorn.com.br\\\/circuito-de-exposicoes-agropecuarias-do-rn-2025\\\/#breadcrumb\",\"itemListElement\":[{\"@type\":\"ListItem\",\"position\":1,\"name\":\"Home\",\"item\":\"https:\\\/\\\/www.fazendaboqueiraorn.com.br\\\/\"},{\"@type\":\"ListItem\",\"position\":2,\"name\":\"Circuito de Exposi\u00e7\u00f5es Agropecu\u00e1rias do RN 2025\"}]},{\"@type\":\"WebSite\",\"@id\":\"https:\\\/\\\/www.fazendaboqueiraorn.com.br\\\/#website\",\"url\":\"https:\\\/\\\/www.fazendaboqueiraorn.com.br\\\/\",\"name\":\"Fazenda Boqueir\u00e3o\",\"description\":\"\",\"publisher\":{\"@id\":\"https:\\\/\\\/www.fazendaboqueiraorn.com.br\\\/#organization\"},\"potentialAction\":[{\"@type\":\"SearchAction\",\"target\":{\"@type\":\"EntryPoint\",\"urlTemplate\":\"https:\\\/\\\/www.fazendaboqueiraorn.com.br\\\/?s={search_term_string}\"},\"query-input\":{\"@type\":\"PropertyValueSpecification\",\"valueRequired\":true,\"valueName\":\"search_term_string\"}}],\"inLanguage\":\"en-US\"},{\"@type\":\"Organization\",\"@id\":\"https:\\\/\\\/www.fazendaboqueiraorn.com.br\\\/#organization\",\"name\":\"Fazenda Boqueir\u00e3o\",\"url\":\"https:\\\/\\\/www.fazendaboqueiraorn.com.br\\\/\",\"logo\":{\"@type\":\"ImageObject\",\"inLanguage\":\"en-US\",\"@id\":\"https:\\\/\\\/www.fazendaboqueiraorn.com.br\\\/#\\\/schema\\\/logo\\\/image\\\/\",\"url\":\"https:\\\/\\\/i0.wp.com\\\/www.fazendaboqueiraorn.com.br\\\/wp-content\\\/uploads\\\/2021\\\/08\\\/logo-fazenda-120x120-1.png?fit=120%2C120&ssl=1\",\"contentUrl\":\"https:\\\/\\\/i0.wp.com\\\/www.fazendaboqueiraorn.com.br\\\/wp-content\\\/uploads\\\/2021\\\/08\\\/logo-fazenda-120x120-1.png?fit=120%2C120&ssl=1\",\"width\":120,\"height\":120,\"caption\":\"Fazenda Boqueir\u00e3o\"},\"image\":{\"@id\":\"https:\\\/\\\/www.fazendaboqueiraorn.com.br\\\/#\\\/schema\\\/logo\\\/image\\\/\"},\"sameAs\":[\"https:\\\/\\\/www.facebook.com\\\/fazboqueirao\",\"https:\\\/\\\/x.com\\\/FazBoqueirao\",\"http:\\\/\\\/instagram.com\\\/fazboqueirao\\\/\",\"https:\\\/\\\/www.linkedin.com\\\/company\\\/fazboqueirao\\\/\",\"https:\\\/\\\/www.youtube.com\\\/channel\\\/UCUA4_8v8HkmMeNUh8c6Ky1Q\"]},{\"@type\":\"Person\",\"@id\":\"https:\\\/\\\/www.fazendaboqueiraorn.com.br\\\/#\\\/schema\\\/person\\\/70484dc96f76e66c6365a9f4a2ebfb02\",\"name\":\"Fazenda Boqueir\u00e3o\",\"image\":{\"@type\":\"ImageObject\",\"inLanguage\":\"en-US\",\"@id\":\"https:\\\/\\\/secure.gravatar.com\\\/avatar\\\/19f19467ae305ded5d913deae2fb6c6f29fe88a0a7f3a4dca5679407289a9efd?s=96&d=mm&r=g\",\"url\":\"https:\\\/\\\/secure.gravatar.com\\\/avatar\\\/19f19467ae305ded5d913deae2fb6c6f29fe88a0a7f3a4dca5679407289a9efd?s=96&d=mm&r=g\",\"contentUrl\":\"https:\\\/\\\/secure.gravatar.com\\\/avatar\\\/19f19467ae305ded5d913deae2fb6c6f29fe88a0a7f3a4dca5679407289a9efd?s=96&d=mm&r=g\",\"caption\":\"Fazenda Boqueir\u00e3o\"},\"url\":\"https:\\\/\\\/www.fazendaboqueiraorn.com.br\\\/en\\\/author\\\/fazenda\\\/\"}]}<\/script>\n<!-- \/ Yoast SEO plugin. -->","yoast_head_json":{"title":"Circuito de Exposi\u00e7\u00f5es Agropecu\u00e1rias do RN 2025 - Fazenda Boqueir\u00e3o","description":"A programa\u00e7\u00e3o Circuito de Exposi\u00e7\u00f5es Agropecu\u00e1rias do RN 2025 inclui feiras, torneios leiteiros e exposi\u00e7\u00f5es.","robots":{"index":"index","follow":"follow","max-snippet":"max-snippet:-1","max-image-preview":"max-image-preview:large","max-video-preview":"max-video-preview:-1"},"canonical":"https:\/\/www.fazendaboqueiraorn.com.br\/en\/circuito-de-exposicoes-agropecuarias-do-rn-2025\/","og_locale":"en_US","og_type":"article","og_title":"Circuito de Exposi\u00e7\u00f5es Agropecu\u00e1rias do RN 2025 - Fazenda Boqueir\u00e3o","og_description":"A programa\u00e7\u00e3o Circuito de Exposi\u00e7\u00f5es Agropecu\u00e1rias do RN 2025 inclui feiras, torneios leiteiros e exposi\u00e7\u00f5es.","og_url":"https:\/\/www.fazendaboqueiraorn.com.br\/en\/circuito-de-exposicoes-agropecuarias-do-rn-2025\/","og_site_name":"Fazenda Boqueir\u00e3o","article_publisher":"https:\/\/www.facebook.com\/fazboqueirao","article_published_time":"2025-02-25T19:45:56+00:00","article_modified_time":"2025-06-18T14:21:47+00:00","og_image":[{"width":957,"height":1000,"url":"https:\/\/www.fazendaboqueiraorn.com.br\/wp-content\/uploads\/2025\/02\/circuito-de-exposicoes-agropecuarias-do-rn-2025-scaled.jpg","type":"image\/jpeg"}],"author":"Fazenda Boqueir\u00e3o","twitter_card":"summary_large_image","twitter_creator":"@FazBoqueirao","twitter_site":"@FazBoqueirao","twitter_misc":{"Written by":"Fazenda Boqueir\u00e3o","Est. reading time":"4 minutes"},"schema":{"@context":"https:\/\/schema.org","@graph":[{"@type":"Article","@id":"https:\/\/www.fazendaboqueiraorn.com.br\/circuito-de-exposicoes-agropecuarias-do-rn-2025\/#article","isPartOf":{"@id":"https:\/\/www.fazendaboqueiraorn.com.br\/circuito-de-exposicoes-agropecuarias-do-rn-2025\/"},"author":{"name":"Fazenda Boqueir\u00e3o","@id":"https:\/\/www.fazendaboqueiraorn.com.br\/#\/schema\/person\/70484dc96f76e66c6365a9f4a2ebfb02"},"headline":"Circuito de Exposi\u00e7\u00f5es Agropecu\u00e1rias do RN 2025","datePublished":"2025-02-25T19:45:56+00:00","dateModified":"2025-06-18T14:21:47+00:00","mainEntityOfPage":{"@id":"https:\/\/www.fazendaboqueiraorn.com.br\/circuito-de-exposicoes-agropecuarias-do-rn-2025\/"},"wordCount":461,"commentCount":0,"publisher":{"@id":"https:\/\/www.fazendaboqueiraorn.com.br\/#organization"},"image":{"@id":"https:\/\/www.fazendaboqueiraorn.com.br\/circuito-de-exposicoes-agropecuarias-do-rn-2025\/#primaryimage"},"thumbnailUrl":"https:\/\/i0.wp.com\/www.fazendaboqueiraorn.com.br\/wp-content\/uploads\/2025\/02\/circuito-de-exposicoes-agropecuarias-do-rn-2025-scaled.jpg?fit=957%2C1000&ssl=1","keywords":["02 de agosto","2025","culto","Exposi\u00e7\u00e3o Agropecu\u00e1ria","Festa do Boi","Parnamirim","queijo"],"articleSection":["Eventos"],"inLanguage":"en-US","potentialAction":[{"@type":"CommentAction","name":"Comment","target":["https:\/\/www.fazendaboqueiraorn.com.br\/circuito-de-exposicoes-agropecuarias-do-rn-2025\/#respond"]}]},{"@type":"WebPage","@id":"https:\/\/www.fazendaboqueiraorn.com.br\/circuito-de-exposicoes-agropecuarias-do-rn-2025\/","url":"https:\/\/www.fazendaboqueiraorn.com.br\/circuito-de-exposicoes-agropecuarias-do-rn-2025\/","name":"Circuito de Exposi\u00e7\u00f5es Agropecu\u00e1rias do RN 2025 - Fazenda Boqueir\u00e3o","isPartOf":{"@id":"https:\/\/www.fazendaboqueiraorn.com.br\/#website"},"primaryImageOfPage":{"@id":"https:\/\/www.fazendaboqueiraorn.com.br\/circuito-de-exposicoes-agropecuarias-do-rn-2025\/#primaryimage"},"image":{"@id":"https:\/\/www.fazendaboqueiraorn.com.br\/circuito-de-exposicoes-agropecuarias-do-rn-2025\/#primaryimage"},"thumbnailUrl":"https:\/\/i0.wp.com\/www.fazendaboqueiraorn.com.br\/wp-content\/uploads\/2025\/02\/circuito-de-exposicoes-agropecuarias-do-rn-2025-scaled.jpg?fit=957%2C1000&ssl=1","datePublished":"2025-02-25T19:45:56+00:00","dateModified":"2025-06-18T14:21:47+00:00","description":"A programa\u00e7\u00e3o Circuito de Exposi\u00e7\u00f5es Agropecu\u00e1rias do RN 2025 inclui feiras, torneios leiteiros e exposi\u00e7\u00f5es.","breadcrumb":{"@id":"https:\/\/www.fazendaboqueiraorn.com.br\/circuito-de-exposicoes-agropecuarias-do-rn-2025\/#breadcrumb"},"inLanguage":"en-US","potentialAction":[{"@type":"ReadAction","target":["https:\/\/www.fazendaboqueiraorn.com.br\/circuito-de-exposicoes-agropecuarias-do-rn-2025\/"]}]},{"@type":"ImageObject","inLanguage":"en-US","@id":"https:\/\/www.fazendaboqueiraorn.com.br\/circuito-de-exposicoes-agropecuarias-do-rn-2025\/#primaryimage","url":"https:\/\/i0.wp.com\/www.fazendaboqueiraorn.com.br\/wp-content\/uploads\/2025\/02\/circuito-de-exposicoes-agropecuarias-do-rn-2025-scaled.jpg?fit=957%2C1000&ssl=1","contentUrl":"https:\/\/i0.wp.com\/www.fazendaboqueiraorn.com.br\/wp-content\/uploads\/2025\/02\/circuito-de-exposicoes-agropecuarias-do-rn-2025-scaled.jpg?fit=957%2C1000&ssl=1","width":957,"height":1000,"caption":"Circuito de Exposi\u00e7\u00f5es Agropecu\u00e1rias do RN 2025"},{"@type":"BreadcrumbList","@id":"https:\/\/www.fazendaboqueiraorn.com.br\/circuito-de-exposicoes-agropecuarias-do-rn-2025\/#breadcrumb","itemListElement":[{"@type":"ListItem","position":1,"name":"Home","item":"https:\/\/www.fazendaboqueiraorn.com.br\/"},{"@type":"ListItem","position":2,"name":"Circuito de Exposi\u00e7\u00f5es Agropecu\u00e1rias do RN 2025"}]},{"@type":"WebSite","@id":"https:\/\/www.fazendaboqueiraorn.com.br\/#website","url":"https:\/\/www.fazendaboqueiraorn.com.br\/","name":"Fazenda Boqueir\u00e3o","description":"","publisher":{"@id":"https:\/\/www.fazendaboqueiraorn.com.br\/#organization"},"potentialAction":[{"@type":"SearchAction","target":{"@type":"EntryPoint","urlTemplate":"https:\/\/www.fazendaboqueiraorn.com.br\/?s={search_term_string}"},"query-input":{"@type":"PropertyValueSpecification","valueRequired":true,"valueName":"search_term_string"}}],"inLanguage":"en-US"},{"@type":"Organization","@id":"https:\/\/www.fazendaboqueiraorn.com.br\/#organization","name":"Fazenda Boqueir\u00e3o","url":"https:\/\/www.fazendaboqueiraorn.com.br\/","logo":{"@type":"ImageObject","inLanguage":"en-US","@id":"https:\/\/www.fazendaboqueiraorn.com.br\/#\/schema\/logo\/image\/","url":"https:\/\/i0.wp.com\/www.fazendaboqueiraorn.com.br\/wp-content\/uploads\/2021\/08\/logo-fazenda-120x120-1.png?fit=120%2C120&ssl=1","contentUrl":"https:\/\/i0.wp.com\/www.fazendaboqueiraorn.com.br\/wp-content\/uploads\/2021\/08\/logo-fazenda-120x120-1.png?fit=120%2C120&ssl=1","width":120,"height":120,"caption":"Fazenda Boqueir\u00e3o"},"image":{"@id":"https:\/\/www.fazendaboqueiraorn.com.br\/#\/schema\/logo\/image\/"},"sameAs":["https:\/\/www.facebook.com\/fazboqueirao","https:\/\/x.com\/FazBoqueirao","http:\/\/instagram.com\/fazboqueirao\/","https:\/\/www.linkedin.com\/company\/fazboqueirao\/","https:\/\/www.youtube.com\/channel\/UCUA4_8v8HkmMeNUh8c6Ky1Q"]},{"@type":"Person","@id":"https:\/\/www.fazendaboqueiraorn.com.br\/#\/schema\/person\/70484dc96f76e66c6365a9f4a2ebfb02","name":"Fazenda Boqueir\u00e3o","image":{"@type":"ImageObject","inLanguage":"en-US","@id":"https:\/\/secure.gravatar.com\/avatar\/19f19467ae305ded5d913deae2fb6c6f29fe88a0a7f3a4dca5679407289a9efd?s=96&d=mm&r=g","url":"https:\/\/secure.gravatar.com\/avatar\/19f19467ae305ded5d913deae2fb6c6f29fe88a0a7f3a4dca5679407289a9efd?s=96&d=mm&r=g","contentUrl":"https:\/\/secure.gravatar.com\/avatar\/19f19467ae305ded5d913deae2fb6c6f29fe88a0a7f3a4dca5679407289a9efd?s=96&d=mm&r=g","caption":"Fazenda Boqueir\u00e3o"},"url":"https:\/\/www.fazendaboqueiraorn.com.br\/en\/author\/fazenda\/"}]}},"jetpack_publicize_connections":[],"uagb_featured_image_src":{"full":["https:\/\/i0.wp.com\/www.fazendaboqueiraorn.com.br\/wp-content\/uploads\/2025\/02\/circuito-de-exposicoes-agropecuarias-do-rn-2025-scaled.jpg?fit=957%2C1000&ssl=1",957,1000,false],"thumbnail":["https:\/\/i0.wp.com\/www.fazendaboqueiraorn.com.br\/wp-content\/uploads\/2025\/02\/circuito-de-exposicoes-agropecuarias-do-rn-2025-scaled.jpg?resize=150%2C150&ssl=1",150,150,true],"medium":["https:\/\/i0.wp.com\/www.fazendaboqueiraorn.com.br\/wp-content\/uploads\/2025\/02\/circuito-de-exposicoes-agropecuarias-do-rn-2025-scaled.jpg?fit=287%2C300&ssl=1",287,300,true],"medium_large":["https:\/\/i0.wp.com\/www.fazendaboqueiraorn.com.br\/wp-content\/uploads\/2025\/02\/circuito-de-exposicoes-agropecuarias-do-rn-2025-scaled.jpg?fit=768%2C803&ssl=1",768,803,true],"large":["https:\/\/i0.wp.com\/www.fazendaboqueiraorn.com.br\/wp-content\/uploads\/2025\/02\/circuito-de-exposicoes-agropecuarias-do-rn-2025-scaled.jpg?fit=980%2C1024&ssl=1",980,1024,true],"1536x1536":["https:\/\/i0.wp.com\/www.fazendaboqueiraorn.com.br\/wp-content\/uploads\/2025\/02\/circuito-de-exposicoes-agropecuarias-do-rn-2025-scaled.jpg?fit=957%2C1000&ssl=1",957,1000,true],"2048x2048":["https:\/\/i0.wp.com\/www.fazendaboqueiraorn.com.br\/wp-content\/uploads\/2025\/02\/circuito-de-exposicoes-agropecuarias-do-rn-2025-scaled.jpg?fit=957%2C1000&ssl=1",957,1000,true],"trp-custom-language-flag":["https:\/\/i0.wp.com\/www.fazendaboqueiraorn.com.br\/wp-content\/uploads\/2025\/02\/circuito-de-exposicoes-agropecuarias-do-rn-2025-scaled.jpg?fit=11%2C12&ssl=1",11,12,true],"ultp_layout_landscape_large":["https:\/\/i0.wp.com\/www.fazendaboqueiraorn.com.br\/wp-content\/uploads\/2025\/02\/circuito-de-exposicoes-agropecuarias-do-rn-2025-scaled.jpg?resize=957%2C800&ssl=1",1080,800,true],"ultp_layout_landscape":["https:\/\/i0.wp.com\/www.fazendaboqueiraorn.com.br\/wp-content\/uploads\/2025\/02\/circuito-de-exposicoes-agropecuarias-do-rn-2025-scaled.jpg?resize=870%2C570&ssl=1",870,570,true],"ultp_layout_portrait":["https:\/\/i0.wp.com\/www.fazendaboqueiraorn.com.br\/wp-content\/uploads\/2025\/02\/circuito-de-exposicoes-agropecuarias-do-rn-2025-scaled.jpg?resize=600%2C900&ssl=1",600,900,true],"ultp_layout_square":["https:\/\/i0.wp.com\/www.fazendaboqueiraorn.com.br\/wp-content\/uploads\/2025\/02\/circuito-de-exposicoes-agropecuarias-do-rn-2025-scaled.jpg?resize=600%2C600&ssl=1",600,600,true],"woocommerce_thumbnail":["https:\/\/www.fazendaboqueiraorn.com.br\/wp-content\/uploads\/2025\/02\/circuito-de-exposicoes-agropecuarias-do-rn-2025-300x300.jpg",300,300,true],"woocommerce_single":["https:\/\/www.fazendaboqueiraorn.com.br\/wp-content\/uploads\/2025\/02\/circuito-de-exposicoes-agropecuarias-do-rn-2025-scaled.jpg",600,627,false],"woocommerce_gallery_thumbnail":["https:\/\/www.fazendaboqueiraorn.com.br\/wp-content\/uploads\/2025\/02\/circuito-de-exposicoes-agropecuarias-do-rn-2025-100x100.jpg",100,100,true],"web-stories-poster-portrait":["https:\/\/www.fazendaboqueiraorn.com.br\/wp-content\/uploads\/2025\/02\/circuito-de-exposicoes-agropecuarias-do-rn-2025-640x853.jpg",640,853,true],"web-stories-publisher-logo":["https:\/\/www.fazendaboqueiraorn.com.br\/wp-content\/uploads\/2025\/02\/circuito-de-exposicoes-agropecuarias-do-rn-2025-96x96.jpg",96,96,true],"web-stories-thumbnail":["https:\/\/www.fazendaboqueiraorn.com.br\/wp-content\/uploads\/2025\/02\/circuito-de-exposicoes-agropecuarias-do-rn-2025-150x157.jpg",150,157,true]},"uagb_author_info":{"display_name":"Fazenda Boqueir\u00e3o","author_link":"https:\/\/www.fazendaboqueiraorn.com.br\/en\/author\/fazenda\/"},"uagb_comment_info":0,"uagb_excerpt":"A programa\u00e7\u00e3o Circuito de Exposi\u00e7\u00f5es Agropecu\u00e1rias do RN 2025 inclui feiras, torneios leiteiros e exposi\u00e7\u00f5es que fortalecem a agropecu\u00e1ria potiguar.","jetpack_featured_media_url":"https:\/\/i0.wp.com\/www.fazendaboqueiraorn.com.br\/wp-content\/uploads\/2025\/02\/circuito-de-exposicoes-agropecuarias-do-rn-2025-scaled.jpg?fit=957%2C1000&ssl=1","jetpack_sharing_enabled":true,"jetpack_likes_enabled":true,"_links":{"self":[{"href":"https:\/\/www.fazendaboqueiraorn.com.br\/en\/wp-json\/wp\/v2\/posts\/6413","targetHints":{"allow":["GET"]}}],"collection":[{"href":"https:\/\/www.fazendaboqueiraorn.com.br\/en\/wp-json\/wp\/v2\/posts"}],"about":[{"href":"https:\/\/www.fazendaboqueiraorn.com.br\/en\/wp-json\/wp\/v2\/types\/post"}],"author":[{"embeddable":true,"href":"https:\/\/www.fazendaboqueiraorn.com.br\/en\/wp-json\/wp\/v2\/users\/2"}],"replies":[{"embeddable":true,"href":"https:\/\/www.fazendaboqueiraorn.com.br\/en\/wp-json\/wp\/v2\/comments?post=6413"}],"version-history":[{"count":4,"href":"https:\/\/www.fazendaboqueiraorn.com.br\/en\/wp-json\/wp\/v2\/posts\/6413\/revisions"}],"predecessor-version":[{"id":8298,"href":"https:\/\/www.fazendaboqueiraorn.com.br\/en\/wp-json\/wp\/v2\/posts\/6413\/revisions\/8298"}],"wp:featuredmedia":[{"embeddable":true,"href":"https:\/\/www.fazendaboqueiraorn.com.br\/en\/wp-json\/wp\/v2\/media\/6414"}],"wp:attachment":[{"href":"https:\/\/www.fazendaboqueiraorn.com.br\/en\/wp-json\/wp\/v2\/media?parent=6413"}],"wp:term":[{"taxonomy":"category","embeddable":true,"href":"https:\/\/www.fazendaboqueiraorn.com.br\/en\/wp-json\/wp\/v2\/categories?post=6413"},{"taxonomy":"post_tag","embeddable":true,"href":"https:\/\/www.fazendaboqueiraorn.com.br\/en\/wp-json\/wp\/v2\/tags?post=6413"}],"curies":[{"name":"wp","href":"https:\/\/api.w.org\/{rel}","templated":true}]}}