{"id":6299,"date":"2025-01-17T10:56:55","date_gmt":"2025-01-17T13:56:55","guid":{"rendered":"https:\/\/www.fazendaboqueiraorn.com.br\/?p=6299"},"modified":"2025-01-17T11:00:23","modified_gmt":"2025-01-17T14:00:23","slug":"projeto-conecta-caatinga-ira-criar-corredores-na-caatinga","status":"publish","type":"post","link":"https:\/\/www.fazendaboqueiraorn.com.br\/en\/projeto-conecta-caatinga-ira-criar-corredores-na-caatinga\/","title":{"rendered":"Projeto Conecta Caatinga ir\u00e1 criar corredores na Caatinga"},"content":{"rendered":"<figure class=\"wp-block-image aligncenter size-large\"><img data-recalc-dims=\"1\" decoding=\"async\" width=\"1024\" height=\"686\" loading=\"lazy\" src=\"https:\/\/i0.wp.com\/www.fazendaboqueiraorn.com.br\/wp-content\/uploads\/2025\/01\/araras-azuis.webp?resize=1024%2C686&#038;ssl=1\" alt=\"Projeto Conecta Caatinga\" class=\"wp-image-6300\" srcset=\"https:\/\/i0.wp.com\/www.fazendaboqueiraorn.com.br\/wp-content\/uploads\/2025\/01\/araras-azuis-scaled.webp?resize=1024%2C686&amp;ssl=1 1024w, https:\/\/i0.wp.com\/www.fazendaboqueiraorn.com.br\/wp-content\/uploads\/2025\/01\/araras-azuis-scaled.webp?resize=300%2C201&amp;ssl=1 300w, https:\/\/i0.wp.com\/www.fazendaboqueiraorn.com.br\/wp-content\/uploads\/2025\/01\/araras-azuis-scaled.webp?resize=768%2C514&amp;ssl=1 768w, https:\/\/i0.wp.com\/www.fazendaboqueiraorn.com.br\/wp-content\/uploads\/2025\/01\/araras-azuis-scaled.webp?resize=18%2C12&amp;ssl=1 18w, https:\/\/i0.wp.com\/www.fazendaboqueiraorn.com.br\/wp-content\/uploads\/2025\/01\/araras-azuis-scaled.webp?resize=600%2C402&amp;ssl=1 600w, https:\/\/i0.wp.com\/www.fazendaboqueiraorn.com.br\/wp-content\/uploads\/2025\/01\/araras-azuis-scaled.webp?resize=150%2C100&amp;ssl=1 150w, https:\/\/i0.wp.com\/www.fazendaboqueiraorn.com.br\/wp-content\/uploads\/2025\/01\/araras-azuis-scaled.webp?w=1000&amp;ssl=1 1000w\" sizes=\"auto, (max-width: 1000px) 100vw, 1000px\" \/><\/figure>\n\n\n\n<p>O Projeto Conecta Caatinga ter\u00e1 US$5,5 milh\u00f5es foi anunciado em dezembro pelo Fundo Global para o Meio Ambiente (GEF), em prol da conserva\u00e7\u00e3o do \u00fanico bioma 100% brasileiro.<\/p>\n\n\n\n<p>Concentrada entre os estados da regi\u00e3o nordeste, a Caatinga \u00e9 o \u00fanico bioma 100% brasileiro, com mais de 6 mil esp\u00e9cies de plantas e de 1.800 animais. Promover a conserva\u00e7\u00e3o do bioma e toda sua biodiversidade associada, por meio da conectividade da paisagem natural, \u00e9 o objetivo do Conecta Caatinga, projeto anunciado em dezembro pelo Fundo Global para o Meio Ambiente (GEF), nos Estados Unidos. <\/p>\n\n\n\n<p>O Fundo doou um total de US$5,5 milh\u00f5es \u2013 o equivalente a cerca de R$33 milh\u00f5es \u2013 para a iniciativa, coordenada pelo Minist\u00e9rio do Meio Ambiente e Mudan\u00e7a do Clima (MMA) e implementada pela Ag\u00eancia GEF\/FUNBIO. Entre os principais objetivos do projeto, com in\u00edcio previsto para o 2\u00ba semestre de 2025, est\u00e1 promover a cria\u00e7\u00e3o de corredores ecol\u00f3gicos que liguem \u00e1reas protegidas no bioma.<\/p>\n\n\n\n<p>\u201cO projeto reflete a prioridade do Minist\u00e9rio do Meio Ambiente em promover paisagens sustent\u00e1veis, integrando esfor\u00e7os em \u00e1reas protegidas e seus interst\u00edcios. Na Caatinga, isso se traduz na cria\u00e7\u00e3o de corredores que conectam \u00e1reas protegidas, propriedades privadas e territ\u00f3rios tradicionais, demonstrando que a integra\u00e7\u00e3o desses diferentes espa\u00e7os \u00e9 essencial para a conserva\u00e7\u00e3o da biodiversidade e o uso sustent\u00e1vel dos recursos naturais\u201d, afirma a secret\u00e1ria Nacional de Biodiversidade, Florestas e Direitos Animais do MMA, Rita Mesquita.<\/p>\n\n\n\n<p>Com dura\u00e7\u00e3o prevista de cinco anos, a estimativa \u00e9 que o projeto beneficie cerca de 14 mil pessoas em 500 mil hectares da Caatinga, apoiando a conex\u00e3o das seguintes unidades de conserva\u00e7\u00e3o: <\/p>\n\n\n\n<ul class=\"wp-block-list\">\n<li>\u00c1rea de Prote\u00e7\u00e3o Ambiental do Boqueir\u00e3o da On\u00e7a (BA);<\/li>\n\n\n\n<li>Parque Nacional Boqueir\u00e3o da On\u00e7a (BA);<\/li>\n\n\n\n<li> \u00c1rea de Prote\u00e7\u00e3o Ambiental Lago de Sobradinho (BA);<\/li>\n\n\n\n<li>\u00c1rea de Prote\u00e7\u00e3o Ambiental Dunas e Veredas do Baixo M\u00e9dio S\u00e3o Francisco (BA);<\/li>\n\n\n\n<li> Parque Nacional da Serra das Confus\u00f5es (PI);<\/li>\n\n\n\n<li> Parque Estadual Serra do Areal (PE).<\/li>\n<\/ul>\n\n\n\n<p>A execu\u00e7\u00e3o do projeto ter\u00e1 sinergia com outra iniciativa financiada pelo GEF: o \u00c1rea Protegidas da Caatinga (ARCA), anunciado em junho do ano passado, com investimento de US$10 milh\u00f5es \u2013 o equivalente a cerca de R$61 milh\u00f5es pela cota\u00e7\u00e3o atual.<\/p>","protected":false},"excerpt":{"rendered":"<p>O Projeto Conecta Caatinga ter\u00e1 US$5,5 milh\u00f5es foi anunciado em dezembro pelo Fundo Global para o Meio Ambiente (GEF), em prol da conserva\u00e7\u00e3o do \u00fanico bioma 100% brasileiro.<\/p>","protected":false},"author":2,"featured_media":6300,"comment_status":"open","ping_status":"open","sticky":false,"template":"","format":"standard","meta":{"nf_dc_page":"","_uag_custom_page_level_css":"","site-sidebar-layout":"default","site-content-layout":"","ast-site-content-layout":"","site-content-style":"default","site-sidebar-style":"default","ast-global-header-display":"","ast-banner-title-visibility":"","ast-main-header-display":"","ast-hfb-above-header-display":"","ast-hfb-below-header-display":"","ast-hfb-mobile-header-display":"","site-post-title":"","ast-breadcrumbs-content":"","ast-featured-img":"","footer-sml-layout":"","ast-disable-related-posts":"","theme-transparent-header-meta":"","adv-header-id-meta":"","stick-header-meta":"","header-above-stick-meta":"","header-main-stick-meta":"","header-below-stick-meta":"","astra-migrate-meta-layouts":"default","ast-page-background-enabled":"default","ast-page-background-meta":{"desktop":{"background-color":"var(--ast-global-color-4)","background-image":"","background-repeat":"repeat","background-position":"center center","background-size":"auto","background-attachment":"scroll","background-type":"","background-media":"","overlay-type":"","overlay-color":"","overlay-opacity":"","overlay-gradient":""},"tablet":{"background-color":"","background-image":"","background-repeat":"repeat","background-position":"center center","background-size":"auto","background-attachment":"scroll","background-type":"","background-media":"","overlay-type":"","overlay-color":"","overlay-opacity":"","overlay-gradient":""},"mobile":{"background-color":"","background-image":"","background-repeat":"repeat","background-position":"center center","background-size":"auto","background-attachment":"scroll","background-type":"","background-media":"","overlay-type":"","overlay-color":"","overlay-opacity":"","overlay-gradient":""}},"ast-content-background-meta":{"desktop":{"background-color":"var(--ast-global-color-5)","background-image":"","background-repeat":"repeat","background-position":"center center","background-size":"auto","background-attachment":"scroll","background-type":"","background-media":"","overlay-type":"","overlay-color":"","overlay-opacity":"","overlay-gradient":""},"tablet":{"background-color":"var(--ast-global-color-5)","background-image":"","background-repeat":"repeat","background-position":"center center","background-size":"auto","background-attachment":"scroll","background-type":"","background-media":"","overlay-type":"","overlay-color":"","overlay-opacity":"","overlay-gradient":""},"mobile":{"background-color":"var(--ast-global-color-5)","background-image":"","background-repeat":"repeat","background-position":"center center","background-size":"auto","background-attachment":"scroll","background-type":"","background-media":"","overlay-type":"","overlay-color":"","overlay-opacity":"","overlay-gradient":""}},"jetpack_post_was_ever_published":false,"_jetpack_newsletter_access":"","_jetpack_dont_email_post_to_subs":false,"_jetpack_newsletter_tier_id":0,"_jetpack_memberships_contains_paywalled_content":false,"_jetpack_memberships_contains_paid_content":false,"footnotes":"","jetpack_publicize_message":"","jetpack_publicize_feature_enabled":false,"jetpack_social_post_already_shared":false,"jetpack_social_options":{"image_generator_settings":{"template":"highway","enabled":false},"version":2}},"categories":[1],"tags":[3953,103,3954,311,3952,26,226,212],"class_list":["post-6299","post","type-post","status-publish","format-standard","has-post-thumbnail","hentry","category-noticia","tag-conecta-caatinga","tag-curso","tag-gef","tag-iati","tag-mma","tag-nordeste","tag-projeto","tag-racao"],"yoast_head":"<!-- This site is optimized with the Yoast SEO plugin v27.4 - https:\/\/yoast.com\/product\/yoast-seo-wordpress\/ -->\n<title>Projeto Conecta Caatinga ir\u00e1 criar corredores na Caatinga - Fazenda Boqueir\u00e3o<\/title>\n<meta name=\"description\" content=\"O Projeto Conecta Caatinga ter\u00e1 US$5,5 milh\u00f5es foi anunciado em dezembro em prol do \u00fanico bioma 100% brasileiro.\" \/>\n<meta name=\"robots\" content=\"index, follow, max-snippet:-1, max-image-preview:large, max-video-preview:-1\" \/>\n<link rel=\"canonical\" href=\"https:\/\/www.fazendaboqueiraorn.com.br\/en\/projeto-conecta-caatinga-ira-criar-corredores-na-caatinga\/\" \/>\n<meta property=\"og:locale\" content=\"en_US\" \/>\n<meta property=\"og:type\" content=\"article\" \/>\n<meta property=\"og:title\" content=\"Projeto Conecta Caatinga ir\u00e1 criar corredores na Caatinga - Fazenda Boqueir\u00e3o\" \/>\n<meta property=\"og:description\" content=\"O Projeto Conecta Caatinga ter\u00e1 US$5,5 milh\u00f5es foi anunciado em dezembro em prol do \u00fanico bioma 100% brasileiro.\" \/>\n<meta property=\"og:url\" content=\"https:\/\/www.fazendaboqueiraorn.com.br\/en\/projeto-conecta-caatinga-ira-criar-corredores-na-caatinga\/\" \/>\n<meta property=\"og:site_name\" content=\"Fazenda Boqueir\u00e3o\" \/>\n<meta property=\"article:publisher\" content=\"https:\/\/www.facebook.com\/fazboqueirao\" \/>\n<meta property=\"article:published_time\" content=\"2025-01-17T13:56:55+00:00\" \/>\n<meta property=\"article:modified_time\" content=\"2025-01-17T14:00:23+00:00\" \/>\n<meta property=\"og:image\" content=\"https:\/\/www.fazendaboqueiraorn.com.br\/wp-content\/uploads\/2025\/01\/araras-azuis-scaled.webp\" \/>\n\t<meta property=\"og:image:width\" content=\"1000\" \/>\n\t<meta property=\"og:image:height\" content=\"670\" \/>\n\t<meta property=\"og:image:type\" content=\"image\/webp\" \/>\n<meta name=\"author\" content=\"Fazenda Boqueir\u00e3o\" \/>\n<meta name=\"twitter:card\" content=\"summary_large_image\" \/>\n<meta name=\"twitter:creator\" content=\"@FazBoqueirao\" \/>\n<meta name=\"twitter:site\" content=\"@FazBoqueirao\" \/>\n<meta name=\"twitter:label1\" content=\"Written by\" \/>\n\t<meta name=\"twitter:data1\" content=\"Fazenda Boqueir\u00e3o\" \/>\n\t<meta name=\"twitter:label2\" content=\"Est. reading time\" \/>\n\t<meta name=\"twitter:data2\" content=\"3 minutes\" \/>\n<script type=\"application\/ld+json\" class=\"yoast-schema-graph\">{\"@context\":\"https:\\\/\\\/schema.org\",\"@graph\":[{\"@type\":\"Article\",\"@id\":\"https:\\\/\\\/www.fazendaboqueiraorn.com.br\\\/projeto-conecta-caatinga-ira-criar-corredores-na-caatinga\\\/#article\",\"isPartOf\":{\"@id\":\"https:\\\/\\\/www.fazendaboqueiraorn.com.br\\\/projeto-conecta-caatinga-ira-criar-corredores-na-caatinga\\\/\"},\"author\":{\"name\":\"Fazenda Boqueir\u00e3o\",\"@id\":\"https:\\\/\\\/www.fazendaboqueiraorn.com.br\\\/#\\\/schema\\\/person\\\/70484dc96f76e66c6365a9f4a2ebfb02\"},\"headline\":\"Projeto Conecta Caatinga ir\u00e1 criar corredores na Caatinga\",\"datePublished\":\"2025-01-17T13:56:55+00:00\",\"dateModified\":\"2025-01-17T14:00:23+00:00\",\"mainEntityOfPage\":{\"@id\":\"https:\\\/\\\/www.fazendaboqueiraorn.com.br\\\/projeto-conecta-caatinga-ira-criar-corredores-na-caatinga\\\/\"},\"wordCount\":388,\"commentCount\":0,\"publisher\":{\"@id\":\"https:\\\/\\\/www.fazendaboqueiraorn.com.br\\\/#organization\"},\"image\":{\"@id\":\"https:\\\/\\\/www.fazendaboqueiraorn.com.br\\\/projeto-conecta-caatinga-ira-criar-corredores-na-caatinga\\\/#primaryimage\"},\"thumbnailUrl\":\"https:\\\/\\\/i0.wp.com\\\/www.fazendaboqueiraorn.com.br\\\/wp-content\\\/uploads\\\/2025\\\/01\\\/araras-azuis-scaled.webp?fit=1000%2C670&ssl=1\",\"keywords\":[\"Conecta Caatinga\",\"curso\",\"GEF\",\"Iati\",\"MMA\",\"Nordeste\",\"projeto\",\"ra\u00e7\u00e3o\"],\"articleSection\":[\"Not\u00edcias\"],\"inLanguage\":\"en-US\",\"potentialAction\":[{\"@type\":\"CommentAction\",\"name\":\"Comment\",\"target\":[\"https:\\\/\\\/www.fazendaboqueiraorn.com.br\\\/projeto-conecta-caatinga-ira-criar-corredores-na-caatinga\\\/#respond\"]}]},{\"@type\":\"WebPage\",\"@id\":\"https:\\\/\\\/www.fazendaboqueiraorn.com.br\\\/projeto-conecta-caatinga-ira-criar-corredores-na-caatinga\\\/\",\"url\":\"https:\\\/\\\/www.fazendaboqueiraorn.com.br\\\/projeto-conecta-caatinga-ira-criar-corredores-na-caatinga\\\/\",\"name\":\"Projeto Conecta Caatinga ir\u00e1 criar corredores na Caatinga - Fazenda Boqueir\u00e3o\",\"isPartOf\":{\"@id\":\"https:\\\/\\\/www.fazendaboqueiraorn.com.br\\\/#website\"},\"primaryImageOfPage\":{\"@id\":\"https:\\\/\\\/www.fazendaboqueiraorn.com.br\\\/projeto-conecta-caatinga-ira-criar-corredores-na-caatinga\\\/#primaryimage\"},\"image\":{\"@id\":\"https:\\\/\\\/www.fazendaboqueiraorn.com.br\\\/projeto-conecta-caatinga-ira-criar-corredores-na-caatinga\\\/#primaryimage\"},\"thumbnailUrl\":\"https:\\\/\\\/i0.wp.com\\\/www.fazendaboqueiraorn.com.br\\\/wp-content\\\/uploads\\\/2025\\\/01\\\/araras-azuis-scaled.webp?fit=1000%2C670&ssl=1\",\"datePublished\":\"2025-01-17T13:56:55+00:00\",\"dateModified\":\"2025-01-17T14:00:23+00:00\",\"description\":\"O Projeto Conecta Caatinga ter\u00e1 US$5,5 milh\u00f5es foi anunciado em dezembro em prol do \u00fanico bioma 100% brasileiro.\",\"breadcrumb\":{\"@id\":\"https:\\\/\\\/www.fazendaboqueiraorn.com.br\\\/projeto-conecta-caatinga-ira-criar-corredores-na-caatinga\\\/#breadcrumb\"},\"inLanguage\":\"en-US\",\"potentialAction\":[{\"@type\":\"ReadAction\",\"target\":[\"https:\\\/\\\/www.fazendaboqueiraorn.com.br\\\/projeto-conecta-caatinga-ira-criar-corredores-na-caatinga\\\/\"]}]},{\"@type\":\"ImageObject\",\"inLanguage\":\"en-US\",\"@id\":\"https:\\\/\\\/www.fazendaboqueiraorn.com.br\\\/projeto-conecta-caatinga-ira-criar-corredores-na-caatinga\\\/#primaryimage\",\"url\":\"https:\\\/\\\/i0.wp.com\\\/www.fazendaboqueiraorn.com.br\\\/wp-content\\\/uploads\\\/2025\\\/01\\\/araras-azuis-scaled.webp?fit=1000%2C670&ssl=1\",\"contentUrl\":\"https:\\\/\\\/i0.wp.com\\\/www.fazendaboqueiraorn.com.br\\\/wp-content\\\/uploads\\\/2025\\\/01\\\/araras-azuis-scaled.webp?fit=1000%2C670&ssl=1\",\"width\":1000,\"height\":670,\"caption\":\"Projeto Conecta Caatinga\"},{\"@type\":\"BreadcrumbList\",\"@id\":\"https:\\\/\\\/www.fazendaboqueiraorn.com.br\\\/projeto-conecta-caatinga-ira-criar-corredores-na-caatinga\\\/#breadcrumb\",\"itemListElement\":[{\"@type\":\"ListItem\",\"position\":1,\"name\":\"Home\",\"item\":\"https:\\\/\\\/www.fazendaboqueiraorn.com.br\\\/\"},{\"@type\":\"ListItem\",\"position\":2,\"name\":\"Projeto Conecta Caatinga ir\u00e1 criar corredores na Caatinga\"}]},{\"@type\":\"WebSite\",\"@id\":\"https:\\\/\\\/www.fazendaboqueiraorn.com.br\\\/#website\",\"url\":\"https:\\\/\\\/www.fazendaboqueiraorn.com.br\\\/\",\"name\":\"Fazenda Boqueir\u00e3o\",\"description\":\"\",\"publisher\":{\"@id\":\"https:\\\/\\\/www.fazendaboqueiraorn.com.br\\\/#organization\"},\"potentialAction\":[{\"@type\":\"SearchAction\",\"target\":{\"@type\":\"EntryPoint\",\"urlTemplate\":\"https:\\\/\\\/www.fazendaboqueiraorn.com.br\\\/?s={search_term_string}\"},\"query-input\":{\"@type\":\"PropertyValueSpecification\",\"valueRequired\":true,\"valueName\":\"search_term_string\"}}],\"inLanguage\":\"en-US\"},{\"@type\":\"Organization\",\"@id\":\"https:\\\/\\\/www.fazendaboqueiraorn.com.br\\\/#organization\",\"name\":\"Fazenda Boqueir\u00e3o\",\"url\":\"https:\\\/\\\/www.fazendaboqueiraorn.com.br\\\/\",\"logo\":{\"@type\":\"ImageObject\",\"inLanguage\":\"en-US\",\"@id\":\"https:\\\/\\\/www.fazendaboqueiraorn.com.br\\\/#\\\/schema\\\/logo\\\/image\\\/\",\"url\":\"https:\\\/\\\/i0.wp.com\\\/www.fazendaboqueiraorn.com.br\\\/wp-content\\\/uploads\\\/2021\\\/08\\\/logo-fazenda-120x120-1.png?fit=120%2C120&ssl=1\",\"contentUrl\":\"https:\\\/\\\/i0.wp.com\\\/www.fazendaboqueiraorn.com.br\\\/wp-content\\\/uploads\\\/2021\\\/08\\\/logo-fazenda-120x120-1.png?fit=120%2C120&ssl=1\",\"width\":120,\"height\":120,\"caption\":\"Fazenda Boqueir\u00e3o\"},\"image\":{\"@id\":\"https:\\\/\\\/www.fazendaboqueiraorn.com.br\\\/#\\\/schema\\\/logo\\\/image\\\/\"},\"sameAs\":[\"https:\\\/\\\/www.facebook.com\\\/fazboqueirao\",\"https:\\\/\\\/x.com\\\/FazBoqueirao\",\"http:\\\/\\\/instagram.com\\\/fazboqueirao\\\/\",\"https:\\\/\\\/www.linkedin.com\\\/company\\\/fazboqueirao\\\/\",\"https:\\\/\\\/www.youtube.com\\\/channel\\\/UCUA4_8v8HkmMeNUh8c6Ky1Q\"]},{\"@type\":\"Person\",\"@id\":\"https:\\\/\\\/www.fazendaboqueiraorn.com.br\\\/#\\\/schema\\\/person\\\/70484dc96f76e66c6365a9f4a2ebfb02\",\"name\":\"Fazenda Boqueir\u00e3o\",\"image\":{\"@type\":\"ImageObject\",\"inLanguage\":\"en-US\",\"@id\":\"https:\\\/\\\/secure.gravatar.com\\\/avatar\\\/19f19467ae305ded5d913deae2fb6c6f29fe88a0a7f3a4dca5679407289a9efd?s=96&d=mm&r=g\",\"url\":\"https:\\\/\\\/secure.gravatar.com\\\/avatar\\\/19f19467ae305ded5d913deae2fb6c6f29fe88a0a7f3a4dca5679407289a9efd?s=96&d=mm&r=g\",\"contentUrl\":\"https:\\\/\\\/secure.gravatar.com\\\/avatar\\\/19f19467ae305ded5d913deae2fb6c6f29fe88a0a7f3a4dca5679407289a9efd?s=96&d=mm&r=g\",\"caption\":\"Fazenda Boqueir\u00e3o\"},\"url\":\"https:\\\/\\\/www.fazendaboqueiraorn.com.br\\\/en\\\/author\\\/fazenda\\\/\"}]}<\/script>\n<!-- \/ Yoast SEO plugin. -->","yoast_head_json":{"title":"Projeto Conecta Caatinga ir\u00e1 criar corredores na Caatinga - Fazenda Boqueir\u00e3o","description":"O Projeto Conecta Caatinga ter\u00e1 US$5,5 milh\u00f5es foi anunciado em dezembro em prol do \u00fanico bioma 100% brasileiro.","robots":{"index":"index","follow":"follow","max-snippet":"max-snippet:-1","max-image-preview":"max-image-preview:large","max-video-preview":"max-video-preview:-1"},"canonical":"https:\/\/www.fazendaboqueiraorn.com.br\/en\/projeto-conecta-caatinga-ira-criar-corredores-na-caatinga\/","og_locale":"en_US","og_type":"article","og_title":"Projeto Conecta Caatinga ir\u00e1 criar corredores na Caatinga - Fazenda Boqueir\u00e3o","og_description":"O Projeto Conecta Caatinga ter\u00e1 US$5,5 milh\u00f5es foi anunciado em dezembro em prol do \u00fanico bioma 100% brasileiro.","og_url":"https:\/\/www.fazendaboqueiraorn.com.br\/en\/projeto-conecta-caatinga-ira-criar-corredores-na-caatinga\/","og_site_name":"Fazenda Boqueir\u00e3o","article_publisher":"https:\/\/www.facebook.com\/fazboqueirao","article_published_time":"2025-01-17T13:56:55+00:00","article_modified_time":"2025-01-17T14:00:23+00:00","og_image":[{"width":1000,"height":670,"url":"https:\/\/www.fazendaboqueiraorn.com.br\/wp-content\/uploads\/2025\/01\/araras-azuis-scaled.webp","type":"image\/webp"}],"author":"Fazenda Boqueir\u00e3o","twitter_card":"summary_large_image","twitter_creator":"@FazBoqueirao","twitter_site":"@FazBoqueirao","twitter_misc":{"Written by":"Fazenda Boqueir\u00e3o","Est. reading time":"3 minutes"},"schema":{"@context":"https:\/\/schema.org","@graph":[{"@type":"Article","@id":"https:\/\/www.fazendaboqueiraorn.com.br\/projeto-conecta-caatinga-ira-criar-corredores-na-caatinga\/#article","isPartOf":{"@id":"https:\/\/www.fazendaboqueiraorn.com.br\/projeto-conecta-caatinga-ira-criar-corredores-na-caatinga\/"},"author":{"name":"Fazenda Boqueir\u00e3o","@id":"https:\/\/www.fazendaboqueiraorn.com.br\/#\/schema\/person\/70484dc96f76e66c6365a9f4a2ebfb02"},"headline":"Projeto Conecta Caatinga ir\u00e1 criar corredores na Caatinga","datePublished":"2025-01-17T13:56:55+00:00","dateModified":"2025-01-17T14:00:23+00:00","mainEntityOfPage":{"@id":"https:\/\/www.fazendaboqueiraorn.com.br\/projeto-conecta-caatinga-ira-criar-corredores-na-caatinga\/"},"wordCount":388,"commentCount":0,"publisher":{"@id":"https:\/\/www.fazendaboqueiraorn.com.br\/#organization"},"image":{"@id":"https:\/\/www.fazendaboqueiraorn.com.br\/projeto-conecta-caatinga-ira-criar-corredores-na-caatinga\/#primaryimage"},"thumbnailUrl":"https:\/\/i0.wp.com\/www.fazendaboqueiraorn.com.br\/wp-content\/uploads\/2025\/01\/araras-azuis-scaled.webp?fit=1000%2C670&ssl=1","keywords":["Conecta Caatinga","curso","GEF","Iati","MMA","Nordeste","projeto","ra\u00e7\u00e3o"],"articleSection":["Not\u00edcias"],"inLanguage":"en-US","potentialAction":[{"@type":"CommentAction","name":"Comment","target":["https:\/\/www.fazendaboqueiraorn.com.br\/projeto-conecta-caatinga-ira-criar-corredores-na-caatinga\/#respond"]}]},{"@type":"WebPage","@id":"https:\/\/www.fazendaboqueiraorn.com.br\/projeto-conecta-caatinga-ira-criar-corredores-na-caatinga\/","url":"https:\/\/www.fazendaboqueiraorn.com.br\/projeto-conecta-caatinga-ira-criar-corredores-na-caatinga\/","name":"Projeto Conecta Caatinga ir\u00e1 criar corredores na Caatinga - Fazenda Boqueir\u00e3o","isPartOf":{"@id":"https:\/\/www.fazendaboqueiraorn.com.br\/#website"},"primaryImageOfPage":{"@id":"https:\/\/www.fazendaboqueiraorn.com.br\/projeto-conecta-caatinga-ira-criar-corredores-na-caatinga\/#primaryimage"},"image":{"@id":"https:\/\/www.fazendaboqueiraorn.com.br\/projeto-conecta-caatinga-ira-criar-corredores-na-caatinga\/#primaryimage"},"thumbnailUrl":"https:\/\/i0.wp.com\/www.fazendaboqueiraorn.com.br\/wp-content\/uploads\/2025\/01\/araras-azuis-scaled.webp?fit=1000%2C670&ssl=1","datePublished":"2025-01-17T13:56:55+00:00","dateModified":"2025-01-17T14:00:23+00:00","description":"O Projeto Conecta Caatinga ter\u00e1 US$5,5 milh\u00f5es foi anunciado em dezembro em prol do \u00fanico bioma 100% brasileiro.","breadcrumb":{"@id":"https:\/\/www.fazendaboqueiraorn.com.br\/projeto-conecta-caatinga-ira-criar-corredores-na-caatinga\/#breadcrumb"},"inLanguage":"en-US","potentialAction":[{"@type":"ReadAction","target":["https:\/\/www.fazendaboqueiraorn.com.br\/projeto-conecta-caatinga-ira-criar-corredores-na-caatinga\/"]}]},{"@type":"ImageObject","inLanguage":"en-US","@id":"https:\/\/www.fazendaboqueiraorn.com.br\/projeto-conecta-caatinga-ira-criar-corredores-na-caatinga\/#primaryimage","url":"https:\/\/i0.wp.com\/www.fazendaboqueiraorn.com.br\/wp-content\/uploads\/2025\/01\/araras-azuis-scaled.webp?fit=1000%2C670&ssl=1","contentUrl":"https:\/\/i0.wp.com\/www.fazendaboqueiraorn.com.br\/wp-content\/uploads\/2025\/01\/araras-azuis-scaled.webp?fit=1000%2C670&ssl=1","width":1000,"height":670,"caption":"Projeto Conecta Caatinga"},{"@type":"BreadcrumbList","@id":"https:\/\/www.fazendaboqueiraorn.com.br\/projeto-conecta-caatinga-ira-criar-corredores-na-caatinga\/#breadcrumb","itemListElement":[{"@type":"ListItem","position":1,"name":"Home","item":"https:\/\/www.fazendaboqueiraorn.com.br\/"},{"@type":"ListItem","position":2,"name":"Projeto Conecta Caatinga ir\u00e1 criar corredores na Caatinga"}]},{"@type":"WebSite","@id":"https:\/\/www.fazendaboqueiraorn.com.br\/#website","url":"https:\/\/www.fazendaboqueiraorn.com.br\/","name":"Fazenda Boqueir\u00e3o","description":"","publisher":{"@id":"https:\/\/www.fazendaboqueiraorn.com.br\/#organization"},"potentialAction":[{"@type":"SearchAction","target":{"@type":"EntryPoint","urlTemplate":"https:\/\/www.fazendaboqueiraorn.com.br\/?s={search_term_string}"},"query-input":{"@type":"PropertyValueSpecification","valueRequired":true,"valueName":"search_term_string"}}],"inLanguage":"en-US"},{"@type":"Organization","@id":"https:\/\/www.fazendaboqueiraorn.com.br\/#organization","name":"Fazenda Boqueir\u00e3o","url":"https:\/\/www.fazendaboqueiraorn.com.br\/","logo":{"@type":"ImageObject","inLanguage":"en-US","@id":"https:\/\/www.fazendaboqueiraorn.com.br\/#\/schema\/logo\/image\/","url":"https:\/\/i0.wp.com\/www.fazendaboqueiraorn.com.br\/wp-content\/uploads\/2021\/08\/logo-fazenda-120x120-1.png?fit=120%2C120&ssl=1","contentUrl":"https:\/\/i0.wp.com\/www.fazendaboqueiraorn.com.br\/wp-content\/uploads\/2021\/08\/logo-fazenda-120x120-1.png?fit=120%2C120&ssl=1","width":120,"height":120,"caption":"Fazenda Boqueir\u00e3o"},"image":{"@id":"https:\/\/www.fazendaboqueiraorn.com.br\/#\/schema\/logo\/image\/"},"sameAs":["https:\/\/www.facebook.com\/fazboqueirao","https:\/\/x.com\/FazBoqueirao","http:\/\/instagram.com\/fazboqueirao\/","https:\/\/www.linkedin.com\/company\/fazboqueirao\/","https:\/\/www.youtube.com\/channel\/UCUA4_8v8HkmMeNUh8c6Ky1Q"]},{"@type":"Person","@id":"https:\/\/www.fazendaboqueiraorn.com.br\/#\/schema\/person\/70484dc96f76e66c6365a9f4a2ebfb02","name":"Fazenda Boqueir\u00e3o","image":{"@type":"ImageObject","inLanguage":"en-US","@id":"https:\/\/secure.gravatar.com\/avatar\/19f19467ae305ded5d913deae2fb6c6f29fe88a0a7f3a4dca5679407289a9efd?s=96&d=mm&r=g","url":"https:\/\/secure.gravatar.com\/avatar\/19f19467ae305ded5d913deae2fb6c6f29fe88a0a7f3a4dca5679407289a9efd?s=96&d=mm&r=g","contentUrl":"https:\/\/secure.gravatar.com\/avatar\/19f19467ae305ded5d913deae2fb6c6f29fe88a0a7f3a4dca5679407289a9efd?s=96&d=mm&r=g","caption":"Fazenda Boqueir\u00e3o"},"url":"https:\/\/www.fazendaboqueiraorn.com.br\/en\/author\/fazenda\/"}]}},"jetpack_publicize_connections":[],"uagb_featured_image_src":{"full":["https:\/\/i0.wp.com\/www.fazendaboqueiraorn.com.br\/wp-content\/uploads\/2025\/01\/araras-azuis-scaled.webp?fit=1000%2C670&ssl=1",1000,670,false],"thumbnail":["https:\/\/i0.wp.com\/www.fazendaboqueiraorn.com.br\/wp-content\/uploads\/2025\/01\/araras-azuis-scaled.webp?resize=150%2C150&ssl=1",150,150,true],"medium":["https:\/\/i0.wp.com\/www.fazendaboqueiraorn.com.br\/wp-content\/uploads\/2025\/01\/araras-azuis-scaled.webp?fit=300%2C201&ssl=1",300,201,true],"medium_large":["https:\/\/i0.wp.com\/www.fazendaboqueiraorn.com.br\/wp-content\/uploads\/2025\/01\/araras-azuis-scaled.webp?fit=768%2C514&ssl=1",768,514,true],"large":["https:\/\/i0.wp.com\/www.fazendaboqueiraorn.com.br\/wp-content\/uploads\/2025\/01\/araras-azuis-scaled.webp?fit=1024%2C686&ssl=1",1024,686,true],"1536x1536":["https:\/\/i0.wp.com\/www.fazendaboqueiraorn.com.br\/wp-content\/uploads\/2025\/01\/araras-azuis-scaled.webp?fit=1000%2C670&ssl=1",1000,670,true],"2048x2048":["https:\/\/i0.wp.com\/www.fazendaboqueiraorn.com.br\/wp-content\/uploads\/2025\/01\/araras-azuis-scaled.webp?fit=1000%2C670&ssl=1",1000,670,true],"trp-custom-language-flag":["https:\/\/i0.wp.com\/www.fazendaboqueiraorn.com.br\/wp-content\/uploads\/2025\/01\/araras-azuis-scaled.webp?fit=18%2C12&ssl=1",18,12,true],"ultp_layout_landscape_large":["https:\/\/i0.wp.com\/www.fazendaboqueiraorn.com.br\/wp-content\/uploads\/2025\/01\/araras-azuis-scaled.webp?resize=1000%2C670&ssl=1",1200,800,true],"ultp_layout_landscape":["https:\/\/i0.wp.com\/www.fazendaboqueiraorn.com.br\/wp-content\/uploads\/2025\/01\/araras-azuis-scaled.webp?resize=870%2C570&ssl=1",870,570,true],"ultp_layout_portrait":["https:\/\/i0.wp.com\/www.fazendaboqueiraorn.com.br\/wp-content\/uploads\/2025\/01\/araras-azuis-scaled.webp?resize=600%2C670&ssl=1",600,857,true],"ultp_layout_square":["https:\/\/i0.wp.com\/www.fazendaboqueiraorn.com.br\/wp-content\/uploads\/2025\/01\/araras-azuis-scaled.webp?resize=600%2C600&ssl=1",600,600,true],"woocommerce_thumbnail":["https:\/\/www.fazendaboqueiraorn.com.br\/wp-content\/uploads\/2025\/01\/araras-azuis-300x300.webp",300,300,true],"woocommerce_single":["https:\/\/www.fazendaboqueiraorn.com.br\/wp-content\/uploads\/2025\/01\/araras-azuis-scaled.webp",600,402,false],"woocommerce_gallery_thumbnail":["https:\/\/www.fazendaboqueiraorn.com.br\/wp-content\/uploads\/2025\/01\/araras-azuis-100x100.webp",100,100,true],"web-stories-poster-portrait":["https:\/\/www.fazendaboqueiraorn.com.br\/wp-content\/uploads\/2025\/01\/araras-azuis-640x853.webp",640,853,true],"web-stories-publisher-logo":["https:\/\/www.fazendaboqueiraorn.com.br\/wp-content\/uploads\/2025\/01\/araras-azuis-96x96.webp",96,96,true],"web-stories-thumbnail":["https:\/\/www.fazendaboqueiraorn.com.br\/wp-content\/uploads\/2025\/01\/araras-azuis-150x100.webp",150,100,true]},"uagb_author_info":{"display_name":"Fazenda Boqueir\u00e3o","author_link":"https:\/\/www.fazendaboqueiraorn.com.br\/en\/author\/fazenda\/"},"uagb_comment_info":0,"uagb_excerpt":"O Projeto Conecta Caatinga ter\u00e1 US$5,5 milh\u00f5es foi anunciado em dezembro pelo Fundo Global para o Meio Ambiente (GEF), em prol da conserva\u00e7\u00e3o do \u00fanico bioma 100% brasileiro.","jetpack_featured_media_url":"https:\/\/i0.wp.com\/www.fazendaboqueiraorn.com.br\/wp-content\/uploads\/2025\/01\/araras-azuis-scaled.webp?fit=1000%2C670&ssl=1","jetpack_sharing_enabled":true,"jetpack_likes_enabled":true,"_links":{"self":[{"href":"https:\/\/www.fazendaboqueiraorn.com.br\/en\/wp-json\/wp\/v2\/posts\/6299","targetHints":{"allow":["GET"]}}],"collection":[{"href":"https:\/\/www.fazendaboqueiraorn.com.br\/en\/wp-json\/wp\/v2\/posts"}],"about":[{"href":"https:\/\/www.fazendaboqueiraorn.com.br\/en\/wp-json\/wp\/v2\/types\/post"}],"author":[{"embeddable":true,"href":"https:\/\/www.fazendaboqueiraorn.com.br\/en\/wp-json\/wp\/v2\/users\/2"}],"replies":[{"embeddable":true,"href":"https:\/\/www.fazendaboqueiraorn.com.br\/en\/wp-json\/wp\/v2\/comments?post=6299"}],"version-history":[{"count":2,"href":"https:\/\/www.fazendaboqueiraorn.com.br\/en\/wp-json\/wp\/v2\/posts\/6299\/revisions"}],"predecessor-version":[{"id":6305,"href":"https:\/\/www.fazendaboqueiraorn.com.br\/en\/wp-json\/wp\/v2\/posts\/6299\/revisions\/6305"}],"wp:featuredmedia":[{"embeddable":true,"href":"https:\/\/www.fazendaboqueiraorn.com.br\/en\/wp-json\/wp\/v2\/media\/6300"}],"wp:attachment":[{"href":"https:\/\/www.fazendaboqueiraorn.com.br\/en\/wp-json\/wp\/v2\/media?parent=6299"}],"wp:term":[{"taxonomy":"category","embeddable":true,"href":"https:\/\/www.fazendaboqueiraorn.com.br\/en\/wp-json\/wp\/v2\/categories?post=6299"},{"taxonomy":"post_tag","embeddable":true,"href":"https:\/\/www.fazendaboqueiraorn.com.br\/en\/wp-json\/wp\/v2\/tags?post=6299"}],"curies":[{"name":"wp","href":"https:\/\/api.w.org\/{rel}","templated":true}]}}