{"id":6059,"date":"2024-12-06T11:25:51","date_gmt":"2024-12-06T14:25:51","guid":{"rendered":"https:\/\/www.fazendaboqueiraorn.com.br\/?p=6059"},"modified":"2024-12-16T15:40:58","modified_gmt":"2024-12-16T18:40:58","slug":"2a-cavalgada-da-fazenda-boqueirao-2024","status":"publish","type":"post","link":"https:\/\/www.fazendaboqueiraorn.com.br\/en\/2a-cavalgada-da-fazenda-boqueirao-2024\/","title":{"rendered":"2\u00aa Cavalgada da Fazenda Boqueir\u00e3o 2024"},"content":{"rendered":"<figure class=\"wp-block-image aligncenter size-large is-resized\"><img data-recalc-dims=\"1\" decoding=\"async\" width=\"723\" height=\"1024\" loading=\"lazy\" src=\"https:\/\/i0.wp.com\/www.fazendaboqueiraorn.com.br\/wp-content\/uploads\/2024\/12\/2-cavalgada-fazenda-boqueirao-20241214.jpg?resize=723%2C1024&#038;ssl=1\" alt=\"2\u00aa Cavalgada da Fazenda Boqueir\u00e3o 2024\" class=\"wp-image-6060\" style=\"width:auto;height:500px\" srcset=\"https:\/\/i0.wp.com\/www.fazendaboqueiraorn.com.br\/wp-content\/uploads\/2024\/12\/2-cavalgada-fazenda-boqueirao-20241214-scaled.jpg?resize=723%2C1024&amp;ssl=1 723w, https:\/\/i0.wp.com\/www.fazendaboqueiraorn.com.br\/wp-content\/uploads\/2024\/12\/2-cavalgada-fazenda-boqueirao-20241214-scaled.jpg?resize=212%2C300&amp;ssl=1 212w, https:\/\/i0.wp.com\/www.fazendaboqueiraorn.com.br\/wp-content\/uploads\/2024\/12\/2-cavalgada-fazenda-boqueirao-20241214-scaled.jpg?resize=768%2C1087&amp;ssl=1 768w, https:\/\/i0.wp.com\/www.fazendaboqueiraorn.com.br\/wp-content\/uploads\/2024\/12\/2-cavalgada-fazenda-boqueirao-20241214-scaled.jpg?resize=8%2C12&amp;ssl=1 8w, https:\/\/i0.wp.com\/www.fazendaboqueiraorn.com.br\/wp-content\/uploads\/2024\/12\/2-cavalgada-fazenda-boqueirao-20241214-scaled.jpg?resize=600%2C850&amp;ssl=1 600w, https:\/\/i0.wp.com\/www.fazendaboqueiraorn.com.br\/wp-content\/uploads\/2024\/12\/2-cavalgada-fazenda-boqueirao-20241214-scaled.jpg?resize=150%2C212&amp;ssl=1 150w, https:\/\/i0.wp.com\/www.fazendaboqueiraorn.com.br\/wp-content\/uploads\/2024\/12\/2-cavalgada-fazenda-boqueirao-20241214-scaled.jpg?w=706&amp;ssl=1 706w\" sizes=\"auto, (max-width: 723px) 100vw, 723px\" \/><\/figure>\n\n\n\n<p>2\u00aa Cavalgada da Fazenda Boqueir\u00e3o 2024 dia 14 de dezembro a partir das 12h no <a href=\"https:\/\/www.godela.com.br\/local\/5951\/bar-do-edinho\/\" target=\"_blank\" rel=\"noreferrer noopener\">Bar do Edinho<\/a> em dire\u00e7\u00e3o a cidade com pitstop com trio de sanfoneiro na Fazenda Boqueir\u00e3o.<\/p>\n\n\n\n<h2 class=\"wp-block-heading\">Concentra\u00e7\u00e3o no Bar do Edinho<\/h2>\n\n\n\n<p>A concentra\u00e7\u00e3o iniciou cedo, com cavaleiros chegando ainda pela manh\u00e3. Foi servido uma deliciosa feijoada para refor\u00e7ar todos os participantes. O bar de Edinho ainda contou com disputas acirradas de sinuca e anima\u00e7\u00e3o de <a href=\"https:\/\/www.instagram.com\/_gabriel_sanfoneiro\/\" target=\"_blank\" rel=\"noreferrer noopener\">Gabriel Sanfoneiro<\/a> com o aut\u00eantico p\u00e9 de serra.<\/p>\n\n\n\n<div class=\"wp-block-jetpack-tiled-gallery aligncenter is-style-rectangular\"><div class=\"\"><div class=\"tiled-gallery__gallery\"><div class=\"tiled-gallery__row\"><div class=\"tiled-gallery__col\" style=\"flex-basis:50.00000%\"><figure class=\"tiled-gallery__item\"><img decoding=\"async\" loading=\"lazy\" srcset=\"https:\/\/i0.wp.com\/www.fazendaboqueiraorn.com.br\/wp-content\/uploads\/2024\/12\/20241214_141701-768x1024.jpg?strip=info&#038;w=600&#038;ssl=1 600w,https:\/\/i0.wp.com\/www.fazendaboqueiraorn.com.br\/wp-content\/uploads\/2024\/12\/20241214_141701-768x1024.jpg?strip=info&#038;w=750&#038;ssl=1 750w\" alt=\"2\u00aa Cavalgada da Fazenda Boqueir\u00e3o\" data-height=\"1000\" data-id=\"6119\" data-link=\"https:\/\/www.fazendaboqueiraorn.com.br\/2a-cavalgada-da-fazenda-boqueirao-2024\/20241214_141701\/\" data-url=\"https:\/\/www.fazendaboqueiraorn.com.br\/wp-content\/uploads\/2024\/12\/20241214_141701-768x1024.jpg\" data-width=\"750\" src=\"https:\/\/i0.wp.com\/www.fazendaboqueiraorn.com.br\/wp-content\/uploads\/2024\/12\/20241214_141701-768x1024.jpg?ssl=1\" data-amp-layout=\"responsive\" tabindex=\"0\" role=\"button\" aria-label=\"Abrir imagem 1 de 11 em tela cheia\"\/><\/figure><\/div><div class=\"tiled-gallery__col\" style=\"flex-basis:50.00000%\"><figure class=\"tiled-gallery__item\"><img decoding=\"async\" loading=\"lazy\" srcset=\"https:\/\/i0.wp.com\/www.fazendaboqueiraorn.com.br\/wp-content\/uploads\/2024\/12\/20241214_142025-768x1024.jpg?strip=info&#038;w=600&#038;ssl=1 600w,https:\/\/i0.wp.com\/www.fazendaboqueiraorn.com.br\/wp-content\/uploads\/2024\/12\/20241214_142025-768x1024.jpg?strip=info&#038;w=750&#038;ssl=1 750w\" alt=\"2\u00aa Cavalgada da Fazenda Boqueir\u00e3o\" data-height=\"1000\" data-id=\"6120\" data-link=\"https:\/\/www.fazendaboqueiraorn.com.br\/2a-cavalgada-da-fazenda-boqueirao-2024\/20241214_142025\/\" data-url=\"https:\/\/www.fazendaboqueiraorn.com.br\/wp-content\/uploads\/2024\/12\/20241214_142025-768x1024.jpg\" data-width=\"750\" src=\"https:\/\/i0.wp.com\/www.fazendaboqueiraorn.com.br\/wp-content\/uploads\/2024\/12\/20241214_142025-768x1024.jpg?ssl=1\" data-amp-layout=\"responsive\" tabindex=\"0\" role=\"button\" aria-label=\"Abrir imagem 2 de 11 em tela cheia\"\/><\/figure><\/div><\/div><div class=\"tiled-gallery__row\"><div class=\"tiled-gallery__col\" style=\"flex-basis:63.97545%\"><figure class=\"tiled-gallery__item\"><img decoding=\"async\" loading=\"lazy\" srcset=\"https:\/\/i0.wp.com\/www.fazendaboqueiraorn.com.br\/wp-content\/uploads\/2024\/12\/20241214_143421-1024x768.jpg?strip=info&#038;w=600&#038;ssl=1 600w,https:\/\/i0.wp.com\/www.fazendaboqueiraorn.com.br\/wp-content\/uploads\/2024\/12\/20241214_143421-1024x768.jpg?strip=info&#038;w=900&#038;ssl=1 900w,https:\/\/i0.wp.com\/www.fazendaboqueiraorn.com.br\/wp-content\/uploads\/2024\/12\/20241214_143421-1024x768.jpg?strip=info&#038;w=1000&#038;ssl=1 1000w\" alt=\"2\u00aa Cavalgada da Fazenda Boqueir\u00e3o\" data-height=\"750\" data-id=\"6124\" data-link=\"https:\/\/www.fazendaboqueiraorn.com.br\/2a-cavalgada-da-fazenda-boqueirao-2024\/20241214_143421\/\" data-url=\"https:\/\/www.fazendaboqueiraorn.com.br\/wp-content\/uploads\/2024\/12\/20241214_143421-1024x768.jpg\" data-width=\"1000\" src=\"https:\/\/i0.wp.com\/www.fazendaboqueiraorn.com.br\/wp-content\/uploads\/2024\/12\/20241214_143421-1024x768.jpg?ssl=1\" data-amp-layout=\"responsive\" tabindex=\"0\" role=\"button\" aria-label=\"Abrir imagem 3 de 11 em tela cheia\"\/><\/figure><\/div><div class=\"tiled-gallery__col\" style=\"flex-basis:36.02455%\"><figure class=\"tiled-gallery__item\"><img decoding=\"async\" loading=\"lazy\" srcset=\"https:\/\/i0.wp.com\/www.fazendaboqueiraorn.com.br\/wp-content\/uploads\/2024\/12\/20241214_142533-768x1024.jpg?strip=info&#038;w=600&#038;ssl=1 600w,https:\/\/i0.wp.com\/www.fazendaboqueiraorn.com.br\/wp-content\/uploads\/2024\/12\/20241214_142533-768x1024.jpg?strip=info&#038;w=750&#038;ssl=1 750w\" alt=\"2\u00aa Cavalgada da Fazenda Boqueir\u00e3o\" data-height=\"1000\" data-id=\"6121\" data-link=\"https:\/\/www.fazendaboqueiraorn.com.br\/2a-cavalgada-da-fazenda-boqueirao-2024\/20241214_142533\/\" data-url=\"https:\/\/www.fazendaboqueiraorn.com.br\/wp-content\/uploads\/2024\/12\/20241214_142533-768x1024.jpg\" data-width=\"750\" src=\"https:\/\/i0.wp.com\/www.fazendaboqueiraorn.com.br\/wp-content\/uploads\/2024\/12\/20241214_142533-768x1024.jpg?ssl=1\" data-amp-layout=\"responsive\" tabindex=\"0\" role=\"button\" aria-label=\"Abrir imagem 4 de 11 em tela cheia\"\/><\/figure><\/div><\/div><div class=\"tiled-gallery__row\"><div class=\"tiled-gallery__col\" style=\"flex-basis:25.00000%\"><figure class=\"tiled-gallery__item\"><img decoding=\"async\" loading=\"lazy\" srcset=\"https:\/\/i0.wp.com\/www.fazendaboqueiraorn.com.br\/wp-content\/uploads\/2024\/12\/20241214_142658-768x1024.jpg?strip=info&#038;w=600&#038;ssl=1 600w,https:\/\/i0.wp.com\/www.fazendaboqueiraorn.com.br\/wp-content\/uploads\/2024\/12\/20241214_142658-768x1024.jpg?strip=info&#038;w=750&#038;ssl=1 750w\" alt=\"2\u00aa Cavalgada da Fazenda Boqueir\u00e3o\" data-height=\"1000\" data-id=\"6122\" data-link=\"https:\/\/www.fazendaboqueiraorn.com.br\/2a-cavalgada-da-fazenda-boqueirao-2024\/20241214_142658\/\" data-url=\"https:\/\/www.fazendaboqueiraorn.com.br\/wp-content\/uploads\/2024\/12\/20241214_142658-768x1024.jpg\" data-width=\"750\" src=\"https:\/\/i0.wp.com\/www.fazendaboqueiraorn.com.br\/wp-content\/uploads\/2024\/12\/20241214_142658-768x1024.jpg?ssl=1\" data-amp-layout=\"responsive\" tabindex=\"0\" role=\"button\" aria-label=\"Abrir imagem 5 de 11 em tela cheia\"\/><\/figure><\/div><div class=\"tiled-gallery__col\" style=\"flex-basis:25.00000%\"><figure class=\"tiled-gallery__item\"><img decoding=\"async\" loading=\"lazy\" srcset=\"https:\/\/i0.wp.com\/www.fazendaboqueiraorn.com.br\/wp-content\/uploads\/2024\/12\/20241214_145815-768x1024.jpg?strip=info&#038;w=600&#038;ssl=1 600w,https:\/\/i0.wp.com\/www.fazendaboqueiraorn.com.br\/wp-content\/uploads\/2024\/12\/20241214_145815-768x1024.jpg?strip=info&#038;w=750&#038;ssl=1 750w\" alt=\"2\u00aa Cavalgada da Fazenda Boqueir\u00e3o\" data-height=\"1000\" data-id=\"6126\" data-link=\"https:\/\/www.fazendaboqueiraorn.com.br\/2a-cavalgada-da-fazenda-boqueirao-2024\/20241214_145815\/\" data-url=\"https:\/\/www.fazendaboqueiraorn.com.br\/wp-content\/uploads\/2024\/12\/20241214_145815-768x1024.jpg\" data-width=\"750\" src=\"https:\/\/i0.wp.com\/www.fazendaboqueiraorn.com.br\/wp-content\/uploads\/2024\/12\/20241214_145815-768x1024.jpg?ssl=1\" data-amp-layout=\"responsive\" tabindex=\"0\" role=\"button\" aria-label=\"Abrir imagem 6 de 11 em tela cheia\"\/><\/figure><\/div><div class=\"tiled-gallery__col\" style=\"flex-basis:25.00000%\"><figure class=\"tiled-gallery__item\"><img decoding=\"async\" loading=\"lazy\" srcset=\"https:\/\/i0.wp.com\/www.fazendaboqueiraorn.com.br\/wp-content\/uploads\/2024\/12\/20241214_152400-768x1024.jpg?strip=info&#038;w=600&#038;ssl=1 600w,https:\/\/i0.wp.com\/www.fazendaboqueiraorn.com.br\/wp-content\/uploads\/2024\/12\/20241214_152400-768x1024.jpg?strip=info&#038;w=750&#038;ssl=1 750w\" alt=\"2\u00aa Cavalgada da Fazenda Boqueir\u00e3o\" data-height=\"1000\" data-id=\"6129\" data-link=\"https:\/\/www.fazendaboqueiraorn.com.br\/2a-cavalgada-da-fazenda-boqueirao-2024\/20241214_152400\/\" data-url=\"https:\/\/www.fazendaboqueiraorn.com.br\/wp-content\/uploads\/2024\/12\/20241214_152400-768x1024.jpg\" data-width=\"750\" src=\"https:\/\/i0.wp.com\/www.fazendaboqueiraorn.com.br\/wp-content\/uploads\/2024\/12\/20241214_152400-768x1024.jpg?ssl=1\" data-amp-layout=\"responsive\" tabindex=\"0\" role=\"button\" aria-label=\"Abrir imagem 7 de 11 em tela cheia\"\/><\/figure><\/div><div class=\"tiled-gallery__col\" style=\"flex-basis:25.00000%\"><figure class=\"tiled-gallery__item\"><img decoding=\"async\" loading=\"lazy\" srcset=\"https:\/\/i0.wp.com\/www.fazendaboqueiraorn.com.br\/wp-content\/uploads\/2024\/12\/20241214_142704-768x1024.jpg?strip=info&#038;w=600&#038;ssl=1 600w,https:\/\/i0.wp.com\/www.fazendaboqueiraorn.com.br\/wp-content\/uploads\/2024\/12\/20241214_142704-768x1024.jpg?strip=info&#038;w=750&#038;ssl=1 750w\" alt=\"2\u00aa Cavalgada da Fazenda Boqueir\u00e3o\" data-height=\"1000\" data-id=\"6123\" data-link=\"https:\/\/www.fazendaboqueiraorn.com.br\/2a-cavalgada-da-fazenda-boqueirao-2024\/20241214_142704\/\" data-url=\"https:\/\/www.fazendaboqueiraorn.com.br\/wp-content\/uploads\/2024\/12\/20241214_142704-768x1024.jpg\" data-width=\"750\" src=\"https:\/\/i0.wp.com\/www.fazendaboqueiraorn.com.br\/wp-content\/uploads\/2024\/12\/20241214_142704-768x1024.jpg?ssl=1\" data-amp-layout=\"responsive\" tabindex=\"0\" role=\"button\" aria-label=\"Abrir imagem 8 de 11 em tela cheia\"\/><\/figure><\/div><\/div><div class=\"tiled-gallery__row\"><div class=\"tiled-gallery__col\" style=\"flex-basis:26.48701%\"><figure class=\"tiled-gallery__item\"><img decoding=\"async\" loading=\"lazy\" srcset=\"https:\/\/i0.wp.com\/www.fazendaboqueiraorn.com.br\/wp-content\/uploads\/2024\/12\/20241214_144345-768x1024.jpg?strip=info&#038;w=600&#038;ssl=1 600w,https:\/\/i0.wp.com\/www.fazendaboqueiraorn.com.br\/wp-content\/uploads\/2024\/12\/20241214_144345-768x1024.jpg?strip=info&#038;w=750&#038;ssl=1 750w\" alt=\"2\u00aa Cavalgada da Fazenda Boqueir\u00e3o\" data-height=\"1000\" data-id=\"6125\" data-link=\"https:\/\/www.fazendaboqueiraorn.com.br\/2a-cavalgada-da-fazenda-boqueirao-2024\/20241214_144345\/\" data-url=\"https:\/\/www.fazendaboqueiraorn.com.br\/wp-content\/uploads\/2024\/12\/20241214_144345-768x1024.jpg\" data-width=\"750\" src=\"https:\/\/i0.wp.com\/www.fazendaboqueiraorn.com.br\/wp-content\/uploads\/2024\/12\/20241214_144345-768x1024.jpg?ssl=1\" data-amp-layout=\"responsive\" tabindex=\"0\" role=\"button\" aria-label=\"Abrir imagem 9 de 11 em tela cheia\"\/><\/figure><\/div><div class=\"tiled-gallery__col\" style=\"flex-basis:26.48701%\"><figure class=\"tiled-gallery__item\"><img decoding=\"async\" loading=\"lazy\" srcset=\"https:\/\/i0.wp.com\/www.fazendaboqueiraorn.com.br\/wp-content\/uploads\/2024\/12\/20241214_151517-768x1024.jpg?strip=info&#038;w=600&#038;ssl=1 600w,https:\/\/i0.wp.com\/www.fazendaboqueiraorn.com.br\/wp-content\/uploads\/2024\/12\/20241214_151517-768x1024.jpg?strip=info&#038;w=750&#038;ssl=1 750w\" alt=\"2\u00aa Cavalgada da Fazenda Boqueir\u00e3o\" data-height=\"1000\" data-id=\"6127\" data-link=\"https:\/\/www.fazendaboqueiraorn.com.br\/2a-cavalgada-da-fazenda-boqueirao-2024\/20241214_151517\/\" data-url=\"https:\/\/www.fazendaboqueiraorn.com.br\/wp-content\/uploads\/2024\/12\/20241214_151517-768x1024.jpg\" data-width=\"750\" src=\"https:\/\/i0.wp.com\/www.fazendaboqueiraorn.com.br\/wp-content\/uploads\/2024\/12\/20241214_151517-768x1024.jpg?ssl=1\" data-amp-layout=\"responsive\" tabindex=\"0\" role=\"button\" aria-label=\"Abrir imagem 10 de 11 em tela cheia\"\/><\/figure><\/div><div class=\"tiled-gallery__col\" style=\"flex-basis:47.02598%\"><figure class=\"tiled-gallery__item\"><img decoding=\"async\" loading=\"lazy\" srcset=\"https:\/\/i0.wp.com\/www.fazendaboqueiraorn.com.br\/wp-content\/uploads\/2024\/12\/20241214_152326-1024x768.jpg?strip=info&#038;w=600&#038;ssl=1 600w,https:\/\/i0.wp.com\/www.fazendaboqueiraorn.com.br\/wp-content\/uploads\/2024\/12\/20241214_152326-1024x768.jpg?strip=info&#038;w=900&#038;ssl=1 900w,https:\/\/i0.wp.com\/www.fazendaboqueiraorn.com.br\/wp-content\/uploads\/2024\/12\/20241214_152326-1024x768.jpg?strip=info&#038;w=1000&#038;ssl=1 1000w\" alt=\"2\u00aa Cavalgada da Fazenda Boqueir\u00e3o\" data-height=\"750\" data-id=\"6128\" data-link=\"https:\/\/www.fazendaboqueiraorn.com.br\/2a-cavalgada-da-fazenda-boqueirao-2024\/20241214_152326\/\" data-url=\"https:\/\/www.fazendaboqueiraorn.com.br\/wp-content\/uploads\/2024\/12\/20241214_152326-1024x768.jpg\" data-width=\"1000\" src=\"https:\/\/i0.wp.com\/www.fazendaboqueiraorn.com.br\/wp-content\/uploads\/2024\/12\/20241214_152326-1024x768.jpg?ssl=1\" data-amp-layout=\"responsive\" tabindex=\"0\" role=\"button\" aria-label=\"Abrir imagem 11 de 11 em tela cheia\"\/><\/figure><\/div><\/div><\/div><\/div><\/div>\n\n\n\n<figure class=\"wp-block-embed is-type-video is-provider-youtube wp-block-embed-youtube wp-embed-aspect-16-9 wp-has-aspect-ratio\"><div class=\"wp-block-embed__wrapper\">\n<iframe loading=\"lazy\" title=\"2\u00aa Cavalgada da Fazenda Boqueir\u00e3o\" width=\"500\" height=\"281\" src=\"https:\/\/www.youtube.com\/embed\/iow6G09d-60?feature=oembed\" frameborder=\"0\" allow=\"accelerometer; autoplay; clipboard-write; encrypted-media; gyroscope; picture-in-picture; web-share\" referrerpolicy=\"strict-origin-when-cross-origin\" allowfullscreen><\/iframe>\n<\/div><\/figure>\n\n\n\n<p><\/p>\n\n\n\n<h2 class=\"wp-block-heading\">Pitstop na sede da Fazenda Boqueir\u00e3o<\/h2>\n\n\n\n<p>Ao chegar na sede da Fazenda Boqueir\u00e3o, contamos mais uma vez com a anima\u00e7\u00e3o de Gabriel Sanfoneiro para animar o fim de tarde enquanto confraternizamos para partir rumo a cidade de Barcelona, desfrutando da vista do p\u00e9 de serra da <a href=\"\/en\/serra-das-araras\/\">Serra das Araras<\/a>.<\/p>\n\n\n\n<div class=\"wp-block-jetpack-tiled-gallery aligncenter is-style-rectangular\"><div class=\"\"><div class=\"tiled-gallery__gallery\"><div class=\"tiled-gallery__row\"><div class=\"tiled-gallery__col\" style=\"flex-basis:32.22992%\"><figure class=\"tiled-gallery__item\"><img decoding=\"async\" loading=\"lazy\" srcset=\"https:\/\/i0.wp.com\/www.fazendaboqueiraorn.com.br\/wp-content\/uploads\/2024\/12\/20241214_165744-768x1024.jpg?strip=info&#038;w=600&#038;ssl=1 600w,https:\/\/i0.wp.com\/www.fazendaboqueiraorn.com.br\/wp-content\/uploads\/2024\/12\/20241214_165744-768x1024.jpg?strip=info&#038;w=750&#038;ssl=1 750w\" alt=\"\" data-height=\"1000\" data-id=\"6158\" data-link=\"https:\/\/www.fazendaboqueiraorn.com.br\/2a-cavalgada-da-fazenda-boqueirao-2024\/20241214_165744\/\" data-url=\"https:\/\/www.fazendaboqueiraorn.com.br\/wp-content\/uploads\/2024\/12\/20241214_165744-768x1024.jpg\" data-width=\"750\" src=\"https:\/\/i0.wp.com\/www.fazendaboqueiraorn.com.br\/wp-content\/uploads\/2024\/12\/20241214_165744-768x1024.jpg?ssl=1\" data-amp-layout=\"responsive\" tabindex=\"0\" role=\"button\" aria-label=\"Abrir imagem 1 de 15 em tela cheia\"\/><\/figure><\/div><div class=\"tiled-gallery__col\" style=\"flex-basis:19.87255%\"><figure class=\"tiled-gallery__item\"><img decoding=\"async\" loading=\"lazy\" srcset=\"https:\/\/i0.wp.com\/www.fazendaboqueiraorn.com.br\/wp-content\/uploads\/2024\/12\/WhatsApp-Image-2024-12-15-at-12.44.51-1-473x1024.jpeg?strip=info&#038;w=462&#038;ssl=1 462w\" alt=\"\" data-height=\"1000\" data-id=\"6146\" data-link=\"https:\/\/www.fazendaboqueiraorn.com.br\/2a-cavalgada-da-fazenda-boqueirao-2024\/whatsapp-image-2024-12-15-at-12-44-51-1\/\" data-url=\"https:\/\/www.fazendaboqueiraorn.com.br\/wp-content\/uploads\/2024\/12\/WhatsApp-Image-2024-12-15-at-12.44.51-1-473x1024.jpeg\" data-width=\"462\" src=\"https:\/\/i0.wp.com\/www.fazendaboqueiraorn.com.br\/wp-content\/uploads\/2024\/12\/WhatsApp-Image-2024-12-15-at-12.44.51-1-473x1024.jpeg?ssl=1\" data-amp-layout=\"responsive\" tabindex=\"0\" role=\"button\" aria-label=\"Abrir imagem 2 de 15 em tela cheia\"\/><\/figure><\/div><div class=\"tiled-gallery__col\" style=\"flex-basis:24.42075%\"><figure class=\"tiled-gallery__item\"><img decoding=\"async\" loading=\"lazy\" srcset=\"https:\/\/i0.wp.com\/www.fazendaboqueiraorn.com.br\/wp-content\/uploads\/2024\/12\/WhatsApp-Image-2024-12-15-at-12.44.47-1-581x1024.jpeg?strip=info&#038;w=568&#038;ssl=1 568w\" alt=\"\" data-height=\"1000\" data-id=\"6147\" data-link=\"https:\/\/www.fazendaboqueiraorn.com.br\/2a-cavalgada-da-fazenda-boqueirao-2024\/whatsapp-image-2024-12-15-at-12-44-47-1\/\" data-url=\"https:\/\/www.fazendaboqueiraorn.com.br\/wp-content\/uploads\/2024\/12\/WhatsApp-Image-2024-12-15-at-12.44.47-1-581x1024.jpeg\" data-width=\"568\" src=\"https:\/\/i0.wp.com\/www.fazendaboqueiraorn.com.br\/wp-content\/uploads\/2024\/12\/WhatsApp-Image-2024-12-15-at-12.44.47-1-581x1024.jpeg?ssl=1\" data-amp-layout=\"responsive\" tabindex=\"0\" role=\"button\" aria-label=\"Abrir imagem 3 de 15 em tela cheia\"\/><\/figure><\/div><div class=\"tiled-gallery__col\" style=\"flex-basis:23.47678%\"><figure class=\"tiled-gallery__item\"><img decoding=\"async\" loading=\"lazy\" srcset=\"https:\/\/i0.wp.com\/www.fazendaboqueiraorn.com.br\/wp-content\/uploads\/2024\/12\/WhatsApp-Image-2024-12-15-at-12.44.49-2-559x1024.jpeg?strip=info&#038;w=546&#038;ssl=1 546w\" alt=\"\" data-height=\"1000\" data-id=\"6148\" data-link=\"https:\/\/www.fazendaboqueiraorn.com.br\/2a-cavalgada-da-fazenda-boqueirao-2024\/whatsapp-image-2024-12-15-at-12-44-49-2\/\" data-url=\"https:\/\/www.fazendaboqueiraorn.com.br\/wp-content\/uploads\/2024\/12\/WhatsApp-Image-2024-12-15-at-12.44.49-2-559x1024.jpeg\" data-width=\"546\" src=\"https:\/\/i0.wp.com\/www.fazendaboqueiraorn.com.br\/wp-content\/uploads\/2024\/12\/WhatsApp-Image-2024-12-15-at-12.44.49-2-559x1024.jpeg?ssl=1\" data-amp-layout=\"responsive\" tabindex=\"0\" role=\"button\" aria-label=\"Abrir imagem 4 de 15 em tela cheia\"\/><\/figure><\/div><\/div><div class=\"tiled-gallery__row\"><div class=\"tiled-gallery__col\" style=\"flex-basis:21.44403%\"><figure class=\"tiled-gallery__item\"><img decoding=\"async\" loading=\"lazy\" srcset=\"https:\/\/i0.wp.com\/www.fazendaboqueiraorn.com.br\/wp-content\/uploads\/2024\/12\/WhatsApp-Image-2024-12-15-at-12.44.52-1-419x1024.jpeg?strip=info&#038;w=409&#038;ssl=1 409w\" alt=\"\" data-height=\"1000\" data-id=\"6149\" data-link=\"https:\/\/www.fazendaboqueiraorn.com.br\/2a-cavalgada-da-fazenda-boqueirao-2024\/whatsapp-image-2024-12-15-at-12-44-52-1\/\" data-url=\"https:\/\/www.fazendaboqueiraorn.com.br\/wp-content\/uploads\/2024\/12\/WhatsApp-Image-2024-12-15-at-12.44.52-1-419x1024.jpeg\" data-width=\"409\" src=\"https:\/\/i0.wp.com\/www.fazendaboqueiraorn.com.br\/wp-content\/uploads\/2024\/12\/WhatsApp-Image-2024-12-15-at-12.44.52-1-419x1024.jpeg?ssl=1\" data-amp-layout=\"responsive\" tabindex=\"0\" role=\"button\" aria-label=\"Abrir imagem 5 de 15 em tela cheia\"\/><\/figure><\/div><div class=\"tiled-gallery__col\" style=\"flex-basis:39.27798%\"><figure class=\"tiled-gallery__item\"><img decoding=\"async\" loading=\"lazy\" srcset=\"https:\/\/i0.wp.com\/www.fazendaboqueiraorn.com.br\/wp-content\/uploads\/2024\/12\/WhatsApp-Image-2024-12-15-at-12.44.51-768x1024.jpeg?strip=info&#038;w=600&#038;ssl=1 600w,https:\/\/i0.wp.com\/www.fazendaboqueiraorn.com.br\/wp-content\/uploads\/2024\/12\/WhatsApp-Image-2024-12-15-at-12.44.51-768x1024.jpeg?strip=info&#038;w=750&#038;ssl=1 750w\" alt=\"\" data-height=\"1000\" data-id=\"6150\" data-link=\"https:\/\/www.fazendaboqueiraorn.com.br\/2a-cavalgada-da-fazenda-boqueirao-2024\/whatsapp-image-2024-12-15-at-12-44-51\/\" data-url=\"https:\/\/www.fazendaboqueiraorn.com.br\/wp-content\/uploads\/2024\/12\/WhatsApp-Image-2024-12-15-at-12.44.51-768x1024.jpeg\" data-width=\"750\" src=\"https:\/\/i0.wp.com\/www.fazendaboqueiraorn.com.br\/wp-content\/uploads\/2024\/12\/WhatsApp-Image-2024-12-15-at-12.44.51-768x1024.jpeg?ssl=1\" data-amp-layout=\"responsive\" tabindex=\"0\" role=\"button\" aria-label=\"Abrir imagem 6 de 15 em tela cheia\"\/><\/figure><\/div><div class=\"tiled-gallery__col\" style=\"flex-basis:39.27798%\"><figure class=\"tiled-gallery__item\"><img decoding=\"async\" loading=\"lazy\" srcset=\"https:\/\/i0.wp.com\/www.fazendaboqueiraorn.com.br\/wp-content\/uploads\/2024\/12\/WhatsApp-Image-2024-12-15-at-12.44.53-768x1024.jpeg?strip=info&#038;w=600&#038;ssl=1 600w,https:\/\/i0.wp.com\/www.fazendaboqueiraorn.com.br\/wp-content\/uploads\/2024\/12\/WhatsApp-Image-2024-12-15-at-12.44.53-768x1024.jpeg?strip=info&#038;w=750&#038;ssl=1 750w\" alt=\"\" data-height=\"1000\" data-id=\"6151\" data-link=\"https:\/\/www.fazendaboqueiraorn.com.br\/2a-cavalgada-da-fazenda-boqueirao-2024\/whatsapp-image-2024-12-15-at-12-44-53\/\" data-url=\"https:\/\/www.fazendaboqueiraorn.com.br\/wp-content\/uploads\/2024\/12\/WhatsApp-Image-2024-12-15-at-12.44.53-768x1024.jpeg\" data-width=\"750\" src=\"https:\/\/i0.wp.com\/www.fazendaboqueiraorn.com.br\/wp-content\/uploads\/2024\/12\/WhatsApp-Image-2024-12-15-at-12.44.53-768x1024.jpeg?ssl=1\" data-amp-layout=\"responsive\" tabindex=\"0\" role=\"button\" aria-label=\"Abrir imagem 7 de 15 em tela cheia\"\/><\/figure><\/div><\/div><div class=\"tiled-gallery__row\"><div class=\"tiled-gallery__col\" style=\"flex-basis:39.19392%\"><figure class=\"tiled-gallery__item\"><img decoding=\"async\" loading=\"lazy\" srcset=\"https:\/\/i0.wp.com\/www.fazendaboqueiraorn.com.br\/wp-content\/uploads\/2024\/12\/WhatsApp-Image-2024-12-15-at-12.44.49-1-1024x768.jpeg?strip=info&#038;w=600&#038;ssl=1 600w,https:\/\/i0.wp.com\/www.fazendaboqueiraorn.com.br\/wp-content\/uploads\/2024\/12\/WhatsApp-Image-2024-12-15-at-12.44.49-1-1024x768.jpeg?strip=info&#038;w=900&#038;ssl=1 900w,https:\/\/i0.wp.com\/www.fazendaboqueiraorn.com.br\/wp-content\/uploads\/2024\/12\/WhatsApp-Image-2024-12-15-at-12.44.49-1-1024x768.jpeg?strip=info&#038;w=1000&#038;ssl=1 1000w\" alt=\"\" data-height=\"750\" data-id=\"6155\" data-link=\"https:\/\/www.fazendaboqueiraorn.com.br\/2a-cavalgada-da-fazenda-boqueirao-2024\/whatsapp-image-2024-12-15-at-12-44-49-1\/\" data-url=\"https:\/\/www.fazendaboqueiraorn.com.br\/wp-content\/uploads\/2024\/12\/WhatsApp-Image-2024-12-15-at-12.44.49-1-1024x768.jpeg\" data-width=\"1000\" src=\"https:\/\/i0.wp.com\/www.fazendaboqueiraorn.com.br\/wp-content\/uploads\/2024\/12\/WhatsApp-Image-2024-12-15-at-12.44.49-1-1024x768.jpeg?ssl=1\" data-amp-layout=\"responsive\" tabindex=\"0\" role=\"button\" aria-label=\"Abrir imagem 8 de 15 em tela cheia\"\/><\/figure><\/div><div class=\"tiled-gallery__col\" style=\"flex-basis:16.64991%\"><figure class=\"tiled-gallery__item\"><img decoding=\"async\" loading=\"lazy\" srcset=\"https:\/\/i0.wp.com\/www.fazendaboqueiraorn.com.br\/wp-content\/uploads\/2024\/12\/WhatsApp-Image-2024-12-15-at-12.44.52-579x1024.jpeg?strip=info&#038;w=565&#038;ssl=1 565w\" alt=\"\" data-height=\"1000\" data-id=\"6154\" data-link=\"https:\/\/www.fazendaboqueiraorn.com.br\/2a-cavalgada-da-fazenda-boqueirao-2024\/whatsapp-image-2024-12-15-at-12-44-52\/\" data-url=\"https:\/\/www.fazendaboqueiraorn.com.br\/wp-content\/uploads\/2024\/12\/WhatsApp-Image-2024-12-15-at-12.44.52-579x1024.jpeg\" data-width=\"565\" src=\"https:\/\/i0.wp.com\/www.fazendaboqueiraorn.com.br\/wp-content\/uploads\/2024\/12\/WhatsApp-Image-2024-12-15-at-12.44.52-579x1024.jpeg?ssl=1\" data-amp-layout=\"responsive\" tabindex=\"0\" role=\"button\" aria-label=\"Abrir imagem 9 de 15 em tela cheia\"\/><\/figure><\/div><div class=\"tiled-gallery__col\" style=\"flex-basis:22.07808%\"><figure class=\"tiled-gallery__item\"><img decoding=\"async\" loading=\"lazy\" srcset=\"https:\/\/i0.wp.com\/www.fazendaboqueiraorn.com.br\/wp-content\/uploads\/2024\/12\/20241214_165537-768x1024.jpg?strip=info&#038;w=600&#038;ssl=1 600w,https:\/\/i0.wp.com\/www.fazendaboqueiraorn.com.br\/wp-content\/uploads\/2024\/12\/20241214_165537-768x1024.jpg?strip=info&#038;w=750&#038;ssl=1 750w\" alt=\"\" data-height=\"1000\" data-id=\"6160\" data-link=\"https:\/\/www.fazendaboqueiraorn.com.br\/2a-cavalgada-da-fazenda-boqueirao-2024\/20241214_165537\/\" data-url=\"https:\/\/www.fazendaboqueiraorn.com.br\/wp-content\/uploads\/2024\/12\/20241214_165537-768x1024.jpg\" data-width=\"750\" src=\"https:\/\/i0.wp.com\/www.fazendaboqueiraorn.com.br\/wp-content\/uploads\/2024\/12\/20241214_165537-768x1024.jpg?ssl=1\" data-amp-layout=\"responsive\" tabindex=\"0\" role=\"button\" aria-label=\"Abrir imagem 10 de 15 em tela cheia\"\/><\/figure><\/div><div class=\"tiled-gallery__col\" style=\"flex-basis:22.07808%\"><figure class=\"tiled-gallery__item\"><img decoding=\"async\" loading=\"lazy\" srcset=\"https:\/\/i0.wp.com\/www.fazendaboqueiraorn.com.br\/wp-content\/uploads\/2024\/12\/20241214_174110-768x1024.jpg?strip=info&#038;w=600&#038;ssl=1 600w,https:\/\/i0.wp.com\/www.fazendaboqueiraorn.com.br\/wp-content\/uploads\/2024\/12\/20241214_174110-768x1024.jpg?strip=info&#038;w=750&#038;ssl=1 750w\" alt=\"\" data-height=\"1000\" data-id=\"6159\" data-link=\"https:\/\/www.fazendaboqueiraorn.com.br\/2a-cavalgada-da-fazenda-boqueirao-2024\/20241214_174110\/\" data-url=\"https:\/\/www.fazendaboqueiraorn.com.br\/wp-content\/uploads\/2024\/12\/20241214_174110-768x1024.jpg\" data-width=\"750\" src=\"https:\/\/i0.wp.com\/www.fazendaboqueiraorn.com.br\/wp-content\/uploads\/2024\/12\/20241214_174110-768x1024.jpg?ssl=1\" data-amp-layout=\"responsive\" tabindex=\"0\" role=\"button\" aria-label=\"Abrir imagem 11 de 15 em tela cheia\"\/><\/figure><\/div><\/div><div class=\"tiled-gallery__row\"><div class=\"tiled-gallery__col\" style=\"flex-basis:33.41628%\"><figure class=\"tiled-gallery__item\"><img decoding=\"async\" loading=\"lazy\" srcset=\"https:\/\/i0.wp.com\/www.fazendaboqueiraorn.com.br\/wp-content\/uploads\/2024\/12\/20241214_174039-1024x768.jpg?strip=info&#038;w=600&#038;ssl=1 600w,https:\/\/i0.wp.com\/www.fazendaboqueiraorn.com.br\/wp-content\/uploads\/2024\/12\/20241214_174039-1024x768.jpg?strip=info&#038;w=900&#038;ssl=1 900w,https:\/\/i0.wp.com\/www.fazendaboqueiraorn.com.br\/wp-content\/uploads\/2024\/12\/20241214_174039-1024x768.jpg?strip=info&#038;w=1000&#038;ssl=1 1000w\" alt=\"\" data-height=\"750\" data-id=\"6157\" data-link=\"https:\/\/www.fazendaboqueiraorn.com.br\/2a-cavalgada-da-fazenda-boqueirao-2024\/20241214_174039\/\" data-url=\"https:\/\/www.fazendaboqueiraorn.com.br\/wp-content\/uploads\/2024\/12\/20241214_174039-1024x768.jpg\" data-width=\"1000\" src=\"https:\/\/i0.wp.com\/www.fazendaboqueiraorn.com.br\/wp-content\/uploads\/2024\/12\/20241214_174039-1024x768.jpg?ssl=1\" data-amp-layout=\"responsive\" tabindex=\"0\" role=\"button\" aria-label=\"Abrir imagem 12 de 15 em tela cheia\"\/><\/figure><\/div><div class=\"tiled-gallery__col\" style=\"flex-basis:18.83361%\"><figure class=\"tiled-gallery__item\"><img decoding=\"async\" loading=\"lazy\" srcset=\"https:\/\/i0.wp.com\/www.fazendaboqueiraorn.com.br\/wp-content\/uploads\/2024\/12\/WhatsApp-Image-2024-12-14-at-18.09.09-768x1024.jpeg?strip=info&#038;w=600&#038;ssl=1 600w,https:\/\/i0.wp.com\/www.fazendaboqueiraorn.com.br\/wp-content\/uploads\/2024\/12\/WhatsApp-Image-2024-12-14-at-18.09.09-768x1024.jpeg?strip=info&#038;w=750&#038;ssl=1 750w\" alt=\"\" data-height=\"1000\" data-id=\"6156\" data-link=\"https:\/\/www.fazendaboqueiraorn.com.br\/2a-cavalgada-da-fazenda-boqueirao-2024\/whatsapp-image-2024-12-14-at-18-09-09\/\" data-url=\"https:\/\/www.fazendaboqueiraorn.com.br\/wp-content\/uploads\/2024\/12\/WhatsApp-Image-2024-12-14-at-18.09.09-768x1024.jpeg\" data-width=\"750\" src=\"https:\/\/i0.wp.com\/www.fazendaboqueiraorn.com.br\/wp-content\/uploads\/2024\/12\/WhatsApp-Image-2024-12-14-at-18.09.09-768x1024.jpeg?ssl=1\" data-amp-layout=\"responsive\" tabindex=\"0\" role=\"button\" aria-label=\"Abrir imagem 13 de 15 em tela cheia\"\/><\/figure><\/div><div class=\"tiled-gallery__col\" style=\"flex-basis:14.33382%\"><figure class=\"tiled-gallery__item\"><img decoding=\"async\" loading=\"lazy\" srcset=\"https:\/\/i0.wp.com\/www.fazendaboqueiraorn.com.br\/wp-content\/uploads\/2024\/12\/WhatsApp-Image-2024-12-15-at-12.30.23-583x1024.jpeg?strip=info&#038;w=570&#038;ssl=1 570w\" alt=\"\" data-height=\"1000\" data-id=\"6152\" data-link=\"https:\/\/www.fazendaboqueiraorn.com.br\/2a-cavalgada-da-fazenda-boqueirao-2024\/whatsapp-image-2024-12-15-at-12-30-23\/\" data-url=\"https:\/\/www.fazendaboqueiraorn.com.br\/wp-content\/uploads\/2024\/12\/WhatsApp-Image-2024-12-15-at-12.30.23-583x1024.jpeg\" data-width=\"570\" src=\"https:\/\/i0.wp.com\/www.fazendaboqueiraorn.com.br\/wp-content\/uploads\/2024\/12\/WhatsApp-Image-2024-12-15-at-12.30.23-583x1024.jpeg?ssl=1\" data-amp-layout=\"responsive\" tabindex=\"0\" role=\"button\" aria-label=\"Abrir imagem 14 de 15 em tela cheia\"\/><\/figure><\/div><div class=\"tiled-gallery__col\" style=\"flex-basis:33.41628%\"><figure class=\"tiled-gallery__item\"><img decoding=\"async\" loading=\"lazy\" srcset=\"https:\/\/i0.wp.com\/www.fazendaboqueiraorn.com.br\/wp-content\/uploads\/2024\/12\/WhatsApp-Image-2024-12-15-at-12.44.48-1024x768.jpeg?strip=info&#038;w=600&#038;ssl=1 600w,https:\/\/i0.wp.com\/www.fazendaboqueiraorn.com.br\/wp-content\/uploads\/2024\/12\/WhatsApp-Image-2024-12-15-at-12.44.48-1024x768.jpeg?strip=info&#038;w=900&#038;ssl=1 900w,https:\/\/i0.wp.com\/www.fazendaboqueiraorn.com.br\/wp-content\/uploads\/2024\/12\/WhatsApp-Image-2024-12-15-at-12.44.48-1024x768.jpeg?strip=info&#038;w=1000&#038;ssl=1 1000w\" alt=\"\" data-height=\"750\" data-id=\"6153\" data-link=\"https:\/\/www.fazendaboqueiraorn.com.br\/2a-cavalgada-da-fazenda-boqueirao-2024\/whatsapp-image-2024-12-15-at-12-44-48\/\" data-url=\"https:\/\/www.fazendaboqueiraorn.com.br\/wp-content\/uploads\/2024\/12\/WhatsApp-Image-2024-12-15-at-12.44.48-1024x768.jpeg\" data-width=\"1000\" src=\"https:\/\/i0.wp.com\/www.fazendaboqueiraorn.com.br\/wp-content\/uploads\/2024\/12\/WhatsApp-Image-2024-12-15-at-12.44.48-1024x768.jpeg?ssl=1\" data-amp-layout=\"responsive\" tabindex=\"0\" role=\"button\" aria-label=\"Abrir imagem 15 de 15 em tela cheia\"\/><\/figure><\/div><\/div><\/div><\/div><\/div>\n\n\n\n<figure class=\"wp-block-embed is-type-video is-provider-youtube wp-block-embed-youtube wp-embed-aspect-16-9 wp-has-aspect-ratio\"><div class=\"wp-block-embed__wrapper\">\n<iframe loading=\"lazy\" title=\"2\u00b0 Cavalgada da Fazenda Boqueir\u00e3o\" width=\"500\" height=\"281\" src=\"https:\/\/www.youtube.com\/embed\/69uwo3fO3KY?feature=oembed\" frameborder=\"0\" allow=\"accelerometer; autoplay; clipboard-write; encrypted-media; gyroscope; picture-in-picture; web-share\" referrerpolicy=\"strict-origin-when-cross-origin\" allowfullscreen><\/iframe>\n<\/div><\/figure>","protected":false},"excerpt":{"rendered":"<p>2\u00aa Cavalgada da Fazenda Boqueir\u00e3o 2024 dia 14 de dezembro a partir das 12h no Bar do Edinho em dire\u00e7\u00e3o a cidade com pitstop com trio de sanfoneiro na Fazenda Boqueir\u00e3o.<\/p>","protected":false},"author":2,"featured_media":6060,"comment_status":"open","ping_status":"open","sticky":false,"template":"","format":"standard","meta":{"nf_dc_page":"","_uag_custom_page_level_css":"","site-sidebar-layout":"default","site-content-layout":"","ast-site-content-layout":"","site-content-style":"default","site-sidebar-style":"default","ast-global-header-display":"","ast-banner-title-visibility":"","ast-main-header-display":"","ast-hfb-above-header-display":"","ast-hfb-below-header-display":"","ast-hfb-mobile-header-display":"","site-post-title":"","ast-breadcrumbs-content":"","ast-featured-img":"","footer-sml-layout":"","ast-disable-related-posts":"","theme-transparent-header-meta":"","adv-header-id-meta":"","stick-header-meta":"","header-above-stick-meta":"","header-main-stick-meta":"","header-below-stick-meta":"","astra-migrate-meta-layouts":"default","ast-page-background-enabled":"default","ast-page-background-meta":{"desktop":{"background-color":"var(--ast-global-color-4)","background-image":"","background-repeat":"repeat","background-position":"center center","background-size":"auto","background-attachment":"scroll","background-type":"","background-media":"","overlay-type":"","overlay-color":"","overlay-opacity":"","overlay-gradient":""},"tablet":{"background-color":"","background-image":"","background-repeat":"repeat","background-position":"center center","background-size":"auto","background-attachment":"scroll","background-type":"","background-media":"","overlay-type":"","overlay-color":"","overlay-opacity":"","overlay-gradient":""},"mobile":{"background-color":"","background-image":"","background-repeat":"repeat","background-position":"center center","background-size":"auto","background-attachment":"scroll","background-type":"","background-media":"","overlay-type":"","overlay-color":"","overlay-opacity":"","overlay-gradient":""}},"ast-content-background-meta":{"desktop":{"background-color":"var(--ast-global-color-5)","background-image":"","background-repeat":"repeat","background-position":"center center","background-size":"auto","background-attachment":"scroll","background-type":"","background-media":"","overlay-type":"","overlay-color":"","overlay-opacity":"","overlay-gradient":""},"tablet":{"background-color":"var(--ast-global-color-5)","background-image":"","background-repeat":"repeat","background-position":"center center","background-size":"auto","background-attachment":"scroll","background-type":"","background-media":"","overlay-type":"","overlay-color":"","overlay-opacity":"","overlay-gradient":""},"mobile":{"background-color":"var(--ast-global-color-5)","background-image":"","background-repeat":"repeat","background-position":"center center","background-size":"auto","background-attachment":"scroll","background-type":"","background-media":"","overlay-type":"","overlay-color":"","overlay-opacity":"","overlay-gradient":""}},"jetpack_post_was_ever_published":false,"_jetpack_newsletter_access":"","_jetpack_dont_email_post_to_subs":false,"_jetpack_newsletter_tier_id":0,"_jetpack_memberships_contains_paywalled_content":false,"_jetpack_memberships_contains_paid_content":false,"footnotes":"","jetpack_publicize_message":"","jetpack_publicize_feature_enabled":false,"jetpack_social_post_already_shared":false,"jetpack_social_options":{"image_generator_settings":{"template":"highway","enabled":false},"version":2}},"categories":[429],"tags":[13,733,316,1570,212,360],"class_list":["post-6059","post","type-post","status-publish","format-standard","has-post-thumbnail","hentry","category-eventos","tag-barcelona","tag-boqueirao","tag-cavalgada","tag-fazenda-boqueirao","tag-racao","tag-serra"],"yoast_head":"<!-- This site is optimized with the Yoast SEO plugin v27.4 - https:\/\/yoast.com\/product\/yoast-seo-wordpress\/ -->\n<title>2\u00aa Cavalgada da Fazenda Boqueir\u00e3o 2024 - Fazenda Boqueir\u00e3o<\/title>\n<meta name=\"description\" content=\"2\u00aa Cavalgada da Fazenda Boqueir\u00e3o 2024 dia 14 de dezembro a partir das 12h no Bar do Edinho em dire\u00e7\u00e3o a cidade.\" \/>\n<meta name=\"robots\" content=\"index, follow, max-snippet:-1, max-image-preview:large, max-video-preview:-1\" \/>\n<link rel=\"canonical\" href=\"https:\/\/www.fazendaboqueiraorn.com.br\/en\/2a-cavalgada-da-fazenda-boqueirao-2024\/\" \/>\n<meta property=\"og:locale\" content=\"en_US\" \/>\n<meta property=\"og:type\" content=\"article\" \/>\n<meta property=\"og:title\" content=\"2\u00aa Cavalgada da Fazenda Boqueir\u00e3o 2024 - Fazenda Boqueir\u00e3o\" \/>\n<meta property=\"og:description\" content=\"2\u00aa Cavalgada da Fazenda Boqueir\u00e3o 2024 dia 14 de dezembro a partir das 12h no Bar do Edinho em dire\u00e7\u00e3o a cidade.\" \/>\n<meta property=\"og:url\" content=\"https:\/\/www.fazendaboqueiraorn.com.br\/en\/2a-cavalgada-da-fazenda-boqueirao-2024\/\" \/>\n<meta property=\"og:site_name\" content=\"Fazenda Boqueir\u00e3o\" \/>\n<meta property=\"article:publisher\" content=\"https:\/\/www.facebook.com\/fazboqueirao\" \/>\n<meta property=\"article:published_time\" content=\"2024-12-06T14:25:51+00:00\" \/>\n<meta property=\"article:modified_time\" content=\"2024-12-16T18:40:58+00:00\" \/>\n<meta property=\"og:image\" content=\"https:\/\/www.fazendaboqueiraorn.com.br\/wp-content\/uploads\/2024\/12\/2-cavalgada-fazenda-boqueirao-20241214-scaled.jpg\" \/>\n\t<meta property=\"og:image:width\" content=\"706\" \/>\n\t<meta property=\"og:image:height\" content=\"1000\" \/>\n\t<meta property=\"og:image:type\" content=\"image\/jpeg\" \/>\n<meta name=\"author\" content=\"Fazenda Boqueir\u00e3o\" \/>\n<meta name=\"twitter:card\" content=\"summary_large_image\" \/>\n<meta name=\"twitter:creator\" content=\"@FazBoqueirao\" \/>\n<meta name=\"twitter:site\" content=\"@FazBoqueirao\" \/>\n<meta name=\"twitter:label1\" content=\"Written by\" \/>\n\t<meta name=\"twitter:data1\" content=\"Fazenda Boqueir\u00e3o\" \/>\n\t<meta name=\"twitter:label2\" content=\"Est. reading time\" \/>\n\t<meta name=\"twitter:data2\" content=\"7 minutes\" \/>\n<script type=\"application\/ld+json\" class=\"yoast-schema-graph\">{\"@context\":\"https:\\\/\\\/schema.org\",\"@graph\":[{\"@type\":\"Article\",\"@id\":\"https:\\\/\\\/www.fazendaboqueiraorn.com.br\\\/2a-cavalgada-da-fazenda-boqueirao-2024\\\/#article\",\"isPartOf\":{\"@id\":\"https:\\\/\\\/www.fazendaboqueiraorn.com.br\\\/2a-cavalgada-da-fazenda-boqueirao-2024\\\/\"},\"author\":{\"name\":\"Fazenda Boqueir\u00e3o\",\"@id\":\"https:\\\/\\\/www.fazendaboqueiraorn.com.br\\\/#\\\/schema\\\/person\\\/70484dc96f76e66c6365a9f4a2ebfb02\"},\"headline\":\"2\u00aa Cavalgada da Fazenda Boqueir\u00e3o 2024\",\"datePublished\":\"2024-12-06T14:25:51+00:00\",\"dateModified\":\"2024-12-16T18:40:58+00:00\",\"mainEntityOfPage\":{\"@id\":\"https:\\\/\\\/www.fazendaboqueiraorn.com.br\\\/2a-cavalgada-da-fazenda-boqueirao-2024\\\/\"},\"wordCount\":158,\"commentCount\":0,\"publisher\":{\"@id\":\"https:\\\/\\\/www.fazendaboqueiraorn.com.br\\\/#organization\"},\"image\":{\"@id\":\"https:\\\/\\\/www.fazendaboqueiraorn.com.br\\\/2a-cavalgada-da-fazenda-boqueirao-2024\\\/#primaryimage\"},\"thumbnailUrl\":\"https:\\\/\\\/i0.wp.com\\\/www.fazendaboqueiraorn.com.br\\\/wp-content\\\/uploads\\\/2024\\\/12\\\/2-cavalgada-fazenda-boqueirao-20241214-scaled.jpg?fit=706%2C1000&ssl=1\",\"keywords\":[\"Barcelona\",\"Boqueir\u00e3o\",\"cavalgada\",\"Fazenda Boqueir\u00e3o\",\"ra\u00e7\u00e3o\",\"serra\"],\"articleSection\":[\"Eventos\"],\"inLanguage\":\"en-US\",\"potentialAction\":[{\"@type\":\"CommentAction\",\"name\":\"Comment\",\"target\":[\"https:\\\/\\\/www.fazendaboqueiraorn.com.br\\\/2a-cavalgada-da-fazenda-boqueirao-2024\\\/#respond\"]}]},{\"@type\":\"WebPage\",\"@id\":\"https:\\\/\\\/www.fazendaboqueiraorn.com.br\\\/2a-cavalgada-da-fazenda-boqueirao-2024\\\/\",\"url\":\"https:\\\/\\\/www.fazendaboqueiraorn.com.br\\\/2a-cavalgada-da-fazenda-boqueirao-2024\\\/\",\"name\":\"2\u00aa Cavalgada da Fazenda Boqueir\u00e3o 2024 - Fazenda Boqueir\u00e3o\",\"isPartOf\":{\"@id\":\"https:\\\/\\\/www.fazendaboqueiraorn.com.br\\\/#website\"},\"primaryImageOfPage\":{\"@id\":\"https:\\\/\\\/www.fazendaboqueiraorn.com.br\\\/2a-cavalgada-da-fazenda-boqueirao-2024\\\/#primaryimage\"},\"image\":{\"@id\":\"https:\\\/\\\/www.fazendaboqueiraorn.com.br\\\/2a-cavalgada-da-fazenda-boqueirao-2024\\\/#primaryimage\"},\"thumbnailUrl\":\"https:\\\/\\\/i0.wp.com\\\/www.fazendaboqueiraorn.com.br\\\/wp-content\\\/uploads\\\/2024\\\/12\\\/2-cavalgada-fazenda-boqueirao-20241214-scaled.jpg?fit=706%2C1000&ssl=1\",\"datePublished\":\"2024-12-06T14:25:51+00:00\",\"dateModified\":\"2024-12-16T18:40:58+00:00\",\"description\":\"2\u00aa Cavalgada da Fazenda Boqueir\u00e3o 2024 dia 14 de dezembro a partir das 12h no Bar do Edinho em dire\u00e7\u00e3o a cidade.\",\"breadcrumb\":{\"@id\":\"https:\\\/\\\/www.fazendaboqueiraorn.com.br\\\/2a-cavalgada-da-fazenda-boqueirao-2024\\\/#breadcrumb\"},\"inLanguage\":\"en-US\",\"potentialAction\":[{\"@type\":\"ReadAction\",\"target\":[\"https:\\\/\\\/www.fazendaboqueiraorn.com.br\\\/2a-cavalgada-da-fazenda-boqueirao-2024\\\/\"]}]},{\"@type\":\"ImageObject\",\"inLanguage\":\"en-US\",\"@id\":\"https:\\\/\\\/www.fazendaboqueiraorn.com.br\\\/2a-cavalgada-da-fazenda-boqueirao-2024\\\/#primaryimage\",\"url\":\"https:\\\/\\\/i0.wp.com\\\/www.fazendaboqueiraorn.com.br\\\/wp-content\\\/uploads\\\/2024\\\/12\\\/2-cavalgada-fazenda-boqueirao-20241214-scaled.jpg?fit=706%2C1000&ssl=1\",\"contentUrl\":\"https:\\\/\\\/i0.wp.com\\\/www.fazendaboqueiraorn.com.br\\\/wp-content\\\/uploads\\\/2024\\\/12\\\/2-cavalgada-fazenda-boqueirao-20241214-scaled.jpg?fit=706%2C1000&ssl=1\",\"width\":706,\"height\":1000,\"caption\":\"2\u00aa Cavalgada da Fazenda Boqueir\u00e3o 2024\"},{\"@type\":\"BreadcrumbList\",\"@id\":\"https:\\\/\\\/www.fazendaboqueiraorn.com.br\\\/2a-cavalgada-da-fazenda-boqueirao-2024\\\/#breadcrumb\",\"itemListElement\":[{\"@type\":\"ListItem\",\"position\":1,\"name\":\"Home\",\"item\":\"https:\\\/\\\/www.fazendaboqueiraorn.com.br\\\/\"},{\"@type\":\"ListItem\",\"position\":2,\"name\":\"2\u00aa Cavalgada da Fazenda Boqueir\u00e3o 2024\"}]},{\"@type\":\"WebSite\",\"@id\":\"https:\\\/\\\/www.fazendaboqueiraorn.com.br\\\/#website\",\"url\":\"https:\\\/\\\/www.fazendaboqueiraorn.com.br\\\/\",\"name\":\"Fazenda Boqueir\u00e3o\",\"description\":\"\",\"publisher\":{\"@id\":\"https:\\\/\\\/www.fazendaboqueiraorn.com.br\\\/#organization\"},\"potentialAction\":[{\"@type\":\"SearchAction\",\"target\":{\"@type\":\"EntryPoint\",\"urlTemplate\":\"https:\\\/\\\/www.fazendaboqueiraorn.com.br\\\/?s={search_term_string}\"},\"query-input\":{\"@type\":\"PropertyValueSpecification\",\"valueRequired\":true,\"valueName\":\"search_term_string\"}}],\"inLanguage\":\"en-US\"},{\"@type\":\"Organization\",\"@id\":\"https:\\\/\\\/www.fazendaboqueiraorn.com.br\\\/#organization\",\"name\":\"Fazenda Boqueir\u00e3o\",\"url\":\"https:\\\/\\\/www.fazendaboqueiraorn.com.br\\\/\",\"logo\":{\"@type\":\"ImageObject\",\"inLanguage\":\"en-US\",\"@id\":\"https:\\\/\\\/www.fazendaboqueiraorn.com.br\\\/#\\\/schema\\\/logo\\\/image\\\/\",\"url\":\"https:\\\/\\\/i0.wp.com\\\/www.fazendaboqueiraorn.com.br\\\/wp-content\\\/uploads\\\/2021\\\/08\\\/logo-fazenda-120x120-1.png?fit=120%2C120&ssl=1\",\"contentUrl\":\"https:\\\/\\\/i0.wp.com\\\/www.fazendaboqueiraorn.com.br\\\/wp-content\\\/uploads\\\/2021\\\/08\\\/logo-fazenda-120x120-1.png?fit=120%2C120&ssl=1\",\"width\":120,\"height\":120,\"caption\":\"Fazenda Boqueir\u00e3o\"},\"image\":{\"@id\":\"https:\\\/\\\/www.fazendaboqueiraorn.com.br\\\/#\\\/schema\\\/logo\\\/image\\\/\"},\"sameAs\":[\"https:\\\/\\\/www.facebook.com\\\/fazboqueirao\",\"https:\\\/\\\/x.com\\\/FazBoqueirao\",\"http:\\\/\\\/instagram.com\\\/fazboqueirao\\\/\",\"https:\\\/\\\/www.linkedin.com\\\/company\\\/fazboqueirao\\\/\",\"https:\\\/\\\/www.youtube.com\\\/channel\\\/UCUA4_8v8HkmMeNUh8c6Ky1Q\"]},{\"@type\":\"Person\",\"@id\":\"https:\\\/\\\/www.fazendaboqueiraorn.com.br\\\/#\\\/schema\\\/person\\\/70484dc96f76e66c6365a9f4a2ebfb02\",\"name\":\"Fazenda Boqueir\u00e3o\",\"image\":{\"@type\":\"ImageObject\",\"inLanguage\":\"en-US\",\"@id\":\"https:\\\/\\\/secure.gravatar.com\\\/avatar\\\/19f19467ae305ded5d913deae2fb6c6f29fe88a0a7f3a4dca5679407289a9efd?s=96&d=mm&r=g\",\"url\":\"https:\\\/\\\/secure.gravatar.com\\\/avatar\\\/19f19467ae305ded5d913deae2fb6c6f29fe88a0a7f3a4dca5679407289a9efd?s=96&d=mm&r=g\",\"contentUrl\":\"https:\\\/\\\/secure.gravatar.com\\\/avatar\\\/19f19467ae305ded5d913deae2fb6c6f29fe88a0a7f3a4dca5679407289a9efd?s=96&d=mm&r=g\",\"caption\":\"Fazenda Boqueir\u00e3o\"},\"url\":\"https:\\\/\\\/www.fazendaboqueiraorn.com.br\\\/en\\\/author\\\/fazenda\\\/\"}]}<\/script>\n<!-- \/ Yoast SEO plugin. -->","yoast_head_json":{"title":"2\u00aa Cavalgada da Fazenda Boqueir\u00e3o 2024 - Fazenda Boqueir\u00e3o","description":"2\u00aa Cavalgada da Fazenda Boqueir\u00e3o 2024 dia 14 de dezembro a partir das 12h no Bar do Edinho em dire\u00e7\u00e3o a cidade.","robots":{"index":"index","follow":"follow","max-snippet":"max-snippet:-1","max-image-preview":"max-image-preview:large","max-video-preview":"max-video-preview:-1"},"canonical":"https:\/\/www.fazendaboqueiraorn.com.br\/en\/2a-cavalgada-da-fazenda-boqueirao-2024\/","og_locale":"en_US","og_type":"article","og_title":"2\u00aa Cavalgada da Fazenda Boqueir\u00e3o 2024 - Fazenda Boqueir\u00e3o","og_description":"2\u00aa Cavalgada da Fazenda Boqueir\u00e3o 2024 dia 14 de dezembro a partir das 12h no Bar do Edinho em dire\u00e7\u00e3o a cidade.","og_url":"https:\/\/www.fazendaboqueiraorn.com.br\/en\/2a-cavalgada-da-fazenda-boqueirao-2024\/","og_site_name":"Fazenda Boqueir\u00e3o","article_publisher":"https:\/\/www.facebook.com\/fazboqueirao","article_published_time":"2024-12-06T14:25:51+00:00","article_modified_time":"2024-12-16T18:40:58+00:00","og_image":[{"width":706,"height":1000,"url":"https:\/\/www.fazendaboqueiraorn.com.br\/wp-content\/uploads\/2024\/12\/2-cavalgada-fazenda-boqueirao-20241214-scaled.jpg","type":"image\/jpeg"}],"author":"Fazenda Boqueir\u00e3o","twitter_card":"summary_large_image","twitter_creator":"@FazBoqueirao","twitter_site":"@FazBoqueirao","twitter_misc":{"Written by":"Fazenda Boqueir\u00e3o","Est. reading time":"7 minutes"},"schema":{"@context":"https:\/\/schema.org","@graph":[{"@type":"Article","@id":"https:\/\/www.fazendaboqueiraorn.com.br\/2a-cavalgada-da-fazenda-boqueirao-2024\/#article","isPartOf":{"@id":"https:\/\/www.fazendaboqueiraorn.com.br\/2a-cavalgada-da-fazenda-boqueirao-2024\/"},"author":{"name":"Fazenda Boqueir\u00e3o","@id":"https:\/\/www.fazendaboqueiraorn.com.br\/#\/schema\/person\/70484dc96f76e66c6365a9f4a2ebfb02"},"headline":"2\u00aa Cavalgada da Fazenda Boqueir\u00e3o 2024","datePublished":"2024-12-06T14:25:51+00:00","dateModified":"2024-12-16T18:40:58+00:00","mainEntityOfPage":{"@id":"https:\/\/www.fazendaboqueiraorn.com.br\/2a-cavalgada-da-fazenda-boqueirao-2024\/"},"wordCount":158,"commentCount":0,"publisher":{"@id":"https:\/\/www.fazendaboqueiraorn.com.br\/#organization"},"image":{"@id":"https:\/\/www.fazendaboqueiraorn.com.br\/2a-cavalgada-da-fazenda-boqueirao-2024\/#primaryimage"},"thumbnailUrl":"https:\/\/i0.wp.com\/www.fazendaboqueiraorn.com.br\/wp-content\/uploads\/2024\/12\/2-cavalgada-fazenda-boqueirao-20241214-scaled.jpg?fit=706%2C1000&ssl=1","keywords":["Barcelona","Boqueir\u00e3o","cavalgada","Fazenda Boqueir\u00e3o","ra\u00e7\u00e3o","serra"],"articleSection":["Eventos"],"inLanguage":"en-US","potentialAction":[{"@type":"CommentAction","name":"Comment","target":["https:\/\/www.fazendaboqueiraorn.com.br\/2a-cavalgada-da-fazenda-boqueirao-2024\/#respond"]}]},{"@type":"WebPage","@id":"https:\/\/www.fazendaboqueiraorn.com.br\/2a-cavalgada-da-fazenda-boqueirao-2024\/","url":"https:\/\/www.fazendaboqueiraorn.com.br\/2a-cavalgada-da-fazenda-boqueirao-2024\/","name":"2\u00aa Cavalgada da Fazenda Boqueir\u00e3o 2024 - Fazenda Boqueir\u00e3o","isPartOf":{"@id":"https:\/\/www.fazendaboqueiraorn.com.br\/#website"},"primaryImageOfPage":{"@id":"https:\/\/www.fazendaboqueiraorn.com.br\/2a-cavalgada-da-fazenda-boqueirao-2024\/#primaryimage"},"image":{"@id":"https:\/\/www.fazendaboqueiraorn.com.br\/2a-cavalgada-da-fazenda-boqueirao-2024\/#primaryimage"},"thumbnailUrl":"https:\/\/i0.wp.com\/www.fazendaboqueiraorn.com.br\/wp-content\/uploads\/2024\/12\/2-cavalgada-fazenda-boqueirao-20241214-scaled.jpg?fit=706%2C1000&ssl=1","datePublished":"2024-12-06T14:25:51+00:00","dateModified":"2024-12-16T18:40:58+00:00","description":"2\u00aa Cavalgada da Fazenda Boqueir\u00e3o 2024 dia 14 de dezembro a partir das 12h no Bar do Edinho em dire\u00e7\u00e3o a cidade.","breadcrumb":{"@id":"https:\/\/www.fazendaboqueiraorn.com.br\/2a-cavalgada-da-fazenda-boqueirao-2024\/#breadcrumb"},"inLanguage":"en-US","potentialAction":[{"@type":"ReadAction","target":["https:\/\/www.fazendaboqueiraorn.com.br\/2a-cavalgada-da-fazenda-boqueirao-2024\/"]}]},{"@type":"ImageObject","inLanguage":"en-US","@id":"https:\/\/www.fazendaboqueiraorn.com.br\/2a-cavalgada-da-fazenda-boqueirao-2024\/#primaryimage","url":"https:\/\/i0.wp.com\/www.fazendaboqueiraorn.com.br\/wp-content\/uploads\/2024\/12\/2-cavalgada-fazenda-boqueirao-20241214-scaled.jpg?fit=706%2C1000&ssl=1","contentUrl":"https:\/\/i0.wp.com\/www.fazendaboqueiraorn.com.br\/wp-content\/uploads\/2024\/12\/2-cavalgada-fazenda-boqueirao-20241214-scaled.jpg?fit=706%2C1000&ssl=1","width":706,"height":1000,"caption":"2\u00aa Cavalgada da Fazenda Boqueir\u00e3o 2024"},{"@type":"BreadcrumbList","@id":"https:\/\/www.fazendaboqueiraorn.com.br\/2a-cavalgada-da-fazenda-boqueirao-2024\/#breadcrumb","itemListElement":[{"@type":"ListItem","position":1,"name":"Home","item":"https:\/\/www.fazendaboqueiraorn.com.br\/"},{"@type":"ListItem","position":2,"name":"2\u00aa Cavalgada da Fazenda Boqueir\u00e3o 2024"}]},{"@type":"WebSite","@id":"https:\/\/www.fazendaboqueiraorn.com.br\/#website","url":"https:\/\/www.fazendaboqueiraorn.com.br\/","name":"Fazenda Boqueir\u00e3o","description":"","publisher":{"@id":"https:\/\/www.fazendaboqueiraorn.com.br\/#organization"},"potentialAction":[{"@type":"SearchAction","target":{"@type":"EntryPoint","urlTemplate":"https:\/\/www.fazendaboqueiraorn.com.br\/?s={search_term_string}"},"query-input":{"@type":"PropertyValueSpecification","valueRequired":true,"valueName":"search_term_string"}}],"inLanguage":"en-US"},{"@type":"Organization","@id":"https:\/\/www.fazendaboqueiraorn.com.br\/#organization","name":"Fazenda Boqueir\u00e3o","url":"https:\/\/www.fazendaboqueiraorn.com.br\/","logo":{"@type":"ImageObject","inLanguage":"en-US","@id":"https:\/\/www.fazendaboqueiraorn.com.br\/#\/schema\/logo\/image\/","url":"https:\/\/i0.wp.com\/www.fazendaboqueiraorn.com.br\/wp-content\/uploads\/2021\/08\/logo-fazenda-120x120-1.png?fit=120%2C120&ssl=1","contentUrl":"https:\/\/i0.wp.com\/www.fazendaboqueiraorn.com.br\/wp-content\/uploads\/2021\/08\/logo-fazenda-120x120-1.png?fit=120%2C120&ssl=1","width":120,"height":120,"caption":"Fazenda Boqueir\u00e3o"},"image":{"@id":"https:\/\/www.fazendaboqueiraorn.com.br\/#\/schema\/logo\/image\/"},"sameAs":["https:\/\/www.facebook.com\/fazboqueirao","https:\/\/x.com\/FazBoqueirao","http:\/\/instagram.com\/fazboqueirao\/","https:\/\/www.linkedin.com\/company\/fazboqueirao\/","https:\/\/www.youtube.com\/channel\/UCUA4_8v8HkmMeNUh8c6Ky1Q"]},{"@type":"Person","@id":"https:\/\/www.fazendaboqueiraorn.com.br\/#\/schema\/person\/70484dc96f76e66c6365a9f4a2ebfb02","name":"Fazenda Boqueir\u00e3o","image":{"@type":"ImageObject","inLanguage":"en-US","@id":"https:\/\/secure.gravatar.com\/avatar\/19f19467ae305ded5d913deae2fb6c6f29fe88a0a7f3a4dca5679407289a9efd?s=96&d=mm&r=g","url":"https:\/\/secure.gravatar.com\/avatar\/19f19467ae305ded5d913deae2fb6c6f29fe88a0a7f3a4dca5679407289a9efd?s=96&d=mm&r=g","contentUrl":"https:\/\/secure.gravatar.com\/avatar\/19f19467ae305ded5d913deae2fb6c6f29fe88a0a7f3a4dca5679407289a9efd?s=96&d=mm&r=g","caption":"Fazenda Boqueir\u00e3o"},"url":"https:\/\/www.fazendaboqueiraorn.com.br\/en\/author\/fazenda\/"}]}},"jetpack_publicize_connections":[],"uagb_featured_image_src":{"full":["https:\/\/i0.wp.com\/www.fazendaboqueiraorn.com.br\/wp-content\/uploads\/2024\/12\/2-cavalgada-fazenda-boqueirao-20241214-scaled.jpg?fit=706%2C1000&ssl=1",706,1000,false],"thumbnail":["https:\/\/i0.wp.com\/www.fazendaboqueiraorn.com.br\/wp-content\/uploads\/2024\/12\/2-cavalgada-fazenda-boqueirao-20241214-scaled.jpg?resize=150%2C150&ssl=1",150,150,true],"medium":["https:\/\/i0.wp.com\/www.fazendaboqueiraorn.com.br\/wp-content\/uploads\/2024\/12\/2-cavalgada-fazenda-boqueirao-20241214-scaled.jpg?fit=212%2C300&ssl=1",212,300,true],"medium_large":["https:\/\/i0.wp.com\/www.fazendaboqueiraorn.com.br\/wp-content\/uploads\/2024\/12\/2-cavalgada-fazenda-boqueirao-20241214-scaled.jpg?fit=768%2C1087&ssl=1",768,1087,true],"large":["https:\/\/i0.wp.com\/www.fazendaboqueiraorn.com.br\/wp-content\/uploads\/2024\/12\/2-cavalgada-fazenda-boqueirao-20241214-scaled.jpg?fit=723%2C1024&ssl=1",723,1024,true],"1536x1536":["https:\/\/i0.wp.com\/www.fazendaboqueiraorn.com.br\/wp-content\/uploads\/2024\/12\/2-cavalgada-fazenda-boqueirao-20241214-scaled.jpg?fit=706%2C1000&ssl=1",706,1000,true],"2048x2048":["https:\/\/i0.wp.com\/www.fazendaboqueiraorn.com.br\/wp-content\/uploads\/2024\/12\/2-cavalgada-fazenda-boqueirao-20241214-scaled.jpg?fit=706%2C1000&ssl=1",706,1000,true],"trp-custom-language-flag":["https:\/\/i0.wp.com\/www.fazendaboqueiraorn.com.br\/wp-content\/uploads\/2024\/12\/2-cavalgada-fazenda-boqueirao-20241214-scaled.jpg?fit=8%2C12&ssl=1",8,12,true],"ultp_layout_landscape_large":["https:\/\/i0.wp.com\/www.fazendaboqueiraorn.com.br\/wp-content\/uploads\/2024\/12\/2-cavalgada-fazenda-boqueirao-20241214-scaled.jpg?resize=706%2C800&ssl=1",904,800,true],"ultp_layout_landscape":["https:\/\/i0.wp.com\/www.fazendaboqueiraorn.com.br\/wp-content\/uploads\/2024\/12\/2-cavalgada-fazenda-boqueirao-20241214-scaled.jpg?resize=706%2C570&ssl=1",870,570,true],"ultp_layout_portrait":["https:\/\/i0.wp.com\/www.fazendaboqueiraorn.com.br\/wp-content\/uploads\/2024\/12\/2-cavalgada-fazenda-boqueirao-20241214-scaled.jpg?resize=600%2C900&ssl=1",600,900,true],"ultp_layout_square":["https:\/\/i0.wp.com\/www.fazendaboqueiraorn.com.br\/wp-content\/uploads\/2024\/12\/2-cavalgada-fazenda-boqueirao-20241214-scaled.jpg?resize=600%2C600&ssl=1",600,600,true],"woocommerce_thumbnail":["https:\/\/www.fazendaboqueiraorn.com.br\/wp-content\/uploads\/2024\/12\/2-cavalgada-fazenda-boqueirao-20241214-300x300.jpg",300,300,true],"woocommerce_single":["https:\/\/www.fazendaboqueiraorn.com.br\/wp-content\/uploads\/2024\/12\/2-cavalgada-fazenda-boqueirao-20241214-scaled.jpg",600,850,false],"woocommerce_gallery_thumbnail":["https:\/\/www.fazendaboqueiraorn.com.br\/wp-content\/uploads\/2024\/12\/2-cavalgada-fazenda-boqueirao-20241214-100x100.jpg",100,100,true],"web-stories-poster-portrait":["https:\/\/www.fazendaboqueiraorn.com.br\/wp-content\/uploads\/2024\/12\/2-cavalgada-fazenda-boqueirao-20241214-640x853.jpg",640,853,true],"web-stories-publisher-logo":["https:\/\/www.fazendaboqueiraorn.com.br\/wp-content\/uploads\/2024\/12\/2-cavalgada-fazenda-boqueirao-20241214-96x96.jpg",96,96,true],"web-stories-thumbnail":["https:\/\/www.fazendaboqueiraorn.com.br\/wp-content\/uploads\/2024\/12\/2-cavalgada-fazenda-boqueirao-20241214-150x212.jpg",150,212,true]},"uagb_author_info":{"display_name":"Fazenda Boqueir\u00e3o","author_link":"https:\/\/www.fazendaboqueiraorn.com.br\/en\/author\/fazenda\/"},"uagb_comment_info":0,"uagb_excerpt":"2\u00aa Cavalgada da Fazenda Boqueir\u00e3o 2024 dia 14 de dezembro a partir das 12h no Bar do Edinho em dire\u00e7\u00e3o a cidade com pitstop com trio de sanfoneiro na Fazenda Boqueir\u00e3o.","jetpack_featured_media_url":"https:\/\/i0.wp.com\/www.fazendaboqueiraorn.com.br\/wp-content\/uploads\/2024\/12\/2-cavalgada-fazenda-boqueirao-20241214-scaled.jpg?fit=706%2C1000&ssl=1","jetpack_sharing_enabled":true,"jetpack_likes_enabled":true,"_links":{"self":[{"href":"https:\/\/www.fazendaboqueiraorn.com.br\/en\/wp-json\/wp\/v2\/posts\/6059","targetHints":{"allow":["GET"]}}],"collection":[{"href":"https:\/\/www.fazendaboqueiraorn.com.br\/en\/wp-json\/wp\/v2\/posts"}],"about":[{"href":"https:\/\/www.fazendaboqueiraorn.com.br\/en\/wp-json\/wp\/v2\/types\/post"}],"author":[{"embeddable":true,"href":"https:\/\/www.fazendaboqueiraorn.com.br\/en\/wp-json\/wp\/v2\/users\/2"}],"replies":[{"embeddable":true,"href":"https:\/\/www.fazendaboqueiraorn.com.br\/en\/wp-json\/wp\/v2\/comments?post=6059"}],"version-history":[{"count":10,"href":"https:\/\/www.fazendaboqueiraorn.com.br\/en\/wp-json\/wp\/v2\/posts\/6059\/revisions"}],"predecessor-version":[{"id":6174,"href":"https:\/\/www.fazendaboqueiraorn.com.br\/en\/wp-json\/wp\/v2\/posts\/6059\/revisions\/6174"}],"wp:featuredmedia":[{"embeddable":true,"href":"https:\/\/www.fazendaboqueiraorn.com.br\/en\/wp-json\/wp\/v2\/media\/6060"}],"wp:attachment":[{"href":"https:\/\/www.fazendaboqueiraorn.com.br\/en\/wp-json\/wp\/v2\/media?parent=6059"}],"wp:term":[{"taxonomy":"category","embeddable":true,"href":"https:\/\/www.fazendaboqueiraorn.com.br\/en\/wp-json\/wp\/v2\/categories?post=6059"},{"taxonomy":"post_tag","embeddable":true,"href":"https:\/\/www.fazendaboqueiraorn.com.br\/en\/wp-json\/wp\/v2\/tags?post=6059"}],"curies":[{"name":"wp","href":"https:\/\/api.w.org\/{rel}","templated":true}]}}