{"id":5751,"date":"2024-09-19T08:16:18","date_gmt":"2024-09-19T11:16:18","guid":{"rendered":"https:\/\/www.fazendaboqueiraorn.com.br\/?p=5751"},"modified":"2024-09-19T08:16:29","modified_gmt":"2024-09-19T11:16:29","slug":"rota-da-fe-e-das-tradicoes-religiosas","status":"publish","type":"post","link":"https:\/\/www.fazendaboqueiraorn.com.br\/en\/rota-da-fe-e-das-tradicoes-religiosas\/","title":{"rendered":"Rota da F\u00e9 e das Tradi\u00e7\u00f5es Religiosas"},"content":{"rendered":"<figure class=\"wp-block-image aligncenter size-full is-resized\"><img data-recalc-dims=\"1\" decoding=\"async\" width=\"960\" height=\"720\" loading=\"lazy\" src=\"https:\/\/i0.wp.com\/www.fazendaboqueiraorn.com.br\/wp-content\/uploads\/2024\/09\/ARCO-DO-TRIUNFO-CATEDRAL-DE-SANTANA.jpg?resize=960%2C720&#038;ssl=1\" alt=\"Rota da F\u00e9 e das Tradi\u00e7\u00f5es Religiosas\" class=\"wp-image-5752\" style=\"width:600px\" srcset=\"https:\/\/i0.wp.com\/www.fazendaboqueiraorn.com.br\/wp-content\/uploads\/2024\/09\/ARCO-DO-TRIUNFO-CATEDRAL-DE-SANTANA.jpg?w=960&amp;ssl=1 960w, https:\/\/i0.wp.com\/www.fazendaboqueiraorn.com.br\/wp-content\/uploads\/2024\/09\/ARCO-DO-TRIUNFO-CATEDRAL-DE-SANTANA.jpg?resize=300%2C225&amp;ssl=1 300w, https:\/\/i0.wp.com\/www.fazendaboqueiraorn.com.br\/wp-content\/uploads\/2024\/09\/ARCO-DO-TRIUNFO-CATEDRAL-DE-SANTANA.jpg?resize=768%2C576&amp;ssl=1 768w, https:\/\/i0.wp.com\/www.fazendaboqueiraorn.com.br\/wp-content\/uploads\/2024\/09\/ARCO-DO-TRIUNFO-CATEDRAL-DE-SANTANA.jpg?resize=16%2C12&amp;ssl=1 16w, https:\/\/i0.wp.com\/www.fazendaboqueiraorn.com.br\/wp-content\/uploads\/2024\/09\/ARCO-DO-TRIUNFO-CATEDRAL-DE-SANTANA.jpg?resize=600%2C450&amp;ssl=1 600w, https:\/\/i0.wp.com\/www.fazendaboqueiraorn.com.br\/wp-content\/uploads\/2024\/09\/ARCO-DO-TRIUNFO-CATEDRAL-DE-SANTANA.jpg?resize=150%2C113&amp;ssl=1 150w\" sizes=\"auto, (max-width: 960px) 100vw, 960px\" \/><\/figure>\n\n\n\n<p>A Rota da F\u00e9 e das Tradi\u00e7\u00f5es Religiosas foi sancionada com a\u00a0Lei n\u00ba 11.908 com o objetivo criar um roteiro tur\u00edstico-religioso envolvendo diversos munic\u00edpios potiguares, estimulando o desenvolvimento econ\u00f4mico e a preserva\u00e7\u00e3o das tradi\u00e7\u00f5es culturais e religiosas locais.<\/p>\n\n\n\n<p>A Rota da F\u00e9 \u00e9 uma forma de integrar eventos religiosos e monumentos hist\u00f3ricos, para promover a economia e a cultura nas regi\u00f5es contempladas. De acordo com o documento, entre os objetivos principais, a lei busca fortalecer o turismo de base comunit\u00e1ria, fomentar a economia solid\u00e1ria e contribuir com a gera\u00e7\u00e3o de emprego e renda.<\/p>\n\n\n\n<h2 class=\"wp-block-heading\">Munic\u00edpios integrantes da Rota da F\u00e9 e das Tradi\u00e7\u00f5es Religiosas<\/h2>\n\n\n\n<ul class=\"wp-block-list\">\n<li>Natal<\/li>\n\n\n\n<li>Mossor\u00f3<\/li>\n\n\n\n<li>Caic\u00f3<\/li>\n\n\n\n<li>S\u00e3o Gon\u00e7alo do Amarante<\/li>\n\n\n\n<li>Canguaretama<\/li>\n\n\n\n<li>Santa Cruz<\/li>\n\n\n\n<li>Flor\u00e2nia<\/li>\n\n\n\n<li>Cear\u00e1-Mirim<\/li>\n\n\n\n<li>S\u00e3o Jos\u00e9 do Mipibu<\/li>\n\n\n\n<li>Carna\u00faba dos Dantas<\/li>\n\n\n\n<li>Currais Novos<\/li>\n\n\n\n<li>Patu<\/li>\n\n\n\n<li>Campo Redondo<\/li>\n\n\n\n<li>Acari<\/li>\n\n\n\n<li>Jardim do Serid\u00f3<\/li>\n<\/ul>\n\n\n\n<p>Esses munic\u00edpios poder\u00e3o criar roteiros para turismo religioso dentro de seu territ\u00f3rio como, tamb\u00e9m, passando por cidades vizinhas. Al\u00e9m disso, tudo tem que ser devidamente sinalizado, utilizando-se da denomina\u00e7\u00e3o oficial \u201c\u201cRota da F\u00e9 e das Tradi\u00e7\u00f5es Religiosas\u201d.<\/p>\n\n\n\n<p>As prefeituras podem promover a\u00e7\u00f5es e eventos culturais, educacionais e divulgar os atrativos dentro do roteiro, como monumentos hist\u00f3ricos, atrativos naturais, hospedagem, locais de alimenta\u00e7\u00e3o e hidrata\u00e7\u00e3o e unidades de sa\u00fade.<\/p>","protected":false},"excerpt":{"rendered":"<p>A Rota da F\u00e9 e das Tradi\u00e7\u00f5es Religiosas foi sancionada com a\u00a0Lei n\u00ba 11.908 com o objetivo criar um roteiro tur\u00edstico-religioso envolvendo diversos munic\u00edpios potiguares, estimulando o desenvolvimento econ\u00f4mico e a preserva\u00e7\u00e3o das tradi\u00e7\u00f5es culturais e religiosas locais.<\/p>","protected":false},"author":2,"featured_media":5752,"comment_status":"open","ping_status":"open","sticky":false,"template":"","format":"standard","meta":{"nf_dc_page":"","_uag_custom_page_level_css":"","site-sidebar-layout":"default","site-content-layout":"","ast-site-content-layout":"default","site-content-style":"default","site-sidebar-style":"default","ast-global-header-display":"","ast-banner-title-visibility":"","ast-main-header-display":"","ast-hfb-above-header-display":"","ast-hfb-below-header-display":"","ast-hfb-mobile-header-display":"","site-post-title":"","ast-breadcrumbs-content":"","ast-featured-img":"","footer-sml-layout":"","ast-disable-related-posts":"","theme-transparent-header-meta":"","adv-header-id-meta":"","stick-header-meta":"","header-above-stick-meta":"","header-main-stick-meta":"","header-below-stick-meta":"","astra-migrate-meta-layouts":"default","ast-page-background-enabled":"default","ast-page-background-meta":{"desktop":{"background-color":"var(--ast-global-color-4)","background-image":"","background-repeat":"repeat","background-position":"center center","background-size":"auto","background-attachment":"scroll","background-type":"","background-media":"","overlay-type":"","overlay-color":"","overlay-opacity":"","overlay-gradient":""},"tablet":{"background-color":"","background-image":"","background-repeat":"repeat","background-position":"center center","background-size":"auto","background-attachment":"scroll","background-type":"","background-media":"","overlay-type":"","overlay-color":"","overlay-opacity":"","overlay-gradient":""},"mobile":{"background-color":"","background-image":"","background-repeat":"repeat","background-position":"center center","background-size":"auto","background-attachment":"scroll","background-type":"","background-media":"","overlay-type":"","overlay-color":"","overlay-opacity":"","overlay-gradient":""}},"ast-content-background-meta":{"desktop":{"background-color":"var(--ast-global-color-5)","background-image":"","background-repeat":"repeat","background-position":"center center","background-size":"auto","background-attachment":"scroll","background-type":"","background-media":"","overlay-type":"","overlay-color":"","overlay-opacity":"","overlay-gradient":""},"tablet":{"background-color":"var(--ast-global-color-5)","background-image":"","background-repeat":"repeat","background-position":"center center","background-size":"auto","background-attachment":"scroll","background-type":"","background-media":"","overlay-type":"","overlay-color":"","overlay-opacity":"","overlay-gradient":""},"mobile":{"background-color":"var(--ast-global-color-5)","background-image":"","background-repeat":"repeat","background-position":"center center","background-size":"auto","background-attachment":"scroll","background-type":"","background-media":"","overlay-type":"","overlay-color":"","overlay-opacity":"","overlay-gradient":""}},"jetpack_post_was_ever_published":false,"_jetpack_newsletter_access":"","_jetpack_dont_email_post_to_subs":false,"_jetpack_newsletter_tier_id":0,"_jetpack_memberships_contains_paywalled_content":false,"_jetpack_memberships_contains_paid_content":false,"footnotes":"","jetpack_publicize_message":"","jetpack_publicize_feature_enabled":false,"jetpack_social_post_already_shared":false,"jetpack_social_options":{"image_generator_settings":{"template":"highway","enabled":false},"version":2}},"categories":[1],"tags":[602,144,18,3314,513,3315,176,85,3313,3312,110,3316,82,84],"class_list":["post-5751","post","type-post","status-publish","format-standard","has-post-thumbnail","hentry","category-noticia","tag-caico","tag-ceara","tag-evento","tag-lei-no-11-908","tag-mossoro","tag-natal","tag-pedra-da-fe","tag-prefeitura","tag-rota-da-fe","tag-rota-da-fe-e-das-tradicoes-religiosas","tag-santa-cruz","tag-sao-goncalo-do-amarante","tag-serra-vermelha","tag-turismo"],"yoast_head":"<!-- This site is optimized with the Yoast SEO plugin v27.5 - https:\/\/yoast.com\/product\/yoast-seo-wordpress\/ -->\n<title>Rota da F\u00e9 e das Tradi\u00e7\u00f5es Religiosas - Fazenda Boqueir\u00e3o<\/title>\n<meta name=\"robots\" content=\"index, follow, max-snippet:-1, max-image-preview:large, max-video-preview:-1\" \/>\n<link rel=\"canonical\" href=\"https:\/\/www.fazendaboqueiraorn.com.br\/en\/rota-da-fe-e-das-tradicoes-religiosas\/\" \/>\n<meta property=\"og:locale\" content=\"en_US\" \/>\n<meta property=\"og:type\" content=\"article\" \/>\n<meta property=\"og:title\" content=\"Rota da F\u00e9 e das Tradi\u00e7\u00f5es Religiosas - Fazenda Boqueir\u00e3o\" \/>\n<meta property=\"og:description\" content=\"A Rota da F\u00e9 e das Tradi\u00e7\u00f5es Religiosas foi sancionada com a\u00a0Lei n\u00ba 11.908 com o objetivo criar um roteiro tur\u00edstico-religioso envolvendo diversos munic\u00edpios potiguares, estimulando o desenvolvimento econ\u00f4mico e a preserva\u00e7\u00e3o das tradi\u00e7\u00f5es culturais e religiosas locais.\" \/>\n<meta property=\"og:url\" content=\"https:\/\/www.fazendaboqueiraorn.com.br\/en\/rota-da-fe-e-das-tradicoes-religiosas\/\" \/>\n<meta property=\"og:site_name\" content=\"Fazenda Boqueir\u00e3o\" \/>\n<meta property=\"article:publisher\" content=\"https:\/\/www.facebook.com\/fazboqueirao\" \/>\n<meta property=\"article:published_time\" content=\"2024-09-19T11:16:18+00:00\" \/>\n<meta property=\"article:modified_time\" content=\"2024-09-19T11:16:29+00:00\" \/>\n<meta property=\"og:image\" content=\"https:\/\/www.fazendaboqueiraorn.com.br\/wp-content\/uploads\/2024\/09\/ARCO-DO-TRIUNFO-CATEDRAL-DE-SANTANA.jpg\" \/>\n\t<meta property=\"og:image:width\" content=\"960\" \/>\n\t<meta property=\"og:image:height\" content=\"720\" \/>\n\t<meta property=\"og:image:type\" content=\"image\/jpeg\" \/>\n<meta name=\"author\" content=\"Fazenda Boqueir\u00e3o\" \/>\n<meta name=\"twitter:card\" content=\"summary_large_image\" \/>\n<meta name=\"twitter:creator\" content=\"@FazBoqueirao\" \/>\n<meta name=\"twitter:site\" content=\"@FazBoqueirao\" \/>\n<meta name=\"twitter:label1\" content=\"Written by\" \/>\n\t<meta name=\"twitter:data1\" content=\"Fazenda Boqueir\u00e3o\" \/>\n\t<meta name=\"twitter:label2\" content=\"Est. reading time\" \/>\n\t<meta name=\"twitter:data2\" content=\"2 minutes\" \/>\n<script type=\"application\/ld+json\" class=\"yoast-schema-graph\">{\"@context\":\"https:\\\/\\\/schema.org\",\"@graph\":[{\"@type\":\"Article\",\"@id\":\"https:\\\/\\\/www.fazendaboqueiraorn.com.br\\\/rota-da-fe-e-das-tradicoes-religiosas\\\/#article\",\"isPartOf\":{\"@id\":\"https:\\\/\\\/www.fazendaboqueiraorn.com.br\\\/rota-da-fe-e-das-tradicoes-religiosas\\\/\"},\"author\":{\"name\":\"Fazenda Boqueir\u00e3o\",\"@id\":\"https:\\\/\\\/www.fazendaboqueiraorn.com.br\\\/#\\\/schema\\\/person\\\/70484dc96f76e66c6365a9f4a2ebfb02\"},\"headline\":\"Rota da F\u00e9 e das Tradi\u00e7\u00f5es Religiosas\",\"datePublished\":\"2024-09-19T11:16:18+00:00\",\"dateModified\":\"2024-09-19T11:16:29+00:00\",\"mainEntityOfPage\":{\"@id\":\"https:\\\/\\\/www.fazendaboqueiraorn.com.br\\\/rota-da-fe-e-das-tradicoes-religiosas\\\/\"},\"wordCount\":237,\"commentCount\":0,\"publisher\":{\"@id\":\"https:\\\/\\\/www.fazendaboqueiraorn.com.br\\\/#organization\"},\"image\":{\"@id\":\"https:\\\/\\\/www.fazendaboqueiraorn.com.br\\\/rota-da-fe-e-das-tradicoes-religiosas\\\/#primaryimage\"},\"thumbnailUrl\":\"https:\\\/\\\/i0.wp.com\\\/www.fazendaboqueiraorn.com.br\\\/wp-content\\\/uploads\\\/2024\\\/09\\\/ARCO-DO-TRIUNFO-CATEDRAL-DE-SANTANA.jpg?fit=960%2C720&ssl=1\",\"keywords\":[\"Caic\u00f3\",\"Cear\u00e1\",\"evento\",\"Lei n\u00ba 11.908\",\"Mossor\u00f3\",\"Natal\",\"Pedra da F\u00e9\",\"prefeitura\",\"Rota da F\u00e9\",\"Rota da F\u00e9 e das Tradi\u00e7\u00f5es Religiosas\",\"Santa Cruz\",\"S\u00e3o Gon\u00e7alo do Amarante\",\"Serra Vermelha\",\"turismo\"],\"articleSection\":[\"Not\u00edcias\"],\"inLanguage\":\"en-US\",\"potentialAction\":[{\"@type\":\"CommentAction\",\"name\":\"Comment\",\"target\":[\"https:\\\/\\\/www.fazendaboqueiraorn.com.br\\\/rota-da-fe-e-das-tradicoes-religiosas\\\/#respond\"]}]},{\"@type\":\"WebPage\",\"@id\":\"https:\\\/\\\/www.fazendaboqueiraorn.com.br\\\/rota-da-fe-e-das-tradicoes-religiosas\\\/\",\"url\":\"https:\\\/\\\/www.fazendaboqueiraorn.com.br\\\/rota-da-fe-e-das-tradicoes-religiosas\\\/\",\"name\":\"Rota da F\u00e9 e das Tradi\u00e7\u00f5es Religiosas - Fazenda Boqueir\u00e3o\",\"isPartOf\":{\"@id\":\"https:\\\/\\\/www.fazendaboqueiraorn.com.br\\\/#website\"},\"primaryImageOfPage\":{\"@id\":\"https:\\\/\\\/www.fazendaboqueiraorn.com.br\\\/rota-da-fe-e-das-tradicoes-religiosas\\\/#primaryimage\"},\"image\":{\"@id\":\"https:\\\/\\\/www.fazendaboqueiraorn.com.br\\\/rota-da-fe-e-das-tradicoes-religiosas\\\/#primaryimage\"},\"thumbnailUrl\":\"https:\\\/\\\/i0.wp.com\\\/www.fazendaboqueiraorn.com.br\\\/wp-content\\\/uploads\\\/2024\\\/09\\\/ARCO-DO-TRIUNFO-CATEDRAL-DE-SANTANA.jpg?fit=960%2C720&ssl=1\",\"datePublished\":\"2024-09-19T11:16:18+00:00\",\"dateModified\":\"2024-09-19T11:16:29+00:00\",\"breadcrumb\":{\"@id\":\"https:\\\/\\\/www.fazendaboqueiraorn.com.br\\\/rota-da-fe-e-das-tradicoes-religiosas\\\/#breadcrumb\"},\"inLanguage\":\"en-US\",\"potentialAction\":[{\"@type\":\"ReadAction\",\"target\":[\"https:\\\/\\\/www.fazendaboqueiraorn.com.br\\\/rota-da-fe-e-das-tradicoes-religiosas\\\/\"]}]},{\"@type\":\"ImageObject\",\"inLanguage\":\"en-US\",\"@id\":\"https:\\\/\\\/www.fazendaboqueiraorn.com.br\\\/rota-da-fe-e-das-tradicoes-religiosas\\\/#primaryimage\",\"url\":\"https:\\\/\\\/i0.wp.com\\\/www.fazendaboqueiraorn.com.br\\\/wp-content\\\/uploads\\\/2024\\\/09\\\/ARCO-DO-TRIUNFO-CATEDRAL-DE-SANTANA.jpg?fit=960%2C720&ssl=1\",\"contentUrl\":\"https:\\\/\\\/i0.wp.com\\\/www.fazendaboqueiraorn.com.br\\\/wp-content\\\/uploads\\\/2024\\\/09\\\/ARCO-DO-TRIUNFO-CATEDRAL-DE-SANTANA.jpg?fit=960%2C720&ssl=1\",\"width\":960,\"height\":720,\"caption\":\"Rota da F\u00e9 e das Tradi\u00e7\u00f5es Religiosas\"},{\"@type\":\"BreadcrumbList\",\"@id\":\"https:\\\/\\\/www.fazendaboqueiraorn.com.br\\\/rota-da-fe-e-das-tradicoes-religiosas\\\/#breadcrumb\",\"itemListElement\":[{\"@type\":\"ListItem\",\"position\":1,\"name\":\"Home\",\"item\":\"https:\\\/\\\/www.fazendaboqueiraorn.com.br\\\/\"},{\"@type\":\"ListItem\",\"position\":2,\"name\":\"Rota da F\u00e9 e das Tradi\u00e7\u00f5es Religiosas\"}]},{\"@type\":\"WebSite\",\"@id\":\"https:\\\/\\\/www.fazendaboqueiraorn.com.br\\\/#website\",\"url\":\"https:\\\/\\\/www.fazendaboqueiraorn.com.br\\\/\",\"name\":\"Fazenda Boqueir\u00e3o\",\"description\":\"\",\"publisher\":{\"@id\":\"https:\\\/\\\/www.fazendaboqueiraorn.com.br\\\/#organization\"},\"potentialAction\":[{\"@type\":\"SearchAction\",\"target\":{\"@type\":\"EntryPoint\",\"urlTemplate\":\"https:\\\/\\\/www.fazendaboqueiraorn.com.br\\\/?s={search_term_string}\"},\"query-input\":{\"@type\":\"PropertyValueSpecification\",\"valueRequired\":true,\"valueName\":\"search_term_string\"}}],\"inLanguage\":\"en-US\"},{\"@type\":\"Organization\",\"@id\":\"https:\\\/\\\/www.fazendaboqueiraorn.com.br\\\/#organization\",\"name\":\"Fazenda Boqueir\u00e3o\",\"url\":\"https:\\\/\\\/www.fazendaboqueiraorn.com.br\\\/\",\"logo\":{\"@type\":\"ImageObject\",\"inLanguage\":\"en-US\",\"@id\":\"https:\\\/\\\/www.fazendaboqueiraorn.com.br\\\/#\\\/schema\\\/logo\\\/image\\\/\",\"url\":\"https:\\\/\\\/i0.wp.com\\\/www.fazendaboqueiraorn.com.br\\\/wp-content\\\/uploads\\\/2021\\\/08\\\/logo-fazenda-120x120-1.png?fit=120%2C120&ssl=1\",\"contentUrl\":\"https:\\\/\\\/i0.wp.com\\\/www.fazendaboqueiraorn.com.br\\\/wp-content\\\/uploads\\\/2021\\\/08\\\/logo-fazenda-120x120-1.png?fit=120%2C120&ssl=1\",\"width\":120,\"height\":120,\"caption\":\"Fazenda Boqueir\u00e3o\"},\"image\":{\"@id\":\"https:\\\/\\\/www.fazendaboqueiraorn.com.br\\\/#\\\/schema\\\/logo\\\/image\\\/\"},\"sameAs\":[\"https:\\\/\\\/www.facebook.com\\\/fazboqueirao\",\"https:\\\/\\\/x.com\\\/FazBoqueirao\",\"http:\\\/\\\/instagram.com\\\/fazboqueirao\\\/\",\"https:\\\/\\\/www.linkedin.com\\\/company\\\/fazboqueirao\\\/\",\"https:\\\/\\\/www.youtube.com\\\/channel\\\/UCUA4_8v8HkmMeNUh8c6Ky1Q\"]},{\"@type\":\"Person\",\"@id\":\"https:\\\/\\\/www.fazendaboqueiraorn.com.br\\\/#\\\/schema\\\/person\\\/70484dc96f76e66c6365a9f4a2ebfb02\",\"name\":\"Fazenda Boqueir\u00e3o\",\"image\":{\"@type\":\"ImageObject\",\"inLanguage\":\"en-US\",\"@id\":\"https:\\\/\\\/secure.gravatar.com\\\/avatar\\\/19f19467ae305ded5d913deae2fb6c6f29fe88a0a7f3a4dca5679407289a9efd?s=96&d=mm&r=g\",\"url\":\"https:\\\/\\\/secure.gravatar.com\\\/avatar\\\/19f19467ae305ded5d913deae2fb6c6f29fe88a0a7f3a4dca5679407289a9efd?s=96&d=mm&r=g\",\"contentUrl\":\"https:\\\/\\\/secure.gravatar.com\\\/avatar\\\/19f19467ae305ded5d913deae2fb6c6f29fe88a0a7f3a4dca5679407289a9efd?s=96&d=mm&r=g\",\"caption\":\"Fazenda Boqueir\u00e3o\"},\"url\":\"https:\\\/\\\/www.fazendaboqueiraorn.com.br\\\/en\\\/author\\\/fazenda\\\/\"}]}<\/script>\n<!-- \/ Yoast SEO plugin. -->","yoast_head_json":{"title":"Rota da F\u00e9 e das Tradi\u00e7\u00f5es Religiosas - Fazenda Boqueir\u00e3o","robots":{"index":"index","follow":"follow","max-snippet":"max-snippet:-1","max-image-preview":"max-image-preview:large","max-video-preview":"max-video-preview:-1"},"canonical":"https:\/\/www.fazendaboqueiraorn.com.br\/en\/rota-da-fe-e-das-tradicoes-religiosas\/","og_locale":"en_US","og_type":"article","og_title":"Rota da F\u00e9 e das Tradi\u00e7\u00f5es Religiosas - Fazenda Boqueir\u00e3o","og_description":"A Rota da F\u00e9 e das Tradi\u00e7\u00f5es Religiosas foi sancionada com a\u00a0Lei n\u00ba 11.908 com o objetivo criar um roteiro tur\u00edstico-religioso envolvendo diversos munic\u00edpios potiguares, estimulando o desenvolvimento econ\u00f4mico e a preserva\u00e7\u00e3o das tradi\u00e7\u00f5es culturais e religiosas locais.","og_url":"https:\/\/www.fazendaboqueiraorn.com.br\/en\/rota-da-fe-e-das-tradicoes-religiosas\/","og_site_name":"Fazenda Boqueir\u00e3o","article_publisher":"https:\/\/www.facebook.com\/fazboqueirao","article_published_time":"2024-09-19T11:16:18+00:00","article_modified_time":"2024-09-19T11:16:29+00:00","og_image":[{"width":960,"height":720,"url":"https:\/\/www.fazendaboqueiraorn.com.br\/wp-content\/uploads\/2024\/09\/ARCO-DO-TRIUNFO-CATEDRAL-DE-SANTANA.jpg","type":"image\/jpeg"}],"author":"Fazenda Boqueir\u00e3o","twitter_card":"summary_large_image","twitter_creator":"@FazBoqueirao","twitter_site":"@FazBoqueirao","twitter_misc":{"Written by":"Fazenda Boqueir\u00e3o","Est. reading time":"2 minutes"},"schema":{"@context":"https:\/\/schema.org","@graph":[{"@type":"Article","@id":"https:\/\/www.fazendaboqueiraorn.com.br\/rota-da-fe-e-das-tradicoes-religiosas\/#article","isPartOf":{"@id":"https:\/\/www.fazendaboqueiraorn.com.br\/rota-da-fe-e-das-tradicoes-religiosas\/"},"author":{"name":"Fazenda Boqueir\u00e3o","@id":"https:\/\/www.fazendaboqueiraorn.com.br\/#\/schema\/person\/70484dc96f76e66c6365a9f4a2ebfb02"},"headline":"Rota da F\u00e9 e das Tradi\u00e7\u00f5es Religiosas","datePublished":"2024-09-19T11:16:18+00:00","dateModified":"2024-09-19T11:16:29+00:00","mainEntityOfPage":{"@id":"https:\/\/www.fazendaboqueiraorn.com.br\/rota-da-fe-e-das-tradicoes-religiosas\/"},"wordCount":237,"commentCount":0,"publisher":{"@id":"https:\/\/www.fazendaboqueiraorn.com.br\/#organization"},"image":{"@id":"https:\/\/www.fazendaboqueiraorn.com.br\/rota-da-fe-e-das-tradicoes-religiosas\/#primaryimage"},"thumbnailUrl":"https:\/\/i0.wp.com\/www.fazendaboqueiraorn.com.br\/wp-content\/uploads\/2024\/09\/ARCO-DO-TRIUNFO-CATEDRAL-DE-SANTANA.jpg?fit=960%2C720&ssl=1","keywords":["Caic\u00f3","Cear\u00e1","evento","Lei n\u00ba 11.908","Mossor\u00f3","Natal","Pedra da F\u00e9","prefeitura","Rota da F\u00e9","Rota da F\u00e9 e das Tradi\u00e7\u00f5es Religiosas","Santa Cruz","S\u00e3o Gon\u00e7alo do Amarante","Serra Vermelha","turismo"],"articleSection":["Not\u00edcias"],"inLanguage":"en-US","potentialAction":[{"@type":"CommentAction","name":"Comment","target":["https:\/\/www.fazendaboqueiraorn.com.br\/rota-da-fe-e-das-tradicoes-religiosas\/#respond"]}]},{"@type":"WebPage","@id":"https:\/\/www.fazendaboqueiraorn.com.br\/rota-da-fe-e-das-tradicoes-religiosas\/","url":"https:\/\/www.fazendaboqueiraorn.com.br\/rota-da-fe-e-das-tradicoes-religiosas\/","name":"Rota da F\u00e9 e das Tradi\u00e7\u00f5es Religiosas - Fazenda Boqueir\u00e3o","isPartOf":{"@id":"https:\/\/www.fazendaboqueiraorn.com.br\/#website"},"primaryImageOfPage":{"@id":"https:\/\/www.fazendaboqueiraorn.com.br\/rota-da-fe-e-das-tradicoes-religiosas\/#primaryimage"},"image":{"@id":"https:\/\/www.fazendaboqueiraorn.com.br\/rota-da-fe-e-das-tradicoes-religiosas\/#primaryimage"},"thumbnailUrl":"https:\/\/i0.wp.com\/www.fazendaboqueiraorn.com.br\/wp-content\/uploads\/2024\/09\/ARCO-DO-TRIUNFO-CATEDRAL-DE-SANTANA.jpg?fit=960%2C720&ssl=1","datePublished":"2024-09-19T11:16:18+00:00","dateModified":"2024-09-19T11:16:29+00:00","breadcrumb":{"@id":"https:\/\/www.fazendaboqueiraorn.com.br\/rota-da-fe-e-das-tradicoes-religiosas\/#breadcrumb"},"inLanguage":"en-US","potentialAction":[{"@type":"ReadAction","target":["https:\/\/www.fazendaboqueiraorn.com.br\/rota-da-fe-e-das-tradicoes-religiosas\/"]}]},{"@type":"ImageObject","inLanguage":"en-US","@id":"https:\/\/www.fazendaboqueiraorn.com.br\/rota-da-fe-e-das-tradicoes-religiosas\/#primaryimage","url":"https:\/\/i0.wp.com\/www.fazendaboqueiraorn.com.br\/wp-content\/uploads\/2024\/09\/ARCO-DO-TRIUNFO-CATEDRAL-DE-SANTANA.jpg?fit=960%2C720&ssl=1","contentUrl":"https:\/\/i0.wp.com\/www.fazendaboqueiraorn.com.br\/wp-content\/uploads\/2024\/09\/ARCO-DO-TRIUNFO-CATEDRAL-DE-SANTANA.jpg?fit=960%2C720&ssl=1","width":960,"height":720,"caption":"Rota da F\u00e9 e das Tradi\u00e7\u00f5es Religiosas"},{"@type":"BreadcrumbList","@id":"https:\/\/www.fazendaboqueiraorn.com.br\/rota-da-fe-e-das-tradicoes-religiosas\/#breadcrumb","itemListElement":[{"@type":"ListItem","position":1,"name":"Home","item":"https:\/\/www.fazendaboqueiraorn.com.br\/"},{"@type":"ListItem","position":2,"name":"Rota da F\u00e9 e das Tradi\u00e7\u00f5es Religiosas"}]},{"@type":"WebSite","@id":"https:\/\/www.fazendaboqueiraorn.com.br\/#website","url":"https:\/\/www.fazendaboqueiraorn.com.br\/","name":"Fazenda Boqueir\u00e3o","description":"","publisher":{"@id":"https:\/\/www.fazendaboqueiraorn.com.br\/#organization"},"potentialAction":[{"@type":"SearchAction","target":{"@type":"EntryPoint","urlTemplate":"https:\/\/www.fazendaboqueiraorn.com.br\/?s={search_term_string}"},"query-input":{"@type":"PropertyValueSpecification","valueRequired":true,"valueName":"search_term_string"}}],"inLanguage":"en-US"},{"@type":"Organization","@id":"https:\/\/www.fazendaboqueiraorn.com.br\/#organization","name":"Fazenda Boqueir\u00e3o","url":"https:\/\/www.fazendaboqueiraorn.com.br\/","logo":{"@type":"ImageObject","inLanguage":"en-US","@id":"https:\/\/www.fazendaboqueiraorn.com.br\/#\/schema\/logo\/image\/","url":"https:\/\/i0.wp.com\/www.fazendaboqueiraorn.com.br\/wp-content\/uploads\/2021\/08\/logo-fazenda-120x120-1.png?fit=120%2C120&ssl=1","contentUrl":"https:\/\/i0.wp.com\/www.fazendaboqueiraorn.com.br\/wp-content\/uploads\/2021\/08\/logo-fazenda-120x120-1.png?fit=120%2C120&ssl=1","width":120,"height":120,"caption":"Fazenda Boqueir\u00e3o"},"image":{"@id":"https:\/\/www.fazendaboqueiraorn.com.br\/#\/schema\/logo\/image\/"},"sameAs":["https:\/\/www.facebook.com\/fazboqueirao","https:\/\/x.com\/FazBoqueirao","http:\/\/instagram.com\/fazboqueirao\/","https:\/\/www.linkedin.com\/company\/fazboqueirao\/","https:\/\/www.youtube.com\/channel\/UCUA4_8v8HkmMeNUh8c6Ky1Q"]},{"@type":"Person","@id":"https:\/\/www.fazendaboqueiraorn.com.br\/#\/schema\/person\/70484dc96f76e66c6365a9f4a2ebfb02","name":"Fazenda Boqueir\u00e3o","image":{"@type":"ImageObject","inLanguage":"en-US","@id":"https:\/\/secure.gravatar.com\/avatar\/19f19467ae305ded5d913deae2fb6c6f29fe88a0a7f3a4dca5679407289a9efd?s=96&d=mm&r=g","url":"https:\/\/secure.gravatar.com\/avatar\/19f19467ae305ded5d913deae2fb6c6f29fe88a0a7f3a4dca5679407289a9efd?s=96&d=mm&r=g","contentUrl":"https:\/\/secure.gravatar.com\/avatar\/19f19467ae305ded5d913deae2fb6c6f29fe88a0a7f3a4dca5679407289a9efd?s=96&d=mm&r=g","caption":"Fazenda Boqueir\u00e3o"},"url":"https:\/\/www.fazendaboqueiraorn.com.br\/en\/author\/fazenda\/"}]}},"jetpack_publicize_connections":[],"uagb_featured_image_src":{"full":["https:\/\/i0.wp.com\/www.fazendaboqueiraorn.com.br\/wp-content\/uploads\/2024\/09\/ARCO-DO-TRIUNFO-CATEDRAL-DE-SANTANA.jpg?fit=960%2C720&ssl=1",960,720,false],"thumbnail":["https:\/\/i0.wp.com\/www.fazendaboqueiraorn.com.br\/wp-content\/uploads\/2024\/09\/ARCO-DO-TRIUNFO-CATEDRAL-DE-SANTANA.jpg?resize=150%2C150&ssl=1",150,150,true],"medium":["https:\/\/i0.wp.com\/www.fazendaboqueiraorn.com.br\/wp-content\/uploads\/2024\/09\/ARCO-DO-TRIUNFO-CATEDRAL-DE-SANTANA.jpg?fit=300%2C225&ssl=1",300,225,true],"medium_large":["https:\/\/i0.wp.com\/www.fazendaboqueiraorn.com.br\/wp-content\/uploads\/2024\/09\/ARCO-DO-TRIUNFO-CATEDRAL-DE-SANTANA.jpg?fit=768%2C576&ssl=1",768,576,true],"large":["https:\/\/i0.wp.com\/www.fazendaboqueiraorn.com.br\/wp-content\/uploads\/2024\/09\/ARCO-DO-TRIUNFO-CATEDRAL-DE-SANTANA.jpg?fit=960%2C720&ssl=1",960,720,true],"1536x1536":["https:\/\/i0.wp.com\/www.fazendaboqueiraorn.com.br\/wp-content\/uploads\/2024\/09\/ARCO-DO-TRIUNFO-CATEDRAL-DE-SANTANA.jpg?fit=960%2C720&ssl=1",960,720,true],"2048x2048":["https:\/\/i0.wp.com\/www.fazendaboqueiraorn.com.br\/wp-content\/uploads\/2024\/09\/ARCO-DO-TRIUNFO-CATEDRAL-DE-SANTANA.jpg?fit=960%2C720&ssl=1",960,720,true],"trp-custom-language-flag":["https:\/\/i0.wp.com\/www.fazendaboqueiraorn.com.br\/wp-content\/uploads\/2024\/09\/ARCO-DO-TRIUNFO-CATEDRAL-DE-SANTANA.jpg?fit=16%2C12&ssl=1",16,12,true],"ultp_layout_landscape_large":["https:\/\/i0.wp.com\/www.fazendaboqueiraorn.com.br\/wp-content\/uploads\/2024\/09\/ARCO-DO-TRIUNFO-CATEDRAL-DE-SANTANA.jpg?resize=960%2C720&ssl=1",960,720,true],"ultp_layout_landscape":["https:\/\/i0.wp.com\/www.fazendaboqueiraorn.com.br\/wp-content\/uploads\/2024\/09\/ARCO-DO-TRIUNFO-CATEDRAL-DE-SANTANA.jpg?resize=870%2C570&ssl=1",870,570,true],"ultp_layout_portrait":["https:\/\/i0.wp.com\/www.fazendaboqueiraorn.com.br\/wp-content\/uploads\/2024\/09\/ARCO-DO-TRIUNFO-CATEDRAL-DE-SANTANA.jpg?resize=600%2C720&ssl=1",600,720,true],"ultp_layout_square":["https:\/\/i0.wp.com\/www.fazendaboqueiraorn.com.br\/wp-content\/uploads\/2024\/09\/ARCO-DO-TRIUNFO-CATEDRAL-DE-SANTANA.jpg?resize=600%2C600&ssl=1",600,600,true],"woocommerce_thumbnail":["https:\/\/www.fazendaboqueiraorn.com.br\/wp-content\/uploads\/2024\/09\/ARCO-DO-TRIUNFO-CATEDRAL-DE-SANTANA-300x300.jpg",300,300,true],"woocommerce_single":["https:\/\/www.fazendaboqueiraorn.com.br\/wp-content\/uploads\/2024\/09\/ARCO-DO-TRIUNFO-CATEDRAL-DE-SANTANA.jpg",600,450,false],"woocommerce_gallery_thumbnail":["https:\/\/www.fazendaboqueiraorn.com.br\/wp-content\/uploads\/2024\/09\/ARCO-DO-TRIUNFO-CATEDRAL-DE-SANTANA-100x100.jpg",100,100,true],"web-stories-poster-portrait":["https:\/\/www.fazendaboqueiraorn.com.br\/wp-content\/uploads\/2024\/09\/ARCO-DO-TRIUNFO-CATEDRAL-DE-SANTANA-640x720.jpg",640,720,true],"web-stories-publisher-logo":["https:\/\/www.fazendaboqueiraorn.com.br\/wp-content\/uploads\/2024\/09\/ARCO-DO-TRIUNFO-CATEDRAL-DE-SANTANA-96x96.jpg",96,96,true],"web-stories-thumbnail":["https:\/\/www.fazendaboqueiraorn.com.br\/wp-content\/uploads\/2024\/09\/ARCO-DO-TRIUNFO-CATEDRAL-DE-SANTANA-150x113.jpg",150,113,true]},"uagb_author_info":{"display_name":"Fazenda Boqueir\u00e3o","author_link":"https:\/\/www.fazendaboqueiraorn.com.br\/en\/author\/fazenda\/"},"uagb_comment_info":0,"uagb_excerpt":"A Rota da F\u00e9 e das Tradi\u00e7\u00f5es Religiosas foi sancionada com a\u00a0Lei n\u00ba 11.908 com o objetivo criar um roteiro tur\u00edstico-religioso envolvendo diversos munic\u00edpios potiguares, estimulando o desenvolvimento econ\u00f4mico e a preserva\u00e7\u00e3o das tradi\u00e7\u00f5es culturais e religiosas locais.","jetpack_featured_media_url":"https:\/\/i0.wp.com\/www.fazendaboqueiraorn.com.br\/wp-content\/uploads\/2024\/09\/ARCO-DO-TRIUNFO-CATEDRAL-DE-SANTANA.jpg?fit=960%2C720&ssl=1","jetpack_sharing_enabled":true,"jetpack_likes_enabled":true,"_links":{"self":[{"href":"https:\/\/www.fazendaboqueiraorn.com.br\/en\/wp-json\/wp\/v2\/posts\/5751","targetHints":{"allow":["GET"]}}],"collection":[{"href":"https:\/\/www.fazendaboqueiraorn.com.br\/en\/wp-json\/wp\/v2\/posts"}],"about":[{"href":"https:\/\/www.fazendaboqueiraorn.com.br\/en\/wp-json\/wp\/v2\/types\/post"}],"author":[{"embeddable":true,"href":"https:\/\/www.fazendaboqueiraorn.com.br\/en\/wp-json\/wp\/v2\/users\/2"}],"replies":[{"embeddable":true,"href":"https:\/\/www.fazendaboqueiraorn.com.br\/en\/wp-json\/wp\/v2\/comments?post=5751"}],"version-history":[{"count":1,"href":"https:\/\/www.fazendaboqueiraorn.com.br\/en\/wp-json\/wp\/v2\/posts\/5751\/revisions"}],"predecessor-version":[{"id":5755,"href":"https:\/\/www.fazendaboqueiraorn.com.br\/en\/wp-json\/wp\/v2\/posts\/5751\/revisions\/5755"}],"wp:featuredmedia":[{"embeddable":true,"href":"https:\/\/www.fazendaboqueiraorn.com.br\/en\/wp-json\/wp\/v2\/media\/5752"}],"wp:attachment":[{"href":"https:\/\/www.fazendaboqueiraorn.com.br\/en\/wp-json\/wp\/v2\/media?parent=5751"}],"wp:term":[{"taxonomy":"category","embeddable":true,"href":"https:\/\/www.fazendaboqueiraorn.com.br\/en\/wp-json\/wp\/v2\/categories?post=5751"},{"taxonomy":"post_tag","embeddable":true,"href":"https:\/\/www.fazendaboqueiraorn.com.br\/en\/wp-json\/wp\/v2\/tags?post=5751"}],"curies":[{"name":"wp","href":"https:\/\/api.w.org\/{rel}","templated":true}]}}