{"id":5587,"date":"2024-08-07T11:14:37","date_gmt":"2024-08-07T14:14:37","guid":{"rendered":"https:\/\/www.fazendaboqueiraorn.com.br\/?p=5587"},"modified":"2024-08-07T11:14:41","modified_gmt":"2024-08-07T14:14:41","slug":"pequenas-empresas-do-agronegocio-crescem-763-no-rn","status":"publish","type":"post","link":"https:\/\/www.fazendaboqueiraorn.com.br\/en\/pequenas-empresas-do-agronegocio-crescem-763-no-rn\/","title":{"rendered":"Pequenas empresas do agroneg\u00f3cio crescem 76,3% no RN"},"content":{"rendered":"<figure class=\"wp-block-image aligncenter size-large\"><img data-recalc-dims=\"1\" decoding=\"async\" width=\"1024\" height=\"679\" loading=\"lazy\" src=\"https:\/\/i0.wp.com\/www.fazendaboqueiraorn.com.br\/wp-content\/uploads\/2024\/08\/crescimento-pequenas-emrpesas-rn.jpg?resize=1024%2C679&#038;ssl=1\" alt=\"\" class=\"wp-image-5589\" srcset=\"https:\/\/i0.wp.com\/www.fazendaboqueiraorn.com.br\/wp-content\/uploads\/2024\/08\/crescimento-pequenas-emrpesas-rn-scaled.jpg?resize=1024%2C679&amp;ssl=1 1024w, https:\/\/i0.wp.com\/www.fazendaboqueiraorn.com.br\/wp-content\/uploads\/2024\/08\/crescimento-pequenas-emrpesas-rn-scaled.jpg?resize=300%2C199&amp;ssl=1 300w, https:\/\/i0.wp.com\/www.fazendaboqueiraorn.com.br\/wp-content\/uploads\/2024\/08\/crescimento-pequenas-emrpesas-rn-scaled.jpg?resize=768%2C509&amp;ssl=1 768w, https:\/\/i0.wp.com\/www.fazendaboqueiraorn.com.br\/wp-content\/uploads\/2024\/08\/crescimento-pequenas-emrpesas-rn-scaled.jpg?resize=18%2C12&amp;ssl=1 18w, https:\/\/i0.wp.com\/www.fazendaboqueiraorn.com.br\/wp-content\/uploads\/2024\/08\/crescimento-pequenas-emrpesas-rn-scaled.jpg?resize=600%2C398&amp;ssl=1 600w, https:\/\/i0.wp.com\/www.fazendaboqueiraorn.com.br\/wp-content\/uploads\/2024\/08\/crescimento-pequenas-emrpesas-rn-scaled.jpg?resize=150%2C99&amp;ssl=1 150w, https:\/\/i0.wp.com\/www.fazendaboqueiraorn.com.br\/wp-content\/uploads\/2024\/08\/crescimento-pequenas-emrpesas-rn-scaled.jpg?w=1000&amp;ssl=1 1000w\" sizes=\"auto, (max-width: 1000px) 100vw, 1000px\" \/><\/figure>\n\n\n\n<p>Pequenas empresas do agroneg\u00f3cio crescem 76,3% no RN entre 2019 e 2024 no Rio Grande do Norte, saltando de 3.074 para 5.421 entre microempresa (ME), empreendedores individuais (MEI) e Empresas de Pequeno Porte (EPP). <\/p>\n\n\n\n<p>\u00c9 o que aponta o novo Boletim do Agroneg\u00f3cio do RN, elaborado pelo Sebrae RN. O documento indica ainda que o n\u00famero de produtores da agricultura familiar ultrapassa 52 mil, mas que ainda carece de estimulo para desenvolver as atividades, especialmente no que tange \u00e0 conectividade no campo.<\/p>\n\n\n\n<p>A gerente da unidade de Desenvolvimento Rural do Sebrae RN, Mona Paula, diz que algumas linhas que justificam esses aumentos: exporta\u00e7\u00e3o no mercado internacional, condi\u00e7\u00f5es clim\u00e1ticas (mais chuvas), mecaniza\u00e7\u00e3o de lavouras e tecnologias no campo, pol\u00edticas e pr\u00e1ticas de incentivo e plano safra ampliado.<\/p>\n\n\n\n<p>O maior n\u00famero de pequenas empresas do setor est\u00e1 na agricultura (640), seguida da pesca e aquicultura (263), pecu\u00e1ria (221), veterin\u00e1ria e PET (28) e produ\u00e7\u00e3o florestal (19). As principais atividades dessas pequenas empresas incluem servi\u00e7o de prepara\u00e7\u00e3o de terreno, cultivo e colheita, atividades de apoio \u00e0 agricultura, e cria\u00e7\u00e3o de animais de estima\u00e7\u00e3o, bovinos para corte e leite, e camar\u00f5es.<\/p>\n\n\n\n<p>\u201cA gente v\u00ea que de fato \u00e9 uma oportunidade investir nas cadeias de agroneg\u00f3cio, porque existe uma demanda muito grande para a produ\u00e7\u00e3o de alimentos, tanto na parte de pecu\u00e1ria, quanto na parte de fruticultura, de agricultura, o consumo por alimentos, principalmente o alimento cada vez mais saud\u00e1vel, com menos defensivos agr\u00edcolas\u201d, explica Mona Paula.<\/p>\n\n\n\n<h2 class=\"wp-block-heading\">Boletim do Agroneg\u00f3cio do RN<\/h2>\n\n\n\n<p>O Boletim traz um apanhado sobre o setor em duas vertentes: a dos pequenos neg\u00f3cios e a da agricultura familiar. \u201cH\u00e1 um crescimento, especialmente quando analisa culturas como cana-de-a\u00e7\u00facar mel\u00e3o, banana, comparado a 2021. E isso reflete no aumento das exporta\u00e7\u00f5es\u201d, diz Mona Paula do Sebrae.<\/p>\n\n\n\n<p>O RN se destaca na produ\u00e7\u00e3o de cana-de-a\u00e7\u00facar, mel\u00e3o, banana, melancia, mandioca, abacaxi, maracuj\u00e1, mam\u00e3o, castanha-de-caju e coco-da-ba\u00eda e exportou 73.318.208 d\u00f3lares em frutas no primeiro semestre de 2024, posicionando-se como o quarto maior produtor de frutas do Pa\u00eds.<\/p>\n\n\n\n<p>Em 2022, os principais produtos foram cana-de-a\u00e7\u00facar (740.744 mil reais), mel\u00e3o (534.791 mil reais) e banana (473.762 mil reais). Na pecu\u00e1ria, o estado possui significativos rebanhos de galin\u00e1ceos (10.812.369), bovinos (1.059.926), mas tamb\u00e9m se destaca com ovinos, caprinos, su\u00ednos, codornas, equinos e bubalinos.<\/p>\n\n\n\n<p>Sobre o aumento na produ\u00e7\u00e3o de banana e mel\u00e3o, registrado nos \u00faltimos anos, o presidente da Faern disse ainda que a situa\u00e7\u00e3o \u00e9 reflexo faz parte de um trabalho conjunto entre produtores, t\u00e9cnicos e institui\u00e7\u00f5es de apoio ao agroneg\u00f3cio.<\/p>\n\n\n\n<p>\u201cAtrav\u00e9s da assist\u00eancia t\u00e9cnica e gerencial proporcionada pelo Sistema Faern\/Senar, os produtores t\u00eam acesso a t\u00e9cnicas modernas de cultivo, manejo adequado e controle de pragas e doen\u00e7as, resultando em maiores rendimentos e melhor qualidade dos produtos\u201d, cita, acrescentando ainda capacita\u00e7\u00f5es constantes entre produtores, aumento do interesse internacional em frutas tropicais e clima favor\u00e1vel nos \u00faltimos anos.<\/p>\n\n\n\n<h2 class=\"wp-block-heading\">Empresas do agroneg\u00f3cio crescem buscando sustentabilidade<\/h2>\n\n\n\n<figure class=\"wp-block-image aligncenter size-full\"><img data-recalc-dims=\"1\" decoding=\"async\" width=\"880\" height=\"829\" loading=\"lazy\" src=\"https:\/\/i0.wp.com\/www.fazendaboqueiraorn.com.br\/wp-content\/uploads\/2024\/08\/crescimento-pequenas-emrpesas-rn-infografico.jpg?resize=880%2C829&#038;ssl=1\" alt=\"infogr\u00e1fico empresas do agroneg\u00f3cio crescem \" class=\"wp-image-5590\" srcset=\"https:\/\/i0.wp.com\/www.fazendaboqueiraorn.com.br\/wp-content\/uploads\/2024\/08\/crescimento-pequenas-emrpesas-rn-infografico.jpg?w=880&amp;ssl=1 880w, https:\/\/i0.wp.com\/www.fazendaboqueiraorn.com.br\/wp-content\/uploads\/2024\/08\/crescimento-pequenas-emrpesas-rn-infografico.jpg?resize=300%2C283&amp;ssl=1 300w, https:\/\/i0.wp.com\/www.fazendaboqueiraorn.com.br\/wp-content\/uploads\/2024\/08\/crescimento-pequenas-emrpesas-rn-infografico.jpg?resize=768%2C723&amp;ssl=1 768w, https:\/\/i0.wp.com\/www.fazendaboqueiraorn.com.br\/wp-content\/uploads\/2024\/08\/crescimento-pequenas-emrpesas-rn-infografico.jpg?resize=13%2C12&amp;ssl=1 13w, https:\/\/i0.wp.com\/www.fazendaboqueiraorn.com.br\/wp-content\/uploads\/2024\/08\/crescimento-pequenas-emrpesas-rn-infografico.jpg?resize=600%2C565&amp;ssl=1 600w, https:\/\/i0.wp.com\/www.fazendaboqueiraorn.com.br\/wp-content\/uploads\/2024\/08\/crescimento-pequenas-emrpesas-rn-infografico.jpg?resize=150%2C141&amp;ssl=1 150w\" sizes=\"auto, (max-width: 880px) 100vw, 880px\" \/><\/figure>\n\n\n\n<p>Os dados apontam para o fortalecimento da agricultura familiar no sentido da agroecologia. O Estado tem 52.292 produtores rurais nesse segmento, categorizados em setores como agricultura, pesca, pecu\u00e1ria, aquicultura, artesanato, extrativismo e turismo rural. Do total, 38.437 s\u00e3o agricultores. Com os dados \u00e9 poss\u00edvel identificar onde est\u00e3o lotados os pequenos produtores e atend\u00ea-los dentro dos seus territ\u00f3rios.<\/p>\n\n\n\n<p>O levantamento identificou esses produtores em maior n\u00famero nos munic\u00edpios de Santa Cruz (1.245), Touros (1.173), Apodi (1.152), Santo Ant\u00f4nio (1.131), Cara\u00fabas (1.033), Serra do Mel (1.002), Mossor\u00f3 (934), Nova Cruz (883), S\u00e3o Paulo do Potengi (867) e Jo\u00e3o C\u00e2mara (836).<\/p>\n\n\n\n<p>Mona ressalta que \u00e9 um caminho que ainda est\u00e1 sendo constru\u00eddo, mas ainda n\u00e3o \u00e9 majorit\u00e1rio e nem 100% fortalecido. \u201cS\u00e3o tend\u00eancias mundiais que a gente precisa come\u00e7ar a se adequar e que a gente j\u00e1 vem estimulando atrav\u00e9s dos nossos programas, como algod\u00e3o agroecol\u00f3gico, a produ\u00e7\u00e3o org\u00e2nica, cadeias mais sustent\u00e1veis, como \u00e9 o caso do camar\u00e3o, da ostra, que trabalham tamb\u00e9m olhando essa vertente de sustentabilidade\u201d, diz a gerente do Sebrae RN.<\/p>\n\n\n\n<h2 class=\"wp-block-heading\">Tend\u00eancia \u00e9 de informatiza\u00e7\u00e3o no campo<\/h2>\n\n\n\n<p>O Boletim do Agroneg\u00f3cio do RN aponta para a tend\u00eancia da mecaniza\u00e7\u00e3o e informatiza\u00e7\u00e3o do campo. Entre as novas tecnologias que chegam ao agroneg\u00f3cio em todo o mundo, est\u00e3o sensores para monitoramento em tempo real do clima, sa\u00fade das plantas e controle de pragas; utiliza\u00e7\u00e3o de rob\u00f4s para tarefas repetitivas ou perigosas, liberando m\u00e3o de obra para atividades estrat\u00e9gicas; e aplica\u00e7\u00f5es de Intelig\u00eancia Artificial para monitoramento das lavouras, controle de pragas e doen\u00e7as, previs\u00e3o de safra e gest\u00e3o da produ\u00e7\u00e3o.<\/p>\n\n\n\n<p>A mecaniza\u00e7\u00e3o deve continuar crescendo com tecnologias como drones para pulveriza\u00e7\u00e3o, sistemas de irriga\u00e7\u00e3o inteligentes e digitaliza\u00e7\u00e3o que est\u00e1 transformando a cota\u00e7\u00e3o e aquisi\u00e7\u00e3o de insumos. Contudo, Mona explica que ainda existe um distanciamento entre o que \u00e9 tend\u00eancia e o que \u00e9 realidade. \u201cA gente ainda tem uma agricultura familiar pouco mecanizada e, por isso, os esfor\u00e7os, tanto das institui\u00e7\u00f5es como o Sebrae, quanto do governo do estado, para inserir e investir mais em mecaniza\u00e7\u00e3o\u201d, declara.<\/p>\n\n\n\n<p>Ela explica que essa tend\u00eancia de mecaniza\u00e7\u00e3o, tecnologia e inova\u00e7\u00e3o esbarra na falta de conectividade no campo, que ainda \u00e9 desafiadora. \u201cPara pensar em solu\u00e7\u00f5es de atender o pequeno produtor rural, precisa entender que nem todos t\u00eam uma conex\u00e3o interessante. Da\u00ed, desenhar estrat\u00e9gias para que institui\u00e7\u00f5es como o Sebrae, Senar, Emater Secretaria de Agricultura, possam chegar a esse homem do campo\u201d, sugere. Neste sentido, investimentos em inova\u00e7\u00e3o e sustentabilidade ser\u00e3o cruciais para garantir a competitividade e resili\u00eancia do setor.<\/p>\n\n\n\n<p>Na avalia\u00e7\u00e3o de Jos\u00e9 Vieira, presidente da Federa\u00e7\u00e3o da Agricultura e Pecu\u00e1ria do RN (Faern), Jos\u00e9 Vieira, o crescimento do agroneg\u00f3cio \u00e9 \u201csignificativo\u201d e representa um fortalecimento e diversifica\u00e7\u00e3o do setor agr\u00edcola em nossa regi\u00e3o.<\/p>\n\n\n\n<p>\u201cNa pr\u00e1tica, isso se traduz em mais empregos, maior dinamismo econ\u00f4mico e aumento da competitividade do estado. Diversos fatores t\u00eam impulsionado esse aumento. Em primeiro lugar, a assist\u00eancia t\u00e9cnica e gerencial oferecida pelo Sistema Faern\/Senar tem sido crucial. Atrav\u00e9s de programas de capacita\u00e7\u00e3o, qualifica\u00e7\u00e3o e apoio cont\u00ednuo aos produtores rurais, temos conseguido melhorar a efici\u00eancia e a produtividade das pequenas e m\u00e9dias empresas do setor\u201d, disse Vieira.<\/p>\n\n\n\n<h2 class=\"wp-block-heading\">Plano Safra<\/h2>\n\n\n\n<p>O Plano Safra da Agricultura Familiar 2024\/2025 vai destinar R$ 76 bilh\u00f5es para produtores na pr\u00f3xima safra, segundo o Governo Federal. 43,3% maior do que anunciado na safra 2022\/2023 e 6,2% maior do que o da safra passada. Ao todo, ser\u00e3o R$ 85,7 bilh\u00f5es em a\u00e7\u00f5es do Governo Federal para a agricultura familiar, crescimento de 10%.<\/p>\n\n\n\n<p>\u201cCom esses recursos, os produtores podem investir em tecnologias, maquin\u00e1rios, insumos e infraestrutura, aumentando a produtividade e a efici\u00eancia de suas opera\u00e7\u00f5es. O Plano Safra tamb\u00e9m promove a inclus\u00e3o social, ao apoiar a agricultura familiar e estimular a gera\u00e7\u00e3o de empregos no campo. Em resumo, \u00e9 um instrumento essencial para o desenvolvimento do agroneg\u00f3cio e para a seguran\u00e7a alimentar do pa\u00eds\u201d, finaliza Jos\u00e9 Vieira.<\/p>\n\n\n\n<p>Fonte: <a href=\"https:\/\/tribunadonorte.com.br\/\">Tribuna do Norte<\/a><\/p>","protected":false},"excerpt":{"rendered":"<p>Pequenas empresas do agroneg\u00f3cio crescem 76,3% no RN entre 2019 e 2024 no Rio Grande do Norte, saltando de 3.074 para 5.421 entre microempresa (ME), empreendedores individuais (MEI) e Empresas de Pequeno Porte (EPP). <\/p>","protected":false},"author":2,"featured_media":5589,"comment_status":"open","ping_status":"open","sticky":false,"template":"","format":"standard","meta":{"nf_dc_page":"","_uag_custom_page_level_css":"","site-sidebar-layout":"default","site-content-layout":"","ast-site-content-layout":"default","site-content-style":"default","site-sidebar-style":"default","ast-global-header-display":"","ast-banner-title-visibility":"","ast-main-header-display":"","ast-hfb-above-header-display":"","ast-hfb-below-header-display":"","ast-hfb-mobile-header-display":"","site-post-title":"","ast-breadcrumbs-content":"","ast-featured-img":"","footer-sml-layout":"","ast-disable-related-posts":"","theme-transparent-header-meta":"","adv-header-id-meta":"","stick-header-meta":"","header-above-stick-meta":"","header-main-stick-meta":"","header-below-stick-meta":"","astra-migrate-meta-layouts":"default","ast-page-background-enabled":"default","ast-page-background-meta":{"desktop":{"background-color":"var(--ast-global-color-4)","background-image":"","background-repeat":"repeat","background-position":"center center","background-size":"auto","background-attachment":"scroll","background-type":"","background-media":"","overlay-type":"","overlay-color":"","overlay-opacity":"","overlay-gradient":""},"tablet":{"background-color":"","background-image":"","background-repeat":"repeat","background-position":"center center","background-size":"auto","background-attachment":"scroll","background-type":"","background-media":"","overlay-type":"","overlay-color":"","overlay-opacity":"","overlay-gradient":""},"mobile":{"background-color":"","background-image":"","background-repeat":"repeat","background-position":"center center","background-size":"auto","background-attachment":"scroll","background-type":"","background-media":"","overlay-type":"","overlay-color":"","overlay-opacity":"","overlay-gradient":""}},"ast-content-background-meta":{"desktop":{"background-color":"var(--ast-global-color-5)","background-image":"","background-repeat":"repeat","background-position":"center center","background-size":"auto","background-attachment":"scroll","background-type":"","background-media":"","overlay-type":"","overlay-color":"","overlay-opacity":"","overlay-gradient":""},"tablet":{"background-color":"var(--ast-global-color-5)","background-image":"","background-repeat":"repeat","background-position":"center center","background-size":"auto","background-attachment":"scroll","background-type":"","background-media":"","overlay-type":"","overlay-color":"","overlay-opacity":"","overlay-gradient":""},"mobile":{"background-color":"var(--ast-global-color-5)","background-image":"","background-repeat":"repeat","background-position":"center center","background-size":"auto","background-attachment":"scroll","background-type":"","background-media":"","overlay-type":"","overlay-color":"","overlay-opacity":"","overlay-gradient":""}},"jetpack_post_was_ever_published":false,"_jetpack_newsletter_access":"","_jetpack_dont_email_post_to_subs":false,"_jetpack_newsletter_tier_id":0,"_jetpack_memberships_contains_paywalled_content":false,"_jetpack_memberships_contains_paid_content":false,"footnotes":"","jetpack_publicize_message":"","jetpack_publicize_feature_enabled":false,"jetpack_social_post_already_shared":false,"jetpack_social_options":{"image_generator_settings":{"template":"highway","enabled":false},"version":2}},"categories":[1],"tags":[21,6,269,2984,91,2987,2985,51,162,2025,84],"class_list":["post-5587","post","type-post","status-publish","format-standard","has-post-thumbnail","hentry","category-noticia","tag-21","tag-agricultura","tag-agronegocio","tag-empresa","tag-governo","tag-informatizacao-do-campo","tag-mei","tag-rio-grande-do-norte","tag-sebrae","tag-sustentabilidade","tag-turismo"],"yoast_head":"<!-- This site is optimized with the Yoast SEO plugin v27.4 - https:\/\/yoast.com\/product\/yoast-seo-wordpress\/ -->\n<title>Pequenas empresas do agroneg\u00f3cio crescem 76,3% no RN - Fazenda Boqueir\u00e3o<\/title>\n<meta name=\"description\" content=\"Pequenas empresas do agroneg\u00f3cio crescem 76,3% no RN entre 2019 e 2024 no Rio Grande do Norte, saltando de 3.074 para 5.421 entre microempresa (ME), empreendedores individuais (MEI) e Empresas de Pequeno Porte (EPP).\" \/>\n<meta name=\"robots\" content=\"index, follow, max-snippet:-1, max-image-preview:large, max-video-preview:-1\" \/>\n<link rel=\"canonical\" href=\"https:\/\/www.fazendaboqueiraorn.com.br\/en\/pequenas-empresas-do-agronegocio-crescem-763-no-rn\/\" \/>\n<meta property=\"og:locale\" content=\"en_US\" \/>\n<meta property=\"og:type\" content=\"article\" \/>\n<meta property=\"og:title\" content=\"Pequenas empresas do agroneg\u00f3cio crescem 76,3% no RN - Fazenda Boqueir\u00e3o\" \/>\n<meta property=\"og:description\" content=\"Pequenas empresas do agroneg\u00f3cio crescem 76,3% no RN entre 2019 e 2024 no Rio Grande do Norte, saltando de 3.074 para 5.421 entre microempresa (ME), empreendedores individuais (MEI) e Empresas de Pequeno Porte (EPP).\" \/>\n<meta property=\"og:url\" content=\"https:\/\/www.fazendaboqueiraorn.com.br\/en\/pequenas-empresas-do-agronegocio-crescem-763-no-rn\/\" \/>\n<meta property=\"og:site_name\" content=\"Fazenda Boqueir\u00e3o\" \/>\n<meta property=\"article:publisher\" content=\"https:\/\/www.facebook.com\/fazboqueirao\" \/>\n<meta property=\"article:published_time\" content=\"2024-08-07T14:14:37+00:00\" \/>\n<meta property=\"article:modified_time\" content=\"2024-08-07T14:14:41+00:00\" \/>\n<meta property=\"og:image\" content=\"https:\/\/www.fazendaboqueiraorn.com.br\/wp-content\/uploads\/2024\/08\/crescimento-pequenas-emrpesas-rn-scaled.jpg\" \/>\n\t<meta property=\"og:image:width\" content=\"1000\" \/>\n\t<meta property=\"og:image:height\" content=\"663\" \/>\n\t<meta property=\"og:image:type\" content=\"image\/jpeg\" \/>\n<meta name=\"author\" content=\"Fazenda Boqueir\u00e3o\" \/>\n<meta name=\"twitter:card\" content=\"summary_large_image\" \/>\n<meta name=\"twitter:creator\" content=\"@FazBoqueirao\" \/>\n<meta name=\"twitter:site\" content=\"@FazBoqueirao\" \/>\n<meta name=\"twitter:label1\" content=\"Written by\" \/>\n\t<meta name=\"twitter:data1\" content=\"Fazenda Boqueir\u00e3o\" \/>\n\t<meta name=\"twitter:label2\" content=\"Est. reading time\" \/>\n\t<meta name=\"twitter:data2\" content=\"7 minutes\" \/>\n<script type=\"application\/ld+json\" class=\"yoast-schema-graph\">{\"@context\":\"https:\\\/\\\/schema.org\",\"@graph\":[{\"@type\":\"Article\",\"@id\":\"https:\\\/\\\/www.fazendaboqueiraorn.com.br\\\/pequenas-empresas-do-agronegocio-crescem-763-no-rn\\\/#article\",\"isPartOf\":{\"@id\":\"https:\\\/\\\/www.fazendaboqueiraorn.com.br\\\/pequenas-empresas-do-agronegocio-crescem-763-no-rn\\\/\"},\"author\":{\"name\":\"Fazenda Boqueir\u00e3o\",\"@id\":\"https:\\\/\\\/www.fazendaboqueiraorn.com.br\\\/#\\\/schema\\\/person\\\/70484dc96f76e66c6365a9f4a2ebfb02\"},\"headline\":\"Pequenas empresas do agroneg\u00f3cio crescem 76,3% no RN\",\"datePublished\":\"2024-08-07T14:14:37+00:00\",\"dateModified\":\"2024-08-07T14:14:41+00:00\",\"mainEntityOfPage\":{\"@id\":\"https:\\\/\\\/www.fazendaboqueiraorn.com.br\\\/pequenas-empresas-do-agronegocio-crescem-763-no-rn\\\/\"},\"wordCount\":1227,\"commentCount\":0,\"publisher\":{\"@id\":\"https:\\\/\\\/www.fazendaboqueiraorn.com.br\\\/#organization\"},\"image\":{\"@id\":\"https:\\\/\\\/www.fazendaboqueiraorn.com.br\\\/pequenas-empresas-do-agronegocio-crescem-763-no-rn\\\/#primaryimage\"},\"thumbnailUrl\":\"https:\\\/\\\/i0.wp.com\\\/www.fazendaboqueiraorn.com.br\\\/wp-content\\\/uploads\\\/2024\\\/08\\\/crescimento-pequenas-emrpesas-rn-scaled.jpg?fit=1000%2C663&ssl=1\",\"keywords\":[\"2022\",\"Agricultura\",\"agroneg\u00f3cio\",\"empresa\",\"governo\",\"informatiza\u00e7\u00e3o do campo\",\"MEI\",\"Rio Grande do Norte\",\"SEBRAE\",\"sustentabilidade\",\"turismo\"],\"articleSection\":[\"Not\u00edcias\"],\"inLanguage\":\"en-US\",\"potentialAction\":[{\"@type\":\"CommentAction\",\"name\":\"Comment\",\"target\":[\"https:\\\/\\\/www.fazendaboqueiraorn.com.br\\\/pequenas-empresas-do-agronegocio-crescem-763-no-rn\\\/#respond\"]}]},{\"@type\":\"WebPage\",\"@id\":\"https:\\\/\\\/www.fazendaboqueiraorn.com.br\\\/pequenas-empresas-do-agronegocio-crescem-763-no-rn\\\/\",\"url\":\"https:\\\/\\\/www.fazendaboqueiraorn.com.br\\\/pequenas-empresas-do-agronegocio-crescem-763-no-rn\\\/\",\"name\":\"Pequenas empresas do agroneg\u00f3cio crescem 76,3% no RN - Fazenda Boqueir\u00e3o\",\"isPartOf\":{\"@id\":\"https:\\\/\\\/www.fazendaboqueiraorn.com.br\\\/#website\"},\"primaryImageOfPage\":{\"@id\":\"https:\\\/\\\/www.fazendaboqueiraorn.com.br\\\/pequenas-empresas-do-agronegocio-crescem-763-no-rn\\\/#primaryimage\"},\"image\":{\"@id\":\"https:\\\/\\\/www.fazendaboqueiraorn.com.br\\\/pequenas-empresas-do-agronegocio-crescem-763-no-rn\\\/#primaryimage\"},\"thumbnailUrl\":\"https:\\\/\\\/i0.wp.com\\\/www.fazendaboqueiraorn.com.br\\\/wp-content\\\/uploads\\\/2024\\\/08\\\/crescimento-pequenas-emrpesas-rn-scaled.jpg?fit=1000%2C663&ssl=1\",\"datePublished\":\"2024-08-07T14:14:37+00:00\",\"dateModified\":\"2024-08-07T14:14:41+00:00\",\"description\":\"Pequenas empresas do agroneg\u00f3cio crescem 76,3% no RN entre 2019 e 2024 no Rio Grande do Norte, saltando de 3.074 para 5.421 entre microempresa (ME), empreendedores individuais (MEI) e Empresas de Pequeno Porte (EPP).\",\"breadcrumb\":{\"@id\":\"https:\\\/\\\/www.fazendaboqueiraorn.com.br\\\/pequenas-empresas-do-agronegocio-crescem-763-no-rn\\\/#breadcrumb\"},\"inLanguage\":\"en-US\",\"potentialAction\":[{\"@type\":\"ReadAction\",\"target\":[\"https:\\\/\\\/www.fazendaboqueiraorn.com.br\\\/pequenas-empresas-do-agronegocio-crescem-763-no-rn\\\/\"]}]},{\"@type\":\"ImageObject\",\"inLanguage\":\"en-US\",\"@id\":\"https:\\\/\\\/www.fazendaboqueiraorn.com.br\\\/pequenas-empresas-do-agronegocio-crescem-763-no-rn\\\/#primaryimage\",\"url\":\"https:\\\/\\\/i0.wp.com\\\/www.fazendaboqueiraorn.com.br\\\/wp-content\\\/uploads\\\/2024\\\/08\\\/crescimento-pequenas-emrpesas-rn-scaled.jpg?fit=1000%2C663&ssl=1\",\"contentUrl\":\"https:\\\/\\\/i0.wp.com\\\/www.fazendaboqueiraorn.com.br\\\/wp-content\\\/uploads\\\/2024\\\/08\\\/crescimento-pequenas-emrpesas-rn-scaled.jpg?fit=1000%2C663&ssl=1\",\"width\":1000,\"height\":663},{\"@type\":\"BreadcrumbList\",\"@id\":\"https:\\\/\\\/www.fazendaboqueiraorn.com.br\\\/pequenas-empresas-do-agronegocio-crescem-763-no-rn\\\/#breadcrumb\",\"itemListElement\":[{\"@type\":\"ListItem\",\"position\":1,\"name\":\"Home\",\"item\":\"https:\\\/\\\/www.fazendaboqueiraorn.com.br\\\/\"},{\"@type\":\"ListItem\",\"position\":2,\"name\":\"Pequenas empresas do agroneg\u00f3cio crescem 76,3% no RN\"}]},{\"@type\":\"WebSite\",\"@id\":\"https:\\\/\\\/www.fazendaboqueiraorn.com.br\\\/#website\",\"url\":\"https:\\\/\\\/www.fazendaboqueiraorn.com.br\\\/\",\"name\":\"Fazenda Boqueir\u00e3o\",\"description\":\"\",\"publisher\":{\"@id\":\"https:\\\/\\\/www.fazendaboqueiraorn.com.br\\\/#organization\"},\"potentialAction\":[{\"@type\":\"SearchAction\",\"target\":{\"@type\":\"EntryPoint\",\"urlTemplate\":\"https:\\\/\\\/www.fazendaboqueiraorn.com.br\\\/?s={search_term_string}\"},\"query-input\":{\"@type\":\"PropertyValueSpecification\",\"valueRequired\":true,\"valueName\":\"search_term_string\"}}],\"inLanguage\":\"en-US\"},{\"@type\":\"Organization\",\"@id\":\"https:\\\/\\\/www.fazendaboqueiraorn.com.br\\\/#organization\",\"name\":\"Fazenda Boqueir\u00e3o\",\"url\":\"https:\\\/\\\/www.fazendaboqueiraorn.com.br\\\/\",\"logo\":{\"@type\":\"ImageObject\",\"inLanguage\":\"en-US\",\"@id\":\"https:\\\/\\\/www.fazendaboqueiraorn.com.br\\\/#\\\/schema\\\/logo\\\/image\\\/\",\"url\":\"https:\\\/\\\/i0.wp.com\\\/www.fazendaboqueiraorn.com.br\\\/wp-content\\\/uploads\\\/2021\\\/08\\\/logo-fazenda-120x120-1.png?fit=120%2C120&ssl=1\",\"contentUrl\":\"https:\\\/\\\/i0.wp.com\\\/www.fazendaboqueiraorn.com.br\\\/wp-content\\\/uploads\\\/2021\\\/08\\\/logo-fazenda-120x120-1.png?fit=120%2C120&ssl=1\",\"width\":120,\"height\":120,\"caption\":\"Fazenda Boqueir\u00e3o\"},\"image\":{\"@id\":\"https:\\\/\\\/www.fazendaboqueiraorn.com.br\\\/#\\\/schema\\\/logo\\\/image\\\/\"},\"sameAs\":[\"https:\\\/\\\/www.facebook.com\\\/fazboqueirao\",\"https:\\\/\\\/x.com\\\/FazBoqueirao\",\"http:\\\/\\\/instagram.com\\\/fazboqueirao\\\/\",\"https:\\\/\\\/www.linkedin.com\\\/company\\\/fazboqueirao\\\/\",\"https:\\\/\\\/www.youtube.com\\\/channel\\\/UCUA4_8v8HkmMeNUh8c6Ky1Q\"]},{\"@type\":\"Person\",\"@id\":\"https:\\\/\\\/www.fazendaboqueiraorn.com.br\\\/#\\\/schema\\\/person\\\/70484dc96f76e66c6365a9f4a2ebfb02\",\"name\":\"Fazenda Boqueir\u00e3o\",\"image\":{\"@type\":\"ImageObject\",\"inLanguage\":\"en-US\",\"@id\":\"https:\\\/\\\/secure.gravatar.com\\\/avatar\\\/19f19467ae305ded5d913deae2fb6c6f29fe88a0a7f3a4dca5679407289a9efd?s=96&d=mm&r=g\",\"url\":\"https:\\\/\\\/secure.gravatar.com\\\/avatar\\\/19f19467ae305ded5d913deae2fb6c6f29fe88a0a7f3a4dca5679407289a9efd?s=96&d=mm&r=g\",\"contentUrl\":\"https:\\\/\\\/secure.gravatar.com\\\/avatar\\\/19f19467ae305ded5d913deae2fb6c6f29fe88a0a7f3a4dca5679407289a9efd?s=96&d=mm&r=g\",\"caption\":\"Fazenda Boqueir\u00e3o\"},\"url\":\"https:\\\/\\\/www.fazendaboqueiraorn.com.br\\\/en\\\/author\\\/fazenda\\\/\"}]}<\/script>\n<!-- \/ Yoast SEO plugin. -->","yoast_head_json":{"title":"Pequenas empresas do agroneg\u00f3cio crescem 76,3% no RN - Fazenda Boqueir\u00e3o","description":"Pequenas empresas do agroneg\u00f3cio crescem 76,3% no RN entre 2019 e 2024 no Rio Grande do Norte, saltando de 3.074 para 5.421 entre microempresa (ME), empreendedores individuais (MEI) e Empresas de Pequeno Porte (EPP).","robots":{"index":"index","follow":"follow","max-snippet":"max-snippet:-1","max-image-preview":"max-image-preview:large","max-video-preview":"max-video-preview:-1"},"canonical":"https:\/\/www.fazendaboqueiraorn.com.br\/en\/pequenas-empresas-do-agronegocio-crescem-763-no-rn\/","og_locale":"en_US","og_type":"article","og_title":"Pequenas empresas do agroneg\u00f3cio crescem 76,3% no RN - Fazenda Boqueir\u00e3o","og_description":"Pequenas empresas do agroneg\u00f3cio crescem 76,3% no RN entre 2019 e 2024 no Rio Grande do Norte, saltando de 3.074 para 5.421 entre microempresa (ME), empreendedores individuais (MEI) e Empresas de Pequeno Porte (EPP).","og_url":"https:\/\/www.fazendaboqueiraorn.com.br\/en\/pequenas-empresas-do-agronegocio-crescem-763-no-rn\/","og_site_name":"Fazenda Boqueir\u00e3o","article_publisher":"https:\/\/www.facebook.com\/fazboqueirao","article_published_time":"2024-08-07T14:14:37+00:00","article_modified_time":"2024-08-07T14:14:41+00:00","og_image":[{"width":1000,"height":663,"url":"https:\/\/www.fazendaboqueiraorn.com.br\/wp-content\/uploads\/2024\/08\/crescimento-pequenas-emrpesas-rn-scaled.jpg","type":"image\/jpeg"}],"author":"Fazenda Boqueir\u00e3o","twitter_card":"summary_large_image","twitter_creator":"@FazBoqueirao","twitter_site":"@FazBoqueirao","twitter_misc":{"Written by":"Fazenda Boqueir\u00e3o","Est. reading time":"7 minutes"},"schema":{"@context":"https:\/\/schema.org","@graph":[{"@type":"Article","@id":"https:\/\/www.fazendaboqueiraorn.com.br\/pequenas-empresas-do-agronegocio-crescem-763-no-rn\/#article","isPartOf":{"@id":"https:\/\/www.fazendaboqueiraorn.com.br\/pequenas-empresas-do-agronegocio-crescem-763-no-rn\/"},"author":{"name":"Fazenda Boqueir\u00e3o","@id":"https:\/\/www.fazendaboqueiraorn.com.br\/#\/schema\/person\/70484dc96f76e66c6365a9f4a2ebfb02"},"headline":"Pequenas empresas do agroneg\u00f3cio crescem 76,3% no RN","datePublished":"2024-08-07T14:14:37+00:00","dateModified":"2024-08-07T14:14:41+00:00","mainEntityOfPage":{"@id":"https:\/\/www.fazendaboqueiraorn.com.br\/pequenas-empresas-do-agronegocio-crescem-763-no-rn\/"},"wordCount":1227,"commentCount":0,"publisher":{"@id":"https:\/\/www.fazendaboqueiraorn.com.br\/#organization"},"image":{"@id":"https:\/\/www.fazendaboqueiraorn.com.br\/pequenas-empresas-do-agronegocio-crescem-763-no-rn\/#primaryimage"},"thumbnailUrl":"https:\/\/i0.wp.com\/www.fazendaboqueiraorn.com.br\/wp-content\/uploads\/2024\/08\/crescimento-pequenas-emrpesas-rn-scaled.jpg?fit=1000%2C663&ssl=1","keywords":["2022","Agricultura","agroneg\u00f3cio","empresa","governo","informatiza\u00e7\u00e3o do campo","MEI","Rio Grande do Norte","SEBRAE","sustentabilidade","turismo"],"articleSection":["Not\u00edcias"],"inLanguage":"en-US","potentialAction":[{"@type":"CommentAction","name":"Comment","target":["https:\/\/www.fazendaboqueiraorn.com.br\/pequenas-empresas-do-agronegocio-crescem-763-no-rn\/#respond"]}]},{"@type":"WebPage","@id":"https:\/\/www.fazendaboqueiraorn.com.br\/pequenas-empresas-do-agronegocio-crescem-763-no-rn\/","url":"https:\/\/www.fazendaboqueiraorn.com.br\/pequenas-empresas-do-agronegocio-crescem-763-no-rn\/","name":"Pequenas empresas do agroneg\u00f3cio crescem 76,3% no RN - Fazenda Boqueir\u00e3o","isPartOf":{"@id":"https:\/\/www.fazendaboqueiraorn.com.br\/#website"},"primaryImageOfPage":{"@id":"https:\/\/www.fazendaboqueiraorn.com.br\/pequenas-empresas-do-agronegocio-crescem-763-no-rn\/#primaryimage"},"image":{"@id":"https:\/\/www.fazendaboqueiraorn.com.br\/pequenas-empresas-do-agronegocio-crescem-763-no-rn\/#primaryimage"},"thumbnailUrl":"https:\/\/i0.wp.com\/www.fazendaboqueiraorn.com.br\/wp-content\/uploads\/2024\/08\/crescimento-pequenas-emrpesas-rn-scaled.jpg?fit=1000%2C663&ssl=1","datePublished":"2024-08-07T14:14:37+00:00","dateModified":"2024-08-07T14:14:41+00:00","description":"Pequenas empresas do agroneg\u00f3cio crescem 76,3% no RN entre 2019 e 2024 no Rio Grande do Norte, saltando de 3.074 para 5.421 entre microempresa (ME), empreendedores individuais (MEI) e Empresas de Pequeno Porte (EPP).","breadcrumb":{"@id":"https:\/\/www.fazendaboqueiraorn.com.br\/pequenas-empresas-do-agronegocio-crescem-763-no-rn\/#breadcrumb"},"inLanguage":"en-US","potentialAction":[{"@type":"ReadAction","target":["https:\/\/www.fazendaboqueiraorn.com.br\/pequenas-empresas-do-agronegocio-crescem-763-no-rn\/"]}]},{"@type":"ImageObject","inLanguage":"en-US","@id":"https:\/\/www.fazendaboqueiraorn.com.br\/pequenas-empresas-do-agronegocio-crescem-763-no-rn\/#primaryimage","url":"https:\/\/i0.wp.com\/www.fazendaboqueiraorn.com.br\/wp-content\/uploads\/2024\/08\/crescimento-pequenas-emrpesas-rn-scaled.jpg?fit=1000%2C663&ssl=1","contentUrl":"https:\/\/i0.wp.com\/www.fazendaboqueiraorn.com.br\/wp-content\/uploads\/2024\/08\/crescimento-pequenas-emrpesas-rn-scaled.jpg?fit=1000%2C663&ssl=1","width":1000,"height":663},{"@type":"BreadcrumbList","@id":"https:\/\/www.fazendaboqueiraorn.com.br\/pequenas-empresas-do-agronegocio-crescem-763-no-rn\/#breadcrumb","itemListElement":[{"@type":"ListItem","position":1,"name":"Home","item":"https:\/\/www.fazendaboqueiraorn.com.br\/"},{"@type":"ListItem","position":2,"name":"Pequenas empresas do agroneg\u00f3cio crescem 76,3% no RN"}]},{"@type":"WebSite","@id":"https:\/\/www.fazendaboqueiraorn.com.br\/#website","url":"https:\/\/www.fazendaboqueiraorn.com.br\/","name":"Fazenda Boqueir\u00e3o","description":"","publisher":{"@id":"https:\/\/www.fazendaboqueiraorn.com.br\/#organization"},"potentialAction":[{"@type":"SearchAction","target":{"@type":"EntryPoint","urlTemplate":"https:\/\/www.fazendaboqueiraorn.com.br\/?s={search_term_string}"},"query-input":{"@type":"PropertyValueSpecification","valueRequired":true,"valueName":"search_term_string"}}],"inLanguage":"en-US"},{"@type":"Organization","@id":"https:\/\/www.fazendaboqueiraorn.com.br\/#organization","name":"Fazenda Boqueir\u00e3o","url":"https:\/\/www.fazendaboqueiraorn.com.br\/","logo":{"@type":"ImageObject","inLanguage":"en-US","@id":"https:\/\/www.fazendaboqueiraorn.com.br\/#\/schema\/logo\/image\/","url":"https:\/\/i0.wp.com\/www.fazendaboqueiraorn.com.br\/wp-content\/uploads\/2021\/08\/logo-fazenda-120x120-1.png?fit=120%2C120&ssl=1","contentUrl":"https:\/\/i0.wp.com\/www.fazendaboqueiraorn.com.br\/wp-content\/uploads\/2021\/08\/logo-fazenda-120x120-1.png?fit=120%2C120&ssl=1","width":120,"height":120,"caption":"Fazenda Boqueir\u00e3o"},"image":{"@id":"https:\/\/www.fazendaboqueiraorn.com.br\/#\/schema\/logo\/image\/"},"sameAs":["https:\/\/www.facebook.com\/fazboqueirao","https:\/\/x.com\/FazBoqueirao","http:\/\/instagram.com\/fazboqueirao\/","https:\/\/www.linkedin.com\/company\/fazboqueirao\/","https:\/\/www.youtube.com\/channel\/UCUA4_8v8HkmMeNUh8c6Ky1Q"]},{"@type":"Person","@id":"https:\/\/www.fazendaboqueiraorn.com.br\/#\/schema\/person\/70484dc96f76e66c6365a9f4a2ebfb02","name":"Fazenda Boqueir\u00e3o","image":{"@type":"ImageObject","inLanguage":"en-US","@id":"https:\/\/secure.gravatar.com\/avatar\/19f19467ae305ded5d913deae2fb6c6f29fe88a0a7f3a4dca5679407289a9efd?s=96&d=mm&r=g","url":"https:\/\/secure.gravatar.com\/avatar\/19f19467ae305ded5d913deae2fb6c6f29fe88a0a7f3a4dca5679407289a9efd?s=96&d=mm&r=g","contentUrl":"https:\/\/secure.gravatar.com\/avatar\/19f19467ae305ded5d913deae2fb6c6f29fe88a0a7f3a4dca5679407289a9efd?s=96&d=mm&r=g","caption":"Fazenda Boqueir\u00e3o"},"url":"https:\/\/www.fazendaboqueiraorn.com.br\/en\/author\/fazenda\/"}]}},"jetpack_publicize_connections":[],"uagb_featured_image_src":{"full":["https:\/\/i0.wp.com\/www.fazendaboqueiraorn.com.br\/wp-content\/uploads\/2024\/08\/crescimento-pequenas-emrpesas-rn-scaled.jpg?fit=1000%2C663&ssl=1",1000,663,false],"thumbnail":["https:\/\/i0.wp.com\/www.fazendaboqueiraorn.com.br\/wp-content\/uploads\/2024\/08\/crescimento-pequenas-emrpesas-rn-scaled.jpg?resize=150%2C150&ssl=1",150,150,true],"medium":["https:\/\/i0.wp.com\/www.fazendaboqueiraorn.com.br\/wp-content\/uploads\/2024\/08\/crescimento-pequenas-emrpesas-rn-scaled.jpg?fit=300%2C199&ssl=1",300,199,true],"medium_large":["https:\/\/i0.wp.com\/www.fazendaboqueiraorn.com.br\/wp-content\/uploads\/2024\/08\/crescimento-pequenas-emrpesas-rn-scaled.jpg?fit=768%2C509&ssl=1",768,509,true],"large":["https:\/\/i0.wp.com\/www.fazendaboqueiraorn.com.br\/wp-content\/uploads\/2024\/08\/crescimento-pequenas-emrpesas-rn-scaled.jpg?fit=1024%2C679&ssl=1",1024,679,true],"1536x1536":["https:\/\/i0.wp.com\/www.fazendaboqueiraorn.com.br\/wp-content\/uploads\/2024\/08\/crescimento-pequenas-emrpesas-rn-scaled.jpg?fit=1000%2C663&ssl=1",1000,663,true],"2048x2048":["https:\/\/i0.wp.com\/www.fazendaboqueiraorn.com.br\/wp-content\/uploads\/2024\/08\/crescimento-pequenas-emrpesas-rn-scaled.jpg?fit=1000%2C663&ssl=1",1000,663,true],"trp-custom-language-flag":["https:\/\/i0.wp.com\/www.fazendaboqueiraorn.com.br\/wp-content\/uploads\/2024\/08\/crescimento-pequenas-emrpesas-rn-scaled.jpg?fit=18%2C12&ssl=1",18,12,true],"ultp_layout_landscape_large":["https:\/\/i0.wp.com\/www.fazendaboqueiraorn.com.br\/wp-content\/uploads\/2024\/08\/crescimento-pequenas-emrpesas-rn-scaled.jpg?resize=1000%2C663&ssl=1",1000,663,true],"ultp_layout_landscape":["https:\/\/i0.wp.com\/www.fazendaboqueiraorn.com.br\/wp-content\/uploads\/2024\/08\/crescimento-pequenas-emrpesas-rn-scaled.jpg?resize=870%2C570&ssl=1",870,570,true],"ultp_layout_portrait":["https:\/\/i0.wp.com\/www.fazendaboqueiraorn.com.br\/wp-content\/uploads\/2024\/08\/crescimento-pequenas-emrpesas-rn-scaled.jpg?resize=600%2C663&ssl=1",600,708,true],"ultp_layout_square":["https:\/\/i0.wp.com\/www.fazendaboqueiraorn.com.br\/wp-content\/uploads\/2024\/08\/crescimento-pequenas-emrpesas-rn-scaled.jpg?resize=600%2C600&ssl=1",600,600,true],"woocommerce_thumbnail":["https:\/\/www.fazendaboqueiraorn.com.br\/wp-content\/uploads\/2024\/08\/crescimento-pequenas-emrpesas-rn-300x300.jpg",300,300,true],"woocommerce_single":["https:\/\/www.fazendaboqueiraorn.com.br\/wp-content\/uploads\/2024\/08\/crescimento-pequenas-emrpesas-rn-scaled.jpg",600,398,false],"woocommerce_gallery_thumbnail":["https:\/\/www.fazendaboqueiraorn.com.br\/wp-content\/uploads\/2024\/08\/crescimento-pequenas-emrpesas-rn-100x100.jpg",100,100,true],"web-stories-poster-portrait":["https:\/\/www.fazendaboqueiraorn.com.br\/wp-content\/uploads\/2024\/08\/crescimento-pequenas-emrpesas-rn-640x708.jpg",640,708,true],"web-stories-publisher-logo":["https:\/\/www.fazendaboqueiraorn.com.br\/wp-content\/uploads\/2024\/08\/crescimento-pequenas-emrpesas-rn-96x96.jpg",96,96,true],"web-stories-thumbnail":["https:\/\/www.fazendaboqueiraorn.com.br\/wp-content\/uploads\/2024\/08\/crescimento-pequenas-emrpesas-rn-150x99.jpg",150,99,true]},"uagb_author_info":{"display_name":"Fazenda Boqueir\u00e3o","author_link":"https:\/\/www.fazendaboqueiraorn.com.br\/en\/author\/fazenda\/"},"uagb_comment_info":0,"uagb_excerpt":"Pequenas empresas do agroneg\u00f3cio crescem 76,3% no RN entre 2019 e 2024 no Rio Grande do Norte, saltando de 3.074 para 5.421 entre microempresa (ME), empreendedores individuais (MEI) e Empresas de Pequeno Porte (EPP).","jetpack_featured_media_url":"https:\/\/i0.wp.com\/www.fazendaboqueiraorn.com.br\/wp-content\/uploads\/2024\/08\/crescimento-pequenas-emrpesas-rn-scaled.jpg?fit=1000%2C663&ssl=1","jetpack_sharing_enabled":true,"jetpack_likes_enabled":true,"_links":{"self":[{"href":"https:\/\/www.fazendaboqueiraorn.com.br\/en\/wp-json\/wp\/v2\/posts\/5587","targetHints":{"allow":["GET"]}}],"collection":[{"href":"https:\/\/www.fazendaboqueiraorn.com.br\/en\/wp-json\/wp\/v2\/posts"}],"about":[{"href":"https:\/\/www.fazendaboqueiraorn.com.br\/en\/wp-json\/wp\/v2\/types\/post"}],"author":[{"embeddable":true,"href":"https:\/\/www.fazendaboqueiraorn.com.br\/en\/wp-json\/wp\/v2\/users\/2"}],"replies":[{"embeddable":true,"href":"https:\/\/www.fazendaboqueiraorn.com.br\/en\/wp-json\/wp\/v2\/comments?post=5587"}],"version-history":[{"count":2,"href":"https:\/\/www.fazendaboqueiraorn.com.br\/en\/wp-json\/wp\/v2\/posts\/5587\/revisions"}],"predecessor-version":[{"id":5591,"href":"https:\/\/www.fazendaboqueiraorn.com.br\/en\/wp-json\/wp\/v2\/posts\/5587\/revisions\/5591"}],"wp:featuredmedia":[{"embeddable":true,"href":"https:\/\/www.fazendaboqueiraorn.com.br\/en\/wp-json\/wp\/v2\/media\/5589"}],"wp:attachment":[{"href":"https:\/\/www.fazendaboqueiraorn.com.br\/en\/wp-json\/wp\/v2\/media?parent=5587"}],"wp:term":[{"taxonomy":"category","embeddable":true,"href":"https:\/\/www.fazendaboqueiraorn.com.br\/en\/wp-json\/wp\/v2\/categories?post=5587"},{"taxonomy":"post_tag","embeddable":true,"href":"https:\/\/www.fazendaboqueiraorn.com.br\/en\/wp-json\/wp\/v2\/tags?post=5587"}],"curies":[{"name":"wp","href":"https:\/\/api.w.org\/{rel}","templated":true}]}}