{"id":5530,"date":"2024-07-31T09:45:04","date_gmt":"2024-07-31T12:45:04","guid":{"rendered":"https:\/\/www.fazendaboqueiraorn.com.br\/?p=5530"},"modified":"2024-07-31T09:45:10","modified_gmt":"2024-07-31T12:45:10","slug":"macaxeira-e-colhida-com-44kgs-em-caraubas-rn","status":"publish","type":"post","link":"https:\/\/www.fazendaboqueiraorn.com.br\/en\/macaxeira-e-colhida-com-44kgs-em-caraubas-rn\/","title":{"rendered":"Macaxeira \u00e9 colhida com 44kgs em Cara\u00fabas\/RN"},"content":{"rendered":"<figure class=\"wp-block-image size-full\"><img data-recalc-dims=\"1\" decoding=\"async\" width=\"914\" height=\"539\" loading=\"lazy\" src=\"https:\/\/i0.wp.com\/www.fazendaboqueiraorn.com.br\/wp-content\/uploads\/2024\/07\/macaxeira-de-44kgs.jpg?resize=914%2C539&#038;ssl=1\" alt=\"\" class=\"wp-image-5531\" srcset=\"https:\/\/i0.wp.com\/www.fazendaboqueiraorn.com.br\/wp-content\/uploads\/2024\/07\/macaxeira-de-44kgs.jpg?w=914&amp;ssl=1 914w, https:\/\/i0.wp.com\/www.fazendaboqueiraorn.com.br\/wp-content\/uploads\/2024\/07\/macaxeira-de-44kgs.jpg?resize=300%2C177&amp;ssl=1 300w, https:\/\/i0.wp.com\/www.fazendaboqueiraorn.com.br\/wp-content\/uploads\/2024\/07\/macaxeira-de-44kgs.jpg?resize=768%2C453&amp;ssl=1 768w, https:\/\/i0.wp.com\/www.fazendaboqueiraorn.com.br\/wp-content\/uploads\/2024\/07\/macaxeira-de-44kgs.jpg?resize=18%2C12&amp;ssl=1 18w, https:\/\/i0.wp.com\/www.fazendaboqueiraorn.com.br\/wp-content\/uploads\/2024\/07\/macaxeira-de-44kgs.jpg?resize=600%2C354&amp;ssl=1 600w, https:\/\/i0.wp.com\/www.fazendaboqueiraorn.com.br\/wp-content\/uploads\/2024\/07\/macaxeira-de-44kgs.jpg?resize=150%2C88&amp;ssl=1 150w\" sizes=\"auto, (max-width: 914px) 100vw, 914px\" \/><\/figure>\n\n\n\n<p>Macaxeira \u00e9 colhida com 44kgs em Cara\u00fabas\/RN por Geovane Sales com mais de 3 metros de comprimento cultivada apenas com a \u00e1gua das chuvas.<\/p>\n\n\n\n<p>O fato aconteceu no assentamento Petrolina, na zona rural do munic\u00edpio. O produtor Geovane Sales, conta que plantou a raiz h\u00e1 cerca de um ano e meio. Para arrancar a macaxeira do solo, o agricultor precisou de ajuda por causa do peso e do tamanho. Foram dois homens para retir\u00e1-la da terra.<\/p>\n\n\n\n<p>Ap\u00f3s ser retirada, ele mediu a raiz que tinha 3 metros e 10 cent\u00edmetros. A \u00e1rea plantada \u00e9 dos pais de Geovane, Wilma Oliveira e Reginaldo Sales, que tamb\u00e9m s\u00e3o agricultores. O produtor explica que n\u00e3o costuma utilizar irriga\u00e7\u00e3o nos cultivos. \u201c\u00c9 s\u00f3 terra natural, n\u00e3o tem adubo. E n\u00e3o foi irrigado tamb\u00e9m, n\u00e3o. Foi s\u00f3 a \u00e1gua do inverno que ela pegou\u201d.<\/p>\n\n\n\n<figure class=\"wp-block-image size-full\"><img data-recalc-dims=\"1\" decoding=\"async\" width=\"984\" height=\"553\" loading=\"lazy\" src=\"https:\/\/i0.wp.com\/www.fazendaboqueiraorn.com.br\/wp-content\/uploads\/2024\/07\/macaxeira-de-44kgs-pesagem.jpg?resize=984%2C553&#038;ssl=1\" alt=\"Macaxeira de 44kgs\" class=\"wp-image-5532\" srcset=\"https:\/\/i0.wp.com\/www.fazendaboqueiraorn.com.br\/wp-content\/uploads\/2024\/07\/macaxeira-de-44kgs-pesagem.jpg?w=984&amp;ssl=1 984w, https:\/\/i0.wp.com\/www.fazendaboqueiraorn.com.br\/wp-content\/uploads\/2024\/07\/macaxeira-de-44kgs-pesagem.jpg?resize=300%2C169&amp;ssl=1 300w, https:\/\/i0.wp.com\/www.fazendaboqueiraorn.com.br\/wp-content\/uploads\/2024\/07\/macaxeira-de-44kgs-pesagem.jpg?resize=768%2C432&amp;ssl=1 768w, https:\/\/i0.wp.com\/www.fazendaboqueiraorn.com.br\/wp-content\/uploads\/2024\/07\/macaxeira-de-44kgs-pesagem.jpg?resize=18%2C10&amp;ssl=1 18w, https:\/\/i0.wp.com\/www.fazendaboqueiraorn.com.br\/wp-content\/uploads\/2024\/07\/macaxeira-de-44kgs-pesagem.jpg?resize=600%2C337&amp;ssl=1 600w, https:\/\/i0.wp.com\/www.fazendaboqueiraorn.com.br\/wp-content\/uploads\/2024\/07\/macaxeira-de-44kgs-pesagem.jpg?resize=150%2C84&amp;ssl=1 150w\" sizes=\"auto, (max-width: 984px) 100vw, 984px\" \/><\/figure>\n\n\n\n<p>Geovane conta que \u00e9 normal cultivar a planta e colher at\u00e9 dois anos ap\u00f3s plantada, se ela n\u00e3o estiver oca por dentro. Ele acredita que essa ainda cresceria mais, caso n\u00e3o tivesse sido colhida.<\/p>\n\n\n\n<p>Ele diz ainda que o tamanho da macaxeira \u00e9 resultado da qualidade da terra. Ele j\u00e1 havia retirado outras macaxeiras com cerca de 1 metro e meio.<\/p>\n\n\n\n<p>\u201cA gente n\u00e3o sabia que chamava tanta aten\u00e7\u00e3o. Quando arrancamos essa com mais de 3 metros, n\u00f3s resolvemos mostrar para o pessoal ver. J\u00e1 veio gente aqui e disse que nunca tinha visto na vida uma macaxeira desse tamanho\u201d, conta Geovane.<\/p>","protected":false},"excerpt":{"rendered":"<p>Macaxeira \u00e9 colhida com 44kgs em Cara\u00fabas\/RN por Geovane Sales com mais de 3 metros de comprimento cultivada apenas com a \u00e1gua das chuvas.<\/p>","protected":false},"author":2,"featured_media":5531,"comment_status":"open","ping_status":"open","sticky":false,"template":"","format":"standard","meta":{"nf_dc_page":"","_uag_custom_page_level_css":"","site-sidebar-layout":"default","site-content-layout":"","ast-site-content-layout":"default","site-content-style":"default","site-sidebar-style":"default","ast-global-header-display":"","ast-banner-title-visibility":"","ast-main-header-display":"","ast-hfb-above-header-display":"","ast-hfb-below-header-display":"","ast-hfb-mobile-header-display":"","site-post-title":"","ast-breadcrumbs-content":"","ast-featured-img":"","footer-sml-layout":"","ast-disable-related-posts":"","theme-transparent-header-meta":"","adv-header-id-meta":"","stick-header-meta":"","header-above-stick-meta":"","header-main-stick-meta":"","header-below-stick-meta":"","astra-migrate-meta-layouts":"default","ast-page-background-enabled":"default","ast-page-background-meta":{"desktop":{"background-color":"var(--ast-global-color-4)","background-image":"","background-repeat":"repeat","background-position":"center center","background-size":"auto","background-attachment":"scroll","background-type":"","background-media":"","overlay-type":"","overlay-color":"","overlay-opacity":"","overlay-gradient":""},"tablet":{"background-color":"","background-image":"","background-repeat":"repeat","background-position":"center center","background-size":"auto","background-attachment":"scroll","background-type":"","background-media":"","overlay-type":"","overlay-color":"","overlay-opacity":"","overlay-gradient":""},"mobile":{"background-color":"","background-image":"","background-repeat":"repeat","background-position":"center center","background-size":"auto","background-attachment":"scroll","background-type":"","background-media":"","overlay-type":"","overlay-color":"","overlay-opacity":"","overlay-gradient":""}},"ast-content-background-meta":{"desktop":{"background-color":"var(--ast-global-color-5)","background-image":"","background-repeat":"repeat","background-position":"center center","background-size":"auto","background-attachment":"scroll","background-type":"","background-media":"","overlay-type":"","overlay-color":"","overlay-opacity":"","overlay-gradient":""},"tablet":{"background-color":"var(--ast-global-color-5)","background-image":"","background-repeat":"repeat","background-position":"center center","background-size":"auto","background-attachment":"scroll","background-type":"","background-media":"","overlay-type":"","overlay-color":"","overlay-opacity":"","overlay-gradient":""},"mobile":{"background-color":"var(--ast-global-color-5)","background-image":"","background-repeat":"repeat","background-position":"center center","background-size":"auto","background-attachment":"scroll","background-type":"","background-media":"","overlay-type":"","overlay-color":"","overlay-opacity":"","overlay-gradient":""}},"jetpack_post_was_ever_published":false,"_jetpack_newsletter_access":"","_jetpack_dont_email_post_to_subs":false,"_jetpack_newsletter_tier_id":0,"_jetpack_memberships_contains_paywalled_content":false,"_jetpack_memberships_contains_paid_content":false,"footnotes":"","jetpack_publicize_message":"","jetpack_publicize_feature_enabled":false,"jetpack_social_post_already_shared":false,"jetpack_social_options":{"image_generator_settings":{"template":"highway","enabled":false},"version":2}},"categories":[1],"tags":[251,339,228,202,120,241,2915],"class_list":["post-5530","post","type-post","status-publish","format-standard","has-post-thumbnail","hentry","category-noticia","tag-adubo","tag-caraubas","tag-chuva","tag-culto","tag-gado","tag-inverno","tag-macaxeira"],"yoast_head":"<!-- This site is optimized with the Yoast SEO plugin v27.4 - https:\/\/yoast.com\/product\/yoast-seo-wordpress\/ -->\n<title>Macaxeira \u00e9 colhida com 44kgs em Cara\u00fabas\/RN - Fazenda Boqueir\u00e3o<\/title>\n<meta name=\"description\" content=\"Macaxeira \u00e9 colhida com 44kgs em Cara\u00fabas\/RN por Geovane Sales com mais de 3 metros de comprimento cultivada apenas com a \u00e1gua das chuvas.\" \/>\n<meta name=\"robots\" content=\"index, follow, max-snippet:-1, max-image-preview:large, max-video-preview:-1\" \/>\n<link rel=\"canonical\" href=\"https:\/\/www.fazendaboqueiraorn.com.br\/en\/macaxeira-e-colhida-com-44kgs-em-caraubas-rn\/\" \/>\n<meta property=\"og:locale\" content=\"en_US\" \/>\n<meta property=\"og:type\" content=\"article\" \/>\n<meta property=\"og:title\" content=\"Macaxeira \u00e9 colhida com 44kgs em Cara\u00fabas\/RN - Fazenda Boqueir\u00e3o\" \/>\n<meta property=\"og:description\" content=\"Macaxeira \u00e9 colhida com 44kgs em Cara\u00fabas\/RN por Geovane Sales com mais de 3 metros de comprimento cultivada apenas com a \u00e1gua das chuvas.\" \/>\n<meta property=\"og:url\" content=\"https:\/\/www.fazendaboqueiraorn.com.br\/en\/macaxeira-e-colhida-com-44kgs-em-caraubas-rn\/\" \/>\n<meta property=\"og:site_name\" content=\"Fazenda Boqueir\u00e3o\" \/>\n<meta property=\"article:publisher\" content=\"https:\/\/www.facebook.com\/fazboqueirao\" \/>\n<meta property=\"article:published_time\" content=\"2024-07-31T12:45:04+00:00\" \/>\n<meta property=\"article:modified_time\" content=\"2024-07-31T12:45:10+00:00\" \/>\n<meta property=\"og:image\" content=\"https:\/\/www.fazendaboqueiraorn.com.br\/wp-content\/uploads\/2024\/07\/macaxeira-de-44kgs.jpg\" \/>\n\t<meta property=\"og:image:width\" content=\"914\" \/>\n\t<meta property=\"og:image:height\" content=\"539\" \/>\n\t<meta property=\"og:image:type\" content=\"image\/jpeg\" \/>\n<meta name=\"author\" content=\"Fazenda Boqueir\u00e3o\" \/>\n<meta name=\"twitter:card\" content=\"summary_large_image\" \/>\n<meta name=\"twitter:creator\" content=\"@FazBoqueirao\" \/>\n<meta name=\"twitter:site\" content=\"@FazBoqueirao\" \/>\n<meta name=\"twitter:label1\" content=\"Written by\" \/>\n\t<meta name=\"twitter:data1\" content=\"Fazenda Boqueir\u00e3o\" \/>\n\t<meta name=\"twitter:label2\" content=\"Est. reading time\" \/>\n\t<meta name=\"twitter:data2\" content=\"2 minutes\" \/>\n<script type=\"application\/ld+json\" class=\"yoast-schema-graph\">{\"@context\":\"https:\\\/\\\/schema.org\",\"@graph\":[{\"@type\":\"Article\",\"@id\":\"https:\\\/\\\/www.fazendaboqueiraorn.com.br\\\/macaxeira-e-colhida-com-44kgs-em-caraubas-rn\\\/#article\",\"isPartOf\":{\"@id\":\"https:\\\/\\\/www.fazendaboqueiraorn.com.br\\\/macaxeira-e-colhida-com-44kgs-em-caraubas-rn\\\/\"},\"author\":{\"name\":\"Fazenda Boqueir\u00e3o\",\"@id\":\"https:\\\/\\\/www.fazendaboqueiraorn.com.br\\\/#\\\/schema\\\/person\\\/70484dc96f76e66c6365a9f4a2ebfb02\"},\"headline\":\"Macaxeira \u00e9 colhida com 44kgs em Cara\u00fabas\\\/RN\",\"datePublished\":\"2024-07-31T12:45:04+00:00\",\"dateModified\":\"2024-07-31T12:45:10+00:00\",\"mainEntityOfPage\":{\"@id\":\"https:\\\/\\\/www.fazendaboqueiraorn.com.br\\\/macaxeira-e-colhida-com-44kgs-em-caraubas-rn\\\/\"},\"wordCount\":259,\"commentCount\":0,\"publisher\":{\"@id\":\"https:\\\/\\\/www.fazendaboqueiraorn.com.br\\\/#organization\"},\"image\":{\"@id\":\"https:\\\/\\\/www.fazendaboqueiraorn.com.br\\\/macaxeira-e-colhida-com-44kgs-em-caraubas-rn\\\/#primaryimage\"},\"thumbnailUrl\":\"https:\\\/\\\/i0.wp.com\\\/www.fazendaboqueiraorn.com.br\\\/wp-content\\\/uploads\\\/2024\\\/07\\\/macaxeira-de-44kgs.jpg?fit=914%2C539&ssl=1\",\"keywords\":[\"adubo\",\"Cara\u00fabas\",\"chuva\",\"culto\",\"gado\",\"inverno\",\"macaxeira\"],\"articleSection\":[\"Not\u00edcias\"],\"inLanguage\":\"en-US\",\"potentialAction\":[{\"@type\":\"CommentAction\",\"name\":\"Comment\",\"target\":[\"https:\\\/\\\/www.fazendaboqueiraorn.com.br\\\/macaxeira-e-colhida-com-44kgs-em-caraubas-rn\\\/#respond\"]}]},{\"@type\":\"WebPage\",\"@id\":\"https:\\\/\\\/www.fazendaboqueiraorn.com.br\\\/macaxeira-e-colhida-com-44kgs-em-caraubas-rn\\\/\",\"url\":\"https:\\\/\\\/www.fazendaboqueiraorn.com.br\\\/macaxeira-e-colhida-com-44kgs-em-caraubas-rn\\\/\",\"name\":\"Macaxeira \u00e9 colhida com 44kgs em Cara\u00fabas\\\/RN - Fazenda Boqueir\u00e3o\",\"isPartOf\":{\"@id\":\"https:\\\/\\\/www.fazendaboqueiraorn.com.br\\\/#website\"},\"primaryImageOfPage\":{\"@id\":\"https:\\\/\\\/www.fazendaboqueiraorn.com.br\\\/macaxeira-e-colhida-com-44kgs-em-caraubas-rn\\\/#primaryimage\"},\"image\":{\"@id\":\"https:\\\/\\\/www.fazendaboqueiraorn.com.br\\\/macaxeira-e-colhida-com-44kgs-em-caraubas-rn\\\/#primaryimage\"},\"thumbnailUrl\":\"https:\\\/\\\/i0.wp.com\\\/www.fazendaboqueiraorn.com.br\\\/wp-content\\\/uploads\\\/2024\\\/07\\\/macaxeira-de-44kgs.jpg?fit=914%2C539&ssl=1\",\"datePublished\":\"2024-07-31T12:45:04+00:00\",\"dateModified\":\"2024-07-31T12:45:10+00:00\",\"description\":\"Macaxeira \u00e9 colhida com 44kgs em Cara\u00fabas\\\/RN por Geovane Sales com mais de 3 metros de comprimento cultivada apenas com a \u00e1gua das chuvas.\",\"breadcrumb\":{\"@id\":\"https:\\\/\\\/www.fazendaboqueiraorn.com.br\\\/macaxeira-e-colhida-com-44kgs-em-caraubas-rn\\\/#breadcrumb\"},\"inLanguage\":\"en-US\",\"potentialAction\":[{\"@type\":\"ReadAction\",\"target\":[\"https:\\\/\\\/www.fazendaboqueiraorn.com.br\\\/macaxeira-e-colhida-com-44kgs-em-caraubas-rn\\\/\"]}]},{\"@type\":\"ImageObject\",\"inLanguage\":\"en-US\",\"@id\":\"https:\\\/\\\/www.fazendaboqueiraorn.com.br\\\/macaxeira-e-colhida-com-44kgs-em-caraubas-rn\\\/#primaryimage\",\"url\":\"https:\\\/\\\/i0.wp.com\\\/www.fazendaboqueiraorn.com.br\\\/wp-content\\\/uploads\\\/2024\\\/07\\\/macaxeira-de-44kgs.jpg?fit=914%2C539&ssl=1\",\"contentUrl\":\"https:\\\/\\\/i0.wp.com\\\/www.fazendaboqueiraorn.com.br\\\/wp-content\\\/uploads\\\/2024\\\/07\\\/macaxeira-de-44kgs.jpg?fit=914%2C539&ssl=1\",\"width\":914,\"height\":539},{\"@type\":\"BreadcrumbList\",\"@id\":\"https:\\\/\\\/www.fazendaboqueiraorn.com.br\\\/macaxeira-e-colhida-com-44kgs-em-caraubas-rn\\\/#breadcrumb\",\"itemListElement\":[{\"@type\":\"ListItem\",\"position\":1,\"name\":\"Home\",\"item\":\"https:\\\/\\\/www.fazendaboqueiraorn.com.br\\\/\"},{\"@type\":\"ListItem\",\"position\":2,\"name\":\"Macaxeira \u00e9 colhida com 44kgs em Cara\u00fabas\\\/RN\"}]},{\"@type\":\"WebSite\",\"@id\":\"https:\\\/\\\/www.fazendaboqueiraorn.com.br\\\/#website\",\"url\":\"https:\\\/\\\/www.fazendaboqueiraorn.com.br\\\/\",\"name\":\"Fazenda Boqueir\u00e3o\",\"description\":\"\",\"publisher\":{\"@id\":\"https:\\\/\\\/www.fazendaboqueiraorn.com.br\\\/#organization\"},\"potentialAction\":[{\"@type\":\"SearchAction\",\"target\":{\"@type\":\"EntryPoint\",\"urlTemplate\":\"https:\\\/\\\/www.fazendaboqueiraorn.com.br\\\/?s={search_term_string}\"},\"query-input\":{\"@type\":\"PropertyValueSpecification\",\"valueRequired\":true,\"valueName\":\"search_term_string\"}}],\"inLanguage\":\"en-US\"},{\"@type\":\"Organization\",\"@id\":\"https:\\\/\\\/www.fazendaboqueiraorn.com.br\\\/#organization\",\"name\":\"Fazenda Boqueir\u00e3o\",\"url\":\"https:\\\/\\\/www.fazendaboqueiraorn.com.br\\\/\",\"logo\":{\"@type\":\"ImageObject\",\"inLanguage\":\"en-US\",\"@id\":\"https:\\\/\\\/www.fazendaboqueiraorn.com.br\\\/#\\\/schema\\\/logo\\\/image\\\/\",\"url\":\"https:\\\/\\\/i0.wp.com\\\/www.fazendaboqueiraorn.com.br\\\/wp-content\\\/uploads\\\/2021\\\/08\\\/logo-fazenda-120x120-1.png?fit=120%2C120&ssl=1\",\"contentUrl\":\"https:\\\/\\\/i0.wp.com\\\/www.fazendaboqueiraorn.com.br\\\/wp-content\\\/uploads\\\/2021\\\/08\\\/logo-fazenda-120x120-1.png?fit=120%2C120&ssl=1\",\"width\":120,\"height\":120,\"caption\":\"Fazenda Boqueir\u00e3o\"},\"image\":{\"@id\":\"https:\\\/\\\/www.fazendaboqueiraorn.com.br\\\/#\\\/schema\\\/logo\\\/image\\\/\"},\"sameAs\":[\"https:\\\/\\\/www.facebook.com\\\/fazboqueirao\",\"https:\\\/\\\/x.com\\\/FazBoqueirao\",\"http:\\\/\\\/instagram.com\\\/fazboqueirao\\\/\",\"https:\\\/\\\/www.linkedin.com\\\/company\\\/fazboqueirao\\\/\",\"https:\\\/\\\/www.youtube.com\\\/channel\\\/UCUA4_8v8HkmMeNUh8c6Ky1Q\"]},{\"@type\":\"Person\",\"@id\":\"https:\\\/\\\/www.fazendaboqueiraorn.com.br\\\/#\\\/schema\\\/person\\\/70484dc96f76e66c6365a9f4a2ebfb02\",\"name\":\"Fazenda Boqueir\u00e3o\",\"image\":{\"@type\":\"ImageObject\",\"inLanguage\":\"en-US\",\"@id\":\"https:\\\/\\\/secure.gravatar.com\\\/avatar\\\/19f19467ae305ded5d913deae2fb6c6f29fe88a0a7f3a4dca5679407289a9efd?s=96&d=mm&r=g\",\"url\":\"https:\\\/\\\/secure.gravatar.com\\\/avatar\\\/19f19467ae305ded5d913deae2fb6c6f29fe88a0a7f3a4dca5679407289a9efd?s=96&d=mm&r=g\",\"contentUrl\":\"https:\\\/\\\/secure.gravatar.com\\\/avatar\\\/19f19467ae305ded5d913deae2fb6c6f29fe88a0a7f3a4dca5679407289a9efd?s=96&d=mm&r=g\",\"caption\":\"Fazenda Boqueir\u00e3o\"},\"url\":\"https:\\\/\\\/www.fazendaboqueiraorn.com.br\\\/en\\\/author\\\/fazenda\\\/\"}]}<\/script>\n<!-- \/ Yoast SEO plugin. -->","yoast_head_json":{"title":"Macaxeira \u00e9 colhida com 44kgs em Cara\u00fabas\/RN - Fazenda Boqueir\u00e3o","description":"Macaxeira \u00e9 colhida com 44kgs em Cara\u00fabas\/RN por Geovane Sales com mais de 3 metros de comprimento cultivada apenas com a \u00e1gua das chuvas.","robots":{"index":"index","follow":"follow","max-snippet":"max-snippet:-1","max-image-preview":"max-image-preview:large","max-video-preview":"max-video-preview:-1"},"canonical":"https:\/\/www.fazendaboqueiraorn.com.br\/en\/macaxeira-e-colhida-com-44kgs-em-caraubas-rn\/","og_locale":"en_US","og_type":"article","og_title":"Macaxeira \u00e9 colhida com 44kgs em Cara\u00fabas\/RN - Fazenda Boqueir\u00e3o","og_description":"Macaxeira \u00e9 colhida com 44kgs em Cara\u00fabas\/RN por Geovane Sales com mais de 3 metros de comprimento cultivada apenas com a \u00e1gua das chuvas.","og_url":"https:\/\/www.fazendaboqueiraorn.com.br\/en\/macaxeira-e-colhida-com-44kgs-em-caraubas-rn\/","og_site_name":"Fazenda Boqueir\u00e3o","article_publisher":"https:\/\/www.facebook.com\/fazboqueirao","article_published_time":"2024-07-31T12:45:04+00:00","article_modified_time":"2024-07-31T12:45:10+00:00","og_image":[{"width":914,"height":539,"url":"https:\/\/www.fazendaboqueiraorn.com.br\/wp-content\/uploads\/2024\/07\/macaxeira-de-44kgs.jpg","type":"image\/jpeg"}],"author":"Fazenda Boqueir\u00e3o","twitter_card":"summary_large_image","twitter_creator":"@FazBoqueirao","twitter_site":"@FazBoqueirao","twitter_misc":{"Written by":"Fazenda Boqueir\u00e3o","Est. reading time":"2 minutes"},"schema":{"@context":"https:\/\/schema.org","@graph":[{"@type":"Article","@id":"https:\/\/www.fazendaboqueiraorn.com.br\/macaxeira-e-colhida-com-44kgs-em-caraubas-rn\/#article","isPartOf":{"@id":"https:\/\/www.fazendaboqueiraorn.com.br\/macaxeira-e-colhida-com-44kgs-em-caraubas-rn\/"},"author":{"name":"Fazenda Boqueir\u00e3o","@id":"https:\/\/www.fazendaboqueiraorn.com.br\/#\/schema\/person\/70484dc96f76e66c6365a9f4a2ebfb02"},"headline":"Macaxeira \u00e9 colhida com 44kgs em Cara\u00fabas\/RN","datePublished":"2024-07-31T12:45:04+00:00","dateModified":"2024-07-31T12:45:10+00:00","mainEntityOfPage":{"@id":"https:\/\/www.fazendaboqueiraorn.com.br\/macaxeira-e-colhida-com-44kgs-em-caraubas-rn\/"},"wordCount":259,"commentCount":0,"publisher":{"@id":"https:\/\/www.fazendaboqueiraorn.com.br\/#organization"},"image":{"@id":"https:\/\/www.fazendaboqueiraorn.com.br\/macaxeira-e-colhida-com-44kgs-em-caraubas-rn\/#primaryimage"},"thumbnailUrl":"https:\/\/i0.wp.com\/www.fazendaboqueiraorn.com.br\/wp-content\/uploads\/2024\/07\/macaxeira-de-44kgs.jpg?fit=914%2C539&ssl=1","keywords":["adubo","Cara\u00fabas","chuva","culto","gado","inverno","macaxeira"],"articleSection":["Not\u00edcias"],"inLanguage":"en-US","potentialAction":[{"@type":"CommentAction","name":"Comment","target":["https:\/\/www.fazendaboqueiraorn.com.br\/macaxeira-e-colhida-com-44kgs-em-caraubas-rn\/#respond"]}]},{"@type":"WebPage","@id":"https:\/\/www.fazendaboqueiraorn.com.br\/macaxeira-e-colhida-com-44kgs-em-caraubas-rn\/","url":"https:\/\/www.fazendaboqueiraorn.com.br\/macaxeira-e-colhida-com-44kgs-em-caraubas-rn\/","name":"Macaxeira \u00e9 colhida com 44kgs em Cara\u00fabas\/RN - Fazenda Boqueir\u00e3o","isPartOf":{"@id":"https:\/\/www.fazendaboqueiraorn.com.br\/#website"},"primaryImageOfPage":{"@id":"https:\/\/www.fazendaboqueiraorn.com.br\/macaxeira-e-colhida-com-44kgs-em-caraubas-rn\/#primaryimage"},"image":{"@id":"https:\/\/www.fazendaboqueiraorn.com.br\/macaxeira-e-colhida-com-44kgs-em-caraubas-rn\/#primaryimage"},"thumbnailUrl":"https:\/\/i0.wp.com\/www.fazendaboqueiraorn.com.br\/wp-content\/uploads\/2024\/07\/macaxeira-de-44kgs.jpg?fit=914%2C539&ssl=1","datePublished":"2024-07-31T12:45:04+00:00","dateModified":"2024-07-31T12:45:10+00:00","description":"Macaxeira \u00e9 colhida com 44kgs em Cara\u00fabas\/RN por Geovane Sales com mais de 3 metros de comprimento cultivada apenas com a \u00e1gua das chuvas.","breadcrumb":{"@id":"https:\/\/www.fazendaboqueiraorn.com.br\/macaxeira-e-colhida-com-44kgs-em-caraubas-rn\/#breadcrumb"},"inLanguage":"en-US","potentialAction":[{"@type":"ReadAction","target":["https:\/\/www.fazendaboqueiraorn.com.br\/macaxeira-e-colhida-com-44kgs-em-caraubas-rn\/"]}]},{"@type":"ImageObject","inLanguage":"en-US","@id":"https:\/\/www.fazendaboqueiraorn.com.br\/macaxeira-e-colhida-com-44kgs-em-caraubas-rn\/#primaryimage","url":"https:\/\/i0.wp.com\/www.fazendaboqueiraorn.com.br\/wp-content\/uploads\/2024\/07\/macaxeira-de-44kgs.jpg?fit=914%2C539&ssl=1","contentUrl":"https:\/\/i0.wp.com\/www.fazendaboqueiraorn.com.br\/wp-content\/uploads\/2024\/07\/macaxeira-de-44kgs.jpg?fit=914%2C539&ssl=1","width":914,"height":539},{"@type":"BreadcrumbList","@id":"https:\/\/www.fazendaboqueiraorn.com.br\/macaxeira-e-colhida-com-44kgs-em-caraubas-rn\/#breadcrumb","itemListElement":[{"@type":"ListItem","position":1,"name":"Home","item":"https:\/\/www.fazendaboqueiraorn.com.br\/"},{"@type":"ListItem","position":2,"name":"Macaxeira \u00e9 colhida com 44kgs em Cara\u00fabas\/RN"}]},{"@type":"WebSite","@id":"https:\/\/www.fazendaboqueiraorn.com.br\/#website","url":"https:\/\/www.fazendaboqueiraorn.com.br\/","name":"Fazenda Boqueir\u00e3o","description":"","publisher":{"@id":"https:\/\/www.fazendaboqueiraorn.com.br\/#organization"},"potentialAction":[{"@type":"SearchAction","target":{"@type":"EntryPoint","urlTemplate":"https:\/\/www.fazendaboqueiraorn.com.br\/?s={search_term_string}"},"query-input":{"@type":"PropertyValueSpecification","valueRequired":true,"valueName":"search_term_string"}}],"inLanguage":"en-US"},{"@type":"Organization","@id":"https:\/\/www.fazendaboqueiraorn.com.br\/#organization","name":"Fazenda Boqueir\u00e3o","url":"https:\/\/www.fazendaboqueiraorn.com.br\/","logo":{"@type":"ImageObject","inLanguage":"en-US","@id":"https:\/\/www.fazendaboqueiraorn.com.br\/#\/schema\/logo\/image\/","url":"https:\/\/i0.wp.com\/www.fazendaboqueiraorn.com.br\/wp-content\/uploads\/2021\/08\/logo-fazenda-120x120-1.png?fit=120%2C120&ssl=1","contentUrl":"https:\/\/i0.wp.com\/www.fazendaboqueiraorn.com.br\/wp-content\/uploads\/2021\/08\/logo-fazenda-120x120-1.png?fit=120%2C120&ssl=1","width":120,"height":120,"caption":"Fazenda Boqueir\u00e3o"},"image":{"@id":"https:\/\/www.fazendaboqueiraorn.com.br\/#\/schema\/logo\/image\/"},"sameAs":["https:\/\/www.facebook.com\/fazboqueirao","https:\/\/x.com\/FazBoqueirao","http:\/\/instagram.com\/fazboqueirao\/","https:\/\/www.linkedin.com\/company\/fazboqueirao\/","https:\/\/www.youtube.com\/channel\/UCUA4_8v8HkmMeNUh8c6Ky1Q"]},{"@type":"Person","@id":"https:\/\/www.fazendaboqueiraorn.com.br\/#\/schema\/person\/70484dc96f76e66c6365a9f4a2ebfb02","name":"Fazenda Boqueir\u00e3o","image":{"@type":"ImageObject","inLanguage":"en-US","@id":"https:\/\/secure.gravatar.com\/avatar\/19f19467ae305ded5d913deae2fb6c6f29fe88a0a7f3a4dca5679407289a9efd?s=96&d=mm&r=g","url":"https:\/\/secure.gravatar.com\/avatar\/19f19467ae305ded5d913deae2fb6c6f29fe88a0a7f3a4dca5679407289a9efd?s=96&d=mm&r=g","contentUrl":"https:\/\/secure.gravatar.com\/avatar\/19f19467ae305ded5d913deae2fb6c6f29fe88a0a7f3a4dca5679407289a9efd?s=96&d=mm&r=g","caption":"Fazenda Boqueir\u00e3o"},"url":"https:\/\/www.fazendaboqueiraorn.com.br\/en\/author\/fazenda\/"}]}},"jetpack_publicize_connections":[],"uagb_featured_image_src":{"full":["https:\/\/i0.wp.com\/www.fazendaboqueiraorn.com.br\/wp-content\/uploads\/2024\/07\/macaxeira-de-44kgs.jpg?fit=914%2C539&ssl=1",914,539,false],"thumbnail":["https:\/\/i0.wp.com\/www.fazendaboqueiraorn.com.br\/wp-content\/uploads\/2024\/07\/macaxeira-de-44kgs.jpg?resize=150%2C150&ssl=1",150,150,true],"medium":["https:\/\/i0.wp.com\/www.fazendaboqueiraorn.com.br\/wp-content\/uploads\/2024\/07\/macaxeira-de-44kgs.jpg?fit=300%2C177&ssl=1",300,177,true],"medium_large":["https:\/\/i0.wp.com\/www.fazendaboqueiraorn.com.br\/wp-content\/uploads\/2024\/07\/macaxeira-de-44kgs.jpg?fit=768%2C453&ssl=1",768,453,true],"large":["https:\/\/i0.wp.com\/www.fazendaboqueiraorn.com.br\/wp-content\/uploads\/2024\/07\/macaxeira-de-44kgs.jpg?fit=914%2C539&ssl=1",914,539,true],"1536x1536":["https:\/\/i0.wp.com\/www.fazendaboqueiraorn.com.br\/wp-content\/uploads\/2024\/07\/macaxeira-de-44kgs.jpg?fit=914%2C539&ssl=1",914,539,true],"2048x2048":["https:\/\/i0.wp.com\/www.fazendaboqueiraorn.com.br\/wp-content\/uploads\/2024\/07\/macaxeira-de-44kgs.jpg?fit=914%2C539&ssl=1",914,539,true],"trp-custom-language-flag":["https:\/\/i0.wp.com\/www.fazendaboqueiraorn.com.br\/wp-content\/uploads\/2024\/07\/macaxeira-de-44kgs.jpg?fit=18%2C12&ssl=1",18,12,true],"ultp_layout_landscape_large":["https:\/\/i0.wp.com\/www.fazendaboqueiraorn.com.br\/wp-content\/uploads\/2024\/07\/macaxeira-de-44kgs.jpg?resize=914%2C539&ssl=1",914,539,true],"ultp_layout_landscape":["https:\/\/i0.wp.com\/www.fazendaboqueiraorn.com.br\/wp-content\/uploads\/2024\/07\/macaxeira-de-44kgs.jpg?resize=870%2C539&ssl=1",870,539,true],"ultp_layout_portrait":["https:\/\/i0.wp.com\/www.fazendaboqueiraorn.com.br\/wp-content\/uploads\/2024\/07\/macaxeira-de-44kgs.jpg?resize=600%2C539&ssl=1",600,539,true],"ultp_layout_square":["https:\/\/i0.wp.com\/www.fazendaboqueiraorn.com.br\/wp-content\/uploads\/2024\/07\/macaxeira-de-44kgs.jpg?resize=600%2C539&ssl=1",600,539,true],"woocommerce_thumbnail":["https:\/\/www.fazendaboqueiraorn.com.br\/wp-content\/uploads\/2024\/07\/macaxeira-de-44kgs-300x300.jpg",300,300,true],"woocommerce_single":["https:\/\/www.fazendaboqueiraorn.com.br\/wp-content\/uploads\/2024\/07\/macaxeira-de-44kgs.jpg",600,354,false],"woocommerce_gallery_thumbnail":["https:\/\/www.fazendaboqueiraorn.com.br\/wp-content\/uploads\/2024\/07\/macaxeira-de-44kgs-100x100.jpg",100,100,true],"web-stories-poster-portrait":["https:\/\/www.fazendaboqueiraorn.com.br\/wp-content\/uploads\/2024\/07\/macaxeira-de-44kgs-640x539.jpg",640,539,true],"web-stories-publisher-logo":["https:\/\/www.fazendaboqueiraorn.com.br\/wp-content\/uploads\/2024\/07\/macaxeira-de-44kgs-96x96.jpg",96,96,true],"web-stories-thumbnail":["https:\/\/www.fazendaboqueiraorn.com.br\/wp-content\/uploads\/2024\/07\/macaxeira-de-44kgs-150x88.jpg",150,88,true]},"uagb_author_info":{"display_name":"Fazenda Boqueir\u00e3o","author_link":"https:\/\/www.fazendaboqueiraorn.com.br\/en\/author\/fazenda\/"},"uagb_comment_info":0,"uagb_excerpt":"Macaxeira \u00e9 colhida com 44kgs em Cara\u00fabas\/RN por Geovane Sales com mais de 3 metros de comprimento cultivada apenas com a \u00e1gua das chuvas.","jetpack_featured_media_url":"https:\/\/i0.wp.com\/www.fazendaboqueiraorn.com.br\/wp-content\/uploads\/2024\/07\/macaxeira-de-44kgs.jpg?fit=914%2C539&ssl=1","jetpack_sharing_enabled":true,"jetpack_likes_enabled":true,"_links":{"self":[{"href":"https:\/\/www.fazendaboqueiraorn.com.br\/en\/wp-json\/wp\/v2\/posts\/5530","targetHints":{"allow":["GET"]}}],"collection":[{"href":"https:\/\/www.fazendaboqueiraorn.com.br\/en\/wp-json\/wp\/v2\/posts"}],"about":[{"href":"https:\/\/www.fazendaboqueiraorn.com.br\/en\/wp-json\/wp\/v2\/types\/post"}],"author":[{"embeddable":true,"href":"https:\/\/www.fazendaboqueiraorn.com.br\/en\/wp-json\/wp\/v2\/users\/2"}],"replies":[{"embeddable":true,"href":"https:\/\/www.fazendaboqueiraorn.com.br\/en\/wp-json\/wp\/v2\/comments?post=5530"}],"version-history":[{"count":1,"href":"https:\/\/www.fazendaboqueiraorn.com.br\/en\/wp-json\/wp\/v2\/posts\/5530\/revisions"}],"predecessor-version":[{"id":5533,"href":"https:\/\/www.fazendaboqueiraorn.com.br\/en\/wp-json\/wp\/v2\/posts\/5530\/revisions\/5533"}],"wp:featuredmedia":[{"embeddable":true,"href":"https:\/\/www.fazendaboqueiraorn.com.br\/en\/wp-json\/wp\/v2\/media\/5531"}],"wp:attachment":[{"href":"https:\/\/www.fazendaboqueiraorn.com.br\/en\/wp-json\/wp\/v2\/media?parent=5530"}],"wp:term":[{"taxonomy":"category","embeddable":true,"href":"https:\/\/www.fazendaboqueiraorn.com.br\/en\/wp-json\/wp\/v2\/categories?post=5530"},{"taxonomy":"post_tag","embeddable":true,"href":"https:\/\/www.fazendaboqueiraorn.com.br\/en\/wp-json\/wp\/v2\/tags?post=5530"}],"curies":[{"name":"wp","href":"https:\/\/api.w.org\/{rel}","templated":true}]}}