{"id":5442,"date":"2024-06-28T15:17:03","date_gmt":"2024-06-28T18:17:03","guid":{"rendered":"https:\/\/www.fazendaboqueiraorn.com.br\/?p=5442"},"modified":"2024-06-28T15:17:07","modified_gmt":"2024-06-28T18:17:07","slug":"intergen-gestao-de-genetica-de-bovinos","status":"publish","type":"post","link":"https:\/\/www.fazendaboqueiraorn.com.br\/en\/intergen-gestao-de-genetica-de-bovinos\/","title":{"rendered":"Intergen: gest\u00e3o de gen\u00e9tica de bovinos"},"content":{"rendered":"<figure class=\"wp-block-image aligncenter size-full\"><img data-recalc-dims=\"1\" decoding=\"async\" width=\"900\" height=\"642\" loading=\"lazy\" src=\"https:\/\/i0.wp.com\/www.fazendaboqueiraorn.com.br\/wp-content\/uploads\/2024\/06\/intergen.jpg?resize=900%2C642&#038;ssl=1\" alt=\"Intergen\" class=\"wp-image-5446\" srcset=\"https:\/\/i0.wp.com\/www.fazendaboqueiraorn.com.br\/wp-content\/uploads\/2024\/06\/intergen.jpg?w=900&amp;ssl=1 900w, https:\/\/i0.wp.com\/www.fazendaboqueiraorn.com.br\/wp-content\/uploads\/2024\/06\/intergen.jpg?resize=300%2C214&amp;ssl=1 300w, https:\/\/i0.wp.com\/www.fazendaboqueiraorn.com.br\/wp-content\/uploads\/2024\/06\/intergen.jpg?resize=768%2C548&amp;ssl=1 768w, https:\/\/i0.wp.com\/www.fazendaboqueiraorn.com.br\/wp-content\/uploads\/2024\/06\/intergen.jpg?resize=18%2C12&amp;ssl=1 18w, https:\/\/i0.wp.com\/www.fazendaboqueiraorn.com.br\/wp-content\/uploads\/2024\/06\/intergen.jpg?resize=600%2C428&amp;ssl=1 600w, https:\/\/i0.wp.com\/www.fazendaboqueiraorn.com.br\/wp-content\/uploads\/2024\/06\/intergen.jpg?resize=150%2C107&amp;ssl=1 150w\" sizes=\"auto, (max-width: 900px) 100vw, 900px\" \/><\/figure>\n\n\n\n<p>O Intergen \u00e9 um software de avalia\u00e7\u00e3o gen\u00e9tica de bovinos lan\u00e7ado em 2008 e expandido em 2016 pela EMBRAPA foi atualizado com a introdu\u00e7\u00e3o de m\u00f3dulos para processamento de dados gen\u00f4micos e inclus\u00e3o de um n\u00famero ilimitado de animais na avalia\u00e7\u00e3o gen\u00e9tica.<\/p>\n\n\n\n<p>O INTERGEN originalmente foi desenvolvido em linguagem Fortran 90\/95 com capacidade de implementar modelos hier\u00e1rquicos de Bayes e estimar seus par\u00e2metros por meio de m\u00e9todos Monte Carlo via cadeias de Markov (MCMC) e dos melhores preditores lineares n\u00e3o viesados (BLUP). <\/p>\n\n\n\n<p>Esses modelos contemplam uma diversidade de situa\u00e7\u00f5es abordadas em estudos de gen\u00e9tica quantitativa, utilizando dados de desempenho de animais dom\u00e9sticos, incluindo: incerteza de paternidade, estrutura populacional com m\u00faltiplas composi\u00e7\u00f5es raciais, intera\u00e7\u00e3o gen\u00f3tipo-ambiente, heterogeneidade de vari\u00e2ncia residual e robustez a dados extremos.<\/p>\n\n\n\n<p>Na vers\u00e3o 3 do software foi inclu\u00edda sub-rotina para predi\u00e7\u00e3o dos valores gen\u00e9ticos via BLUP, algoritmo \u00e9 flex\u00edvel o suficiente para ajustar modelos uni e multi-caracter\u00edsticas, considerando homoscedasticidade de vari\u00e2ncia residual.<\/p>\n\n\n\n<ul class=\"wp-block-list\">\n<li>sub-rotina para permitir a especifica\u00e7\u00e3o de matrizes de (co)vari\u00e2ncia definidas pelo usu\u00e1rio, permitindo a implementa\u00e7\u00e3o da sele\u00e7\u00e3o gen\u00f4mica; <\/li>\n\n\n\n<li>sub-rotina para pondera\u00e7\u00e3o do res\u00edduo, permitindo que sejam aplicados diferentes pesos para as caracter\u00edsticas; sub-rotina para permitir ao usu\u00e1rio a inclus\u00e3o de uma informa\u00e7\u00e3o a priori sobre o valor esperado (\u03bcP) e a vari\u00e2ncia (VP) dos efeitos fixos definidos no modelo, efeito normal prior; sub-rotina para o c\u00e1lculo da inversa da vari\u00e2ncia de segrega\u00e7\u00e3o mendeliana dos animais presentes no arquivo de pedigree, possibilitando que o usu\u00e1rio n\u00e3o tenha mais necessidade de informar esse valor no arquivo de pedigree; <\/li>\n\n\n\n<li>c\u00e1lculo do fen\u00f3tipo predito (\u1ef9=\u00ff-\u00ea), fen\u00f3tipo ajustado (\u1ef9=y-Xb) e res\u00edduo (\u00ea) em an\u00e1lises BLUP. <\/li>\n<\/ul>\n\n\n\n<p>Apesar de permitir modelagem complexa, possui uma interface bastante simples, sistema desktop sendo acionado atrav\u00e9s de uma janela do Command Prompt do DOS no Windows ou terminal Linux\/Mac OS e \u00e9 controlado por um arquivo de par\u00e2metros (\u201cparameterfile\u201d), o qual cont\u00e9m as informa\u00e7\u00f5es sobre os arquivos de dados, de pedigree e outros arquivos definidos pelo usu\u00e1rio, sobre os efeitos no modelo e sobre o tipo de an\u00e1lise a ser implementada. O ativo tem como aplica\u00e7\u00e3o a predi\u00e7\u00e3o de valores gen\u00e9ticos em programas de melhoramento gen\u00e9tico em bovinos de corte.<\/p>\n\n\n\n<p>Os novos m\u00f3dulos \u2013 IntergenIOD e IntergenACC \u2013 introduzem tr\u00eas novas funcionalidades, fundamentais para os programas de melhoramento gen\u00e9tico na atualidade: a possibilidade de inser\u00e7\u00e3o de informa\u00e7\u00e3o gen\u00f4mica, a capacidade de estimar o m\u00e9rito gen\u00e9tico para um n\u00famero ilimitado de animais e a estimativa aproximada da acur\u00e1cia desse m\u00e9rito gen\u00e9tico.<\/p>\n\n\n\n<p>Vin\u00edcius Junqueira, pesquisador que realizou seus estudos de mestrado e doutorado no Laborat\u00f3rio de Bioinform\u00e1tica e Estat\u00edstica Gen\u00f4mica (Labegen), conta que os programas de avalia\u00e7\u00e3o gen\u00e9tica j\u00e1 utilizam informa\u00e7\u00f5es gen\u00f4micas para estimar o m\u00e9rito dos animais, o que tem proporcionado avan\u00e7os na taxa de ganho gen\u00e9tico das popula\u00e7\u00f5es avaliadas, mas tamb\u00e9m desafios computacionais no processamento dessas informa\u00e7\u00f5es.<\/p>\n\n\n\n<p>\u201cOs m\u00f3dulos IntergenIOD e IntergenACC foram projetados especificamente para superar esses desafios computacionais. O IntergenIOD foca na estima\u00e7\u00e3o do m\u00e9rito gen\u00e9tico dos animais com uso m\u00ednimo de mem\u00f3ria RAM, enquanto o IntergenACC proporciona uma estimativa aproximada da acur\u00e1cia do m\u00e9rito gen\u00e9tico estimado pelo IntergenIOD\u201d, afirma Junqueira.<\/p>\n\n\n\n<p>Segundo Henry Carvalho, analista do Labegen, a atualiza\u00e7\u00e3o otimiza o trabalho de avalia\u00e7\u00e3o gen\u00e9tica, a partir da possibilidade de processamento de diversas an\u00e1lises de dados ao mesmo tempo. \u201cO IntergenIOD ocupa muito menos mem\u00f3ria. O mesmo ocorre com o IntergenACC, que tamb\u00e9m ocupa pouca mem\u00f3ria e chega aos resultados de acur\u00e1cia aproximada em poucos minutos, podendo inclusive rodar em paralelo com o IntergenIOD, pois n\u00e3o depende dos resultados do IntergenIOD para calcular as acur\u00e1cias aproximadas\u201d, relata.<\/p>\n\n\n\n<p>O objetivo \u00e9 trazer mais precis\u00e3o, rapidez e efici\u00eancia ao processo de resolu\u00e7\u00e3o das equa\u00e7\u00f5es de valor gen\u00e9tico dos animais e melhorar a acur\u00e1cia dos valores gen\u00e9ticos calculados, que \u00e9 a diferen\u00e7a esperada na prog\u00eanie (DEP). Essas informa\u00e7\u00f5es processadas s\u00e3o cruciais para o avan\u00e7o do melhoramento de caracter\u00edsticas de interesse atrav\u00e9s das gera\u00e7\u00f5es.<\/p>\n\n\n\n<p>\u201cEstamos migrando todos os nossos sistemas de avalia\u00e7\u00e3o para essa nova vers\u00e3o do Intergen, de forma a fornecer informa\u00e7\u00f5es cada vez mais acuradas, usando todos os dados que temos dispon\u00edveis, auxiliando o produtor na tomada de decis\u00e3o. Apesar da mudan\u00e7a no processo, estamos realizando essa transi\u00e7\u00e3o com muita confian\u00e7a de que os programas de melhoramento gen\u00e9tico ir\u00e3o continuar rodando com a mesma qualidade de sempre\u201d, destaca o chefe-geral da Embrapa Pecu\u00e1ria Sul, Fernando Cardoso.<\/p>\n\n\n\n<p><strong>Download<\/strong>: <a href=\"https:\/\/arquivos.cppsul.embrapa.br\/downloads\/intergen\/\" target=\"_blank\" rel=\"noreferrer noopener\">https:\/\/arquivos.cppsul.embrapa.br\/downloads\/intergen\/<\/a><\/p>","protected":false},"excerpt":{"rendered":"<p>O Intergen \u00e9 um software de avalia\u00e7\u00e3o gen\u00e9tica de bovinos lan\u00e7ado em 2008 e expandido em 2016 pela EMBRAPA foi atualizado com a introdu\u00e7\u00e3o de m\u00f3dulos para processamento de dados gen\u00f4micos e inclus\u00e3o de um n\u00famero ilimitado de animais na avalia\u00e7\u00e3o gen\u00e9tica.<\/p>","protected":false},"author":2,"featured_media":5446,"comment_status":"open","ping_status":"open","sticky":false,"template":"","format":"standard","meta":{"nf_dc_page":"","_uag_custom_page_level_css":"","site-sidebar-layout":"default","site-content-layout":"","ast-site-content-layout":"default","site-content-style":"default","site-sidebar-style":"default","ast-global-header-display":"","ast-banner-title-visibility":"","ast-main-header-display":"","ast-hfb-above-header-display":"","ast-hfb-below-header-display":"","ast-hfb-mobile-header-display":"","site-post-title":"","ast-breadcrumbs-content":"","ast-featured-img":"","footer-sml-layout":"","ast-disable-related-posts":"","theme-transparent-header-meta":"","adv-header-id-meta":"","stick-header-meta":"","header-above-stick-meta":"","header-main-stick-meta":"","header-below-stick-meta":"","astra-migrate-meta-layouts":"default","ast-page-background-enabled":"default","ast-page-background-meta":{"desktop":{"background-color":"var(--ast-global-color-4)","background-image":"","background-repeat":"repeat","background-position":"center center","background-size":"auto","background-attachment":"scroll","background-type":"","background-media":"","overlay-type":"","overlay-color":"","overlay-opacity":"","overlay-gradient":""},"tablet":{"background-color":"","background-image":"","background-repeat":"repeat","background-position":"center center","background-size":"auto","background-attachment":"scroll","background-type":"","background-media":"","overlay-type":"","overlay-color":"","overlay-opacity":"","overlay-gradient":""},"mobile":{"background-color":"","background-image":"","background-repeat":"repeat","background-position":"center center","background-size":"auto","background-attachment":"scroll","background-type":"","background-media":"","overlay-type":"","overlay-color":"","overlay-opacity":"","overlay-gradient":""}},"ast-content-background-meta":{"desktop":{"background-color":"var(--ast-global-color-5)","background-image":"","background-repeat":"repeat","background-position":"center center","background-size":"auto","background-attachment":"scroll","background-type":"","background-media":"","overlay-type":"","overlay-color":"","overlay-opacity":"","overlay-gradient":""},"tablet":{"background-color":"var(--ast-global-color-5)","background-image":"","background-repeat":"repeat","background-position":"center center","background-size":"auto","background-attachment":"scroll","background-type":"","background-media":"","overlay-type":"","overlay-color":"","overlay-opacity":"","overlay-gradient":""},"mobile":{"background-color":"var(--ast-global-color-5)","background-image":"","background-repeat":"repeat","background-position":"center center","background-size":"auto","background-attachment":"scroll","background-type":"","background-media":"","overlay-type":"","overlay-color":"","overlay-opacity":"","overlay-gradient":""}},"jetpack_post_was_ever_published":false,"_jetpack_newsletter_access":"","_jetpack_dont_email_post_to_subs":false,"_jetpack_newsletter_tier_id":0,"_jetpack_memberships_contains_paywalled_content":false,"_jetpack_memberships_contains_paid_content":false,"footnotes":"","jetpack_publicize_message":"","jetpack_publicize_feature_enabled":false,"jetpack_social_post_already_shared":false,"jetpack_social_options":{"image_generator_settings":{"template":"highway","default_image_id":0,"font":"","enabled":false},"version":2}},"categories":[1],"tags":[121,58,2757,211,57,212],"class_list":["post-5442","post","type-post","status-publish","format-standard","has-post-thumbnail","hentry","category-noticia","tag-bovino","tag-embrapa","tag-intergen","tag-mel","tag-pesquisador","tag-racao"],"yoast_head":"<!-- This site is optimized with the Yoast SEO plugin v27.4 - https:\/\/yoast.com\/product\/yoast-seo-wordpress\/ -->\n<title>Intergen: gest\u00e3o de gen\u00e9tica de bovinos - Fazenda Boqueir\u00e3o<\/title>\n<meta name=\"description\" content=\"O Intergen \u00e9 um software de avalia\u00e7\u00e3o gen\u00e9tica de bovinos lan\u00e7ado em 2008 e expandido em 2016 pela EMBRAPA.\" \/>\n<meta name=\"robots\" content=\"index, follow, max-snippet:-1, max-image-preview:large, max-video-preview:-1\" \/>\n<link rel=\"canonical\" href=\"https:\/\/www.fazendaboqueiraorn.com.br\/en\/intergen-gestao-de-genetica-de-bovinos\/\" \/>\n<meta property=\"og:locale\" content=\"en_US\" \/>\n<meta property=\"og:type\" content=\"article\" \/>\n<meta property=\"og:title\" content=\"Intergen: gest\u00e3o de gen\u00e9tica de bovinos - Fazenda Boqueir\u00e3o\" \/>\n<meta property=\"og:description\" content=\"O Intergen \u00e9 um software de avalia\u00e7\u00e3o gen\u00e9tica de bovinos lan\u00e7ado em 2008 e expandido em 2016 pela EMBRAPA.\" \/>\n<meta property=\"og:url\" content=\"https:\/\/www.fazendaboqueiraorn.com.br\/en\/intergen-gestao-de-genetica-de-bovinos\/\" \/>\n<meta property=\"og:site_name\" content=\"Fazenda Boqueir\u00e3o\" \/>\n<meta property=\"article:publisher\" content=\"https:\/\/www.facebook.com\/fazboqueirao\" \/>\n<meta property=\"article:published_time\" content=\"2024-06-28T18:17:03+00:00\" \/>\n<meta property=\"article:modified_time\" content=\"2024-06-28T18:17:07+00:00\" \/>\n<meta property=\"og:image\" content=\"https:\/\/www.fazendaboqueiraorn.com.br\/wp-content\/uploads\/2024\/06\/intergen.jpg\" \/>\n\t<meta property=\"og:image:width\" content=\"900\" \/>\n\t<meta property=\"og:image:height\" content=\"642\" \/>\n\t<meta property=\"og:image:type\" content=\"image\/jpeg\" \/>\n<meta name=\"author\" content=\"Fazenda Boqueir\u00e3o\" \/>\n<meta name=\"twitter:card\" content=\"summary_large_image\" \/>\n<meta name=\"twitter:creator\" content=\"@FazBoqueirao\" \/>\n<meta name=\"twitter:site\" content=\"@FazBoqueirao\" \/>\n<meta name=\"twitter:label1\" content=\"Written by\" \/>\n\t<meta name=\"twitter:data1\" content=\"Fazenda Boqueir\u00e3o\" \/>\n\t<meta name=\"twitter:label2\" content=\"Est. reading time\" \/>\n\t<meta name=\"twitter:data2\" content=\"5 minutes\" \/>\n<script type=\"application\/ld+json\" class=\"yoast-schema-graph\">{\"@context\":\"https:\\\/\\\/schema.org\",\"@graph\":[{\"@type\":\"Article\",\"@id\":\"https:\\\/\\\/www.fazendaboqueiraorn.com.br\\\/intergen-gestao-de-genetica-de-bovinos\\\/#article\",\"isPartOf\":{\"@id\":\"https:\\\/\\\/www.fazendaboqueiraorn.com.br\\\/intergen-gestao-de-genetica-de-bovinos\\\/\"},\"author\":{\"name\":\"Fazenda Boqueir\u00e3o\",\"@id\":\"https:\\\/\\\/www.fazendaboqueiraorn.com.br\\\/#\\\/schema\\\/person\\\/70484dc96f76e66c6365a9f4a2ebfb02\"},\"headline\":\"Intergen: gest\u00e3o de gen\u00e9tica de bovinos\",\"datePublished\":\"2024-06-28T18:17:03+00:00\",\"dateModified\":\"2024-06-28T18:17:07+00:00\",\"mainEntityOfPage\":{\"@id\":\"https:\\\/\\\/www.fazendaboqueiraorn.com.br\\\/intergen-gestao-de-genetica-de-bovinos\\\/\"},\"wordCount\":849,\"commentCount\":0,\"publisher\":{\"@id\":\"https:\\\/\\\/www.fazendaboqueiraorn.com.br\\\/#organization\"},\"image\":{\"@id\":\"https:\\\/\\\/www.fazendaboqueiraorn.com.br\\\/intergen-gestao-de-genetica-de-bovinos\\\/#primaryimage\"},\"thumbnailUrl\":\"https:\\\/\\\/i0.wp.com\\\/www.fazendaboqueiraorn.com.br\\\/wp-content\\\/uploads\\\/2024\\\/06\\\/intergen.jpg?fit=900%2C642&ssl=1\",\"keywords\":[\"bovino\",\"Embrapa\",\"Intergen\",\"mel\",\"pesquisador\",\"ra\u00e7\u00e3o\"],\"articleSection\":[\"Not\u00edcias\"],\"inLanguage\":\"en-US\",\"potentialAction\":[{\"@type\":\"CommentAction\",\"name\":\"Comment\",\"target\":[\"https:\\\/\\\/www.fazendaboqueiraorn.com.br\\\/intergen-gestao-de-genetica-de-bovinos\\\/#respond\"]}]},{\"@type\":\"WebPage\",\"@id\":\"https:\\\/\\\/www.fazendaboqueiraorn.com.br\\\/intergen-gestao-de-genetica-de-bovinos\\\/\",\"url\":\"https:\\\/\\\/www.fazendaboqueiraorn.com.br\\\/intergen-gestao-de-genetica-de-bovinos\\\/\",\"name\":\"Intergen: gest\u00e3o de gen\u00e9tica de bovinos - Fazenda Boqueir\u00e3o\",\"isPartOf\":{\"@id\":\"https:\\\/\\\/www.fazendaboqueiraorn.com.br\\\/#website\"},\"primaryImageOfPage\":{\"@id\":\"https:\\\/\\\/www.fazendaboqueiraorn.com.br\\\/intergen-gestao-de-genetica-de-bovinos\\\/#primaryimage\"},\"image\":{\"@id\":\"https:\\\/\\\/www.fazendaboqueiraorn.com.br\\\/intergen-gestao-de-genetica-de-bovinos\\\/#primaryimage\"},\"thumbnailUrl\":\"https:\\\/\\\/i0.wp.com\\\/www.fazendaboqueiraorn.com.br\\\/wp-content\\\/uploads\\\/2024\\\/06\\\/intergen.jpg?fit=900%2C642&ssl=1\",\"datePublished\":\"2024-06-28T18:17:03+00:00\",\"dateModified\":\"2024-06-28T18:17:07+00:00\",\"description\":\"O Intergen \u00e9 um software de avalia\u00e7\u00e3o gen\u00e9tica de bovinos lan\u00e7ado em 2008 e expandido em 2016 pela EMBRAPA.\",\"breadcrumb\":{\"@id\":\"https:\\\/\\\/www.fazendaboqueiraorn.com.br\\\/intergen-gestao-de-genetica-de-bovinos\\\/#breadcrumb\"},\"inLanguage\":\"en-US\",\"potentialAction\":[{\"@type\":\"ReadAction\",\"target\":[\"https:\\\/\\\/www.fazendaboqueiraorn.com.br\\\/intergen-gestao-de-genetica-de-bovinos\\\/\"]}]},{\"@type\":\"ImageObject\",\"inLanguage\":\"en-US\",\"@id\":\"https:\\\/\\\/www.fazendaboqueiraorn.com.br\\\/intergen-gestao-de-genetica-de-bovinos\\\/#primaryimage\",\"url\":\"https:\\\/\\\/i0.wp.com\\\/www.fazendaboqueiraorn.com.br\\\/wp-content\\\/uploads\\\/2024\\\/06\\\/intergen.jpg?fit=900%2C642&ssl=1\",\"contentUrl\":\"https:\\\/\\\/i0.wp.com\\\/www.fazendaboqueiraorn.com.br\\\/wp-content\\\/uploads\\\/2024\\\/06\\\/intergen.jpg?fit=900%2C642&ssl=1\",\"width\":900,\"height\":642,\"caption\":\"Intergen\"},{\"@type\":\"BreadcrumbList\",\"@id\":\"https:\\\/\\\/www.fazendaboqueiraorn.com.br\\\/intergen-gestao-de-genetica-de-bovinos\\\/#breadcrumb\",\"itemListElement\":[{\"@type\":\"ListItem\",\"position\":1,\"name\":\"Home\",\"item\":\"https:\\\/\\\/www.fazendaboqueiraorn.com.br\\\/\"},{\"@type\":\"ListItem\",\"position\":2,\"name\":\"Intergen: gest\u00e3o de gen\u00e9tica de bovinos\"}]},{\"@type\":\"WebSite\",\"@id\":\"https:\\\/\\\/www.fazendaboqueiraorn.com.br\\\/#website\",\"url\":\"https:\\\/\\\/www.fazendaboqueiraorn.com.br\\\/\",\"name\":\"Fazenda Boqueir\u00e3o\",\"description\":\"\",\"publisher\":{\"@id\":\"https:\\\/\\\/www.fazendaboqueiraorn.com.br\\\/#organization\"},\"potentialAction\":[{\"@type\":\"SearchAction\",\"target\":{\"@type\":\"EntryPoint\",\"urlTemplate\":\"https:\\\/\\\/www.fazendaboqueiraorn.com.br\\\/?s={search_term_string}\"},\"query-input\":{\"@type\":\"PropertyValueSpecification\",\"valueRequired\":true,\"valueName\":\"search_term_string\"}}],\"inLanguage\":\"en-US\"},{\"@type\":\"Organization\",\"@id\":\"https:\\\/\\\/www.fazendaboqueiraorn.com.br\\\/#organization\",\"name\":\"Fazenda Boqueir\u00e3o\",\"url\":\"https:\\\/\\\/www.fazendaboqueiraorn.com.br\\\/\",\"logo\":{\"@type\":\"ImageObject\",\"inLanguage\":\"en-US\",\"@id\":\"https:\\\/\\\/www.fazendaboqueiraorn.com.br\\\/#\\\/schema\\\/logo\\\/image\\\/\",\"url\":\"https:\\\/\\\/i0.wp.com\\\/www.fazendaboqueiraorn.com.br\\\/wp-content\\\/uploads\\\/2021\\\/08\\\/logo-fazenda-120x120-1.png?fit=120%2C120&ssl=1\",\"contentUrl\":\"https:\\\/\\\/i0.wp.com\\\/www.fazendaboqueiraorn.com.br\\\/wp-content\\\/uploads\\\/2021\\\/08\\\/logo-fazenda-120x120-1.png?fit=120%2C120&ssl=1\",\"width\":120,\"height\":120,\"caption\":\"Fazenda Boqueir\u00e3o\"},\"image\":{\"@id\":\"https:\\\/\\\/www.fazendaboqueiraorn.com.br\\\/#\\\/schema\\\/logo\\\/image\\\/\"},\"sameAs\":[\"https:\\\/\\\/www.facebook.com\\\/fazboqueirao\",\"https:\\\/\\\/x.com\\\/FazBoqueirao\",\"http:\\\/\\\/instagram.com\\\/fazboqueirao\\\/\",\"https:\\\/\\\/www.linkedin.com\\\/company\\\/fazboqueirao\\\/\",\"https:\\\/\\\/www.youtube.com\\\/channel\\\/UCUA4_8v8HkmMeNUh8c6Ky1Q\"]},{\"@type\":\"Person\",\"@id\":\"https:\\\/\\\/www.fazendaboqueiraorn.com.br\\\/#\\\/schema\\\/person\\\/70484dc96f76e66c6365a9f4a2ebfb02\",\"name\":\"Fazenda Boqueir\u00e3o\",\"image\":{\"@type\":\"ImageObject\",\"inLanguage\":\"en-US\",\"@id\":\"https:\\\/\\\/secure.gravatar.com\\\/avatar\\\/19f19467ae305ded5d913deae2fb6c6f29fe88a0a7f3a4dca5679407289a9efd?s=96&d=mm&r=g\",\"url\":\"https:\\\/\\\/secure.gravatar.com\\\/avatar\\\/19f19467ae305ded5d913deae2fb6c6f29fe88a0a7f3a4dca5679407289a9efd?s=96&d=mm&r=g\",\"contentUrl\":\"https:\\\/\\\/secure.gravatar.com\\\/avatar\\\/19f19467ae305ded5d913deae2fb6c6f29fe88a0a7f3a4dca5679407289a9efd?s=96&d=mm&r=g\",\"caption\":\"Fazenda Boqueir\u00e3o\"},\"url\":\"https:\\\/\\\/www.fazendaboqueiraorn.com.br\\\/en\\\/author\\\/fazenda\\\/\"}]}<\/script>\n<!-- \/ Yoast SEO plugin. -->","yoast_head_json":{"title":"Intergen: gest\u00e3o de gen\u00e9tica de bovinos - Fazenda Boqueir\u00e3o","description":"O Intergen \u00e9 um software de avalia\u00e7\u00e3o gen\u00e9tica de bovinos lan\u00e7ado em 2008 e expandido em 2016 pela EMBRAPA.","robots":{"index":"index","follow":"follow","max-snippet":"max-snippet:-1","max-image-preview":"max-image-preview:large","max-video-preview":"max-video-preview:-1"},"canonical":"https:\/\/www.fazendaboqueiraorn.com.br\/en\/intergen-gestao-de-genetica-de-bovinos\/","og_locale":"en_US","og_type":"article","og_title":"Intergen: gest\u00e3o de gen\u00e9tica de bovinos - Fazenda Boqueir\u00e3o","og_description":"O Intergen \u00e9 um software de avalia\u00e7\u00e3o gen\u00e9tica de bovinos lan\u00e7ado em 2008 e expandido em 2016 pela EMBRAPA.","og_url":"https:\/\/www.fazendaboqueiraorn.com.br\/en\/intergen-gestao-de-genetica-de-bovinos\/","og_site_name":"Fazenda Boqueir\u00e3o","article_publisher":"https:\/\/www.facebook.com\/fazboqueirao","article_published_time":"2024-06-28T18:17:03+00:00","article_modified_time":"2024-06-28T18:17:07+00:00","og_image":[{"width":900,"height":642,"url":"https:\/\/www.fazendaboqueiraorn.com.br\/wp-content\/uploads\/2024\/06\/intergen.jpg","type":"image\/jpeg"}],"author":"Fazenda Boqueir\u00e3o","twitter_card":"summary_large_image","twitter_creator":"@FazBoqueirao","twitter_site":"@FazBoqueirao","twitter_misc":{"Written by":"Fazenda Boqueir\u00e3o","Est. reading time":"5 minutes"},"schema":{"@context":"https:\/\/schema.org","@graph":[{"@type":"Article","@id":"https:\/\/www.fazendaboqueiraorn.com.br\/intergen-gestao-de-genetica-de-bovinos\/#article","isPartOf":{"@id":"https:\/\/www.fazendaboqueiraorn.com.br\/intergen-gestao-de-genetica-de-bovinos\/"},"author":{"name":"Fazenda Boqueir\u00e3o","@id":"https:\/\/www.fazendaboqueiraorn.com.br\/#\/schema\/person\/70484dc96f76e66c6365a9f4a2ebfb02"},"headline":"Intergen: gest\u00e3o de gen\u00e9tica de bovinos","datePublished":"2024-06-28T18:17:03+00:00","dateModified":"2024-06-28T18:17:07+00:00","mainEntityOfPage":{"@id":"https:\/\/www.fazendaboqueiraorn.com.br\/intergen-gestao-de-genetica-de-bovinos\/"},"wordCount":849,"commentCount":0,"publisher":{"@id":"https:\/\/www.fazendaboqueiraorn.com.br\/#organization"},"image":{"@id":"https:\/\/www.fazendaboqueiraorn.com.br\/intergen-gestao-de-genetica-de-bovinos\/#primaryimage"},"thumbnailUrl":"https:\/\/i0.wp.com\/www.fazendaboqueiraorn.com.br\/wp-content\/uploads\/2024\/06\/intergen.jpg?fit=900%2C642&ssl=1","keywords":["bovino","Embrapa","Intergen","mel","pesquisador","ra\u00e7\u00e3o"],"articleSection":["Not\u00edcias"],"inLanguage":"en-US","potentialAction":[{"@type":"CommentAction","name":"Comment","target":["https:\/\/www.fazendaboqueiraorn.com.br\/intergen-gestao-de-genetica-de-bovinos\/#respond"]}]},{"@type":"WebPage","@id":"https:\/\/www.fazendaboqueiraorn.com.br\/intergen-gestao-de-genetica-de-bovinos\/","url":"https:\/\/www.fazendaboqueiraorn.com.br\/intergen-gestao-de-genetica-de-bovinos\/","name":"Intergen: gest\u00e3o de gen\u00e9tica de bovinos - Fazenda Boqueir\u00e3o","isPartOf":{"@id":"https:\/\/www.fazendaboqueiraorn.com.br\/#website"},"primaryImageOfPage":{"@id":"https:\/\/www.fazendaboqueiraorn.com.br\/intergen-gestao-de-genetica-de-bovinos\/#primaryimage"},"image":{"@id":"https:\/\/www.fazendaboqueiraorn.com.br\/intergen-gestao-de-genetica-de-bovinos\/#primaryimage"},"thumbnailUrl":"https:\/\/i0.wp.com\/www.fazendaboqueiraorn.com.br\/wp-content\/uploads\/2024\/06\/intergen.jpg?fit=900%2C642&ssl=1","datePublished":"2024-06-28T18:17:03+00:00","dateModified":"2024-06-28T18:17:07+00:00","description":"O Intergen \u00e9 um software de avalia\u00e7\u00e3o gen\u00e9tica de bovinos lan\u00e7ado em 2008 e expandido em 2016 pela EMBRAPA.","breadcrumb":{"@id":"https:\/\/www.fazendaboqueiraorn.com.br\/intergen-gestao-de-genetica-de-bovinos\/#breadcrumb"},"inLanguage":"en-US","potentialAction":[{"@type":"ReadAction","target":["https:\/\/www.fazendaboqueiraorn.com.br\/intergen-gestao-de-genetica-de-bovinos\/"]}]},{"@type":"ImageObject","inLanguage":"en-US","@id":"https:\/\/www.fazendaboqueiraorn.com.br\/intergen-gestao-de-genetica-de-bovinos\/#primaryimage","url":"https:\/\/i0.wp.com\/www.fazendaboqueiraorn.com.br\/wp-content\/uploads\/2024\/06\/intergen.jpg?fit=900%2C642&ssl=1","contentUrl":"https:\/\/i0.wp.com\/www.fazendaboqueiraorn.com.br\/wp-content\/uploads\/2024\/06\/intergen.jpg?fit=900%2C642&ssl=1","width":900,"height":642,"caption":"Intergen"},{"@type":"BreadcrumbList","@id":"https:\/\/www.fazendaboqueiraorn.com.br\/intergen-gestao-de-genetica-de-bovinos\/#breadcrumb","itemListElement":[{"@type":"ListItem","position":1,"name":"Home","item":"https:\/\/www.fazendaboqueiraorn.com.br\/"},{"@type":"ListItem","position":2,"name":"Intergen: gest\u00e3o de gen\u00e9tica de bovinos"}]},{"@type":"WebSite","@id":"https:\/\/www.fazendaboqueiraorn.com.br\/#website","url":"https:\/\/www.fazendaboqueiraorn.com.br\/","name":"Fazenda Boqueir\u00e3o","description":"","publisher":{"@id":"https:\/\/www.fazendaboqueiraorn.com.br\/#organization"},"potentialAction":[{"@type":"SearchAction","target":{"@type":"EntryPoint","urlTemplate":"https:\/\/www.fazendaboqueiraorn.com.br\/?s={search_term_string}"},"query-input":{"@type":"PropertyValueSpecification","valueRequired":true,"valueName":"search_term_string"}}],"inLanguage":"en-US"},{"@type":"Organization","@id":"https:\/\/www.fazendaboqueiraorn.com.br\/#organization","name":"Fazenda Boqueir\u00e3o","url":"https:\/\/www.fazendaboqueiraorn.com.br\/","logo":{"@type":"ImageObject","inLanguage":"en-US","@id":"https:\/\/www.fazendaboqueiraorn.com.br\/#\/schema\/logo\/image\/","url":"https:\/\/i0.wp.com\/www.fazendaboqueiraorn.com.br\/wp-content\/uploads\/2021\/08\/logo-fazenda-120x120-1.png?fit=120%2C120&ssl=1","contentUrl":"https:\/\/i0.wp.com\/www.fazendaboqueiraorn.com.br\/wp-content\/uploads\/2021\/08\/logo-fazenda-120x120-1.png?fit=120%2C120&ssl=1","width":120,"height":120,"caption":"Fazenda Boqueir\u00e3o"},"image":{"@id":"https:\/\/www.fazendaboqueiraorn.com.br\/#\/schema\/logo\/image\/"},"sameAs":["https:\/\/www.facebook.com\/fazboqueirao","https:\/\/x.com\/FazBoqueirao","http:\/\/instagram.com\/fazboqueirao\/","https:\/\/www.linkedin.com\/company\/fazboqueirao\/","https:\/\/www.youtube.com\/channel\/UCUA4_8v8HkmMeNUh8c6Ky1Q"]},{"@type":"Person","@id":"https:\/\/www.fazendaboqueiraorn.com.br\/#\/schema\/person\/70484dc96f76e66c6365a9f4a2ebfb02","name":"Fazenda Boqueir\u00e3o","image":{"@type":"ImageObject","inLanguage":"en-US","@id":"https:\/\/secure.gravatar.com\/avatar\/19f19467ae305ded5d913deae2fb6c6f29fe88a0a7f3a4dca5679407289a9efd?s=96&d=mm&r=g","url":"https:\/\/secure.gravatar.com\/avatar\/19f19467ae305ded5d913deae2fb6c6f29fe88a0a7f3a4dca5679407289a9efd?s=96&d=mm&r=g","contentUrl":"https:\/\/secure.gravatar.com\/avatar\/19f19467ae305ded5d913deae2fb6c6f29fe88a0a7f3a4dca5679407289a9efd?s=96&d=mm&r=g","caption":"Fazenda Boqueir\u00e3o"},"url":"https:\/\/www.fazendaboqueiraorn.com.br\/en\/author\/fazenda\/"}]}},"jetpack_publicize_connections":[],"uagb_featured_image_src":{"full":["https:\/\/i0.wp.com\/www.fazendaboqueiraorn.com.br\/wp-content\/uploads\/2024\/06\/intergen.jpg?fit=900%2C642&ssl=1",900,642,false],"thumbnail":["https:\/\/i0.wp.com\/www.fazendaboqueiraorn.com.br\/wp-content\/uploads\/2024\/06\/intergen.jpg?resize=150%2C150&ssl=1",150,150,true],"medium":["https:\/\/i0.wp.com\/www.fazendaboqueiraorn.com.br\/wp-content\/uploads\/2024\/06\/intergen.jpg?fit=300%2C214&ssl=1",300,214,true],"medium_large":["https:\/\/i0.wp.com\/www.fazendaboqueiraorn.com.br\/wp-content\/uploads\/2024\/06\/intergen.jpg?fit=768%2C548&ssl=1",768,548,true],"large":["https:\/\/i0.wp.com\/www.fazendaboqueiraorn.com.br\/wp-content\/uploads\/2024\/06\/intergen.jpg?fit=900%2C642&ssl=1",900,642,true],"1536x1536":["https:\/\/i0.wp.com\/www.fazendaboqueiraorn.com.br\/wp-content\/uploads\/2024\/06\/intergen.jpg?fit=900%2C642&ssl=1",900,642,true],"2048x2048":["https:\/\/i0.wp.com\/www.fazendaboqueiraorn.com.br\/wp-content\/uploads\/2024\/06\/intergen.jpg?fit=900%2C642&ssl=1",900,642,true],"trp-custom-language-flag":["https:\/\/i0.wp.com\/www.fazendaboqueiraorn.com.br\/wp-content\/uploads\/2024\/06\/intergen.jpg?fit=18%2C12&ssl=1",18,12,true],"ultp_layout_landscape_large":["https:\/\/i0.wp.com\/www.fazendaboqueiraorn.com.br\/wp-content\/uploads\/2024\/06\/intergen.jpg?resize=900%2C642&ssl=1",900,642,true],"ultp_layout_landscape":["https:\/\/i0.wp.com\/www.fazendaboqueiraorn.com.br\/wp-content\/uploads\/2024\/06\/intergen.jpg?resize=870%2C570&ssl=1",870,570,true],"ultp_layout_portrait":["https:\/\/i0.wp.com\/www.fazendaboqueiraorn.com.br\/wp-content\/uploads\/2024\/06\/intergen.jpg?resize=600%2C642&ssl=1",600,642,true],"ultp_layout_square":["https:\/\/i0.wp.com\/www.fazendaboqueiraorn.com.br\/wp-content\/uploads\/2024\/06\/intergen.jpg?resize=600%2C600&ssl=1",600,600,true],"woocommerce_thumbnail":["https:\/\/www.fazendaboqueiraorn.com.br\/wp-content\/uploads\/2024\/06\/intergen-300x300.jpg",300,300,true],"woocommerce_single":["https:\/\/www.fazendaboqueiraorn.com.br\/wp-content\/uploads\/2024\/06\/intergen.jpg",600,428,false],"woocommerce_gallery_thumbnail":["https:\/\/www.fazendaboqueiraorn.com.br\/wp-content\/uploads\/2024\/06\/intergen-100x100.jpg",100,100,true],"web-stories-poster-portrait":["https:\/\/www.fazendaboqueiraorn.com.br\/wp-content\/uploads\/2024\/06\/intergen-640x642.jpg",640,642,true],"web-stories-publisher-logo":["https:\/\/www.fazendaboqueiraorn.com.br\/wp-content\/uploads\/2024\/06\/intergen-96x96.jpg",96,96,true],"web-stories-thumbnail":["https:\/\/www.fazendaboqueiraorn.com.br\/wp-content\/uploads\/2024\/06\/intergen-150x107.jpg",150,107,true]},"uagb_author_info":{"display_name":"Fazenda Boqueir\u00e3o","author_link":"https:\/\/www.fazendaboqueiraorn.com.br\/en\/author\/fazenda\/"},"uagb_comment_info":0,"uagb_excerpt":"O Intergen \u00e9 um software de avalia\u00e7\u00e3o gen\u00e9tica de bovinos lan\u00e7ado em 2008 e expandido em 2016 pela EMBRAPA foi atualizado com a introdu\u00e7\u00e3o de m\u00f3dulos para processamento de dados gen\u00f4micos e inclus\u00e3o de um n\u00famero ilimitado de animais na avalia\u00e7\u00e3o gen\u00e9tica.","jetpack_featured_media_url":"https:\/\/i0.wp.com\/www.fazendaboqueiraorn.com.br\/wp-content\/uploads\/2024\/06\/intergen.jpg?fit=900%2C642&ssl=1","jetpack_sharing_enabled":true,"jetpack_likes_enabled":true,"_links":{"self":[{"href":"https:\/\/www.fazendaboqueiraorn.com.br\/en\/wp-json\/wp\/v2\/posts\/5442","targetHints":{"allow":["GET"]}}],"collection":[{"href":"https:\/\/www.fazendaboqueiraorn.com.br\/en\/wp-json\/wp\/v2\/posts"}],"about":[{"href":"https:\/\/www.fazendaboqueiraorn.com.br\/en\/wp-json\/wp\/v2\/types\/post"}],"author":[{"embeddable":true,"href":"https:\/\/www.fazendaboqueiraorn.com.br\/en\/wp-json\/wp\/v2\/users\/2"}],"replies":[{"embeddable":true,"href":"https:\/\/www.fazendaboqueiraorn.com.br\/en\/wp-json\/wp\/v2\/comments?post=5442"}],"version-history":[{"count":4,"href":"https:\/\/www.fazendaboqueiraorn.com.br\/en\/wp-json\/wp\/v2\/posts\/5442\/revisions"}],"predecessor-version":[{"id":5447,"href":"https:\/\/www.fazendaboqueiraorn.com.br\/en\/wp-json\/wp\/v2\/posts\/5442\/revisions\/5447"}],"wp:featuredmedia":[{"embeddable":true,"href":"https:\/\/www.fazendaboqueiraorn.com.br\/en\/wp-json\/wp\/v2\/media\/5446"}],"wp:attachment":[{"href":"https:\/\/www.fazendaboqueiraorn.com.br\/en\/wp-json\/wp\/v2\/media?parent=5442"}],"wp:term":[{"taxonomy":"category","embeddable":true,"href":"https:\/\/www.fazendaboqueiraorn.com.br\/en\/wp-json\/wp\/v2\/categories?post=5442"},{"taxonomy":"post_tag","embeddable":true,"href":"https:\/\/www.fazendaboqueiraorn.com.br\/en\/wp-json\/wp\/v2\/tags?post=5442"}],"curies":[{"name":"wp","href":"https:\/\/api.w.org\/{rel}","templated":true}]}}