{"id":5299,"date":"2024-05-22T05:42:00","date_gmt":"2024-05-22T08:42:00","guid":{"rendered":"https:\/\/www.fazendaboqueiraorn.com.br\/?p=5299"},"modified":"2024-05-21T20:47:49","modified_gmt":"2024-05-21T23:47:49","slug":"mahindra-anuncia-instalacao-de-fabrica-com-investimentos-de-r-100-milhoes","status":"publish","type":"post","link":"https:\/\/www.fazendaboqueiraorn.com.br\/en\/mahindra-anuncia-instalacao-de-fabrica-com-investimentos-de-r-100-milhoes\/","title":{"rendered":"Mahindra anuncia instala\u00e7\u00e3o de f\u00e1brica com investimentos de R$ 100 milh\u00f5es"},"content":{"rendered":"<figure class=\"wp-block-image aligncenter size-full\"><img data-recalc-dims=\"1\" decoding=\"async\" width=\"750\" height=\"430\" loading=\"lazy\" src=\"https:\/\/i0.wp.com\/www.fazendaboqueiraorn.com.br\/wp-content\/uploads\/2024\/05\/mahinda-tratores.jpg?resize=750%2C430&#038;ssl=1\" alt=\"Mahindra anuncia instala\u00e7\u00e3o de f\u00e1brica\" class=\"wp-image-5300\" srcset=\"https:\/\/i0.wp.com\/www.fazendaboqueiraorn.com.br\/wp-content\/uploads\/2024\/05\/mahinda-tratores.jpg?w=750&amp;ssl=1 750w, https:\/\/i0.wp.com\/www.fazendaboqueiraorn.com.br\/wp-content\/uploads\/2024\/05\/mahinda-tratores.jpg?resize=300%2C172&amp;ssl=1 300w, https:\/\/i0.wp.com\/www.fazendaboqueiraorn.com.br\/wp-content\/uploads\/2024\/05\/mahinda-tratores.jpg?resize=18%2C10&amp;ssl=1 18w, https:\/\/i0.wp.com\/www.fazendaboqueiraorn.com.br\/wp-content\/uploads\/2024\/05\/mahinda-tratores.jpg?resize=600%2C344&amp;ssl=1 600w, https:\/\/i0.wp.com\/www.fazendaboqueiraorn.com.br\/wp-content\/uploads\/2024\/05\/mahinda-tratores.jpg?resize=150%2C86&amp;ssl=1 150w\" sizes=\"auto, (max-width: 750px) 100vw, 750px\" \/><\/figure>\n\n\n\n<p>Mahindra, empresa que mais vende tratores no mundo, com produ\u00e7\u00e3o de mais de 400 mil tratores\/ano, ir\u00e1 instalar uma f\u00e1brica de tratores no Brasil; A previs\u00e3o \u00e9 de que o investimento parta de R$ 100 milh\u00f5es. <\/p>\n\n\n\n<p>A Mahindra, empresa indiana fabricante de autom\u00f3veis, m\u00e1quinas agr\u00edcolas e uma das maiores fabricantes mundiais de tratores, colocou em curso um plano de expans\u00e3o global. O planejamento inclui o mercado brasileiro, onde a empresa j\u00e1 opera h\u00e1 seis anos e conta com instala\u00e7\u00f5es para a montagem de equipamentos em Dois Irm\u00e3os (RS) e em Canoas (RS), esta em parceria com a Arthol.<\/p>\n\n\n\n<p>Em seus 78 anos de atua\u00e7\u00e3o, a marca se destaca por ser a que mais vende tratores no mundo, sendo sua produ\u00e7\u00e3o no Estado ga\u00facho voltada para ve\u00edculos para a agricultura familiar. A nova f\u00e1brica possuir\u00e1 uma \u00e1rea total de 93 mil metros quadrados. Destes, 14 mil metros quadrados s\u00e3o de \u00e1rea constru\u00edda, com previs\u00e3o de que seja expandido futuramente para mais de 30 mil metros quadrados. <\/p>\n\n\n\n<p>O CEO da Mahindra no Brasil, Jak Torretta, afirmou que a empresa agora entra em um novo momento, ap\u00f3s seus oito anos de exist\u00eancia no Rio Grande do Sul. \u201cCom essa nova \u00e1rea e o potencial do portf\u00f3lio que temos no mundo, temos uma oportunidade muito grande para trazer outros produtos para o Estado, nesta mesma f\u00e1brica, expandindo nossa atua\u00e7\u00e3o. Nossa expectativa \u00e9 de que j\u00e1 estaremos produzindo na nova unidade no primeiro trimestre de 2025\u201d, pontuou.<\/p>\n\n\n\n<p>A unidade ficar\u00e1 \u00e0s margens da rodovia RS-239 em Araric\u00e1, no Vale do Sinos. O detalhamento do projeto ser\u00e1 vem sendo costurado junto ao Governo do Estado. A previs\u00e3o \u00e9 de que o investimento parta de R$ 100 milh\u00f5es, com gera\u00e7\u00e3o de mais de 400 postos de trabalho.<\/p>","protected":false},"excerpt":{"rendered":"<p>Mahindra, empresa que mais vende tratores no mundo, ir\u00e1 instalar uma f\u00e1brica de tratores no Brasil.<\/p>","protected":false},"author":2,"featured_media":5300,"comment_status":"open","ping_status":"open","sticky":false,"template":"","format":"standard","meta":{"nf_dc_page":"","_uag_custom_page_level_css":"","site-sidebar-layout":"default","site-content-layout":"","ast-site-content-layout":"default","site-content-style":"default","site-sidebar-style":"default","ast-global-header-display":"","ast-banner-title-visibility":"","ast-main-header-display":"","ast-hfb-above-header-display":"","ast-hfb-below-header-display":"","ast-hfb-mobile-header-display":"","site-post-title":"","ast-breadcrumbs-content":"","ast-featured-img":"","footer-sml-layout":"","ast-disable-related-posts":"","theme-transparent-header-meta":"","adv-header-id-meta":"","stick-header-meta":"","header-above-stick-meta":"","header-main-stick-meta":"","header-below-stick-meta":"","astra-migrate-meta-layouts":"default","ast-page-background-enabled":"default","ast-page-background-meta":{"desktop":{"background-color":"var(--ast-global-color-4)","background-image":"","background-repeat":"repeat","background-position":"center center","background-size":"auto","background-attachment":"scroll","background-type":"","background-media":"","overlay-type":"","overlay-color":"","overlay-opacity":"","overlay-gradient":""},"tablet":{"background-color":"","background-image":"","background-repeat":"repeat","background-position":"center center","background-size":"auto","background-attachment":"scroll","background-type":"","background-media":"","overlay-type":"","overlay-color":"","overlay-opacity":"","overlay-gradient":""},"mobile":{"background-color":"","background-image":"","background-repeat":"repeat","background-position":"center center","background-size":"auto","background-attachment":"scroll","background-type":"","background-media":"","overlay-type":"","overlay-color":"","overlay-opacity":"","overlay-gradient":""}},"ast-content-background-meta":{"desktop":{"background-color":"var(--ast-global-color-5)","background-image":"","background-repeat":"repeat","background-position":"center center","background-size":"auto","background-attachment":"scroll","background-type":"","background-media":"","overlay-type":"","overlay-color":"","overlay-opacity":"","overlay-gradient":""},"tablet":{"background-color":"var(--ast-global-color-5)","background-image":"","background-repeat":"repeat","background-position":"center center","background-size":"auto","background-attachment":"scroll","background-type":"","background-media":"","overlay-type":"","overlay-color":"","overlay-opacity":"","overlay-gradient":""},"mobile":{"background-color":"var(--ast-global-color-5)","background-image":"","background-repeat":"repeat","background-position":"center center","background-size":"auto","background-attachment":"scroll","background-type":"","background-media":"","overlay-type":"","overlay-color":"","overlay-opacity":"","overlay-gradient":""}},"jetpack_post_was_ever_published":false,"_jetpack_newsletter_access":"","_jetpack_dont_email_post_to_subs":false,"_jetpack_newsletter_tier_id":0,"_jetpack_memberships_contains_paywalled_content":false,"_jetpack_memberships_contains_paid_content":false,"footnotes":"","jetpack_publicize_message":"","jetpack_publicize_feature_enabled":false,"jetpack_social_post_already_shared":true,"jetpack_social_options":{"image_generator_settings":{"template":"highway","default_image_id":0,"font":"","enabled":false},"version":2}},"categories":[1],"tags":[6,103,91,2528,212,111],"class_list":["post-5299","post","type-post","status-publish","format-standard","has-post-thumbnail","hentry","category-noticia","tag-agricultura","tag-curso","tag-governo","tag-mahindra","tag-racao","tag-trator"],"yoast_head":"<!-- This site is optimized with the Yoast SEO plugin v27.4 - https:\/\/yoast.com\/product\/yoast-seo-wordpress\/ -->\n<title>Mahindra anuncia instala\u00e7\u00e3o de f\u00e1brica com investimentos de R$ 100 milh\u00f5es - Fazenda Boqueir\u00e3o<\/title>\n<meta name=\"description\" content=\"Mahindra, empresa que mais vende tratores no mundo, ir\u00e1 instalar uma f\u00e1brica de tratores no Brasil.\" \/>\n<meta name=\"robots\" content=\"index, follow, max-snippet:-1, max-image-preview:large, max-video-preview:-1\" \/>\n<link rel=\"canonical\" href=\"https:\/\/www.fazendaboqueiraorn.com.br\/en\/mahindra-anuncia-instalacao-de-fabrica-com-investimentos-de-r-100-milhoes\/\" \/>\n<meta property=\"og:locale\" content=\"en_US\" \/>\n<meta property=\"og:type\" content=\"article\" \/>\n<meta property=\"og:title\" content=\"Mahindra anuncia instala\u00e7\u00e3o de f\u00e1brica com investimentos de R$ 100 milh\u00f5es - Fazenda Boqueir\u00e3o\" \/>\n<meta property=\"og:description\" content=\"Mahindra, empresa que mais vende tratores no mundo, ir\u00e1 instalar uma f\u00e1brica de tratores no Brasil.\" \/>\n<meta property=\"og:url\" content=\"https:\/\/www.fazendaboqueiraorn.com.br\/en\/mahindra-anuncia-instalacao-de-fabrica-com-investimentos-de-r-100-milhoes\/\" \/>\n<meta property=\"og:site_name\" content=\"Fazenda Boqueir\u00e3o\" \/>\n<meta property=\"article:publisher\" content=\"https:\/\/www.facebook.com\/fazboqueirao\" \/>\n<meta property=\"article:published_time\" content=\"2024-05-22T08:42:00+00:00\" \/>\n<meta property=\"og:image\" content=\"https:\/\/www.fazendaboqueiraorn.com.br\/wp-content\/uploads\/2024\/05\/mahinda-tratores.jpg\" \/>\n\t<meta property=\"og:image:width\" content=\"750\" \/>\n\t<meta property=\"og:image:height\" content=\"430\" \/>\n\t<meta property=\"og:image:type\" content=\"image\/jpeg\" \/>\n<meta name=\"author\" content=\"Fazenda Boqueir\u00e3o\" \/>\n<meta name=\"twitter:card\" content=\"summary_large_image\" \/>\n<meta name=\"twitter:creator\" content=\"@FazBoqueirao\" \/>\n<meta name=\"twitter:site\" content=\"@FazBoqueirao\" \/>\n<meta name=\"twitter:label1\" content=\"Written by\" \/>\n\t<meta name=\"twitter:data1\" content=\"Fazenda Boqueir\u00e3o\" \/>\n\t<meta name=\"twitter:label2\" content=\"Est. reading time\" \/>\n\t<meta name=\"twitter:data2\" content=\"3 minutes\" \/>\n<script type=\"application\/ld+json\" class=\"yoast-schema-graph\">{\"@context\":\"https:\\\/\\\/schema.org\",\"@graph\":[{\"@type\":\"Article\",\"@id\":\"https:\\\/\\\/www.fazendaboqueiraorn.com.br\\\/mahindra-anuncia-instalacao-de-fabrica-com-investimentos-de-r-100-milhoes\\\/#article\",\"isPartOf\":{\"@id\":\"https:\\\/\\\/www.fazendaboqueiraorn.com.br\\\/mahindra-anuncia-instalacao-de-fabrica-com-investimentos-de-r-100-milhoes\\\/\"},\"author\":{\"name\":\"Fazenda Boqueir\u00e3o\",\"@id\":\"https:\\\/\\\/www.fazendaboqueiraorn.com.br\\\/#\\\/schema\\\/person\\\/70484dc96f76e66c6365a9f4a2ebfb02\"},\"headline\":\"Mahindra anuncia instala\u00e7\u00e3o de f\u00e1brica com investimentos de R$ 100 milh\u00f5es\",\"datePublished\":\"2024-05-22T08:42:00+00:00\",\"mainEntityOfPage\":{\"@id\":\"https:\\\/\\\/www.fazendaboqueiraorn.com.br\\\/mahindra-anuncia-instalacao-de-fabrica-com-investimentos-de-r-100-milhoes\\\/\"},\"wordCount\":318,\"commentCount\":0,\"publisher\":{\"@id\":\"https:\\\/\\\/www.fazendaboqueiraorn.com.br\\\/#organization\"},\"image\":{\"@id\":\"https:\\\/\\\/www.fazendaboqueiraorn.com.br\\\/mahindra-anuncia-instalacao-de-fabrica-com-investimentos-de-r-100-milhoes\\\/#primaryimage\"},\"thumbnailUrl\":\"https:\\\/\\\/i0.wp.com\\\/www.fazendaboqueiraorn.com.br\\\/wp-content\\\/uploads\\\/2024\\\/05\\\/mahinda-tratores.jpg?fit=750%2C430&ssl=1\",\"keywords\":[\"Agricultura\",\"curso\",\"governo\",\"Mahindra\",\"ra\u00e7\u00e3o\",\"trator\"],\"articleSection\":[\"Not\u00edcias\"],\"inLanguage\":\"en-US\",\"potentialAction\":[{\"@type\":\"CommentAction\",\"name\":\"Comment\",\"target\":[\"https:\\\/\\\/www.fazendaboqueiraorn.com.br\\\/mahindra-anuncia-instalacao-de-fabrica-com-investimentos-de-r-100-milhoes\\\/#respond\"]}]},{\"@type\":\"WebPage\",\"@id\":\"https:\\\/\\\/www.fazendaboqueiraorn.com.br\\\/mahindra-anuncia-instalacao-de-fabrica-com-investimentos-de-r-100-milhoes\\\/\",\"url\":\"https:\\\/\\\/www.fazendaboqueiraorn.com.br\\\/mahindra-anuncia-instalacao-de-fabrica-com-investimentos-de-r-100-milhoes\\\/\",\"name\":\"Mahindra anuncia instala\u00e7\u00e3o de f\u00e1brica com investimentos de R$ 100 milh\u00f5es - Fazenda Boqueir\u00e3o\",\"isPartOf\":{\"@id\":\"https:\\\/\\\/www.fazendaboqueiraorn.com.br\\\/#website\"},\"primaryImageOfPage\":{\"@id\":\"https:\\\/\\\/www.fazendaboqueiraorn.com.br\\\/mahindra-anuncia-instalacao-de-fabrica-com-investimentos-de-r-100-milhoes\\\/#primaryimage\"},\"image\":{\"@id\":\"https:\\\/\\\/www.fazendaboqueiraorn.com.br\\\/mahindra-anuncia-instalacao-de-fabrica-com-investimentos-de-r-100-milhoes\\\/#primaryimage\"},\"thumbnailUrl\":\"https:\\\/\\\/i0.wp.com\\\/www.fazendaboqueiraorn.com.br\\\/wp-content\\\/uploads\\\/2024\\\/05\\\/mahinda-tratores.jpg?fit=750%2C430&ssl=1\",\"datePublished\":\"2024-05-22T08:42:00+00:00\",\"description\":\"Mahindra, empresa que mais vende tratores no mundo, ir\u00e1 instalar uma f\u00e1brica de tratores no Brasil.\",\"breadcrumb\":{\"@id\":\"https:\\\/\\\/www.fazendaboqueiraorn.com.br\\\/mahindra-anuncia-instalacao-de-fabrica-com-investimentos-de-r-100-milhoes\\\/#breadcrumb\"},\"inLanguage\":\"en-US\",\"potentialAction\":[{\"@type\":\"ReadAction\",\"target\":[\"https:\\\/\\\/www.fazendaboqueiraorn.com.br\\\/mahindra-anuncia-instalacao-de-fabrica-com-investimentos-de-r-100-milhoes\\\/\"]}]},{\"@type\":\"ImageObject\",\"inLanguage\":\"en-US\",\"@id\":\"https:\\\/\\\/www.fazendaboqueiraorn.com.br\\\/mahindra-anuncia-instalacao-de-fabrica-com-investimentos-de-r-100-milhoes\\\/#primaryimage\",\"url\":\"https:\\\/\\\/i0.wp.com\\\/www.fazendaboqueiraorn.com.br\\\/wp-content\\\/uploads\\\/2024\\\/05\\\/mahinda-tratores.jpg?fit=750%2C430&ssl=1\",\"contentUrl\":\"https:\\\/\\\/i0.wp.com\\\/www.fazendaboqueiraorn.com.br\\\/wp-content\\\/uploads\\\/2024\\\/05\\\/mahinda-tratores.jpg?fit=750%2C430&ssl=1\",\"width\":750,\"height\":430,\"caption\":\"Mahindra anuncia instala\u00e7\u00e3o de f\u00e1brica\"},{\"@type\":\"BreadcrumbList\",\"@id\":\"https:\\\/\\\/www.fazendaboqueiraorn.com.br\\\/mahindra-anuncia-instalacao-de-fabrica-com-investimentos-de-r-100-milhoes\\\/#breadcrumb\",\"itemListElement\":[{\"@type\":\"ListItem\",\"position\":1,\"name\":\"Home\",\"item\":\"https:\\\/\\\/www.fazendaboqueiraorn.com.br\\\/\"},{\"@type\":\"ListItem\",\"position\":2,\"name\":\"Mahindra anuncia instala\u00e7\u00e3o de f\u00e1brica com investimentos de R$ 100 milh\u00f5es\"}]},{\"@type\":\"WebSite\",\"@id\":\"https:\\\/\\\/www.fazendaboqueiraorn.com.br\\\/#website\",\"url\":\"https:\\\/\\\/www.fazendaboqueiraorn.com.br\\\/\",\"name\":\"Fazenda Boqueir\u00e3o\",\"description\":\"\",\"publisher\":{\"@id\":\"https:\\\/\\\/www.fazendaboqueiraorn.com.br\\\/#organization\"},\"potentialAction\":[{\"@type\":\"SearchAction\",\"target\":{\"@type\":\"EntryPoint\",\"urlTemplate\":\"https:\\\/\\\/www.fazendaboqueiraorn.com.br\\\/?s={search_term_string}\"},\"query-input\":{\"@type\":\"PropertyValueSpecification\",\"valueRequired\":true,\"valueName\":\"search_term_string\"}}],\"inLanguage\":\"en-US\"},{\"@type\":\"Organization\",\"@id\":\"https:\\\/\\\/www.fazendaboqueiraorn.com.br\\\/#organization\",\"name\":\"Fazenda Boqueir\u00e3o\",\"url\":\"https:\\\/\\\/www.fazendaboqueiraorn.com.br\\\/\",\"logo\":{\"@type\":\"ImageObject\",\"inLanguage\":\"en-US\",\"@id\":\"https:\\\/\\\/www.fazendaboqueiraorn.com.br\\\/#\\\/schema\\\/logo\\\/image\\\/\",\"url\":\"https:\\\/\\\/i0.wp.com\\\/www.fazendaboqueiraorn.com.br\\\/wp-content\\\/uploads\\\/2021\\\/08\\\/logo-fazenda-120x120-1.png?fit=120%2C120&ssl=1\",\"contentUrl\":\"https:\\\/\\\/i0.wp.com\\\/www.fazendaboqueiraorn.com.br\\\/wp-content\\\/uploads\\\/2021\\\/08\\\/logo-fazenda-120x120-1.png?fit=120%2C120&ssl=1\",\"width\":120,\"height\":120,\"caption\":\"Fazenda Boqueir\u00e3o\"},\"image\":{\"@id\":\"https:\\\/\\\/www.fazendaboqueiraorn.com.br\\\/#\\\/schema\\\/logo\\\/image\\\/\"},\"sameAs\":[\"https:\\\/\\\/www.facebook.com\\\/fazboqueirao\",\"https:\\\/\\\/x.com\\\/FazBoqueirao\",\"http:\\\/\\\/instagram.com\\\/fazboqueirao\\\/\",\"https:\\\/\\\/www.linkedin.com\\\/company\\\/fazboqueirao\\\/\",\"https:\\\/\\\/www.youtube.com\\\/channel\\\/UCUA4_8v8HkmMeNUh8c6Ky1Q\"]},{\"@type\":\"Person\",\"@id\":\"https:\\\/\\\/www.fazendaboqueiraorn.com.br\\\/#\\\/schema\\\/person\\\/70484dc96f76e66c6365a9f4a2ebfb02\",\"name\":\"Fazenda Boqueir\u00e3o\",\"image\":{\"@type\":\"ImageObject\",\"inLanguage\":\"en-US\",\"@id\":\"https:\\\/\\\/secure.gravatar.com\\\/avatar\\\/19f19467ae305ded5d913deae2fb6c6f29fe88a0a7f3a4dca5679407289a9efd?s=96&d=mm&r=g\",\"url\":\"https:\\\/\\\/secure.gravatar.com\\\/avatar\\\/19f19467ae305ded5d913deae2fb6c6f29fe88a0a7f3a4dca5679407289a9efd?s=96&d=mm&r=g\",\"contentUrl\":\"https:\\\/\\\/secure.gravatar.com\\\/avatar\\\/19f19467ae305ded5d913deae2fb6c6f29fe88a0a7f3a4dca5679407289a9efd?s=96&d=mm&r=g\",\"caption\":\"Fazenda Boqueir\u00e3o\"},\"url\":\"https:\\\/\\\/www.fazendaboqueiraorn.com.br\\\/en\\\/author\\\/fazenda\\\/\"}]}<\/script>\n<!-- \/ Yoast SEO plugin. -->","yoast_head_json":{"title":"Mahindra anuncia instala\u00e7\u00e3o de f\u00e1brica com investimentos de R$ 100 milh\u00f5es - Fazenda Boqueir\u00e3o","description":"Mahindra, empresa que mais vende tratores no mundo, ir\u00e1 instalar uma f\u00e1brica de tratores no Brasil.","robots":{"index":"index","follow":"follow","max-snippet":"max-snippet:-1","max-image-preview":"max-image-preview:large","max-video-preview":"max-video-preview:-1"},"canonical":"https:\/\/www.fazendaboqueiraorn.com.br\/en\/mahindra-anuncia-instalacao-de-fabrica-com-investimentos-de-r-100-milhoes\/","og_locale":"en_US","og_type":"article","og_title":"Mahindra anuncia instala\u00e7\u00e3o de f\u00e1brica com investimentos de R$ 100 milh\u00f5es - Fazenda Boqueir\u00e3o","og_description":"Mahindra, empresa que mais vende tratores no mundo, ir\u00e1 instalar uma f\u00e1brica de tratores no Brasil.","og_url":"https:\/\/www.fazendaboqueiraorn.com.br\/en\/mahindra-anuncia-instalacao-de-fabrica-com-investimentos-de-r-100-milhoes\/","og_site_name":"Fazenda Boqueir\u00e3o","article_publisher":"https:\/\/www.facebook.com\/fazboqueirao","article_published_time":"2024-05-22T08:42:00+00:00","og_image":[{"width":750,"height":430,"url":"https:\/\/www.fazendaboqueiraorn.com.br\/wp-content\/uploads\/2024\/05\/mahinda-tratores.jpg","type":"image\/jpeg"}],"author":"Fazenda Boqueir\u00e3o","twitter_card":"summary_large_image","twitter_creator":"@FazBoqueirao","twitter_site":"@FazBoqueirao","twitter_misc":{"Written by":"Fazenda Boqueir\u00e3o","Est. reading time":"3 minutes"},"schema":{"@context":"https:\/\/schema.org","@graph":[{"@type":"Article","@id":"https:\/\/www.fazendaboqueiraorn.com.br\/mahindra-anuncia-instalacao-de-fabrica-com-investimentos-de-r-100-milhoes\/#article","isPartOf":{"@id":"https:\/\/www.fazendaboqueiraorn.com.br\/mahindra-anuncia-instalacao-de-fabrica-com-investimentos-de-r-100-milhoes\/"},"author":{"name":"Fazenda Boqueir\u00e3o","@id":"https:\/\/www.fazendaboqueiraorn.com.br\/#\/schema\/person\/70484dc96f76e66c6365a9f4a2ebfb02"},"headline":"Mahindra anuncia instala\u00e7\u00e3o de f\u00e1brica com investimentos de R$ 100 milh\u00f5es","datePublished":"2024-05-22T08:42:00+00:00","mainEntityOfPage":{"@id":"https:\/\/www.fazendaboqueiraorn.com.br\/mahindra-anuncia-instalacao-de-fabrica-com-investimentos-de-r-100-milhoes\/"},"wordCount":318,"commentCount":0,"publisher":{"@id":"https:\/\/www.fazendaboqueiraorn.com.br\/#organization"},"image":{"@id":"https:\/\/www.fazendaboqueiraorn.com.br\/mahindra-anuncia-instalacao-de-fabrica-com-investimentos-de-r-100-milhoes\/#primaryimage"},"thumbnailUrl":"https:\/\/i0.wp.com\/www.fazendaboqueiraorn.com.br\/wp-content\/uploads\/2024\/05\/mahinda-tratores.jpg?fit=750%2C430&ssl=1","keywords":["Agricultura","curso","governo","Mahindra","ra\u00e7\u00e3o","trator"],"articleSection":["Not\u00edcias"],"inLanguage":"en-US","potentialAction":[{"@type":"CommentAction","name":"Comment","target":["https:\/\/www.fazendaboqueiraorn.com.br\/mahindra-anuncia-instalacao-de-fabrica-com-investimentos-de-r-100-milhoes\/#respond"]}]},{"@type":"WebPage","@id":"https:\/\/www.fazendaboqueiraorn.com.br\/mahindra-anuncia-instalacao-de-fabrica-com-investimentos-de-r-100-milhoes\/","url":"https:\/\/www.fazendaboqueiraorn.com.br\/mahindra-anuncia-instalacao-de-fabrica-com-investimentos-de-r-100-milhoes\/","name":"Mahindra anuncia instala\u00e7\u00e3o de f\u00e1brica com investimentos de R$ 100 milh\u00f5es - Fazenda Boqueir\u00e3o","isPartOf":{"@id":"https:\/\/www.fazendaboqueiraorn.com.br\/#website"},"primaryImageOfPage":{"@id":"https:\/\/www.fazendaboqueiraorn.com.br\/mahindra-anuncia-instalacao-de-fabrica-com-investimentos-de-r-100-milhoes\/#primaryimage"},"image":{"@id":"https:\/\/www.fazendaboqueiraorn.com.br\/mahindra-anuncia-instalacao-de-fabrica-com-investimentos-de-r-100-milhoes\/#primaryimage"},"thumbnailUrl":"https:\/\/i0.wp.com\/www.fazendaboqueiraorn.com.br\/wp-content\/uploads\/2024\/05\/mahinda-tratores.jpg?fit=750%2C430&ssl=1","datePublished":"2024-05-22T08:42:00+00:00","description":"Mahindra, empresa que mais vende tratores no mundo, ir\u00e1 instalar uma f\u00e1brica de tratores no Brasil.","breadcrumb":{"@id":"https:\/\/www.fazendaboqueiraorn.com.br\/mahindra-anuncia-instalacao-de-fabrica-com-investimentos-de-r-100-milhoes\/#breadcrumb"},"inLanguage":"en-US","potentialAction":[{"@type":"ReadAction","target":["https:\/\/www.fazendaboqueiraorn.com.br\/mahindra-anuncia-instalacao-de-fabrica-com-investimentos-de-r-100-milhoes\/"]}]},{"@type":"ImageObject","inLanguage":"en-US","@id":"https:\/\/www.fazendaboqueiraorn.com.br\/mahindra-anuncia-instalacao-de-fabrica-com-investimentos-de-r-100-milhoes\/#primaryimage","url":"https:\/\/i0.wp.com\/www.fazendaboqueiraorn.com.br\/wp-content\/uploads\/2024\/05\/mahinda-tratores.jpg?fit=750%2C430&ssl=1","contentUrl":"https:\/\/i0.wp.com\/www.fazendaboqueiraorn.com.br\/wp-content\/uploads\/2024\/05\/mahinda-tratores.jpg?fit=750%2C430&ssl=1","width":750,"height":430,"caption":"Mahindra anuncia instala\u00e7\u00e3o de f\u00e1brica"},{"@type":"BreadcrumbList","@id":"https:\/\/www.fazendaboqueiraorn.com.br\/mahindra-anuncia-instalacao-de-fabrica-com-investimentos-de-r-100-milhoes\/#breadcrumb","itemListElement":[{"@type":"ListItem","position":1,"name":"Home","item":"https:\/\/www.fazendaboqueiraorn.com.br\/"},{"@type":"ListItem","position":2,"name":"Mahindra anuncia instala\u00e7\u00e3o de f\u00e1brica com investimentos de R$ 100 milh\u00f5es"}]},{"@type":"WebSite","@id":"https:\/\/www.fazendaboqueiraorn.com.br\/#website","url":"https:\/\/www.fazendaboqueiraorn.com.br\/","name":"Fazenda Boqueir\u00e3o","description":"","publisher":{"@id":"https:\/\/www.fazendaboqueiraorn.com.br\/#organization"},"potentialAction":[{"@type":"SearchAction","target":{"@type":"EntryPoint","urlTemplate":"https:\/\/www.fazendaboqueiraorn.com.br\/?s={search_term_string}"},"query-input":{"@type":"PropertyValueSpecification","valueRequired":true,"valueName":"search_term_string"}}],"inLanguage":"en-US"},{"@type":"Organization","@id":"https:\/\/www.fazendaboqueiraorn.com.br\/#organization","name":"Fazenda Boqueir\u00e3o","url":"https:\/\/www.fazendaboqueiraorn.com.br\/","logo":{"@type":"ImageObject","inLanguage":"en-US","@id":"https:\/\/www.fazendaboqueiraorn.com.br\/#\/schema\/logo\/image\/","url":"https:\/\/i0.wp.com\/www.fazendaboqueiraorn.com.br\/wp-content\/uploads\/2021\/08\/logo-fazenda-120x120-1.png?fit=120%2C120&ssl=1","contentUrl":"https:\/\/i0.wp.com\/www.fazendaboqueiraorn.com.br\/wp-content\/uploads\/2021\/08\/logo-fazenda-120x120-1.png?fit=120%2C120&ssl=1","width":120,"height":120,"caption":"Fazenda Boqueir\u00e3o"},"image":{"@id":"https:\/\/www.fazendaboqueiraorn.com.br\/#\/schema\/logo\/image\/"},"sameAs":["https:\/\/www.facebook.com\/fazboqueirao","https:\/\/x.com\/FazBoqueirao","http:\/\/instagram.com\/fazboqueirao\/","https:\/\/www.linkedin.com\/company\/fazboqueirao\/","https:\/\/www.youtube.com\/channel\/UCUA4_8v8HkmMeNUh8c6Ky1Q"]},{"@type":"Person","@id":"https:\/\/www.fazendaboqueiraorn.com.br\/#\/schema\/person\/70484dc96f76e66c6365a9f4a2ebfb02","name":"Fazenda Boqueir\u00e3o","image":{"@type":"ImageObject","inLanguage":"en-US","@id":"https:\/\/secure.gravatar.com\/avatar\/19f19467ae305ded5d913deae2fb6c6f29fe88a0a7f3a4dca5679407289a9efd?s=96&d=mm&r=g","url":"https:\/\/secure.gravatar.com\/avatar\/19f19467ae305ded5d913deae2fb6c6f29fe88a0a7f3a4dca5679407289a9efd?s=96&d=mm&r=g","contentUrl":"https:\/\/secure.gravatar.com\/avatar\/19f19467ae305ded5d913deae2fb6c6f29fe88a0a7f3a4dca5679407289a9efd?s=96&d=mm&r=g","caption":"Fazenda Boqueir\u00e3o"},"url":"https:\/\/www.fazendaboqueiraorn.com.br\/en\/author\/fazenda\/"}]}},"jetpack_publicize_connections":[],"uagb_featured_image_src":{"full":["https:\/\/i0.wp.com\/www.fazendaboqueiraorn.com.br\/wp-content\/uploads\/2024\/05\/mahinda-tratores.jpg?fit=750%2C430&ssl=1",750,430,false],"thumbnail":["https:\/\/i0.wp.com\/www.fazendaboqueiraorn.com.br\/wp-content\/uploads\/2024\/05\/mahinda-tratores.jpg?resize=150%2C150&ssl=1",150,150,true],"medium":["https:\/\/i0.wp.com\/www.fazendaboqueiraorn.com.br\/wp-content\/uploads\/2024\/05\/mahinda-tratores.jpg?fit=300%2C172&ssl=1",300,172,true],"medium_large":["https:\/\/i0.wp.com\/www.fazendaboqueiraorn.com.br\/wp-content\/uploads\/2024\/05\/mahinda-tratores.jpg?fit=750%2C430&ssl=1",750,430,true],"large":["https:\/\/i0.wp.com\/www.fazendaboqueiraorn.com.br\/wp-content\/uploads\/2024\/05\/mahinda-tratores.jpg?fit=750%2C430&ssl=1",750,430,true],"1536x1536":["https:\/\/i0.wp.com\/www.fazendaboqueiraorn.com.br\/wp-content\/uploads\/2024\/05\/mahinda-tratores.jpg?fit=750%2C430&ssl=1",750,430,true],"2048x2048":["https:\/\/i0.wp.com\/www.fazendaboqueiraorn.com.br\/wp-content\/uploads\/2024\/05\/mahinda-tratores.jpg?fit=750%2C430&ssl=1",750,430,true],"trp-custom-language-flag":["https:\/\/i0.wp.com\/www.fazendaboqueiraorn.com.br\/wp-content\/uploads\/2024\/05\/mahinda-tratores.jpg?fit=18%2C10&ssl=1",18,10,true],"ultp_layout_landscape_large":["https:\/\/i0.wp.com\/www.fazendaboqueiraorn.com.br\/wp-content\/uploads\/2024\/05\/mahinda-tratores.jpg?resize=750%2C430&ssl=1",750,430,true],"ultp_layout_landscape":["https:\/\/i0.wp.com\/www.fazendaboqueiraorn.com.br\/wp-content\/uploads\/2024\/05\/mahinda-tratores.jpg?resize=750%2C430&ssl=1",750,430,true],"ultp_layout_portrait":["https:\/\/i0.wp.com\/www.fazendaboqueiraorn.com.br\/wp-content\/uploads\/2024\/05\/mahinda-tratores.jpg?resize=600%2C430&ssl=1",600,430,true],"ultp_layout_square":["https:\/\/i0.wp.com\/www.fazendaboqueiraorn.com.br\/wp-content\/uploads\/2024\/05\/mahinda-tratores.jpg?resize=600%2C430&ssl=1",600,430,true],"woocommerce_thumbnail":["https:\/\/www.fazendaboqueiraorn.com.br\/wp-content\/uploads\/2024\/05\/mahinda-tratores-300x300.jpg",300,300,true],"woocommerce_single":["https:\/\/www.fazendaboqueiraorn.com.br\/wp-content\/uploads\/2024\/05\/mahinda-tratores.jpg",600,344,false],"woocommerce_gallery_thumbnail":["https:\/\/www.fazendaboqueiraorn.com.br\/wp-content\/uploads\/2024\/05\/mahinda-tratores-100x100.jpg",100,100,true],"web-stories-poster-portrait":["https:\/\/www.fazendaboqueiraorn.com.br\/wp-content\/uploads\/2024\/05\/mahinda-tratores-640x430.jpg",640,430,true],"web-stories-publisher-logo":["https:\/\/www.fazendaboqueiraorn.com.br\/wp-content\/uploads\/2024\/05\/mahinda-tratores-96x96.jpg",96,96,true],"web-stories-thumbnail":["https:\/\/www.fazendaboqueiraorn.com.br\/wp-content\/uploads\/2024\/05\/mahinda-tratores-150x86.jpg",150,86,true]},"uagb_author_info":{"display_name":"Fazenda Boqueir\u00e3o","author_link":"https:\/\/www.fazendaboqueiraorn.com.br\/en\/author\/fazenda\/"},"uagb_comment_info":0,"uagb_excerpt":"Mahindra, empresa que mais vende tratores no mundo, ir\u00e1 instalar uma f\u00e1brica de tratores no Brasil.","jetpack_featured_media_url":"https:\/\/i0.wp.com\/www.fazendaboqueiraorn.com.br\/wp-content\/uploads\/2024\/05\/mahinda-tratores.jpg?fit=750%2C430&ssl=1","jetpack_sharing_enabled":true,"jetpack_likes_enabled":true,"_links":{"self":[{"href":"https:\/\/www.fazendaboqueiraorn.com.br\/en\/wp-json\/wp\/v2\/posts\/5299","targetHints":{"allow":["GET"]}}],"collection":[{"href":"https:\/\/www.fazendaboqueiraorn.com.br\/en\/wp-json\/wp\/v2\/posts"}],"about":[{"href":"https:\/\/www.fazendaboqueiraorn.com.br\/en\/wp-json\/wp\/v2\/types\/post"}],"author":[{"embeddable":true,"href":"https:\/\/www.fazendaboqueiraorn.com.br\/en\/wp-json\/wp\/v2\/users\/2"}],"replies":[{"embeddable":true,"href":"https:\/\/www.fazendaboqueiraorn.com.br\/en\/wp-json\/wp\/v2\/comments?post=5299"}],"version-history":[{"count":1,"href":"https:\/\/www.fazendaboqueiraorn.com.br\/en\/wp-json\/wp\/v2\/posts\/5299\/revisions"}],"predecessor-version":[{"id":5301,"href":"https:\/\/www.fazendaboqueiraorn.com.br\/en\/wp-json\/wp\/v2\/posts\/5299\/revisions\/5301"}],"wp:featuredmedia":[{"embeddable":true,"href":"https:\/\/www.fazendaboqueiraorn.com.br\/en\/wp-json\/wp\/v2\/media\/5300"}],"wp:attachment":[{"href":"https:\/\/www.fazendaboqueiraorn.com.br\/en\/wp-json\/wp\/v2\/media?parent=5299"}],"wp:term":[{"taxonomy":"category","embeddable":true,"href":"https:\/\/www.fazendaboqueiraorn.com.br\/en\/wp-json\/wp\/v2\/categories?post=5299"},{"taxonomy":"post_tag","embeddable":true,"href":"https:\/\/www.fazendaboqueiraorn.com.br\/en\/wp-json\/wp\/v2\/tags?post=5299"}],"curies":[{"name":"wp","href":"https:\/\/api.w.org\/{rel}","templated":true}]}}