{"id":5226,"date":"2024-05-07T15:38:09","date_gmt":"2024-05-07T18:38:09","guid":{"rendered":"https:\/\/www.fazendaboqueiraorn.com.br\/?p=5226"},"modified":"2024-05-07T15:45:45","modified_gmt":"2024-05-07T18:45:45","slug":"dia-de-campo-da-fazenda-mandacaru-2024","status":"publish","type":"post","link":"https:\/\/www.fazendaboqueiraorn.com.br\/en\/dia-de-campo-da-fazenda-mandacaru-2024\/","title":{"rendered":"Dia de Campo da Fazenda Mandacaru 2024"},"content":{"rendered":"<figure class=\"wp-block-image aligncenter size-full\"><img data-recalc-dims=\"1\" decoding=\"async\" width=\"718\" height=\"718\" loading=\"lazy\" src=\"https:\/\/i0.wp.com\/www.fazendaboqueiraorn.com.br\/wp-content\/uploads\/2024\/05\/fazenda-mandacaru-dia-de-campo-2024.jpg?resize=718%2C718&#038;ssl=1\" alt=\"Dia de Campo da Fazenda Mandacaru 2024\" class=\"wp-image-5227\" srcset=\"https:\/\/i0.wp.com\/www.fazendaboqueiraorn.com.br\/wp-content\/uploads\/2024\/05\/fazenda-mandacaru-dia-de-campo-2024.jpg?w=718&amp;ssl=1 718w, https:\/\/i0.wp.com\/www.fazendaboqueiraorn.com.br\/wp-content\/uploads\/2024\/05\/fazenda-mandacaru-dia-de-campo-2024.jpg?resize=300%2C300&amp;ssl=1 300w, https:\/\/i0.wp.com\/www.fazendaboqueiraorn.com.br\/wp-content\/uploads\/2024\/05\/fazenda-mandacaru-dia-de-campo-2024.jpg?resize=150%2C150&amp;ssl=1 150w, https:\/\/i0.wp.com\/www.fazendaboqueiraorn.com.br\/wp-content\/uploads\/2024\/05\/fazenda-mandacaru-dia-de-campo-2024.jpg?resize=12%2C12&amp;ssl=1 12w, https:\/\/i0.wp.com\/www.fazendaboqueiraorn.com.br\/wp-content\/uploads\/2024\/05\/fazenda-mandacaru-dia-de-campo-2024.jpg?resize=600%2C600&amp;ssl=1 600w, https:\/\/i0.wp.com\/www.fazendaboqueiraorn.com.br\/wp-content\/uploads\/2024\/05\/fazenda-mandacaru-dia-de-campo-2024.jpg?resize=100%2C100&amp;ssl=1 100w, https:\/\/i0.wp.com\/www.fazendaboqueiraorn.com.br\/wp-content\/uploads\/2024\/05\/fazenda-mandacaru-dia-de-campo-2024.jpg?resize=96%2C96&amp;ssl=1 96w\" sizes=\"auto, (max-width: 718px) 100vw, 718px\" \/><\/figure>\n\n\n\n<p>Dia de Campo da Fazenda Mandacaru 2024 em Boa Vista\/PB dia 11 de maio.<\/p>\n\n\n\n<h2 class=\"wp-block-heading\">Programa\u00e7\u00e3o do Dia de Campo da Fazenda Mandacaru 2024<\/h2>\n\n\n\n<ul class=\"wp-block-list\">\n<li>08:00h &#8211; Capins Buffel e Gram\u00e3o<\/li>\n\n\n\n<li>08:30h &#8211; Cultivo e Manejo da Palma<\/li>\n\n\n\n<li>09:00h &#8211; Caprinos Canind\u00e9<\/li>\n\n\n\n<li>09:30h &#8211; Gado Sindi<\/li>\n\n\n\n<li>10:00h &#8211; Vag\u00e3o da Palma<\/li>\n\n\n\n<li>10:30h &#8211; Palestra: Cultivo, manejo e pastejo em palma<br>Jos\u00e9 Thyago Aires Souza, Pesquisador Instituto Nacional do Semi\u00e1rido (INSA)<\/li>\n\n\n\n<li>11:00h &#8211; Import\u00e2ncia do gado Sindi no Semi\u00e1rido brasileiro<br>Ricardo Leite, Pesquisador EMPAER<\/li>\n\n\n\n<li>12:00h &#8211; Almo\u00e7o<\/li>\n\n\n\n<li>14:00h &#8211; In\u00edcio do Leil\u00e3o<\/li>\n<\/ul>\n\n\n\n<h2 class=\"wp-block-heading\">1\u00ba Leil\u00e3o Sindi Fazenda Mandacaru &amp; Convidados<\/h2>\n\n\n\n<figure class=\"wp-block-embed is-type-video is-provider-youtube wp-block-embed-youtube wp-embed-aspect-16-9 wp-has-aspect-ratio\"><div class=\"wp-block-embed__wrapper\">\n<iframe loading=\"lazy\" title=\"1\u00ba Leil\u00e3o Sindi Fazenda Mandacaru &amp; Convidados\" width=\"500\" height=\"281\" src=\"https:\/\/www.youtube.com\/embed\/tKass_EXCaI?feature=oembed\" frameborder=\"0\" allow=\"accelerometer; autoplay; clipboard-write; encrypted-media; gyroscope; picture-in-picture; web-share\" referrerpolicy=\"strict-origin-when-cross-origin\" allowfullscreen><\/iframe>\n<\/div><\/figure>\n\n\n\n<p>Dia 11 de Maio, ao vivo pela <a href=\"https:\/\/www.mfleiloes.com.br\/leilao\/1-leilao-sindi-fazenda-mandacaru-convidados\/6859\" target=\"_blank\" rel=\"noreferrer noopener\">MF Leil\u00f5es<\/a><\/p>\n\n\n\n<p>\ud83d\udc02 Pureza racial e rusticidade<\/p>\n\n\n\n<p>\ud83d\udc10 Oferta especial Caprinos Canind\u00e9<\/p>\n\n\n\n<p>\ud83d\udcb0 36 parcelas (1+35).<\/p>\n\n\n\n<p>\ud83d\ude9b B\u00f4nus de frete na participa\u00e7\u00e3o do pr\u00e9-lance<\/p>\n\n\n\n<p>\ud83d\udccd Animais localizados em Boa Vista-PB<\/p>","protected":false},"excerpt":{"rendered":"<p>Dia de Campo da Fazenda Mandacaru 2024 em Boa Vista\/PB dia 11 de maio.<\/p>","protected":false},"author":2,"featured_media":5227,"comment_status":"open","ping_status":"open","sticky":false,"template":"","format":"standard","meta":{"nf_dc_page":"","_uag_custom_page_level_css":"","site-sidebar-layout":"default","site-content-layout":"","ast-site-content-layout":"default","site-content-style":"default","site-sidebar-style":"default","ast-global-header-display":"","ast-banner-title-visibility":"","ast-main-header-display":"","ast-hfb-above-header-display":"","ast-hfb-below-header-display":"","ast-hfb-mobile-header-display":"","site-post-title":"","ast-breadcrumbs-content":"","ast-featured-img":"","footer-sml-layout":"","ast-disable-related-posts":"","theme-transparent-header-meta":"","adv-header-id-meta":"","stick-header-meta":"","header-above-stick-meta":"","header-main-stick-meta":"","header-below-stick-meta":"","astra-migrate-meta-layouts":"default","ast-page-background-enabled":"default","ast-page-background-meta":{"desktop":{"background-color":"var(--ast-global-color-4)","background-image":"","background-repeat":"repeat","background-position":"center center","background-size":"auto","background-attachment":"scroll","background-type":"","background-media":"","overlay-type":"","overlay-color":"","overlay-opacity":"","overlay-gradient":""},"tablet":{"background-color":"","background-image":"","background-repeat":"repeat","background-position":"center center","background-size":"auto","background-attachment":"scroll","background-type":"","background-media":"","overlay-type":"","overlay-color":"","overlay-opacity":"","overlay-gradient":""},"mobile":{"background-color":"","background-image":"","background-repeat":"repeat","background-position":"center center","background-size":"auto","background-attachment":"scroll","background-type":"","background-media":"","overlay-type":"","overlay-color":"","overlay-opacity":"","overlay-gradient":""}},"ast-content-background-meta":{"desktop":{"background-color":"var(--ast-global-color-5)","background-image":"","background-repeat":"repeat","background-position":"center center","background-size":"auto","background-attachment":"scroll","background-type":"","background-media":"","overlay-type":"","overlay-color":"","overlay-opacity":"","overlay-gradient":""},"tablet":{"background-color":"var(--ast-global-color-5)","background-image":"","background-repeat":"repeat","background-position":"center center","background-size":"auto","background-attachment":"scroll","background-type":"","background-media":"","overlay-type":"","overlay-color":"","overlay-opacity":"","overlay-gradient":""},"mobile":{"background-color":"var(--ast-global-color-5)","background-image":"","background-repeat":"repeat","background-position":"center center","background-size":"auto","background-attachment":"scroll","background-type":"","background-media":"","overlay-type":"","overlay-color":"","overlay-opacity":"","overlay-gradient":""}},"jetpack_post_was_ever_published":false,"_jetpack_newsletter_access":"","_jetpack_dont_email_post_to_subs":false,"_jetpack_newsletter_tier_id":0,"_jetpack_memberships_contains_paywalled_content":false,"_jetpack_memberships_contains_paid_content":false,"footnotes":"","jetpack_publicize_message":"","jetpack_publicize_feature_enabled":false,"jetpack_social_post_already_shared":false,"jetpack_social_options":{"image_generator_settings":{"template":"highway","default_image_id":0,"font":"","enabled":false},"version":2}},"categories":[429],"tags":[2377,61,2378,2380,2376,120,20,23,57,122],"class_list":["post-5226","post","type-post","status-publish","format-standard","has-post-thumbnail","hentry","category-eventos","tag-boa-vista","tag-dia-d","tag-dia-de-campo","tag-empaer","tag-fazenda-mandacaru","tag-gado","tag-palma","tag-paraiba","tag-pesquisador","tag-sindi"],"yoast_head":"<!-- This site is optimized with the Yoast SEO plugin v27.5 - https:\/\/yoast.com\/product\/yoast-seo-wordpress\/ -->\n<title>Dia de Campo da Fazenda Mandacaru 2024 - Fazenda Boqueir\u00e3o<\/title>\n<meta name=\"description\" content=\"Dia de Campo da Fazenda Mandacaru 2024 em Boa Vista\/PB dia 11 de maio.\" \/>\n<meta name=\"robots\" content=\"index, follow, max-snippet:-1, max-image-preview:large, max-video-preview:-1\" \/>\n<link rel=\"canonical\" href=\"https:\/\/www.fazendaboqueiraorn.com.br\/en\/dia-de-campo-da-fazenda-mandacaru-2024\/\" \/>\n<meta property=\"og:locale\" content=\"en_US\" \/>\n<meta property=\"og:type\" content=\"article\" \/>\n<meta property=\"og:title\" content=\"Dia de Campo da Fazenda Mandacaru 2024 - Fazenda Boqueir\u00e3o\" \/>\n<meta property=\"og:description\" content=\"Dia de Campo da Fazenda Mandacaru 2024 em Boa Vista\/PB dia 11 de maio.\" \/>\n<meta property=\"og:url\" content=\"https:\/\/www.fazendaboqueiraorn.com.br\/en\/dia-de-campo-da-fazenda-mandacaru-2024\/\" \/>\n<meta property=\"og:site_name\" content=\"Fazenda Boqueir\u00e3o\" \/>\n<meta property=\"article:publisher\" content=\"https:\/\/www.facebook.com\/fazboqueirao\" \/>\n<meta property=\"article:published_time\" content=\"2024-05-07T18:38:09+00:00\" \/>\n<meta property=\"article:modified_time\" content=\"2024-05-07T18:45:45+00:00\" \/>\n<meta property=\"og:image\" content=\"https:\/\/www.fazendaboqueiraorn.com.br\/wp-content\/uploads\/2024\/05\/fazenda-mandacaru-dia-de-campo-2024.jpg\" \/>\n\t<meta property=\"og:image:width\" content=\"718\" \/>\n\t<meta property=\"og:image:height\" content=\"718\" \/>\n\t<meta property=\"og:image:type\" content=\"image\/jpeg\" \/>\n<meta name=\"author\" content=\"Fazenda Boqueir\u00e3o\" \/>\n<meta name=\"twitter:card\" content=\"summary_large_image\" \/>\n<meta name=\"twitter:creator\" content=\"@FazBoqueirao\" \/>\n<meta name=\"twitter:site\" content=\"@FazBoqueirao\" \/>\n<meta name=\"twitter:label1\" content=\"Written by\" \/>\n\t<meta name=\"twitter:data1\" content=\"Fazenda Boqueir\u00e3o\" \/>\n\t<meta name=\"twitter:label2\" content=\"Est. reading time\" \/>\n\t<meta name=\"twitter:data2\" content=\"2 minutes\" \/>\n<script type=\"application\/ld+json\" class=\"yoast-schema-graph\">{\"@context\":\"https:\\\/\\\/schema.org\",\"@graph\":[{\"@type\":\"Article\",\"@id\":\"https:\\\/\\\/www.fazendaboqueiraorn.com.br\\\/dia-de-campo-da-fazenda-mandacaru-2024\\\/#article\",\"isPartOf\":{\"@id\":\"https:\\\/\\\/www.fazendaboqueiraorn.com.br\\\/dia-de-campo-da-fazenda-mandacaru-2024\\\/\"},\"author\":{\"name\":\"Fazenda Boqueir\u00e3o\",\"@id\":\"https:\\\/\\\/www.fazendaboqueiraorn.com.br\\\/#\\\/schema\\\/person\\\/70484dc96f76e66c6365a9f4a2ebfb02\"},\"headline\":\"Dia de Campo da Fazenda Mandacaru 2024\",\"datePublished\":\"2024-05-07T18:38:09+00:00\",\"dateModified\":\"2024-05-07T18:45:45+00:00\",\"mainEntityOfPage\":{\"@id\":\"https:\\\/\\\/www.fazendaboqueiraorn.com.br\\\/dia-de-campo-da-fazenda-mandacaru-2024\\\/\"},\"wordCount\":148,\"commentCount\":0,\"publisher\":{\"@id\":\"https:\\\/\\\/www.fazendaboqueiraorn.com.br\\\/#organization\"},\"image\":{\"@id\":\"https:\\\/\\\/www.fazendaboqueiraorn.com.br\\\/dia-de-campo-da-fazenda-mandacaru-2024\\\/#primaryimage\"},\"thumbnailUrl\":\"https:\\\/\\\/i0.wp.com\\\/www.fazendaboqueiraorn.com.br\\\/wp-content\\\/uploads\\\/2024\\\/05\\\/fazenda-mandacaru-dia-de-campo-2024.jpg?fit=718%2C718&ssl=1\",\"keywords\":[\"Boa Vista\",\"Dia D\",\"Dia de Campo\",\"EMPAER\",\"Fazenda Mandacaru\",\"gado\",\"palma\",\"Para\u00edba\",\"pesquisador\",\"sindi\"],\"articleSection\":[\"Eventos\"],\"inLanguage\":\"en-US\",\"potentialAction\":[{\"@type\":\"CommentAction\",\"name\":\"Comment\",\"target\":[\"https:\\\/\\\/www.fazendaboqueiraorn.com.br\\\/dia-de-campo-da-fazenda-mandacaru-2024\\\/#respond\"]}]},{\"@type\":\"WebPage\",\"@id\":\"https:\\\/\\\/www.fazendaboqueiraorn.com.br\\\/dia-de-campo-da-fazenda-mandacaru-2024\\\/\",\"url\":\"https:\\\/\\\/www.fazendaboqueiraorn.com.br\\\/dia-de-campo-da-fazenda-mandacaru-2024\\\/\",\"name\":\"Dia de Campo da Fazenda Mandacaru 2024 - Fazenda Boqueir\u00e3o\",\"isPartOf\":{\"@id\":\"https:\\\/\\\/www.fazendaboqueiraorn.com.br\\\/#website\"},\"primaryImageOfPage\":{\"@id\":\"https:\\\/\\\/www.fazendaboqueiraorn.com.br\\\/dia-de-campo-da-fazenda-mandacaru-2024\\\/#primaryimage\"},\"image\":{\"@id\":\"https:\\\/\\\/www.fazendaboqueiraorn.com.br\\\/dia-de-campo-da-fazenda-mandacaru-2024\\\/#primaryimage\"},\"thumbnailUrl\":\"https:\\\/\\\/i0.wp.com\\\/www.fazendaboqueiraorn.com.br\\\/wp-content\\\/uploads\\\/2024\\\/05\\\/fazenda-mandacaru-dia-de-campo-2024.jpg?fit=718%2C718&ssl=1\",\"datePublished\":\"2024-05-07T18:38:09+00:00\",\"dateModified\":\"2024-05-07T18:45:45+00:00\",\"description\":\"Dia de Campo da Fazenda Mandacaru 2024 em Boa Vista\\\/PB dia 11 de maio.\",\"breadcrumb\":{\"@id\":\"https:\\\/\\\/www.fazendaboqueiraorn.com.br\\\/dia-de-campo-da-fazenda-mandacaru-2024\\\/#breadcrumb\"},\"inLanguage\":\"en-US\",\"potentialAction\":[{\"@type\":\"ReadAction\",\"target\":[\"https:\\\/\\\/www.fazendaboqueiraorn.com.br\\\/dia-de-campo-da-fazenda-mandacaru-2024\\\/\"]}]},{\"@type\":\"ImageObject\",\"inLanguage\":\"en-US\",\"@id\":\"https:\\\/\\\/www.fazendaboqueiraorn.com.br\\\/dia-de-campo-da-fazenda-mandacaru-2024\\\/#primaryimage\",\"url\":\"https:\\\/\\\/i0.wp.com\\\/www.fazendaboqueiraorn.com.br\\\/wp-content\\\/uploads\\\/2024\\\/05\\\/fazenda-mandacaru-dia-de-campo-2024.jpg?fit=718%2C718&ssl=1\",\"contentUrl\":\"https:\\\/\\\/i0.wp.com\\\/www.fazendaboqueiraorn.com.br\\\/wp-content\\\/uploads\\\/2024\\\/05\\\/fazenda-mandacaru-dia-de-campo-2024.jpg?fit=718%2C718&ssl=1\",\"width\":718,\"height\":718,\"caption\":\"Dia de Campo da Fazenda Mandacaru 2024\"},{\"@type\":\"BreadcrumbList\",\"@id\":\"https:\\\/\\\/www.fazendaboqueiraorn.com.br\\\/dia-de-campo-da-fazenda-mandacaru-2024\\\/#breadcrumb\",\"itemListElement\":[{\"@type\":\"ListItem\",\"position\":1,\"name\":\"Home\",\"item\":\"https:\\\/\\\/www.fazendaboqueiraorn.com.br\\\/\"},{\"@type\":\"ListItem\",\"position\":2,\"name\":\"Dia de Campo da Fazenda Mandacaru 2024\"}]},{\"@type\":\"WebSite\",\"@id\":\"https:\\\/\\\/www.fazendaboqueiraorn.com.br\\\/#website\",\"url\":\"https:\\\/\\\/www.fazendaboqueiraorn.com.br\\\/\",\"name\":\"Fazenda Boqueir\u00e3o\",\"description\":\"\",\"publisher\":{\"@id\":\"https:\\\/\\\/www.fazendaboqueiraorn.com.br\\\/#organization\"},\"potentialAction\":[{\"@type\":\"SearchAction\",\"target\":{\"@type\":\"EntryPoint\",\"urlTemplate\":\"https:\\\/\\\/www.fazendaboqueiraorn.com.br\\\/?s={search_term_string}\"},\"query-input\":{\"@type\":\"PropertyValueSpecification\",\"valueRequired\":true,\"valueName\":\"search_term_string\"}}],\"inLanguage\":\"en-US\"},{\"@type\":\"Organization\",\"@id\":\"https:\\\/\\\/www.fazendaboqueiraorn.com.br\\\/#organization\",\"name\":\"Fazenda Boqueir\u00e3o\",\"url\":\"https:\\\/\\\/www.fazendaboqueiraorn.com.br\\\/\",\"logo\":{\"@type\":\"ImageObject\",\"inLanguage\":\"en-US\",\"@id\":\"https:\\\/\\\/www.fazendaboqueiraorn.com.br\\\/#\\\/schema\\\/logo\\\/image\\\/\",\"url\":\"https:\\\/\\\/i0.wp.com\\\/www.fazendaboqueiraorn.com.br\\\/wp-content\\\/uploads\\\/2021\\\/08\\\/logo-fazenda-120x120-1.png?fit=120%2C120&ssl=1\",\"contentUrl\":\"https:\\\/\\\/i0.wp.com\\\/www.fazendaboqueiraorn.com.br\\\/wp-content\\\/uploads\\\/2021\\\/08\\\/logo-fazenda-120x120-1.png?fit=120%2C120&ssl=1\",\"width\":120,\"height\":120,\"caption\":\"Fazenda Boqueir\u00e3o\"},\"image\":{\"@id\":\"https:\\\/\\\/www.fazendaboqueiraorn.com.br\\\/#\\\/schema\\\/logo\\\/image\\\/\"},\"sameAs\":[\"https:\\\/\\\/www.facebook.com\\\/fazboqueirao\",\"https:\\\/\\\/x.com\\\/FazBoqueirao\",\"http:\\\/\\\/instagram.com\\\/fazboqueirao\\\/\",\"https:\\\/\\\/www.linkedin.com\\\/company\\\/fazboqueirao\\\/\",\"https:\\\/\\\/www.youtube.com\\\/channel\\\/UCUA4_8v8HkmMeNUh8c6Ky1Q\"]},{\"@type\":\"Person\",\"@id\":\"https:\\\/\\\/www.fazendaboqueiraorn.com.br\\\/#\\\/schema\\\/person\\\/70484dc96f76e66c6365a9f4a2ebfb02\",\"name\":\"Fazenda Boqueir\u00e3o\",\"image\":{\"@type\":\"ImageObject\",\"inLanguage\":\"en-US\",\"@id\":\"https:\\\/\\\/secure.gravatar.com\\\/avatar\\\/19f19467ae305ded5d913deae2fb6c6f29fe88a0a7f3a4dca5679407289a9efd?s=96&d=mm&r=g\",\"url\":\"https:\\\/\\\/secure.gravatar.com\\\/avatar\\\/19f19467ae305ded5d913deae2fb6c6f29fe88a0a7f3a4dca5679407289a9efd?s=96&d=mm&r=g\",\"contentUrl\":\"https:\\\/\\\/secure.gravatar.com\\\/avatar\\\/19f19467ae305ded5d913deae2fb6c6f29fe88a0a7f3a4dca5679407289a9efd?s=96&d=mm&r=g\",\"caption\":\"Fazenda Boqueir\u00e3o\"},\"url\":\"https:\\\/\\\/www.fazendaboqueiraorn.com.br\\\/en\\\/author\\\/fazenda\\\/\"}]}<\/script>\n<!-- \/ Yoast SEO plugin. -->","yoast_head_json":{"title":"Dia de Campo da Fazenda Mandacaru 2024 - Fazenda Boqueir\u00e3o","description":"Dia de Campo da Fazenda Mandacaru 2024 em Boa Vista\/PB dia 11 de maio.","robots":{"index":"index","follow":"follow","max-snippet":"max-snippet:-1","max-image-preview":"max-image-preview:large","max-video-preview":"max-video-preview:-1"},"canonical":"https:\/\/www.fazendaboqueiraorn.com.br\/en\/dia-de-campo-da-fazenda-mandacaru-2024\/","og_locale":"en_US","og_type":"article","og_title":"Dia de Campo da Fazenda Mandacaru 2024 - Fazenda Boqueir\u00e3o","og_description":"Dia de Campo da Fazenda Mandacaru 2024 em Boa Vista\/PB dia 11 de maio.","og_url":"https:\/\/www.fazendaboqueiraorn.com.br\/en\/dia-de-campo-da-fazenda-mandacaru-2024\/","og_site_name":"Fazenda Boqueir\u00e3o","article_publisher":"https:\/\/www.facebook.com\/fazboqueirao","article_published_time":"2024-05-07T18:38:09+00:00","article_modified_time":"2024-05-07T18:45:45+00:00","og_image":[{"width":718,"height":718,"url":"https:\/\/www.fazendaboqueiraorn.com.br\/wp-content\/uploads\/2024\/05\/fazenda-mandacaru-dia-de-campo-2024.jpg","type":"image\/jpeg"}],"author":"Fazenda Boqueir\u00e3o","twitter_card":"summary_large_image","twitter_creator":"@FazBoqueirao","twitter_site":"@FazBoqueirao","twitter_misc":{"Written by":"Fazenda Boqueir\u00e3o","Est. reading time":"2 minutes"},"schema":{"@context":"https:\/\/schema.org","@graph":[{"@type":"Article","@id":"https:\/\/www.fazendaboqueiraorn.com.br\/dia-de-campo-da-fazenda-mandacaru-2024\/#article","isPartOf":{"@id":"https:\/\/www.fazendaboqueiraorn.com.br\/dia-de-campo-da-fazenda-mandacaru-2024\/"},"author":{"name":"Fazenda Boqueir\u00e3o","@id":"https:\/\/www.fazendaboqueiraorn.com.br\/#\/schema\/person\/70484dc96f76e66c6365a9f4a2ebfb02"},"headline":"Dia de Campo da Fazenda Mandacaru 2024","datePublished":"2024-05-07T18:38:09+00:00","dateModified":"2024-05-07T18:45:45+00:00","mainEntityOfPage":{"@id":"https:\/\/www.fazendaboqueiraorn.com.br\/dia-de-campo-da-fazenda-mandacaru-2024\/"},"wordCount":148,"commentCount":0,"publisher":{"@id":"https:\/\/www.fazendaboqueiraorn.com.br\/#organization"},"image":{"@id":"https:\/\/www.fazendaboqueiraorn.com.br\/dia-de-campo-da-fazenda-mandacaru-2024\/#primaryimage"},"thumbnailUrl":"https:\/\/i0.wp.com\/www.fazendaboqueiraorn.com.br\/wp-content\/uploads\/2024\/05\/fazenda-mandacaru-dia-de-campo-2024.jpg?fit=718%2C718&ssl=1","keywords":["Boa Vista","Dia D","Dia de Campo","EMPAER","Fazenda Mandacaru","gado","palma","Para\u00edba","pesquisador","sindi"],"articleSection":["Eventos"],"inLanguage":"en-US","potentialAction":[{"@type":"CommentAction","name":"Comment","target":["https:\/\/www.fazendaboqueiraorn.com.br\/dia-de-campo-da-fazenda-mandacaru-2024\/#respond"]}]},{"@type":"WebPage","@id":"https:\/\/www.fazendaboqueiraorn.com.br\/dia-de-campo-da-fazenda-mandacaru-2024\/","url":"https:\/\/www.fazendaboqueiraorn.com.br\/dia-de-campo-da-fazenda-mandacaru-2024\/","name":"Dia de Campo da Fazenda Mandacaru 2024 - Fazenda Boqueir\u00e3o","isPartOf":{"@id":"https:\/\/www.fazendaboqueiraorn.com.br\/#website"},"primaryImageOfPage":{"@id":"https:\/\/www.fazendaboqueiraorn.com.br\/dia-de-campo-da-fazenda-mandacaru-2024\/#primaryimage"},"image":{"@id":"https:\/\/www.fazendaboqueiraorn.com.br\/dia-de-campo-da-fazenda-mandacaru-2024\/#primaryimage"},"thumbnailUrl":"https:\/\/i0.wp.com\/www.fazendaboqueiraorn.com.br\/wp-content\/uploads\/2024\/05\/fazenda-mandacaru-dia-de-campo-2024.jpg?fit=718%2C718&ssl=1","datePublished":"2024-05-07T18:38:09+00:00","dateModified":"2024-05-07T18:45:45+00:00","description":"Dia de Campo da Fazenda Mandacaru 2024 em Boa Vista\/PB dia 11 de maio.","breadcrumb":{"@id":"https:\/\/www.fazendaboqueiraorn.com.br\/dia-de-campo-da-fazenda-mandacaru-2024\/#breadcrumb"},"inLanguage":"en-US","potentialAction":[{"@type":"ReadAction","target":["https:\/\/www.fazendaboqueiraorn.com.br\/dia-de-campo-da-fazenda-mandacaru-2024\/"]}]},{"@type":"ImageObject","inLanguage":"en-US","@id":"https:\/\/www.fazendaboqueiraorn.com.br\/dia-de-campo-da-fazenda-mandacaru-2024\/#primaryimage","url":"https:\/\/i0.wp.com\/www.fazendaboqueiraorn.com.br\/wp-content\/uploads\/2024\/05\/fazenda-mandacaru-dia-de-campo-2024.jpg?fit=718%2C718&ssl=1","contentUrl":"https:\/\/i0.wp.com\/www.fazendaboqueiraorn.com.br\/wp-content\/uploads\/2024\/05\/fazenda-mandacaru-dia-de-campo-2024.jpg?fit=718%2C718&ssl=1","width":718,"height":718,"caption":"Dia de Campo da Fazenda Mandacaru 2024"},{"@type":"BreadcrumbList","@id":"https:\/\/www.fazendaboqueiraorn.com.br\/dia-de-campo-da-fazenda-mandacaru-2024\/#breadcrumb","itemListElement":[{"@type":"ListItem","position":1,"name":"Home","item":"https:\/\/www.fazendaboqueiraorn.com.br\/"},{"@type":"ListItem","position":2,"name":"Dia de Campo da Fazenda Mandacaru 2024"}]},{"@type":"WebSite","@id":"https:\/\/www.fazendaboqueiraorn.com.br\/#website","url":"https:\/\/www.fazendaboqueiraorn.com.br\/","name":"Fazenda Boqueir\u00e3o","description":"","publisher":{"@id":"https:\/\/www.fazendaboqueiraorn.com.br\/#organization"},"potentialAction":[{"@type":"SearchAction","target":{"@type":"EntryPoint","urlTemplate":"https:\/\/www.fazendaboqueiraorn.com.br\/?s={search_term_string}"},"query-input":{"@type":"PropertyValueSpecification","valueRequired":true,"valueName":"search_term_string"}}],"inLanguage":"en-US"},{"@type":"Organization","@id":"https:\/\/www.fazendaboqueiraorn.com.br\/#organization","name":"Fazenda Boqueir\u00e3o","url":"https:\/\/www.fazendaboqueiraorn.com.br\/","logo":{"@type":"ImageObject","inLanguage":"en-US","@id":"https:\/\/www.fazendaboqueiraorn.com.br\/#\/schema\/logo\/image\/","url":"https:\/\/i0.wp.com\/www.fazendaboqueiraorn.com.br\/wp-content\/uploads\/2021\/08\/logo-fazenda-120x120-1.png?fit=120%2C120&ssl=1","contentUrl":"https:\/\/i0.wp.com\/www.fazendaboqueiraorn.com.br\/wp-content\/uploads\/2021\/08\/logo-fazenda-120x120-1.png?fit=120%2C120&ssl=1","width":120,"height":120,"caption":"Fazenda Boqueir\u00e3o"},"image":{"@id":"https:\/\/www.fazendaboqueiraorn.com.br\/#\/schema\/logo\/image\/"},"sameAs":["https:\/\/www.facebook.com\/fazboqueirao","https:\/\/x.com\/FazBoqueirao","http:\/\/instagram.com\/fazboqueirao\/","https:\/\/www.linkedin.com\/company\/fazboqueirao\/","https:\/\/www.youtube.com\/channel\/UCUA4_8v8HkmMeNUh8c6Ky1Q"]},{"@type":"Person","@id":"https:\/\/www.fazendaboqueiraorn.com.br\/#\/schema\/person\/70484dc96f76e66c6365a9f4a2ebfb02","name":"Fazenda Boqueir\u00e3o","image":{"@type":"ImageObject","inLanguage":"en-US","@id":"https:\/\/secure.gravatar.com\/avatar\/19f19467ae305ded5d913deae2fb6c6f29fe88a0a7f3a4dca5679407289a9efd?s=96&d=mm&r=g","url":"https:\/\/secure.gravatar.com\/avatar\/19f19467ae305ded5d913deae2fb6c6f29fe88a0a7f3a4dca5679407289a9efd?s=96&d=mm&r=g","contentUrl":"https:\/\/secure.gravatar.com\/avatar\/19f19467ae305ded5d913deae2fb6c6f29fe88a0a7f3a4dca5679407289a9efd?s=96&d=mm&r=g","caption":"Fazenda Boqueir\u00e3o"},"url":"https:\/\/www.fazendaboqueiraorn.com.br\/en\/author\/fazenda\/"}]}},"jetpack_publicize_connections":[],"uagb_featured_image_src":{"full":["https:\/\/i0.wp.com\/www.fazendaboqueiraorn.com.br\/wp-content\/uploads\/2024\/05\/fazenda-mandacaru-dia-de-campo-2024.jpg?fit=718%2C718&ssl=1",718,718,false],"thumbnail":["https:\/\/i0.wp.com\/www.fazendaboqueiraorn.com.br\/wp-content\/uploads\/2024\/05\/fazenda-mandacaru-dia-de-campo-2024.jpg?resize=150%2C150&ssl=1",150,150,true],"medium":["https:\/\/i0.wp.com\/www.fazendaboqueiraorn.com.br\/wp-content\/uploads\/2024\/05\/fazenda-mandacaru-dia-de-campo-2024.jpg?fit=300%2C300&ssl=1",300,300,true],"medium_large":["https:\/\/i0.wp.com\/www.fazendaboqueiraorn.com.br\/wp-content\/uploads\/2024\/05\/fazenda-mandacaru-dia-de-campo-2024.jpg?fit=718%2C718&ssl=1",718,718,true],"large":["https:\/\/i0.wp.com\/www.fazendaboqueiraorn.com.br\/wp-content\/uploads\/2024\/05\/fazenda-mandacaru-dia-de-campo-2024.jpg?fit=718%2C718&ssl=1",718,718,true],"1536x1536":["https:\/\/i0.wp.com\/www.fazendaboqueiraorn.com.br\/wp-content\/uploads\/2024\/05\/fazenda-mandacaru-dia-de-campo-2024.jpg?fit=718%2C718&ssl=1",718,718,true],"2048x2048":["https:\/\/i0.wp.com\/www.fazendaboqueiraorn.com.br\/wp-content\/uploads\/2024\/05\/fazenda-mandacaru-dia-de-campo-2024.jpg?fit=718%2C718&ssl=1",718,718,true],"trp-custom-language-flag":["https:\/\/i0.wp.com\/www.fazendaboqueiraorn.com.br\/wp-content\/uploads\/2024\/05\/fazenda-mandacaru-dia-de-campo-2024.jpg?fit=12%2C12&ssl=1",12,12,true],"ultp_layout_landscape_large":["https:\/\/i0.wp.com\/www.fazendaboqueiraorn.com.br\/wp-content\/uploads\/2024\/05\/fazenda-mandacaru-dia-de-campo-2024.jpg?resize=718%2C718&ssl=1",718,718,true],"ultp_layout_landscape":["https:\/\/i0.wp.com\/www.fazendaboqueiraorn.com.br\/wp-content\/uploads\/2024\/05\/fazenda-mandacaru-dia-de-campo-2024.jpg?resize=718%2C570&ssl=1",718,570,true],"ultp_layout_portrait":["https:\/\/i0.wp.com\/www.fazendaboqueiraorn.com.br\/wp-content\/uploads\/2024\/05\/fazenda-mandacaru-dia-de-campo-2024.jpg?resize=600%2C718&ssl=1",600,718,true],"ultp_layout_square":["https:\/\/i0.wp.com\/www.fazendaboqueiraorn.com.br\/wp-content\/uploads\/2024\/05\/fazenda-mandacaru-dia-de-campo-2024.jpg?resize=600%2C600&ssl=1",600,600,true],"woocommerce_thumbnail":["https:\/\/www.fazendaboqueiraorn.com.br\/wp-content\/uploads\/2024\/05\/fazenda-mandacaru-dia-de-campo-2024-300x300.jpg",300,300,true],"woocommerce_single":["https:\/\/www.fazendaboqueiraorn.com.br\/wp-content\/uploads\/2024\/05\/fazenda-mandacaru-dia-de-campo-2024.jpg",600,600,false],"woocommerce_gallery_thumbnail":["https:\/\/www.fazendaboqueiraorn.com.br\/wp-content\/uploads\/2024\/05\/fazenda-mandacaru-dia-de-campo-2024-100x100.jpg",100,100,true],"web-stories-poster-portrait":["https:\/\/www.fazendaboqueiraorn.com.br\/wp-content\/uploads\/2024\/05\/fazenda-mandacaru-dia-de-campo-2024-640x718.jpg",640,718,true],"web-stories-publisher-logo":["https:\/\/www.fazendaboqueiraorn.com.br\/wp-content\/uploads\/2024\/05\/fazenda-mandacaru-dia-de-campo-2024-96x96.jpg",96,96,true],"web-stories-thumbnail":["https:\/\/www.fazendaboqueiraorn.com.br\/wp-content\/uploads\/2024\/05\/fazenda-mandacaru-dia-de-campo-2024-150x150.jpg",150,150,true]},"uagb_author_info":{"display_name":"Fazenda Boqueir\u00e3o","author_link":"https:\/\/www.fazendaboqueiraorn.com.br\/en\/author\/fazenda\/"},"uagb_comment_info":0,"uagb_excerpt":"Dia de Campo da Fazenda Mandacaru 2024 em Boa Vista\/PB dia 11 de maio.","jetpack_featured_media_url":"https:\/\/i0.wp.com\/www.fazendaboqueiraorn.com.br\/wp-content\/uploads\/2024\/05\/fazenda-mandacaru-dia-de-campo-2024.jpg?fit=718%2C718&ssl=1","jetpack_sharing_enabled":true,"jetpack_likes_enabled":true,"_links":{"self":[{"href":"https:\/\/www.fazendaboqueiraorn.com.br\/en\/wp-json\/wp\/v2\/posts\/5226","targetHints":{"allow":["GET"]}}],"collection":[{"href":"https:\/\/www.fazendaboqueiraorn.com.br\/en\/wp-json\/wp\/v2\/posts"}],"about":[{"href":"https:\/\/www.fazendaboqueiraorn.com.br\/en\/wp-json\/wp\/v2\/types\/post"}],"author":[{"embeddable":true,"href":"https:\/\/www.fazendaboqueiraorn.com.br\/en\/wp-json\/wp\/v2\/users\/2"}],"replies":[{"embeddable":true,"href":"https:\/\/www.fazendaboqueiraorn.com.br\/en\/wp-json\/wp\/v2\/comments?post=5226"}],"version-history":[{"count":4,"href":"https:\/\/www.fazendaboqueiraorn.com.br\/en\/wp-json\/wp\/v2\/posts\/5226\/revisions"}],"predecessor-version":[{"id":5231,"href":"https:\/\/www.fazendaboqueiraorn.com.br\/en\/wp-json\/wp\/v2\/posts\/5226\/revisions\/5231"}],"wp:featuredmedia":[{"embeddable":true,"href":"https:\/\/www.fazendaboqueiraorn.com.br\/en\/wp-json\/wp\/v2\/media\/5227"}],"wp:attachment":[{"href":"https:\/\/www.fazendaboqueiraorn.com.br\/en\/wp-json\/wp\/v2\/media?parent=5226"}],"wp:term":[{"taxonomy":"category","embeddable":true,"href":"https:\/\/www.fazendaboqueiraorn.com.br\/en\/wp-json\/wp\/v2\/categories?post=5226"},{"taxonomy":"post_tag","embeddable":true,"href":"https:\/\/www.fazendaboqueiraorn.com.br\/en\/wp-json\/wp\/v2\/tags?post=5226"}],"curies":[{"name":"wp","href":"https:\/\/api.w.org\/{rel}","templated":true}]}}