{"id":5170,"date":"2024-04-27T09:00:00","date_gmt":"2024-04-27T12:00:00","guid":{"rendered":"https:\/\/www.fazendaboqueiraorn.com.br\/?p=5170"},"modified":"2024-04-26T15:41:18","modified_gmt":"2024-04-26T18:41:18","slug":"previsao-de-chuvas-acima-da-media-para-os-proximos-3-meses","status":"publish","type":"post","link":"https:\/\/www.fazendaboqueiraorn.com.br\/en\/previsao-de-chuvas-acima-da-media-para-os-proximos-3-meses\/","title":{"rendered":"Previs\u00e3o de chuvas acima da m\u00e9dia para os pr\u00f3ximos 3 meses"},"content":{"rendered":"<figure class=\"wp-block-image size-large\"><img data-recalc-dims=\"1\" decoding=\"async\" width=\"1024\" height=\"576\" loading=\"lazy\" src=\"https:\/\/i0.wp.com\/www.fazendaboqueiraorn.com.br\/wp-content\/uploads\/2024\/04\/chuva.jpg?resize=1024%2C576&#038;ssl=1\" alt=\"Previs\u00e3o de chuvas acima da m\u00e9dia\" class=\"wp-image-5171\" srcset=\"https:\/\/i0.wp.com\/www.fazendaboqueiraorn.com.br\/wp-content\/uploads\/2024\/04\/chuva-scaled.jpg?resize=1024%2C576&amp;ssl=1 1024w, https:\/\/i0.wp.com\/www.fazendaboqueiraorn.com.br\/wp-content\/uploads\/2024\/04\/chuva-scaled.jpg?resize=300%2C169&amp;ssl=1 300w, https:\/\/i0.wp.com\/www.fazendaboqueiraorn.com.br\/wp-content\/uploads\/2024\/04\/chuva-scaled.jpg?resize=768%2C432&amp;ssl=1 768w, https:\/\/i0.wp.com\/www.fazendaboqueiraorn.com.br\/wp-content\/uploads\/2024\/04\/chuva-scaled.jpg?resize=18%2C10&amp;ssl=1 18w, https:\/\/i0.wp.com\/www.fazendaboqueiraorn.com.br\/wp-content\/uploads\/2024\/04\/chuva-scaled.jpg?resize=600%2C338&amp;ssl=1 600w, https:\/\/i0.wp.com\/www.fazendaboqueiraorn.com.br\/wp-content\/uploads\/2024\/04\/chuva-scaled.jpg?resize=150%2C84&amp;ssl=1 150w, https:\/\/i0.wp.com\/www.fazendaboqueiraorn.com.br\/wp-content\/uploads\/2024\/04\/chuva-scaled.jpg?w=1000&amp;ssl=1 1000w\" sizes=\"auto, (max-width: 1000px) 100vw, 1000px\" \/><\/figure>\n\n\n\n<p>A previs\u00e3o para o pr\u00f3ximo trimestre (maio, junho e julho) \u00e9 de chuvas acima da m\u00e9dia no Rio Grande do Norte, devido principalmente as temperaturas estarem mais elevadas nas \u00e1guas superficiais do oceano Atl\u00e2ntico. O Litoral Potiguar dever\u00e1 ser o mais chuvoso no per\u00edodo. <\/p>\n\n\n\n<p>Este foi um dos resultados da Reuni\u00e3o de An\u00e1lise Clim\u00e1tica e Progn\u00f3stico para o Rio Grande do Norte, coordenada pela Empresa de Pesquisa Agropecu\u00e1ria do Rio Grande do Norte (EMPARN), e realizada, na \u00faltima quinta-feira (25) em conjunto com especialistas de todos os centros de meteorologia do Nordeste.<\/p>\n\n\n\n<p>Contrariando as previs\u00f5es anunciadas em outubro de 2023, as chuvas no Rio Grande do Norte est\u00e3o com volumes acima da m\u00e9dia esperada nos meses de mar\u00e7o e abril, meses integrantes da quadra chuvosa do estado. A expectativa dos especialistas foi criada devido \u00e0 presen\u00e7a mundial do fen\u00f4meno El \u00d1ino- que entre seus efeitos na regi\u00e3o Nordeste est\u00e1 a seca.<\/p>\n\n\n\n<p>\u201cO fen\u00f4meno El \u00d1ino vem apresentando sinais de enfraquecimento. Este cen\u00e1rio come\u00e7ou a ser observado de forma gradual e apresenta, no momento, uma tend\u00eancia para condi\u00e7\u00e3o de La \u00d1ina, que em oposi\u00e7\u00e3o ao El \u00d1ino apresenta entre seus efeitos, tend\u00eancia de ocorr\u00eancia de chuvas\u201d, disse o chefe da unidade de Meteorologia da Emparn, Gilmar Bristot.<\/p>\n\n\n\n<p>O meteorologista destacou que a temperatura m\u00e9dia atual observada das \u00e1guas superficiais do oceano Atl\u00e2ntico est\u00e1 variando entre 29\u00b0C e 30\u00b0C. \u201cNunca na hist\u00f3ria da climatologia se registrou temperaturas t\u00e3o altas no oceano Atl\u00e2ntico Norte como nos \u00faltimos meses. Os term\u00f4metros tem marcado m\u00e9dias em torno de 29\u00b0C\/30\u00b0C, quando o esperado \u00e9 entre 27\u00b0C e 28\u00b0C\u201d, comentou.<\/p>\n\n\n\n<figure class=\"wp-block-embed is-type-video is-provider-youtube wp-block-embed-youtube wp-embed-aspect-16-9 wp-has-aspect-ratio\"><div class=\"wp-block-embed__wrapper\">\n<iframe loading=\"lazy\" title=\"Chuva dia 09\/04\/2024\" width=\"500\" height=\"281\" src=\"https:\/\/www.youtube.com\/embed\/9QEdcN1rQuA?feature=oembed\" frameborder=\"0\" allow=\"accelerometer; autoplay; clipboard-write; encrypted-media; gyroscope; picture-in-picture; web-share\" referrerpolicy=\"strict-origin-when-cross-origin\" allowfullscreen><\/iframe>\n<\/div><\/figure>\n\n\n\n<p>Os especialistas observam que desde novembro de 2023, o RN tem mantido regularidade no volume das chuvas, com acumulados acima da m\u00e9dia desde ent\u00e3o. A \u2060Regi\u00e3o do Serid\u00f3 Oriental, n\u00e3o \u00e9 uma regi\u00e3o t\u00e3o chuvosa, mas neste per\u00edodo tem apresentado volumes acima da m\u00e9dia.<\/p>\n\n\n\n<p>\u201cDiante das atuais circunst\u00e2ncias apresentadas pelos modelos meteorol\u00f3gicos a previs\u00e3o \u00e9 de um pr\u00f3ximo trimestre mais chuvoso no Rio Grande do Norte. Estamos acompanhando semana a semana os dados coletados para uma elabora\u00e7\u00e3o cada vez mais precisa e assim orientar os \u00f3rg\u00e3os de governo nas a\u00e7\u00f5es\u201d, disse.<\/p>\n\n\n\n<h2 class=\"wp-block-heading\">Chuvas<\/h2>\n\n\n\n<p>O Sistema de Monitoramento da Empresa de Pesquisa Agropecu\u00e1ria do Rio Grande do Norte registra a ocorr\u00eancia de chuvas em todas as regi\u00f5es do estado, nesta sexta-feira (26). Os maiores acumulados est\u00e3o concentrados na regi\u00e3o do Leste Potiguar, onde fica localizada a regi\u00e3o metropolitana da capital. Os maiores volumes registrados nas \u00faltimas 6h (das 5h \u00e0s 11h) ocorreram em Natal- 36,2mm, S\u00e3o Gon\u00e7alo do Amarante- 26,8mm, Cear\u00e1 Mirim- 22,2mm e Parnamirim- 14.4mm.<\/p>\n\n\n\n<p>A previs\u00e3o para o final de semana \u00e9 de continuidade da ocorr\u00eancia de chuvas em todas as regi\u00f5es devido \u00e0 atua\u00e7\u00e3o da Zona de Converg\u00eancia Intertropical, sistema meteorol\u00f3gico respons\u00e1vel pelas chuvas nesta \u00e9poca do ano no estado associado a outro sistema, o ondulat\u00f3rio de leste, que representa maior circula\u00e7\u00e3o de ventos vindo do oceano em dire\u00e7\u00e3o ao territ\u00f3rio.<\/p>\n\n\n\n<h2 class=\"wp-block-heading\">Chuva acumulada m\u00ednima esperada &#8211; Maio, Junho e Julho 2024<\/h2>\n\n\n\n<p>Estado: 283,6mm<br>Leste: 559,7mm<br>Agreste 266,4mm<br>Oeste 175,2mm<br>Central 133,1mm<\/p>","protected":false},"excerpt":{"rendered":"<p>A previs\u00e3o para o pr\u00f3ximo trimestre (maio, junho e julho) \u00e9 de chuvas acima da m\u00e9dia no Rio Grande do Norte, devido principalmente as temperaturas estarem mais elevadas nas \u00e1guas superficiais do oceano Atl\u00e2ntico.<\/p>","protected":false},"author":2,"featured_media":5171,"comment_status":"open","ping_status":"open","sticky":false,"template":"","format":"standard","meta":{"nf_dc_page":"","_uag_custom_page_level_css":"","site-sidebar-layout":"default","site-content-layout":"","ast-site-content-layout":"default","site-content-style":"default","site-sidebar-style":"default","ast-global-header-display":"","ast-banner-title-visibility":"","ast-main-header-display":"","ast-hfb-above-header-display":"","ast-hfb-below-header-display":"","ast-hfb-mobile-header-display":"","site-post-title":"","ast-breadcrumbs-content":"","ast-featured-img":"","footer-sml-layout":"","ast-disable-related-posts":"","theme-transparent-header-meta":"","adv-header-id-meta":"","stick-header-meta":"","header-above-stick-meta":"","header-main-stick-meta":"","header-below-stick-meta":"","astra-migrate-meta-layouts":"default","ast-page-background-enabled":"default","ast-page-background-meta":{"desktop":{"background-color":"var(--ast-global-color-4)","background-image":"","background-repeat":"repeat","background-position":"center center","background-size":"auto","background-attachment":"scroll","background-type":"","background-media":"","overlay-type":"","overlay-color":"","overlay-opacity":"","overlay-gradient":""},"tablet":{"background-color":"","background-image":"","background-repeat":"repeat","background-position":"center center","background-size":"auto","background-attachment":"scroll","background-type":"","background-media":"","overlay-type":"","overlay-color":"","overlay-opacity":"","overlay-gradient":""},"mobile":{"background-color":"","background-image":"","background-repeat":"repeat","background-position":"center center","background-size":"auto","background-attachment":"scroll","background-type":"","background-media":"","overlay-type":"","overlay-color":"","overlay-opacity":"","overlay-gradient":""}},"ast-content-background-meta":{"desktop":{"background-color":"var(--ast-global-color-5)","background-image":"","background-repeat":"repeat","background-position":"center center","background-size":"auto","background-attachment":"scroll","background-type":"","background-media":"","overlay-type":"","overlay-color":"","overlay-opacity":"","overlay-gradient":""},"tablet":{"background-color":"var(--ast-global-color-5)","background-image":"","background-repeat":"repeat","background-position":"center center","background-size":"auto","background-attachment":"scroll","background-type":"","background-media":"","overlay-type":"","overlay-color":"","overlay-opacity":"","overlay-gradient":""},"mobile":{"background-color":"var(--ast-global-color-5)","background-image":"","background-repeat":"repeat","background-position":"center center","background-size":"auto","background-attachment":"scroll","background-type":"","background-media":"","overlay-type":"","overlay-color":"","overlay-opacity":"","overlay-gradient":""}},"jetpack_post_was_ever_published":false,"_jetpack_newsletter_access":"","_jetpack_dont_email_post_to_subs":false,"_jetpack_newsletter_tier_id":0,"_jetpack_memberships_contains_paywalled_content":false,"_jetpack_memberships_contains_paid_content":false,"footnotes":"","jetpack_publicize_message":"","jetpack_publicize_feature_enabled":false,"jetpack_social_post_already_shared":true,"jetpack_social_options":{"image_generator_settings":{"template":"highway","default_image_id":0,"font":"","enabled":false},"version":2}},"categories":[1],"tags":[228,61,59,91,26,2310,51],"class_list":["post-5170","post","type-post","status-publish","format-standard","has-post-thumbnail","hentry","category-noticia","tag-chuva","tag-dia-d","tag-emparn","tag-governo","tag-nordeste","tag-previsao","tag-rio-grande-do-norte"],"yoast_head":"<!-- This site is optimized with the Yoast SEO plugin v27.4 - https:\/\/yoast.com\/product\/yoast-seo-wordpress\/ -->\n<title>Previs\u00e3o de chuvas acima da m\u00e9dia para os pr\u00f3ximos 3 meses - Fazenda Boqueir\u00e3o<\/title>\n<meta name=\"description\" content=\"A previs\u00e3o para o pr\u00f3ximo trimestre (maio, junho e julho) \u00e9 de chuvas acima da m\u00e9dia no Rio Grande do Norte.\" \/>\n<meta name=\"robots\" content=\"index, follow, max-snippet:-1, max-image-preview:large, max-video-preview:-1\" \/>\n<link rel=\"canonical\" href=\"https:\/\/www.fazendaboqueiraorn.com.br\/en\/previsao-de-chuvas-acima-da-media-para-os-proximos-3-meses\/\" \/>\n<meta property=\"og:locale\" content=\"en_US\" \/>\n<meta property=\"og:type\" content=\"article\" \/>\n<meta property=\"og:title\" content=\"Previs\u00e3o de chuvas acima da m\u00e9dia para os pr\u00f3ximos 3 meses - Fazenda Boqueir\u00e3o\" \/>\n<meta property=\"og:description\" content=\"A previs\u00e3o para o pr\u00f3ximo trimestre (maio, junho e julho) \u00e9 de chuvas acima da m\u00e9dia no Rio Grande do Norte.\" \/>\n<meta property=\"og:url\" content=\"https:\/\/www.fazendaboqueiraorn.com.br\/en\/previsao-de-chuvas-acima-da-media-para-os-proximos-3-meses\/\" \/>\n<meta property=\"og:site_name\" content=\"Fazenda Boqueir\u00e3o\" \/>\n<meta property=\"article:publisher\" content=\"https:\/\/www.facebook.com\/fazboqueirao\" \/>\n<meta property=\"article:published_time\" content=\"2024-04-27T12:00:00+00:00\" \/>\n<meta property=\"og:image\" content=\"https:\/\/www.fazendaboqueiraorn.com.br\/wp-content\/uploads\/2024\/04\/chuva-scaled.jpg\" \/>\n\t<meta property=\"og:image:width\" content=\"1000\" \/>\n\t<meta property=\"og:image:height\" content=\"563\" \/>\n\t<meta property=\"og:image:type\" content=\"image\/jpeg\" \/>\n<meta name=\"author\" content=\"Fazenda Boqueir\u00e3o\" \/>\n<meta name=\"twitter:card\" content=\"summary_large_image\" \/>\n<meta name=\"twitter:creator\" content=\"@FazBoqueirao\" \/>\n<meta name=\"twitter:site\" content=\"@FazBoqueirao\" \/>\n<meta name=\"twitter:label1\" content=\"Written by\" \/>\n\t<meta name=\"twitter:data1\" content=\"Fazenda Boqueir\u00e3o\" \/>\n\t<meta name=\"twitter:label2\" content=\"Est. reading time\" \/>\n\t<meta name=\"twitter:data2\" content=\"4 minutes\" \/>\n<script type=\"application\/ld+json\" class=\"yoast-schema-graph\">{\"@context\":\"https:\\\/\\\/schema.org\",\"@graph\":[{\"@type\":\"Article\",\"@id\":\"https:\\\/\\\/www.fazendaboqueiraorn.com.br\\\/previsao-de-chuvas-acima-da-media-para-os-proximos-3-meses\\\/#article\",\"isPartOf\":{\"@id\":\"https:\\\/\\\/www.fazendaboqueiraorn.com.br\\\/previsao-de-chuvas-acima-da-media-para-os-proximos-3-meses\\\/\"},\"author\":{\"name\":\"Fazenda Boqueir\u00e3o\",\"@id\":\"https:\\\/\\\/www.fazendaboqueiraorn.com.br\\\/#\\\/schema\\\/person\\\/70484dc96f76e66c6365a9f4a2ebfb02\"},\"headline\":\"Previs\u00e3o de chuvas acima da m\u00e9dia para os pr\u00f3ximos 3 meses\",\"datePublished\":\"2024-04-27T12:00:00+00:00\",\"mainEntityOfPage\":{\"@id\":\"https:\\\/\\\/www.fazendaboqueiraorn.com.br\\\/previsao-de-chuvas-acima-da-media-para-os-proximos-3-meses\\\/\"},\"wordCount\":578,\"commentCount\":0,\"publisher\":{\"@id\":\"https:\\\/\\\/www.fazendaboqueiraorn.com.br\\\/#organization\"},\"image\":{\"@id\":\"https:\\\/\\\/www.fazendaboqueiraorn.com.br\\\/previsao-de-chuvas-acima-da-media-para-os-proximos-3-meses\\\/#primaryimage\"},\"thumbnailUrl\":\"https:\\\/\\\/i0.wp.com\\\/www.fazendaboqueiraorn.com.br\\\/wp-content\\\/uploads\\\/2024\\\/04\\\/chuva-scaled.jpg?fit=1000%2C563&ssl=1\",\"keywords\":[\"chuva\",\"Dia D\",\"Emparn\",\"governo\",\"Nordeste\",\"previs\u00e3o\",\"Rio Grande do Norte\"],\"articleSection\":[\"Not\u00edcias\"],\"inLanguage\":\"en-US\",\"potentialAction\":[{\"@type\":\"CommentAction\",\"name\":\"Comment\",\"target\":[\"https:\\\/\\\/www.fazendaboqueiraorn.com.br\\\/previsao-de-chuvas-acima-da-media-para-os-proximos-3-meses\\\/#respond\"]}]},{\"@type\":\"WebPage\",\"@id\":\"https:\\\/\\\/www.fazendaboqueiraorn.com.br\\\/previsao-de-chuvas-acima-da-media-para-os-proximos-3-meses\\\/\",\"url\":\"https:\\\/\\\/www.fazendaboqueiraorn.com.br\\\/previsao-de-chuvas-acima-da-media-para-os-proximos-3-meses\\\/\",\"name\":\"Previs\u00e3o de chuvas acima da m\u00e9dia para os pr\u00f3ximos 3 meses - Fazenda Boqueir\u00e3o\",\"isPartOf\":{\"@id\":\"https:\\\/\\\/www.fazendaboqueiraorn.com.br\\\/#website\"},\"primaryImageOfPage\":{\"@id\":\"https:\\\/\\\/www.fazendaboqueiraorn.com.br\\\/previsao-de-chuvas-acima-da-media-para-os-proximos-3-meses\\\/#primaryimage\"},\"image\":{\"@id\":\"https:\\\/\\\/www.fazendaboqueiraorn.com.br\\\/previsao-de-chuvas-acima-da-media-para-os-proximos-3-meses\\\/#primaryimage\"},\"thumbnailUrl\":\"https:\\\/\\\/i0.wp.com\\\/www.fazendaboqueiraorn.com.br\\\/wp-content\\\/uploads\\\/2024\\\/04\\\/chuva-scaled.jpg?fit=1000%2C563&ssl=1\",\"datePublished\":\"2024-04-27T12:00:00+00:00\",\"description\":\"A previs\u00e3o para o pr\u00f3ximo trimestre (maio, junho e julho) \u00e9 de chuvas acima da m\u00e9dia no Rio Grande do Norte.\",\"breadcrumb\":{\"@id\":\"https:\\\/\\\/www.fazendaboqueiraorn.com.br\\\/previsao-de-chuvas-acima-da-media-para-os-proximos-3-meses\\\/#breadcrumb\"},\"inLanguage\":\"en-US\",\"potentialAction\":[{\"@type\":\"ReadAction\",\"target\":[\"https:\\\/\\\/www.fazendaboqueiraorn.com.br\\\/previsao-de-chuvas-acima-da-media-para-os-proximos-3-meses\\\/\"]}]},{\"@type\":\"ImageObject\",\"inLanguage\":\"en-US\",\"@id\":\"https:\\\/\\\/www.fazendaboqueiraorn.com.br\\\/previsao-de-chuvas-acima-da-media-para-os-proximos-3-meses\\\/#primaryimage\",\"url\":\"https:\\\/\\\/i0.wp.com\\\/www.fazendaboqueiraorn.com.br\\\/wp-content\\\/uploads\\\/2024\\\/04\\\/chuva-scaled.jpg?fit=1000%2C563&ssl=1\",\"contentUrl\":\"https:\\\/\\\/i0.wp.com\\\/www.fazendaboqueiraorn.com.br\\\/wp-content\\\/uploads\\\/2024\\\/04\\\/chuva-scaled.jpg?fit=1000%2C563&ssl=1\",\"width\":1000,\"height\":563,\"caption\":\"Previs\u00e3o de chuvas acima da m\u00e9dia\"},{\"@type\":\"BreadcrumbList\",\"@id\":\"https:\\\/\\\/www.fazendaboqueiraorn.com.br\\\/previsao-de-chuvas-acima-da-media-para-os-proximos-3-meses\\\/#breadcrumb\",\"itemListElement\":[{\"@type\":\"ListItem\",\"position\":1,\"name\":\"Home\",\"item\":\"https:\\\/\\\/www.fazendaboqueiraorn.com.br\\\/\"},{\"@type\":\"ListItem\",\"position\":2,\"name\":\"Previs\u00e3o de chuvas acima da m\u00e9dia para os pr\u00f3ximos 3 meses\"}]},{\"@type\":\"WebSite\",\"@id\":\"https:\\\/\\\/www.fazendaboqueiraorn.com.br\\\/#website\",\"url\":\"https:\\\/\\\/www.fazendaboqueiraorn.com.br\\\/\",\"name\":\"Fazenda Boqueir\u00e3o\",\"description\":\"\",\"publisher\":{\"@id\":\"https:\\\/\\\/www.fazendaboqueiraorn.com.br\\\/#organization\"},\"potentialAction\":[{\"@type\":\"SearchAction\",\"target\":{\"@type\":\"EntryPoint\",\"urlTemplate\":\"https:\\\/\\\/www.fazendaboqueiraorn.com.br\\\/?s={search_term_string}\"},\"query-input\":{\"@type\":\"PropertyValueSpecification\",\"valueRequired\":true,\"valueName\":\"search_term_string\"}}],\"inLanguage\":\"en-US\"},{\"@type\":\"Organization\",\"@id\":\"https:\\\/\\\/www.fazendaboqueiraorn.com.br\\\/#organization\",\"name\":\"Fazenda Boqueir\u00e3o\",\"url\":\"https:\\\/\\\/www.fazendaboqueiraorn.com.br\\\/\",\"logo\":{\"@type\":\"ImageObject\",\"inLanguage\":\"en-US\",\"@id\":\"https:\\\/\\\/www.fazendaboqueiraorn.com.br\\\/#\\\/schema\\\/logo\\\/image\\\/\",\"url\":\"https:\\\/\\\/i0.wp.com\\\/www.fazendaboqueiraorn.com.br\\\/wp-content\\\/uploads\\\/2021\\\/08\\\/logo-fazenda-120x120-1.png?fit=120%2C120&ssl=1\",\"contentUrl\":\"https:\\\/\\\/i0.wp.com\\\/www.fazendaboqueiraorn.com.br\\\/wp-content\\\/uploads\\\/2021\\\/08\\\/logo-fazenda-120x120-1.png?fit=120%2C120&ssl=1\",\"width\":120,\"height\":120,\"caption\":\"Fazenda Boqueir\u00e3o\"},\"image\":{\"@id\":\"https:\\\/\\\/www.fazendaboqueiraorn.com.br\\\/#\\\/schema\\\/logo\\\/image\\\/\"},\"sameAs\":[\"https:\\\/\\\/www.facebook.com\\\/fazboqueirao\",\"https:\\\/\\\/x.com\\\/FazBoqueirao\",\"http:\\\/\\\/instagram.com\\\/fazboqueirao\\\/\",\"https:\\\/\\\/www.linkedin.com\\\/company\\\/fazboqueirao\\\/\",\"https:\\\/\\\/www.youtube.com\\\/channel\\\/UCUA4_8v8HkmMeNUh8c6Ky1Q\"]},{\"@type\":\"Person\",\"@id\":\"https:\\\/\\\/www.fazendaboqueiraorn.com.br\\\/#\\\/schema\\\/person\\\/70484dc96f76e66c6365a9f4a2ebfb02\",\"name\":\"Fazenda Boqueir\u00e3o\",\"image\":{\"@type\":\"ImageObject\",\"inLanguage\":\"en-US\",\"@id\":\"https:\\\/\\\/secure.gravatar.com\\\/avatar\\\/19f19467ae305ded5d913deae2fb6c6f29fe88a0a7f3a4dca5679407289a9efd?s=96&d=mm&r=g\",\"url\":\"https:\\\/\\\/secure.gravatar.com\\\/avatar\\\/19f19467ae305ded5d913deae2fb6c6f29fe88a0a7f3a4dca5679407289a9efd?s=96&d=mm&r=g\",\"contentUrl\":\"https:\\\/\\\/secure.gravatar.com\\\/avatar\\\/19f19467ae305ded5d913deae2fb6c6f29fe88a0a7f3a4dca5679407289a9efd?s=96&d=mm&r=g\",\"caption\":\"Fazenda Boqueir\u00e3o\"},\"url\":\"https:\\\/\\\/www.fazendaboqueiraorn.com.br\\\/en\\\/author\\\/fazenda\\\/\"}]}<\/script>\n<!-- \/ Yoast SEO plugin. -->","yoast_head_json":{"title":"Previs\u00e3o de chuvas acima da m\u00e9dia para os pr\u00f3ximos 3 meses - Fazenda Boqueir\u00e3o","description":"A previs\u00e3o para o pr\u00f3ximo trimestre (maio, junho e julho) \u00e9 de chuvas acima da m\u00e9dia no Rio Grande do Norte.","robots":{"index":"index","follow":"follow","max-snippet":"max-snippet:-1","max-image-preview":"max-image-preview:large","max-video-preview":"max-video-preview:-1"},"canonical":"https:\/\/www.fazendaboqueiraorn.com.br\/en\/previsao-de-chuvas-acima-da-media-para-os-proximos-3-meses\/","og_locale":"en_US","og_type":"article","og_title":"Previs\u00e3o de chuvas acima da m\u00e9dia para os pr\u00f3ximos 3 meses - Fazenda Boqueir\u00e3o","og_description":"A previs\u00e3o para o pr\u00f3ximo trimestre (maio, junho e julho) \u00e9 de chuvas acima da m\u00e9dia no Rio Grande do Norte.","og_url":"https:\/\/www.fazendaboqueiraorn.com.br\/en\/previsao-de-chuvas-acima-da-media-para-os-proximos-3-meses\/","og_site_name":"Fazenda Boqueir\u00e3o","article_publisher":"https:\/\/www.facebook.com\/fazboqueirao","article_published_time":"2024-04-27T12:00:00+00:00","og_image":[{"width":1000,"height":563,"url":"https:\/\/www.fazendaboqueiraorn.com.br\/wp-content\/uploads\/2024\/04\/chuva-scaled.jpg","type":"image\/jpeg"}],"author":"Fazenda Boqueir\u00e3o","twitter_card":"summary_large_image","twitter_creator":"@FazBoqueirao","twitter_site":"@FazBoqueirao","twitter_misc":{"Written by":"Fazenda Boqueir\u00e3o","Est. reading time":"4 minutes"},"schema":{"@context":"https:\/\/schema.org","@graph":[{"@type":"Article","@id":"https:\/\/www.fazendaboqueiraorn.com.br\/previsao-de-chuvas-acima-da-media-para-os-proximos-3-meses\/#article","isPartOf":{"@id":"https:\/\/www.fazendaboqueiraorn.com.br\/previsao-de-chuvas-acima-da-media-para-os-proximos-3-meses\/"},"author":{"name":"Fazenda Boqueir\u00e3o","@id":"https:\/\/www.fazendaboqueiraorn.com.br\/#\/schema\/person\/70484dc96f76e66c6365a9f4a2ebfb02"},"headline":"Previs\u00e3o de chuvas acima da m\u00e9dia para os pr\u00f3ximos 3 meses","datePublished":"2024-04-27T12:00:00+00:00","mainEntityOfPage":{"@id":"https:\/\/www.fazendaboqueiraorn.com.br\/previsao-de-chuvas-acima-da-media-para-os-proximos-3-meses\/"},"wordCount":578,"commentCount":0,"publisher":{"@id":"https:\/\/www.fazendaboqueiraorn.com.br\/#organization"},"image":{"@id":"https:\/\/www.fazendaboqueiraorn.com.br\/previsao-de-chuvas-acima-da-media-para-os-proximos-3-meses\/#primaryimage"},"thumbnailUrl":"https:\/\/i0.wp.com\/www.fazendaboqueiraorn.com.br\/wp-content\/uploads\/2024\/04\/chuva-scaled.jpg?fit=1000%2C563&ssl=1","keywords":["chuva","Dia D","Emparn","governo","Nordeste","previs\u00e3o","Rio Grande do Norte"],"articleSection":["Not\u00edcias"],"inLanguage":"en-US","potentialAction":[{"@type":"CommentAction","name":"Comment","target":["https:\/\/www.fazendaboqueiraorn.com.br\/previsao-de-chuvas-acima-da-media-para-os-proximos-3-meses\/#respond"]}]},{"@type":"WebPage","@id":"https:\/\/www.fazendaboqueiraorn.com.br\/previsao-de-chuvas-acima-da-media-para-os-proximos-3-meses\/","url":"https:\/\/www.fazendaboqueiraorn.com.br\/previsao-de-chuvas-acima-da-media-para-os-proximos-3-meses\/","name":"Previs\u00e3o de chuvas acima da m\u00e9dia para os pr\u00f3ximos 3 meses - Fazenda Boqueir\u00e3o","isPartOf":{"@id":"https:\/\/www.fazendaboqueiraorn.com.br\/#website"},"primaryImageOfPage":{"@id":"https:\/\/www.fazendaboqueiraorn.com.br\/previsao-de-chuvas-acima-da-media-para-os-proximos-3-meses\/#primaryimage"},"image":{"@id":"https:\/\/www.fazendaboqueiraorn.com.br\/previsao-de-chuvas-acima-da-media-para-os-proximos-3-meses\/#primaryimage"},"thumbnailUrl":"https:\/\/i0.wp.com\/www.fazendaboqueiraorn.com.br\/wp-content\/uploads\/2024\/04\/chuva-scaled.jpg?fit=1000%2C563&ssl=1","datePublished":"2024-04-27T12:00:00+00:00","description":"A previs\u00e3o para o pr\u00f3ximo trimestre (maio, junho e julho) \u00e9 de chuvas acima da m\u00e9dia no Rio Grande do Norte.","breadcrumb":{"@id":"https:\/\/www.fazendaboqueiraorn.com.br\/previsao-de-chuvas-acima-da-media-para-os-proximos-3-meses\/#breadcrumb"},"inLanguage":"en-US","potentialAction":[{"@type":"ReadAction","target":["https:\/\/www.fazendaboqueiraorn.com.br\/previsao-de-chuvas-acima-da-media-para-os-proximos-3-meses\/"]}]},{"@type":"ImageObject","inLanguage":"en-US","@id":"https:\/\/www.fazendaboqueiraorn.com.br\/previsao-de-chuvas-acima-da-media-para-os-proximos-3-meses\/#primaryimage","url":"https:\/\/i0.wp.com\/www.fazendaboqueiraorn.com.br\/wp-content\/uploads\/2024\/04\/chuva-scaled.jpg?fit=1000%2C563&ssl=1","contentUrl":"https:\/\/i0.wp.com\/www.fazendaboqueiraorn.com.br\/wp-content\/uploads\/2024\/04\/chuva-scaled.jpg?fit=1000%2C563&ssl=1","width":1000,"height":563,"caption":"Previs\u00e3o de chuvas acima da m\u00e9dia"},{"@type":"BreadcrumbList","@id":"https:\/\/www.fazendaboqueiraorn.com.br\/previsao-de-chuvas-acima-da-media-para-os-proximos-3-meses\/#breadcrumb","itemListElement":[{"@type":"ListItem","position":1,"name":"Home","item":"https:\/\/www.fazendaboqueiraorn.com.br\/"},{"@type":"ListItem","position":2,"name":"Previs\u00e3o de chuvas acima da m\u00e9dia para os pr\u00f3ximos 3 meses"}]},{"@type":"WebSite","@id":"https:\/\/www.fazendaboqueiraorn.com.br\/#website","url":"https:\/\/www.fazendaboqueiraorn.com.br\/","name":"Fazenda Boqueir\u00e3o","description":"","publisher":{"@id":"https:\/\/www.fazendaboqueiraorn.com.br\/#organization"},"potentialAction":[{"@type":"SearchAction","target":{"@type":"EntryPoint","urlTemplate":"https:\/\/www.fazendaboqueiraorn.com.br\/?s={search_term_string}"},"query-input":{"@type":"PropertyValueSpecification","valueRequired":true,"valueName":"search_term_string"}}],"inLanguage":"en-US"},{"@type":"Organization","@id":"https:\/\/www.fazendaboqueiraorn.com.br\/#organization","name":"Fazenda Boqueir\u00e3o","url":"https:\/\/www.fazendaboqueiraorn.com.br\/","logo":{"@type":"ImageObject","inLanguage":"en-US","@id":"https:\/\/www.fazendaboqueiraorn.com.br\/#\/schema\/logo\/image\/","url":"https:\/\/i0.wp.com\/www.fazendaboqueiraorn.com.br\/wp-content\/uploads\/2021\/08\/logo-fazenda-120x120-1.png?fit=120%2C120&ssl=1","contentUrl":"https:\/\/i0.wp.com\/www.fazendaboqueiraorn.com.br\/wp-content\/uploads\/2021\/08\/logo-fazenda-120x120-1.png?fit=120%2C120&ssl=1","width":120,"height":120,"caption":"Fazenda Boqueir\u00e3o"},"image":{"@id":"https:\/\/www.fazendaboqueiraorn.com.br\/#\/schema\/logo\/image\/"},"sameAs":["https:\/\/www.facebook.com\/fazboqueirao","https:\/\/x.com\/FazBoqueirao","http:\/\/instagram.com\/fazboqueirao\/","https:\/\/www.linkedin.com\/company\/fazboqueirao\/","https:\/\/www.youtube.com\/channel\/UCUA4_8v8HkmMeNUh8c6Ky1Q"]},{"@type":"Person","@id":"https:\/\/www.fazendaboqueiraorn.com.br\/#\/schema\/person\/70484dc96f76e66c6365a9f4a2ebfb02","name":"Fazenda Boqueir\u00e3o","image":{"@type":"ImageObject","inLanguage":"en-US","@id":"https:\/\/secure.gravatar.com\/avatar\/19f19467ae305ded5d913deae2fb6c6f29fe88a0a7f3a4dca5679407289a9efd?s=96&d=mm&r=g","url":"https:\/\/secure.gravatar.com\/avatar\/19f19467ae305ded5d913deae2fb6c6f29fe88a0a7f3a4dca5679407289a9efd?s=96&d=mm&r=g","contentUrl":"https:\/\/secure.gravatar.com\/avatar\/19f19467ae305ded5d913deae2fb6c6f29fe88a0a7f3a4dca5679407289a9efd?s=96&d=mm&r=g","caption":"Fazenda Boqueir\u00e3o"},"url":"https:\/\/www.fazendaboqueiraorn.com.br\/en\/author\/fazenda\/"}]}},"jetpack_publicize_connections":[],"uagb_featured_image_src":{"full":["https:\/\/i0.wp.com\/www.fazendaboqueiraorn.com.br\/wp-content\/uploads\/2024\/04\/chuva-scaled.jpg?fit=1000%2C563&ssl=1",1000,563,false],"thumbnail":["https:\/\/i0.wp.com\/www.fazendaboqueiraorn.com.br\/wp-content\/uploads\/2024\/04\/chuva-scaled.jpg?resize=150%2C150&ssl=1",150,150,true],"medium":["https:\/\/i0.wp.com\/www.fazendaboqueiraorn.com.br\/wp-content\/uploads\/2024\/04\/chuva-scaled.jpg?fit=300%2C169&ssl=1",300,169,true],"medium_large":["https:\/\/i0.wp.com\/www.fazendaboqueiraorn.com.br\/wp-content\/uploads\/2024\/04\/chuva-scaled.jpg?fit=768%2C432&ssl=1",768,432,true],"large":["https:\/\/i0.wp.com\/www.fazendaboqueiraorn.com.br\/wp-content\/uploads\/2024\/04\/chuva-scaled.jpg?fit=1024%2C576&ssl=1",1024,576,true],"1536x1536":["https:\/\/i0.wp.com\/www.fazendaboqueiraorn.com.br\/wp-content\/uploads\/2024\/04\/chuva-scaled.jpg?fit=1000%2C563&ssl=1",1000,563,true],"2048x2048":["https:\/\/i0.wp.com\/www.fazendaboqueiraorn.com.br\/wp-content\/uploads\/2024\/04\/chuva-scaled.jpg?fit=1000%2C563&ssl=1",1000,563,true],"trp-custom-language-flag":["https:\/\/i0.wp.com\/www.fazendaboqueiraorn.com.br\/wp-content\/uploads\/2024\/04\/chuva-scaled.jpg?fit=18%2C10&ssl=1",18,10,true],"ultp_layout_landscape_large":["https:\/\/i0.wp.com\/www.fazendaboqueiraorn.com.br\/wp-content\/uploads\/2024\/04\/chuva-scaled.jpg?resize=1000%2C563&ssl=1",1200,720,true],"ultp_layout_landscape":["https:\/\/i0.wp.com\/www.fazendaboqueiraorn.com.br\/wp-content\/uploads\/2024\/04\/chuva-scaled.jpg?resize=870%2C563&ssl=1",870,570,true],"ultp_layout_portrait":["https:\/\/i0.wp.com\/www.fazendaboqueiraorn.com.br\/wp-content\/uploads\/2024\/04\/chuva-scaled.jpg?resize=600%2C563&ssl=1",600,720,true],"ultp_layout_square":["https:\/\/i0.wp.com\/www.fazendaboqueiraorn.com.br\/wp-content\/uploads\/2024\/04\/chuva-scaled.jpg?resize=600%2C563&ssl=1",600,600,true],"woocommerce_thumbnail":["https:\/\/www.fazendaboqueiraorn.com.br\/wp-content\/uploads\/2024\/04\/chuva-300x300.jpg",300,300,true],"woocommerce_single":["https:\/\/www.fazendaboqueiraorn.com.br\/wp-content\/uploads\/2024\/04\/chuva-scaled.jpg",600,338,false],"woocommerce_gallery_thumbnail":["https:\/\/www.fazendaboqueiraorn.com.br\/wp-content\/uploads\/2024\/04\/chuva-100x100.jpg",100,100,true],"web-stories-poster-portrait":["https:\/\/www.fazendaboqueiraorn.com.br\/wp-content\/uploads\/2024\/04\/chuva-640x720.jpg",640,720,true],"web-stories-publisher-logo":["https:\/\/www.fazendaboqueiraorn.com.br\/wp-content\/uploads\/2024\/04\/chuva-96x96.jpg",96,96,true],"web-stories-thumbnail":["https:\/\/www.fazendaboqueiraorn.com.br\/wp-content\/uploads\/2024\/04\/chuva-150x84.jpg",150,84,true]},"uagb_author_info":{"display_name":"Fazenda Boqueir\u00e3o","author_link":"https:\/\/www.fazendaboqueiraorn.com.br\/en\/author\/fazenda\/"},"uagb_comment_info":0,"uagb_excerpt":"A previs\u00e3o para o pr\u00f3ximo trimestre (maio, junho e julho) \u00e9 de chuvas acima da m\u00e9dia no Rio Grande do Norte, devido principalmente as temperaturas estarem mais elevadas nas \u00e1guas superficiais do oceano Atl\u00e2ntico.","jetpack_featured_media_url":"https:\/\/i0.wp.com\/www.fazendaboqueiraorn.com.br\/wp-content\/uploads\/2024\/04\/chuva-scaled.jpg?fit=1000%2C563&ssl=1","jetpack_sharing_enabled":true,"jetpack_likes_enabled":true,"_links":{"self":[{"href":"https:\/\/www.fazendaboqueiraorn.com.br\/en\/wp-json\/wp\/v2\/posts\/5170","targetHints":{"allow":["GET"]}}],"collection":[{"href":"https:\/\/www.fazendaboqueiraorn.com.br\/en\/wp-json\/wp\/v2\/posts"}],"about":[{"href":"https:\/\/www.fazendaboqueiraorn.com.br\/en\/wp-json\/wp\/v2\/types\/post"}],"author":[{"embeddable":true,"href":"https:\/\/www.fazendaboqueiraorn.com.br\/en\/wp-json\/wp\/v2\/users\/2"}],"replies":[{"embeddable":true,"href":"https:\/\/www.fazendaboqueiraorn.com.br\/en\/wp-json\/wp\/v2\/comments?post=5170"}],"version-history":[{"count":1,"href":"https:\/\/www.fazendaboqueiraorn.com.br\/en\/wp-json\/wp\/v2\/posts\/5170\/revisions"}],"predecessor-version":[{"id":5172,"href":"https:\/\/www.fazendaboqueiraorn.com.br\/en\/wp-json\/wp\/v2\/posts\/5170\/revisions\/5172"}],"wp:featuredmedia":[{"embeddable":true,"href":"https:\/\/www.fazendaboqueiraorn.com.br\/en\/wp-json\/wp\/v2\/media\/5171"}],"wp:attachment":[{"href":"https:\/\/www.fazendaboqueiraorn.com.br\/en\/wp-json\/wp\/v2\/media?parent=5170"}],"wp:term":[{"taxonomy":"category","embeddable":true,"href":"https:\/\/www.fazendaboqueiraorn.com.br\/en\/wp-json\/wp\/v2\/categories?post=5170"},{"taxonomy":"post_tag","embeddable":true,"href":"https:\/\/www.fazendaboqueiraorn.com.br\/en\/wp-json\/wp\/v2\/tags?post=5170"}],"curies":[{"name":"wp","href":"https:\/\/api.w.org\/{rel}","templated":true}]}}