{"id":5089,"date":"2024-05-02T07:22:09","date_gmt":"2024-05-02T10:22:09","guid":{"rendered":"https:\/\/www.fazendaboqueiraorn.com.br\/?p=5089"},"modified":"2024-04-20T07:29:55","modified_gmt":"2024-04-20T10:29:55","slug":"51a-exposicao-agropecuaria-do-serido","status":"publish","type":"post","link":"https:\/\/www.fazendaboqueiraorn.com.br\/en\/51a-exposicao-agropecuaria-do-serido\/","title":{"rendered":"51\u00aa Exposi\u00e7\u00e3o Agropecu\u00e1ria do Serid\u00f3"},"content":{"rendered":"<figure class=\"wp-block-image size-full\"><img data-recalc-dims=\"1\" decoding=\"async\" width=\"577\" height=\"723\" loading=\"lazy\" src=\"https:\/\/i0.wp.com\/www.fazendaboqueiraorn.com.br\/wp-content\/uploads\/2024\/05\/caico-20240524.jpg?resize=577%2C723&#038;ssl=1\" alt=\"51\u00aa Exposi\u00e7\u00e3o Agropecu\u00e1ria do Serid\u00f3\" class=\"wp-image-5091\" srcset=\"https:\/\/i0.wp.com\/www.fazendaboqueiraorn.com.br\/wp-content\/uploads\/2024\/05\/caico-20240524.jpg?w=577&amp;ssl=1 577w, https:\/\/i0.wp.com\/www.fazendaboqueiraorn.com.br\/wp-content\/uploads\/2024\/05\/caico-20240524.jpg?resize=239%2C300&amp;ssl=1 239w, https:\/\/i0.wp.com\/www.fazendaboqueiraorn.com.br\/wp-content\/uploads\/2024\/05\/caico-20240524.jpg?resize=10%2C12&amp;ssl=1 10w, https:\/\/i0.wp.com\/www.fazendaboqueiraorn.com.br\/wp-content\/uploads\/2024\/05\/caico-20240524.jpg?resize=150%2C188&amp;ssl=1 150w\" sizes=\"auto, (max-width: 577px) 100vw, 577px\" \/><\/figure>\n\n\n\n<p>51\u00aa Exposi\u00e7\u00e3o Agropecu\u00e1ria do Serid\u00f3 (Expo Serid\u00f3) no Parque de Exposi\u00e7\u00f5es Monsenhor Walfredo Gurgel em Caic\u00f3 dias 24 e 25 de maio de 2024.<\/p>\n\n\n\n<h2 class=\"wp-block-heading\">Programa\u00e7\u00e3o da 51\u00aa Exposi\u00e7\u00e3o Agropecu\u00e1ria do Serid\u00f3<\/h2>\n\n\n\n<ul class=\"wp-block-list\">\n<li>24\/05\/2024 &#8211; J\u00fanior Vianna, Litto Lins e Arnaldinho Neto<\/li>\n\n\n\n<li>25\/05\/2024 &#8211; Raynel Guedes, Brasas do Forr\u00f3 e Placillio Diniz<\/li>\n<\/ul>","protected":false},"excerpt":{"rendered":"<p>51\u00aa Exposi\u00e7\u00e3o Agropecu\u00e1ria do Serid\u00f3 no Parque de Exposi\u00e7\u00f5es Monsenhor Walfredo Gurgel em Caic\u00f3 dias 24 e 25 de maio de 2024.<\/p>","protected":false},"author":2,"featured_media":5091,"comment_status":"open","ping_status":"open","sticky":false,"template":"","format":"standard","meta":{"nf_dc_page":"","_uag_custom_page_level_css":"","site-sidebar-layout":"default","site-content-layout":"","ast-site-content-layout":"default","site-content-style":"default","site-sidebar-style":"default","ast-global-header-display":"","ast-banner-title-visibility":"","ast-main-header-display":"","ast-hfb-above-header-display":"","ast-hfb-below-header-display":"","ast-hfb-mobile-header-display":"","site-post-title":"","ast-breadcrumbs-content":"","ast-featured-img":"","footer-sml-layout":"","ast-disable-related-posts":"","theme-transparent-header-meta":"","adv-header-id-meta":"","stick-header-meta":"","header-above-stick-meta":"","header-main-stick-meta":"","header-below-stick-meta":"","astra-migrate-meta-layouts":"default","ast-page-background-enabled":"default","ast-page-background-meta":{"desktop":{"background-color":"var(--ast-global-color-4)","background-image":"","background-repeat":"repeat","background-position":"center center","background-size":"auto","background-attachment":"scroll","background-type":"","background-media":"","overlay-type":"","overlay-color":"","overlay-opacity":"","overlay-gradient":""},"tablet":{"background-color":"","background-image":"","background-repeat":"repeat","background-position":"center center","background-size":"auto","background-attachment":"scroll","background-type":"","background-media":"","overlay-type":"","overlay-color":"","overlay-opacity":"","overlay-gradient":""},"mobile":{"background-color":"","background-image":"","background-repeat":"repeat","background-position":"center center","background-size":"auto","background-attachment":"scroll","background-type":"","background-media":"","overlay-type":"","overlay-color":"","overlay-opacity":"","overlay-gradient":""}},"ast-content-background-meta":{"desktop":{"background-color":"var(--ast-global-color-5)","background-image":"","background-repeat":"repeat","background-position":"center center","background-size":"auto","background-attachment":"scroll","background-type":"","background-media":"","overlay-type":"","overlay-color":"","overlay-opacity":"","overlay-gradient":""},"tablet":{"background-color":"var(--ast-global-color-5)","background-image":"","background-repeat":"repeat","background-position":"center center","background-size":"auto","background-attachment":"scroll","background-type":"","background-media":"","overlay-type":"","overlay-color":"","overlay-opacity":"","overlay-gradient":""},"mobile":{"background-color":"var(--ast-global-color-5)","background-image":"","background-repeat":"repeat","background-position":"center center","background-size":"auto","background-attachment":"scroll","background-type":"","background-media":"","overlay-type":"","overlay-color":"","overlay-opacity":"","overlay-gradient":""}},"jetpack_post_was_ever_published":false,"_jetpack_newsletter_access":"","_jetpack_dont_email_post_to_subs":false,"_jetpack_newsletter_tier_id":0,"_jetpack_memberships_contains_paywalled_content":false,"_jetpack_memberships_contains_paid_content":false,"footnotes":"","jetpack_publicize_message":"","jetpack_publicize_feature_enabled":false,"jetpack_social_post_already_shared":true,"jetpack_social_options":{"image_generator_settings":{"template":"highway","default_image_id":0,"font":"","enabled":false},"version":2}},"categories":[429],"tags":[1469,602,944,485,2238,2237],"class_list":["post-5089","post","type-post","status-publish","format-standard","has-post-thumbnail","hentry","category-eventos","tag-1469","tag-caico","tag-expo-serido","tag-exposicao","tag-exposicao-agropecuaria-do-serido","tag-parque-de-exposicoes-monsenhor-walfredo-gurgel"],"yoast_head":"<!-- This site is optimized with the Yoast SEO plugin v27.4 - https:\/\/yoast.com\/product\/yoast-seo-wordpress\/ -->\n<title>51\u00aa Exposi\u00e7\u00e3o Agropecu\u00e1ria do Serid\u00f3 - Fazenda Boqueir\u00e3o<\/title>\n<meta name=\"description\" content=\"51\u00aa Exposi\u00e7\u00e3o Agropecu\u00e1ria do Serid\u00f3 no Parque de Exposi\u00e7\u00f5es Monsenhor Walfredo Gurgel em Caic\u00f3 dias 24 e 25 de maio de 2024.\" \/>\n<meta name=\"robots\" content=\"index, follow, max-snippet:-1, max-image-preview:large, max-video-preview:-1\" \/>\n<link rel=\"canonical\" href=\"https:\/\/www.fazendaboqueiraorn.com.br\/en\/51a-exposicao-agropecuaria-do-serido\/\" \/>\n<meta property=\"og:locale\" content=\"en_US\" \/>\n<meta property=\"og:type\" content=\"article\" \/>\n<meta property=\"og:title\" content=\"51\u00aa Exposi\u00e7\u00e3o Agropecu\u00e1ria do Serid\u00f3 - Fazenda Boqueir\u00e3o\" \/>\n<meta property=\"og:description\" content=\"51\u00aa Exposi\u00e7\u00e3o Agropecu\u00e1ria do Serid\u00f3 no Parque de Exposi\u00e7\u00f5es Monsenhor Walfredo Gurgel em Caic\u00f3 dias 24 e 25 de maio de 2024.\" \/>\n<meta property=\"og:url\" content=\"https:\/\/www.fazendaboqueiraorn.com.br\/en\/51a-exposicao-agropecuaria-do-serido\/\" \/>\n<meta property=\"og:site_name\" content=\"Fazenda Boqueir\u00e3o\" \/>\n<meta property=\"article:publisher\" content=\"https:\/\/www.facebook.com\/fazboqueirao\" \/>\n<meta property=\"article:published_time\" content=\"2024-05-02T10:22:09+00:00\" \/>\n<meta property=\"og:image\" content=\"https:\/\/www.fazendaboqueiraorn.com.br\/wp-content\/uploads\/2024\/05\/caico-20240524.jpg\" \/>\n\t<meta property=\"og:image:width\" content=\"577\" \/>\n\t<meta property=\"og:image:height\" content=\"723\" \/>\n\t<meta property=\"og:image:type\" content=\"image\/jpeg\" \/>\n<meta name=\"author\" content=\"Fazenda Boqueir\u00e3o\" \/>\n<meta name=\"twitter:card\" content=\"summary_large_image\" \/>\n<meta name=\"twitter:creator\" content=\"@FazBoqueirao\" \/>\n<meta name=\"twitter:site\" content=\"@FazBoqueirao\" \/>\n<meta name=\"twitter:label1\" content=\"Written by\" \/>\n\t<meta name=\"twitter:data1\" content=\"Fazenda Boqueir\u00e3o\" \/>\n\t<meta name=\"twitter:label2\" content=\"Est. reading time\" \/>\n\t<meta name=\"twitter:data2\" content=\"1 minute\" \/>\n<script type=\"application\/ld+json\" class=\"yoast-schema-graph\">{\"@context\":\"https:\\\/\\\/schema.org\",\"@graph\":[{\"@type\":\"Article\",\"@id\":\"https:\\\/\\\/www.fazendaboqueiraorn.com.br\\\/51a-exposicao-agropecuaria-do-serido\\\/#article\",\"isPartOf\":{\"@id\":\"https:\\\/\\\/www.fazendaboqueiraorn.com.br\\\/51a-exposicao-agropecuaria-do-serido\\\/\"},\"author\":{\"name\":\"Fazenda Boqueir\u00e3o\",\"@id\":\"https:\\\/\\\/www.fazendaboqueiraorn.com.br\\\/#\\\/schema\\\/person\\\/70484dc96f76e66c6365a9f4a2ebfb02\"},\"headline\":\"51\u00aa Exposi\u00e7\u00e3o Agropecu\u00e1ria do Serid\u00f3\",\"datePublished\":\"2024-05-02T10:22:09+00:00\",\"mainEntityOfPage\":{\"@id\":\"https:\\\/\\\/www.fazendaboqueiraorn.com.br\\\/51a-exposicao-agropecuaria-do-serido\\\/\"},\"wordCount\":56,\"commentCount\":0,\"publisher\":{\"@id\":\"https:\\\/\\\/www.fazendaboqueiraorn.com.br\\\/#organization\"},\"image\":{\"@id\":\"https:\\\/\\\/www.fazendaboqueiraorn.com.br\\\/51a-exposicao-agropecuaria-do-serido\\\/#primaryimage\"},\"thumbnailUrl\":\"https:\\\/\\\/i0.wp.com\\\/www.fazendaboqueiraorn.com.br\\\/wp-content\\\/uploads\\\/2024\\\/05\\\/caico-20240524.jpg?fit=577%2C723&ssl=1\",\"keywords\":[\"2024\",\"Caic\u00f3\",\"Expo Serid\u00f3\",\"exposi\u00e7\u00e3o\",\"Exposi\u00e7\u00e3o Agropecu\u00e1ria do Serid\u00f3\",\"Parque de Exposi\u00e7\u00f5es Monsenhor Walfredo Gurgel\"],\"articleSection\":[\"Eventos\"],\"inLanguage\":\"en-US\",\"potentialAction\":[{\"@type\":\"CommentAction\",\"name\":\"Comment\",\"target\":[\"https:\\\/\\\/www.fazendaboqueiraorn.com.br\\\/51a-exposicao-agropecuaria-do-serido\\\/#respond\"]}]},{\"@type\":\"WebPage\",\"@id\":\"https:\\\/\\\/www.fazendaboqueiraorn.com.br\\\/51a-exposicao-agropecuaria-do-serido\\\/\",\"url\":\"https:\\\/\\\/www.fazendaboqueiraorn.com.br\\\/51a-exposicao-agropecuaria-do-serido\\\/\",\"name\":\"51\u00aa Exposi\u00e7\u00e3o Agropecu\u00e1ria do Serid\u00f3 - Fazenda Boqueir\u00e3o\",\"isPartOf\":{\"@id\":\"https:\\\/\\\/www.fazendaboqueiraorn.com.br\\\/#website\"},\"primaryImageOfPage\":{\"@id\":\"https:\\\/\\\/www.fazendaboqueiraorn.com.br\\\/51a-exposicao-agropecuaria-do-serido\\\/#primaryimage\"},\"image\":{\"@id\":\"https:\\\/\\\/www.fazendaboqueiraorn.com.br\\\/51a-exposicao-agropecuaria-do-serido\\\/#primaryimage\"},\"thumbnailUrl\":\"https:\\\/\\\/i0.wp.com\\\/www.fazendaboqueiraorn.com.br\\\/wp-content\\\/uploads\\\/2024\\\/05\\\/caico-20240524.jpg?fit=577%2C723&ssl=1\",\"datePublished\":\"2024-05-02T10:22:09+00:00\",\"description\":\"51\u00aa Exposi\u00e7\u00e3o Agropecu\u00e1ria do Serid\u00f3 no Parque de Exposi\u00e7\u00f5es Monsenhor Walfredo Gurgel em Caic\u00f3 dias 24 e 25 de maio de 2024.\",\"breadcrumb\":{\"@id\":\"https:\\\/\\\/www.fazendaboqueiraorn.com.br\\\/51a-exposicao-agropecuaria-do-serido\\\/#breadcrumb\"},\"inLanguage\":\"en-US\",\"potentialAction\":[{\"@type\":\"ReadAction\",\"target\":[\"https:\\\/\\\/www.fazendaboqueiraorn.com.br\\\/51a-exposicao-agropecuaria-do-serido\\\/\"]}]},{\"@type\":\"ImageObject\",\"inLanguage\":\"en-US\",\"@id\":\"https:\\\/\\\/www.fazendaboqueiraorn.com.br\\\/51a-exposicao-agropecuaria-do-serido\\\/#primaryimage\",\"url\":\"https:\\\/\\\/i0.wp.com\\\/www.fazendaboqueiraorn.com.br\\\/wp-content\\\/uploads\\\/2024\\\/05\\\/caico-20240524.jpg?fit=577%2C723&ssl=1\",\"contentUrl\":\"https:\\\/\\\/i0.wp.com\\\/www.fazendaboqueiraorn.com.br\\\/wp-content\\\/uploads\\\/2024\\\/05\\\/caico-20240524.jpg?fit=577%2C723&ssl=1\",\"width\":577,\"height\":723,\"caption\":\"51\u00aa Exposi\u00e7\u00e3o Agropecu\u00e1ria do Serid\u00f3\"},{\"@type\":\"BreadcrumbList\",\"@id\":\"https:\\\/\\\/www.fazendaboqueiraorn.com.br\\\/51a-exposicao-agropecuaria-do-serido\\\/#breadcrumb\",\"itemListElement\":[{\"@type\":\"ListItem\",\"position\":1,\"name\":\"Home\",\"item\":\"https:\\\/\\\/www.fazendaboqueiraorn.com.br\\\/\"},{\"@type\":\"ListItem\",\"position\":2,\"name\":\"51\u00aa Exposi\u00e7\u00e3o Agropecu\u00e1ria do Serid\u00f3\"}]},{\"@type\":\"WebSite\",\"@id\":\"https:\\\/\\\/www.fazendaboqueiraorn.com.br\\\/#website\",\"url\":\"https:\\\/\\\/www.fazendaboqueiraorn.com.br\\\/\",\"name\":\"Fazenda Boqueir\u00e3o\",\"description\":\"\",\"publisher\":{\"@id\":\"https:\\\/\\\/www.fazendaboqueiraorn.com.br\\\/#organization\"},\"potentialAction\":[{\"@type\":\"SearchAction\",\"target\":{\"@type\":\"EntryPoint\",\"urlTemplate\":\"https:\\\/\\\/www.fazendaboqueiraorn.com.br\\\/?s={search_term_string}\"},\"query-input\":{\"@type\":\"PropertyValueSpecification\",\"valueRequired\":true,\"valueName\":\"search_term_string\"}}],\"inLanguage\":\"en-US\"},{\"@type\":\"Organization\",\"@id\":\"https:\\\/\\\/www.fazendaboqueiraorn.com.br\\\/#organization\",\"name\":\"Fazenda Boqueir\u00e3o\",\"url\":\"https:\\\/\\\/www.fazendaboqueiraorn.com.br\\\/\",\"logo\":{\"@type\":\"ImageObject\",\"inLanguage\":\"en-US\",\"@id\":\"https:\\\/\\\/www.fazendaboqueiraorn.com.br\\\/#\\\/schema\\\/logo\\\/image\\\/\",\"url\":\"https:\\\/\\\/i0.wp.com\\\/www.fazendaboqueiraorn.com.br\\\/wp-content\\\/uploads\\\/2021\\\/08\\\/logo-fazenda-120x120-1.png?fit=120%2C120&ssl=1\",\"contentUrl\":\"https:\\\/\\\/i0.wp.com\\\/www.fazendaboqueiraorn.com.br\\\/wp-content\\\/uploads\\\/2021\\\/08\\\/logo-fazenda-120x120-1.png?fit=120%2C120&ssl=1\",\"width\":120,\"height\":120,\"caption\":\"Fazenda Boqueir\u00e3o\"},\"image\":{\"@id\":\"https:\\\/\\\/www.fazendaboqueiraorn.com.br\\\/#\\\/schema\\\/logo\\\/image\\\/\"},\"sameAs\":[\"https:\\\/\\\/www.facebook.com\\\/fazboqueirao\",\"https:\\\/\\\/x.com\\\/FazBoqueirao\",\"http:\\\/\\\/instagram.com\\\/fazboqueirao\\\/\",\"https:\\\/\\\/www.linkedin.com\\\/company\\\/fazboqueirao\\\/\",\"https:\\\/\\\/www.youtube.com\\\/channel\\\/UCUA4_8v8HkmMeNUh8c6Ky1Q\"]},{\"@type\":\"Person\",\"@id\":\"https:\\\/\\\/www.fazendaboqueiraorn.com.br\\\/#\\\/schema\\\/person\\\/70484dc96f76e66c6365a9f4a2ebfb02\",\"name\":\"Fazenda Boqueir\u00e3o\",\"image\":{\"@type\":\"ImageObject\",\"inLanguage\":\"en-US\",\"@id\":\"https:\\\/\\\/secure.gravatar.com\\\/avatar\\\/19f19467ae305ded5d913deae2fb6c6f29fe88a0a7f3a4dca5679407289a9efd?s=96&d=mm&r=g\",\"url\":\"https:\\\/\\\/secure.gravatar.com\\\/avatar\\\/19f19467ae305ded5d913deae2fb6c6f29fe88a0a7f3a4dca5679407289a9efd?s=96&d=mm&r=g\",\"contentUrl\":\"https:\\\/\\\/secure.gravatar.com\\\/avatar\\\/19f19467ae305ded5d913deae2fb6c6f29fe88a0a7f3a4dca5679407289a9efd?s=96&d=mm&r=g\",\"caption\":\"Fazenda Boqueir\u00e3o\"},\"url\":\"https:\\\/\\\/www.fazendaboqueiraorn.com.br\\\/en\\\/author\\\/fazenda\\\/\"}]}<\/script>\n<!-- \/ Yoast SEO plugin. -->","yoast_head_json":{"title":"51\u00aa Exposi\u00e7\u00e3o Agropecu\u00e1ria do Serid\u00f3 - Fazenda Boqueir\u00e3o","description":"51\u00aa Exposi\u00e7\u00e3o Agropecu\u00e1ria do Serid\u00f3 no Parque de Exposi\u00e7\u00f5es Monsenhor Walfredo Gurgel em Caic\u00f3 dias 24 e 25 de maio de 2024.","robots":{"index":"index","follow":"follow","max-snippet":"max-snippet:-1","max-image-preview":"max-image-preview:large","max-video-preview":"max-video-preview:-1"},"canonical":"https:\/\/www.fazendaboqueiraorn.com.br\/en\/51a-exposicao-agropecuaria-do-serido\/","og_locale":"en_US","og_type":"article","og_title":"51\u00aa Exposi\u00e7\u00e3o Agropecu\u00e1ria do Serid\u00f3 - Fazenda Boqueir\u00e3o","og_description":"51\u00aa Exposi\u00e7\u00e3o Agropecu\u00e1ria do Serid\u00f3 no Parque de Exposi\u00e7\u00f5es Monsenhor Walfredo Gurgel em Caic\u00f3 dias 24 e 25 de maio de 2024.","og_url":"https:\/\/www.fazendaboqueiraorn.com.br\/en\/51a-exposicao-agropecuaria-do-serido\/","og_site_name":"Fazenda Boqueir\u00e3o","article_publisher":"https:\/\/www.facebook.com\/fazboqueirao","article_published_time":"2024-05-02T10:22:09+00:00","og_image":[{"width":577,"height":723,"url":"https:\/\/www.fazendaboqueiraorn.com.br\/wp-content\/uploads\/2024\/05\/caico-20240524.jpg","type":"image\/jpeg"}],"author":"Fazenda Boqueir\u00e3o","twitter_card":"summary_large_image","twitter_creator":"@FazBoqueirao","twitter_site":"@FazBoqueirao","twitter_misc":{"Written by":"Fazenda Boqueir\u00e3o","Est. reading time":"1 minute"},"schema":{"@context":"https:\/\/schema.org","@graph":[{"@type":"Article","@id":"https:\/\/www.fazendaboqueiraorn.com.br\/51a-exposicao-agropecuaria-do-serido\/#article","isPartOf":{"@id":"https:\/\/www.fazendaboqueiraorn.com.br\/51a-exposicao-agropecuaria-do-serido\/"},"author":{"name":"Fazenda Boqueir\u00e3o","@id":"https:\/\/www.fazendaboqueiraorn.com.br\/#\/schema\/person\/70484dc96f76e66c6365a9f4a2ebfb02"},"headline":"51\u00aa Exposi\u00e7\u00e3o Agropecu\u00e1ria do Serid\u00f3","datePublished":"2024-05-02T10:22:09+00:00","mainEntityOfPage":{"@id":"https:\/\/www.fazendaboqueiraorn.com.br\/51a-exposicao-agropecuaria-do-serido\/"},"wordCount":56,"commentCount":0,"publisher":{"@id":"https:\/\/www.fazendaboqueiraorn.com.br\/#organization"},"image":{"@id":"https:\/\/www.fazendaboqueiraorn.com.br\/51a-exposicao-agropecuaria-do-serido\/#primaryimage"},"thumbnailUrl":"https:\/\/i0.wp.com\/www.fazendaboqueiraorn.com.br\/wp-content\/uploads\/2024\/05\/caico-20240524.jpg?fit=577%2C723&ssl=1","keywords":["2024","Caic\u00f3","Expo Serid\u00f3","exposi\u00e7\u00e3o","Exposi\u00e7\u00e3o Agropecu\u00e1ria do Serid\u00f3","Parque de Exposi\u00e7\u00f5es Monsenhor Walfredo Gurgel"],"articleSection":["Eventos"],"inLanguage":"en-US","potentialAction":[{"@type":"CommentAction","name":"Comment","target":["https:\/\/www.fazendaboqueiraorn.com.br\/51a-exposicao-agropecuaria-do-serido\/#respond"]}]},{"@type":"WebPage","@id":"https:\/\/www.fazendaboqueiraorn.com.br\/51a-exposicao-agropecuaria-do-serido\/","url":"https:\/\/www.fazendaboqueiraorn.com.br\/51a-exposicao-agropecuaria-do-serido\/","name":"51\u00aa Exposi\u00e7\u00e3o Agropecu\u00e1ria do Serid\u00f3 - Fazenda Boqueir\u00e3o","isPartOf":{"@id":"https:\/\/www.fazendaboqueiraorn.com.br\/#website"},"primaryImageOfPage":{"@id":"https:\/\/www.fazendaboqueiraorn.com.br\/51a-exposicao-agropecuaria-do-serido\/#primaryimage"},"image":{"@id":"https:\/\/www.fazendaboqueiraorn.com.br\/51a-exposicao-agropecuaria-do-serido\/#primaryimage"},"thumbnailUrl":"https:\/\/i0.wp.com\/www.fazendaboqueiraorn.com.br\/wp-content\/uploads\/2024\/05\/caico-20240524.jpg?fit=577%2C723&ssl=1","datePublished":"2024-05-02T10:22:09+00:00","description":"51\u00aa Exposi\u00e7\u00e3o Agropecu\u00e1ria do Serid\u00f3 no Parque de Exposi\u00e7\u00f5es Monsenhor Walfredo Gurgel em Caic\u00f3 dias 24 e 25 de maio de 2024.","breadcrumb":{"@id":"https:\/\/www.fazendaboqueiraorn.com.br\/51a-exposicao-agropecuaria-do-serido\/#breadcrumb"},"inLanguage":"en-US","potentialAction":[{"@type":"ReadAction","target":["https:\/\/www.fazendaboqueiraorn.com.br\/51a-exposicao-agropecuaria-do-serido\/"]}]},{"@type":"ImageObject","inLanguage":"en-US","@id":"https:\/\/www.fazendaboqueiraorn.com.br\/51a-exposicao-agropecuaria-do-serido\/#primaryimage","url":"https:\/\/i0.wp.com\/www.fazendaboqueiraorn.com.br\/wp-content\/uploads\/2024\/05\/caico-20240524.jpg?fit=577%2C723&ssl=1","contentUrl":"https:\/\/i0.wp.com\/www.fazendaboqueiraorn.com.br\/wp-content\/uploads\/2024\/05\/caico-20240524.jpg?fit=577%2C723&ssl=1","width":577,"height":723,"caption":"51\u00aa Exposi\u00e7\u00e3o Agropecu\u00e1ria do Serid\u00f3"},{"@type":"BreadcrumbList","@id":"https:\/\/www.fazendaboqueiraorn.com.br\/51a-exposicao-agropecuaria-do-serido\/#breadcrumb","itemListElement":[{"@type":"ListItem","position":1,"name":"Home","item":"https:\/\/www.fazendaboqueiraorn.com.br\/"},{"@type":"ListItem","position":2,"name":"51\u00aa Exposi\u00e7\u00e3o Agropecu\u00e1ria do Serid\u00f3"}]},{"@type":"WebSite","@id":"https:\/\/www.fazendaboqueiraorn.com.br\/#website","url":"https:\/\/www.fazendaboqueiraorn.com.br\/","name":"Fazenda Boqueir\u00e3o","description":"","publisher":{"@id":"https:\/\/www.fazendaboqueiraorn.com.br\/#organization"},"potentialAction":[{"@type":"SearchAction","target":{"@type":"EntryPoint","urlTemplate":"https:\/\/www.fazendaboqueiraorn.com.br\/?s={search_term_string}"},"query-input":{"@type":"PropertyValueSpecification","valueRequired":true,"valueName":"search_term_string"}}],"inLanguage":"en-US"},{"@type":"Organization","@id":"https:\/\/www.fazendaboqueiraorn.com.br\/#organization","name":"Fazenda Boqueir\u00e3o","url":"https:\/\/www.fazendaboqueiraorn.com.br\/","logo":{"@type":"ImageObject","inLanguage":"en-US","@id":"https:\/\/www.fazendaboqueiraorn.com.br\/#\/schema\/logo\/image\/","url":"https:\/\/i0.wp.com\/www.fazendaboqueiraorn.com.br\/wp-content\/uploads\/2021\/08\/logo-fazenda-120x120-1.png?fit=120%2C120&ssl=1","contentUrl":"https:\/\/i0.wp.com\/www.fazendaboqueiraorn.com.br\/wp-content\/uploads\/2021\/08\/logo-fazenda-120x120-1.png?fit=120%2C120&ssl=1","width":120,"height":120,"caption":"Fazenda Boqueir\u00e3o"},"image":{"@id":"https:\/\/www.fazendaboqueiraorn.com.br\/#\/schema\/logo\/image\/"},"sameAs":["https:\/\/www.facebook.com\/fazboqueirao","https:\/\/x.com\/FazBoqueirao","http:\/\/instagram.com\/fazboqueirao\/","https:\/\/www.linkedin.com\/company\/fazboqueirao\/","https:\/\/www.youtube.com\/channel\/UCUA4_8v8HkmMeNUh8c6Ky1Q"]},{"@type":"Person","@id":"https:\/\/www.fazendaboqueiraorn.com.br\/#\/schema\/person\/70484dc96f76e66c6365a9f4a2ebfb02","name":"Fazenda Boqueir\u00e3o","image":{"@type":"ImageObject","inLanguage":"en-US","@id":"https:\/\/secure.gravatar.com\/avatar\/19f19467ae305ded5d913deae2fb6c6f29fe88a0a7f3a4dca5679407289a9efd?s=96&d=mm&r=g","url":"https:\/\/secure.gravatar.com\/avatar\/19f19467ae305ded5d913deae2fb6c6f29fe88a0a7f3a4dca5679407289a9efd?s=96&d=mm&r=g","contentUrl":"https:\/\/secure.gravatar.com\/avatar\/19f19467ae305ded5d913deae2fb6c6f29fe88a0a7f3a4dca5679407289a9efd?s=96&d=mm&r=g","caption":"Fazenda Boqueir\u00e3o"},"url":"https:\/\/www.fazendaboqueiraorn.com.br\/en\/author\/fazenda\/"}]}},"jetpack_publicize_connections":[],"uagb_featured_image_src":{"full":["https:\/\/i0.wp.com\/www.fazendaboqueiraorn.com.br\/wp-content\/uploads\/2024\/05\/caico-20240524.jpg?fit=577%2C723&ssl=1",577,723,false],"thumbnail":["https:\/\/i0.wp.com\/www.fazendaboqueiraorn.com.br\/wp-content\/uploads\/2024\/05\/caico-20240524.jpg?resize=150%2C150&ssl=1",150,150,true],"medium":["https:\/\/i0.wp.com\/www.fazendaboqueiraorn.com.br\/wp-content\/uploads\/2024\/05\/caico-20240524.jpg?fit=239%2C300&ssl=1",239,300,true],"medium_large":["https:\/\/i0.wp.com\/www.fazendaboqueiraorn.com.br\/wp-content\/uploads\/2024\/05\/caico-20240524.jpg?fit=577%2C723&ssl=1",577,723,true],"large":["https:\/\/i0.wp.com\/www.fazendaboqueiraorn.com.br\/wp-content\/uploads\/2024\/05\/caico-20240524.jpg?fit=577%2C723&ssl=1",577,723,true],"1536x1536":["https:\/\/i0.wp.com\/www.fazendaboqueiraorn.com.br\/wp-content\/uploads\/2024\/05\/caico-20240524.jpg?fit=577%2C723&ssl=1",577,723,true],"2048x2048":["https:\/\/i0.wp.com\/www.fazendaboqueiraorn.com.br\/wp-content\/uploads\/2024\/05\/caico-20240524.jpg?fit=577%2C723&ssl=1",577,723,true],"trp-custom-language-flag":["https:\/\/i0.wp.com\/www.fazendaboqueiraorn.com.br\/wp-content\/uploads\/2024\/05\/caico-20240524.jpg?fit=10%2C12&ssl=1",10,12,true],"ultp_layout_landscape_large":["https:\/\/i0.wp.com\/www.fazendaboqueiraorn.com.br\/wp-content\/uploads\/2024\/05\/caico-20240524.jpg?resize=577%2C723&ssl=1",577,723,true],"ultp_layout_landscape":["https:\/\/i0.wp.com\/www.fazendaboqueiraorn.com.br\/wp-content\/uploads\/2024\/05\/caico-20240524.jpg?resize=577%2C570&ssl=1",577,570,true],"ultp_layout_portrait":["https:\/\/i0.wp.com\/www.fazendaboqueiraorn.com.br\/wp-content\/uploads\/2024\/05\/caico-20240524.jpg?resize=577%2C723&ssl=1",577,723,true],"ultp_layout_square":["https:\/\/i0.wp.com\/www.fazendaboqueiraorn.com.br\/wp-content\/uploads\/2024\/05\/caico-20240524.jpg?resize=577%2C600&ssl=1",577,600,true],"woocommerce_thumbnail":["https:\/\/www.fazendaboqueiraorn.com.br\/wp-content\/uploads\/2024\/05\/caico-20240524-300x300.jpg",300,300,true],"woocommerce_single":["https:\/\/www.fazendaboqueiraorn.com.br\/wp-content\/uploads\/2024\/05\/caico-20240524.jpg",577,723,false],"woocommerce_gallery_thumbnail":["https:\/\/www.fazendaboqueiraorn.com.br\/wp-content\/uploads\/2024\/05\/caico-20240524-100x100.jpg",100,100,true],"web-stories-poster-portrait":["https:\/\/www.fazendaboqueiraorn.com.br\/wp-content\/uploads\/2024\/05\/caico-20240524.jpg",577,723,false],"web-stories-publisher-logo":["https:\/\/www.fazendaboqueiraorn.com.br\/wp-content\/uploads\/2024\/05\/caico-20240524-96x96.jpg",96,96,true],"web-stories-thumbnail":["https:\/\/www.fazendaboqueiraorn.com.br\/wp-content\/uploads\/2024\/05\/caico-20240524-150x188.jpg",150,188,true]},"uagb_author_info":{"display_name":"Fazenda Boqueir\u00e3o","author_link":"https:\/\/www.fazendaboqueiraorn.com.br\/en\/author\/fazenda\/"},"uagb_comment_info":0,"uagb_excerpt":"51\u00aa Exposi\u00e7\u00e3o Agropecu\u00e1ria do Serid\u00f3 no Parque de Exposi\u00e7\u00f5es Monsenhor Walfredo Gurgel em Caic\u00f3 dias 24 e 25 de maio de 2024.","jetpack_featured_media_url":"https:\/\/i0.wp.com\/www.fazendaboqueiraorn.com.br\/wp-content\/uploads\/2024\/05\/caico-20240524.jpg?fit=577%2C723&ssl=1","jetpack_sharing_enabled":true,"jetpack_likes_enabled":true,"_links":{"self":[{"href":"https:\/\/www.fazendaboqueiraorn.com.br\/en\/wp-json\/wp\/v2\/posts\/5089","targetHints":{"allow":["GET"]}}],"collection":[{"href":"https:\/\/www.fazendaboqueiraorn.com.br\/en\/wp-json\/wp\/v2\/posts"}],"about":[{"href":"https:\/\/www.fazendaboqueiraorn.com.br\/en\/wp-json\/wp\/v2\/types\/post"}],"author":[{"embeddable":true,"href":"https:\/\/www.fazendaboqueiraorn.com.br\/en\/wp-json\/wp\/v2\/users\/2"}],"replies":[{"embeddable":true,"href":"https:\/\/www.fazendaboqueiraorn.com.br\/en\/wp-json\/wp\/v2\/comments?post=5089"}],"version-history":[{"count":2,"href":"https:\/\/www.fazendaboqueiraorn.com.br\/en\/wp-json\/wp\/v2\/posts\/5089\/revisions"}],"predecessor-version":[{"id":5092,"href":"https:\/\/www.fazendaboqueiraorn.com.br\/en\/wp-json\/wp\/v2\/posts\/5089\/revisions\/5092"}],"wp:featuredmedia":[{"embeddable":true,"href":"https:\/\/www.fazendaboqueiraorn.com.br\/en\/wp-json\/wp\/v2\/media\/5091"}],"wp:attachment":[{"href":"https:\/\/www.fazendaboqueiraorn.com.br\/en\/wp-json\/wp\/v2\/media?parent=5089"}],"wp:term":[{"taxonomy":"category","embeddable":true,"href":"https:\/\/www.fazendaboqueiraorn.com.br\/en\/wp-json\/wp\/v2\/categories?post=5089"},{"taxonomy":"post_tag","embeddable":true,"href":"https:\/\/www.fazendaboqueiraorn.com.br\/en\/wp-json\/wp\/v2\/tags?post=5089"}],"curies":[{"name":"wp","href":"https:\/\/api.w.org\/{rel}","templated":true}]}}