{"id":5077,"date":"2024-04-19T09:22:51","date_gmt":"2024-04-19T12:22:51","guid":{"rendered":"https:\/\/www.fazendaboqueiraorn.com.br\/?p=5077"},"modified":"2024-04-19T09:29:45","modified_gmt":"2024-04-19T12:29:45","slug":"aprovado-auxilio-internet-para-agricultores-pela-comissao-da-camara","status":"publish","type":"post","link":"https:\/\/www.fazendaboqueiraorn.com.br\/en\/aprovado-auxilio-internet-para-agricultores-pela-comissao-da-camara\/","title":{"rendered":"Aprovado aux\u00edlio-internet para agricultores pela comiss\u00e3o da c\u00e2mara"},"content":{"rendered":"<figure class=\"wp-block-image aligncenter size-full\"><img data-recalc-dims=\"1\" decoding=\"async\" width=\"900\" height=\"626\" loading=\"lazy\" src=\"https:\/\/i0.wp.com\/www.fazendaboqueiraorn.com.br\/wp-content\/uploads\/2024\/04\/celular-na-fazenda.jpg?resize=900%2C626&#038;ssl=1\" alt=\"Aprovado aux\u00edlio-internet para agricultores pela comiss\u00e3o da c\u00e2mara\" class=\"wp-image-5078\" srcset=\"https:\/\/i0.wp.com\/www.fazendaboqueiraorn.com.br\/wp-content\/uploads\/2024\/04\/celular-na-fazenda.jpg?w=900&amp;ssl=1 900w, https:\/\/i0.wp.com\/www.fazendaboqueiraorn.com.br\/wp-content\/uploads\/2024\/04\/celular-na-fazenda.jpg?resize=600%2C417&amp;ssl=1 600w, https:\/\/i0.wp.com\/www.fazendaboqueiraorn.com.br\/wp-content\/uploads\/2024\/04\/celular-na-fazenda.jpg?resize=300%2C209&amp;ssl=1 300w, https:\/\/i0.wp.com\/www.fazendaboqueiraorn.com.br\/wp-content\/uploads\/2024\/04\/celular-na-fazenda.jpg?resize=768%2C534&amp;ssl=1 768w, https:\/\/i0.wp.com\/www.fazendaboqueiraorn.com.br\/wp-content\/uploads\/2024\/04\/celular-na-fazenda.jpg?resize=18%2C12&amp;ssl=1 18w, https:\/\/i0.wp.com\/www.fazendaboqueiraorn.com.br\/wp-content\/uploads\/2024\/04\/celular-na-fazenda.jpg?resize=150%2C104&amp;ssl=1 150w\" sizes=\"auto, (max-width: 900px) 100vw, 900px\" \/><\/figure>\n\n\n\n<p>Aprovado aux\u00edlio-internet para agricultores pela Comiss\u00e3o de Previd\u00eancia, Assist\u00eancia Social, Inf\u00e2ncia, Adolesc\u00eancia e Fam\u00edlia da C\u00e2mara dos Deputados via projeto de lei. O projeto assegura a pessoas de baixa renda e a agricultores familiares recursos para comprar o equipamento (celular, tablet, computador) e o acesso \u00e0 internet.<\/p>\n\n\n\n<p>O texto cria o aux\u00edlio-internet para as fam\u00edlias de baixa renda e a Pol\u00edtica Nacional de Conectividade da Agricultura Familiar (PNCAF).<\/p>\n\n\n\n<p>O objetivo \u00e9 promover a inclus\u00e3o digital desses segmentos da popula\u00e7\u00e3o, permitindo que eles interajam com outras pessoas e tenham acesso a informa\u00e7\u00f5es, produtos e servi\u00e7os por meio da rede mundial de computadores.<\/p>\n\n\n\n<p>Foi aprovado o substitutivo da relatora, deputada Fl\u00e1via Morais (PDT-GO), que reuniu em um novo texto o Projeto de Lei 3501\/20, do deputado Felipe Carreras (PSB-PE), e outros 14 apensados. O texto de Carreras cria um aux\u00edlio internet, prevendo o pagamento de servi\u00e7os de telecomunica\u00e7\u00f5es a fam\u00edlias de baixa renda.<\/p>\n\n\n\n<p>A relatora destacou que 7,3 milh\u00f5es de domic\u00edlios brasileiros ainda est\u00e3o sem acesso \u00e0 rede. \u201cS\u00e3o principalmente os lares de fam\u00edlias mais pobres do pa\u00eds\u201d, pontua.<\/p>\n\n\n\n<p>Segundo ela, os principais obst\u00e1culos para o acesso pleno \u00e0 internet s\u00e3o os altos custos do servi\u00e7o e a falta de conhecimento.<\/p>\n\n\n\n<h2 class=\"wp-block-heading\">Aux\u00edlio-internet<\/h2>\n\n\n\n<p>O aux\u00edlio-internet ter\u00e1 o valor definido por regulamento do Executivo. A proposta estabelece que seja pago preferencialmente \u00e0 mulher respons\u00e1vel pela fam\u00edlia e que a primeira parcela seja suficiente para a compra do dispositivo de acesso \u00e0 internet.<\/p>\n\n\n\n<p>Os benefici\u00e1rios do aux\u00edlio, que dever\u00e3o fazer parte do Cadastro \u00danico para Programas Sociais do Governo Federal (Cad\u00danico), poder\u00e3o escolher a prestadora do servi\u00e7o de internet m\u00f3vel, conforme os padr\u00f5es definidos no regulamento.<\/p>\n\n\n\n<p>O aux\u00edlio ser\u00e1 custeado com recursos do Fundo de Fiscaliza\u00e7\u00e3o das Telecomunica\u00e7\u00f5es (Fistel); do Fundo de Universaliza\u00e7\u00e3o dos Servi\u00e7os de Telecomunica\u00e7\u00f5es (Fust); e do Tesouro Nacional.<\/p>\n\n\n\n<h2 class=\"wp-block-heading\">Agricultura familiar<\/h2>\n\n\n\n<p>J\u00e1 a PNCAF ter\u00e1 como benefici\u00e1rios priorit\u00e1rios os agricultores familiares que participem do Programa Bolsa Fam\u00edlia, do Programa de Aquisi\u00e7\u00e3o de Alimentos ou que desenvolvam atividades em localidades atendidas por servi\u00e7o digital de assist\u00eancia t\u00e9cnica e extens\u00e3o rural.<\/p>\n\n\n\n<p>Para Fl\u00e1via Morais, no caso da agricultura familiar, a falta de acesso \u00e0 internet tem reflexos na renda, no trabalho e na diversidade e igualdade social no campo. \u201cA internet possibilita o ganho de efici\u00eancia na produ\u00e7\u00e3o, bem como o acesso a mercados nacionais e internacionais. Al\u00e9m disso, permite maior acesso a pol\u00edticas p\u00fablicas, a cursos de capacita\u00e7\u00e3o e de forma\u00e7\u00e3o continuada a dist\u00e2ncia, sem falar na contribui\u00e7\u00e3o para a perman\u00eancia da popula\u00e7\u00e3o mais jovem no campo\u201d, argumenta.<\/p>\n\n\n\n<p>A PNCAF prev\u00ea que, na aquisi\u00e7\u00e3o dos equipamentos, haver\u00e1 prefer\u00eancia para bens com tecnologia desenvolvida no Pa\u00eds, na forma do regulamento. A pol\u00edtica contar\u00e1 com recursos do or\u00e7amento da Uni\u00e3o, do Fust e outros recursos oriundos de fontes nacionais e internacionais.<\/p>","protected":false},"excerpt":{"rendered":"<p>Aprovado aux\u00edlio-internet para agricultores pela Comiss\u00e3o de Previd\u00eancia, Assist\u00eancia Social, Inf\u00e2ncia, Adolesc\u00eancia e Fam\u00edlia da C\u00e2mara dos Deputados via projeto de lei.<\/p>","protected":false},"author":2,"featured_media":5078,"comment_status":"open","ping_status":"open","sticky":false,"template":"","format":"standard","meta":{"nf_dc_page":"","_uag_custom_page_level_css":"","site-sidebar-layout":"default","site-content-layout":"","ast-site-content-layout":"default","site-content-style":"default","site-sidebar-style":"default","ast-global-header-display":"","ast-banner-title-visibility":"","ast-main-header-display":"","ast-hfb-above-header-display":"","ast-hfb-below-header-display":"","ast-hfb-mobile-header-display":"","site-post-title":"","ast-breadcrumbs-content":"","ast-featured-img":"","footer-sml-layout":"","ast-disable-related-posts":"","theme-transparent-header-meta":"","adv-header-id-meta":"","stick-header-meta":"","header-above-stick-meta":"","header-main-stick-meta":"","header-below-stick-meta":"","astra-migrate-meta-layouts":"default","ast-page-background-enabled":"default","ast-page-background-meta":{"desktop":{"background-color":"var(--ast-global-color-4)","background-image":"","background-repeat":"repeat","background-position":"center center","background-size":"auto","background-attachment":"scroll","background-type":"","background-media":"","overlay-type":"","overlay-color":"","overlay-opacity":"","overlay-gradient":""},"tablet":{"background-color":"","background-image":"","background-repeat":"repeat","background-position":"center center","background-size":"auto","background-attachment":"scroll","background-type":"","background-media":"","overlay-type":"","overlay-color":"","overlay-opacity":"","overlay-gradient":""},"mobile":{"background-color":"","background-image":"","background-repeat":"repeat","background-position":"center center","background-size":"auto","background-attachment":"scroll","background-type":"","background-media":"","overlay-type":"","overlay-color":"","overlay-opacity":"","overlay-gradient":""}},"ast-content-background-meta":{"desktop":{"background-color":"var(--ast-global-color-5)","background-image":"","background-repeat":"repeat","background-position":"center center","background-size":"auto","background-attachment":"scroll","background-type":"","background-media":"","overlay-type":"","overlay-color":"","overlay-opacity":"","overlay-gradient":""},"tablet":{"background-color":"var(--ast-global-color-5)","background-image":"","background-repeat":"repeat","background-position":"center center","background-size":"auto","background-attachment":"scroll","background-type":"","background-media":"","overlay-type":"","overlay-color":"","overlay-opacity":"","overlay-gradient":""},"mobile":{"background-color":"var(--ast-global-color-5)","background-image":"","background-repeat":"repeat","background-position":"center center","background-size":"auto","background-attachment":"scroll","background-type":"","background-media":"","overlay-type":"","overlay-color":"","overlay-opacity":"","overlay-gradient":""}},"jetpack_post_was_ever_published":false,"_jetpack_newsletter_access":"","_jetpack_dont_email_post_to_subs":false,"_jetpack_newsletter_tier_id":0,"_jetpack_memberships_contains_paywalled_content":false,"_jetpack_memberships_contains_paid_content":false,"footnotes":"","jetpack_publicize_message":"","jetpack_publicize_feature_enabled":true,"jetpack_social_post_already_shared":false,"jetpack_social_options":{"image_generator_settings":{"template":"highway","default_image_id":0,"font":"","enabled":false},"version":2}},"categories":[1],"tags":[6,2233,2236,104,103,101,91,2234],"class_list":["post-5077","post","type-post","status-publish","format-standard","has-post-thumbnail","hentry","category-noticia","tag-agricultura","tag-auxilio","tag-camara-dos-deputados","tag-capacitacao","tag-curso","tag-distancia","tag-governo","tag-projeto-de-lei"],"yoast_head":"<!-- This site is optimized with the Yoast SEO plugin v27.4 - https:\/\/yoast.com\/product\/yoast-seo-wordpress\/ -->\n<title>Aprovado aux\u00edlio-internet para agricultores pela comiss\u00e3o da c\u00e2mara - Fazenda Boqueir\u00e3o<\/title>\n<meta name=\"description\" content=\"Aprovado aux\u00edlio-internet para agricultores pela Comiss\u00e3o de Previd\u00eancia, Assist\u00eancia Social, Inf\u00e2ncia, Adolesc\u00eancia e Fam\u00edlia da C\u00e2mara dos Deputados.\" \/>\n<meta name=\"robots\" content=\"index, follow, max-snippet:-1, max-image-preview:large, max-video-preview:-1\" \/>\n<link rel=\"canonical\" href=\"https:\/\/www.fazendaboqueiraorn.com.br\/en\/aprovado-auxilio-internet-para-agricultores-pela-comissao-da-camara\/\" \/>\n<meta property=\"og:locale\" content=\"en_US\" \/>\n<meta property=\"og:type\" content=\"article\" \/>\n<meta property=\"og:title\" content=\"Aprovado aux\u00edlio-internet para agricultores pela comiss\u00e3o da c\u00e2mara - Fazenda Boqueir\u00e3o\" \/>\n<meta property=\"og:description\" content=\"Aprovado aux\u00edlio-internet para agricultores pela Comiss\u00e3o de Previd\u00eancia, Assist\u00eancia Social, Inf\u00e2ncia, Adolesc\u00eancia e Fam\u00edlia da C\u00e2mara dos Deputados.\" \/>\n<meta property=\"og:url\" content=\"https:\/\/www.fazendaboqueiraorn.com.br\/en\/aprovado-auxilio-internet-para-agricultores-pela-comissao-da-camara\/\" \/>\n<meta property=\"og:site_name\" content=\"Fazenda Boqueir\u00e3o\" \/>\n<meta property=\"article:publisher\" content=\"https:\/\/www.facebook.com\/fazboqueirao\" \/>\n<meta property=\"article:published_time\" content=\"2024-04-19T12:22:51+00:00\" \/>\n<meta property=\"article:modified_time\" content=\"2024-04-19T12:29:45+00:00\" \/>\n<meta property=\"og:image\" content=\"https:\/\/www.fazendaboqueiraorn.com.br\/wp-content\/uploads\/2024\/04\/celular-na-fazenda.jpg\" \/>\n\t<meta property=\"og:image:width\" content=\"900\" \/>\n\t<meta property=\"og:image:height\" content=\"626\" \/>\n\t<meta property=\"og:image:type\" content=\"image\/jpeg\" \/>\n<meta name=\"author\" content=\"Fazenda Boqueir\u00e3o\" \/>\n<meta name=\"twitter:card\" content=\"summary_large_image\" \/>\n<meta name=\"twitter:creator\" content=\"@FazBoqueirao\" \/>\n<meta name=\"twitter:site\" content=\"@FazBoqueirao\" \/>\n<meta name=\"twitter:label1\" content=\"Written by\" \/>\n\t<meta name=\"twitter:data1\" content=\"Fazenda Boqueir\u00e3o\" \/>\n\t<meta name=\"twitter:label2\" content=\"Est. reading time\" \/>\n\t<meta name=\"twitter:data2\" content=\"3 minutes\" \/>\n<script type=\"application\/ld+json\" class=\"yoast-schema-graph\">{\"@context\":\"https:\\\/\\\/schema.org\",\"@graph\":[{\"@type\":\"Article\",\"@id\":\"https:\\\/\\\/www.fazendaboqueiraorn.com.br\\\/aprovado-auxilio-internet-para-agricultores-pela-comissao-da-camara\\\/#article\",\"isPartOf\":{\"@id\":\"https:\\\/\\\/www.fazendaboqueiraorn.com.br\\\/aprovado-auxilio-internet-para-agricultores-pela-comissao-da-camara\\\/\"},\"author\":{\"name\":\"Fazenda Boqueir\u00e3o\",\"@id\":\"https:\\\/\\\/www.fazendaboqueiraorn.com.br\\\/#\\\/schema\\\/person\\\/70484dc96f76e66c6365a9f4a2ebfb02\"},\"headline\":\"Aprovado aux\u00edlio-internet para agricultores pela comiss\u00e3o da c\u00e2mara\",\"datePublished\":\"2024-04-19T12:22:51+00:00\",\"dateModified\":\"2024-04-19T12:29:45+00:00\",\"mainEntityOfPage\":{\"@id\":\"https:\\\/\\\/www.fazendaboqueiraorn.com.br\\\/aprovado-auxilio-internet-para-agricultores-pela-comissao-da-camara\\\/\"},\"wordCount\":530,\"commentCount\":0,\"publisher\":{\"@id\":\"https:\\\/\\\/www.fazendaboqueiraorn.com.br\\\/#organization\"},\"image\":{\"@id\":\"https:\\\/\\\/www.fazendaboqueiraorn.com.br\\\/aprovado-auxilio-internet-para-agricultores-pela-comissao-da-camara\\\/#primaryimage\"},\"thumbnailUrl\":\"https:\\\/\\\/i0.wp.com\\\/www.fazendaboqueiraorn.com.br\\\/wp-content\\\/uploads\\\/2024\\\/04\\\/celular-na-fazenda.jpg?fit=900%2C626&ssl=1\",\"keywords\":[\"Agricultura\",\"aux\u00edlio\",\"C\u00e2mara dos Deputados\",\"capacita\u00e7\u00e3o\",\"curso\",\"dist\u00e2ncia\",\"governo\",\"projeto de lei\"],\"articleSection\":[\"Not\u00edcias\"],\"inLanguage\":\"en-US\",\"potentialAction\":[{\"@type\":\"CommentAction\",\"name\":\"Comment\",\"target\":[\"https:\\\/\\\/www.fazendaboqueiraorn.com.br\\\/aprovado-auxilio-internet-para-agricultores-pela-comissao-da-camara\\\/#respond\"]}]},{\"@type\":\"WebPage\",\"@id\":\"https:\\\/\\\/www.fazendaboqueiraorn.com.br\\\/aprovado-auxilio-internet-para-agricultores-pela-comissao-da-camara\\\/\",\"url\":\"https:\\\/\\\/www.fazendaboqueiraorn.com.br\\\/aprovado-auxilio-internet-para-agricultores-pela-comissao-da-camara\\\/\",\"name\":\"Aprovado aux\u00edlio-internet para agricultores pela comiss\u00e3o da c\u00e2mara - Fazenda Boqueir\u00e3o\",\"isPartOf\":{\"@id\":\"https:\\\/\\\/www.fazendaboqueiraorn.com.br\\\/#website\"},\"primaryImageOfPage\":{\"@id\":\"https:\\\/\\\/www.fazendaboqueiraorn.com.br\\\/aprovado-auxilio-internet-para-agricultores-pela-comissao-da-camara\\\/#primaryimage\"},\"image\":{\"@id\":\"https:\\\/\\\/www.fazendaboqueiraorn.com.br\\\/aprovado-auxilio-internet-para-agricultores-pela-comissao-da-camara\\\/#primaryimage\"},\"thumbnailUrl\":\"https:\\\/\\\/i0.wp.com\\\/www.fazendaboqueiraorn.com.br\\\/wp-content\\\/uploads\\\/2024\\\/04\\\/celular-na-fazenda.jpg?fit=900%2C626&ssl=1\",\"datePublished\":\"2024-04-19T12:22:51+00:00\",\"dateModified\":\"2024-04-19T12:29:45+00:00\",\"description\":\"Aprovado aux\u00edlio-internet para agricultores pela Comiss\u00e3o de Previd\u00eancia, Assist\u00eancia Social, Inf\u00e2ncia, Adolesc\u00eancia e Fam\u00edlia da C\u00e2mara dos Deputados.\",\"breadcrumb\":{\"@id\":\"https:\\\/\\\/www.fazendaboqueiraorn.com.br\\\/aprovado-auxilio-internet-para-agricultores-pela-comissao-da-camara\\\/#breadcrumb\"},\"inLanguage\":\"en-US\",\"potentialAction\":[{\"@type\":\"ReadAction\",\"target\":[\"https:\\\/\\\/www.fazendaboqueiraorn.com.br\\\/aprovado-auxilio-internet-para-agricultores-pela-comissao-da-camara\\\/\"]}]},{\"@type\":\"ImageObject\",\"inLanguage\":\"en-US\",\"@id\":\"https:\\\/\\\/www.fazendaboqueiraorn.com.br\\\/aprovado-auxilio-internet-para-agricultores-pela-comissao-da-camara\\\/#primaryimage\",\"url\":\"https:\\\/\\\/i0.wp.com\\\/www.fazendaboqueiraorn.com.br\\\/wp-content\\\/uploads\\\/2024\\\/04\\\/celular-na-fazenda.jpg?fit=900%2C626&ssl=1\",\"contentUrl\":\"https:\\\/\\\/i0.wp.com\\\/www.fazendaboqueiraorn.com.br\\\/wp-content\\\/uploads\\\/2024\\\/04\\\/celular-na-fazenda.jpg?fit=900%2C626&ssl=1\",\"width\":900,\"height\":626,\"caption\":\"Aprovado aux\u00edlio-internet para agricultores pela comiss\u00e3o da c\u00e2mara\"},{\"@type\":\"BreadcrumbList\",\"@id\":\"https:\\\/\\\/www.fazendaboqueiraorn.com.br\\\/aprovado-auxilio-internet-para-agricultores-pela-comissao-da-camara\\\/#breadcrumb\",\"itemListElement\":[{\"@type\":\"ListItem\",\"position\":1,\"name\":\"Home\",\"item\":\"https:\\\/\\\/www.fazendaboqueiraorn.com.br\\\/\"},{\"@type\":\"ListItem\",\"position\":2,\"name\":\"Aprovado aux\u00edlio-internet para agricultores pela comiss\u00e3o da c\u00e2mara\"}]},{\"@type\":\"WebSite\",\"@id\":\"https:\\\/\\\/www.fazendaboqueiraorn.com.br\\\/#website\",\"url\":\"https:\\\/\\\/www.fazendaboqueiraorn.com.br\\\/\",\"name\":\"Fazenda Boqueir\u00e3o\",\"description\":\"\",\"publisher\":{\"@id\":\"https:\\\/\\\/www.fazendaboqueiraorn.com.br\\\/#organization\"},\"potentialAction\":[{\"@type\":\"SearchAction\",\"target\":{\"@type\":\"EntryPoint\",\"urlTemplate\":\"https:\\\/\\\/www.fazendaboqueiraorn.com.br\\\/?s={search_term_string}\"},\"query-input\":{\"@type\":\"PropertyValueSpecification\",\"valueRequired\":true,\"valueName\":\"search_term_string\"}}],\"inLanguage\":\"en-US\"},{\"@type\":\"Organization\",\"@id\":\"https:\\\/\\\/www.fazendaboqueiraorn.com.br\\\/#organization\",\"name\":\"Fazenda Boqueir\u00e3o\",\"url\":\"https:\\\/\\\/www.fazendaboqueiraorn.com.br\\\/\",\"logo\":{\"@type\":\"ImageObject\",\"inLanguage\":\"en-US\",\"@id\":\"https:\\\/\\\/www.fazendaboqueiraorn.com.br\\\/#\\\/schema\\\/logo\\\/image\\\/\",\"url\":\"https:\\\/\\\/i0.wp.com\\\/www.fazendaboqueiraorn.com.br\\\/wp-content\\\/uploads\\\/2021\\\/08\\\/logo-fazenda-120x120-1.png?fit=120%2C120&ssl=1\",\"contentUrl\":\"https:\\\/\\\/i0.wp.com\\\/www.fazendaboqueiraorn.com.br\\\/wp-content\\\/uploads\\\/2021\\\/08\\\/logo-fazenda-120x120-1.png?fit=120%2C120&ssl=1\",\"width\":120,\"height\":120,\"caption\":\"Fazenda Boqueir\u00e3o\"},\"image\":{\"@id\":\"https:\\\/\\\/www.fazendaboqueiraorn.com.br\\\/#\\\/schema\\\/logo\\\/image\\\/\"},\"sameAs\":[\"https:\\\/\\\/www.facebook.com\\\/fazboqueirao\",\"https:\\\/\\\/x.com\\\/FazBoqueirao\",\"http:\\\/\\\/instagram.com\\\/fazboqueirao\\\/\",\"https:\\\/\\\/www.linkedin.com\\\/company\\\/fazboqueirao\\\/\",\"https:\\\/\\\/www.youtube.com\\\/channel\\\/UCUA4_8v8HkmMeNUh8c6Ky1Q\"]},{\"@type\":\"Person\",\"@id\":\"https:\\\/\\\/www.fazendaboqueiraorn.com.br\\\/#\\\/schema\\\/person\\\/70484dc96f76e66c6365a9f4a2ebfb02\",\"name\":\"Fazenda Boqueir\u00e3o\",\"image\":{\"@type\":\"ImageObject\",\"inLanguage\":\"en-US\",\"@id\":\"https:\\\/\\\/secure.gravatar.com\\\/avatar\\\/19f19467ae305ded5d913deae2fb6c6f29fe88a0a7f3a4dca5679407289a9efd?s=96&d=mm&r=g\",\"url\":\"https:\\\/\\\/secure.gravatar.com\\\/avatar\\\/19f19467ae305ded5d913deae2fb6c6f29fe88a0a7f3a4dca5679407289a9efd?s=96&d=mm&r=g\",\"contentUrl\":\"https:\\\/\\\/secure.gravatar.com\\\/avatar\\\/19f19467ae305ded5d913deae2fb6c6f29fe88a0a7f3a4dca5679407289a9efd?s=96&d=mm&r=g\",\"caption\":\"Fazenda Boqueir\u00e3o\"},\"url\":\"https:\\\/\\\/www.fazendaboqueiraorn.com.br\\\/en\\\/author\\\/fazenda\\\/\"}]}<\/script>\n<!-- \/ Yoast SEO plugin. -->","yoast_head_json":{"title":"Aprovado aux\u00edlio-internet para agricultores pela comiss\u00e3o da c\u00e2mara - Fazenda Boqueir\u00e3o","description":"Aprovado aux\u00edlio-internet para agricultores pela Comiss\u00e3o de Previd\u00eancia, Assist\u00eancia Social, Inf\u00e2ncia, Adolesc\u00eancia e Fam\u00edlia da C\u00e2mara dos Deputados.","robots":{"index":"index","follow":"follow","max-snippet":"max-snippet:-1","max-image-preview":"max-image-preview:large","max-video-preview":"max-video-preview:-1"},"canonical":"https:\/\/www.fazendaboqueiraorn.com.br\/en\/aprovado-auxilio-internet-para-agricultores-pela-comissao-da-camara\/","og_locale":"en_US","og_type":"article","og_title":"Aprovado aux\u00edlio-internet para agricultores pela comiss\u00e3o da c\u00e2mara - Fazenda Boqueir\u00e3o","og_description":"Aprovado aux\u00edlio-internet para agricultores pela Comiss\u00e3o de Previd\u00eancia, Assist\u00eancia Social, Inf\u00e2ncia, Adolesc\u00eancia e Fam\u00edlia da C\u00e2mara dos Deputados.","og_url":"https:\/\/www.fazendaboqueiraorn.com.br\/en\/aprovado-auxilio-internet-para-agricultores-pela-comissao-da-camara\/","og_site_name":"Fazenda Boqueir\u00e3o","article_publisher":"https:\/\/www.facebook.com\/fazboqueirao","article_published_time":"2024-04-19T12:22:51+00:00","article_modified_time":"2024-04-19T12:29:45+00:00","og_image":[{"width":900,"height":626,"url":"https:\/\/www.fazendaboqueiraorn.com.br\/wp-content\/uploads\/2024\/04\/celular-na-fazenda.jpg","type":"image\/jpeg"}],"author":"Fazenda Boqueir\u00e3o","twitter_card":"summary_large_image","twitter_creator":"@FazBoqueirao","twitter_site":"@FazBoqueirao","twitter_misc":{"Written by":"Fazenda Boqueir\u00e3o","Est. reading time":"3 minutes"},"schema":{"@context":"https:\/\/schema.org","@graph":[{"@type":"Article","@id":"https:\/\/www.fazendaboqueiraorn.com.br\/aprovado-auxilio-internet-para-agricultores-pela-comissao-da-camara\/#article","isPartOf":{"@id":"https:\/\/www.fazendaboqueiraorn.com.br\/aprovado-auxilio-internet-para-agricultores-pela-comissao-da-camara\/"},"author":{"name":"Fazenda Boqueir\u00e3o","@id":"https:\/\/www.fazendaboqueiraorn.com.br\/#\/schema\/person\/70484dc96f76e66c6365a9f4a2ebfb02"},"headline":"Aprovado aux\u00edlio-internet para agricultores pela comiss\u00e3o da c\u00e2mara","datePublished":"2024-04-19T12:22:51+00:00","dateModified":"2024-04-19T12:29:45+00:00","mainEntityOfPage":{"@id":"https:\/\/www.fazendaboqueiraorn.com.br\/aprovado-auxilio-internet-para-agricultores-pela-comissao-da-camara\/"},"wordCount":530,"commentCount":0,"publisher":{"@id":"https:\/\/www.fazendaboqueiraorn.com.br\/#organization"},"image":{"@id":"https:\/\/www.fazendaboqueiraorn.com.br\/aprovado-auxilio-internet-para-agricultores-pela-comissao-da-camara\/#primaryimage"},"thumbnailUrl":"https:\/\/i0.wp.com\/www.fazendaboqueiraorn.com.br\/wp-content\/uploads\/2024\/04\/celular-na-fazenda.jpg?fit=900%2C626&ssl=1","keywords":["Agricultura","aux\u00edlio","C\u00e2mara dos Deputados","capacita\u00e7\u00e3o","curso","dist\u00e2ncia","governo","projeto de lei"],"articleSection":["Not\u00edcias"],"inLanguage":"en-US","potentialAction":[{"@type":"CommentAction","name":"Comment","target":["https:\/\/www.fazendaboqueiraorn.com.br\/aprovado-auxilio-internet-para-agricultores-pela-comissao-da-camara\/#respond"]}]},{"@type":"WebPage","@id":"https:\/\/www.fazendaboqueiraorn.com.br\/aprovado-auxilio-internet-para-agricultores-pela-comissao-da-camara\/","url":"https:\/\/www.fazendaboqueiraorn.com.br\/aprovado-auxilio-internet-para-agricultores-pela-comissao-da-camara\/","name":"Aprovado aux\u00edlio-internet para agricultores pela comiss\u00e3o da c\u00e2mara - Fazenda Boqueir\u00e3o","isPartOf":{"@id":"https:\/\/www.fazendaboqueiraorn.com.br\/#website"},"primaryImageOfPage":{"@id":"https:\/\/www.fazendaboqueiraorn.com.br\/aprovado-auxilio-internet-para-agricultores-pela-comissao-da-camara\/#primaryimage"},"image":{"@id":"https:\/\/www.fazendaboqueiraorn.com.br\/aprovado-auxilio-internet-para-agricultores-pela-comissao-da-camara\/#primaryimage"},"thumbnailUrl":"https:\/\/i0.wp.com\/www.fazendaboqueiraorn.com.br\/wp-content\/uploads\/2024\/04\/celular-na-fazenda.jpg?fit=900%2C626&ssl=1","datePublished":"2024-04-19T12:22:51+00:00","dateModified":"2024-04-19T12:29:45+00:00","description":"Aprovado aux\u00edlio-internet para agricultores pela Comiss\u00e3o de Previd\u00eancia, Assist\u00eancia Social, Inf\u00e2ncia, Adolesc\u00eancia e Fam\u00edlia da C\u00e2mara dos Deputados.","breadcrumb":{"@id":"https:\/\/www.fazendaboqueiraorn.com.br\/aprovado-auxilio-internet-para-agricultores-pela-comissao-da-camara\/#breadcrumb"},"inLanguage":"en-US","potentialAction":[{"@type":"ReadAction","target":["https:\/\/www.fazendaboqueiraorn.com.br\/aprovado-auxilio-internet-para-agricultores-pela-comissao-da-camara\/"]}]},{"@type":"ImageObject","inLanguage":"en-US","@id":"https:\/\/www.fazendaboqueiraorn.com.br\/aprovado-auxilio-internet-para-agricultores-pela-comissao-da-camara\/#primaryimage","url":"https:\/\/i0.wp.com\/www.fazendaboqueiraorn.com.br\/wp-content\/uploads\/2024\/04\/celular-na-fazenda.jpg?fit=900%2C626&ssl=1","contentUrl":"https:\/\/i0.wp.com\/www.fazendaboqueiraorn.com.br\/wp-content\/uploads\/2024\/04\/celular-na-fazenda.jpg?fit=900%2C626&ssl=1","width":900,"height":626,"caption":"Aprovado aux\u00edlio-internet para agricultores pela comiss\u00e3o da c\u00e2mara"},{"@type":"BreadcrumbList","@id":"https:\/\/www.fazendaboqueiraorn.com.br\/aprovado-auxilio-internet-para-agricultores-pela-comissao-da-camara\/#breadcrumb","itemListElement":[{"@type":"ListItem","position":1,"name":"Home","item":"https:\/\/www.fazendaboqueiraorn.com.br\/"},{"@type":"ListItem","position":2,"name":"Aprovado aux\u00edlio-internet para agricultores pela comiss\u00e3o da c\u00e2mara"}]},{"@type":"WebSite","@id":"https:\/\/www.fazendaboqueiraorn.com.br\/#website","url":"https:\/\/www.fazendaboqueiraorn.com.br\/","name":"Fazenda Boqueir\u00e3o","description":"","publisher":{"@id":"https:\/\/www.fazendaboqueiraorn.com.br\/#organization"},"potentialAction":[{"@type":"SearchAction","target":{"@type":"EntryPoint","urlTemplate":"https:\/\/www.fazendaboqueiraorn.com.br\/?s={search_term_string}"},"query-input":{"@type":"PropertyValueSpecification","valueRequired":true,"valueName":"search_term_string"}}],"inLanguage":"en-US"},{"@type":"Organization","@id":"https:\/\/www.fazendaboqueiraorn.com.br\/#organization","name":"Fazenda Boqueir\u00e3o","url":"https:\/\/www.fazendaboqueiraorn.com.br\/","logo":{"@type":"ImageObject","inLanguage":"en-US","@id":"https:\/\/www.fazendaboqueiraorn.com.br\/#\/schema\/logo\/image\/","url":"https:\/\/i0.wp.com\/www.fazendaboqueiraorn.com.br\/wp-content\/uploads\/2021\/08\/logo-fazenda-120x120-1.png?fit=120%2C120&ssl=1","contentUrl":"https:\/\/i0.wp.com\/www.fazendaboqueiraorn.com.br\/wp-content\/uploads\/2021\/08\/logo-fazenda-120x120-1.png?fit=120%2C120&ssl=1","width":120,"height":120,"caption":"Fazenda Boqueir\u00e3o"},"image":{"@id":"https:\/\/www.fazendaboqueiraorn.com.br\/#\/schema\/logo\/image\/"},"sameAs":["https:\/\/www.facebook.com\/fazboqueirao","https:\/\/x.com\/FazBoqueirao","http:\/\/instagram.com\/fazboqueirao\/","https:\/\/www.linkedin.com\/company\/fazboqueirao\/","https:\/\/www.youtube.com\/channel\/UCUA4_8v8HkmMeNUh8c6Ky1Q"]},{"@type":"Person","@id":"https:\/\/www.fazendaboqueiraorn.com.br\/#\/schema\/person\/70484dc96f76e66c6365a9f4a2ebfb02","name":"Fazenda Boqueir\u00e3o","image":{"@type":"ImageObject","inLanguage":"en-US","@id":"https:\/\/secure.gravatar.com\/avatar\/19f19467ae305ded5d913deae2fb6c6f29fe88a0a7f3a4dca5679407289a9efd?s=96&d=mm&r=g","url":"https:\/\/secure.gravatar.com\/avatar\/19f19467ae305ded5d913deae2fb6c6f29fe88a0a7f3a4dca5679407289a9efd?s=96&d=mm&r=g","contentUrl":"https:\/\/secure.gravatar.com\/avatar\/19f19467ae305ded5d913deae2fb6c6f29fe88a0a7f3a4dca5679407289a9efd?s=96&d=mm&r=g","caption":"Fazenda Boqueir\u00e3o"},"url":"https:\/\/www.fazendaboqueiraorn.com.br\/en\/author\/fazenda\/"}]}},"jetpack_publicize_connections":[],"uagb_featured_image_src":{"full":["https:\/\/i0.wp.com\/www.fazendaboqueiraorn.com.br\/wp-content\/uploads\/2024\/04\/celular-na-fazenda.jpg?fit=900%2C626&ssl=1",900,626,false],"thumbnail":["https:\/\/i0.wp.com\/www.fazendaboqueiraorn.com.br\/wp-content\/uploads\/2024\/04\/celular-na-fazenda.jpg?resize=150%2C150&ssl=1",150,150,true],"medium":["https:\/\/i0.wp.com\/www.fazendaboqueiraorn.com.br\/wp-content\/uploads\/2024\/04\/celular-na-fazenda.jpg?fit=300%2C209&ssl=1",300,209,true],"medium_large":["https:\/\/i0.wp.com\/www.fazendaboqueiraorn.com.br\/wp-content\/uploads\/2024\/04\/celular-na-fazenda.jpg?fit=768%2C534&ssl=1",768,534,true],"large":["https:\/\/i0.wp.com\/www.fazendaboqueiraorn.com.br\/wp-content\/uploads\/2024\/04\/celular-na-fazenda.jpg?fit=900%2C626&ssl=1",900,626,true],"1536x1536":["https:\/\/i0.wp.com\/www.fazendaboqueiraorn.com.br\/wp-content\/uploads\/2024\/04\/celular-na-fazenda.jpg?fit=900%2C626&ssl=1",900,626,true],"2048x2048":["https:\/\/i0.wp.com\/www.fazendaboqueiraorn.com.br\/wp-content\/uploads\/2024\/04\/celular-na-fazenda.jpg?fit=900%2C626&ssl=1",900,626,true],"trp-custom-language-flag":["https:\/\/i0.wp.com\/www.fazendaboqueiraorn.com.br\/wp-content\/uploads\/2024\/04\/celular-na-fazenda.jpg?fit=18%2C12&ssl=1",18,12,true],"ultp_layout_landscape_large":["https:\/\/i0.wp.com\/www.fazendaboqueiraorn.com.br\/wp-content\/uploads\/2024\/04\/celular-na-fazenda.jpg?resize=900%2C626&ssl=1",900,626,true],"ultp_layout_landscape":["https:\/\/i0.wp.com\/www.fazendaboqueiraorn.com.br\/wp-content\/uploads\/2024\/04\/celular-na-fazenda.jpg?resize=870%2C570&ssl=1",870,570,true],"ultp_layout_portrait":["https:\/\/i0.wp.com\/www.fazendaboqueiraorn.com.br\/wp-content\/uploads\/2024\/04\/celular-na-fazenda.jpg?resize=600%2C626&ssl=1",600,626,true],"ultp_layout_square":["https:\/\/i0.wp.com\/www.fazendaboqueiraorn.com.br\/wp-content\/uploads\/2024\/04\/celular-na-fazenda.jpg?resize=600%2C600&ssl=1",600,600,true],"woocommerce_thumbnail":["https:\/\/www.fazendaboqueiraorn.com.br\/wp-content\/uploads\/2024\/04\/celular-na-fazenda-300x300.jpg",300,300,true],"woocommerce_single":["https:\/\/www.fazendaboqueiraorn.com.br\/wp-content\/uploads\/2024\/04\/celular-na-fazenda.jpg",600,417,false],"woocommerce_gallery_thumbnail":["https:\/\/www.fazendaboqueiraorn.com.br\/wp-content\/uploads\/2024\/04\/celular-na-fazenda-100x100.jpg",100,100,true],"web-stories-poster-portrait":["https:\/\/www.fazendaboqueiraorn.com.br\/wp-content\/uploads\/2024\/04\/celular-na-fazenda-640x626.jpg",640,626,true],"web-stories-publisher-logo":["https:\/\/www.fazendaboqueiraorn.com.br\/wp-content\/uploads\/2024\/04\/celular-na-fazenda-96x96.jpg",96,96,true],"web-stories-thumbnail":["https:\/\/www.fazendaboqueiraorn.com.br\/wp-content\/uploads\/2024\/04\/celular-na-fazenda-150x104.jpg",150,104,true]},"uagb_author_info":{"display_name":"Fazenda Boqueir\u00e3o","author_link":"https:\/\/www.fazendaboqueiraorn.com.br\/en\/author\/fazenda\/"},"uagb_comment_info":0,"uagb_excerpt":"Aprovado aux\u00edlio-internet para agricultores pela Comiss\u00e3o de Previd\u00eancia, Assist\u00eancia Social, Inf\u00e2ncia, Adolesc\u00eancia e Fam\u00edlia da C\u00e2mara dos Deputados via projeto de lei.","jetpack_featured_media_url":"https:\/\/i0.wp.com\/www.fazendaboqueiraorn.com.br\/wp-content\/uploads\/2024\/04\/celular-na-fazenda.jpg?fit=900%2C626&ssl=1","jetpack_sharing_enabled":true,"jetpack_likes_enabled":true,"_links":{"self":[{"href":"https:\/\/www.fazendaboqueiraorn.com.br\/en\/wp-json\/wp\/v2\/posts\/5077","targetHints":{"allow":["GET"]}}],"collection":[{"href":"https:\/\/www.fazendaboqueiraorn.com.br\/en\/wp-json\/wp\/v2\/posts"}],"about":[{"href":"https:\/\/www.fazendaboqueiraorn.com.br\/en\/wp-json\/wp\/v2\/types\/post"}],"author":[{"embeddable":true,"href":"https:\/\/www.fazendaboqueiraorn.com.br\/en\/wp-json\/wp\/v2\/users\/2"}],"replies":[{"embeddable":true,"href":"https:\/\/www.fazendaboqueiraorn.com.br\/en\/wp-json\/wp\/v2\/comments?post=5077"}],"version-history":[{"count":2,"href":"https:\/\/www.fazendaboqueiraorn.com.br\/en\/wp-json\/wp\/v2\/posts\/5077\/revisions"}],"predecessor-version":[{"id":5084,"href":"https:\/\/www.fazendaboqueiraorn.com.br\/en\/wp-json\/wp\/v2\/posts\/5077\/revisions\/5084"}],"wp:featuredmedia":[{"embeddable":true,"href":"https:\/\/www.fazendaboqueiraorn.com.br\/en\/wp-json\/wp\/v2\/media\/5078"}],"wp:attachment":[{"href":"https:\/\/www.fazendaboqueiraorn.com.br\/en\/wp-json\/wp\/v2\/media?parent=5077"}],"wp:term":[{"taxonomy":"category","embeddable":true,"href":"https:\/\/www.fazendaboqueiraorn.com.br\/en\/wp-json\/wp\/v2\/categories?post=5077"},{"taxonomy":"post_tag","embeddable":true,"href":"https:\/\/www.fazendaboqueiraorn.com.br\/en\/wp-json\/wp\/v2\/tags?post=5077"}],"curies":[{"name":"wp","href":"https:\/\/api.w.org\/{rel}","templated":true}]}}