{"id":4933,"date":"2024-04-07T10:50:30","date_gmt":"2024-04-07T13:50:30","guid":{"rendered":"https:\/\/www.fazendaboqueiraorn.com.br\/?p=4933"},"modified":"2024-04-07T10:50:49","modified_gmt":"2024-04-07T13:50:49","slug":"associacao-de-criadores-de-nelore-do-brasil-completa-70-anos","status":"publish","type":"post","link":"https:\/\/www.fazendaboqueiraorn.com.br\/en\/associacao-de-criadores-de-nelore-do-brasil-completa-70-anos\/","title":{"rendered":"Associa\u00e7\u00e3o de Criadores de Nelore do Brasil completa 70 anos"},"content":{"rendered":"<figure class=\"wp-block-image size-full\"><img data-recalc-dims=\"1\" decoding=\"async\" width=\"1000\" height=\"682\" loading=\"lazy\" src=\"https:\/\/i0.wp.com\/www.fazendaboqueiraorn.com.br\/wp-content\/uploads\/2024\/04\/nerole-70-anos-scaled.jpg?resize=1000%2C682&#038;ssl=1\" alt=\"Associa\u00e7\u00e3o de Criadores de Nelore do Brasil completa 70 anos\" class=\"wp-image-4934\" srcset=\"https:\/\/i0.wp.com\/www.fazendaboqueiraorn.com.br\/wp-content\/uploads\/2024\/04\/nerole-70-anos-scaled.jpg?w=1000&amp;ssl=1 1000w, https:\/\/i0.wp.com\/www.fazendaboqueiraorn.com.br\/wp-content\/uploads\/2024\/04\/nerole-70-anos-scaled.jpg?resize=600%2C409&amp;ssl=1 600w, https:\/\/i0.wp.com\/www.fazendaboqueiraorn.com.br\/wp-content\/uploads\/2024\/04\/nerole-70-anos-scaled.jpg?resize=300%2C204&amp;ssl=1 300w, https:\/\/i0.wp.com\/www.fazendaboqueiraorn.com.br\/wp-content\/uploads\/2024\/04\/nerole-70-anos-scaled.jpg?resize=768%2C524&amp;ssl=1 768w, https:\/\/i0.wp.com\/www.fazendaboqueiraorn.com.br\/wp-content\/uploads\/2024\/04\/nerole-70-anos-scaled.jpg?resize=18%2C12&amp;ssl=1 18w, https:\/\/i0.wp.com\/www.fazendaboqueiraorn.com.br\/wp-content\/uploads\/2024\/04\/nerole-70-anos-scaled.jpg?resize=150%2C102&amp;ssl=1 150w\" sizes=\"auto, (max-width: 1000px) 100vw, 1000px\" \/><\/figure>\n\n\n\n<p><a href=\"http:\/\/www.nelore.org.br\/\">Associa\u00e7\u00e3o de Criadores de Nelore do Brasil <\/a>(ACNB) completa 70 anos neste dia 07 de abril com muito trabalho e dedica\u00e7\u00e3o a ra\u00e7a m\u00e3e da pecu\u00e1ria brasileira. A ra\u00e7a Nelore est\u00e1 presente em mais de 70% do maior rebanho bovino comercial do mundo \u2013 o Brasil soma mais de 230 milh\u00f5es de bovinos, segundo IBGE. Dentro desse cen\u00e1rio, a Nelore do Brasil se destaca pelo seu trabalho e dedica\u00e7\u00e3o a ra\u00e7a.<\/p>\n\n\n\n<p>Fundada em 7 de abril de 1954, a ACNB \u00e9 uma entidade sem fins lucrativos dedicada ao desenvolvimento e \u00e0 promo\u00e7\u00e3o da ra\u00e7a Nelore no Brasil, uma das principais bases da pecu\u00e1ria nacional. Ao longo dessas sete d\u00e9cadas, a associa\u00e7\u00e3o tem sido fundamental no avan\u00e7o da gen\u00e9tica, na melhoria das pr\u00e1ticas de manejo e na promo\u00e7\u00e3o da qualidade da carne Nelore, contribuindo para o reconhecimento global da pecu\u00e1ria brasileira.<\/p>\n\n\n\n<p>Para comemorar seu 70\u00ba anivers\u00e1rio, a ACNB lan\u00e7ou o Ranking Nacional Nelore Pelagens, uma iniciativa inovadora para destacar a diversidade e a qualidade dos animais Nelore de diferentes pelagens. O calend\u00e1rio de exposi\u00e7\u00f5es que envolve o novo ranking conta com quatro eventos confirmados em 2024: a ExpoGrande (Campo Grande, MS), ExpoZebu (Uberaba, MG), uma exposi\u00e7\u00e3o em Rio Verde (GO) e a Expoinel.<\/p>\n\n\n\n<p>Com sete d\u00e9cadas de servi\u00e7os prestados, o Nelore Brasil t\u00eam sido fundamentais para a seguran\u00e7a alimentar mundial, fornecendo prote\u00edna vermelha de qualidade e se destacando em competi\u00e7\u00f5es de excel\u00eancia. Em uma entrevista ao Giro do Boi, o pecuarista e selecionador da ra\u00e7a Nelore Victor Miranda, um dos titulares da Nelore Heringer, do Esp\u00edrito Santo, foi poss\u00edvel mergulhar na hist\u00f3ria e evolu\u00e7\u00e3o da ra\u00e7a que hoje forma a base do rebanho brasileiro.<\/p>\n\n\n\n<h2 class=\"wp-block-heading\">Desafios e avan\u00e7os na pecu\u00e1ria nacional e no mercado global <\/h2>\n\n\n\n<p>Apesar dos desafios enfrentados no \u00faltimo ano, os neloristas mostram dedica\u00e7\u00e3o incans\u00e1vel, com animais de alto padr\u00e3o gen\u00e9tico e excel\u00eancia no Nelore de Qualidade.<\/p>\n\n\n\n<p>A competi\u00e7\u00e3o saud\u00e1vel entre criadores ressalta o cuidado e carinho dispensados aos animais, garantindo um produto final de excel\u00eancia. Com a abertura de novos mercados internacionais e a crescente demanda por prote\u00edna animal de qualidade, os pecuaristas brasileiros enfrentam desafios e oportunidades \u00fanicas.<\/p>\n\n\n\n<p>A valoriza\u00e7\u00e3o do Nelore como ra\u00e7a de destaque no cen\u00e1rio global reflete o potencial do Brasil em suprir a demanda mundial por carne bovina, refor\u00e7ando a posi\u00e7\u00e3o do pa\u00eds como um dos principais players no mercado agr\u00edcola internacional.<\/p>\n\n\n\n<p>.<\/p>","protected":false},"excerpt":{"rendered":"<p>Associa\u00e7\u00e3o de Criadores de Nelore do Brasil completa 70 anos neste dia 07 de abril com muito trabalho e dedica\u00e7\u00e3o a ra\u00e7a m\u00e3e da pecu\u00e1ria brasileira. <\/p>","protected":false},"author":2,"featured_media":4934,"comment_status":"open","ping_status":"open","sticky":false,"template":"","format":"standard","meta":{"nf_dc_page":"","_uag_custom_page_level_css":"","site-sidebar-layout":"default","site-content-layout":"","ast-site-content-layout":"default","site-content-style":"default","site-sidebar-style":"default","ast-global-header-display":"","ast-banner-title-visibility":"","ast-main-header-display":"","ast-hfb-above-header-display":"","ast-hfb-below-header-display":"","ast-hfb-mobile-header-display":"","site-post-title":"","ast-breadcrumbs-content":"","ast-featured-img":"","footer-sml-layout":"","ast-disable-related-posts":"","theme-transparent-header-meta":"","adv-header-id-meta":"","stick-header-meta":"","header-above-stick-meta":"","header-main-stick-meta":"","header-below-stick-meta":"","astra-migrate-meta-layouts":"default","ast-page-background-enabled":"default","ast-page-background-meta":{"desktop":{"background-color":"var(--ast-global-color-4)","background-image":"","background-repeat":"repeat","background-position":"center center","background-size":"auto","background-attachment":"scroll","background-type":"","background-media":"","overlay-type":"","overlay-color":"","overlay-opacity":"","overlay-gradient":""},"tablet":{"background-color":"","background-image":"","background-repeat":"repeat","background-position":"center center","background-size":"auto","background-attachment":"scroll","background-type":"","background-media":"","overlay-type":"","overlay-color":"","overlay-opacity":"","overlay-gradient":""},"mobile":{"background-color":"","background-image":"","background-repeat":"repeat","background-position":"center center","background-size":"auto","background-attachment":"scroll","background-type":"","background-media":"","overlay-type":"","overlay-color":"","overlay-opacity":"","overlay-gradient":""}},"ast-content-background-meta":{"desktop":{"background-color":"var(--ast-global-color-5)","background-image":"","background-repeat":"repeat","background-position":"center center","background-size":"auto","background-attachment":"scroll","background-type":"","background-media":"","overlay-type":"","overlay-color":"","overlay-opacity":"","overlay-gradient":""},"tablet":{"background-color":"var(--ast-global-color-5)","background-image":"","background-repeat":"repeat","background-position":"center center","background-size":"auto","background-attachment":"scroll","background-type":"","background-media":"","overlay-type":"","overlay-color":"","overlay-opacity":"","overlay-gradient":""},"mobile":{"background-color":"var(--ast-global-color-5)","background-image":"","background-repeat":"repeat","background-position":"center center","background-size":"auto","background-attachment":"scroll","background-type":"","background-media":"","overlay-type":"","overlay-color":"","overlay-opacity":"","overlay-gradient":""}},"jetpack_post_was_ever_published":false,"_jetpack_newsletter_access":"","_jetpack_dont_email_post_to_subs":false,"_jetpack_newsletter_tier_id":0,"_jetpack_memberships_contains_paywalled_content":false,"_jetpack_memberships_contains_paid_content":false,"footnotes":"","jetpack_publicize_message":"","jetpack_publicize_feature_enabled":true,"jetpack_social_post_already_shared":false,"jetpack_social_options":{"image_generator_settings":{"template":"highway","default_image_id":0,"font":"","enabled":false},"version":2}},"categories":[1],"tags":[2163,121,18,211,164,158],"class_list":["post-4933","post","type-post","status-publish","format-standard","has-post-thumbnail","hentry","category-noticia","tag-acnb","tag-bovino","tag-evento","tag-mel","tag-nelore","tag-rebanho"],"yoast_head":"<!-- This site is optimized with the Yoast SEO plugin v27.5 - https:\/\/yoast.com\/product\/yoast-seo-wordpress\/ -->\n<title>Associa\u00e7\u00e3o de Criadores de Nelore do Brasil completa 70 anos - Fazenda Boqueir\u00e3o<\/title>\n<meta name=\"description\" content=\"Associa\u00e7\u00e3o de Criadores de Nelore do Brasil completa 70 anos neste dia 07 de abril com muito trabalho e dedica\u00e7\u00e3o a ra\u00e7a m\u00e3e da pecu\u00e1ria brasileira.\" \/>\n<meta name=\"robots\" content=\"index, follow, max-snippet:-1, max-image-preview:large, max-video-preview:-1\" \/>\n<link rel=\"canonical\" href=\"https:\/\/www.fazendaboqueiraorn.com.br\/en\/associacao-de-criadores-de-nelore-do-brasil-completa-70-anos\/\" \/>\n<meta property=\"og:locale\" content=\"en_US\" \/>\n<meta property=\"og:type\" content=\"article\" \/>\n<meta property=\"og:title\" content=\"Associa\u00e7\u00e3o de Criadores de Nelore do Brasil completa 70 anos - Fazenda Boqueir\u00e3o\" \/>\n<meta property=\"og:description\" content=\"Associa\u00e7\u00e3o de Criadores de Nelore do Brasil completa 70 anos neste dia 07 de abril com muito trabalho e dedica\u00e7\u00e3o a ra\u00e7a m\u00e3e da pecu\u00e1ria brasileira.\" \/>\n<meta property=\"og:url\" content=\"https:\/\/www.fazendaboqueiraorn.com.br\/en\/associacao-de-criadores-de-nelore-do-brasil-completa-70-anos\/\" \/>\n<meta property=\"og:site_name\" content=\"Fazenda Boqueir\u00e3o\" \/>\n<meta property=\"article:publisher\" content=\"https:\/\/www.facebook.com\/fazboqueirao\" \/>\n<meta property=\"article:published_time\" content=\"2024-04-07T13:50:30+00:00\" \/>\n<meta property=\"article:modified_time\" content=\"2024-04-07T13:50:49+00:00\" \/>\n<meta property=\"og:image\" content=\"https:\/\/www.fazendaboqueiraorn.com.br\/wp-content\/uploads\/2024\/04\/nerole-70-anos-scaled.jpg\" \/>\n\t<meta property=\"og:image:width\" content=\"1000\" \/>\n\t<meta property=\"og:image:height\" content=\"682\" \/>\n\t<meta property=\"og:image:type\" content=\"image\/jpeg\" \/>\n<meta name=\"author\" content=\"Fazenda Boqueir\u00e3o\" \/>\n<meta name=\"twitter:card\" content=\"summary_large_image\" \/>\n<meta name=\"twitter:creator\" content=\"@FazBoqueirao\" \/>\n<meta name=\"twitter:site\" content=\"@FazBoqueirao\" \/>\n<meta name=\"twitter:label1\" content=\"Written by\" \/>\n\t<meta name=\"twitter:data1\" content=\"Fazenda Boqueir\u00e3o\" \/>\n\t<meta name=\"twitter:label2\" content=\"Est. reading time\" \/>\n\t<meta name=\"twitter:data2\" content=\"3 minutes\" \/>\n<script type=\"application\/ld+json\" class=\"yoast-schema-graph\">{\"@context\":\"https:\\\/\\\/schema.org\",\"@graph\":[{\"@type\":\"Article\",\"@id\":\"https:\\\/\\\/www.fazendaboqueiraorn.com.br\\\/associacao-de-criadores-de-nelore-do-brasil-completa-70-anos\\\/#article\",\"isPartOf\":{\"@id\":\"https:\\\/\\\/www.fazendaboqueiraorn.com.br\\\/associacao-de-criadores-de-nelore-do-brasil-completa-70-anos\\\/\"},\"author\":{\"name\":\"Fazenda Boqueir\u00e3o\",\"@id\":\"https:\\\/\\\/www.fazendaboqueiraorn.com.br\\\/#\\\/schema\\\/person\\\/70484dc96f76e66c6365a9f4a2ebfb02\"},\"headline\":\"Associa\u00e7\u00e3o de Criadores de Nelore do Brasil completa 70 anos\",\"datePublished\":\"2024-04-07T13:50:30+00:00\",\"dateModified\":\"2024-04-07T13:50:49+00:00\",\"mainEntityOfPage\":{\"@id\":\"https:\\\/\\\/www.fazendaboqueiraorn.com.br\\\/associacao-de-criadores-de-nelore-do-brasil-completa-70-anos\\\/\"},\"wordCount\":443,\"commentCount\":0,\"publisher\":{\"@id\":\"https:\\\/\\\/www.fazendaboqueiraorn.com.br\\\/#organization\"},\"image\":{\"@id\":\"https:\\\/\\\/www.fazendaboqueiraorn.com.br\\\/associacao-de-criadores-de-nelore-do-brasil-completa-70-anos\\\/#primaryimage\"},\"thumbnailUrl\":\"https:\\\/\\\/i0.wp.com\\\/www.fazendaboqueiraorn.com.br\\\/wp-content\\\/uploads\\\/2024\\\/04\\\/nerole-70-anos-scaled.jpg?fit=1000%2C682&ssl=1\",\"keywords\":[\"ACNB\",\"bovino\",\"evento\",\"mel\",\"Nelore\",\"rebanho\"],\"articleSection\":[\"Not\u00edcias\"],\"inLanguage\":\"en-US\",\"potentialAction\":[{\"@type\":\"CommentAction\",\"name\":\"Comment\",\"target\":[\"https:\\\/\\\/www.fazendaboqueiraorn.com.br\\\/associacao-de-criadores-de-nelore-do-brasil-completa-70-anos\\\/#respond\"]}]},{\"@type\":\"WebPage\",\"@id\":\"https:\\\/\\\/www.fazendaboqueiraorn.com.br\\\/associacao-de-criadores-de-nelore-do-brasil-completa-70-anos\\\/\",\"url\":\"https:\\\/\\\/www.fazendaboqueiraorn.com.br\\\/associacao-de-criadores-de-nelore-do-brasil-completa-70-anos\\\/\",\"name\":\"Associa\u00e7\u00e3o de Criadores de Nelore do Brasil completa 70 anos - Fazenda Boqueir\u00e3o\",\"isPartOf\":{\"@id\":\"https:\\\/\\\/www.fazendaboqueiraorn.com.br\\\/#website\"},\"primaryImageOfPage\":{\"@id\":\"https:\\\/\\\/www.fazendaboqueiraorn.com.br\\\/associacao-de-criadores-de-nelore-do-brasil-completa-70-anos\\\/#primaryimage\"},\"image\":{\"@id\":\"https:\\\/\\\/www.fazendaboqueiraorn.com.br\\\/associacao-de-criadores-de-nelore-do-brasil-completa-70-anos\\\/#primaryimage\"},\"thumbnailUrl\":\"https:\\\/\\\/i0.wp.com\\\/www.fazendaboqueiraorn.com.br\\\/wp-content\\\/uploads\\\/2024\\\/04\\\/nerole-70-anos-scaled.jpg?fit=1000%2C682&ssl=1\",\"datePublished\":\"2024-04-07T13:50:30+00:00\",\"dateModified\":\"2024-04-07T13:50:49+00:00\",\"description\":\"Associa\u00e7\u00e3o de Criadores de Nelore do Brasil completa 70 anos neste dia 07 de abril com muito trabalho e dedica\u00e7\u00e3o a ra\u00e7a m\u00e3e da pecu\u00e1ria brasileira.\",\"breadcrumb\":{\"@id\":\"https:\\\/\\\/www.fazendaboqueiraorn.com.br\\\/associacao-de-criadores-de-nelore-do-brasil-completa-70-anos\\\/#breadcrumb\"},\"inLanguage\":\"en-US\",\"potentialAction\":[{\"@type\":\"ReadAction\",\"target\":[\"https:\\\/\\\/www.fazendaboqueiraorn.com.br\\\/associacao-de-criadores-de-nelore-do-brasil-completa-70-anos\\\/\"]}]},{\"@type\":\"ImageObject\",\"inLanguage\":\"en-US\",\"@id\":\"https:\\\/\\\/www.fazendaboqueiraorn.com.br\\\/associacao-de-criadores-de-nelore-do-brasil-completa-70-anos\\\/#primaryimage\",\"url\":\"https:\\\/\\\/i0.wp.com\\\/www.fazendaboqueiraorn.com.br\\\/wp-content\\\/uploads\\\/2024\\\/04\\\/nerole-70-anos-scaled.jpg?fit=1000%2C682&ssl=1\",\"contentUrl\":\"https:\\\/\\\/i0.wp.com\\\/www.fazendaboqueiraorn.com.br\\\/wp-content\\\/uploads\\\/2024\\\/04\\\/nerole-70-anos-scaled.jpg?fit=1000%2C682&ssl=1\",\"width\":1000,\"height\":682,\"caption\":\"Associa\u00e7\u00e3o de Criadores de Nelore do Brasil completa 70 anos\"},{\"@type\":\"BreadcrumbList\",\"@id\":\"https:\\\/\\\/www.fazendaboqueiraorn.com.br\\\/associacao-de-criadores-de-nelore-do-brasil-completa-70-anos\\\/#breadcrumb\",\"itemListElement\":[{\"@type\":\"ListItem\",\"position\":1,\"name\":\"Home\",\"item\":\"https:\\\/\\\/www.fazendaboqueiraorn.com.br\\\/\"},{\"@type\":\"ListItem\",\"position\":2,\"name\":\"Associa\u00e7\u00e3o de Criadores de Nelore do Brasil completa 70 anos\"}]},{\"@type\":\"WebSite\",\"@id\":\"https:\\\/\\\/www.fazendaboqueiraorn.com.br\\\/#website\",\"url\":\"https:\\\/\\\/www.fazendaboqueiraorn.com.br\\\/\",\"name\":\"Fazenda Boqueir\u00e3o\",\"description\":\"\",\"publisher\":{\"@id\":\"https:\\\/\\\/www.fazendaboqueiraorn.com.br\\\/#organization\"},\"potentialAction\":[{\"@type\":\"SearchAction\",\"target\":{\"@type\":\"EntryPoint\",\"urlTemplate\":\"https:\\\/\\\/www.fazendaboqueiraorn.com.br\\\/?s={search_term_string}\"},\"query-input\":{\"@type\":\"PropertyValueSpecification\",\"valueRequired\":true,\"valueName\":\"search_term_string\"}}],\"inLanguage\":\"en-US\"},{\"@type\":\"Organization\",\"@id\":\"https:\\\/\\\/www.fazendaboqueiraorn.com.br\\\/#organization\",\"name\":\"Fazenda Boqueir\u00e3o\",\"url\":\"https:\\\/\\\/www.fazendaboqueiraorn.com.br\\\/\",\"logo\":{\"@type\":\"ImageObject\",\"inLanguage\":\"en-US\",\"@id\":\"https:\\\/\\\/www.fazendaboqueiraorn.com.br\\\/#\\\/schema\\\/logo\\\/image\\\/\",\"url\":\"https:\\\/\\\/i0.wp.com\\\/www.fazendaboqueiraorn.com.br\\\/wp-content\\\/uploads\\\/2021\\\/08\\\/logo-fazenda-120x120-1.png?fit=120%2C120&ssl=1\",\"contentUrl\":\"https:\\\/\\\/i0.wp.com\\\/www.fazendaboqueiraorn.com.br\\\/wp-content\\\/uploads\\\/2021\\\/08\\\/logo-fazenda-120x120-1.png?fit=120%2C120&ssl=1\",\"width\":120,\"height\":120,\"caption\":\"Fazenda Boqueir\u00e3o\"},\"image\":{\"@id\":\"https:\\\/\\\/www.fazendaboqueiraorn.com.br\\\/#\\\/schema\\\/logo\\\/image\\\/\"},\"sameAs\":[\"https:\\\/\\\/www.facebook.com\\\/fazboqueirao\",\"https:\\\/\\\/x.com\\\/FazBoqueirao\",\"http:\\\/\\\/instagram.com\\\/fazboqueirao\\\/\",\"https:\\\/\\\/www.linkedin.com\\\/company\\\/fazboqueirao\\\/\",\"https:\\\/\\\/www.youtube.com\\\/channel\\\/UCUA4_8v8HkmMeNUh8c6Ky1Q\"]},{\"@type\":\"Person\",\"@id\":\"https:\\\/\\\/www.fazendaboqueiraorn.com.br\\\/#\\\/schema\\\/person\\\/70484dc96f76e66c6365a9f4a2ebfb02\",\"name\":\"Fazenda Boqueir\u00e3o\",\"image\":{\"@type\":\"ImageObject\",\"inLanguage\":\"en-US\",\"@id\":\"https:\\\/\\\/secure.gravatar.com\\\/avatar\\\/19f19467ae305ded5d913deae2fb6c6f29fe88a0a7f3a4dca5679407289a9efd?s=96&d=mm&r=g\",\"url\":\"https:\\\/\\\/secure.gravatar.com\\\/avatar\\\/19f19467ae305ded5d913deae2fb6c6f29fe88a0a7f3a4dca5679407289a9efd?s=96&d=mm&r=g\",\"contentUrl\":\"https:\\\/\\\/secure.gravatar.com\\\/avatar\\\/19f19467ae305ded5d913deae2fb6c6f29fe88a0a7f3a4dca5679407289a9efd?s=96&d=mm&r=g\",\"caption\":\"Fazenda Boqueir\u00e3o\"},\"url\":\"https:\\\/\\\/www.fazendaboqueiraorn.com.br\\\/en\\\/author\\\/fazenda\\\/\"}]}<\/script>\n<!-- \/ Yoast SEO plugin. -->","yoast_head_json":{"title":"Associa\u00e7\u00e3o de Criadores de Nelore do Brasil completa 70 anos - Fazenda Boqueir\u00e3o","description":"Associa\u00e7\u00e3o de Criadores de Nelore do Brasil completa 70 anos neste dia 07 de abril com muito trabalho e dedica\u00e7\u00e3o a ra\u00e7a m\u00e3e da pecu\u00e1ria brasileira.","robots":{"index":"index","follow":"follow","max-snippet":"max-snippet:-1","max-image-preview":"max-image-preview:large","max-video-preview":"max-video-preview:-1"},"canonical":"https:\/\/www.fazendaboqueiraorn.com.br\/en\/associacao-de-criadores-de-nelore-do-brasil-completa-70-anos\/","og_locale":"en_US","og_type":"article","og_title":"Associa\u00e7\u00e3o de Criadores de Nelore do Brasil completa 70 anos - Fazenda Boqueir\u00e3o","og_description":"Associa\u00e7\u00e3o de Criadores de Nelore do Brasil completa 70 anos neste dia 07 de abril com muito trabalho e dedica\u00e7\u00e3o a ra\u00e7a m\u00e3e da pecu\u00e1ria brasileira.","og_url":"https:\/\/www.fazendaboqueiraorn.com.br\/en\/associacao-de-criadores-de-nelore-do-brasil-completa-70-anos\/","og_site_name":"Fazenda Boqueir\u00e3o","article_publisher":"https:\/\/www.facebook.com\/fazboqueirao","article_published_time":"2024-04-07T13:50:30+00:00","article_modified_time":"2024-04-07T13:50:49+00:00","og_image":[{"width":1000,"height":682,"url":"https:\/\/www.fazendaboqueiraorn.com.br\/wp-content\/uploads\/2024\/04\/nerole-70-anos-scaled.jpg","type":"image\/jpeg"}],"author":"Fazenda Boqueir\u00e3o","twitter_card":"summary_large_image","twitter_creator":"@FazBoqueirao","twitter_site":"@FazBoqueirao","twitter_misc":{"Written by":"Fazenda Boqueir\u00e3o","Est. reading time":"3 minutes"},"schema":{"@context":"https:\/\/schema.org","@graph":[{"@type":"Article","@id":"https:\/\/www.fazendaboqueiraorn.com.br\/associacao-de-criadores-de-nelore-do-brasil-completa-70-anos\/#article","isPartOf":{"@id":"https:\/\/www.fazendaboqueiraorn.com.br\/associacao-de-criadores-de-nelore-do-brasil-completa-70-anos\/"},"author":{"name":"Fazenda Boqueir\u00e3o","@id":"https:\/\/www.fazendaboqueiraorn.com.br\/#\/schema\/person\/70484dc96f76e66c6365a9f4a2ebfb02"},"headline":"Associa\u00e7\u00e3o de Criadores de Nelore do Brasil completa 70 anos","datePublished":"2024-04-07T13:50:30+00:00","dateModified":"2024-04-07T13:50:49+00:00","mainEntityOfPage":{"@id":"https:\/\/www.fazendaboqueiraorn.com.br\/associacao-de-criadores-de-nelore-do-brasil-completa-70-anos\/"},"wordCount":443,"commentCount":0,"publisher":{"@id":"https:\/\/www.fazendaboqueiraorn.com.br\/#organization"},"image":{"@id":"https:\/\/www.fazendaboqueiraorn.com.br\/associacao-de-criadores-de-nelore-do-brasil-completa-70-anos\/#primaryimage"},"thumbnailUrl":"https:\/\/i0.wp.com\/www.fazendaboqueiraorn.com.br\/wp-content\/uploads\/2024\/04\/nerole-70-anos-scaled.jpg?fit=1000%2C682&ssl=1","keywords":["ACNB","bovino","evento","mel","Nelore","rebanho"],"articleSection":["Not\u00edcias"],"inLanguage":"en-US","potentialAction":[{"@type":"CommentAction","name":"Comment","target":["https:\/\/www.fazendaboqueiraorn.com.br\/associacao-de-criadores-de-nelore-do-brasil-completa-70-anos\/#respond"]}]},{"@type":"WebPage","@id":"https:\/\/www.fazendaboqueiraorn.com.br\/associacao-de-criadores-de-nelore-do-brasil-completa-70-anos\/","url":"https:\/\/www.fazendaboqueiraorn.com.br\/associacao-de-criadores-de-nelore-do-brasil-completa-70-anos\/","name":"Associa\u00e7\u00e3o de Criadores de Nelore do Brasil completa 70 anos - Fazenda Boqueir\u00e3o","isPartOf":{"@id":"https:\/\/www.fazendaboqueiraorn.com.br\/#website"},"primaryImageOfPage":{"@id":"https:\/\/www.fazendaboqueiraorn.com.br\/associacao-de-criadores-de-nelore-do-brasil-completa-70-anos\/#primaryimage"},"image":{"@id":"https:\/\/www.fazendaboqueiraorn.com.br\/associacao-de-criadores-de-nelore-do-brasil-completa-70-anos\/#primaryimage"},"thumbnailUrl":"https:\/\/i0.wp.com\/www.fazendaboqueiraorn.com.br\/wp-content\/uploads\/2024\/04\/nerole-70-anos-scaled.jpg?fit=1000%2C682&ssl=1","datePublished":"2024-04-07T13:50:30+00:00","dateModified":"2024-04-07T13:50:49+00:00","description":"Associa\u00e7\u00e3o de Criadores de Nelore do Brasil completa 70 anos neste dia 07 de abril com muito trabalho e dedica\u00e7\u00e3o a ra\u00e7a m\u00e3e da pecu\u00e1ria brasileira.","breadcrumb":{"@id":"https:\/\/www.fazendaboqueiraorn.com.br\/associacao-de-criadores-de-nelore-do-brasil-completa-70-anos\/#breadcrumb"},"inLanguage":"en-US","potentialAction":[{"@type":"ReadAction","target":["https:\/\/www.fazendaboqueiraorn.com.br\/associacao-de-criadores-de-nelore-do-brasil-completa-70-anos\/"]}]},{"@type":"ImageObject","inLanguage":"en-US","@id":"https:\/\/www.fazendaboqueiraorn.com.br\/associacao-de-criadores-de-nelore-do-brasil-completa-70-anos\/#primaryimage","url":"https:\/\/i0.wp.com\/www.fazendaboqueiraorn.com.br\/wp-content\/uploads\/2024\/04\/nerole-70-anos-scaled.jpg?fit=1000%2C682&ssl=1","contentUrl":"https:\/\/i0.wp.com\/www.fazendaboqueiraorn.com.br\/wp-content\/uploads\/2024\/04\/nerole-70-anos-scaled.jpg?fit=1000%2C682&ssl=1","width":1000,"height":682,"caption":"Associa\u00e7\u00e3o de Criadores de Nelore do Brasil completa 70 anos"},{"@type":"BreadcrumbList","@id":"https:\/\/www.fazendaboqueiraorn.com.br\/associacao-de-criadores-de-nelore-do-brasil-completa-70-anos\/#breadcrumb","itemListElement":[{"@type":"ListItem","position":1,"name":"Home","item":"https:\/\/www.fazendaboqueiraorn.com.br\/"},{"@type":"ListItem","position":2,"name":"Associa\u00e7\u00e3o de Criadores de Nelore do Brasil completa 70 anos"}]},{"@type":"WebSite","@id":"https:\/\/www.fazendaboqueiraorn.com.br\/#website","url":"https:\/\/www.fazendaboqueiraorn.com.br\/","name":"Fazenda Boqueir\u00e3o","description":"","publisher":{"@id":"https:\/\/www.fazendaboqueiraorn.com.br\/#organization"},"potentialAction":[{"@type":"SearchAction","target":{"@type":"EntryPoint","urlTemplate":"https:\/\/www.fazendaboqueiraorn.com.br\/?s={search_term_string}"},"query-input":{"@type":"PropertyValueSpecification","valueRequired":true,"valueName":"search_term_string"}}],"inLanguage":"en-US"},{"@type":"Organization","@id":"https:\/\/www.fazendaboqueiraorn.com.br\/#organization","name":"Fazenda Boqueir\u00e3o","url":"https:\/\/www.fazendaboqueiraorn.com.br\/","logo":{"@type":"ImageObject","inLanguage":"en-US","@id":"https:\/\/www.fazendaboqueiraorn.com.br\/#\/schema\/logo\/image\/","url":"https:\/\/i0.wp.com\/www.fazendaboqueiraorn.com.br\/wp-content\/uploads\/2021\/08\/logo-fazenda-120x120-1.png?fit=120%2C120&ssl=1","contentUrl":"https:\/\/i0.wp.com\/www.fazendaboqueiraorn.com.br\/wp-content\/uploads\/2021\/08\/logo-fazenda-120x120-1.png?fit=120%2C120&ssl=1","width":120,"height":120,"caption":"Fazenda Boqueir\u00e3o"},"image":{"@id":"https:\/\/www.fazendaboqueiraorn.com.br\/#\/schema\/logo\/image\/"},"sameAs":["https:\/\/www.facebook.com\/fazboqueirao","https:\/\/x.com\/FazBoqueirao","http:\/\/instagram.com\/fazboqueirao\/","https:\/\/www.linkedin.com\/company\/fazboqueirao\/","https:\/\/www.youtube.com\/channel\/UCUA4_8v8HkmMeNUh8c6Ky1Q"]},{"@type":"Person","@id":"https:\/\/www.fazendaboqueiraorn.com.br\/#\/schema\/person\/70484dc96f76e66c6365a9f4a2ebfb02","name":"Fazenda Boqueir\u00e3o","image":{"@type":"ImageObject","inLanguage":"en-US","@id":"https:\/\/secure.gravatar.com\/avatar\/19f19467ae305ded5d913deae2fb6c6f29fe88a0a7f3a4dca5679407289a9efd?s=96&d=mm&r=g","url":"https:\/\/secure.gravatar.com\/avatar\/19f19467ae305ded5d913deae2fb6c6f29fe88a0a7f3a4dca5679407289a9efd?s=96&d=mm&r=g","contentUrl":"https:\/\/secure.gravatar.com\/avatar\/19f19467ae305ded5d913deae2fb6c6f29fe88a0a7f3a4dca5679407289a9efd?s=96&d=mm&r=g","caption":"Fazenda Boqueir\u00e3o"},"url":"https:\/\/www.fazendaboqueiraorn.com.br\/en\/author\/fazenda\/"}]}},"jetpack_publicize_connections":[],"uagb_featured_image_src":{"full":["https:\/\/i0.wp.com\/www.fazendaboqueiraorn.com.br\/wp-content\/uploads\/2024\/04\/nerole-70-anos-scaled.jpg?fit=1000%2C682&ssl=1",1000,682,false],"thumbnail":["https:\/\/i0.wp.com\/www.fazendaboqueiraorn.com.br\/wp-content\/uploads\/2024\/04\/nerole-70-anos-scaled.jpg?resize=150%2C150&ssl=1",150,150,true],"medium":["https:\/\/i0.wp.com\/www.fazendaboqueiraorn.com.br\/wp-content\/uploads\/2024\/04\/nerole-70-anos-scaled.jpg?fit=300%2C204&ssl=1",300,204,true],"medium_large":["https:\/\/i0.wp.com\/www.fazendaboqueiraorn.com.br\/wp-content\/uploads\/2024\/04\/nerole-70-anos-scaled.jpg?fit=768%2C524&ssl=1",768,524,true],"large":["https:\/\/i0.wp.com\/www.fazendaboqueiraorn.com.br\/wp-content\/uploads\/2024\/04\/nerole-70-anos-scaled.jpg?fit=1000%2C682&ssl=1",1000,682,true],"1536x1536":["https:\/\/i0.wp.com\/www.fazendaboqueiraorn.com.br\/wp-content\/uploads\/2024\/04\/nerole-70-anos-scaled.jpg?fit=1000%2C682&ssl=1",1000,682,true],"2048x2048":["https:\/\/i0.wp.com\/www.fazendaboqueiraorn.com.br\/wp-content\/uploads\/2024\/04\/nerole-70-anos-scaled.jpg?fit=1000%2C682&ssl=1",1000,682,true],"trp-custom-language-flag":["https:\/\/i0.wp.com\/www.fazendaboqueiraorn.com.br\/wp-content\/uploads\/2024\/04\/nerole-70-anos-scaled.jpg?fit=18%2C12&ssl=1",18,12,true],"ultp_layout_landscape_large":["https:\/\/i0.wp.com\/www.fazendaboqueiraorn.com.br\/wp-content\/uploads\/2024\/04\/nerole-70-anos-scaled.jpg?resize=1000%2C682&ssl=1",1000,682,true],"ultp_layout_landscape":["https:\/\/i0.wp.com\/www.fazendaboqueiraorn.com.br\/wp-content\/uploads\/2024\/04\/nerole-70-anos-scaled.jpg?resize=870%2C570&ssl=1",870,570,true],"ultp_layout_portrait":["https:\/\/i0.wp.com\/www.fazendaboqueiraorn.com.br\/wp-content\/uploads\/2024\/04\/nerole-70-anos-scaled.jpg?resize=600%2C682&ssl=1",600,698,true],"ultp_layout_square":["https:\/\/i0.wp.com\/www.fazendaboqueiraorn.com.br\/wp-content\/uploads\/2024\/04\/nerole-70-anos-scaled.jpg?resize=600%2C600&ssl=1",600,600,true],"woocommerce_thumbnail":["https:\/\/www.fazendaboqueiraorn.com.br\/wp-content\/uploads\/2024\/04\/nerole-70-anos-scaled-300x300.jpg",300,300,true],"woocommerce_single":["https:\/\/www.fazendaboqueiraorn.com.br\/wp-content\/uploads\/2024\/04\/nerole-70-anos-scaled.jpg",600,409,false],"woocommerce_gallery_thumbnail":["https:\/\/www.fazendaboqueiraorn.com.br\/wp-content\/uploads\/2024\/04\/nerole-70-anos-scaled-100x100.jpg",100,100,true],"web-stories-poster-portrait":["https:\/\/www.fazendaboqueiraorn.com.br\/wp-content\/uploads\/2024\/04\/nerole-70-anos-640x698.jpg",640,698,true],"web-stories-publisher-logo":["https:\/\/www.fazendaboqueiraorn.com.br\/wp-content\/uploads\/2024\/04\/nerole-70-anos-96x96.jpg",96,96,true],"web-stories-thumbnail":["https:\/\/www.fazendaboqueiraorn.com.br\/wp-content\/uploads\/2024\/04\/nerole-70-anos-150x102.jpg",150,102,true]},"uagb_author_info":{"display_name":"Fazenda Boqueir\u00e3o","author_link":"https:\/\/www.fazendaboqueiraorn.com.br\/en\/author\/fazenda\/"},"uagb_comment_info":0,"uagb_excerpt":"Associa\u00e7\u00e3o de Criadores de Nelore do Brasil completa 70 anos neste dia 07 de abril com muito trabalho e dedica\u00e7\u00e3o a ra\u00e7a m\u00e3e da pecu\u00e1ria brasileira.","jetpack_featured_media_url":"https:\/\/i0.wp.com\/www.fazendaboqueiraorn.com.br\/wp-content\/uploads\/2024\/04\/nerole-70-anos-scaled.jpg?fit=1000%2C682&ssl=1","jetpack_sharing_enabled":true,"jetpack_likes_enabled":true,"_links":{"self":[{"href":"https:\/\/www.fazendaboqueiraorn.com.br\/en\/wp-json\/wp\/v2\/posts\/4933","targetHints":{"allow":["GET"]}}],"collection":[{"href":"https:\/\/www.fazendaboqueiraorn.com.br\/en\/wp-json\/wp\/v2\/posts"}],"about":[{"href":"https:\/\/www.fazendaboqueiraorn.com.br\/en\/wp-json\/wp\/v2\/types\/post"}],"author":[{"embeddable":true,"href":"https:\/\/www.fazendaboqueiraorn.com.br\/en\/wp-json\/wp\/v2\/users\/2"}],"replies":[{"embeddable":true,"href":"https:\/\/www.fazendaboqueiraorn.com.br\/en\/wp-json\/wp\/v2\/comments?post=4933"}],"version-history":[{"count":1,"href":"https:\/\/www.fazendaboqueiraorn.com.br\/en\/wp-json\/wp\/v2\/posts\/4933\/revisions"}],"predecessor-version":[{"id":4937,"href":"https:\/\/www.fazendaboqueiraorn.com.br\/en\/wp-json\/wp\/v2\/posts\/4933\/revisions\/4937"}],"wp:featuredmedia":[{"embeddable":true,"href":"https:\/\/www.fazendaboqueiraorn.com.br\/en\/wp-json\/wp\/v2\/media\/4934"}],"wp:attachment":[{"href":"https:\/\/www.fazendaboqueiraorn.com.br\/en\/wp-json\/wp\/v2\/media?parent=4933"}],"wp:term":[{"taxonomy":"category","embeddable":true,"href":"https:\/\/www.fazendaboqueiraorn.com.br\/en\/wp-json\/wp\/v2\/categories?post=4933"},{"taxonomy":"post_tag","embeddable":true,"href":"https:\/\/www.fazendaboqueiraorn.com.br\/en\/wp-json\/wp\/v2\/tags?post=4933"}],"curies":[{"name":"wp","href":"https:\/\/api.w.org\/{rel}","templated":true}]}}