{"id":4838,"date":"2024-03-26T14:39:56","date_gmt":"2024-03-26T17:39:56","guid":{"rendered":"https:\/\/www.fazendaboqueiraorn.com.br\/?p=4838"},"modified":"2024-03-26T14:40:04","modified_gmt":"2024-03-26T17:40:04","slug":"rn-tem-maior-volume-acumulado-de-agua-para-marco-dos-ultimos-12-anos","status":"publish","type":"post","link":"https:\/\/www.fazendaboqueiraorn.com.br\/en\/rn-tem-maior-volume-acumulado-de-agua-para-marco-dos-ultimos-12-anos\/","title":{"rendered":"RN tem maior volume acumulado de \u00e1gua para mar\u00e7o dos \u00faltimos 12 anos"},"content":{"rendered":"<figure class=\"wp-block-image alignright size-medium\"><img data-recalc-dims=\"1\" decoding=\"async\" width=\"300\" height=\"161\" loading=\"lazy\" src=\"https:\/\/i0.wp.com\/www.fazendaboqueiraorn.com.br\/wp-content\/uploads\/2023\/02\/chuva-20230206.jpg?resize=300%2C161&#038;ssl=1\" alt=\"Chuva em Barcelona do dia 06\/02\/2023\" class=\"wp-image-3527\" srcset=\"https:\/\/i0.wp.com\/www.fazendaboqueiraorn.com.br\/wp-content\/uploads\/2023\/02\/chuva-20230206.jpg?resize=300%2C161&amp;ssl=1 300w, https:\/\/i0.wp.com\/www.fazendaboqueiraorn.com.br\/wp-content\/uploads\/2023\/02\/chuva-20230206.jpg?resize=600%2C322&amp;ssl=1 600w, https:\/\/i0.wp.com\/www.fazendaboqueiraorn.com.br\/wp-content\/uploads\/2023\/02\/chuva-20230206.jpg?resize=768%2C413&amp;ssl=1 768w, https:\/\/i0.wp.com\/www.fazendaboqueiraorn.com.br\/wp-content\/uploads\/2023\/02\/chuva-20230206.jpg?resize=18%2C10&amp;ssl=1 18w, https:\/\/i0.wp.com\/www.fazendaboqueiraorn.com.br\/wp-content\/uploads\/2023\/02\/chuva-20230206.jpg?w=884&amp;ssl=1 884w\" sizes=\"auto, (max-width: 300px) 100vw, 300px\" \/><\/figure>\n\n\n\n<p>O Rio Grande do Norte alcan\u00e7ou o maior volume de \u00e1gua acumulado em seus reservat\u00f3rios para o m\u00eas de mar\u00e7o dos \u00faltimos 12 anos anos. De acordo com as medi\u00e7\u00f5es mais recentes, feitas pela Ag\u00eancia Nacional de \u00c1guas (ANA), o estado tem atualmente 55,32% de volume acumulado em seus a\u00e7udes e barragens. A \u00faltima vez que o estado passou os 50% de ac\u00famulo foi em 2012, quando registrou o percentual de 75,71%.<\/p>\n\n\n\n<p>Em 2024, o volume total das barragens e reservat\u00f3rios no Rio Grande do Norte \u00e9 de 4.494 bilh\u00f5es de m\u00b3. Em 2012, sem as informa\u00e7\u00f5es dessas barragens, o volume anotado era de 3,010 bilh\u00f5es de m\u00b3. Ou seja: 1,484 bilh\u00e3o de m\u00b3 a menos.<\/p>\n\n\n\n<p>Em mar\u00e7o de 2013, quando as informa\u00e7\u00f5es dessas barragens foram contabilizadas, o percentual atingido de volume acumulado foi de 43,6%. Depois daquele ano, por quase 10 anos, o Rio Grande do Norte viu seus reservat\u00f3rios perderem volume acumulado.<\/p>\n\n\n\n<p>O menor valor para um m\u00eas de mar\u00e7o foi em 2018, quando o volume total acumulado em seus reservat\u00f3rios foi de 11,54%. Depois daquele ano, os reservat\u00f3rios come\u00e7aram a apresentar recupera\u00e7\u00e3o e v\u00eam, aos poucos, conseguindo elevar a quantidade de \u00e1gua.<\/p>\n\n\n\n<p>Em mar\u00e7o de 2019, os reservat\u00f3rios alcan\u00e7aram 21,95% (10 pontos a mais); em 2020, mais 7 pontos percentuais; e em 2022, mais 11. Em 2023, no m\u00eas de mar\u00e7o, o Rio Grande do Norte alcan\u00e7ou os 45,44% de volume acumulado. E agora, de um ano para o outro, conseguiu avan\u00e7ar mais 10 pontos percentuais, atingindo os 55,32%.<\/p>\n\n\n\n<p>Em 2024, o RN j\u00e1 iniciou o ano acima dos 50% de volume acumulado, registrando 50,26%. Em fevereiro houve uma queda e o total foi de 48,32%. Agora em mar\u00e7o, houve recupera\u00e7\u00e3o e crescimento de 7 pontos percentuais.<br>Caso a tend\u00eancia de ac\u00famulo de \u00e1gua se mantenha, o RN poder\u00e1 em abril atingir e at\u00e9 superar a marca dos 60% de volume acumulado em seus reservat\u00f3rios. Mas ano passado o pulo de um m\u00eas para o outro foi maior: em mar\u00e7o de 2023, o percentual estava em 45,44%. Em abril, o volume chegou a 62,09%.<\/p>\n\n\n\n<p>Nesse percentual, os reservat\u00f3rios come\u00e7am a sangrar e geram o chamado \u201cespet\u00e1culo das \u00e1guas\u201d. Ano passado, quando o RN atingiu esse percentual de \u00e1gua acumulada, a barragem Umari havia alcan\u00e7ado os 100% da sua capacidade e sangrou. Isso n\u00e3o acontecia desde 2009.<\/p>","protected":false},"excerpt":{"rendered":"<p>O Rio Grande do Norte alcan\u00e7ou o maior volume de \u00e1gua acumulado em seus reservat\u00f3rios para o m\u00eas de mar\u00e7o dos \u00faltimos 12 anos anos. <\/p>","protected":false},"author":2,"featured_media":3527,"comment_status":"open","ping_status":"open","sticky":false,"template":"","format":"standard","meta":{"nf_dc_page":"","_uag_custom_page_level_css":"","site-sidebar-layout":"default","site-content-layout":"","ast-site-content-layout":"default","site-content-style":"default","site-sidebar-style":"default","ast-global-header-display":"","ast-banner-title-visibility":"","ast-main-header-display":"","ast-hfb-above-header-display":"","ast-hfb-below-header-display":"","ast-hfb-mobile-header-display":"","site-post-title":"","ast-breadcrumbs-content":"","ast-featured-img":"","footer-sml-layout":"","ast-disable-related-posts":"","theme-transparent-header-meta":"","adv-header-id-meta":"","stick-header-meta":"","header-above-stick-meta":"","header-main-stick-meta":"","header-below-stick-meta":"","astra-migrate-meta-layouts":"default","ast-page-background-enabled":"default","ast-page-background-meta":{"desktop":{"background-color":"var(--ast-global-color-4)","background-image":"","background-repeat":"repeat","background-position":"center center","background-size":"auto","background-attachment":"scroll","background-type":"","background-media":"","overlay-type":"","overlay-color":"","overlay-opacity":"","overlay-gradient":""},"tablet":{"background-color":"","background-image":"","background-repeat":"repeat","background-position":"center center","background-size":"auto","background-attachment":"scroll","background-type":"","background-media":"","overlay-type":"","overlay-color":"","overlay-opacity":"","overlay-gradient":""},"mobile":{"background-color":"","background-image":"","background-repeat":"repeat","background-position":"center center","background-size":"auto","background-attachment":"scroll","background-type":"","background-media":"","overlay-type":"","overlay-color":"","overlay-opacity":"","overlay-gradient":""}},"ast-content-background-meta":{"desktop":{"background-color":"var(--ast-global-color-5)","background-image":"","background-repeat":"repeat","background-position":"center center","background-size":"auto","background-attachment":"scroll","background-type":"","background-media":"","overlay-type":"","overlay-color":"","overlay-opacity":"","overlay-gradient":""},"tablet":{"background-color":"var(--ast-global-color-5)","background-image":"","background-repeat":"repeat","background-position":"center center","background-size":"auto","background-attachment":"scroll","background-type":"","background-media":"","overlay-type":"","overlay-color":"","overlay-opacity":"","overlay-gradient":""},"mobile":{"background-color":"var(--ast-global-color-5)","background-image":"","background-repeat":"repeat","background-position":"center center","background-size":"auto","background-attachment":"scroll","background-type":"","background-media":"","overlay-type":"","overlay-color":"","overlay-opacity":"","overlay-gradient":""}},"jetpack_post_was_ever_published":false,"_jetpack_newsletter_access":"","_jetpack_dont_email_post_to_subs":false,"_jetpack_newsletter_tier_id":0,"_jetpack_memberships_contains_paywalled_content":false,"_jetpack_memberships_contains_paid_content":false,"footnotes":"","jetpack_publicize_message":"","jetpack_publicize_feature_enabled":false,"jetpack_social_post_already_shared":false,"jetpack_social_options":{"image_generator_settings":{"template":"highway","default_image_id":0,"font":"","enabled":false},"version":2}},"categories":[1],"tags":[21,38,1927,1568,212,8,51],"class_list":["post-4838","post","type-post","status-publish","format-standard","has-post-thumbnail","hentry","category-noticia","tag-21","tag-barragem","tag-chuvas","tag-precipitacao","tag-racao","tag-reservatorio","tag-rio-grande-do-norte"],"yoast_head":"<!-- This site is optimized with the Yoast SEO plugin v27.4 - https:\/\/yoast.com\/product\/yoast-seo-wordpress\/ -->\n<title>RN tem maior volume acumulado de \u00e1gua para mar\u00e7o dos \u00faltimos 12 anos - Fazenda Boqueir\u00e3o<\/title>\n<meta name=\"description\" content=\"O Rio Grande do Norte alcan\u00e7ou o maior volume de \u00e1gua acumulado em seus reservat\u00f3rios para o m\u00eas de mar\u00e7o dos \u00faltimos 12 anos anos.\" \/>\n<meta name=\"robots\" content=\"index, follow, max-snippet:-1, max-image-preview:large, max-video-preview:-1\" \/>\n<link rel=\"canonical\" href=\"https:\/\/www.fazendaboqueiraorn.com.br\/en\/rn-tem-maior-volume-acumulado-de-agua-para-marco-dos-ultimos-12-anos\/\" \/>\n<meta property=\"og:locale\" content=\"en_US\" \/>\n<meta property=\"og:type\" content=\"article\" \/>\n<meta property=\"og:title\" content=\"RN tem maior volume acumulado de \u00e1gua para mar\u00e7o dos \u00faltimos 12 anos - Fazenda Boqueir\u00e3o\" \/>\n<meta property=\"og:description\" content=\"O Rio Grande do Norte alcan\u00e7ou o maior volume de \u00e1gua acumulado em seus reservat\u00f3rios para o m\u00eas de mar\u00e7o dos \u00faltimos 12 anos anos.\" \/>\n<meta property=\"og:url\" content=\"https:\/\/www.fazendaboqueiraorn.com.br\/en\/rn-tem-maior-volume-acumulado-de-agua-para-marco-dos-ultimos-12-anos\/\" \/>\n<meta property=\"og:site_name\" content=\"Fazenda Boqueir\u00e3o\" \/>\n<meta property=\"article:publisher\" content=\"https:\/\/www.facebook.com\/fazboqueirao\" \/>\n<meta property=\"article:published_time\" content=\"2024-03-26T17:39:56+00:00\" \/>\n<meta property=\"article:modified_time\" content=\"2024-03-26T17:40:04+00:00\" \/>\n<meta property=\"og:image\" content=\"https:\/\/www.fazendaboqueiraorn.com.br\/wp-content\/uploads\/2023\/02\/chuva-20230206.jpg\" \/>\n\t<meta property=\"og:image:width\" content=\"884\" \/>\n\t<meta property=\"og:image:height\" content=\"475\" \/>\n\t<meta property=\"og:image:type\" content=\"image\/jpeg\" \/>\n<meta name=\"author\" content=\"Fazenda Boqueir\u00e3o\" \/>\n<meta name=\"twitter:card\" content=\"summary_large_image\" \/>\n<meta name=\"twitter:creator\" content=\"@FazBoqueirao\" \/>\n<meta name=\"twitter:site\" content=\"@FazBoqueirao\" \/>\n<meta name=\"twitter:label1\" content=\"Written by\" \/>\n\t<meta name=\"twitter:data1\" content=\"Fazenda Boqueir\u00e3o\" \/>\n\t<meta name=\"twitter:label2\" content=\"Est. reading time\" \/>\n\t<meta name=\"twitter:data2\" content=\"3 minutes\" \/>\n<script type=\"application\/ld+json\" class=\"yoast-schema-graph\">{\"@context\":\"https:\\\/\\\/schema.org\",\"@graph\":[{\"@type\":\"Article\",\"@id\":\"https:\\\/\\\/www.fazendaboqueiraorn.com.br\\\/rn-tem-maior-volume-acumulado-de-agua-para-marco-dos-ultimos-12-anos\\\/#article\",\"isPartOf\":{\"@id\":\"https:\\\/\\\/www.fazendaboqueiraorn.com.br\\\/rn-tem-maior-volume-acumulado-de-agua-para-marco-dos-ultimos-12-anos\\\/\"},\"author\":{\"name\":\"Fazenda Boqueir\u00e3o\",\"@id\":\"https:\\\/\\\/www.fazendaboqueiraorn.com.br\\\/#\\\/schema\\\/person\\\/70484dc96f76e66c6365a9f4a2ebfb02\"},\"headline\":\"RN tem maior volume acumulado de \u00e1gua para mar\u00e7o dos \u00faltimos 12 anos\",\"datePublished\":\"2024-03-26T17:39:56+00:00\",\"dateModified\":\"2024-03-26T17:40:04+00:00\",\"mainEntityOfPage\":{\"@id\":\"https:\\\/\\\/www.fazendaboqueiraorn.com.br\\\/rn-tem-maior-volume-acumulado-de-agua-para-marco-dos-ultimos-12-anos\\\/\"},\"wordCount\":406,\"commentCount\":0,\"publisher\":{\"@id\":\"https:\\\/\\\/www.fazendaboqueiraorn.com.br\\\/#organization\"},\"image\":{\"@id\":\"https:\\\/\\\/www.fazendaboqueiraorn.com.br\\\/rn-tem-maior-volume-acumulado-de-agua-para-marco-dos-ultimos-12-anos\\\/#primaryimage\"},\"thumbnailUrl\":\"https:\\\/\\\/i0.wp.com\\\/www.fazendaboqueiraorn.com.br\\\/wp-content\\\/uploads\\\/2023\\\/02\\\/chuva-20230206.jpg?fit=884%2C475&ssl=1\",\"keywords\":[\"2022\",\"barragem\",\"chuvas\",\"precipita\u00e7\u00e3o\",\"ra\u00e7\u00e3o\",\"reservat\u00f3rio\",\"Rio Grande do Norte\"],\"articleSection\":[\"Not\u00edcias\"],\"inLanguage\":\"en-US\",\"potentialAction\":[{\"@type\":\"CommentAction\",\"name\":\"Comment\",\"target\":[\"https:\\\/\\\/www.fazendaboqueiraorn.com.br\\\/rn-tem-maior-volume-acumulado-de-agua-para-marco-dos-ultimos-12-anos\\\/#respond\"]}]},{\"@type\":\"WebPage\",\"@id\":\"https:\\\/\\\/www.fazendaboqueiraorn.com.br\\\/rn-tem-maior-volume-acumulado-de-agua-para-marco-dos-ultimos-12-anos\\\/\",\"url\":\"https:\\\/\\\/www.fazendaboqueiraorn.com.br\\\/rn-tem-maior-volume-acumulado-de-agua-para-marco-dos-ultimos-12-anos\\\/\",\"name\":\"RN tem maior volume acumulado de \u00e1gua para mar\u00e7o dos \u00faltimos 12 anos - Fazenda Boqueir\u00e3o\",\"isPartOf\":{\"@id\":\"https:\\\/\\\/www.fazendaboqueiraorn.com.br\\\/#website\"},\"primaryImageOfPage\":{\"@id\":\"https:\\\/\\\/www.fazendaboqueiraorn.com.br\\\/rn-tem-maior-volume-acumulado-de-agua-para-marco-dos-ultimos-12-anos\\\/#primaryimage\"},\"image\":{\"@id\":\"https:\\\/\\\/www.fazendaboqueiraorn.com.br\\\/rn-tem-maior-volume-acumulado-de-agua-para-marco-dos-ultimos-12-anos\\\/#primaryimage\"},\"thumbnailUrl\":\"https:\\\/\\\/i0.wp.com\\\/www.fazendaboqueiraorn.com.br\\\/wp-content\\\/uploads\\\/2023\\\/02\\\/chuva-20230206.jpg?fit=884%2C475&ssl=1\",\"datePublished\":\"2024-03-26T17:39:56+00:00\",\"dateModified\":\"2024-03-26T17:40:04+00:00\",\"description\":\"O Rio Grande do Norte alcan\u00e7ou o maior volume de \u00e1gua acumulado em seus reservat\u00f3rios para o m\u00eas de mar\u00e7o dos \u00faltimos 12 anos anos.\",\"breadcrumb\":{\"@id\":\"https:\\\/\\\/www.fazendaboqueiraorn.com.br\\\/rn-tem-maior-volume-acumulado-de-agua-para-marco-dos-ultimos-12-anos\\\/#breadcrumb\"},\"inLanguage\":\"en-US\",\"potentialAction\":[{\"@type\":\"ReadAction\",\"target\":[\"https:\\\/\\\/www.fazendaboqueiraorn.com.br\\\/rn-tem-maior-volume-acumulado-de-agua-para-marco-dos-ultimos-12-anos\\\/\"]}]},{\"@type\":\"ImageObject\",\"inLanguage\":\"en-US\",\"@id\":\"https:\\\/\\\/www.fazendaboqueiraorn.com.br\\\/rn-tem-maior-volume-acumulado-de-agua-para-marco-dos-ultimos-12-anos\\\/#primaryimage\",\"url\":\"https:\\\/\\\/i0.wp.com\\\/www.fazendaboqueiraorn.com.br\\\/wp-content\\\/uploads\\\/2023\\\/02\\\/chuva-20230206.jpg?fit=884%2C475&ssl=1\",\"contentUrl\":\"https:\\\/\\\/i0.wp.com\\\/www.fazendaboqueiraorn.com.br\\\/wp-content\\\/uploads\\\/2023\\\/02\\\/chuva-20230206.jpg?fit=884%2C475&ssl=1\",\"width\":884,\"height\":475,\"caption\":\"Chuva em Barcelona do dia 06\\\/02\\\/2023\"},{\"@type\":\"BreadcrumbList\",\"@id\":\"https:\\\/\\\/www.fazendaboqueiraorn.com.br\\\/rn-tem-maior-volume-acumulado-de-agua-para-marco-dos-ultimos-12-anos\\\/#breadcrumb\",\"itemListElement\":[{\"@type\":\"ListItem\",\"position\":1,\"name\":\"Home\",\"item\":\"https:\\\/\\\/www.fazendaboqueiraorn.com.br\\\/\"},{\"@type\":\"ListItem\",\"position\":2,\"name\":\"RN tem maior volume acumulado de \u00e1gua para mar\u00e7o dos \u00faltimos 12 anos\"}]},{\"@type\":\"WebSite\",\"@id\":\"https:\\\/\\\/www.fazendaboqueiraorn.com.br\\\/#website\",\"url\":\"https:\\\/\\\/www.fazendaboqueiraorn.com.br\\\/\",\"name\":\"Fazenda Boqueir\u00e3o\",\"description\":\"\",\"publisher\":{\"@id\":\"https:\\\/\\\/www.fazendaboqueiraorn.com.br\\\/#organization\"},\"potentialAction\":[{\"@type\":\"SearchAction\",\"target\":{\"@type\":\"EntryPoint\",\"urlTemplate\":\"https:\\\/\\\/www.fazendaboqueiraorn.com.br\\\/?s={search_term_string}\"},\"query-input\":{\"@type\":\"PropertyValueSpecification\",\"valueRequired\":true,\"valueName\":\"search_term_string\"}}],\"inLanguage\":\"en-US\"},{\"@type\":\"Organization\",\"@id\":\"https:\\\/\\\/www.fazendaboqueiraorn.com.br\\\/#organization\",\"name\":\"Fazenda Boqueir\u00e3o\",\"url\":\"https:\\\/\\\/www.fazendaboqueiraorn.com.br\\\/\",\"logo\":{\"@type\":\"ImageObject\",\"inLanguage\":\"en-US\",\"@id\":\"https:\\\/\\\/www.fazendaboqueiraorn.com.br\\\/#\\\/schema\\\/logo\\\/image\\\/\",\"url\":\"https:\\\/\\\/i0.wp.com\\\/www.fazendaboqueiraorn.com.br\\\/wp-content\\\/uploads\\\/2021\\\/08\\\/logo-fazenda-120x120-1.png?fit=120%2C120&ssl=1\",\"contentUrl\":\"https:\\\/\\\/i0.wp.com\\\/www.fazendaboqueiraorn.com.br\\\/wp-content\\\/uploads\\\/2021\\\/08\\\/logo-fazenda-120x120-1.png?fit=120%2C120&ssl=1\",\"width\":120,\"height\":120,\"caption\":\"Fazenda Boqueir\u00e3o\"},\"image\":{\"@id\":\"https:\\\/\\\/www.fazendaboqueiraorn.com.br\\\/#\\\/schema\\\/logo\\\/image\\\/\"},\"sameAs\":[\"https:\\\/\\\/www.facebook.com\\\/fazboqueirao\",\"https:\\\/\\\/x.com\\\/FazBoqueirao\",\"http:\\\/\\\/instagram.com\\\/fazboqueirao\\\/\",\"https:\\\/\\\/www.linkedin.com\\\/company\\\/fazboqueirao\\\/\",\"https:\\\/\\\/www.youtube.com\\\/channel\\\/UCUA4_8v8HkmMeNUh8c6Ky1Q\"]},{\"@type\":\"Person\",\"@id\":\"https:\\\/\\\/www.fazendaboqueiraorn.com.br\\\/#\\\/schema\\\/person\\\/70484dc96f76e66c6365a9f4a2ebfb02\",\"name\":\"Fazenda Boqueir\u00e3o\",\"image\":{\"@type\":\"ImageObject\",\"inLanguage\":\"en-US\",\"@id\":\"https:\\\/\\\/secure.gravatar.com\\\/avatar\\\/19f19467ae305ded5d913deae2fb6c6f29fe88a0a7f3a4dca5679407289a9efd?s=96&d=mm&r=g\",\"url\":\"https:\\\/\\\/secure.gravatar.com\\\/avatar\\\/19f19467ae305ded5d913deae2fb6c6f29fe88a0a7f3a4dca5679407289a9efd?s=96&d=mm&r=g\",\"contentUrl\":\"https:\\\/\\\/secure.gravatar.com\\\/avatar\\\/19f19467ae305ded5d913deae2fb6c6f29fe88a0a7f3a4dca5679407289a9efd?s=96&d=mm&r=g\",\"caption\":\"Fazenda Boqueir\u00e3o\"},\"url\":\"https:\\\/\\\/www.fazendaboqueiraorn.com.br\\\/en\\\/author\\\/fazenda\\\/\"}]}<\/script>\n<!-- \/ Yoast SEO plugin. -->","yoast_head_json":{"title":"RN tem maior volume acumulado de \u00e1gua para mar\u00e7o dos \u00faltimos 12 anos - Fazenda Boqueir\u00e3o","description":"O Rio Grande do Norte alcan\u00e7ou o maior volume de \u00e1gua acumulado em seus reservat\u00f3rios para o m\u00eas de mar\u00e7o dos \u00faltimos 12 anos anos.","robots":{"index":"index","follow":"follow","max-snippet":"max-snippet:-1","max-image-preview":"max-image-preview:large","max-video-preview":"max-video-preview:-1"},"canonical":"https:\/\/www.fazendaboqueiraorn.com.br\/en\/rn-tem-maior-volume-acumulado-de-agua-para-marco-dos-ultimos-12-anos\/","og_locale":"en_US","og_type":"article","og_title":"RN tem maior volume acumulado de \u00e1gua para mar\u00e7o dos \u00faltimos 12 anos - Fazenda Boqueir\u00e3o","og_description":"O Rio Grande do Norte alcan\u00e7ou o maior volume de \u00e1gua acumulado em seus reservat\u00f3rios para o m\u00eas de mar\u00e7o dos \u00faltimos 12 anos anos.","og_url":"https:\/\/www.fazendaboqueiraorn.com.br\/en\/rn-tem-maior-volume-acumulado-de-agua-para-marco-dos-ultimos-12-anos\/","og_site_name":"Fazenda Boqueir\u00e3o","article_publisher":"https:\/\/www.facebook.com\/fazboqueirao","article_published_time":"2024-03-26T17:39:56+00:00","article_modified_time":"2024-03-26T17:40:04+00:00","og_image":[{"width":884,"height":475,"url":"https:\/\/www.fazendaboqueiraorn.com.br\/wp-content\/uploads\/2023\/02\/chuva-20230206.jpg","type":"image\/jpeg"}],"author":"Fazenda Boqueir\u00e3o","twitter_card":"summary_large_image","twitter_creator":"@FazBoqueirao","twitter_site":"@FazBoqueirao","twitter_misc":{"Written by":"Fazenda Boqueir\u00e3o","Est. reading time":"3 minutes"},"schema":{"@context":"https:\/\/schema.org","@graph":[{"@type":"Article","@id":"https:\/\/www.fazendaboqueiraorn.com.br\/rn-tem-maior-volume-acumulado-de-agua-para-marco-dos-ultimos-12-anos\/#article","isPartOf":{"@id":"https:\/\/www.fazendaboqueiraorn.com.br\/rn-tem-maior-volume-acumulado-de-agua-para-marco-dos-ultimos-12-anos\/"},"author":{"name":"Fazenda Boqueir\u00e3o","@id":"https:\/\/www.fazendaboqueiraorn.com.br\/#\/schema\/person\/70484dc96f76e66c6365a9f4a2ebfb02"},"headline":"RN tem maior volume acumulado de \u00e1gua para mar\u00e7o dos \u00faltimos 12 anos","datePublished":"2024-03-26T17:39:56+00:00","dateModified":"2024-03-26T17:40:04+00:00","mainEntityOfPage":{"@id":"https:\/\/www.fazendaboqueiraorn.com.br\/rn-tem-maior-volume-acumulado-de-agua-para-marco-dos-ultimos-12-anos\/"},"wordCount":406,"commentCount":0,"publisher":{"@id":"https:\/\/www.fazendaboqueiraorn.com.br\/#organization"},"image":{"@id":"https:\/\/www.fazendaboqueiraorn.com.br\/rn-tem-maior-volume-acumulado-de-agua-para-marco-dos-ultimos-12-anos\/#primaryimage"},"thumbnailUrl":"https:\/\/i0.wp.com\/www.fazendaboqueiraorn.com.br\/wp-content\/uploads\/2023\/02\/chuva-20230206.jpg?fit=884%2C475&ssl=1","keywords":["2022","barragem","chuvas","precipita\u00e7\u00e3o","ra\u00e7\u00e3o","reservat\u00f3rio","Rio Grande do Norte"],"articleSection":["Not\u00edcias"],"inLanguage":"en-US","potentialAction":[{"@type":"CommentAction","name":"Comment","target":["https:\/\/www.fazendaboqueiraorn.com.br\/rn-tem-maior-volume-acumulado-de-agua-para-marco-dos-ultimos-12-anos\/#respond"]}]},{"@type":"WebPage","@id":"https:\/\/www.fazendaboqueiraorn.com.br\/rn-tem-maior-volume-acumulado-de-agua-para-marco-dos-ultimos-12-anos\/","url":"https:\/\/www.fazendaboqueiraorn.com.br\/rn-tem-maior-volume-acumulado-de-agua-para-marco-dos-ultimos-12-anos\/","name":"RN tem maior volume acumulado de \u00e1gua para mar\u00e7o dos \u00faltimos 12 anos - Fazenda Boqueir\u00e3o","isPartOf":{"@id":"https:\/\/www.fazendaboqueiraorn.com.br\/#website"},"primaryImageOfPage":{"@id":"https:\/\/www.fazendaboqueiraorn.com.br\/rn-tem-maior-volume-acumulado-de-agua-para-marco-dos-ultimos-12-anos\/#primaryimage"},"image":{"@id":"https:\/\/www.fazendaboqueiraorn.com.br\/rn-tem-maior-volume-acumulado-de-agua-para-marco-dos-ultimos-12-anos\/#primaryimage"},"thumbnailUrl":"https:\/\/i0.wp.com\/www.fazendaboqueiraorn.com.br\/wp-content\/uploads\/2023\/02\/chuva-20230206.jpg?fit=884%2C475&ssl=1","datePublished":"2024-03-26T17:39:56+00:00","dateModified":"2024-03-26T17:40:04+00:00","description":"O Rio Grande do Norte alcan\u00e7ou o maior volume de \u00e1gua acumulado em seus reservat\u00f3rios para o m\u00eas de mar\u00e7o dos \u00faltimos 12 anos anos.","breadcrumb":{"@id":"https:\/\/www.fazendaboqueiraorn.com.br\/rn-tem-maior-volume-acumulado-de-agua-para-marco-dos-ultimos-12-anos\/#breadcrumb"},"inLanguage":"en-US","potentialAction":[{"@type":"ReadAction","target":["https:\/\/www.fazendaboqueiraorn.com.br\/rn-tem-maior-volume-acumulado-de-agua-para-marco-dos-ultimos-12-anos\/"]}]},{"@type":"ImageObject","inLanguage":"en-US","@id":"https:\/\/www.fazendaboqueiraorn.com.br\/rn-tem-maior-volume-acumulado-de-agua-para-marco-dos-ultimos-12-anos\/#primaryimage","url":"https:\/\/i0.wp.com\/www.fazendaboqueiraorn.com.br\/wp-content\/uploads\/2023\/02\/chuva-20230206.jpg?fit=884%2C475&ssl=1","contentUrl":"https:\/\/i0.wp.com\/www.fazendaboqueiraorn.com.br\/wp-content\/uploads\/2023\/02\/chuva-20230206.jpg?fit=884%2C475&ssl=1","width":884,"height":475,"caption":"Chuva em Barcelona do dia 06\/02\/2023"},{"@type":"BreadcrumbList","@id":"https:\/\/www.fazendaboqueiraorn.com.br\/rn-tem-maior-volume-acumulado-de-agua-para-marco-dos-ultimos-12-anos\/#breadcrumb","itemListElement":[{"@type":"ListItem","position":1,"name":"Home","item":"https:\/\/www.fazendaboqueiraorn.com.br\/"},{"@type":"ListItem","position":2,"name":"RN tem maior volume acumulado de \u00e1gua para mar\u00e7o dos \u00faltimos 12 anos"}]},{"@type":"WebSite","@id":"https:\/\/www.fazendaboqueiraorn.com.br\/#website","url":"https:\/\/www.fazendaboqueiraorn.com.br\/","name":"Fazenda Boqueir\u00e3o","description":"","publisher":{"@id":"https:\/\/www.fazendaboqueiraorn.com.br\/#organization"},"potentialAction":[{"@type":"SearchAction","target":{"@type":"EntryPoint","urlTemplate":"https:\/\/www.fazendaboqueiraorn.com.br\/?s={search_term_string}"},"query-input":{"@type":"PropertyValueSpecification","valueRequired":true,"valueName":"search_term_string"}}],"inLanguage":"en-US"},{"@type":"Organization","@id":"https:\/\/www.fazendaboqueiraorn.com.br\/#organization","name":"Fazenda Boqueir\u00e3o","url":"https:\/\/www.fazendaboqueiraorn.com.br\/","logo":{"@type":"ImageObject","inLanguage":"en-US","@id":"https:\/\/www.fazendaboqueiraorn.com.br\/#\/schema\/logo\/image\/","url":"https:\/\/i0.wp.com\/www.fazendaboqueiraorn.com.br\/wp-content\/uploads\/2021\/08\/logo-fazenda-120x120-1.png?fit=120%2C120&ssl=1","contentUrl":"https:\/\/i0.wp.com\/www.fazendaboqueiraorn.com.br\/wp-content\/uploads\/2021\/08\/logo-fazenda-120x120-1.png?fit=120%2C120&ssl=1","width":120,"height":120,"caption":"Fazenda Boqueir\u00e3o"},"image":{"@id":"https:\/\/www.fazendaboqueiraorn.com.br\/#\/schema\/logo\/image\/"},"sameAs":["https:\/\/www.facebook.com\/fazboqueirao","https:\/\/x.com\/FazBoqueirao","http:\/\/instagram.com\/fazboqueirao\/","https:\/\/www.linkedin.com\/company\/fazboqueirao\/","https:\/\/www.youtube.com\/channel\/UCUA4_8v8HkmMeNUh8c6Ky1Q"]},{"@type":"Person","@id":"https:\/\/www.fazendaboqueiraorn.com.br\/#\/schema\/person\/70484dc96f76e66c6365a9f4a2ebfb02","name":"Fazenda Boqueir\u00e3o","image":{"@type":"ImageObject","inLanguage":"en-US","@id":"https:\/\/secure.gravatar.com\/avatar\/19f19467ae305ded5d913deae2fb6c6f29fe88a0a7f3a4dca5679407289a9efd?s=96&d=mm&r=g","url":"https:\/\/secure.gravatar.com\/avatar\/19f19467ae305ded5d913deae2fb6c6f29fe88a0a7f3a4dca5679407289a9efd?s=96&d=mm&r=g","contentUrl":"https:\/\/secure.gravatar.com\/avatar\/19f19467ae305ded5d913deae2fb6c6f29fe88a0a7f3a4dca5679407289a9efd?s=96&d=mm&r=g","caption":"Fazenda Boqueir\u00e3o"},"url":"https:\/\/www.fazendaboqueiraorn.com.br\/en\/author\/fazenda\/"}]}},"jetpack_publicize_connections":[],"uagb_featured_image_src":{"full":["https:\/\/i0.wp.com\/www.fazendaboqueiraorn.com.br\/wp-content\/uploads\/2023\/02\/chuva-20230206.jpg?fit=884%2C475&ssl=1",884,475,false],"thumbnail":["https:\/\/i0.wp.com\/www.fazendaboqueiraorn.com.br\/wp-content\/uploads\/2023\/02\/chuva-20230206.jpg?resize=150%2C150&ssl=1",150,150,true],"medium":["https:\/\/i0.wp.com\/www.fazendaboqueiraorn.com.br\/wp-content\/uploads\/2023\/02\/chuva-20230206.jpg?fit=300%2C161&ssl=1",300,161,true],"medium_large":["https:\/\/i0.wp.com\/www.fazendaboqueiraorn.com.br\/wp-content\/uploads\/2023\/02\/chuva-20230206.jpg?fit=768%2C413&ssl=1",768,413,true],"large":["https:\/\/i0.wp.com\/www.fazendaboqueiraorn.com.br\/wp-content\/uploads\/2023\/02\/chuva-20230206.jpg?fit=884%2C475&ssl=1",884,475,true],"1536x1536":["https:\/\/i0.wp.com\/www.fazendaboqueiraorn.com.br\/wp-content\/uploads\/2023\/02\/chuva-20230206.jpg?fit=884%2C475&ssl=1",884,475,true],"2048x2048":["https:\/\/i0.wp.com\/www.fazendaboqueiraorn.com.br\/wp-content\/uploads\/2023\/02\/chuva-20230206.jpg?fit=884%2C475&ssl=1",884,475,true],"trp-custom-language-flag":["https:\/\/i0.wp.com\/www.fazendaboqueiraorn.com.br\/wp-content\/uploads\/2023\/02\/chuva-20230206.jpg?fit=18%2C10&ssl=1",18,10,true],"ultp_layout_landscape_large":["https:\/\/i0.wp.com\/www.fazendaboqueiraorn.com.br\/wp-content\/uploads\/2023\/02\/chuva-20230206.jpg?resize=884%2C475&ssl=1",884,475,true],"ultp_layout_landscape":["https:\/\/i0.wp.com\/www.fazendaboqueiraorn.com.br\/wp-content\/uploads\/2023\/02\/chuva-20230206.jpg?resize=870%2C475&ssl=1",870,475,true],"ultp_layout_portrait":["https:\/\/i0.wp.com\/www.fazendaboqueiraorn.com.br\/wp-content\/uploads\/2023\/02\/chuva-20230206.jpg?resize=600%2C475&ssl=1",600,475,true],"ultp_layout_square":["https:\/\/i0.wp.com\/www.fazendaboqueiraorn.com.br\/wp-content\/uploads\/2023\/02\/chuva-20230206.jpg?resize=600%2C475&ssl=1",600,475,true],"woocommerce_thumbnail":["https:\/\/www.fazendaboqueiraorn.com.br\/wp-content\/uploads\/2023\/02\/chuva-20230206-300x300.jpg",300,300,true],"woocommerce_single":["https:\/\/www.fazendaboqueiraorn.com.br\/wp-content\/uploads\/2023\/02\/chuva-20230206.jpg",600,322,false],"woocommerce_gallery_thumbnail":["https:\/\/www.fazendaboqueiraorn.com.br\/wp-content\/uploads\/2023\/02\/chuva-20230206-100x100.jpg",100,100,true],"web-stories-poster-portrait":["https:\/\/www.fazendaboqueiraorn.com.br\/wp-content\/uploads\/2023\/02\/chuva-20230206.jpg",640,344,false],"web-stories-publisher-logo":["https:\/\/www.fazendaboqueiraorn.com.br\/wp-content\/uploads\/2023\/02\/chuva-20230206.jpg",96,52,false],"web-stories-thumbnail":["https:\/\/www.fazendaboqueiraorn.com.br\/wp-content\/uploads\/2023\/02\/chuva-20230206.jpg",150,81,false]},"uagb_author_info":{"display_name":"Fazenda Boqueir\u00e3o","author_link":"https:\/\/www.fazendaboqueiraorn.com.br\/en\/author\/fazenda\/"},"uagb_comment_info":0,"uagb_excerpt":"O Rio Grande do Norte alcan\u00e7ou o maior volume de \u00e1gua acumulado em seus reservat\u00f3rios para o m\u00eas de mar\u00e7o dos \u00faltimos 12 anos anos.","jetpack_featured_media_url":"https:\/\/i0.wp.com\/www.fazendaboqueiraorn.com.br\/wp-content\/uploads\/2023\/02\/chuva-20230206.jpg?fit=884%2C475&ssl=1","jetpack_sharing_enabled":true,"jetpack_likes_enabled":true,"_links":{"self":[{"href":"https:\/\/www.fazendaboqueiraorn.com.br\/en\/wp-json\/wp\/v2\/posts\/4838","targetHints":{"allow":["GET"]}}],"collection":[{"href":"https:\/\/www.fazendaboqueiraorn.com.br\/en\/wp-json\/wp\/v2\/posts"}],"about":[{"href":"https:\/\/www.fazendaboqueiraorn.com.br\/en\/wp-json\/wp\/v2\/types\/post"}],"author":[{"embeddable":true,"href":"https:\/\/www.fazendaboqueiraorn.com.br\/en\/wp-json\/wp\/v2\/users\/2"}],"replies":[{"embeddable":true,"href":"https:\/\/www.fazendaboqueiraorn.com.br\/en\/wp-json\/wp\/v2\/comments?post=4838"}],"version-history":[{"count":1,"href":"https:\/\/www.fazendaboqueiraorn.com.br\/en\/wp-json\/wp\/v2\/posts\/4838\/revisions"}],"predecessor-version":[{"id":4842,"href":"https:\/\/www.fazendaboqueiraorn.com.br\/en\/wp-json\/wp\/v2\/posts\/4838\/revisions\/4842"}],"wp:featuredmedia":[{"embeddable":true,"href":"https:\/\/www.fazendaboqueiraorn.com.br\/en\/wp-json\/wp\/v2\/media\/3527"}],"wp:attachment":[{"href":"https:\/\/www.fazendaboqueiraorn.com.br\/en\/wp-json\/wp\/v2\/media?parent=4838"}],"wp:term":[{"taxonomy":"category","embeddable":true,"href":"https:\/\/www.fazendaboqueiraorn.com.br\/en\/wp-json\/wp\/v2\/categories?post=4838"},{"taxonomy":"post_tag","embeddable":true,"href":"https:\/\/www.fazendaboqueiraorn.com.br\/en\/wp-json\/wp\/v2\/tags?post=4838"}],"curies":[{"name":"wp","href":"https:\/\/api.w.org\/{rel}","templated":true}]}}