{"id":4820,"date":"2024-03-22T15:21:31","date_gmt":"2024-03-22T18:21:31","guid":{"rendered":"https:\/\/www.fazendaboqueiraorn.com.br\/?p=4820"},"modified":"2024-03-22T15:21:44","modified_gmt":"2024-03-22T18:21:44","slug":"maximizando-a-consciencia-no-dia-mundial-da-agua-importancia-e-estrategias","status":"publish","type":"post","link":"https:\/\/www.fazendaboqueiraorn.com.br\/en\/maximizando-a-consciencia-no-dia-mundial-da-agua-importancia-e-estrategias\/","title":{"rendered":"Maximizando a Consci\u00eancia no Dia Mundial da \u00c1gua: Import\u00e2ncia e Estrat\u00e9gias"},"content":{"rendered":"<figure class=\"wp-block-image aligncenter size-full\"><img data-recalc-dims=\"1\" decoding=\"async\" width=\"480\" height=\"260\" loading=\"lazy\" src=\"https:\/\/i0.wp.com\/www.fazendaboqueiraorn.com.br\/wp-content\/uploads\/2023\/04\/segunda-cheia-2023.jpg?resize=480%2C260&#038;ssl=1\" alt=\"Segunda cheia do Rio Potengi em 2023\" class=\"wp-image-3797\" srcset=\"https:\/\/i0.wp.com\/www.fazendaboqueiraorn.com.br\/wp-content\/uploads\/2023\/04\/segunda-cheia-2023.jpg?w=480&amp;ssl=1 480w, https:\/\/i0.wp.com\/www.fazendaboqueiraorn.com.br\/wp-content\/uploads\/2023\/04\/segunda-cheia-2023.jpg?resize=300%2C163&amp;ssl=1 300w, https:\/\/i0.wp.com\/www.fazendaboqueiraorn.com.br\/wp-content\/uploads\/2023\/04\/segunda-cheia-2023.jpg?resize=18%2C10&amp;ssl=1 18w\" sizes=\"auto, (max-width: 480px) 100vw, 480px\" \/><\/figure>\n\n\n\n<p>No <strong>Dia Mundial da \u00c1gua<\/strong>, uma data crucial para reflex\u00e3o e a\u00e7\u00e3o, destacamos a necessidade premente de preservar e gerenciar nossos recursos h\u00eddricos. Neste artigo, exploramos a import\u00e2ncia desse dia 22 de mar\u00e7o e fornecemos estrat\u00e9gias pr\u00e1ticas para maximizar a conscientiza\u00e7\u00e3o e a prote\u00e7\u00e3o da \u00e1gua, um recurso vital para o planeta e todas as formas de vida que o habitam.<\/p>\n\n\n\n<h2 class=\"wp-block-heading\">A Signific\u00e2ncia do Dia Mundial da \u00c1gua<\/h2>\n\n\n\n<p>O Dia Mundial da \u00c1gua, celebrado em 22 de mar\u00e7o, \u00e9 uma ocasi\u00e3o global para reconhecer a import\u00e2ncia da \u00e1gua doce e advogar por sua gest\u00e3o sustent\u00e1vel. Institu\u00eddo pela Assembleia Geral das Na\u00e7\u00f5es Unidas em 1993, este dia serve como um lembrete essencial de que a \u00e1gua \u00e9 um recurso finito e indispens\u00e1vel para a sobreviv\u00eancia humana, a sa\u00fade dos ecossistemas e o desenvolvimento socioecon\u00f4mico.<\/p>\n\n\n\n<h2 class=\"wp-block-heading\">Consciencializa\u00e7\u00e3o sobre a Crise da \u00c1gua<\/h2>\n\n\n\n<h3 class=\"wp-block-heading\">Desafios Atuais<\/h3>\n\n\n\n<p>Em um mundo onde a demanda por \u00e1gua est\u00e1 crescendo rapidamente devido ao crescimento populacional, urbaniza\u00e7\u00e3o e mudan\u00e7as clim\u00e1ticas, enfrentamos uma s\u00e9rie de desafios significativos. A polui\u00e7\u00e3o, a escassez de \u00e1gua, a degrada\u00e7\u00e3o dos ecossistemas aqu\u00e1ticos e a falta de acesso a \u00e1gua pot\u00e1vel s\u00e3o apenas alguns dos problemas urgentes que exigem aten\u00e7\u00e3o imediata.<\/p>\n\n\n\n<h3 class=\"wp-block-heading\">Impacto nas Comunidades<\/h3>\n\n\n\n<p>Esses desafios n\u00e3o afetam apenas o meio ambiente; eles t\u00eam um impacto direto nas comunidades ao redor do mundo. Muitas pessoas enfrentam dificuldades di\u00e1rias para obter \u00e1gua limpa e segura para beber, cozinhar e manter a higiene b\u00e1sica. Al\u00e9m disso, a escassez de \u00e1gua prejudica setores vitais, como agricultura, ind\u00fastria e gera\u00e7\u00e3o de energia, afetando a seguran\u00e7a alimentar e econ\u00f4mica.<\/p>\n\n\n\n<h2 class=\"wp-block-heading\">Estrat\u00e9gias para Promover a Consci\u00eancia e a A\u00e7\u00e3o<\/h2>\n\n\n\n<p>Para abordar os desafios enfrentados no Dia Mundial da \u00c1gua e al\u00e9m, \u00e9 essencial adotar uma abordagem multifacetada que envolva governos, organiza\u00e7\u00f5es, comunidades e indiv\u00edduos. Aqui est\u00e3o algumas estrat\u00e9gias eficazes:<\/p>\n\n\n\n<h3 class=\"wp-block-heading\">Educa\u00e7\u00e3o e Sensibiliza\u00e7\u00e3o<\/h3>\n\n\n\n<p>Investir em programas educacionais sobre a import\u00e2ncia da \u00e1gua e pr\u00e1ticas de conserva\u00e7\u00e3o \u00e9 fundamental para aumentar a conscientiza\u00e7\u00e3o e promover a mudan\u00e7a de comportamento. Campanhas de sensibiliza\u00e7\u00e3o p\u00fablica, workshops em escolas e iniciativas comunit\u00e1rias podem ajudar a informar as pessoas sobre maneiras de conservar \u00e1gua em suas vidas di\u00e1rias.<\/p>\n\n\n\n<h3 class=\"wp-block-heading\">Conserva\u00e7\u00e3o de Recursos H\u00eddricos<\/h3>\n\n\n\n<p>Implementar medidas de conserva\u00e7\u00e3o de \u00e1gua, como reutiliza\u00e7\u00e3o de \u00e1guas cinzas, instala\u00e7\u00e3o de dispositivos economizadores de \u00e1gua e pr\u00e1ticas agr\u00edcolas sustent\u00e1veis, pode reduzir significativamente o desperd\u00edcio e a demanda por \u00e1gua doce. Incentivar a ado\u00e7\u00e3o de tecnologias eficientes em termos de \u00e1gua e promover pol\u00edticas de gest\u00e3o integrada de recursos h\u00eddricos s\u00e3o passos cruciais para proteger nossos recursos h\u00eddricos.<\/p>\n\n\n\n<h3 class=\"wp-block-heading\">Advocacia e Engajamento Pol\u00edtico<\/h3>\n\n\n\n<p>Pressionar por pol\u00edticas e regulamenta\u00e7\u00f5es mais rigorosas para proteger a qualidade e a disponibilidade da \u00e1gua, bem como garantir o acesso equitativo \u00e0 \u00e1gua pot\u00e1vel, \u00e9 essencial. Participar de iniciativas de advocacia, envolver-se em processos de tomada de decis\u00e3o e votar em l\u00edderes comprometidos com a sustentabilidade ambiental s\u00e3o maneiras poderosas de fazer a diferen\u00e7a.<\/p>\n\n\n\n<h3 class=\"wp-block-heading\">A\u00e7\u00e3o Comunit\u00e1ria e Coletiva<\/h3>\n\n\n\n<p>Unir-se como comunidade para enfrentar os desafios da \u00e1gua pode gerar impactos significativos. A organiza\u00e7\u00e3o de projetos de limpeza de rios, a cria\u00e7\u00e3o de jardins de chuva para capturar \u00e1gua da chuva e o estabelecimento de comit\u00eas de gest\u00e3o de bacias hidrogr\u00e1ficas s\u00e3o exemplos de como as comunidades podem trabalhar juntas para proteger e preservar seus recursos h\u00eddricos locais.<\/p>\n\n\n\n<h2 class=\"wp-block-heading\">Conclus\u00e3o<\/h2>\n\n\n\n<p>No Dia Mundial da \u00c1gua e todos os dias, \u00e9 fundamental reconhecer nossa responsabilidade coletiva de proteger e conservar a \u00e1gua para as gera\u00e7\u00f5es presentes e futuras. Ao adotar estrat\u00e9gias eficazes de conscientiza\u00e7\u00e3o e a\u00e7\u00e3o, podemos enfrentar os desafios da crise h\u00eddrica e garantir um futuro sustent\u00e1vel para o nosso planeta e todos os seres que nele habitam.<\/p>","protected":false},"excerpt":{"rendered":"<p>No Dia Mundial da \u00c1gua, uma data crucial para reflex\u00e3o e a\u00e7\u00e3o, destacamos a necessidade premente de preservar e gerenciar nossos recursos h\u00eddricos. <\/p>","protected":false},"author":2,"featured_media":3797,"comment_status":"open","ping_status":"open","sticky":false,"template":"","format":"standard","meta":{"nf_dc_page":"","_uag_custom_page_level_css":"","site-sidebar-layout":"default","site-content-layout":"","ast-site-content-layout":"default","site-content-style":"default","site-sidebar-style":"default","ast-global-header-display":"","ast-banner-title-visibility":"","ast-main-header-display":"","ast-hfb-above-header-display":"","ast-hfb-below-header-display":"","ast-hfb-mobile-header-display":"","site-post-title":"","ast-breadcrumbs-content":"","ast-featured-img":"","footer-sml-layout":"","ast-disable-related-posts":"","theme-transparent-header-meta":"","adv-header-id-meta":"","stick-header-meta":"","header-above-stick-meta":"","header-main-stick-meta":"","header-below-stick-meta":"","astra-migrate-meta-layouts":"default","ast-page-background-enabled":"default","ast-page-background-meta":{"desktop":{"background-color":"var(--ast-global-color-4)","background-image":"","background-repeat":"repeat","background-position":"center center","background-size":"auto","background-attachment":"scroll","background-type":"","background-media":"","overlay-type":"","overlay-color":"","overlay-opacity":"","overlay-gradient":""},"tablet":{"background-color":"","background-image":"","background-repeat":"repeat","background-position":"center center","background-size":"auto","background-attachment":"scroll","background-type":"","background-media":"","overlay-type":"","overlay-color":"","overlay-opacity":"","overlay-gradient":""},"mobile":{"background-color":"","background-image":"","background-repeat":"repeat","background-position":"center center","background-size":"auto","background-attachment":"scroll","background-type":"","background-media":"","overlay-type":"","overlay-color":"","overlay-opacity":"","overlay-gradient":""}},"ast-content-background-meta":{"desktop":{"background-color":"var(--ast-global-color-5)","background-image":"","background-repeat":"repeat","background-position":"center center","background-size":"auto","background-attachment":"scroll","background-type":"","background-media":"","overlay-type":"","overlay-color":"","overlay-opacity":"","overlay-gradient":""},"tablet":{"background-color":"var(--ast-global-color-5)","background-image":"","background-repeat":"repeat","background-position":"center center","background-size":"auto","background-attachment":"scroll","background-type":"","background-media":"","overlay-type":"","overlay-color":"","overlay-opacity":"","overlay-gradient":""},"mobile":{"background-color":"var(--ast-global-color-5)","background-image":"","background-repeat":"repeat","background-position":"center center","background-size":"auto","background-attachment":"scroll","background-type":"","background-media":"","overlay-type":"","overlay-color":"","overlay-opacity":"","overlay-gradient":""}},"jetpack_post_was_ever_published":false,"_jetpack_newsletter_access":"","_jetpack_dont_email_post_to_subs":false,"_jetpack_newsletter_tier_id":0,"_jetpack_memberships_contains_paywalled_content":false,"_jetpack_memberships_contains_paid_content":false,"footnotes":"","jetpack_publicize_message":"","jetpack_publicize_feature_enabled":true,"jetpack_social_post_already_shared":false,"jetpack_social_options":{"image_generator_settings":{"template":"highway","default_image_id":0,"font":"","enabled":false},"version":2}},"categories":[1],"tags":[6,103,2062,100,91,212,39],"class_list":["post-4820","post","type-post","status-publish","format-standard","has-post-thumbnail","hentry","category-noticia","tag-agricultura","tag-curso","tag-dia-mundial-da-agua","tag-gestao","tag-governo","tag-racao","tag-rio-potengi"],"yoast_head":"<!-- This site is optimized with the Yoast SEO plugin v27.4 - https:\/\/yoast.com\/product\/yoast-seo-wordpress\/ -->\n<title>Maximizando a Consci\u00eancia no Dia Mundial da \u00c1gua: Import\u00e2ncia e Estrat\u00e9gias - Fazenda Boqueir\u00e3o<\/title>\n<meta name=\"description\" content=\"No Dia Mundial da \u00c1gua, uma data crucial para reflex\u00e3o e a\u00e7\u00e3o, destacamos a necessidade de preservar e gerenciar nossos recursos h\u00eddricos.\" \/>\n<meta name=\"robots\" content=\"index, follow, max-snippet:-1, max-image-preview:large, max-video-preview:-1\" \/>\n<link rel=\"canonical\" href=\"https:\/\/www.fazendaboqueiraorn.com.br\/en\/maximizando-a-consciencia-no-dia-mundial-da-agua-importancia-e-estrategias\/\" \/>\n<meta property=\"og:locale\" content=\"en_US\" \/>\n<meta property=\"og:type\" content=\"article\" \/>\n<meta property=\"og:title\" content=\"Maximizando a Consci\u00eancia no Dia Mundial da \u00c1gua: Import\u00e2ncia e Estrat\u00e9gias - Fazenda Boqueir\u00e3o\" \/>\n<meta property=\"og:description\" content=\"No Dia Mundial da \u00c1gua, uma data crucial para reflex\u00e3o e a\u00e7\u00e3o, destacamos a necessidade de preservar e gerenciar nossos recursos h\u00eddricos.\" \/>\n<meta property=\"og:url\" content=\"https:\/\/www.fazendaboqueiraorn.com.br\/en\/maximizando-a-consciencia-no-dia-mundial-da-agua-importancia-e-estrategias\/\" \/>\n<meta property=\"og:site_name\" content=\"Fazenda Boqueir\u00e3o\" \/>\n<meta property=\"article:publisher\" content=\"https:\/\/www.facebook.com\/fazboqueirao\" \/>\n<meta property=\"article:published_time\" content=\"2024-03-22T18:21:31+00:00\" \/>\n<meta property=\"article:modified_time\" content=\"2024-03-22T18:21:44+00:00\" \/>\n<meta property=\"og:image\" content=\"https:\/\/www.fazendaboqueiraorn.com.br\/wp-content\/uploads\/2023\/04\/segunda-cheia-2023.jpg\" \/>\n\t<meta property=\"og:image:width\" content=\"480\" \/>\n\t<meta property=\"og:image:height\" content=\"260\" \/>\n\t<meta property=\"og:image:type\" content=\"image\/jpeg\" \/>\n<meta name=\"author\" content=\"Fazenda Boqueir\u00e3o\" \/>\n<meta name=\"twitter:card\" content=\"summary_large_image\" \/>\n<meta name=\"twitter:creator\" content=\"@FazBoqueirao\" \/>\n<meta name=\"twitter:site\" content=\"@FazBoqueirao\" \/>\n<meta name=\"twitter:label1\" content=\"Written by\" \/>\n\t<meta name=\"twitter:data1\" content=\"Fazenda Boqueir\u00e3o\" \/>\n\t<meta name=\"twitter:label2\" content=\"Est. reading time\" \/>\n\t<meta name=\"twitter:data2\" content=\"4 minutes\" \/>\n<script type=\"application\/ld+json\" class=\"yoast-schema-graph\">{\"@context\":\"https:\\\/\\\/schema.org\",\"@graph\":[{\"@type\":\"Article\",\"@id\":\"https:\\\/\\\/www.fazendaboqueiraorn.com.br\\\/maximizando-a-consciencia-no-dia-mundial-da-agua-importancia-e-estrategias\\\/#article\",\"isPartOf\":{\"@id\":\"https:\\\/\\\/www.fazendaboqueiraorn.com.br\\\/maximizando-a-consciencia-no-dia-mundial-da-agua-importancia-e-estrategias\\\/\"},\"author\":{\"name\":\"Fazenda Boqueir\u00e3o\",\"@id\":\"https:\\\/\\\/www.fazendaboqueiraorn.com.br\\\/#\\\/schema\\\/person\\\/70484dc96f76e66c6365a9f4a2ebfb02\"},\"headline\":\"Maximizando a Consci\u00eancia no Dia Mundial da \u00c1gua: Import\u00e2ncia e Estrat\u00e9gias\",\"datePublished\":\"2024-03-22T18:21:31+00:00\",\"dateModified\":\"2024-03-22T18:21:44+00:00\",\"mainEntityOfPage\":{\"@id\":\"https:\\\/\\\/www.fazendaboqueiraorn.com.br\\\/maximizando-a-consciencia-no-dia-mundial-da-agua-importancia-e-estrategias\\\/\"},\"wordCount\":696,\"commentCount\":0,\"publisher\":{\"@id\":\"https:\\\/\\\/www.fazendaboqueiraorn.com.br\\\/#organization\"},\"image\":{\"@id\":\"https:\\\/\\\/www.fazendaboqueiraorn.com.br\\\/maximizando-a-consciencia-no-dia-mundial-da-agua-importancia-e-estrategias\\\/#primaryimage\"},\"thumbnailUrl\":\"https:\\\/\\\/i0.wp.com\\\/www.fazendaboqueiraorn.com.br\\\/wp-content\\\/uploads\\\/2023\\\/04\\\/segunda-cheia-2023.jpg?fit=480%2C260&ssl=1\",\"keywords\":[\"Agricultura\",\"curso\",\"Dia Mundial da \u00c1gua\",\"gest\u00e3o\",\"governo\",\"ra\u00e7\u00e3o\",\"Rio Potengi\"],\"articleSection\":[\"Not\u00edcias\"],\"inLanguage\":\"en-US\",\"potentialAction\":[{\"@type\":\"CommentAction\",\"name\":\"Comment\",\"target\":[\"https:\\\/\\\/www.fazendaboqueiraorn.com.br\\\/maximizando-a-consciencia-no-dia-mundial-da-agua-importancia-e-estrategias\\\/#respond\"]}]},{\"@type\":\"WebPage\",\"@id\":\"https:\\\/\\\/www.fazendaboqueiraorn.com.br\\\/maximizando-a-consciencia-no-dia-mundial-da-agua-importancia-e-estrategias\\\/\",\"url\":\"https:\\\/\\\/www.fazendaboqueiraorn.com.br\\\/maximizando-a-consciencia-no-dia-mundial-da-agua-importancia-e-estrategias\\\/\",\"name\":\"Maximizando a Consci\u00eancia no Dia Mundial da \u00c1gua: Import\u00e2ncia e Estrat\u00e9gias - Fazenda Boqueir\u00e3o\",\"isPartOf\":{\"@id\":\"https:\\\/\\\/www.fazendaboqueiraorn.com.br\\\/#website\"},\"primaryImageOfPage\":{\"@id\":\"https:\\\/\\\/www.fazendaboqueiraorn.com.br\\\/maximizando-a-consciencia-no-dia-mundial-da-agua-importancia-e-estrategias\\\/#primaryimage\"},\"image\":{\"@id\":\"https:\\\/\\\/www.fazendaboqueiraorn.com.br\\\/maximizando-a-consciencia-no-dia-mundial-da-agua-importancia-e-estrategias\\\/#primaryimage\"},\"thumbnailUrl\":\"https:\\\/\\\/i0.wp.com\\\/www.fazendaboqueiraorn.com.br\\\/wp-content\\\/uploads\\\/2023\\\/04\\\/segunda-cheia-2023.jpg?fit=480%2C260&ssl=1\",\"datePublished\":\"2024-03-22T18:21:31+00:00\",\"dateModified\":\"2024-03-22T18:21:44+00:00\",\"description\":\"No Dia Mundial da \u00c1gua, uma data crucial para reflex\u00e3o e a\u00e7\u00e3o, destacamos a necessidade de preservar e gerenciar nossos recursos h\u00eddricos.\",\"breadcrumb\":{\"@id\":\"https:\\\/\\\/www.fazendaboqueiraorn.com.br\\\/maximizando-a-consciencia-no-dia-mundial-da-agua-importancia-e-estrategias\\\/#breadcrumb\"},\"inLanguage\":\"en-US\",\"potentialAction\":[{\"@type\":\"ReadAction\",\"target\":[\"https:\\\/\\\/www.fazendaboqueiraorn.com.br\\\/maximizando-a-consciencia-no-dia-mundial-da-agua-importancia-e-estrategias\\\/\"]}]},{\"@type\":\"ImageObject\",\"inLanguage\":\"en-US\",\"@id\":\"https:\\\/\\\/www.fazendaboqueiraorn.com.br\\\/maximizando-a-consciencia-no-dia-mundial-da-agua-importancia-e-estrategias\\\/#primaryimage\",\"url\":\"https:\\\/\\\/i0.wp.com\\\/www.fazendaboqueiraorn.com.br\\\/wp-content\\\/uploads\\\/2023\\\/04\\\/segunda-cheia-2023.jpg?fit=480%2C260&ssl=1\",\"contentUrl\":\"https:\\\/\\\/i0.wp.com\\\/www.fazendaboqueiraorn.com.br\\\/wp-content\\\/uploads\\\/2023\\\/04\\\/segunda-cheia-2023.jpg?fit=480%2C260&ssl=1\",\"width\":480,\"height\":260,\"caption\":\"Segunda cheia do Rio Potengi em 2023\"},{\"@type\":\"BreadcrumbList\",\"@id\":\"https:\\\/\\\/www.fazendaboqueiraorn.com.br\\\/maximizando-a-consciencia-no-dia-mundial-da-agua-importancia-e-estrategias\\\/#breadcrumb\",\"itemListElement\":[{\"@type\":\"ListItem\",\"position\":1,\"name\":\"Home\",\"item\":\"https:\\\/\\\/www.fazendaboqueiraorn.com.br\\\/\"},{\"@type\":\"ListItem\",\"position\":2,\"name\":\"Maximizando a Consci\u00eancia no Dia Mundial da \u00c1gua: Import\u00e2ncia e Estrat\u00e9gias\"}]},{\"@type\":\"WebSite\",\"@id\":\"https:\\\/\\\/www.fazendaboqueiraorn.com.br\\\/#website\",\"url\":\"https:\\\/\\\/www.fazendaboqueiraorn.com.br\\\/\",\"name\":\"Fazenda Boqueir\u00e3o\",\"description\":\"\",\"publisher\":{\"@id\":\"https:\\\/\\\/www.fazendaboqueiraorn.com.br\\\/#organization\"},\"potentialAction\":[{\"@type\":\"SearchAction\",\"target\":{\"@type\":\"EntryPoint\",\"urlTemplate\":\"https:\\\/\\\/www.fazendaboqueiraorn.com.br\\\/?s={search_term_string}\"},\"query-input\":{\"@type\":\"PropertyValueSpecification\",\"valueRequired\":true,\"valueName\":\"search_term_string\"}}],\"inLanguage\":\"en-US\"},{\"@type\":\"Organization\",\"@id\":\"https:\\\/\\\/www.fazendaboqueiraorn.com.br\\\/#organization\",\"name\":\"Fazenda Boqueir\u00e3o\",\"url\":\"https:\\\/\\\/www.fazendaboqueiraorn.com.br\\\/\",\"logo\":{\"@type\":\"ImageObject\",\"inLanguage\":\"en-US\",\"@id\":\"https:\\\/\\\/www.fazendaboqueiraorn.com.br\\\/#\\\/schema\\\/logo\\\/image\\\/\",\"url\":\"https:\\\/\\\/i0.wp.com\\\/www.fazendaboqueiraorn.com.br\\\/wp-content\\\/uploads\\\/2021\\\/08\\\/logo-fazenda-120x120-1.png?fit=120%2C120&ssl=1\",\"contentUrl\":\"https:\\\/\\\/i0.wp.com\\\/www.fazendaboqueiraorn.com.br\\\/wp-content\\\/uploads\\\/2021\\\/08\\\/logo-fazenda-120x120-1.png?fit=120%2C120&ssl=1\",\"width\":120,\"height\":120,\"caption\":\"Fazenda Boqueir\u00e3o\"},\"image\":{\"@id\":\"https:\\\/\\\/www.fazendaboqueiraorn.com.br\\\/#\\\/schema\\\/logo\\\/image\\\/\"},\"sameAs\":[\"https:\\\/\\\/www.facebook.com\\\/fazboqueirao\",\"https:\\\/\\\/x.com\\\/FazBoqueirao\",\"http:\\\/\\\/instagram.com\\\/fazboqueirao\\\/\",\"https:\\\/\\\/www.linkedin.com\\\/company\\\/fazboqueirao\\\/\",\"https:\\\/\\\/www.youtube.com\\\/channel\\\/UCUA4_8v8HkmMeNUh8c6Ky1Q\"]},{\"@type\":\"Person\",\"@id\":\"https:\\\/\\\/www.fazendaboqueiraorn.com.br\\\/#\\\/schema\\\/person\\\/70484dc96f76e66c6365a9f4a2ebfb02\",\"name\":\"Fazenda Boqueir\u00e3o\",\"image\":{\"@type\":\"ImageObject\",\"inLanguage\":\"en-US\",\"@id\":\"https:\\\/\\\/secure.gravatar.com\\\/avatar\\\/19f19467ae305ded5d913deae2fb6c6f29fe88a0a7f3a4dca5679407289a9efd?s=96&d=mm&r=g\",\"url\":\"https:\\\/\\\/secure.gravatar.com\\\/avatar\\\/19f19467ae305ded5d913deae2fb6c6f29fe88a0a7f3a4dca5679407289a9efd?s=96&d=mm&r=g\",\"contentUrl\":\"https:\\\/\\\/secure.gravatar.com\\\/avatar\\\/19f19467ae305ded5d913deae2fb6c6f29fe88a0a7f3a4dca5679407289a9efd?s=96&d=mm&r=g\",\"caption\":\"Fazenda Boqueir\u00e3o\"},\"url\":\"https:\\\/\\\/www.fazendaboqueiraorn.com.br\\\/en\\\/author\\\/fazenda\\\/\"}]}<\/script>\n<!-- \/ Yoast SEO plugin. -->","yoast_head_json":{"title":"Maximizando a Consci\u00eancia no Dia Mundial da \u00c1gua: Import\u00e2ncia e Estrat\u00e9gias - Fazenda Boqueir\u00e3o","description":"No Dia Mundial da \u00c1gua, uma data crucial para reflex\u00e3o e a\u00e7\u00e3o, destacamos a necessidade de preservar e gerenciar nossos recursos h\u00eddricos.","robots":{"index":"index","follow":"follow","max-snippet":"max-snippet:-1","max-image-preview":"max-image-preview:large","max-video-preview":"max-video-preview:-1"},"canonical":"https:\/\/www.fazendaboqueiraorn.com.br\/en\/maximizando-a-consciencia-no-dia-mundial-da-agua-importancia-e-estrategias\/","og_locale":"en_US","og_type":"article","og_title":"Maximizando a Consci\u00eancia no Dia Mundial da \u00c1gua: Import\u00e2ncia e Estrat\u00e9gias - Fazenda Boqueir\u00e3o","og_description":"No Dia Mundial da \u00c1gua, uma data crucial para reflex\u00e3o e a\u00e7\u00e3o, destacamos a necessidade de preservar e gerenciar nossos recursos h\u00eddricos.","og_url":"https:\/\/www.fazendaboqueiraorn.com.br\/en\/maximizando-a-consciencia-no-dia-mundial-da-agua-importancia-e-estrategias\/","og_site_name":"Fazenda Boqueir\u00e3o","article_publisher":"https:\/\/www.facebook.com\/fazboqueirao","article_published_time":"2024-03-22T18:21:31+00:00","article_modified_time":"2024-03-22T18:21:44+00:00","og_image":[{"width":480,"height":260,"url":"https:\/\/www.fazendaboqueiraorn.com.br\/wp-content\/uploads\/2023\/04\/segunda-cheia-2023.jpg","type":"image\/jpeg"}],"author":"Fazenda Boqueir\u00e3o","twitter_card":"summary_large_image","twitter_creator":"@FazBoqueirao","twitter_site":"@FazBoqueirao","twitter_misc":{"Written by":"Fazenda Boqueir\u00e3o","Est. reading time":"4 minutes"},"schema":{"@context":"https:\/\/schema.org","@graph":[{"@type":"Article","@id":"https:\/\/www.fazendaboqueiraorn.com.br\/maximizando-a-consciencia-no-dia-mundial-da-agua-importancia-e-estrategias\/#article","isPartOf":{"@id":"https:\/\/www.fazendaboqueiraorn.com.br\/maximizando-a-consciencia-no-dia-mundial-da-agua-importancia-e-estrategias\/"},"author":{"name":"Fazenda Boqueir\u00e3o","@id":"https:\/\/www.fazendaboqueiraorn.com.br\/#\/schema\/person\/70484dc96f76e66c6365a9f4a2ebfb02"},"headline":"Maximizando a Consci\u00eancia no Dia Mundial da \u00c1gua: Import\u00e2ncia e Estrat\u00e9gias","datePublished":"2024-03-22T18:21:31+00:00","dateModified":"2024-03-22T18:21:44+00:00","mainEntityOfPage":{"@id":"https:\/\/www.fazendaboqueiraorn.com.br\/maximizando-a-consciencia-no-dia-mundial-da-agua-importancia-e-estrategias\/"},"wordCount":696,"commentCount":0,"publisher":{"@id":"https:\/\/www.fazendaboqueiraorn.com.br\/#organization"},"image":{"@id":"https:\/\/www.fazendaboqueiraorn.com.br\/maximizando-a-consciencia-no-dia-mundial-da-agua-importancia-e-estrategias\/#primaryimage"},"thumbnailUrl":"https:\/\/i0.wp.com\/www.fazendaboqueiraorn.com.br\/wp-content\/uploads\/2023\/04\/segunda-cheia-2023.jpg?fit=480%2C260&ssl=1","keywords":["Agricultura","curso","Dia Mundial da \u00c1gua","gest\u00e3o","governo","ra\u00e7\u00e3o","Rio Potengi"],"articleSection":["Not\u00edcias"],"inLanguage":"en-US","potentialAction":[{"@type":"CommentAction","name":"Comment","target":["https:\/\/www.fazendaboqueiraorn.com.br\/maximizando-a-consciencia-no-dia-mundial-da-agua-importancia-e-estrategias\/#respond"]}]},{"@type":"WebPage","@id":"https:\/\/www.fazendaboqueiraorn.com.br\/maximizando-a-consciencia-no-dia-mundial-da-agua-importancia-e-estrategias\/","url":"https:\/\/www.fazendaboqueiraorn.com.br\/maximizando-a-consciencia-no-dia-mundial-da-agua-importancia-e-estrategias\/","name":"Maximizando a Consci\u00eancia no Dia Mundial da \u00c1gua: Import\u00e2ncia e Estrat\u00e9gias - Fazenda Boqueir\u00e3o","isPartOf":{"@id":"https:\/\/www.fazendaboqueiraorn.com.br\/#website"},"primaryImageOfPage":{"@id":"https:\/\/www.fazendaboqueiraorn.com.br\/maximizando-a-consciencia-no-dia-mundial-da-agua-importancia-e-estrategias\/#primaryimage"},"image":{"@id":"https:\/\/www.fazendaboqueiraorn.com.br\/maximizando-a-consciencia-no-dia-mundial-da-agua-importancia-e-estrategias\/#primaryimage"},"thumbnailUrl":"https:\/\/i0.wp.com\/www.fazendaboqueiraorn.com.br\/wp-content\/uploads\/2023\/04\/segunda-cheia-2023.jpg?fit=480%2C260&ssl=1","datePublished":"2024-03-22T18:21:31+00:00","dateModified":"2024-03-22T18:21:44+00:00","description":"No Dia Mundial da \u00c1gua, uma data crucial para reflex\u00e3o e a\u00e7\u00e3o, destacamos a necessidade de preservar e gerenciar nossos recursos h\u00eddricos.","breadcrumb":{"@id":"https:\/\/www.fazendaboqueiraorn.com.br\/maximizando-a-consciencia-no-dia-mundial-da-agua-importancia-e-estrategias\/#breadcrumb"},"inLanguage":"en-US","potentialAction":[{"@type":"ReadAction","target":["https:\/\/www.fazendaboqueiraorn.com.br\/maximizando-a-consciencia-no-dia-mundial-da-agua-importancia-e-estrategias\/"]}]},{"@type":"ImageObject","inLanguage":"en-US","@id":"https:\/\/www.fazendaboqueiraorn.com.br\/maximizando-a-consciencia-no-dia-mundial-da-agua-importancia-e-estrategias\/#primaryimage","url":"https:\/\/i0.wp.com\/www.fazendaboqueiraorn.com.br\/wp-content\/uploads\/2023\/04\/segunda-cheia-2023.jpg?fit=480%2C260&ssl=1","contentUrl":"https:\/\/i0.wp.com\/www.fazendaboqueiraorn.com.br\/wp-content\/uploads\/2023\/04\/segunda-cheia-2023.jpg?fit=480%2C260&ssl=1","width":480,"height":260,"caption":"Segunda cheia do Rio Potengi em 2023"},{"@type":"BreadcrumbList","@id":"https:\/\/www.fazendaboqueiraorn.com.br\/maximizando-a-consciencia-no-dia-mundial-da-agua-importancia-e-estrategias\/#breadcrumb","itemListElement":[{"@type":"ListItem","position":1,"name":"Home","item":"https:\/\/www.fazendaboqueiraorn.com.br\/"},{"@type":"ListItem","position":2,"name":"Maximizando a Consci\u00eancia no Dia Mundial da \u00c1gua: Import\u00e2ncia e Estrat\u00e9gias"}]},{"@type":"WebSite","@id":"https:\/\/www.fazendaboqueiraorn.com.br\/#website","url":"https:\/\/www.fazendaboqueiraorn.com.br\/","name":"Fazenda Boqueir\u00e3o","description":"","publisher":{"@id":"https:\/\/www.fazendaboqueiraorn.com.br\/#organization"},"potentialAction":[{"@type":"SearchAction","target":{"@type":"EntryPoint","urlTemplate":"https:\/\/www.fazendaboqueiraorn.com.br\/?s={search_term_string}"},"query-input":{"@type":"PropertyValueSpecification","valueRequired":true,"valueName":"search_term_string"}}],"inLanguage":"en-US"},{"@type":"Organization","@id":"https:\/\/www.fazendaboqueiraorn.com.br\/#organization","name":"Fazenda Boqueir\u00e3o","url":"https:\/\/www.fazendaboqueiraorn.com.br\/","logo":{"@type":"ImageObject","inLanguage":"en-US","@id":"https:\/\/www.fazendaboqueiraorn.com.br\/#\/schema\/logo\/image\/","url":"https:\/\/i0.wp.com\/www.fazendaboqueiraorn.com.br\/wp-content\/uploads\/2021\/08\/logo-fazenda-120x120-1.png?fit=120%2C120&ssl=1","contentUrl":"https:\/\/i0.wp.com\/www.fazendaboqueiraorn.com.br\/wp-content\/uploads\/2021\/08\/logo-fazenda-120x120-1.png?fit=120%2C120&ssl=1","width":120,"height":120,"caption":"Fazenda Boqueir\u00e3o"},"image":{"@id":"https:\/\/www.fazendaboqueiraorn.com.br\/#\/schema\/logo\/image\/"},"sameAs":["https:\/\/www.facebook.com\/fazboqueirao","https:\/\/x.com\/FazBoqueirao","http:\/\/instagram.com\/fazboqueirao\/","https:\/\/www.linkedin.com\/company\/fazboqueirao\/","https:\/\/www.youtube.com\/channel\/UCUA4_8v8HkmMeNUh8c6Ky1Q"]},{"@type":"Person","@id":"https:\/\/www.fazendaboqueiraorn.com.br\/#\/schema\/person\/70484dc96f76e66c6365a9f4a2ebfb02","name":"Fazenda Boqueir\u00e3o","image":{"@type":"ImageObject","inLanguage":"en-US","@id":"https:\/\/secure.gravatar.com\/avatar\/19f19467ae305ded5d913deae2fb6c6f29fe88a0a7f3a4dca5679407289a9efd?s=96&d=mm&r=g","url":"https:\/\/secure.gravatar.com\/avatar\/19f19467ae305ded5d913deae2fb6c6f29fe88a0a7f3a4dca5679407289a9efd?s=96&d=mm&r=g","contentUrl":"https:\/\/secure.gravatar.com\/avatar\/19f19467ae305ded5d913deae2fb6c6f29fe88a0a7f3a4dca5679407289a9efd?s=96&d=mm&r=g","caption":"Fazenda Boqueir\u00e3o"},"url":"https:\/\/www.fazendaboqueiraorn.com.br\/en\/author\/fazenda\/"}]}},"jetpack_publicize_connections":[],"uagb_featured_image_src":{"full":["https:\/\/i0.wp.com\/www.fazendaboqueiraorn.com.br\/wp-content\/uploads\/2023\/04\/segunda-cheia-2023.jpg?fit=480%2C260&ssl=1",480,260,false],"thumbnail":["https:\/\/i0.wp.com\/www.fazendaboqueiraorn.com.br\/wp-content\/uploads\/2023\/04\/segunda-cheia-2023.jpg?resize=150%2C150&ssl=1",150,150,true],"medium":["https:\/\/i0.wp.com\/www.fazendaboqueiraorn.com.br\/wp-content\/uploads\/2023\/04\/segunda-cheia-2023.jpg?fit=300%2C163&ssl=1",300,163,true],"medium_large":["https:\/\/i0.wp.com\/www.fazendaboqueiraorn.com.br\/wp-content\/uploads\/2023\/04\/segunda-cheia-2023.jpg?fit=480%2C260&ssl=1",480,260,true],"large":["https:\/\/i0.wp.com\/www.fazendaboqueiraorn.com.br\/wp-content\/uploads\/2023\/04\/segunda-cheia-2023.jpg?fit=480%2C260&ssl=1",480,260,true],"1536x1536":["https:\/\/i0.wp.com\/www.fazendaboqueiraorn.com.br\/wp-content\/uploads\/2023\/04\/segunda-cheia-2023.jpg?fit=480%2C260&ssl=1",480,260,true],"2048x2048":["https:\/\/i0.wp.com\/www.fazendaboqueiraorn.com.br\/wp-content\/uploads\/2023\/04\/segunda-cheia-2023.jpg?fit=480%2C260&ssl=1",480,260,true],"trp-custom-language-flag":["https:\/\/i0.wp.com\/www.fazendaboqueiraorn.com.br\/wp-content\/uploads\/2023\/04\/segunda-cheia-2023.jpg?fit=18%2C10&ssl=1",18,10,true],"ultp_layout_landscape_large":["https:\/\/i0.wp.com\/www.fazendaboqueiraorn.com.br\/wp-content\/uploads\/2023\/04\/segunda-cheia-2023.jpg?resize=480%2C260&ssl=1",480,260,true],"ultp_layout_landscape":["https:\/\/i0.wp.com\/www.fazendaboqueiraorn.com.br\/wp-content\/uploads\/2023\/04\/segunda-cheia-2023.jpg?resize=480%2C260&ssl=1",480,260,true],"ultp_layout_portrait":["https:\/\/i0.wp.com\/www.fazendaboqueiraorn.com.br\/wp-content\/uploads\/2023\/04\/segunda-cheia-2023.jpg?resize=480%2C260&ssl=1",480,260,true],"ultp_layout_square":["https:\/\/i0.wp.com\/www.fazendaboqueiraorn.com.br\/wp-content\/uploads\/2023\/04\/segunda-cheia-2023.jpg?resize=480%2C260&ssl=1",480,260,true],"woocommerce_thumbnail":["https:\/\/www.fazendaboqueiraorn.com.br\/wp-content\/uploads\/2023\/04\/segunda-cheia-2023-300x260.jpg",300,260,true],"woocommerce_single":["https:\/\/www.fazendaboqueiraorn.com.br\/wp-content\/uploads\/2023\/04\/segunda-cheia-2023.jpg",480,260,false],"woocommerce_gallery_thumbnail":["https:\/\/www.fazendaboqueiraorn.com.br\/wp-content\/uploads\/2023\/04\/segunda-cheia-2023-100x100.jpg",100,100,true],"web-stories-poster-portrait":["https:\/\/www.fazendaboqueiraorn.com.br\/wp-content\/uploads\/2023\/04\/segunda-cheia-2023.jpg",480,260,false],"web-stories-publisher-logo":["https:\/\/www.fazendaboqueiraorn.com.br\/wp-content\/uploads\/2023\/04\/segunda-cheia-2023.jpg",96,52,false],"web-stories-thumbnail":["https:\/\/www.fazendaboqueiraorn.com.br\/wp-content\/uploads\/2023\/04\/segunda-cheia-2023.jpg",150,81,false]},"uagb_author_info":{"display_name":"Fazenda Boqueir\u00e3o","author_link":"https:\/\/www.fazendaboqueiraorn.com.br\/en\/author\/fazenda\/"},"uagb_comment_info":0,"uagb_excerpt":"No Dia Mundial da \u00c1gua, uma data crucial para reflex\u00e3o e a\u00e7\u00e3o, destacamos a necessidade premente de preservar e gerenciar nossos recursos h\u00eddricos.","jetpack_featured_media_url":"https:\/\/i0.wp.com\/www.fazendaboqueiraorn.com.br\/wp-content\/uploads\/2023\/04\/segunda-cheia-2023.jpg?fit=480%2C260&ssl=1","jetpack_sharing_enabled":true,"jetpack_likes_enabled":true,"_links":{"self":[{"href":"https:\/\/www.fazendaboqueiraorn.com.br\/en\/wp-json\/wp\/v2\/posts\/4820","targetHints":{"allow":["GET"]}}],"collection":[{"href":"https:\/\/www.fazendaboqueiraorn.com.br\/en\/wp-json\/wp\/v2\/posts"}],"about":[{"href":"https:\/\/www.fazendaboqueiraorn.com.br\/en\/wp-json\/wp\/v2\/types\/post"}],"author":[{"embeddable":true,"href":"https:\/\/www.fazendaboqueiraorn.com.br\/en\/wp-json\/wp\/v2\/users\/2"}],"replies":[{"embeddable":true,"href":"https:\/\/www.fazendaboqueiraorn.com.br\/en\/wp-json\/wp\/v2\/comments?post=4820"}],"version-history":[{"count":1,"href":"https:\/\/www.fazendaboqueiraorn.com.br\/en\/wp-json\/wp\/v2\/posts\/4820\/revisions"}],"predecessor-version":[{"id":4824,"href":"https:\/\/www.fazendaboqueiraorn.com.br\/en\/wp-json\/wp\/v2\/posts\/4820\/revisions\/4824"}],"wp:featuredmedia":[{"embeddable":true,"href":"https:\/\/www.fazendaboqueiraorn.com.br\/en\/wp-json\/wp\/v2\/media\/3797"}],"wp:attachment":[{"href":"https:\/\/www.fazendaboqueiraorn.com.br\/en\/wp-json\/wp\/v2\/media?parent=4820"}],"wp:term":[{"taxonomy":"category","embeddable":true,"href":"https:\/\/www.fazendaboqueiraorn.com.br\/en\/wp-json\/wp\/v2\/categories?post=4820"},{"taxonomy":"post_tag","embeddable":true,"href":"https:\/\/www.fazendaboqueiraorn.com.br\/en\/wp-json\/wp\/v2\/tags?post=4820"}],"curies":[{"name":"wp","href":"https:\/\/api.w.org\/{rel}","templated":true}]}}