{"id":4789,"date":"2024-03-20T06:16:00","date_gmt":"2024-03-20T09:16:00","guid":{"rendered":"https:\/\/www.fazendaboqueiraorn.com.br\/?p=4789"},"modified":"2024-03-19T22:15:50","modified_gmt":"2024-03-20T01:15:50","slug":"3a-festa-do-cavalo","status":"publish","type":"post","link":"https:\/\/www.fazendaboqueiraorn.com.br\/en\/3a-festa-do-cavalo\/","title":{"rendered":"3\u00aa Festa do Cavalo"},"content":{"rendered":"<figure class=\"wp-block-image aligncenter size-large\"><img data-recalc-dims=\"1\" decoding=\"async\" width=\"819\" height=\"1024\" loading=\"lazy\" src=\"https:\/\/i0.wp.com\/www.fazendaboqueiraorn.com.br\/wp-content\/uploads\/2024\/03\/festa-do-cavalo-2024.jpg?resize=819%2C1024&#038;ssl=1\" alt=\"3\u00aa Festa do Cavalo\" class=\"wp-image-4790\" srcset=\"https:\/\/i0.wp.com\/www.fazendaboqueiraorn.com.br\/wp-content\/uploads\/2024\/03\/festa-do-cavalo-2024-scaled.jpg?resize=819%2C1024&amp;ssl=1 819w, https:\/\/i0.wp.com\/www.fazendaboqueiraorn.com.br\/wp-content\/uploads\/2024\/03\/festa-do-cavalo-2024-scaled.jpg?resize=600%2C750&amp;ssl=1 600w, https:\/\/i0.wp.com\/www.fazendaboqueiraorn.com.br\/wp-content\/uploads\/2024\/03\/festa-do-cavalo-2024-scaled.jpg?resize=240%2C300&amp;ssl=1 240w, https:\/\/i0.wp.com\/www.fazendaboqueiraorn.com.br\/wp-content\/uploads\/2024\/03\/festa-do-cavalo-2024-scaled.jpg?resize=768%2C960&amp;ssl=1 768w, https:\/\/i0.wp.com\/www.fazendaboqueiraorn.com.br\/wp-content\/uploads\/2024\/03\/festa-do-cavalo-2024-scaled.jpg?resize=10%2C12&amp;ssl=1 10w, https:\/\/i0.wp.com\/www.fazendaboqueiraorn.com.br\/wp-content\/uploads\/2024\/03\/festa-do-cavalo-2024-scaled.jpg?resize=150%2C188&amp;ssl=1 150w, https:\/\/i0.wp.com\/www.fazendaboqueiraorn.com.br\/wp-content\/uploads\/2024\/03\/festa-do-cavalo-2024-scaled.jpg?w=800&amp;ssl=1 800w\" sizes=\"auto, (max-width: 819px) 100vw, 819px\" \/><\/figure>\n\n\n\n<p>3\u00aa Festa do Cavalo de 21 a 24 de mar\u00e7o no Parque de Exposi\u00e7\u00f5es Arist\u00f3fanes Fernandes em Parnamirim\/RN e contar\u00e1 com leil\u00e3o, palestras, cursos, feiras, exposi\u00e7\u00f5es e provas.<\/p>\n\n\n\n<h2 class=\"wp-block-heading\">Programa\u00e7\u00e3o da 3\u00aa Festa do Cavalo<\/h2>\n\n\n\n<h3 class=\"wp-block-heading\">21\/03 &#8211; Quinta-feira <\/h3>\n\n\n\n<p>8h &#8211; In\u00edcio da exposi\u00e7\u00e3o especializada do mangalarga marchador, valendo pela 5\u00aa etapa do campeonato nordestino, com provas de prog\u00eanie, morfologia, marcha e funcional.<\/p>\n\n\n\n<p>8h \u00e0s 17h &#8211; Curso de casqueamento e ferrageamento com instrutor Kleyton Fernantes<\/p>\n\n\n\n<p>8h &#8211; Curso com Steve Bezerra: R\u00e9deas e Domas Avan\u00e7adas<\/p>\n\n\n\n<p>17h &#8211; Abertura oficial da 3\u00aa Festa do Cavalo<\/p>\n\n\n\n<p>17h &#8211; Apresenta\u00e7\u00e3o dos resultados do projeto Equoterapia no Parque<\/p>\n\n\n\n<h3 class=\"wp-block-heading\">22\/03 &#8211; Sexta-feira<\/h3>\n\n\n\n<p>8h &#8211; Continua\u00e7\u00e3o da exposi\u00e7\u00e3o especializada do mangalarga machador (5\u00aaetapa do campeonato nordestino) e suas respectivas provas<\/p>\n\n\n\n<p>8h &#8211; Abertura do escrit\u00f3rio m\u00f3vel da ABQM para regulariza\u00e7\u00e3o de pend\u00eancias<\/p>\n\n\n\n<p>8h &#8211; Caf\u00e9 da manh\u00e3 de lan\u00e7amento do calend\u00e1rio 2024 do Circuito de Exposi\u00e7\u00f5es Agropecu\u00e1rias do RN (Exclusivo para convidados e Imprensa)<\/p>\n\n\n\n<p>8h \u00e0s 17h &#8211; Curso de casqueamento e ferrageamento com instrutor Kleyton Fernantes<\/p>\n\n\n\n<p>8h &#8211; Curso com Steve Bezerra: R\u00e9deas e Domas Avan\u00e7adas<\/p>\n\n\n\n<p>15h &#8211; Apresenta\u00e7\u00e3o da Galeria dos Garanh\u00f5es<\/p>\n\n\n\n<p>15h30 &#8211; Prova de Morfologia da ra\u00e7a Quarto de Milha<\/p>\n\n\n\n<p>18h &#8211; Encerramento do escrit\u00f3rio m\u00f3vel da ABQM para regulariza\u00e7\u00e3o de pend\u00eancias<\/p>\n\n\n\n<p>19h &#8211; Apresenta\u00e7\u00e3o dos animais do Leil\u00e3o Ra\u00edzes da Vaquejada &#8220;Na Vitrine&#8221;<\/p>\n\n\n\n<h3 class=\"wp-block-heading\">23\/03 &#8211; S\u00e1bado<\/h3>\n\n\n\n<p>8h &#8211; Disputa dos grandes campeonatos do mangalarga marchador (morfologia e marcha)<\/p>\n\n\n\n<p>8h &#8211; Abertura do escrit\u00f3rio m\u00f3vel da ABQM para regulariza\u00e7\u00e3o de pend\u00eancias<\/p>\n\n\n\n<p>13h &#8211; Leil\u00e3o Ra\u00edzes da Vaquejada &#8220;Na Vitrine&#8221;<\/p>\n\n\n\n<p>16h &#8211; Provas sociais do mangalarga marchador<\/p>\n\n\n\n<p>18h &#8211; Encerramento do escrit\u00f3rio m\u00f3vel da ABQM para regulariza\u00e7\u00e3o de pend\u00eancias<\/p>\n\n\n\n<h3 class=\"wp-block-heading\">24\/03 &#8211; Domingo<\/h3>\n\n\n\n<p>9h &#8211; Disputa das provas esportivas do mangalarga marchador: maneabilidade, 3 tambores e 6 balizas (kids, mirim, juvenil, feminino, adulto, master e aberta)<\/p>","protected":false},"excerpt":{"rendered":"<p>3\u00aa Festa do Cavalo de 21 a 24 de mar\u00e7o no Parque de Exposi\u00e7\u00f5es Arist\u00f3fanes Fernandes em Parnamirim\/RN.<\/p>","protected":false},"author":2,"featured_media":4790,"comment_status":"open","ping_status":"open","sticky":false,"template":"","format":"standard","meta":{"nf_dc_page":"","_uag_custom_page_level_css":"","site-sidebar-layout":"default","site-content-layout":"","ast-site-content-layout":"default","site-content-style":"default","site-sidebar-style":"default","ast-global-header-display":"","ast-banner-title-visibility":"","ast-main-header-display":"","ast-hfb-above-header-display":"","ast-hfb-below-header-display":"","ast-hfb-mobile-header-display":"","site-post-title":"","ast-breadcrumbs-content":"","ast-featured-img":"","footer-sml-layout":"","ast-disable-related-posts":"","theme-transparent-header-meta":"","adv-header-id-meta":"","stick-header-meta":"","header-above-stick-meta":"","header-main-stick-meta":"","header-below-stick-meta":"","astra-migrate-meta-layouts":"default","ast-page-background-enabled":"default","ast-page-background-meta":{"desktop":{"background-color":"var(--ast-global-color-4)","background-image":"","background-repeat":"repeat","background-position":"center center","background-size":"auto","background-attachment":"scroll","background-type":"","background-media":"","overlay-type":"","overlay-color":"","overlay-opacity":"","overlay-gradient":""},"tablet":{"background-color":"","background-image":"","background-repeat":"repeat","background-position":"center center","background-size":"auto","background-attachment":"scroll","background-type":"","background-media":"","overlay-type":"","overlay-color":"","overlay-opacity":"","overlay-gradient":""},"mobile":{"background-color":"","background-image":"","background-repeat":"repeat","background-position":"center center","background-size":"auto","background-attachment":"scroll","background-type":"","background-media":"","overlay-type":"","overlay-color":"","overlay-opacity":"","overlay-gradient":""}},"ast-content-background-meta":{"desktop":{"background-color":"var(--ast-global-color-5)","background-image":"","background-repeat":"repeat","background-position":"center center","background-size":"auto","background-attachment":"scroll","background-type":"","background-media":"","overlay-type":"","overlay-color":"","overlay-opacity":"","overlay-gradient":""},"tablet":{"background-color":"var(--ast-global-color-5)","background-image":"","background-repeat":"repeat","background-position":"center center","background-size":"auto","background-attachment":"scroll","background-type":"","background-media":"","overlay-type":"","overlay-color":"","overlay-opacity":"","overlay-gradient":""},"mobile":{"background-color":"var(--ast-global-color-5)","background-image":"","background-repeat":"repeat","background-position":"center center","background-size":"auto","background-attachment":"scroll","background-type":"","background-media":"","overlay-type":"","overlay-color":"","overlay-opacity":"","overlay-gradient":""}},"jetpack_post_was_ever_published":false,"_jetpack_newsletter_access":"","_jetpack_dont_email_post_to_subs":false,"_jetpack_newsletter_tier_id":0,"_jetpack_memberships_contains_paywalled_content":false,"_jetpack_memberships_contains_paid_content":false,"footnotes":"","jetpack_publicize_message":"","jetpack_publicize_feature_enabled":true,"jetpack_social_post_already_shared":true,"jetpack_social_options":{"image_generator_settings":{"template":"highway","default_image_id":0,"font":"","enabled":false},"version":2}},"categories":[429],"tags":[1469,103,208,354,89,185,11],"class_list":["post-4789","post","type-post","status-publish","format-standard","has-post-thumbnail","hentry","category-eventos","tag-1469","tag-curso","tag-festa","tag-festa-do-cavalo","tag-itr","tag-parnamirim","tag-vaquejada"],"yoast_head":"<!-- This site is optimized with the Yoast SEO plugin v27.4 - https:\/\/yoast.com\/product\/yoast-seo-wordpress\/ -->\n<title>3\u00aa Festa do Cavalo - Fazenda Boqueir\u00e3o<\/title>\n<meta name=\"description\" content=\"3\u00aa Festa do Cavalo de 21 a 24 de mar\u00e7o no Parque de Exposi\u00e7\u00f5es Arist\u00f3fanes Fernandes em Parnamirim\/RN.\" \/>\n<meta name=\"robots\" content=\"index, follow, max-snippet:-1, max-image-preview:large, max-video-preview:-1\" \/>\n<link rel=\"canonical\" href=\"https:\/\/www.fazendaboqueiraorn.com.br\/en\/3a-festa-do-cavalo\/\" \/>\n<meta property=\"og:locale\" content=\"en_US\" \/>\n<meta property=\"og:type\" content=\"article\" \/>\n<meta property=\"og:title\" content=\"3\u00aa Festa do Cavalo - Fazenda Boqueir\u00e3o\" \/>\n<meta property=\"og:description\" content=\"3\u00aa Festa do Cavalo de 21 a 24 de mar\u00e7o no Parque de Exposi\u00e7\u00f5es Arist\u00f3fanes Fernandes em Parnamirim\/RN.\" \/>\n<meta property=\"og:url\" content=\"https:\/\/www.fazendaboqueiraorn.com.br\/en\/3a-festa-do-cavalo\/\" \/>\n<meta property=\"og:site_name\" content=\"Fazenda Boqueir\u00e3o\" \/>\n<meta property=\"article:publisher\" content=\"https:\/\/www.facebook.com\/fazboqueirao\" \/>\n<meta property=\"article:published_time\" content=\"2024-03-20T09:16:00+00:00\" \/>\n<meta property=\"og:image\" content=\"https:\/\/www.fazendaboqueiraorn.com.br\/wp-content\/uploads\/2024\/03\/festa-do-cavalo-2024-scaled.jpg\" \/>\n\t<meta property=\"og:image:width\" content=\"800\" \/>\n\t<meta property=\"og:image:height\" content=\"1000\" \/>\n\t<meta property=\"og:image:type\" content=\"image\/jpeg\" \/>\n<meta name=\"author\" content=\"Fazenda Boqueir\u00e3o\" \/>\n<meta name=\"twitter:card\" content=\"summary_large_image\" \/>\n<meta name=\"twitter:creator\" content=\"@FazBoqueirao\" \/>\n<meta name=\"twitter:site\" content=\"@FazBoqueirao\" \/>\n<meta name=\"twitter:label1\" content=\"Written by\" \/>\n\t<meta name=\"twitter:data1\" content=\"Fazenda Boqueir\u00e3o\" \/>\n\t<meta name=\"twitter:label2\" content=\"Est. reading time\" \/>\n\t<meta name=\"twitter:data2\" content=\"2 minutes\" \/>\n<script type=\"application\/ld+json\" class=\"yoast-schema-graph\">{\"@context\":\"https:\\\/\\\/schema.org\",\"@graph\":[{\"@type\":\"Article\",\"@id\":\"https:\\\/\\\/www.fazendaboqueiraorn.com.br\\\/3a-festa-do-cavalo\\\/#article\",\"isPartOf\":{\"@id\":\"https:\\\/\\\/www.fazendaboqueiraorn.com.br\\\/3a-festa-do-cavalo\\\/\"},\"author\":{\"name\":\"Fazenda Boqueir\u00e3o\",\"@id\":\"https:\\\/\\\/www.fazendaboqueiraorn.com.br\\\/#\\\/schema\\\/person\\\/70484dc96f76e66c6365a9f4a2ebfb02\"},\"headline\":\"3\u00aa Festa do Cavalo\",\"datePublished\":\"2024-03-20T09:16:00+00:00\",\"mainEntityOfPage\":{\"@id\":\"https:\\\/\\\/www.fazendaboqueiraorn.com.br\\\/3a-festa-do-cavalo\\\/\"},\"wordCount\":337,\"commentCount\":0,\"publisher\":{\"@id\":\"https:\\\/\\\/www.fazendaboqueiraorn.com.br\\\/#organization\"},\"image\":{\"@id\":\"https:\\\/\\\/www.fazendaboqueiraorn.com.br\\\/3a-festa-do-cavalo\\\/#primaryimage\"},\"thumbnailUrl\":\"https:\\\/\\\/i0.wp.com\\\/www.fazendaboqueiraorn.com.br\\\/wp-content\\\/uploads\\\/2024\\\/03\\\/festa-do-cavalo-2024-scaled.jpg?fit=800%2C1000&ssl=1\",\"keywords\":[\"2024\",\"curso\",\"festa\",\"festa do cavalo\",\"ITR\",\"Parnamirim\",\"vaquejada\"],\"articleSection\":[\"Eventos\"],\"inLanguage\":\"en-US\",\"potentialAction\":[{\"@type\":\"CommentAction\",\"name\":\"Comment\",\"target\":[\"https:\\\/\\\/www.fazendaboqueiraorn.com.br\\\/3a-festa-do-cavalo\\\/#respond\"]}]},{\"@type\":\"WebPage\",\"@id\":\"https:\\\/\\\/www.fazendaboqueiraorn.com.br\\\/3a-festa-do-cavalo\\\/\",\"url\":\"https:\\\/\\\/www.fazendaboqueiraorn.com.br\\\/3a-festa-do-cavalo\\\/\",\"name\":\"3\u00aa Festa do Cavalo - Fazenda Boqueir\u00e3o\",\"isPartOf\":{\"@id\":\"https:\\\/\\\/www.fazendaboqueiraorn.com.br\\\/#website\"},\"primaryImageOfPage\":{\"@id\":\"https:\\\/\\\/www.fazendaboqueiraorn.com.br\\\/3a-festa-do-cavalo\\\/#primaryimage\"},\"image\":{\"@id\":\"https:\\\/\\\/www.fazendaboqueiraorn.com.br\\\/3a-festa-do-cavalo\\\/#primaryimage\"},\"thumbnailUrl\":\"https:\\\/\\\/i0.wp.com\\\/www.fazendaboqueiraorn.com.br\\\/wp-content\\\/uploads\\\/2024\\\/03\\\/festa-do-cavalo-2024-scaled.jpg?fit=800%2C1000&ssl=1\",\"datePublished\":\"2024-03-20T09:16:00+00:00\",\"description\":\"3\u00aa Festa do Cavalo de 21 a 24 de mar\u00e7o no Parque de Exposi\u00e7\u00f5es Arist\u00f3fanes Fernandes em Parnamirim\\\/RN.\",\"breadcrumb\":{\"@id\":\"https:\\\/\\\/www.fazendaboqueiraorn.com.br\\\/3a-festa-do-cavalo\\\/#breadcrumb\"},\"inLanguage\":\"en-US\",\"potentialAction\":[{\"@type\":\"ReadAction\",\"target\":[\"https:\\\/\\\/www.fazendaboqueiraorn.com.br\\\/3a-festa-do-cavalo\\\/\"]}]},{\"@type\":\"ImageObject\",\"inLanguage\":\"en-US\",\"@id\":\"https:\\\/\\\/www.fazendaboqueiraorn.com.br\\\/3a-festa-do-cavalo\\\/#primaryimage\",\"url\":\"https:\\\/\\\/i0.wp.com\\\/www.fazendaboqueiraorn.com.br\\\/wp-content\\\/uploads\\\/2024\\\/03\\\/festa-do-cavalo-2024-scaled.jpg?fit=800%2C1000&ssl=1\",\"contentUrl\":\"https:\\\/\\\/i0.wp.com\\\/www.fazendaboqueiraorn.com.br\\\/wp-content\\\/uploads\\\/2024\\\/03\\\/festa-do-cavalo-2024-scaled.jpg?fit=800%2C1000&ssl=1\",\"width\":800,\"height\":1000,\"caption\":\"3\u00aa Festa do Cavalo\"},{\"@type\":\"BreadcrumbList\",\"@id\":\"https:\\\/\\\/www.fazendaboqueiraorn.com.br\\\/3a-festa-do-cavalo\\\/#breadcrumb\",\"itemListElement\":[{\"@type\":\"ListItem\",\"position\":1,\"name\":\"Home\",\"item\":\"https:\\\/\\\/www.fazendaboqueiraorn.com.br\\\/\"},{\"@type\":\"ListItem\",\"position\":2,\"name\":\"3\u00aa Festa do Cavalo\"}]},{\"@type\":\"WebSite\",\"@id\":\"https:\\\/\\\/www.fazendaboqueiraorn.com.br\\\/#website\",\"url\":\"https:\\\/\\\/www.fazendaboqueiraorn.com.br\\\/\",\"name\":\"Fazenda Boqueir\u00e3o\",\"description\":\"\",\"publisher\":{\"@id\":\"https:\\\/\\\/www.fazendaboqueiraorn.com.br\\\/#organization\"},\"potentialAction\":[{\"@type\":\"SearchAction\",\"target\":{\"@type\":\"EntryPoint\",\"urlTemplate\":\"https:\\\/\\\/www.fazendaboqueiraorn.com.br\\\/?s={search_term_string}\"},\"query-input\":{\"@type\":\"PropertyValueSpecification\",\"valueRequired\":true,\"valueName\":\"search_term_string\"}}],\"inLanguage\":\"en-US\"},{\"@type\":\"Organization\",\"@id\":\"https:\\\/\\\/www.fazendaboqueiraorn.com.br\\\/#organization\",\"name\":\"Fazenda Boqueir\u00e3o\",\"url\":\"https:\\\/\\\/www.fazendaboqueiraorn.com.br\\\/\",\"logo\":{\"@type\":\"ImageObject\",\"inLanguage\":\"en-US\",\"@id\":\"https:\\\/\\\/www.fazendaboqueiraorn.com.br\\\/#\\\/schema\\\/logo\\\/image\\\/\",\"url\":\"https:\\\/\\\/i0.wp.com\\\/www.fazendaboqueiraorn.com.br\\\/wp-content\\\/uploads\\\/2021\\\/08\\\/logo-fazenda-120x120-1.png?fit=120%2C120&ssl=1\",\"contentUrl\":\"https:\\\/\\\/i0.wp.com\\\/www.fazendaboqueiraorn.com.br\\\/wp-content\\\/uploads\\\/2021\\\/08\\\/logo-fazenda-120x120-1.png?fit=120%2C120&ssl=1\",\"width\":120,\"height\":120,\"caption\":\"Fazenda Boqueir\u00e3o\"},\"image\":{\"@id\":\"https:\\\/\\\/www.fazendaboqueiraorn.com.br\\\/#\\\/schema\\\/logo\\\/image\\\/\"},\"sameAs\":[\"https:\\\/\\\/www.facebook.com\\\/fazboqueirao\",\"https:\\\/\\\/x.com\\\/FazBoqueirao\",\"http:\\\/\\\/instagram.com\\\/fazboqueirao\\\/\",\"https:\\\/\\\/www.linkedin.com\\\/company\\\/fazboqueirao\\\/\",\"https:\\\/\\\/www.youtube.com\\\/channel\\\/UCUA4_8v8HkmMeNUh8c6Ky1Q\"]},{\"@type\":\"Person\",\"@id\":\"https:\\\/\\\/www.fazendaboqueiraorn.com.br\\\/#\\\/schema\\\/person\\\/70484dc96f76e66c6365a9f4a2ebfb02\",\"name\":\"Fazenda Boqueir\u00e3o\",\"image\":{\"@type\":\"ImageObject\",\"inLanguage\":\"en-US\",\"@id\":\"https:\\\/\\\/secure.gravatar.com\\\/avatar\\\/19f19467ae305ded5d913deae2fb6c6f29fe88a0a7f3a4dca5679407289a9efd?s=96&d=mm&r=g\",\"url\":\"https:\\\/\\\/secure.gravatar.com\\\/avatar\\\/19f19467ae305ded5d913deae2fb6c6f29fe88a0a7f3a4dca5679407289a9efd?s=96&d=mm&r=g\",\"contentUrl\":\"https:\\\/\\\/secure.gravatar.com\\\/avatar\\\/19f19467ae305ded5d913deae2fb6c6f29fe88a0a7f3a4dca5679407289a9efd?s=96&d=mm&r=g\",\"caption\":\"Fazenda Boqueir\u00e3o\"},\"url\":\"https:\\\/\\\/www.fazendaboqueiraorn.com.br\\\/en\\\/author\\\/fazenda\\\/\"}]}<\/script>\n<!-- \/ Yoast SEO plugin. -->","yoast_head_json":{"title":"3\u00aa Festa do Cavalo - Fazenda Boqueir\u00e3o","description":"3\u00aa Festa do Cavalo de 21 a 24 de mar\u00e7o no Parque de Exposi\u00e7\u00f5es Arist\u00f3fanes Fernandes em Parnamirim\/RN.","robots":{"index":"index","follow":"follow","max-snippet":"max-snippet:-1","max-image-preview":"max-image-preview:large","max-video-preview":"max-video-preview:-1"},"canonical":"https:\/\/www.fazendaboqueiraorn.com.br\/en\/3a-festa-do-cavalo\/","og_locale":"en_US","og_type":"article","og_title":"3\u00aa Festa do Cavalo - Fazenda Boqueir\u00e3o","og_description":"3\u00aa Festa do Cavalo de 21 a 24 de mar\u00e7o no Parque de Exposi\u00e7\u00f5es Arist\u00f3fanes Fernandes em Parnamirim\/RN.","og_url":"https:\/\/www.fazendaboqueiraorn.com.br\/en\/3a-festa-do-cavalo\/","og_site_name":"Fazenda Boqueir\u00e3o","article_publisher":"https:\/\/www.facebook.com\/fazboqueirao","article_published_time":"2024-03-20T09:16:00+00:00","og_image":[{"width":800,"height":1000,"url":"https:\/\/www.fazendaboqueiraorn.com.br\/wp-content\/uploads\/2024\/03\/festa-do-cavalo-2024-scaled.jpg","type":"image\/jpeg"}],"author":"Fazenda Boqueir\u00e3o","twitter_card":"summary_large_image","twitter_creator":"@FazBoqueirao","twitter_site":"@FazBoqueirao","twitter_misc":{"Written by":"Fazenda Boqueir\u00e3o","Est. reading time":"2 minutes"},"schema":{"@context":"https:\/\/schema.org","@graph":[{"@type":"Article","@id":"https:\/\/www.fazendaboqueiraorn.com.br\/3a-festa-do-cavalo\/#article","isPartOf":{"@id":"https:\/\/www.fazendaboqueiraorn.com.br\/3a-festa-do-cavalo\/"},"author":{"name":"Fazenda Boqueir\u00e3o","@id":"https:\/\/www.fazendaboqueiraorn.com.br\/#\/schema\/person\/70484dc96f76e66c6365a9f4a2ebfb02"},"headline":"3\u00aa Festa do Cavalo","datePublished":"2024-03-20T09:16:00+00:00","mainEntityOfPage":{"@id":"https:\/\/www.fazendaboqueiraorn.com.br\/3a-festa-do-cavalo\/"},"wordCount":337,"commentCount":0,"publisher":{"@id":"https:\/\/www.fazendaboqueiraorn.com.br\/#organization"},"image":{"@id":"https:\/\/www.fazendaboqueiraorn.com.br\/3a-festa-do-cavalo\/#primaryimage"},"thumbnailUrl":"https:\/\/i0.wp.com\/www.fazendaboqueiraorn.com.br\/wp-content\/uploads\/2024\/03\/festa-do-cavalo-2024-scaled.jpg?fit=800%2C1000&ssl=1","keywords":["2024","curso","festa","festa do cavalo","ITR","Parnamirim","vaquejada"],"articleSection":["Eventos"],"inLanguage":"en-US","potentialAction":[{"@type":"CommentAction","name":"Comment","target":["https:\/\/www.fazendaboqueiraorn.com.br\/3a-festa-do-cavalo\/#respond"]}]},{"@type":"WebPage","@id":"https:\/\/www.fazendaboqueiraorn.com.br\/3a-festa-do-cavalo\/","url":"https:\/\/www.fazendaboqueiraorn.com.br\/3a-festa-do-cavalo\/","name":"3\u00aa Festa do Cavalo - Fazenda Boqueir\u00e3o","isPartOf":{"@id":"https:\/\/www.fazendaboqueiraorn.com.br\/#website"},"primaryImageOfPage":{"@id":"https:\/\/www.fazendaboqueiraorn.com.br\/3a-festa-do-cavalo\/#primaryimage"},"image":{"@id":"https:\/\/www.fazendaboqueiraorn.com.br\/3a-festa-do-cavalo\/#primaryimage"},"thumbnailUrl":"https:\/\/i0.wp.com\/www.fazendaboqueiraorn.com.br\/wp-content\/uploads\/2024\/03\/festa-do-cavalo-2024-scaled.jpg?fit=800%2C1000&ssl=1","datePublished":"2024-03-20T09:16:00+00:00","description":"3\u00aa Festa do Cavalo de 21 a 24 de mar\u00e7o no Parque de Exposi\u00e7\u00f5es Arist\u00f3fanes Fernandes em Parnamirim\/RN.","breadcrumb":{"@id":"https:\/\/www.fazendaboqueiraorn.com.br\/3a-festa-do-cavalo\/#breadcrumb"},"inLanguage":"en-US","potentialAction":[{"@type":"ReadAction","target":["https:\/\/www.fazendaboqueiraorn.com.br\/3a-festa-do-cavalo\/"]}]},{"@type":"ImageObject","inLanguage":"en-US","@id":"https:\/\/www.fazendaboqueiraorn.com.br\/3a-festa-do-cavalo\/#primaryimage","url":"https:\/\/i0.wp.com\/www.fazendaboqueiraorn.com.br\/wp-content\/uploads\/2024\/03\/festa-do-cavalo-2024-scaled.jpg?fit=800%2C1000&ssl=1","contentUrl":"https:\/\/i0.wp.com\/www.fazendaboqueiraorn.com.br\/wp-content\/uploads\/2024\/03\/festa-do-cavalo-2024-scaled.jpg?fit=800%2C1000&ssl=1","width":800,"height":1000,"caption":"3\u00aa Festa do Cavalo"},{"@type":"BreadcrumbList","@id":"https:\/\/www.fazendaboqueiraorn.com.br\/3a-festa-do-cavalo\/#breadcrumb","itemListElement":[{"@type":"ListItem","position":1,"name":"Home","item":"https:\/\/www.fazendaboqueiraorn.com.br\/"},{"@type":"ListItem","position":2,"name":"3\u00aa Festa do Cavalo"}]},{"@type":"WebSite","@id":"https:\/\/www.fazendaboqueiraorn.com.br\/#website","url":"https:\/\/www.fazendaboqueiraorn.com.br\/","name":"Fazenda Boqueir\u00e3o","description":"","publisher":{"@id":"https:\/\/www.fazendaboqueiraorn.com.br\/#organization"},"potentialAction":[{"@type":"SearchAction","target":{"@type":"EntryPoint","urlTemplate":"https:\/\/www.fazendaboqueiraorn.com.br\/?s={search_term_string}"},"query-input":{"@type":"PropertyValueSpecification","valueRequired":true,"valueName":"search_term_string"}}],"inLanguage":"en-US"},{"@type":"Organization","@id":"https:\/\/www.fazendaboqueiraorn.com.br\/#organization","name":"Fazenda Boqueir\u00e3o","url":"https:\/\/www.fazendaboqueiraorn.com.br\/","logo":{"@type":"ImageObject","inLanguage":"en-US","@id":"https:\/\/www.fazendaboqueiraorn.com.br\/#\/schema\/logo\/image\/","url":"https:\/\/i0.wp.com\/www.fazendaboqueiraorn.com.br\/wp-content\/uploads\/2021\/08\/logo-fazenda-120x120-1.png?fit=120%2C120&ssl=1","contentUrl":"https:\/\/i0.wp.com\/www.fazendaboqueiraorn.com.br\/wp-content\/uploads\/2021\/08\/logo-fazenda-120x120-1.png?fit=120%2C120&ssl=1","width":120,"height":120,"caption":"Fazenda Boqueir\u00e3o"},"image":{"@id":"https:\/\/www.fazendaboqueiraorn.com.br\/#\/schema\/logo\/image\/"},"sameAs":["https:\/\/www.facebook.com\/fazboqueirao","https:\/\/x.com\/FazBoqueirao","http:\/\/instagram.com\/fazboqueirao\/","https:\/\/www.linkedin.com\/company\/fazboqueirao\/","https:\/\/www.youtube.com\/channel\/UCUA4_8v8HkmMeNUh8c6Ky1Q"]},{"@type":"Person","@id":"https:\/\/www.fazendaboqueiraorn.com.br\/#\/schema\/person\/70484dc96f76e66c6365a9f4a2ebfb02","name":"Fazenda Boqueir\u00e3o","image":{"@type":"ImageObject","inLanguage":"en-US","@id":"https:\/\/secure.gravatar.com\/avatar\/19f19467ae305ded5d913deae2fb6c6f29fe88a0a7f3a4dca5679407289a9efd?s=96&d=mm&r=g","url":"https:\/\/secure.gravatar.com\/avatar\/19f19467ae305ded5d913deae2fb6c6f29fe88a0a7f3a4dca5679407289a9efd?s=96&d=mm&r=g","contentUrl":"https:\/\/secure.gravatar.com\/avatar\/19f19467ae305ded5d913deae2fb6c6f29fe88a0a7f3a4dca5679407289a9efd?s=96&d=mm&r=g","caption":"Fazenda Boqueir\u00e3o"},"url":"https:\/\/www.fazendaboqueiraorn.com.br\/en\/author\/fazenda\/"}]}},"jetpack_publicize_connections":[],"uagb_featured_image_src":{"full":["https:\/\/i0.wp.com\/www.fazendaboqueiraorn.com.br\/wp-content\/uploads\/2024\/03\/festa-do-cavalo-2024-scaled.jpg?fit=800%2C1000&ssl=1",800,1000,false],"thumbnail":["https:\/\/i0.wp.com\/www.fazendaboqueiraorn.com.br\/wp-content\/uploads\/2024\/03\/festa-do-cavalo-2024-scaled.jpg?resize=150%2C150&ssl=1",150,150,true],"medium":["https:\/\/i0.wp.com\/www.fazendaboqueiraorn.com.br\/wp-content\/uploads\/2024\/03\/festa-do-cavalo-2024-scaled.jpg?fit=240%2C300&ssl=1",240,300,true],"medium_large":["https:\/\/i0.wp.com\/www.fazendaboqueiraorn.com.br\/wp-content\/uploads\/2024\/03\/festa-do-cavalo-2024-scaled.jpg?fit=768%2C960&ssl=1",768,960,true],"large":["https:\/\/i0.wp.com\/www.fazendaboqueiraorn.com.br\/wp-content\/uploads\/2024\/03\/festa-do-cavalo-2024-scaled.jpg?fit=819%2C1024&ssl=1",819,1024,true],"1536x1536":["https:\/\/i0.wp.com\/www.fazendaboqueiraorn.com.br\/wp-content\/uploads\/2024\/03\/festa-do-cavalo-2024-scaled.jpg?fit=800%2C1000&ssl=1",800,1000,true],"2048x2048":["https:\/\/i0.wp.com\/www.fazendaboqueiraorn.com.br\/wp-content\/uploads\/2024\/03\/festa-do-cavalo-2024-scaled.jpg?fit=800%2C1000&ssl=1",800,1000,true],"trp-custom-language-flag":["https:\/\/i0.wp.com\/www.fazendaboqueiraorn.com.br\/wp-content\/uploads\/2024\/03\/festa-do-cavalo-2024-scaled.jpg?fit=10%2C12&ssl=1",10,12,true],"ultp_layout_landscape_large":["https:\/\/i0.wp.com\/www.fazendaboqueiraorn.com.br\/wp-content\/uploads\/2024\/03\/festa-do-cavalo-2024-scaled.jpg?resize=800%2C800&ssl=1",1080,800,true],"ultp_layout_landscape":["https:\/\/i0.wp.com\/www.fazendaboqueiraorn.com.br\/wp-content\/uploads\/2024\/03\/festa-do-cavalo-2024-scaled.jpg?resize=800%2C570&ssl=1",870,570,true],"ultp_layout_portrait":["https:\/\/i0.wp.com\/www.fazendaboqueiraorn.com.br\/wp-content\/uploads\/2024\/03\/festa-do-cavalo-2024-scaled.jpg?resize=600%2C900&ssl=1",600,900,true],"ultp_layout_square":["https:\/\/i0.wp.com\/www.fazendaboqueiraorn.com.br\/wp-content\/uploads\/2024\/03\/festa-do-cavalo-2024-scaled.jpg?resize=600%2C600&ssl=1",600,600,true],"woocommerce_thumbnail":["https:\/\/www.fazendaboqueiraorn.com.br\/wp-content\/uploads\/2024\/03\/festa-do-cavalo-2024-scaled-300x300.jpg",300,300,true],"woocommerce_single":["https:\/\/www.fazendaboqueiraorn.com.br\/wp-content\/uploads\/2024\/03\/festa-do-cavalo-2024-scaled.jpg",600,750,false],"woocommerce_gallery_thumbnail":["https:\/\/www.fazendaboqueiraorn.com.br\/wp-content\/uploads\/2024\/03\/festa-do-cavalo-2024-scaled-100x100.jpg",100,100,true],"web-stories-poster-portrait":["https:\/\/www.fazendaboqueiraorn.com.br\/wp-content\/uploads\/2024\/03\/festa-do-cavalo-2024-640x853.jpg",640,853,true],"web-stories-publisher-logo":["https:\/\/www.fazendaboqueiraorn.com.br\/wp-content\/uploads\/2024\/03\/festa-do-cavalo-2024-96x96.jpg",96,96,true],"web-stories-thumbnail":["https:\/\/www.fazendaboqueiraorn.com.br\/wp-content\/uploads\/2024\/03\/festa-do-cavalo-2024-150x188.jpg",150,188,true]},"uagb_author_info":{"display_name":"Fazenda Boqueir\u00e3o","author_link":"https:\/\/www.fazendaboqueiraorn.com.br\/en\/author\/fazenda\/"},"uagb_comment_info":0,"uagb_excerpt":"3\u00aa Festa do Cavalo de 21 a 24 de mar\u00e7o no Parque de Exposi\u00e7\u00f5es Arist\u00f3fanes Fernandes em Parnamirim\/RN.","jetpack_featured_media_url":"https:\/\/i0.wp.com\/www.fazendaboqueiraorn.com.br\/wp-content\/uploads\/2024\/03\/festa-do-cavalo-2024-scaled.jpg?fit=800%2C1000&ssl=1","jetpack_sharing_enabled":true,"jetpack_likes_enabled":true,"_links":{"self":[{"href":"https:\/\/www.fazendaboqueiraorn.com.br\/en\/wp-json\/wp\/v2\/posts\/4789","targetHints":{"allow":["GET"]}}],"collection":[{"href":"https:\/\/www.fazendaboqueiraorn.com.br\/en\/wp-json\/wp\/v2\/posts"}],"about":[{"href":"https:\/\/www.fazendaboqueiraorn.com.br\/en\/wp-json\/wp\/v2\/types\/post"}],"author":[{"embeddable":true,"href":"https:\/\/www.fazendaboqueiraorn.com.br\/en\/wp-json\/wp\/v2\/users\/2"}],"replies":[{"embeddable":true,"href":"https:\/\/www.fazendaboqueiraorn.com.br\/en\/wp-json\/wp\/v2\/comments?post=4789"}],"version-history":[{"count":1,"href":"https:\/\/www.fazendaboqueiraorn.com.br\/en\/wp-json\/wp\/v2\/posts\/4789\/revisions"}],"predecessor-version":[{"id":4791,"href":"https:\/\/www.fazendaboqueiraorn.com.br\/en\/wp-json\/wp\/v2\/posts\/4789\/revisions\/4791"}],"wp:featuredmedia":[{"embeddable":true,"href":"https:\/\/www.fazendaboqueiraorn.com.br\/en\/wp-json\/wp\/v2\/media\/4790"}],"wp:attachment":[{"href":"https:\/\/www.fazendaboqueiraorn.com.br\/en\/wp-json\/wp\/v2\/media?parent=4789"}],"wp:term":[{"taxonomy":"category","embeddable":true,"href":"https:\/\/www.fazendaboqueiraorn.com.br\/en\/wp-json\/wp\/v2\/categories?post=4789"},{"taxonomy":"post_tag","embeddable":true,"href":"https:\/\/www.fazendaboqueiraorn.com.br\/en\/wp-json\/wp\/v2\/tags?post=4789"}],"curies":[{"name":"wp","href":"https:\/\/api.w.org\/{rel}","templated":true}]}}