{"id":4426,"date":"2024-01-21T09:35:43","date_gmt":"2024-01-21T12:35:43","guid":{"rendered":"https:\/\/www.fazendaboqueiraorn.com.br\/?p=4426"},"modified":"2024-01-21T09:35:49","modified_gmt":"2024-01-21T12:35:49","slug":"edital-de-recuperacao-da-estrada-de-producao-sera-lancado-este-mes","status":"publish","type":"post","link":"https:\/\/www.fazendaboqueiraorn.com.br\/en\/edital-de-recuperacao-da-estrada-de-producao-sera-lancado-este-mes\/","title":{"rendered":"Edital de recupera\u00e7\u00e3o da Estrada de Produ\u00e7\u00e3o ser\u00e1 lan\u00e7ado este m\u00eas"},"content":{"rendered":"<figure class=\"wp-block-image size-large\"><img data-recalc-dims=\"1\" decoding=\"async\" width=\"1024\" height=\"718\" loading=\"lazy\" src=\"https:\/\/i0.wp.com\/www.fazendaboqueiraorn.com.br\/wp-content\/uploads\/2024\/01\/estrada-de-producao.jpg?resize=1024%2C718&#038;ssl=1\" alt=\"estrada de produ\u00e7\u00e3o\" class=\"wp-image-4428\" srcset=\"https:\/\/i0.wp.com\/www.fazendaboqueiraorn.com.br\/wp-content\/uploads\/2024\/01\/estrada-de-producao-scaled.jpg?resize=1024%2C718&amp;ssl=1 1024w, https:\/\/i0.wp.com\/www.fazendaboqueiraorn.com.br\/wp-content\/uploads\/2024\/01\/estrada-de-producao-scaled.jpg?resize=600%2C421&amp;ssl=1 600w, https:\/\/i0.wp.com\/www.fazendaboqueiraorn.com.br\/wp-content\/uploads\/2024\/01\/estrada-de-producao-scaled.jpg?resize=300%2C210&amp;ssl=1 300w, https:\/\/i0.wp.com\/www.fazendaboqueiraorn.com.br\/wp-content\/uploads\/2024\/01\/estrada-de-producao-scaled.jpg?resize=768%2C539&amp;ssl=1 768w, https:\/\/i0.wp.com\/www.fazendaboqueiraorn.com.br\/wp-content\/uploads\/2024\/01\/estrada-de-producao-scaled.jpg?resize=18%2C12&amp;ssl=1 18w, https:\/\/i0.wp.com\/www.fazendaboqueiraorn.com.br\/wp-content\/uploads\/2024\/01\/estrada-de-producao-scaled.jpg?resize=150%2C105&amp;ssl=1 150w, https:\/\/i0.wp.com\/www.fazendaboqueiraorn.com.br\/wp-content\/uploads\/2024\/01\/estrada-de-producao-scaled.jpg?w=1000&amp;ssl=1 1000w\" sizes=\"auto, (max-width: 1000px) 100vw, 1000px\" \/><\/figure>\n\n\n\n<p>O Edital de recupera\u00e7\u00e3o da Estrada de Produ\u00e7\u00e3o ser\u00e1 lan\u00e7ado at\u00e9 o final deste m\u00eas de acordo com a governadora F\u00e1tima Bezerra. A rodovia estadual RN-203, tamb\u00e9m chamada de Estrada da Produ\u00e7\u00e3o ser\u00e1 recuperada o trecho de 20 quil\u00f4metros \u2014 conectando os munic\u00edpios de S\u00e3o Tom\u00e9 e Cerro Cor\u00e1 e prev\u00ea o impulsionamento do turismo e melhoria no acesso ao Geoparque Serid\u00f3.<\/p>\n\n\n\n<p>Segundo a governadora, o projeto tem import\u00e2ncia estrat\u00e9gica econ\u00f4mica, pois vai facilitar o escoamento da produ\u00e7\u00e3o registrada no Serid\u00f3 potiguar, assim como fomentar o turismo e possibilitar a expans\u00e3o da produ\u00e7\u00e3o de energia a partir de matriz e\u00f3lica.<\/p>\n\n\n\n<p>O an\u00fancio aconteceu durante o lan\u00e7amento do projeto de fortalecimento do turismo no territ\u00f3rio do Serid\u00f3 Geoparque Mundial da Organiza\u00e7\u00e3o das Na\u00e7\u00f5es Unidas para a Educa\u00e7\u00e3o, a Ci\u00eancia e a Cultura (UNESCO), no audit\u00f3rio da Governadoria.<\/p>\n\n\n\n<p>A governadora detalhou que a obra para recupera\u00e7\u00e3o do trecho vi\u00e1rio conta com R$ 30 milh\u00f5es j\u00e1 dispon\u00edveis. O dinheiro \u00e9 proveniente de emendas coletivas da bancada federal.<\/p>","protected":false},"excerpt":{"rendered":"<p>O Edital de recupera\u00e7\u00e3o da Estrada de Produ\u00e7\u00e3o ser\u00e1 lan\u00e7ado at\u00e9 o final deste m\u00eas de acordo com a governadora F\u00e1tima Bezerra.<\/p>","protected":false},"author":2,"featured_media":4428,"comment_status":"open","ping_status":"open","sticky":false,"template":"","format":"standard","meta":{"nf_dc_page":"","_uag_custom_page_level_css":"","site-sidebar-layout":"default","site-content-layout":"","ast-site-content-layout":"default","site-content-style":"default","site-sidebar-style":"default","ast-global-header-display":"","ast-banner-title-visibility":"","ast-main-header-display":"","ast-hfb-above-header-display":"","ast-hfb-below-header-display":"","ast-hfb-mobile-header-display":"","site-post-title":"","ast-breadcrumbs-content":"","ast-featured-img":"","footer-sml-layout":"","ast-disable-related-posts":"","theme-transparent-header-meta":"","adv-header-id-meta":"","stick-header-meta":"","header-above-stick-meta":"","header-main-stick-meta":"","header-below-stick-meta":"","astra-migrate-meta-layouts":"default","ast-page-background-enabled":"default","ast-page-background-meta":{"desktop":{"background-color":"var(--ast-global-color-4)","background-image":"","background-repeat":"repeat","background-position":"center center","background-size":"auto","background-attachment":"scroll","background-type":"","background-media":"","overlay-type":"","overlay-color":"","overlay-opacity":"","overlay-gradient":""},"tablet":{"background-color":"","background-image":"","background-repeat":"repeat","background-position":"center center","background-size":"auto","background-attachment":"scroll","background-type":"","background-media":"","overlay-type":"","overlay-color":"","overlay-opacity":"","overlay-gradient":""},"mobile":{"background-color":"","background-image":"","background-repeat":"repeat","background-position":"center center","background-size":"auto","background-attachment":"scroll","background-type":"","background-media":"","overlay-type":"","overlay-color":"","overlay-opacity":"","overlay-gradient":""}},"ast-content-background-meta":{"desktop":{"background-color":"var(--ast-global-color-5)","background-image":"","background-repeat":"repeat","background-position":"center center","background-size":"auto","background-attachment":"scroll","background-type":"","background-media":"","overlay-type":"","overlay-color":"","overlay-opacity":"","overlay-gradient":""},"tablet":{"background-color":"var(--ast-global-color-5)","background-image":"","background-repeat":"repeat","background-position":"center center","background-size":"auto","background-attachment":"scroll","background-type":"","background-media":"","overlay-type":"","overlay-color":"","overlay-opacity":"","overlay-gradient":""},"mobile":{"background-color":"var(--ast-global-color-5)","background-image":"","background-repeat":"repeat","background-position":"center center","background-size":"auto","background-attachment":"scroll","background-type":"","background-media":"","overlay-type":"","overlay-color":"","overlay-opacity":"","overlay-gradient":""}},"jetpack_post_was_ever_published":false,"_jetpack_newsletter_access":"","_jetpack_dont_email_post_to_subs":false,"_jetpack_newsletter_tier_id":0,"_jetpack_memberships_contains_paywalled_content":false,"_jetpack_memberships_contains_paid_content":false,"footnotes":"","jetpack_publicize_message":"","jetpack_publicize_feature_enabled":true,"jetpack_social_post_already_shared":false,"jetpack_social_options":{"image_generator_settings":{"template":"highway","default_image_id":0,"font":"","enabled":false},"version":2}},"categories":[1],"tags":[358,1670,319,211,226,212,646,337,84,197],"class_list":["post-4426","post","type-post","status-publish","format-standard","has-post-thumbnail","hentry","category-noticia","tag-cerro-cora","tag-estrada-de-producao","tag-georparque-serido","tag-mel","tag-projeto","tag-racao","tag-rn-203","tag-sao-tome","tag-turismo","tag-unesco"],"yoast_head":"<!-- This site is optimized with the Yoast SEO plugin v27.4 - https:\/\/yoast.com\/product\/yoast-seo-wordpress\/ -->\n<title>Edital de recupera\u00e7\u00e3o da Estrada de Produ\u00e7\u00e3o ser\u00e1 lan\u00e7ado este m\u00eas - Fazenda Boqueir\u00e3o<\/title>\n<meta name=\"description\" content=\"O Edital de recupera\u00e7\u00e3o da Estrada de Produ\u00e7\u00e3o ser\u00e1 lan\u00e7ado at\u00e9 o final deste m\u00eas de acordo com a governadora F\u00e1tima Bezerra.\" \/>\n<meta name=\"robots\" content=\"index, follow, max-snippet:-1, max-image-preview:large, max-video-preview:-1\" \/>\n<link rel=\"canonical\" href=\"https:\/\/www.fazendaboqueiraorn.com.br\/en\/edital-de-recuperacao-da-estrada-de-producao-sera-lancado-este-mes\/\" \/>\n<meta property=\"og:locale\" content=\"en_US\" \/>\n<meta property=\"og:type\" content=\"article\" \/>\n<meta property=\"og:title\" content=\"Edital de recupera\u00e7\u00e3o da Estrada de Produ\u00e7\u00e3o ser\u00e1 lan\u00e7ado este m\u00eas - Fazenda Boqueir\u00e3o\" \/>\n<meta property=\"og:description\" content=\"O Edital de recupera\u00e7\u00e3o da Estrada de Produ\u00e7\u00e3o ser\u00e1 lan\u00e7ado at\u00e9 o final deste m\u00eas de acordo com a governadora F\u00e1tima Bezerra.\" \/>\n<meta property=\"og:url\" content=\"https:\/\/www.fazendaboqueiraorn.com.br\/en\/edital-de-recuperacao-da-estrada-de-producao-sera-lancado-este-mes\/\" \/>\n<meta property=\"og:site_name\" content=\"Fazenda Boqueir\u00e3o\" \/>\n<meta property=\"article:publisher\" content=\"https:\/\/www.facebook.com\/fazboqueirao\" \/>\n<meta property=\"article:published_time\" content=\"2024-01-21T12:35:43+00:00\" \/>\n<meta property=\"article:modified_time\" content=\"2024-01-21T12:35:49+00:00\" \/>\n<meta property=\"og:image\" content=\"https:\/\/www.fazendaboqueiraorn.com.br\/wp-content\/uploads\/2024\/01\/estrada-de-producao-scaled.jpg\" \/>\n\t<meta property=\"og:image:width\" content=\"1000\" \/>\n\t<meta property=\"og:image:height\" content=\"702\" \/>\n\t<meta property=\"og:image:type\" content=\"image\/jpeg\" \/>\n<meta name=\"author\" content=\"Fazenda Boqueir\u00e3o\" \/>\n<meta name=\"twitter:card\" content=\"summary_large_image\" \/>\n<meta name=\"twitter:creator\" content=\"@FazBoqueirao\" \/>\n<meta name=\"twitter:site\" content=\"@FazBoqueirao\" \/>\n<meta name=\"twitter:label1\" content=\"Written by\" \/>\n\t<meta name=\"twitter:data1\" content=\"Fazenda Boqueir\u00e3o\" \/>\n\t<meta name=\"twitter:label2\" content=\"Est. reading time\" \/>\n\t<meta name=\"twitter:data2\" content=\"2 minutes\" \/>\n<script type=\"application\/ld+json\" class=\"yoast-schema-graph\">{\"@context\":\"https:\\\/\\\/schema.org\",\"@graph\":[{\"@type\":\"Article\",\"@id\":\"https:\\\/\\\/www.fazendaboqueiraorn.com.br\\\/edital-de-recuperacao-da-estrada-de-producao-sera-lancado-este-mes\\\/#article\",\"isPartOf\":{\"@id\":\"https:\\\/\\\/www.fazendaboqueiraorn.com.br\\\/edital-de-recuperacao-da-estrada-de-producao-sera-lancado-este-mes\\\/\"},\"author\":{\"name\":\"Fazenda Boqueir\u00e3o\",\"@id\":\"https:\\\/\\\/www.fazendaboqueiraorn.com.br\\\/#\\\/schema\\\/person\\\/70484dc96f76e66c6365a9f4a2ebfb02\"},\"headline\":\"Edital de recupera\u00e7\u00e3o da Estrada de Produ\u00e7\u00e3o ser\u00e1 lan\u00e7ado este m\u00eas\",\"datePublished\":\"2024-01-21T12:35:43+00:00\",\"dateModified\":\"2024-01-21T12:35:49+00:00\",\"mainEntityOfPage\":{\"@id\":\"https:\\\/\\\/www.fazendaboqueiraorn.com.br\\\/edital-de-recuperacao-da-estrada-de-producao-sera-lancado-este-mes\\\/\"},\"wordCount\":204,\"commentCount\":0,\"publisher\":{\"@id\":\"https:\\\/\\\/www.fazendaboqueiraorn.com.br\\\/#organization\"},\"image\":{\"@id\":\"https:\\\/\\\/www.fazendaboqueiraorn.com.br\\\/edital-de-recuperacao-da-estrada-de-producao-sera-lancado-este-mes\\\/#primaryimage\"},\"thumbnailUrl\":\"https:\\\/\\\/i0.wp.com\\\/www.fazendaboqueiraorn.com.br\\\/wp-content\\\/uploads\\\/2024\\\/01\\\/estrada-de-producao-scaled.jpg?fit=1000%2C702&ssl=1\",\"keywords\":[\"Cerro Cor\u00e1\",\"estrada de produ\u00e7\u00e3o\",\"Georparque Serid\u00f3\",\"mel\",\"projeto\",\"ra\u00e7\u00e3o\",\"RN-203\",\"S\u00e3o Tom\u00e9\",\"turismo\",\"Unesco\"],\"articleSection\":[\"Not\u00edcias\"],\"inLanguage\":\"en-US\",\"potentialAction\":[{\"@type\":\"CommentAction\",\"name\":\"Comment\",\"target\":[\"https:\\\/\\\/www.fazendaboqueiraorn.com.br\\\/edital-de-recuperacao-da-estrada-de-producao-sera-lancado-este-mes\\\/#respond\"]}]},{\"@type\":\"WebPage\",\"@id\":\"https:\\\/\\\/www.fazendaboqueiraorn.com.br\\\/edital-de-recuperacao-da-estrada-de-producao-sera-lancado-este-mes\\\/\",\"url\":\"https:\\\/\\\/www.fazendaboqueiraorn.com.br\\\/edital-de-recuperacao-da-estrada-de-producao-sera-lancado-este-mes\\\/\",\"name\":\"Edital de recupera\u00e7\u00e3o da Estrada de Produ\u00e7\u00e3o ser\u00e1 lan\u00e7ado este m\u00eas - Fazenda Boqueir\u00e3o\",\"isPartOf\":{\"@id\":\"https:\\\/\\\/www.fazendaboqueiraorn.com.br\\\/#website\"},\"primaryImageOfPage\":{\"@id\":\"https:\\\/\\\/www.fazendaboqueiraorn.com.br\\\/edital-de-recuperacao-da-estrada-de-producao-sera-lancado-este-mes\\\/#primaryimage\"},\"image\":{\"@id\":\"https:\\\/\\\/www.fazendaboqueiraorn.com.br\\\/edital-de-recuperacao-da-estrada-de-producao-sera-lancado-este-mes\\\/#primaryimage\"},\"thumbnailUrl\":\"https:\\\/\\\/i0.wp.com\\\/www.fazendaboqueiraorn.com.br\\\/wp-content\\\/uploads\\\/2024\\\/01\\\/estrada-de-producao-scaled.jpg?fit=1000%2C702&ssl=1\",\"datePublished\":\"2024-01-21T12:35:43+00:00\",\"dateModified\":\"2024-01-21T12:35:49+00:00\",\"description\":\"O Edital de recupera\u00e7\u00e3o da Estrada de Produ\u00e7\u00e3o ser\u00e1 lan\u00e7ado at\u00e9 o final deste m\u00eas de acordo com a governadora F\u00e1tima Bezerra.\",\"breadcrumb\":{\"@id\":\"https:\\\/\\\/www.fazendaboqueiraorn.com.br\\\/edital-de-recuperacao-da-estrada-de-producao-sera-lancado-este-mes\\\/#breadcrumb\"},\"inLanguage\":\"en-US\",\"potentialAction\":[{\"@type\":\"ReadAction\",\"target\":[\"https:\\\/\\\/www.fazendaboqueiraorn.com.br\\\/edital-de-recuperacao-da-estrada-de-producao-sera-lancado-este-mes\\\/\"]}]},{\"@type\":\"ImageObject\",\"inLanguage\":\"en-US\",\"@id\":\"https:\\\/\\\/www.fazendaboqueiraorn.com.br\\\/edital-de-recuperacao-da-estrada-de-producao-sera-lancado-este-mes\\\/#primaryimage\",\"url\":\"https:\\\/\\\/i0.wp.com\\\/www.fazendaboqueiraorn.com.br\\\/wp-content\\\/uploads\\\/2024\\\/01\\\/estrada-de-producao-scaled.jpg?fit=1000%2C702&ssl=1\",\"contentUrl\":\"https:\\\/\\\/i0.wp.com\\\/www.fazendaboqueiraorn.com.br\\\/wp-content\\\/uploads\\\/2024\\\/01\\\/estrada-de-producao-scaled.jpg?fit=1000%2C702&ssl=1\",\"width\":1000,\"height\":702,\"caption\":\"estrada de produ\u00e7\u00e3o\"},{\"@type\":\"BreadcrumbList\",\"@id\":\"https:\\\/\\\/www.fazendaboqueiraorn.com.br\\\/edital-de-recuperacao-da-estrada-de-producao-sera-lancado-este-mes\\\/#breadcrumb\",\"itemListElement\":[{\"@type\":\"ListItem\",\"position\":1,\"name\":\"Home\",\"item\":\"https:\\\/\\\/www.fazendaboqueiraorn.com.br\\\/\"},{\"@type\":\"ListItem\",\"position\":2,\"name\":\"Edital de recupera\u00e7\u00e3o da Estrada de Produ\u00e7\u00e3o ser\u00e1 lan\u00e7ado este m\u00eas\"}]},{\"@type\":\"WebSite\",\"@id\":\"https:\\\/\\\/www.fazendaboqueiraorn.com.br\\\/#website\",\"url\":\"https:\\\/\\\/www.fazendaboqueiraorn.com.br\\\/\",\"name\":\"Fazenda Boqueir\u00e3o\",\"description\":\"\",\"publisher\":{\"@id\":\"https:\\\/\\\/www.fazendaboqueiraorn.com.br\\\/#organization\"},\"potentialAction\":[{\"@type\":\"SearchAction\",\"target\":{\"@type\":\"EntryPoint\",\"urlTemplate\":\"https:\\\/\\\/www.fazendaboqueiraorn.com.br\\\/?s={search_term_string}\"},\"query-input\":{\"@type\":\"PropertyValueSpecification\",\"valueRequired\":true,\"valueName\":\"search_term_string\"}}],\"inLanguage\":\"en-US\"},{\"@type\":\"Organization\",\"@id\":\"https:\\\/\\\/www.fazendaboqueiraorn.com.br\\\/#organization\",\"name\":\"Fazenda Boqueir\u00e3o\",\"url\":\"https:\\\/\\\/www.fazendaboqueiraorn.com.br\\\/\",\"logo\":{\"@type\":\"ImageObject\",\"inLanguage\":\"en-US\",\"@id\":\"https:\\\/\\\/www.fazendaboqueiraorn.com.br\\\/#\\\/schema\\\/logo\\\/image\\\/\",\"url\":\"https:\\\/\\\/i0.wp.com\\\/www.fazendaboqueiraorn.com.br\\\/wp-content\\\/uploads\\\/2021\\\/08\\\/logo-fazenda-120x120-1.png?fit=120%2C120&ssl=1\",\"contentUrl\":\"https:\\\/\\\/i0.wp.com\\\/www.fazendaboqueiraorn.com.br\\\/wp-content\\\/uploads\\\/2021\\\/08\\\/logo-fazenda-120x120-1.png?fit=120%2C120&ssl=1\",\"width\":120,\"height\":120,\"caption\":\"Fazenda Boqueir\u00e3o\"},\"image\":{\"@id\":\"https:\\\/\\\/www.fazendaboqueiraorn.com.br\\\/#\\\/schema\\\/logo\\\/image\\\/\"},\"sameAs\":[\"https:\\\/\\\/www.facebook.com\\\/fazboqueirao\",\"https:\\\/\\\/x.com\\\/FazBoqueirao\",\"http:\\\/\\\/instagram.com\\\/fazboqueirao\\\/\",\"https:\\\/\\\/www.linkedin.com\\\/company\\\/fazboqueirao\\\/\",\"https:\\\/\\\/www.youtube.com\\\/channel\\\/UCUA4_8v8HkmMeNUh8c6Ky1Q\"]},{\"@type\":\"Person\",\"@id\":\"https:\\\/\\\/www.fazendaboqueiraorn.com.br\\\/#\\\/schema\\\/person\\\/70484dc96f76e66c6365a9f4a2ebfb02\",\"name\":\"Fazenda Boqueir\u00e3o\",\"image\":{\"@type\":\"ImageObject\",\"inLanguage\":\"en-US\",\"@id\":\"https:\\\/\\\/secure.gravatar.com\\\/avatar\\\/19f19467ae305ded5d913deae2fb6c6f29fe88a0a7f3a4dca5679407289a9efd?s=96&d=mm&r=g\",\"url\":\"https:\\\/\\\/secure.gravatar.com\\\/avatar\\\/19f19467ae305ded5d913deae2fb6c6f29fe88a0a7f3a4dca5679407289a9efd?s=96&d=mm&r=g\",\"contentUrl\":\"https:\\\/\\\/secure.gravatar.com\\\/avatar\\\/19f19467ae305ded5d913deae2fb6c6f29fe88a0a7f3a4dca5679407289a9efd?s=96&d=mm&r=g\",\"caption\":\"Fazenda Boqueir\u00e3o\"},\"url\":\"https:\\\/\\\/www.fazendaboqueiraorn.com.br\\\/en\\\/author\\\/fazenda\\\/\"}]}<\/script>\n<!-- \/ Yoast SEO plugin. -->","yoast_head_json":{"title":"Edital de recupera\u00e7\u00e3o da Estrada de Produ\u00e7\u00e3o ser\u00e1 lan\u00e7ado este m\u00eas - Fazenda Boqueir\u00e3o","description":"O Edital de recupera\u00e7\u00e3o da Estrada de Produ\u00e7\u00e3o ser\u00e1 lan\u00e7ado at\u00e9 o final deste m\u00eas de acordo com a governadora F\u00e1tima Bezerra.","robots":{"index":"index","follow":"follow","max-snippet":"max-snippet:-1","max-image-preview":"max-image-preview:large","max-video-preview":"max-video-preview:-1"},"canonical":"https:\/\/www.fazendaboqueiraorn.com.br\/en\/edital-de-recuperacao-da-estrada-de-producao-sera-lancado-este-mes\/","og_locale":"en_US","og_type":"article","og_title":"Edital de recupera\u00e7\u00e3o da Estrada de Produ\u00e7\u00e3o ser\u00e1 lan\u00e7ado este m\u00eas - Fazenda Boqueir\u00e3o","og_description":"O Edital de recupera\u00e7\u00e3o da Estrada de Produ\u00e7\u00e3o ser\u00e1 lan\u00e7ado at\u00e9 o final deste m\u00eas de acordo com a governadora F\u00e1tima Bezerra.","og_url":"https:\/\/www.fazendaboqueiraorn.com.br\/en\/edital-de-recuperacao-da-estrada-de-producao-sera-lancado-este-mes\/","og_site_name":"Fazenda Boqueir\u00e3o","article_publisher":"https:\/\/www.facebook.com\/fazboqueirao","article_published_time":"2024-01-21T12:35:43+00:00","article_modified_time":"2024-01-21T12:35:49+00:00","og_image":[{"width":1000,"height":702,"url":"https:\/\/www.fazendaboqueiraorn.com.br\/wp-content\/uploads\/2024\/01\/estrada-de-producao-scaled.jpg","type":"image\/jpeg"}],"author":"Fazenda Boqueir\u00e3o","twitter_card":"summary_large_image","twitter_creator":"@FazBoqueirao","twitter_site":"@FazBoqueirao","twitter_misc":{"Written by":"Fazenda Boqueir\u00e3o","Est. reading time":"2 minutes"},"schema":{"@context":"https:\/\/schema.org","@graph":[{"@type":"Article","@id":"https:\/\/www.fazendaboqueiraorn.com.br\/edital-de-recuperacao-da-estrada-de-producao-sera-lancado-este-mes\/#article","isPartOf":{"@id":"https:\/\/www.fazendaboqueiraorn.com.br\/edital-de-recuperacao-da-estrada-de-producao-sera-lancado-este-mes\/"},"author":{"name":"Fazenda Boqueir\u00e3o","@id":"https:\/\/www.fazendaboqueiraorn.com.br\/#\/schema\/person\/70484dc96f76e66c6365a9f4a2ebfb02"},"headline":"Edital de recupera\u00e7\u00e3o da Estrada de Produ\u00e7\u00e3o ser\u00e1 lan\u00e7ado este m\u00eas","datePublished":"2024-01-21T12:35:43+00:00","dateModified":"2024-01-21T12:35:49+00:00","mainEntityOfPage":{"@id":"https:\/\/www.fazendaboqueiraorn.com.br\/edital-de-recuperacao-da-estrada-de-producao-sera-lancado-este-mes\/"},"wordCount":204,"commentCount":0,"publisher":{"@id":"https:\/\/www.fazendaboqueiraorn.com.br\/#organization"},"image":{"@id":"https:\/\/www.fazendaboqueiraorn.com.br\/edital-de-recuperacao-da-estrada-de-producao-sera-lancado-este-mes\/#primaryimage"},"thumbnailUrl":"https:\/\/i0.wp.com\/www.fazendaboqueiraorn.com.br\/wp-content\/uploads\/2024\/01\/estrada-de-producao-scaled.jpg?fit=1000%2C702&ssl=1","keywords":["Cerro Cor\u00e1","estrada de produ\u00e7\u00e3o","Georparque Serid\u00f3","mel","projeto","ra\u00e7\u00e3o","RN-203","S\u00e3o Tom\u00e9","turismo","Unesco"],"articleSection":["Not\u00edcias"],"inLanguage":"en-US","potentialAction":[{"@type":"CommentAction","name":"Comment","target":["https:\/\/www.fazendaboqueiraorn.com.br\/edital-de-recuperacao-da-estrada-de-producao-sera-lancado-este-mes\/#respond"]}]},{"@type":"WebPage","@id":"https:\/\/www.fazendaboqueiraorn.com.br\/edital-de-recuperacao-da-estrada-de-producao-sera-lancado-este-mes\/","url":"https:\/\/www.fazendaboqueiraorn.com.br\/edital-de-recuperacao-da-estrada-de-producao-sera-lancado-este-mes\/","name":"Edital de recupera\u00e7\u00e3o da Estrada de Produ\u00e7\u00e3o ser\u00e1 lan\u00e7ado este m\u00eas - Fazenda Boqueir\u00e3o","isPartOf":{"@id":"https:\/\/www.fazendaboqueiraorn.com.br\/#website"},"primaryImageOfPage":{"@id":"https:\/\/www.fazendaboqueiraorn.com.br\/edital-de-recuperacao-da-estrada-de-producao-sera-lancado-este-mes\/#primaryimage"},"image":{"@id":"https:\/\/www.fazendaboqueiraorn.com.br\/edital-de-recuperacao-da-estrada-de-producao-sera-lancado-este-mes\/#primaryimage"},"thumbnailUrl":"https:\/\/i0.wp.com\/www.fazendaboqueiraorn.com.br\/wp-content\/uploads\/2024\/01\/estrada-de-producao-scaled.jpg?fit=1000%2C702&ssl=1","datePublished":"2024-01-21T12:35:43+00:00","dateModified":"2024-01-21T12:35:49+00:00","description":"O Edital de recupera\u00e7\u00e3o da Estrada de Produ\u00e7\u00e3o ser\u00e1 lan\u00e7ado at\u00e9 o final deste m\u00eas de acordo com a governadora F\u00e1tima Bezerra.","breadcrumb":{"@id":"https:\/\/www.fazendaboqueiraorn.com.br\/edital-de-recuperacao-da-estrada-de-producao-sera-lancado-este-mes\/#breadcrumb"},"inLanguage":"en-US","potentialAction":[{"@type":"ReadAction","target":["https:\/\/www.fazendaboqueiraorn.com.br\/edital-de-recuperacao-da-estrada-de-producao-sera-lancado-este-mes\/"]}]},{"@type":"ImageObject","inLanguage":"en-US","@id":"https:\/\/www.fazendaboqueiraorn.com.br\/edital-de-recuperacao-da-estrada-de-producao-sera-lancado-este-mes\/#primaryimage","url":"https:\/\/i0.wp.com\/www.fazendaboqueiraorn.com.br\/wp-content\/uploads\/2024\/01\/estrada-de-producao-scaled.jpg?fit=1000%2C702&ssl=1","contentUrl":"https:\/\/i0.wp.com\/www.fazendaboqueiraorn.com.br\/wp-content\/uploads\/2024\/01\/estrada-de-producao-scaled.jpg?fit=1000%2C702&ssl=1","width":1000,"height":702,"caption":"estrada de produ\u00e7\u00e3o"},{"@type":"BreadcrumbList","@id":"https:\/\/www.fazendaboqueiraorn.com.br\/edital-de-recuperacao-da-estrada-de-producao-sera-lancado-este-mes\/#breadcrumb","itemListElement":[{"@type":"ListItem","position":1,"name":"Home","item":"https:\/\/www.fazendaboqueiraorn.com.br\/"},{"@type":"ListItem","position":2,"name":"Edital de recupera\u00e7\u00e3o da Estrada de Produ\u00e7\u00e3o ser\u00e1 lan\u00e7ado este m\u00eas"}]},{"@type":"WebSite","@id":"https:\/\/www.fazendaboqueiraorn.com.br\/#website","url":"https:\/\/www.fazendaboqueiraorn.com.br\/","name":"Fazenda Boqueir\u00e3o","description":"","publisher":{"@id":"https:\/\/www.fazendaboqueiraorn.com.br\/#organization"},"potentialAction":[{"@type":"SearchAction","target":{"@type":"EntryPoint","urlTemplate":"https:\/\/www.fazendaboqueiraorn.com.br\/?s={search_term_string}"},"query-input":{"@type":"PropertyValueSpecification","valueRequired":true,"valueName":"search_term_string"}}],"inLanguage":"en-US"},{"@type":"Organization","@id":"https:\/\/www.fazendaboqueiraorn.com.br\/#organization","name":"Fazenda Boqueir\u00e3o","url":"https:\/\/www.fazendaboqueiraorn.com.br\/","logo":{"@type":"ImageObject","inLanguage":"en-US","@id":"https:\/\/www.fazendaboqueiraorn.com.br\/#\/schema\/logo\/image\/","url":"https:\/\/i0.wp.com\/www.fazendaboqueiraorn.com.br\/wp-content\/uploads\/2021\/08\/logo-fazenda-120x120-1.png?fit=120%2C120&ssl=1","contentUrl":"https:\/\/i0.wp.com\/www.fazendaboqueiraorn.com.br\/wp-content\/uploads\/2021\/08\/logo-fazenda-120x120-1.png?fit=120%2C120&ssl=1","width":120,"height":120,"caption":"Fazenda Boqueir\u00e3o"},"image":{"@id":"https:\/\/www.fazendaboqueiraorn.com.br\/#\/schema\/logo\/image\/"},"sameAs":["https:\/\/www.facebook.com\/fazboqueirao","https:\/\/x.com\/FazBoqueirao","http:\/\/instagram.com\/fazboqueirao\/","https:\/\/www.linkedin.com\/company\/fazboqueirao\/","https:\/\/www.youtube.com\/channel\/UCUA4_8v8HkmMeNUh8c6Ky1Q"]},{"@type":"Person","@id":"https:\/\/www.fazendaboqueiraorn.com.br\/#\/schema\/person\/70484dc96f76e66c6365a9f4a2ebfb02","name":"Fazenda Boqueir\u00e3o","image":{"@type":"ImageObject","inLanguage":"en-US","@id":"https:\/\/secure.gravatar.com\/avatar\/19f19467ae305ded5d913deae2fb6c6f29fe88a0a7f3a4dca5679407289a9efd?s=96&d=mm&r=g","url":"https:\/\/secure.gravatar.com\/avatar\/19f19467ae305ded5d913deae2fb6c6f29fe88a0a7f3a4dca5679407289a9efd?s=96&d=mm&r=g","contentUrl":"https:\/\/secure.gravatar.com\/avatar\/19f19467ae305ded5d913deae2fb6c6f29fe88a0a7f3a4dca5679407289a9efd?s=96&d=mm&r=g","caption":"Fazenda Boqueir\u00e3o"},"url":"https:\/\/www.fazendaboqueiraorn.com.br\/en\/author\/fazenda\/"}]}},"jetpack_publicize_connections":[],"uagb_featured_image_src":{"full":["https:\/\/i0.wp.com\/www.fazendaboqueiraorn.com.br\/wp-content\/uploads\/2024\/01\/estrada-de-producao-scaled.jpg?fit=1000%2C702&ssl=1",1000,702,false],"thumbnail":["https:\/\/i0.wp.com\/www.fazendaboqueiraorn.com.br\/wp-content\/uploads\/2024\/01\/estrada-de-producao-scaled.jpg?resize=150%2C150&ssl=1",150,150,true],"medium":["https:\/\/i0.wp.com\/www.fazendaboqueiraorn.com.br\/wp-content\/uploads\/2024\/01\/estrada-de-producao-scaled.jpg?fit=300%2C210&ssl=1",300,210,true],"medium_large":["https:\/\/i0.wp.com\/www.fazendaboqueiraorn.com.br\/wp-content\/uploads\/2024\/01\/estrada-de-producao-scaled.jpg?fit=768%2C539&ssl=1",768,539,true],"large":["https:\/\/i0.wp.com\/www.fazendaboqueiraorn.com.br\/wp-content\/uploads\/2024\/01\/estrada-de-producao-scaled.jpg?fit=1024%2C718&ssl=1",1024,718,true],"1536x1536":["https:\/\/i0.wp.com\/www.fazendaboqueiraorn.com.br\/wp-content\/uploads\/2024\/01\/estrada-de-producao-scaled.jpg?fit=1000%2C702&ssl=1",1000,702,true],"2048x2048":["https:\/\/i0.wp.com\/www.fazendaboqueiraorn.com.br\/wp-content\/uploads\/2024\/01\/estrada-de-producao-scaled.jpg?fit=1000%2C702&ssl=1",1000,702,true],"trp-custom-language-flag":["https:\/\/i0.wp.com\/www.fazendaboqueiraorn.com.br\/wp-content\/uploads\/2024\/01\/estrada-de-producao-scaled.jpg?fit=18%2C12&ssl=1",18,12,true],"ultp_layout_landscape_large":["https:\/\/i0.wp.com\/www.fazendaboqueiraorn.com.br\/wp-content\/uploads\/2024\/01\/estrada-de-producao-scaled.jpg?resize=1000%2C702&ssl=1",1000,702,true],"ultp_layout_landscape":["https:\/\/i0.wp.com\/www.fazendaboqueiraorn.com.br\/wp-content\/uploads\/2024\/01\/estrada-de-producao-scaled.jpg?resize=870%2C570&ssl=1",870,570,true],"ultp_layout_portrait":["https:\/\/i0.wp.com\/www.fazendaboqueiraorn.com.br\/wp-content\/uploads\/2024\/01\/estrada-de-producao-scaled.jpg?resize=600%2C702&ssl=1",600,702,true],"ultp_layout_square":["https:\/\/i0.wp.com\/www.fazendaboqueiraorn.com.br\/wp-content\/uploads\/2024\/01\/estrada-de-producao-scaled.jpg?resize=600%2C600&ssl=1",600,600,true],"woocommerce_thumbnail":["https:\/\/www.fazendaboqueiraorn.com.br\/wp-content\/uploads\/2024\/01\/estrada-de-producao-scaled-300x300.jpg",300,300,true],"woocommerce_single":["https:\/\/www.fazendaboqueiraorn.com.br\/wp-content\/uploads\/2024\/01\/estrada-de-producao-scaled.jpg",600,421,false],"woocommerce_gallery_thumbnail":["https:\/\/www.fazendaboqueiraorn.com.br\/wp-content\/uploads\/2024\/01\/estrada-de-producao-scaled-100x100.jpg",100,100,true],"web-stories-poster-portrait":["https:\/\/www.fazendaboqueiraorn.com.br\/wp-content\/uploads\/2024\/01\/estrada-de-producao-640x851.jpg",640,851,true],"web-stories-publisher-logo":["https:\/\/www.fazendaboqueiraorn.com.br\/wp-content\/uploads\/2024\/01\/estrada-de-producao-96x96.jpg",96,96,true],"web-stories-thumbnail":["https:\/\/www.fazendaboqueiraorn.com.br\/wp-content\/uploads\/2024\/01\/estrada-de-producao-150x105.jpg",150,105,true]},"uagb_author_info":{"display_name":"Fazenda Boqueir\u00e3o","author_link":"https:\/\/www.fazendaboqueiraorn.com.br\/en\/author\/fazenda\/"},"uagb_comment_info":0,"uagb_excerpt":"O Edital de recupera\u00e7\u00e3o da Estrada de Produ\u00e7\u00e3o ser\u00e1 lan\u00e7ado at\u00e9 o final deste m\u00eas de acordo com a governadora F\u00e1tima Bezerra.","jetpack_featured_media_url":"https:\/\/i0.wp.com\/www.fazendaboqueiraorn.com.br\/wp-content\/uploads\/2024\/01\/estrada-de-producao-scaled.jpg?fit=1000%2C702&ssl=1","jetpack_sharing_enabled":true,"jetpack_likes_enabled":true,"_links":{"self":[{"href":"https:\/\/www.fazendaboqueiraorn.com.br\/en\/wp-json\/wp\/v2\/posts\/4426","targetHints":{"allow":["GET"]}}],"collection":[{"href":"https:\/\/www.fazendaboqueiraorn.com.br\/en\/wp-json\/wp\/v2\/posts"}],"about":[{"href":"https:\/\/www.fazendaboqueiraorn.com.br\/en\/wp-json\/wp\/v2\/types\/post"}],"author":[{"embeddable":true,"href":"https:\/\/www.fazendaboqueiraorn.com.br\/en\/wp-json\/wp\/v2\/users\/2"}],"replies":[{"embeddable":true,"href":"https:\/\/www.fazendaboqueiraorn.com.br\/en\/wp-json\/wp\/v2\/comments?post=4426"}],"version-history":[{"count":1,"href":"https:\/\/www.fazendaboqueiraorn.com.br\/en\/wp-json\/wp\/v2\/posts\/4426\/revisions"}],"predecessor-version":[{"id":4431,"href":"https:\/\/www.fazendaboqueiraorn.com.br\/en\/wp-json\/wp\/v2\/posts\/4426\/revisions\/4431"}],"wp:featuredmedia":[{"embeddable":true,"href":"https:\/\/www.fazendaboqueiraorn.com.br\/en\/wp-json\/wp\/v2\/media\/4428"}],"wp:attachment":[{"href":"https:\/\/www.fazendaboqueiraorn.com.br\/en\/wp-json\/wp\/v2\/media?parent=4426"}],"wp:term":[{"taxonomy":"category","embeddable":true,"href":"https:\/\/www.fazendaboqueiraorn.com.br\/en\/wp-json\/wp\/v2\/categories?post=4426"},{"taxonomy":"post_tag","embeddable":true,"href":"https:\/\/www.fazendaboqueiraorn.com.br\/en\/wp-json\/wp\/v2\/tags?post=4426"}],"curies":[{"name":"wp","href":"https:\/\/api.w.org\/{rel}","templated":true}]}}