{"id":4416,"date":"2024-01-18T21:08:52","date_gmt":"2024-01-19T00:08:52","guid":{"rendered":"https:\/\/www.fazendaboqueiraorn.com.br\/?p=4416"},"modified":"2024-01-18T21:09:02","modified_gmt":"2024-01-19T00:09:02","slug":"caminhos-para-a-expansao-e-o-desenvolvimento-da-palma-forrageira-no-rio-grande-do-norte","status":"publish","type":"post","link":"https:\/\/www.fazendaboqueiraorn.com.br\/en\/caminhos-para-a-expansao-e-o-desenvolvimento-da-palma-forrageira-no-rio-grande-do-norte\/","title":{"rendered":"Caminhos para a Expans\u00e3o e o Desenvolvimento da Palma Forrageira no Rio Grande do Norte"},"content":{"rendered":"<figure class=\"wp-block-image aligncenter size-full\"><img data-recalc-dims=\"1\" decoding=\"async\" width=\"808\" height=\"573\" loading=\"lazy\" src=\"https:\/\/i0.wp.com\/www.fazendaboqueiraorn.com.br\/wp-content\/uploads\/2024\/01\/palma-mao-de-moca.jpg?resize=808%2C573&#038;ssl=1\" alt=\"Palma IPA Sert\u00e2nia, Baiana ou M\u00e3o-de-Mo\u00e7a\" class=\"wp-image-4418\" srcset=\"https:\/\/i0.wp.com\/www.fazendaboqueiraorn.com.br\/wp-content\/uploads\/2024\/01\/palma-mao-de-moca.jpg?w=808&amp;ssl=1 808w, https:\/\/i0.wp.com\/www.fazendaboqueiraorn.com.br\/wp-content\/uploads\/2024\/01\/palma-mao-de-moca.jpg?resize=600%2C425&amp;ssl=1 600w, https:\/\/i0.wp.com\/www.fazendaboqueiraorn.com.br\/wp-content\/uploads\/2024\/01\/palma-mao-de-moca.jpg?resize=300%2C213&amp;ssl=1 300w, https:\/\/i0.wp.com\/www.fazendaboqueiraorn.com.br\/wp-content\/uploads\/2024\/01\/palma-mao-de-moca.jpg?resize=768%2C545&amp;ssl=1 768w, https:\/\/i0.wp.com\/www.fazendaboqueiraorn.com.br\/wp-content\/uploads\/2024\/01\/palma-mao-de-moca.jpg?resize=18%2C12&amp;ssl=1 18w, https:\/\/i0.wp.com\/www.fazendaboqueiraorn.com.br\/wp-content\/uploads\/2024\/01\/palma-mao-de-moca.jpg?resize=150%2C106&amp;ssl=1 150w\" sizes=\"auto, (max-width: 808px) 100vw, 808px\" \/><\/figure>\n\n\n\n<p>A palma forrageira (Opuntia e Nopalea) tem proporcionado, nos \u00faltimos anos, uma verdadeira mudan\u00e7a no sistema de cria\u00e7\u00e3o de ruminantes no Rio Grande do Norte. As a\u00e7\u00f5es desenvolvidas por meio dos \u00f3rg\u00e3os respons\u00e1veis pelo desenvolvimento agropecu\u00e1rio do Estado, v\u00eam promovendo um novo paradigma cultural e zoot\u00e9cnico em rela\u00e7\u00e3o ao manejo dessa cact\u00e1cea.<\/p>\n\n\n\n<p>Com a introdu\u00e7\u00e3o e dispers\u00e3o da praga, cochonilha-do-carmim, em v\u00e1rias regi\u00f5es do Estado a partir de 2012, fez-se necess\u00e1rio uma resposta das institui\u00e7\u00f5es respons\u00e1veis pelo setor agropecu\u00e1rio estadual, com elabora\u00e7\u00e3o de projetos distintos de est\u00edmulo \u00e0 expans\u00e3o da palma forrageira, com variedades tolerantes ao referido inseto-praga.<\/p>\n\n\n\n<p>Uma das a\u00e7\u00f5es importantes foi o conv\u00eanio firmado entre EMPARN\/MDA\/BB em 2013, com um valor aproximado de dois milh\u00f5es de reais, cujo projeto contempla a\u00e7\u00f5es voltadas \u00e0 produ\u00e7\u00e3o e distribui\u00e7\u00e3o de raquetes-semente, desenvolvimento de a\u00e7\u00f5es de pesquisa e eventos de transfer\u00eancia de tecnologia. As a\u00e7\u00f5es, at\u00e9 ent\u00e3o desenvolvidas, t\u00eam contribu\u00eddo significativamente para a transforma\u00e7\u00e3o da realidade do neg\u00f3cio rural no Rio Grande do Norte, notadamente, no que diz respeito aos ganhos no setor da pecu\u00e1ria das diferentes regi\u00f5es do Estado. Atualmente o Conv\u00eanio encontra-se vinculado ao SAF\/MAPA \u2013 Secretaria de Agricultura Familiar e Cooperativismo.<\/p>\n\n\n\n<p>Outro fator decisivo foi a inclus\u00e3o da palma forrageira como um dos subprojetos no \u201cPrograma de Fortalecimento da Pecu\u00e1ria Leiteira do Estado do Rio Grande do Norte\u201d, desenvolvido por interm\u00e9dio do Programa Governo Cidad\u00e3o, oriundo do acordo de empr\u00e9stimo com Banco Mundial. Nesse Programa a SAPE coordenou as a\u00e7\u00f5es da EMPARN\/\/IDIARN\/EMATER no mapeamento, compra e distribui\u00e7\u00e3o de 2,76 milh\u00f5es de raquetes-semente de variedades tolerantes \u00e0 praga para produtores de todas as regi\u00f5esdo Estado.<\/p>\n\n\n\n<p>No intuito de brindar este novo momento vivido pelo setor agropecu\u00e1rio do Estado do Rio Grande do Norte, ap\u00f3s sete anos de severa estiagem, a EMPARN vem disponibilizar esse atualizado documento, que muito contribuir\u00e1 para o desenvolvimento desta cultura no Agreste e Sert\u00e3o potiguar.<\/p>\n\n\n\n<div data-wp-interactive=\"core\/file\" class=\"wp-block-file\"><object data-wp-bind--hidden=\"!state.hasPdfPreview\" hidden class=\"wp-block-file__embed\" data=\"https:\/\/www.fazendaboqueiraorn.com.br\/wp-content\/uploads\/2024\/01\/Caminhos-para-a-Expansao-e-o-Desenvolvimento-da-Palma-Forrageira-no-Rio-Grande-do-Norte.pdf\" type=\"application\/pdf\" style=\"width:100%;height:600px\" aria-label=\"Embed of Caminhos para a Expans\u00e3o e o Desenvolvimento da Palma Forrageira no Rio Grande do Norte.\"><\/object><a id=\"wp-block-file--media-a447e6d7-97c6-456f-9b5a-03f3975d920f\" href=\"https:\/\/www.fazendaboqueiraorn.com.br\/wp-content\/uploads\/2024\/01\/Caminhos-para-a-Expansao-e-o-Desenvolvimento-da-Palma-Forrageira-no-Rio-Grande-do-Norte.pdf\">Caminhos para a Expans\u00e3o e o Desenvolvimento da Palma Forrageira no Rio Grande do Norte<\/a><a href=\"https:\/\/www.fazendaboqueiraorn.com.br\/wp-content\/uploads\/2024\/01\/Caminhos-para-a-Expansao-e-o-Desenvolvimento-da-Palma-Forrageira-no-Rio-Grande-do-Norte.pdf\" class=\"wp-block-file__button wp-element-button\" download aria-describedby=\"wp-block-file--media-a447e6d7-97c6-456f-9b5a-03f3975d920f\">Baixar<\/a><\/div>","protected":false},"excerpt":{"rendered":"<p>A palma forrageira (Opuntia e Nopalea) tem proporcionado, nos \u00faltimos anos, uma verdadeira mudan\u00e7a no sistema de cria\u00e7\u00e3o de ruminantes no Rio Grande do Norte. <\/p>","protected":false},"author":2,"featured_media":4418,"comment_status":"open","ping_status":"open","sticky":false,"template":"","format":"standard","meta":{"nf_dc_page":"","_uag_custom_page_level_css":"","site-sidebar-layout":"default","site-content-layout":"","ast-site-content-layout":"default","site-content-style":"default","site-sidebar-style":"default","ast-global-header-display":"","ast-banner-title-visibility":"","ast-main-header-display":"","ast-hfb-above-header-display":"","ast-hfb-below-header-display":"","ast-hfb-mobile-header-display":"","site-post-title":"","ast-breadcrumbs-content":"","ast-featured-img":"","footer-sml-layout":"","ast-disable-related-posts":"","theme-transparent-header-meta":"","adv-header-id-meta":"","stick-header-meta":"","header-above-stick-meta":"","header-main-stick-meta":"","header-below-stick-meta":"","astra-migrate-meta-layouts":"default","ast-page-background-enabled":"default","ast-page-background-meta":{"desktop":{"background-color":"var(--ast-global-color-4)","background-image":"","background-repeat":"repeat","background-position":"center center","background-size":"auto","background-attachment":"scroll","background-type":"","background-media":"","overlay-type":"","overlay-color":"","overlay-opacity":"","overlay-gradient":""},"tablet":{"background-color":"","background-image":"","background-repeat":"repeat","background-position":"center center","background-size":"auto","background-attachment":"scroll","background-type":"","background-media":"","overlay-type":"","overlay-color":"","overlay-opacity":"","overlay-gradient":""},"mobile":{"background-color":"","background-image":"","background-repeat":"repeat","background-position":"center center","background-size":"auto","background-attachment":"scroll","background-type":"","background-media":"","overlay-type":"","overlay-color":"","overlay-opacity":"","overlay-gradient":""}},"ast-content-background-meta":{"desktop":{"background-color":"var(--ast-global-color-5)","background-image":"","background-repeat":"repeat","background-position":"center center","background-size":"auto","background-attachment":"scroll","background-type":"","background-media":"","overlay-type":"","overlay-color":"","overlay-opacity":"","overlay-gradient":""},"tablet":{"background-color":"var(--ast-global-color-5)","background-image":"","background-repeat":"repeat","background-position":"center center","background-size":"auto","background-attachment":"scroll","background-type":"","background-media":"","overlay-type":"","overlay-color":"","overlay-opacity":"","overlay-gradient":""},"mobile":{"background-color":"var(--ast-global-color-5)","background-image":"","background-repeat":"repeat","background-position":"center center","background-size":"auto","background-attachment":"scroll","background-type":"","background-media":"","overlay-type":"","overlay-color":"","overlay-opacity":"","overlay-gradient":""}},"jetpack_post_was_ever_published":false,"_jetpack_newsletter_access":"","_jetpack_dont_email_post_to_subs":false,"_jetpack_newsletter_tier_id":0,"_jetpack_memberships_contains_paywalled_content":false,"_jetpack_memberships_contains_paid_content":false,"footnotes":"","jetpack_publicize_message":"","jetpack_publicize_feature_enabled":true,"jetpack_social_post_already_shared":false,"jetpack_social_options":{"image_generator_settings":{"template":"highway","default_image_id":0,"font":"","enabled":false},"version":2}},"categories":[1],"tags":[6,93,24,18,20,54,51],"class_list":["post-4416","post","type-post","status-publish","format-standard","has-post-thumbnail","hentry","category-noticia","tag-agricultura","tag-cartilha","tag-cochonilha","tag-evento","tag-palma","tag-palma-forrageira","tag-rio-grande-do-norte"],"yoast_head":"<!-- This site is optimized with the Yoast SEO plugin v27.4 - https:\/\/yoast.com\/product\/yoast-seo-wordpress\/ -->\n<title>Caminhos para a Expans\u00e3o e o Desenvolvimento da Palma Forrageira no Rio Grande do Norte - Fazenda Boqueir\u00e3o<\/title>\n<meta name=\"description\" content=\"A palma forrageira (Opuntia e Nopalea) tem proporcionado, nos \u00faltimos anos, uma verdadeira mudan\u00e7a no sistema de cria\u00e7\u00e3o de ruminantes no Rio Grande do Norte.\" \/>\n<meta name=\"robots\" content=\"index, follow, max-snippet:-1, max-image-preview:large, max-video-preview:-1\" \/>\n<link rel=\"canonical\" href=\"https:\/\/www.fazendaboqueiraorn.com.br\/en\/caminhos-para-a-expansao-e-o-desenvolvimento-da-palma-forrageira-no-rio-grande-do-norte\/\" \/>\n<meta property=\"og:locale\" content=\"en_US\" \/>\n<meta property=\"og:type\" content=\"article\" \/>\n<meta property=\"og:title\" content=\"Caminhos para a Expans\u00e3o e o Desenvolvimento da Palma Forrageira no Rio Grande do Norte - Fazenda Boqueir\u00e3o\" \/>\n<meta property=\"og:description\" content=\"A palma forrageira (Opuntia e Nopalea) tem proporcionado, nos \u00faltimos anos, uma verdadeira mudan\u00e7a no sistema de cria\u00e7\u00e3o de ruminantes no Rio Grande do Norte.\" \/>\n<meta property=\"og:url\" content=\"https:\/\/www.fazendaboqueiraorn.com.br\/en\/caminhos-para-a-expansao-e-o-desenvolvimento-da-palma-forrageira-no-rio-grande-do-norte\/\" \/>\n<meta property=\"og:site_name\" content=\"Fazenda Boqueir\u00e3o\" \/>\n<meta property=\"article:publisher\" content=\"https:\/\/www.facebook.com\/fazboqueirao\" \/>\n<meta property=\"article:published_time\" content=\"2024-01-19T00:08:52+00:00\" \/>\n<meta property=\"article:modified_time\" content=\"2024-01-19T00:09:02+00:00\" \/>\n<meta property=\"og:image\" content=\"https:\/\/www.fazendaboqueiraorn.com.br\/wp-content\/uploads\/2024\/01\/palma-mao-de-moca.jpg\" \/>\n\t<meta property=\"og:image:width\" content=\"808\" \/>\n\t<meta property=\"og:image:height\" content=\"573\" \/>\n\t<meta property=\"og:image:type\" content=\"image\/jpeg\" \/>\n<meta name=\"author\" content=\"Fazenda Boqueir\u00e3o\" \/>\n<meta name=\"twitter:card\" content=\"summary_large_image\" \/>\n<meta name=\"twitter:creator\" content=\"@FazBoqueirao\" \/>\n<meta name=\"twitter:site\" content=\"@FazBoqueirao\" \/>\n<meta name=\"twitter:label1\" content=\"Written by\" \/>\n\t<meta name=\"twitter:data1\" content=\"Fazenda Boqueir\u00e3o\" \/>\n\t<meta name=\"twitter:label2\" content=\"Est. reading time\" \/>\n\t<meta name=\"twitter:data2\" content=\"3 minutes\" \/>\n<script type=\"application\/ld+json\" class=\"yoast-schema-graph\">{\"@context\":\"https:\\\/\\\/schema.org\",\"@graph\":[{\"@type\":\"Article\",\"@id\":\"https:\\\/\\\/www.fazendaboqueiraorn.com.br\\\/caminhos-para-a-expansao-e-o-desenvolvimento-da-palma-forrageira-no-rio-grande-do-norte\\\/#article\",\"isPartOf\":{\"@id\":\"https:\\\/\\\/www.fazendaboqueiraorn.com.br\\\/caminhos-para-a-expansao-e-o-desenvolvimento-da-palma-forrageira-no-rio-grande-do-norte\\\/\"},\"author\":{\"name\":\"Fazenda Boqueir\u00e3o\",\"@id\":\"https:\\\/\\\/www.fazendaboqueiraorn.com.br\\\/#\\\/schema\\\/person\\\/70484dc96f76e66c6365a9f4a2ebfb02\"},\"headline\":\"Caminhos para a Expans\u00e3o e o Desenvolvimento da Palma Forrageira no Rio Grande do Norte\",\"datePublished\":\"2024-01-19T00:08:52+00:00\",\"dateModified\":\"2024-01-19T00:09:02+00:00\",\"mainEntityOfPage\":{\"@id\":\"https:\\\/\\\/www.fazendaboqueiraorn.com.br\\\/caminhos-para-a-expansao-e-o-desenvolvimento-da-palma-forrageira-no-rio-grande-do-norte\\\/\"},\"wordCount\":390,\"commentCount\":0,\"publisher\":{\"@id\":\"https:\\\/\\\/www.fazendaboqueiraorn.com.br\\\/#organization\"},\"image\":{\"@id\":\"https:\\\/\\\/www.fazendaboqueiraorn.com.br\\\/caminhos-para-a-expansao-e-o-desenvolvimento-da-palma-forrageira-no-rio-grande-do-norte\\\/#primaryimage\"},\"thumbnailUrl\":\"https:\\\/\\\/i0.wp.com\\\/www.fazendaboqueiraorn.com.br\\\/wp-content\\\/uploads\\\/2024\\\/01\\\/palma-mao-de-moca.jpg?fit=808%2C573&ssl=1\",\"keywords\":[\"Agricultura\",\"cartilha\",\"Cochonilha\",\"evento\",\"palma\",\"palma forrageira\",\"Rio Grande do Norte\"],\"articleSection\":[\"Not\u00edcias\"],\"inLanguage\":\"en-US\",\"potentialAction\":[{\"@type\":\"CommentAction\",\"name\":\"Comment\",\"target\":[\"https:\\\/\\\/www.fazendaboqueiraorn.com.br\\\/caminhos-para-a-expansao-e-o-desenvolvimento-da-palma-forrageira-no-rio-grande-do-norte\\\/#respond\"]}]},{\"@type\":\"WebPage\",\"@id\":\"https:\\\/\\\/www.fazendaboqueiraorn.com.br\\\/caminhos-para-a-expansao-e-o-desenvolvimento-da-palma-forrageira-no-rio-grande-do-norte\\\/\",\"url\":\"https:\\\/\\\/www.fazendaboqueiraorn.com.br\\\/caminhos-para-a-expansao-e-o-desenvolvimento-da-palma-forrageira-no-rio-grande-do-norte\\\/\",\"name\":\"Caminhos para a Expans\u00e3o e o Desenvolvimento da Palma Forrageira no Rio Grande do Norte - Fazenda Boqueir\u00e3o\",\"isPartOf\":{\"@id\":\"https:\\\/\\\/www.fazendaboqueiraorn.com.br\\\/#website\"},\"primaryImageOfPage\":{\"@id\":\"https:\\\/\\\/www.fazendaboqueiraorn.com.br\\\/caminhos-para-a-expansao-e-o-desenvolvimento-da-palma-forrageira-no-rio-grande-do-norte\\\/#primaryimage\"},\"image\":{\"@id\":\"https:\\\/\\\/www.fazendaboqueiraorn.com.br\\\/caminhos-para-a-expansao-e-o-desenvolvimento-da-palma-forrageira-no-rio-grande-do-norte\\\/#primaryimage\"},\"thumbnailUrl\":\"https:\\\/\\\/i0.wp.com\\\/www.fazendaboqueiraorn.com.br\\\/wp-content\\\/uploads\\\/2024\\\/01\\\/palma-mao-de-moca.jpg?fit=808%2C573&ssl=1\",\"datePublished\":\"2024-01-19T00:08:52+00:00\",\"dateModified\":\"2024-01-19T00:09:02+00:00\",\"description\":\"A palma forrageira (Opuntia e Nopalea) tem proporcionado, nos \u00faltimos anos, uma verdadeira mudan\u00e7a no sistema de cria\u00e7\u00e3o de ruminantes no Rio Grande do Norte.\",\"breadcrumb\":{\"@id\":\"https:\\\/\\\/www.fazendaboqueiraorn.com.br\\\/caminhos-para-a-expansao-e-o-desenvolvimento-da-palma-forrageira-no-rio-grande-do-norte\\\/#breadcrumb\"},\"inLanguage\":\"en-US\",\"potentialAction\":[{\"@type\":\"ReadAction\",\"target\":[\"https:\\\/\\\/www.fazendaboqueiraorn.com.br\\\/caminhos-para-a-expansao-e-o-desenvolvimento-da-palma-forrageira-no-rio-grande-do-norte\\\/\"]}]},{\"@type\":\"ImageObject\",\"inLanguage\":\"en-US\",\"@id\":\"https:\\\/\\\/www.fazendaboqueiraorn.com.br\\\/caminhos-para-a-expansao-e-o-desenvolvimento-da-palma-forrageira-no-rio-grande-do-norte\\\/#primaryimage\",\"url\":\"https:\\\/\\\/i0.wp.com\\\/www.fazendaboqueiraorn.com.br\\\/wp-content\\\/uploads\\\/2024\\\/01\\\/palma-mao-de-moca.jpg?fit=808%2C573&ssl=1\",\"contentUrl\":\"https:\\\/\\\/i0.wp.com\\\/www.fazendaboqueiraorn.com.br\\\/wp-content\\\/uploads\\\/2024\\\/01\\\/palma-mao-de-moca.jpg?fit=808%2C573&ssl=1\",\"width\":808,\"height\":573,\"caption\":\"Palma IPA Sert\u00e2nia, Baiana ou M\u00e3o-de-Mo\u00e7a\"},{\"@type\":\"BreadcrumbList\",\"@id\":\"https:\\\/\\\/www.fazendaboqueiraorn.com.br\\\/caminhos-para-a-expansao-e-o-desenvolvimento-da-palma-forrageira-no-rio-grande-do-norte\\\/#breadcrumb\",\"itemListElement\":[{\"@type\":\"ListItem\",\"position\":1,\"name\":\"Home\",\"item\":\"https:\\\/\\\/www.fazendaboqueiraorn.com.br\\\/\"},{\"@type\":\"ListItem\",\"position\":2,\"name\":\"Caminhos para a Expans\u00e3o e o Desenvolvimento da Palma Forrageira no Rio Grande do Norte\"}]},{\"@type\":\"WebSite\",\"@id\":\"https:\\\/\\\/www.fazendaboqueiraorn.com.br\\\/#website\",\"url\":\"https:\\\/\\\/www.fazendaboqueiraorn.com.br\\\/\",\"name\":\"Fazenda Boqueir\u00e3o\",\"description\":\"\",\"publisher\":{\"@id\":\"https:\\\/\\\/www.fazendaboqueiraorn.com.br\\\/#organization\"},\"potentialAction\":[{\"@type\":\"SearchAction\",\"target\":{\"@type\":\"EntryPoint\",\"urlTemplate\":\"https:\\\/\\\/www.fazendaboqueiraorn.com.br\\\/?s={search_term_string}\"},\"query-input\":{\"@type\":\"PropertyValueSpecification\",\"valueRequired\":true,\"valueName\":\"search_term_string\"}}],\"inLanguage\":\"en-US\"},{\"@type\":\"Organization\",\"@id\":\"https:\\\/\\\/www.fazendaboqueiraorn.com.br\\\/#organization\",\"name\":\"Fazenda Boqueir\u00e3o\",\"url\":\"https:\\\/\\\/www.fazendaboqueiraorn.com.br\\\/\",\"logo\":{\"@type\":\"ImageObject\",\"inLanguage\":\"en-US\",\"@id\":\"https:\\\/\\\/www.fazendaboqueiraorn.com.br\\\/#\\\/schema\\\/logo\\\/image\\\/\",\"url\":\"https:\\\/\\\/i0.wp.com\\\/www.fazendaboqueiraorn.com.br\\\/wp-content\\\/uploads\\\/2021\\\/08\\\/logo-fazenda-120x120-1.png?fit=120%2C120&ssl=1\",\"contentUrl\":\"https:\\\/\\\/i0.wp.com\\\/www.fazendaboqueiraorn.com.br\\\/wp-content\\\/uploads\\\/2021\\\/08\\\/logo-fazenda-120x120-1.png?fit=120%2C120&ssl=1\",\"width\":120,\"height\":120,\"caption\":\"Fazenda Boqueir\u00e3o\"},\"image\":{\"@id\":\"https:\\\/\\\/www.fazendaboqueiraorn.com.br\\\/#\\\/schema\\\/logo\\\/image\\\/\"},\"sameAs\":[\"https:\\\/\\\/www.facebook.com\\\/fazboqueirao\",\"https:\\\/\\\/x.com\\\/FazBoqueirao\",\"http:\\\/\\\/instagram.com\\\/fazboqueirao\\\/\",\"https:\\\/\\\/www.linkedin.com\\\/company\\\/fazboqueirao\\\/\",\"https:\\\/\\\/www.youtube.com\\\/channel\\\/UCUA4_8v8HkmMeNUh8c6Ky1Q\"]},{\"@type\":\"Person\",\"@id\":\"https:\\\/\\\/www.fazendaboqueiraorn.com.br\\\/#\\\/schema\\\/person\\\/70484dc96f76e66c6365a9f4a2ebfb02\",\"name\":\"Fazenda Boqueir\u00e3o\",\"image\":{\"@type\":\"ImageObject\",\"inLanguage\":\"en-US\",\"@id\":\"https:\\\/\\\/secure.gravatar.com\\\/avatar\\\/19f19467ae305ded5d913deae2fb6c6f29fe88a0a7f3a4dca5679407289a9efd?s=96&d=mm&r=g\",\"url\":\"https:\\\/\\\/secure.gravatar.com\\\/avatar\\\/19f19467ae305ded5d913deae2fb6c6f29fe88a0a7f3a4dca5679407289a9efd?s=96&d=mm&r=g\",\"contentUrl\":\"https:\\\/\\\/secure.gravatar.com\\\/avatar\\\/19f19467ae305ded5d913deae2fb6c6f29fe88a0a7f3a4dca5679407289a9efd?s=96&d=mm&r=g\",\"caption\":\"Fazenda Boqueir\u00e3o\"},\"url\":\"https:\\\/\\\/www.fazendaboqueiraorn.com.br\\\/en\\\/author\\\/fazenda\\\/\"}]}<\/script>\n<!-- \/ Yoast SEO plugin. -->","yoast_head_json":{"title":"Caminhos para a Expans\u00e3o e o Desenvolvimento da Palma Forrageira no Rio Grande do Norte - Fazenda Boqueir\u00e3o","description":"A palma forrageira (Opuntia e Nopalea) tem proporcionado, nos \u00faltimos anos, uma verdadeira mudan\u00e7a no sistema de cria\u00e7\u00e3o de ruminantes no Rio Grande do Norte.","robots":{"index":"index","follow":"follow","max-snippet":"max-snippet:-1","max-image-preview":"max-image-preview:large","max-video-preview":"max-video-preview:-1"},"canonical":"https:\/\/www.fazendaboqueiraorn.com.br\/en\/caminhos-para-a-expansao-e-o-desenvolvimento-da-palma-forrageira-no-rio-grande-do-norte\/","og_locale":"en_US","og_type":"article","og_title":"Caminhos para a Expans\u00e3o e o Desenvolvimento da Palma Forrageira no Rio Grande do Norte - Fazenda Boqueir\u00e3o","og_description":"A palma forrageira (Opuntia e Nopalea) tem proporcionado, nos \u00faltimos anos, uma verdadeira mudan\u00e7a no sistema de cria\u00e7\u00e3o de ruminantes no Rio Grande do Norte.","og_url":"https:\/\/www.fazendaboqueiraorn.com.br\/en\/caminhos-para-a-expansao-e-o-desenvolvimento-da-palma-forrageira-no-rio-grande-do-norte\/","og_site_name":"Fazenda Boqueir\u00e3o","article_publisher":"https:\/\/www.facebook.com\/fazboqueirao","article_published_time":"2024-01-19T00:08:52+00:00","article_modified_time":"2024-01-19T00:09:02+00:00","og_image":[{"width":808,"height":573,"url":"https:\/\/www.fazendaboqueiraorn.com.br\/wp-content\/uploads\/2024\/01\/palma-mao-de-moca.jpg","type":"image\/jpeg"}],"author":"Fazenda Boqueir\u00e3o","twitter_card":"summary_large_image","twitter_creator":"@FazBoqueirao","twitter_site":"@FazBoqueirao","twitter_misc":{"Written by":"Fazenda Boqueir\u00e3o","Est. reading time":"3 minutes"},"schema":{"@context":"https:\/\/schema.org","@graph":[{"@type":"Article","@id":"https:\/\/www.fazendaboqueiraorn.com.br\/caminhos-para-a-expansao-e-o-desenvolvimento-da-palma-forrageira-no-rio-grande-do-norte\/#article","isPartOf":{"@id":"https:\/\/www.fazendaboqueiraorn.com.br\/caminhos-para-a-expansao-e-o-desenvolvimento-da-palma-forrageira-no-rio-grande-do-norte\/"},"author":{"name":"Fazenda Boqueir\u00e3o","@id":"https:\/\/www.fazendaboqueiraorn.com.br\/#\/schema\/person\/70484dc96f76e66c6365a9f4a2ebfb02"},"headline":"Caminhos para a Expans\u00e3o e o Desenvolvimento da Palma Forrageira no Rio Grande do Norte","datePublished":"2024-01-19T00:08:52+00:00","dateModified":"2024-01-19T00:09:02+00:00","mainEntityOfPage":{"@id":"https:\/\/www.fazendaboqueiraorn.com.br\/caminhos-para-a-expansao-e-o-desenvolvimento-da-palma-forrageira-no-rio-grande-do-norte\/"},"wordCount":390,"commentCount":0,"publisher":{"@id":"https:\/\/www.fazendaboqueiraorn.com.br\/#organization"},"image":{"@id":"https:\/\/www.fazendaboqueiraorn.com.br\/caminhos-para-a-expansao-e-o-desenvolvimento-da-palma-forrageira-no-rio-grande-do-norte\/#primaryimage"},"thumbnailUrl":"https:\/\/i0.wp.com\/www.fazendaboqueiraorn.com.br\/wp-content\/uploads\/2024\/01\/palma-mao-de-moca.jpg?fit=808%2C573&ssl=1","keywords":["Agricultura","cartilha","Cochonilha","evento","palma","palma forrageira","Rio Grande do Norte"],"articleSection":["Not\u00edcias"],"inLanguage":"en-US","potentialAction":[{"@type":"CommentAction","name":"Comment","target":["https:\/\/www.fazendaboqueiraorn.com.br\/caminhos-para-a-expansao-e-o-desenvolvimento-da-palma-forrageira-no-rio-grande-do-norte\/#respond"]}]},{"@type":"WebPage","@id":"https:\/\/www.fazendaboqueiraorn.com.br\/caminhos-para-a-expansao-e-o-desenvolvimento-da-palma-forrageira-no-rio-grande-do-norte\/","url":"https:\/\/www.fazendaboqueiraorn.com.br\/caminhos-para-a-expansao-e-o-desenvolvimento-da-palma-forrageira-no-rio-grande-do-norte\/","name":"Caminhos para a Expans\u00e3o e o Desenvolvimento da Palma Forrageira no Rio Grande do Norte - Fazenda Boqueir\u00e3o","isPartOf":{"@id":"https:\/\/www.fazendaboqueiraorn.com.br\/#website"},"primaryImageOfPage":{"@id":"https:\/\/www.fazendaboqueiraorn.com.br\/caminhos-para-a-expansao-e-o-desenvolvimento-da-palma-forrageira-no-rio-grande-do-norte\/#primaryimage"},"image":{"@id":"https:\/\/www.fazendaboqueiraorn.com.br\/caminhos-para-a-expansao-e-o-desenvolvimento-da-palma-forrageira-no-rio-grande-do-norte\/#primaryimage"},"thumbnailUrl":"https:\/\/i0.wp.com\/www.fazendaboqueiraorn.com.br\/wp-content\/uploads\/2024\/01\/palma-mao-de-moca.jpg?fit=808%2C573&ssl=1","datePublished":"2024-01-19T00:08:52+00:00","dateModified":"2024-01-19T00:09:02+00:00","description":"A palma forrageira (Opuntia e Nopalea) tem proporcionado, nos \u00faltimos anos, uma verdadeira mudan\u00e7a no sistema de cria\u00e7\u00e3o de ruminantes no Rio Grande do Norte.","breadcrumb":{"@id":"https:\/\/www.fazendaboqueiraorn.com.br\/caminhos-para-a-expansao-e-o-desenvolvimento-da-palma-forrageira-no-rio-grande-do-norte\/#breadcrumb"},"inLanguage":"en-US","potentialAction":[{"@type":"ReadAction","target":["https:\/\/www.fazendaboqueiraorn.com.br\/caminhos-para-a-expansao-e-o-desenvolvimento-da-palma-forrageira-no-rio-grande-do-norte\/"]}]},{"@type":"ImageObject","inLanguage":"en-US","@id":"https:\/\/www.fazendaboqueiraorn.com.br\/caminhos-para-a-expansao-e-o-desenvolvimento-da-palma-forrageira-no-rio-grande-do-norte\/#primaryimage","url":"https:\/\/i0.wp.com\/www.fazendaboqueiraorn.com.br\/wp-content\/uploads\/2024\/01\/palma-mao-de-moca.jpg?fit=808%2C573&ssl=1","contentUrl":"https:\/\/i0.wp.com\/www.fazendaboqueiraorn.com.br\/wp-content\/uploads\/2024\/01\/palma-mao-de-moca.jpg?fit=808%2C573&ssl=1","width":808,"height":573,"caption":"Palma IPA Sert\u00e2nia, Baiana ou M\u00e3o-de-Mo\u00e7a"},{"@type":"BreadcrumbList","@id":"https:\/\/www.fazendaboqueiraorn.com.br\/caminhos-para-a-expansao-e-o-desenvolvimento-da-palma-forrageira-no-rio-grande-do-norte\/#breadcrumb","itemListElement":[{"@type":"ListItem","position":1,"name":"Home","item":"https:\/\/www.fazendaboqueiraorn.com.br\/"},{"@type":"ListItem","position":2,"name":"Caminhos para a Expans\u00e3o e o Desenvolvimento da Palma Forrageira no Rio Grande do Norte"}]},{"@type":"WebSite","@id":"https:\/\/www.fazendaboqueiraorn.com.br\/#website","url":"https:\/\/www.fazendaboqueiraorn.com.br\/","name":"Fazenda Boqueir\u00e3o","description":"","publisher":{"@id":"https:\/\/www.fazendaboqueiraorn.com.br\/#organization"},"potentialAction":[{"@type":"SearchAction","target":{"@type":"EntryPoint","urlTemplate":"https:\/\/www.fazendaboqueiraorn.com.br\/?s={search_term_string}"},"query-input":{"@type":"PropertyValueSpecification","valueRequired":true,"valueName":"search_term_string"}}],"inLanguage":"en-US"},{"@type":"Organization","@id":"https:\/\/www.fazendaboqueiraorn.com.br\/#organization","name":"Fazenda Boqueir\u00e3o","url":"https:\/\/www.fazendaboqueiraorn.com.br\/","logo":{"@type":"ImageObject","inLanguage":"en-US","@id":"https:\/\/www.fazendaboqueiraorn.com.br\/#\/schema\/logo\/image\/","url":"https:\/\/i0.wp.com\/www.fazendaboqueiraorn.com.br\/wp-content\/uploads\/2021\/08\/logo-fazenda-120x120-1.png?fit=120%2C120&ssl=1","contentUrl":"https:\/\/i0.wp.com\/www.fazendaboqueiraorn.com.br\/wp-content\/uploads\/2021\/08\/logo-fazenda-120x120-1.png?fit=120%2C120&ssl=1","width":120,"height":120,"caption":"Fazenda Boqueir\u00e3o"},"image":{"@id":"https:\/\/www.fazendaboqueiraorn.com.br\/#\/schema\/logo\/image\/"},"sameAs":["https:\/\/www.facebook.com\/fazboqueirao","https:\/\/x.com\/FazBoqueirao","http:\/\/instagram.com\/fazboqueirao\/","https:\/\/www.linkedin.com\/company\/fazboqueirao\/","https:\/\/www.youtube.com\/channel\/UCUA4_8v8HkmMeNUh8c6Ky1Q"]},{"@type":"Person","@id":"https:\/\/www.fazendaboqueiraorn.com.br\/#\/schema\/person\/70484dc96f76e66c6365a9f4a2ebfb02","name":"Fazenda Boqueir\u00e3o","image":{"@type":"ImageObject","inLanguage":"en-US","@id":"https:\/\/secure.gravatar.com\/avatar\/19f19467ae305ded5d913deae2fb6c6f29fe88a0a7f3a4dca5679407289a9efd?s=96&d=mm&r=g","url":"https:\/\/secure.gravatar.com\/avatar\/19f19467ae305ded5d913deae2fb6c6f29fe88a0a7f3a4dca5679407289a9efd?s=96&d=mm&r=g","contentUrl":"https:\/\/secure.gravatar.com\/avatar\/19f19467ae305ded5d913deae2fb6c6f29fe88a0a7f3a4dca5679407289a9efd?s=96&d=mm&r=g","caption":"Fazenda Boqueir\u00e3o"},"url":"https:\/\/www.fazendaboqueiraorn.com.br\/en\/author\/fazenda\/"}]}},"jetpack_publicize_connections":[],"uagb_featured_image_src":{"full":["https:\/\/i0.wp.com\/www.fazendaboqueiraorn.com.br\/wp-content\/uploads\/2024\/01\/palma-mao-de-moca.jpg?fit=808%2C573&ssl=1",808,573,false],"thumbnail":["https:\/\/i0.wp.com\/www.fazendaboqueiraorn.com.br\/wp-content\/uploads\/2024\/01\/palma-mao-de-moca.jpg?resize=150%2C150&ssl=1",150,150,true],"medium":["https:\/\/i0.wp.com\/www.fazendaboqueiraorn.com.br\/wp-content\/uploads\/2024\/01\/palma-mao-de-moca.jpg?fit=300%2C213&ssl=1",300,213,true],"medium_large":["https:\/\/i0.wp.com\/www.fazendaboqueiraorn.com.br\/wp-content\/uploads\/2024\/01\/palma-mao-de-moca.jpg?fit=768%2C545&ssl=1",768,545,true],"large":["https:\/\/i0.wp.com\/www.fazendaboqueiraorn.com.br\/wp-content\/uploads\/2024\/01\/palma-mao-de-moca.jpg?fit=808%2C573&ssl=1",808,573,true],"1536x1536":["https:\/\/i0.wp.com\/www.fazendaboqueiraorn.com.br\/wp-content\/uploads\/2024\/01\/palma-mao-de-moca.jpg?fit=808%2C573&ssl=1",808,573,true],"2048x2048":["https:\/\/i0.wp.com\/www.fazendaboqueiraorn.com.br\/wp-content\/uploads\/2024\/01\/palma-mao-de-moca.jpg?fit=808%2C573&ssl=1",808,573,true],"trp-custom-language-flag":["https:\/\/i0.wp.com\/www.fazendaboqueiraorn.com.br\/wp-content\/uploads\/2024\/01\/palma-mao-de-moca.jpg?fit=18%2C12&ssl=1",18,12,true],"ultp_layout_landscape_large":["https:\/\/i0.wp.com\/www.fazendaboqueiraorn.com.br\/wp-content\/uploads\/2024\/01\/palma-mao-de-moca.jpg?resize=808%2C573&ssl=1",808,573,true],"ultp_layout_landscape":["https:\/\/i0.wp.com\/www.fazendaboqueiraorn.com.br\/wp-content\/uploads\/2024\/01\/palma-mao-de-moca.jpg?resize=808%2C570&ssl=1",808,570,true],"ultp_layout_portrait":["https:\/\/i0.wp.com\/www.fazendaboqueiraorn.com.br\/wp-content\/uploads\/2024\/01\/palma-mao-de-moca.jpg?resize=600%2C573&ssl=1",600,573,true],"ultp_layout_square":["https:\/\/i0.wp.com\/www.fazendaboqueiraorn.com.br\/wp-content\/uploads\/2024\/01\/palma-mao-de-moca.jpg?resize=600%2C573&ssl=1",600,573,true],"woocommerce_thumbnail":["https:\/\/www.fazendaboqueiraorn.com.br\/wp-content\/uploads\/2024\/01\/palma-mao-de-moca-300x300.jpg",300,300,true],"woocommerce_single":["https:\/\/www.fazendaboqueiraorn.com.br\/wp-content\/uploads\/2024\/01\/palma-mao-de-moca.jpg",600,425,false],"woocommerce_gallery_thumbnail":["https:\/\/www.fazendaboqueiraorn.com.br\/wp-content\/uploads\/2024\/01\/palma-mao-de-moca-100x100.jpg",100,100,true],"web-stories-poster-portrait":["https:\/\/www.fazendaboqueiraorn.com.br\/wp-content\/uploads\/2024\/01\/palma-mao-de-moca-640x573.jpg",640,573,true],"web-stories-publisher-logo":["https:\/\/www.fazendaboqueiraorn.com.br\/wp-content\/uploads\/2024\/01\/palma-mao-de-moca-96x96.jpg",96,96,true],"web-stories-thumbnail":["https:\/\/www.fazendaboqueiraorn.com.br\/wp-content\/uploads\/2024\/01\/palma-mao-de-moca-150x106.jpg",150,106,true]},"uagb_author_info":{"display_name":"Fazenda Boqueir\u00e3o","author_link":"https:\/\/www.fazendaboqueiraorn.com.br\/en\/author\/fazenda\/"},"uagb_comment_info":0,"uagb_excerpt":"A palma forrageira (Opuntia e Nopalea) tem proporcionado, nos \u00faltimos anos, uma verdadeira mudan\u00e7a no sistema de cria\u00e7\u00e3o de ruminantes no Rio Grande do Norte.","jetpack_featured_media_url":"https:\/\/i0.wp.com\/www.fazendaboqueiraorn.com.br\/wp-content\/uploads\/2024\/01\/palma-mao-de-moca.jpg?fit=808%2C573&ssl=1","jetpack_sharing_enabled":true,"jetpack_likes_enabled":true,"_links":{"self":[{"href":"https:\/\/www.fazendaboqueiraorn.com.br\/en\/wp-json\/wp\/v2\/posts\/4416","targetHints":{"allow":["GET"]}}],"collection":[{"href":"https:\/\/www.fazendaboqueiraorn.com.br\/en\/wp-json\/wp\/v2\/posts"}],"about":[{"href":"https:\/\/www.fazendaboqueiraorn.com.br\/en\/wp-json\/wp\/v2\/types\/post"}],"author":[{"embeddable":true,"href":"https:\/\/www.fazendaboqueiraorn.com.br\/en\/wp-json\/wp\/v2\/users\/2"}],"replies":[{"embeddable":true,"href":"https:\/\/www.fazendaboqueiraorn.com.br\/en\/wp-json\/wp\/v2\/comments?post=4416"}],"version-history":[{"count":1,"href":"https:\/\/www.fazendaboqueiraorn.com.br\/en\/wp-json\/wp\/v2\/posts\/4416\/revisions"}],"predecessor-version":[{"id":4421,"href":"https:\/\/www.fazendaboqueiraorn.com.br\/en\/wp-json\/wp\/v2\/posts\/4416\/revisions\/4421"}],"wp:featuredmedia":[{"embeddable":true,"href":"https:\/\/www.fazendaboqueiraorn.com.br\/en\/wp-json\/wp\/v2\/media\/4418"}],"wp:attachment":[{"href":"https:\/\/www.fazendaboqueiraorn.com.br\/en\/wp-json\/wp\/v2\/media?parent=4416"}],"wp:term":[{"taxonomy":"category","embeddable":true,"href":"https:\/\/www.fazendaboqueiraorn.com.br\/en\/wp-json\/wp\/v2\/categories?post=4416"},{"taxonomy":"post_tag","embeddable":true,"href":"https:\/\/www.fazendaboqueiraorn.com.br\/en\/wp-json\/wp\/v2\/tags?post=4416"}],"curies":[{"name":"wp","href":"https:\/\/api.w.org\/{rel}","templated":true}]}}