{"id":4331,"date":"2023-11-28T18:01:13","date_gmt":"2023-11-28T21:01:13","guid":{"rendered":"https:\/\/www.fazendaboqueiraorn.com.br\/?p=4331"},"modified":"2023-11-28T18:01:19","modified_gmt":"2023-11-28T21:01:19","slug":"rn-registra-maiores-acumulados-de-chuva-no-brasil-em-vinte-e-quatro-horas","status":"publish","type":"post","link":"https:\/\/www.fazendaboqueiraorn.com.br\/en\/rn-registra-maiores-acumulados-de-chuva-no-brasil-em-vinte-e-quatro-horas\/","title":{"rendered":"RN registra maiores acumulados de chuva no Brasil em vinte e quatro horas"},"content":{"rendered":"<figure class=\"wp-block-image aligncenter size-large\"><img data-recalc-dims=\"1\" decoding=\"async\" width=\"1024\" height=\"761\" loading=\"lazy\" src=\"https:\/\/i0.wp.com\/www.fazendaboqueiraorn.com.br\/wp-content\/uploads\/2023\/11\/emparn-20231128.jpg?resize=1024%2C761&#038;ssl=1\" alt=\"RN registra maiores acumulados de chuva no Brasil\" class=\"wp-image-4333\" srcset=\"https:\/\/i0.wp.com\/www.fazendaboqueiraorn.com.br\/wp-content\/uploads\/2023\/11\/emparn-20231128-scaled.jpg?resize=1024%2C761&amp;ssl=1 1024w, https:\/\/i0.wp.com\/www.fazendaboqueiraorn.com.br\/wp-content\/uploads\/2023\/11\/emparn-20231128-scaled.jpg?resize=600%2C446&amp;ssl=1 600w, https:\/\/i0.wp.com\/www.fazendaboqueiraorn.com.br\/wp-content\/uploads\/2023\/11\/emparn-20231128-scaled.jpg?resize=300%2C223&amp;ssl=1 300w, https:\/\/i0.wp.com\/www.fazendaboqueiraorn.com.br\/wp-content\/uploads\/2023\/11\/emparn-20231128-scaled.jpg?resize=768%2C571&amp;ssl=1 768w, https:\/\/i0.wp.com\/www.fazendaboqueiraorn.com.br\/wp-content\/uploads\/2023\/11\/emparn-20231128-scaled.jpg?resize=16%2C12&amp;ssl=1 16w, https:\/\/i0.wp.com\/www.fazendaboqueiraorn.com.br\/wp-content\/uploads\/2023\/11\/emparn-20231128-scaled.jpg?resize=150%2C112&amp;ssl=1 150w, https:\/\/i0.wp.com\/www.fazendaboqueiraorn.com.br\/wp-content\/uploads\/2023\/11\/emparn-20231128-scaled.jpg?w=1000&amp;ssl=1 1000w\" sizes=\"auto, (max-width: 1000px) 100vw, 1000px\" \/><\/figure>\n\n\n\n<p>RN registra maiores acumulados de chuva no Brasil nas \u00faltimas 24 horas, os maiores volumes de chuva em apenas um dia no m\u00eas de novembro, classificado pela climatologia como quente e seco. Foram 321 mil\u00edmetros em Brejinho, no Agreste Potiguar, sendo o mais chuvoso do Sistema de Monitoramento da Empresa de Pesquisa Agropecu\u00e1ria do Rio Grande do Norte (Emparn). Durante o ano inteiro o munic\u00edpio registrou em torno de 600 mm.<\/p>\n\n\n\n<p>No munic\u00edpio de Extremoz (Litoral Potiguar) foram 261mm; Monte Alegre (Agreste) 285; Lagoa de Pedras (Agreste Potiguar) 250mm; Lagoa Salgada (Agreste Potiguar) 241 mm. Em Natal choveu 194 mm; em Maca\u00edba 197 mm; S\u00e3o Gon\u00e7alo do Amarante 161; Parnamirim 129 mm. Esses volumes foram registrados nas esta\u00e7\u00f5es da Emparn no per\u00edodo compreendido entre 7h00 do dia 27\/11 \u00e0s 7h00 desta ter\u00e7a-feira, dia 28\/11\/2023.<\/p>\n\n\n\n<p>\u201cEsse volume de chuva n\u00e3o foi detectado em nenhum sistema de previs\u00e3o de tempo tendo sido influenciado pelo fen\u00f4meno El Ni\u00f1o. A chuva foi acompanhada de trov\u00f5es e rel\u00e2mpagos causados por forma\u00e7\u00e3o de nuvens Cumulus Nimbus que n\u00e3o s\u00e3o forma\u00e7\u00f5es comuns em \u00e1reas equatoriais e litor\u00e2neas. Este \u00e9 mais um efeito do fen\u00f4meno\u201d, explicou o chefe da unidade de Meteorologia da Emparn, Gilmar Bristot.<\/p>\n\n\n\n<p>A previs\u00e3o para o restante da semana \u00e9 de chuvas com volumes menos intensos. \u201cNunca tivemos chuvas com esses volumes no m\u00eas de novembro\u201d, esclareceu Bristot.<\/p>\n\n\n\n<p>A Emparn publica diariamente cinco boletins pluviom\u00e9tricos di\u00e1rios divulgados no seguinte endere\u00e7o eletr\u00f4nico: emparn.rn.gov.br, aba Meteorologia ou meteorologia.emparn.rn.gov.br<\/p>\n\n\n\n<p>A Defesa Civil vem acompanhando as chuvas desde a segunda-feira (27) em contato com as coordenadorias de Defesa Civil dos munic\u00edpios e fazendo atendimentos. O coronel Marcos Carvalho, coordenador da Defesa Civil, explica que os atendimentos s\u00e3o feitos diretamente por equipes do Corpo de Bombeiros Militar. \u201cEstamos reunidos nesta manh\u00e3 acompanhando a situa\u00e7\u00e3o do Estado, com atualiza\u00e7\u00f5es das previs\u00f5es meteorol\u00f3gicas junto \u00e0 sala de situa\u00e7\u00e3o da Secretaria de Estado do Meio Ambiente e Recursos H\u00eddricos (Semarh), setor de Meteorologia da Empresa de Pesquisa Agropecu\u00e1ria do Rio Grande do Norte (Emparn) e da pr\u00f3pria Defesa Civil\u201d, ressaltou.<\/p>\n\n\n\n<p>O coordenador da Defesa Civil informou ainda que o Corpo de Bombeiros, disponibilizou equipes extras, que continuam de sobreaviso. \u201cA madrugada foi toda de trabalho e apesar do volume das chuvas e do n\u00famero consider\u00e1vel de pessoas afetadas, n\u00e3o tivemos nenhuma ocorr\u00eancia de maior gravidade\u201d, conforme dados da Defesa Civil, principalmente de Natal e Corpo de Bombeiros Militar.<\/p>","protected":false},"excerpt":{"rendered":"<p>RN registra maiores acumulados de chuva no Brasil nas \u00faltimas 24 horas, os maiores volumes de chuva em apenas um dia no m\u00eas de novembro, classificado pela climatologia como quente e seco. <\/p>","protected":false},"author":2,"featured_media":4333,"comment_status":"open","ping_status":"open","sticky":false,"template":"","format":"standard","meta":{"nf_dc_page":"","_uag_custom_page_level_css":"","site-sidebar-layout":"default","site-content-layout":"","ast-site-content-layout":"default","site-content-style":"default","site-sidebar-style":"default","ast-global-header-display":"","ast-banner-title-visibility":"","ast-main-header-display":"","ast-hfb-above-header-display":"","ast-hfb-below-header-display":"","ast-hfb-mobile-header-display":"","site-post-title":"","ast-breadcrumbs-content":"","ast-featured-img":"","footer-sml-layout":"","ast-disable-related-posts":"","theme-transparent-header-meta":"","adv-header-id-meta":"","stick-header-meta":"","header-above-stick-meta":"","header-main-stick-meta":"","header-below-stick-meta":"","astra-migrate-meta-layouts":"default","ast-page-background-enabled":"default","ast-page-background-meta":{"desktop":{"background-color":"var(--ast-global-color-4)","background-image":"","background-repeat":"repeat","background-position":"center center","background-size":"auto","background-attachment":"scroll","background-type":"","background-media":"","overlay-type":"","overlay-color":"","overlay-opacity":"","overlay-gradient":""},"tablet":{"background-color":"","background-image":"","background-repeat":"repeat","background-position":"center center","background-size":"auto","background-attachment":"scroll","background-type":"","background-media":"","overlay-type":"","overlay-color":"","overlay-opacity":"","overlay-gradient":""},"mobile":{"background-color":"","background-image":"","background-repeat":"repeat","background-position":"center center","background-size":"auto","background-attachment":"scroll","background-type":"","background-media":"","overlay-type":"","overlay-color":"","overlay-opacity":"","overlay-gradient":""}},"ast-content-background-meta":{"desktop":{"background-color":"var(--ast-global-color-5)","background-image":"","background-repeat":"repeat","background-position":"center center","background-size":"auto","background-attachment":"scroll","background-type":"","background-media":"","overlay-type":"","overlay-color":"","overlay-opacity":"","overlay-gradient":""},"tablet":{"background-color":"var(--ast-global-color-5)","background-image":"","background-repeat":"repeat","background-position":"center center","background-size":"auto","background-attachment":"scroll","background-type":"","background-media":"","overlay-type":"","overlay-color":"","overlay-opacity":"","overlay-gradient":""},"mobile":{"background-color":"var(--ast-global-color-5)","background-image":"","background-repeat":"repeat","background-position":"center center","background-size":"auto","background-attachment":"scroll","background-type":"","background-media":"","overlay-type":"","overlay-color":"","overlay-opacity":"","overlay-gradient":""}},"jetpack_post_was_ever_published":false,"_jetpack_newsletter_access":"","_jetpack_dont_email_post_to_subs":false,"_jetpack_newsletter_tier_id":0,"_jetpack_memberships_contains_paywalled_content":false,"_jetpack_memberships_contains_paid_content":false,"footnotes":"","jetpack_publicize_message":"","jetpack_publicize_feature_enabled":true,"jetpack_social_post_already_shared":false,"jetpack_social_options":{"image_generator_settings":{"template":"highway","default_image_id":0,"font":"","enabled":false},"version":2}},"categories":[1],"tags":[228,103,107,59,120,185,1568,51],"class_list":["post-4331","post","type-post","status-publish","format-standard","has-post-thumbnail","hentry","category-noticia","tag-chuva","tag-curso","tag-emater","tag-emparn","tag-gado","tag-parnamirim","tag-precipitacao","tag-rio-grande-do-norte"],"yoast_head":"<!-- This site is optimized with the Yoast SEO plugin v27.4 - https:\/\/yoast.com\/product\/yoast-seo-wordpress\/ -->\n<title>RN registra maiores acumulados de chuva no Brasil em vinte e quatro horas - Fazenda Boqueir\u00e3o<\/title>\n<meta name=\"description\" content=\"RN registra maiores acumulados de chuva no Brasil nas \u00faltimas 24 horas, os maiores volumes de chuva em apenas um dia no m\u00eas de novembro.\" \/>\n<meta name=\"robots\" content=\"index, follow, max-snippet:-1, max-image-preview:large, max-video-preview:-1\" \/>\n<link rel=\"canonical\" href=\"https:\/\/www.fazendaboqueiraorn.com.br\/en\/rn-registra-maiores-acumulados-de-chuva-no-brasil-em-vinte-e-quatro-horas\/\" \/>\n<meta property=\"og:locale\" content=\"en_US\" \/>\n<meta property=\"og:type\" content=\"article\" \/>\n<meta property=\"og:title\" content=\"RN registra maiores acumulados de chuva no Brasil em vinte e quatro horas - Fazenda Boqueir\u00e3o\" \/>\n<meta property=\"og:description\" content=\"RN registra maiores acumulados de chuva no Brasil nas \u00faltimas 24 horas, os maiores volumes de chuva em apenas um dia no m\u00eas de novembro.\" \/>\n<meta property=\"og:url\" content=\"https:\/\/www.fazendaboqueiraorn.com.br\/en\/rn-registra-maiores-acumulados-de-chuva-no-brasil-em-vinte-e-quatro-horas\/\" \/>\n<meta property=\"og:site_name\" content=\"Fazenda Boqueir\u00e3o\" \/>\n<meta property=\"article:publisher\" content=\"https:\/\/www.facebook.com\/fazboqueirao\" \/>\n<meta property=\"article:published_time\" content=\"2023-11-28T21:01:13+00:00\" \/>\n<meta property=\"article:modified_time\" content=\"2023-11-28T21:01:19+00:00\" \/>\n<meta property=\"og:image\" content=\"https:\/\/www.fazendaboqueiraorn.com.br\/wp-content\/uploads\/2023\/11\/emparn-20231128-scaled.jpg\" \/>\n\t<meta property=\"og:image:width\" content=\"1000\" \/>\n\t<meta property=\"og:image:height\" content=\"744\" \/>\n\t<meta property=\"og:image:type\" content=\"image\/jpeg\" \/>\n<meta name=\"author\" content=\"Fazenda Boqueir\u00e3o\" \/>\n<meta name=\"twitter:card\" content=\"summary_large_image\" \/>\n<meta name=\"twitter:creator\" content=\"@FazBoqueirao\" \/>\n<meta name=\"twitter:site\" content=\"@FazBoqueirao\" \/>\n<meta name=\"twitter:label1\" content=\"Written by\" \/>\n\t<meta name=\"twitter:data1\" content=\"Fazenda Boqueir\u00e3o\" \/>\n\t<meta name=\"twitter:label2\" content=\"Est. reading time\" \/>\n\t<meta name=\"twitter:data2\" content=\"3 minutes\" \/>\n<script type=\"application\/ld+json\" class=\"yoast-schema-graph\">{\"@context\":\"https:\\\/\\\/schema.org\",\"@graph\":[{\"@type\":\"Article\",\"@id\":\"https:\\\/\\\/www.fazendaboqueiraorn.com.br\\\/rn-registra-maiores-acumulados-de-chuva-no-brasil-em-vinte-e-quatro-horas\\\/#article\",\"isPartOf\":{\"@id\":\"https:\\\/\\\/www.fazendaboqueiraorn.com.br\\\/rn-registra-maiores-acumulados-de-chuva-no-brasil-em-vinte-e-quatro-horas\\\/\"},\"author\":{\"name\":\"Fazenda Boqueir\u00e3o\",\"@id\":\"https:\\\/\\\/www.fazendaboqueiraorn.com.br\\\/#\\\/schema\\\/person\\\/70484dc96f76e66c6365a9f4a2ebfb02\"},\"headline\":\"RN registra maiores acumulados de chuva no Brasil em vinte e quatro horas\",\"datePublished\":\"2023-11-28T21:01:13+00:00\",\"dateModified\":\"2023-11-28T21:01:19+00:00\",\"mainEntityOfPage\":{\"@id\":\"https:\\\/\\\/www.fazendaboqueiraorn.com.br\\\/rn-registra-maiores-acumulados-de-chuva-no-brasil-em-vinte-e-quatro-horas\\\/\"},\"wordCount\":444,\"commentCount\":0,\"publisher\":{\"@id\":\"https:\\\/\\\/www.fazendaboqueiraorn.com.br\\\/#organization\"},\"image\":{\"@id\":\"https:\\\/\\\/www.fazendaboqueiraorn.com.br\\\/rn-registra-maiores-acumulados-de-chuva-no-brasil-em-vinte-e-quatro-horas\\\/#primaryimage\"},\"thumbnailUrl\":\"https:\\\/\\\/i0.wp.com\\\/www.fazendaboqueiraorn.com.br\\\/wp-content\\\/uploads\\\/2023\\\/11\\\/emparn-20231128-scaled.jpg?fit=1000%2C744&ssl=1\",\"keywords\":[\"chuva\",\"curso\",\"emater\",\"Emparn\",\"gado\",\"Parnamirim\",\"precipita\u00e7\u00e3o\",\"Rio Grande do Norte\"],\"articleSection\":[\"Not\u00edcias\"],\"inLanguage\":\"en-US\",\"potentialAction\":[{\"@type\":\"CommentAction\",\"name\":\"Comment\",\"target\":[\"https:\\\/\\\/www.fazendaboqueiraorn.com.br\\\/rn-registra-maiores-acumulados-de-chuva-no-brasil-em-vinte-e-quatro-horas\\\/#respond\"]}]},{\"@type\":\"WebPage\",\"@id\":\"https:\\\/\\\/www.fazendaboqueiraorn.com.br\\\/rn-registra-maiores-acumulados-de-chuva-no-brasil-em-vinte-e-quatro-horas\\\/\",\"url\":\"https:\\\/\\\/www.fazendaboqueiraorn.com.br\\\/rn-registra-maiores-acumulados-de-chuva-no-brasil-em-vinte-e-quatro-horas\\\/\",\"name\":\"RN registra maiores acumulados de chuva no Brasil em vinte e quatro horas - Fazenda Boqueir\u00e3o\",\"isPartOf\":{\"@id\":\"https:\\\/\\\/www.fazendaboqueiraorn.com.br\\\/#website\"},\"primaryImageOfPage\":{\"@id\":\"https:\\\/\\\/www.fazendaboqueiraorn.com.br\\\/rn-registra-maiores-acumulados-de-chuva-no-brasil-em-vinte-e-quatro-horas\\\/#primaryimage\"},\"image\":{\"@id\":\"https:\\\/\\\/www.fazendaboqueiraorn.com.br\\\/rn-registra-maiores-acumulados-de-chuva-no-brasil-em-vinte-e-quatro-horas\\\/#primaryimage\"},\"thumbnailUrl\":\"https:\\\/\\\/i0.wp.com\\\/www.fazendaboqueiraorn.com.br\\\/wp-content\\\/uploads\\\/2023\\\/11\\\/emparn-20231128-scaled.jpg?fit=1000%2C744&ssl=1\",\"datePublished\":\"2023-11-28T21:01:13+00:00\",\"dateModified\":\"2023-11-28T21:01:19+00:00\",\"description\":\"RN registra maiores acumulados de chuva no Brasil nas \u00faltimas 24 horas, os maiores volumes de chuva em apenas um dia no m\u00eas de novembro.\",\"breadcrumb\":{\"@id\":\"https:\\\/\\\/www.fazendaboqueiraorn.com.br\\\/rn-registra-maiores-acumulados-de-chuva-no-brasil-em-vinte-e-quatro-horas\\\/#breadcrumb\"},\"inLanguage\":\"en-US\",\"potentialAction\":[{\"@type\":\"ReadAction\",\"target\":[\"https:\\\/\\\/www.fazendaboqueiraorn.com.br\\\/rn-registra-maiores-acumulados-de-chuva-no-brasil-em-vinte-e-quatro-horas\\\/\"]}]},{\"@type\":\"ImageObject\",\"inLanguage\":\"en-US\",\"@id\":\"https:\\\/\\\/www.fazendaboqueiraorn.com.br\\\/rn-registra-maiores-acumulados-de-chuva-no-brasil-em-vinte-e-quatro-horas\\\/#primaryimage\",\"url\":\"https:\\\/\\\/i0.wp.com\\\/www.fazendaboqueiraorn.com.br\\\/wp-content\\\/uploads\\\/2023\\\/11\\\/emparn-20231128-scaled.jpg?fit=1000%2C744&ssl=1\",\"contentUrl\":\"https:\\\/\\\/i0.wp.com\\\/www.fazendaboqueiraorn.com.br\\\/wp-content\\\/uploads\\\/2023\\\/11\\\/emparn-20231128-scaled.jpg?fit=1000%2C744&ssl=1\",\"width\":1000,\"height\":744,\"caption\":\"RN registra maiores acumulados de chuva no Brasil\"},{\"@type\":\"BreadcrumbList\",\"@id\":\"https:\\\/\\\/www.fazendaboqueiraorn.com.br\\\/rn-registra-maiores-acumulados-de-chuva-no-brasil-em-vinte-e-quatro-horas\\\/#breadcrumb\",\"itemListElement\":[{\"@type\":\"ListItem\",\"position\":1,\"name\":\"Home\",\"item\":\"https:\\\/\\\/www.fazendaboqueiraorn.com.br\\\/\"},{\"@type\":\"ListItem\",\"position\":2,\"name\":\"RN registra maiores acumulados de chuva no Brasil em vinte e quatro horas\"}]},{\"@type\":\"WebSite\",\"@id\":\"https:\\\/\\\/www.fazendaboqueiraorn.com.br\\\/#website\",\"url\":\"https:\\\/\\\/www.fazendaboqueiraorn.com.br\\\/\",\"name\":\"Fazenda Boqueir\u00e3o\",\"description\":\"\",\"publisher\":{\"@id\":\"https:\\\/\\\/www.fazendaboqueiraorn.com.br\\\/#organization\"},\"potentialAction\":[{\"@type\":\"SearchAction\",\"target\":{\"@type\":\"EntryPoint\",\"urlTemplate\":\"https:\\\/\\\/www.fazendaboqueiraorn.com.br\\\/?s={search_term_string}\"},\"query-input\":{\"@type\":\"PropertyValueSpecification\",\"valueRequired\":true,\"valueName\":\"search_term_string\"}}],\"inLanguage\":\"en-US\"},{\"@type\":\"Organization\",\"@id\":\"https:\\\/\\\/www.fazendaboqueiraorn.com.br\\\/#organization\",\"name\":\"Fazenda Boqueir\u00e3o\",\"url\":\"https:\\\/\\\/www.fazendaboqueiraorn.com.br\\\/\",\"logo\":{\"@type\":\"ImageObject\",\"inLanguage\":\"en-US\",\"@id\":\"https:\\\/\\\/www.fazendaboqueiraorn.com.br\\\/#\\\/schema\\\/logo\\\/image\\\/\",\"url\":\"https:\\\/\\\/i0.wp.com\\\/www.fazendaboqueiraorn.com.br\\\/wp-content\\\/uploads\\\/2021\\\/08\\\/logo-fazenda-120x120-1.png?fit=120%2C120&ssl=1\",\"contentUrl\":\"https:\\\/\\\/i0.wp.com\\\/www.fazendaboqueiraorn.com.br\\\/wp-content\\\/uploads\\\/2021\\\/08\\\/logo-fazenda-120x120-1.png?fit=120%2C120&ssl=1\",\"width\":120,\"height\":120,\"caption\":\"Fazenda Boqueir\u00e3o\"},\"image\":{\"@id\":\"https:\\\/\\\/www.fazendaboqueiraorn.com.br\\\/#\\\/schema\\\/logo\\\/image\\\/\"},\"sameAs\":[\"https:\\\/\\\/www.facebook.com\\\/fazboqueirao\",\"https:\\\/\\\/x.com\\\/FazBoqueirao\",\"http:\\\/\\\/instagram.com\\\/fazboqueirao\\\/\",\"https:\\\/\\\/www.linkedin.com\\\/company\\\/fazboqueirao\\\/\",\"https:\\\/\\\/www.youtube.com\\\/channel\\\/UCUA4_8v8HkmMeNUh8c6Ky1Q\"]},{\"@type\":\"Person\",\"@id\":\"https:\\\/\\\/www.fazendaboqueiraorn.com.br\\\/#\\\/schema\\\/person\\\/70484dc96f76e66c6365a9f4a2ebfb02\",\"name\":\"Fazenda Boqueir\u00e3o\",\"image\":{\"@type\":\"ImageObject\",\"inLanguage\":\"en-US\",\"@id\":\"https:\\\/\\\/secure.gravatar.com\\\/avatar\\\/19f19467ae305ded5d913deae2fb6c6f29fe88a0a7f3a4dca5679407289a9efd?s=96&d=mm&r=g\",\"url\":\"https:\\\/\\\/secure.gravatar.com\\\/avatar\\\/19f19467ae305ded5d913deae2fb6c6f29fe88a0a7f3a4dca5679407289a9efd?s=96&d=mm&r=g\",\"contentUrl\":\"https:\\\/\\\/secure.gravatar.com\\\/avatar\\\/19f19467ae305ded5d913deae2fb6c6f29fe88a0a7f3a4dca5679407289a9efd?s=96&d=mm&r=g\",\"caption\":\"Fazenda Boqueir\u00e3o\"},\"url\":\"https:\\\/\\\/www.fazendaboqueiraorn.com.br\\\/en\\\/author\\\/fazenda\\\/\"}]}<\/script>\n<!-- \/ Yoast SEO plugin. -->","yoast_head_json":{"title":"RN registra maiores acumulados de chuva no Brasil em vinte e quatro horas - Fazenda Boqueir\u00e3o","description":"RN registra maiores acumulados de chuva no Brasil nas \u00faltimas 24 horas, os maiores volumes de chuva em apenas um dia no m\u00eas de novembro.","robots":{"index":"index","follow":"follow","max-snippet":"max-snippet:-1","max-image-preview":"max-image-preview:large","max-video-preview":"max-video-preview:-1"},"canonical":"https:\/\/www.fazendaboqueiraorn.com.br\/en\/rn-registra-maiores-acumulados-de-chuva-no-brasil-em-vinte-e-quatro-horas\/","og_locale":"en_US","og_type":"article","og_title":"RN registra maiores acumulados de chuva no Brasil em vinte e quatro horas - Fazenda Boqueir\u00e3o","og_description":"RN registra maiores acumulados de chuva no Brasil nas \u00faltimas 24 horas, os maiores volumes de chuva em apenas um dia no m\u00eas de novembro.","og_url":"https:\/\/www.fazendaboqueiraorn.com.br\/en\/rn-registra-maiores-acumulados-de-chuva-no-brasil-em-vinte-e-quatro-horas\/","og_site_name":"Fazenda Boqueir\u00e3o","article_publisher":"https:\/\/www.facebook.com\/fazboqueirao","article_published_time":"2023-11-28T21:01:13+00:00","article_modified_time":"2023-11-28T21:01:19+00:00","og_image":[{"width":1000,"height":744,"url":"https:\/\/www.fazendaboqueiraorn.com.br\/wp-content\/uploads\/2023\/11\/emparn-20231128-scaled.jpg","type":"image\/jpeg"}],"author":"Fazenda Boqueir\u00e3o","twitter_card":"summary_large_image","twitter_creator":"@FazBoqueirao","twitter_site":"@FazBoqueirao","twitter_misc":{"Written by":"Fazenda Boqueir\u00e3o","Est. reading time":"3 minutes"},"schema":{"@context":"https:\/\/schema.org","@graph":[{"@type":"Article","@id":"https:\/\/www.fazendaboqueiraorn.com.br\/rn-registra-maiores-acumulados-de-chuva-no-brasil-em-vinte-e-quatro-horas\/#article","isPartOf":{"@id":"https:\/\/www.fazendaboqueiraorn.com.br\/rn-registra-maiores-acumulados-de-chuva-no-brasil-em-vinte-e-quatro-horas\/"},"author":{"name":"Fazenda Boqueir\u00e3o","@id":"https:\/\/www.fazendaboqueiraorn.com.br\/#\/schema\/person\/70484dc96f76e66c6365a9f4a2ebfb02"},"headline":"RN registra maiores acumulados de chuva no Brasil em vinte e quatro horas","datePublished":"2023-11-28T21:01:13+00:00","dateModified":"2023-11-28T21:01:19+00:00","mainEntityOfPage":{"@id":"https:\/\/www.fazendaboqueiraorn.com.br\/rn-registra-maiores-acumulados-de-chuva-no-brasil-em-vinte-e-quatro-horas\/"},"wordCount":444,"commentCount":0,"publisher":{"@id":"https:\/\/www.fazendaboqueiraorn.com.br\/#organization"},"image":{"@id":"https:\/\/www.fazendaboqueiraorn.com.br\/rn-registra-maiores-acumulados-de-chuva-no-brasil-em-vinte-e-quatro-horas\/#primaryimage"},"thumbnailUrl":"https:\/\/i0.wp.com\/www.fazendaboqueiraorn.com.br\/wp-content\/uploads\/2023\/11\/emparn-20231128-scaled.jpg?fit=1000%2C744&ssl=1","keywords":["chuva","curso","emater","Emparn","gado","Parnamirim","precipita\u00e7\u00e3o","Rio Grande do Norte"],"articleSection":["Not\u00edcias"],"inLanguage":"en-US","potentialAction":[{"@type":"CommentAction","name":"Comment","target":["https:\/\/www.fazendaboqueiraorn.com.br\/rn-registra-maiores-acumulados-de-chuva-no-brasil-em-vinte-e-quatro-horas\/#respond"]}]},{"@type":"WebPage","@id":"https:\/\/www.fazendaboqueiraorn.com.br\/rn-registra-maiores-acumulados-de-chuva-no-brasil-em-vinte-e-quatro-horas\/","url":"https:\/\/www.fazendaboqueiraorn.com.br\/rn-registra-maiores-acumulados-de-chuva-no-brasil-em-vinte-e-quatro-horas\/","name":"RN registra maiores acumulados de chuva no Brasil em vinte e quatro horas - Fazenda Boqueir\u00e3o","isPartOf":{"@id":"https:\/\/www.fazendaboqueiraorn.com.br\/#website"},"primaryImageOfPage":{"@id":"https:\/\/www.fazendaboqueiraorn.com.br\/rn-registra-maiores-acumulados-de-chuva-no-brasil-em-vinte-e-quatro-horas\/#primaryimage"},"image":{"@id":"https:\/\/www.fazendaboqueiraorn.com.br\/rn-registra-maiores-acumulados-de-chuva-no-brasil-em-vinte-e-quatro-horas\/#primaryimage"},"thumbnailUrl":"https:\/\/i0.wp.com\/www.fazendaboqueiraorn.com.br\/wp-content\/uploads\/2023\/11\/emparn-20231128-scaled.jpg?fit=1000%2C744&ssl=1","datePublished":"2023-11-28T21:01:13+00:00","dateModified":"2023-11-28T21:01:19+00:00","description":"RN registra maiores acumulados de chuva no Brasil nas \u00faltimas 24 horas, os maiores volumes de chuva em apenas um dia no m\u00eas de novembro.","breadcrumb":{"@id":"https:\/\/www.fazendaboqueiraorn.com.br\/rn-registra-maiores-acumulados-de-chuva-no-brasil-em-vinte-e-quatro-horas\/#breadcrumb"},"inLanguage":"en-US","potentialAction":[{"@type":"ReadAction","target":["https:\/\/www.fazendaboqueiraorn.com.br\/rn-registra-maiores-acumulados-de-chuva-no-brasil-em-vinte-e-quatro-horas\/"]}]},{"@type":"ImageObject","inLanguage":"en-US","@id":"https:\/\/www.fazendaboqueiraorn.com.br\/rn-registra-maiores-acumulados-de-chuva-no-brasil-em-vinte-e-quatro-horas\/#primaryimage","url":"https:\/\/i0.wp.com\/www.fazendaboqueiraorn.com.br\/wp-content\/uploads\/2023\/11\/emparn-20231128-scaled.jpg?fit=1000%2C744&ssl=1","contentUrl":"https:\/\/i0.wp.com\/www.fazendaboqueiraorn.com.br\/wp-content\/uploads\/2023\/11\/emparn-20231128-scaled.jpg?fit=1000%2C744&ssl=1","width":1000,"height":744,"caption":"RN registra maiores acumulados de chuva no Brasil"},{"@type":"BreadcrumbList","@id":"https:\/\/www.fazendaboqueiraorn.com.br\/rn-registra-maiores-acumulados-de-chuva-no-brasil-em-vinte-e-quatro-horas\/#breadcrumb","itemListElement":[{"@type":"ListItem","position":1,"name":"Home","item":"https:\/\/www.fazendaboqueiraorn.com.br\/"},{"@type":"ListItem","position":2,"name":"RN registra maiores acumulados de chuva no Brasil em vinte e quatro horas"}]},{"@type":"WebSite","@id":"https:\/\/www.fazendaboqueiraorn.com.br\/#website","url":"https:\/\/www.fazendaboqueiraorn.com.br\/","name":"Fazenda Boqueir\u00e3o","description":"","publisher":{"@id":"https:\/\/www.fazendaboqueiraorn.com.br\/#organization"},"potentialAction":[{"@type":"SearchAction","target":{"@type":"EntryPoint","urlTemplate":"https:\/\/www.fazendaboqueiraorn.com.br\/?s={search_term_string}"},"query-input":{"@type":"PropertyValueSpecification","valueRequired":true,"valueName":"search_term_string"}}],"inLanguage":"en-US"},{"@type":"Organization","@id":"https:\/\/www.fazendaboqueiraorn.com.br\/#organization","name":"Fazenda Boqueir\u00e3o","url":"https:\/\/www.fazendaboqueiraorn.com.br\/","logo":{"@type":"ImageObject","inLanguage":"en-US","@id":"https:\/\/www.fazendaboqueiraorn.com.br\/#\/schema\/logo\/image\/","url":"https:\/\/i0.wp.com\/www.fazendaboqueiraorn.com.br\/wp-content\/uploads\/2021\/08\/logo-fazenda-120x120-1.png?fit=120%2C120&ssl=1","contentUrl":"https:\/\/i0.wp.com\/www.fazendaboqueiraorn.com.br\/wp-content\/uploads\/2021\/08\/logo-fazenda-120x120-1.png?fit=120%2C120&ssl=1","width":120,"height":120,"caption":"Fazenda Boqueir\u00e3o"},"image":{"@id":"https:\/\/www.fazendaboqueiraorn.com.br\/#\/schema\/logo\/image\/"},"sameAs":["https:\/\/www.facebook.com\/fazboqueirao","https:\/\/x.com\/FazBoqueirao","http:\/\/instagram.com\/fazboqueirao\/","https:\/\/www.linkedin.com\/company\/fazboqueirao\/","https:\/\/www.youtube.com\/channel\/UCUA4_8v8HkmMeNUh8c6Ky1Q"]},{"@type":"Person","@id":"https:\/\/www.fazendaboqueiraorn.com.br\/#\/schema\/person\/70484dc96f76e66c6365a9f4a2ebfb02","name":"Fazenda Boqueir\u00e3o","image":{"@type":"ImageObject","inLanguage":"en-US","@id":"https:\/\/secure.gravatar.com\/avatar\/19f19467ae305ded5d913deae2fb6c6f29fe88a0a7f3a4dca5679407289a9efd?s=96&d=mm&r=g","url":"https:\/\/secure.gravatar.com\/avatar\/19f19467ae305ded5d913deae2fb6c6f29fe88a0a7f3a4dca5679407289a9efd?s=96&d=mm&r=g","contentUrl":"https:\/\/secure.gravatar.com\/avatar\/19f19467ae305ded5d913deae2fb6c6f29fe88a0a7f3a4dca5679407289a9efd?s=96&d=mm&r=g","caption":"Fazenda Boqueir\u00e3o"},"url":"https:\/\/www.fazendaboqueiraorn.com.br\/en\/author\/fazenda\/"}]}},"jetpack_publicize_connections":[],"uagb_featured_image_src":{"full":["https:\/\/i0.wp.com\/www.fazendaboqueiraorn.com.br\/wp-content\/uploads\/2023\/11\/emparn-20231128-scaled.jpg?fit=1000%2C744&ssl=1",1000,744,false],"thumbnail":["https:\/\/i0.wp.com\/www.fazendaboqueiraorn.com.br\/wp-content\/uploads\/2023\/11\/emparn-20231128-scaled.jpg?resize=150%2C150&ssl=1",150,150,true],"medium":["https:\/\/i0.wp.com\/www.fazendaboqueiraorn.com.br\/wp-content\/uploads\/2023\/11\/emparn-20231128-scaled.jpg?fit=300%2C223&ssl=1",300,223,true],"medium_large":["https:\/\/i0.wp.com\/www.fazendaboqueiraorn.com.br\/wp-content\/uploads\/2023\/11\/emparn-20231128-scaled.jpg?fit=768%2C571&ssl=1",768,571,true],"large":["https:\/\/i0.wp.com\/www.fazendaboqueiraorn.com.br\/wp-content\/uploads\/2023\/11\/emparn-20231128-scaled.jpg?fit=1024%2C761&ssl=1",1024,761,true],"1536x1536":["https:\/\/i0.wp.com\/www.fazendaboqueiraorn.com.br\/wp-content\/uploads\/2023\/11\/emparn-20231128-scaled.jpg?fit=1000%2C744&ssl=1",1000,744,true],"2048x2048":["https:\/\/i0.wp.com\/www.fazendaboqueiraorn.com.br\/wp-content\/uploads\/2023\/11\/emparn-20231128-scaled.jpg?fit=1000%2C744&ssl=1",1000,744,true],"trp-custom-language-flag":["https:\/\/i0.wp.com\/www.fazendaboqueiraorn.com.br\/wp-content\/uploads\/2023\/11\/emparn-20231128-scaled.jpg?fit=16%2C12&ssl=1",16,12,true],"ultp_layout_landscape_large":["https:\/\/i0.wp.com\/www.fazendaboqueiraorn.com.br\/wp-content\/uploads\/2023\/11\/emparn-20231128-scaled.jpg?resize=1000%2C744&ssl=1",1000,744,true],"ultp_layout_landscape":["https:\/\/i0.wp.com\/www.fazendaboqueiraorn.com.br\/wp-content\/uploads\/2023\/11\/emparn-20231128-scaled.jpg?resize=870%2C570&ssl=1",870,570,true],"ultp_layout_portrait":["https:\/\/i0.wp.com\/www.fazendaboqueiraorn.com.br\/wp-content\/uploads\/2023\/11\/emparn-20231128-scaled.jpg?resize=600%2C744&ssl=1",600,744,true],"ultp_layout_square":["https:\/\/i0.wp.com\/www.fazendaboqueiraorn.com.br\/wp-content\/uploads\/2023\/11\/emparn-20231128-scaled.jpg?resize=600%2C600&ssl=1",600,600,true],"woocommerce_thumbnail":["https:\/\/www.fazendaboqueiraorn.com.br\/wp-content\/uploads\/2023\/11\/emparn-20231128-scaled-300x300.jpg",300,300,true],"woocommerce_single":["https:\/\/www.fazendaboqueiraorn.com.br\/wp-content\/uploads\/2023\/11\/emparn-20231128-scaled.jpg",600,446,false],"woocommerce_gallery_thumbnail":["https:\/\/www.fazendaboqueiraorn.com.br\/wp-content\/uploads\/2023\/11\/emparn-20231128-scaled-100x100.jpg",100,100,true],"web-stories-poster-portrait":["https:\/\/www.fazendaboqueiraorn.com.br\/wp-content\/uploads\/2023\/11\/emparn-20231128-640x803.jpg",640,803,true],"web-stories-publisher-logo":["https:\/\/www.fazendaboqueiraorn.com.br\/wp-content\/uploads\/2023\/11\/emparn-20231128-96x96.jpg",96,96,true],"web-stories-thumbnail":["https:\/\/www.fazendaboqueiraorn.com.br\/wp-content\/uploads\/2023\/11\/emparn-20231128-150x112.jpg",150,112,true]},"uagb_author_info":{"display_name":"Fazenda Boqueir\u00e3o","author_link":"https:\/\/www.fazendaboqueiraorn.com.br\/en\/author\/fazenda\/"},"uagb_comment_info":0,"uagb_excerpt":"RN registra maiores acumulados de chuva no Brasil nas \u00faltimas 24 horas, os maiores volumes de chuva em apenas um dia no m\u00eas de novembro, classificado pela climatologia como quente e seco.","jetpack_featured_media_url":"https:\/\/i0.wp.com\/www.fazendaboqueiraorn.com.br\/wp-content\/uploads\/2023\/11\/emparn-20231128-scaled.jpg?fit=1000%2C744&ssl=1","jetpack_sharing_enabled":true,"jetpack_likes_enabled":true,"_links":{"self":[{"href":"https:\/\/www.fazendaboqueiraorn.com.br\/en\/wp-json\/wp\/v2\/posts\/4331","targetHints":{"allow":["GET"]}}],"collection":[{"href":"https:\/\/www.fazendaboqueiraorn.com.br\/en\/wp-json\/wp\/v2\/posts"}],"about":[{"href":"https:\/\/www.fazendaboqueiraorn.com.br\/en\/wp-json\/wp\/v2\/types\/post"}],"author":[{"embeddable":true,"href":"https:\/\/www.fazendaboqueiraorn.com.br\/en\/wp-json\/wp\/v2\/users\/2"}],"replies":[{"embeddable":true,"href":"https:\/\/www.fazendaboqueiraorn.com.br\/en\/wp-json\/wp\/v2\/comments?post=4331"}],"version-history":[{"count":1,"href":"https:\/\/www.fazendaboqueiraorn.com.br\/en\/wp-json\/wp\/v2\/posts\/4331\/revisions"}],"predecessor-version":[{"id":4335,"href":"https:\/\/www.fazendaboqueiraorn.com.br\/en\/wp-json\/wp\/v2\/posts\/4331\/revisions\/4335"}],"wp:featuredmedia":[{"embeddable":true,"href":"https:\/\/www.fazendaboqueiraorn.com.br\/en\/wp-json\/wp\/v2\/media\/4333"}],"wp:attachment":[{"href":"https:\/\/www.fazendaboqueiraorn.com.br\/en\/wp-json\/wp\/v2\/media?parent=4331"}],"wp:term":[{"taxonomy":"category","embeddable":true,"href":"https:\/\/www.fazendaboqueiraorn.com.br\/en\/wp-json\/wp\/v2\/categories?post=4331"},{"taxonomy":"post_tag","embeddable":true,"href":"https:\/\/www.fazendaboqueiraorn.com.br\/en\/wp-json\/wp\/v2\/tags?post=4331"}],"curies":[{"name":"wp","href":"https:\/\/api.w.org\/{rel}","templated":true}]}}