{"id":4310,"date":"2023-11-26T06:47:51","date_gmt":"2023-11-26T09:47:51","guid":{"rendered":"https:\/\/www.fazendaboqueiraorn.com.br\/proteja-seu-investimento-vacine-seu-rebanho-contra-a-febre-aftosa\/"},"modified":"2024-03-18T09:31:39","modified_gmt":"2024-03-18T12:31:39","slug":"proteja-seu-investimento-vacine-seu-rebanho-contra-a-febre-aftosa","status":"publish","type":"post","link":"https:\/\/www.fazendaboqueiraorn.com.br\/en\/proteja-seu-investimento-vacine-seu-rebanho-contra-a-febre-aftosa\/","title":{"rendered":"Proteja seu investimento: vacine seu rebanho contra a febre aftosa"},"content":{"rendered":"<div class=\"wp-block-web-stories-embed web-stories-embed aligncenter\">\n\t\t\t<div class=\"wp-block-embed__wrapper\" style=\"--aspect-ratio: 0.600000; --width: 360px; --height: 600px\">\n\t\t\t\t<amp-story-player>\n\t\t\t\t\t<a href=\"https:\/\/www.fazendaboqueiraorn.com.br\/en\/web-stories\/proteja-seu-investimento-vacine-seu-rebanho-contra-a-febre-aftosa-2\/\">\n\t\t\t\t\t\t\t\t\t\t\t\t\t<img data-recalc-dims=\"1\"\n\t\t\t\t\t\t\t\tsrc=\"https:\/\/i0.wp.com\/www.fazendaboqueiraorn.com.br\/wp-content\/uploads\/2023\/11\/cropped-wp_story1700992071035_18365829920206643640-scaled-1.jpg?resize=360%2C600&#038;ssl=1\"\n\t\t\t\t\t\t\t\twidth=\"360\"\n\t\t\t\t\t\t\t\theight=\"600\"\n\t\t\t\t\t\t\t\talt=\"Proteja Seu Investimento: Vacine Seu Rebanho Contra a Febre Aftosa!\"\n\t\t\t\t\t\t\t\t\t\t\t\t\t\t\t\t\t\t\t\t\t\t\t\tloading=\"lazy\"\n\t\t\t\t\t\t\t\tdecoding=\"async\"\n\t\t\t\t\t\t\t\tdata-amp-story-player-poster-img\n\t\t\t\t\t\t\t\t\t\/>\n\t\t\t\t\t\t\t\t\t\t\t\t<\/a>\n\t\t\t\t<\/amp-story-player>\n\t\t\t<\/div>\n\t\t<\/div>\n\t\t\n\n\n<p>A pecu\u00e1ria \u00e9 um investimento valioso, e a vacina\u00e7\u00e3o contra a febre aftosa \u00e9 a chave para proteger seu patrim\u00f4nio. A aftosa afeta n\u00e3o apenas a sa\u00fade do gado, mas tamb\u00e9m a economia agr\u00edcola. O v\u00edrus se espalha rapidamente, resultando em perdas significativas. Ao vacinar seu rebanho, voc\u00ea est\u00e1 construindo uma barreira impenetr\u00e1vel contra essa amea\u00e7a, preservando a qualidade da carne e garantindo um mercado est\u00e1vel.<\/p>\n\n\n\n<p>A febre aftosa n\u00e3o \u00e9 apenas uma quest\u00e3o de perdas financeiras, mas tamb\u00e9m de reputa\u00e7\u00e3o. Mercados exigem animais saud\u00e1veis, e a vacina\u00e7\u00e3o \u00e9 a garantia de que seu gado atende aos padr\u00f5es internacionais. A confian\u00e7a do consumidor \u00e9 constru\u00edda sobre a seguran\u00e7a alimentar, e a vacina\u00e7\u00e3o contra a aftosa \u00e9 a prova do compromisso do produtor com a qualidade. Seu rebanho saud\u00e1vel n\u00e3o s\u00f3 impulsionar\u00e1 seus ganhos, mas abrir\u00e1 portas para oportunidades de exporta\u00e7\u00e3o, solidificando sua posi\u00e7\u00e3o no mercado.<\/p>\n\n\n\n<p>O custo da vacina\u00e7\u00e3o \u00e9 m\u00ednimo em compara\u00e7\u00e3o com os preju\u00edzos que a febre aftosa pode causar. Al\u00e9m disso, muitos pa\u00edses exigem certificados de vacina\u00e7\u00e3o para importa\u00e7\u00e3o de produtos animais. Investir na imuniza\u00e7\u00e3o do rebanho \u00e9 um investimento no seu neg\u00f3cio a longo prazo. N\u00e3o arrisque. Proteja seu rebanho. Vacine contra a febre aftosa e assegure um futuro pr\u00f3spero para sua atividade pecu\u00e1ria.<\/p>","protected":false},"excerpt":{"rendered":"<p>A pecu\u00e1ria \u00e9 um investimento valioso, e a vacina\u00e7\u00e3o contra a febre aftosa \u00e9 a chave para proteger seu patrim\u00f4nio. A aftosa afeta n\u00e3o apenas a sa\u00fade do gado, mas tamb\u00e9m a economia agr\u00edcola. <\/p>","protected":false},"author":2,"featured_media":4313,"comment_status":"open","ping_status":"open","sticky":false,"template":"","format":"standard","meta":{"nf_dc_page":"","_uag_custom_page_level_css":"","site-sidebar-layout":"default","site-content-layout":"","ast-site-content-layout":"default","site-content-style":"default","site-sidebar-style":"default","ast-global-header-display":"","ast-banner-title-visibility":"","ast-main-header-display":"","ast-hfb-above-header-display":"","ast-hfb-below-header-display":"","ast-hfb-mobile-header-display":"","site-post-title":"","ast-breadcrumbs-content":"","ast-featured-img":"","footer-sml-layout":"","ast-disable-related-posts":"","theme-transparent-header-meta":"","adv-header-id-meta":"","stick-header-meta":"","header-above-stick-meta":"","header-main-stick-meta":"","header-below-stick-meta":"","astra-migrate-meta-layouts":"default","ast-page-background-enabled":"default","ast-page-background-meta":{"desktop":{"background-color":"var(--ast-global-color-4)","background-image":"","background-repeat":"repeat","background-position":"center center","background-size":"auto","background-attachment":"scroll","background-type":"","background-media":"","overlay-type":"","overlay-color":"","overlay-opacity":"","overlay-gradient":""},"tablet":{"background-color":"","background-image":"","background-repeat":"repeat","background-position":"center center","background-size":"auto","background-attachment":"scroll","background-type":"","background-media":"","overlay-type":"","overlay-color":"","overlay-opacity":"","overlay-gradient":""},"mobile":{"background-color":"","background-image":"","background-repeat":"repeat","background-position":"center center","background-size":"auto","background-attachment":"scroll","background-type":"","background-media":"","overlay-type":"","overlay-color":"","overlay-opacity":"","overlay-gradient":""}},"ast-content-background-meta":{"desktop":{"background-color":"var(--ast-global-color-5)","background-image":"","background-repeat":"repeat","background-position":"center center","background-size":"auto","background-attachment":"scroll","background-type":"","background-media":"","overlay-type":"","overlay-color":"","overlay-opacity":"","overlay-gradient":""},"tablet":{"background-color":"var(--ast-global-color-5)","background-image":"","background-repeat":"repeat","background-position":"center center","background-size":"auto","background-attachment":"scroll","background-type":"","background-media":"","overlay-type":"","overlay-color":"","overlay-opacity":"","overlay-gradient":""},"mobile":{"background-color":"var(--ast-global-color-5)","background-image":"","background-repeat":"repeat","background-position":"center center","background-size":"auto","background-attachment":"scroll","background-type":"","background-media":"","overlay-type":"","overlay-color":"","overlay-opacity":"","overlay-gradient":""}},"jetpack_post_was_ever_published":false,"_jetpack_newsletter_access":"","_jetpack_dont_email_post_to_subs":false,"_jetpack_newsletter_tier_id":0,"_jetpack_memberships_contains_paywalled_content":false,"_jetpack_memberships_contains_paid_content":false,"footnotes":"","jetpack_publicize_message":"","jetpack_publicize_feature_enabled":true,"jetpack_social_post_already_shared":true,"jetpack_social_options":{"image_generator_settings":{"template":"highway","default_image_id":0,"font":"","enabled":false},"version":2}},"categories":[1],"tags":[178,120,212,158,180],"class_list":["post-4310","post","type-post","status-publish","format-standard","has-post-thumbnail","hentry","category-noticia","tag-febre-aftosa","tag-gado","tag-racao","tag-rebanho","tag-vacinacao"],"yoast_head":"<!-- This site is optimized with the Yoast SEO plugin v27.4 - https:\/\/yoast.com\/product\/yoast-seo-wordpress\/ -->\n<title>Proteja seu investimento: vacine seu rebanho contra a febre aftosa - Fazenda Boqueir\u00e3o<\/title>\n<meta name=\"description\" content=\"A pecu\u00e1ria \u00e9 um investimento valioso, e a vacina\u00e7\u00e3o contra a febre aftosa \u00e9 a chave para proteger seu patrim\u00f4nio.\" \/>\n<meta name=\"robots\" content=\"index, follow, max-snippet:-1, max-image-preview:large, max-video-preview:-1\" \/>\n<link rel=\"canonical\" href=\"https:\/\/www.fazendaboqueiraorn.com.br\/en\/proteja-seu-investimento-vacine-seu-rebanho-contra-a-febre-aftosa\/\" \/>\n<meta property=\"og:locale\" content=\"en_US\" \/>\n<meta property=\"og:type\" content=\"article\" \/>\n<meta property=\"og:title\" content=\"Proteja seu investimento: vacine seu rebanho contra a febre aftosa - Fazenda Boqueir\u00e3o\" \/>\n<meta property=\"og:description\" content=\"A pecu\u00e1ria \u00e9 um investimento valioso, e a vacina\u00e7\u00e3o contra a febre aftosa \u00e9 a chave para proteger seu patrim\u00f4nio.\" \/>\n<meta property=\"og:url\" content=\"https:\/\/www.fazendaboqueiraorn.com.br\/en\/proteja-seu-investimento-vacine-seu-rebanho-contra-a-febre-aftosa\/\" \/>\n<meta property=\"og:site_name\" content=\"Fazenda Boqueir\u00e3o\" \/>\n<meta property=\"article:publisher\" content=\"https:\/\/www.facebook.com\/fazboqueirao\" \/>\n<meta property=\"article:published_time\" content=\"2023-11-26T09:47:51+00:00\" \/>\n<meta property=\"article:modified_time\" content=\"2024-03-18T12:31:39+00:00\" \/>\n<meta property=\"og:image\" content=\"https:\/\/www.fazendaboqueiraorn.com.br\/wp-content\/uploads\/2023\/11\/vacina-febre-aftosa-03-scaled.jpg\" \/>\n\t<meta property=\"og:image:width\" content=\"1000\" \/>\n\t<meta property=\"og:image:height\" content=\"750\" \/>\n\t<meta property=\"og:image:type\" content=\"image\/jpeg\" \/>\n<meta name=\"author\" content=\"Fazenda Boqueir\u00e3o\" \/>\n<meta name=\"twitter:card\" content=\"summary_large_image\" \/>\n<meta name=\"twitter:creator\" content=\"@FazBoqueirao\" \/>\n<meta name=\"twitter:site\" content=\"@FazBoqueirao\" \/>\n<meta name=\"twitter:label1\" content=\"Written by\" \/>\n\t<meta name=\"twitter:data1\" content=\"Fazenda Boqueir\u00e3o\" \/>\n\t<meta name=\"twitter:label2\" content=\"Est. reading time\" \/>\n\t<meta name=\"twitter:data2\" content=\"2 minutes\" \/>\n<script type=\"application\/ld+json\" class=\"yoast-schema-graph\">{\"@context\":\"https:\\\/\\\/schema.org\",\"@graph\":[{\"@type\":\"Article\",\"@id\":\"https:\\\/\\\/www.fazendaboqueiraorn.com.br\\\/proteja-seu-investimento-vacine-seu-rebanho-contra-a-febre-aftosa\\\/#article\",\"isPartOf\":{\"@id\":\"https:\\\/\\\/www.fazendaboqueiraorn.com.br\\\/proteja-seu-investimento-vacine-seu-rebanho-contra-a-febre-aftosa\\\/\"},\"author\":{\"name\":\"Fazenda Boqueir\u00e3o\",\"@id\":\"https:\\\/\\\/www.fazendaboqueiraorn.com.br\\\/#\\\/schema\\\/person\\\/70484dc96f76e66c6365a9f4a2ebfb02\"},\"headline\":\"Proteja seu investimento: vacine seu rebanho contra a febre aftosa\",\"datePublished\":\"2023-11-26T09:47:51+00:00\",\"dateModified\":\"2024-03-18T12:31:39+00:00\",\"mainEntityOfPage\":{\"@id\":\"https:\\\/\\\/www.fazendaboqueiraorn.com.br\\\/proteja-seu-investimento-vacine-seu-rebanho-contra-a-febre-aftosa\\\/\"},\"wordCount\":249,\"commentCount\":0,\"publisher\":{\"@id\":\"https:\\\/\\\/www.fazendaboqueiraorn.com.br\\\/#organization\"},\"image\":{\"@id\":\"https:\\\/\\\/www.fazendaboqueiraorn.com.br\\\/proteja-seu-investimento-vacine-seu-rebanho-contra-a-febre-aftosa\\\/#primaryimage\"},\"thumbnailUrl\":\"https:\\\/\\\/i0.wp.com\\\/www.fazendaboqueiraorn.com.br\\\/wp-content\\\/uploads\\\/2023\\\/11\\\/vacina-febre-aftosa-03-scaled.jpg?fit=1000%2C750&ssl=1\",\"keywords\":[\"febre aftosa\",\"gado\",\"ra\u00e7\u00e3o\",\"rebanho\",\"vacina\u00e7\u00e3o\"],\"articleSection\":[\"Not\u00edcias\"],\"inLanguage\":\"en-US\",\"potentialAction\":[{\"@type\":\"CommentAction\",\"name\":\"Comment\",\"target\":[\"https:\\\/\\\/www.fazendaboqueiraorn.com.br\\\/proteja-seu-investimento-vacine-seu-rebanho-contra-a-febre-aftosa\\\/#respond\"]}]},{\"@type\":\"WebPage\",\"@id\":\"https:\\\/\\\/www.fazendaboqueiraorn.com.br\\\/proteja-seu-investimento-vacine-seu-rebanho-contra-a-febre-aftosa\\\/\",\"url\":\"https:\\\/\\\/www.fazendaboqueiraorn.com.br\\\/proteja-seu-investimento-vacine-seu-rebanho-contra-a-febre-aftosa\\\/\",\"name\":\"Proteja seu investimento: vacine seu rebanho contra a febre aftosa - Fazenda Boqueir\u00e3o\",\"isPartOf\":{\"@id\":\"https:\\\/\\\/www.fazendaboqueiraorn.com.br\\\/#website\"},\"primaryImageOfPage\":{\"@id\":\"https:\\\/\\\/www.fazendaboqueiraorn.com.br\\\/proteja-seu-investimento-vacine-seu-rebanho-contra-a-febre-aftosa\\\/#primaryimage\"},\"image\":{\"@id\":\"https:\\\/\\\/www.fazendaboqueiraorn.com.br\\\/proteja-seu-investimento-vacine-seu-rebanho-contra-a-febre-aftosa\\\/#primaryimage\"},\"thumbnailUrl\":\"https:\\\/\\\/i0.wp.com\\\/www.fazendaboqueiraorn.com.br\\\/wp-content\\\/uploads\\\/2023\\\/11\\\/vacina-febre-aftosa-03-scaled.jpg?fit=1000%2C750&ssl=1\",\"datePublished\":\"2023-11-26T09:47:51+00:00\",\"dateModified\":\"2024-03-18T12:31:39+00:00\",\"description\":\"A pecu\u00e1ria \u00e9 um investimento valioso, e a vacina\u00e7\u00e3o contra a febre aftosa \u00e9 a chave para proteger seu patrim\u00f4nio.\",\"breadcrumb\":{\"@id\":\"https:\\\/\\\/www.fazendaboqueiraorn.com.br\\\/proteja-seu-investimento-vacine-seu-rebanho-contra-a-febre-aftosa\\\/#breadcrumb\"},\"inLanguage\":\"en-US\",\"potentialAction\":[{\"@type\":\"ReadAction\",\"target\":[\"https:\\\/\\\/www.fazendaboqueiraorn.com.br\\\/proteja-seu-investimento-vacine-seu-rebanho-contra-a-febre-aftosa\\\/\"]}]},{\"@type\":\"ImageObject\",\"inLanguage\":\"en-US\",\"@id\":\"https:\\\/\\\/www.fazendaboqueiraorn.com.br\\\/proteja-seu-investimento-vacine-seu-rebanho-contra-a-febre-aftosa\\\/#primaryimage\",\"url\":\"https:\\\/\\\/i0.wp.com\\\/www.fazendaboqueiraorn.com.br\\\/wp-content\\\/uploads\\\/2023\\\/11\\\/vacina-febre-aftosa-03-scaled.jpg?fit=1000%2C750&ssl=1\",\"contentUrl\":\"https:\\\/\\\/i0.wp.com\\\/www.fazendaboqueiraorn.com.br\\\/wp-content\\\/uploads\\\/2023\\\/11\\\/vacina-febre-aftosa-03-scaled.jpg?fit=1000%2C750&ssl=1\",\"width\":1000,\"height\":750},{\"@type\":\"BreadcrumbList\",\"@id\":\"https:\\\/\\\/www.fazendaboqueiraorn.com.br\\\/proteja-seu-investimento-vacine-seu-rebanho-contra-a-febre-aftosa\\\/#breadcrumb\",\"itemListElement\":[{\"@type\":\"ListItem\",\"position\":1,\"name\":\"Home\",\"item\":\"https:\\\/\\\/www.fazendaboqueiraorn.com.br\\\/\"},{\"@type\":\"ListItem\",\"position\":2,\"name\":\"Proteja seu investimento: vacine seu rebanho contra a febre aftosa\"}]},{\"@type\":\"WebSite\",\"@id\":\"https:\\\/\\\/www.fazendaboqueiraorn.com.br\\\/#website\",\"url\":\"https:\\\/\\\/www.fazendaboqueiraorn.com.br\\\/\",\"name\":\"Fazenda Boqueir\u00e3o\",\"description\":\"\",\"publisher\":{\"@id\":\"https:\\\/\\\/www.fazendaboqueiraorn.com.br\\\/#organization\"},\"potentialAction\":[{\"@type\":\"SearchAction\",\"target\":{\"@type\":\"EntryPoint\",\"urlTemplate\":\"https:\\\/\\\/www.fazendaboqueiraorn.com.br\\\/?s={search_term_string}\"},\"query-input\":{\"@type\":\"PropertyValueSpecification\",\"valueRequired\":true,\"valueName\":\"search_term_string\"}}],\"inLanguage\":\"en-US\"},{\"@type\":\"Organization\",\"@id\":\"https:\\\/\\\/www.fazendaboqueiraorn.com.br\\\/#organization\",\"name\":\"Fazenda Boqueir\u00e3o\",\"url\":\"https:\\\/\\\/www.fazendaboqueiraorn.com.br\\\/\",\"logo\":{\"@type\":\"ImageObject\",\"inLanguage\":\"en-US\",\"@id\":\"https:\\\/\\\/www.fazendaboqueiraorn.com.br\\\/#\\\/schema\\\/logo\\\/image\\\/\",\"url\":\"https:\\\/\\\/i0.wp.com\\\/www.fazendaboqueiraorn.com.br\\\/wp-content\\\/uploads\\\/2021\\\/08\\\/logo-fazenda-120x120-1.png?fit=120%2C120&ssl=1\",\"contentUrl\":\"https:\\\/\\\/i0.wp.com\\\/www.fazendaboqueiraorn.com.br\\\/wp-content\\\/uploads\\\/2021\\\/08\\\/logo-fazenda-120x120-1.png?fit=120%2C120&ssl=1\",\"width\":120,\"height\":120,\"caption\":\"Fazenda Boqueir\u00e3o\"},\"image\":{\"@id\":\"https:\\\/\\\/www.fazendaboqueiraorn.com.br\\\/#\\\/schema\\\/logo\\\/image\\\/\"},\"sameAs\":[\"https:\\\/\\\/www.facebook.com\\\/fazboqueirao\",\"https:\\\/\\\/x.com\\\/FazBoqueirao\",\"http:\\\/\\\/instagram.com\\\/fazboqueirao\\\/\",\"https:\\\/\\\/www.linkedin.com\\\/company\\\/fazboqueirao\\\/\",\"https:\\\/\\\/www.youtube.com\\\/channel\\\/UCUA4_8v8HkmMeNUh8c6Ky1Q\"]},{\"@type\":\"Person\",\"@id\":\"https:\\\/\\\/www.fazendaboqueiraorn.com.br\\\/#\\\/schema\\\/person\\\/70484dc96f76e66c6365a9f4a2ebfb02\",\"name\":\"Fazenda Boqueir\u00e3o\",\"image\":{\"@type\":\"ImageObject\",\"inLanguage\":\"en-US\",\"@id\":\"https:\\\/\\\/secure.gravatar.com\\\/avatar\\\/19f19467ae305ded5d913deae2fb6c6f29fe88a0a7f3a4dca5679407289a9efd?s=96&d=mm&r=g\",\"url\":\"https:\\\/\\\/secure.gravatar.com\\\/avatar\\\/19f19467ae305ded5d913deae2fb6c6f29fe88a0a7f3a4dca5679407289a9efd?s=96&d=mm&r=g\",\"contentUrl\":\"https:\\\/\\\/secure.gravatar.com\\\/avatar\\\/19f19467ae305ded5d913deae2fb6c6f29fe88a0a7f3a4dca5679407289a9efd?s=96&d=mm&r=g\",\"caption\":\"Fazenda Boqueir\u00e3o\"},\"url\":\"https:\\\/\\\/www.fazendaboqueiraorn.com.br\\\/en\\\/author\\\/fazenda\\\/\"}]}<\/script>\n<!-- \/ Yoast SEO plugin. -->","yoast_head_json":{"title":"Proteja seu investimento: vacine seu rebanho contra a febre aftosa - Fazenda Boqueir\u00e3o","description":"A pecu\u00e1ria \u00e9 um investimento valioso, e a vacina\u00e7\u00e3o contra a febre aftosa \u00e9 a chave para proteger seu patrim\u00f4nio.","robots":{"index":"index","follow":"follow","max-snippet":"max-snippet:-1","max-image-preview":"max-image-preview:large","max-video-preview":"max-video-preview:-1"},"canonical":"https:\/\/www.fazendaboqueiraorn.com.br\/en\/proteja-seu-investimento-vacine-seu-rebanho-contra-a-febre-aftosa\/","og_locale":"en_US","og_type":"article","og_title":"Proteja seu investimento: vacine seu rebanho contra a febre aftosa - Fazenda Boqueir\u00e3o","og_description":"A pecu\u00e1ria \u00e9 um investimento valioso, e a vacina\u00e7\u00e3o contra a febre aftosa \u00e9 a chave para proteger seu patrim\u00f4nio.","og_url":"https:\/\/www.fazendaboqueiraorn.com.br\/en\/proteja-seu-investimento-vacine-seu-rebanho-contra-a-febre-aftosa\/","og_site_name":"Fazenda Boqueir\u00e3o","article_publisher":"https:\/\/www.facebook.com\/fazboqueirao","article_published_time":"2023-11-26T09:47:51+00:00","article_modified_time":"2024-03-18T12:31:39+00:00","og_image":[{"width":1000,"height":750,"url":"https:\/\/www.fazendaboqueiraorn.com.br\/wp-content\/uploads\/2023\/11\/vacina-febre-aftosa-03-scaled.jpg","type":"image\/jpeg"}],"author":"Fazenda Boqueir\u00e3o","twitter_card":"summary_large_image","twitter_creator":"@FazBoqueirao","twitter_site":"@FazBoqueirao","twitter_misc":{"Written by":"Fazenda Boqueir\u00e3o","Est. reading time":"2 minutes"},"schema":{"@context":"https:\/\/schema.org","@graph":[{"@type":"Article","@id":"https:\/\/www.fazendaboqueiraorn.com.br\/proteja-seu-investimento-vacine-seu-rebanho-contra-a-febre-aftosa\/#article","isPartOf":{"@id":"https:\/\/www.fazendaboqueiraorn.com.br\/proteja-seu-investimento-vacine-seu-rebanho-contra-a-febre-aftosa\/"},"author":{"name":"Fazenda Boqueir\u00e3o","@id":"https:\/\/www.fazendaboqueiraorn.com.br\/#\/schema\/person\/70484dc96f76e66c6365a9f4a2ebfb02"},"headline":"Proteja seu investimento: vacine seu rebanho contra a febre aftosa","datePublished":"2023-11-26T09:47:51+00:00","dateModified":"2024-03-18T12:31:39+00:00","mainEntityOfPage":{"@id":"https:\/\/www.fazendaboqueiraorn.com.br\/proteja-seu-investimento-vacine-seu-rebanho-contra-a-febre-aftosa\/"},"wordCount":249,"commentCount":0,"publisher":{"@id":"https:\/\/www.fazendaboqueiraorn.com.br\/#organization"},"image":{"@id":"https:\/\/www.fazendaboqueiraorn.com.br\/proteja-seu-investimento-vacine-seu-rebanho-contra-a-febre-aftosa\/#primaryimage"},"thumbnailUrl":"https:\/\/i0.wp.com\/www.fazendaboqueiraorn.com.br\/wp-content\/uploads\/2023\/11\/vacina-febre-aftosa-03-scaled.jpg?fit=1000%2C750&ssl=1","keywords":["febre aftosa","gado","ra\u00e7\u00e3o","rebanho","vacina\u00e7\u00e3o"],"articleSection":["Not\u00edcias"],"inLanguage":"en-US","potentialAction":[{"@type":"CommentAction","name":"Comment","target":["https:\/\/www.fazendaboqueiraorn.com.br\/proteja-seu-investimento-vacine-seu-rebanho-contra-a-febre-aftosa\/#respond"]}]},{"@type":"WebPage","@id":"https:\/\/www.fazendaboqueiraorn.com.br\/proteja-seu-investimento-vacine-seu-rebanho-contra-a-febre-aftosa\/","url":"https:\/\/www.fazendaboqueiraorn.com.br\/proteja-seu-investimento-vacine-seu-rebanho-contra-a-febre-aftosa\/","name":"Proteja seu investimento: vacine seu rebanho contra a febre aftosa - Fazenda Boqueir\u00e3o","isPartOf":{"@id":"https:\/\/www.fazendaboqueiraorn.com.br\/#website"},"primaryImageOfPage":{"@id":"https:\/\/www.fazendaboqueiraorn.com.br\/proteja-seu-investimento-vacine-seu-rebanho-contra-a-febre-aftosa\/#primaryimage"},"image":{"@id":"https:\/\/www.fazendaboqueiraorn.com.br\/proteja-seu-investimento-vacine-seu-rebanho-contra-a-febre-aftosa\/#primaryimage"},"thumbnailUrl":"https:\/\/i0.wp.com\/www.fazendaboqueiraorn.com.br\/wp-content\/uploads\/2023\/11\/vacina-febre-aftosa-03-scaled.jpg?fit=1000%2C750&ssl=1","datePublished":"2023-11-26T09:47:51+00:00","dateModified":"2024-03-18T12:31:39+00:00","description":"A pecu\u00e1ria \u00e9 um investimento valioso, e a vacina\u00e7\u00e3o contra a febre aftosa \u00e9 a chave para proteger seu patrim\u00f4nio.","breadcrumb":{"@id":"https:\/\/www.fazendaboqueiraorn.com.br\/proteja-seu-investimento-vacine-seu-rebanho-contra-a-febre-aftosa\/#breadcrumb"},"inLanguage":"en-US","potentialAction":[{"@type":"ReadAction","target":["https:\/\/www.fazendaboqueiraorn.com.br\/proteja-seu-investimento-vacine-seu-rebanho-contra-a-febre-aftosa\/"]}]},{"@type":"ImageObject","inLanguage":"en-US","@id":"https:\/\/www.fazendaboqueiraorn.com.br\/proteja-seu-investimento-vacine-seu-rebanho-contra-a-febre-aftosa\/#primaryimage","url":"https:\/\/i0.wp.com\/www.fazendaboqueiraorn.com.br\/wp-content\/uploads\/2023\/11\/vacina-febre-aftosa-03-scaled.jpg?fit=1000%2C750&ssl=1","contentUrl":"https:\/\/i0.wp.com\/www.fazendaboqueiraorn.com.br\/wp-content\/uploads\/2023\/11\/vacina-febre-aftosa-03-scaled.jpg?fit=1000%2C750&ssl=1","width":1000,"height":750},{"@type":"BreadcrumbList","@id":"https:\/\/www.fazendaboqueiraorn.com.br\/proteja-seu-investimento-vacine-seu-rebanho-contra-a-febre-aftosa\/#breadcrumb","itemListElement":[{"@type":"ListItem","position":1,"name":"Home","item":"https:\/\/www.fazendaboqueiraorn.com.br\/"},{"@type":"ListItem","position":2,"name":"Proteja seu investimento: vacine seu rebanho contra a febre aftosa"}]},{"@type":"WebSite","@id":"https:\/\/www.fazendaboqueiraorn.com.br\/#website","url":"https:\/\/www.fazendaboqueiraorn.com.br\/","name":"Fazenda Boqueir\u00e3o","description":"","publisher":{"@id":"https:\/\/www.fazendaboqueiraorn.com.br\/#organization"},"potentialAction":[{"@type":"SearchAction","target":{"@type":"EntryPoint","urlTemplate":"https:\/\/www.fazendaboqueiraorn.com.br\/?s={search_term_string}"},"query-input":{"@type":"PropertyValueSpecification","valueRequired":true,"valueName":"search_term_string"}}],"inLanguage":"en-US"},{"@type":"Organization","@id":"https:\/\/www.fazendaboqueiraorn.com.br\/#organization","name":"Fazenda Boqueir\u00e3o","url":"https:\/\/www.fazendaboqueiraorn.com.br\/","logo":{"@type":"ImageObject","inLanguage":"en-US","@id":"https:\/\/www.fazendaboqueiraorn.com.br\/#\/schema\/logo\/image\/","url":"https:\/\/i0.wp.com\/www.fazendaboqueiraorn.com.br\/wp-content\/uploads\/2021\/08\/logo-fazenda-120x120-1.png?fit=120%2C120&ssl=1","contentUrl":"https:\/\/i0.wp.com\/www.fazendaboqueiraorn.com.br\/wp-content\/uploads\/2021\/08\/logo-fazenda-120x120-1.png?fit=120%2C120&ssl=1","width":120,"height":120,"caption":"Fazenda Boqueir\u00e3o"},"image":{"@id":"https:\/\/www.fazendaboqueiraorn.com.br\/#\/schema\/logo\/image\/"},"sameAs":["https:\/\/www.facebook.com\/fazboqueirao","https:\/\/x.com\/FazBoqueirao","http:\/\/instagram.com\/fazboqueirao\/","https:\/\/www.linkedin.com\/company\/fazboqueirao\/","https:\/\/www.youtube.com\/channel\/UCUA4_8v8HkmMeNUh8c6Ky1Q"]},{"@type":"Person","@id":"https:\/\/www.fazendaboqueiraorn.com.br\/#\/schema\/person\/70484dc96f76e66c6365a9f4a2ebfb02","name":"Fazenda Boqueir\u00e3o","image":{"@type":"ImageObject","inLanguage":"en-US","@id":"https:\/\/secure.gravatar.com\/avatar\/19f19467ae305ded5d913deae2fb6c6f29fe88a0a7f3a4dca5679407289a9efd?s=96&d=mm&r=g","url":"https:\/\/secure.gravatar.com\/avatar\/19f19467ae305ded5d913deae2fb6c6f29fe88a0a7f3a4dca5679407289a9efd?s=96&d=mm&r=g","contentUrl":"https:\/\/secure.gravatar.com\/avatar\/19f19467ae305ded5d913deae2fb6c6f29fe88a0a7f3a4dca5679407289a9efd?s=96&d=mm&r=g","caption":"Fazenda Boqueir\u00e3o"},"url":"https:\/\/www.fazendaboqueiraorn.com.br\/en\/author\/fazenda\/"}]}},"jetpack_publicize_connections":[],"uagb_featured_image_src":{"full":["https:\/\/i0.wp.com\/www.fazendaboqueiraorn.com.br\/wp-content\/uploads\/2023\/11\/vacina-febre-aftosa-03-scaled.jpg?fit=1000%2C750&ssl=1",1000,750,false],"thumbnail":["https:\/\/i0.wp.com\/www.fazendaboqueiraorn.com.br\/wp-content\/uploads\/2023\/11\/vacina-febre-aftosa-03-scaled.jpg?resize=150%2C150&ssl=1",150,150,true],"medium":["https:\/\/i0.wp.com\/www.fazendaboqueiraorn.com.br\/wp-content\/uploads\/2023\/11\/vacina-febre-aftosa-03-scaled.jpg?fit=300%2C225&ssl=1",300,225,true],"medium_large":["https:\/\/i0.wp.com\/www.fazendaboqueiraorn.com.br\/wp-content\/uploads\/2023\/11\/vacina-febre-aftosa-03-scaled.jpg?fit=768%2C576&ssl=1",768,576,true],"large":["https:\/\/i0.wp.com\/www.fazendaboqueiraorn.com.br\/wp-content\/uploads\/2023\/11\/vacina-febre-aftosa-03-scaled.jpg?fit=1024%2C768&ssl=1",1024,768,true],"1536x1536":["https:\/\/i0.wp.com\/www.fazendaboqueiraorn.com.br\/wp-content\/uploads\/2023\/11\/vacina-febre-aftosa-03-scaled.jpg?fit=1536%2C1152&ssl=1",1536,1152,true],"2048x2048":["https:\/\/i0.wp.com\/www.fazendaboqueiraorn.com.br\/wp-content\/uploads\/2023\/11\/vacina-febre-aftosa-03-scaled.jpg?fit=2048%2C1536&ssl=1",2048,1536,true],"trp-custom-language-flag":["https:\/\/i0.wp.com\/www.fazendaboqueiraorn.com.br\/wp-content\/uploads\/2023\/11\/vacina-febre-aftosa-03-scaled.jpg?fit=16%2C12&ssl=1",16,12,true],"ultp_layout_landscape_large":["https:\/\/i0.wp.com\/www.fazendaboqueiraorn.com.br\/wp-content\/uploads\/2023\/11\/vacina-febre-aftosa-03-scaled.jpg?resize=1000%2C750&ssl=1",1000,750,true],"ultp_layout_landscape":["https:\/\/i0.wp.com\/www.fazendaboqueiraorn.com.br\/wp-content\/uploads\/2023\/11\/vacina-febre-aftosa-03-scaled.jpg?resize=870%2C570&ssl=1",870,570,true],"ultp_layout_portrait":["https:\/\/i0.wp.com\/www.fazendaboqueiraorn.com.br\/wp-content\/uploads\/2023\/11\/vacina-febre-aftosa-03-scaled.jpg?resize=600%2C750&ssl=1",600,750,true],"ultp_layout_square":["https:\/\/i0.wp.com\/www.fazendaboqueiraorn.com.br\/wp-content\/uploads\/2023\/11\/vacina-febre-aftosa-03-scaled.jpg?resize=600%2C600&ssl=1",600,600,true],"woocommerce_thumbnail":["https:\/\/www.fazendaboqueiraorn.com.br\/wp-content\/uploads\/2023\/11\/vacina-febre-aftosa-03-scaled-300x300.jpg",300,300,true],"woocommerce_single":["https:\/\/www.fazendaboqueiraorn.com.br\/wp-content\/uploads\/2023\/11\/vacina-febre-aftosa-03-scaled.jpg",600,450,false],"woocommerce_gallery_thumbnail":["https:\/\/www.fazendaboqueiraorn.com.br\/wp-content\/uploads\/2023\/11\/vacina-febre-aftosa-03-scaled-100x100.jpg",100,100,true],"web-stories-poster-portrait":["https:\/\/www.fazendaboqueiraorn.com.br\/wp-content\/uploads\/2023\/11\/vacina-febre-aftosa-03-640x853.jpg",640,853,true],"web-stories-publisher-logo":["https:\/\/www.fazendaboqueiraorn.com.br\/wp-content\/uploads\/2023\/11\/vacina-febre-aftosa-03-96x96.jpg",96,96,true],"web-stories-thumbnail":["https:\/\/www.fazendaboqueiraorn.com.br\/wp-content\/uploads\/2023\/11\/vacina-febre-aftosa-03-150x113.jpg",150,113,true]},"uagb_author_info":{"display_name":"Fazenda Boqueir\u00e3o","author_link":"https:\/\/www.fazendaboqueiraorn.com.br\/en\/author\/fazenda\/"},"uagb_comment_info":0,"uagb_excerpt":"A pecu\u00e1ria \u00e9 um investimento valioso, e a vacina\u00e7\u00e3o contra a febre aftosa \u00e9 a chave para proteger seu patrim\u00f4nio. A aftosa afeta n\u00e3o apenas a sa\u00fade do gado, mas tamb\u00e9m a economia agr\u00edcola.","jetpack_featured_media_url":"https:\/\/i0.wp.com\/www.fazendaboqueiraorn.com.br\/wp-content\/uploads\/2023\/11\/vacina-febre-aftosa-03-scaled.jpg?fit=1000%2C750&ssl=1","jetpack_sharing_enabled":true,"jetpack_likes_enabled":true,"_links":{"self":[{"href":"https:\/\/www.fazendaboqueiraorn.com.br\/en\/wp-json\/wp\/v2\/posts\/4310","targetHints":{"allow":["GET"]}}],"collection":[{"href":"https:\/\/www.fazendaboqueiraorn.com.br\/en\/wp-json\/wp\/v2\/posts"}],"about":[{"href":"https:\/\/www.fazendaboqueiraorn.com.br\/en\/wp-json\/wp\/v2\/types\/post"}],"author":[{"embeddable":true,"href":"https:\/\/www.fazendaboqueiraorn.com.br\/en\/wp-json\/wp\/v2\/users\/2"}],"replies":[{"embeddable":true,"href":"https:\/\/www.fazendaboqueiraorn.com.br\/en\/wp-json\/wp\/v2\/comments?post=4310"}],"version-history":[{"count":4,"href":"https:\/\/www.fazendaboqueiraorn.com.br\/en\/wp-json\/wp\/v2\/posts\/4310\/revisions"}],"predecessor-version":[{"id":4770,"href":"https:\/\/www.fazendaboqueiraorn.com.br\/en\/wp-json\/wp\/v2\/posts\/4310\/revisions\/4770"}],"wp:featuredmedia":[{"embeddable":true,"href":"https:\/\/www.fazendaboqueiraorn.com.br\/en\/wp-json\/wp\/v2\/media\/4313"}],"wp:attachment":[{"href":"https:\/\/www.fazendaboqueiraorn.com.br\/en\/wp-json\/wp\/v2\/media?parent=4310"}],"wp:term":[{"taxonomy":"category","embeddable":true,"href":"https:\/\/www.fazendaboqueiraorn.com.br\/en\/wp-json\/wp\/v2\/categories?post=4310"},{"taxonomy":"post_tag","embeddable":true,"href":"https:\/\/www.fazendaboqueiraorn.com.br\/en\/wp-json\/wp\/v2\/tags?post=4310"}],"curies":[{"name":"wp","href":"https:\/\/api.w.org\/{rel}","templated":true}]}}