{"id":420,"date":"2021-08-25T15:00:00","date_gmt":"2021-08-25T18:00:00","guid":{"rendered":"https:\/\/www.fazendaboqueiraorn.com.br\/?p=420"},"modified":"2022-07-16T13:15:53","modified_gmt":"2022-07-16T16:15:53","slug":"imposto-sobre-a-propriedade-rural-itr","status":"publish","type":"post","link":"https:\/\/www.fazendaboqueiraorn.com.br\/en\/imposto-sobre-a-propriedade-rural-itr\/","title":{"rendered":"ITR &#8211; Imposto sobre a Propriedade Rural"},"content":{"rendered":"<figure class=\"wp-block-image aligncenter size-full is-resized\"><img data-recalc-dims=\"1\" decoding=\"async\" loading=\"lazy\" src=\"https:\/\/i0.wp.com\/www.fazendaboqueiraorn.com.br\/wp-content\/uploads\/2021\/08\/itr-cartilha.png?resize=278%2C375&#038;ssl=1\" alt=\"Cartilha sobre ITR\" class=\"wp-image-425\" width=\"278\" height=\"375\" srcset=\"https:\/\/i0.wp.com\/www.fazendaboqueiraorn.com.br\/wp-content\/uploads\/2021\/08\/itr-cartilha.png?w=371&amp;ssl=1 371w, https:\/\/i0.wp.com\/www.fazendaboqueiraorn.com.br\/wp-content\/uploads\/2021\/08\/itr-cartilha.png?resize=223%2C300&amp;ssl=1 223w, https:\/\/i0.wp.com\/www.fazendaboqueiraorn.com.br\/wp-content\/uploads\/2021\/08\/itr-cartilha.png?resize=9%2C12&amp;ssl=1 9w\" sizes=\"auto, (max-width: 278px) 100vw, 278px\" \/><\/figure>\n\n\n\n<p>O Imposto sobre a Propriedade Territorial Rural &#8211; ITR \u00e9 um imposto federal previsto no inciso VI do artigo 153 da Constitui\u00e7\u00e3o Federal. \u00c9 de apura\u00e7\u00e3o anual e tem como fato gerador a propriedade, o dom\u00ednio \u00fatil ou a posse de im\u00f3vel rural. <\/p>\n\n\n\n<p>Considera-se im\u00f3vel rural a \u00e1rea cont\u00ednua, formada de uma ou mais parcelas de terras, localizada fora da zona urbana do munic\u00edpio. A legisla\u00e7\u00e3o que rege o ITR \u00e9 a\u00a0<a href=\"http:\/\/www.normaslegais.com.br\/legislacao\/tributario\/lei9393.htm\" target=\"_blank\" rel=\"noreferrer noopener nofollow\">Lei 9.393\/1996<\/a>\u00a0e altera\u00e7\u00f5es subsequentes.<\/p>\n\n\n\n<h2 class=\"wp-block-heading\">Legisla\u00e7\u00e3o<\/h2>\n\n\n\n<p>O art. 153, \u00a7 4\u00ba, inciso III, da Constitui\u00e7\u00e3o Federal, determina que o Imposto sobre a Propriedade Territorial Rural &#8211; <a href=\"\/en\/topicos\/itr\/\">ITR<\/a>, ser\u00e1 fiscalizado e cobrado pelos Munic\u00edpios que assim optarem, na forma da lei, desde que isso n\u00e3o implique redu\u00e7\u00e3o do imposto ou qualquer outra forma de ren\u00fancia fiscal, sendo que, de acordo com o inciso II do art. 158 da mesma Constitui\u00e7\u00e3o Federal, pertencem aos Munic\u00edpios 50% do produto da arrecada\u00e7\u00e3o do ITR, relativamente aos im\u00f3veis neles situados, cabendo a totalidade na hip\u00f3tese da op\u00e7\u00e3o a que se refere o art. 153, \u00a7 4\u00ba, III.<\/p>\n\n\n\n<p>A&nbsp;<a href=\"http:\/\/www.planalto.gov.br\/ccivil_03\/_Ato2004-2006\/2005\/Lei\/L11250.htm\" target=\"_blank\" rel=\"noreferrer noopener nofollow\">Lei n\u00ba 11.250, de 27 de dezembro de 2005<\/a>, disp\u00f5e que a Uni\u00e3o, por interm\u00e9dio da Secretaria da Receita Federal do Brasil &#8211; RFB, sem preju\u00edzo da sua compet\u00eancia supletiva, poder\u00e1 celebrar conv\u00eanios com o Distrito Federal e os Munic\u00edpios que assim optarem, para delega\u00e7\u00e3o das atribui\u00e7\u00f5es de fiscaliza\u00e7\u00e3o, inclusive a de lan\u00e7amento dos cr\u00e9ditos tribut\u00e1rios, e de cobran\u00e7a do ITR.<\/p>\n\n\n\n<p>O&nbsp;<a href=\"http:\/\/www.planalto.gov.br\/ccivil_03\/_Ato2007-2010\/2008\/Decreto\/D6433.htm\" target=\"_blank\" rel=\"noreferrer noopener nofollow\">Decreto n\u00ba 6.433, de 15 de abril de 2008<\/a>, instituiu o Comit\u00ea Gestor do ITR &#8211; CGITR, que tem como atribui\u00e7\u00e3o dispor sobre a op\u00e7\u00e3o pelo DF e pelos Munic\u00edpios para exercer as atividades de fiscaliza\u00e7\u00e3o, inclusive a de lan\u00e7amento de cr\u00e9ditos tribut\u00e1rios, e de cobran\u00e7a do ITR, e determinou a cria\u00e7\u00e3o do portal do ITR, onde devem ser disponibilizados a rela\u00e7\u00e3o dos optantes, as informa\u00e7\u00f5es e os aplicativos relacionados ao imposto, inclusive os modelos de documentos utilizados nas atividades de fiscaliza\u00e7\u00e3o e cobran\u00e7a do imposto.<\/p>\n\n\n\n<p>Com a evolu\u00e7\u00e3o do sistema de parcelamento, al\u00e9m das d\u00edvidas relativas ao Imposto de Renda das Pessoas F\u00edsicas, as d\u00edvidas do ITR tamb\u00e9m ser\u00e3o parceladas unicamente pelo e-CAC. Os d\u00e9bitos n\u00e3o ser\u00e3o mais parcelados no antigo sistema de parcelamento simplificado, que era utilizado para parcelar as d\u00edvidas do imposto. Com isso, n\u00e3o ser\u00e1 mais necess\u00e1rio abrir um processo para cadastrar os d\u00e9bitos antes de parcelar, \u00e9 uma etapa a menos para realizar o procedimento. Assim que vencidos, basta entrar no e-CAC e parcelar.<\/p>\n\n\n\n<h2 class=\"wp-block-heading\">Cartilha<\/h2>\n\n\n\n<p>Para auxiliar produtores rurais em rela\u00e7\u00e3o a declara\u00e7\u00e3o de ITR, o Sistema FAEP\/SENAR-PR preparou uma cartilha. O material elenca os principais pontos relacionados ao processo. Para ver o material, basta acessar a se\u00e7\u00e3o Servi\u00e7os, no site&nbsp;<a href=\"https:\/\/sistemafaep.org.br\/wp-content\/uploads\/2021\/08\/Cartilha-ITR-2021.pdf\" target=\"_blank\" rel=\"noreferrer noopener nofollow\">www.sistemafaep.org.br<\/a>.<\/p>\n\n\n\n<p>Na cartilha, o produtor rural encontra informa\u00e7\u00f5es sobre o c\u00e1lculo do valor do imposto, conceitos importantes relacionados ao tema e quais documentos necess\u00e1rios para fazer o ITR.<\/p>\n\n\n\n<p><\/p>\n\n\n\n<h2 class=\"wp-block-heading\">Como consultar a situa\u00e7\u00e3o do ITR<\/h2>\n\n\n\n<p>A Receita Federal atualizou a norma referente ao n\u00famero do cadastro de im\u00f3vel rural.&nbsp; Essa numera\u00e7\u00e3o constar\u00e1 no denominado CIB \u2013 Cadastro Imobili\u00e1rio Brasileiro.&nbsp; A partir do NIRF ou CIB, basta acessar o endere\u00e7o: <a href=\"http:\/\/servicos.receita.fazenda.gov.br\/Servicos\/certidaointernet\/ITR\/Emitir\" rel=\"noreferrer noopener nofollow\" target=\"_blank\">http:\/\/servicos.receita.fazenda.gov.br\/Servicos\/certidaointernet\/ITR\/Emitir<\/a><\/p>\n\n\n\n<h2 class=\"wp-block-heading\">Como parcelar o ITR<\/h2>\n\n\n\n<p>Para parcelar os d\u00e9bitos de ITR, o contribuinte deve seguir os seguintes passos:<\/p>\n\n\n\n<p>1. Acessar o e-CAC com sua conta gov.br ou c\u00f3digo de acesso;<br>2. Selecionar a se\u00e7\u00e3o Pagamentos e Parcelamentos;<br>3. Clicar em Parcelamento \u2013 Solicitar e acompanhar.<\/p>\n\n\n\n<p>Poder\u00e3o ser parcelados desta forma os tributos e multas com os c\u00f3digos de receita abaixo:<\/p>\n\n\n\n<figure class=\"wp-block-table\"><table><tbody><tr><td>1070 &#8211; ITR &#8211; Exerc\u00edcio 1997 e Subsequentes<\/td><\/tr><tr><td>2050 &#8211; ITR &#8211; Taxa de Cadastro Contribui\u00e7\u00f5es \u00c1rea Rural<\/td><\/tr><tr><td>2266 &#8211; Multa ITR &#8211; Taxa de Cadastro Contribui\u00e7\u00f5es \u00c1rea Rural<\/td><\/tr><tr><td>2770 &#8211; Juros ITR &#8211; Taxa de Cadastro Contribui\u00e7\u00f5es \u00c1rea Rural<\/td><\/tr><tr><td>5489 &#8211; Multa ITR Uni\u00e3o<\/td><\/tr><tr><td>5491 &#8211; Juros ITR Uni\u00e3o<\/td><\/tr><tr><td>6710 &#8211; Multa de Of\u00edcio &#8211; ITR<\/td><\/tr><tr><td>6795 &#8211; Juros Lan\u00e7amento de Of\u00edcio &#8211; ITR<\/td><\/tr><tr><td>7036 &#8211; Juros ITR &#8211; (art. 43 L.9430)<\/td><\/tr><tr><td>7049 &#8211; Multa Isolada &#8211; ITR (art. 43 L.9430)<\/td><\/tr><tr><td>7051 &#8211; ITR- Lan\u00e7amento de Of\u00edcio<\/td><\/tr><\/tbody><\/table><figcaption>C\u00f3digos <\/figcaption><\/figure>\n\n\n\n<p>A declara\u00e7\u00e3o deve ser feita pelo Programa Gerador da Declara\u00e7\u00e3o do ITR no site da&nbsp;<a href=\"https:\/\/www.gov.br\/pt-br\/servicos\/declarar-imposto-sobre-a-propriedade-territorial-rural\" target=\"_blank\" rel=\"noreferrer noopener nofollow\"><strong>Receita Federal<\/strong><\/a>.<\/p>\n\n\n\n<h2 class=\"wp-block-heading\">Download do Programa do ITR<\/h2>\n\n\n\n<p>Baixe na Receita Federal o <a href=\"https:\/\/www.gov.br\/receitafederal\/pt-br\/centrais-de-conteudo\/download\/pgd\/ditr\" target=\"_blank\" rel=\"noreferrer noopener\">Programa Gerador de Declara\u00e7\u00e3o (PGD) da Declara\u00e7\u00e3o do Imposto sobre a Propriedade Territorial Rural (DITR)<\/a>.<\/p>","protected":false},"excerpt":{"rendered":"<p>O Imposto sobre a Propriedade Territorial Rural &#8211; ITR \u00e9 um imposto federal previsto no inciso VI do artigo 153 da Constitui\u00e7\u00e3o Federal. \u00c9 de apura\u00e7\u00e3o anual e tem como fato gerador a propriedade, o dom\u00ednio \u00fatil ou a posse de im\u00f3vel rural. <\/p>","protected":false},"author":2,"featured_media":423,"comment_status":"open","ping_status":"open","sticky":false,"template":"","format":"standard","meta":{"nf_dc_page":"","_uag_custom_page_level_css":"","site-sidebar-layout":"default","site-content-layout":"","ast-site-content-layout":"default","site-content-style":"default","site-sidebar-style":"default","ast-global-header-display":"","ast-banner-title-visibility":"","ast-main-header-display":"","ast-hfb-above-header-display":"","ast-hfb-below-header-display":"","ast-hfb-mobile-header-display":"","site-post-title":"","ast-breadcrumbs-content":"","ast-featured-img":"","footer-sml-layout":"","ast-disable-related-posts":"","theme-transparent-header-meta":"","adv-header-id-meta":"","stick-header-meta":"","header-above-stick-meta":"","header-main-stick-meta":"","header-below-stick-meta":"","astra-migrate-meta-layouts":"default","ast-page-background-enabled":"default","ast-page-background-meta":{"desktop":{"background-color":"var(--ast-global-color-4)","background-image":"","background-repeat":"repeat","background-position":"center center","background-size":"auto","background-attachment":"scroll","background-type":"","background-media":"","overlay-type":"","overlay-color":"","overlay-opacity":"","overlay-gradient":""},"tablet":{"background-color":"","background-image":"","background-repeat":"repeat","background-position":"center center","background-size":"auto","background-attachment":"scroll","background-type":"","background-media":"","overlay-type":"","overlay-color":"","overlay-opacity":"","overlay-gradient":""},"mobile":{"background-color":"","background-image":"","background-repeat":"repeat","background-position":"center center","background-size":"auto","background-attachment":"scroll","background-type":"","background-media":"","overlay-type":"","overlay-color":"","overlay-opacity":"","overlay-gradient":""}},"ast-content-background-meta":{"desktop":{"background-color":"var(--ast-global-color-5)","background-image":"","background-repeat":"repeat","background-position":"center center","background-size":"auto","background-attachment":"scroll","background-type":"","background-media":"","overlay-type":"","overlay-color":"","overlay-opacity":"","overlay-gradient":""},"tablet":{"background-color":"var(--ast-global-color-5)","background-image":"","background-repeat":"repeat","background-position":"center center","background-size":"auto","background-attachment":"scroll","background-type":"","background-media":"","overlay-type":"","overlay-color":"","overlay-opacity":"","overlay-gradient":""},"mobile":{"background-color":"var(--ast-global-color-5)","background-image":"","background-repeat":"repeat","background-position":"center center","background-size":"auto","background-attachment":"scroll","background-type":"","background-media":"","overlay-type":"","overlay-color":"","overlay-opacity":"","overlay-gradient":""}},"jetpack_post_was_ever_published":false,"_jetpack_newsletter_access":"","_jetpack_dont_email_post_to_subs":false,"_jetpack_newsletter_tier_id":0,"_jetpack_memberships_contains_paywalled_content":false,"_jetpack_memberships_contains_paid_content":false,"footnotes":"","jetpack_publicize_message":"","jetpack_publicize_feature_enabled":true,"jetpack_social_post_already_shared":true,"jetpack_social_options":{"image_generator_settings":{"template":"highway","default_image_id":0,"font":"","enabled":false},"version":2}},"categories":[1],"tags":[93,94,90,92,89,96,95],"class_list":["post-420","post","type-post","status-publish","format-standard","has-post-thumbnail","hentry","category-noticia","tag-cartilha","tag-faep","tag-imposto","tag-imposto-sobre-a-propriedade-rural","tag-itr","tag-portal-e-cac","tag-senar"],"yoast_head":"<!-- This site is optimized with the Yoast SEO plugin v27.4 - https:\/\/yoast.com\/product\/yoast-seo-wordpress\/ -->\n<title>ITR - Imposto sobre a Propriedade Rural - Fazenda Boqueir\u00e3o<\/title>\n<meta name=\"description\" content=\"O ITR - Imposto sobre a Propriedade Territorial Rural \u00e9 de apura\u00e7\u00e3o anual e tem como fato gerador a propriedade, o dom\u00ednio \u00fatil ou a posse de im\u00f3vel rural.\" \/>\n<meta name=\"robots\" content=\"index, follow, max-snippet:-1, max-image-preview:large, max-video-preview:-1\" \/>\n<link rel=\"canonical\" href=\"https:\/\/www.fazendaboqueiraorn.com.br\/en\/imposto-sobre-a-propriedade-rural-itr\/\" \/>\n<meta property=\"og:locale\" content=\"en_US\" \/>\n<meta property=\"og:type\" content=\"article\" \/>\n<meta property=\"og:title\" content=\"ITR - Imposto sobre a Propriedade Rural - Fazenda Boqueir\u00e3o\" \/>\n<meta property=\"og:description\" content=\"O ITR - Imposto sobre a Propriedade Territorial Rural \u00e9 de apura\u00e7\u00e3o anual e tem como fato gerador a propriedade, o dom\u00ednio \u00fatil ou a posse de im\u00f3vel rural.\" \/>\n<meta property=\"og:url\" content=\"https:\/\/www.fazendaboqueiraorn.com.br\/en\/imposto-sobre-a-propriedade-rural-itr\/\" \/>\n<meta property=\"og:site_name\" content=\"Fazenda Boqueir\u00e3o\" \/>\n<meta property=\"article:publisher\" content=\"https:\/\/www.facebook.com\/fazboqueirao\" \/>\n<meta property=\"article:published_time\" content=\"2021-08-25T18:00:00+00:00\" \/>\n<meta property=\"article:modified_time\" content=\"2022-07-16T16:15:53+00:00\" \/>\n<meta property=\"og:image\" content=\"https:\/\/www.fazendaboqueiraorn.com.br\/wp-content\/uploads\/2021\/08\/itr.jpg\" \/>\n\t<meta property=\"og:image:width\" content=\"301\" \/>\n\t<meta property=\"og:image:height\" content=\"225\" \/>\n\t<meta property=\"og:image:type\" content=\"image\/jpeg\" \/>\n<meta name=\"author\" content=\"Fazenda Boqueir\u00e3o\" \/>\n<meta name=\"twitter:card\" content=\"summary_large_image\" \/>\n<meta name=\"twitter:creator\" content=\"@FazBoqueirao\" \/>\n<meta name=\"twitter:site\" content=\"@FazBoqueirao\" \/>\n<meta name=\"twitter:label1\" content=\"Written by\" \/>\n\t<meta name=\"twitter:data1\" content=\"Fazenda Boqueir\u00e3o\" \/>\n\t<meta name=\"twitter:label2\" content=\"Est. reading time\" \/>\n\t<meta name=\"twitter:data2\" content=\"4 minutes\" \/>\n<script type=\"application\/ld+json\" class=\"yoast-schema-graph\">{\"@context\":\"https:\\\/\\\/schema.org\",\"@graph\":[{\"@type\":\"Article\",\"@id\":\"https:\\\/\\\/www.fazendaboqueiraorn.com.br\\\/imposto-sobre-a-propriedade-rural-itr\\\/#article\",\"isPartOf\":{\"@id\":\"https:\\\/\\\/www.fazendaboqueiraorn.com.br\\\/imposto-sobre-a-propriedade-rural-itr\\\/\"},\"author\":{\"name\":\"Fazenda Boqueir\u00e3o\",\"@id\":\"https:\\\/\\\/www.fazendaboqueiraorn.com.br\\\/#\\\/schema\\\/person\\\/70484dc96f76e66c6365a9f4a2ebfb02\"},\"headline\":\"ITR &#8211; Imposto sobre a Propriedade Rural\",\"datePublished\":\"2021-08-25T18:00:00+00:00\",\"dateModified\":\"2022-07-16T16:15:53+00:00\",\"mainEntityOfPage\":{\"@id\":\"https:\\\/\\\/www.fazendaboqueiraorn.com.br\\\/imposto-sobre-a-propriedade-rural-itr\\\/\"},\"wordCount\":786,\"commentCount\":0,\"publisher\":{\"@id\":\"https:\\\/\\\/www.fazendaboqueiraorn.com.br\\\/#organization\"},\"image\":{\"@id\":\"https:\\\/\\\/www.fazendaboqueiraorn.com.br\\\/imposto-sobre-a-propriedade-rural-itr\\\/#primaryimage\"},\"thumbnailUrl\":\"https:\\\/\\\/i0.wp.com\\\/www.fazendaboqueiraorn.com.br\\\/wp-content\\\/uploads\\\/2021\\\/08\\\/itr.jpg?fit=301%2C225&ssl=1\",\"keywords\":[\"cartilha\",\"FAEP\",\"imposto\",\"Imposto sobre a Propriedade Rural\",\"ITR\",\"Portal e-CAC\",\"SENAR\"],\"articleSection\":[\"Not\u00edcias\"],\"inLanguage\":\"en-US\",\"potentialAction\":[{\"@type\":\"CommentAction\",\"name\":\"Comment\",\"target\":[\"https:\\\/\\\/www.fazendaboqueiraorn.com.br\\\/imposto-sobre-a-propriedade-rural-itr\\\/#respond\"]}]},{\"@type\":\"WebPage\",\"@id\":\"https:\\\/\\\/www.fazendaboqueiraorn.com.br\\\/imposto-sobre-a-propriedade-rural-itr\\\/\",\"url\":\"https:\\\/\\\/www.fazendaboqueiraorn.com.br\\\/imposto-sobre-a-propriedade-rural-itr\\\/\",\"name\":\"ITR - Imposto sobre a Propriedade Rural - Fazenda Boqueir\u00e3o\",\"isPartOf\":{\"@id\":\"https:\\\/\\\/www.fazendaboqueiraorn.com.br\\\/#website\"},\"primaryImageOfPage\":{\"@id\":\"https:\\\/\\\/www.fazendaboqueiraorn.com.br\\\/imposto-sobre-a-propriedade-rural-itr\\\/#primaryimage\"},\"image\":{\"@id\":\"https:\\\/\\\/www.fazendaboqueiraorn.com.br\\\/imposto-sobre-a-propriedade-rural-itr\\\/#primaryimage\"},\"thumbnailUrl\":\"https:\\\/\\\/i0.wp.com\\\/www.fazendaboqueiraorn.com.br\\\/wp-content\\\/uploads\\\/2021\\\/08\\\/itr.jpg?fit=301%2C225&ssl=1\",\"datePublished\":\"2021-08-25T18:00:00+00:00\",\"dateModified\":\"2022-07-16T16:15:53+00:00\",\"description\":\"O ITR - Imposto sobre a Propriedade Territorial Rural \u00e9 de apura\u00e7\u00e3o anual e tem como fato gerador a propriedade, o dom\u00ednio \u00fatil ou a posse de im\u00f3vel rural.\",\"breadcrumb\":{\"@id\":\"https:\\\/\\\/www.fazendaboqueiraorn.com.br\\\/imposto-sobre-a-propriedade-rural-itr\\\/#breadcrumb\"},\"inLanguage\":\"en-US\",\"potentialAction\":[{\"@type\":\"ReadAction\",\"target\":[\"https:\\\/\\\/www.fazendaboqueiraorn.com.br\\\/imposto-sobre-a-propriedade-rural-itr\\\/\"]}]},{\"@type\":\"ImageObject\",\"inLanguage\":\"en-US\",\"@id\":\"https:\\\/\\\/www.fazendaboqueiraorn.com.br\\\/imposto-sobre-a-propriedade-rural-itr\\\/#primaryimage\",\"url\":\"https:\\\/\\\/i0.wp.com\\\/www.fazendaboqueiraorn.com.br\\\/wp-content\\\/uploads\\\/2021\\\/08\\\/itr.jpg?fit=301%2C225&ssl=1\",\"contentUrl\":\"https:\\\/\\\/i0.wp.com\\\/www.fazendaboqueiraorn.com.br\\\/wp-content\\\/uploads\\\/2021\\\/08\\\/itr.jpg?fit=301%2C225&ssl=1\",\"width\":301,\"height\":225,\"caption\":\"Logo do ITR\"},{\"@type\":\"BreadcrumbList\",\"@id\":\"https:\\\/\\\/www.fazendaboqueiraorn.com.br\\\/imposto-sobre-a-propriedade-rural-itr\\\/#breadcrumb\",\"itemListElement\":[{\"@type\":\"ListItem\",\"position\":1,\"name\":\"Home\",\"item\":\"https:\\\/\\\/www.fazendaboqueiraorn.com.br\\\/\"},{\"@type\":\"ListItem\",\"position\":2,\"name\":\"ITR &#8211; Imposto sobre a Propriedade Rural\"}]},{\"@type\":\"WebSite\",\"@id\":\"https:\\\/\\\/www.fazendaboqueiraorn.com.br\\\/#website\",\"url\":\"https:\\\/\\\/www.fazendaboqueiraorn.com.br\\\/\",\"name\":\"Fazenda Boqueir\u00e3o\",\"description\":\"\",\"publisher\":{\"@id\":\"https:\\\/\\\/www.fazendaboqueiraorn.com.br\\\/#organization\"},\"potentialAction\":[{\"@type\":\"SearchAction\",\"target\":{\"@type\":\"EntryPoint\",\"urlTemplate\":\"https:\\\/\\\/www.fazendaboqueiraorn.com.br\\\/?s={search_term_string}\"},\"query-input\":{\"@type\":\"PropertyValueSpecification\",\"valueRequired\":true,\"valueName\":\"search_term_string\"}}],\"inLanguage\":\"en-US\"},{\"@type\":\"Organization\",\"@id\":\"https:\\\/\\\/www.fazendaboqueiraorn.com.br\\\/#organization\",\"name\":\"Fazenda Boqueir\u00e3o\",\"url\":\"https:\\\/\\\/www.fazendaboqueiraorn.com.br\\\/\",\"logo\":{\"@type\":\"ImageObject\",\"inLanguage\":\"en-US\",\"@id\":\"https:\\\/\\\/www.fazendaboqueiraorn.com.br\\\/#\\\/schema\\\/logo\\\/image\\\/\",\"url\":\"https:\\\/\\\/i0.wp.com\\\/www.fazendaboqueiraorn.com.br\\\/wp-content\\\/uploads\\\/2021\\\/08\\\/logo-fazenda-120x120-1.png?fit=120%2C120&ssl=1\",\"contentUrl\":\"https:\\\/\\\/i0.wp.com\\\/www.fazendaboqueiraorn.com.br\\\/wp-content\\\/uploads\\\/2021\\\/08\\\/logo-fazenda-120x120-1.png?fit=120%2C120&ssl=1\",\"width\":120,\"height\":120,\"caption\":\"Fazenda Boqueir\u00e3o\"},\"image\":{\"@id\":\"https:\\\/\\\/www.fazendaboqueiraorn.com.br\\\/#\\\/schema\\\/logo\\\/image\\\/\"},\"sameAs\":[\"https:\\\/\\\/www.facebook.com\\\/fazboqueirao\",\"https:\\\/\\\/x.com\\\/FazBoqueirao\",\"http:\\\/\\\/instagram.com\\\/fazboqueirao\\\/\",\"https:\\\/\\\/www.linkedin.com\\\/company\\\/fazboqueirao\\\/\",\"https:\\\/\\\/www.youtube.com\\\/channel\\\/UCUA4_8v8HkmMeNUh8c6Ky1Q\"]},{\"@type\":\"Person\",\"@id\":\"https:\\\/\\\/www.fazendaboqueiraorn.com.br\\\/#\\\/schema\\\/person\\\/70484dc96f76e66c6365a9f4a2ebfb02\",\"name\":\"Fazenda Boqueir\u00e3o\",\"image\":{\"@type\":\"ImageObject\",\"inLanguage\":\"en-US\",\"@id\":\"https:\\\/\\\/secure.gravatar.com\\\/avatar\\\/19f19467ae305ded5d913deae2fb6c6f29fe88a0a7f3a4dca5679407289a9efd?s=96&d=mm&r=g\",\"url\":\"https:\\\/\\\/secure.gravatar.com\\\/avatar\\\/19f19467ae305ded5d913deae2fb6c6f29fe88a0a7f3a4dca5679407289a9efd?s=96&d=mm&r=g\",\"contentUrl\":\"https:\\\/\\\/secure.gravatar.com\\\/avatar\\\/19f19467ae305ded5d913deae2fb6c6f29fe88a0a7f3a4dca5679407289a9efd?s=96&d=mm&r=g\",\"caption\":\"Fazenda Boqueir\u00e3o\"},\"url\":\"https:\\\/\\\/www.fazendaboqueiraorn.com.br\\\/en\\\/author\\\/fazenda\\\/\"}]}<\/script>\n<!-- \/ Yoast SEO plugin. -->","yoast_head_json":{"title":"ITR - Imposto sobre a Propriedade Rural - Fazenda Boqueir\u00e3o","description":"O ITR - Imposto sobre a Propriedade Territorial Rural \u00e9 de apura\u00e7\u00e3o anual e tem como fato gerador a propriedade, o dom\u00ednio \u00fatil ou a posse de im\u00f3vel rural.","robots":{"index":"index","follow":"follow","max-snippet":"max-snippet:-1","max-image-preview":"max-image-preview:large","max-video-preview":"max-video-preview:-1"},"canonical":"https:\/\/www.fazendaboqueiraorn.com.br\/en\/imposto-sobre-a-propriedade-rural-itr\/","og_locale":"en_US","og_type":"article","og_title":"ITR - Imposto sobre a Propriedade Rural - Fazenda Boqueir\u00e3o","og_description":"O ITR - Imposto sobre a Propriedade Territorial Rural \u00e9 de apura\u00e7\u00e3o anual e tem como fato gerador a propriedade, o dom\u00ednio \u00fatil ou a posse de im\u00f3vel rural.","og_url":"https:\/\/www.fazendaboqueiraorn.com.br\/en\/imposto-sobre-a-propriedade-rural-itr\/","og_site_name":"Fazenda Boqueir\u00e3o","article_publisher":"https:\/\/www.facebook.com\/fazboqueirao","article_published_time":"2021-08-25T18:00:00+00:00","article_modified_time":"2022-07-16T16:15:53+00:00","og_image":[{"width":301,"height":225,"url":"https:\/\/www.fazendaboqueiraorn.com.br\/wp-content\/uploads\/2021\/08\/itr.jpg","type":"image\/jpeg"}],"author":"Fazenda Boqueir\u00e3o","twitter_card":"summary_large_image","twitter_creator":"@FazBoqueirao","twitter_site":"@FazBoqueirao","twitter_misc":{"Written by":"Fazenda Boqueir\u00e3o","Est. reading time":"4 minutes"},"schema":{"@context":"https:\/\/schema.org","@graph":[{"@type":"Article","@id":"https:\/\/www.fazendaboqueiraorn.com.br\/imposto-sobre-a-propriedade-rural-itr\/#article","isPartOf":{"@id":"https:\/\/www.fazendaboqueiraorn.com.br\/imposto-sobre-a-propriedade-rural-itr\/"},"author":{"name":"Fazenda Boqueir\u00e3o","@id":"https:\/\/www.fazendaboqueiraorn.com.br\/#\/schema\/person\/70484dc96f76e66c6365a9f4a2ebfb02"},"headline":"ITR &#8211; Imposto sobre a Propriedade Rural","datePublished":"2021-08-25T18:00:00+00:00","dateModified":"2022-07-16T16:15:53+00:00","mainEntityOfPage":{"@id":"https:\/\/www.fazendaboqueiraorn.com.br\/imposto-sobre-a-propriedade-rural-itr\/"},"wordCount":786,"commentCount":0,"publisher":{"@id":"https:\/\/www.fazendaboqueiraorn.com.br\/#organization"},"image":{"@id":"https:\/\/www.fazendaboqueiraorn.com.br\/imposto-sobre-a-propriedade-rural-itr\/#primaryimage"},"thumbnailUrl":"https:\/\/i0.wp.com\/www.fazendaboqueiraorn.com.br\/wp-content\/uploads\/2021\/08\/itr.jpg?fit=301%2C225&ssl=1","keywords":["cartilha","FAEP","imposto","Imposto sobre a Propriedade Rural","ITR","Portal e-CAC","SENAR"],"articleSection":["Not\u00edcias"],"inLanguage":"en-US","potentialAction":[{"@type":"CommentAction","name":"Comment","target":["https:\/\/www.fazendaboqueiraorn.com.br\/imposto-sobre-a-propriedade-rural-itr\/#respond"]}]},{"@type":"WebPage","@id":"https:\/\/www.fazendaboqueiraorn.com.br\/imposto-sobre-a-propriedade-rural-itr\/","url":"https:\/\/www.fazendaboqueiraorn.com.br\/imposto-sobre-a-propriedade-rural-itr\/","name":"ITR - Imposto sobre a Propriedade Rural - Fazenda Boqueir\u00e3o","isPartOf":{"@id":"https:\/\/www.fazendaboqueiraorn.com.br\/#website"},"primaryImageOfPage":{"@id":"https:\/\/www.fazendaboqueiraorn.com.br\/imposto-sobre-a-propriedade-rural-itr\/#primaryimage"},"image":{"@id":"https:\/\/www.fazendaboqueiraorn.com.br\/imposto-sobre-a-propriedade-rural-itr\/#primaryimage"},"thumbnailUrl":"https:\/\/i0.wp.com\/www.fazendaboqueiraorn.com.br\/wp-content\/uploads\/2021\/08\/itr.jpg?fit=301%2C225&ssl=1","datePublished":"2021-08-25T18:00:00+00:00","dateModified":"2022-07-16T16:15:53+00:00","description":"O ITR - Imposto sobre a Propriedade Territorial Rural \u00e9 de apura\u00e7\u00e3o anual e tem como fato gerador a propriedade, o dom\u00ednio \u00fatil ou a posse de im\u00f3vel rural.","breadcrumb":{"@id":"https:\/\/www.fazendaboqueiraorn.com.br\/imposto-sobre-a-propriedade-rural-itr\/#breadcrumb"},"inLanguage":"en-US","potentialAction":[{"@type":"ReadAction","target":["https:\/\/www.fazendaboqueiraorn.com.br\/imposto-sobre-a-propriedade-rural-itr\/"]}]},{"@type":"ImageObject","inLanguage":"en-US","@id":"https:\/\/www.fazendaboqueiraorn.com.br\/imposto-sobre-a-propriedade-rural-itr\/#primaryimage","url":"https:\/\/i0.wp.com\/www.fazendaboqueiraorn.com.br\/wp-content\/uploads\/2021\/08\/itr.jpg?fit=301%2C225&ssl=1","contentUrl":"https:\/\/i0.wp.com\/www.fazendaboqueiraorn.com.br\/wp-content\/uploads\/2021\/08\/itr.jpg?fit=301%2C225&ssl=1","width":301,"height":225,"caption":"Logo do ITR"},{"@type":"BreadcrumbList","@id":"https:\/\/www.fazendaboqueiraorn.com.br\/imposto-sobre-a-propriedade-rural-itr\/#breadcrumb","itemListElement":[{"@type":"ListItem","position":1,"name":"Home","item":"https:\/\/www.fazendaboqueiraorn.com.br\/"},{"@type":"ListItem","position":2,"name":"ITR &#8211; Imposto sobre a Propriedade Rural"}]},{"@type":"WebSite","@id":"https:\/\/www.fazendaboqueiraorn.com.br\/#website","url":"https:\/\/www.fazendaboqueiraorn.com.br\/","name":"Fazenda Boqueir\u00e3o","description":"","publisher":{"@id":"https:\/\/www.fazendaboqueiraorn.com.br\/#organization"},"potentialAction":[{"@type":"SearchAction","target":{"@type":"EntryPoint","urlTemplate":"https:\/\/www.fazendaboqueiraorn.com.br\/?s={search_term_string}"},"query-input":{"@type":"PropertyValueSpecification","valueRequired":true,"valueName":"search_term_string"}}],"inLanguage":"en-US"},{"@type":"Organization","@id":"https:\/\/www.fazendaboqueiraorn.com.br\/#organization","name":"Fazenda Boqueir\u00e3o","url":"https:\/\/www.fazendaboqueiraorn.com.br\/","logo":{"@type":"ImageObject","inLanguage":"en-US","@id":"https:\/\/www.fazendaboqueiraorn.com.br\/#\/schema\/logo\/image\/","url":"https:\/\/i0.wp.com\/www.fazendaboqueiraorn.com.br\/wp-content\/uploads\/2021\/08\/logo-fazenda-120x120-1.png?fit=120%2C120&ssl=1","contentUrl":"https:\/\/i0.wp.com\/www.fazendaboqueiraorn.com.br\/wp-content\/uploads\/2021\/08\/logo-fazenda-120x120-1.png?fit=120%2C120&ssl=1","width":120,"height":120,"caption":"Fazenda Boqueir\u00e3o"},"image":{"@id":"https:\/\/www.fazendaboqueiraorn.com.br\/#\/schema\/logo\/image\/"},"sameAs":["https:\/\/www.facebook.com\/fazboqueirao","https:\/\/x.com\/FazBoqueirao","http:\/\/instagram.com\/fazboqueirao\/","https:\/\/www.linkedin.com\/company\/fazboqueirao\/","https:\/\/www.youtube.com\/channel\/UCUA4_8v8HkmMeNUh8c6Ky1Q"]},{"@type":"Person","@id":"https:\/\/www.fazendaboqueiraorn.com.br\/#\/schema\/person\/70484dc96f76e66c6365a9f4a2ebfb02","name":"Fazenda Boqueir\u00e3o","image":{"@type":"ImageObject","inLanguage":"en-US","@id":"https:\/\/secure.gravatar.com\/avatar\/19f19467ae305ded5d913deae2fb6c6f29fe88a0a7f3a4dca5679407289a9efd?s=96&d=mm&r=g","url":"https:\/\/secure.gravatar.com\/avatar\/19f19467ae305ded5d913deae2fb6c6f29fe88a0a7f3a4dca5679407289a9efd?s=96&d=mm&r=g","contentUrl":"https:\/\/secure.gravatar.com\/avatar\/19f19467ae305ded5d913deae2fb6c6f29fe88a0a7f3a4dca5679407289a9efd?s=96&d=mm&r=g","caption":"Fazenda Boqueir\u00e3o"},"url":"https:\/\/www.fazendaboqueiraorn.com.br\/en\/author\/fazenda\/"}]}},"jetpack_publicize_connections":[],"uagb_featured_image_src":{"full":["https:\/\/i0.wp.com\/www.fazendaboqueiraorn.com.br\/wp-content\/uploads\/2021\/08\/itr.jpg?fit=301%2C225&ssl=1",301,225,false],"thumbnail":["https:\/\/i0.wp.com\/www.fazendaboqueiraorn.com.br\/wp-content\/uploads\/2021\/08\/itr.jpg?resize=150%2C150&ssl=1",150,150,true],"medium":["https:\/\/i0.wp.com\/www.fazendaboqueiraorn.com.br\/wp-content\/uploads\/2021\/08\/itr.jpg?fit=300%2C224&ssl=1",300,224,true],"medium_large":["https:\/\/i0.wp.com\/www.fazendaboqueiraorn.com.br\/wp-content\/uploads\/2021\/08\/itr.jpg?fit=301%2C225&ssl=1",301,225,true],"large":["https:\/\/i0.wp.com\/www.fazendaboqueiraorn.com.br\/wp-content\/uploads\/2021\/08\/itr.jpg?fit=301%2C225&ssl=1",301,225,true],"1536x1536":["https:\/\/i0.wp.com\/www.fazendaboqueiraorn.com.br\/wp-content\/uploads\/2021\/08\/itr.jpg?fit=301%2C225&ssl=1",301,225,true],"2048x2048":["https:\/\/i0.wp.com\/www.fazendaboqueiraorn.com.br\/wp-content\/uploads\/2021\/08\/itr.jpg?fit=301%2C225&ssl=1",301,225,true],"trp-custom-language-flag":["https:\/\/i0.wp.com\/www.fazendaboqueiraorn.com.br\/wp-content\/uploads\/2021\/08\/itr.jpg?fit=16%2C12&ssl=1",16,12,true],"ultp_layout_landscape_large":["https:\/\/i0.wp.com\/www.fazendaboqueiraorn.com.br\/wp-content\/uploads\/2021\/08\/itr.jpg?resize=301%2C225&ssl=1",301,225,true],"ultp_layout_landscape":["https:\/\/i0.wp.com\/www.fazendaboqueiraorn.com.br\/wp-content\/uploads\/2021\/08\/itr.jpg?resize=301%2C225&ssl=1",301,225,true],"ultp_layout_portrait":["https:\/\/i0.wp.com\/www.fazendaboqueiraorn.com.br\/wp-content\/uploads\/2021\/08\/itr.jpg?resize=301%2C225&ssl=1",301,225,true],"ultp_layout_square":["https:\/\/i0.wp.com\/www.fazendaboqueiraorn.com.br\/wp-content\/uploads\/2021\/08\/itr.jpg?resize=301%2C225&ssl=1",301,225,true],"woocommerce_thumbnail":["https:\/\/www.fazendaboqueiraorn.com.br\/wp-content\/uploads\/2021\/08\/itr.jpg",300,224,false],"woocommerce_single":["https:\/\/www.fazendaboqueiraorn.com.br\/wp-content\/uploads\/2021\/08\/itr.jpg",301,225,false],"woocommerce_gallery_thumbnail":["https:\/\/www.fazendaboqueiraorn.com.br\/wp-content\/uploads\/2021\/08\/itr-100x100.jpg",100,100,true],"web-stories-poster-portrait":["https:\/\/www.fazendaboqueiraorn.com.br\/wp-content\/uploads\/2021\/08\/itr.jpg",301,225,false],"web-stories-publisher-logo":["https:\/\/www.fazendaboqueiraorn.com.br\/wp-content\/uploads\/2021\/08\/itr.jpg",96,72,false],"web-stories-thumbnail":["https:\/\/www.fazendaboqueiraorn.com.br\/wp-content\/uploads\/2021\/08\/itr.jpg",150,112,false]},"uagb_author_info":{"display_name":"Fazenda Boqueir\u00e3o","author_link":"https:\/\/www.fazendaboqueiraorn.com.br\/en\/author\/fazenda\/"},"uagb_comment_info":0,"uagb_excerpt":"O Imposto sobre a Propriedade Territorial Rural - ITR \u00e9 um imposto federal previsto no inciso VI do artigo 153 da Constitui\u00e7\u00e3o Federal. \u00c9 de apura\u00e7\u00e3o anual e tem como fato gerador a propriedade, o dom\u00ednio \u00fatil ou a posse de im\u00f3vel rural.","jetpack_featured_media_url":"https:\/\/i0.wp.com\/www.fazendaboqueiraorn.com.br\/wp-content\/uploads\/2021\/08\/itr.jpg?fit=301%2C225&ssl=1","jetpack_sharing_enabled":true,"jetpack_likes_enabled":true,"_links":{"self":[{"href":"https:\/\/www.fazendaboqueiraorn.com.br\/en\/wp-json\/wp\/v2\/posts\/420","targetHints":{"allow":["GET"]}}],"collection":[{"href":"https:\/\/www.fazendaboqueiraorn.com.br\/en\/wp-json\/wp\/v2\/posts"}],"about":[{"href":"https:\/\/www.fazendaboqueiraorn.com.br\/en\/wp-json\/wp\/v2\/types\/post"}],"author":[{"embeddable":true,"href":"https:\/\/www.fazendaboqueiraorn.com.br\/en\/wp-json\/wp\/v2\/users\/2"}],"replies":[{"embeddable":true,"href":"https:\/\/www.fazendaboqueiraorn.com.br\/en\/wp-json\/wp\/v2\/comments?post=420"}],"version-history":[{"count":11,"href":"https:\/\/www.fazendaboqueiraorn.com.br\/en\/wp-json\/wp\/v2\/posts\/420\/revisions"}],"predecessor-version":[{"id":2336,"href":"https:\/\/www.fazendaboqueiraorn.com.br\/en\/wp-json\/wp\/v2\/posts\/420\/revisions\/2336"}],"wp:featuredmedia":[{"embeddable":true,"href":"https:\/\/www.fazendaboqueiraorn.com.br\/en\/wp-json\/wp\/v2\/media\/423"}],"wp:attachment":[{"href":"https:\/\/www.fazendaboqueiraorn.com.br\/en\/wp-json\/wp\/v2\/media?parent=420"}],"wp:term":[{"taxonomy":"category","embeddable":true,"href":"https:\/\/www.fazendaboqueiraorn.com.br\/en\/wp-json\/wp\/v2\/categories?post=420"},{"taxonomy":"post_tag","embeddable":true,"href":"https:\/\/www.fazendaboqueiraorn.com.br\/en\/wp-json\/wp\/v2\/tags?post=420"}],"curies":[{"name":"wp","href":"https:\/\/api.w.org\/{rel}","templated":true}]}}