{"id":4020,"date":"2023-06-28T17:17:05","date_gmt":"2023-06-28T20:17:05","guid":{"rendered":"https:\/\/www.fazendaboqueiraorn.com.br\/?p=4020"},"modified":"2023-06-28T17:25:57","modified_gmt":"2023-06-28T20:25:57","slug":"crescimento-populacional-de-barcelona-no-censo-2022","status":"publish","type":"post","link":"https:\/\/www.fazendaboqueiraorn.com.br\/en\/crescimento-populacional-de-barcelona-no-censo-2022\/","title":{"rendered":"Crescimento populacional de Barcelona no Censo 2022"},"content":{"rendered":"<figure class=\"wp-block-image aligncenter size-full is-resized\"><img data-recalc-dims=\"1\" decoding=\"async\" loading=\"lazy\" src=\"https:\/\/i0.wp.com\/www.fazendaboqueiraorn.com.br\/wp-content\/uploads\/2023\/06\/crescimento-populacional-barcelonba-censo2022.png?resize=549%2C268&#038;ssl=1\" alt=\"Barcelona no Censo 2022\" class=\"wp-image-4022\" width=\"549\" height=\"268\" srcset=\"https:\/\/i0.wp.com\/www.fazendaboqueiraorn.com.br\/wp-content\/uploads\/2023\/06\/crescimento-populacional-barcelonba-censo2022.png?w=549&amp;ssl=1 549w, https:\/\/i0.wp.com\/www.fazendaboqueiraorn.com.br\/wp-content\/uploads\/2023\/06\/crescimento-populacional-barcelonba-censo2022.png?resize=300%2C146&amp;ssl=1 300w, https:\/\/i0.wp.com\/www.fazendaboqueiraorn.com.br\/wp-content\/uploads\/2023\/06\/crescimento-populacional-barcelonba-censo2022.png?resize=18%2C9&amp;ssl=1 18w\" sizes=\"auto, (max-width: 549px) 100vw, 549px\" \/><\/figure>\n\n\n\n<p>O munic\u00edpio de Barcelona no Censo 2022 apresentou uma estabiliza\u00e7\u00e3o em sua popula\u00e7\u00e3o, com 3986 habitantes. De acordo com os dados coletados, a cidade conta atualmente com 3.986 habitantes, mantendo-se praticamente est\u00e1vel em rela\u00e7\u00e3o ao censo anterior. Essa estagna\u00e7\u00e3o demogr\u00e1fica traz reflex\u00f5es importantes sobre o desenvolvimento urbano e as pol\u00edticas p\u00fablicas adotadas na regi\u00e3o.<\/p>\n\n\n\n<p>Uma das principais raz\u00f5es para a estabiliza\u00e7\u00e3o populacional em Barcelona pode ser atribu\u00edda a fatores econ\u00f4micos e sociais. Nos \u00faltimos anos, o munic\u00edpio tem enfrentado desafios em rela\u00e7\u00e3o ao crescimento econ\u00f4mico, com a falta de oportunidades de emprego e o \u00eaxodo de jovens em busca de melhores condi\u00e7\u00f5es de vida. Essa din\u00e2mica contribui para um equil\u00edbrio entre o n\u00famero de pessoas que chegam e que saem do munic\u00edpio, mantendo a popula\u00e7\u00e3o praticamente inalterada.Al\u00e9m disso, \u00e9 importante considerar as pol\u00edticas habitacionais. <\/p>\n\n\n\n<p>No entanto, \u00e9 necess\u00e1rio avaliar os impactos dessa estabiliza\u00e7\u00e3o demogr\u00e1fica em longo prazo. Uma popula\u00e7\u00e3o est\u00e1vel pode trazer benef\u00edcios, como uma melhor distribui\u00e7\u00e3o dos recursos e uma menor press\u00e3o sobre os servi\u00e7os p\u00fablicos. Por outro lado, a falta de crescimento populacional tamb\u00e9m pode acarretar em desafios econ\u00f4micos, como a diminui\u00e7\u00e3o do mercado consumidor e a dificuldade de atrair investimentos para a regi\u00e3o.<\/p>\n\n\n\n<p>Em suma, o munic\u00edpio de Barcelona apresentou uma estabiliza\u00e7\u00e3o em sua popula\u00e7\u00e3o de acordo com os resultados do Censo 2022. Esse fen\u00f4meno pode ser atribu\u00eddo a uma combina\u00e7\u00e3o de fatores, incluindo desafios econ\u00f4micos e pol\u00edticas p\u00fablicas relacionadas ao desenvolvimento urbano. \u00c9 essencial monitorar de perto os desdobramentos dessa estabiliza\u00e7\u00e3o, avaliando os seus impactos e planejando estrat\u00e9gias para garantir um desenvolvimento sustent\u00e1vel e pr\u00f3spero para a regi\u00e3o.<\/p>","protected":false},"excerpt":{"rendered":"<p>O munic\u00edpio de Barcelona no Censo 2022 apresentou uma estabiliza\u00e7\u00e3o em sua popula\u00e7\u00e3o, com 3986 habitantes.<\/p>","protected":false},"author":2,"featured_media":4022,"comment_status":"open","ping_status":"open","sticky":false,"template":"","format":"standard","meta":{"nf_dc_page":"","_uag_custom_page_level_css":"","site-sidebar-layout":"default","site-content-layout":"","ast-site-content-layout":"default","site-content-style":"default","site-sidebar-style":"default","ast-global-header-display":"","ast-banner-title-visibility":"","ast-main-header-display":"","ast-hfb-above-header-display":"","ast-hfb-below-header-display":"","ast-hfb-mobile-header-display":"","site-post-title":"","ast-breadcrumbs-content":"","ast-featured-img":"","footer-sml-layout":"","ast-disable-related-posts":"","theme-transparent-header-meta":"","adv-header-id-meta":"","stick-header-meta":"","header-above-stick-meta":"","header-main-stick-meta":"","header-below-stick-meta":"","astra-migrate-meta-layouts":"default","ast-page-background-enabled":"default","ast-page-background-meta":{"desktop":{"background-color":"var(--ast-global-color-4)","background-image":"","background-repeat":"repeat","background-position":"center center","background-size":"auto","background-attachment":"scroll","background-type":"","background-media":"","overlay-type":"","overlay-color":"","overlay-opacity":"","overlay-gradient":""},"tablet":{"background-color":"","background-image":"","background-repeat":"repeat","background-position":"center center","background-size":"auto","background-attachment":"scroll","background-type":"","background-media":"","overlay-type":"","overlay-color":"","overlay-opacity":"","overlay-gradient":""},"mobile":{"background-color":"","background-image":"","background-repeat":"repeat","background-position":"center center","background-size":"auto","background-attachment":"scroll","background-type":"","background-media":"","overlay-type":"","overlay-color":"","overlay-opacity":"","overlay-gradient":""}},"ast-content-background-meta":{"desktop":{"background-color":"var(--ast-global-color-5)","background-image":"","background-repeat":"repeat","background-position":"center center","background-size":"auto","background-attachment":"scroll","background-type":"","background-media":"","overlay-type":"","overlay-color":"","overlay-opacity":"","overlay-gradient":""},"tablet":{"background-color":"var(--ast-global-color-5)","background-image":"","background-repeat":"repeat","background-position":"center center","background-size":"auto","background-attachment":"scroll","background-type":"","background-media":"","overlay-type":"","overlay-color":"","overlay-opacity":"","overlay-gradient":""},"mobile":{"background-color":"var(--ast-global-color-5)","background-image":"","background-repeat":"repeat","background-position":"center center","background-size":"auto","background-attachment":"scroll","background-type":"","background-media":"","overlay-type":"","overlay-color":"","overlay-opacity":"","overlay-gradient":""}},"jetpack_post_was_ever_published":false,"_jetpack_newsletter_access":"","_jetpack_dont_email_post_to_subs":false,"_jetpack_newsletter_tier_id":0,"_jetpack_memberships_contains_paywalled_content":false,"_jetpack_memberships_contains_paid_content":false,"footnotes":"","jetpack_publicize_message":"","jetpack_publicize_feature_enabled":true,"jetpack_social_post_already_shared":false,"jetpack_social_options":{"image_generator_settings":{"template":"highway","default_image_id":0,"font":"","enabled":false},"version":2}},"categories":[1],"tags":[21,13,1125,1126,1127,103,548,211,1137],"class_list":["post-4020","post","type-post","status-publish","format-standard","has-post-thumbnail","hentry","category-noticia","tag-21","tag-barcelona","tag-censo","tag-censo-2022","tag-crescimento-populacional","tag-curso","tag-ibge","tag-mel","tag-politicas-publicas"],"yoast_head":"<!-- This site is optimized with the Yoast SEO plugin v27.4 - https:\/\/yoast.com\/product\/yoast-seo-wordpress\/ -->\n<title>Crescimento populacional de Barcelona no Censo 2022 - Fazenda Boqueir\u00e3o<\/title>\n<meta name=\"description\" content=\"O munic\u00edpio de Barcelona no Censo 2022 apresentou uma estabiliza\u00e7\u00e3o em sua popula\u00e7\u00e3o, com 3986 habitantes.\" \/>\n<meta name=\"robots\" content=\"index, follow, max-snippet:-1, max-image-preview:large, max-video-preview:-1\" \/>\n<link rel=\"canonical\" href=\"https:\/\/www.fazendaboqueiraorn.com.br\/en\/crescimento-populacional-de-barcelona-no-censo-2022\/\" \/>\n<meta property=\"og:locale\" content=\"en_US\" \/>\n<meta property=\"og:type\" content=\"article\" \/>\n<meta property=\"og:title\" content=\"Crescimento populacional de Barcelona no Censo 2022 - Fazenda Boqueir\u00e3o\" \/>\n<meta property=\"og:description\" content=\"O munic\u00edpio de Barcelona no Censo 2022 apresentou uma estabiliza\u00e7\u00e3o em sua popula\u00e7\u00e3o, com 3986 habitantes.\" \/>\n<meta property=\"og:url\" content=\"https:\/\/www.fazendaboqueiraorn.com.br\/en\/crescimento-populacional-de-barcelona-no-censo-2022\/\" \/>\n<meta property=\"og:site_name\" content=\"Fazenda Boqueir\u00e3o\" \/>\n<meta property=\"article:publisher\" content=\"https:\/\/www.facebook.com\/fazboqueirao\" \/>\n<meta property=\"article:published_time\" content=\"2023-06-28T20:17:05+00:00\" \/>\n<meta property=\"article:modified_time\" content=\"2023-06-28T20:25:57+00:00\" \/>\n<meta property=\"og:image\" content=\"https:\/\/www.fazendaboqueiraorn.com.br\/wp-content\/uploads\/2023\/06\/crescimento-populacional-barcelonba-censo2022.png\" \/>\n\t<meta property=\"og:image:width\" content=\"549\" \/>\n\t<meta property=\"og:image:height\" content=\"268\" \/>\n\t<meta property=\"og:image:type\" content=\"image\/png\" \/>\n<meta name=\"author\" content=\"Fazenda Boqueir\u00e3o\" \/>\n<meta name=\"twitter:card\" content=\"summary_large_image\" \/>\n<meta name=\"twitter:creator\" content=\"@FazBoqueirao\" \/>\n<meta name=\"twitter:site\" content=\"@FazBoqueirao\" \/>\n<meta name=\"twitter:label1\" content=\"Written by\" \/>\n\t<meta name=\"twitter:data1\" content=\"Fazenda Boqueir\u00e3o\" \/>\n\t<meta name=\"twitter:label2\" content=\"Est. reading time\" \/>\n\t<meta name=\"twitter:data2\" content=\"2 minutes\" \/>\n<script type=\"application\/ld+json\" class=\"yoast-schema-graph\">{\"@context\":\"https:\\\/\\\/schema.org\",\"@graph\":[{\"@type\":\"Article\",\"@id\":\"https:\\\/\\\/www.fazendaboqueiraorn.com.br\\\/crescimento-populacional-de-barcelona-no-censo-2022\\\/#article\",\"isPartOf\":{\"@id\":\"https:\\\/\\\/www.fazendaboqueiraorn.com.br\\\/crescimento-populacional-de-barcelona-no-censo-2022\\\/\"},\"author\":{\"name\":\"Fazenda Boqueir\u00e3o\",\"@id\":\"https:\\\/\\\/www.fazendaboqueiraorn.com.br\\\/#\\\/schema\\\/person\\\/70484dc96f76e66c6365a9f4a2ebfb02\"},\"headline\":\"Crescimento populacional de Barcelona no Censo 2022\",\"datePublished\":\"2023-06-28T20:17:05+00:00\",\"dateModified\":\"2023-06-28T20:25:57+00:00\",\"mainEntityOfPage\":{\"@id\":\"https:\\\/\\\/www.fazendaboqueiraorn.com.br\\\/crescimento-populacional-de-barcelona-no-censo-2022\\\/\"},\"wordCount\":316,\"commentCount\":0,\"publisher\":{\"@id\":\"https:\\\/\\\/www.fazendaboqueiraorn.com.br\\\/#organization\"},\"image\":{\"@id\":\"https:\\\/\\\/www.fazendaboqueiraorn.com.br\\\/crescimento-populacional-de-barcelona-no-censo-2022\\\/#primaryimage\"},\"thumbnailUrl\":\"https:\\\/\\\/i0.wp.com\\\/www.fazendaboqueiraorn.com.br\\\/wp-content\\\/uploads\\\/2023\\\/06\\\/crescimento-populacional-barcelonba-censo2022.png?fit=549%2C268&ssl=1\",\"keywords\":[\"2022\",\"Barcelona\",\"censo\",\"censo 2022\",\"crescimento populacional\",\"curso\",\"IBGE\",\"mel\",\"pol\u00edticas p\u00fablicas\"],\"articleSection\":[\"Not\u00edcias\"],\"inLanguage\":\"en-US\",\"potentialAction\":[{\"@type\":\"CommentAction\",\"name\":\"Comment\",\"target\":[\"https:\\\/\\\/www.fazendaboqueiraorn.com.br\\\/crescimento-populacional-de-barcelona-no-censo-2022\\\/#respond\"]}]},{\"@type\":\"WebPage\",\"@id\":\"https:\\\/\\\/www.fazendaboqueiraorn.com.br\\\/crescimento-populacional-de-barcelona-no-censo-2022\\\/\",\"url\":\"https:\\\/\\\/www.fazendaboqueiraorn.com.br\\\/crescimento-populacional-de-barcelona-no-censo-2022\\\/\",\"name\":\"Crescimento populacional de Barcelona no Censo 2022 - Fazenda Boqueir\u00e3o\",\"isPartOf\":{\"@id\":\"https:\\\/\\\/www.fazendaboqueiraorn.com.br\\\/#website\"},\"primaryImageOfPage\":{\"@id\":\"https:\\\/\\\/www.fazendaboqueiraorn.com.br\\\/crescimento-populacional-de-barcelona-no-censo-2022\\\/#primaryimage\"},\"image\":{\"@id\":\"https:\\\/\\\/www.fazendaboqueiraorn.com.br\\\/crescimento-populacional-de-barcelona-no-censo-2022\\\/#primaryimage\"},\"thumbnailUrl\":\"https:\\\/\\\/i0.wp.com\\\/www.fazendaboqueiraorn.com.br\\\/wp-content\\\/uploads\\\/2023\\\/06\\\/crescimento-populacional-barcelonba-censo2022.png?fit=549%2C268&ssl=1\",\"datePublished\":\"2023-06-28T20:17:05+00:00\",\"dateModified\":\"2023-06-28T20:25:57+00:00\",\"description\":\"O munic\u00edpio de Barcelona no Censo 2022 apresentou uma estabiliza\u00e7\u00e3o em sua popula\u00e7\u00e3o, com 3986 habitantes.\",\"breadcrumb\":{\"@id\":\"https:\\\/\\\/www.fazendaboqueiraorn.com.br\\\/crescimento-populacional-de-barcelona-no-censo-2022\\\/#breadcrumb\"},\"inLanguage\":\"en-US\",\"potentialAction\":[{\"@type\":\"ReadAction\",\"target\":[\"https:\\\/\\\/www.fazendaboqueiraorn.com.br\\\/crescimento-populacional-de-barcelona-no-censo-2022\\\/\"]}]},{\"@type\":\"ImageObject\",\"inLanguage\":\"en-US\",\"@id\":\"https:\\\/\\\/www.fazendaboqueiraorn.com.br\\\/crescimento-populacional-de-barcelona-no-censo-2022\\\/#primaryimage\",\"url\":\"https:\\\/\\\/i0.wp.com\\\/www.fazendaboqueiraorn.com.br\\\/wp-content\\\/uploads\\\/2023\\\/06\\\/crescimento-populacional-barcelonba-censo2022.png?fit=549%2C268&ssl=1\",\"contentUrl\":\"https:\\\/\\\/i0.wp.com\\\/www.fazendaboqueiraorn.com.br\\\/wp-content\\\/uploads\\\/2023\\\/06\\\/crescimento-populacional-barcelonba-censo2022.png?fit=549%2C268&ssl=1\",\"width\":549,\"height\":268,\"caption\":\"Barcelona no Censo 2022\"},{\"@type\":\"BreadcrumbList\",\"@id\":\"https:\\\/\\\/www.fazendaboqueiraorn.com.br\\\/crescimento-populacional-de-barcelona-no-censo-2022\\\/#breadcrumb\",\"itemListElement\":[{\"@type\":\"ListItem\",\"position\":1,\"name\":\"Home\",\"item\":\"https:\\\/\\\/www.fazendaboqueiraorn.com.br\\\/\"},{\"@type\":\"ListItem\",\"position\":2,\"name\":\"Crescimento populacional de Barcelona no Censo 2022\"}]},{\"@type\":\"WebSite\",\"@id\":\"https:\\\/\\\/www.fazendaboqueiraorn.com.br\\\/#website\",\"url\":\"https:\\\/\\\/www.fazendaboqueiraorn.com.br\\\/\",\"name\":\"Fazenda Boqueir\u00e3o\",\"description\":\"\",\"publisher\":{\"@id\":\"https:\\\/\\\/www.fazendaboqueiraorn.com.br\\\/#organization\"},\"potentialAction\":[{\"@type\":\"SearchAction\",\"target\":{\"@type\":\"EntryPoint\",\"urlTemplate\":\"https:\\\/\\\/www.fazendaboqueiraorn.com.br\\\/?s={search_term_string}\"},\"query-input\":{\"@type\":\"PropertyValueSpecification\",\"valueRequired\":true,\"valueName\":\"search_term_string\"}}],\"inLanguage\":\"en-US\"},{\"@type\":\"Organization\",\"@id\":\"https:\\\/\\\/www.fazendaboqueiraorn.com.br\\\/#organization\",\"name\":\"Fazenda Boqueir\u00e3o\",\"url\":\"https:\\\/\\\/www.fazendaboqueiraorn.com.br\\\/\",\"logo\":{\"@type\":\"ImageObject\",\"inLanguage\":\"en-US\",\"@id\":\"https:\\\/\\\/www.fazendaboqueiraorn.com.br\\\/#\\\/schema\\\/logo\\\/image\\\/\",\"url\":\"https:\\\/\\\/i0.wp.com\\\/www.fazendaboqueiraorn.com.br\\\/wp-content\\\/uploads\\\/2021\\\/08\\\/logo-fazenda-120x120-1.png?fit=120%2C120&ssl=1\",\"contentUrl\":\"https:\\\/\\\/i0.wp.com\\\/www.fazendaboqueiraorn.com.br\\\/wp-content\\\/uploads\\\/2021\\\/08\\\/logo-fazenda-120x120-1.png?fit=120%2C120&ssl=1\",\"width\":120,\"height\":120,\"caption\":\"Fazenda Boqueir\u00e3o\"},\"image\":{\"@id\":\"https:\\\/\\\/www.fazendaboqueiraorn.com.br\\\/#\\\/schema\\\/logo\\\/image\\\/\"},\"sameAs\":[\"https:\\\/\\\/www.facebook.com\\\/fazboqueirao\",\"https:\\\/\\\/x.com\\\/FazBoqueirao\",\"http:\\\/\\\/instagram.com\\\/fazboqueirao\\\/\",\"https:\\\/\\\/www.linkedin.com\\\/company\\\/fazboqueirao\\\/\",\"https:\\\/\\\/www.youtube.com\\\/channel\\\/UCUA4_8v8HkmMeNUh8c6Ky1Q\"]},{\"@type\":\"Person\",\"@id\":\"https:\\\/\\\/www.fazendaboqueiraorn.com.br\\\/#\\\/schema\\\/person\\\/70484dc96f76e66c6365a9f4a2ebfb02\",\"name\":\"Fazenda Boqueir\u00e3o\",\"image\":{\"@type\":\"ImageObject\",\"inLanguage\":\"en-US\",\"@id\":\"https:\\\/\\\/secure.gravatar.com\\\/avatar\\\/19f19467ae305ded5d913deae2fb6c6f29fe88a0a7f3a4dca5679407289a9efd?s=96&d=mm&r=g\",\"url\":\"https:\\\/\\\/secure.gravatar.com\\\/avatar\\\/19f19467ae305ded5d913deae2fb6c6f29fe88a0a7f3a4dca5679407289a9efd?s=96&d=mm&r=g\",\"contentUrl\":\"https:\\\/\\\/secure.gravatar.com\\\/avatar\\\/19f19467ae305ded5d913deae2fb6c6f29fe88a0a7f3a4dca5679407289a9efd?s=96&d=mm&r=g\",\"caption\":\"Fazenda Boqueir\u00e3o\"},\"url\":\"https:\\\/\\\/www.fazendaboqueiraorn.com.br\\\/en\\\/author\\\/fazenda\\\/\"}]}<\/script>\n<!-- \/ Yoast SEO plugin. -->","yoast_head_json":{"title":"Crescimento populacional de Barcelona no Censo 2022 - Fazenda Boqueir\u00e3o","description":"O munic\u00edpio de Barcelona no Censo 2022 apresentou uma estabiliza\u00e7\u00e3o em sua popula\u00e7\u00e3o, com 3986 habitantes.","robots":{"index":"index","follow":"follow","max-snippet":"max-snippet:-1","max-image-preview":"max-image-preview:large","max-video-preview":"max-video-preview:-1"},"canonical":"https:\/\/www.fazendaboqueiraorn.com.br\/en\/crescimento-populacional-de-barcelona-no-censo-2022\/","og_locale":"en_US","og_type":"article","og_title":"Crescimento populacional de Barcelona no Censo 2022 - Fazenda Boqueir\u00e3o","og_description":"O munic\u00edpio de Barcelona no Censo 2022 apresentou uma estabiliza\u00e7\u00e3o em sua popula\u00e7\u00e3o, com 3986 habitantes.","og_url":"https:\/\/www.fazendaboqueiraorn.com.br\/en\/crescimento-populacional-de-barcelona-no-censo-2022\/","og_site_name":"Fazenda Boqueir\u00e3o","article_publisher":"https:\/\/www.facebook.com\/fazboqueirao","article_published_time":"2023-06-28T20:17:05+00:00","article_modified_time":"2023-06-28T20:25:57+00:00","og_image":[{"width":549,"height":268,"url":"https:\/\/www.fazendaboqueiraorn.com.br\/wp-content\/uploads\/2023\/06\/crescimento-populacional-barcelonba-censo2022.png","type":"image\/png"}],"author":"Fazenda Boqueir\u00e3o","twitter_card":"summary_large_image","twitter_creator":"@FazBoqueirao","twitter_site":"@FazBoqueirao","twitter_misc":{"Written by":"Fazenda Boqueir\u00e3o","Est. reading time":"2 minutes"},"schema":{"@context":"https:\/\/schema.org","@graph":[{"@type":"Article","@id":"https:\/\/www.fazendaboqueiraorn.com.br\/crescimento-populacional-de-barcelona-no-censo-2022\/#article","isPartOf":{"@id":"https:\/\/www.fazendaboqueiraorn.com.br\/crescimento-populacional-de-barcelona-no-censo-2022\/"},"author":{"name":"Fazenda Boqueir\u00e3o","@id":"https:\/\/www.fazendaboqueiraorn.com.br\/#\/schema\/person\/70484dc96f76e66c6365a9f4a2ebfb02"},"headline":"Crescimento populacional de Barcelona no Censo 2022","datePublished":"2023-06-28T20:17:05+00:00","dateModified":"2023-06-28T20:25:57+00:00","mainEntityOfPage":{"@id":"https:\/\/www.fazendaboqueiraorn.com.br\/crescimento-populacional-de-barcelona-no-censo-2022\/"},"wordCount":316,"commentCount":0,"publisher":{"@id":"https:\/\/www.fazendaboqueiraorn.com.br\/#organization"},"image":{"@id":"https:\/\/www.fazendaboqueiraorn.com.br\/crescimento-populacional-de-barcelona-no-censo-2022\/#primaryimage"},"thumbnailUrl":"https:\/\/i0.wp.com\/www.fazendaboqueiraorn.com.br\/wp-content\/uploads\/2023\/06\/crescimento-populacional-barcelonba-censo2022.png?fit=549%2C268&ssl=1","keywords":["2022","Barcelona","censo","censo 2022","crescimento populacional","curso","IBGE","mel","pol\u00edticas p\u00fablicas"],"articleSection":["Not\u00edcias"],"inLanguage":"en-US","potentialAction":[{"@type":"CommentAction","name":"Comment","target":["https:\/\/www.fazendaboqueiraorn.com.br\/crescimento-populacional-de-barcelona-no-censo-2022\/#respond"]}]},{"@type":"WebPage","@id":"https:\/\/www.fazendaboqueiraorn.com.br\/crescimento-populacional-de-barcelona-no-censo-2022\/","url":"https:\/\/www.fazendaboqueiraorn.com.br\/crescimento-populacional-de-barcelona-no-censo-2022\/","name":"Crescimento populacional de Barcelona no Censo 2022 - Fazenda Boqueir\u00e3o","isPartOf":{"@id":"https:\/\/www.fazendaboqueiraorn.com.br\/#website"},"primaryImageOfPage":{"@id":"https:\/\/www.fazendaboqueiraorn.com.br\/crescimento-populacional-de-barcelona-no-censo-2022\/#primaryimage"},"image":{"@id":"https:\/\/www.fazendaboqueiraorn.com.br\/crescimento-populacional-de-barcelona-no-censo-2022\/#primaryimage"},"thumbnailUrl":"https:\/\/i0.wp.com\/www.fazendaboqueiraorn.com.br\/wp-content\/uploads\/2023\/06\/crescimento-populacional-barcelonba-censo2022.png?fit=549%2C268&ssl=1","datePublished":"2023-06-28T20:17:05+00:00","dateModified":"2023-06-28T20:25:57+00:00","description":"O munic\u00edpio de Barcelona no Censo 2022 apresentou uma estabiliza\u00e7\u00e3o em sua popula\u00e7\u00e3o, com 3986 habitantes.","breadcrumb":{"@id":"https:\/\/www.fazendaboqueiraorn.com.br\/crescimento-populacional-de-barcelona-no-censo-2022\/#breadcrumb"},"inLanguage":"en-US","potentialAction":[{"@type":"ReadAction","target":["https:\/\/www.fazendaboqueiraorn.com.br\/crescimento-populacional-de-barcelona-no-censo-2022\/"]}]},{"@type":"ImageObject","inLanguage":"en-US","@id":"https:\/\/www.fazendaboqueiraorn.com.br\/crescimento-populacional-de-barcelona-no-censo-2022\/#primaryimage","url":"https:\/\/i0.wp.com\/www.fazendaboqueiraorn.com.br\/wp-content\/uploads\/2023\/06\/crescimento-populacional-barcelonba-censo2022.png?fit=549%2C268&ssl=1","contentUrl":"https:\/\/i0.wp.com\/www.fazendaboqueiraorn.com.br\/wp-content\/uploads\/2023\/06\/crescimento-populacional-barcelonba-censo2022.png?fit=549%2C268&ssl=1","width":549,"height":268,"caption":"Barcelona no Censo 2022"},{"@type":"BreadcrumbList","@id":"https:\/\/www.fazendaboqueiraorn.com.br\/crescimento-populacional-de-barcelona-no-censo-2022\/#breadcrumb","itemListElement":[{"@type":"ListItem","position":1,"name":"Home","item":"https:\/\/www.fazendaboqueiraorn.com.br\/"},{"@type":"ListItem","position":2,"name":"Crescimento populacional de Barcelona no Censo 2022"}]},{"@type":"WebSite","@id":"https:\/\/www.fazendaboqueiraorn.com.br\/#website","url":"https:\/\/www.fazendaboqueiraorn.com.br\/","name":"Fazenda Boqueir\u00e3o","description":"","publisher":{"@id":"https:\/\/www.fazendaboqueiraorn.com.br\/#organization"},"potentialAction":[{"@type":"SearchAction","target":{"@type":"EntryPoint","urlTemplate":"https:\/\/www.fazendaboqueiraorn.com.br\/?s={search_term_string}"},"query-input":{"@type":"PropertyValueSpecification","valueRequired":true,"valueName":"search_term_string"}}],"inLanguage":"en-US"},{"@type":"Organization","@id":"https:\/\/www.fazendaboqueiraorn.com.br\/#organization","name":"Fazenda Boqueir\u00e3o","url":"https:\/\/www.fazendaboqueiraorn.com.br\/","logo":{"@type":"ImageObject","inLanguage":"en-US","@id":"https:\/\/www.fazendaboqueiraorn.com.br\/#\/schema\/logo\/image\/","url":"https:\/\/i0.wp.com\/www.fazendaboqueiraorn.com.br\/wp-content\/uploads\/2021\/08\/logo-fazenda-120x120-1.png?fit=120%2C120&ssl=1","contentUrl":"https:\/\/i0.wp.com\/www.fazendaboqueiraorn.com.br\/wp-content\/uploads\/2021\/08\/logo-fazenda-120x120-1.png?fit=120%2C120&ssl=1","width":120,"height":120,"caption":"Fazenda Boqueir\u00e3o"},"image":{"@id":"https:\/\/www.fazendaboqueiraorn.com.br\/#\/schema\/logo\/image\/"},"sameAs":["https:\/\/www.facebook.com\/fazboqueirao","https:\/\/x.com\/FazBoqueirao","http:\/\/instagram.com\/fazboqueirao\/","https:\/\/www.linkedin.com\/company\/fazboqueirao\/","https:\/\/www.youtube.com\/channel\/UCUA4_8v8HkmMeNUh8c6Ky1Q"]},{"@type":"Person","@id":"https:\/\/www.fazendaboqueiraorn.com.br\/#\/schema\/person\/70484dc96f76e66c6365a9f4a2ebfb02","name":"Fazenda Boqueir\u00e3o","image":{"@type":"ImageObject","inLanguage":"en-US","@id":"https:\/\/secure.gravatar.com\/avatar\/19f19467ae305ded5d913deae2fb6c6f29fe88a0a7f3a4dca5679407289a9efd?s=96&d=mm&r=g","url":"https:\/\/secure.gravatar.com\/avatar\/19f19467ae305ded5d913deae2fb6c6f29fe88a0a7f3a4dca5679407289a9efd?s=96&d=mm&r=g","contentUrl":"https:\/\/secure.gravatar.com\/avatar\/19f19467ae305ded5d913deae2fb6c6f29fe88a0a7f3a4dca5679407289a9efd?s=96&d=mm&r=g","caption":"Fazenda Boqueir\u00e3o"},"url":"https:\/\/www.fazendaboqueiraorn.com.br\/en\/author\/fazenda\/"}]}},"jetpack_publicize_connections":[],"uagb_featured_image_src":{"full":["https:\/\/i0.wp.com\/www.fazendaboqueiraorn.com.br\/wp-content\/uploads\/2023\/06\/crescimento-populacional-barcelonba-censo2022.png?fit=549%2C268&ssl=1",549,268,false],"thumbnail":["https:\/\/i0.wp.com\/www.fazendaboqueiraorn.com.br\/wp-content\/uploads\/2023\/06\/crescimento-populacional-barcelonba-censo2022.png?resize=150%2C150&ssl=1",150,150,true],"medium":["https:\/\/i0.wp.com\/www.fazendaboqueiraorn.com.br\/wp-content\/uploads\/2023\/06\/crescimento-populacional-barcelonba-censo2022.png?fit=300%2C146&ssl=1",300,146,true],"medium_large":["https:\/\/i0.wp.com\/www.fazendaboqueiraorn.com.br\/wp-content\/uploads\/2023\/06\/crescimento-populacional-barcelonba-censo2022.png?fit=549%2C268&ssl=1",549,268,true],"large":["https:\/\/i0.wp.com\/www.fazendaboqueiraorn.com.br\/wp-content\/uploads\/2023\/06\/crescimento-populacional-barcelonba-censo2022.png?fit=549%2C268&ssl=1",549,268,true],"1536x1536":["https:\/\/i0.wp.com\/www.fazendaboqueiraorn.com.br\/wp-content\/uploads\/2023\/06\/crescimento-populacional-barcelonba-censo2022.png?fit=549%2C268&ssl=1",549,268,true],"2048x2048":["https:\/\/i0.wp.com\/www.fazendaboqueiraorn.com.br\/wp-content\/uploads\/2023\/06\/crescimento-populacional-barcelonba-censo2022.png?fit=549%2C268&ssl=1",549,268,true],"trp-custom-language-flag":["https:\/\/i0.wp.com\/www.fazendaboqueiraorn.com.br\/wp-content\/uploads\/2023\/06\/crescimento-populacional-barcelonba-censo2022.png?fit=18%2C9&ssl=1",18,9,true],"ultp_layout_landscape_large":["https:\/\/i0.wp.com\/www.fazendaboqueiraorn.com.br\/wp-content\/uploads\/2023\/06\/crescimento-populacional-barcelonba-censo2022.png?resize=549%2C268&ssl=1",549,268,true],"ultp_layout_landscape":["https:\/\/i0.wp.com\/www.fazendaboqueiraorn.com.br\/wp-content\/uploads\/2023\/06\/crescimento-populacional-barcelonba-censo2022.png?resize=549%2C268&ssl=1",549,268,true],"ultp_layout_portrait":["https:\/\/i0.wp.com\/www.fazendaboqueiraorn.com.br\/wp-content\/uploads\/2023\/06\/crescimento-populacional-barcelonba-censo2022.png?resize=549%2C268&ssl=1",549,268,true],"ultp_layout_square":["https:\/\/i0.wp.com\/www.fazendaboqueiraorn.com.br\/wp-content\/uploads\/2023\/06\/crescimento-populacional-barcelonba-censo2022.png?resize=549%2C268&ssl=1",549,268,true],"woocommerce_thumbnail":["https:\/\/www.fazendaboqueiraorn.com.br\/wp-content\/uploads\/2023\/06\/crescimento-populacional-barcelonba-censo2022-300x268.png",300,268,true],"woocommerce_single":["https:\/\/www.fazendaboqueiraorn.com.br\/wp-content\/uploads\/2023\/06\/crescimento-populacional-barcelonba-censo2022.png",549,268,false],"woocommerce_gallery_thumbnail":["https:\/\/www.fazendaboqueiraorn.com.br\/wp-content\/uploads\/2023\/06\/crescimento-populacional-barcelonba-censo2022-100x100.png",100,100,true],"web-stories-poster-portrait":["https:\/\/www.fazendaboqueiraorn.com.br\/wp-content\/uploads\/2023\/06\/crescimento-populacional-barcelonba-censo2022.png",549,268,false],"web-stories-publisher-logo":["https:\/\/www.fazendaboqueiraorn.com.br\/wp-content\/uploads\/2023\/06\/crescimento-populacional-barcelonba-censo2022.png",96,47,false],"web-stories-thumbnail":["https:\/\/www.fazendaboqueiraorn.com.br\/wp-content\/uploads\/2023\/06\/crescimento-populacional-barcelonba-censo2022.png",150,73,false]},"uagb_author_info":{"display_name":"Fazenda Boqueir\u00e3o","author_link":"https:\/\/www.fazendaboqueiraorn.com.br\/en\/author\/fazenda\/"},"uagb_comment_info":0,"uagb_excerpt":"O munic\u00edpio de Barcelona no Censo 2022 apresentou uma estabiliza\u00e7\u00e3o em sua popula\u00e7\u00e3o, com 3986 habitantes.","jetpack_featured_media_url":"https:\/\/i0.wp.com\/www.fazendaboqueiraorn.com.br\/wp-content\/uploads\/2023\/06\/crescimento-populacional-barcelonba-censo2022.png?fit=549%2C268&ssl=1","jetpack_sharing_enabled":true,"jetpack_likes_enabled":true,"_links":{"self":[{"href":"https:\/\/www.fazendaboqueiraorn.com.br\/en\/wp-json\/wp\/v2\/posts\/4020","targetHints":{"allow":["GET"]}}],"collection":[{"href":"https:\/\/www.fazendaboqueiraorn.com.br\/en\/wp-json\/wp\/v2\/posts"}],"about":[{"href":"https:\/\/www.fazendaboqueiraorn.com.br\/en\/wp-json\/wp\/v2\/types\/post"}],"author":[{"embeddable":true,"href":"https:\/\/www.fazendaboqueiraorn.com.br\/en\/wp-json\/wp\/v2\/users\/2"}],"replies":[{"embeddable":true,"href":"https:\/\/www.fazendaboqueiraorn.com.br\/en\/wp-json\/wp\/v2\/comments?post=4020"}],"version-history":[{"count":2,"href":"https:\/\/www.fazendaboqueiraorn.com.br\/en\/wp-json\/wp\/v2\/posts\/4020\/revisions"}],"predecessor-version":[{"id":4030,"href":"https:\/\/www.fazendaboqueiraorn.com.br\/en\/wp-json\/wp\/v2\/posts\/4020\/revisions\/4030"}],"wp:featuredmedia":[{"embeddable":true,"href":"https:\/\/www.fazendaboqueiraorn.com.br\/en\/wp-json\/wp\/v2\/media\/4022"}],"wp:attachment":[{"href":"https:\/\/www.fazendaboqueiraorn.com.br\/en\/wp-json\/wp\/v2\/media?parent=4020"}],"wp:term":[{"taxonomy":"category","embeddable":true,"href":"https:\/\/www.fazendaboqueiraorn.com.br\/en\/wp-json\/wp\/v2\/categories?post=4020"},{"taxonomy":"post_tag","embeddable":true,"href":"https:\/\/www.fazendaboqueiraorn.com.br\/en\/wp-json\/wp\/v2\/tags?post=4020"}],"curies":[{"name":"wp","href":"https:\/\/api.w.org\/{rel}","templated":true}]}}