{"id":3993,"date":"2023-06-18T23:35:50","date_gmt":"2023-06-19T02:35:50","guid":{"rendered":"https:\/\/www.fazendaboqueiraorn.com.br\/?p=3993"},"modified":"2024-10-30T09:55:15","modified_gmt":"2024-10-30T12:55:15","slug":"a-importancia-da-poda-dos-chifres-no-rebanho-bovino","status":"publish","type":"post","link":"https:\/\/www.fazendaboqueiraorn.com.br\/en\/a-importancia-da-poda-dos-chifres-no-rebanho-bovino\/","title":{"rendered":"A Import\u00e2ncia da Poda dos Chifres no Rebanho Bovino"},"content":{"rendered":"<figure class=\"wp-block-image alignright size-full\"><img data-recalc-dims=\"1\" decoding=\"async\" width=\"358\" height=\"310\" loading=\"lazy\" src=\"https:\/\/i0.wp.com\/www.fazendaboqueiraorn.com.br\/wp-content\/uploads\/2023\/06\/aparando-os-chifres.jpg?resize=358%2C310&#038;ssl=1\" alt=\"Poda dos chifres\" class=\"wp-image-4003\" srcset=\"https:\/\/i0.wp.com\/www.fazendaboqueiraorn.com.br\/wp-content\/uploads\/2023\/06\/aparando-os-chifres.jpg?w=358&amp;ssl=1 358w, https:\/\/i0.wp.com\/www.fazendaboqueiraorn.com.br\/wp-content\/uploads\/2023\/06\/aparando-os-chifres.jpg?resize=300%2C260&amp;ssl=1 300w, https:\/\/i0.wp.com\/www.fazendaboqueiraorn.com.br\/wp-content\/uploads\/2023\/06\/aparando-os-chifres.jpg?resize=14%2C12&amp;ssl=1 14w\" sizes=\"auto, (max-width: 358px) 100vw, 358px\" \/><\/figure>\n\n\n\n<p>Hoje vamos falar sobre um assunto de extrema import\u00e2ncia na cria\u00e7\u00e3o de bovinos: a poda dos chifres. Na Fazenda Boqueir\u00e3o, entendemos que esse procedimento \u00e9 fundamental para garantir o bem-estar e a seguran\u00e7a de nossos animais, al\u00e9m de facilitar o manejo do rebanho. Neste artigo, vamos explorar a relev\u00e2ncia dessa pr\u00e1tica e como ela contribui para uma agropecu\u00e1ria mais respons\u00e1vel e eficiente.<\/p>\n\n\n\n<p>A poda dos chifres consiste na remo\u00e7\u00e3o controlada do crescimento dos chifres dos bovinos. Esse processo \u00e9 realizado de forma cuidadosa, levando em considera\u00e7\u00e3o a idade do animal e utilizando as ferramentas adequadas. \u00c9 importante ressaltar que a poda deve ser feita por profissionais experientes e seguindo as boas pr\u00e1ticas de bem-estar animal.<\/p>\n\n\n\n<p>Um dos principais motivos para realizar a poda dos chifres \u00e9 a seguran\u00e7a, tanto para os animais quanto para os trabalhadores envolvidos no manejo do rebanho. Os chifres podem representar um risco de ferimentos graves, tanto para outros animais como para os humanos. Ao remover os chifres, reduzimos significativamente a probabilidade de acidentes, garantindo um ambiente mais seguro para todos.<\/p>\n\n\n\n<figure class=\"wp-block-image aligncenter size-large\"><img data-recalc-dims=\"1\" decoding=\"async\" width=\"576\" height=\"1024\" loading=\"lazy\" src=\"https:\/\/i0.wp.com\/www.fazendaboqueiraorn.com.br\/wp-content\/uploads\/2024\/10\/img-20241030-wa00048717392770101045272.jpg?resize=576%2C1024&#038;ssl=1\" alt=\"Poda de chifre\" class=\"wp-image-5915\" srcset=\"https:\/\/i0.wp.com\/www.fazendaboqueiraorn.com.br\/wp-content\/uploads\/2024\/10\/img-20241030-wa00048717392770101045272-scaled.jpg?resize=576%2C1024&amp;ssl=1 576w, https:\/\/i0.wp.com\/www.fazendaboqueiraorn.com.br\/wp-content\/uploads\/2024\/10\/img-20241030-wa00048717392770101045272-scaled.jpg?resize=169%2C300&amp;ssl=1 169w, https:\/\/i0.wp.com\/www.fazendaboqueiraorn.com.br\/wp-content\/uploads\/2024\/10\/img-20241030-wa00048717392770101045272-scaled.jpg?resize=7%2C12&amp;ssl=1 7w, https:\/\/i0.wp.com\/www.fazendaboqueiraorn.com.br\/wp-content\/uploads\/2024\/10\/img-20241030-wa00048717392770101045272-scaled.jpg?resize=600%2C1067&amp;ssl=1 600w, https:\/\/i0.wp.com\/www.fazendaboqueiraorn.com.br\/wp-content\/uploads\/2024\/10\/img-20241030-wa00048717392770101045272-scaled.jpg?resize=150%2C267&amp;ssl=1 150w, https:\/\/i0.wp.com\/www.fazendaboqueiraorn.com.br\/wp-content\/uploads\/2024\/10\/img-20241030-wa00048717392770101045272-scaled.jpg?w=563&amp;ssl=1 563w\" sizes=\"auto, (max-width: 576px) 100vw, 576px\" \/><figcaption class=\"wp-element-caption\">Animal amarrado no mour\u00e3o <\/figcaption><\/figure>\n\n\n\n<p>Al\u00e9m da quest\u00e3o da seguran\u00e7a, a poda dos chifres traz benef\u00edcios adicionais para o rebanho. Ao realizar esse procedimento, diminu\u00edmos o risco de agressividade entre os animais, uma vez que os chifres s\u00e3o uma importante arma de defesa. Com a retirada dos chifres, promovemos um ambiente mais pac\u00edfico e harmonioso, evitando brigas e les\u00f5es desnecess\u00e1rias.<\/p>\n\n\n\n<p>Outro ponto relevante \u00e9 a facilidade de manejo proporcionada pela poda dos chifres. Com os chifres removidos, fica mais simples conduzir os bovinos em corredores, bretes e \u00e1reas de conten\u00e7\u00e3o. Isso agiliza as tarefas cotidianas, como vacina\u00e7\u00f5es, exames veterin\u00e1rios e transporte dos animais. O manejo se torna mais eficiente, reduzindo o estresse tanto para os animais quanto para os vaqueiros.<\/p>\n\n\n\n<figure class=\"wp-block-embed is-type-video is-provider-youtube wp-block-embed-youtube wp-embed-aspect-16-9 wp-has-aspect-ratio\"><div class=\"wp-block-embed__wrapper\">\n<iframe loading=\"lazy\" title=\"Vaqueiros na Fazenda Boqueir\u00e3o: Poda dos Chifres de Garrote no Brete do Curral!\" width=\"500\" height=\"281\" src=\"https:\/\/www.youtube.com\/embed\/nWmJGYNOepQ?feature=oembed\" frameborder=\"0\" allow=\"accelerometer; autoplay; clipboard-write; encrypted-media; gyroscope; picture-in-picture; web-share\" referrerpolicy=\"strict-origin-when-cross-origin\" allowfullscreen><\/iframe>\n<\/div><\/figure>\n\n\n\n<p>\u00c9 importante ressaltar que a poda dos chifres deve ser realizada de forma respons\u00e1vel e respeitando o bem-estar animal. O procedimento deve ser feito por profissionais capacitados, seguindo protocolos adequados e minimizando qualquer desconforto para os bovinos. Cuidados p\u00f3s-poda tamb\u00e9m s\u00e3o essenciais para garantir uma r\u00e1pida recupera\u00e7\u00e3o dos animais.<\/p>\n\n\n\n<p>Na Fazenda Boqueir\u00e3o, temos orgulho de cuidar de nosso rebanho com dedica\u00e7\u00e3o e respeito. A poda dos chifres faz parte de nosso compromisso em manter um ambiente seguro e harmonioso para nossos animais, proporcionando condi\u00e7\u00f5es ideais para seu desenvolvimento saud\u00e1vel.<\/p>\n\n\n\n<p>Esperamos que este artigo tenha esclarecido a import\u00e2ncia da poda dos chifres no rebanho bovino. Se voc\u00ea tem interesse no universo agropecu\u00e1rio, n\u00e3o deixe de acompanhar nosso blog para mais informa\u00e7\u00f5es<\/p>","protected":false},"excerpt":{"rendered":"<p>A poda dos chifres consiste na remo\u00e7\u00e3o controlada do crescimento dos chifres dos bovinos. Esse processo \u00e9 realizado de forma cuidadosa, levando em considera\u00e7\u00e3o a idade do animal e utilizando as ferramentas adequadas. <\/p>","protected":false},"author":2,"featured_media":4003,"comment_status":"open","ping_status":"open","sticky":false,"template":"","format":"standard","meta":{"nf_dc_page":"","_uag_custom_page_level_css":"","site-sidebar-layout":"default","site-content-layout":"","ast-site-content-layout":"default","site-content-style":"default","site-sidebar-style":"default","ast-global-header-display":"","ast-banner-title-visibility":"","ast-main-header-display":"","ast-hfb-above-header-display":"","ast-hfb-below-header-display":"","ast-hfb-mobile-header-display":"","site-post-title":"","ast-breadcrumbs-content":"","ast-featured-img":"","footer-sml-layout":"","ast-disable-related-posts":"","theme-transparent-header-meta":"","adv-header-id-meta":"","stick-header-meta":"","header-above-stick-meta":"","header-main-stick-meta":"","header-below-stick-meta":"","astra-migrate-meta-layouts":"default","ast-page-background-enabled":"default","ast-page-background-meta":{"desktop":{"background-color":"var(--ast-global-color-4)","background-image":"","background-repeat":"repeat","background-position":"center center","background-size":"auto","background-attachment":"scroll","background-type":"","background-media":"","overlay-type":"","overlay-color":"","overlay-opacity":"","overlay-gradient":""},"tablet":{"background-color":"","background-image":"","background-repeat":"repeat","background-position":"center center","background-size":"auto","background-attachment":"scroll","background-type":"","background-media":"","overlay-type":"","overlay-color":"","overlay-opacity":"","overlay-gradient":""},"mobile":{"background-color":"","background-image":"","background-repeat":"repeat","background-position":"center center","background-size":"auto","background-attachment":"scroll","background-type":"","background-media":"","overlay-type":"","overlay-color":"","overlay-opacity":"","overlay-gradient":""}},"ast-content-background-meta":{"desktop":{"background-color":"var(--ast-global-color-5)","background-image":"","background-repeat":"repeat","background-position":"center center","background-size":"auto","background-attachment":"scroll","background-type":"","background-media":"","overlay-type":"","overlay-color":"","overlay-opacity":"","overlay-gradient":""},"tablet":{"background-color":"var(--ast-global-color-5)","background-image":"","background-repeat":"repeat","background-position":"center center","background-size":"auto","background-attachment":"scroll","background-type":"","background-media":"","overlay-type":"","overlay-color":"","overlay-opacity":"","overlay-gradient":""},"mobile":{"background-color":"var(--ast-global-color-5)","background-image":"","background-repeat":"repeat","background-position":"center center","background-size":"auto","background-attachment":"scroll","background-type":"","background-media":"","overlay-type":"","overlay-color":"","overlay-opacity":"","overlay-gradient":""}},"jetpack_post_was_ever_published":false,"_jetpack_newsletter_access":"","_jetpack_dont_email_post_to_subs":false,"_jetpack_newsletter_tier_id":0,"_jetpack_memberships_contains_paywalled_content":false,"_jetpack_memberships_contains_paid_content":false,"footnotes":"","jetpack_publicize_message":"","jetpack_publicize_feature_enabled":true,"jetpack_social_post_already_shared":false,"jetpack_social_options":{"image_generator_settings":{"template":"highway","default_image_id":0,"font":"","enabled":false},"version":2}},"categories":[1],"tags":[1118,733,121,1119,1117,1120,212,158,28],"class_list":["post-3993","post","type-post","status-publish","format-standard","has-post-thumbnail","hentry","category-noticia","tag-aparar","tag-boqueirao","tag-bovino","tag-chifre","tag-poda","tag-poda-dos-chifres","tag-racao","tag-rebanho","tag-vaqueiro"],"yoast_head":"<!-- This site is optimized with the Yoast SEO plugin v27.4 - https:\/\/yoast.com\/product\/yoast-seo-wordpress\/ -->\n<title>A Import\u00e2ncia da Poda dos Chifres no Rebanho Bovino - Fazenda Boqueir\u00e3o<\/title>\n<meta name=\"description\" content=\"A poda dos chifres consiste na remo\u00e7\u00e3o controlada do crescimento dos chifres dos bovinos.\" \/>\n<meta name=\"robots\" content=\"index, follow, max-snippet:-1, max-image-preview:large, max-video-preview:-1\" \/>\n<link rel=\"canonical\" href=\"https:\/\/www.fazendaboqueiraorn.com.br\/en\/a-importancia-da-poda-dos-chifres-no-rebanho-bovino\/\" \/>\n<meta property=\"og:locale\" content=\"en_US\" \/>\n<meta property=\"og:type\" content=\"article\" \/>\n<meta property=\"og:title\" content=\"A Import\u00e2ncia da Poda dos Chifres no Rebanho Bovino - Fazenda Boqueir\u00e3o\" \/>\n<meta property=\"og:description\" content=\"A poda dos chifres consiste na remo\u00e7\u00e3o controlada do crescimento dos chifres dos bovinos.\" \/>\n<meta property=\"og:url\" content=\"https:\/\/www.fazendaboqueiraorn.com.br\/en\/a-importancia-da-poda-dos-chifres-no-rebanho-bovino\/\" \/>\n<meta property=\"og:site_name\" content=\"Fazenda Boqueir\u00e3o\" \/>\n<meta property=\"article:publisher\" content=\"https:\/\/www.facebook.com\/fazboqueirao\" \/>\n<meta property=\"article:published_time\" content=\"2023-06-19T02:35:50+00:00\" \/>\n<meta property=\"article:modified_time\" content=\"2024-10-30T12:55:15+00:00\" \/>\n<meta property=\"og:image\" content=\"https:\/\/www.fazendaboqueiraorn.com.br\/wp-content\/uploads\/2023\/06\/aparando-os-chifres.jpg\" \/>\n\t<meta property=\"og:image:width\" content=\"358\" \/>\n\t<meta property=\"og:image:height\" content=\"310\" \/>\n\t<meta property=\"og:image:type\" content=\"image\/jpeg\" \/>\n<meta name=\"author\" content=\"Fazenda Boqueir\u00e3o\" \/>\n<meta name=\"twitter:card\" content=\"summary_large_image\" \/>\n<meta name=\"twitter:creator\" content=\"@FazBoqueirao\" \/>\n<meta name=\"twitter:site\" content=\"@FazBoqueirao\" \/>\n<meta name=\"twitter:label1\" content=\"Written by\" \/>\n\t<meta name=\"twitter:data1\" content=\"Fazenda Boqueir\u00e3o\" \/>\n\t<meta name=\"twitter:label2\" content=\"Est. reading time\" \/>\n\t<meta name=\"twitter:data2\" content=\"3 minutes\" \/>\n<script type=\"application\/ld+json\" class=\"yoast-schema-graph\">{\"@context\":\"https:\\\/\\\/schema.org\",\"@graph\":[{\"@type\":\"Article\",\"@id\":\"https:\\\/\\\/www.fazendaboqueiraorn.com.br\\\/a-importancia-da-poda-dos-chifres-no-rebanho-bovino\\\/#article\",\"isPartOf\":{\"@id\":\"https:\\\/\\\/www.fazendaboqueiraorn.com.br\\\/a-importancia-da-poda-dos-chifres-no-rebanho-bovino\\\/\"},\"author\":{\"name\":\"Fazenda Boqueir\u00e3o\",\"@id\":\"https:\\\/\\\/www.fazendaboqueiraorn.com.br\\\/#\\\/schema\\\/person\\\/70484dc96f76e66c6365a9f4a2ebfb02\"},\"headline\":\"A Import\u00e2ncia da Poda dos Chifres no Rebanho Bovino\",\"datePublished\":\"2023-06-19T02:35:50+00:00\",\"dateModified\":\"2024-10-30T12:55:15+00:00\",\"mainEntityOfPage\":{\"@id\":\"https:\\\/\\\/www.fazendaboqueiraorn.com.br\\\/a-importancia-da-poda-dos-chifres-no-rebanho-bovino\\\/\"},\"wordCount\":465,\"commentCount\":0,\"publisher\":{\"@id\":\"https:\\\/\\\/www.fazendaboqueiraorn.com.br\\\/#organization\"},\"image\":{\"@id\":\"https:\\\/\\\/www.fazendaboqueiraorn.com.br\\\/a-importancia-da-poda-dos-chifres-no-rebanho-bovino\\\/#primaryimage\"},\"thumbnailUrl\":\"https:\\\/\\\/i0.wp.com\\\/www.fazendaboqueiraorn.com.br\\\/wp-content\\\/uploads\\\/2023\\\/06\\\/aparando-os-chifres.jpg?fit=358%2C310&ssl=1\",\"keywords\":[\"aparar\",\"Boqueir\u00e3o\",\"bovino\",\"chifre\",\"poda\",\"poda dos chifres\",\"ra\u00e7\u00e3o\",\"rebanho\",\"vaqueiro\"],\"articleSection\":[\"Not\u00edcias\"],\"inLanguage\":\"en-US\",\"potentialAction\":[{\"@type\":\"CommentAction\",\"name\":\"Comment\",\"target\":[\"https:\\\/\\\/www.fazendaboqueiraorn.com.br\\\/a-importancia-da-poda-dos-chifres-no-rebanho-bovino\\\/#respond\"]}]},{\"@type\":\"WebPage\",\"@id\":\"https:\\\/\\\/www.fazendaboqueiraorn.com.br\\\/a-importancia-da-poda-dos-chifres-no-rebanho-bovino\\\/\",\"url\":\"https:\\\/\\\/www.fazendaboqueiraorn.com.br\\\/a-importancia-da-poda-dos-chifres-no-rebanho-bovino\\\/\",\"name\":\"A Import\u00e2ncia da Poda dos Chifres no Rebanho Bovino - Fazenda Boqueir\u00e3o\",\"isPartOf\":{\"@id\":\"https:\\\/\\\/www.fazendaboqueiraorn.com.br\\\/#website\"},\"primaryImageOfPage\":{\"@id\":\"https:\\\/\\\/www.fazendaboqueiraorn.com.br\\\/a-importancia-da-poda-dos-chifres-no-rebanho-bovino\\\/#primaryimage\"},\"image\":{\"@id\":\"https:\\\/\\\/www.fazendaboqueiraorn.com.br\\\/a-importancia-da-poda-dos-chifres-no-rebanho-bovino\\\/#primaryimage\"},\"thumbnailUrl\":\"https:\\\/\\\/i0.wp.com\\\/www.fazendaboqueiraorn.com.br\\\/wp-content\\\/uploads\\\/2023\\\/06\\\/aparando-os-chifres.jpg?fit=358%2C310&ssl=1\",\"datePublished\":\"2023-06-19T02:35:50+00:00\",\"dateModified\":\"2024-10-30T12:55:15+00:00\",\"description\":\"A poda dos chifres consiste na remo\u00e7\u00e3o controlada do crescimento dos chifres dos bovinos.\",\"breadcrumb\":{\"@id\":\"https:\\\/\\\/www.fazendaboqueiraorn.com.br\\\/a-importancia-da-poda-dos-chifres-no-rebanho-bovino\\\/#breadcrumb\"},\"inLanguage\":\"en-US\",\"potentialAction\":[{\"@type\":\"ReadAction\",\"target\":[\"https:\\\/\\\/www.fazendaboqueiraorn.com.br\\\/a-importancia-da-poda-dos-chifres-no-rebanho-bovino\\\/\"]}]},{\"@type\":\"ImageObject\",\"inLanguage\":\"en-US\",\"@id\":\"https:\\\/\\\/www.fazendaboqueiraorn.com.br\\\/a-importancia-da-poda-dos-chifres-no-rebanho-bovino\\\/#primaryimage\",\"url\":\"https:\\\/\\\/i0.wp.com\\\/www.fazendaboqueiraorn.com.br\\\/wp-content\\\/uploads\\\/2023\\\/06\\\/aparando-os-chifres.jpg?fit=358%2C310&ssl=1\",\"contentUrl\":\"https:\\\/\\\/i0.wp.com\\\/www.fazendaboqueiraorn.com.br\\\/wp-content\\\/uploads\\\/2023\\\/06\\\/aparando-os-chifres.jpg?fit=358%2C310&ssl=1\",\"width\":358,\"height\":310,\"caption\":\"Poda dos chifres\"},{\"@type\":\"BreadcrumbList\",\"@id\":\"https:\\\/\\\/www.fazendaboqueiraorn.com.br\\\/a-importancia-da-poda-dos-chifres-no-rebanho-bovino\\\/#breadcrumb\",\"itemListElement\":[{\"@type\":\"ListItem\",\"position\":1,\"name\":\"Home\",\"item\":\"https:\\\/\\\/www.fazendaboqueiraorn.com.br\\\/\"},{\"@type\":\"ListItem\",\"position\":2,\"name\":\"A Import\u00e2ncia da Poda dos Chifres no Rebanho Bovino\"}]},{\"@type\":\"WebSite\",\"@id\":\"https:\\\/\\\/www.fazendaboqueiraorn.com.br\\\/#website\",\"url\":\"https:\\\/\\\/www.fazendaboqueiraorn.com.br\\\/\",\"name\":\"Fazenda Boqueir\u00e3o\",\"description\":\"\",\"publisher\":{\"@id\":\"https:\\\/\\\/www.fazendaboqueiraorn.com.br\\\/#organization\"},\"potentialAction\":[{\"@type\":\"SearchAction\",\"target\":{\"@type\":\"EntryPoint\",\"urlTemplate\":\"https:\\\/\\\/www.fazendaboqueiraorn.com.br\\\/?s={search_term_string}\"},\"query-input\":{\"@type\":\"PropertyValueSpecification\",\"valueRequired\":true,\"valueName\":\"search_term_string\"}}],\"inLanguage\":\"en-US\"},{\"@type\":\"Organization\",\"@id\":\"https:\\\/\\\/www.fazendaboqueiraorn.com.br\\\/#organization\",\"name\":\"Fazenda Boqueir\u00e3o\",\"url\":\"https:\\\/\\\/www.fazendaboqueiraorn.com.br\\\/\",\"logo\":{\"@type\":\"ImageObject\",\"inLanguage\":\"en-US\",\"@id\":\"https:\\\/\\\/www.fazendaboqueiraorn.com.br\\\/#\\\/schema\\\/logo\\\/image\\\/\",\"url\":\"https:\\\/\\\/i0.wp.com\\\/www.fazendaboqueiraorn.com.br\\\/wp-content\\\/uploads\\\/2021\\\/08\\\/logo-fazenda-120x120-1.png?fit=120%2C120&ssl=1\",\"contentUrl\":\"https:\\\/\\\/i0.wp.com\\\/www.fazendaboqueiraorn.com.br\\\/wp-content\\\/uploads\\\/2021\\\/08\\\/logo-fazenda-120x120-1.png?fit=120%2C120&ssl=1\",\"width\":120,\"height\":120,\"caption\":\"Fazenda Boqueir\u00e3o\"},\"image\":{\"@id\":\"https:\\\/\\\/www.fazendaboqueiraorn.com.br\\\/#\\\/schema\\\/logo\\\/image\\\/\"},\"sameAs\":[\"https:\\\/\\\/www.facebook.com\\\/fazboqueirao\",\"https:\\\/\\\/x.com\\\/FazBoqueirao\",\"http:\\\/\\\/instagram.com\\\/fazboqueirao\\\/\",\"https:\\\/\\\/www.linkedin.com\\\/company\\\/fazboqueirao\\\/\",\"https:\\\/\\\/www.youtube.com\\\/channel\\\/UCUA4_8v8HkmMeNUh8c6Ky1Q\"]},{\"@type\":\"Person\",\"@id\":\"https:\\\/\\\/www.fazendaboqueiraorn.com.br\\\/#\\\/schema\\\/person\\\/70484dc96f76e66c6365a9f4a2ebfb02\",\"name\":\"Fazenda Boqueir\u00e3o\",\"image\":{\"@type\":\"ImageObject\",\"inLanguage\":\"en-US\",\"@id\":\"https:\\\/\\\/secure.gravatar.com\\\/avatar\\\/19f19467ae305ded5d913deae2fb6c6f29fe88a0a7f3a4dca5679407289a9efd?s=96&d=mm&r=g\",\"url\":\"https:\\\/\\\/secure.gravatar.com\\\/avatar\\\/19f19467ae305ded5d913deae2fb6c6f29fe88a0a7f3a4dca5679407289a9efd?s=96&d=mm&r=g\",\"contentUrl\":\"https:\\\/\\\/secure.gravatar.com\\\/avatar\\\/19f19467ae305ded5d913deae2fb6c6f29fe88a0a7f3a4dca5679407289a9efd?s=96&d=mm&r=g\",\"caption\":\"Fazenda Boqueir\u00e3o\"},\"url\":\"https:\\\/\\\/www.fazendaboqueiraorn.com.br\\\/en\\\/author\\\/fazenda\\\/\"}]}<\/script>\n<!-- \/ Yoast SEO plugin. -->","yoast_head_json":{"title":"A Import\u00e2ncia da Poda dos Chifres no Rebanho Bovino - Fazenda Boqueir\u00e3o","description":"A poda dos chifres consiste na remo\u00e7\u00e3o controlada do crescimento dos chifres dos bovinos.","robots":{"index":"index","follow":"follow","max-snippet":"max-snippet:-1","max-image-preview":"max-image-preview:large","max-video-preview":"max-video-preview:-1"},"canonical":"https:\/\/www.fazendaboqueiraorn.com.br\/en\/a-importancia-da-poda-dos-chifres-no-rebanho-bovino\/","og_locale":"en_US","og_type":"article","og_title":"A Import\u00e2ncia da Poda dos Chifres no Rebanho Bovino - Fazenda Boqueir\u00e3o","og_description":"A poda dos chifres consiste na remo\u00e7\u00e3o controlada do crescimento dos chifres dos bovinos.","og_url":"https:\/\/www.fazendaboqueiraorn.com.br\/en\/a-importancia-da-poda-dos-chifres-no-rebanho-bovino\/","og_site_name":"Fazenda Boqueir\u00e3o","article_publisher":"https:\/\/www.facebook.com\/fazboqueirao","article_published_time":"2023-06-19T02:35:50+00:00","article_modified_time":"2024-10-30T12:55:15+00:00","og_image":[{"width":358,"height":310,"url":"https:\/\/www.fazendaboqueiraorn.com.br\/wp-content\/uploads\/2023\/06\/aparando-os-chifres.jpg","type":"image\/jpeg"}],"author":"Fazenda Boqueir\u00e3o","twitter_card":"summary_large_image","twitter_creator":"@FazBoqueirao","twitter_site":"@FazBoqueirao","twitter_misc":{"Written by":"Fazenda Boqueir\u00e3o","Est. reading time":"3 minutes"},"schema":{"@context":"https:\/\/schema.org","@graph":[{"@type":"Article","@id":"https:\/\/www.fazendaboqueiraorn.com.br\/a-importancia-da-poda-dos-chifres-no-rebanho-bovino\/#article","isPartOf":{"@id":"https:\/\/www.fazendaboqueiraorn.com.br\/a-importancia-da-poda-dos-chifres-no-rebanho-bovino\/"},"author":{"name":"Fazenda Boqueir\u00e3o","@id":"https:\/\/www.fazendaboqueiraorn.com.br\/#\/schema\/person\/70484dc96f76e66c6365a9f4a2ebfb02"},"headline":"A Import\u00e2ncia da Poda dos Chifres no Rebanho Bovino","datePublished":"2023-06-19T02:35:50+00:00","dateModified":"2024-10-30T12:55:15+00:00","mainEntityOfPage":{"@id":"https:\/\/www.fazendaboqueiraorn.com.br\/a-importancia-da-poda-dos-chifres-no-rebanho-bovino\/"},"wordCount":465,"commentCount":0,"publisher":{"@id":"https:\/\/www.fazendaboqueiraorn.com.br\/#organization"},"image":{"@id":"https:\/\/www.fazendaboqueiraorn.com.br\/a-importancia-da-poda-dos-chifres-no-rebanho-bovino\/#primaryimage"},"thumbnailUrl":"https:\/\/i0.wp.com\/www.fazendaboqueiraorn.com.br\/wp-content\/uploads\/2023\/06\/aparando-os-chifres.jpg?fit=358%2C310&ssl=1","keywords":["aparar","Boqueir\u00e3o","bovino","chifre","poda","poda dos chifres","ra\u00e7\u00e3o","rebanho","vaqueiro"],"articleSection":["Not\u00edcias"],"inLanguage":"en-US","potentialAction":[{"@type":"CommentAction","name":"Comment","target":["https:\/\/www.fazendaboqueiraorn.com.br\/a-importancia-da-poda-dos-chifres-no-rebanho-bovino\/#respond"]}]},{"@type":"WebPage","@id":"https:\/\/www.fazendaboqueiraorn.com.br\/a-importancia-da-poda-dos-chifres-no-rebanho-bovino\/","url":"https:\/\/www.fazendaboqueiraorn.com.br\/a-importancia-da-poda-dos-chifres-no-rebanho-bovino\/","name":"A Import\u00e2ncia da Poda dos Chifres no Rebanho Bovino - Fazenda Boqueir\u00e3o","isPartOf":{"@id":"https:\/\/www.fazendaboqueiraorn.com.br\/#website"},"primaryImageOfPage":{"@id":"https:\/\/www.fazendaboqueiraorn.com.br\/a-importancia-da-poda-dos-chifres-no-rebanho-bovino\/#primaryimage"},"image":{"@id":"https:\/\/www.fazendaboqueiraorn.com.br\/a-importancia-da-poda-dos-chifres-no-rebanho-bovino\/#primaryimage"},"thumbnailUrl":"https:\/\/i0.wp.com\/www.fazendaboqueiraorn.com.br\/wp-content\/uploads\/2023\/06\/aparando-os-chifres.jpg?fit=358%2C310&ssl=1","datePublished":"2023-06-19T02:35:50+00:00","dateModified":"2024-10-30T12:55:15+00:00","description":"A poda dos chifres consiste na remo\u00e7\u00e3o controlada do crescimento dos chifres dos bovinos.","breadcrumb":{"@id":"https:\/\/www.fazendaboqueiraorn.com.br\/a-importancia-da-poda-dos-chifres-no-rebanho-bovino\/#breadcrumb"},"inLanguage":"en-US","potentialAction":[{"@type":"ReadAction","target":["https:\/\/www.fazendaboqueiraorn.com.br\/a-importancia-da-poda-dos-chifres-no-rebanho-bovino\/"]}]},{"@type":"ImageObject","inLanguage":"en-US","@id":"https:\/\/www.fazendaboqueiraorn.com.br\/a-importancia-da-poda-dos-chifres-no-rebanho-bovino\/#primaryimage","url":"https:\/\/i0.wp.com\/www.fazendaboqueiraorn.com.br\/wp-content\/uploads\/2023\/06\/aparando-os-chifres.jpg?fit=358%2C310&ssl=1","contentUrl":"https:\/\/i0.wp.com\/www.fazendaboqueiraorn.com.br\/wp-content\/uploads\/2023\/06\/aparando-os-chifres.jpg?fit=358%2C310&ssl=1","width":358,"height":310,"caption":"Poda dos chifres"},{"@type":"BreadcrumbList","@id":"https:\/\/www.fazendaboqueiraorn.com.br\/a-importancia-da-poda-dos-chifres-no-rebanho-bovino\/#breadcrumb","itemListElement":[{"@type":"ListItem","position":1,"name":"Home","item":"https:\/\/www.fazendaboqueiraorn.com.br\/"},{"@type":"ListItem","position":2,"name":"A Import\u00e2ncia da Poda dos Chifres no Rebanho Bovino"}]},{"@type":"WebSite","@id":"https:\/\/www.fazendaboqueiraorn.com.br\/#website","url":"https:\/\/www.fazendaboqueiraorn.com.br\/","name":"Fazenda Boqueir\u00e3o","description":"","publisher":{"@id":"https:\/\/www.fazendaboqueiraorn.com.br\/#organization"},"potentialAction":[{"@type":"SearchAction","target":{"@type":"EntryPoint","urlTemplate":"https:\/\/www.fazendaboqueiraorn.com.br\/?s={search_term_string}"},"query-input":{"@type":"PropertyValueSpecification","valueRequired":true,"valueName":"search_term_string"}}],"inLanguage":"en-US"},{"@type":"Organization","@id":"https:\/\/www.fazendaboqueiraorn.com.br\/#organization","name":"Fazenda Boqueir\u00e3o","url":"https:\/\/www.fazendaboqueiraorn.com.br\/","logo":{"@type":"ImageObject","inLanguage":"en-US","@id":"https:\/\/www.fazendaboqueiraorn.com.br\/#\/schema\/logo\/image\/","url":"https:\/\/i0.wp.com\/www.fazendaboqueiraorn.com.br\/wp-content\/uploads\/2021\/08\/logo-fazenda-120x120-1.png?fit=120%2C120&ssl=1","contentUrl":"https:\/\/i0.wp.com\/www.fazendaboqueiraorn.com.br\/wp-content\/uploads\/2021\/08\/logo-fazenda-120x120-1.png?fit=120%2C120&ssl=1","width":120,"height":120,"caption":"Fazenda Boqueir\u00e3o"},"image":{"@id":"https:\/\/www.fazendaboqueiraorn.com.br\/#\/schema\/logo\/image\/"},"sameAs":["https:\/\/www.facebook.com\/fazboqueirao","https:\/\/x.com\/FazBoqueirao","http:\/\/instagram.com\/fazboqueirao\/","https:\/\/www.linkedin.com\/company\/fazboqueirao\/","https:\/\/www.youtube.com\/channel\/UCUA4_8v8HkmMeNUh8c6Ky1Q"]},{"@type":"Person","@id":"https:\/\/www.fazendaboqueiraorn.com.br\/#\/schema\/person\/70484dc96f76e66c6365a9f4a2ebfb02","name":"Fazenda Boqueir\u00e3o","image":{"@type":"ImageObject","inLanguage":"en-US","@id":"https:\/\/secure.gravatar.com\/avatar\/19f19467ae305ded5d913deae2fb6c6f29fe88a0a7f3a4dca5679407289a9efd?s=96&d=mm&r=g","url":"https:\/\/secure.gravatar.com\/avatar\/19f19467ae305ded5d913deae2fb6c6f29fe88a0a7f3a4dca5679407289a9efd?s=96&d=mm&r=g","contentUrl":"https:\/\/secure.gravatar.com\/avatar\/19f19467ae305ded5d913deae2fb6c6f29fe88a0a7f3a4dca5679407289a9efd?s=96&d=mm&r=g","caption":"Fazenda Boqueir\u00e3o"},"url":"https:\/\/www.fazendaboqueiraorn.com.br\/en\/author\/fazenda\/"}]}},"jetpack_publicize_connections":[],"uagb_featured_image_src":{"full":["https:\/\/i0.wp.com\/www.fazendaboqueiraorn.com.br\/wp-content\/uploads\/2023\/06\/aparando-os-chifres.jpg?fit=358%2C310&ssl=1",358,310,false],"thumbnail":["https:\/\/i0.wp.com\/www.fazendaboqueiraorn.com.br\/wp-content\/uploads\/2023\/06\/aparando-os-chifres.jpg?resize=150%2C150&ssl=1",150,150,true],"medium":["https:\/\/i0.wp.com\/www.fazendaboqueiraorn.com.br\/wp-content\/uploads\/2023\/06\/aparando-os-chifres.jpg?fit=300%2C260&ssl=1",300,260,true],"medium_large":["https:\/\/i0.wp.com\/www.fazendaboqueiraorn.com.br\/wp-content\/uploads\/2023\/06\/aparando-os-chifres.jpg?fit=358%2C310&ssl=1",358,310,true],"large":["https:\/\/i0.wp.com\/www.fazendaboqueiraorn.com.br\/wp-content\/uploads\/2023\/06\/aparando-os-chifres.jpg?fit=358%2C310&ssl=1",358,310,true],"1536x1536":["https:\/\/i0.wp.com\/www.fazendaboqueiraorn.com.br\/wp-content\/uploads\/2023\/06\/aparando-os-chifres.jpg?fit=358%2C310&ssl=1",358,310,true],"2048x2048":["https:\/\/i0.wp.com\/www.fazendaboqueiraorn.com.br\/wp-content\/uploads\/2023\/06\/aparando-os-chifres.jpg?fit=358%2C310&ssl=1",358,310,true],"trp-custom-language-flag":["https:\/\/i0.wp.com\/www.fazendaboqueiraorn.com.br\/wp-content\/uploads\/2023\/06\/aparando-os-chifres.jpg?fit=14%2C12&ssl=1",14,12,true],"ultp_layout_landscape_large":["https:\/\/i0.wp.com\/www.fazendaboqueiraorn.com.br\/wp-content\/uploads\/2023\/06\/aparando-os-chifres.jpg?resize=358%2C310&ssl=1",358,310,true],"ultp_layout_landscape":["https:\/\/i0.wp.com\/www.fazendaboqueiraorn.com.br\/wp-content\/uploads\/2023\/06\/aparando-os-chifres.jpg?resize=358%2C310&ssl=1",358,310,true],"ultp_layout_portrait":["https:\/\/i0.wp.com\/www.fazendaboqueiraorn.com.br\/wp-content\/uploads\/2023\/06\/aparando-os-chifres.jpg?resize=358%2C310&ssl=1",358,310,true],"ultp_layout_square":["https:\/\/i0.wp.com\/www.fazendaboqueiraorn.com.br\/wp-content\/uploads\/2023\/06\/aparando-os-chifres.jpg?resize=358%2C310&ssl=1",358,310,true],"woocommerce_thumbnail":["https:\/\/www.fazendaboqueiraorn.com.br\/wp-content\/uploads\/2023\/06\/aparando-os-chifres-300x300.jpg",300,300,true],"woocommerce_single":["https:\/\/www.fazendaboqueiraorn.com.br\/wp-content\/uploads\/2023\/06\/aparando-os-chifres.jpg",358,310,false],"woocommerce_gallery_thumbnail":["https:\/\/www.fazendaboqueiraorn.com.br\/wp-content\/uploads\/2023\/06\/aparando-os-chifres-100x100.jpg",100,100,true],"web-stories-poster-portrait":["https:\/\/www.fazendaboqueiraorn.com.br\/wp-content\/uploads\/2023\/06\/aparando-os-chifres.jpg",358,310,false],"web-stories-publisher-logo":["https:\/\/www.fazendaboqueiraorn.com.br\/wp-content\/uploads\/2023\/06\/aparando-os-chifres.jpg",96,83,false],"web-stories-thumbnail":["https:\/\/www.fazendaboqueiraorn.com.br\/wp-content\/uploads\/2023\/06\/aparando-os-chifres.jpg",150,130,false]},"uagb_author_info":{"display_name":"Fazenda Boqueir\u00e3o","author_link":"https:\/\/www.fazendaboqueiraorn.com.br\/en\/author\/fazenda\/"},"uagb_comment_info":0,"uagb_excerpt":"A poda dos chifres consiste na remo\u00e7\u00e3o controlada do crescimento dos chifres dos bovinos. Esse processo \u00e9 realizado de forma cuidadosa, levando em considera\u00e7\u00e3o a idade do animal e utilizando as ferramentas adequadas.","jetpack_featured_media_url":"https:\/\/i0.wp.com\/www.fazendaboqueiraorn.com.br\/wp-content\/uploads\/2023\/06\/aparando-os-chifres.jpg?fit=358%2C310&ssl=1","jetpack_sharing_enabled":true,"jetpack_likes_enabled":true,"_links":{"self":[{"href":"https:\/\/www.fazendaboqueiraorn.com.br\/en\/wp-json\/wp\/v2\/posts\/3993","targetHints":{"allow":["GET"]}}],"collection":[{"href":"https:\/\/www.fazendaboqueiraorn.com.br\/en\/wp-json\/wp\/v2\/posts"}],"about":[{"href":"https:\/\/www.fazendaboqueiraorn.com.br\/en\/wp-json\/wp\/v2\/types\/post"}],"author":[{"embeddable":true,"href":"https:\/\/www.fazendaboqueiraorn.com.br\/en\/wp-json\/wp\/v2\/users\/2"}],"replies":[{"embeddable":true,"href":"https:\/\/www.fazendaboqueiraorn.com.br\/en\/wp-json\/wp\/v2\/comments?post=3993"}],"version-history":[{"count":6,"href":"https:\/\/www.fazendaboqueiraorn.com.br\/en\/wp-json\/wp\/v2\/posts\/3993\/revisions"}],"predecessor-version":[{"id":5919,"href":"https:\/\/www.fazendaboqueiraorn.com.br\/en\/wp-json\/wp\/v2\/posts\/3993\/revisions\/5919"}],"wp:featuredmedia":[{"embeddable":true,"href":"https:\/\/www.fazendaboqueiraorn.com.br\/en\/wp-json\/wp\/v2\/media\/4003"}],"wp:attachment":[{"href":"https:\/\/www.fazendaboqueiraorn.com.br\/en\/wp-json\/wp\/v2\/media?parent=3993"}],"wp:term":[{"taxonomy":"category","embeddable":true,"href":"https:\/\/www.fazendaboqueiraorn.com.br\/en\/wp-json\/wp\/v2\/categories?post=3993"},{"taxonomy":"post_tag","embeddable":true,"href":"https:\/\/www.fazendaboqueiraorn.com.br\/en\/wp-json\/wp\/v2\/tags?post=3993"}],"curies":[{"name":"wp","href":"https:\/\/api.w.org\/{rel}","templated":true}]}}