{"id":3886,"date":"2023-05-12T06:00:00","date_gmt":"2023-05-12T09:00:00","guid":{"rendered":"https:\/\/www.fazendaboqueiraorn.com.br\/?p=3886"},"modified":"2023-05-06T09:17:52","modified_gmt":"2023-05-06T12:17:52","slug":"66a-festa-do-agricultor-de-lagoa-nova","status":"publish","type":"post","link":"https:\/\/www.fazendaboqueiraorn.com.br\/en\/66a-festa-do-agricultor-de-lagoa-nova\/","title":{"rendered":"66\u00aa Festa do Agricultor de Lagoa Nova"},"content":{"rendered":"<figure class=\"wp-block-image size-large is-resized\"><img data-recalc-dims=\"1\" decoding=\"async\" loading=\"lazy\" src=\"https:\/\/i0.wp.com\/www.fazendaboqueiraorn.com.br\/wp-content\/uploads\/2023\/05\/lagoa-nova-20230519.jpg?resize=819%2C691&#038;ssl=1\" alt=\"66\u00aa Festa do Agricultor de Lagoa Nova\" class=\"wp-image-3888\" width=\"819\" height=\"691\" srcset=\"https:\/\/i0.wp.com\/www.fazendaboqueiraorn.com.br\/wp-content\/uploads\/2023\/05\/lagoa-nova-20230519-scaled.jpg?resize=1024%2C864&amp;ssl=1 1024w, https:\/\/i0.wp.com\/www.fazendaboqueiraorn.com.br\/wp-content\/uploads\/2023\/05\/lagoa-nova-20230519-scaled.jpg?resize=600%2C506&amp;ssl=1 600w, https:\/\/i0.wp.com\/www.fazendaboqueiraorn.com.br\/wp-content\/uploads\/2023\/05\/lagoa-nova-20230519-scaled.jpg?resize=300%2C253&amp;ssl=1 300w, https:\/\/i0.wp.com\/www.fazendaboqueiraorn.com.br\/wp-content\/uploads\/2023\/05\/lagoa-nova-20230519-scaled.jpg?resize=768%2C648&amp;ssl=1 768w, https:\/\/i0.wp.com\/www.fazendaboqueiraorn.com.br\/wp-content\/uploads\/2023\/05\/lagoa-nova-20230519-scaled.jpg?resize=1536%2C1296&amp;ssl=1 1536w, https:\/\/i0.wp.com\/www.fazendaboqueiraorn.com.br\/wp-content\/uploads\/2023\/05\/lagoa-nova-20230519-scaled.jpg?resize=14%2C12&amp;ssl=1 14w, https:\/\/i0.wp.com\/www.fazendaboqueiraorn.com.br\/wp-content\/uploads\/2023\/05\/lagoa-nova-20230519-scaled.jpg?resize=1067%2C900&amp;ssl=1 1067w, https:\/\/i0.wp.com\/www.fazendaboqueiraorn.com.br\/wp-content\/uploads\/2023\/05\/lagoa-nova-20230519-scaled.jpg?w=1000&amp;ssl=1 1000w\" sizes=\"auto, (max-width: 819px) 100vw, 819px\" \/><\/figure>\n\n\n\n<p>A Prefeitura de Lagoa Nova divulgou nesta quinta-feira (04) a programa\u00e7\u00e3o da 66\u00aa Festa do Agricultor. A partir do dia 19 de maio, ser\u00e3o tr\u00eas dias de atra\u00e7\u00f5es totalmente gratuitas na Pra\u00e7a P\u00fablica.<\/p>\n\n\n\n<p>Na primeira noite do show, os Cavaleiros do Forr\u00f3 e a banda Tomara que D\u00e1 Certo, al\u00e9m de uma performance empolgante de Bruno Martins, deram vida \u00e0 anima\u00e7\u00e3o. No segundo dia, a m\u00fasica foi comandada pela banda Flor do Caro\u00e1 e apresentada no estande. Por fim, no domingo (21), tamb\u00e9m tem Franci Jean e Amazan.<\/p>\n\n\n\n<p>\u201cEste \u00e9 um evento que enche de orgulho os mun\u00edcipes e tem papel fundamental na movimenta\u00e7\u00e3o de toda a cadeia econ\u00f4mica local. Vamos continuar incentivando iniciativas como esta e aproveitar esta oportunidade para homenagear todos os moradores locais que vivem na zona rural de nossa cidade \u201d, comentou o prefeito Luciano Santos.<\/p>\n\n\n\n<p>Essa homenagem ao homem e mulher do campo \u00e9 feita anualmente. Na programa\u00e7\u00e3o, exposi\u00e7\u00f5es em estandes e o desfile que fecha o cronograma. O festejo foi indexado, recentemente, ao calend\u00e1rio de eventos do Rio Grande do Norte, o que oxigenou as \u00faltimas edi\u00e7\u00f5es. Em 2023, os festejos prometem ser um dos maiores dos \u00faltimos anos.<\/p>","protected":false},"excerpt":{"rendered":"<p>A Prefeitura de Lagoa Nova divulgou nesta quinta-feira (04) a programa\u00e7\u00e3o da 66\u00aa Festa do Agricultor. A partir do dia 19 de maio, ser\u00e3o tr\u00eas dias de atra\u00e7\u00f5es totalmente gratuitas na Pra\u00e7a P\u00fablica.<\/p>","protected":false},"author":2,"featured_media":3888,"comment_status":"open","ping_status":"open","sticky":false,"template":"","format":"standard","meta":{"nf_dc_page":"","_uag_custom_page_level_css":"","site-sidebar-layout":"default","site-content-layout":"","ast-site-content-layout":"default","site-content-style":"default","site-sidebar-style":"default","ast-global-header-display":"","ast-banner-title-visibility":"","ast-main-header-display":"","ast-hfb-above-header-display":"","ast-hfb-below-header-display":"","ast-hfb-mobile-header-display":"","site-post-title":"","ast-breadcrumbs-content":"","ast-featured-img":"","footer-sml-layout":"","ast-disable-related-posts":"","theme-transparent-header-meta":"","adv-header-id-meta":"","stick-header-meta":"","header-above-stick-meta":"","header-main-stick-meta":"","header-below-stick-meta":"","astra-migrate-meta-layouts":"default","ast-page-background-enabled":"default","ast-page-background-meta":{"desktop":{"background-color":"var(--ast-global-color-4)","background-image":"","background-repeat":"repeat","background-position":"center center","background-size":"auto","background-attachment":"scroll","background-type":"","background-media":"","overlay-type":"","overlay-color":"","overlay-opacity":"","overlay-gradient":""},"tablet":{"background-color":"","background-image":"","background-repeat":"repeat","background-position":"center center","background-size":"auto","background-attachment":"scroll","background-type":"","background-media":"","overlay-type":"","overlay-color":"","overlay-opacity":"","overlay-gradient":""},"mobile":{"background-color":"","background-image":"","background-repeat":"repeat","background-position":"center center","background-size":"auto","background-attachment":"scroll","background-type":"","background-media":"","overlay-type":"","overlay-color":"","overlay-opacity":"","overlay-gradient":""}},"ast-content-background-meta":{"desktop":{"background-color":"var(--ast-global-color-5)","background-image":"","background-repeat":"repeat","background-position":"center center","background-size":"auto","background-attachment":"scroll","background-type":"","background-media":"","overlay-type":"","overlay-color":"","overlay-opacity":"","overlay-gradient":""},"tablet":{"background-color":"var(--ast-global-color-5)","background-image":"","background-repeat":"repeat","background-position":"center center","background-size":"auto","background-attachment":"scroll","background-type":"","background-media":"","overlay-type":"","overlay-color":"","overlay-opacity":"","overlay-gradient":""},"mobile":{"background-color":"var(--ast-global-color-5)","background-image":"","background-repeat":"repeat","background-position":"center center","background-size":"auto","background-attachment":"scroll","background-type":"","background-media":"","overlay-type":"","overlay-color":"","overlay-opacity":"","overlay-gradient":""}},"jetpack_post_was_ever_published":false,"_jetpack_newsletter_access":"","_jetpack_dont_email_post_to_subs":false,"_jetpack_newsletter_tier_id":0,"_jetpack_memberships_contains_paywalled_content":false,"_jetpack_memberships_contains_paid_content":false,"footnotes":"","jetpack_publicize_message":"","jetpack_publicize_feature_enabled":true,"jetpack_social_post_already_shared":true,"jetpack_social_options":{"image_generator_settings":{"template":"highway","default_image_id":0,"font":"","enabled":false},"version":2}},"categories":[429],"tags":[202,18,208,356,357,85,51],"class_list":["post-3886","post","type-post","status-publish","format-standard","has-post-thumbnail","hentry","category-eventos","tag-culto","tag-evento","tag-festa","tag-festa-do-agricultor","tag-lagoa-nova","tag-prefeitura","tag-rio-grande-do-norte"],"yoast_head":"<!-- This site is optimized with the Yoast SEO plugin v27.4 - https:\/\/yoast.com\/product\/yoast-seo-wordpress\/ -->\n<title>66\u00aa Festa do Agricultor de Lagoa Nova - Fazenda Boqueir\u00e3o<\/title>\n<meta name=\"description\" content=\"A Prefeitura de Lagoa Nova divulgou nesta quinta-feira (04) a programa\u00e7\u00e3o da 66\u00aa Festa do Agricultor que ser\u00e1 realizada em pra\u00e7a p\u00fablica.\" \/>\n<meta name=\"robots\" content=\"index, follow, max-snippet:-1, max-image-preview:large, max-video-preview:-1\" \/>\n<link rel=\"canonical\" href=\"https:\/\/www.fazendaboqueiraorn.com.br\/en\/66a-festa-do-agricultor-de-lagoa-nova\/\" \/>\n<meta property=\"og:locale\" content=\"en_US\" \/>\n<meta property=\"og:type\" content=\"article\" \/>\n<meta property=\"og:title\" content=\"66\u00aa Festa do Agricultor de Lagoa Nova - Fazenda Boqueir\u00e3o\" \/>\n<meta property=\"og:description\" content=\"A Prefeitura de Lagoa Nova divulgou nesta quinta-feira (04) a programa\u00e7\u00e3o da 66\u00aa Festa do Agricultor que ser\u00e1 realizada em pra\u00e7a p\u00fablica.\" \/>\n<meta property=\"og:url\" content=\"https:\/\/www.fazendaboqueiraorn.com.br\/en\/66a-festa-do-agricultor-de-lagoa-nova\/\" \/>\n<meta property=\"og:site_name\" content=\"Fazenda Boqueir\u00e3o\" \/>\n<meta property=\"article:publisher\" content=\"https:\/\/www.facebook.com\/fazboqueirao\" \/>\n<meta property=\"article:published_time\" content=\"2023-05-12T09:00:00+00:00\" \/>\n<meta property=\"og:image\" content=\"https:\/\/www.fazendaboqueiraorn.com.br\/wp-content\/uploads\/2023\/05\/lagoa-nova-20230519-scaled.jpg\" \/>\n\t<meta property=\"og:image:width\" content=\"1000\" \/>\n\t<meta property=\"og:image:height\" content=\"844\" \/>\n\t<meta property=\"og:image:type\" content=\"image\/jpeg\" \/>\n<meta name=\"author\" content=\"Fazenda Boqueir\u00e3o\" \/>\n<meta name=\"twitter:card\" content=\"summary_large_image\" \/>\n<meta name=\"twitter:creator\" content=\"@FazBoqueirao\" \/>\n<meta name=\"twitter:site\" content=\"@FazBoqueirao\" \/>\n<meta name=\"twitter:label1\" content=\"Written by\" \/>\n\t<meta name=\"twitter:data1\" content=\"Fazenda Boqueir\u00e3o\" \/>\n\t<meta name=\"twitter:label2\" content=\"Est. reading time\" \/>\n\t<meta name=\"twitter:data2\" content=\"2 minutes\" \/>\n<script type=\"application\/ld+json\" class=\"yoast-schema-graph\">{\"@context\":\"https:\\\/\\\/schema.org\",\"@graph\":[{\"@type\":\"Article\",\"@id\":\"https:\\\/\\\/www.fazendaboqueiraorn.com.br\\\/66a-festa-do-agricultor-de-lagoa-nova\\\/#article\",\"isPartOf\":{\"@id\":\"https:\\\/\\\/www.fazendaboqueiraorn.com.br\\\/66a-festa-do-agricultor-de-lagoa-nova\\\/\"},\"author\":{\"name\":\"Fazenda Boqueir\u00e3o\",\"@id\":\"https:\\\/\\\/www.fazendaboqueiraorn.com.br\\\/#\\\/schema\\\/person\\\/70484dc96f76e66c6365a9f4a2ebfb02\"},\"headline\":\"66\u00aa Festa do Agricultor de Lagoa Nova\",\"datePublished\":\"2023-05-12T09:00:00+00:00\",\"mainEntityOfPage\":{\"@id\":\"https:\\\/\\\/www.fazendaboqueiraorn.com.br\\\/66a-festa-do-agricultor-de-lagoa-nova\\\/\"},\"wordCount\":209,\"commentCount\":0,\"publisher\":{\"@id\":\"https:\\\/\\\/www.fazendaboqueiraorn.com.br\\\/#organization\"},\"image\":{\"@id\":\"https:\\\/\\\/www.fazendaboqueiraorn.com.br\\\/66a-festa-do-agricultor-de-lagoa-nova\\\/#primaryimage\"},\"thumbnailUrl\":\"https:\\\/\\\/i0.wp.com\\\/www.fazendaboqueiraorn.com.br\\\/wp-content\\\/uploads\\\/2023\\\/05\\\/lagoa-nova-20230519-scaled.jpg?fit=1000%2C844&ssl=1\",\"keywords\":[\"culto\",\"evento\",\"festa\",\"Festa do Agricultor\",\"Lagoa Nova\",\"prefeitura\",\"Rio Grande do Norte\"],\"articleSection\":[\"Eventos\"],\"inLanguage\":\"en-US\",\"potentialAction\":[{\"@type\":\"CommentAction\",\"name\":\"Comment\",\"target\":[\"https:\\\/\\\/www.fazendaboqueiraorn.com.br\\\/66a-festa-do-agricultor-de-lagoa-nova\\\/#respond\"]}]},{\"@type\":\"WebPage\",\"@id\":\"https:\\\/\\\/www.fazendaboqueiraorn.com.br\\\/66a-festa-do-agricultor-de-lagoa-nova\\\/\",\"url\":\"https:\\\/\\\/www.fazendaboqueiraorn.com.br\\\/66a-festa-do-agricultor-de-lagoa-nova\\\/\",\"name\":\"66\u00aa Festa do Agricultor de Lagoa Nova - Fazenda Boqueir\u00e3o\",\"isPartOf\":{\"@id\":\"https:\\\/\\\/www.fazendaboqueiraorn.com.br\\\/#website\"},\"primaryImageOfPage\":{\"@id\":\"https:\\\/\\\/www.fazendaboqueiraorn.com.br\\\/66a-festa-do-agricultor-de-lagoa-nova\\\/#primaryimage\"},\"image\":{\"@id\":\"https:\\\/\\\/www.fazendaboqueiraorn.com.br\\\/66a-festa-do-agricultor-de-lagoa-nova\\\/#primaryimage\"},\"thumbnailUrl\":\"https:\\\/\\\/i0.wp.com\\\/www.fazendaboqueiraorn.com.br\\\/wp-content\\\/uploads\\\/2023\\\/05\\\/lagoa-nova-20230519-scaled.jpg?fit=1000%2C844&ssl=1\",\"datePublished\":\"2023-05-12T09:00:00+00:00\",\"description\":\"A Prefeitura de Lagoa Nova divulgou nesta quinta-feira (04) a programa\u00e7\u00e3o da 66\u00aa Festa do Agricultor que ser\u00e1 realizada em pra\u00e7a p\u00fablica.\",\"breadcrumb\":{\"@id\":\"https:\\\/\\\/www.fazendaboqueiraorn.com.br\\\/66a-festa-do-agricultor-de-lagoa-nova\\\/#breadcrumb\"},\"inLanguage\":\"en-US\",\"potentialAction\":[{\"@type\":\"ReadAction\",\"target\":[\"https:\\\/\\\/www.fazendaboqueiraorn.com.br\\\/66a-festa-do-agricultor-de-lagoa-nova\\\/\"]}]},{\"@type\":\"ImageObject\",\"inLanguage\":\"en-US\",\"@id\":\"https:\\\/\\\/www.fazendaboqueiraorn.com.br\\\/66a-festa-do-agricultor-de-lagoa-nova\\\/#primaryimage\",\"url\":\"https:\\\/\\\/i0.wp.com\\\/www.fazendaboqueiraorn.com.br\\\/wp-content\\\/uploads\\\/2023\\\/05\\\/lagoa-nova-20230519-scaled.jpg?fit=1000%2C844&ssl=1\",\"contentUrl\":\"https:\\\/\\\/i0.wp.com\\\/www.fazendaboqueiraorn.com.br\\\/wp-content\\\/uploads\\\/2023\\\/05\\\/lagoa-nova-20230519-scaled.jpg?fit=1000%2C844&ssl=1\",\"width\":1000,\"height\":844,\"caption\":\"66\u00aa Festa do Agricultor de Lagoa Nova\"},{\"@type\":\"BreadcrumbList\",\"@id\":\"https:\\\/\\\/www.fazendaboqueiraorn.com.br\\\/66a-festa-do-agricultor-de-lagoa-nova\\\/#breadcrumb\",\"itemListElement\":[{\"@type\":\"ListItem\",\"position\":1,\"name\":\"Home\",\"item\":\"https:\\\/\\\/www.fazendaboqueiraorn.com.br\\\/\"},{\"@type\":\"ListItem\",\"position\":2,\"name\":\"66\u00aa Festa do Agricultor de Lagoa Nova\"}]},{\"@type\":\"WebSite\",\"@id\":\"https:\\\/\\\/www.fazendaboqueiraorn.com.br\\\/#website\",\"url\":\"https:\\\/\\\/www.fazendaboqueiraorn.com.br\\\/\",\"name\":\"Fazenda Boqueir\u00e3o\",\"description\":\"\",\"publisher\":{\"@id\":\"https:\\\/\\\/www.fazendaboqueiraorn.com.br\\\/#organization\"},\"potentialAction\":[{\"@type\":\"SearchAction\",\"target\":{\"@type\":\"EntryPoint\",\"urlTemplate\":\"https:\\\/\\\/www.fazendaboqueiraorn.com.br\\\/?s={search_term_string}\"},\"query-input\":{\"@type\":\"PropertyValueSpecification\",\"valueRequired\":true,\"valueName\":\"search_term_string\"}}],\"inLanguage\":\"en-US\"},{\"@type\":\"Organization\",\"@id\":\"https:\\\/\\\/www.fazendaboqueiraorn.com.br\\\/#organization\",\"name\":\"Fazenda Boqueir\u00e3o\",\"url\":\"https:\\\/\\\/www.fazendaboqueiraorn.com.br\\\/\",\"logo\":{\"@type\":\"ImageObject\",\"inLanguage\":\"en-US\",\"@id\":\"https:\\\/\\\/www.fazendaboqueiraorn.com.br\\\/#\\\/schema\\\/logo\\\/image\\\/\",\"url\":\"https:\\\/\\\/i0.wp.com\\\/www.fazendaboqueiraorn.com.br\\\/wp-content\\\/uploads\\\/2021\\\/08\\\/logo-fazenda-120x120-1.png?fit=120%2C120&ssl=1\",\"contentUrl\":\"https:\\\/\\\/i0.wp.com\\\/www.fazendaboqueiraorn.com.br\\\/wp-content\\\/uploads\\\/2021\\\/08\\\/logo-fazenda-120x120-1.png?fit=120%2C120&ssl=1\",\"width\":120,\"height\":120,\"caption\":\"Fazenda Boqueir\u00e3o\"},\"image\":{\"@id\":\"https:\\\/\\\/www.fazendaboqueiraorn.com.br\\\/#\\\/schema\\\/logo\\\/image\\\/\"},\"sameAs\":[\"https:\\\/\\\/www.facebook.com\\\/fazboqueirao\",\"https:\\\/\\\/x.com\\\/FazBoqueirao\",\"http:\\\/\\\/instagram.com\\\/fazboqueirao\\\/\",\"https:\\\/\\\/www.linkedin.com\\\/company\\\/fazboqueirao\\\/\",\"https:\\\/\\\/www.youtube.com\\\/channel\\\/UCUA4_8v8HkmMeNUh8c6Ky1Q\"]},{\"@type\":\"Person\",\"@id\":\"https:\\\/\\\/www.fazendaboqueiraorn.com.br\\\/#\\\/schema\\\/person\\\/70484dc96f76e66c6365a9f4a2ebfb02\",\"name\":\"Fazenda Boqueir\u00e3o\",\"image\":{\"@type\":\"ImageObject\",\"inLanguage\":\"en-US\",\"@id\":\"https:\\\/\\\/secure.gravatar.com\\\/avatar\\\/19f19467ae305ded5d913deae2fb6c6f29fe88a0a7f3a4dca5679407289a9efd?s=96&d=mm&r=g\",\"url\":\"https:\\\/\\\/secure.gravatar.com\\\/avatar\\\/19f19467ae305ded5d913deae2fb6c6f29fe88a0a7f3a4dca5679407289a9efd?s=96&d=mm&r=g\",\"contentUrl\":\"https:\\\/\\\/secure.gravatar.com\\\/avatar\\\/19f19467ae305ded5d913deae2fb6c6f29fe88a0a7f3a4dca5679407289a9efd?s=96&d=mm&r=g\",\"caption\":\"Fazenda Boqueir\u00e3o\"},\"url\":\"https:\\\/\\\/www.fazendaboqueiraorn.com.br\\\/en\\\/author\\\/fazenda\\\/\"}]}<\/script>\n<!-- \/ Yoast SEO plugin. -->","yoast_head_json":{"title":"66\u00aa Festa do Agricultor de Lagoa Nova - Fazenda Boqueir\u00e3o","description":"A Prefeitura de Lagoa Nova divulgou nesta quinta-feira (04) a programa\u00e7\u00e3o da 66\u00aa Festa do Agricultor que ser\u00e1 realizada em pra\u00e7a p\u00fablica.","robots":{"index":"index","follow":"follow","max-snippet":"max-snippet:-1","max-image-preview":"max-image-preview:large","max-video-preview":"max-video-preview:-1"},"canonical":"https:\/\/www.fazendaboqueiraorn.com.br\/en\/66a-festa-do-agricultor-de-lagoa-nova\/","og_locale":"en_US","og_type":"article","og_title":"66\u00aa Festa do Agricultor de Lagoa Nova - Fazenda Boqueir\u00e3o","og_description":"A Prefeitura de Lagoa Nova divulgou nesta quinta-feira (04) a programa\u00e7\u00e3o da 66\u00aa Festa do Agricultor que ser\u00e1 realizada em pra\u00e7a p\u00fablica.","og_url":"https:\/\/www.fazendaboqueiraorn.com.br\/en\/66a-festa-do-agricultor-de-lagoa-nova\/","og_site_name":"Fazenda Boqueir\u00e3o","article_publisher":"https:\/\/www.facebook.com\/fazboqueirao","article_published_time":"2023-05-12T09:00:00+00:00","og_image":[{"width":1000,"height":844,"url":"https:\/\/www.fazendaboqueiraorn.com.br\/wp-content\/uploads\/2023\/05\/lagoa-nova-20230519-scaled.jpg","type":"image\/jpeg"}],"author":"Fazenda Boqueir\u00e3o","twitter_card":"summary_large_image","twitter_creator":"@FazBoqueirao","twitter_site":"@FazBoqueirao","twitter_misc":{"Written by":"Fazenda Boqueir\u00e3o","Est. reading time":"2 minutes"},"schema":{"@context":"https:\/\/schema.org","@graph":[{"@type":"Article","@id":"https:\/\/www.fazendaboqueiraorn.com.br\/66a-festa-do-agricultor-de-lagoa-nova\/#article","isPartOf":{"@id":"https:\/\/www.fazendaboqueiraorn.com.br\/66a-festa-do-agricultor-de-lagoa-nova\/"},"author":{"name":"Fazenda Boqueir\u00e3o","@id":"https:\/\/www.fazendaboqueiraorn.com.br\/#\/schema\/person\/70484dc96f76e66c6365a9f4a2ebfb02"},"headline":"66\u00aa Festa do Agricultor de Lagoa Nova","datePublished":"2023-05-12T09:00:00+00:00","mainEntityOfPage":{"@id":"https:\/\/www.fazendaboqueiraorn.com.br\/66a-festa-do-agricultor-de-lagoa-nova\/"},"wordCount":209,"commentCount":0,"publisher":{"@id":"https:\/\/www.fazendaboqueiraorn.com.br\/#organization"},"image":{"@id":"https:\/\/www.fazendaboqueiraorn.com.br\/66a-festa-do-agricultor-de-lagoa-nova\/#primaryimage"},"thumbnailUrl":"https:\/\/i0.wp.com\/www.fazendaboqueiraorn.com.br\/wp-content\/uploads\/2023\/05\/lagoa-nova-20230519-scaled.jpg?fit=1000%2C844&ssl=1","keywords":["culto","evento","festa","Festa do Agricultor","Lagoa Nova","prefeitura","Rio Grande do Norte"],"articleSection":["Eventos"],"inLanguage":"en-US","potentialAction":[{"@type":"CommentAction","name":"Comment","target":["https:\/\/www.fazendaboqueiraorn.com.br\/66a-festa-do-agricultor-de-lagoa-nova\/#respond"]}]},{"@type":"WebPage","@id":"https:\/\/www.fazendaboqueiraorn.com.br\/66a-festa-do-agricultor-de-lagoa-nova\/","url":"https:\/\/www.fazendaboqueiraorn.com.br\/66a-festa-do-agricultor-de-lagoa-nova\/","name":"66\u00aa Festa do Agricultor de Lagoa Nova - Fazenda Boqueir\u00e3o","isPartOf":{"@id":"https:\/\/www.fazendaboqueiraorn.com.br\/#website"},"primaryImageOfPage":{"@id":"https:\/\/www.fazendaboqueiraorn.com.br\/66a-festa-do-agricultor-de-lagoa-nova\/#primaryimage"},"image":{"@id":"https:\/\/www.fazendaboqueiraorn.com.br\/66a-festa-do-agricultor-de-lagoa-nova\/#primaryimage"},"thumbnailUrl":"https:\/\/i0.wp.com\/www.fazendaboqueiraorn.com.br\/wp-content\/uploads\/2023\/05\/lagoa-nova-20230519-scaled.jpg?fit=1000%2C844&ssl=1","datePublished":"2023-05-12T09:00:00+00:00","description":"A Prefeitura de Lagoa Nova divulgou nesta quinta-feira (04) a programa\u00e7\u00e3o da 66\u00aa Festa do Agricultor que ser\u00e1 realizada em pra\u00e7a p\u00fablica.","breadcrumb":{"@id":"https:\/\/www.fazendaboqueiraorn.com.br\/66a-festa-do-agricultor-de-lagoa-nova\/#breadcrumb"},"inLanguage":"en-US","potentialAction":[{"@type":"ReadAction","target":["https:\/\/www.fazendaboqueiraorn.com.br\/66a-festa-do-agricultor-de-lagoa-nova\/"]}]},{"@type":"ImageObject","inLanguage":"en-US","@id":"https:\/\/www.fazendaboqueiraorn.com.br\/66a-festa-do-agricultor-de-lagoa-nova\/#primaryimage","url":"https:\/\/i0.wp.com\/www.fazendaboqueiraorn.com.br\/wp-content\/uploads\/2023\/05\/lagoa-nova-20230519-scaled.jpg?fit=1000%2C844&ssl=1","contentUrl":"https:\/\/i0.wp.com\/www.fazendaboqueiraorn.com.br\/wp-content\/uploads\/2023\/05\/lagoa-nova-20230519-scaled.jpg?fit=1000%2C844&ssl=1","width":1000,"height":844,"caption":"66\u00aa Festa do Agricultor de Lagoa Nova"},{"@type":"BreadcrumbList","@id":"https:\/\/www.fazendaboqueiraorn.com.br\/66a-festa-do-agricultor-de-lagoa-nova\/#breadcrumb","itemListElement":[{"@type":"ListItem","position":1,"name":"Home","item":"https:\/\/www.fazendaboqueiraorn.com.br\/"},{"@type":"ListItem","position":2,"name":"66\u00aa Festa do Agricultor de Lagoa Nova"}]},{"@type":"WebSite","@id":"https:\/\/www.fazendaboqueiraorn.com.br\/#website","url":"https:\/\/www.fazendaboqueiraorn.com.br\/","name":"Fazenda Boqueir\u00e3o","description":"","publisher":{"@id":"https:\/\/www.fazendaboqueiraorn.com.br\/#organization"},"potentialAction":[{"@type":"SearchAction","target":{"@type":"EntryPoint","urlTemplate":"https:\/\/www.fazendaboqueiraorn.com.br\/?s={search_term_string}"},"query-input":{"@type":"PropertyValueSpecification","valueRequired":true,"valueName":"search_term_string"}}],"inLanguage":"en-US"},{"@type":"Organization","@id":"https:\/\/www.fazendaboqueiraorn.com.br\/#organization","name":"Fazenda Boqueir\u00e3o","url":"https:\/\/www.fazendaboqueiraorn.com.br\/","logo":{"@type":"ImageObject","inLanguage":"en-US","@id":"https:\/\/www.fazendaboqueiraorn.com.br\/#\/schema\/logo\/image\/","url":"https:\/\/i0.wp.com\/www.fazendaboqueiraorn.com.br\/wp-content\/uploads\/2021\/08\/logo-fazenda-120x120-1.png?fit=120%2C120&ssl=1","contentUrl":"https:\/\/i0.wp.com\/www.fazendaboqueiraorn.com.br\/wp-content\/uploads\/2021\/08\/logo-fazenda-120x120-1.png?fit=120%2C120&ssl=1","width":120,"height":120,"caption":"Fazenda Boqueir\u00e3o"},"image":{"@id":"https:\/\/www.fazendaboqueiraorn.com.br\/#\/schema\/logo\/image\/"},"sameAs":["https:\/\/www.facebook.com\/fazboqueirao","https:\/\/x.com\/FazBoqueirao","http:\/\/instagram.com\/fazboqueirao\/","https:\/\/www.linkedin.com\/company\/fazboqueirao\/","https:\/\/www.youtube.com\/channel\/UCUA4_8v8HkmMeNUh8c6Ky1Q"]},{"@type":"Person","@id":"https:\/\/www.fazendaboqueiraorn.com.br\/#\/schema\/person\/70484dc96f76e66c6365a9f4a2ebfb02","name":"Fazenda Boqueir\u00e3o","image":{"@type":"ImageObject","inLanguage":"en-US","@id":"https:\/\/secure.gravatar.com\/avatar\/19f19467ae305ded5d913deae2fb6c6f29fe88a0a7f3a4dca5679407289a9efd?s=96&d=mm&r=g","url":"https:\/\/secure.gravatar.com\/avatar\/19f19467ae305ded5d913deae2fb6c6f29fe88a0a7f3a4dca5679407289a9efd?s=96&d=mm&r=g","contentUrl":"https:\/\/secure.gravatar.com\/avatar\/19f19467ae305ded5d913deae2fb6c6f29fe88a0a7f3a4dca5679407289a9efd?s=96&d=mm&r=g","caption":"Fazenda Boqueir\u00e3o"},"url":"https:\/\/www.fazendaboqueiraorn.com.br\/en\/author\/fazenda\/"}]}},"jetpack_publicize_connections":[],"uagb_featured_image_src":{"full":["https:\/\/i0.wp.com\/www.fazendaboqueiraorn.com.br\/wp-content\/uploads\/2023\/05\/lagoa-nova-20230519-scaled.jpg?fit=1000%2C844&ssl=1",1000,844,false],"thumbnail":["https:\/\/i0.wp.com\/www.fazendaboqueiraorn.com.br\/wp-content\/uploads\/2023\/05\/lagoa-nova-20230519-scaled.jpg?resize=150%2C150&ssl=1",150,150,true],"medium":["https:\/\/i0.wp.com\/www.fazendaboqueiraorn.com.br\/wp-content\/uploads\/2023\/05\/lagoa-nova-20230519-scaled.jpg?fit=300%2C253&ssl=1",300,253,true],"medium_large":["https:\/\/i0.wp.com\/www.fazendaboqueiraorn.com.br\/wp-content\/uploads\/2023\/05\/lagoa-nova-20230519-scaled.jpg?fit=768%2C648&ssl=1",768,648,true],"large":["https:\/\/i0.wp.com\/www.fazendaboqueiraorn.com.br\/wp-content\/uploads\/2023\/05\/lagoa-nova-20230519-scaled.jpg?fit=1024%2C864&ssl=1",1024,864,true],"1536x1536":["https:\/\/i0.wp.com\/www.fazendaboqueiraorn.com.br\/wp-content\/uploads\/2023\/05\/lagoa-nova-20230519-scaled.jpg?fit=1536%2C1296&ssl=1",1536,1296,true],"2048x2048":["https:\/\/i0.wp.com\/www.fazendaboqueiraorn.com.br\/wp-content\/uploads\/2023\/05\/lagoa-nova-20230519-scaled.jpg?fit=1000%2C844&ssl=1",1000,844,true],"trp-custom-language-flag":["https:\/\/i0.wp.com\/www.fazendaboqueiraorn.com.br\/wp-content\/uploads\/2023\/05\/lagoa-nova-20230519-scaled.jpg?fit=14%2C12&ssl=1",14,12,true],"ultp_layout_landscape_large":["https:\/\/i0.wp.com\/www.fazendaboqueiraorn.com.br\/wp-content\/uploads\/2023\/05\/lagoa-nova-20230519-scaled.jpg?resize=1000%2C800&ssl=1",1000,800,true],"ultp_layout_landscape":["https:\/\/i0.wp.com\/www.fazendaboqueiraorn.com.br\/wp-content\/uploads\/2023\/05\/lagoa-nova-20230519-scaled.jpg?resize=870%2C570&ssl=1",870,570,true],"ultp_layout_portrait":["https:\/\/i0.wp.com\/www.fazendaboqueiraorn.com.br\/wp-content\/uploads\/2023\/05\/lagoa-nova-20230519-scaled.jpg?resize=600%2C844&ssl=1",600,844,true],"ultp_layout_square":["https:\/\/i0.wp.com\/www.fazendaboqueiraorn.com.br\/wp-content\/uploads\/2023\/05\/lagoa-nova-20230519-scaled.jpg?resize=600%2C600&ssl=1",600,600,true],"woocommerce_thumbnail":["https:\/\/www.fazendaboqueiraorn.com.br\/wp-content\/uploads\/2023\/05\/lagoa-nova-20230519-scaled-300x300.jpg",300,300,true],"woocommerce_single":["https:\/\/www.fazendaboqueiraorn.com.br\/wp-content\/uploads\/2023\/05\/lagoa-nova-20230519-scaled.jpg",600,506,false],"woocommerce_gallery_thumbnail":["https:\/\/www.fazendaboqueiraorn.com.br\/wp-content\/uploads\/2023\/05\/lagoa-nova-20230519-scaled-100x100.jpg",100,100,true],"web-stories-poster-portrait":["https:\/\/www.fazendaboqueiraorn.com.br\/wp-content\/uploads\/2023\/05\/lagoa-nova-20230519-scaled.jpg",640,540,false],"web-stories-publisher-logo":["https:\/\/www.fazendaboqueiraorn.com.br\/wp-content\/uploads\/2023\/05\/lagoa-nova-20230519-scaled.jpg",96,81,false],"web-stories-thumbnail":["https:\/\/www.fazendaboqueiraorn.com.br\/wp-content\/uploads\/2023\/05\/lagoa-nova-20230519-scaled.jpg",150,127,false]},"uagb_author_info":{"display_name":"Fazenda Boqueir\u00e3o","author_link":"https:\/\/www.fazendaboqueiraorn.com.br\/en\/author\/fazenda\/"},"uagb_comment_info":0,"uagb_excerpt":"A Prefeitura de Lagoa Nova divulgou nesta quinta-feira (04) a programa\u00e7\u00e3o da 66\u00aa Festa do Agricultor. A partir do dia 19 de maio, ser\u00e3o tr\u00eas dias de atra\u00e7\u00f5es totalmente gratuitas na Pra\u00e7a P\u00fablica.","jetpack_featured_media_url":"https:\/\/i0.wp.com\/www.fazendaboqueiraorn.com.br\/wp-content\/uploads\/2023\/05\/lagoa-nova-20230519-scaled.jpg?fit=1000%2C844&ssl=1","jetpack_sharing_enabled":true,"jetpack_likes_enabled":true,"_links":{"self":[{"href":"https:\/\/www.fazendaboqueiraorn.com.br\/en\/wp-json\/wp\/v2\/posts\/3886","targetHints":{"allow":["GET"]}}],"collection":[{"href":"https:\/\/www.fazendaboqueiraorn.com.br\/en\/wp-json\/wp\/v2\/posts"}],"about":[{"href":"https:\/\/www.fazendaboqueiraorn.com.br\/en\/wp-json\/wp\/v2\/types\/post"}],"author":[{"embeddable":true,"href":"https:\/\/www.fazendaboqueiraorn.com.br\/en\/wp-json\/wp\/v2\/users\/2"}],"replies":[{"embeddable":true,"href":"https:\/\/www.fazendaboqueiraorn.com.br\/en\/wp-json\/wp\/v2\/comments?post=3886"}],"version-history":[{"count":2,"href":"https:\/\/www.fazendaboqueiraorn.com.br\/en\/wp-json\/wp\/v2\/posts\/3886\/revisions"}],"predecessor-version":[{"id":3890,"href":"https:\/\/www.fazendaboqueiraorn.com.br\/en\/wp-json\/wp\/v2\/posts\/3886\/revisions\/3890"}],"wp:featuredmedia":[{"embeddable":true,"href":"https:\/\/www.fazendaboqueiraorn.com.br\/en\/wp-json\/wp\/v2\/media\/3888"}],"wp:attachment":[{"href":"https:\/\/www.fazendaboqueiraorn.com.br\/en\/wp-json\/wp\/v2\/media?parent=3886"}],"wp:term":[{"taxonomy":"category","embeddable":true,"href":"https:\/\/www.fazendaboqueiraorn.com.br\/en\/wp-json\/wp\/v2\/categories?post=3886"},{"taxonomy":"post_tag","embeddable":true,"href":"https:\/\/www.fazendaboqueiraorn.com.br\/en\/wp-json\/wp\/v2\/tags?post=3886"}],"curies":[{"name":"wp","href":"https:\/\/api.w.org\/{rel}","templated":true}]}}