{"id":3674,"date":"2023-03-09T09:49:53","date_gmt":"2023-03-09T12:49:53","guid":{"rendered":"https:\/\/www.fazendaboqueiraorn.com.br\/?p=3674"},"modified":"2023-03-09T09:52:28","modified_gmt":"2023-03-09T12:52:28","slug":"13a-cavalgada-de-sao-jose","status":"publish","type":"post","link":"https:\/\/www.fazendaboqueiraorn.com.br\/en\/13a-cavalgada-de-sao-jose\/","title":{"rendered":"13\u00aa Cavalgada de S\u00e3o Jos\u00e9"},"content":{"rendered":"<figure class=\"wp-block-image size-full\"><img data-recalc-dims=\"1\" decoding=\"async\" width=\"720\" height=\"997\" loading=\"lazy\" src=\"https:\/\/i0.wp.com\/www.fazendaboqueiraorn.com.br\/wp-content\/uploads\/2023\/03\/park-sao-jose-20230312.jpg?resize=720%2C997&#038;ssl=1\" alt=\"13\u00aa Cavalgada de S\u00e3o Jos\u00e9\" class=\"wp-image-3675\" srcset=\"https:\/\/i0.wp.com\/www.fazendaboqueiraorn.com.br\/wp-content\/uploads\/2023\/03\/park-sao-jose-20230312.jpg?w=720&amp;ssl=1 720w, https:\/\/i0.wp.com\/www.fazendaboqueiraorn.com.br\/wp-content\/uploads\/2023\/03\/park-sao-jose-20230312.jpg?resize=600%2C831&amp;ssl=1 600w, https:\/\/i0.wp.com\/www.fazendaboqueiraorn.com.br\/wp-content\/uploads\/2023\/03\/park-sao-jose-20230312.jpg?resize=217%2C300&amp;ssl=1 217w, https:\/\/i0.wp.com\/www.fazendaboqueiraorn.com.br\/wp-content\/uploads\/2023\/03\/park-sao-jose-20230312.jpg?resize=9%2C12&amp;ssl=1 9w, https:\/\/i0.wp.com\/www.fazendaboqueiraorn.com.br\/wp-content\/uploads\/2023\/03\/park-sao-jose-20230312.jpg?resize=650%2C900&amp;ssl=1 650w\" sizes=\"auto, (max-width: 720px) 100vw, 720px\" \/><\/figure>\n\n\n\n<p>A 13\u00aa Cavalgada de S\u00e3o Jos\u00e9 promete ser um dos eventos mais emocionantes do ano para os amantes da cultura sertaneja. A cavalgada, que acontecer\u00e1 no dia 12 de mar\u00e7o de 2023, ter\u00e1 a presen\u00e7a de tr\u00eas grandes artistas do cen\u00e1rio musical: Edyr Vaqueiro, Luan Oliveira e Farra de Rico.<\/p>\n\n\n\n<p>A cavalgada ter\u00e1 in\u00edcio no Park S\u00e3o Jos\u00e9, em Angicos\/RN, e percorrer\u00e1 diversas estradas e trilhas rurais da regi\u00e3o. Os participantes poder\u00e3o apreciar as paisagens do sert\u00e3o potiguar e se conectar com a natureza, em um ambiente de paz e tranquilidade.<\/p>\n\n\n\n<p>A presen\u00e7a de Edyr Vaqueiro, Luan Oliveira e Farra de Rico trar\u00e1 uma energia especial ao evento, com muita m\u00fasica e anima\u00e7\u00e3o durante o trajeto. Os artistas animar\u00e3o a multid\u00e3o com seus sucessos e cantorias, tornando a cavalgada ainda mais divertida e emocionante.<\/p>\n\n\n\n<p>A cavalgada com Edyr Vaqueiro, Luan Oliveira e Farra de Rico na 13\u00aa Cavalgada de S\u00e3o Jos\u00e9 ser\u00e1 uma oportunidade \u00fanica para os amantes da cultura sertaneja se conectarem com a natureza e celebrarem a riqueza cultural do Nordeste. O evento promete ser inesquec\u00edvel e deixar saudades em todos que estiverem presentes.<\/p>\n\n\n\n<p>Se voc\u00ea \u00e9 um apaixonado por cavalgadas e cultura sertaneja, n\u00e3o pode perder a oportunidade de participar da 13\u00aa Cavalgada de S\u00e3o Jos\u00e9 com Edyr Vaqueiro, Luan Oliveira e Farra de Rico. Garanta j\u00e1 o seu ingresso e prepare-se para um dia cheio de emo\u00e7\u00e3o, divers\u00e3o e muita m\u00fasica.<\/p>","protected":false},"excerpt":{"rendered":"<p>A 13\u00aa Cavalgada de S\u00e3o Jos\u00e9 promete ser um dos eventos mais emocionantes do ano para os amantes da cultura sertaneja. A cavalgada, que acontecer\u00e1 no dia 12 de mar\u00e7o de 2023, ter\u00e1 a presen\u00e7a de tr\u00eas grandes artistas do cen\u00e1rio musical: Edyr Vaqueiro, Luan Oliveira e Farra de Rico.<\/p>","protected":false},"author":2,"featured_media":3675,"comment_status":"open","ping_status":"open","sticky":false,"template":"","format":"standard","meta":{"nf_dc_page":"","_uag_custom_page_level_css":"","site-sidebar-layout":"default","site-content-layout":"","ast-site-content-layout":"default","site-content-style":"default","site-sidebar-style":"default","ast-global-header-display":"","ast-banner-title-visibility":"","ast-main-header-display":"","ast-hfb-above-header-display":"","ast-hfb-below-header-display":"","ast-hfb-mobile-header-display":"","site-post-title":"","ast-breadcrumbs-content":"","ast-featured-img":"","footer-sml-layout":"","ast-disable-related-posts":"","theme-transparent-header-meta":"","adv-header-id-meta":"","stick-header-meta":"","header-above-stick-meta":"","header-main-stick-meta":"","header-below-stick-meta":"","astra-migrate-meta-layouts":"default","ast-page-background-enabled":"default","ast-page-background-meta":{"desktop":{"background-color":"var(--ast-global-color-4)","background-image":"","background-repeat":"repeat","background-position":"center center","background-size":"auto","background-attachment":"scroll","background-type":"","background-media":"","overlay-type":"","overlay-color":"","overlay-opacity":"","overlay-gradient":""},"tablet":{"background-color":"","background-image":"","background-repeat":"repeat","background-position":"center center","background-size":"auto","background-attachment":"scroll","background-type":"","background-media":"","overlay-type":"","overlay-color":"","overlay-opacity":"","overlay-gradient":""},"mobile":{"background-color":"","background-image":"","background-repeat":"repeat","background-position":"center center","background-size":"auto","background-attachment":"scroll","background-type":"","background-media":"","overlay-type":"","overlay-color":"","overlay-opacity":"","overlay-gradient":""}},"ast-content-background-meta":{"desktop":{"background-color":"var(--ast-global-color-5)","background-image":"","background-repeat":"repeat","background-position":"center center","background-size":"auto","background-attachment":"scroll","background-type":"","background-media":"","overlay-type":"","overlay-color":"","overlay-opacity":"","overlay-gradient":""},"tablet":{"background-color":"var(--ast-global-color-5)","background-image":"","background-repeat":"repeat","background-position":"center center","background-size":"auto","background-attachment":"scroll","background-type":"","background-media":"","overlay-type":"","overlay-color":"","overlay-opacity":"","overlay-gradient":""},"mobile":{"background-color":"var(--ast-global-color-5)","background-image":"","background-repeat":"repeat","background-position":"center center","background-size":"auto","background-attachment":"scroll","background-type":"","background-media":"","overlay-type":"","overlay-color":"","overlay-opacity":"","overlay-gradient":""}},"jetpack_post_was_ever_published":false,"_jetpack_newsletter_access":"","_jetpack_dont_email_post_to_subs":false,"_jetpack_newsletter_tier_id":0,"_jetpack_memberships_contains_paywalled_content":false,"_jetpack_memberships_contains_paid_content":false,"footnotes":"","jetpack_publicize_message":"","jetpack_publicize_feature_enabled":true,"jetpack_social_post_already_shared":false,"jetpack_social_options":{"image_generator_settings":{"template":"highway","default_image_id":0,"font":"","enabled":false},"version":2}},"categories":[429],"tags":[794,316,795,647,18,796,26,803,28],"class_list":["post-3674","post","type-post","status-publish","format-standard","has-post-thumbnail","hentry","category-eventos","tag-angicos","tag-cavalgada","tag-edyr-vaqueiro","tag-estrada","tag-evento","tag-luan-oliveira-e-farra-de-rico-13a-cavalgada-de-sao-jose","tag-nordeste","tag-park-sao-jose","tag-vaqueiro"],"yoast_head":"<!-- This site is optimized with the Yoast SEO plugin v27.4 - https:\/\/yoast.com\/product\/yoast-seo-wordpress\/ -->\n<title>13\u00aa Cavalgada de S\u00e3o Jos\u00e9 - Fazenda Boqueir\u00e3o<\/title>\n<meta name=\"description\" content=\"A 13\u00aa Cavalgada de S\u00e3o Jos\u00e9 acontecer\u00e1 no dia 12 de mar\u00e7o de 2023 com Edyr Vaqueiro, Luan Oliveira e Farra de Rico.\" \/>\n<meta name=\"robots\" content=\"index, follow, max-snippet:-1, max-image-preview:large, max-video-preview:-1\" \/>\n<link rel=\"canonical\" href=\"https:\/\/www.fazendaboqueiraorn.com.br\/en\/13a-cavalgada-de-sao-jose\/\" \/>\n<meta property=\"og:locale\" content=\"en_US\" \/>\n<meta property=\"og:type\" content=\"article\" \/>\n<meta property=\"og:title\" content=\"13\u00aa Cavalgada de S\u00e3o Jos\u00e9 - Fazenda Boqueir\u00e3o\" \/>\n<meta property=\"og:description\" content=\"A 13\u00aa Cavalgada de S\u00e3o Jos\u00e9 acontecer\u00e1 no dia 12 de mar\u00e7o de 2023 com Edyr Vaqueiro, Luan Oliveira e Farra de Rico.\" \/>\n<meta property=\"og:url\" content=\"https:\/\/www.fazendaboqueiraorn.com.br\/en\/13a-cavalgada-de-sao-jose\/\" \/>\n<meta property=\"og:site_name\" content=\"Fazenda Boqueir\u00e3o\" \/>\n<meta property=\"article:publisher\" content=\"https:\/\/www.facebook.com\/fazboqueirao\" \/>\n<meta property=\"article:published_time\" content=\"2023-03-09T12:49:53+00:00\" \/>\n<meta property=\"article:modified_time\" content=\"2023-03-09T12:52:28+00:00\" \/>\n<meta property=\"og:image\" content=\"https:\/\/www.fazendaboqueiraorn.com.br\/wp-content\/uploads\/2023\/03\/park-sao-jose-20230312.jpg\" \/>\n\t<meta property=\"og:image:width\" content=\"720\" \/>\n\t<meta property=\"og:image:height\" content=\"997\" \/>\n\t<meta property=\"og:image:type\" content=\"image\/jpeg\" \/>\n<meta name=\"author\" content=\"Fazenda Boqueir\u00e3o\" \/>\n<meta name=\"twitter:card\" content=\"summary_large_image\" \/>\n<meta name=\"twitter:creator\" content=\"@FazBoqueirao\" \/>\n<meta name=\"twitter:site\" content=\"@FazBoqueirao\" \/>\n<meta name=\"twitter:label1\" content=\"Written by\" \/>\n\t<meta name=\"twitter:data1\" content=\"Fazenda Boqueir\u00e3o\" \/>\n\t<meta name=\"twitter:label2\" content=\"Est. reading time\" \/>\n\t<meta name=\"twitter:data2\" content=\"2 minutes\" \/>\n<script type=\"application\/ld+json\" class=\"yoast-schema-graph\">{\"@context\":\"https:\\\/\\\/schema.org\",\"@graph\":[{\"@type\":\"Article\",\"@id\":\"https:\\\/\\\/www.fazendaboqueiraorn.com.br\\\/13a-cavalgada-de-sao-jose\\\/#article\",\"isPartOf\":{\"@id\":\"https:\\\/\\\/www.fazendaboqueiraorn.com.br\\\/13a-cavalgada-de-sao-jose\\\/\"},\"author\":{\"name\":\"Fazenda Boqueir\u00e3o\",\"@id\":\"https:\\\/\\\/www.fazendaboqueiraorn.com.br\\\/#\\\/schema\\\/person\\\/70484dc96f76e66c6365a9f4a2ebfb02\"},\"headline\":\"13\u00aa Cavalgada de S\u00e3o Jos\u00e9\",\"datePublished\":\"2023-03-09T12:49:53+00:00\",\"dateModified\":\"2023-03-09T12:52:28+00:00\",\"mainEntityOfPage\":{\"@id\":\"https:\\\/\\\/www.fazendaboqueiraorn.com.br\\\/13a-cavalgada-de-sao-jose\\\/\"},\"wordCount\":257,\"commentCount\":0,\"publisher\":{\"@id\":\"https:\\\/\\\/www.fazendaboqueiraorn.com.br\\\/#organization\"},\"image\":{\"@id\":\"https:\\\/\\\/www.fazendaboqueiraorn.com.br\\\/13a-cavalgada-de-sao-jose\\\/#primaryimage\"},\"thumbnailUrl\":\"https:\\\/\\\/i0.wp.com\\\/www.fazendaboqueiraorn.com.br\\\/wp-content\\\/uploads\\\/2023\\\/03\\\/park-sao-jose-20230312.jpg?fit=720%2C997&ssl=1\",\"keywords\":[\"Angicos\",\"cavalgada\",\"Edyr Vaqueiro\",\"estrada\",\"evento\",\"Luan Oliveira e Farra de Rico - 13\u00aa Cavalgada de S\u00e3o Jos\u00e9\",\"Nordeste\",\"Park S\u00e3o Jos\u00e9\",\"vaqueiro\"],\"articleSection\":[\"Eventos\"],\"inLanguage\":\"en-US\",\"potentialAction\":[{\"@type\":\"CommentAction\",\"name\":\"Comment\",\"target\":[\"https:\\\/\\\/www.fazendaboqueiraorn.com.br\\\/13a-cavalgada-de-sao-jose\\\/#respond\"]}]},{\"@type\":\"WebPage\",\"@id\":\"https:\\\/\\\/www.fazendaboqueiraorn.com.br\\\/13a-cavalgada-de-sao-jose\\\/\",\"url\":\"https:\\\/\\\/www.fazendaboqueiraorn.com.br\\\/13a-cavalgada-de-sao-jose\\\/\",\"name\":\"13\u00aa Cavalgada de S\u00e3o Jos\u00e9 - Fazenda Boqueir\u00e3o\",\"isPartOf\":{\"@id\":\"https:\\\/\\\/www.fazendaboqueiraorn.com.br\\\/#website\"},\"primaryImageOfPage\":{\"@id\":\"https:\\\/\\\/www.fazendaboqueiraorn.com.br\\\/13a-cavalgada-de-sao-jose\\\/#primaryimage\"},\"image\":{\"@id\":\"https:\\\/\\\/www.fazendaboqueiraorn.com.br\\\/13a-cavalgada-de-sao-jose\\\/#primaryimage\"},\"thumbnailUrl\":\"https:\\\/\\\/i0.wp.com\\\/www.fazendaboqueiraorn.com.br\\\/wp-content\\\/uploads\\\/2023\\\/03\\\/park-sao-jose-20230312.jpg?fit=720%2C997&ssl=1\",\"datePublished\":\"2023-03-09T12:49:53+00:00\",\"dateModified\":\"2023-03-09T12:52:28+00:00\",\"description\":\"A 13\u00aa Cavalgada de S\u00e3o Jos\u00e9 acontecer\u00e1 no dia 12 de mar\u00e7o de 2023 com Edyr Vaqueiro, Luan Oliveira e Farra de Rico.\",\"breadcrumb\":{\"@id\":\"https:\\\/\\\/www.fazendaboqueiraorn.com.br\\\/13a-cavalgada-de-sao-jose\\\/#breadcrumb\"},\"inLanguage\":\"en-US\",\"potentialAction\":[{\"@type\":\"ReadAction\",\"target\":[\"https:\\\/\\\/www.fazendaboqueiraorn.com.br\\\/13a-cavalgada-de-sao-jose\\\/\"]}]},{\"@type\":\"ImageObject\",\"inLanguage\":\"en-US\",\"@id\":\"https:\\\/\\\/www.fazendaboqueiraorn.com.br\\\/13a-cavalgada-de-sao-jose\\\/#primaryimage\",\"url\":\"https:\\\/\\\/i0.wp.com\\\/www.fazendaboqueiraorn.com.br\\\/wp-content\\\/uploads\\\/2023\\\/03\\\/park-sao-jose-20230312.jpg?fit=720%2C997&ssl=1\",\"contentUrl\":\"https:\\\/\\\/i0.wp.com\\\/www.fazendaboqueiraorn.com.br\\\/wp-content\\\/uploads\\\/2023\\\/03\\\/park-sao-jose-20230312.jpg?fit=720%2C997&ssl=1\",\"width\":720,\"height\":997,\"caption\":\"13\u00aa Cavalgada de S\u00e3o Jos\u00e9\"},{\"@type\":\"BreadcrumbList\",\"@id\":\"https:\\\/\\\/www.fazendaboqueiraorn.com.br\\\/13a-cavalgada-de-sao-jose\\\/#breadcrumb\",\"itemListElement\":[{\"@type\":\"ListItem\",\"position\":1,\"name\":\"Home\",\"item\":\"https:\\\/\\\/www.fazendaboqueiraorn.com.br\\\/\"},{\"@type\":\"ListItem\",\"position\":2,\"name\":\"13\u00aa Cavalgada de S\u00e3o Jos\u00e9\"}]},{\"@type\":\"WebSite\",\"@id\":\"https:\\\/\\\/www.fazendaboqueiraorn.com.br\\\/#website\",\"url\":\"https:\\\/\\\/www.fazendaboqueiraorn.com.br\\\/\",\"name\":\"Fazenda Boqueir\u00e3o\",\"description\":\"\",\"publisher\":{\"@id\":\"https:\\\/\\\/www.fazendaboqueiraorn.com.br\\\/#organization\"},\"potentialAction\":[{\"@type\":\"SearchAction\",\"target\":{\"@type\":\"EntryPoint\",\"urlTemplate\":\"https:\\\/\\\/www.fazendaboqueiraorn.com.br\\\/?s={search_term_string}\"},\"query-input\":{\"@type\":\"PropertyValueSpecification\",\"valueRequired\":true,\"valueName\":\"search_term_string\"}}],\"inLanguage\":\"en-US\"},{\"@type\":\"Organization\",\"@id\":\"https:\\\/\\\/www.fazendaboqueiraorn.com.br\\\/#organization\",\"name\":\"Fazenda Boqueir\u00e3o\",\"url\":\"https:\\\/\\\/www.fazendaboqueiraorn.com.br\\\/\",\"logo\":{\"@type\":\"ImageObject\",\"inLanguage\":\"en-US\",\"@id\":\"https:\\\/\\\/www.fazendaboqueiraorn.com.br\\\/#\\\/schema\\\/logo\\\/image\\\/\",\"url\":\"https:\\\/\\\/i0.wp.com\\\/www.fazendaboqueiraorn.com.br\\\/wp-content\\\/uploads\\\/2021\\\/08\\\/logo-fazenda-120x120-1.png?fit=120%2C120&ssl=1\",\"contentUrl\":\"https:\\\/\\\/i0.wp.com\\\/www.fazendaboqueiraorn.com.br\\\/wp-content\\\/uploads\\\/2021\\\/08\\\/logo-fazenda-120x120-1.png?fit=120%2C120&ssl=1\",\"width\":120,\"height\":120,\"caption\":\"Fazenda Boqueir\u00e3o\"},\"image\":{\"@id\":\"https:\\\/\\\/www.fazendaboqueiraorn.com.br\\\/#\\\/schema\\\/logo\\\/image\\\/\"},\"sameAs\":[\"https:\\\/\\\/www.facebook.com\\\/fazboqueirao\",\"https:\\\/\\\/x.com\\\/FazBoqueirao\",\"http:\\\/\\\/instagram.com\\\/fazboqueirao\\\/\",\"https:\\\/\\\/www.linkedin.com\\\/company\\\/fazboqueirao\\\/\",\"https:\\\/\\\/www.youtube.com\\\/channel\\\/UCUA4_8v8HkmMeNUh8c6Ky1Q\"]},{\"@type\":\"Person\",\"@id\":\"https:\\\/\\\/www.fazendaboqueiraorn.com.br\\\/#\\\/schema\\\/person\\\/70484dc96f76e66c6365a9f4a2ebfb02\",\"name\":\"Fazenda Boqueir\u00e3o\",\"image\":{\"@type\":\"ImageObject\",\"inLanguage\":\"en-US\",\"@id\":\"https:\\\/\\\/secure.gravatar.com\\\/avatar\\\/19f19467ae305ded5d913deae2fb6c6f29fe88a0a7f3a4dca5679407289a9efd?s=96&d=mm&r=g\",\"url\":\"https:\\\/\\\/secure.gravatar.com\\\/avatar\\\/19f19467ae305ded5d913deae2fb6c6f29fe88a0a7f3a4dca5679407289a9efd?s=96&d=mm&r=g\",\"contentUrl\":\"https:\\\/\\\/secure.gravatar.com\\\/avatar\\\/19f19467ae305ded5d913deae2fb6c6f29fe88a0a7f3a4dca5679407289a9efd?s=96&d=mm&r=g\",\"caption\":\"Fazenda Boqueir\u00e3o\"},\"url\":\"https:\\\/\\\/www.fazendaboqueiraorn.com.br\\\/en\\\/author\\\/fazenda\\\/\"}]}<\/script>\n<!-- \/ Yoast SEO plugin. -->","yoast_head_json":{"title":"13\u00aa Cavalgada de S\u00e3o Jos\u00e9 - Fazenda Boqueir\u00e3o","description":"A 13\u00aa Cavalgada de S\u00e3o Jos\u00e9 acontecer\u00e1 no dia 12 de mar\u00e7o de 2023 com Edyr Vaqueiro, Luan Oliveira e Farra de Rico.","robots":{"index":"index","follow":"follow","max-snippet":"max-snippet:-1","max-image-preview":"max-image-preview:large","max-video-preview":"max-video-preview:-1"},"canonical":"https:\/\/www.fazendaboqueiraorn.com.br\/en\/13a-cavalgada-de-sao-jose\/","og_locale":"en_US","og_type":"article","og_title":"13\u00aa Cavalgada de S\u00e3o Jos\u00e9 - Fazenda Boqueir\u00e3o","og_description":"A 13\u00aa Cavalgada de S\u00e3o Jos\u00e9 acontecer\u00e1 no dia 12 de mar\u00e7o de 2023 com Edyr Vaqueiro, Luan Oliveira e Farra de Rico.","og_url":"https:\/\/www.fazendaboqueiraorn.com.br\/en\/13a-cavalgada-de-sao-jose\/","og_site_name":"Fazenda Boqueir\u00e3o","article_publisher":"https:\/\/www.facebook.com\/fazboqueirao","article_published_time":"2023-03-09T12:49:53+00:00","article_modified_time":"2023-03-09T12:52:28+00:00","og_image":[{"width":720,"height":997,"url":"https:\/\/www.fazendaboqueiraorn.com.br\/wp-content\/uploads\/2023\/03\/park-sao-jose-20230312.jpg","type":"image\/jpeg"}],"author":"Fazenda Boqueir\u00e3o","twitter_card":"summary_large_image","twitter_creator":"@FazBoqueirao","twitter_site":"@FazBoqueirao","twitter_misc":{"Written by":"Fazenda Boqueir\u00e3o","Est. reading time":"2 minutes"},"schema":{"@context":"https:\/\/schema.org","@graph":[{"@type":"Article","@id":"https:\/\/www.fazendaboqueiraorn.com.br\/13a-cavalgada-de-sao-jose\/#article","isPartOf":{"@id":"https:\/\/www.fazendaboqueiraorn.com.br\/13a-cavalgada-de-sao-jose\/"},"author":{"name":"Fazenda Boqueir\u00e3o","@id":"https:\/\/www.fazendaboqueiraorn.com.br\/#\/schema\/person\/70484dc96f76e66c6365a9f4a2ebfb02"},"headline":"13\u00aa Cavalgada de S\u00e3o Jos\u00e9","datePublished":"2023-03-09T12:49:53+00:00","dateModified":"2023-03-09T12:52:28+00:00","mainEntityOfPage":{"@id":"https:\/\/www.fazendaboqueiraorn.com.br\/13a-cavalgada-de-sao-jose\/"},"wordCount":257,"commentCount":0,"publisher":{"@id":"https:\/\/www.fazendaboqueiraorn.com.br\/#organization"},"image":{"@id":"https:\/\/www.fazendaboqueiraorn.com.br\/13a-cavalgada-de-sao-jose\/#primaryimage"},"thumbnailUrl":"https:\/\/i0.wp.com\/www.fazendaboqueiraorn.com.br\/wp-content\/uploads\/2023\/03\/park-sao-jose-20230312.jpg?fit=720%2C997&ssl=1","keywords":["Angicos","cavalgada","Edyr Vaqueiro","estrada","evento","Luan Oliveira e Farra de Rico - 13\u00aa Cavalgada de S\u00e3o Jos\u00e9","Nordeste","Park S\u00e3o Jos\u00e9","vaqueiro"],"articleSection":["Eventos"],"inLanguage":"en-US","potentialAction":[{"@type":"CommentAction","name":"Comment","target":["https:\/\/www.fazendaboqueiraorn.com.br\/13a-cavalgada-de-sao-jose\/#respond"]}]},{"@type":"WebPage","@id":"https:\/\/www.fazendaboqueiraorn.com.br\/13a-cavalgada-de-sao-jose\/","url":"https:\/\/www.fazendaboqueiraorn.com.br\/13a-cavalgada-de-sao-jose\/","name":"13\u00aa Cavalgada de S\u00e3o Jos\u00e9 - Fazenda Boqueir\u00e3o","isPartOf":{"@id":"https:\/\/www.fazendaboqueiraorn.com.br\/#website"},"primaryImageOfPage":{"@id":"https:\/\/www.fazendaboqueiraorn.com.br\/13a-cavalgada-de-sao-jose\/#primaryimage"},"image":{"@id":"https:\/\/www.fazendaboqueiraorn.com.br\/13a-cavalgada-de-sao-jose\/#primaryimage"},"thumbnailUrl":"https:\/\/i0.wp.com\/www.fazendaboqueiraorn.com.br\/wp-content\/uploads\/2023\/03\/park-sao-jose-20230312.jpg?fit=720%2C997&ssl=1","datePublished":"2023-03-09T12:49:53+00:00","dateModified":"2023-03-09T12:52:28+00:00","description":"A 13\u00aa Cavalgada de S\u00e3o Jos\u00e9 acontecer\u00e1 no dia 12 de mar\u00e7o de 2023 com Edyr Vaqueiro, Luan Oliveira e Farra de Rico.","breadcrumb":{"@id":"https:\/\/www.fazendaboqueiraorn.com.br\/13a-cavalgada-de-sao-jose\/#breadcrumb"},"inLanguage":"en-US","potentialAction":[{"@type":"ReadAction","target":["https:\/\/www.fazendaboqueiraorn.com.br\/13a-cavalgada-de-sao-jose\/"]}]},{"@type":"ImageObject","inLanguage":"en-US","@id":"https:\/\/www.fazendaboqueiraorn.com.br\/13a-cavalgada-de-sao-jose\/#primaryimage","url":"https:\/\/i0.wp.com\/www.fazendaboqueiraorn.com.br\/wp-content\/uploads\/2023\/03\/park-sao-jose-20230312.jpg?fit=720%2C997&ssl=1","contentUrl":"https:\/\/i0.wp.com\/www.fazendaboqueiraorn.com.br\/wp-content\/uploads\/2023\/03\/park-sao-jose-20230312.jpg?fit=720%2C997&ssl=1","width":720,"height":997,"caption":"13\u00aa Cavalgada de S\u00e3o Jos\u00e9"},{"@type":"BreadcrumbList","@id":"https:\/\/www.fazendaboqueiraorn.com.br\/13a-cavalgada-de-sao-jose\/#breadcrumb","itemListElement":[{"@type":"ListItem","position":1,"name":"Home","item":"https:\/\/www.fazendaboqueiraorn.com.br\/"},{"@type":"ListItem","position":2,"name":"13\u00aa Cavalgada de S\u00e3o Jos\u00e9"}]},{"@type":"WebSite","@id":"https:\/\/www.fazendaboqueiraorn.com.br\/#website","url":"https:\/\/www.fazendaboqueiraorn.com.br\/","name":"Fazenda Boqueir\u00e3o","description":"","publisher":{"@id":"https:\/\/www.fazendaboqueiraorn.com.br\/#organization"},"potentialAction":[{"@type":"SearchAction","target":{"@type":"EntryPoint","urlTemplate":"https:\/\/www.fazendaboqueiraorn.com.br\/?s={search_term_string}"},"query-input":{"@type":"PropertyValueSpecification","valueRequired":true,"valueName":"search_term_string"}}],"inLanguage":"en-US"},{"@type":"Organization","@id":"https:\/\/www.fazendaboqueiraorn.com.br\/#organization","name":"Fazenda Boqueir\u00e3o","url":"https:\/\/www.fazendaboqueiraorn.com.br\/","logo":{"@type":"ImageObject","inLanguage":"en-US","@id":"https:\/\/www.fazendaboqueiraorn.com.br\/#\/schema\/logo\/image\/","url":"https:\/\/i0.wp.com\/www.fazendaboqueiraorn.com.br\/wp-content\/uploads\/2021\/08\/logo-fazenda-120x120-1.png?fit=120%2C120&ssl=1","contentUrl":"https:\/\/i0.wp.com\/www.fazendaboqueiraorn.com.br\/wp-content\/uploads\/2021\/08\/logo-fazenda-120x120-1.png?fit=120%2C120&ssl=1","width":120,"height":120,"caption":"Fazenda Boqueir\u00e3o"},"image":{"@id":"https:\/\/www.fazendaboqueiraorn.com.br\/#\/schema\/logo\/image\/"},"sameAs":["https:\/\/www.facebook.com\/fazboqueirao","https:\/\/x.com\/FazBoqueirao","http:\/\/instagram.com\/fazboqueirao\/","https:\/\/www.linkedin.com\/company\/fazboqueirao\/","https:\/\/www.youtube.com\/channel\/UCUA4_8v8HkmMeNUh8c6Ky1Q"]},{"@type":"Person","@id":"https:\/\/www.fazendaboqueiraorn.com.br\/#\/schema\/person\/70484dc96f76e66c6365a9f4a2ebfb02","name":"Fazenda Boqueir\u00e3o","image":{"@type":"ImageObject","inLanguage":"en-US","@id":"https:\/\/secure.gravatar.com\/avatar\/19f19467ae305ded5d913deae2fb6c6f29fe88a0a7f3a4dca5679407289a9efd?s=96&d=mm&r=g","url":"https:\/\/secure.gravatar.com\/avatar\/19f19467ae305ded5d913deae2fb6c6f29fe88a0a7f3a4dca5679407289a9efd?s=96&d=mm&r=g","contentUrl":"https:\/\/secure.gravatar.com\/avatar\/19f19467ae305ded5d913deae2fb6c6f29fe88a0a7f3a4dca5679407289a9efd?s=96&d=mm&r=g","caption":"Fazenda Boqueir\u00e3o"},"url":"https:\/\/www.fazendaboqueiraorn.com.br\/en\/author\/fazenda\/"}]}},"jetpack_publicize_connections":[],"uagb_featured_image_src":{"full":["https:\/\/i0.wp.com\/www.fazendaboqueiraorn.com.br\/wp-content\/uploads\/2023\/03\/park-sao-jose-20230312.jpg?fit=720%2C997&ssl=1",720,997,false],"thumbnail":["https:\/\/i0.wp.com\/www.fazendaboqueiraorn.com.br\/wp-content\/uploads\/2023\/03\/park-sao-jose-20230312.jpg?resize=150%2C150&ssl=1",150,150,true],"medium":["https:\/\/i0.wp.com\/www.fazendaboqueiraorn.com.br\/wp-content\/uploads\/2023\/03\/park-sao-jose-20230312.jpg?fit=217%2C300&ssl=1",217,300,true],"medium_large":["https:\/\/i0.wp.com\/www.fazendaboqueiraorn.com.br\/wp-content\/uploads\/2023\/03\/park-sao-jose-20230312.jpg?fit=720%2C997&ssl=1",720,997,true],"large":["https:\/\/i0.wp.com\/www.fazendaboqueiraorn.com.br\/wp-content\/uploads\/2023\/03\/park-sao-jose-20230312.jpg?fit=720%2C997&ssl=1",720,997,true],"1536x1536":["https:\/\/i0.wp.com\/www.fazendaboqueiraorn.com.br\/wp-content\/uploads\/2023\/03\/park-sao-jose-20230312.jpg?fit=720%2C997&ssl=1",720,997,true],"2048x2048":["https:\/\/i0.wp.com\/www.fazendaboqueiraorn.com.br\/wp-content\/uploads\/2023\/03\/park-sao-jose-20230312.jpg?fit=720%2C997&ssl=1",720,997,true],"trp-custom-language-flag":["https:\/\/i0.wp.com\/www.fazendaboqueiraorn.com.br\/wp-content\/uploads\/2023\/03\/park-sao-jose-20230312.jpg?fit=9%2C12&ssl=1",9,12,true],"ultp_layout_landscape_large":["https:\/\/i0.wp.com\/www.fazendaboqueiraorn.com.br\/wp-content\/uploads\/2023\/03\/park-sao-jose-20230312.jpg?resize=720%2C800&ssl=1",720,800,true],"ultp_layout_landscape":["https:\/\/i0.wp.com\/www.fazendaboqueiraorn.com.br\/wp-content\/uploads\/2023\/03\/park-sao-jose-20230312.jpg?resize=720%2C570&ssl=1",720,570,true],"ultp_layout_portrait":["https:\/\/i0.wp.com\/www.fazendaboqueiraorn.com.br\/wp-content\/uploads\/2023\/03\/park-sao-jose-20230312.jpg?resize=600%2C900&ssl=1",600,900,true],"ultp_layout_square":["https:\/\/i0.wp.com\/www.fazendaboqueiraorn.com.br\/wp-content\/uploads\/2023\/03\/park-sao-jose-20230312.jpg?resize=600%2C600&ssl=1",600,600,true],"woocommerce_thumbnail":["https:\/\/www.fazendaboqueiraorn.com.br\/wp-content\/uploads\/2023\/03\/park-sao-jose-20230312-300x300.jpg",300,300,true],"woocommerce_single":["https:\/\/www.fazendaboqueiraorn.com.br\/wp-content\/uploads\/2023\/03\/park-sao-jose-20230312.jpg",600,831,false],"woocommerce_gallery_thumbnail":["https:\/\/www.fazendaboqueiraorn.com.br\/wp-content\/uploads\/2023\/03\/park-sao-jose-20230312-100x100.jpg",100,100,true],"web-stories-poster-portrait":["https:\/\/www.fazendaboqueiraorn.com.br\/wp-content\/uploads\/2023\/03\/park-sao-jose-20230312.jpg",616,853,false],"web-stories-publisher-logo":["https:\/\/www.fazendaboqueiraorn.com.br\/wp-content\/uploads\/2023\/03\/park-sao-jose-20230312.jpg",69,96,false],"web-stories-thumbnail":["https:\/\/www.fazendaboqueiraorn.com.br\/wp-content\/uploads\/2023\/03\/park-sao-jose-20230312.jpg",150,208,false]},"uagb_author_info":{"display_name":"Fazenda Boqueir\u00e3o","author_link":"https:\/\/www.fazendaboqueiraorn.com.br\/en\/author\/fazenda\/"},"uagb_comment_info":0,"uagb_excerpt":"A 13\u00aa Cavalgada de S\u00e3o Jos\u00e9 promete ser um dos eventos mais emocionantes do ano para os amantes da cultura sertaneja. A cavalgada, que acontecer\u00e1 no dia 12 de mar\u00e7o de 2023, ter\u00e1 a presen\u00e7a de tr\u00eas grandes artistas do cen\u00e1rio musical: Edyr Vaqueiro, Luan Oliveira e Farra de Rico.","jetpack_featured_media_url":"https:\/\/i0.wp.com\/www.fazendaboqueiraorn.com.br\/wp-content\/uploads\/2023\/03\/park-sao-jose-20230312.jpg?fit=720%2C997&ssl=1","jetpack_sharing_enabled":true,"jetpack_likes_enabled":true,"_links":{"self":[{"href":"https:\/\/www.fazendaboqueiraorn.com.br\/en\/wp-json\/wp\/v2\/posts\/3674","targetHints":{"allow":["GET"]}}],"collection":[{"href":"https:\/\/www.fazendaboqueiraorn.com.br\/en\/wp-json\/wp\/v2\/posts"}],"about":[{"href":"https:\/\/www.fazendaboqueiraorn.com.br\/en\/wp-json\/wp\/v2\/types\/post"}],"author":[{"embeddable":true,"href":"https:\/\/www.fazendaboqueiraorn.com.br\/en\/wp-json\/wp\/v2\/users\/2"}],"replies":[{"embeddable":true,"href":"https:\/\/www.fazendaboqueiraorn.com.br\/en\/wp-json\/wp\/v2\/comments?post=3674"}],"version-history":[{"count":1,"href":"https:\/\/www.fazendaboqueiraorn.com.br\/en\/wp-json\/wp\/v2\/posts\/3674\/revisions"}],"predecessor-version":[{"id":3677,"href":"https:\/\/www.fazendaboqueiraorn.com.br\/en\/wp-json\/wp\/v2\/posts\/3674\/revisions\/3677"}],"wp:featuredmedia":[{"embeddable":true,"href":"https:\/\/www.fazendaboqueiraorn.com.br\/en\/wp-json\/wp\/v2\/media\/3675"}],"wp:attachment":[{"href":"https:\/\/www.fazendaboqueiraorn.com.br\/en\/wp-json\/wp\/v2\/media?parent=3674"}],"wp:term":[{"taxonomy":"category","embeddable":true,"href":"https:\/\/www.fazendaboqueiraorn.com.br\/en\/wp-json\/wp\/v2\/categories?post=3674"},{"taxonomy":"post_tag","embeddable":true,"href":"https:\/\/www.fazendaboqueiraorn.com.br\/en\/wp-json\/wp\/v2\/tags?post=3674"}],"curies":[{"name":"wp","href":"https:\/\/api.w.org\/{rel}","templated":true}]}}