{"id":3590,"date":"2023-02-24T16:39:19","date_gmt":"2023-02-24T19:39:19","guid":{"rendered":"https:\/\/www.fazendaboqueiraorn.com.br\/?p=3590"},"modified":"2023-02-25T11:54:19","modified_gmt":"2023-02-25T14:54:19","slug":"nova-previsao-do-tempo","status":"publish","type":"post","link":"https:\/\/www.fazendaboqueiraorn.com.br\/en\/nova-previsao-do-tempo\/","title":{"rendered":"Previs\u00e3o do Tempo"},"content":{"rendered":"<div id=\"owm-weather-id-3576-1\" class=\"owm-weather-id\" data-id=\"3576\" data-weather_id=\"owm-weather-id-3576-1\"><div class=\"owmw-loading-spinner\"><button id=\"button-owm-weather-id-3576-1\" onclick=\"owmw_refresh_weather(this.id)\"><img data-recalc-dims=\"1\" decoding=\"async\" src=\"https:\/\/i0.wp.com\/www.fazendaboqueiraorn.com.br\/wp-content\/plugins\/owm-weather\/img\/owmloading.gif?ssl=1\" alt=\"loader\"\/><\/button><\/div><\/div>\n\n\n\n<p>A previs\u00e3o do tempo \u00e9 uma ferramenta crucial para fazendas rurais em todo o mundo. O clima pode afetar diretamente a produ\u00e7\u00e3o agr\u00edcola e animal, afetando a qualidade e a quantidade de produtos que as fazendas produzem. Portanto, entender as condi\u00e7\u00f5es clim\u00e1ticas futuras pode ajudar os agricultores a se prepararem para o sucesso e evitar perdas.<\/p>\n\n\n\n<p>Disponibilizamos uma nova forma de acompanhar a previs\u00e3o do tempo em nosso site. A previs\u00e3o do tempo pode ajudar os agricultores a planejar a irriga\u00e7\u00e3o de suas planta\u00e7\u00f5es, uma vez que o clima afeta a quantidade de \u00e1gua que as plantas precisam. <\/p>\n\n\n\n<p>Se a previs\u00e3o do tempo indica chuvas, os agricultores podem evitar a irriga\u00e7\u00e3o excessiva e economizar recursos valiosos. Por outro lado, se a previs\u00e3o indica um per\u00edodo prolongado de tempo seco, os agricultores podem aumentar a irriga\u00e7\u00e3o para garantir que as plantas recebam \u00e1gua suficiente.<\/p>\n\n\n\n<p>Al\u00e9m disso, a previs\u00e3o do tempo pode ajudar os agricultores a decidir quando plantar suas safras e quando colh\u00ea-las. Os agricultores podem usar informa\u00e7\u00f5es sobre o clima para determinar o momento ideal para plantar sementes, considerando a temperatura e a umidade. Saber quando esperar per\u00edodos de chuva pode ajudar os agricultores a plantar no momento certo para obter uma colheita melhor. Da mesma forma, os agricultores podem usar previs\u00f5es do tempo para determinar quando colher suas planta\u00e7\u00f5es, a fim de garantir que as condi\u00e7\u00f5es clim\u00e1ticas sejam adequadas para o processo.<\/p>\n\n\n\n<p>Al\u00e9m disso, a previs\u00e3o do tempo pode ajudar os agricultores a planejar o manejo de seu gado. O clima afeta a sa\u00fade dos animais e sua capacidade de produzir leite e carne. As previs\u00f5es do tempo podem ajudar os agricultores a planejar o fornecimento de \u00e1gua e comida, bem como o alojamento do gado, a fim de garantir que eles estejam confort\u00e1veis e saud\u00e1veis.<\/p>\n\n\n\n<p>Em resumo, a previs\u00e3o do tempo \u00e9 crucial para as fazendas rurais, pois ajuda os agricultores a tomar decis\u00f5es informadas e estrat\u00e9gicas sobre como gerenciar suas planta\u00e7\u00f5es e animais. Usando as informa\u00e7\u00f5es sobre as condi\u00e7\u00f5es clim\u00e1ticas futuras, os agricultores podem evitar perdas e maximizar sua produ\u00e7\u00e3o, garantindo assim a sustentabilidade econ\u00f4mica e ambiental de suas fazendas.<\/p>","protected":false},"excerpt":{"rendered":"<p>A previs\u00e3o do tempo \u00e9 uma ferramenta crucial para fazendas rurais em todo o mundo. O clima pode afetar diretamente a produ\u00e7\u00e3o agr\u00edcola e animal, afetando a qualidade e a quantidade de produtos que as fazendas produzem.<\/p>","protected":false},"author":2,"featured_media":3592,"comment_status":"open","ping_status":"open","sticky":false,"template":"","format":"standard","meta":{"nf_dc_page":"","_uag_custom_page_level_css":"","site-sidebar-layout":"default","site-content-layout":"","ast-site-content-layout":"default","site-content-style":"default","site-sidebar-style":"default","ast-global-header-display":"","ast-banner-title-visibility":"","ast-main-header-display":"","ast-hfb-above-header-display":"","ast-hfb-below-header-display":"","ast-hfb-mobile-header-display":"","site-post-title":"","ast-breadcrumbs-content":"","ast-featured-img":"","footer-sml-layout":"","ast-disable-related-posts":"","theme-transparent-header-meta":"","adv-header-id-meta":"","stick-header-meta":"","header-above-stick-meta":"","header-main-stick-meta":"","header-below-stick-meta":"","astra-migrate-meta-layouts":"default","ast-page-background-enabled":"default","ast-page-background-meta":{"desktop":{"background-color":"var(--ast-global-color-4)","background-image":"","background-repeat":"repeat","background-position":"center center","background-size":"auto","background-attachment":"scroll","background-type":"","background-media":"","overlay-type":"","overlay-color":"","overlay-opacity":"","overlay-gradient":""},"tablet":{"background-color":"","background-image":"","background-repeat":"repeat","background-position":"center center","background-size":"auto","background-attachment":"scroll","background-type":"","background-media":"","overlay-type":"","overlay-color":"","overlay-opacity":"","overlay-gradient":""},"mobile":{"background-color":"","background-image":"","background-repeat":"repeat","background-position":"center center","background-size":"auto","background-attachment":"scroll","background-type":"","background-media":"","overlay-type":"","overlay-color":"","overlay-opacity":"","overlay-gradient":""}},"ast-content-background-meta":{"desktop":{"background-color":"var(--ast-global-color-5)","background-image":"","background-repeat":"repeat","background-position":"center center","background-size":"auto","background-attachment":"scroll","background-type":"","background-media":"","overlay-type":"","overlay-color":"","overlay-opacity":"","overlay-gradient":""},"tablet":{"background-color":"var(--ast-global-color-5)","background-image":"","background-repeat":"repeat","background-position":"center center","background-size":"auto","background-attachment":"scroll","background-type":"","background-media":"","overlay-type":"","overlay-color":"","overlay-opacity":"","overlay-gradient":""},"mobile":{"background-color":"var(--ast-global-color-5)","background-image":"","background-repeat":"repeat","background-position":"center center","background-size":"auto","background-attachment":"scroll","background-type":"","background-media":"","overlay-type":"","overlay-color":"","overlay-opacity":"","overlay-gradient":""}},"jetpack_post_was_ever_published":false,"_jetpack_newsletter_access":"","_jetpack_dont_email_post_to_subs":false,"_jetpack_newsletter_tier_id":0,"_jetpack_memberships_contains_paywalled_content":false,"_jetpack_memberships_contains_paid_content":false,"footnotes":"","jetpack_publicize_message":"","jetpack_publicize_feature_enabled":true,"jetpack_social_post_already_shared":false,"jetpack_social_options":{"image_generator_settings":{"template":"highway","default_image_id":0,"font":"","enabled":false},"version":2}},"categories":[1],"tags":[228,202,103,120,211,787],"class_list":["post-3590","post","type-post","status-publish","format-standard","has-post-thumbnail","hentry","category-noticia","tag-chuva","tag-culto","tag-curso","tag-gado","tag-mel","tag-previsao-do-tempo"],"yoast_head":"<!-- This site is optimized with the Yoast SEO plugin v27.5 - https:\/\/yoast.com\/product\/yoast-seo-wordpress\/ -->\n<title>Previs\u00e3o do Tempo - Fazenda Boqueir\u00e3o<\/title>\n<meta name=\"description\" content=\"A previs\u00e3o do tempo \u00e9 uma ferramenta crucial para fazendas em todo o mundo e disponibilizamos uma nova forma de acompanhar a previs\u00e3o do tempo.\" \/>\n<meta name=\"robots\" content=\"index, follow, max-snippet:-1, max-image-preview:large, max-video-preview:-1\" \/>\n<link rel=\"canonical\" href=\"https:\/\/www.fazendaboqueiraorn.com.br\/en\/nova-previsao-do-tempo\/\" \/>\n<meta property=\"og:locale\" content=\"en_US\" \/>\n<meta property=\"og:type\" content=\"article\" \/>\n<meta property=\"og:title\" content=\"Previs\u00e3o do Tempo - Fazenda Boqueir\u00e3o\" \/>\n<meta property=\"og:description\" content=\"A previs\u00e3o do tempo \u00e9 uma ferramenta crucial para fazendas em todo o mundo e disponibilizamos uma nova forma de acompanhar a previs\u00e3o do tempo.\" \/>\n<meta property=\"og:url\" content=\"https:\/\/www.fazendaboqueiraorn.com.br\/en\/nova-previsao-do-tempo\/\" \/>\n<meta property=\"og:site_name\" content=\"Fazenda Boqueir\u00e3o\" \/>\n<meta property=\"article:publisher\" content=\"https:\/\/www.facebook.com\/fazboqueirao\" \/>\n<meta property=\"article:published_time\" content=\"2023-02-24T19:39:19+00:00\" \/>\n<meta property=\"article:modified_time\" content=\"2023-02-25T14:54:19+00:00\" \/>\n<meta property=\"og:image\" content=\"https:\/\/www.fazendaboqueiraorn.com.br\/wp-content\/uploads\/2023\/02\/previsao-de-tempo-scaled.jpg\" \/>\n\t<meta property=\"og:image:width\" content=\"1000\" \/>\n\t<meta property=\"og:image:height\" content=\"653\" \/>\n\t<meta property=\"og:image:type\" content=\"image\/jpeg\" \/>\n<meta name=\"author\" content=\"Fazenda Boqueir\u00e3o\" \/>\n<meta name=\"twitter:card\" content=\"summary_large_image\" \/>\n<meta name=\"twitter:creator\" content=\"@FazBoqueirao\" \/>\n<meta name=\"twitter:site\" content=\"@FazBoqueirao\" \/>\n<meta name=\"twitter:label1\" content=\"Written by\" \/>\n\t<meta name=\"twitter:data1\" content=\"Fazenda Boqueir\u00e3o\" \/>\n\t<meta name=\"twitter:label2\" content=\"Est. reading time\" \/>\n\t<meta name=\"twitter:data2\" content=\"3 minutes\" \/>\n<script type=\"application\/ld+json\" class=\"yoast-schema-graph\">{\"@context\":\"https:\\\/\\\/schema.org\",\"@graph\":[{\"@type\":\"Article\",\"@id\":\"https:\\\/\\\/www.fazendaboqueiraorn.com.br\\\/nova-previsao-do-tempo\\\/#article\",\"isPartOf\":{\"@id\":\"https:\\\/\\\/www.fazendaboqueiraorn.com.br\\\/nova-previsao-do-tempo\\\/\"},\"author\":{\"name\":\"Fazenda Boqueir\u00e3o\",\"@id\":\"https:\\\/\\\/www.fazendaboqueiraorn.com.br\\\/#\\\/schema\\\/person\\\/70484dc96f76e66c6365a9f4a2ebfb02\"},\"headline\":\"Previs\u00e3o do Tempo\",\"datePublished\":\"2023-02-24T19:39:19+00:00\",\"dateModified\":\"2023-02-25T14:54:19+00:00\",\"mainEntityOfPage\":{\"@id\":\"https:\\\/\\\/www.fazendaboqueiraorn.com.br\\\/nova-previsao-do-tempo\\\/\"},\"wordCount\":395,\"commentCount\":0,\"publisher\":{\"@id\":\"https:\\\/\\\/www.fazendaboqueiraorn.com.br\\\/#organization\"},\"image\":{\"@id\":\"https:\\\/\\\/www.fazendaboqueiraorn.com.br\\\/nova-previsao-do-tempo\\\/#primaryimage\"},\"thumbnailUrl\":\"https:\\\/\\\/i0.wp.com\\\/www.fazendaboqueiraorn.com.br\\\/wp-content\\\/uploads\\\/2023\\\/02\\\/previsao-de-tempo-scaled.jpg?fit=1000%2C653&ssl=1\",\"keywords\":[\"chuva\",\"culto\",\"curso\",\"gado\",\"mel\",\"previs\u00e3o do tempo\"],\"articleSection\":[\"Not\u00edcias\"],\"inLanguage\":\"en-US\",\"potentialAction\":[{\"@type\":\"CommentAction\",\"name\":\"Comment\",\"target\":[\"https:\\\/\\\/www.fazendaboqueiraorn.com.br\\\/nova-previsao-do-tempo\\\/#respond\"]}]},{\"@type\":\"WebPage\",\"@id\":\"https:\\\/\\\/www.fazendaboqueiraorn.com.br\\\/nova-previsao-do-tempo\\\/\",\"url\":\"https:\\\/\\\/www.fazendaboqueiraorn.com.br\\\/nova-previsao-do-tempo\\\/\",\"name\":\"Previs\u00e3o do Tempo - Fazenda Boqueir\u00e3o\",\"isPartOf\":{\"@id\":\"https:\\\/\\\/www.fazendaboqueiraorn.com.br\\\/#website\"},\"primaryImageOfPage\":{\"@id\":\"https:\\\/\\\/www.fazendaboqueiraorn.com.br\\\/nova-previsao-do-tempo\\\/#primaryimage\"},\"image\":{\"@id\":\"https:\\\/\\\/www.fazendaboqueiraorn.com.br\\\/nova-previsao-do-tempo\\\/#primaryimage\"},\"thumbnailUrl\":\"https:\\\/\\\/i0.wp.com\\\/www.fazendaboqueiraorn.com.br\\\/wp-content\\\/uploads\\\/2023\\\/02\\\/previsao-de-tempo-scaled.jpg?fit=1000%2C653&ssl=1\",\"datePublished\":\"2023-02-24T19:39:19+00:00\",\"dateModified\":\"2023-02-25T14:54:19+00:00\",\"description\":\"A previs\u00e3o do tempo \u00e9 uma ferramenta crucial para fazendas em todo o mundo e disponibilizamos uma nova forma de acompanhar a previs\u00e3o do tempo.\",\"breadcrumb\":{\"@id\":\"https:\\\/\\\/www.fazendaboqueiraorn.com.br\\\/nova-previsao-do-tempo\\\/#breadcrumb\"},\"inLanguage\":\"en-US\",\"potentialAction\":[{\"@type\":\"ReadAction\",\"target\":[\"https:\\\/\\\/www.fazendaboqueiraorn.com.br\\\/nova-previsao-do-tempo\\\/\"]}]},{\"@type\":\"ImageObject\",\"inLanguage\":\"en-US\",\"@id\":\"https:\\\/\\\/www.fazendaboqueiraorn.com.br\\\/nova-previsao-do-tempo\\\/#primaryimage\",\"url\":\"https:\\\/\\\/i0.wp.com\\\/www.fazendaboqueiraorn.com.br\\\/wp-content\\\/uploads\\\/2023\\\/02\\\/previsao-de-tempo-scaled.jpg?fit=1000%2C653&ssl=1\",\"contentUrl\":\"https:\\\/\\\/i0.wp.com\\\/www.fazendaboqueiraorn.com.br\\\/wp-content\\\/uploads\\\/2023\\\/02\\\/previsao-de-tempo-scaled.jpg?fit=1000%2C653&ssl=1\",\"width\":1000,\"height\":653,\"caption\":\"Previs\u00e3o do Tempo\"},{\"@type\":\"BreadcrumbList\",\"@id\":\"https:\\\/\\\/www.fazendaboqueiraorn.com.br\\\/nova-previsao-do-tempo\\\/#breadcrumb\",\"itemListElement\":[{\"@type\":\"ListItem\",\"position\":1,\"name\":\"Home\",\"item\":\"https:\\\/\\\/www.fazendaboqueiraorn.com.br\\\/\"},{\"@type\":\"ListItem\",\"position\":2,\"name\":\"Previs\u00e3o do Tempo\"}]},{\"@type\":\"WebSite\",\"@id\":\"https:\\\/\\\/www.fazendaboqueiraorn.com.br\\\/#website\",\"url\":\"https:\\\/\\\/www.fazendaboqueiraorn.com.br\\\/\",\"name\":\"Fazenda Boqueir\u00e3o\",\"description\":\"\",\"publisher\":{\"@id\":\"https:\\\/\\\/www.fazendaboqueiraorn.com.br\\\/#organization\"},\"potentialAction\":[{\"@type\":\"SearchAction\",\"target\":{\"@type\":\"EntryPoint\",\"urlTemplate\":\"https:\\\/\\\/www.fazendaboqueiraorn.com.br\\\/?s={search_term_string}\"},\"query-input\":{\"@type\":\"PropertyValueSpecification\",\"valueRequired\":true,\"valueName\":\"search_term_string\"}}],\"inLanguage\":\"en-US\"},{\"@type\":\"Organization\",\"@id\":\"https:\\\/\\\/www.fazendaboqueiraorn.com.br\\\/#organization\",\"name\":\"Fazenda Boqueir\u00e3o\",\"url\":\"https:\\\/\\\/www.fazendaboqueiraorn.com.br\\\/\",\"logo\":{\"@type\":\"ImageObject\",\"inLanguage\":\"en-US\",\"@id\":\"https:\\\/\\\/www.fazendaboqueiraorn.com.br\\\/#\\\/schema\\\/logo\\\/image\\\/\",\"url\":\"https:\\\/\\\/i0.wp.com\\\/www.fazendaboqueiraorn.com.br\\\/wp-content\\\/uploads\\\/2021\\\/08\\\/logo-fazenda-120x120-1.png?fit=120%2C120&ssl=1\",\"contentUrl\":\"https:\\\/\\\/i0.wp.com\\\/www.fazendaboqueiraorn.com.br\\\/wp-content\\\/uploads\\\/2021\\\/08\\\/logo-fazenda-120x120-1.png?fit=120%2C120&ssl=1\",\"width\":120,\"height\":120,\"caption\":\"Fazenda Boqueir\u00e3o\"},\"image\":{\"@id\":\"https:\\\/\\\/www.fazendaboqueiraorn.com.br\\\/#\\\/schema\\\/logo\\\/image\\\/\"},\"sameAs\":[\"https:\\\/\\\/www.facebook.com\\\/fazboqueirao\",\"https:\\\/\\\/x.com\\\/FazBoqueirao\",\"http:\\\/\\\/instagram.com\\\/fazboqueirao\\\/\",\"https:\\\/\\\/www.linkedin.com\\\/company\\\/fazboqueirao\\\/\",\"https:\\\/\\\/www.youtube.com\\\/channel\\\/UCUA4_8v8HkmMeNUh8c6Ky1Q\"]},{\"@type\":\"Person\",\"@id\":\"https:\\\/\\\/www.fazendaboqueiraorn.com.br\\\/#\\\/schema\\\/person\\\/70484dc96f76e66c6365a9f4a2ebfb02\",\"name\":\"Fazenda Boqueir\u00e3o\",\"image\":{\"@type\":\"ImageObject\",\"inLanguage\":\"en-US\",\"@id\":\"https:\\\/\\\/secure.gravatar.com\\\/avatar\\\/19f19467ae305ded5d913deae2fb6c6f29fe88a0a7f3a4dca5679407289a9efd?s=96&d=mm&r=g\",\"url\":\"https:\\\/\\\/secure.gravatar.com\\\/avatar\\\/19f19467ae305ded5d913deae2fb6c6f29fe88a0a7f3a4dca5679407289a9efd?s=96&d=mm&r=g\",\"contentUrl\":\"https:\\\/\\\/secure.gravatar.com\\\/avatar\\\/19f19467ae305ded5d913deae2fb6c6f29fe88a0a7f3a4dca5679407289a9efd?s=96&d=mm&r=g\",\"caption\":\"Fazenda Boqueir\u00e3o\"},\"url\":\"https:\\\/\\\/www.fazendaboqueiraorn.com.br\\\/en\\\/author\\\/fazenda\\\/\"}]}<\/script>\n<!-- \/ Yoast SEO plugin. -->","yoast_head_json":{"title":"Previs\u00e3o do Tempo - Fazenda Boqueir\u00e3o","description":"A previs\u00e3o do tempo \u00e9 uma ferramenta crucial para fazendas em todo o mundo e disponibilizamos uma nova forma de acompanhar a previs\u00e3o do tempo.","robots":{"index":"index","follow":"follow","max-snippet":"max-snippet:-1","max-image-preview":"max-image-preview:large","max-video-preview":"max-video-preview:-1"},"canonical":"https:\/\/www.fazendaboqueiraorn.com.br\/en\/nova-previsao-do-tempo\/","og_locale":"en_US","og_type":"article","og_title":"Previs\u00e3o do Tempo - Fazenda Boqueir\u00e3o","og_description":"A previs\u00e3o do tempo \u00e9 uma ferramenta crucial para fazendas em todo o mundo e disponibilizamos uma nova forma de acompanhar a previs\u00e3o do tempo.","og_url":"https:\/\/www.fazendaboqueiraorn.com.br\/en\/nova-previsao-do-tempo\/","og_site_name":"Fazenda Boqueir\u00e3o","article_publisher":"https:\/\/www.facebook.com\/fazboqueirao","article_published_time":"2023-02-24T19:39:19+00:00","article_modified_time":"2023-02-25T14:54:19+00:00","og_image":[{"width":1000,"height":653,"url":"https:\/\/www.fazendaboqueiraorn.com.br\/wp-content\/uploads\/2023\/02\/previsao-de-tempo-scaled.jpg","type":"image\/jpeg"}],"author":"Fazenda Boqueir\u00e3o","twitter_card":"summary_large_image","twitter_creator":"@FazBoqueirao","twitter_site":"@FazBoqueirao","twitter_misc":{"Written by":"Fazenda Boqueir\u00e3o","Est. reading time":"3 minutes"},"schema":{"@context":"https:\/\/schema.org","@graph":[{"@type":"Article","@id":"https:\/\/www.fazendaboqueiraorn.com.br\/nova-previsao-do-tempo\/#article","isPartOf":{"@id":"https:\/\/www.fazendaboqueiraorn.com.br\/nova-previsao-do-tempo\/"},"author":{"name":"Fazenda Boqueir\u00e3o","@id":"https:\/\/www.fazendaboqueiraorn.com.br\/#\/schema\/person\/70484dc96f76e66c6365a9f4a2ebfb02"},"headline":"Previs\u00e3o do Tempo","datePublished":"2023-02-24T19:39:19+00:00","dateModified":"2023-02-25T14:54:19+00:00","mainEntityOfPage":{"@id":"https:\/\/www.fazendaboqueiraorn.com.br\/nova-previsao-do-tempo\/"},"wordCount":395,"commentCount":0,"publisher":{"@id":"https:\/\/www.fazendaboqueiraorn.com.br\/#organization"},"image":{"@id":"https:\/\/www.fazendaboqueiraorn.com.br\/nova-previsao-do-tempo\/#primaryimage"},"thumbnailUrl":"https:\/\/i0.wp.com\/www.fazendaboqueiraorn.com.br\/wp-content\/uploads\/2023\/02\/previsao-de-tempo-scaled.jpg?fit=1000%2C653&ssl=1","keywords":["chuva","culto","curso","gado","mel","previs\u00e3o do tempo"],"articleSection":["Not\u00edcias"],"inLanguage":"en-US","potentialAction":[{"@type":"CommentAction","name":"Comment","target":["https:\/\/www.fazendaboqueiraorn.com.br\/nova-previsao-do-tempo\/#respond"]}]},{"@type":"WebPage","@id":"https:\/\/www.fazendaboqueiraorn.com.br\/nova-previsao-do-tempo\/","url":"https:\/\/www.fazendaboqueiraorn.com.br\/nova-previsao-do-tempo\/","name":"Previs\u00e3o do Tempo - Fazenda Boqueir\u00e3o","isPartOf":{"@id":"https:\/\/www.fazendaboqueiraorn.com.br\/#website"},"primaryImageOfPage":{"@id":"https:\/\/www.fazendaboqueiraorn.com.br\/nova-previsao-do-tempo\/#primaryimage"},"image":{"@id":"https:\/\/www.fazendaboqueiraorn.com.br\/nova-previsao-do-tempo\/#primaryimage"},"thumbnailUrl":"https:\/\/i0.wp.com\/www.fazendaboqueiraorn.com.br\/wp-content\/uploads\/2023\/02\/previsao-de-tempo-scaled.jpg?fit=1000%2C653&ssl=1","datePublished":"2023-02-24T19:39:19+00:00","dateModified":"2023-02-25T14:54:19+00:00","description":"A previs\u00e3o do tempo \u00e9 uma ferramenta crucial para fazendas em todo o mundo e disponibilizamos uma nova forma de acompanhar a previs\u00e3o do tempo.","breadcrumb":{"@id":"https:\/\/www.fazendaboqueiraorn.com.br\/nova-previsao-do-tempo\/#breadcrumb"},"inLanguage":"en-US","potentialAction":[{"@type":"ReadAction","target":["https:\/\/www.fazendaboqueiraorn.com.br\/nova-previsao-do-tempo\/"]}]},{"@type":"ImageObject","inLanguage":"en-US","@id":"https:\/\/www.fazendaboqueiraorn.com.br\/nova-previsao-do-tempo\/#primaryimage","url":"https:\/\/i0.wp.com\/www.fazendaboqueiraorn.com.br\/wp-content\/uploads\/2023\/02\/previsao-de-tempo-scaled.jpg?fit=1000%2C653&ssl=1","contentUrl":"https:\/\/i0.wp.com\/www.fazendaboqueiraorn.com.br\/wp-content\/uploads\/2023\/02\/previsao-de-tempo-scaled.jpg?fit=1000%2C653&ssl=1","width":1000,"height":653,"caption":"Previs\u00e3o do Tempo"},{"@type":"BreadcrumbList","@id":"https:\/\/www.fazendaboqueiraorn.com.br\/nova-previsao-do-tempo\/#breadcrumb","itemListElement":[{"@type":"ListItem","position":1,"name":"Home","item":"https:\/\/www.fazendaboqueiraorn.com.br\/"},{"@type":"ListItem","position":2,"name":"Previs\u00e3o do Tempo"}]},{"@type":"WebSite","@id":"https:\/\/www.fazendaboqueiraorn.com.br\/#website","url":"https:\/\/www.fazendaboqueiraorn.com.br\/","name":"Fazenda Boqueir\u00e3o","description":"","publisher":{"@id":"https:\/\/www.fazendaboqueiraorn.com.br\/#organization"},"potentialAction":[{"@type":"SearchAction","target":{"@type":"EntryPoint","urlTemplate":"https:\/\/www.fazendaboqueiraorn.com.br\/?s={search_term_string}"},"query-input":{"@type":"PropertyValueSpecification","valueRequired":true,"valueName":"search_term_string"}}],"inLanguage":"en-US"},{"@type":"Organization","@id":"https:\/\/www.fazendaboqueiraorn.com.br\/#organization","name":"Fazenda Boqueir\u00e3o","url":"https:\/\/www.fazendaboqueiraorn.com.br\/","logo":{"@type":"ImageObject","inLanguage":"en-US","@id":"https:\/\/www.fazendaboqueiraorn.com.br\/#\/schema\/logo\/image\/","url":"https:\/\/i0.wp.com\/www.fazendaboqueiraorn.com.br\/wp-content\/uploads\/2021\/08\/logo-fazenda-120x120-1.png?fit=120%2C120&ssl=1","contentUrl":"https:\/\/i0.wp.com\/www.fazendaboqueiraorn.com.br\/wp-content\/uploads\/2021\/08\/logo-fazenda-120x120-1.png?fit=120%2C120&ssl=1","width":120,"height":120,"caption":"Fazenda Boqueir\u00e3o"},"image":{"@id":"https:\/\/www.fazendaboqueiraorn.com.br\/#\/schema\/logo\/image\/"},"sameAs":["https:\/\/www.facebook.com\/fazboqueirao","https:\/\/x.com\/FazBoqueirao","http:\/\/instagram.com\/fazboqueirao\/","https:\/\/www.linkedin.com\/company\/fazboqueirao\/","https:\/\/www.youtube.com\/channel\/UCUA4_8v8HkmMeNUh8c6Ky1Q"]},{"@type":"Person","@id":"https:\/\/www.fazendaboqueiraorn.com.br\/#\/schema\/person\/70484dc96f76e66c6365a9f4a2ebfb02","name":"Fazenda Boqueir\u00e3o","image":{"@type":"ImageObject","inLanguage":"en-US","@id":"https:\/\/secure.gravatar.com\/avatar\/19f19467ae305ded5d913deae2fb6c6f29fe88a0a7f3a4dca5679407289a9efd?s=96&d=mm&r=g","url":"https:\/\/secure.gravatar.com\/avatar\/19f19467ae305ded5d913deae2fb6c6f29fe88a0a7f3a4dca5679407289a9efd?s=96&d=mm&r=g","contentUrl":"https:\/\/secure.gravatar.com\/avatar\/19f19467ae305ded5d913deae2fb6c6f29fe88a0a7f3a4dca5679407289a9efd?s=96&d=mm&r=g","caption":"Fazenda Boqueir\u00e3o"},"url":"https:\/\/www.fazendaboqueiraorn.com.br\/en\/author\/fazenda\/"}]}},"jetpack_publicize_connections":[],"uagb_featured_image_src":{"full":["https:\/\/i0.wp.com\/www.fazendaboqueiraorn.com.br\/wp-content\/uploads\/2023\/02\/previsao-de-tempo-scaled.jpg?fit=1000%2C653&ssl=1",1000,653,false],"thumbnail":["https:\/\/i0.wp.com\/www.fazendaboqueiraorn.com.br\/wp-content\/uploads\/2023\/02\/previsao-de-tempo-scaled.jpg?resize=150%2C150&ssl=1",150,150,true],"medium":["https:\/\/i0.wp.com\/www.fazendaboqueiraorn.com.br\/wp-content\/uploads\/2023\/02\/previsao-de-tempo-scaled.jpg?fit=300%2C196&ssl=1",300,196,true],"medium_large":["https:\/\/i0.wp.com\/www.fazendaboqueiraorn.com.br\/wp-content\/uploads\/2023\/02\/previsao-de-tempo-scaled.jpg?fit=768%2C501&ssl=1",768,501,true],"large":["https:\/\/i0.wp.com\/www.fazendaboqueiraorn.com.br\/wp-content\/uploads\/2023\/02\/previsao-de-tempo-scaled.jpg?fit=1024%2C668&ssl=1",1024,668,true],"1536x1536":["https:\/\/i0.wp.com\/www.fazendaboqueiraorn.com.br\/wp-content\/uploads\/2023\/02\/previsao-de-tempo-scaled.jpg?fit=1000%2C653&ssl=1",1000,653,true],"2048x2048":["https:\/\/i0.wp.com\/www.fazendaboqueiraorn.com.br\/wp-content\/uploads\/2023\/02\/previsao-de-tempo-scaled.jpg?fit=1000%2C653&ssl=1",1000,653,true],"trp-custom-language-flag":["https:\/\/i0.wp.com\/www.fazendaboqueiraorn.com.br\/wp-content\/uploads\/2023\/02\/previsao-de-tempo-scaled.jpg?fit=18%2C12&ssl=1",18,12,true],"ultp_layout_landscape_large":["https:\/\/i0.wp.com\/www.fazendaboqueiraorn.com.br\/wp-content\/uploads\/2023\/02\/previsao-de-tempo-scaled.jpg?resize=1000%2C653&ssl=1",1000,653,true],"ultp_layout_landscape":["https:\/\/i0.wp.com\/www.fazendaboqueiraorn.com.br\/wp-content\/uploads\/2023\/02\/previsao-de-tempo-scaled.jpg?resize=870%2C570&ssl=1",870,570,true],"ultp_layout_portrait":["https:\/\/i0.wp.com\/www.fazendaboqueiraorn.com.br\/wp-content\/uploads\/2023\/02\/previsao-de-tempo-scaled.jpg?resize=600%2C653&ssl=1",600,653,true],"ultp_layout_square":["https:\/\/i0.wp.com\/www.fazendaboqueiraorn.com.br\/wp-content\/uploads\/2023\/02\/previsao-de-tempo-scaled.jpg?resize=600%2C600&ssl=1",600,600,true],"woocommerce_thumbnail":["https:\/\/www.fazendaboqueiraorn.com.br\/wp-content\/uploads\/2023\/02\/previsao-de-tempo-scaled-300x300.jpg",300,300,true],"woocommerce_single":["https:\/\/www.fazendaboqueiraorn.com.br\/wp-content\/uploads\/2023\/02\/previsao-de-tempo-scaled.jpg",600,392,false],"woocommerce_gallery_thumbnail":["https:\/\/www.fazendaboqueiraorn.com.br\/wp-content\/uploads\/2023\/02\/previsao-de-tempo-scaled-100x100.jpg",100,100,true],"web-stories-poster-portrait":["https:\/\/www.fazendaboqueiraorn.com.br\/wp-content\/uploads\/2023\/02\/previsao-de-tempo-scaled.jpg",640,418,false],"web-stories-publisher-logo":["https:\/\/www.fazendaboqueiraorn.com.br\/wp-content\/uploads\/2023\/02\/previsao-de-tempo-scaled.jpg",96,63,false],"web-stories-thumbnail":["https:\/\/www.fazendaboqueiraorn.com.br\/wp-content\/uploads\/2023\/02\/previsao-de-tempo-scaled.jpg",150,98,false]},"uagb_author_info":{"display_name":"Fazenda Boqueir\u00e3o","author_link":"https:\/\/www.fazendaboqueiraorn.com.br\/en\/author\/fazenda\/"},"uagb_comment_info":0,"uagb_excerpt":"A previs\u00e3o do tempo \u00e9 uma ferramenta crucial para fazendas rurais em todo o mundo. O clima pode afetar diretamente a produ\u00e7\u00e3o agr\u00edcola e animal, afetando a qualidade e a quantidade de produtos que as fazendas produzem.","jetpack_featured_media_url":"https:\/\/i0.wp.com\/www.fazendaboqueiraorn.com.br\/wp-content\/uploads\/2023\/02\/previsao-de-tempo-scaled.jpg?fit=1000%2C653&ssl=1","jetpack_sharing_enabled":true,"jetpack_likes_enabled":true,"_links":{"self":[{"href":"https:\/\/www.fazendaboqueiraorn.com.br\/en\/wp-json\/wp\/v2\/posts\/3590","targetHints":{"allow":["GET"]}}],"collection":[{"href":"https:\/\/www.fazendaboqueiraorn.com.br\/en\/wp-json\/wp\/v2\/posts"}],"about":[{"href":"https:\/\/www.fazendaboqueiraorn.com.br\/en\/wp-json\/wp\/v2\/types\/post"}],"author":[{"embeddable":true,"href":"https:\/\/www.fazendaboqueiraorn.com.br\/en\/wp-json\/wp\/v2\/users\/2"}],"replies":[{"embeddable":true,"href":"https:\/\/www.fazendaboqueiraorn.com.br\/en\/wp-json\/wp\/v2\/comments?post=3590"}],"version-history":[{"count":3,"href":"https:\/\/www.fazendaboqueiraorn.com.br\/en\/wp-json\/wp\/v2\/posts\/3590\/revisions"}],"predecessor-version":[{"id":3602,"href":"https:\/\/www.fazendaboqueiraorn.com.br\/en\/wp-json\/wp\/v2\/posts\/3590\/revisions\/3602"}],"wp:featuredmedia":[{"embeddable":true,"href":"https:\/\/www.fazendaboqueiraorn.com.br\/en\/wp-json\/wp\/v2\/media\/3592"}],"wp:attachment":[{"href":"https:\/\/www.fazendaboqueiraorn.com.br\/en\/wp-json\/wp\/v2\/media?parent=3590"}],"wp:term":[{"taxonomy":"category","embeddable":true,"href":"https:\/\/www.fazendaboqueiraorn.com.br\/en\/wp-json\/wp\/v2\/categories?post=3590"},{"taxonomy":"post_tag","embeddable":true,"href":"https:\/\/www.fazendaboqueiraorn.com.br\/en\/wp-json\/wp\/v2\/tags?post=3590"}],"curies":[{"name":"wp","href":"https:\/\/api.w.org\/{rel}","templated":true}]}}