{"id":342,"date":"2021-08-16T17:00:00","date_gmt":"2021-08-16T20:00:00","guid":{"rendered":"https:\/\/www.fazendaboqueiraorn.com.br\/?p=342"},"modified":"2026-03-01T14:31:21","modified_gmt":"2026-03-01T17:31:21","slug":"livro-barro-blanco","status":"publish","type":"post","link":"https:\/\/www.fazendaboqueiraorn.com.br\/en\/livro-barro-blanco\/","title":{"rendered":"Livro Barro Blanco"},"content":{"rendered":"<figure class=\"wp-block-image aligncenter size-full\"><img data-recalc-dims=\"1\" decoding=\"async\" width=\"600\" height=\"899\" loading=\"lazy\" src=\"https:\/\/i0.wp.com\/www.fazendaboqueiraorn.com.br\/wp-content\/uploads\/2021\/08\/livro-barro-blanco-jose-mauro-de-vasconcelos.jpg?resize=600%2C899\" alt=\"\" class=\"wp-image-350\" srcset=\"https:\/\/i0.wp.com\/www.fazendaboqueiraorn.com.br\/wp-content\/uploads\/2021\/08\/livro-barro-blanco-jose-mauro-de-vasconcelos.jpg?w=600&amp;ssl=1 600w, https:\/\/i0.wp.com\/www.fazendaboqueiraorn.com.br\/wp-content\/uploads\/2021\/08\/livro-barro-blanco-jose-mauro-de-vasconcelos.jpg?resize=200%2C300&amp;ssl=1 200w, https:\/\/i0.wp.com\/www.fazendaboqueiraorn.com.br\/wp-content\/uploads\/2021\/08\/livro-barro-blanco-jose-mauro-de-vasconcelos.jpg?resize=8%2C12&amp;ssl=1 8w\" sizes=\"auto, (max-width: 600px) 100vw, 600px\" \/><figcaption class=\"wp-element-caption\">Capa do livro Barro Blanco de Jos\u00e9 Mauro de Vasconcelos<\/figcaption><\/figure>\n\n\n\n<p class=\"\">Escrito por Jos\u00e9 Mauro de Vasconcelos, narra a vida de Chic\u00e3o, nascido no sert\u00e3o, e passa a inf\u00e2ncia junto \u00e0 natureza \u00e1rida do interior. Numa \u00e9poca de seca implac\u00e1vel, parte para Macau (RN). Um her\u00f3i oriundo do povo, que assume dimens\u00e3o quase \u00e9pica ao viajar do interior para o litoral com o objetivo de fugir da seca que devasta o agreste, onde parte da hist\u00f3ria se desenrola na Fazenda Boqueir\u00e3o de Pedro de Azevedo Maia.<\/p>\n\n\n\n<p class=\"\">A princ\u00edpio, flagelado da seca, Chic\u00e3o \u00e9 socorrido e apadrinhado por um fazendeiro, <a href=\"https:\/\/crescercomeducacao.com.br\/arvore\/index.php?route=%2Farvore%2Ftree%2Fno-roteiro-dos-azevedos%2Findividual%2FI30%2FPedro-de-Azevedo-Maia\" target=\"_blank\" rel=\"noreferrer noopener\">Pedro de Azevedo Maia<\/a>, mas seguindo sua \u00edndole inquieta, foge dos estudos e deixa o sert\u00e3o em busca de trabalho nas salinas. Em Macau, o trabalho pesado nas salinas brancas \u2013 da\u00ed o \u201cBarro Blanco\u201d do t\u00edtulo \u2013, corr\u00f3i corpos e almas. Para fugir desse flagelo, nosso her\u00f3i escolhe ganhar a vida no mar. Nem tanto por sua beleza ou lida, mas por horror \u00e0 sede. A produ\u00e7\u00e3o de sal, essa barro blanco, \u00e9 um trabalho feito em p\u00e9ssimas condi\u00e7\u00f5es da salubridade, corroendo os corpos e as vidas dos oper\u00e1rios.<\/p>\n\n\n\n<p class=\"\">Chic\u00e3o, para fugir do seu tr\u00e1gico destino, engaja-se como marinheiro no porto de Macau. Por\u00e9m, vivendo ent\u00e3o o vigor de sua juventude, ama a bela Joaninha Maresia e \u00e9 respeitado por todos na zona portu\u00e1ria. O agora marinheiro resolve embrenhar-se no oceano e, entre um porto e outro, entrega-se aos desafios do gigante que nem sempre quer devolver os homens \u00e0 terra. Um dia, por\u00e9m, aceita o desafio de levar uma carga de sal a Macei\u00f3 em \u00e9poca de grandes temporais.<\/p>\n\n\n\n<p class=\"\">Barro Blanco, um dos grandes romances regionalistas brasileiros, revela a tr\u00e1gica vida dos deserdados submetidos a trabalhos escravizantes, sem perspectiva de melhoria. Segundo romance de Jos\u00e9 Mauro de Vasconcelos, Barro Blanco reafirma o tom intimista e social presente nas obras regionalistas do escritor.<\/p>\n\n\n\n<h2 class=\"wp-block-heading\">Jos\u00e9 Mauro de Vasconcelos<\/h2>\n\n\n\n<p class=\"\">Jos\u00e9 Mauro de Vasconcelos nasceu no Rio de Janeiro em 1920 e faleceu em S\u00e3o Paulo em 1984. Descendente de portugueses, o autor teve v\u00e1rios empregos durante a adolesc\u00eancia, viajando depois por todo o Brasil e por v\u00e1rios pa\u00edses europeus. Nasceu de uma fam\u00edlia nordestina pobre e que foi para o Rio de Janeiro ainda novo mas que voltou para Natal para ser criado por parentes.<\/p>\n\n\n\n<figure class=\"wp-block-image aligncenter size-full\"><img data-recalc-dims=\"1\" decoding=\"async\" width=\"750\" height=\"500\" loading=\"lazy\" src=\"https:\/\/i0.wp.com\/www.fazendaboqueiraorn.com.br\/wp-content\/uploads\/2021\/08\/Jose-Mauro-de-Vasconcelos.jpg?resize=750%2C500&#038;ssl=1\" alt=\"\" class=\"wp-image-376\" srcset=\"https:\/\/i0.wp.com\/www.fazendaboqueiraorn.com.br\/wp-content\/uploads\/2021\/08\/Jose-Mauro-de-Vasconcelos.jpg?w=750&amp;ssl=1 750w, https:\/\/i0.wp.com\/www.fazendaboqueiraorn.com.br\/wp-content\/uploads\/2021\/08\/Jose-Mauro-de-Vasconcelos.jpg?resize=600%2C400&amp;ssl=1 600w, https:\/\/i0.wp.com\/www.fazendaboqueiraorn.com.br\/wp-content\/uploads\/2021\/08\/Jose-Mauro-de-Vasconcelos.jpg?resize=300%2C200&amp;ssl=1 300w, https:\/\/i0.wp.com\/www.fazendaboqueiraorn.com.br\/wp-content\/uploads\/2021\/08\/Jose-Mauro-de-Vasconcelos.jpg?resize=18%2C12&amp;ssl=1 18w\" sizes=\"auto, (max-width: 750px) 100vw, 750px\" \/><\/figure>\n\n\n\n<p class=\"\">Ingressando da Faculdade Medicina&nbsp; da capital potiguar, abandona o curso no segundo ano, retornando ao Rio de Janeiro a fim de conseguir melhores oportunidades. Ali, trabalha como instrutor de boxe, e at\u00e9 modelo pict\u00f3rico. H\u00e1 uma est\u00e1tua sua, como modelo do escultor Bruno Giorgi, no Monumento \u00e0 Juventude, na antiga sede do Minist\u00e9rio da Educa\u00e7\u00e3o.<\/p>\n\n\n\n<p class=\"\">Iniciou na literatura com o romance&nbsp;<strong>Banana Brava<\/strong>&nbsp;de 1942. No livro&nbsp;<strong>Meu P\u00e9 de Laranja Lima<\/strong>, seu maior sucesso editorial, serve-se de sua experi\u00eancia pessoal para retratar o choque sofrido na inf\u00e2ncia com as bruscas mudan\u00e7as da vida.<\/p>\n\n\n\n<p class=\"\">O seu primeiro grande \u00eaxito foi Rosinha, Minha Canoa (1962). Em 1968 publicou o seu livro mais conhecido, O Meu P\u00e9 de Laranja Lima, adaptado para televis\u00e3o, cinema e teatro. Pelo conjunto da sua obra, \u00e9 considerado um autor cl\u00e1ssico da literatura juvenil do s\u00e9culo XX. Em 1967, recebeu o Pr\u00e9mio Jabuti de Romance, o mais importante pr\u00e9mio liter\u00e1rio brasileiro.<\/p>\n\n\n\n<div class=\"wp-block-uagb-marketing-button uagb-marketing-btn__align-center uagb-marketing-btn__align-text-center uagb-marketing-btn__icon-after uagb-block-6e78b505 wp-block-button\"><a href=\"https:\/\/www.magazinevoce.com.br\/godelabeer\/livro-barro-blanco\/p\/gekhf1c7j0\/li\/llit\/?seller_id=mrbooks\" class=\"uagb-marketing-btn__link wp-block-button__link\" target=\"\" rel=\"noopener noreferrer\"><span class=\"uagb-marketing-btn__title\">Comprar Livro<\/span><svg xmlns=\"https:\/\/www.w3.org\/2000\/svg\" viewbox=\"0 0 512 512\"><path d=\"M384 320c-17.67 0-32 14.33-32 32v96H64V160h96c17.67 0 32-14.32 32-32s-14.33-32-32-32L64 96c-35.35 0-64 28.65-64 64V448c0 35.34 28.65 64 64 64h288c35.35 0 64-28.66 64-64v-96C416 334.3 401.7 320 384 320zM488 0H352c-12.94 0-24.62 7.797-29.56 19.75c-4.969 11.97-2.219 25.72 6.938 34.88L370.8 96L169.4 297.4c-12.5 12.5-12.5 32.75 0 45.25C175.6 348.9 183.8 352 192 352s16.38-3.125 22.62-9.375L416 141.3l41.38 41.38c9.156 9.141 22.88 11.84 34.88 6.938C504.2 184.6 512 172.9 512 160V24C512 10.74 501.3 0 488 0z\"><\/path><\/svg><p class=\"uagb-marketing-btn__prefix\">Compre o livro no Magazine Luiza<\/p><\/a><\/div>\n\n\n\n<p class=\"\"><\/p>\n\n\n\n<p class=\"\"><\/p>","protected":false},"excerpt":{"rendered":"<p>Escrito por Jos\u00e9 Mauro de Vasconcelos, narra a vida de Chic\u00e3o, nascido no sert\u00e3o, e passa a inf\u00e2ncia junto \u00e0 natureza \u00e1rida do interior. Numa \u00e9poca de seca implac\u00e1vel, parte para Macau (RN). <\/p>","protected":false},"author":2,"featured_media":350,"comment_status":"open","ping_status":"open","sticky":false,"template":"","format":"standard","meta":{"nf_dc_page":"","_uag_custom_page_level_css":"","site-sidebar-layout":"default","site-content-layout":"","ast-site-content-layout":"default","site-content-style":"default","site-sidebar-style":"default","ast-global-header-display":"","ast-banner-title-visibility":"","ast-main-header-display":"","ast-hfb-above-header-display":"","ast-hfb-below-header-display":"","ast-hfb-mobile-header-display":"","site-post-title":"","ast-breadcrumbs-content":"","ast-featured-img":"","footer-sml-layout":"","ast-disable-related-posts":"","theme-transparent-header-meta":"","adv-header-id-meta":"","stick-header-meta":"","header-above-stick-meta":"","header-main-stick-meta":"","header-below-stick-meta":"","astra-migrate-meta-layouts":"default","ast-page-background-enabled":"default","ast-page-background-meta":{"desktop":{"background-color":"var(--ast-global-color-4)","background-image":"","background-repeat":"repeat","background-position":"center center","background-size":"auto","background-attachment":"scroll","background-type":"","background-media":"","overlay-type":"","overlay-color":"","overlay-opacity":"","overlay-gradient":""},"tablet":{"background-color":"","background-image":"","background-repeat":"repeat","background-position":"center center","background-size":"auto","background-attachment":"scroll","background-type":"","background-media":"","overlay-type":"","overlay-color":"","overlay-opacity":"","overlay-gradient":""},"mobile":{"background-color":"","background-image":"","background-repeat":"repeat","background-position":"center center","background-size":"auto","background-attachment":"scroll","background-type":"","background-media":"","overlay-type":"","overlay-color":"","overlay-opacity":"","overlay-gradient":""}},"ast-content-background-meta":{"desktop":{"background-color":"var(--ast-global-color-5)","background-image":"","background-repeat":"repeat","background-position":"center center","background-size":"auto","background-attachment":"scroll","background-type":"","background-media":"","overlay-type":"","overlay-color":"","overlay-opacity":"","overlay-gradient":""},"tablet":{"background-color":"var(--ast-global-color-5)","background-image":"","background-repeat":"repeat","background-position":"center center","background-size":"auto","background-attachment":"scroll","background-type":"","background-media":"","overlay-type":"","overlay-color":"","overlay-opacity":"","overlay-gradient":""},"mobile":{"background-color":"var(--ast-global-color-5)","background-image":"","background-repeat":"repeat","background-position":"center center","background-size":"auto","background-attachment":"scroll","background-type":"","background-media":"","overlay-type":"","overlay-color":"","overlay-opacity":"","overlay-gradient":""}},"jetpack_post_was_ever_published":false,"_jetpack_newsletter_access":"","_jetpack_dont_email_post_to_subs":false,"_jetpack_newsletter_tier_id":0,"_jetpack_memberships_contains_paywalled_content":false,"_jetpack_memberships_contains_paid_content":false,"footnotes":"","jetpack_publicize_message":"","jetpack_publicize_feature_enabled":true,"jetpack_social_post_already_shared":true,"jetpack_social_options":{"image_generator_settings":{"template":"highway","default_image_id":0,"font":"","enabled":false},"version":2}},"categories":[1],"tags":[73,103,74,76,75,352,337],"class_list":["post-342","post","type-post","status-publish","format-standard","has-post-thumbnail","hentry","category-noticia","tag-barro-blanco","tag-curso","tag-jose-mauro-de-vasconcelos","tag-literatura","tag-livro","tag-pedro-de-azevedo-maia","tag-sao-tome"],"yoast_head":"<!-- This site is optimized with the Yoast SEO plugin v27.4 - https:\/\/yoast.com\/product\/yoast-seo-wordpress\/ -->\n<title>Livro Barro Blanco - Fazenda Boqueir\u00e3o<\/title>\n<meta name=\"description\" content=\"Escrito por Jos\u00e9 Mauro de Vasconcelos, narra a vida de Chic\u00e3o, nascido no sert\u00e3o, e passa a inf\u00e2ncia junto \u00e0 natureza \u00e1rida do interior. Numa \u00e9poca de seca implac\u00e1vel, parte para Macau (RN).\" \/>\n<meta name=\"robots\" content=\"index, follow, max-snippet:-1, max-image-preview:large, max-video-preview:-1\" \/>\n<link rel=\"canonical\" href=\"https:\/\/www.fazendaboqueiraorn.com.br\/en\/livro-barro-blanco\/\" \/>\n<meta property=\"og:locale\" content=\"en_US\" \/>\n<meta property=\"og:type\" content=\"article\" \/>\n<meta property=\"og:title\" content=\"Livro Barro Blanco - Fazenda Boqueir\u00e3o\" \/>\n<meta property=\"og:description\" content=\"Escrito por Jos\u00e9 Mauro de Vasconcelos, narra a vida de Chic\u00e3o, nascido no sert\u00e3o, e passa a inf\u00e2ncia junto \u00e0 natureza \u00e1rida do interior. Numa \u00e9poca de seca implac\u00e1vel, parte para Macau (RN).\" \/>\n<meta property=\"og:url\" content=\"https:\/\/www.fazendaboqueiraorn.com.br\/en\/livro-barro-blanco\/\" \/>\n<meta property=\"og:site_name\" content=\"Fazenda Boqueir\u00e3o\" \/>\n<meta property=\"article:publisher\" content=\"https:\/\/www.facebook.com\/fazboqueirao\" \/>\n<meta property=\"article:published_time\" content=\"2021-08-16T20:00:00+00:00\" \/>\n<meta property=\"article:modified_time\" content=\"2026-03-01T17:31:21+00:00\" \/>\n<meta property=\"og:image\" content=\"https:\/\/www.fazendaboqueiraorn.com.br\/wp-content\/uploads\/2021\/08\/livro-barro-blanco-jose-mauro-de-vasconcelos.jpg\" \/>\n\t<meta property=\"og:image:width\" content=\"600\" \/>\n\t<meta property=\"og:image:height\" content=\"899\" \/>\n\t<meta property=\"og:image:type\" content=\"image\/jpeg\" \/>\n<meta name=\"author\" content=\"Fazenda Boqueir\u00e3o\" \/>\n<meta name=\"twitter:card\" content=\"summary_large_image\" \/>\n<meta name=\"twitter:creator\" content=\"@FazBoqueirao\" \/>\n<meta name=\"twitter:site\" content=\"@FazBoqueirao\" \/>\n<meta name=\"twitter:label1\" content=\"Written by\" \/>\n\t<meta name=\"twitter:data1\" content=\"Fazenda Boqueir\u00e3o\" \/>\n\t<meta name=\"twitter:label2\" content=\"Est. reading time\" \/>\n\t<meta name=\"twitter:data2\" content=\"4 minutes\" \/>\n<script type=\"application\/ld+json\" class=\"yoast-schema-graph\">{\"@context\":\"https:\\\/\\\/schema.org\",\"@graph\":[{\"@type\":\"Article\",\"@id\":\"https:\\\/\\\/www.fazendaboqueiraorn.com.br\\\/livro-barro-blanco\\\/#article\",\"isPartOf\":{\"@id\":\"https:\\\/\\\/www.fazendaboqueiraorn.com.br\\\/livro-barro-blanco\\\/\"},\"author\":{\"name\":\"Fazenda Boqueir\u00e3o\",\"@id\":\"https:\\\/\\\/www.fazendaboqueiraorn.com.br\\\/#\\\/schema\\\/person\\\/70484dc96f76e66c6365a9f4a2ebfb02\"},\"headline\":\"Livro Barro Blanco\",\"datePublished\":\"2021-08-16T20:00:00+00:00\",\"dateModified\":\"2026-03-01T17:31:21+00:00\",\"mainEntityOfPage\":{\"@id\":\"https:\\\/\\\/www.fazendaboqueiraorn.com.br\\\/livro-barro-blanco\\\/\"},\"wordCount\":579,\"commentCount\":0,\"publisher\":{\"@id\":\"https:\\\/\\\/www.fazendaboqueiraorn.com.br\\\/#organization\"},\"image\":{\"@id\":\"https:\\\/\\\/www.fazendaboqueiraorn.com.br\\\/livro-barro-blanco\\\/#primaryimage\"},\"thumbnailUrl\":\"https:\\\/\\\/i0.wp.com\\\/www.fazendaboqueiraorn.com.br\\\/wp-content\\\/uploads\\\/2021\\\/08\\\/livro-barro-blanco-jose-mauro-de-vasconcelos.jpg?fit=600%2C899&ssl=1\",\"keywords\":[\"Barro Blanco\",\"curso\",\"Jos\u00e9 Mauro de Vasconcelos\",\"literatura\",\"livro\",\"Pedro de Azevedo Maia\",\"S\u00e3o Tom\u00e9\"],\"articleSection\":[\"Not\u00edcias\"],\"inLanguage\":\"en-US\",\"potentialAction\":[{\"@type\":\"CommentAction\",\"name\":\"Comment\",\"target\":[\"https:\\\/\\\/www.fazendaboqueiraorn.com.br\\\/livro-barro-blanco\\\/#respond\"]}]},{\"@type\":\"WebPage\",\"@id\":\"https:\\\/\\\/www.fazendaboqueiraorn.com.br\\\/livro-barro-blanco\\\/\",\"url\":\"https:\\\/\\\/www.fazendaboqueiraorn.com.br\\\/livro-barro-blanco\\\/\",\"name\":\"Livro Barro Blanco - Fazenda Boqueir\u00e3o\",\"isPartOf\":{\"@id\":\"https:\\\/\\\/www.fazendaboqueiraorn.com.br\\\/#website\"},\"primaryImageOfPage\":{\"@id\":\"https:\\\/\\\/www.fazendaboqueiraorn.com.br\\\/livro-barro-blanco\\\/#primaryimage\"},\"image\":{\"@id\":\"https:\\\/\\\/www.fazendaboqueiraorn.com.br\\\/livro-barro-blanco\\\/#primaryimage\"},\"thumbnailUrl\":\"https:\\\/\\\/i0.wp.com\\\/www.fazendaboqueiraorn.com.br\\\/wp-content\\\/uploads\\\/2021\\\/08\\\/livro-barro-blanco-jose-mauro-de-vasconcelos.jpg?fit=600%2C899&ssl=1\",\"datePublished\":\"2021-08-16T20:00:00+00:00\",\"dateModified\":\"2026-03-01T17:31:21+00:00\",\"description\":\"Escrito por Jos\u00e9 Mauro de Vasconcelos, narra a vida de Chic\u00e3o, nascido no sert\u00e3o, e passa a inf\u00e2ncia junto \u00e0 natureza \u00e1rida do interior. Numa \u00e9poca de seca implac\u00e1vel, parte para Macau (RN).\",\"breadcrumb\":{\"@id\":\"https:\\\/\\\/www.fazendaboqueiraorn.com.br\\\/livro-barro-blanco\\\/#breadcrumb\"},\"inLanguage\":\"en-US\",\"potentialAction\":[{\"@type\":\"ReadAction\",\"target\":[\"https:\\\/\\\/www.fazendaboqueiraorn.com.br\\\/livro-barro-blanco\\\/\"]}]},{\"@type\":\"ImageObject\",\"inLanguage\":\"en-US\",\"@id\":\"https:\\\/\\\/www.fazendaboqueiraorn.com.br\\\/livro-barro-blanco\\\/#primaryimage\",\"url\":\"https:\\\/\\\/i0.wp.com\\\/www.fazendaboqueiraorn.com.br\\\/wp-content\\\/uploads\\\/2021\\\/08\\\/livro-barro-blanco-jose-mauro-de-vasconcelos.jpg?fit=600%2C899&ssl=1\",\"contentUrl\":\"https:\\\/\\\/i0.wp.com\\\/www.fazendaboqueiraorn.com.br\\\/wp-content\\\/uploads\\\/2021\\\/08\\\/livro-barro-blanco-jose-mauro-de-vasconcelos.jpg?fit=600%2C899&ssl=1\",\"width\":600,\"height\":899,\"caption\":\"Livro Barro Blanco\"},{\"@type\":\"BreadcrumbList\",\"@id\":\"https:\\\/\\\/www.fazendaboqueiraorn.com.br\\\/livro-barro-blanco\\\/#breadcrumb\",\"itemListElement\":[{\"@type\":\"ListItem\",\"position\":1,\"name\":\"Home\",\"item\":\"https:\\\/\\\/www.fazendaboqueiraorn.com.br\\\/\"},{\"@type\":\"ListItem\",\"position\":2,\"name\":\"Livro Barro Blanco\"}]},{\"@type\":\"WebSite\",\"@id\":\"https:\\\/\\\/www.fazendaboqueiraorn.com.br\\\/#website\",\"url\":\"https:\\\/\\\/www.fazendaboqueiraorn.com.br\\\/\",\"name\":\"Fazenda Boqueir\u00e3o\",\"description\":\"\",\"publisher\":{\"@id\":\"https:\\\/\\\/www.fazendaboqueiraorn.com.br\\\/#organization\"},\"potentialAction\":[{\"@type\":\"SearchAction\",\"target\":{\"@type\":\"EntryPoint\",\"urlTemplate\":\"https:\\\/\\\/www.fazendaboqueiraorn.com.br\\\/?s={search_term_string}\"},\"query-input\":{\"@type\":\"PropertyValueSpecification\",\"valueRequired\":true,\"valueName\":\"search_term_string\"}}],\"inLanguage\":\"en-US\"},{\"@type\":\"Organization\",\"@id\":\"https:\\\/\\\/www.fazendaboqueiraorn.com.br\\\/#organization\",\"name\":\"Fazenda Boqueir\u00e3o\",\"url\":\"https:\\\/\\\/www.fazendaboqueiraorn.com.br\\\/\",\"logo\":{\"@type\":\"ImageObject\",\"inLanguage\":\"en-US\",\"@id\":\"https:\\\/\\\/www.fazendaboqueiraorn.com.br\\\/#\\\/schema\\\/logo\\\/image\\\/\",\"url\":\"https:\\\/\\\/i0.wp.com\\\/www.fazendaboqueiraorn.com.br\\\/wp-content\\\/uploads\\\/2021\\\/08\\\/logo-fazenda-120x120-1.png?fit=120%2C120&ssl=1\",\"contentUrl\":\"https:\\\/\\\/i0.wp.com\\\/www.fazendaboqueiraorn.com.br\\\/wp-content\\\/uploads\\\/2021\\\/08\\\/logo-fazenda-120x120-1.png?fit=120%2C120&ssl=1\",\"width\":120,\"height\":120,\"caption\":\"Fazenda Boqueir\u00e3o\"},\"image\":{\"@id\":\"https:\\\/\\\/www.fazendaboqueiraorn.com.br\\\/#\\\/schema\\\/logo\\\/image\\\/\"},\"sameAs\":[\"https:\\\/\\\/www.facebook.com\\\/fazboqueirao\",\"https:\\\/\\\/x.com\\\/FazBoqueirao\",\"http:\\\/\\\/instagram.com\\\/fazboqueirao\\\/\",\"https:\\\/\\\/www.linkedin.com\\\/company\\\/fazboqueirao\\\/\",\"https:\\\/\\\/www.youtube.com\\\/channel\\\/UCUA4_8v8HkmMeNUh8c6Ky1Q\"]},{\"@type\":\"Person\",\"@id\":\"https:\\\/\\\/www.fazendaboqueiraorn.com.br\\\/#\\\/schema\\\/person\\\/70484dc96f76e66c6365a9f4a2ebfb02\",\"name\":\"Fazenda Boqueir\u00e3o\",\"image\":{\"@type\":\"ImageObject\",\"inLanguage\":\"en-US\",\"@id\":\"https:\\\/\\\/secure.gravatar.com\\\/avatar\\\/19f19467ae305ded5d913deae2fb6c6f29fe88a0a7f3a4dca5679407289a9efd?s=96&d=mm&r=g\",\"url\":\"https:\\\/\\\/secure.gravatar.com\\\/avatar\\\/19f19467ae305ded5d913deae2fb6c6f29fe88a0a7f3a4dca5679407289a9efd?s=96&d=mm&r=g\",\"contentUrl\":\"https:\\\/\\\/secure.gravatar.com\\\/avatar\\\/19f19467ae305ded5d913deae2fb6c6f29fe88a0a7f3a4dca5679407289a9efd?s=96&d=mm&r=g\",\"caption\":\"Fazenda Boqueir\u00e3o\"},\"url\":\"https:\\\/\\\/www.fazendaboqueiraorn.com.br\\\/en\\\/author\\\/fazenda\\\/\"}]}<\/script>\n<!-- \/ Yoast SEO plugin. -->","yoast_head_json":{"title":"Livro Barro Blanco - Fazenda Boqueir\u00e3o","description":"Escrito por Jos\u00e9 Mauro de Vasconcelos, narra a vida de Chic\u00e3o, nascido no sert\u00e3o, e passa a inf\u00e2ncia junto \u00e0 natureza \u00e1rida do interior. Numa \u00e9poca de seca implac\u00e1vel, parte para Macau (RN).","robots":{"index":"index","follow":"follow","max-snippet":"max-snippet:-1","max-image-preview":"max-image-preview:large","max-video-preview":"max-video-preview:-1"},"canonical":"https:\/\/www.fazendaboqueiraorn.com.br\/en\/livro-barro-blanco\/","og_locale":"en_US","og_type":"article","og_title":"Livro Barro Blanco - Fazenda Boqueir\u00e3o","og_description":"Escrito por Jos\u00e9 Mauro de Vasconcelos, narra a vida de Chic\u00e3o, nascido no sert\u00e3o, e passa a inf\u00e2ncia junto \u00e0 natureza \u00e1rida do interior. Numa \u00e9poca de seca implac\u00e1vel, parte para Macau (RN).","og_url":"https:\/\/www.fazendaboqueiraorn.com.br\/en\/livro-barro-blanco\/","og_site_name":"Fazenda Boqueir\u00e3o","article_publisher":"https:\/\/www.facebook.com\/fazboqueirao","article_published_time":"2021-08-16T20:00:00+00:00","article_modified_time":"2026-03-01T17:31:21+00:00","og_image":[{"width":600,"height":899,"url":"https:\/\/www.fazendaboqueiraorn.com.br\/wp-content\/uploads\/2021\/08\/livro-barro-blanco-jose-mauro-de-vasconcelos.jpg","type":"image\/jpeg"}],"author":"Fazenda Boqueir\u00e3o","twitter_card":"summary_large_image","twitter_creator":"@FazBoqueirao","twitter_site":"@FazBoqueirao","twitter_misc":{"Written by":"Fazenda Boqueir\u00e3o","Est. reading time":"4 minutes"},"schema":{"@context":"https:\/\/schema.org","@graph":[{"@type":"Article","@id":"https:\/\/www.fazendaboqueiraorn.com.br\/livro-barro-blanco\/#article","isPartOf":{"@id":"https:\/\/www.fazendaboqueiraorn.com.br\/livro-barro-blanco\/"},"author":{"name":"Fazenda Boqueir\u00e3o","@id":"https:\/\/www.fazendaboqueiraorn.com.br\/#\/schema\/person\/70484dc96f76e66c6365a9f4a2ebfb02"},"headline":"Livro Barro Blanco","datePublished":"2021-08-16T20:00:00+00:00","dateModified":"2026-03-01T17:31:21+00:00","mainEntityOfPage":{"@id":"https:\/\/www.fazendaboqueiraorn.com.br\/livro-barro-blanco\/"},"wordCount":579,"commentCount":0,"publisher":{"@id":"https:\/\/www.fazendaboqueiraorn.com.br\/#organization"},"image":{"@id":"https:\/\/www.fazendaboqueiraorn.com.br\/livro-barro-blanco\/#primaryimage"},"thumbnailUrl":"https:\/\/i0.wp.com\/www.fazendaboqueiraorn.com.br\/wp-content\/uploads\/2021\/08\/livro-barro-blanco-jose-mauro-de-vasconcelos.jpg?fit=600%2C899&ssl=1","keywords":["Barro Blanco","curso","Jos\u00e9 Mauro de Vasconcelos","literatura","livro","Pedro de Azevedo Maia","S\u00e3o Tom\u00e9"],"articleSection":["Not\u00edcias"],"inLanguage":"en-US","potentialAction":[{"@type":"CommentAction","name":"Comment","target":["https:\/\/www.fazendaboqueiraorn.com.br\/livro-barro-blanco\/#respond"]}]},{"@type":"WebPage","@id":"https:\/\/www.fazendaboqueiraorn.com.br\/livro-barro-blanco\/","url":"https:\/\/www.fazendaboqueiraorn.com.br\/livro-barro-blanco\/","name":"Livro Barro Blanco - Fazenda Boqueir\u00e3o","isPartOf":{"@id":"https:\/\/www.fazendaboqueiraorn.com.br\/#website"},"primaryImageOfPage":{"@id":"https:\/\/www.fazendaboqueiraorn.com.br\/livro-barro-blanco\/#primaryimage"},"image":{"@id":"https:\/\/www.fazendaboqueiraorn.com.br\/livro-barro-blanco\/#primaryimage"},"thumbnailUrl":"https:\/\/i0.wp.com\/www.fazendaboqueiraorn.com.br\/wp-content\/uploads\/2021\/08\/livro-barro-blanco-jose-mauro-de-vasconcelos.jpg?fit=600%2C899&ssl=1","datePublished":"2021-08-16T20:00:00+00:00","dateModified":"2026-03-01T17:31:21+00:00","description":"Escrito por Jos\u00e9 Mauro de Vasconcelos, narra a vida de Chic\u00e3o, nascido no sert\u00e3o, e passa a inf\u00e2ncia junto \u00e0 natureza \u00e1rida do interior. Numa \u00e9poca de seca implac\u00e1vel, parte para Macau (RN).","breadcrumb":{"@id":"https:\/\/www.fazendaboqueiraorn.com.br\/livro-barro-blanco\/#breadcrumb"},"inLanguage":"en-US","potentialAction":[{"@type":"ReadAction","target":["https:\/\/www.fazendaboqueiraorn.com.br\/livro-barro-blanco\/"]}]},{"@type":"ImageObject","inLanguage":"en-US","@id":"https:\/\/www.fazendaboqueiraorn.com.br\/livro-barro-blanco\/#primaryimage","url":"https:\/\/i0.wp.com\/www.fazendaboqueiraorn.com.br\/wp-content\/uploads\/2021\/08\/livro-barro-blanco-jose-mauro-de-vasconcelos.jpg?fit=600%2C899&ssl=1","contentUrl":"https:\/\/i0.wp.com\/www.fazendaboqueiraorn.com.br\/wp-content\/uploads\/2021\/08\/livro-barro-blanco-jose-mauro-de-vasconcelos.jpg?fit=600%2C899&ssl=1","width":600,"height":899,"caption":"Livro Barro Blanco"},{"@type":"BreadcrumbList","@id":"https:\/\/www.fazendaboqueiraorn.com.br\/livro-barro-blanco\/#breadcrumb","itemListElement":[{"@type":"ListItem","position":1,"name":"Home","item":"https:\/\/www.fazendaboqueiraorn.com.br\/"},{"@type":"ListItem","position":2,"name":"Livro Barro Blanco"}]},{"@type":"WebSite","@id":"https:\/\/www.fazendaboqueiraorn.com.br\/#website","url":"https:\/\/www.fazendaboqueiraorn.com.br\/","name":"Fazenda Boqueir\u00e3o","description":"","publisher":{"@id":"https:\/\/www.fazendaboqueiraorn.com.br\/#organization"},"potentialAction":[{"@type":"SearchAction","target":{"@type":"EntryPoint","urlTemplate":"https:\/\/www.fazendaboqueiraorn.com.br\/?s={search_term_string}"},"query-input":{"@type":"PropertyValueSpecification","valueRequired":true,"valueName":"search_term_string"}}],"inLanguage":"en-US"},{"@type":"Organization","@id":"https:\/\/www.fazendaboqueiraorn.com.br\/#organization","name":"Fazenda Boqueir\u00e3o","url":"https:\/\/www.fazendaboqueiraorn.com.br\/","logo":{"@type":"ImageObject","inLanguage":"en-US","@id":"https:\/\/www.fazendaboqueiraorn.com.br\/#\/schema\/logo\/image\/","url":"https:\/\/i0.wp.com\/www.fazendaboqueiraorn.com.br\/wp-content\/uploads\/2021\/08\/logo-fazenda-120x120-1.png?fit=120%2C120&ssl=1","contentUrl":"https:\/\/i0.wp.com\/www.fazendaboqueiraorn.com.br\/wp-content\/uploads\/2021\/08\/logo-fazenda-120x120-1.png?fit=120%2C120&ssl=1","width":120,"height":120,"caption":"Fazenda Boqueir\u00e3o"},"image":{"@id":"https:\/\/www.fazendaboqueiraorn.com.br\/#\/schema\/logo\/image\/"},"sameAs":["https:\/\/www.facebook.com\/fazboqueirao","https:\/\/x.com\/FazBoqueirao","http:\/\/instagram.com\/fazboqueirao\/","https:\/\/www.linkedin.com\/company\/fazboqueirao\/","https:\/\/www.youtube.com\/channel\/UCUA4_8v8HkmMeNUh8c6Ky1Q"]},{"@type":"Person","@id":"https:\/\/www.fazendaboqueiraorn.com.br\/#\/schema\/person\/70484dc96f76e66c6365a9f4a2ebfb02","name":"Fazenda Boqueir\u00e3o","image":{"@type":"ImageObject","inLanguage":"en-US","@id":"https:\/\/secure.gravatar.com\/avatar\/19f19467ae305ded5d913deae2fb6c6f29fe88a0a7f3a4dca5679407289a9efd?s=96&d=mm&r=g","url":"https:\/\/secure.gravatar.com\/avatar\/19f19467ae305ded5d913deae2fb6c6f29fe88a0a7f3a4dca5679407289a9efd?s=96&d=mm&r=g","contentUrl":"https:\/\/secure.gravatar.com\/avatar\/19f19467ae305ded5d913deae2fb6c6f29fe88a0a7f3a4dca5679407289a9efd?s=96&d=mm&r=g","caption":"Fazenda Boqueir\u00e3o"},"url":"https:\/\/www.fazendaboqueiraorn.com.br\/en\/author\/fazenda\/"}]}},"jetpack_publicize_connections":[],"uagb_featured_image_src":{"full":["https:\/\/i0.wp.com\/www.fazendaboqueiraorn.com.br\/wp-content\/uploads\/2021\/08\/livro-barro-blanco-jose-mauro-de-vasconcelos.jpg?fit=600%2C899&ssl=1",600,899,false],"thumbnail":["https:\/\/i0.wp.com\/www.fazendaboqueiraorn.com.br\/wp-content\/uploads\/2021\/08\/livro-barro-blanco-jose-mauro-de-vasconcelos.jpg?resize=150%2C150&ssl=1",150,150,true],"medium":["https:\/\/i0.wp.com\/www.fazendaboqueiraorn.com.br\/wp-content\/uploads\/2021\/08\/livro-barro-blanco-jose-mauro-de-vasconcelos.jpg?fit=200%2C300&ssl=1",200,300,true],"medium_large":["https:\/\/i0.wp.com\/www.fazendaboqueiraorn.com.br\/wp-content\/uploads\/2021\/08\/livro-barro-blanco-jose-mauro-de-vasconcelos.jpg?fit=600%2C899&ssl=1",600,899,true],"large":["https:\/\/i0.wp.com\/www.fazendaboqueiraorn.com.br\/wp-content\/uploads\/2021\/08\/livro-barro-blanco-jose-mauro-de-vasconcelos.jpg?fit=600%2C899&ssl=1",600,899,true],"1536x1536":["https:\/\/i0.wp.com\/www.fazendaboqueiraorn.com.br\/wp-content\/uploads\/2021\/08\/livro-barro-blanco-jose-mauro-de-vasconcelos.jpg?fit=600%2C899&ssl=1",600,899,true],"2048x2048":["https:\/\/i0.wp.com\/www.fazendaboqueiraorn.com.br\/wp-content\/uploads\/2021\/08\/livro-barro-blanco-jose-mauro-de-vasconcelos.jpg?fit=600%2C899&ssl=1",600,899,true],"trp-custom-language-flag":["https:\/\/i0.wp.com\/www.fazendaboqueiraorn.com.br\/wp-content\/uploads\/2021\/08\/livro-barro-blanco-jose-mauro-de-vasconcelos.jpg?fit=8%2C12&ssl=1",8,12,true],"ultp_layout_landscape_large":["https:\/\/i0.wp.com\/www.fazendaboqueiraorn.com.br\/wp-content\/uploads\/2021\/08\/livro-barro-blanco-jose-mauro-de-vasconcelos.jpg?resize=600%2C800&ssl=1",600,800,true],"ultp_layout_landscape":["https:\/\/i0.wp.com\/www.fazendaboqueiraorn.com.br\/wp-content\/uploads\/2021\/08\/livro-barro-blanco-jose-mauro-de-vasconcelos.jpg?resize=600%2C570&ssl=1",600,570,true],"ultp_layout_portrait":["https:\/\/i0.wp.com\/www.fazendaboqueiraorn.com.br\/wp-content\/uploads\/2021\/08\/livro-barro-blanco-jose-mauro-de-vasconcelos.jpg?resize=600%2C899&ssl=1",600,899,true],"ultp_layout_square":["https:\/\/i0.wp.com\/www.fazendaboqueiraorn.com.br\/wp-content\/uploads\/2021\/08\/livro-barro-blanco-jose-mauro-de-vasconcelos.jpg?resize=600%2C600&ssl=1",600,600,true],"woocommerce_thumbnail":["https:\/\/www.fazendaboqueiraorn.com.br\/wp-content\/uploads\/2021\/08\/livro-barro-blanco-jose-mauro-de-vasconcelos-300x300.jpg",300,300,true],"woocommerce_single":["https:\/\/www.fazendaboqueiraorn.com.br\/wp-content\/uploads\/2021\/08\/livro-barro-blanco-jose-mauro-de-vasconcelos.jpg",600,899,false],"woocommerce_gallery_thumbnail":["https:\/\/www.fazendaboqueiraorn.com.br\/wp-content\/uploads\/2021\/08\/livro-barro-blanco-jose-mauro-de-vasconcelos-100x100.jpg",100,100,true],"web-stories-poster-portrait":["https:\/\/www.fazendaboqueiraorn.com.br\/wp-content\/uploads\/2021\/08\/livro-barro-blanco-jose-mauro-de-vasconcelos.jpg",569,853,false],"web-stories-publisher-logo":["https:\/\/www.fazendaboqueiraorn.com.br\/wp-content\/uploads\/2021\/08\/livro-barro-blanco-jose-mauro-de-vasconcelos.jpg",64,96,false],"web-stories-thumbnail":["https:\/\/www.fazendaboqueiraorn.com.br\/wp-content\/uploads\/2021\/08\/livro-barro-blanco-jose-mauro-de-vasconcelos.jpg",150,225,false]},"uagb_author_info":{"display_name":"Fazenda Boqueir\u00e3o","author_link":"https:\/\/www.fazendaboqueiraorn.com.br\/en\/author\/fazenda\/"},"uagb_comment_info":0,"uagb_excerpt":"Escrito por Jos\u00e9 Mauro de Vasconcelos, narra a vida de Chic\u00e3o, nascido no sert\u00e3o, e passa a inf\u00e2ncia junto \u00e0 natureza \u00e1rida do interior. Numa \u00e9poca de seca implac\u00e1vel, parte para Macau (RN).","jetpack_featured_media_url":"https:\/\/i0.wp.com\/www.fazendaboqueiraorn.com.br\/wp-content\/uploads\/2021\/08\/livro-barro-blanco-jose-mauro-de-vasconcelos.jpg?fit=600%2C899&ssl=1","jetpack_sharing_enabled":true,"jetpack_likes_enabled":true,"_links":{"self":[{"href":"https:\/\/www.fazendaboqueiraorn.com.br\/en\/wp-json\/wp\/v2\/posts\/342","targetHints":{"allow":["GET"]}}],"collection":[{"href":"https:\/\/www.fazendaboqueiraorn.com.br\/en\/wp-json\/wp\/v2\/posts"}],"about":[{"href":"https:\/\/www.fazendaboqueiraorn.com.br\/en\/wp-json\/wp\/v2\/types\/post"}],"author":[{"embeddable":true,"href":"https:\/\/www.fazendaboqueiraorn.com.br\/en\/wp-json\/wp\/v2\/users\/2"}],"replies":[{"embeddable":true,"href":"https:\/\/www.fazendaboqueiraorn.com.br\/en\/wp-json\/wp\/v2\/comments?post=342"}],"version-history":[{"count":5,"href":"https:\/\/www.fazendaboqueiraorn.com.br\/en\/wp-json\/wp\/v2\/posts\/342\/revisions"}],"predecessor-version":[{"id":9512,"href":"https:\/\/www.fazendaboqueiraorn.com.br\/en\/wp-json\/wp\/v2\/posts\/342\/revisions\/9512"}],"wp:featuredmedia":[{"embeddable":true,"href":"https:\/\/www.fazendaboqueiraorn.com.br\/en\/wp-json\/wp\/v2\/media\/350"}],"wp:attachment":[{"href":"https:\/\/www.fazendaboqueiraorn.com.br\/en\/wp-json\/wp\/v2\/media?parent=342"}],"wp:term":[{"taxonomy":"category","embeddable":true,"href":"https:\/\/www.fazendaboqueiraorn.com.br\/en\/wp-json\/wp\/v2\/categories?post=342"},{"taxonomy":"post_tag","embeddable":true,"href":"https:\/\/www.fazendaboqueiraorn.com.br\/en\/wp-json\/wp\/v2\/tags?post=342"}],"curies":[{"name":"wp","href":"https:\/\/api.w.org\/{rel}","templated":true}]}}