{"id":3389,"date":"2023-01-12T10:00:00","date_gmt":"2023-01-12T13:00:00","guid":{"rendered":"https:\/\/www.fazendaboqueiraorn.com.br\/?p=3389"},"modified":"2023-01-11T15:15:20","modified_gmt":"2023-01-11T18:15:20","slug":"chuvas-em-2022-no-rn-foi-39-acima-do-esperado","status":"publish","type":"post","link":"https:\/\/www.fazendaboqueiraorn.com.br\/en\/chuvas-em-2022-no-rn-foi-39-acima-do-esperado\/","title":{"rendered":"Chuvas em 2022 no RN foi 39% acima do esperado"},"content":{"rendered":"<figure class=\"wp-block-image aligncenter size-full\"><img data-recalc-dims=\"1\" decoding=\"async\" width=\"610\" height=\"390\" loading=\"lazy\" src=\"https:\/\/i0.wp.com\/www.fazendaboqueiraorn.com.br\/wp-content\/uploads\/2023\/01\/chuvas-rn-2022.jpeg?resize=610%2C390&#038;ssl=1\" alt=\"Chuvas em 2022 no RN\" class=\"wp-image-3391\" srcset=\"https:\/\/i0.wp.com\/www.fazendaboqueiraorn.com.br\/wp-content\/uploads\/2023\/01\/chuvas-rn-2022.jpeg?w=610&amp;ssl=1 610w, https:\/\/i0.wp.com\/www.fazendaboqueiraorn.com.br\/wp-content\/uploads\/2023\/01\/chuvas-rn-2022.jpeg?resize=600%2C384&amp;ssl=1 600w, https:\/\/i0.wp.com\/www.fazendaboqueiraorn.com.br\/wp-content\/uploads\/2023\/01\/chuvas-rn-2022.jpeg?resize=300%2C192&amp;ssl=1 300w, https:\/\/i0.wp.com\/www.fazendaboqueiraorn.com.br\/wp-content\/uploads\/2023\/01\/chuvas-rn-2022.jpeg?resize=18%2C12&amp;ssl=1 18w\" sizes=\"auto, (max-width: 610px) 100vw, 610px\" \/><\/figure>\n\n\n\n<p>O Sistema de Monitoramento da Empresa de Pesquisa Agropecu\u00e1ria do Rio Grande do Norte (EMPARN) registrou chuvas em 2022 39,9% acima do previsto ap\u00f3s um ano mais seco (2021), com m\u00e9dia de chuvas em torno de 600 mil\u00edmetros (mm) na maior parte do regi\u00e3o do Rio Grande do Norte. <\/p>\n\n\n\n<p>Ao contr\u00e1rio do volume previsto de 833,2 mm, o volume total do estado no per\u00edodo foi de 1.165,5 mm. Em todas as \u00e1reas do Estado, houve precipita\u00e7\u00e3o generalizada e uniformemente distribu\u00edda. Apenas o m\u00eas de fevereiro apresentou volumes abaixo do previsto, conforme as avalia\u00e7\u00f5es.<\/p>\n\n\n\n<p>Gilmar Bristot, l\u00edder da unidade de Meteorologia instrumental, observou que as chuvas apresentam desvios percentuais positivos nos meses de agosto a dezembro, quando costuma chover pouco.<\/p>\n\n\n\n<p>Em termos de volume total do ano, a Costa Leste foi a \u00e1rea com maior quantidade de precipita\u00e7\u00e3o (total de 1.852,3 mm; esperado: 1.428,1 mm), ou 29,7% a mais que a m\u00e9dia. Foram registrados 979,6 mm de chuva no Agreste, 52,3% a mais do que o volume previsto para o per\u00edodo, de 643,4 mm.<\/p>\n\n\n\n<p>Gilmar Bristot argumenta que as excelentes condi\u00e7\u00f5es termodin\u00e2micas dos oceanos Atl\u00e2ntico e Pac\u00edfico aliadas a outras condi\u00e7\u00f5es clim\u00e1ticas favor\u00e1veis, como as Frentes Frias ocorridas ao longo de 2022, levaram aos bons volumes registrados no Rio Grande do Norte.<\/p>\n\n\n\n<p>&#8220;No Oceano Atl\u00e2ntico, a condi\u00e7\u00e3o da temperatura da superf\u00edcie do oceano ser superior \u00e0 temperatura da superf\u00edcie do norte incentivou a Zona de Converg\u00eancia Intertropical (ZCIT) a se aproximar da regi\u00e3o do noroeste, que em combina\u00e7\u00e3o com a presen\u00e7a do Fen\u00f4meno La Nia no Oceano Pac\u00edfico favoreceu a ocorr\u00eancia de chuvas no interior do estado entre os meses de fevereiro e maio de 2022. Os deslocamentos da Frente Fr\u00edas ocorreram nos meses restantes do ano, disse.<\/p>\n\n\n\n<p>O meteorologista destaca a preval\u00eancia de chuvas no munic\u00edpio de S\u00e3o Vicente, regi\u00e3o da Serra de Santana, que em dezembro de 2022 registrou um volume de 164,7mm. \u201cN\u00e3o est\u00e3o previstos valores expressivos neste munic\u00edpio neste m\u00eas do ano, onde a m\u00e9dia esperada \u00e9 de 16,1mm\u201d, disse Bristot.<\/p>\n\n\n\n<h2 class=\"wp-block-heading\">Chuvas em 2022 no RN por regi\u00e3o<\/h2>\n\n\n\n<p>Por regi\u00e3o, os munic\u00edpios mais chuvosos em 2022 foram: <\/p>\n\n\n\n<ul class=\"wp-block-list\">\n<li>Natal (Leste Potiguar) (2.257 mm);<\/li>\n\n\n\n<li> Brejinho (1.638,4 mm);<\/li>\n\n\n\n<li> Campo Grande (1.743,8 mm);<\/li>\n\n\n\n<li> S\u00e3o Fernando (1.287,1 mm).<\/li>\n<\/ul>","protected":false},"excerpt":{"rendered":"<p>O Sistema de Monitoramento da Empresa de Pesquisa Agropecu\u00e1ria do Rio Grande do Norte (Emparn) registrou chuvas em 2022 39,9% acima do previsto<\/p>","protected":false},"author":2,"featured_media":3391,"comment_status":"open","ping_status":"open","sticky":false,"template":"","format":"standard","meta":{"nf_dc_page":"","_uag_custom_page_level_css":"","site-sidebar-layout":"default","site-content-layout":"","ast-site-content-layout":"default","site-content-style":"default","site-sidebar-style":"default","ast-global-header-display":"","ast-banner-title-visibility":"","ast-main-header-display":"","ast-hfb-above-header-display":"","ast-hfb-below-header-display":"","ast-hfb-mobile-header-display":"","site-post-title":"","ast-breadcrumbs-content":"","ast-featured-img":"","footer-sml-layout":"","ast-disable-related-posts":"","theme-transparent-header-meta":"","adv-header-id-meta":"","stick-header-meta":"","header-above-stick-meta":"","header-main-stick-meta":"","header-below-stick-meta":"","astra-migrate-meta-layouts":"default","ast-page-background-enabled":"default","ast-page-background-meta":{"desktop":{"background-color":"var(--ast-global-color-4)","background-image":"","background-repeat":"repeat","background-position":"center center","background-size":"auto","background-attachment":"scroll","background-type":"","background-media":"","overlay-type":"","overlay-color":"","overlay-opacity":"","overlay-gradient":""},"tablet":{"background-color":"","background-image":"","background-repeat":"repeat","background-position":"center center","background-size":"auto","background-attachment":"scroll","background-type":"","background-media":"","overlay-type":"","overlay-color":"","overlay-opacity":"","overlay-gradient":""},"mobile":{"background-color":"","background-image":"","background-repeat":"repeat","background-position":"center center","background-size":"auto","background-attachment":"scroll","background-type":"","background-media":"","overlay-type":"","overlay-color":"","overlay-opacity":"","overlay-gradient":""}},"ast-content-background-meta":{"desktop":{"background-color":"var(--ast-global-color-5)","background-image":"","background-repeat":"repeat","background-position":"center center","background-size":"auto","background-attachment":"scroll","background-type":"","background-media":"","overlay-type":"","overlay-color":"","overlay-opacity":"","overlay-gradient":""},"tablet":{"background-color":"var(--ast-global-color-5)","background-image":"","background-repeat":"repeat","background-position":"center center","background-size":"auto","background-attachment":"scroll","background-type":"","background-media":"","overlay-type":"","overlay-color":"","overlay-opacity":"","overlay-gradient":""},"mobile":{"background-color":"var(--ast-global-color-5)","background-image":"","background-repeat":"repeat","background-position":"center center","background-size":"auto","background-attachment":"scroll","background-type":"","background-media":"","overlay-type":"","overlay-color":"","overlay-opacity":"","overlay-gradient":""}},"jetpack_post_was_ever_published":false,"_jetpack_newsletter_access":"","_jetpack_dont_email_post_to_subs":false,"_jetpack_newsletter_tier_id":0,"_jetpack_memberships_contains_paywalled_content":false,"_jetpack_memberships_contains_paid_content":false,"footnotes":"","jetpack_publicize_message":"","jetpack_publicize_feature_enabled":true,"jetpack_social_post_already_shared":true,"jetpack_social_options":{"image_generator_settings":{"template":"highway","default_image_id":0,"font":"","enabled":false},"version":2}},"categories":[1],"tags":[166,21,228,61,59,51],"class_list":["post-3389","post","type-post","status-publish","format-standard","has-post-thumbnail","hentry","category-noticia","tag-166","tag-21","tag-chuva","tag-dia-d","tag-emparn","tag-rio-grande-do-norte"],"yoast_head":"<!-- This site is optimized with the Yoast SEO plugin v27.4 - https:\/\/yoast.com\/product\/yoast-seo-wordpress\/ -->\n<title>Chuvas em 2022 no RN foi 39% acima do esperado - Fazenda Boqueir\u00e3o<\/title>\n<meta name=\"description\" content=\"O Sistema de Monitoramento da Emparn registrou chuvas em 2022 39,9% acima do previsto na maior parte do regi\u00e3o do Rio Grande do Norte.\" \/>\n<meta name=\"robots\" content=\"index, follow, max-snippet:-1, max-image-preview:large, max-video-preview:-1\" \/>\n<link rel=\"canonical\" href=\"https:\/\/www.fazendaboqueiraorn.com.br\/en\/chuvas-em-2022-no-rn-foi-39-acima-do-esperado\/\" \/>\n<meta property=\"og:locale\" content=\"en_US\" \/>\n<meta property=\"og:type\" content=\"article\" \/>\n<meta property=\"og:title\" content=\"Chuvas em 2022 no RN foi 39% acima do esperado - Fazenda Boqueir\u00e3o\" \/>\n<meta property=\"og:description\" content=\"O Sistema de Monitoramento da Emparn registrou chuvas em 2022 39,9% acima do previsto na maior parte do regi\u00e3o do Rio Grande do Norte.\" \/>\n<meta property=\"og:url\" content=\"https:\/\/www.fazendaboqueiraorn.com.br\/en\/chuvas-em-2022-no-rn-foi-39-acima-do-esperado\/\" \/>\n<meta property=\"og:site_name\" content=\"Fazenda Boqueir\u00e3o\" \/>\n<meta property=\"article:publisher\" content=\"https:\/\/www.facebook.com\/fazboqueirao\" \/>\n<meta property=\"article:published_time\" content=\"2023-01-12T13:00:00+00:00\" \/>\n<meta property=\"og:image\" content=\"https:\/\/www.fazendaboqueiraorn.com.br\/wp-content\/uploads\/2023\/01\/chuvas-rn-2022.jpeg\" \/>\n\t<meta property=\"og:image:width\" content=\"610\" \/>\n\t<meta property=\"og:image:height\" content=\"390\" \/>\n\t<meta property=\"og:image:type\" content=\"image\/jpeg\" \/>\n<meta name=\"author\" content=\"Fazenda Boqueir\u00e3o\" \/>\n<meta name=\"twitter:card\" content=\"summary_large_image\" \/>\n<meta name=\"twitter:creator\" content=\"@FazBoqueirao\" \/>\n<meta name=\"twitter:site\" content=\"@FazBoqueirao\" \/>\n<meta name=\"twitter:label1\" content=\"Written by\" \/>\n\t<meta name=\"twitter:data1\" content=\"Fazenda Boqueir\u00e3o\" \/>\n\t<meta name=\"twitter:label2\" content=\"Est. reading time\" \/>\n\t<meta name=\"twitter:data2\" content=\"3 minutes\" \/>\n<script type=\"application\/ld+json\" class=\"yoast-schema-graph\">{\"@context\":\"https:\\\/\\\/schema.org\",\"@graph\":[{\"@type\":\"Article\",\"@id\":\"https:\\\/\\\/www.fazendaboqueiraorn.com.br\\\/chuvas-em-2022-no-rn-foi-39-acima-do-esperado\\\/#article\",\"isPartOf\":{\"@id\":\"https:\\\/\\\/www.fazendaboqueiraorn.com.br\\\/chuvas-em-2022-no-rn-foi-39-acima-do-esperado\\\/\"},\"author\":{\"name\":\"Fazenda Boqueir\u00e3o\",\"@id\":\"https:\\\/\\\/www.fazendaboqueiraorn.com.br\\\/#\\\/schema\\\/person\\\/70484dc96f76e66c6365a9f4a2ebfb02\"},\"headline\":\"Chuvas em 2022 no RN foi 39% acima do esperado\",\"datePublished\":\"2023-01-12T13:00:00+00:00\",\"mainEntityOfPage\":{\"@id\":\"https:\\\/\\\/www.fazendaboqueiraorn.com.br\\\/chuvas-em-2022-no-rn-foi-39-acima-do-esperado\\\/\"},\"wordCount\":398,\"commentCount\":0,\"publisher\":{\"@id\":\"https:\\\/\\\/www.fazendaboqueiraorn.com.br\\\/#organization\"},\"image\":{\"@id\":\"https:\\\/\\\/www.fazendaboqueiraorn.com.br\\\/chuvas-em-2022-no-rn-foi-39-acima-do-esperado\\\/#primaryimage\"},\"thumbnailUrl\":\"https:\\\/\\\/i0.wp.com\\\/www.fazendaboqueiraorn.com.br\\\/wp-content\\\/uploads\\\/2023\\\/01\\\/chuvas-rn-2022.jpeg?fit=610%2C390&ssl=1\",\"keywords\":[\"2021\",\"2022\",\"chuva\",\"Dia D\",\"Emparn\",\"Rio Grande do Norte\"],\"articleSection\":[\"Not\u00edcias\"],\"inLanguage\":\"en-US\",\"potentialAction\":[{\"@type\":\"CommentAction\",\"name\":\"Comment\",\"target\":[\"https:\\\/\\\/www.fazendaboqueiraorn.com.br\\\/chuvas-em-2022-no-rn-foi-39-acima-do-esperado\\\/#respond\"]}]},{\"@type\":\"WebPage\",\"@id\":\"https:\\\/\\\/www.fazendaboqueiraorn.com.br\\\/chuvas-em-2022-no-rn-foi-39-acima-do-esperado\\\/\",\"url\":\"https:\\\/\\\/www.fazendaboqueiraorn.com.br\\\/chuvas-em-2022-no-rn-foi-39-acima-do-esperado\\\/\",\"name\":\"Chuvas em 2022 no RN foi 39% acima do esperado - Fazenda Boqueir\u00e3o\",\"isPartOf\":{\"@id\":\"https:\\\/\\\/www.fazendaboqueiraorn.com.br\\\/#website\"},\"primaryImageOfPage\":{\"@id\":\"https:\\\/\\\/www.fazendaboqueiraorn.com.br\\\/chuvas-em-2022-no-rn-foi-39-acima-do-esperado\\\/#primaryimage\"},\"image\":{\"@id\":\"https:\\\/\\\/www.fazendaboqueiraorn.com.br\\\/chuvas-em-2022-no-rn-foi-39-acima-do-esperado\\\/#primaryimage\"},\"thumbnailUrl\":\"https:\\\/\\\/i0.wp.com\\\/www.fazendaboqueiraorn.com.br\\\/wp-content\\\/uploads\\\/2023\\\/01\\\/chuvas-rn-2022.jpeg?fit=610%2C390&ssl=1\",\"datePublished\":\"2023-01-12T13:00:00+00:00\",\"description\":\"O Sistema de Monitoramento da Emparn registrou chuvas em 2022 39,9% acima do previsto na maior parte do regi\u00e3o do Rio Grande do Norte.\",\"breadcrumb\":{\"@id\":\"https:\\\/\\\/www.fazendaboqueiraorn.com.br\\\/chuvas-em-2022-no-rn-foi-39-acima-do-esperado\\\/#breadcrumb\"},\"inLanguage\":\"en-US\",\"potentialAction\":[{\"@type\":\"ReadAction\",\"target\":[\"https:\\\/\\\/www.fazendaboqueiraorn.com.br\\\/chuvas-em-2022-no-rn-foi-39-acima-do-esperado\\\/\"]}]},{\"@type\":\"ImageObject\",\"inLanguage\":\"en-US\",\"@id\":\"https:\\\/\\\/www.fazendaboqueiraorn.com.br\\\/chuvas-em-2022-no-rn-foi-39-acima-do-esperado\\\/#primaryimage\",\"url\":\"https:\\\/\\\/i0.wp.com\\\/www.fazendaboqueiraorn.com.br\\\/wp-content\\\/uploads\\\/2023\\\/01\\\/chuvas-rn-2022.jpeg?fit=610%2C390&ssl=1\",\"contentUrl\":\"https:\\\/\\\/i0.wp.com\\\/www.fazendaboqueiraorn.com.br\\\/wp-content\\\/uploads\\\/2023\\\/01\\\/chuvas-rn-2022.jpeg?fit=610%2C390&ssl=1\",\"width\":610,\"height\":390,\"caption\":\"Chuvas em 2022 no RN\"},{\"@type\":\"BreadcrumbList\",\"@id\":\"https:\\\/\\\/www.fazendaboqueiraorn.com.br\\\/chuvas-em-2022-no-rn-foi-39-acima-do-esperado\\\/#breadcrumb\",\"itemListElement\":[{\"@type\":\"ListItem\",\"position\":1,\"name\":\"Home\",\"item\":\"https:\\\/\\\/www.fazendaboqueiraorn.com.br\\\/\"},{\"@type\":\"ListItem\",\"position\":2,\"name\":\"Chuvas em 2022 no RN foi 39% acima do esperado\"}]},{\"@type\":\"WebSite\",\"@id\":\"https:\\\/\\\/www.fazendaboqueiraorn.com.br\\\/#website\",\"url\":\"https:\\\/\\\/www.fazendaboqueiraorn.com.br\\\/\",\"name\":\"Fazenda Boqueir\u00e3o\",\"description\":\"\",\"publisher\":{\"@id\":\"https:\\\/\\\/www.fazendaboqueiraorn.com.br\\\/#organization\"},\"potentialAction\":[{\"@type\":\"SearchAction\",\"target\":{\"@type\":\"EntryPoint\",\"urlTemplate\":\"https:\\\/\\\/www.fazendaboqueiraorn.com.br\\\/?s={search_term_string}\"},\"query-input\":{\"@type\":\"PropertyValueSpecification\",\"valueRequired\":true,\"valueName\":\"search_term_string\"}}],\"inLanguage\":\"en-US\"},{\"@type\":\"Organization\",\"@id\":\"https:\\\/\\\/www.fazendaboqueiraorn.com.br\\\/#organization\",\"name\":\"Fazenda Boqueir\u00e3o\",\"url\":\"https:\\\/\\\/www.fazendaboqueiraorn.com.br\\\/\",\"logo\":{\"@type\":\"ImageObject\",\"inLanguage\":\"en-US\",\"@id\":\"https:\\\/\\\/www.fazendaboqueiraorn.com.br\\\/#\\\/schema\\\/logo\\\/image\\\/\",\"url\":\"https:\\\/\\\/i0.wp.com\\\/www.fazendaboqueiraorn.com.br\\\/wp-content\\\/uploads\\\/2021\\\/08\\\/logo-fazenda-120x120-1.png?fit=120%2C120&ssl=1\",\"contentUrl\":\"https:\\\/\\\/i0.wp.com\\\/www.fazendaboqueiraorn.com.br\\\/wp-content\\\/uploads\\\/2021\\\/08\\\/logo-fazenda-120x120-1.png?fit=120%2C120&ssl=1\",\"width\":120,\"height\":120,\"caption\":\"Fazenda Boqueir\u00e3o\"},\"image\":{\"@id\":\"https:\\\/\\\/www.fazendaboqueiraorn.com.br\\\/#\\\/schema\\\/logo\\\/image\\\/\"},\"sameAs\":[\"https:\\\/\\\/www.facebook.com\\\/fazboqueirao\",\"https:\\\/\\\/x.com\\\/FazBoqueirao\",\"http:\\\/\\\/instagram.com\\\/fazboqueirao\\\/\",\"https:\\\/\\\/www.linkedin.com\\\/company\\\/fazboqueirao\\\/\",\"https:\\\/\\\/www.youtube.com\\\/channel\\\/UCUA4_8v8HkmMeNUh8c6Ky1Q\"]},{\"@type\":\"Person\",\"@id\":\"https:\\\/\\\/www.fazendaboqueiraorn.com.br\\\/#\\\/schema\\\/person\\\/70484dc96f76e66c6365a9f4a2ebfb02\",\"name\":\"Fazenda Boqueir\u00e3o\",\"image\":{\"@type\":\"ImageObject\",\"inLanguage\":\"en-US\",\"@id\":\"https:\\\/\\\/secure.gravatar.com\\\/avatar\\\/19f19467ae305ded5d913deae2fb6c6f29fe88a0a7f3a4dca5679407289a9efd?s=96&d=mm&r=g\",\"url\":\"https:\\\/\\\/secure.gravatar.com\\\/avatar\\\/19f19467ae305ded5d913deae2fb6c6f29fe88a0a7f3a4dca5679407289a9efd?s=96&d=mm&r=g\",\"contentUrl\":\"https:\\\/\\\/secure.gravatar.com\\\/avatar\\\/19f19467ae305ded5d913deae2fb6c6f29fe88a0a7f3a4dca5679407289a9efd?s=96&d=mm&r=g\",\"caption\":\"Fazenda Boqueir\u00e3o\"},\"url\":\"https:\\\/\\\/www.fazendaboqueiraorn.com.br\\\/en\\\/author\\\/fazenda\\\/\"}]}<\/script>\n<!-- \/ Yoast SEO plugin. -->","yoast_head_json":{"title":"Chuvas em 2022 no RN foi 39% acima do esperado - Fazenda Boqueir\u00e3o","description":"O Sistema de Monitoramento da Emparn registrou chuvas em 2022 39,9% acima do previsto na maior parte do regi\u00e3o do Rio Grande do Norte.","robots":{"index":"index","follow":"follow","max-snippet":"max-snippet:-1","max-image-preview":"max-image-preview:large","max-video-preview":"max-video-preview:-1"},"canonical":"https:\/\/www.fazendaboqueiraorn.com.br\/en\/chuvas-em-2022-no-rn-foi-39-acima-do-esperado\/","og_locale":"en_US","og_type":"article","og_title":"Chuvas em 2022 no RN foi 39% acima do esperado - Fazenda Boqueir\u00e3o","og_description":"O Sistema de Monitoramento da Emparn registrou chuvas em 2022 39,9% acima do previsto na maior parte do regi\u00e3o do Rio Grande do Norte.","og_url":"https:\/\/www.fazendaboqueiraorn.com.br\/en\/chuvas-em-2022-no-rn-foi-39-acima-do-esperado\/","og_site_name":"Fazenda Boqueir\u00e3o","article_publisher":"https:\/\/www.facebook.com\/fazboqueirao","article_published_time":"2023-01-12T13:00:00+00:00","og_image":[{"width":610,"height":390,"url":"https:\/\/www.fazendaboqueiraorn.com.br\/wp-content\/uploads\/2023\/01\/chuvas-rn-2022.jpeg","type":"image\/jpeg"}],"author":"Fazenda Boqueir\u00e3o","twitter_card":"summary_large_image","twitter_creator":"@FazBoqueirao","twitter_site":"@FazBoqueirao","twitter_misc":{"Written by":"Fazenda Boqueir\u00e3o","Est. reading time":"3 minutes"},"schema":{"@context":"https:\/\/schema.org","@graph":[{"@type":"Article","@id":"https:\/\/www.fazendaboqueiraorn.com.br\/chuvas-em-2022-no-rn-foi-39-acima-do-esperado\/#article","isPartOf":{"@id":"https:\/\/www.fazendaboqueiraorn.com.br\/chuvas-em-2022-no-rn-foi-39-acima-do-esperado\/"},"author":{"name":"Fazenda Boqueir\u00e3o","@id":"https:\/\/www.fazendaboqueiraorn.com.br\/#\/schema\/person\/70484dc96f76e66c6365a9f4a2ebfb02"},"headline":"Chuvas em 2022 no RN foi 39% acima do esperado","datePublished":"2023-01-12T13:00:00+00:00","mainEntityOfPage":{"@id":"https:\/\/www.fazendaboqueiraorn.com.br\/chuvas-em-2022-no-rn-foi-39-acima-do-esperado\/"},"wordCount":398,"commentCount":0,"publisher":{"@id":"https:\/\/www.fazendaboqueiraorn.com.br\/#organization"},"image":{"@id":"https:\/\/www.fazendaboqueiraorn.com.br\/chuvas-em-2022-no-rn-foi-39-acima-do-esperado\/#primaryimage"},"thumbnailUrl":"https:\/\/i0.wp.com\/www.fazendaboqueiraorn.com.br\/wp-content\/uploads\/2023\/01\/chuvas-rn-2022.jpeg?fit=610%2C390&ssl=1","keywords":["2021","2022","chuva","Dia D","Emparn","Rio Grande do Norte"],"articleSection":["Not\u00edcias"],"inLanguage":"en-US","potentialAction":[{"@type":"CommentAction","name":"Comment","target":["https:\/\/www.fazendaboqueiraorn.com.br\/chuvas-em-2022-no-rn-foi-39-acima-do-esperado\/#respond"]}]},{"@type":"WebPage","@id":"https:\/\/www.fazendaboqueiraorn.com.br\/chuvas-em-2022-no-rn-foi-39-acima-do-esperado\/","url":"https:\/\/www.fazendaboqueiraorn.com.br\/chuvas-em-2022-no-rn-foi-39-acima-do-esperado\/","name":"Chuvas em 2022 no RN foi 39% acima do esperado - Fazenda Boqueir\u00e3o","isPartOf":{"@id":"https:\/\/www.fazendaboqueiraorn.com.br\/#website"},"primaryImageOfPage":{"@id":"https:\/\/www.fazendaboqueiraorn.com.br\/chuvas-em-2022-no-rn-foi-39-acima-do-esperado\/#primaryimage"},"image":{"@id":"https:\/\/www.fazendaboqueiraorn.com.br\/chuvas-em-2022-no-rn-foi-39-acima-do-esperado\/#primaryimage"},"thumbnailUrl":"https:\/\/i0.wp.com\/www.fazendaboqueiraorn.com.br\/wp-content\/uploads\/2023\/01\/chuvas-rn-2022.jpeg?fit=610%2C390&ssl=1","datePublished":"2023-01-12T13:00:00+00:00","description":"O Sistema de Monitoramento da Emparn registrou chuvas em 2022 39,9% acima do previsto na maior parte do regi\u00e3o do Rio Grande do Norte.","breadcrumb":{"@id":"https:\/\/www.fazendaboqueiraorn.com.br\/chuvas-em-2022-no-rn-foi-39-acima-do-esperado\/#breadcrumb"},"inLanguage":"en-US","potentialAction":[{"@type":"ReadAction","target":["https:\/\/www.fazendaboqueiraorn.com.br\/chuvas-em-2022-no-rn-foi-39-acima-do-esperado\/"]}]},{"@type":"ImageObject","inLanguage":"en-US","@id":"https:\/\/www.fazendaboqueiraorn.com.br\/chuvas-em-2022-no-rn-foi-39-acima-do-esperado\/#primaryimage","url":"https:\/\/i0.wp.com\/www.fazendaboqueiraorn.com.br\/wp-content\/uploads\/2023\/01\/chuvas-rn-2022.jpeg?fit=610%2C390&ssl=1","contentUrl":"https:\/\/i0.wp.com\/www.fazendaboqueiraorn.com.br\/wp-content\/uploads\/2023\/01\/chuvas-rn-2022.jpeg?fit=610%2C390&ssl=1","width":610,"height":390,"caption":"Chuvas em 2022 no RN"},{"@type":"BreadcrumbList","@id":"https:\/\/www.fazendaboqueiraorn.com.br\/chuvas-em-2022-no-rn-foi-39-acima-do-esperado\/#breadcrumb","itemListElement":[{"@type":"ListItem","position":1,"name":"Home","item":"https:\/\/www.fazendaboqueiraorn.com.br\/"},{"@type":"ListItem","position":2,"name":"Chuvas em 2022 no RN foi 39% acima do esperado"}]},{"@type":"WebSite","@id":"https:\/\/www.fazendaboqueiraorn.com.br\/#website","url":"https:\/\/www.fazendaboqueiraorn.com.br\/","name":"Fazenda Boqueir\u00e3o","description":"","publisher":{"@id":"https:\/\/www.fazendaboqueiraorn.com.br\/#organization"},"potentialAction":[{"@type":"SearchAction","target":{"@type":"EntryPoint","urlTemplate":"https:\/\/www.fazendaboqueiraorn.com.br\/?s={search_term_string}"},"query-input":{"@type":"PropertyValueSpecification","valueRequired":true,"valueName":"search_term_string"}}],"inLanguage":"en-US"},{"@type":"Organization","@id":"https:\/\/www.fazendaboqueiraorn.com.br\/#organization","name":"Fazenda Boqueir\u00e3o","url":"https:\/\/www.fazendaboqueiraorn.com.br\/","logo":{"@type":"ImageObject","inLanguage":"en-US","@id":"https:\/\/www.fazendaboqueiraorn.com.br\/#\/schema\/logo\/image\/","url":"https:\/\/i0.wp.com\/www.fazendaboqueiraorn.com.br\/wp-content\/uploads\/2021\/08\/logo-fazenda-120x120-1.png?fit=120%2C120&ssl=1","contentUrl":"https:\/\/i0.wp.com\/www.fazendaboqueiraorn.com.br\/wp-content\/uploads\/2021\/08\/logo-fazenda-120x120-1.png?fit=120%2C120&ssl=1","width":120,"height":120,"caption":"Fazenda Boqueir\u00e3o"},"image":{"@id":"https:\/\/www.fazendaboqueiraorn.com.br\/#\/schema\/logo\/image\/"},"sameAs":["https:\/\/www.facebook.com\/fazboqueirao","https:\/\/x.com\/FazBoqueirao","http:\/\/instagram.com\/fazboqueirao\/","https:\/\/www.linkedin.com\/company\/fazboqueirao\/","https:\/\/www.youtube.com\/channel\/UCUA4_8v8HkmMeNUh8c6Ky1Q"]},{"@type":"Person","@id":"https:\/\/www.fazendaboqueiraorn.com.br\/#\/schema\/person\/70484dc96f76e66c6365a9f4a2ebfb02","name":"Fazenda Boqueir\u00e3o","image":{"@type":"ImageObject","inLanguage":"en-US","@id":"https:\/\/secure.gravatar.com\/avatar\/19f19467ae305ded5d913deae2fb6c6f29fe88a0a7f3a4dca5679407289a9efd?s=96&d=mm&r=g","url":"https:\/\/secure.gravatar.com\/avatar\/19f19467ae305ded5d913deae2fb6c6f29fe88a0a7f3a4dca5679407289a9efd?s=96&d=mm&r=g","contentUrl":"https:\/\/secure.gravatar.com\/avatar\/19f19467ae305ded5d913deae2fb6c6f29fe88a0a7f3a4dca5679407289a9efd?s=96&d=mm&r=g","caption":"Fazenda Boqueir\u00e3o"},"url":"https:\/\/www.fazendaboqueiraorn.com.br\/en\/author\/fazenda\/"}]}},"jetpack_publicize_connections":[],"uagb_featured_image_src":{"full":["https:\/\/i0.wp.com\/www.fazendaboqueiraorn.com.br\/wp-content\/uploads\/2023\/01\/chuvas-rn-2022.jpeg?fit=610%2C390&ssl=1",610,390,false],"thumbnail":["https:\/\/i0.wp.com\/www.fazendaboqueiraorn.com.br\/wp-content\/uploads\/2023\/01\/chuvas-rn-2022.jpeg?resize=150%2C150&ssl=1",150,150,true],"medium":["https:\/\/i0.wp.com\/www.fazendaboqueiraorn.com.br\/wp-content\/uploads\/2023\/01\/chuvas-rn-2022.jpeg?fit=300%2C192&ssl=1",300,192,true],"medium_large":["https:\/\/i0.wp.com\/www.fazendaboqueiraorn.com.br\/wp-content\/uploads\/2023\/01\/chuvas-rn-2022.jpeg?fit=610%2C390&ssl=1",610,390,true],"large":["https:\/\/i0.wp.com\/www.fazendaboqueiraorn.com.br\/wp-content\/uploads\/2023\/01\/chuvas-rn-2022.jpeg?fit=610%2C390&ssl=1",610,390,true],"1536x1536":["https:\/\/i0.wp.com\/www.fazendaboqueiraorn.com.br\/wp-content\/uploads\/2023\/01\/chuvas-rn-2022.jpeg?fit=610%2C390&ssl=1",610,390,true],"2048x2048":["https:\/\/i0.wp.com\/www.fazendaboqueiraorn.com.br\/wp-content\/uploads\/2023\/01\/chuvas-rn-2022.jpeg?fit=610%2C390&ssl=1",610,390,true],"trp-custom-language-flag":["https:\/\/i0.wp.com\/www.fazendaboqueiraorn.com.br\/wp-content\/uploads\/2023\/01\/chuvas-rn-2022.jpeg?fit=18%2C12&ssl=1",18,12,true],"ultp_layout_landscape_large":["https:\/\/i0.wp.com\/www.fazendaboqueiraorn.com.br\/wp-content\/uploads\/2023\/01\/chuvas-rn-2022.jpeg?resize=610%2C390&ssl=1",610,390,true],"ultp_layout_landscape":["https:\/\/i0.wp.com\/www.fazendaboqueiraorn.com.br\/wp-content\/uploads\/2023\/01\/chuvas-rn-2022.jpeg?resize=610%2C390&ssl=1",610,390,true],"ultp_layout_portrait":["https:\/\/i0.wp.com\/www.fazendaboqueiraorn.com.br\/wp-content\/uploads\/2023\/01\/chuvas-rn-2022.jpeg?resize=600%2C390&ssl=1",600,390,true],"ultp_layout_square":["https:\/\/i0.wp.com\/www.fazendaboqueiraorn.com.br\/wp-content\/uploads\/2023\/01\/chuvas-rn-2022.jpeg?resize=600%2C390&ssl=1",600,390,true],"woocommerce_thumbnail":["https:\/\/www.fazendaboqueiraorn.com.br\/wp-content\/uploads\/2023\/01\/chuvas-rn-2022-300x300.jpeg",300,300,true],"woocommerce_single":["https:\/\/www.fazendaboqueiraorn.com.br\/wp-content\/uploads\/2023\/01\/chuvas-rn-2022.jpeg",600,384,false],"woocommerce_gallery_thumbnail":["https:\/\/www.fazendaboqueiraorn.com.br\/wp-content\/uploads\/2023\/01\/chuvas-rn-2022-100x100.jpeg",100,100,true],"web-stories-poster-portrait":["https:\/\/www.fazendaboqueiraorn.com.br\/wp-content\/uploads\/2023\/01\/chuvas-rn-2022.jpeg",610,390,false],"web-stories-publisher-logo":["https:\/\/www.fazendaboqueiraorn.com.br\/wp-content\/uploads\/2023\/01\/chuvas-rn-2022.jpeg",96,61,false],"web-stories-thumbnail":["https:\/\/www.fazendaboqueiraorn.com.br\/wp-content\/uploads\/2023\/01\/chuvas-rn-2022.jpeg",150,96,false]},"uagb_author_info":{"display_name":"Fazenda Boqueir\u00e3o","author_link":"https:\/\/www.fazendaboqueiraorn.com.br\/en\/author\/fazenda\/"},"uagb_comment_info":0,"uagb_excerpt":"O Sistema de Monitoramento da Empresa de Pesquisa Agropecu\u00e1ria do Rio Grande do Norte (Emparn) registrou chuvas em 2022 39,9% acima do previsto","jetpack_featured_media_url":"https:\/\/i0.wp.com\/www.fazendaboqueiraorn.com.br\/wp-content\/uploads\/2023\/01\/chuvas-rn-2022.jpeg?fit=610%2C390&ssl=1","jetpack_sharing_enabled":true,"jetpack_likes_enabled":true,"_links":{"self":[{"href":"https:\/\/www.fazendaboqueiraorn.com.br\/en\/wp-json\/wp\/v2\/posts\/3389","targetHints":{"allow":["GET"]}}],"collection":[{"href":"https:\/\/www.fazendaboqueiraorn.com.br\/en\/wp-json\/wp\/v2\/posts"}],"about":[{"href":"https:\/\/www.fazendaboqueiraorn.com.br\/en\/wp-json\/wp\/v2\/types\/post"}],"author":[{"embeddable":true,"href":"https:\/\/www.fazendaboqueiraorn.com.br\/en\/wp-json\/wp\/v2\/users\/2"}],"replies":[{"embeddable":true,"href":"https:\/\/www.fazendaboqueiraorn.com.br\/en\/wp-json\/wp\/v2\/comments?post=3389"}],"version-history":[{"count":1,"href":"https:\/\/www.fazendaboqueiraorn.com.br\/en\/wp-json\/wp\/v2\/posts\/3389\/revisions"}],"predecessor-version":[{"id":3392,"href":"https:\/\/www.fazendaboqueiraorn.com.br\/en\/wp-json\/wp\/v2\/posts\/3389\/revisions\/3392"}],"wp:featuredmedia":[{"embeddable":true,"href":"https:\/\/www.fazendaboqueiraorn.com.br\/en\/wp-json\/wp\/v2\/media\/3391"}],"wp:attachment":[{"href":"https:\/\/www.fazendaboqueiraorn.com.br\/en\/wp-json\/wp\/v2\/media?parent=3389"}],"wp:term":[{"taxonomy":"category","embeddable":true,"href":"https:\/\/www.fazendaboqueiraorn.com.br\/en\/wp-json\/wp\/v2\/categories?post=3389"},{"taxonomy":"post_tag","embeddable":true,"href":"https:\/\/www.fazendaboqueiraorn.com.br\/en\/wp-json\/wp\/v2\/tags?post=3389"}],"curies":[{"name":"wp","href":"https:\/\/api.w.org\/{rel}","templated":true}]}}