{"id":2921,"date":"2022-10-31T16:17:50","date_gmt":"2022-10-31T19:17:50","guid":{"rendered":"https:\/\/www.fazendaboqueiraorn.com.br\/?p=2921"},"modified":"2024-04-06T22:27:08","modified_gmt":"2024-04-07T01:27:08","slug":"arame-farpado","status":"publish","type":"post","link":"https:\/\/www.fazendaboqueiraorn.com.br\/en\/arame-farpado\/","title":{"rendered":"Arame farpado"},"content":{"rendered":"\n<figure class=\"wp-block-image size-large\"><img data-recalc-dims=\"1\" decoding=\"async\" width=\"1024\" height=\"678\" loading=\"lazy\" src=\"https:\/\/i0.wp.com\/www.fazendaboqueiraorn.com.br\/wp-content\/uploads\/2022\/10\/arame-farpado.jpg?resize=1024%2C678&#038;ssl=1\" alt=\"Cerca rural\" class=\"wp-image-2944\" srcset=\"https:\/\/i0.wp.com\/www.fazendaboqueiraorn.com.br\/wp-content\/uploads\/2022\/10\/arame-farpado-scaled.jpg?resize=1024%2C678&amp;ssl=1 1024w, https:\/\/i0.wp.com\/www.fazendaboqueiraorn.com.br\/wp-content\/uploads\/2022\/10\/arame-farpado-scaled.jpg?resize=600%2C397&amp;ssl=1 600w, https:\/\/i0.wp.com\/www.fazendaboqueiraorn.com.br\/wp-content\/uploads\/2022\/10\/arame-farpado-scaled.jpg?resize=300%2C199&amp;ssl=1 300w, https:\/\/i0.wp.com\/www.fazendaboqueiraorn.com.br\/wp-content\/uploads\/2022\/10\/arame-farpado-scaled.jpg?resize=768%2C509&amp;ssl=1 768w, https:\/\/i0.wp.com\/www.fazendaboqueiraorn.com.br\/wp-content\/uploads\/2022\/10\/arame-farpado-scaled.jpg?resize=1536%2C1017&amp;ssl=1 1536w, https:\/\/i0.wp.com\/www.fazendaboqueiraorn.com.br\/wp-content\/uploads\/2022\/10\/arame-farpado-scaled.jpg?resize=2048%2C1356&amp;ssl=1 2048w, https:\/\/i0.wp.com\/www.fazendaboqueiraorn.com.br\/wp-content\/uploads\/2022\/10\/arame-farpado-scaled.jpg?resize=18%2C12&amp;ssl=1 18w, https:\/\/i0.wp.com\/www.fazendaboqueiraorn.com.br\/wp-content\/uploads\/2022\/10\/arame-farpado-scaled.jpg?resize=1200%2C795&amp;ssl=1 1200w, https:\/\/i0.wp.com\/www.fazendaboqueiraorn.com.br\/wp-content\/uploads\/2022\/10\/arame-farpado-scaled.jpg?w=1000&amp;ssl=1 1000w\" sizes=\"auto, (max-width: 1000px) 100vw, 1000px\" \/><\/figure>\n\n\n\n<p>O arame farpado \u00e9 um arame feita de pontas afiadas, semelhantes a espigas, apontando em quatro dire\u00e7\u00f5es diferentes. Ele \u00e9 usado para construir cercas baratas e \u00e9 usado em cima de muros  e ao redor de propriedades seguras como <a href=\"\/topicos\/curral\/\">curral<\/a> ou cercas divis\u00f3rias.<\/p>\n\n\n\n<h2 class=\"wp-block-heading\">Quem inventou o arame farpado<\/h2>\n\n\n\n<figure class=\"wp-block-image alignright size-full\"><img data-recalc-dims=\"1\" decoding=\"async\" width=\"400\" height=\"444\" loading=\"lazy\" src=\"https:\/\/i0.wp.com\/www.fazendaboqueiraorn.com.br\/wp-content\/uploads\/2022\/10\/JosephGlidden.png?resize=400%2C444&#038;ssl=1\" alt=\"Joseph Glidden\" class=\"wp-image-2941\" srcset=\"https:\/\/i0.wp.com\/www.fazendaboqueiraorn.com.br\/wp-content\/uploads\/2022\/10\/JosephGlidden.png?w=400&amp;ssl=1 400w, https:\/\/i0.wp.com\/www.fazendaboqueiraorn.com.br\/wp-content\/uploads\/2022\/10\/JosephGlidden.png?resize=270%2C300&amp;ssl=1 270w, https:\/\/i0.wp.com\/www.fazendaboqueiraorn.com.br\/wp-content\/uploads\/2022\/10\/JosephGlidden.png?resize=11%2C12&amp;ssl=1 11w\" sizes=\"auto, (max-width: 400px) 100vw, 400px\" \/><figcaption class=\"wp-element-caption\">Joseph Glidden<\/figcaption><\/figure>\n\n\n\n<p>A origem do arame farpado remete aos Estados Unidos. Em 1873 o fazendeiro Joseph Glidden visitou uma feira rural no estado de Illinois, no meio-oeste americano. Ele viu a demonstra\u00e7\u00e3o de uma cerca de arame normal com t\u00e1buas pontiagudas que impedia que o gado escapasse e decidiu aprimor\u00e1-la. Foi quando Glidden criou o arame farpado: dois arames enrolados juntos, com partes pontiagudas. Ele patenteou sua inven\u00e7\u00e3o, que foi batizada de \u2018barbed wire\u2019 ou \u2018barbwire\u2019, em 1874.<\/p>\n\n\n\n<p>O arame farpado para cerca se popularizou rapidamente por sua efic\u00e1cia e pre\u00e7o: na \u00e9poca, um rolo custava apenas 4 d\u00f3lares. Glidden promovia o produto como \u201cforte como o u\u00edsque e barato como o ar\u201d. At\u00e9 ent\u00e3o os donos de gado tinham duas op\u00e7\u00f5es para control\u00e1-lo: usar pe\u00f5es para impedir que deixasse a propriedade ou usar vegeta\u00e7\u00e3o com espinhos como cerca viva. Assim, a cerca de arame farpado foi uma grande evolu\u00e7\u00e3o.<\/p>\n\n\n\n<p>Mais tarde, esta barreira passou tamb\u00e9m a ser usada por ex\u00e9rcitos. H\u00e1 registros do uso militar pelos brit\u00e2nicos em 1888, quando era produzido manualmente pelas tropas.Atualmente, o arame farpado para muro \u00e9 comumente usado para tornar um per\u00edmetro mais seguro. J\u00e1 o arame farpado para cerca continua a ser usado em fazendas.<\/p>\n\n\n\n<h2 class=\"wp-block-heading\">Como utilizar<\/h2>\n\n\n\n<p>O&nbsp;arame farpado&nbsp;\u00e9 f\u00e1cil de ser instalado. A cerca feita com esse material exige somente fincar estruturas de fixa\u00e7\u00e3o, como estacas, no local escolhido. Depois, basta desenrolar o arame e prend\u00ea-lo utilizando equipamentos de seguran\u00e7a, para n\u00e3o se machucar.<\/p>\n\n\n\n<p>\u00c9 importante que a cerca com arame tenha boa tens\u00e3o nos fios, para assegurar a correta prote\u00e7\u00e3o do espa\u00e7o ou conten\u00e7\u00e3o de animais. Se preciso, contrate um profissional para instala\u00e7\u00e3o.<\/p>\n\n\n\n<h2 class=\"wp-block-heading\">Benef\u00edcios do arame farpado<\/h2>\n\n\n\n<ul class=\"wp-block-list\">\n<li>\u00d3timo custo-benef\u00edcio: o\u00a0<strong>pre\u00e7o de arame \u00a0<\/strong>\u00e9 acess\u00edvel, o que barateia a constru\u00e7\u00e3o de cercas. Al\u00e9m disso, o material tem boa efic\u00e1cia;<\/li>\n\n\n\n<li>Ampla variedade de arames: existem diferentes tipos do material, o que possibilita encontrar um que seja perfeito ao seu projeto;<\/li>\n\n\n\n<li>Boa durabilidade: especialmente quando se fala no arame galvanizado, que \u00e9 resistente a corros\u00f5es.<\/li>\n<\/ul>\n\n\n\n<h2 class=\"wp-block-heading\">Como desenrolar<\/h2>\n\n\n\n<figure class=\"wp-block-embed is-type-video is-provider-youtube wp-block-embed-youtube wp-embed-aspect-16-9 wp-has-aspect-ratio\"><div class=\"wp-block-embed__wrapper\">\n<iframe loading=\"lazy\" title=\"Desenrolando arame farpado\" width=\"500\" height=\"281\" src=\"https:\/\/www.youtube.com\/embed\/83G1l4oOvfE?feature=oembed\" frameborder=\"0\" allow=\"accelerometer; autoplay; clipboard-write; encrypted-media; gyroscope; picture-in-picture; web-share\" referrerpolicy=\"strict-origin-when-cross-origin\" allowfullscreen><\/iframe>\n<\/div><\/figure>\n\n\n\n<h2 class=\"wp-block-heading\">Como esticar<\/h2>\n\n\n\n<figure class=\"wp-block-embed is-type-video is-provider-youtube wp-block-embed-youtube wp-embed-aspect-16-9 wp-has-aspect-ratio\"><div class=\"wp-block-embed__wrapper\">\n<iframe loading=\"lazy\" title=\"COMO ESTICAR ARAME FARPADO.\" width=\"500\" height=\"281\" src=\"https:\/\/www.youtube.com\/embed\/cBZ8Fclmls8?feature=oembed\" frameborder=\"0\" allow=\"accelerometer; autoplay; clipboard-write; encrypted-media; gyroscope; picture-in-picture; web-share\" referrerpolicy=\"strict-origin-when-cross-origin\" allowfullscreen><\/iframe>\n<\/div><\/figure>\n\n\n\n<h2 class=\"wp-block-heading\">Como emendar<\/h2>\n\n\n\n<figure class=\"wp-block-embed is-type-video is-provider-youtube wp-block-embed-youtube wp-embed-aspect-16-9 wp-has-aspect-ratio\"><div class=\"wp-block-embed__wrapper\">\n<iframe loading=\"lazy\" title=\"Aprenda fazer a melhor emenda no arame farpado, sua cerca mas bonita.\" width=\"500\" height=\"281\" src=\"https:\/\/www.youtube.com\/embed\/5hG0wQZAFKg?feature=oembed\" frameborder=\"0\" allow=\"accelerometer; autoplay; clipboard-write; encrypted-media; gyroscope; picture-in-picture; web-share\" referrerpolicy=\"strict-origin-when-cross-origin\" allowfullscreen><\/iframe>\n<\/div><\/figure>\n\n\n\n<h2 class=\"wp-block-heading\">Pre\u00e7o do arame farpado<\/h2>\n\n\n\n<p>Atualmente o arame farpado \u00e9 comercializado em sua maioria em rolos de 100, 250 e 500m. Clique abaixo para visualizar os pre\u00e7os atualizados.<\/p>\n\n\n<div data-block-name=\"woocommerce\/product-category\" data-categories=\"[2140]\" class=\"wc-block-grid wp-block-product-category wp-block-woocommerce-product-category wc-block-product-category has-3-columns has-multiple-rows\"><ul class=\"wc-block-grid__products\"><li class=\"wc-block-grid__product\">\n\t\t\t\t<a href=\"https:\/\/www.fazendaboqueiraorn.com.br\/en\/product\/arame-farpado-vonder-500-metros\/\" class=\"wc-block-grid__product-link\">\n\t\t\t\t\t\n\t\t\t\t\t<div class=\"wc-block-grid__product-image\"><img data-recalc-dims=\"1\" decoding=\"async\" loading=\"lazy\" width=\"300\" height=\"300\" src=\"https:\/\/i0.wp.com\/www.fazendaboqueiraorn.com.br\/wp-content\/uploads\/2024\/04\/arame-farpado-vonder-500m-250kgf.jpg?resize=300%2C300&#038;ssl=1\" class=\"attachment-woocommerce_thumbnail size-woocommerce_thumbnail\" alt=\"Arame Farpado Vonder 500m\" srcset=\"https:\/\/i0.wp.com\/www.fazendaboqueiraorn.com.br\/wp-content\/uploads\/2024\/04\/arame-farpado-vonder-500m-250kgf.jpg?resize=300%2C300&amp;ssl=1 300w, https:\/\/i0.wp.com\/www.fazendaboqueiraorn.com.br\/wp-content\/uploads\/2024\/04\/arame-farpado-vonder-500m-250kgf.jpg?resize=100%2C100&amp;ssl=1 100w, https:\/\/i0.wp.com\/www.fazendaboqueiraorn.com.br\/wp-content\/uploads\/2024\/04\/arame-farpado-vonder-500m-250kgf.jpg?resize=150%2C150&amp;ssl=1 150w, https:\/\/i0.wp.com\/www.fazendaboqueiraorn.com.br\/wp-content\/uploads\/2024\/04\/arame-farpado-vonder-500m-250kgf.jpg?resize=11%2C12&amp;ssl=1 11w, https:\/\/i0.wp.com\/www.fazendaboqueiraorn.com.br\/wp-content\/uploads\/2024\/04\/arame-farpado-vonder-500m-250kgf.jpg?resize=600%2C600&amp;ssl=1 600w, https:\/\/i0.wp.com\/www.fazendaboqueiraorn.com.br\/wp-content\/uploads\/2024\/04\/arame-farpado-vonder-500m-250kgf.jpg?resize=96%2C96&amp;ssl=1 96w\" sizes=\"auto, (max-width: 300px) 100vw, 300px\" \/><\/div>\n\t\t\t\t\t<div class=\"wc-block-grid__product-title\">Arame Farpado Vonder 500 metros 250kgf<\/div>\n\t\t\t\t<\/a>\n\t\t\t\t<div class=\"wc-block-grid__product-price price\"><span class=\"woocommerce-Price-amount amount\"><span class=\"woocommerce-Price-currencySymbol\">&#082;&#036;<\/span>489,95<\/span><\/div>\n\t\t\t\t\n\t\t\t\t<div class=\"wp-block-button wc-block-grid__product-add-to-cart\"><a href=\"https:\/\/amzn.to\/4cLnDGc\" aria-label=\"Ir \u00e0 loja\" data-quantity=\"1\" data-product_id=\"4929\" data-product_sku=\"\" data-price=\"489.95\" rel=\"nofollow\" class=\"wp-block-button__link  add_to_cart_button\">Ir \u00e0 loja<\/a><\/div>\n\t\t\t<\/li><li class=\"wc-block-grid__product\">\n\t\t\t\t<a href=\"https:\/\/www.fazendaboqueiraorn.com.br\/en\/product\/arame-farpado-vonder-250-metros\/\" class=\"wc-block-grid__product-link\">\n\t\t\t\t\t\n\t\t\t\t\t<div class=\"wc-block-grid__product-image\"><img data-recalc-dims=\"1\" decoding=\"async\" loading=\"lazy\" width=\"300\" height=\"300\" src=\"https:\/\/i0.wp.com\/www.fazendaboqueiraorn.com.br\/wp-content\/uploads\/2024\/04\/arame-farpado-vonder-100m-250kgf.jpg?resize=300%2C300&#038;ssl=1\" class=\"attachment-woocommerce_thumbnail size-woocommerce_thumbnail\" alt=\"Arame Farpado Vonder 250kgf\" srcset=\"https:\/\/i0.wp.com\/www.fazendaboqueiraorn.com.br\/wp-content\/uploads\/2024\/04\/arame-farpado-vonder-100m-250kgf.jpg?resize=300%2C300&amp;ssl=1 300w, https:\/\/i0.wp.com\/www.fazendaboqueiraorn.com.br\/wp-content\/uploads\/2024\/04\/arame-farpado-vonder-100m-250kgf.jpg?resize=100%2C100&amp;ssl=1 100w, https:\/\/i0.wp.com\/www.fazendaboqueiraorn.com.br\/wp-content\/uploads\/2024\/04\/arame-farpado-vonder-100m-250kgf.jpg?resize=150%2C150&amp;ssl=1 150w, https:\/\/i0.wp.com\/www.fazendaboqueiraorn.com.br\/wp-content\/uploads\/2024\/04\/arame-farpado-vonder-100m-250kgf.jpg?resize=600%2C600&amp;ssl=1 600w, https:\/\/i0.wp.com\/www.fazendaboqueiraorn.com.br\/wp-content\/uploads\/2024\/04\/arame-farpado-vonder-100m-250kgf.jpg?resize=96%2C96&amp;ssl=1 96w\" sizes=\"auto, (max-width: 300px) 100vw, 300px\" \/><\/div>\n\t\t\t\t\t<div class=\"wc-block-grid__product-title\">Arame Farpado Vonder 250 metros 250kgf<\/div>\n\t\t\t\t<\/a>\n\t\t\t\t<div class=\"wc-block-grid__product-price price\"><span class=\"woocommerce-Price-amount amount\"><span class=\"woocommerce-Price-currencySymbol\">&#082;&#036;<\/span>259,89<\/span><\/div>\n\t\t\t\t\n\t\t\t\t<div class=\"wp-block-button wc-block-grid__product-add-to-cart\"><a href=\"https:\/\/amzn.to\/43NWuhD\" aria-label=\"Ir \u00e0 loja\" data-quantity=\"1\" data-product_id=\"4923\" data-product_sku=\"\" data-price=\"259.89\" rel=\"nofollow\" class=\"wp-block-button__link  add_to_cart_button\">Ir \u00e0 loja<\/a><\/div>\n\t\t\t<\/li><li class=\"wc-block-grid__product\">\n\t\t\t\t<a href=\"https:\/\/www.fazendaboqueiraorn.com.br\/en\/product\/arame-farpado-vonder-100-metros\/\" class=\"wc-block-grid__product-link\">\n\t\t\t\t\t<div class=\"wc-block-grid__product-onsale\">\n\t\t\t<span aria-hidden=\"true\">Sale<\/span>\n\t\t\t<span class=\"screen-reader-text\">Product on sale<\/span>\n\t\t<\/div>\n\t\t\t\t\t<div class=\"wc-block-grid__product-image\"><img data-recalc-dims=\"1\" decoding=\"async\" loading=\"lazy\" width=\"300\" height=\"300\" src=\"https:\/\/i0.wp.com\/www.fazendaboqueiraorn.com.br\/wp-content\/uploads\/2022\/10\/arame-farpado-100m.webp?resize=300%2C300&#038;ssl=1\" class=\"attachment-woocommerce_thumbnail size-woocommerce_thumbnail\" alt=\"arame farpado 100m\" srcset=\"https:\/\/i0.wp.com\/www.fazendaboqueiraorn.com.br\/wp-content\/uploads\/2022\/10\/arame-farpado-100m.webp?resize=300%2C300&amp;ssl=1 300w, https:\/\/i0.wp.com\/www.fazendaboqueiraorn.com.br\/wp-content\/uploads\/2022\/10\/arame-farpado-100m.webp?resize=100%2C100&amp;ssl=1 100w, https:\/\/i0.wp.com\/www.fazendaboqueiraorn.com.br\/wp-content\/uploads\/2022\/10\/arame-farpado-100m.webp?resize=150%2C150&amp;ssl=1 150w, https:\/\/i0.wp.com\/www.fazendaboqueiraorn.com.br\/wp-content\/uploads\/2022\/10\/arame-farpado-100m.webp?resize=12%2C12&amp;ssl=1 12w, https:\/\/i0.wp.com\/www.fazendaboqueiraorn.com.br\/wp-content\/uploads\/2022\/10\/arame-farpado-100m.webp?w=463&amp;ssl=1 463w\" sizes=\"auto, (max-width: 300px) 100vw, 300px\" \/><\/div>\n\t\t\t\t\t<div class=\"wc-block-grid__product-title\">Arame Farpado Vonder 100 metros 250kgf<\/div>\n\t\t\t\t<\/a>\n\t\t\t\t<div class=\"wc-block-grid__product-price price\"><del aria-hidden=\"true\"><span class=\"woocommerce-Price-amount amount\"><span class=\"woocommerce-Price-currencySymbol\">&#082;&#036;<\/span>109,89<\/span><\/del> <span class=\"screen-reader-text\">Original price was: &#082;&#036;109,89.<\/span><ins aria-hidden=\"true\"><span class=\"woocommerce-Price-amount amount\"><span class=\"woocommerce-Price-currencySymbol\">&#082;&#036;<\/span>104,89<\/span><\/ins><span class=\"screen-reader-text\">Current price is: &#082;&#036;104,89.<\/span><\/div>\n\t\t\t\t\n\t\t\t\t<div class=\"wp-block-button wc-block-grid__product-add-to-cart\"><a href=\"https:\/\/amzn.to\/43LNDx9\" aria-label=\"Ir \u00e0 loja\" data-quantity=\"1\" data-product_id=\"4919\" data-product_sku=\"\" data-price=\"104.89\" rel=\"nofollow\" class=\"wp-block-button__link  add_to_cart_button\">Ir \u00e0 loja<\/a><\/div>\n\t\t\t<\/li><\/ul><\/div>","protected":false},"excerpt":{"rendered":"<p>O arame farpado \u00e9 um arame feita de pontas afiadas, semelhantes a espigas, apontando em quatro dire\u00e7\u00f5es diferentes. Ele \u00e9 usado para construir cercas baratas e \u00e9 usado em cima de muros ao redor de propriedades seguras.<\/p>","protected":false},"author":2,"featured_media":2944,"comment_status":"open","ping_status":"open","sticky":false,"template":"","format":"standard","meta":{"nf_dc_page":"","_uag_custom_page_level_css":"","site-sidebar-layout":"default","site-content-layout":"","ast-site-content-layout":"default","site-content-style":"default","site-sidebar-style":"default","ast-global-header-display":"","ast-banner-title-visibility":"","ast-main-header-display":"","ast-hfb-above-header-display":"","ast-hfb-below-header-display":"","ast-hfb-mobile-header-display":"","site-post-title":"","ast-breadcrumbs-content":"","ast-featured-img":"","footer-sml-layout":"","ast-disable-related-posts":"","theme-transparent-header-meta":"","adv-header-id-meta":"","stick-header-meta":"","header-above-stick-meta":"","header-main-stick-meta":"","header-below-stick-meta":"","astra-migrate-meta-layouts":"default","ast-page-background-enabled":"default","ast-page-background-meta":{"desktop":{"background-color":"var(--ast-global-color-4)","background-image":"","background-repeat":"repeat","background-position":"center center","background-size":"auto","background-attachment":"scroll","background-type":"","background-media":"","overlay-type":"","overlay-color":"","overlay-opacity":"","overlay-gradient":""},"tablet":{"background-color":"","background-image":"","background-repeat":"repeat","background-position":"center center","background-size":"auto","background-attachment":"scroll","background-type":"","background-media":"","overlay-type":"","overlay-color":"","overlay-opacity":"","overlay-gradient":""},"mobile":{"background-color":"","background-image":"","background-repeat":"repeat","background-position":"center center","background-size":"auto","background-attachment":"scroll","background-type":"","background-media":"","overlay-type":"","overlay-color":"","overlay-opacity":"","overlay-gradient":""}},"ast-content-background-meta":{"desktop":{"background-color":"var(--ast-global-color-5)","background-image":"","background-repeat":"repeat","background-position":"center center","background-size":"auto","background-attachment":"scroll","background-type":"","background-media":"","overlay-type":"","overlay-color":"","overlay-opacity":"","overlay-gradient":""},"tablet":{"background-color":"var(--ast-global-color-5)","background-image":"","background-repeat":"repeat","background-position":"center center","background-size":"auto","background-attachment":"scroll","background-type":"","background-media":"","overlay-type":"","overlay-color":"","overlay-opacity":"","overlay-gradient":""},"mobile":{"background-color":"var(--ast-global-color-5)","background-image":"","background-repeat":"repeat","background-position":"center center","background-size":"auto","background-attachment":"scroll","background-type":"","background-media":"","overlay-type":"","overlay-color":"","overlay-opacity":"","overlay-gradient":""}},"jetpack_post_was_ever_published":false,"_jetpack_newsletter_access":"","_jetpack_dont_email_post_to_subs":false,"_jetpack_newsletter_tier_id":0,"_jetpack_memberships_contains_paywalled_content":false,"_jetpack_memberships_contains_paid_content":false,"footnotes":"","jetpack_publicize_message":"","jetpack_publicize_feature_enabled":true,"jetpack_social_post_already_shared":true,"jetpack_social_options":{"image_generator_settings":{"template":"highway","default_image_id":0,"font":"","enabled":false},"version":2}},"categories":[1,1931],"tags":[611,132,120,613,612,211,226,212],"class_list":["post-2921","post","type-post","status-publish","format-standard","has-post-thumbnail","hentry","category-noticia","category-produto","tag-arame-farpado","tag-fazendeiro","tag-gado","tag-joseph-f-glidden-de-dekalb","tag-lucien-b-smith-de-kent","tag-mel","tag-projeto","tag-racao"],"yoast_head":"<!-- This site is optimized with the Yoast SEO plugin v27.5 - https:\/\/yoast.com\/product\/yoast-seo-wordpress\/ -->\n<title>Arame farpado - Fazenda Boqueir\u00e3o<\/title>\n<meta name=\"description\" content=\"O arame farpado \u00e9 um arame feita de pontas afiadas, semelhantes a espigas, apontando em quatro dire\u00e7\u00f5es diferentes.\" \/>\n<meta name=\"robots\" content=\"index, follow, max-snippet:-1, max-image-preview:large, max-video-preview:-1\" \/>\n<link rel=\"canonical\" href=\"https:\/\/www.fazendaboqueiraorn.com.br\/en\/arame-farpado\/\" \/>\n<meta property=\"og:locale\" content=\"en_US\" \/>\n<meta property=\"og:type\" content=\"article\" \/>\n<meta property=\"og:title\" content=\"Arame farpado - Fazenda Boqueir\u00e3o\" \/>\n<meta property=\"og:description\" content=\"O arame farpado \u00e9 um arame feita de pontas afiadas, semelhantes a espigas, apontando em quatro dire\u00e7\u00f5es diferentes.\" \/>\n<meta property=\"og:url\" content=\"https:\/\/www.fazendaboqueiraorn.com.br\/en\/arame-farpado\/\" \/>\n<meta property=\"og:site_name\" content=\"Fazenda Boqueir\u00e3o\" \/>\n<meta property=\"article:publisher\" content=\"https:\/\/www.facebook.com\/fazboqueirao\" \/>\n<meta property=\"article:published_time\" content=\"2022-10-31T19:17:50+00:00\" \/>\n<meta property=\"article:modified_time\" content=\"2024-04-07T01:27:08+00:00\" \/>\n<meta property=\"og:image\" content=\"https:\/\/www.fazendaboqueiraorn.com.br\/wp-content\/uploads\/2022\/10\/arame-farpado-scaled.jpg\" \/>\n\t<meta property=\"og:image:width\" content=\"1000\" \/>\n\t<meta property=\"og:image:height\" content=\"662\" \/>\n\t<meta property=\"og:image:type\" content=\"image\/jpeg\" \/>\n<meta name=\"author\" content=\"Fazenda Boqueir\u00e3o\" \/>\n<meta name=\"twitter:card\" content=\"summary_large_image\" \/>\n<meta name=\"twitter:creator\" content=\"@FazBoqueirao\" \/>\n<meta name=\"twitter:site\" content=\"@FazBoqueirao\" \/>\n<meta name=\"twitter:label1\" content=\"Written by\" \/>\n\t<meta name=\"twitter:data1\" content=\"Fazenda Boqueir\u00e3o\" \/>\n\t<meta name=\"twitter:label2\" content=\"Est. reading time\" \/>\n\t<meta name=\"twitter:data2\" content=\"3 minutes\" \/>\n<script type=\"application\/ld+json\" class=\"yoast-schema-graph\">{\"@context\":\"https:\\\/\\\/schema.org\",\"@graph\":[{\"@type\":\"Article\",\"@id\":\"https:\\\/\\\/www.fazendaboqueiraorn.com.br\\\/arame-farpado\\\/#article\",\"isPartOf\":{\"@id\":\"https:\\\/\\\/www.fazendaboqueiraorn.com.br\\\/arame-farpado\\\/\"},\"author\":{\"name\":\"Fazenda Boqueir\u00e3o\",\"@id\":\"https:\\\/\\\/www.fazendaboqueiraorn.com.br\\\/#\\\/schema\\\/person\\\/70484dc96f76e66c6365a9f4a2ebfb02\"},\"headline\":\"Arame farpado\",\"datePublished\":\"2022-10-31T19:17:50+00:00\",\"dateModified\":\"2024-04-07T01:27:08+00:00\",\"mainEntityOfPage\":{\"@id\":\"https:\\\/\\\/www.fazendaboqueiraorn.com.br\\\/arame-farpado\\\/\"},\"wordCount\":470,\"commentCount\":0,\"publisher\":{\"@id\":\"https:\\\/\\\/www.fazendaboqueiraorn.com.br\\\/#organization\"},\"image\":{\"@id\":\"https:\\\/\\\/www.fazendaboqueiraorn.com.br\\\/arame-farpado\\\/#primaryimage\"},\"thumbnailUrl\":\"https:\\\/\\\/i0.wp.com\\\/www.fazendaboqueiraorn.com.br\\\/wp-content\\\/uploads\\\/2022\\\/10\\\/arame-farpado-scaled.jpg?fit=1000%2C662&ssl=1\",\"keywords\":[\"arame farpado\",\"fazendeiro\",\"gado\",\"Joseph F. Glidden de DeKalb\",\"Lucien B. Smith de Kent\",\"mel\",\"projeto\",\"ra\u00e7\u00e3o\"],\"articleSection\":[\"Not\u00edcias\",\"Produtos\"],\"inLanguage\":\"en-US\",\"potentialAction\":[{\"@type\":\"CommentAction\",\"name\":\"Comment\",\"target\":[\"https:\\\/\\\/www.fazendaboqueiraorn.com.br\\\/arame-farpado\\\/#respond\"]}]},{\"@type\":\"WebPage\",\"@id\":\"https:\\\/\\\/www.fazendaboqueiraorn.com.br\\\/arame-farpado\\\/\",\"url\":\"https:\\\/\\\/www.fazendaboqueiraorn.com.br\\\/arame-farpado\\\/\",\"name\":\"Arame farpado - Fazenda Boqueir\u00e3o\",\"isPartOf\":{\"@id\":\"https:\\\/\\\/www.fazendaboqueiraorn.com.br\\\/#website\"},\"primaryImageOfPage\":{\"@id\":\"https:\\\/\\\/www.fazendaboqueiraorn.com.br\\\/arame-farpado\\\/#primaryimage\"},\"image\":{\"@id\":\"https:\\\/\\\/www.fazendaboqueiraorn.com.br\\\/arame-farpado\\\/#primaryimage\"},\"thumbnailUrl\":\"https:\\\/\\\/i0.wp.com\\\/www.fazendaboqueiraorn.com.br\\\/wp-content\\\/uploads\\\/2022\\\/10\\\/arame-farpado-scaled.jpg?fit=1000%2C662&ssl=1\",\"datePublished\":\"2022-10-31T19:17:50+00:00\",\"dateModified\":\"2024-04-07T01:27:08+00:00\",\"description\":\"O arame farpado \u00e9 um arame feita de pontas afiadas, semelhantes a espigas, apontando em quatro dire\u00e7\u00f5es diferentes.\",\"breadcrumb\":{\"@id\":\"https:\\\/\\\/www.fazendaboqueiraorn.com.br\\\/arame-farpado\\\/#breadcrumb\"},\"inLanguage\":\"en-US\",\"potentialAction\":[{\"@type\":\"ReadAction\",\"target\":[\"https:\\\/\\\/www.fazendaboqueiraorn.com.br\\\/arame-farpado\\\/\"]}]},{\"@type\":\"ImageObject\",\"inLanguage\":\"en-US\",\"@id\":\"https:\\\/\\\/www.fazendaboqueiraorn.com.br\\\/arame-farpado\\\/#primaryimage\",\"url\":\"https:\\\/\\\/i0.wp.com\\\/www.fazendaboqueiraorn.com.br\\\/wp-content\\\/uploads\\\/2022\\\/10\\\/arame-farpado-scaled.jpg?fit=1000%2C662&ssl=1\",\"contentUrl\":\"https:\\\/\\\/i0.wp.com\\\/www.fazendaboqueiraorn.com.br\\\/wp-content\\\/uploads\\\/2022\\\/10\\\/arame-farpado-scaled.jpg?fit=1000%2C662&ssl=1\",\"width\":1000,\"height\":662,\"caption\":\"arame farpado\"},{\"@type\":\"BreadcrumbList\",\"@id\":\"https:\\\/\\\/www.fazendaboqueiraorn.com.br\\\/arame-farpado\\\/#breadcrumb\",\"itemListElement\":[{\"@type\":\"ListItem\",\"position\":1,\"name\":\"Home\",\"item\":\"https:\\\/\\\/www.fazendaboqueiraorn.com.br\\\/\"},{\"@type\":\"ListItem\",\"position\":2,\"name\":\"Arame farpado\"}]},{\"@type\":\"WebSite\",\"@id\":\"https:\\\/\\\/www.fazendaboqueiraorn.com.br\\\/#website\",\"url\":\"https:\\\/\\\/www.fazendaboqueiraorn.com.br\\\/\",\"name\":\"Fazenda Boqueir\u00e3o\",\"description\":\"\",\"publisher\":{\"@id\":\"https:\\\/\\\/www.fazendaboqueiraorn.com.br\\\/#organization\"},\"potentialAction\":[{\"@type\":\"SearchAction\",\"target\":{\"@type\":\"EntryPoint\",\"urlTemplate\":\"https:\\\/\\\/www.fazendaboqueiraorn.com.br\\\/?s={search_term_string}\"},\"query-input\":{\"@type\":\"PropertyValueSpecification\",\"valueRequired\":true,\"valueName\":\"search_term_string\"}}],\"inLanguage\":\"en-US\"},{\"@type\":\"Organization\",\"@id\":\"https:\\\/\\\/www.fazendaboqueiraorn.com.br\\\/#organization\",\"name\":\"Fazenda Boqueir\u00e3o\",\"url\":\"https:\\\/\\\/www.fazendaboqueiraorn.com.br\\\/\",\"logo\":{\"@type\":\"ImageObject\",\"inLanguage\":\"en-US\",\"@id\":\"https:\\\/\\\/www.fazendaboqueiraorn.com.br\\\/#\\\/schema\\\/logo\\\/image\\\/\",\"url\":\"https:\\\/\\\/i0.wp.com\\\/www.fazendaboqueiraorn.com.br\\\/wp-content\\\/uploads\\\/2021\\\/08\\\/logo-fazenda-120x120-1.png?fit=120%2C120&ssl=1\",\"contentUrl\":\"https:\\\/\\\/i0.wp.com\\\/www.fazendaboqueiraorn.com.br\\\/wp-content\\\/uploads\\\/2021\\\/08\\\/logo-fazenda-120x120-1.png?fit=120%2C120&ssl=1\",\"width\":120,\"height\":120,\"caption\":\"Fazenda Boqueir\u00e3o\"},\"image\":{\"@id\":\"https:\\\/\\\/www.fazendaboqueiraorn.com.br\\\/#\\\/schema\\\/logo\\\/image\\\/\"},\"sameAs\":[\"https:\\\/\\\/www.facebook.com\\\/fazboqueirao\",\"https:\\\/\\\/x.com\\\/FazBoqueirao\",\"http:\\\/\\\/instagram.com\\\/fazboqueirao\\\/\",\"https:\\\/\\\/www.linkedin.com\\\/company\\\/fazboqueirao\\\/\",\"https:\\\/\\\/www.youtube.com\\\/channel\\\/UCUA4_8v8HkmMeNUh8c6Ky1Q\"]},{\"@type\":\"Person\",\"@id\":\"https:\\\/\\\/www.fazendaboqueiraorn.com.br\\\/#\\\/schema\\\/person\\\/70484dc96f76e66c6365a9f4a2ebfb02\",\"name\":\"Fazenda Boqueir\u00e3o\",\"image\":{\"@type\":\"ImageObject\",\"inLanguage\":\"en-US\",\"@id\":\"https:\\\/\\\/secure.gravatar.com\\\/avatar\\\/19f19467ae305ded5d913deae2fb6c6f29fe88a0a7f3a4dca5679407289a9efd?s=96&d=mm&r=g\",\"url\":\"https:\\\/\\\/secure.gravatar.com\\\/avatar\\\/19f19467ae305ded5d913deae2fb6c6f29fe88a0a7f3a4dca5679407289a9efd?s=96&d=mm&r=g\",\"contentUrl\":\"https:\\\/\\\/secure.gravatar.com\\\/avatar\\\/19f19467ae305ded5d913deae2fb6c6f29fe88a0a7f3a4dca5679407289a9efd?s=96&d=mm&r=g\",\"caption\":\"Fazenda Boqueir\u00e3o\"},\"url\":\"https:\\\/\\\/www.fazendaboqueiraorn.com.br\\\/en\\\/author\\\/fazenda\\\/\"}]}<\/script>\n<!-- \/ Yoast SEO plugin. -->","yoast_head_json":{"title":"Arame farpado - Fazenda Boqueir\u00e3o","description":"O arame farpado \u00e9 um arame feita de pontas afiadas, semelhantes a espigas, apontando em quatro dire\u00e7\u00f5es diferentes.","robots":{"index":"index","follow":"follow","max-snippet":"max-snippet:-1","max-image-preview":"max-image-preview:large","max-video-preview":"max-video-preview:-1"},"canonical":"https:\/\/www.fazendaboqueiraorn.com.br\/en\/arame-farpado\/","og_locale":"en_US","og_type":"article","og_title":"Arame farpado - Fazenda Boqueir\u00e3o","og_description":"O arame farpado \u00e9 um arame feita de pontas afiadas, semelhantes a espigas, apontando em quatro dire\u00e7\u00f5es diferentes.","og_url":"https:\/\/www.fazendaboqueiraorn.com.br\/en\/arame-farpado\/","og_site_name":"Fazenda Boqueir\u00e3o","article_publisher":"https:\/\/www.facebook.com\/fazboqueirao","article_published_time":"2022-10-31T19:17:50+00:00","article_modified_time":"2024-04-07T01:27:08+00:00","og_image":[{"width":1000,"height":662,"url":"https:\/\/www.fazendaboqueiraorn.com.br\/wp-content\/uploads\/2022\/10\/arame-farpado-scaled.jpg","type":"image\/jpeg"}],"author":"Fazenda Boqueir\u00e3o","twitter_card":"summary_large_image","twitter_creator":"@FazBoqueirao","twitter_site":"@FazBoqueirao","twitter_misc":{"Written by":"Fazenda Boqueir\u00e3o","Est. reading time":"3 minutes"},"schema":{"@context":"https:\/\/schema.org","@graph":[{"@type":"Article","@id":"https:\/\/www.fazendaboqueiraorn.com.br\/arame-farpado\/#article","isPartOf":{"@id":"https:\/\/www.fazendaboqueiraorn.com.br\/arame-farpado\/"},"author":{"name":"Fazenda Boqueir\u00e3o","@id":"https:\/\/www.fazendaboqueiraorn.com.br\/#\/schema\/person\/70484dc96f76e66c6365a9f4a2ebfb02"},"headline":"Arame farpado","datePublished":"2022-10-31T19:17:50+00:00","dateModified":"2024-04-07T01:27:08+00:00","mainEntityOfPage":{"@id":"https:\/\/www.fazendaboqueiraorn.com.br\/arame-farpado\/"},"wordCount":470,"commentCount":0,"publisher":{"@id":"https:\/\/www.fazendaboqueiraorn.com.br\/#organization"},"image":{"@id":"https:\/\/www.fazendaboqueiraorn.com.br\/arame-farpado\/#primaryimage"},"thumbnailUrl":"https:\/\/i0.wp.com\/www.fazendaboqueiraorn.com.br\/wp-content\/uploads\/2022\/10\/arame-farpado-scaled.jpg?fit=1000%2C662&ssl=1","keywords":["arame farpado","fazendeiro","gado","Joseph F. Glidden de DeKalb","Lucien B. Smith de Kent","mel","projeto","ra\u00e7\u00e3o"],"articleSection":["Not\u00edcias","Produtos"],"inLanguage":"en-US","potentialAction":[{"@type":"CommentAction","name":"Comment","target":["https:\/\/www.fazendaboqueiraorn.com.br\/arame-farpado\/#respond"]}]},{"@type":"WebPage","@id":"https:\/\/www.fazendaboqueiraorn.com.br\/arame-farpado\/","url":"https:\/\/www.fazendaboqueiraorn.com.br\/arame-farpado\/","name":"Arame farpado - Fazenda Boqueir\u00e3o","isPartOf":{"@id":"https:\/\/www.fazendaboqueiraorn.com.br\/#website"},"primaryImageOfPage":{"@id":"https:\/\/www.fazendaboqueiraorn.com.br\/arame-farpado\/#primaryimage"},"image":{"@id":"https:\/\/www.fazendaboqueiraorn.com.br\/arame-farpado\/#primaryimage"},"thumbnailUrl":"https:\/\/i0.wp.com\/www.fazendaboqueiraorn.com.br\/wp-content\/uploads\/2022\/10\/arame-farpado-scaled.jpg?fit=1000%2C662&ssl=1","datePublished":"2022-10-31T19:17:50+00:00","dateModified":"2024-04-07T01:27:08+00:00","description":"O arame farpado \u00e9 um arame feita de pontas afiadas, semelhantes a espigas, apontando em quatro dire\u00e7\u00f5es diferentes.","breadcrumb":{"@id":"https:\/\/www.fazendaboqueiraorn.com.br\/arame-farpado\/#breadcrumb"},"inLanguage":"en-US","potentialAction":[{"@type":"ReadAction","target":["https:\/\/www.fazendaboqueiraorn.com.br\/arame-farpado\/"]}]},{"@type":"ImageObject","inLanguage":"en-US","@id":"https:\/\/www.fazendaboqueiraorn.com.br\/arame-farpado\/#primaryimage","url":"https:\/\/i0.wp.com\/www.fazendaboqueiraorn.com.br\/wp-content\/uploads\/2022\/10\/arame-farpado-scaled.jpg?fit=1000%2C662&ssl=1","contentUrl":"https:\/\/i0.wp.com\/www.fazendaboqueiraorn.com.br\/wp-content\/uploads\/2022\/10\/arame-farpado-scaled.jpg?fit=1000%2C662&ssl=1","width":1000,"height":662,"caption":"arame farpado"},{"@type":"BreadcrumbList","@id":"https:\/\/www.fazendaboqueiraorn.com.br\/arame-farpado\/#breadcrumb","itemListElement":[{"@type":"ListItem","position":1,"name":"Home","item":"https:\/\/www.fazendaboqueiraorn.com.br\/"},{"@type":"ListItem","position":2,"name":"Arame farpado"}]},{"@type":"WebSite","@id":"https:\/\/www.fazendaboqueiraorn.com.br\/#website","url":"https:\/\/www.fazendaboqueiraorn.com.br\/","name":"Fazenda Boqueir\u00e3o","description":"","publisher":{"@id":"https:\/\/www.fazendaboqueiraorn.com.br\/#organization"},"potentialAction":[{"@type":"SearchAction","target":{"@type":"EntryPoint","urlTemplate":"https:\/\/www.fazendaboqueiraorn.com.br\/?s={search_term_string}"},"query-input":{"@type":"PropertyValueSpecification","valueRequired":true,"valueName":"search_term_string"}}],"inLanguage":"en-US"},{"@type":"Organization","@id":"https:\/\/www.fazendaboqueiraorn.com.br\/#organization","name":"Fazenda Boqueir\u00e3o","url":"https:\/\/www.fazendaboqueiraorn.com.br\/","logo":{"@type":"ImageObject","inLanguage":"en-US","@id":"https:\/\/www.fazendaboqueiraorn.com.br\/#\/schema\/logo\/image\/","url":"https:\/\/i0.wp.com\/www.fazendaboqueiraorn.com.br\/wp-content\/uploads\/2021\/08\/logo-fazenda-120x120-1.png?fit=120%2C120&ssl=1","contentUrl":"https:\/\/i0.wp.com\/www.fazendaboqueiraorn.com.br\/wp-content\/uploads\/2021\/08\/logo-fazenda-120x120-1.png?fit=120%2C120&ssl=1","width":120,"height":120,"caption":"Fazenda Boqueir\u00e3o"},"image":{"@id":"https:\/\/www.fazendaboqueiraorn.com.br\/#\/schema\/logo\/image\/"},"sameAs":["https:\/\/www.facebook.com\/fazboqueirao","https:\/\/x.com\/FazBoqueirao","http:\/\/instagram.com\/fazboqueirao\/","https:\/\/www.linkedin.com\/company\/fazboqueirao\/","https:\/\/www.youtube.com\/channel\/UCUA4_8v8HkmMeNUh8c6Ky1Q"]},{"@type":"Person","@id":"https:\/\/www.fazendaboqueiraorn.com.br\/#\/schema\/person\/70484dc96f76e66c6365a9f4a2ebfb02","name":"Fazenda Boqueir\u00e3o","image":{"@type":"ImageObject","inLanguage":"en-US","@id":"https:\/\/secure.gravatar.com\/avatar\/19f19467ae305ded5d913deae2fb6c6f29fe88a0a7f3a4dca5679407289a9efd?s=96&d=mm&r=g","url":"https:\/\/secure.gravatar.com\/avatar\/19f19467ae305ded5d913deae2fb6c6f29fe88a0a7f3a4dca5679407289a9efd?s=96&d=mm&r=g","contentUrl":"https:\/\/secure.gravatar.com\/avatar\/19f19467ae305ded5d913deae2fb6c6f29fe88a0a7f3a4dca5679407289a9efd?s=96&d=mm&r=g","caption":"Fazenda Boqueir\u00e3o"},"url":"https:\/\/www.fazendaboqueiraorn.com.br\/en\/author\/fazenda\/"}]}},"jetpack_publicize_connections":[],"uagb_featured_image_src":{"full":["https:\/\/i0.wp.com\/www.fazendaboqueiraorn.com.br\/wp-content\/uploads\/2022\/10\/arame-farpado-scaled.jpg?fit=1000%2C662&ssl=1",1000,662,false],"thumbnail":["https:\/\/i0.wp.com\/www.fazendaboqueiraorn.com.br\/wp-content\/uploads\/2022\/10\/arame-farpado-scaled.jpg?resize=150%2C150&ssl=1",150,150,true],"medium":["https:\/\/i0.wp.com\/www.fazendaboqueiraorn.com.br\/wp-content\/uploads\/2022\/10\/arame-farpado-scaled.jpg?fit=300%2C199&ssl=1",300,199,true],"medium_large":["https:\/\/i0.wp.com\/www.fazendaboqueiraorn.com.br\/wp-content\/uploads\/2022\/10\/arame-farpado-scaled.jpg?fit=768%2C509&ssl=1",768,509,true],"large":["https:\/\/i0.wp.com\/www.fazendaboqueiraorn.com.br\/wp-content\/uploads\/2022\/10\/arame-farpado-scaled.jpg?fit=1024%2C678&ssl=1",1024,678,true],"1536x1536":["https:\/\/i0.wp.com\/www.fazendaboqueiraorn.com.br\/wp-content\/uploads\/2022\/10\/arame-farpado-scaled.jpg?fit=1536%2C1017&ssl=1",1536,1017,true],"2048x2048":["https:\/\/i0.wp.com\/www.fazendaboqueiraorn.com.br\/wp-content\/uploads\/2022\/10\/arame-farpado-scaled.jpg?fit=2048%2C1356&ssl=1",2048,1356,true],"trp-custom-language-flag":["https:\/\/i0.wp.com\/www.fazendaboqueiraorn.com.br\/wp-content\/uploads\/2022\/10\/arame-farpado-scaled.jpg?fit=18%2C12&ssl=1",18,12,true],"ultp_layout_landscape_large":["https:\/\/i0.wp.com\/www.fazendaboqueiraorn.com.br\/wp-content\/uploads\/2022\/10\/arame-farpado-scaled.jpg?resize=1000%2C662&ssl=1",1000,662,true],"ultp_layout_landscape":["https:\/\/i0.wp.com\/www.fazendaboqueiraorn.com.br\/wp-content\/uploads\/2022\/10\/arame-farpado-scaled.jpg?resize=870%2C570&ssl=1",870,570,true],"ultp_layout_portrait":["https:\/\/i0.wp.com\/www.fazendaboqueiraorn.com.br\/wp-content\/uploads\/2022\/10\/arame-farpado-scaled.jpg?resize=600%2C662&ssl=1",600,662,true],"ultp_layout_square":["https:\/\/i0.wp.com\/www.fazendaboqueiraorn.com.br\/wp-content\/uploads\/2022\/10\/arame-farpado-scaled.jpg?resize=600%2C600&ssl=1",600,600,true],"woocommerce_thumbnail":["https:\/\/www.fazendaboqueiraorn.com.br\/wp-content\/uploads\/2022\/10\/arame-farpado-scaled-300x300.jpg",300,300,true],"woocommerce_single":["https:\/\/www.fazendaboqueiraorn.com.br\/wp-content\/uploads\/2022\/10\/arame-farpado-scaled.jpg",600,397,false],"woocommerce_gallery_thumbnail":["https:\/\/www.fazendaboqueiraorn.com.br\/wp-content\/uploads\/2022\/10\/arame-farpado-scaled-100x100.jpg",100,100,true],"web-stories-poster-portrait":["https:\/\/www.fazendaboqueiraorn.com.br\/wp-content\/uploads\/2022\/10\/arame-farpado-scaled.jpg",640,424,false],"web-stories-publisher-logo":["https:\/\/www.fazendaboqueiraorn.com.br\/wp-content\/uploads\/2022\/10\/arame-farpado-scaled.jpg",96,64,false],"web-stories-thumbnail":["https:\/\/www.fazendaboqueiraorn.com.br\/wp-content\/uploads\/2022\/10\/arame-farpado-scaled.jpg",150,99,false]},"uagb_author_info":{"display_name":"Fazenda Boqueir\u00e3o","author_link":"https:\/\/www.fazendaboqueiraorn.com.br\/en\/author\/fazenda\/"},"uagb_comment_info":0,"uagb_excerpt":"O arame farpado \u00e9 um arame feita de pontas afiadas, semelhantes a espigas, apontando em quatro dire\u00e7\u00f5es diferentes. Ele \u00e9 usado para construir cercas baratas e \u00e9 usado em cima de muros ao redor de propriedades seguras.","jetpack_featured_media_url":"https:\/\/i0.wp.com\/www.fazendaboqueiraorn.com.br\/wp-content\/uploads\/2022\/10\/arame-farpado-scaled.jpg?fit=1000%2C662&ssl=1","jetpack_sharing_enabled":true,"jetpack_likes_enabled":true,"_links":{"self":[{"href":"https:\/\/www.fazendaboqueiraorn.com.br\/en\/wp-json\/wp\/v2\/posts\/2921","targetHints":{"allow":["GET"]}}],"collection":[{"href":"https:\/\/www.fazendaboqueiraorn.com.br\/en\/wp-json\/wp\/v2\/posts"}],"about":[{"href":"https:\/\/www.fazendaboqueiraorn.com.br\/en\/wp-json\/wp\/v2\/types\/post"}],"author":[{"embeddable":true,"href":"https:\/\/www.fazendaboqueiraorn.com.br\/en\/wp-json\/wp\/v2\/users\/2"}],"replies":[{"embeddable":true,"href":"https:\/\/www.fazendaboqueiraorn.com.br\/en\/wp-json\/wp\/v2\/comments?post=2921"}],"version-history":[{"count":15,"href":"https:\/\/www.fazendaboqueiraorn.com.br\/en\/wp-json\/wp\/v2\/posts\/2921\/revisions"}],"predecessor-version":[{"id":4927,"href":"https:\/\/www.fazendaboqueiraorn.com.br\/en\/wp-json\/wp\/v2\/posts\/2921\/revisions\/4927"}],"wp:featuredmedia":[{"embeddable":true,"href":"https:\/\/www.fazendaboqueiraorn.com.br\/en\/wp-json\/wp\/v2\/media\/2944"}],"wp:attachment":[{"href":"https:\/\/www.fazendaboqueiraorn.com.br\/en\/wp-json\/wp\/v2\/media?parent=2921"}],"wp:term":[{"taxonomy":"category","embeddable":true,"href":"https:\/\/www.fazendaboqueiraorn.com.br\/en\/wp-json\/wp\/v2\/categories?post=2921"},{"taxonomy":"post_tag","embeddable":true,"href":"https:\/\/www.fazendaboqueiraorn.com.br\/en\/wp-json\/wp\/v2\/tags?post=2921"}],"curies":[{"name":"wp","href":"https:\/\/api.w.org\/{rel}","templated":true}]}}