{"id":268,"date":"2021-08-11T21:00:00","date_gmt":"2021-08-12T00:00:00","guid":{"rendered":"https:\/\/www.fazendaboqueiraorn.com.br\/?p=268"},"modified":"2022-03-24T11:31:52","modified_gmt":"2022-03-24T14:31:52","slug":"painel-sobre-fazendas-solares-no-ix-dia-d-da-fazenda-carnauba","status":"publish","type":"post","link":"https:\/\/www.fazendaboqueiraorn.com.br\/en\/painel-sobre-fazendas-solares-no-ix-dia-d-da-fazenda-carnauba\/","title":{"rendered":"Painel sobre Fazendas Solares no IX Dia D da Fazenda Carna\u00faba"},"content":{"rendered":"<p>Debate sobre a situa\u00e7\u00e3o atual da proposta legislativa sobre implanta\u00e7\u00e3o de pol\u00edticas p\u00fablicas para incentivar a ado\u00e7\u00e3o de fazendas solares no Nordeste brasileiro exibido durante o IX Dia D da Fazenda Carna\u00faba. Produtores rurais e autoridades convidadas debatem sobre regulamenta\u00e7\u00e3o do sistema de gera\u00e7\u00e3o distribu\u00edda e o que est\u00e1 sendo feito para os avan\u00e7os da execu\u00e7\u00e3o do projeto no Brasil<\/p>\n\n\n\n<figure class=\"wp-block-embed is-type-video is-provider-youtube wp-block-embed-youtube wp-embed-aspect-16-9 wp-has-aspect-ratio\"><div class=\"wp-block-embed__wrapper\">\n<iframe loading=\"lazy\" title=\"Painel Fazenda Solares - IX Dia D\" width=\"500\" height=\"281\" src=\"https:\/\/www.youtube.com\/embed\/97UEw-gLrlA?feature=oembed\" frameborder=\"0\" allow=\"accelerometer; autoplay; clipboard-write; encrypted-media; gyroscope; picture-in-picture; web-share\" referrerpolicy=\"strict-origin-when-cross-origin\" allowfullscreen><\/iframe>\n<\/div><\/figure>\n\n\n\n<p>Atualmente, um projeto de lei (PL) est\u00e1 em discuss\u00e3o na C\u00e2mara dos Deputados com objetivo de ampliar a utiliza\u00e7\u00e3o de energia solar em propriedades rurais, contribuindo para a economia com redu\u00e7\u00e3o de custos e gera\u00e7\u00e3o de mais uma fonte de renda para as propriedades, al\u00e9m da ineg\u00e1vel vantagem ao meio ambiente. Por isso, os organizadores do evento identificaram a necessidade de discutir a tem\u00e1tica na programa\u00e7\u00e3o do Dia D e debater com convidados o que est\u00e1 sendo feito para o avan\u00e7o e a execu\u00e7\u00e3o efetiva do projeto.<\/p>\n\n\n\n<p>Os participantes do painel representam segmentos da sociedade que t\u00eam interesse no desenvolvimento da gera\u00e7\u00e3o distribu\u00edda no Brasil, a exemplo de: Joaquim Pereira Dantas Vilar, produtor rural na Fazenda Carna\u00faba; Juliana Borges e Ta\u00eds Tessari, ambas do Sebrae Nacional; Tarc\u00edsio Dantas, engenheiro agr\u00f4nomo; M\u00e1rio Borba, presidente da FAEPA\/SENAR; Pedro Cunha Lima, deputado federal da Para\u00edba (PSDB); Efraim Filho, deputado federal da Para\u00edba (DEM); General Gir\u00e3o, deputado federal (PSL) RN; Francisco Soares de Lima Junior, diretor do Departamento de Desenvolvimento Regional e Urbano (DDRU) do Minist\u00e9rio do Desenvolvimento Regional; J\u00falio C\u00e9sar Rodrigues de Sousa, UFERSA e o Brigadeiro Carlos Eduardo, Reserva da For\u00e7a A\u00e9rea (RN).<\/p>\n\n\n\n<p>Neste contexto, as perspectivas s\u00e3o de aprova\u00e7\u00e3o do projeto de lei, a partir de ent\u00e3o, todo consumidor ativamente cadastrado no Minist\u00e9rio da Fazenda por um CPF ou um CNPJ, seja ele residencial, comercial, industrial ou Agro, tem a concess\u00e3o para conectar um sistema gerador de energia el\u00e9trica pr\u00f3prio \u00e0 rede da distribuidora pela qual \u00e9 atendido.<\/p>","protected":false},"excerpt":{"rendered":"<p>Debate sobre a situa\u00e7\u00e3o atual da proposta legislativa sobre implanta\u00e7\u00e3o de pol\u00edticas p\u00fablicas para incentivar a ado\u00e7\u00e3o de fazendas solares no Nordeste brasileiro exibido durante o IX Dia D da Fazenda Carna\u00faba.<\/p>","protected":false},"author":2,"featured_media":270,"comment_status":"closed","ping_status":"open","sticky":false,"template":"","format":"standard","meta":{"nf_dc_page":"","_uag_custom_page_level_css":"","site-sidebar-layout":"default","site-content-layout":"","ast-site-content-layout":"default","site-content-style":"default","site-sidebar-style":"default","ast-global-header-display":"","ast-banner-title-visibility":"","ast-main-header-display":"","ast-hfb-above-header-display":"","ast-hfb-below-header-display":"","ast-hfb-mobile-header-display":"","site-post-title":"","ast-breadcrumbs-content":"","ast-featured-img":"","footer-sml-layout":"","ast-disable-related-posts":"","theme-transparent-header-meta":"","adv-header-id-meta":"","stick-header-meta":"","header-above-stick-meta":"","header-main-stick-meta":"","header-below-stick-meta":"","astra-migrate-meta-layouts":"default","ast-page-background-enabled":"default","ast-page-background-meta":{"desktop":{"background-color":"var(--ast-global-color-4)","background-image":"","background-repeat":"repeat","background-position":"center center","background-size":"auto","background-attachment":"scroll","background-type":"","background-media":"","overlay-type":"","overlay-color":"","overlay-opacity":"","overlay-gradient":""},"tablet":{"background-color":"","background-image":"","background-repeat":"repeat","background-position":"center center","background-size":"auto","background-attachment":"scroll","background-type":"","background-media":"","overlay-type":"","overlay-color":"","overlay-opacity":"","overlay-gradient":""},"mobile":{"background-color":"","background-image":"","background-repeat":"repeat","background-position":"center center","background-size":"auto","background-attachment":"scroll","background-type":"","background-media":"","overlay-type":"","overlay-color":"","overlay-opacity":"","overlay-gradient":""}},"ast-content-background-meta":{"desktop":{"background-color":"var(--ast-global-color-5)","background-image":"","background-repeat":"repeat","background-position":"center center","background-size":"auto","background-attachment":"scroll","background-type":"","background-media":"","overlay-type":"","overlay-color":"","overlay-opacity":"","overlay-gradient":""},"tablet":{"background-color":"var(--ast-global-color-5)","background-image":"","background-repeat":"repeat","background-position":"center center","background-size":"auto","background-attachment":"scroll","background-type":"","background-media":"","overlay-type":"","overlay-color":"","overlay-opacity":"","overlay-gradient":""},"mobile":{"background-color":"var(--ast-global-color-5)","background-image":"","background-repeat":"repeat","background-position":"center center","background-size":"auto","background-attachment":"scroll","background-type":"","background-media":"","overlay-type":"","overlay-color":"","overlay-opacity":"","overlay-gradient":""}},"jetpack_post_was_ever_published":false,"_jetpack_newsletter_access":"","_jetpack_dont_email_post_to_subs":false,"_jetpack_newsletter_tier_id":0,"_jetpack_memberships_contains_paywalled_content":false,"_jetpack_memberships_contains_paid_content":false,"footnotes":"","jetpack_publicize_message":"","jetpack_publicize_feature_enabled":true,"jetpack_social_post_already_shared":true,"jetpack_social_options":{"image_generator_settings":{"template":"highway","default_image_id":0,"font":"","enabled":false},"version":2}},"categories":[1],"tags":[61,32,34,18,62,30,26,31,23],"class_list":["post-268","post","type-post","status-publish","format-standard","has-post-thumbnail","hentry","category-noticia","tag-dia-d","tag-energia-eletrica","tag-energia-solar","tag-evento","tag-fazenda-carnauba","tag-fazenda-solar","tag-nordeste","tag-painel-fotovoltaico","tag-paraiba"],"yoast_head":"<!-- This site is optimized with the Yoast SEO plugin v27.4 - https:\/\/yoast.com\/product\/yoast-seo-wordpress\/ -->\n<title>Painel sobre Fazendas Solares no IX Dia D da Fazenda Carna\u00faba - Fazenda Boqueir\u00e3o<\/title>\n<meta name=\"robots\" content=\"index, follow, max-snippet:-1, max-image-preview:large, max-video-preview:-1\" \/>\n<link rel=\"canonical\" href=\"https:\/\/www.fazendaboqueiraorn.com.br\/en\/painel-sobre-fazendas-solares-no-ix-dia-d-da-fazenda-carnauba\/\" \/>\n<meta property=\"og:locale\" content=\"en_US\" \/>\n<meta property=\"og:type\" content=\"article\" \/>\n<meta property=\"og:title\" content=\"Painel sobre Fazendas Solares no IX Dia D da Fazenda Carna\u00faba - Fazenda Boqueir\u00e3o\" \/>\n<meta property=\"og:description\" content=\"Debate sobre a situa\u00e7\u00e3o atual da proposta legislativa sobre implanta\u00e7\u00e3o de pol\u00edticas p\u00fablicas para incentivar a ado\u00e7\u00e3o de fazendas solares no Nordeste brasileiro exibido durante o IX Dia D da Fazenda Carna\u00faba.\" \/>\n<meta property=\"og:url\" content=\"https:\/\/www.fazendaboqueiraorn.com.br\/en\/painel-sobre-fazendas-solares-no-ix-dia-d-da-fazenda-carnauba\/\" \/>\n<meta property=\"og:site_name\" content=\"Fazenda Boqueir\u00e3o\" \/>\n<meta property=\"article:publisher\" content=\"https:\/\/www.facebook.com\/fazboqueirao\" \/>\n<meta property=\"article:published_time\" content=\"2021-08-12T00:00:00+00:00\" \/>\n<meta property=\"article:modified_time\" content=\"2022-03-24T14:31:52+00:00\" \/>\n<meta property=\"og:image\" content=\"https:\/\/i0.wp.com\/www.fazendaboqueiraorn.com.br\/wp-content\/uploads\/2021\/08\/painelfazendasolares.jpg?fit=1280%2C720&ssl=1\" \/>\n\t<meta property=\"og:image:width\" content=\"1280\" \/>\n\t<meta property=\"og:image:height\" content=\"720\" \/>\n\t<meta property=\"og:image:type\" content=\"image\/jpeg\" \/>\n<meta name=\"author\" content=\"Fazenda Boqueir\u00e3o\" \/>\n<meta name=\"twitter:card\" content=\"summary_large_image\" \/>\n<meta name=\"twitter:creator\" content=\"@FazBoqueirao\" \/>\n<meta name=\"twitter:site\" content=\"@FazBoqueirao\" \/>\n<meta name=\"twitter:label1\" content=\"Written by\" \/>\n\t<meta name=\"twitter:data1\" content=\"Fazenda Boqueir\u00e3o\" \/>\n\t<meta name=\"twitter:label2\" content=\"Est. reading time\" \/>\n\t<meta name=\"twitter:data2\" content=\"2 minutes\" \/>\n<script type=\"application\/ld+json\" class=\"yoast-schema-graph\">{\"@context\":\"https:\\\/\\\/schema.org\",\"@graph\":[{\"@type\":\"Article\",\"@id\":\"https:\\\/\\\/www.fazendaboqueiraorn.com.br\\\/painel-sobre-fazendas-solares-no-ix-dia-d-da-fazenda-carnauba\\\/#article\",\"isPartOf\":{\"@id\":\"https:\\\/\\\/www.fazendaboqueiraorn.com.br\\\/painel-sobre-fazendas-solares-no-ix-dia-d-da-fazenda-carnauba\\\/\"},\"author\":{\"name\":\"Fazenda Boqueir\u00e3o\",\"@id\":\"https:\\\/\\\/www.fazendaboqueiraorn.com.br\\\/#\\\/schema\\\/person\\\/70484dc96f76e66c6365a9f4a2ebfb02\"},\"headline\":\"Painel sobre Fazendas Solares no IX Dia D da Fazenda Carna\u00faba\",\"datePublished\":\"2021-08-12T00:00:00+00:00\",\"dateModified\":\"2022-03-24T14:31:52+00:00\",\"mainEntityOfPage\":{\"@id\":\"https:\\\/\\\/www.fazendaboqueiraorn.com.br\\\/painel-sobre-fazendas-solares-no-ix-dia-d-da-fazenda-carnauba\\\/\"},\"wordCount\":370,\"publisher\":{\"@id\":\"https:\\\/\\\/www.fazendaboqueiraorn.com.br\\\/#organization\"},\"image\":{\"@id\":\"https:\\\/\\\/www.fazendaboqueiraorn.com.br\\\/painel-sobre-fazendas-solares-no-ix-dia-d-da-fazenda-carnauba\\\/#primaryimage\"},\"thumbnailUrl\":\"https:\\\/\\\/i0.wp.com\\\/www.fazendaboqueiraorn.com.br\\\/wp-content\\\/uploads\\\/2021\\\/08\\\/painelfazendasolares-scaled.jpg?fit=1000%2C563&ssl=1\",\"keywords\":[\"Dia D\",\"energia el\u00e9trica\",\"energia solar\",\"evento\",\"Fazenda Carna\u00faba\",\"fazenda solar\",\"Nordeste\",\"painel fotovoltaico\",\"Para\u00edba\"],\"articleSection\":[\"Not\u00edcias\"],\"inLanguage\":\"en-US\"},{\"@type\":\"WebPage\",\"@id\":\"https:\\\/\\\/www.fazendaboqueiraorn.com.br\\\/painel-sobre-fazendas-solares-no-ix-dia-d-da-fazenda-carnauba\\\/\",\"url\":\"https:\\\/\\\/www.fazendaboqueiraorn.com.br\\\/painel-sobre-fazendas-solares-no-ix-dia-d-da-fazenda-carnauba\\\/\",\"name\":\"Painel sobre Fazendas Solares no IX Dia D da Fazenda Carna\u00faba - Fazenda Boqueir\u00e3o\",\"isPartOf\":{\"@id\":\"https:\\\/\\\/www.fazendaboqueiraorn.com.br\\\/#website\"},\"primaryImageOfPage\":{\"@id\":\"https:\\\/\\\/www.fazendaboqueiraorn.com.br\\\/painel-sobre-fazendas-solares-no-ix-dia-d-da-fazenda-carnauba\\\/#primaryimage\"},\"image\":{\"@id\":\"https:\\\/\\\/www.fazendaboqueiraorn.com.br\\\/painel-sobre-fazendas-solares-no-ix-dia-d-da-fazenda-carnauba\\\/#primaryimage\"},\"thumbnailUrl\":\"https:\\\/\\\/i0.wp.com\\\/www.fazendaboqueiraorn.com.br\\\/wp-content\\\/uploads\\\/2021\\\/08\\\/painelfazendasolares-scaled.jpg?fit=1000%2C563&ssl=1\",\"datePublished\":\"2021-08-12T00:00:00+00:00\",\"dateModified\":\"2022-03-24T14:31:52+00:00\",\"breadcrumb\":{\"@id\":\"https:\\\/\\\/www.fazendaboqueiraorn.com.br\\\/painel-sobre-fazendas-solares-no-ix-dia-d-da-fazenda-carnauba\\\/#breadcrumb\"},\"inLanguage\":\"en-US\",\"potentialAction\":[{\"@type\":\"ReadAction\",\"target\":[\"https:\\\/\\\/www.fazendaboqueiraorn.com.br\\\/painel-sobre-fazendas-solares-no-ix-dia-d-da-fazenda-carnauba\\\/\"]}]},{\"@type\":\"ImageObject\",\"inLanguage\":\"en-US\",\"@id\":\"https:\\\/\\\/www.fazendaboqueiraorn.com.br\\\/painel-sobre-fazendas-solares-no-ix-dia-d-da-fazenda-carnauba\\\/#primaryimage\",\"url\":\"https:\\\/\\\/i0.wp.com\\\/www.fazendaboqueiraorn.com.br\\\/wp-content\\\/uploads\\\/2021\\\/08\\\/painelfazendasolares-scaled.jpg?fit=1000%2C563&ssl=1\",\"contentUrl\":\"https:\\\/\\\/i0.wp.com\\\/www.fazendaboqueiraorn.com.br\\\/wp-content\\\/uploads\\\/2021\\\/08\\\/painelfazendasolares-scaled.jpg?fit=1000%2C563&ssl=1\",\"width\":1000,\"height\":563},{\"@type\":\"BreadcrumbList\",\"@id\":\"https:\\\/\\\/www.fazendaboqueiraorn.com.br\\\/painel-sobre-fazendas-solares-no-ix-dia-d-da-fazenda-carnauba\\\/#breadcrumb\",\"itemListElement\":[{\"@type\":\"ListItem\",\"position\":1,\"name\":\"Home\",\"item\":\"https:\\\/\\\/www.fazendaboqueiraorn.com.br\\\/\"},{\"@type\":\"ListItem\",\"position\":2,\"name\":\"Painel sobre Fazendas Solares no IX Dia D da Fazenda Carna\u00faba\"}]},{\"@type\":\"WebSite\",\"@id\":\"https:\\\/\\\/www.fazendaboqueiraorn.com.br\\\/#website\",\"url\":\"https:\\\/\\\/www.fazendaboqueiraorn.com.br\\\/\",\"name\":\"Fazenda Boqueir\u00e3o\",\"description\":\"\",\"publisher\":{\"@id\":\"https:\\\/\\\/www.fazendaboqueiraorn.com.br\\\/#organization\"},\"potentialAction\":[{\"@type\":\"SearchAction\",\"target\":{\"@type\":\"EntryPoint\",\"urlTemplate\":\"https:\\\/\\\/www.fazendaboqueiraorn.com.br\\\/?s={search_term_string}\"},\"query-input\":{\"@type\":\"PropertyValueSpecification\",\"valueRequired\":true,\"valueName\":\"search_term_string\"}}],\"inLanguage\":\"en-US\"},{\"@type\":\"Organization\",\"@id\":\"https:\\\/\\\/www.fazendaboqueiraorn.com.br\\\/#organization\",\"name\":\"Fazenda Boqueir\u00e3o\",\"url\":\"https:\\\/\\\/www.fazendaboqueiraorn.com.br\\\/\",\"logo\":{\"@type\":\"ImageObject\",\"inLanguage\":\"en-US\",\"@id\":\"https:\\\/\\\/www.fazendaboqueiraorn.com.br\\\/#\\\/schema\\\/logo\\\/image\\\/\",\"url\":\"https:\\\/\\\/i0.wp.com\\\/www.fazendaboqueiraorn.com.br\\\/wp-content\\\/uploads\\\/2021\\\/08\\\/logo-fazenda-120x120-1.png?fit=120%2C120&ssl=1\",\"contentUrl\":\"https:\\\/\\\/i0.wp.com\\\/www.fazendaboqueiraorn.com.br\\\/wp-content\\\/uploads\\\/2021\\\/08\\\/logo-fazenda-120x120-1.png?fit=120%2C120&ssl=1\",\"width\":120,\"height\":120,\"caption\":\"Fazenda Boqueir\u00e3o\"},\"image\":{\"@id\":\"https:\\\/\\\/www.fazendaboqueiraorn.com.br\\\/#\\\/schema\\\/logo\\\/image\\\/\"},\"sameAs\":[\"https:\\\/\\\/www.facebook.com\\\/fazboqueirao\",\"https:\\\/\\\/x.com\\\/FazBoqueirao\",\"http:\\\/\\\/instagram.com\\\/fazboqueirao\\\/\",\"https:\\\/\\\/www.linkedin.com\\\/company\\\/fazboqueirao\\\/\",\"https:\\\/\\\/www.youtube.com\\\/channel\\\/UCUA4_8v8HkmMeNUh8c6Ky1Q\"]},{\"@type\":\"Person\",\"@id\":\"https:\\\/\\\/www.fazendaboqueiraorn.com.br\\\/#\\\/schema\\\/person\\\/70484dc96f76e66c6365a9f4a2ebfb02\",\"name\":\"Fazenda Boqueir\u00e3o\",\"image\":{\"@type\":\"ImageObject\",\"inLanguage\":\"en-US\",\"@id\":\"https:\\\/\\\/secure.gravatar.com\\\/avatar\\\/19f19467ae305ded5d913deae2fb6c6f29fe88a0a7f3a4dca5679407289a9efd?s=96&d=mm&r=g\",\"url\":\"https:\\\/\\\/secure.gravatar.com\\\/avatar\\\/19f19467ae305ded5d913deae2fb6c6f29fe88a0a7f3a4dca5679407289a9efd?s=96&d=mm&r=g\",\"contentUrl\":\"https:\\\/\\\/secure.gravatar.com\\\/avatar\\\/19f19467ae305ded5d913deae2fb6c6f29fe88a0a7f3a4dca5679407289a9efd?s=96&d=mm&r=g\",\"caption\":\"Fazenda Boqueir\u00e3o\"},\"url\":\"https:\\\/\\\/www.fazendaboqueiraorn.com.br\\\/en\\\/author\\\/fazenda\\\/\"}]}<\/script>\n<!-- \/ Yoast SEO plugin. -->","yoast_head_json":{"title":"Painel sobre Fazendas Solares no IX Dia D da Fazenda Carna\u00faba - Fazenda Boqueir\u00e3o","robots":{"index":"index","follow":"follow","max-snippet":"max-snippet:-1","max-image-preview":"max-image-preview:large","max-video-preview":"max-video-preview:-1"},"canonical":"https:\/\/www.fazendaboqueiraorn.com.br\/en\/painel-sobre-fazendas-solares-no-ix-dia-d-da-fazenda-carnauba\/","og_locale":"en_US","og_type":"article","og_title":"Painel sobre Fazendas Solares no IX Dia D da Fazenda Carna\u00faba - Fazenda Boqueir\u00e3o","og_description":"Debate sobre a situa\u00e7\u00e3o atual da proposta legislativa sobre implanta\u00e7\u00e3o de pol\u00edticas p\u00fablicas para incentivar a ado\u00e7\u00e3o de fazendas solares no Nordeste brasileiro exibido durante o IX Dia D da Fazenda Carna\u00faba.","og_url":"https:\/\/www.fazendaboqueiraorn.com.br\/en\/painel-sobre-fazendas-solares-no-ix-dia-d-da-fazenda-carnauba\/","og_site_name":"Fazenda Boqueir\u00e3o","article_publisher":"https:\/\/www.facebook.com\/fazboqueirao","article_published_time":"2021-08-12T00:00:00+00:00","article_modified_time":"2022-03-24T14:31:52+00:00","og_image":[{"width":1280,"height":720,"url":"https:\/\/i0.wp.com\/www.fazendaboqueiraorn.com.br\/wp-content\/uploads\/2021\/08\/painelfazendasolares.jpg?fit=1280%2C720&ssl=1","type":"image\/jpeg"}],"author":"Fazenda Boqueir\u00e3o","twitter_card":"summary_large_image","twitter_creator":"@FazBoqueirao","twitter_site":"@FazBoqueirao","twitter_misc":{"Written by":"Fazenda Boqueir\u00e3o","Est. reading time":"2 minutes"},"schema":{"@context":"https:\/\/schema.org","@graph":[{"@type":"Article","@id":"https:\/\/www.fazendaboqueiraorn.com.br\/painel-sobre-fazendas-solares-no-ix-dia-d-da-fazenda-carnauba\/#article","isPartOf":{"@id":"https:\/\/www.fazendaboqueiraorn.com.br\/painel-sobre-fazendas-solares-no-ix-dia-d-da-fazenda-carnauba\/"},"author":{"name":"Fazenda Boqueir\u00e3o","@id":"https:\/\/www.fazendaboqueiraorn.com.br\/#\/schema\/person\/70484dc96f76e66c6365a9f4a2ebfb02"},"headline":"Painel sobre Fazendas Solares no IX Dia D da Fazenda Carna\u00faba","datePublished":"2021-08-12T00:00:00+00:00","dateModified":"2022-03-24T14:31:52+00:00","mainEntityOfPage":{"@id":"https:\/\/www.fazendaboqueiraorn.com.br\/painel-sobre-fazendas-solares-no-ix-dia-d-da-fazenda-carnauba\/"},"wordCount":370,"publisher":{"@id":"https:\/\/www.fazendaboqueiraorn.com.br\/#organization"},"image":{"@id":"https:\/\/www.fazendaboqueiraorn.com.br\/painel-sobre-fazendas-solares-no-ix-dia-d-da-fazenda-carnauba\/#primaryimage"},"thumbnailUrl":"https:\/\/i0.wp.com\/www.fazendaboqueiraorn.com.br\/wp-content\/uploads\/2021\/08\/painelfazendasolares-scaled.jpg?fit=1000%2C563&ssl=1","keywords":["Dia D","energia el\u00e9trica","energia solar","evento","Fazenda Carna\u00faba","fazenda solar","Nordeste","painel fotovoltaico","Para\u00edba"],"articleSection":["Not\u00edcias"],"inLanguage":"en-US"},{"@type":"WebPage","@id":"https:\/\/www.fazendaboqueiraorn.com.br\/painel-sobre-fazendas-solares-no-ix-dia-d-da-fazenda-carnauba\/","url":"https:\/\/www.fazendaboqueiraorn.com.br\/painel-sobre-fazendas-solares-no-ix-dia-d-da-fazenda-carnauba\/","name":"Painel sobre Fazendas Solares no IX Dia D da Fazenda Carna\u00faba - Fazenda Boqueir\u00e3o","isPartOf":{"@id":"https:\/\/www.fazendaboqueiraorn.com.br\/#website"},"primaryImageOfPage":{"@id":"https:\/\/www.fazendaboqueiraorn.com.br\/painel-sobre-fazendas-solares-no-ix-dia-d-da-fazenda-carnauba\/#primaryimage"},"image":{"@id":"https:\/\/www.fazendaboqueiraorn.com.br\/painel-sobre-fazendas-solares-no-ix-dia-d-da-fazenda-carnauba\/#primaryimage"},"thumbnailUrl":"https:\/\/i0.wp.com\/www.fazendaboqueiraorn.com.br\/wp-content\/uploads\/2021\/08\/painelfazendasolares-scaled.jpg?fit=1000%2C563&ssl=1","datePublished":"2021-08-12T00:00:00+00:00","dateModified":"2022-03-24T14:31:52+00:00","breadcrumb":{"@id":"https:\/\/www.fazendaboqueiraorn.com.br\/painel-sobre-fazendas-solares-no-ix-dia-d-da-fazenda-carnauba\/#breadcrumb"},"inLanguage":"en-US","potentialAction":[{"@type":"ReadAction","target":["https:\/\/www.fazendaboqueiraorn.com.br\/painel-sobre-fazendas-solares-no-ix-dia-d-da-fazenda-carnauba\/"]}]},{"@type":"ImageObject","inLanguage":"en-US","@id":"https:\/\/www.fazendaboqueiraorn.com.br\/painel-sobre-fazendas-solares-no-ix-dia-d-da-fazenda-carnauba\/#primaryimage","url":"https:\/\/i0.wp.com\/www.fazendaboqueiraorn.com.br\/wp-content\/uploads\/2021\/08\/painelfazendasolares-scaled.jpg?fit=1000%2C563&ssl=1","contentUrl":"https:\/\/i0.wp.com\/www.fazendaboqueiraorn.com.br\/wp-content\/uploads\/2021\/08\/painelfazendasolares-scaled.jpg?fit=1000%2C563&ssl=1","width":1000,"height":563},{"@type":"BreadcrumbList","@id":"https:\/\/www.fazendaboqueiraorn.com.br\/painel-sobre-fazendas-solares-no-ix-dia-d-da-fazenda-carnauba\/#breadcrumb","itemListElement":[{"@type":"ListItem","position":1,"name":"Home","item":"https:\/\/www.fazendaboqueiraorn.com.br\/"},{"@type":"ListItem","position":2,"name":"Painel sobre Fazendas Solares no IX Dia D da Fazenda Carna\u00faba"}]},{"@type":"WebSite","@id":"https:\/\/www.fazendaboqueiraorn.com.br\/#website","url":"https:\/\/www.fazendaboqueiraorn.com.br\/","name":"Fazenda Boqueir\u00e3o","description":"","publisher":{"@id":"https:\/\/www.fazendaboqueiraorn.com.br\/#organization"},"potentialAction":[{"@type":"SearchAction","target":{"@type":"EntryPoint","urlTemplate":"https:\/\/www.fazendaboqueiraorn.com.br\/?s={search_term_string}"},"query-input":{"@type":"PropertyValueSpecification","valueRequired":true,"valueName":"search_term_string"}}],"inLanguage":"en-US"},{"@type":"Organization","@id":"https:\/\/www.fazendaboqueiraorn.com.br\/#organization","name":"Fazenda Boqueir\u00e3o","url":"https:\/\/www.fazendaboqueiraorn.com.br\/","logo":{"@type":"ImageObject","inLanguage":"en-US","@id":"https:\/\/www.fazendaboqueiraorn.com.br\/#\/schema\/logo\/image\/","url":"https:\/\/i0.wp.com\/www.fazendaboqueiraorn.com.br\/wp-content\/uploads\/2021\/08\/logo-fazenda-120x120-1.png?fit=120%2C120&ssl=1","contentUrl":"https:\/\/i0.wp.com\/www.fazendaboqueiraorn.com.br\/wp-content\/uploads\/2021\/08\/logo-fazenda-120x120-1.png?fit=120%2C120&ssl=1","width":120,"height":120,"caption":"Fazenda Boqueir\u00e3o"},"image":{"@id":"https:\/\/www.fazendaboqueiraorn.com.br\/#\/schema\/logo\/image\/"},"sameAs":["https:\/\/www.facebook.com\/fazboqueirao","https:\/\/x.com\/FazBoqueirao","http:\/\/instagram.com\/fazboqueirao\/","https:\/\/www.linkedin.com\/company\/fazboqueirao\/","https:\/\/www.youtube.com\/channel\/UCUA4_8v8HkmMeNUh8c6Ky1Q"]},{"@type":"Person","@id":"https:\/\/www.fazendaboqueiraorn.com.br\/#\/schema\/person\/70484dc96f76e66c6365a9f4a2ebfb02","name":"Fazenda Boqueir\u00e3o","image":{"@type":"ImageObject","inLanguage":"en-US","@id":"https:\/\/secure.gravatar.com\/avatar\/19f19467ae305ded5d913deae2fb6c6f29fe88a0a7f3a4dca5679407289a9efd?s=96&d=mm&r=g","url":"https:\/\/secure.gravatar.com\/avatar\/19f19467ae305ded5d913deae2fb6c6f29fe88a0a7f3a4dca5679407289a9efd?s=96&d=mm&r=g","contentUrl":"https:\/\/secure.gravatar.com\/avatar\/19f19467ae305ded5d913deae2fb6c6f29fe88a0a7f3a4dca5679407289a9efd?s=96&d=mm&r=g","caption":"Fazenda Boqueir\u00e3o"},"url":"https:\/\/www.fazendaboqueiraorn.com.br\/en\/author\/fazenda\/"}]}},"jetpack_publicize_connections":[],"uagb_featured_image_src":{"full":["https:\/\/i0.wp.com\/www.fazendaboqueiraorn.com.br\/wp-content\/uploads\/2021\/08\/painelfazendasolares-scaled.jpg?fit=1000%2C563&ssl=1",1000,563,false],"thumbnail":["https:\/\/i0.wp.com\/www.fazendaboqueiraorn.com.br\/wp-content\/uploads\/2021\/08\/painelfazendasolares-scaled.jpg?resize=150%2C150&ssl=1",150,150,true],"medium":["https:\/\/i0.wp.com\/www.fazendaboqueiraorn.com.br\/wp-content\/uploads\/2021\/08\/painelfazendasolares-scaled.jpg?fit=300%2C169&ssl=1",300,169,true],"medium_large":["https:\/\/i0.wp.com\/www.fazendaboqueiraorn.com.br\/wp-content\/uploads\/2021\/08\/painelfazendasolares-scaled.jpg?fit=768%2C432&ssl=1",768,432,true],"large":["https:\/\/i0.wp.com\/www.fazendaboqueiraorn.com.br\/wp-content\/uploads\/2021\/08\/painelfazendasolares-scaled.jpg?fit=1024%2C576&ssl=1",1024,576,true],"1536x1536":["https:\/\/i0.wp.com\/www.fazendaboqueiraorn.com.br\/wp-content\/uploads\/2021\/08\/painelfazendasolares-scaled.jpg?fit=1000%2C563&ssl=1",1000,563,true],"2048x2048":["https:\/\/i0.wp.com\/www.fazendaboqueiraorn.com.br\/wp-content\/uploads\/2021\/08\/painelfazendasolares-scaled.jpg?fit=1000%2C563&ssl=1",1000,563,true],"trp-custom-language-flag":["https:\/\/i0.wp.com\/www.fazendaboqueiraorn.com.br\/wp-content\/uploads\/2021\/08\/painelfazendasolares-scaled.jpg?fit=18%2C10&ssl=1",18,10,true],"ultp_layout_landscape_large":["https:\/\/i0.wp.com\/www.fazendaboqueiraorn.com.br\/wp-content\/uploads\/2021\/08\/painelfazendasolares-scaled.jpg?resize=1000%2C563&ssl=1",1000,563,true],"ultp_layout_landscape":["https:\/\/i0.wp.com\/www.fazendaboqueiraorn.com.br\/wp-content\/uploads\/2021\/08\/painelfazendasolares-scaled.jpg?resize=870%2C563&ssl=1",870,563,true],"ultp_layout_portrait":["https:\/\/i0.wp.com\/www.fazendaboqueiraorn.com.br\/wp-content\/uploads\/2021\/08\/painelfazendasolares-scaled.jpg?resize=600%2C563&ssl=1",600,563,true],"ultp_layout_square":["https:\/\/i0.wp.com\/www.fazendaboqueiraorn.com.br\/wp-content\/uploads\/2021\/08\/painelfazendasolares-scaled.jpg?resize=600%2C563&ssl=1",600,563,true],"woocommerce_thumbnail":["https:\/\/www.fazendaboqueiraorn.com.br\/wp-content\/uploads\/2021\/08\/painelfazendasolares-300x300.jpg",300,300,true],"woocommerce_single":["https:\/\/www.fazendaboqueiraorn.com.br\/wp-content\/uploads\/2021\/08\/painelfazendasolares-scaled.jpg",600,338,false],"woocommerce_gallery_thumbnail":["https:\/\/www.fazendaboqueiraorn.com.br\/wp-content\/uploads\/2021\/08\/painelfazendasolares-100x100.jpg",100,100,true],"web-stories-poster-portrait":["https:\/\/www.fazendaboqueiraorn.com.br\/wp-content\/uploads\/2021\/08\/painelfazendasolares-scaled.jpg",640,360,false],"web-stories-publisher-logo":["https:\/\/www.fazendaboqueiraorn.com.br\/wp-content\/uploads\/2021\/08\/painelfazendasolares-scaled.jpg",96,54,false],"web-stories-thumbnail":["https:\/\/www.fazendaboqueiraorn.com.br\/wp-content\/uploads\/2021\/08\/painelfazendasolares-scaled.jpg",150,84,false]},"uagb_author_info":{"display_name":"Fazenda Boqueir\u00e3o","author_link":"https:\/\/www.fazendaboqueiraorn.com.br\/en\/author\/fazenda\/"},"uagb_comment_info":0,"uagb_excerpt":"Debate sobre a situa\u00e7\u00e3o atual da proposta legislativa sobre implanta\u00e7\u00e3o de pol\u00edticas p\u00fablicas para incentivar a ado\u00e7\u00e3o de fazendas solares no Nordeste brasileiro exibido durante o IX Dia D da Fazenda Carna\u00faba.","jetpack_featured_media_url":"https:\/\/i0.wp.com\/www.fazendaboqueiraorn.com.br\/wp-content\/uploads\/2021\/08\/painelfazendasolares-scaled.jpg?fit=1000%2C563&ssl=1","jetpack_sharing_enabled":true,"jetpack_likes_enabled":true,"_links":{"self":[{"href":"https:\/\/www.fazendaboqueiraorn.com.br\/en\/wp-json\/wp\/v2\/posts\/268","targetHints":{"allow":["GET"]}}],"collection":[{"href":"https:\/\/www.fazendaboqueiraorn.com.br\/en\/wp-json\/wp\/v2\/posts"}],"about":[{"href":"https:\/\/www.fazendaboqueiraorn.com.br\/en\/wp-json\/wp\/v2\/types\/post"}],"author":[{"embeddable":true,"href":"https:\/\/www.fazendaboqueiraorn.com.br\/en\/wp-json\/wp\/v2\/users\/2"}],"replies":[{"embeddable":true,"href":"https:\/\/www.fazendaboqueiraorn.com.br\/en\/wp-json\/wp\/v2\/comments?post=268"}],"version-history":[{"count":2,"href":"https:\/\/www.fazendaboqueiraorn.com.br\/en\/wp-json\/wp\/v2\/posts\/268\/revisions"}],"predecessor-version":[{"id":1212,"href":"https:\/\/www.fazendaboqueiraorn.com.br\/en\/wp-json\/wp\/v2\/posts\/268\/revisions\/1212"}],"wp:featuredmedia":[{"embeddable":true,"href":"https:\/\/www.fazendaboqueiraorn.com.br\/en\/wp-json\/wp\/v2\/media\/270"}],"wp:attachment":[{"href":"https:\/\/www.fazendaboqueiraorn.com.br\/en\/wp-json\/wp\/v2\/media?parent=268"}],"wp:term":[{"taxonomy":"category","embeddable":true,"href":"https:\/\/www.fazendaboqueiraorn.com.br\/en\/wp-json\/wp\/v2\/categories?post=268"},{"taxonomy":"post_tag","embeddable":true,"href":"https:\/\/www.fazendaboqueiraorn.com.br\/en\/wp-json\/wp\/v2\/tags?post=268"}],"curies":[{"name":"wp","href":"https:\/\/api.w.org\/{rel}","templated":true}]}}