{"id":2629,"date":"2022-08-10T10:00:00","date_gmt":"2022-08-10T13:00:00","guid":{"rendered":"https:\/\/www.fazendaboqueiraorn.com.br\/?p=2629"},"modified":"2022-08-09T08:56:48","modified_gmt":"2022-08-09T11:56:48","slug":"22a-festa-do-bode-de-mossoro","status":"publish","type":"post","link":"https:\/\/www.fazendaboqueiraorn.com.br\/en\/22a-festa-do-bode-de-mossoro\/","title":{"rendered":"22\u00aa Festa do Bode de Mossor\u00f3"},"content":{"rendered":"<figure class=\"wp-block-image size-large\"><img data-recalc-dims=\"1\" decoding=\"async\" width=\"1024\" height=\"1010\" loading=\"lazy\" src=\"https:\/\/i0.wp.com\/www.fazendaboqueiraorn.com.br\/wp-content\/uploads\/2022\/08\/Parque-Armando-Bua-20220811.jpg?resize=1024%2C1010&#038;ssl=1\" alt=\"22\u00aa Festa do Bode\" class=\"wp-image-2631\" srcset=\"https:\/\/i0.wp.com\/www.fazendaboqueiraorn.com.br\/wp-content\/uploads\/2022\/08\/Parque-Armando-Bua-20220811-scaled.jpg?resize=1024%2C1010&amp;ssl=1 1024w, https:\/\/i0.wp.com\/www.fazendaboqueiraorn.com.br\/wp-content\/uploads\/2022\/08\/Parque-Armando-Bua-20220811-scaled.jpg?resize=100%2C100&amp;ssl=1 100w, https:\/\/i0.wp.com\/www.fazendaboqueiraorn.com.br\/wp-content\/uploads\/2022\/08\/Parque-Armando-Bua-20220811-scaled.jpg?resize=600%2C592&amp;ssl=1 600w, https:\/\/i0.wp.com\/www.fazendaboqueiraorn.com.br\/wp-content\/uploads\/2022\/08\/Parque-Armando-Bua-20220811-scaled.jpg?resize=300%2C296&amp;ssl=1 300w, https:\/\/i0.wp.com\/www.fazendaboqueiraorn.com.br\/wp-content\/uploads\/2022\/08\/Parque-Armando-Bua-20220811-scaled.jpg?resize=768%2C757&amp;ssl=1 768w, https:\/\/i0.wp.com\/www.fazendaboqueiraorn.com.br\/wp-content\/uploads\/2022\/08\/Parque-Armando-Bua-20220811-scaled.jpg?resize=12%2C12&amp;ssl=1 12w, https:\/\/i0.wp.com\/www.fazendaboqueiraorn.com.br\/wp-content\/uploads\/2022\/08\/Parque-Armando-Bua-20220811-scaled.jpg?resize=913%2C900&amp;ssl=1 913w, https:\/\/i0.wp.com\/www.fazendaboqueiraorn.com.br\/wp-content\/uploads\/2022\/08\/Parque-Armando-Bua-20220811-scaled.jpg?w=1000&amp;ssl=1 1000w\" sizes=\"auto, (max-width: 1000px) 100vw, 1000px\" \/><\/figure>\n\n\n\n<p>A tradicional Festa do Bode, realizada no Parque de Exposi\u00e7\u00e3o Armando Bu\u00e1, j\u00e1 est\u00e1\u00a0agendada. Neste ano ser\u00e1 realizada a 22\u00aa edi\u00e7\u00e3o do evento. A maior caprifeira do Rio Grande do Norte ocorrer\u00e1 entre os dias 11 e\u00a014 de agosto deste ano.<\/p>\n\n\n\n<p>A exposi\u00e7\u00e3o vai ocorrer com a presen\u00e7a de produtores com caprinos, ovinos e tamb\u00e9m teremos leil\u00e3o com bovinos, julgamento de caprinos e ovinos de animais ranqueados.<\/p>\n\n\n\n<p>Maior feira de caprinos e ovinos do Rio Grande do Norte, a Festa do Bode 2022 garantir\u00e1 a maior premia\u00e7\u00e3o aos competidores j\u00e1 registrada em todas as edi\u00e7\u00f5es do evento. Ser\u00e3o 75 mil reais distribu\u00eddos nas categorias de competi\u00e7\u00e3o do evento. Promovida pela Prefeitura de Mossor\u00f3, atrav\u00e9s da Secretaria de Agricultura e Desenvolvimento Rural (SEADRU), a Festa do Bode volta a acontecer ap\u00f3s dois anos sem realiza\u00e7\u00e3o devido a pandemia da Covid-19.<\/p>\n\n\n\n<p>As competi\u00e7\u00f5es envolver\u00e3o caprinos da ra\u00e7a Bo\u00e9, ovinos da ra\u00e7a Santa In\u00eas e bovinos da ra\u00e7a Sindi. O Torneio Leiteiro de Cabras, um dos pontos altos da festa, acontecer\u00e1 em n\u00edvel municipal e estadual.<\/p>\n\n\n\n<p>Dentro da programa\u00e7\u00e3o da festa acontecer\u00e1 o Festival Gastron\u00f4mico, nos dias 11, 12 e 13, no Espa\u00e7o Gastron\u00f4mico Vila do Bode. O Concurso Gastron\u00f4mico \u201cBode Arretado\u201d acontecer\u00e1 no dia 12, das 18h \u00e0s 20h. O funcionamento do espa\u00e7o ser\u00e1 das 11h \u00e0s 14h30 e das 18h \u00e0s 22h.<\/p>\n\n\n\n<h2 class=\"wp-block-heading\">Atra\u00e7\u00f5es da 22\u00aa Festa do Bode<\/h2>\n\n\n\n<ul class=\"wp-block-list\"><li>11\/08 &#8211; Jo\u00e3o Neto Pegad\u00e3o e Forr\u00f3 dos 3;<\/li><li>12\/08 &#8211; Bruno Martins e Cavaleiros do Forr\u00f3;<\/li><li>13\/08 &#8211; Thyalis Martins e Forr\u00f3 com Ella.<\/li><\/ul>\n\n\n\n<h2 class=\"wp-block-heading\">PROGRAMA\u00c7\u00c3O, EXPOSI\u00c7\u00c3O E JULGAMENTO<\/h2>\n\n\n\n<h3 class=\"wp-block-heading\">Dia 10 de agosto 2022 \u2013 Quarta-feira<\/h3>\n\n\n\n<p>Entrada dos animais no Parque \u2013 7h \u00e0s 20h<\/p>\n\n\n\n<h3 class=\"wp-block-heading\">Dia 11 de agosto 2022 \u2013 Quinta-feira<\/h3>\n\n\n\n<p>Admiss\u00e3o dos animais no Parque \u2013 7h \u00e0s 18h<\/p>\n\n\n\n<p>Torneio Leiteiro Interestadual \u2013 Secagem \u2013 19h<\/p>\n\n\n\n<p>Torneio Leiteiro Local \u2013 Secagem \u2013 20h<\/p>\n\n\n\n<p>Peso Pesado Local \u2013 Primeira Pesagem \u2013 20h<\/p>\n\n\n\n<h3 class=\"wp-block-heading\">Dia 12 de agosto 2022 \u2013 Sexta-feira<\/h3>\n\n\n\n<p>Exposi\u00e7\u00e3o de ovinos e caprinos no Parque \u2013 8h \u00e0s 22h<\/p>\n\n\n\n<p>Torneio Leiteiro Interestadual \u2013 Ordenhas \u2013 7h e 19h<\/p>\n\n\n\n<p>Torneio Leiteiro Local \u2013 Ordenhas \u2013 8h e 20h<\/p>\n\n\n\n<p>Peso Pesado Local \u2013 Segunda pesagem \u2013 8h Julgamento na Pista \u2013 8h \u00e0s 22h<\/p>\n\n\n\n<h3 class=\"wp-block-heading\">Dia 13 de agosto 2022 \u2013 S\u00e1bado<\/h3>\n\n\n\n<p>Exposi\u00e7\u00e3o de ovinos e caprinos no Parque \u2013 8h \u00e0s 22h<\/p>\n\n\n\n<p>Torneio Leiteiro Interestadual \u2013 Ordenhas \u2013 7h e 19h<\/p>\n\n\n\n<p>Torneio Leiteiro Local \u2013 Ordenhas \u2013 8h e 20h<\/p>\n\n\n\n<p>Julgamento na Pista \u2013 8h \u00e0s 22h<\/p>\n\n\n\n<h3 class=\"wp-block-heading\">Dia 14 de agosto 2022 \u2013 Domingo<\/h3>\n\n\n\n<p>Libera\u00e7\u00e3o\/sa\u00edda dos animais \u2013 7h \u00e0s 22h<\/p>","protected":false},"excerpt":{"rendered":"<p>A tradicional 22\u00aa Festa do Bode, realizada no Parque Armando Bu\u00e1 ocorrer\u00e1 entre os dias 11 e\u00a014 de agosto deste ano.<\/p>","protected":false},"author":2,"featured_media":2631,"comment_status":"open","ping_status":"open","sticky":false,"template":"","format":"standard","meta":{"nf_dc_page":"","_uag_custom_page_level_css":"","site-sidebar-layout":"default","site-content-layout":"","ast-site-content-layout":"default","site-content-style":"default","site-sidebar-style":"default","ast-global-header-display":"","ast-banner-title-visibility":"","ast-main-header-display":"","ast-hfb-above-header-display":"","ast-hfb-below-header-display":"","ast-hfb-mobile-header-display":"","site-post-title":"","ast-breadcrumbs-content":"","ast-featured-img":"","footer-sml-layout":"","ast-disable-related-posts":"","theme-transparent-header-meta":"","adv-header-id-meta":"","stick-header-meta":"","header-above-stick-meta":"","header-main-stick-meta":"","header-below-stick-meta":"","astra-migrate-meta-layouts":"default","ast-page-background-enabled":"default","ast-page-background-meta":{"desktop":{"background-color":"var(--ast-global-color-4)","background-image":"","background-repeat":"repeat","background-position":"center center","background-size":"auto","background-attachment":"scroll","background-type":"","background-media":"","overlay-type":"","overlay-color":"","overlay-opacity":"","overlay-gradient":""},"tablet":{"background-color":"","background-image":"","background-repeat":"repeat","background-position":"center center","background-size":"auto","background-attachment":"scroll","background-type":"","background-media":"","overlay-type":"","overlay-color":"","overlay-opacity":"","overlay-gradient":""},"mobile":{"background-color":"","background-image":"","background-repeat":"repeat","background-position":"center center","background-size":"auto","background-attachment":"scroll","background-type":"","background-media":"","overlay-type":"","overlay-color":"","overlay-opacity":"","overlay-gradient":""}},"ast-content-background-meta":{"desktop":{"background-color":"var(--ast-global-color-5)","background-image":"","background-repeat":"repeat","background-position":"center center","background-size":"auto","background-attachment":"scroll","background-type":"","background-media":"","overlay-type":"","overlay-color":"","overlay-opacity":"","overlay-gradient":""},"tablet":{"background-color":"var(--ast-global-color-5)","background-image":"","background-repeat":"repeat","background-position":"center center","background-size":"auto","background-attachment":"scroll","background-type":"","background-media":"","overlay-type":"","overlay-color":"","overlay-opacity":"","overlay-gradient":""},"mobile":{"background-color":"var(--ast-global-color-5)","background-image":"","background-repeat":"repeat","background-position":"center center","background-size":"auto","background-attachment":"scroll","background-type":"","background-media":"","overlay-type":"","overlay-color":"","overlay-opacity":"","overlay-gradient":""}},"jetpack_post_was_ever_published":false,"_jetpack_newsletter_access":"","_jetpack_dont_email_post_to_subs":false,"_jetpack_newsletter_tier_id":0,"_jetpack_memberships_contains_paywalled_content":false,"_jetpack_memberships_contains_paid_content":false,"footnotes":"","jetpack_publicize_message":"","jetpack_publicize_feature_enabled":true,"jetpack_social_post_already_shared":true,"jetpack_social_options":{"image_generator_settings":{"template":"highway","default_image_id":0,"font":"","enabled":false},"version":2}},"categories":[429],"tags":[21,6,18,514,48,513,512,51],"class_list":["post-2629","post","type-post","status-publish","format-standard","has-post-thumbnail","hentry","category-eventos","tag-21","tag-agricultura","tag-evento","tag-festa-do-bode","tag-festival","tag-mossoro","tag-parque-de-exposicao-armando-bua","tag-rio-grande-do-norte"],"yoast_head":"<!-- This site is optimized with the Yoast SEO plugin v27.4 - https:\/\/yoast.com\/product\/yoast-seo-wordpress\/ -->\n<title>22\u00aa Festa do Bode de Mossor\u00f3 - Fazenda Boqueir\u00e3o<\/title>\n<meta name=\"description\" content=\"A tradicional 22\u00aa Festa do Bode, realizada no Parque Armando Bu\u00e1 ocorrer\u00e1 entre os dias 11 e\u00a014 de agosto deste ano.\" \/>\n<meta name=\"robots\" content=\"index, follow, max-snippet:-1, max-image-preview:large, max-video-preview:-1\" \/>\n<link rel=\"canonical\" href=\"https:\/\/www.fazendaboqueiraorn.com.br\/en\/22a-festa-do-bode-de-mossoro\/\" \/>\n<meta property=\"og:locale\" content=\"en_US\" \/>\n<meta property=\"og:type\" content=\"article\" \/>\n<meta property=\"og:title\" content=\"22\u00aa Festa do Bode de Mossor\u00f3 - Fazenda Boqueir\u00e3o\" \/>\n<meta property=\"og:description\" content=\"A tradicional 22\u00aa Festa do Bode, realizada no Parque Armando Bu\u00e1 ocorrer\u00e1 entre os dias 11 e\u00a014 de agosto deste ano.\" \/>\n<meta property=\"og:url\" content=\"https:\/\/www.fazendaboqueiraorn.com.br\/en\/22a-festa-do-bode-de-mossoro\/\" \/>\n<meta property=\"og:site_name\" content=\"Fazenda Boqueir\u00e3o\" \/>\n<meta property=\"article:publisher\" content=\"https:\/\/www.facebook.com\/fazboqueirao\" \/>\n<meta property=\"article:published_time\" content=\"2022-08-10T13:00:00+00:00\" \/>\n<meta property=\"og:image\" content=\"https:\/\/www.fazendaboqueiraorn.com.br\/wp-content\/uploads\/2022\/08\/Parque-Armando-Bua-20220811-scaled.jpg\" \/>\n\t<meta property=\"og:image:width\" content=\"1000\" \/>\n\t<meta property=\"og:image:height\" content=\"986\" \/>\n\t<meta property=\"og:image:type\" content=\"image\/jpeg\" \/>\n<meta name=\"author\" content=\"Fazenda Boqueir\u00e3o\" \/>\n<meta name=\"twitter:card\" content=\"summary_large_image\" \/>\n<meta name=\"twitter:creator\" content=\"@FazBoqueirao\" \/>\n<meta name=\"twitter:site\" content=\"@FazBoqueirao\" \/>\n<meta name=\"twitter:label1\" content=\"Written by\" \/>\n\t<meta name=\"twitter:data1\" content=\"Fazenda Boqueir\u00e3o\" \/>\n\t<meta name=\"twitter:label2\" content=\"Est. reading time\" \/>\n\t<meta name=\"twitter:data2\" content=\"3 minutes\" \/>\n<script type=\"application\/ld+json\" class=\"yoast-schema-graph\">{\"@context\":\"https:\\\/\\\/schema.org\",\"@graph\":[{\"@type\":\"Article\",\"@id\":\"https:\\\/\\\/www.fazendaboqueiraorn.com.br\\\/22a-festa-do-bode-de-mossoro\\\/#article\",\"isPartOf\":{\"@id\":\"https:\\\/\\\/www.fazendaboqueiraorn.com.br\\\/22a-festa-do-bode-de-mossoro\\\/\"},\"author\":{\"name\":\"Fazenda Boqueir\u00e3o\",\"@id\":\"https:\\\/\\\/www.fazendaboqueiraorn.com.br\\\/#\\\/schema\\\/person\\\/70484dc96f76e66c6365a9f4a2ebfb02\"},\"headline\":\"22\u00aa Festa do Bode de Mossor\u00f3\",\"datePublished\":\"2022-08-10T13:00:00+00:00\",\"mainEntityOfPage\":{\"@id\":\"https:\\\/\\\/www.fazendaboqueiraorn.com.br\\\/22a-festa-do-bode-de-mossoro\\\/\"},\"wordCount\":412,\"commentCount\":0,\"publisher\":{\"@id\":\"https:\\\/\\\/www.fazendaboqueiraorn.com.br\\\/#organization\"},\"image\":{\"@id\":\"https:\\\/\\\/www.fazendaboqueiraorn.com.br\\\/22a-festa-do-bode-de-mossoro\\\/#primaryimage\"},\"thumbnailUrl\":\"https:\\\/\\\/i0.wp.com\\\/www.fazendaboqueiraorn.com.br\\\/wp-content\\\/uploads\\\/2022\\\/08\\\/Parque-Armando-Bua-20220811-scaled.jpg?fit=1000%2C986&ssl=1\",\"keywords\":[\"2022\",\"Agricultura\",\"evento\",\"Festa do Bode\",\"Festival\",\"Mossor\u00f3\",\"Parque de Exposi\u00e7\u00e3o Armando Bu\u00e1\",\"Rio Grande do Norte\"],\"articleSection\":[\"Eventos\"],\"inLanguage\":\"en-US\",\"potentialAction\":[{\"@type\":\"CommentAction\",\"name\":\"Comment\",\"target\":[\"https:\\\/\\\/www.fazendaboqueiraorn.com.br\\\/22a-festa-do-bode-de-mossoro\\\/#respond\"]}]},{\"@type\":\"WebPage\",\"@id\":\"https:\\\/\\\/www.fazendaboqueiraorn.com.br\\\/22a-festa-do-bode-de-mossoro\\\/\",\"url\":\"https:\\\/\\\/www.fazendaboqueiraorn.com.br\\\/22a-festa-do-bode-de-mossoro\\\/\",\"name\":\"22\u00aa Festa do Bode de Mossor\u00f3 - Fazenda Boqueir\u00e3o\",\"isPartOf\":{\"@id\":\"https:\\\/\\\/www.fazendaboqueiraorn.com.br\\\/#website\"},\"primaryImageOfPage\":{\"@id\":\"https:\\\/\\\/www.fazendaboqueiraorn.com.br\\\/22a-festa-do-bode-de-mossoro\\\/#primaryimage\"},\"image\":{\"@id\":\"https:\\\/\\\/www.fazendaboqueiraorn.com.br\\\/22a-festa-do-bode-de-mossoro\\\/#primaryimage\"},\"thumbnailUrl\":\"https:\\\/\\\/i0.wp.com\\\/www.fazendaboqueiraorn.com.br\\\/wp-content\\\/uploads\\\/2022\\\/08\\\/Parque-Armando-Bua-20220811-scaled.jpg?fit=1000%2C986&ssl=1\",\"datePublished\":\"2022-08-10T13:00:00+00:00\",\"description\":\"A tradicional 22\u00aa Festa do Bode, realizada no Parque Armando Bu\u00e1 ocorrer\u00e1 entre os dias 11 e\u00a014 de agosto deste ano.\",\"breadcrumb\":{\"@id\":\"https:\\\/\\\/www.fazendaboqueiraorn.com.br\\\/22a-festa-do-bode-de-mossoro\\\/#breadcrumb\"},\"inLanguage\":\"en-US\",\"potentialAction\":[{\"@type\":\"ReadAction\",\"target\":[\"https:\\\/\\\/www.fazendaboqueiraorn.com.br\\\/22a-festa-do-bode-de-mossoro\\\/\"]}]},{\"@type\":\"ImageObject\",\"inLanguage\":\"en-US\",\"@id\":\"https:\\\/\\\/www.fazendaboqueiraorn.com.br\\\/22a-festa-do-bode-de-mossoro\\\/#primaryimage\",\"url\":\"https:\\\/\\\/i0.wp.com\\\/www.fazendaboqueiraorn.com.br\\\/wp-content\\\/uploads\\\/2022\\\/08\\\/Parque-Armando-Bua-20220811-scaled.jpg?fit=1000%2C986&ssl=1\",\"contentUrl\":\"https:\\\/\\\/i0.wp.com\\\/www.fazendaboqueiraorn.com.br\\\/wp-content\\\/uploads\\\/2022\\\/08\\\/Parque-Armando-Bua-20220811-scaled.jpg?fit=1000%2C986&ssl=1\",\"width\":1000,\"height\":986,\"caption\":\"22\u00aa Festa do Bode\"},{\"@type\":\"BreadcrumbList\",\"@id\":\"https:\\\/\\\/www.fazendaboqueiraorn.com.br\\\/22a-festa-do-bode-de-mossoro\\\/#breadcrumb\",\"itemListElement\":[{\"@type\":\"ListItem\",\"position\":1,\"name\":\"Home\",\"item\":\"https:\\\/\\\/www.fazendaboqueiraorn.com.br\\\/\"},{\"@type\":\"ListItem\",\"position\":2,\"name\":\"22\u00aa Festa do Bode de Mossor\u00f3\"}]},{\"@type\":\"WebSite\",\"@id\":\"https:\\\/\\\/www.fazendaboqueiraorn.com.br\\\/#website\",\"url\":\"https:\\\/\\\/www.fazendaboqueiraorn.com.br\\\/\",\"name\":\"Fazenda Boqueir\u00e3o\",\"description\":\"\",\"publisher\":{\"@id\":\"https:\\\/\\\/www.fazendaboqueiraorn.com.br\\\/#organization\"},\"potentialAction\":[{\"@type\":\"SearchAction\",\"target\":{\"@type\":\"EntryPoint\",\"urlTemplate\":\"https:\\\/\\\/www.fazendaboqueiraorn.com.br\\\/?s={search_term_string}\"},\"query-input\":{\"@type\":\"PropertyValueSpecification\",\"valueRequired\":true,\"valueName\":\"search_term_string\"}}],\"inLanguage\":\"en-US\"},{\"@type\":\"Organization\",\"@id\":\"https:\\\/\\\/www.fazendaboqueiraorn.com.br\\\/#organization\",\"name\":\"Fazenda Boqueir\u00e3o\",\"url\":\"https:\\\/\\\/www.fazendaboqueiraorn.com.br\\\/\",\"logo\":{\"@type\":\"ImageObject\",\"inLanguage\":\"en-US\",\"@id\":\"https:\\\/\\\/www.fazendaboqueiraorn.com.br\\\/#\\\/schema\\\/logo\\\/image\\\/\",\"url\":\"https:\\\/\\\/i0.wp.com\\\/www.fazendaboqueiraorn.com.br\\\/wp-content\\\/uploads\\\/2021\\\/08\\\/logo-fazenda-120x120-1.png?fit=120%2C120&ssl=1\",\"contentUrl\":\"https:\\\/\\\/i0.wp.com\\\/www.fazendaboqueiraorn.com.br\\\/wp-content\\\/uploads\\\/2021\\\/08\\\/logo-fazenda-120x120-1.png?fit=120%2C120&ssl=1\",\"width\":120,\"height\":120,\"caption\":\"Fazenda Boqueir\u00e3o\"},\"image\":{\"@id\":\"https:\\\/\\\/www.fazendaboqueiraorn.com.br\\\/#\\\/schema\\\/logo\\\/image\\\/\"},\"sameAs\":[\"https:\\\/\\\/www.facebook.com\\\/fazboqueirao\",\"https:\\\/\\\/x.com\\\/FazBoqueirao\",\"http:\\\/\\\/instagram.com\\\/fazboqueirao\\\/\",\"https:\\\/\\\/www.linkedin.com\\\/company\\\/fazboqueirao\\\/\",\"https:\\\/\\\/www.youtube.com\\\/channel\\\/UCUA4_8v8HkmMeNUh8c6Ky1Q\"]},{\"@type\":\"Person\",\"@id\":\"https:\\\/\\\/www.fazendaboqueiraorn.com.br\\\/#\\\/schema\\\/person\\\/70484dc96f76e66c6365a9f4a2ebfb02\",\"name\":\"Fazenda Boqueir\u00e3o\",\"image\":{\"@type\":\"ImageObject\",\"inLanguage\":\"en-US\",\"@id\":\"https:\\\/\\\/secure.gravatar.com\\\/avatar\\\/19f19467ae305ded5d913deae2fb6c6f29fe88a0a7f3a4dca5679407289a9efd?s=96&d=mm&r=g\",\"url\":\"https:\\\/\\\/secure.gravatar.com\\\/avatar\\\/19f19467ae305ded5d913deae2fb6c6f29fe88a0a7f3a4dca5679407289a9efd?s=96&d=mm&r=g\",\"contentUrl\":\"https:\\\/\\\/secure.gravatar.com\\\/avatar\\\/19f19467ae305ded5d913deae2fb6c6f29fe88a0a7f3a4dca5679407289a9efd?s=96&d=mm&r=g\",\"caption\":\"Fazenda Boqueir\u00e3o\"},\"url\":\"https:\\\/\\\/www.fazendaboqueiraorn.com.br\\\/en\\\/author\\\/fazenda\\\/\"}]}<\/script>\n<!-- \/ Yoast SEO plugin. -->","yoast_head_json":{"title":"22\u00aa Festa do Bode de Mossor\u00f3 - Fazenda Boqueir\u00e3o","description":"A tradicional 22\u00aa Festa do Bode, realizada no Parque Armando Bu\u00e1 ocorrer\u00e1 entre os dias 11 e\u00a014 de agosto deste ano.","robots":{"index":"index","follow":"follow","max-snippet":"max-snippet:-1","max-image-preview":"max-image-preview:large","max-video-preview":"max-video-preview:-1"},"canonical":"https:\/\/www.fazendaboqueiraorn.com.br\/en\/22a-festa-do-bode-de-mossoro\/","og_locale":"en_US","og_type":"article","og_title":"22\u00aa Festa do Bode de Mossor\u00f3 - Fazenda Boqueir\u00e3o","og_description":"A tradicional 22\u00aa Festa do Bode, realizada no Parque Armando Bu\u00e1 ocorrer\u00e1 entre os dias 11 e\u00a014 de agosto deste ano.","og_url":"https:\/\/www.fazendaboqueiraorn.com.br\/en\/22a-festa-do-bode-de-mossoro\/","og_site_name":"Fazenda Boqueir\u00e3o","article_publisher":"https:\/\/www.facebook.com\/fazboqueirao","article_published_time":"2022-08-10T13:00:00+00:00","og_image":[{"width":1000,"height":986,"url":"https:\/\/www.fazendaboqueiraorn.com.br\/wp-content\/uploads\/2022\/08\/Parque-Armando-Bua-20220811-scaled.jpg","type":"image\/jpeg"}],"author":"Fazenda Boqueir\u00e3o","twitter_card":"summary_large_image","twitter_creator":"@FazBoqueirao","twitter_site":"@FazBoqueirao","twitter_misc":{"Written by":"Fazenda Boqueir\u00e3o","Est. reading time":"3 minutes"},"schema":{"@context":"https:\/\/schema.org","@graph":[{"@type":"Article","@id":"https:\/\/www.fazendaboqueiraorn.com.br\/22a-festa-do-bode-de-mossoro\/#article","isPartOf":{"@id":"https:\/\/www.fazendaboqueiraorn.com.br\/22a-festa-do-bode-de-mossoro\/"},"author":{"name":"Fazenda Boqueir\u00e3o","@id":"https:\/\/www.fazendaboqueiraorn.com.br\/#\/schema\/person\/70484dc96f76e66c6365a9f4a2ebfb02"},"headline":"22\u00aa Festa do Bode de Mossor\u00f3","datePublished":"2022-08-10T13:00:00+00:00","mainEntityOfPage":{"@id":"https:\/\/www.fazendaboqueiraorn.com.br\/22a-festa-do-bode-de-mossoro\/"},"wordCount":412,"commentCount":0,"publisher":{"@id":"https:\/\/www.fazendaboqueiraorn.com.br\/#organization"},"image":{"@id":"https:\/\/www.fazendaboqueiraorn.com.br\/22a-festa-do-bode-de-mossoro\/#primaryimage"},"thumbnailUrl":"https:\/\/i0.wp.com\/www.fazendaboqueiraorn.com.br\/wp-content\/uploads\/2022\/08\/Parque-Armando-Bua-20220811-scaled.jpg?fit=1000%2C986&ssl=1","keywords":["2022","Agricultura","evento","Festa do Bode","Festival","Mossor\u00f3","Parque de Exposi\u00e7\u00e3o Armando Bu\u00e1","Rio Grande do Norte"],"articleSection":["Eventos"],"inLanguage":"en-US","potentialAction":[{"@type":"CommentAction","name":"Comment","target":["https:\/\/www.fazendaboqueiraorn.com.br\/22a-festa-do-bode-de-mossoro\/#respond"]}]},{"@type":"WebPage","@id":"https:\/\/www.fazendaboqueiraorn.com.br\/22a-festa-do-bode-de-mossoro\/","url":"https:\/\/www.fazendaboqueiraorn.com.br\/22a-festa-do-bode-de-mossoro\/","name":"22\u00aa Festa do Bode de Mossor\u00f3 - Fazenda Boqueir\u00e3o","isPartOf":{"@id":"https:\/\/www.fazendaboqueiraorn.com.br\/#website"},"primaryImageOfPage":{"@id":"https:\/\/www.fazendaboqueiraorn.com.br\/22a-festa-do-bode-de-mossoro\/#primaryimage"},"image":{"@id":"https:\/\/www.fazendaboqueiraorn.com.br\/22a-festa-do-bode-de-mossoro\/#primaryimage"},"thumbnailUrl":"https:\/\/i0.wp.com\/www.fazendaboqueiraorn.com.br\/wp-content\/uploads\/2022\/08\/Parque-Armando-Bua-20220811-scaled.jpg?fit=1000%2C986&ssl=1","datePublished":"2022-08-10T13:00:00+00:00","description":"A tradicional 22\u00aa Festa do Bode, realizada no Parque Armando Bu\u00e1 ocorrer\u00e1 entre os dias 11 e\u00a014 de agosto deste ano.","breadcrumb":{"@id":"https:\/\/www.fazendaboqueiraorn.com.br\/22a-festa-do-bode-de-mossoro\/#breadcrumb"},"inLanguage":"en-US","potentialAction":[{"@type":"ReadAction","target":["https:\/\/www.fazendaboqueiraorn.com.br\/22a-festa-do-bode-de-mossoro\/"]}]},{"@type":"ImageObject","inLanguage":"en-US","@id":"https:\/\/www.fazendaboqueiraorn.com.br\/22a-festa-do-bode-de-mossoro\/#primaryimage","url":"https:\/\/i0.wp.com\/www.fazendaboqueiraorn.com.br\/wp-content\/uploads\/2022\/08\/Parque-Armando-Bua-20220811-scaled.jpg?fit=1000%2C986&ssl=1","contentUrl":"https:\/\/i0.wp.com\/www.fazendaboqueiraorn.com.br\/wp-content\/uploads\/2022\/08\/Parque-Armando-Bua-20220811-scaled.jpg?fit=1000%2C986&ssl=1","width":1000,"height":986,"caption":"22\u00aa Festa do Bode"},{"@type":"BreadcrumbList","@id":"https:\/\/www.fazendaboqueiraorn.com.br\/22a-festa-do-bode-de-mossoro\/#breadcrumb","itemListElement":[{"@type":"ListItem","position":1,"name":"Home","item":"https:\/\/www.fazendaboqueiraorn.com.br\/"},{"@type":"ListItem","position":2,"name":"22\u00aa Festa do Bode de Mossor\u00f3"}]},{"@type":"WebSite","@id":"https:\/\/www.fazendaboqueiraorn.com.br\/#website","url":"https:\/\/www.fazendaboqueiraorn.com.br\/","name":"Fazenda Boqueir\u00e3o","description":"","publisher":{"@id":"https:\/\/www.fazendaboqueiraorn.com.br\/#organization"},"potentialAction":[{"@type":"SearchAction","target":{"@type":"EntryPoint","urlTemplate":"https:\/\/www.fazendaboqueiraorn.com.br\/?s={search_term_string}"},"query-input":{"@type":"PropertyValueSpecification","valueRequired":true,"valueName":"search_term_string"}}],"inLanguage":"en-US"},{"@type":"Organization","@id":"https:\/\/www.fazendaboqueiraorn.com.br\/#organization","name":"Fazenda Boqueir\u00e3o","url":"https:\/\/www.fazendaboqueiraorn.com.br\/","logo":{"@type":"ImageObject","inLanguage":"en-US","@id":"https:\/\/www.fazendaboqueiraorn.com.br\/#\/schema\/logo\/image\/","url":"https:\/\/i0.wp.com\/www.fazendaboqueiraorn.com.br\/wp-content\/uploads\/2021\/08\/logo-fazenda-120x120-1.png?fit=120%2C120&ssl=1","contentUrl":"https:\/\/i0.wp.com\/www.fazendaboqueiraorn.com.br\/wp-content\/uploads\/2021\/08\/logo-fazenda-120x120-1.png?fit=120%2C120&ssl=1","width":120,"height":120,"caption":"Fazenda Boqueir\u00e3o"},"image":{"@id":"https:\/\/www.fazendaboqueiraorn.com.br\/#\/schema\/logo\/image\/"},"sameAs":["https:\/\/www.facebook.com\/fazboqueirao","https:\/\/x.com\/FazBoqueirao","http:\/\/instagram.com\/fazboqueirao\/","https:\/\/www.linkedin.com\/company\/fazboqueirao\/","https:\/\/www.youtube.com\/channel\/UCUA4_8v8HkmMeNUh8c6Ky1Q"]},{"@type":"Person","@id":"https:\/\/www.fazendaboqueiraorn.com.br\/#\/schema\/person\/70484dc96f76e66c6365a9f4a2ebfb02","name":"Fazenda Boqueir\u00e3o","image":{"@type":"ImageObject","inLanguage":"en-US","@id":"https:\/\/secure.gravatar.com\/avatar\/19f19467ae305ded5d913deae2fb6c6f29fe88a0a7f3a4dca5679407289a9efd?s=96&d=mm&r=g","url":"https:\/\/secure.gravatar.com\/avatar\/19f19467ae305ded5d913deae2fb6c6f29fe88a0a7f3a4dca5679407289a9efd?s=96&d=mm&r=g","contentUrl":"https:\/\/secure.gravatar.com\/avatar\/19f19467ae305ded5d913deae2fb6c6f29fe88a0a7f3a4dca5679407289a9efd?s=96&d=mm&r=g","caption":"Fazenda Boqueir\u00e3o"},"url":"https:\/\/www.fazendaboqueiraorn.com.br\/en\/author\/fazenda\/"}]}},"jetpack_publicize_connections":[],"uagb_featured_image_src":{"full":["https:\/\/i0.wp.com\/www.fazendaboqueiraorn.com.br\/wp-content\/uploads\/2022\/08\/Parque-Armando-Bua-20220811-scaled.jpg?fit=1000%2C986&ssl=1",1000,986,false],"thumbnail":["https:\/\/i0.wp.com\/www.fazendaboqueiraorn.com.br\/wp-content\/uploads\/2022\/08\/Parque-Armando-Bua-20220811-scaled.jpg?resize=150%2C150&ssl=1",150,150,true],"medium":["https:\/\/i0.wp.com\/www.fazendaboqueiraorn.com.br\/wp-content\/uploads\/2022\/08\/Parque-Armando-Bua-20220811-scaled.jpg?fit=300%2C296&ssl=1",300,296,true],"medium_large":["https:\/\/i0.wp.com\/www.fazendaboqueiraorn.com.br\/wp-content\/uploads\/2022\/08\/Parque-Armando-Bua-20220811-scaled.jpg?fit=768%2C757&ssl=1",768,757,true],"large":["https:\/\/i0.wp.com\/www.fazendaboqueiraorn.com.br\/wp-content\/uploads\/2022\/08\/Parque-Armando-Bua-20220811-scaled.jpg?fit=1024%2C1010&ssl=1",1024,1010,true],"1536x1536":["https:\/\/i0.wp.com\/www.fazendaboqueiraorn.com.br\/wp-content\/uploads\/2022\/08\/Parque-Armando-Bua-20220811-scaled.jpg?fit=1000%2C986&ssl=1",1000,986,true],"2048x2048":["https:\/\/i0.wp.com\/www.fazendaboqueiraorn.com.br\/wp-content\/uploads\/2022\/08\/Parque-Armando-Bua-20220811-scaled.jpg?fit=1000%2C986&ssl=1",1000,986,true],"trp-custom-language-flag":["https:\/\/i0.wp.com\/www.fazendaboqueiraorn.com.br\/wp-content\/uploads\/2022\/08\/Parque-Armando-Bua-20220811-scaled.jpg?fit=12%2C12&ssl=1",12,12,true],"ultp_layout_landscape_large":["https:\/\/i0.wp.com\/www.fazendaboqueiraorn.com.br\/wp-content\/uploads\/2022\/08\/Parque-Armando-Bua-20220811-scaled.jpg?resize=1000%2C800&ssl=1",1000,800,true],"ultp_layout_landscape":["https:\/\/i0.wp.com\/www.fazendaboqueiraorn.com.br\/wp-content\/uploads\/2022\/08\/Parque-Armando-Bua-20220811-scaled.jpg?resize=870%2C570&ssl=1",870,570,true],"ultp_layout_portrait":["https:\/\/i0.wp.com\/www.fazendaboqueiraorn.com.br\/wp-content\/uploads\/2022\/08\/Parque-Armando-Bua-20220811-scaled.jpg?resize=600%2C900&ssl=1",600,900,true],"ultp_layout_square":["https:\/\/i0.wp.com\/www.fazendaboqueiraorn.com.br\/wp-content\/uploads\/2022\/08\/Parque-Armando-Bua-20220811-scaled.jpg?resize=600%2C600&ssl=1",600,600,true],"woocommerce_thumbnail":["https:\/\/www.fazendaboqueiraorn.com.br\/wp-content\/uploads\/2022\/08\/Parque-Armando-Bua-20220811-scaled-300x300.jpg",300,300,true],"woocommerce_single":["https:\/\/www.fazendaboqueiraorn.com.br\/wp-content\/uploads\/2022\/08\/Parque-Armando-Bua-20220811-scaled.jpg",600,592,false],"woocommerce_gallery_thumbnail":["https:\/\/www.fazendaboqueiraorn.com.br\/wp-content\/uploads\/2022\/08\/Parque-Armando-Bua-20220811-scaled-100x100.jpg",100,100,true],"web-stories-poster-portrait":["https:\/\/www.fazendaboqueiraorn.com.br\/wp-content\/uploads\/2022\/08\/Parque-Armando-Bua-20220811-scaled.jpg",640,631,false],"web-stories-publisher-logo":["https:\/\/www.fazendaboqueiraorn.com.br\/wp-content\/uploads\/2022\/08\/Parque-Armando-Bua-20220811-scaled.jpg",96,96,false],"web-stories-thumbnail":["https:\/\/www.fazendaboqueiraorn.com.br\/wp-content\/uploads\/2022\/08\/Parque-Armando-Bua-20220811-scaled.jpg",150,148,false]},"uagb_author_info":{"display_name":"Fazenda Boqueir\u00e3o","author_link":"https:\/\/www.fazendaboqueiraorn.com.br\/en\/author\/fazenda\/"},"uagb_comment_info":0,"uagb_excerpt":"A tradicional 22\u00aa Festa do Bode, realizada no Parque Armando Bu\u00e1 ocorrer\u00e1 entre os dias 11 e\u00a014 de agosto deste ano.","jetpack_featured_media_url":"https:\/\/i0.wp.com\/www.fazendaboqueiraorn.com.br\/wp-content\/uploads\/2022\/08\/Parque-Armando-Bua-20220811-scaled.jpg?fit=1000%2C986&ssl=1","jetpack_sharing_enabled":true,"jetpack_likes_enabled":true,"_links":{"self":[{"href":"https:\/\/www.fazendaboqueiraorn.com.br\/en\/wp-json\/wp\/v2\/posts\/2629","targetHints":{"allow":["GET"]}}],"collection":[{"href":"https:\/\/www.fazendaboqueiraorn.com.br\/en\/wp-json\/wp\/v2\/posts"}],"about":[{"href":"https:\/\/www.fazendaboqueiraorn.com.br\/en\/wp-json\/wp\/v2\/types\/post"}],"author":[{"embeddable":true,"href":"https:\/\/www.fazendaboqueiraorn.com.br\/en\/wp-json\/wp\/v2\/users\/2"}],"replies":[{"embeddable":true,"href":"https:\/\/www.fazendaboqueiraorn.com.br\/en\/wp-json\/wp\/v2\/comments?post=2629"}],"version-history":[{"count":6,"href":"https:\/\/www.fazendaboqueiraorn.com.br\/en\/wp-json\/wp\/v2\/posts\/2629\/revisions"}],"predecessor-version":[{"id":2638,"href":"https:\/\/www.fazendaboqueiraorn.com.br\/en\/wp-json\/wp\/v2\/posts\/2629\/revisions\/2638"}],"wp:featuredmedia":[{"embeddable":true,"href":"https:\/\/www.fazendaboqueiraorn.com.br\/en\/wp-json\/wp\/v2\/media\/2631"}],"wp:attachment":[{"href":"https:\/\/www.fazendaboqueiraorn.com.br\/en\/wp-json\/wp\/v2\/media?parent=2629"}],"wp:term":[{"taxonomy":"category","embeddable":true,"href":"https:\/\/www.fazendaboqueiraorn.com.br\/en\/wp-json\/wp\/v2\/categories?post=2629"},{"taxonomy":"post_tag","embeddable":true,"href":"https:\/\/www.fazendaboqueiraorn.com.br\/en\/wp-json\/wp\/v2\/tags?post=2629"}],"curies":[{"name":"wp","href":"https:\/\/api.w.org\/{rel}","templated":true}]}}