{"id":2003,"date":"2022-06-29T11:00:00","date_gmt":"2022-06-29T14:00:00","guid":{"rendered":"https:\/\/www.fazendaboqueiraorn.com.br\/?p=2003"},"modified":"2022-06-29T08:53:48","modified_gmt":"2022-06-29T11:53:48","slug":"protecao-de-biomas-via-areas-privadas","status":"publish","type":"post","link":"https:\/\/www.fazendaboqueiraorn.com.br\/en\/protecao-de-biomas-via-areas-privadas\/","title":{"rendered":"Prote\u00e7\u00e3o de biomas via \u00e1reas privadas"},"content":{"rendered":"<figure class=\"wp-block-image aligncenter size-full\"><img data-recalc-dims=\"1\" decoding=\"async\" width=\"640\" height=\"424\" loading=\"lazy\" src=\"https:\/\/i0.wp.com\/www.fazendaboqueiraorn.com.br\/wp-content\/uploads\/2022\/06\/biomas.jpg?resize=640%2C424&#038;ssl=1\" alt=\"\" class=\"wp-image-2122\" srcset=\"https:\/\/i0.wp.com\/www.fazendaboqueiraorn.com.br\/wp-content\/uploads\/2022\/06\/biomas.jpg?w=640&amp;ssl=1 640w, https:\/\/i0.wp.com\/www.fazendaboqueiraorn.com.br\/wp-content\/uploads\/2022\/06\/biomas.jpg?resize=600%2C398&amp;ssl=1 600w, https:\/\/i0.wp.com\/www.fazendaboqueiraorn.com.br\/wp-content\/uploads\/2022\/06\/biomas.jpg?resize=300%2C199&amp;ssl=1 300w, https:\/\/i0.wp.com\/www.fazendaboqueiraorn.com.br\/wp-content\/uploads\/2022\/06\/biomas.jpg?resize=18%2C12&amp;ssl=1 18w\" sizes=\"auto, (max-width: 640px) 100vw, 640px\" \/><\/figure>\n\n\n\n<p>Pesquisas mostram que \u00e1reas protegidas privadas ajudam a conservar biomas sub-representados e regi\u00f5es altamente amea\u00e7adas.<\/p>\n\n\n\n<p>Uma \u00e1rea protegida privada (APP) \u00e9 uma por\u00e7\u00e3o de terra gerida privadamente reservada para preservar a biodiversidade e os ecossistemas. As APPs podem ser estabelecidas por v\u00e1rias entidades diferentes, como indiv\u00edduos, grupos comunit\u00e1rios, corpora\u00e7\u00f5es ou ONGs \u2013 isso \u00e9 diferente da maioria das \u00e1reas protegidas (APs) padr\u00e3o que s\u00e3o gerenciadas e mantidas por entidades estaduais e governamentais.<\/p>\n\n\n\n<p>As APPs est\u00e3o aumentando em n\u00famero e extens\u00e3o, mas at\u00e9 agora muito pouco se sabia sobre a escala de sua contribui\u00e7\u00e3o para a conserva\u00e7\u00e3o .<\/p>\n\n\n\n<p>Agora, pesquisadores das Universidades de Leeds e Manchester avaliaram 17.561 \u00e1reas protegidas privadas em 15 pa\u00edses em cinco continentes.<\/p>\n\n\n\n<p>Suas descobertas, publicadas na Nature Ecology and Evolution, revelam que, em compara\u00e7\u00e3o com as \u00e1reas protegidas estaduais, as APPs t\u00eam duas vezes mais chances de estar em \u00e1reas com maior perturba\u00e7\u00e3o humana, como regi\u00f5es usadas para agricultura e minera\u00e7\u00e3o. Eles s\u00e3o tr\u00eas vezes mais propensos a estar em biomas com quase nenhuma reserva de conserva\u00e7\u00e3o estabelecida e protegem 1,2% das principais \u00e1reas de biodiversidade.<\/p>\n\n\n\n<p>De acordo com o estudo, o maior at\u00e9 o momento, as APPs representam 3,4% das terras sob prote\u00e7\u00e3o. As APPs tamb\u00e9m aumentam a conectividade entre \u00e1reas conservadas em mais de 7%. A conectividade \u00e9 extremamente importante, pois ajuda a evitar gargalos gen\u00e9ticos, permitindo uma dispers\u00e3o mais f\u00e1cil de sementes e migra\u00e7\u00e3o de animais.<\/p>\n\n\n\n<p>A autora principal Rachel Palfrey, Ph.D. pesquisador da Escola de Terra e Meio Ambiente de Leeds, disse: \u201cNosso estudo mostra que as \u00e1reas protegidas privadas podem fazer contribui\u00e7\u00f5es \u00fanicas e muito reais para a propriedade de conserva\u00e7\u00e3o. Elas merecem mais aten\u00e7\u00e3o, reconhecimento e recursos para um melhor projeto e implementa\u00e7\u00e3o.<\/p>\n\n\n\n<p>\u201cAo reconhecer seu papel nos esfor\u00e7os de conserva\u00e7\u00e3o, mais pode ser feito para coordenar o estabelecimento de \u00e1reas de prote\u00e7\u00e3o privada e maximizar seus benef\u00edcios.<\/p>\n\n\n\n<p>\u201cAs \u00e1reas protegidas governadas pelo Estado dominam as estrat\u00e9gias de conserva\u00e7\u00e3o na maioria dos pa\u00edses, mas a a\u00e7\u00e3o do governo por si s\u00f3 ser\u00e1 insuficiente para atingir as metas globais de conserva\u00e7\u00e3o e ajudar a proteger contra a perda devastadora da biodiversidade \u201d.<\/p>\n\n\n\n<p>Os cientistas alertaram que as atividades humanas est\u00e3o levando a uma extin\u00e7\u00e3o em massa da vida no planeta e a perda generalizada de biodiversidade pode levar ao colapso do ecossistema global.<\/p>\n\n\n\n<p>Os esfor\u00e7os de conserva\u00e7\u00e3o ser\u00e3o um t\u00f3pico-chave na pr\u00f3xima Confer\u00eancia de biodiversidade da ONU em maio de 2022. Muitas vezes referida como a \u201cCOP da Biodiversidade\u201d, a confer\u00eancia ver\u00e1 a ado\u00e7\u00e3o da estrutura global de biodiversidade p\u00f3s-2020. A estrutura fornece uma vis\u00e3o estrat\u00e9gica e um roteiro global para a conserva\u00e7\u00e3o, prote\u00e7\u00e3o, restaura\u00e7\u00e3o e gest\u00e3o sustent\u00e1vel da biodiversidade e dos ecossistemas para a pr\u00f3xima d\u00e9cada.<\/p>\n\n\n\n<p>O estudo ajuda a entender melhor como as APPs podem nos ajudar a desenvolver uma rede mais forte de \u00e1reas protegidas.<\/p>\n\n\n\n<p>Dr. Johan Oldekop, Professor S\u00eanior em Meio Ambiente e Desenvolvimento do Instituto de Desenvolvimento Global em Manchester, disse: \u201cA atual rede global de \u00e1reas protegidas sub-representa esp\u00e9cies e ecossistemas importantes. Falta conectividade e n\u00e3o protege adequadamente \u00e1reas de alta import\u00e2ncia para a vida selvagem e biodiversidade .<\/p>\n\n\n\n<p>\u201cAs \u00e1reas protegidas privadas n\u00e3o s\u00e3o a bala de prata para os esfor\u00e7os de conserva\u00e7\u00e3o , mas s\u00e3o claramente uma parte importante do cen\u00e1rio.<\/p>\n\n\n\n<p>\u201cEste estudo destaca a import\u00e2ncia de usar todos os recursos e interesses dispon\u00edveis para estabelecer por\u00e7\u00f5es de terra protegidas de import\u00e2ncia vital. Maior apoio legislativo, t\u00e9cnico e financeiro para \u00e1reas protegidas privadas pode ajudar a facilitar seu estabelecimento e tamb\u00e9m fortalecer os marcos legais para outras formas de conserva\u00e7\u00e3o, incluindo reservas ind\u00edgenas e \u00e1reas de conserva\u00e7\u00e3o comunit\u00e1rias\u201d.<\/p>\n\n\n\n<p>Em 2021, uma coaliz\u00e3o de mais de 50 pa\u00edses se comprometeu a proteger quase um ter\u00e7o do planeta at\u00e9 2030, em um esfor\u00e7o para retardar a extin\u00e7\u00e3o da vida selvagem.<\/p>\n\n\n\n<p>Atualmente, as \u00e1reas protegidas terrestres cobrem aproximadamente 16% da massa terrestre do mundo. No entanto, o estudo alerta que essas UCs \u200b\u200bs\u00e3o criadas desproporcionalmente em \u00e1reas mais altas e \u00edngremes, com menor potencial agr\u00edcola e econ\u00f4mico. Ele adverte que, no ritmo atual de estabelecimento de APs, \u00e9 improv\u00e1vel que as metas de conserva\u00e7\u00e3o sejam alcan\u00e7adas.<\/p>\n\n\n\n<p>Os autores enfatizam a necessidade de mais pesquisas sobre as contribui\u00e7\u00f5es espaciais de \u00e1reas protegidas privadas em todo o mundo para ajudar a apoiar sua inclus\u00e3o nas estrat\u00e9gias nacionais de conserva\u00e7\u00e3o.<\/p>\n\n\n\n<p>Dr. George Holmes, professor associado de conserva\u00e7\u00e3o e sociedade em Leeds, disse: \u201cMais pesquisas s\u00e3o necess\u00e1rias para examinar os fatores subjacentes e as estruturas de governan\u00e7a que influenciam as escolhas da paisagem de \u00e1reas protegidas privadas.<\/p>\n\n\n\n<p>\u201cAn\u00e1lises futuras devem incluir esfor\u00e7os para entender melhor o papel de diferentes partes interessadas, como propriet\u00e1rios de terras e trusts de terras, e suas motiva\u00e7\u00f5es para o estabelecimento de \u00e1reas protegidas privadas, bem como avalia\u00e7\u00f5es de pol\u00edticas e incentivos nacionais que apoiem \u00e1reas protegidas privadas\u201d.<\/p>\n\n\n\n<p>O artigo \u201cAs \u00e1reas protegidas privadas contribuem para a cobertura global de \u00e1reas protegidas e aumentam a conectividade da rede PA\u201d foi publicado na Nature Ecology and Evolution em 7 de abril de 2022.<\/p>\n\n\n\n<p><strong>Mais informa\u00e7\u00f5es:<\/strong>\u00a0<em>Rachel Palfrey, Private protected areas contribute to global protected area coverage and increase PA network connectivity,\u00a0<em>Nature Ecology &amp; Evolution<\/em>\u00a0(2022).\u00a0<strong><a href=\"https:\/\/dx.doi.org\/10.1038\/s41559-022-01715-0\" target=\"_blank\" rel=\"noreferrer noopener nofollow\">DOI: 10.1038\/s41559-022-01715-0<\/a>.\u00a0<a href=\"https:\/\/www.nature.com\/articles\/s41559-022-01715-0\" target=\"_blank\" rel=\"noreferrer noopener nofollow\">www.nature.com\/articles\/s41559-022-01715-0<\/a><\/strong><\/em><\/p>","protected":false},"excerpt":{"rendered":"<p>Pesquisas mostram que \u00e1reas protegidas privadas ajudam a conservar biomas sub-representados e regi\u00f5es altamente amea\u00e7adas.<\/p>","protected":false},"author":2,"featured_media":2122,"comment_status":"open","ping_status":"open","sticky":false,"template":"","format":"standard","meta":{"nf_dc_page":"","_uag_custom_page_level_css":"","site-sidebar-layout":"default","site-content-layout":"","ast-site-content-layout":"default","site-content-style":"default","site-sidebar-style":"default","ast-global-header-display":"","ast-banner-title-visibility":"","ast-main-header-display":"","ast-hfb-above-header-display":"","ast-hfb-below-header-display":"","ast-hfb-mobile-header-display":"","site-post-title":"","ast-breadcrumbs-content":"","ast-featured-img":"","footer-sml-layout":"","ast-disable-related-posts":"","theme-transparent-header-meta":"","adv-header-id-meta":"","stick-header-meta":"","header-above-stick-meta":"","header-main-stick-meta":"","header-below-stick-meta":"","astra-migrate-meta-layouts":"default","ast-page-background-enabled":"default","ast-page-background-meta":{"desktop":{"background-color":"var(--ast-global-color-4)","background-image":"","background-repeat":"repeat","background-position":"center center","background-size":"auto","background-attachment":"scroll","background-type":"","background-media":"","overlay-type":"","overlay-color":"","overlay-opacity":"","overlay-gradient":""},"tablet":{"background-color":"","background-image":"","background-repeat":"repeat","background-position":"center center","background-size":"auto","background-attachment":"scroll","background-type":"","background-media":"","overlay-type":"","overlay-color":"","overlay-opacity":"","overlay-gradient":""},"mobile":{"background-color":"","background-image":"","background-repeat":"repeat","background-position":"center center","background-size":"auto","background-attachment":"scroll","background-type":"","background-media":"","overlay-type":"","overlay-color":"","overlay-opacity":"","overlay-gradient":""}},"ast-content-background-meta":{"desktop":{"background-color":"var(--ast-global-color-5)","background-image":"","background-repeat":"repeat","background-position":"center center","background-size":"auto","background-attachment":"scroll","background-type":"","background-media":"","overlay-type":"","overlay-color":"","overlay-opacity":"","overlay-gradient":""},"tablet":{"background-color":"var(--ast-global-color-5)","background-image":"","background-repeat":"repeat","background-position":"center center","background-size":"auto","background-attachment":"scroll","background-type":"","background-media":"","overlay-type":"","overlay-color":"","overlay-opacity":"","overlay-gradient":""},"mobile":{"background-color":"var(--ast-global-color-5)","background-image":"","background-repeat":"repeat","background-position":"center center","background-size":"auto","background-attachment":"scroll","background-type":"","background-media":"","overlay-type":"","overlay-color":"","overlay-opacity":"","overlay-gradient":""}},"jetpack_post_was_ever_published":false,"_jetpack_newsletter_access":"","_jetpack_dont_email_post_to_subs":false,"_jetpack_newsletter_tier_id":0,"_jetpack_memberships_contains_paywalled_content":false,"_jetpack_memberships_contains_paid_content":false,"footnotes":"","jetpack_publicize_message":"","jetpack_publicize_feature_enabled":true,"jetpack_social_post_already_shared":true,"jetpack_social_options":{"image_generator_settings":{"template":"highway","default_image_id":0,"font":"","enabled":false},"version":2}},"categories":[1],"tags":[21,6,423,422,100,91,57,424],"class_list":["post-2003","post","type-post","status-publish","format-standard","has-post-thumbnail","hentry","category-noticia","tag-21","tag-agricultura","tag-area-protegida-privada","tag-bioma","tag-gestao","tag-governo","tag-pesquisador","tag-rachel-palfrey"],"yoast_head":"<!-- This site is optimized with the Yoast SEO plugin v27.5 - https:\/\/yoast.com\/product\/yoast-seo-wordpress\/ -->\n<title>Prote\u00e7\u00e3o de biomas via \u00e1reas privadas - Fazenda Boqueir\u00e3o<\/title>\n<meta name=\"description\" content=\"Pesquisas mostram que \u00e1reas protegidas privadas ajudam a conservar biomas sub-representados e regi\u00f5es altamente amea\u00e7adas.\" \/>\n<meta name=\"robots\" content=\"index, follow, max-snippet:-1, max-image-preview:large, max-video-preview:-1\" \/>\n<link rel=\"canonical\" href=\"https:\/\/www.fazendaboqueiraorn.com.br\/en\/protecao-de-biomas-via-areas-privadas\/\" \/>\n<meta property=\"og:locale\" content=\"en_US\" \/>\n<meta property=\"og:type\" content=\"article\" \/>\n<meta property=\"og:title\" content=\"Prote\u00e7\u00e3o de biomas via \u00e1reas privadas - Fazenda Boqueir\u00e3o\" \/>\n<meta property=\"og:description\" content=\"Pesquisas mostram que \u00e1reas protegidas privadas ajudam a conservar biomas sub-representados e regi\u00f5es altamente amea\u00e7adas.\" \/>\n<meta property=\"og:url\" content=\"https:\/\/www.fazendaboqueiraorn.com.br\/en\/protecao-de-biomas-via-areas-privadas\/\" \/>\n<meta property=\"og:site_name\" content=\"Fazenda Boqueir\u00e3o\" \/>\n<meta property=\"article:publisher\" content=\"https:\/\/www.facebook.com\/fazboqueirao\" \/>\n<meta property=\"article:published_time\" content=\"2022-06-29T14:00:00+00:00\" \/>\n<meta property=\"og:image\" content=\"https:\/\/www.fazendaboqueiraorn.com.br\/wp-content\/uploads\/2022\/06\/biomas.jpg\" \/>\n\t<meta property=\"og:image:width\" content=\"640\" \/>\n\t<meta property=\"og:image:height\" content=\"424\" \/>\n\t<meta property=\"og:image:type\" content=\"image\/jpeg\" \/>\n<meta name=\"author\" content=\"Fazenda Boqueir\u00e3o\" \/>\n<meta name=\"twitter:card\" content=\"summary_large_image\" \/>\n<meta name=\"twitter:creator\" content=\"@FazBoqueirao\" \/>\n<meta name=\"twitter:site\" content=\"@FazBoqueirao\" \/>\n<meta name=\"twitter:label1\" content=\"Written by\" \/>\n\t<meta name=\"twitter:data1\" content=\"Fazenda Boqueir\u00e3o\" \/>\n\t<meta name=\"twitter:label2\" content=\"Est. reading time\" \/>\n\t<meta name=\"twitter:data2\" content=\"5 minutes\" \/>\n<script type=\"application\/ld+json\" class=\"yoast-schema-graph\">{\"@context\":\"https:\\\/\\\/schema.org\",\"@graph\":[{\"@type\":\"Article\",\"@id\":\"https:\\\/\\\/www.fazendaboqueiraorn.com.br\\\/protecao-de-biomas-via-areas-privadas\\\/#article\",\"isPartOf\":{\"@id\":\"https:\\\/\\\/www.fazendaboqueiraorn.com.br\\\/protecao-de-biomas-via-areas-privadas\\\/\"},\"author\":{\"name\":\"Fazenda Boqueir\u00e3o\",\"@id\":\"https:\\\/\\\/www.fazendaboqueiraorn.com.br\\\/#\\\/schema\\\/person\\\/70484dc96f76e66c6365a9f4a2ebfb02\"},\"headline\":\"Prote\u00e7\u00e3o de biomas via \u00e1reas privadas\",\"datePublished\":\"2022-06-29T14:00:00+00:00\",\"mainEntityOfPage\":{\"@id\":\"https:\\\/\\\/www.fazendaboqueiraorn.com.br\\\/protecao-de-biomas-via-areas-privadas\\\/\"},\"wordCount\":956,\"commentCount\":0,\"publisher\":{\"@id\":\"https:\\\/\\\/www.fazendaboqueiraorn.com.br\\\/#organization\"},\"image\":{\"@id\":\"https:\\\/\\\/www.fazendaboqueiraorn.com.br\\\/protecao-de-biomas-via-areas-privadas\\\/#primaryimage\"},\"thumbnailUrl\":\"https:\\\/\\\/i0.wp.com\\\/www.fazendaboqueiraorn.com.br\\\/wp-content\\\/uploads\\\/2022\\\/06\\\/biomas.jpg?fit=640%2C424&ssl=1\",\"keywords\":[\"2022\",\"Agricultura\",\"\u00e1rea protegida privada\",\"bioma\",\"gest\u00e3o\",\"governo\",\"pesquisador\",\"Rachel Palfrey\"],\"articleSection\":[\"Not\u00edcias\"],\"inLanguage\":\"en-US\",\"potentialAction\":[{\"@type\":\"CommentAction\",\"name\":\"Comment\",\"target\":[\"https:\\\/\\\/www.fazendaboqueiraorn.com.br\\\/protecao-de-biomas-via-areas-privadas\\\/#respond\"]}]},{\"@type\":\"WebPage\",\"@id\":\"https:\\\/\\\/www.fazendaboqueiraorn.com.br\\\/protecao-de-biomas-via-areas-privadas\\\/\",\"url\":\"https:\\\/\\\/www.fazendaboqueiraorn.com.br\\\/protecao-de-biomas-via-areas-privadas\\\/\",\"name\":\"Prote\u00e7\u00e3o de biomas via \u00e1reas privadas - Fazenda Boqueir\u00e3o\",\"isPartOf\":{\"@id\":\"https:\\\/\\\/www.fazendaboqueiraorn.com.br\\\/#website\"},\"primaryImageOfPage\":{\"@id\":\"https:\\\/\\\/www.fazendaboqueiraorn.com.br\\\/protecao-de-biomas-via-areas-privadas\\\/#primaryimage\"},\"image\":{\"@id\":\"https:\\\/\\\/www.fazendaboqueiraorn.com.br\\\/protecao-de-biomas-via-areas-privadas\\\/#primaryimage\"},\"thumbnailUrl\":\"https:\\\/\\\/i0.wp.com\\\/www.fazendaboqueiraorn.com.br\\\/wp-content\\\/uploads\\\/2022\\\/06\\\/biomas.jpg?fit=640%2C424&ssl=1\",\"datePublished\":\"2022-06-29T14:00:00+00:00\",\"description\":\"Pesquisas mostram que \u00e1reas protegidas privadas ajudam a conservar biomas sub-representados e regi\u00f5es altamente amea\u00e7adas.\",\"breadcrumb\":{\"@id\":\"https:\\\/\\\/www.fazendaboqueiraorn.com.br\\\/protecao-de-biomas-via-areas-privadas\\\/#breadcrumb\"},\"inLanguage\":\"en-US\",\"potentialAction\":[{\"@type\":\"ReadAction\",\"target\":[\"https:\\\/\\\/www.fazendaboqueiraorn.com.br\\\/protecao-de-biomas-via-areas-privadas\\\/\"]}]},{\"@type\":\"ImageObject\",\"inLanguage\":\"en-US\",\"@id\":\"https:\\\/\\\/www.fazendaboqueiraorn.com.br\\\/protecao-de-biomas-via-areas-privadas\\\/#primaryimage\",\"url\":\"https:\\\/\\\/i0.wp.com\\\/www.fazendaboqueiraorn.com.br\\\/wp-content\\\/uploads\\\/2022\\\/06\\\/biomas.jpg?fit=640%2C424&ssl=1\",\"contentUrl\":\"https:\\\/\\\/i0.wp.com\\\/www.fazendaboqueiraorn.com.br\\\/wp-content\\\/uploads\\\/2022\\\/06\\\/biomas.jpg?fit=640%2C424&ssl=1\",\"width\":640,\"height\":424,\"caption\":\"biomas\"},{\"@type\":\"BreadcrumbList\",\"@id\":\"https:\\\/\\\/www.fazendaboqueiraorn.com.br\\\/protecao-de-biomas-via-areas-privadas\\\/#breadcrumb\",\"itemListElement\":[{\"@type\":\"ListItem\",\"position\":1,\"name\":\"Home\",\"item\":\"https:\\\/\\\/www.fazendaboqueiraorn.com.br\\\/\"},{\"@type\":\"ListItem\",\"position\":2,\"name\":\"Prote\u00e7\u00e3o de biomas via \u00e1reas privadas\"}]},{\"@type\":\"WebSite\",\"@id\":\"https:\\\/\\\/www.fazendaboqueiraorn.com.br\\\/#website\",\"url\":\"https:\\\/\\\/www.fazendaboqueiraorn.com.br\\\/\",\"name\":\"Fazenda Boqueir\u00e3o\",\"description\":\"\",\"publisher\":{\"@id\":\"https:\\\/\\\/www.fazendaboqueiraorn.com.br\\\/#organization\"},\"potentialAction\":[{\"@type\":\"SearchAction\",\"target\":{\"@type\":\"EntryPoint\",\"urlTemplate\":\"https:\\\/\\\/www.fazendaboqueiraorn.com.br\\\/?s={search_term_string}\"},\"query-input\":{\"@type\":\"PropertyValueSpecification\",\"valueRequired\":true,\"valueName\":\"search_term_string\"}}],\"inLanguage\":\"en-US\"},{\"@type\":\"Organization\",\"@id\":\"https:\\\/\\\/www.fazendaboqueiraorn.com.br\\\/#organization\",\"name\":\"Fazenda Boqueir\u00e3o\",\"url\":\"https:\\\/\\\/www.fazendaboqueiraorn.com.br\\\/\",\"logo\":{\"@type\":\"ImageObject\",\"inLanguage\":\"en-US\",\"@id\":\"https:\\\/\\\/www.fazendaboqueiraorn.com.br\\\/#\\\/schema\\\/logo\\\/image\\\/\",\"url\":\"https:\\\/\\\/i0.wp.com\\\/www.fazendaboqueiraorn.com.br\\\/wp-content\\\/uploads\\\/2021\\\/08\\\/logo-fazenda-120x120-1.png?fit=120%2C120&ssl=1\",\"contentUrl\":\"https:\\\/\\\/i0.wp.com\\\/www.fazendaboqueiraorn.com.br\\\/wp-content\\\/uploads\\\/2021\\\/08\\\/logo-fazenda-120x120-1.png?fit=120%2C120&ssl=1\",\"width\":120,\"height\":120,\"caption\":\"Fazenda Boqueir\u00e3o\"},\"image\":{\"@id\":\"https:\\\/\\\/www.fazendaboqueiraorn.com.br\\\/#\\\/schema\\\/logo\\\/image\\\/\"},\"sameAs\":[\"https:\\\/\\\/www.facebook.com\\\/fazboqueirao\",\"https:\\\/\\\/x.com\\\/FazBoqueirao\",\"http:\\\/\\\/instagram.com\\\/fazboqueirao\\\/\",\"https:\\\/\\\/www.linkedin.com\\\/company\\\/fazboqueirao\\\/\",\"https:\\\/\\\/www.youtube.com\\\/channel\\\/UCUA4_8v8HkmMeNUh8c6Ky1Q\"]},{\"@type\":\"Person\",\"@id\":\"https:\\\/\\\/www.fazendaboqueiraorn.com.br\\\/#\\\/schema\\\/person\\\/70484dc96f76e66c6365a9f4a2ebfb02\",\"name\":\"Fazenda Boqueir\u00e3o\",\"image\":{\"@type\":\"ImageObject\",\"inLanguage\":\"en-US\",\"@id\":\"https:\\\/\\\/secure.gravatar.com\\\/avatar\\\/19f19467ae305ded5d913deae2fb6c6f29fe88a0a7f3a4dca5679407289a9efd?s=96&d=mm&r=g\",\"url\":\"https:\\\/\\\/secure.gravatar.com\\\/avatar\\\/19f19467ae305ded5d913deae2fb6c6f29fe88a0a7f3a4dca5679407289a9efd?s=96&d=mm&r=g\",\"contentUrl\":\"https:\\\/\\\/secure.gravatar.com\\\/avatar\\\/19f19467ae305ded5d913deae2fb6c6f29fe88a0a7f3a4dca5679407289a9efd?s=96&d=mm&r=g\",\"caption\":\"Fazenda Boqueir\u00e3o\"},\"url\":\"https:\\\/\\\/www.fazendaboqueiraorn.com.br\\\/en\\\/author\\\/fazenda\\\/\"}]}<\/script>\n<!-- \/ Yoast SEO plugin. -->","yoast_head_json":{"title":"Prote\u00e7\u00e3o de biomas via \u00e1reas privadas - Fazenda Boqueir\u00e3o","description":"Pesquisas mostram que \u00e1reas protegidas privadas ajudam a conservar biomas sub-representados e regi\u00f5es altamente amea\u00e7adas.","robots":{"index":"index","follow":"follow","max-snippet":"max-snippet:-1","max-image-preview":"max-image-preview:large","max-video-preview":"max-video-preview:-1"},"canonical":"https:\/\/www.fazendaboqueiraorn.com.br\/en\/protecao-de-biomas-via-areas-privadas\/","og_locale":"en_US","og_type":"article","og_title":"Prote\u00e7\u00e3o de biomas via \u00e1reas privadas - Fazenda Boqueir\u00e3o","og_description":"Pesquisas mostram que \u00e1reas protegidas privadas ajudam a conservar biomas sub-representados e regi\u00f5es altamente amea\u00e7adas.","og_url":"https:\/\/www.fazendaboqueiraorn.com.br\/en\/protecao-de-biomas-via-areas-privadas\/","og_site_name":"Fazenda Boqueir\u00e3o","article_publisher":"https:\/\/www.facebook.com\/fazboqueirao","article_published_time":"2022-06-29T14:00:00+00:00","og_image":[{"width":640,"height":424,"url":"https:\/\/www.fazendaboqueiraorn.com.br\/wp-content\/uploads\/2022\/06\/biomas.jpg","type":"image\/jpeg"}],"author":"Fazenda Boqueir\u00e3o","twitter_card":"summary_large_image","twitter_creator":"@FazBoqueirao","twitter_site":"@FazBoqueirao","twitter_misc":{"Written by":"Fazenda Boqueir\u00e3o","Est. reading time":"5 minutes"},"schema":{"@context":"https:\/\/schema.org","@graph":[{"@type":"Article","@id":"https:\/\/www.fazendaboqueiraorn.com.br\/protecao-de-biomas-via-areas-privadas\/#article","isPartOf":{"@id":"https:\/\/www.fazendaboqueiraorn.com.br\/protecao-de-biomas-via-areas-privadas\/"},"author":{"name":"Fazenda Boqueir\u00e3o","@id":"https:\/\/www.fazendaboqueiraorn.com.br\/#\/schema\/person\/70484dc96f76e66c6365a9f4a2ebfb02"},"headline":"Prote\u00e7\u00e3o de biomas via \u00e1reas privadas","datePublished":"2022-06-29T14:00:00+00:00","mainEntityOfPage":{"@id":"https:\/\/www.fazendaboqueiraorn.com.br\/protecao-de-biomas-via-areas-privadas\/"},"wordCount":956,"commentCount":0,"publisher":{"@id":"https:\/\/www.fazendaboqueiraorn.com.br\/#organization"},"image":{"@id":"https:\/\/www.fazendaboqueiraorn.com.br\/protecao-de-biomas-via-areas-privadas\/#primaryimage"},"thumbnailUrl":"https:\/\/i0.wp.com\/www.fazendaboqueiraorn.com.br\/wp-content\/uploads\/2022\/06\/biomas.jpg?fit=640%2C424&ssl=1","keywords":["2022","Agricultura","\u00e1rea protegida privada","bioma","gest\u00e3o","governo","pesquisador","Rachel Palfrey"],"articleSection":["Not\u00edcias"],"inLanguage":"en-US","potentialAction":[{"@type":"CommentAction","name":"Comment","target":["https:\/\/www.fazendaboqueiraorn.com.br\/protecao-de-biomas-via-areas-privadas\/#respond"]}]},{"@type":"WebPage","@id":"https:\/\/www.fazendaboqueiraorn.com.br\/protecao-de-biomas-via-areas-privadas\/","url":"https:\/\/www.fazendaboqueiraorn.com.br\/protecao-de-biomas-via-areas-privadas\/","name":"Prote\u00e7\u00e3o de biomas via \u00e1reas privadas - Fazenda Boqueir\u00e3o","isPartOf":{"@id":"https:\/\/www.fazendaboqueiraorn.com.br\/#website"},"primaryImageOfPage":{"@id":"https:\/\/www.fazendaboqueiraorn.com.br\/protecao-de-biomas-via-areas-privadas\/#primaryimage"},"image":{"@id":"https:\/\/www.fazendaboqueiraorn.com.br\/protecao-de-biomas-via-areas-privadas\/#primaryimage"},"thumbnailUrl":"https:\/\/i0.wp.com\/www.fazendaboqueiraorn.com.br\/wp-content\/uploads\/2022\/06\/biomas.jpg?fit=640%2C424&ssl=1","datePublished":"2022-06-29T14:00:00+00:00","description":"Pesquisas mostram que \u00e1reas protegidas privadas ajudam a conservar biomas sub-representados e regi\u00f5es altamente amea\u00e7adas.","breadcrumb":{"@id":"https:\/\/www.fazendaboqueiraorn.com.br\/protecao-de-biomas-via-areas-privadas\/#breadcrumb"},"inLanguage":"en-US","potentialAction":[{"@type":"ReadAction","target":["https:\/\/www.fazendaboqueiraorn.com.br\/protecao-de-biomas-via-areas-privadas\/"]}]},{"@type":"ImageObject","inLanguage":"en-US","@id":"https:\/\/www.fazendaboqueiraorn.com.br\/protecao-de-biomas-via-areas-privadas\/#primaryimage","url":"https:\/\/i0.wp.com\/www.fazendaboqueiraorn.com.br\/wp-content\/uploads\/2022\/06\/biomas.jpg?fit=640%2C424&ssl=1","contentUrl":"https:\/\/i0.wp.com\/www.fazendaboqueiraorn.com.br\/wp-content\/uploads\/2022\/06\/biomas.jpg?fit=640%2C424&ssl=1","width":640,"height":424,"caption":"biomas"},{"@type":"BreadcrumbList","@id":"https:\/\/www.fazendaboqueiraorn.com.br\/protecao-de-biomas-via-areas-privadas\/#breadcrumb","itemListElement":[{"@type":"ListItem","position":1,"name":"Home","item":"https:\/\/www.fazendaboqueiraorn.com.br\/"},{"@type":"ListItem","position":2,"name":"Prote\u00e7\u00e3o de biomas via \u00e1reas privadas"}]},{"@type":"WebSite","@id":"https:\/\/www.fazendaboqueiraorn.com.br\/#website","url":"https:\/\/www.fazendaboqueiraorn.com.br\/","name":"Fazenda Boqueir\u00e3o","description":"","publisher":{"@id":"https:\/\/www.fazendaboqueiraorn.com.br\/#organization"},"potentialAction":[{"@type":"SearchAction","target":{"@type":"EntryPoint","urlTemplate":"https:\/\/www.fazendaboqueiraorn.com.br\/?s={search_term_string}"},"query-input":{"@type":"PropertyValueSpecification","valueRequired":true,"valueName":"search_term_string"}}],"inLanguage":"en-US"},{"@type":"Organization","@id":"https:\/\/www.fazendaboqueiraorn.com.br\/#organization","name":"Fazenda Boqueir\u00e3o","url":"https:\/\/www.fazendaboqueiraorn.com.br\/","logo":{"@type":"ImageObject","inLanguage":"en-US","@id":"https:\/\/www.fazendaboqueiraorn.com.br\/#\/schema\/logo\/image\/","url":"https:\/\/i0.wp.com\/www.fazendaboqueiraorn.com.br\/wp-content\/uploads\/2021\/08\/logo-fazenda-120x120-1.png?fit=120%2C120&ssl=1","contentUrl":"https:\/\/i0.wp.com\/www.fazendaboqueiraorn.com.br\/wp-content\/uploads\/2021\/08\/logo-fazenda-120x120-1.png?fit=120%2C120&ssl=1","width":120,"height":120,"caption":"Fazenda Boqueir\u00e3o"},"image":{"@id":"https:\/\/www.fazendaboqueiraorn.com.br\/#\/schema\/logo\/image\/"},"sameAs":["https:\/\/www.facebook.com\/fazboqueirao","https:\/\/x.com\/FazBoqueirao","http:\/\/instagram.com\/fazboqueirao\/","https:\/\/www.linkedin.com\/company\/fazboqueirao\/","https:\/\/www.youtube.com\/channel\/UCUA4_8v8HkmMeNUh8c6Ky1Q"]},{"@type":"Person","@id":"https:\/\/www.fazendaboqueiraorn.com.br\/#\/schema\/person\/70484dc96f76e66c6365a9f4a2ebfb02","name":"Fazenda Boqueir\u00e3o","image":{"@type":"ImageObject","inLanguage":"en-US","@id":"https:\/\/secure.gravatar.com\/avatar\/19f19467ae305ded5d913deae2fb6c6f29fe88a0a7f3a4dca5679407289a9efd?s=96&d=mm&r=g","url":"https:\/\/secure.gravatar.com\/avatar\/19f19467ae305ded5d913deae2fb6c6f29fe88a0a7f3a4dca5679407289a9efd?s=96&d=mm&r=g","contentUrl":"https:\/\/secure.gravatar.com\/avatar\/19f19467ae305ded5d913deae2fb6c6f29fe88a0a7f3a4dca5679407289a9efd?s=96&d=mm&r=g","caption":"Fazenda Boqueir\u00e3o"},"url":"https:\/\/www.fazendaboqueiraorn.com.br\/en\/author\/fazenda\/"}]}},"jetpack_publicize_connections":[],"uagb_featured_image_src":{"full":["https:\/\/i0.wp.com\/www.fazendaboqueiraorn.com.br\/wp-content\/uploads\/2022\/06\/biomas.jpg?fit=640%2C424&ssl=1",640,424,false],"thumbnail":["https:\/\/i0.wp.com\/www.fazendaboqueiraorn.com.br\/wp-content\/uploads\/2022\/06\/biomas.jpg?resize=150%2C150&ssl=1",150,150,true],"medium":["https:\/\/i0.wp.com\/www.fazendaboqueiraorn.com.br\/wp-content\/uploads\/2022\/06\/biomas.jpg?fit=300%2C199&ssl=1",300,199,true],"medium_large":["https:\/\/i0.wp.com\/www.fazendaboqueiraorn.com.br\/wp-content\/uploads\/2022\/06\/biomas.jpg?fit=640%2C424&ssl=1",640,424,true],"large":["https:\/\/i0.wp.com\/www.fazendaboqueiraorn.com.br\/wp-content\/uploads\/2022\/06\/biomas.jpg?fit=640%2C424&ssl=1",640,424,true],"1536x1536":["https:\/\/i0.wp.com\/www.fazendaboqueiraorn.com.br\/wp-content\/uploads\/2022\/06\/biomas.jpg?fit=640%2C424&ssl=1",640,424,true],"2048x2048":["https:\/\/i0.wp.com\/www.fazendaboqueiraorn.com.br\/wp-content\/uploads\/2022\/06\/biomas.jpg?fit=640%2C424&ssl=1",640,424,true],"trp-custom-language-flag":["https:\/\/i0.wp.com\/www.fazendaboqueiraorn.com.br\/wp-content\/uploads\/2022\/06\/biomas.jpg?fit=18%2C12&ssl=1",18,12,true],"ultp_layout_landscape_large":["https:\/\/i0.wp.com\/www.fazendaboqueiraorn.com.br\/wp-content\/uploads\/2022\/06\/biomas.jpg?resize=640%2C424&ssl=1",640,424,true],"ultp_layout_landscape":["https:\/\/i0.wp.com\/www.fazendaboqueiraorn.com.br\/wp-content\/uploads\/2022\/06\/biomas.jpg?resize=640%2C424&ssl=1",640,424,true],"ultp_layout_portrait":["https:\/\/i0.wp.com\/www.fazendaboqueiraorn.com.br\/wp-content\/uploads\/2022\/06\/biomas.jpg?resize=600%2C424&ssl=1",600,424,true],"ultp_layout_square":["https:\/\/i0.wp.com\/www.fazendaboqueiraorn.com.br\/wp-content\/uploads\/2022\/06\/biomas.jpg?resize=600%2C424&ssl=1",600,424,true],"woocommerce_thumbnail":["https:\/\/www.fazendaboqueiraorn.com.br\/wp-content\/uploads\/2022\/06\/biomas-300x300.jpg",300,300,true],"woocommerce_single":["https:\/\/www.fazendaboqueiraorn.com.br\/wp-content\/uploads\/2022\/06\/biomas.jpg",600,398,false],"woocommerce_gallery_thumbnail":["https:\/\/www.fazendaboqueiraorn.com.br\/wp-content\/uploads\/2022\/06\/biomas-100x100.jpg",100,100,true],"web-stories-poster-portrait":["https:\/\/www.fazendaboqueiraorn.com.br\/wp-content\/uploads\/2022\/06\/biomas.jpg",640,424,false],"web-stories-publisher-logo":["https:\/\/www.fazendaboqueiraorn.com.br\/wp-content\/uploads\/2022\/06\/biomas.jpg",96,64,false],"web-stories-thumbnail":["https:\/\/www.fazendaboqueiraorn.com.br\/wp-content\/uploads\/2022\/06\/biomas.jpg",150,99,false]},"uagb_author_info":{"display_name":"Fazenda Boqueir\u00e3o","author_link":"https:\/\/www.fazendaboqueiraorn.com.br\/en\/author\/fazenda\/"},"uagb_comment_info":0,"uagb_excerpt":"Pesquisas mostram que \u00e1reas protegidas privadas ajudam a conservar biomas sub-representados e regi\u00f5es altamente amea\u00e7adas.","jetpack_featured_media_url":"https:\/\/i0.wp.com\/www.fazendaboqueiraorn.com.br\/wp-content\/uploads\/2022\/06\/biomas.jpg?fit=640%2C424&ssl=1","jetpack_sharing_enabled":true,"jetpack_likes_enabled":true,"_links":{"self":[{"href":"https:\/\/www.fazendaboqueiraorn.com.br\/en\/wp-json\/wp\/v2\/posts\/2003","targetHints":{"allow":["GET"]}}],"collection":[{"href":"https:\/\/www.fazendaboqueiraorn.com.br\/en\/wp-json\/wp\/v2\/posts"}],"about":[{"href":"https:\/\/www.fazendaboqueiraorn.com.br\/en\/wp-json\/wp\/v2\/types\/post"}],"author":[{"embeddable":true,"href":"https:\/\/www.fazendaboqueiraorn.com.br\/en\/wp-json\/wp\/v2\/users\/2"}],"replies":[{"embeddable":true,"href":"https:\/\/www.fazendaboqueiraorn.com.br\/en\/wp-json\/wp\/v2\/comments?post=2003"}],"version-history":[{"count":5,"href":"https:\/\/www.fazendaboqueiraorn.com.br\/en\/wp-json\/wp\/v2\/posts\/2003\/revisions"}],"predecessor-version":[{"id":2126,"href":"https:\/\/www.fazendaboqueiraorn.com.br\/en\/wp-json\/wp\/v2\/posts\/2003\/revisions\/2126"}],"wp:featuredmedia":[{"embeddable":true,"href":"https:\/\/www.fazendaboqueiraorn.com.br\/en\/wp-json\/wp\/v2\/media\/2122"}],"wp:attachment":[{"href":"https:\/\/www.fazendaboqueiraorn.com.br\/en\/wp-json\/wp\/v2\/media?parent=2003"}],"wp:term":[{"taxonomy":"category","embeddable":true,"href":"https:\/\/www.fazendaboqueiraorn.com.br\/en\/wp-json\/wp\/v2\/categories?post=2003"},{"taxonomy":"post_tag","embeddable":true,"href":"https:\/\/www.fazendaboqueiraorn.com.br\/en\/wp-json\/wp\/v2\/tags?post=2003"}],"curies":[{"name":"wp","href":"https:\/\/api.w.org\/{rel}","templated":true}]}}