{"id":160,"date":"2021-08-06T17:00:00","date_gmt":"2021-08-06T20:00:00","guid":{"rendered":"http:\/\/www.fazendaboqueiraorn.com.br\/?p=160"},"modified":"2021-08-13T11:53:07","modified_gmt":"2021-08-13T14:53:07","slug":"fazendas-solares-aprenda-o-que-sao","status":"publish","type":"post","link":"https:\/\/www.fazendaboqueiraorn.com.br\/en\/fazendas-solares-aprenda-o-que-sao\/","title":{"rendered":"Fazendas solares: aprenda o que s\u00e3o"},"content":{"rendered":"<p>O que \u00e9 uma fazenda solar? Fazendas solares s\u00e3o uma grande \u00e1rea em um campo ou \u00e1rea rural com diversos pain\u00e9is fotovoltaicos instalados, com a fun\u00e7\u00e3o de gerar energia a ser distribu\u00edda para outros locais, possibilitando que consumidores economizem energia sem precisar investir em um sistema pr\u00f3prio.<\/p>\n\n\n\n<p>As fazendas solares s\u00e3o ideais para os consumidores que n\u00e3o podem ou n\u00e3o desejam instalar um sistema fotovoltaico em sua propriedade, optando por gera\u00e7\u00e3o compartilhada. Portanto, \u00e9 poss\u00edvel criar uma fazenda solar com um grupo de consumidores, de modo que cada um receba uma parcela da energia gerada de acordo com o investimento individual.<\/p>\n\n\n\n<figure class=\"wp-block-embed is-type-video is-provider-youtube wp-block-embed-youtube wp-embed-aspect-16-9 wp-has-aspect-ratio\"><div class=\"wp-block-embed__wrapper\">\n<iframe loading=\"lazy\" title=\"FAZENDA SOLAR - Vamos entender como funciona?\" width=\"500\" height=\"281\" src=\"https:\/\/www.youtube.com\/embed\/twiyeYu_LlY?feature=oembed\" frameborder=\"0\" allow=\"accelerometer; autoplay; clipboard-write; encrypted-media; gyroscope; picture-in-picture; web-share\" referrerpolicy=\"strict-origin-when-cross-origin\" allowfullscreen><\/iframe>\n<\/div><\/figure>\n\n\n\n<p>Ao contr\u00e1rio de uma fazenda solar, as usinas solares s\u00e3o compostas por sistemas solares fotovoltaicos de grande porte desenvolvidos para a gera\u00e7\u00e3o e a distribui\u00e7\u00e3o de energia el\u00e9trica. J\u00e1 a fazenda solar \u00e9 instalada no campo, ou em uma \u00e1rea rural, com o dimensionamento de gera\u00e7\u00e3o menor que o de grandes usinas solares instaladas em \u00e1reas isoladas.<\/p>\n\n\n\n<p>A fazenda solar somente \u00e9 um empreendimento correto do ponto de vista ambiental quando ela for constru\u00edda em um local onde a terra n\u00e3o pode ser usada para agricultura ou em qualquer \u00e1rea onde existe vegeta\u00e7\u00e3o. O ideal \u00e9 utilizar locais \u00e1ridos onde j\u00e1 existem linhas de transmiss\u00e3o.<\/p>\n\n\n\n<figure class=\"wp-block-embed is-type-video is-provider-youtube wp-block-embed-youtube wp-embed-aspect-16-9 wp-has-aspect-ratio\"><div class=\"wp-block-embed__wrapper\">\n<iframe loading=\"lazy\" title=\"Por que as FAZENDAS SOLARES est\u00e3o substituindo Planta\u00e7\u00f5es Tradicionais?\" width=\"500\" height=\"281\" src=\"https:\/\/www.youtube.com\/embed\/M32kbyxpMO0?feature=oembed\" frameborder=\"0\" allow=\"accelerometer; autoplay; clipboard-write; encrypted-media; gyroscope; picture-in-picture; web-share\" referrerpolicy=\"strict-origin-when-cross-origin\" allowfullscreen><\/iframe>\n<\/div><\/figure>\n\n\n\n<h2 class=\"wp-block-heading\">Origem das fazendas solares<\/h2>\n\n\n\n<p>As t\u00e9cnicas que originaram as fazendas solares nasceram nos anos 90, quando alguns fazendeiros alem\u00e3es come\u00e7aram a trabalhar com energia solar em suas terras para revender \u00e0s distribuidoras. <\/p>\n\n\n\n<p>No Brasil, as regras para gera\u00e7\u00e3o distribu\u00edda (GD) entraram em vigor, a partir de 17 de abril de 2012, possibilitando a regulamenta\u00e7\u00e3o do acesso a microgera\u00e7\u00e3o e minigera\u00e7\u00e3o distribu\u00edda aos sistemas nacionais de energia el\u00e9trica. Assim, os consumidores de energia el\u00e9trica passaram a ter o direito de se tornar um autoprodutor de energia. A regulamenta\u00e7\u00e3o se deu atrav\u00e9s da <a href=\"http:\/\/www2.aneel.gov.br\/cedoc\/ren2012482.pdf\" target=\"_blank\" rel=\"noreferrer noopener nofollow\">Resolu\u00e7\u00e3o Normativa n\u00ba 482 da ANEEL<\/a> (<a href=\"https:\/\/www.aneel.gov.br\/\" target=\"_blank\" rel=\"noreferrer noopener nofollow\">Ag\u00eancia Nacional de Energia El\u00e9trica<\/a>).<\/p>\n\n\n\n<figure class=\"wp-block-embed is-type-video is-provider-youtube wp-block-embed-youtube wp-embed-aspect-16-9 wp-has-aspect-ratio\"><div class=\"wp-block-embed__wrapper\">\nhttps:\/\/www.youtube.com\/watch?v=Fe0qSLrt1K8\n<\/div><\/figure>\n\n\n\n<p>Como a Alemanha foi a principal respons\u00e1vel pela introdu\u00e7\u00e3o do conceito de fazenda solar, vamos usar eles como exemplo novamente: Em algumas regi\u00f5es na Alemanha, como existe muita energia solar fotovoltaica instalada nas casas e fazendas, na hora do almo\u00e7o existe um pico de produ\u00e7\u00e3o de energia solar! <\/p>\n\n\n\n<p>A energia gerada em excesso \u00e9 ent\u00e3o usada para alimentar bombas que bombeiam a \u00e1gua de volta para o reservat\u00f3rio de uma hidroel\u00e9trica para que esta \u00e1gua seja usada de noite quando n\u00e3o temos a produ\u00e7\u00e3o de energia solar.<\/p>\n\n\n\n<figure class=\"wp-block-embed is-type-video is-provider-youtube wp-block-embed-youtube wp-embed-aspect-16-9 wp-has-aspect-ratio\"><div class=\"wp-block-embed__wrapper\">\n<iframe loading=\"lazy\" title=\"ENERGIA SOLAR  VC \u00c9 O 0TARIO DELES VALORES REVELADOS\" width=\"500\" height=\"281\" src=\"https:\/\/www.youtube.com\/embed\/PLw6JAQj6kw?feature=oembed\" frameborder=\"0\" allow=\"accelerometer; autoplay; clipboard-write; encrypted-media; gyroscope; picture-in-picture; web-share\" referrerpolicy=\"strict-origin-when-cross-origin\" allowfullscreen><\/iframe>\n<\/div><\/figure>\n\n\n\n<p>A eletricidade gerada atrav\u00e9s da luz do sol ser\u00e1 transmitida para a rede p\u00fablica de distribui\u00e7\u00e3o, que ir\u00e1 registrar a energia fornecida e converter em cr\u00e9ditos energ\u00e9ticos com validade de 60 meses, de acordo com as normas definidas pela ANEEL (Ag\u00eancia Nacional de Energia El\u00e9trica).<\/p>\n\n\n\n<figure class=\"wp-block-embed is-type-video is-provider-youtube wp-block-embed-youtube wp-embed-aspect-16-9 wp-has-aspect-ratio\"><div class=\"wp-block-embed__wrapper\">\n<iframe loading=\"lazy\" title=\"\u00c9 Melhor ter Varias Pequenas  Usinas de Energia Solar do que UM s\u00f3 Grande\" width=\"500\" height=\"281\" src=\"https:\/\/www.youtube.com\/embed\/Rn2J1qpYYas?feature=oembed\" frameborder=\"0\" allow=\"accelerometer; autoplay; clipboard-write; encrypted-media; gyroscope; picture-in-picture; web-share\" referrerpolicy=\"strict-origin-when-cross-origin\" allowfullscreen><\/iframe>\n<\/div><\/figure>\n\n\n\n<p>Devido a falta de uma regulamenta\u00e7\u00e3o Fazendeiro Solar do nosso governo, no Brasil os fazendeiros que tem terra dispon\u00edvel para implantar uma fazenda solar n\u00e3o podem vender a energia diretamente para as distribuidoras. O que eles podem fazer \u00e9 arrendar parte da terra deles, quando houver disponibilidade como em caso de terras \u00e1ridas, para as empresas especializadas constru\u00edrem uma usina solar e venderem a energia para a rede el\u00e9trica atrav\u00e9s de um leil\u00e3o de energia controlado pelo governo.<\/p>\n\n\n\n<figure class=\"wp-block-embed is-type-video is-provider-youtube wp-block-embed-youtube wp-embed-aspect-16-9 wp-has-aspect-ratio\"><div class=\"wp-block-embed__wrapper\">\n<iframe loading=\"lazy\" title=\"ENERGIA SOLAR - Ap\u00f3s investir R$ 40 mil, empres\u00e1rio fatura R$ 300 mil\" width=\"500\" height=\"281\" src=\"https:\/\/www.youtube.com\/embed\/nyWBoVJRWgY?feature=oembed\" frameborder=\"0\" allow=\"accelerometer; autoplay; clipboard-write; encrypted-media; gyroscope; picture-in-picture; web-share\" referrerpolicy=\"strict-origin-when-cross-origin\" allowfullscreen><\/iframe>\n<\/div><\/figure>\n\n\n\n<p>O governo brasileiro poderia estar beneficiando milhares de fam\u00edlias carentes no sert\u00e3o brasileiro arrendando as terras delas para a produ\u00e7\u00e3o de energia solar. Hoje a energia das poucas usinas solares que est\u00e3o sendo constru\u00eddas no Brasil est\u00e1 sendo feita sem pensar no impacto social e ambiental. Se estas usinas forem constru\u00eddas considerando o impacto social poder\u00edamos estar gerando renda e emprego para milhares de pessoas no sert\u00e3o brasileiro.<\/p>\n\n\n\n<figure class=\"wp-block-embed is-type-video is-provider-youtube wp-block-embed-youtube wp-embed-aspect-16-9 wp-has-aspect-ratio\"><div class=\"wp-block-embed__wrapper\">\n<iframe loading=\"lazy\" title=\"O CAMINHO PARA  INSTALAR USINAS SOLARES E IMPORTAR PLACAS SOLARES E INVERSORES  DIRETO DA CHINA\" width=\"500\" height=\"281\" src=\"https:\/\/www.youtube.com\/embed\/HCLTXC0HMu0?feature=oembed\" frameborder=\"0\" allow=\"accelerometer; autoplay; clipboard-write; encrypted-media; gyroscope; picture-in-picture; web-share\" referrerpolicy=\"strict-origin-when-cross-origin\" allowfullscreen><\/iframe>\n<\/div><\/figure>\n\n\n\n<p>Atualmente, um projeto de lei (PL) est\u00e1 em discuss\u00e3o na C\u00e2mara dos Deputados com objetivo de ampliar a utiliza\u00e7\u00e3o de energia solar em propriedades rurais, contribuindo para a economia com redu\u00e7\u00e3o de custos e gera\u00e7\u00e3o de mais uma fonte de renda para as propriedades, al\u00e9m da ineg\u00e1vel vantagem ao meio ambiente. <\/p>\n\n\n\n<p>Neste contexto, as perspectivas s\u00e3o de aprova\u00e7\u00e3o do projeto de lei, a partir de ent\u00e3o, todo consumidor ativamente cadastrado no Minist\u00e9rio da Fazenda por um CPF ou um CNPJ, seja ele residencial, comercial, industrial ou Agro, tem a concess\u00e3o para conectar um sistema gerador de energia el\u00e9trica pr\u00f3prio \u00e0 rede da distribuidora pela qual \u00e9 atendido.<\/p>\n\n\n\n<figure class=\"wp-block-embed is-type-video is-provider-youtube wp-block-embed-youtube wp-embed-aspect-16-9 wp-has-aspect-ratio\"><div class=\"wp-block-embed__wrapper\">\n<iframe loading=\"lazy\" title=\"ENERGIA SOLAR NA FAZENDA: COMO FUNCIONA?\" width=\"500\" height=\"281\" src=\"https:\/\/www.youtube.com\/embed\/OAV3S4uULhE?feature=oembed\" frameborder=\"0\" allow=\"accelerometer; autoplay; clipboard-write; encrypted-media; gyroscope; picture-in-picture; web-share\" referrerpolicy=\"strict-origin-when-cross-origin\" allowfullscreen><\/iframe>\n<\/div><\/figure>\n\n\n\n<h2 class=\"wp-block-heading\">Como funciona a gera\u00e7\u00e3o de energia<\/h2>\n\n\n\n<p>Pela resolu\u00e7\u00e3o da Aneel, os consumidores de Gera\u00e7\u00e3o Distribu\u00edda podem se beneficiar de um mecanismo de cr\u00e9ditos de energia. Quando o sistema produz mais do que o consumidor est\u00e1 usando naquele momento, a energia excedente \u00e9 injetada na rede da distribuidora. Esse montante fica como um cr\u00e9dito, que pode ser utilizado em energia da rede por at\u00e9 60 meses.<\/p>\n\n\n\n<p>A propor\u00e7\u00e3o \u00e9 de um para um \u2013 ou seja, para cada quilowatt-hora (kWh) que injeta no sistema, o consumidor pode usar um kWh vindo da distribuidora. A parcela da tarifa de luz que diz respeito a encargos, perdas, transmiss\u00e3o e distribui\u00e7\u00e3o n\u00e3o \u00e9 cobrada.<\/p>\n\n\n\n<figure class=\"wp-block-embed is-type-video is-provider-youtube wp-block-embed-youtube wp-embed-aspect-16-9 wp-has-aspect-ratio\"><div class=\"wp-block-embed__wrapper\">\n<iframe loading=\"lazy\" title=\"Fazendeiro produz Energia Solar para vender energia el\u00e9trica - FOTOVOLTAICA Energia Solar\" width=\"500\" height=\"281\" src=\"https:\/\/www.youtube.com\/embed\/2uvUMDJJrUQ?feature=oembed\" frameborder=\"0\" allow=\"accelerometer; autoplay; clipboard-write; encrypted-media; gyroscope; picture-in-picture; web-share\" referrerpolicy=\"strict-origin-when-cross-origin\" allowfullscreen><\/iframe>\n<\/div><\/figure>\n\n\n\n<p>No caso das fazendas, os propriet\u00e1rios do sistema vendem os cr\u00e9ditos produzidos pelas placas solares. Assim, o consumidor que n\u00e3o pode instalar um sistema em casa (por morar em um apartamento, por exemplo) pode alugar uma parte dos pain\u00e9is de uma empresa, e se beneficiar dos cr\u00e9ditos produzidos por essa cota da fazenda.<\/p>\n\n\n\n<p>Isso pode ser realizado, inclusive, se a fazenda estiver distante do local de consumo. Quem transporta a energia para o destino final \u00e9 a rede da distribuidora.<\/p>\n\n\n\n<figure class=\"wp-block-embed is-type-video is-provider-youtube wp-block-embed-youtube wp-embed-aspect-16-9 wp-has-aspect-ratio\"><div class=\"wp-block-embed__wrapper\">\n<iframe loading=\"lazy\" title=\"Confira como funciona uma fazenda que produz energia solar na Alemanha\" width=\"500\" height=\"281\" src=\"https:\/\/www.youtube.com\/embed\/zAtBCs8uE_U?feature=oembed\" frameborder=\"0\" allow=\"accelerometer; autoplay; clipboard-write; encrypted-media; gyroscope; picture-in-picture; web-share\" referrerpolicy=\"strict-origin-when-cross-origin\" allowfullscreen><\/iframe>\n<\/div><\/figure>\n\n\n\n<p>Caso tenha alguma sugest\u00e3o para acrescentarmos a este artigo, sinta-se a vontade para <a href=\"\/en\/contato\/\">entrar em contato conosco<\/a> que iremos melhorar o conte\u00fado. Caso prefira, temos a op\u00e7\u00e3o de escrever coment\u00e1rios abaixo.<\/p>","protected":false},"excerpt":{"rendered":"<p>Fazendas solares s\u00e3o grandes \u00e1reas em um campo ou \u00e1rea rural com diversos pain\u00e9is fotovoltaicos instalados, com a fun\u00e7\u00e3o de gerar energia a ser distribu\u00edda para outros locais.<\/p>","protected":false},"author":2,"featured_media":179,"comment_status":"open","ping_status":"open","sticky":false,"template":"","format":"standard","meta":{"nf_dc_page":"","_uag_custom_page_level_css":"","site-sidebar-layout":"default","site-content-layout":"","ast-site-content-layout":"default","site-content-style":"default","site-sidebar-style":"default","ast-global-header-display":"","ast-banner-title-visibility":"","ast-main-header-display":"","ast-hfb-above-header-display":"","ast-hfb-below-header-display":"","ast-hfb-mobile-header-display":"","site-post-title":"","ast-breadcrumbs-content":"","ast-featured-img":"","footer-sml-layout":"","ast-disable-related-posts":"","theme-transparent-header-meta":"","adv-header-id-meta":"","stick-header-meta":"","header-above-stick-meta":"","header-main-stick-meta":"","header-below-stick-meta":"","astra-migrate-meta-layouts":"default","ast-page-background-enabled":"default","ast-page-background-meta":{"desktop":{"background-color":"var(--ast-global-color-4)","background-image":"","background-repeat":"repeat","background-position":"center center","background-size":"auto","background-attachment":"scroll","background-type":"","background-media":"","overlay-type":"","overlay-color":"","overlay-opacity":"","overlay-gradient":""},"tablet":{"background-color":"","background-image":"","background-repeat":"repeat","background-position":"center center","background-size":"auto","background-attachment":"scroll","background-type":"","background-media":"","overlay-type":"","overlay-color":"","overlay-opacity":"","overlay-gradient":""},"mobile":{"background-color":"","background-image":"","background-repeat":"repeat","background-position":"center center","background-size":"auto","background-attachment":"scroll","background-type":"","background-media":"","overlay-type":"","overlay-color":"","overlay-opacity":"","overlay-gradient":""}},"ast-content-background-meta":{"desktop":{"background-color":"var(--ast-global-color-5)","background-image":"","background-repeat":"repeat","background-position":"center center","background-size":"auto","background-attachment":"scroll","background-type":"","background-media":"","overlay-type":"","overlay-color":"","overlay-opacity":"","overlay-gradient":""},"tablet":{"background-color":"var(--ast-global-color-5)","background-image":"","background-repeat":"repeat","background-position":"center center","background-size":"auto","background-attachment":"scroll","background-type":"","background-media":"","overlay-type":"","overlay-color":"","overlay-opacity":"","overlay-gradient":""},"mobile":{"background-color":"var(--ast-global-color-5)","background-image":"","background-repeat":"repeat","background-position":"center center","background-size":"auto","background-attachment":"scroll","background-type":"","background-media":"","overlay-type":"","overlay-color":"","overlay-opacity":"","overlay-gradient":""}},"jetpack_post_was_ever_published":false,"_jetpack_newsletter_access":"","_jetpack_dont_email_post_to_subs":false,"_jetpack_newsletter_tier_id":0,"_jetpack_memberships_contains_paywalled_content":false,"_jetpack_memberships_contains_paid_content":false,"footnotes":"","jetpack_publicize_message":"","jetpack_publicize_feature_enabled":true,"jetpack_social_post_already_shared":true,"jetpack_social_options":{"image_generator_settings":{"template":"highway","default_image_id":0,"font":"","enabled":false},"version":2}},"categories":[1],"tags":[6,33,32,34,30,35,31,8],"class_list":["post-160","post","type-post","status-publish","format-standard","has-post-thumbnail","hentry","category-noticia","tag-agricultura","tag-aneel","tag-energia-eletrica","tag-energia-solar","tag-fazenda-solar","tag-fazendas-solares","tag-painel-fotovoltaico","tag-reservatorio"],"yoast_head":"<!-- This site is optimized with the Yoast SEO plugin v27.4 - https:\/\/yoast.com\/product\/yoast-seo-wordpress\/ -->\n<title>Fazendas solares: aprenda o que s\u00e3o - Fazenda Boqueir\u00e3o<\/title>\n<meta name=\"description\" content=\"Fazendas solares s\u00e3o grandes \u00e1reas em um campo ou \u00e1rea rural com diversos pain\u00e9is fotovoltaicos instalados, com a fun\u00e7\u00e3o de gerar energia a ser distribu\u00edda para outros locais.\" \/>\n<meta name=\"robots\" content=\"index, follow, max-snippet:-1, max-image-preview:large, max-video-preview:-1\" \/>\n<link rel=\"canonical\" href=\"https:\/\/www.fazendaboqueiraorn.com.br\/en\/fazendas-solares-aprenda-o-que-sao\/\" \/>\n<meta property=\"og:locale\" content=\"en_US\" \/>\n<meta property=\"og:type\" content=\"article\" \/>\n<meta property=\"og:title\" content=\"Fazendas solares: aprenda o que s\u00e3o - Fazenda Boqueir\u00e3o\" \/>\n<meta property=\"og:description\" content=\"Fazendas solares s\u00e3o grandes \u00e1reas em um campo ou \u00e1rea rural com diversos pain\u00e9is fotovoltaicos instalados, com a fun\u00e7\u00e3o de gerar energia a ser distribu\u00edda para outros locais.\" \/>\n<meta property=\"og:url\" content=\"https:\/\/www.fazendaboqueiraorn.com.br\/en\/fazendas-solares-aprenda-o-que-sao\/\" \/>\n<meta property=\"og:site_name\" content=\"Fazenda Boqueir\u00e3o\" \/>\n<meta property=\"article:publisher\" content=\"https:\/\/www.facebook.com\/fazboqueirao\" \/>\n<meta property=\"article:published_time\" content=\"2021-08-06T20:00:00+00:00\" \/>\n<meta property=\"article:modified_time\" content=\"2021-08-13T14:53:07+00:00\" \/>\n<meta property=\"og:image\" content=\"https:\/\/i0.wp.com\/www.fazendaboqueiraorn.com.br\/wp-content\/uploads\/2021\/08\/fazendasolar.jpg?fit=800%2C529&ssl=1\" \/>\n\t<meta property=\"og:image:width\" content=\"800\" \/>\n\t<meta property=\"og:image:height\" content=\"529\" \/>\n\t<meta property=\"og:image:type\" content=\"image\/jpeg\" \/>\n<meta name=\"author\" content=\"Fazenda Boqueir\u00e3o\" \/>\n<meta name=\"twitter:card\" content=\"summary_large_image\" \/>\n<meta name=\"twitter:creator\" content=\"@FazBoqueirao\" \/>\n<meta name=\"twitter:site\" content=\"@FazBoqueirao\" \/>\n<meta name=\"twitter:label1\" content=\"Written by\" \/>\n\t<meta name=\"twitter:data1\" content=\"Fazenda Boqueir\u00e3o\" \/>\n\t<meta name=\"twitter:label2\" content=\"Est. reading time\" \/>\n\t<meta name=\"twitter:data2\" content=\"5 minutes\" \/>\n<script type=\"application\/ld+json\" class=\"yoast-schema-graph\">{\"@context\":\"https:\\\/\\\/schema.org\",\"@graph\":[{\"@type\":\"Article\",\"@id\":\"https:\\\/\\\/www.fazendaboqueiraorn.com.br\\\/fazendas-solares-aprenda-o-que-sao\\\/#article\",\"isPartOf\":{\"@id\":\"https:\\\/\\\/www.fazendaboqueiraorn.com.br\\\/fazendas-solares-aprenda-o-que-sao\\\/\"},\"author\":{\"name\":\"Fazenda Boqueir\u00e3o\",\"@id\":\"https:\\\/\\\/www.fazendaboqueiraorn.com.br\\\/#\\\/schema\\\/person\\\/70484dc96f76e66c6365a9f4a2ebfb02\"},\"headline\":\"Fazendas solares: aprenda o que s\u00e3o\",\"datePublished\":\"2021-08-06T20:00:00+00:00\",\"dateModified\":\"2021-08-13T14:53:07+00:00\",\"mainEntityOfPage\":{\"@id\":\"https:\\\/\\\/www.fazendaboqueiraorn.com.br\\\/fazendas-solares-aprenda-o-que-sao\\\/\"},\"wordCount\":1085,\"commentCount\":0,\"publisher\":{\"@id\":\"https:\\\/\\\/www.fazendaboqueiraorn.com.br\\\/#organization\"},\"image\":{\"@id\":\"https:\\\/\\\/www.fazendaboqueiraorn.com.br\\\/fazendas-solares-aprenda-o-que-sao\\\/#primaryimage\"},\"thumbnailUrl\":\"https:\\\/\\\/i0.wp.com\\\/www.fazendaboqueiraorn.com.br\\\/wp-content\\\/uploads\\\/2021\\\/08\\\/fazendasolar.jpg?fit=800%2C529&ssl=1\",\"keywords\":[\"Agricultura\",\"ANEEL\",\"energia el\u00e9trica\",\"energia solar\",\"fazenda solar\",\"fazendas solares\",\"painel fotovoltaico\",\"reservat\u00f3rio\"],\"articleSection\":[\"Not\u00edcias\"],\"inLanguage\":\"en-US\",\"potentialAction\":[{\"@type\":\"CommentAction\",\"name\":\"Comment\",\"target\":[\"https:\\\/\\\/www.fazendaboqueiraorn.com.br\\\/fazendas-solares-aprenda-o-que-sao\\\/#respond\"]}]},{\"@type\":\"WebPage\",\"@id\":\"https:\\\/\\\/www.fazendaboqueiraorn.com.br\\\/fazendas-solares-aprenda-o-que-sao\\\/\",\"url\":\"https:\\\/\\\/www.fazendaboqueiraorn.com.br\\\/fazendas-solares-aprenda-o-que-sao\\\/\",\"name\":\"Fazendas solares: aprenda o que s\u00e3o - Fazenda Boqueir\u00e3o\",\"isPartOf\":{\"@id\":\"https:\\\/\\\/www.fazendaboqueiraorn.com.br\\\/#website\"},\"primaryImageOfPage\":{\"@id\":\"https:\\\/\\\/www.fazendaboqueiraorn.com.br\\\/fazendas-solares-aprenda-o-que-sao\\\/#primaryimage\"},\"image\":{\"@id\":\"https:\\\/\\\/www.fazendaboqueiraorn.com.br\\\/fazendas-solares-aprenda-o-que-sao\\\/#primaryimage\"},\"thumbnailUrl\":\"https:\\\/\\\/i0.wp.com\\\/www.fazendaboqueiraorn.com.br\\\/wp-content\\\/uploads\\\/2021\\\/08\\\/fazendasolar.jpg?fit=800%2C529&ssl=1\",\"datePublished\":\"2021-08-06T20:00:00+00:00\",\"dateModified\":\"2021-08-13T14:53:07+00:00\",\"description\":\"Fazendas solares s\u00e3o grandes \u00e1reas em um campo ou \u00e1rea rural com diversos pain\u00e9is fotovoltaicos instalados, com a fun\u00e7\u00e3o de gerar energia a ser distribu\u00edda para outros locais.\",\"breadcrumb\":{\"@id\":\"https:\\\/\\\/www.fazendaboqueiraorn.com.br\\\/fazendas-solares-aprenda-o-que-sao\\\/#breadcrumb\"},\"inLanguage\":\"en-US\",\"potentialAction\":[{\"@type\":\"ReadAction\",\"target\":[\"https:\\\/\\\/www.fazendaboqueiraorn.com.br\\\/fazendas-solares-aprenda-o-que-sao\\\/\"]}]},{\"@type\":\"ImageObject\",\"inLanguage\":\"en-US\",\"@id\":\"https:\\\/\\\/www.fazendaboqueiraorn.com.br\\\/fazendas-solares-aprenda-o-que-sao\\\/#primaryimage\",\"url\":\"https:\\\/\\\/i0.wp.com\\\/www.fazendaboqueiraorn.com.br\\\/wp-content\\\/uploads\\\/2021\\\/08\\\/fazendasolar.jpg?fit=800%2C529&ssl=1\",\"contentUrl\":\"https:\\\/\\\/i0.wp.com\\\/www.fazendaboqueiraorn.com.br\\\/wp-content\\\/uploads\\\/2021\\\/08\\\/fazendasolar.jpg?fit=800%2C529&ssl=1\",\"width\":800,\"height\":529},{\"@type\":\"BreadcrumbList\",\"@id\":\"https:\\\/\\\/www.fazendaboqueiraorn.com.br\\\/fazendas-solares-aprenda-o-que-sao\\\/#breadcrumb\",\"itemListElement\":[{\"@type\":\"ListItem\",\"position\":1,\"name\":\"Home\",\"item\":\"https:\\\/\\\/www.fazendaboqueiraorn.com.br\\\/\"},{\"@type\":\"ListItem\",\"position\":2,\"name\":\"Fazendas solares: aprenda o que s\u00e3o\"}]},{\"@type\":\"WebSite\",\"@id\":\"https:\\\/\\\/www.fazendaboqueiraorn.com.br\\\/#website\",\"url\":\"https:\\\/\\\/www.fazendaboqueiraorn.com.br\\\/\",\"name\":\"Fazenda Boqueir\u00e3o\",\"description\":\"\",\"publisher\":{\"@id\":\"https:\\\/\\\/www.fazendaboqueiraorn.com.br\\\/#organization\"},\"potentialAction\":[{\"@type\":\"SearchAction\",\"target\":{\"@type\":\"EntryPoint\",\"urlTemplate\":\"https:\\\/\\\/www.fazendaboqueiraorn.com.br\\\/?s={search_term_string}\"},\"query-input\":{\"@type\":\"PropertyValueSpecification\",\"valueRequired\":true,\"valueName\":\"search_term_string\"}}],\"inLanguage\":\"en-US\"},{\"@type\":\"Organization\",\"@id\":\"https:\\\/\\\/www.fazendaboqueiraorn.com.br\\\/#organization\",\"name\":\"Fazenda Boqueir\u00e3o\",\"url\":\"https:\\\/\\\/www.fazendaboqueiraorn.com.br\\\/\",\"logo\":{\"@type\":\"ImageObject\",\"inLanguage\":\"en-US\",\"@id\":\"https:\\\/\\\/www.fazendaboqueiraorn.com.br\\\/#\\\/schema\\\/logo\\\/image\\\/\",\"url\":\"https:\\\/\\\/i0.wp.com\\\/www.fazendaboqueiraorn.com.br\\\/wp-content\\\/uploads\\\/2021\\\/08\\\/logo-fazenda-120x120-1.png?fit=120%2C120&ssl=1\",\"contentUrl\":\"https:\\\/\\\/i0.wp.com\\\/www.fazendaboqueiraorn.com.br\\\/wp-content\\\/uploads\\\/2021\\\/08\\\/logo-fazenda-120x120-1.png?fit=120%2C120&ssl=1\",\"width\":120,\"height\":120,\"caption\":\"Fazenda Boqueir\u00e3o\"},\"image\":{\"@id\":\"https:\\\/\\\/www.fazendaboqueiraorn.com.br\\\/#\\\/schema\\\/logo\\\/image\\\/\"},\"sameAs\":[\"https:\\\/\\\/www.facebook.com\\\/fazboqueirao\",\"https:\\\/\\\/x.com\\\/FazBoqueirao\",\"http:\\\/\\\/instagram.com\\\/fazboqueirao\\\/\",\"https:\\\/\\\/www.linkedin.com\\\/company\\\/fazboqueirao\\\/\",\"https:\\\/\\\/www.youtube.com\\\/channel\\\/UCUA4_8v8HkmMeNUh8c6Ky1Q\"]},{\"@type\":\"Person\",\"@id\":\"https:\\\/\\\/www.fazendaboqueiraorn.com.br\\\/#\\\/schema\\\/person\\\/70484dc96f76e66c6365a9f4a2ebfb02\",\"name\":\"Fazenda Boqueir\u00e3o\",\"image\":{\"@type\":\"ImageObject\",\"inLanguage\":\"en-US\",\"@id\":\"https:\\\/\\\/secure.gravatar.com\\\/avatar\\\/19f19467ae305ded5d913deae2fb6c6f29fe88a0a7f3a4dca5679407289a9efd?s=96&d=mm&r=g\",\"url\":\"https:\\\/\\\/secure.gravatar.com\\\/avatar\\\/19f19467ae305ded5d913deae2fb6c6f29fe88a0a7f3a4dca5679407289a9efd?s=96&d=mm&r=g\",\"contentUrl\":\"https:\\\/\\\/secure.gravatar.com\\\/avatar\\\/19f19467ae305ded5d913deae2fb6c6f29fe88a0a7f3a4dca5679407289a9efd?s=96&d=mm&r=g\",\"caption\":\"Fazenda Boqueir\u00e3o\"},\"url\":\"https:\\\/\\\/www.fazendaboqueiraorn.com.br\\\/en\\\/author\\\/fazenda\\\/\"}]}<\/script>\n<!-- \/ Yoast SEO plugin. -->","yoast_head_json":{"title":"Fazendas solares: aprenda o que s\u00e3o - Fazenda Boqueir\u00e3o","description":"Fazendas solares s\u00e3o grandes \u00e1reas em um campo ou \u00e1rea rural com diversos pain\u00e9is fotovoltaicos instalados, com a fun\u00e7\u00e3o de gerar energia a ser distribu\u00edda para outros locais.","robots":{"index":"index","follow":"follow","max-snippet":"max-snippet:-1","max-image-preview":"max-image-preview:large","max-video-preview":"max-video-preview:-1"},"canonical":"https:\/\/www.fazendaboqueiraorn.com.br\/en\/fazendas-solares-aprenda-o-que-sao\/","og_locale":"en_US","og_type":"article","og_title":"Fazendas solares: aprenda o que s\u00e3o - Fazenda Boqueir\u00e3o","og_description":"Fazendas solares s\u00e3o grandes \u00e1reas em um campo ou \u00e1rea rural com diversos pain\u00e9is fotovoltaicos instalados, com a fun\u00e7\u00e3o de gerar energia a ser distribu\u00edda para outros locais.","og_url":"https:\/\/www.fazendaboqueiraorn.com.br\/en\/fazendas-solares-aprenda-o-que-sao\/","og_site_name":"Fazenda Boqueir\u00e3o","article_publisher":"https:\/\/www.facebook.com\/fazboqueirao","article_published_time":"2021-08-06T20:00:00+00:00","article_modified_time":"2021-08-13T14:53:07+00:00","og_image":[{"width":800,"height":529,"url":"https:\/\/i0.wp.com\/www.fazendaboqueiraorn.com.br\/wp-content\/uploads\/2021\/08\/fazendasolar.jpg?fit=800%2C529&ssl=1","type":"image\/jpeg"}],"author":"Fazenda Boqueir\u00e3o","twitter_card":"summary_large_image","twitter_creator":"@FazBoqueirao","twitter_site":"@FazBoqueirao","twitter_misc":{"Written by":"Fazenda Boqueir\u00e3o","Est. reading time":"5 minutes"},"schema":{"@context":"https:\/\/schema.org","@graph":[{"@type":"Article","@id":"https:\/\/www.fazendaboqueiraorn.com.br\/fazendas-solares-aprenda-o-que-sao\/#article","isPartOf":{"@id":"https:\/\/www.fazendaboqueiraorn.com.br\/fazendas-solares-aprenda-o-que-sao\/"},"author":{"name":"Fazenda Boqueir\u00e3o","@id":"https:\/\/www.fazendaboqueiraorn.com.br\/#\/schema\/person\/70484dc96f76e66c6365a9f4a2ebfb02"},"headline":"Fazendas solares: aprenda o que s\u00e3o","datePublished":"2021-08-06T20:00:00+00:00","dateModified":"2021-08-13T14:53:07+00:00","mainEntityOfPage":{"@id":"https:\/\/www.fazendaboqueiraorn.com.br\/fazendas-solares-aprenda-o-que-sao\/"},"wordCount":1085,"commentCount":0,"publisher":{"@id":"https:\/\/www.fazendaboqueiraorn.com.br\/#organization"},"image":{"@id":"https:\/\/www.fazendaboqueiraorn.com.br\/fazendas-solares-aprenda-o-que-sao\/#primaryimage"},"thumbnailUrl":"https:\/\/i0.wp.com\/www.fazendaboqueiraorn.com.br\/wp-content\/uploads\/2021\/08\/fazendasolar.jpg?fit=800%2C529&ssl=1","keywords":["Agricultura","ANEEL","energia el\u00e9trica","energia solar","fazenda solar","fazendas solares","painel fotovoltaico","reservat\u00f3rio"],"articleSection":["Not\u00edcias"],"inLanguage":"en-US","potentialAction":[{"@type":"CommentAction","name":"Comment","target":["https:\/\/www.fazendaboqueiraorn.com.br\/fazendas-solares-aprenda-o-que-sao\/#respond"]}]},{"@type":"WebPage","@id":"https:\/\/www.fazendaboqueiraorn.com.br\/fazendas-solares-aprenda-o-que-sao\/","url":"https:\/\/www.fazendaboqueiraorn.com.br\/fazendas-solares-aprenda-o-que-sao\/","name":"Fazendas solares: aprenda o que s\u00e3o - Fazenda Boqueir\u00e3o","isPartOf":{"@id":"https:\/\/www.fazendaboqueiraorn.com.br\/#website"},"primaryImageOfPage":{"@id":"https:\/\/www.fazendaboqueiraorn.com.br\/fazendas-solares-aprenda-o-que-sao\/#primaryimage"},"image":{"@id":"https:\/\/www.fazendaboqueiraorn.com.br\/fazendas-solares-aprenda-o-que-sao\/#primaryimage"},"thumbnailUrl":"https:\/\/i0.wp.com\/www.fazendaboqueiraorn.com.br\/wp-content\/uploads\/2021\/08\/fazendasolar.jpg?fit=800%2C529&ssl=1","datePublished":"2021-08-06T20:00:00+00:00","dateModified":"2021-08-13T14:53:07+00:00","description":"Fazendas solares s\u00e3o grandes \u00e1reas em um campo ou \u00e1rea rural com diversos pain\u00e9is fotovoltaicos instalados, com a fun\u00e7\u00e3o de gerar energia a ser distribu\u00edda para outros locais.","breadcrumb":{"@id":"https:\/\/www.fazendaboqueiraorn.com.br\/fazendas-solares-aprenda-o-que-sao\/#breadcrumb"},"inLanguage":"en-US","potentialAction":[{"@type":"ReadAction","target":["https:\/\/www.fazendaboqueiraorn.com.br\/fazendas-solares-aprenda-o-que-sao\/"]}]},{"@type":"ImageObject","inLanguage":"en-US","@id":"https:\/\/www.fazendaboqueiraorn.com.br\/fazendas-solares-aprenda-o-que-sao\/#primaryimage","url":"https:\/\/i0.wp.com\/www.fazendaboqueiraorn.com.br\/wp-content\/uploads\/2021\/08\/fazendasolar.jpg?fit=800%2C529&ssl=1","contentUrl":"https:\/\/i0.wp.com\/www.fazendaboqueiraorn.com.br\/wp-content\/uploads\/2021\/08\/fazendasolar.jpg?fit=800%2C529&ssl=1","width":800,"height":529},{"@type":"BreadcrumbList","@id":"https:\/\/www.fazendaboqueiraorn.com.br\/fazendas-solares-aprenda-o-que-sao\/#breadcrumb","itemListElement":[{"@type":"ListItem","position":1,"name":"Home","item":"https:\/\/www.fazendaboqueiraorn.com.br\/"},{"@type":"ListItem","position":2,"name":"Fazendas solares: aprenda o que s\u00e3o"}]},{"@type":"WebSite","@id":"https:\/\/www.fazendaboqueiraorn.com.br\/#website","url":"https:\/\/www.fazendaboqueiraorn.com.br\/","name":"Fazenda Boqueir\u00e3o","description":"","publisher":{"@id":"https:\/\/www.fazendaboqueiraorn.com.br\/#organization"},"potentialAction":[{"@type":"SearchAction","target":{"@type":"EntryPoint","urlTemplate":"https:\/\/www.fazendaboqueiraorn.com.br\/?s={search_term_string}"},"query-input":{"@type":"PropertyValueSpecification","valueRequired":true,"valueName":"search_term_string"}}],"inLanguage":"en-US"},{"@type":"Organization","@id":"https:\/\/www.fazendaboqueiraorn.com.br\/#organization","name":"Fazenda Boqueir\u00e3o","url":"https:\/\/www.fazendaboqueiraorn.com.br\/","logo":{"@type":"ImageObject","inLanguage":"en-US","@id":"https:\/\/www.fazendaboqueiraorn.com.br\/#\/schema\/logo\/image\/","url":"https:\/\/i0.wp.com\/www.fazendaboqueiraorn.com.br\/wp-content\/uploads\/2021\/08\/logo-fazenda-120x120-1.png?fit=120%2C120&ssl=1","contentUrl":"https:\/\/i0.wp.com\/www.fazendaboqueiraorn.com.br\/wp-content\/uploads\/2021\/08\/logo-fazenda-120x120-1.png?fit=120%2C120&ssl=1","width":120,"height":120,"caption":"Fazenda Boqueir\u00e3o"},"image":{"@id":"https:\/\/www.fazendaboqueiraorn.com.br\/#\/schema\/logo\/image\/"},"sameAs":["https:\/\/www.facebook.com\/fazboqueirao","https:\/\/x.com\/FazBoqueirao","http:\/\/instagram.com\/fazboqueirao\/","https:\/\/www.linkedin.com\/company\/fazboqueirao\/","https:\/\/www.youtube.com\/channel\/UCUA4_8v8HkmMeNUh8c6Ky1Q"]},{"@type":"Person","@id":"https:\/\/www.fazendaboqueiraorn.com.br\/#\/schema\/person\/70484dc96f76e66c6365a9f4a2ebfb02","name":"Fazenda Boqueir\u00e3o","image":{"@type":"ImageObject","inLanguage":"en-US","@id":"https:\/\/secure.gravatar.com\/avatar\/19f19467ae305ded5d913deae2fb6c6f29fe88a0a7f3a4dca5679407289a9efd?s=96&d=mm&r=g","url":"https:\/\/secure.gravatar.com\/avatar\/19f19467ae305ded5d913deae2fb6c6f29fe88a0a7f3a4dca5679407289a9efd?s=96&d=mm&r=g","contentUrl":"https:\/\/secure.gravatar.com\/avatar\/19f19467ae305ded5d913deae2fb6c6f29fe88a0a7f3a4dca5679407289a9efd?s=96&d=mm&r=g","caption":"Fazenda Boqueir\u00e3o"},"url":"https:\/\/www.fazendaboqueiraorn.com.br\/en\/author\/fazenda\/"}]}},"jetpack_publicize_connections":[],"uagb_featured_image_src":{"full":["https:\/\/i0.wp.com\/www.fazendaboqueiraorn.com.br\/wp-content\/uploads\/2021\/08\/fazendasolar.jpg?fit=800%2C529&ssl=1",800,529,false],"thumbnail":["https:\/\/i0.wp.com\/www.fazendaboqueiraorn.com.br\/wp-content\/uploads\/2021\/08\/fazendasolar.jpg?resize=150%2C150&ssl=1",150,150,true],"medium":["https:\/\/i0.wp.com\/www.fazendaboqueiraorn.com.br\/wp-content\/uploads\/2021\/08\/fazendasolar.jpg?fit=300%2C198&ssl=1",300,198,true],"medium_large":["https:\/\/i0.wp.com\/www.fazendaboqueiraorn.com.br\/wp-content\/uploads\/2021\/08\/fazendasolar.jpg?fit=768%2C508&ssl=1",768,508,true],"large":["https:\/\/i0.wp.com\/www.fazendaboqueiraorn.com.br\/wp-content\/uploads\/2021\/08\/fazendasolar.jpg?fit=800%2C529&ssl=1",800,529,true],"1536x1536":["https:\/\/i0.wp.com\/www.fazendaboqueiraorn.com.br\/wp-content\/uploads\/2021\/08\/fazendasolar.jpg?fit=800%2C529&ssl=1",800,529,true],"2048x2048":["https:\/\/i0.wp.com\/www.fazendaboqueiraorn.com.br\/wp-content\/uploads\/2021\/08\/fazendasolar.jpg?fit=800%2C529&ssl=1",800,529,true],"trp-custom-language-flag":["https:\/\/i0.wp.com\/www.fazendaboqueiraorn.com.br\/wp-content\/uploads\/2021\/08\/fazendasolar.jpg?fit=18%2C12&ssl=1",18,12,true],"ultp_layout_landscape_large":["https:\/\/i0.wp.com\/www.fazendaboqueiraorn.com.br\/wp-content\/uploads\/2021\/08\/fazendasolar.jpg?resize=800%2C529&ssl=1",800,529,true],"ultp_layout_landscape":["https:\/\/i0.wp.com\/www.fazendaboqueiraorn.com.br\/wp-content\/uploads\/2021\/08\/fazendasolar.jpg?resize=800%2C529&ssl=1",800,529,true],"ultp_layout_portrait":["https:\/\/i0.wp.com\/www.fazendaboqueiraorn.com.br\/wp-content\/uploads\/2021\/08\/fazendasolar.jpg?resize=600%2C529&ssl=1",600,529,true],"ultp_layout_square":["https:\/\/i0.wp.com\/www.fazendaboqueiraorn.com.br\/wp-content\/uploads\/2021\/08\/fazendasolar.jpg?resize=600%2C529&ssl=1",600,529,true],"woocommerce_thumbnail":["https:\/\/www.fazendaboqueiraorn.com.br\/wp-content\/uploads\/2021\/08\/fazendasolar-300x300.jpg",300,300,true],"woocommerce_single":["https:\/\/www.fazendaboqueiraorn.com.br\/wp-content\/uploads\/2021\/08\/fazendasolar.jpg",600,397,false],"woocommerce_gallery_thumbnail":["https:\/\/www.fazendaboqueiraorn.com.br\/wp-content\/uploads\/2021\/08\/fazendasolar-100x100.jpg",100,100,true],"web-stories-poster-portrait":["https:\/\/www.fazendaboqueiraorn.com.br\/wp-content\/uploads\/2021\/08\/fazendasolar.jpg",640,423,false],"web-stories-publisher-logo":["https:\/\/www.fazendaboqueiraorn.com.br\/wp-content\/uploads\/2021\/08\/fazendasolar.jpg",96,63,false],"web-stories-thumbnail":["https:\/\/www.fazendaboqueiraorn.com.br\/wp-content\/uploads\/2021\/08\/fazendasolar.jpg",150,99,false]},"uagb_author_info":{"display_name":"Fazenda Boqueir\u00e3o","author_link":"https:\/\/www.fazendaboqueiraorn.com.br\/en\/author\/fazenda\/"},"uagb_comment_info":0,"uagb_excerpt":"Fazendas solares s\u00e3o grandes \u00e1reas em um campo ou \u00e1rea rural com diversos pain\u00e9is fotovoltaicos instalados, com a fun\u00e7\u00e3o de gerar energia a ser distribu\u00edda para outros locais.","jetpack_featured_media_url":"https:\/\/i0.wp.com\/www.fazendaboqueiraorn.com.br\/wp-content\/uploads\/2021\/08\/fazendasolar.jpg?fit=800%2C529&ssl=1","jetpack_sharing_enabled":true,"jetpack_likes_enabled":true,"_links":{"self":[{"href":"https:\/\/www.fazendaboqueiraorn.com.br\/en\/wp-json\/wp\/v2\/posts\/160","targetHints":{"allow":["GET"]}}],"collection":[{"href":"https:\/\/www.fazendaboqueiraorn.com.br\/en\/wp-json\/wp\/v2\/posts"}],"about":[{"href":"https:\/\/www.fazendaboqueiraorn.com.br\/en\/wp-json\/wp\/v2\/types\/post"}],"author":[{"embeddable":true,"href":"https:\/\/www.fazendaboqueiraorn.com.br\/en\/wp-json\/wp\/v2\/users\/2"}],"replies":[{"embeddable":true,"href":"https:\/\/www.fazendaboqueiraorn.com.br\/en\/wp-json\/wp\/v2\/comments?post=160"}],"version-history":[{"count":17,"href":"https:\/\/www.fazendaboqueiraorn.com.br\/en\/wp-json\/wp\/v2\/posts\/160\/revisions"}],"predecessor-version":[{"id":181,"href":"https:\/\/www.fazendaboqueiraorn.com.br\/en\/wp-json\/wp\/v2\/posts\/160\/revisions\/181"}],"wp:featuredmedia":[{"embeddable":true,"href":"https:\/\/www.fazendaboqueiraorn.com.br\/en\/wp-json\/wp\/v2\/media\/179"}],"wp:attachment":[{"href":"https:\/\/www.fazendaboqueiraorn.com.br\/en\/wp-json\/wp\/v2\/media?parent=160"}],"wp:term":[{"taxonomy":"category","embeddable":true,"href":"https:\/\/www.fazendaboqueiraorn.com.br\/en\/wp-json\/wp\/v2\/categories?post=160"},{"taxonomy":"post_tag","embeddable":true,"href":"https:\/\/www.fazendaboqueiraorn.com.br\/en\/wp-json\/wp\/v2\/tags?post=160"}],"curies":[{"name":"wp","href":"https:\/\/api.w.org\/{rel}","templated":true}]}}